{"id":2043,"date":"2018-10-12T10:52:33","date_gmt":"2018-10-12T10:52:33","guid":{"rendered":"http:\/\/karitaszeger.hu\/web\/?p=2043"},"modified":"2021-08-09T09:14:28","modified_gmt":"2021-08-09T09:14:28","slug":"szentte-avatjak-oscar-romero-vertanu-erseket-a-nemzetkozi-karitasz-vedoszentjet","status":"publish","type":"post","link":"https:\/\/karitaszeger.hu\/web\/2018\/10\/12\/szentte-avatjak-oscar-romero-vertanu-erseket-a-nemzetkozi-karitasz-vedoszentjet\/","title":{"rendered":"Szentt\u00e9 avatj\u00e1k Oscar Romero v\u00e9rtan\u00fa \u00e9rseket, a Nemzetk\u00f6zi Karit\u00e1sz v\u00e9d\u0151szentj\u00e9t"},"content":{"rendered":"<p><div class=\"fusion-fullwidth fullwidth-box fusion-builder-row-1 fusion-flex-container nonhundred-percent-fullwidth non-hundred-percent-height-scrolling\" style=\"--awb-border-radius-top-left:0px;--awb-border-radius-top-right:0px;--awb-border-radius-bottom-right:0px;--awb-border-radius-bottom-left:0px;--awb-flex-wrap:wrap;\" ><div class=\"fusion-builder-row fusion-row fusion-flex-align-items-flex-start fusion-flex-content-wrap\" style=\"max-width:1216.8px;margin-left: calc(-4% \/ 2 );margin-right: calc(-4% \/ 2 );\"><div class=\"fusion-layout-column fusion_builder_column fusion-builder-column-0 fusion_builder_column_1_1 1_1 fusion-flex-column\" style=\"--awb-bg-size:cover;--awb-width-large:100%;--awb-margin-top-large:0px;--awb-spacing-right-large:1.92%;--awb-margin-bottom-large:0px;--awb-spacing-left-large:1.92%;--awb-width-medium:100%;--awb-spacing-right-medium:1.92%;--awb-spacing-left-medium:1.92%;--awb-width-small:100%;--awb-spacing-right-small:1.92%;--awb-spacing-left-small:1.92%;\"><div class=\"fusion-column-wrapper fusion-flex-justify-content-flex-start fusion-content-layout-column\"><div class=\"fusion-text fusion-text-1\"><h2><\/h2>\n<h2 style=\"text-align: center;\"><span style=\"color: #ff0000;\">Szentt\u00e9 avatj\u00e1k Oscar Romero v\u00e9rtan\u00fa \u00e9rseket, a Nemzetk\u00f6zi Karit\u00e1sz v\u00e9d\u0151szentj\u00e9t<\/span><\/h2>\n<h3><strong>Oscar Romero a szeg\u00e9nyek m\u00e1rt\u00edr p\u00fcsp\u00f6ke<\/strong><\/h3>\n<p><strong>2015. m\u00e1jus 16-\u00e1n v\u00e1lasztotta a Caritas Internationalis v\u00e9d\u0151szentj\u00e9nek a v\u00e9rtan\u00fa \u00e9rseket.Oscar Romero 1917. augusztus 15-\u00e9n sz\u00fcletett a k\u00f6z\u00e9p-amerikai Salvador egyik kis faluj\u00e1ban, Ciudad Barriosban, egy szeg\u00e9ny post\u00e1s csal\u00e1dj\u00e1ban. A nyolc gyermek k\u00f6z\u00fcl Oscar volt a m\u00e1sodik. Asztalos tanonck\u00e9nt kezdte, majd 13 \u00e9vesen, a helyi polg\u00e1rmester biztat\u00e1s\u00e1ra, jelentkezett a San Miguelben m\u0171k\u00f6d\u0151 kisszemin\u00e1riumba.m\u00e1jus 16-\u00e1n v\u00e1lasztotta a Caritas Internationalis v\u00e9d\u0151szentj\u00e9nek a v\u00e9rtan\u00fa \u00e9rseket.<\/strong><\/p>\n<p><strong>1937-ben m\u00e1r San Salvadorban, majd a r\u00f3mai Gregoriana Egyetemen folytatta teol\u00f3giai tanulm\u00e1nyait. R\u00f3m\u00e1ban szentelt\u00e9k papp\u00e1 1942. \u00e1prilis 4-\u00e9n. P\u00fcsp\u00f6ke k\u00e9r\u00e9s\u00e9re f\u00e9lbeszak\u00edtotta a doktor\u00e1tusra val\u00f3 felk\u00e9sz\u00fcl\u00e9s\u00e9t \u00e9s visszat\u00e9rt Salvadorba, ahol r\u00f6videsen p\u00fcsp\u00f6ki titk\u00e1r lett, mely tiszts\u00e9get 23 \u00e9ven \u00e1t t\u00f6lt\u00f6tte be. VI. P\u00e1l p\u00e1pa 1970-ben San Salvador seg\u00e9dp\u00fcsp\u00f6k\u00e9v\u00e9, 1974-ben megy\u00e9sp\u00fcsp\u00f6kk\u00e9 nevezte ki, v\u00e9g\u00fcl 1977-ben San Salvador \u00e9rseke lett.<\/strong><\/p>\n<p><strong>Az orsz\u00e1gban a f\u00f6ldter\u00fclet nagy r\u00e9sze n\u00e9h\u00e1ny f\u00f6ldbirtokos csal\u00e1d kez\u00e9n volt, m\u00edg a lakoss\u00e1g d\u00f6nt\u0151 r\u00e9sze nincstelen maradt. A t\u00e1rsadalmi igazs\u00e1gtalans\u00e1g miatt egyre n\u0151tt a l\u00e1zad\u00f3 csoportok sz\u00e1ma \u00e9s ereje, a gazdag oligarch\u00e1k pedig \u00e1llami terrorral reag\u00e1ltak minden l\u00e1zad\u00e1sra.<\/strong><\/p>\n<p><strong>Oscar Romero kezdetben t\u00e1vol tartotta mag\u00e1t e t\u00e1rsadalmi mozgalmakt\u00f3l. Miut\u00e1n azonban meg\u00f6lt\u00e9k Rutilio Grande jezsuita szerzetest, aki a szeg\u00e9nyek p\u00e1rtfog\u00f3jak\u00e9nt v\u00e9gzett szoci\u00e1lis munk\u00e1t a nyomorg\u00f3k k\u00f6z\u00f6tt, \u00e9s Romero \u00e9rsek j\u00f3bar\u00e1tja volt, az \u00e9rsek a szeg\u00e9nyek \u00e9s nincstelenek sz\u00f3sz\u00f3l\u00f3j\u00e1v\u00e1 v\u00e1lt. \u0150 mutatta be az orsz\u00e1gban az egyetlen szentmis\u00e9t bar\u00e1tja lelki \u00fcdv\u00e9\u00e9rt. Amikor 1977. m\u00e1jus 15-\u00e9n meg\u00f6lt\u00e9k Alfonso Navarro Oviedo aty\u00e1t is, Romero \u00e9rsek besz\u00e9d\u00e9ben ezt mondta: <em>\u201eMindannyiunknak k\u00e9szen kellene \u00e1llnunk arra, hogy meghaljunk a hit\u00fcnk\u00e9rt, m\u00e9g akkor is, ha az \u00dar nem adja meg ezt a kit\u00fcntet\u00e9st. Odaadni az \u00e9letet \u2013 ez nem csak azt jelenti, hogy meg\u00f6lnek; odaadni az \u00e9letet azt jelenti: teljes\u00edteni k\u00f6teless\u00e9g\u00fcnket, csendben, im\u00e1ds\u00e1gban, munk\u00e1nk becs\u00fcletes elv\u00e9gz\u00e9s\u00e9vel, a h\u00e9tk\u00f6znapi \u00e9let csendj\u00e9ben, l\u00e9p\u00e9sr\u0151l-l\u00e9p\u00e9sre odaadni az \u00e9letet.&#8221;<\/em><\/strong><\/p>\n<p><strong>Vas\u00e1rnapi szentmis\u00e9inek hom\u00edli\u00e1i, melyeket az egyh\u00e1zmegyei r\u00e1di\u00f3 k\u00f6zvet\u00edtett, az eg\u00e9sz orsz\u00e1got m\u00e9lyen meg\u00e9rintett\u00e9k \u00e9s alak\u00edtott\u00e1k. Ellenfelei jelent\u00e9st \u00edrtak r\u00f3la, \u00e9s v\u00e1dk\u00e9nt fogalmazt\u00e1k meg: \u201eRomero \u00e9rsek a n\u00e9pet v\u00e1lasztotta, \u00e9s a n\u00e9p Romer\u00f3t v\u00e1lasztotta&#8221;. B\u00e1r az \u00e9rsek folyamatosan sz\u00f3v\u00e1 tette a parasztokkal szembeni er\u0151szakos cselekedeteket, el\u00edt\u00e9lve a katonas\u00e1g \u00e9s a hal\u00e1lbrig\u00e1dok b\u0171ntetteit, tan\u00edt\u00e1s\u00e1nak l\u00e9nyege nem politikai, t\u00e1rsadalmi jelleg\u0171 volt, hanem az egyh\u00e1z \u00e9s a szeg\u00e9nyek szolg\u00e1lat\u00e1ban \u00e9l\u0151 p\u00fcsp\u00f6k tan\u00fas\u00e1gt\u00e9tele.<\/strong><\/p>\n<p><strong>\u00c9lete rendk\u00edv\u00fcl sebezhet\u0151v\u00e9 v\u00e1lt, miut\u00e1n 1979 m\u00e1jus\u00e1ban II. J\u00e1nos P\u00e1l p\u00e1p\u00e1nak h\u00e9t dosszi\u00e9t mutatott be, amelyek a gyilkoss\u00e1gokr\u00f3l, elt\u0171n\u00e9sekr\u0151l, az emberi jogok megs\u00e9rt\u00e9s\u00e9nek eseteir\u0151l sz\u00f3l\u00f3 jelent\u00e9seket \u00e9s dokumentumokat tartalmazt\u00e1k. 1980 febru\u00e1rj\u00e1ban levelet int\u00e9zett Carter amerikai eln\u00f6kh\u00f6z. K\u00e9rte, hogy az USA ne t\u00e1mogassa a salvadori hadsereget, mert az a kapott fegyvereket a n\u00e9p elnyom\u00e1s\u00e1ra haszn\u00e1lja. Ekkor eml\u00edtette el\u0151sz\u00f6r a nyilv\u00e1noss\u00e1g el\u0151tt, hogy hal\u00e1los fenyeget\u00e9sek \u00e9rt\u00e9k.<\/strong><\/p>\n<p><strong>Er\u0151szakos hal\u00e1la el\u0151tt egy nappal pr\u00e9dik\u00e1ci\u00f3j\u00e1ban a Nemzeti G\u00e1rda katon\u00e1ihoz int\u00e9zett felh\u00edv\u00e1st: \u201eTestv\u00e9rek, ti n\u00e9p\u00fcnkh\u00f6z tartoztok! Saj\u00e1t testv\u00e9reiteket \u00f6litek meg a f\u00f6ldm\u0171vesek k\u00f6z\u00f6tt! Egy ember parancsolhatja nektek, hogy \u00f6ljetek, de Isten t\u00f6rv\u00e9ny\u00e9nek kellene gy\u0151zni bennetek, mely azt parancsolja: \u201eNe \u00f6lj!&#8221; Egy katona sem k\u00f6teles olyan parancsnak engedelmeskedni, mely ellenkezik Isten t\u00f6rv\u00e9ny\u00e9vel! Erk\u00f6lcstelen t\u00f6rv\u00e9ny senkit sem k\u00f6telez.&#8221;<\/strong><\/p>\n<p><strong>M\u00e1snap, 1980. m\u00e1rcius 24-\u00e9n, mik\u00f6zben egy bar\u00e1tja elhunyt \u00e9desanyj\u00e1\u00e9rt mutatott be gy\u00e1szmis\u00e9t az Isteni Gondvisel\u00e9s N\u0151v\u00e9rei elfekv\u0151 k\u00f3rh\u00e1z\u00e1nak kis k\u00e1poln\u00e1j\u00e1ban, az olt\u00e1rn\u00e1l hal\u00e1los l\u00f6v\u00e9s \u00e9rte az \u00e9rseket. Oscar Romero szabadon \u00e1ldozta fel \u00e9let\u00e9t, ami igazi eucharisztikus v\u00e9rtan\u00fav\u00e1 tette \u2013 mondta r\u00f3la a vele h\u00e1rom \u00e9vig egy\u00fctt dolgoz\u00f3 Julian Filochowsky, kor\u00e1bban az Angol Katolikus Seg\u00e9lyszervezet feje.<\/strong><\/p>\n<p><strong>Az \u00e9rsek temet\u00e9si szertart\u00e1s\u00e1n, amelyen harminc p\u00fcsp\u00f6k, sok sz\u00e1z pap, szerzetes \u00e9s 60-80 ezer, t\u00f6bbnyire mez\u00edtl\u00e1bas salvadori szeg\u00e9ny ember volt jelen, a gy\u00e1szbesz\u00e9d alatt bomba robbant a katedr\u00e1lis el\u0151tti t\u00e9ren, majd a katon\u00e1k l\u00f6v\u00f6ld\u00f6zni kezdtek. Mintegy negyven ember lelte hal\u00e1l\u00e1t, \u00e9s sz\u00e1zn\u00e1l t\u00f6bb volt a sebes\u00fcltek sz\u00e1ma. Az \u00e9rsek hal\u00e1la \u00e9s a gy\u00e1szszertart\u00e1s alatt t\u00f6rt\u00e9nt katonai er\u0151szak \u00f3ri\u00e1si felh\u00e1borod\u00e1st keltett a n\u00e9p k\u00f6r\u00e9ben, ami egy 11 \u00e9vig tart\u00f3 polg\u00e1rh\u00e1bor\u00fat robbantott ki, \u00e9s amelynek sor\u00e1n 75 ezren haltak meg (k\u00f6zt\u00fck 70 ezer civil), tov\u00e1bbi 7 ezren \u201eelt\u0171ntek&#8221;, \u00e9s becsl\u00e9sek szerint egymilli\u00f3 salvadori keresett m\u00e1s orsz\u00e1gban mened\u00e9ket az er\u0151szak el\u0151l.<\/strong><\/p>\n<p><strong>R\u00f3m\u00e1ban 1994-ben kezd\u0151d\u00f6tt meg Oscar Romero boldogg\u00e1 avat\u00e1si elj\u00e1r\u00e1sa, mely egy id\u0151re megszakadt, de Ferenc p\u00e1pa 2015. febru\u00e1r 3-\u00e1n dekr\u00e9tumban nyilv\u00e1n\u00edtotta ki, hogy Romero \u00e9rseket a hite miatti gy\u0171l\u00f6letb\u0151l gyilkolt\u00e1k meg, \u00e9s hal\u00e1l\u00e1t v\u00e9rtan\u00fas\u00e1gnak min\u0151s\u00edtette.<\/strong><\/p>\n<p><strong>Boldogg\u00e1 avat\u00e1s\u00e1ra 2015. m\u00e1jus 23-\u00e1n San Salvadorban ker\u00fclt sor t\u00f6bb mint 250 000 ember jelenl\u00e9t\u00e9ben.<\/strong><\/p>\n<p><strong>Ferenc p\u00e1pa 2018. okt\u00f3ber 14-\u00e9n avatja a szentek sor\u00e1ba Boldog Oscar Romero San Salvador-i v\u00e9rtan\u00fa \u00e9rseket a Szent P\u00e9ter t\u00e9ren a fiataloknak szentelt p\u00fcsp\u00f6ki szin\u00f3dus idej\u00e9n.<\/strong><\/p>\n<p><img decoding=\"async\" class=\"aligncenter\" src=\"https:\/\/ichef.bbci.co.uk\/news\/1024\/media\/images\/81746000\/jpg\/_81746619_corbis_romero10000.jpg\" alt=\"K\u00c3\u00a9ptal\u00c3\u00a1lat a k\u00c3\u00b6vetkez\u00c5\u0091re: \u00e2\u0080\u009eoscar romero\u00e2\u0080\u009d\" \/><\/p>\n<p><strong>\u201e<em>Mik\u00f6zben vil\u00e1gos, hogy az Egyh\u00e1zat \u00fcld\u00f6ztet\u00e9s \u00e9rte az elm\u00falt h\u00e1rom \u00e9vben, m\u00e9g fontosabb, hogy tiszt\u00e1ban legy\u00fcnk annak ok\u00e1val [&#8230;] Az \u00fcld\u00f6ztet\u00e9sre az\u00e9rt ker\u00fclt sor, mert az Egyh\u00e1z v\u00e9delm\u00e9be vette a szeg\u00e9nyeket, k\u00f6z\u00f6ss\u00e9get v\u00e1llalt a szeg\u00e9nyek sors\u00e1val.<\/em>\u201d<\/strong><\/p>\n<p><strong>[&#8230;] \u201e<em>Amikor az Egyh\u00e1z hallja az elnyomottak ki\u00e1lt\u00e1s\u00e1t, nem tehet m\u00e1st, mint hogy megb\u00e9lyegzi azokat a t\u00e1rsadalmi strukt\u00far\u00e1kat, amelyek l\u00e9trehozz\u00e1k \u00e9s \u00e1lland\u00f3s\u00edtj\u00e1k a nyomor\u00fas\u00e1got, amelyb\u0151l e ki\u00e1lt\u00e1s fakad<\/em>.\u201d<\/strong><\/p>\n<p><strong>(Oscar Romero 1979)<\/strong><\/p>\n<h4><strong>Az \u00e9let\u00e9r\u0151l k\u00e9sz\u00fclt film az al\u00e1bbi linken tekinthet\u0151 meg:<\/strong><\/h4>\n<p><strong><span style=\"color: #0000ff;\"><a style=\"color: #0000ff;\" href=\"https:\/\/www.karizmatikus.hu\/noha\/a-mi-mozink-2\/video\/82-romero-1989.html\">https:\/\/www.karizmatikus.hu\/noha\/a-mi-mozink-2\/video\/82-romero-1989.html<\/a><\/span><\/strong><\/p>\n<\/div><\/div><\/div><\/div><\/div><div class=\"fusion-fullwidth fullwidth-box fusion-builder-row-2 fusion-flex-container fusion-parallax-none nonhundred-percent-fullwidth non-hundred-percent-height-scrolling\" style=\"--awb-border-sizes-top:0px;--awb-border-sizes-bottom:0px;--awb-border-sizes-left:0px;--awb-border-sizes-right:0px;--awb-border-radius-top-left:0px;--awb-border-radius-top-right:0px;--awb-border-radius-bottom-right:0px;--awb-border-radius-bottom-left:0px;--awb-padding-top:150px;--awb-padding-bottom:150px;--awb-background-image:url(&quot;https:\/\/karitaszeger.hu\/web\/wp-content\/uploads\/2021\/03\/segits-scaled.jpg&quot;);--awb-background-size:cover;--awb-flex-wrap:wrap;\" ><div class=\"fusion-builder-row fusion-row fusion-flex-align-items-flex-start fusion-flex-content-wrap\" style=\"max-width:calc( 1170px + 0px );margin-left: calc(-0px \/ 2 );margin-right: calc(-0px \/ 2 );\"><div class=\"fusion-layout-column fusion_builder_column fusion-builder-column-1 fusion_builder_column_1_1 1_1 fusion-flex-column\" style=\"--awb-padding-right:11%;--awb-padding-left:11%;--awb-bg-size:cover;--awb-width-large:100%;--awb-margin-top-large:0px;--awb-spacing-right-large:0px;--awb-margin-bottom-large:20px;--awb-spacing-left-large:0px;--awb-width-medium:100%;--awb-spacing-right-medium:0px;--awb-spacing-left-medium:0px;--awb-width-small:100%;--awb-spacing-right-small:0px;--awb-spacing-left-small:0px;\"><div class=\"fusion-column-wrapper fusion-flex-justify-content-flex-start fusion-content-layout-column\"><div class=\"fusion-title title fusion-title-1 fusion-sep-none fusion-title-center fusion-title-text fusion-title-size-two\" style=\"--awb-text-color:#ffffff;\"><h2 class=\"fusion-title-heading title-heading-center\" style=\"margin:0;line-height:1;\"><h2 class=\"piros kozepre\"><span style=\"color: #ffffff;\">AZ \u00d6N SEG\u00cdTS\u00c9G\u00c9RE\u00a0IS SZ\u00dcKS\u00c9G VAN!<\/span><\/h2>\n<div class=\"content\"><\/div><\/h2><\/div><div class=\"fusion-separator\" style=\"align-self: center;margin-left: auto;margin-right: auto;margin-top:0px;margin-bottom:40px;width:100%;max-width:200px;\"><div class=\"fusion-separator-border sep-single sep-solid\" style=\"--awb-height:20px;--awb-amount:20px;--awb-sep-color:#f44336;border-color:#f44336;border-top-width:3px;\"><\/div><\/div><div class=\"fusion-text fusion-text-2\"><h2 style=\"text-align: center;\"><span style=\"color: #ffffff;\"><strong>1356 \u2013 H\u00cdVJON, HOGY SEG\u00cdTHESS\u00dcNK!<\/strong><\/span><\/h2>\n<\/div><div class=\"fusion-builder-row fusion-builder-row-inner fusion-row fusion-flex-align-items-flex-start fusion-flex-content-wrap\" style=\"width:calc( 100% + 0px ) !important;max-width:calc( 100% + 0px ) !important;margin-left: calc(-0px \/ 2 );margin-right: calc(-0px \/ 2 );\"><div class=\"fusion-layout-column fusion_builder_column_inner fusion-builder-nested-column-0 fusion_builder_column_inner_1_3 1_3 fusion-flex-column\" style=\"--awb-bg-size:cover;--awb-width-large:33.333333333333%;--awb-margin-top-large:0px;--awb-spacing-right-large:0px;--awb-margin-bottom-large:20px;--awb-spacing-left-large:0px;--awb-width-medium:100%;--awb-order-medium:0;--awb-spacing-right-medium:0px;--awb-spacing-left-medium:0px;--awb-width-small:100%;--awb-order-small:0;--awb-spacing-right-small:0px;--awb-spacing-left-small:0px;\"><div class=\"fusion-column-wrapper fusion-column-has-shadow fusion-flex-justify-content-flex-start fusion-content-layout-column\"><\/div><\/div><div class=\"fusion-layout-column fusion_builder_column_inner fusion-builder-nested-column-1 fusion_builder_column_inner_1_3 1_3 fusion-flex-column fusion-animated\" style=\"--awb-bg-color:#f44336;--awb-bg-color-hover:#f44336;--awb-bg-size:cover;--awb-width-large:33.333333333333%;--awb-margin-top-large:0px;--awb-spacing-right-large:0px;--awb-margin-bottom-large:20px;--awb-spacing-left-large:0px;--awb-width-medium:100%;--awb-order-medium:0;--awb-spacing-right-medium:0px;--awb-spacing-left-medium:0px;--awb-width-small:100%;--awb-order-small:0;--awb-spacing-right-small:0px;--awb-spacing-left-small:0px;\" data-animationType=\"bounceInDown\" data-animationDuration=\"1.3\" data-animationOffset=\"top-into-view\"><div class=\"fusion-column-wrapper fusion-column-has-shadow fusion-flex-justify-content-flex-start fusion-content-layout-column\"><div style=\"text-align:center;\"><a class=\"fusion-button button-flat fusion-button-default-size button-custom fusion-button-default button-1 fusion-button-default-span fusion-button-default-type fusion-has-button-gradient\" style=\"--button_accent_color:#ffffff;--button_accent_hover_color:#f44336;--button_border_hover_color:#f44336;--button_border_width-top:0;--button_border_width-right:0;--button_border_width-bottom:0;--button_border_width-left:0;--button_gradient_top_color:rgba(254,201,107,0);--button_gradient_bottom_color:rgba(254,201,107,0);--button_gradient_top_color_hover:#ffffff;--button_gradient_bottom_color_hover:rgba(0,0,0,0);\" target=\"_self\" href=\"#\"><i class=\"fa-credit-card fas awb-button__icon awb-button__icon--default button-icon-left\" aria-hidden=\"true\"><\/i><span class=\"fusion-button-text awb-button__text awb-button__text--default\">ONLINE ADOM\u00c1NYOZ\u00c1S<\/span><\/a><\/div><\/div><\/div><div class=\"fusion-layout-column fusion_builder_column_inner fusion-builder-nested-column-2 fusion_builder_column_inner_1_3 1_3 fusion-flex-column\" style=\"--awb-bg-size:cover;--awb-width-large:33.333333333333%;--awb-margin-top-large:0px;--awb-spacing-right-large:0px;--awb-margin-bottom-large:20px;--awb-spacing-left-large:0px;--awb-width-medium:100%;--awb-order-medium:0;--awb-spacing-right-medium:0px;--awb-spacing-left-medium:0px;--awb-width-small:100%;--awb-order-small:0;--awb-spacing-right-small:0px;--awb-spacing-left-small:0px;\"><div class=\"fusion-column-wrapper fusion-column-has-shadow fusion-flex-justify-content-flex-start fusion-content-layout-column\"><\/div><\/div><\/div><\/div><\/div><\/div><\/div><\/p>\n","protected":false},"excerpt":{"rendered":"","protected":false},"author":1,"featured_media":2044,"comment_status":"open","ping_status":"open","sticky":false,"template":"","format":"standard","meta":{"footnotes":""},"categories":[107],"tags":[],"class_list":["post-2043","post","type-post","status-publish","format-standard","has-post-thumbnail","hentry","category-hirek"],"_links":{"self":[{"href":"https:\/\/karitaszeger.hu\/web\/wp-json\/wp\/v2\/posts\/2043","targetHints":{"allow":["GET"]}}],"collection":[{"href":"https:\/\/karitaszeger.hu\/web\/wp-json\/wp\/v2\/posts"}],"about":[{"href":"https:\/\/karitaszeger.hu\/web\/wp-json\/wp\/v2\/types\/post"}],"author":[{"embeddable":true,"href":"https:\/\/karitaszeger.hu\/web\/wp-json\/wp\/v2\/users\/1"}],"replies":[{"embeddable":true,"href":"https:\/\/karitaszeger.hu\/web\/wp-json\/wp\/v2\/comments?post=2043"}],"version-history":[{"count":10,"href":"https:\/\/karitaszeger.hu\/web\/wp-json\/wp\/v2\/posts\/2043\/revisions"}],"predecessor-version":[{"id":2857,"href":"https:\/\/karitaszeger.hu\/web\/wp-json\/wp\/v2\/posts\/2043\/revisions\/2857"}],"wp:featuredmedia":[{"embeddable":true,"href":"https:\/\/karitaszeger.hu\/web\/wp-json\/wp\/v2\/media\/2044"}],"wp:attachment":[{"href":"https:\/\/karitaszeger.hu\/web\/wp-json\/wp\/v2\/media?parent=2043"}],"wp:term":[{"taxonomy":"category","embeddable":true,"href":"https:\/\/karitaszeger.hu\/web\/wp-json\/wp\/v2\/categories?post=2043"},{"taxonomy":"post_tag","embeddable":true,"href":"https:\/\/karitaszeger.hu\/web\/wp-json\/wp\/v2\/tags?post=2043"}],"curies":[{"name":"wp","href":"https:\/\/api.w.org\/{rel}","templated":true}]}}