{"id":2178,"date":"2020-12-01T20:30:21","date_gmt":"2020-12-01T20:30:21","guid":{"rendered":"http:\/\/karitaszeger.hu\/web\/?p=2178"},"modified":"2021-08-09T06:53:02","modified_gmt":"2021-08-09T06:53:02","slug":"dr-papp-miklos-moralteologus-eloadasa-a-2018-szeptembereben-egerben-rendezett-karitasz-onkentesek-egyhazmegyei-talalkozojan","status":"publish","type":"post","link":"https:\/\/karitaszeger.hu\/web\/2020\/12\/01\/dr-papp-miklos-moralteologus-eloadasa-a-2018-szeptembereben-egerben-rendezett-karitasz-onkentesek-egyhazmegyei-talalkozojan\/","title":{"rendered":"Dr. Papp Mikl\u00f3s mor\u00e1lteol\u00f3gus el\u0151ad\u00e1sa, a 2018 szeptember\u00e9ben, Egerben rendezett Karit\u00e1sz \u00d6nk\u00e9ntesek Egyh\u00e1zmegyei Tal\u00e1lkoz\u00f3j\u00e1n."},"content":{"rendered":"<div class=\"video-shortcode\"><iframe title=\"A seg\u00edt\u0151 sebei \u00e9s a gy\u00f3gyul\u00e1s\" width=\"1170\" height=\"658\" src=\"https:\/\/www.youtube.com\/embed\/mO-HqNGoLcE?feature=oembed\" frameborder=\"0\" allow=\"accelerometer; autoplay; clipboard-write; encrypted-media; gyroscope; picture-in-picture\" allowfullscreen><\/iframe><\/div>\n<p>&nbsp;<\/p>\n","protected":false},"excerpt":{"rendered":"<p>&nbsp;<\/p>\n","protected":false},"author":1,"featured_media":2297,"comment_status":"open","ping_status":"open","sticky":false,"template":"","format":"standard","meta":{"footnotes":""},"categories":[107],"tags":[],"class_list":["post-2178","post","type-post","status-publish","format-standard","has-post-thumbnail","hentry","category-hirek"],"_links":{"self":[{"href":"https:\/\/karitaszeger.hu\/web\/wp-json\/wp\/v2\/posts\/2178","targetHints":{"allow":["GET"]}}],"collection":[{"href":"https:\/\/karitaszeger.hu\/web\/wp-json\/wp\/v2\/posts"}],"about":[{"href":"https:\/\/karitaszeger.hu\/web\/wp-json\/wp\/v2\/types\/post"}],"author":[{"embeddable":true,"href":"https:\/\/karitaszeger.hu\/web\/wp-json\/wp\/v2\/users\/1"}],"replies":[{"embeddable":true,"href":"https:\/\/karitaszeger.hu\/web\/wp-json\/wp\/v2\/comments?post=2178"}],"version-history":[{"count":1,"href":"https:\/\/karitaszeger.hu\/web\/wp-json\/wp\/v2\/posts\/2178\/revisions"}],"predecessor-version":[{"id":2298,"href":"https:\/\/karitaszeger.hu\/web\/wp-json\/wp\/v2\/posts\/2178\/revisions\/2298"}],"wp:featuredmedia":[{"embeddable":true,"href":"https:\/\/karitaszeger.hu\/web\/wp-json\/wp\/v2\/media\/2297"}],"wp:attachment":[{"href":"https:\/\/karitaszeger.hu\/web\/wp-json\/wp\/v2\/media?parent=2178"}],"wp:term":[{"taxonomy":"category","embeddable":true,"href":"https:\/\/karitaszeger.hu\/web\/wp-json\/wp\/v2\/categories?post=2178"},{"taxonomy":"post_tag","embeddable":true,"href":"https:\/\/karitaszeger.hu\/web\/wp-json\/wp\/v2\/tags?post=2178"}],"curies":[{"name":"wp","href":"https:\/\/api.w.org\/{rel}","templated":true}]}}