{"id":2893,"date":"2020-10-29T19:26:15","date_gmt":"2020-10-29T19:26:15","guid":{"rendered":"https:\/\/karitaszeger.hu\/web\/?p=2893"},"modified":"2021-08-09T09:07:29","modified_gmt":"2021-08-09T09:07:29","slug":"magyarok-kenyere-adomanyozoi-napot-tartottak-egerben","status":"publish","type":"post","link":"https:\/\/karitaszeger.hu\/web\/2020\/10\/29\/magyarok-kenyere-adomanyozoi-napot-tartottak-egerben\/","title":{"rendered":"Magyarok Kenyere: adom\u00e1nyoz\u00f3i napot tartottak Egerben"},"content":{"rendered":"<p><div class=\"fusion-fullwidth fullwidth-box fusion-builder-row-1 fusion-flex-container nonhundred-percent-fullwidth non-hundred-percent-height-scrolling\" style=\"--awb-border-radius-top-left:0px;--awb-border-radius-top-right:0px;--awb-border-radius-bottom-right:0px;--awb-border-radius-bottom-left:0px;--awb-padding-bottom:30px;--awb-flex-wrap:wrap;\" ><div class=\"fusion-builder-row fusion-row fusion-flex-align-items-flex-start fusion-flex-content-wrap\" style=\"max-width:1216.8px;margin-left: calc(-4% \/ 2 );margin-right: calc(-4% \/ 2 );\"><div class=\"fusion-layout-column fusion_builder_column fusion-builder-column-0 fusion_builder_column_1_1 1_1 fusion-flex-column\" style=\"--awb-bg-size:cover;--awb-width-large:100%;--awb-margin-top-large:0px;--awb-spacing-right-large:1.92%;--awb-margin-bottom-large:0px;--awb-spacing-left-large:1.92%;--awb-width-medium:100%;--awb-spacing-right-medium:1.92%;--awb-spacing-left-medium:1.92%;--awb-width-small:100%;--awb-spacing-right-small:1.92%;--awb-spacing-left-small:1.92%;\"><div class=\"fusion-column-wrapper fusion-flex-justify-content-flex-start fusion-content-layout-column\"><div class=\"fusion-separator fusion-full-width-sep\" style=\"align-self: center;margin-left: auto;margin-right: auto;margin-bottom:10px;width:100%;\"><div class=\"fusion-separator-border sep-single\" style=\"--awb-height:20px;--awb-amount:20px;border-color:#e00000;border-top-width:1px;\"><\/div><\/div><div class=\"fusion-text fusion-text-1\"><h3 dir=\"auto\">Heves megy\u00e9ben sz\u00e1z\u00f6tven adom\u00e1nyoz\u00f3 fogott \u00f6ssze a Magyarok Kenyer\u00e9\u00e9rt.<\/h3>\n<div dir=\"auto\">Magyarok Kenyere adom\u00e1nyoz\u00f3i napot tartottak szerd\u00e1n d\u00e9lut\u00e1n a Megyeh\u00e1za Bark\u00f3czy term\u00e9ben. Az \u00fcnneps\u00e9gen jelen voltak az adom\u00e1nyoz\u00f3k, a programban k\u00f6zrem\u0171k\u00f6d\u0151k, a Nemzeti Agr\u00e1rgazdas\u00e1gi Kamara (NAK), a MAGOSZ megyei vezet\u0151i, illetve politikai szerepl\u0151k.<\/div>\n<div dir=\"auto\">\n<p>Szendrei L\u00e1szl\u00f3, a NAK megyei eln\u00f6ke kifejtette, kitettek maguk\u00e9rt a Heves megyei gazd\u00e1lkod\u00f3k, hiszen az id\u0151j\u00e1r\u00e1si k\u00f6r\u00fclm\u00e9nyek az asz\u00e1ly, majd a med\u00e1rdi es\u0151z\u00e9s, valamint a\u00a0<a href=\"https:\/\/www.heol.hu\/kozelet\/helyi-kozelet\/1561-re-nott-a-koronavirus-fertozottek-szama-heves-megyeben-3133999\/\" target=\"_blank\" rel=\"noopener noreferrer\">j\u00e1rv\u00e1nyhelyzet<\/a>\u00a0ellen\u00e9re id\u00e9n is t\u00f6bb adom\u00e1ny \u00e9rkezett, mint az el\u0151z\u0151 \u00e9vben. A kevesebb\u0151l t\u00f6bbet adtak a gazd\u00e1lkod\u00f3k. A 150 megyei gazda \u00e9s adom\u00e1nyoz\u00f3 26 tonna b\u00faz\u00e1t \u00e9s egymilli\u00f3 forintot adott \u00f6ssze, ebb\u0151l 17 tonna b\u00faz\u00e1t \u0151r\u00f6lt az Egri Malom, s 240 kenyeret s\u00fct\u00f6tt augusztus 20-\u00e1ra, a t\u00f6rt\u00e9nelmi egyh\u00e1zak \u00fcnnepi alkalmaira a HESI Kft., a kisz\u00e1ll\u00edt\u00e1sban pedig az Egererd\u0151 Zrt. seg\u00edtett Az adom\u00e1nyb\u00f3l 11 tonna b\u00faz\u00e1t kapott meg az Egri F\u0151egyh\u00e1zmegye Karit\u00e1sz K\u00f6zpontja, amelyet sz\u00e9tosztanak a megye r\u00e1szorul\u00f3i k\u00f6z\u00f6tt. A t\u00f6bbi hat\u00e1ron t\u00fali szeg\u00e9nynek jav\u00e1ra megy. Megk\u00f6sz\u00f6nte mindenki munk\u00e1j\u00e1t, aki k\u00f6zrem\u0171k\u00f6d\u00f6tt a szervez\u00e9sben, gy\u0171jt\u00e9sben, adom\u00e1nyoz\u00e1sban. K\u00fcl\u00f6n k\u00f6sz\u00f6nte Isten \u00e1ld\u00e1s\u00e1t, \u00e1ld\u00e1s\u00e1t k\u00e9rte a gazd\u00e1kra \u00e9s a j\u00f6v\u0151 \u00e9vi term\u00e9sre.<\/p>\n<p>\u00c1rvai Ferenc, az Egri F\u0151egyh\u00e1zmegye Karit\u00e1sz K\u00f6zpontj\u00e1nak igazgat\u00f3ja ezut\u00e1n \u00e1ld\u00e1st k\u00e9rt a gazd\u00e1kra \u00e9s csal\u00e1djaikra.<\/p>\n<p><img decoding=\"async\" class=\"alignnone wp-image-2894\" src=\"https:\/\/karitaszeger.hu\/web\/wp-content\/uploads\/2021\/03\/MagyarokkenyereHM2020102824-3907324.jpg\" alt=\"\" width=\"554\" height=\"370\" srcset=\"https:\/\/karitaszeger.hu\/web\/wp-content\/uploads\/2021\/03\/MagyarokkenyereHM2020102824-3907324-120x80.jpg 120w, https:\/\/karitaszeger.hu\/web\/wp-content\/uploads\/2021\/03\/MagyarokkenyereHM2020102824-3907324-200x133.jpg 200w, https:\/\/karitaszeger.hu\/web\/wp-content\/uploads\/2021\/03\/MagyarokkenyereHM2020102824-3907324-300x200.jpg 300w, https:\/\/karitaszeger.hu\/web\/wp-content\/uploads\/2021\/03\/MagyarokkenyereHM2020102824-3907324-400x267.jpg 400w, https:\/\/karitaszeger.hu\/web\/wp-content\/uploads\/2021\/03\/MagyarokkenyereHM2020102824-3907324-500x334.jpg 500w, https:\/\/karitaszeger.hu\/web\/wp-content\/uploads\/2021\/03\/MagyarokkenyereHM2020102824-3907324-600x400.jpg 600w, https:\/\/karitaszeger.hu\/web\/wp-content\/uploads\/2021\/03\/MagyarokkenyereHM2020102824-3907324-700x467.jpg 700w, https:\/\/karitaszeger.hu\/web\/wp-content\/uploads\/2021\/03\/MagyarokkenyereHM2020102824-3907324-768x512.jpg 768w, https:\/\/karitaszeger.hu\/web\/wp-content\/uploads\/2021\/03\/MagyarokkenyereHM2020102824-3907324-800x534.jpg 800w, https:\/\/karitaszeger.hu\/web\/wp-content\/uploads\/2021\/03\/MagyarokkenyereHM2020102824-3907324.jpg 922w\" sizes=\"(max-width: 554px) 100vw, 554px\" \/><\/p>\n<p>Nyitrai Zsolt, a Heves megyei 1. v\u00e1laszt\u00f3k\u00f6rzet Fideszes orsz\u00e1ggy\u0171l\u00e9si k\u00e9pvisel\u0151je szint\u00e9n megk\u00f6sz\u00f6nte az adom\u00e1nyoz\u00f3k nagylelk\u0171s\u00e9g\u00e9t. Mint mondta, m\u00e1r kilenc \u00e9ve megmutatj\u00e1k a vil\u00e1gnak, mi a nemzeti \u00f6sszefog\u00e1s. Fontos egym\u00e1s, illetve a r\u00e1szorul\u00f3k seg\u00edt\u00e9se. Felh\u00edvta a figyelmet a hazai \u00e1ruk, term\u00e9kek v\u00e1s\u00e1rl\u00e1s\u00e1nak fontoss\u00e1g\u00e1ra, a magyar agr\u00e1rium szerinte bebizony\u00edtotta a\u00a0<a href=\"https:\/\/www.heol.hu\/gazdasag\/visszaesest-hoz-a-koronavirus-jarvany-a-vilagkereskedelemben-2951668\/\" target=\"_blank\" rel=\"noopener noreferrer\">j\u00e1rv\u00e1ny<\/a>\u00a0id\u0151szak\u00e1ban, hogy k\u00e9pes \u00f6nell\u00e1t\u00e1sra. Mint mondta, aki hazai term\u00e9ket vesz, magyar csal\u00e1dokat t\u00e1mogat, munkahelyeket \u0151riz meg, er\u0151s\u00edti a vid\u00e9ket, \u00f3vja a k\u00f6rnyezetet. Kit\u00e9rt arra, hogy siker\u00fclt eredm\u00e9nyt el\u00e9rni a K\u00f6z\u00f6s Agr\u00e1rpolitika 2023-2027 k\u00f6z\u00f6tti meghat\u00e1roz\u00e1s\u00e1ban, nem kell irre\u00e1lis kl\u00edmav\u00e9delmi c\u00e9lokat el\u00e9rni, s megmaradnak az \u00e1tmeneti \u00e1llattart\u00e1si t\u00e1mogat\u00e1sok. A parlament el\u0151tt van a csal\u00e1di gazd\u00e1lkod\u00f3k \u00e9let\u00e9t seg\u00edt\u0151 t\u00f6rv\u00e9ny, ami egyszer\u0171s\u00edti az ad\u00f3z\u00e1st, adminisztr\u00e1ci\u00f3t.<\/p>\n<p>Nagy Istv\u00e1n agr\u00e1rminiszter vide\u00f3\u00fczenetben k\u00f6sz\u00f6nte meg a Heves megyei f\u00f6ldm\u0171vesek nagylelk\u0171s\u00e9g\u00e9t. Szerinte a Magyarok Kenyere Program azt \u00fczeni, hogy egy\u00fctt vagyunk \u00e9s ez mindig \u00edgy marad, j\u00f6jj\u00f6n b\u00e1rmilyen veszedelem.<\/p>\n<p>Dr. Juh\u00e1sz Attila Simon, a Heves Megyei K\u00f6zgy\u0171l\u00e9s eln\u00f6ke szerint megtiszteltet\u00e9s, hogy az adakoz\u00f3 gazd\u00e1kat a megyeh\u00e1z\u00e1n k\u00f6sz\u00f6nt\u00f6tt\u00e9k, s itt zajlott az adom\u00e1ny \u00e1tad\u00e1sa. \u0150k v\u00e9gzik a legszebb, leg\u0151szint\u00e9bb munk\u00e1t a f\u00f6lddel, a term\u00e9nyekkel, a j\u00f3sz\u00e1ggal, \u00e9lelmet adnak mindenkinek, politik\u00e1t\u00f3l f\u00fcggetlen\u00fcl. K\u00edv\u00e1nta, folytat\u00f3djon a program ugyanezzel a lend\u00fclettel. Mint mondta, a korm\u00e1ny \u00e9s a gazd\u00e1k is p\u00e9ld\u00e1t mutattak a neh\u00e9z id\u0151szakban.<\/p>\n<p><iframe style=\"border: none; overflow: hidden;\" src=\"https:\/\/www.facebook.com\/plugins\/video.php?href=https%3A%2F%2Fwww.facebook.com%2FNyitraiZsolt%2Fvideos%2F398719491287903%2F&amp;show_text=0&amp;width=560\" width=\"560\" height=\"315\" frameborder=\"0\" scrolling=\"no\" allowfullscreen=\"allowfullscreen\"><\/iframe><\/p>\n<\/div>\n<div dir=\"auto\">\n<p>Jakab Tam\u00e1s, a NAK Heves megyei igazgat\u00f3ja, a MAGOSZ f\u0151titk\u00e1ra is kit\u00e9rt arra, mindenb\u0151l kevesebb termett, de a gazd\u00e1k a kevesebb\u0151l t\u00f6bbet adtak. A gazd\u00e1k hisznek a nemzetben \u00e9s abban, hogy t\u00e1mogatni kell a r\u00e1szorul\u00f3kat. Mint mondta, a k\u00f6vetkez\u0151 \u00e9vet m\u00e9g nincs biztons\u00e1gban, hiszen az okt\u00f3ber eleji 80-100 millim\u00e9ter csapad\u00e9k nehez\u00edti a vet\u00e9st \u00e9s a napraforg\u00f3 arat\u00e1s\u00e1t is. B\u00edzik abban, hogy megfelel\u0151en teljes\u00edtik az \u00e9vet. A Magyarok Kenyere Programr\u00f3l elmondta, rem\u00e9li, hogy a k\u00f6vetkez\u0151 gener\u00e1ci\u00f3k folytatni fogj\u00e1k a kezdem\u00e9nyez\u00e9st, hiszen akik nem v\u00e9dik hagyom\u00e1nyaikat, nem tudj\u00e1k megv\u00e9deni n\u00e9p\u00fcket, hat\u00e1raikat sem.<\/p>\n<p>Jakab Istv\u00e1n, a MAGOSZ eln\u00f6ke, a parlament aleln\u00f6ke az idei jubileumokr\u00f3l besz\u00e9lt. Kit\u00e9rt a sz\u00e1z \u00e9ves sz\u00e9tszak\u00edtotts\u00e1gra, amelyb\u0151l talpra \u00e1llt a magyars\u00e1g, hitet, er\u0151t adott a nemzet, sok szenved\u00e9s \u00e9s munka \u00e1r\u00e1n. Sok gy\u00e1sz \u00e9s sok \u00f6r\u00f6m is van a sz\u00edvekben. A Magyarok Kenyere pedig t\u00edz \u00e9ves, el\u0151sz\u00f6r t\u00edz tonna b\u00faza gy\u0171lt \u00f6ssze n\u00e9h\u00e1ny sz\u00e1z gazd\u00e1t\u00f3l. K\u00e9s\u0151bb lend\u00fcletet kapott a kezdem\u00e9nyez\u00e9s, bekapcsol\u00f3dott az Agr\u00e1rkamara \u00e9s a MAGOSZ, id\u00e9n 800 adakoz\u00f3 gazda 1100 tonna gabon\u00e1t (az el\u0151z\u0151 \u00e9vben 781 tonn\u00e1t) adott \u00f6ssze a K\u00e1rp\u00e1t-medenc\u00e9ben. A neh\u00e9z \u00e9v ellen\u00e9re a legt\u00f6bb b\u00faz\u00e1t aj\u00e1nlott\u00e1k f\u00f6l, a gazdat\u00e1rsadalom egys\u00e9gbe forrt, k\u00f6z\u00f6sen \u00e9l, k\u00fczd, osztja meg tapasztalatait, dolgozik az er\u0151s nemzet\u00e9rt.<\/p>\n<p>Sokan kellettek a j\u00f3t\u00e9konys\u00e1ghoz, nem csak gazd\u00e1k, de sz\u00e1ll\u00edtm\u00e1nyoz\u00f3k, malmok is, akik szint\u00e9n ingyen dolgoztak. Megk\u00f6sz\u00f6nte a felaj\u00e1nl\u00e1st az Egri Malomnak. Eml\u00e9keztetett arra, hogy november 13-\u00e1n lesz az orsz\u00e1gos adom\u00e1nyoz\u00f3i nap, s id\u00e9n a diaszp\u00f3r\u00e1nak is juttatnak magyar lisztet.<\/p>\n<p>Mint mondta, a korm\u00e1nyzat is egy\u00fcttm\u0171k\u00f6dik a gazd\u00e1kkal, k\u00e9pviseli \u00e9rdekeiket, \u00edgy k\u00fczd az ellen, hogy a kiirtott es\u0151erd\u0151k hely\u00e9n termesztett g\u00e9nm\u00f3dos\u00edtott sz\u00f3ja ne j\u00f6hessen olcs\u00f3n az Eur\u00f3pai Uni\u00f3ba, s ne t\u00e1masszanak nagyobb k\u00f6vetelm\u00e9nyeiket az itteni gazd\u00e1kkal szemben, mint egy harmadik orsz\u00e1gbelivel.<\/p>\n<p>A besz\u00e9dek v\u00e9gezt\u00e9vel Cs\u00e9zy \u00e9nekelt, majd El\u0151h\u00e1zi Ir\u00e9n, az Egri Malom \u00fcgyvezet\u0151 igazgat\u00f3ja adta \u00e1t jelk\u00e9pesen a lisztadom\u00e1nyt \u00c1rvai Ferencnek. Megk\u00f6sz\u00f6nte, hogy id\u00e9n is \u0151ket k\u00e9rt\u00e9k f\u00f6l a b\u00faza meg\u0151rl\u00e9s\u00e9re, eml\u00e9keztetett arra is, hogy nemr\u00e9g volt a keny\u00e9r vil\u00e1gnapja. \u00c1rvai Ferenc k\u00f6sz\u00f6nettel vette \u00e1t az adom\u00e1nyt, s elmondta, a t\u00e1mogatott csal\u00e1dok mindig h\u00e1l\u00e1s szavakkal, k\u00f6nnyekkel k\u00f6sz\u00f6nik meg azt. K\u00f6sz\u00f6nte, hogy id\u00e9n a Karit\u00e1szt v\u00e1lasztott\u00e1k az adom\u00e1nyok c\u00e9lba juttat\u00e1s\u00e1hoz.<\/p>\n<p>Ezt k\u00f6vet\u0151en Szendrei L\u00e1szl\u00f3 adta \u00e1t az adom\u00e1nyoz\u00f3i lapokat a programban k\u00f6zrem\u0171k\u00f6d\u0151knek, valamint a jelen l\u00e9v\u0151 adom\u00e1nyoz\u00f3 gazd\u00e1knak.<\/p>\n<p>Kov\u00e1cs K\u00e1lm\u00e1n, a Boldogi Gazdak\u00f6r eln\u00f6ke lapunknak elmondta, az elm\u00falt t\u00edz \u00e9vben egyre t\u00f6bben ismert\u00e9k meg a karitat\u00edv tev\u00e9kenys\u00e9get, s csatlakoztak a kezdem\u00e9nyez\u00e9shez. Sz\u00e9les, \u00f6sszefog\u00e1s jelleg\u0171, nagyszer\u0171 adom\u00e1nyoz\u00f3 program lett bel\u0151le, \u00e9vr\u0151l \u00e9vre n\u0151 az adom\u00e1ny mennyis\u00e9ge. A h\u00edrek szerint a Boldog t\u00e9rs\u00e9giek voltak a legg\u00e1l\u00e1nsabbak, b\u00edzik abban, \u00edgy folytatj\u00e1k j\u00f6v\u0151re, vele egy\u00fctt.<\/p>\n<\/div>\n<div class=\"o9v6fnle cxmmr5t8 oygrvhab hcukyx3x c1et5uql ii04i59q\">\n<div dir=\"auto\"><strong>Forr\u00e1s: <a href=\"https:\/\/www.heol.hu\/kozelet\/helyi-kozelet\/magyarok-kenyere-adomanyozoi-napot-tartottak-egerben-2-3136288\/?fbclid=IwAR3FxhRl39AWnQHRqCq99tTABjYXIputjTPZtBvskGvVeXOe2WjE30Ki1Jo\" target=\"_blank\" rel=\"noopener\">www.heol.hu<\/a><\/strong><\/div>\n<\/div>\n<\/div><\/div><\/div><\/div><\/div><div class=\"fusion-fullwidth fullwidth-box fusion-builder-row-2 fusion-flex-container fusion-parallax-none nonhundred-percent-fullwidth non-hundred-percent-height-scrolling\" style=\"--awb-border-sizes-top:0px;--awb-border-sizes-bottom:0px;--awb-border-sizes-left:0px;--awb-border-sizes-right:0px;--awb-border-radius-top-left:0px;--awb-border-radius-top-right:0px;--awb-border-radius-bottom-right:0px;--awb-border-radius-bottom-left:0px;--awb-padding-top:150px;--awb-padding-bottom:150px;--awb-background-image:url(&quot;https:\/\/karitaszeger.hu\/web\/wp-content\/uploads\/2021\/03\/segits-scaled.jpg&quot;);--awb-background-size:cover;--awb-flex-wrap:wrap;\" ><div class=\"fusion-builder-row fusion-row fusion-flex-align-items-flex-start fusion-flex-content-wrap\" style=\"max-width:calc( 1170px + 0px );margin-left: calc(-0px \/ 2 );margin-right: calc(-0px \/ 2 );\"><div class=\"fusion-layout-column fusion_builder_column fusion-builder-column-1 fusion_builder_column_1_1 1_1 fusion-flex-column\" style=\"--awb-padding-right:11%;--awb-padding-left:11%;--awb-bg-size:cover;--awb-width-large:100%;--awb-margin-top-large:0px;--awb-spacing-right-large:0px;--awb-margin-bottom-large:20px;--awb-spacing-left-large:0px;--awb-width-medium:100%;--awb-spacing-right-medium:0px;--awb-spacing-left-medium:0px;--awb-width-small:100%;--awb-spacing-right-small:0px;--awb-spacing-left-small:0px;\"><div class=\"fusion-column-wrapper fusion-flex-justify-content-flex-start fusion-content-layout-column\"><div class=\"fusion-title title fusion-title-1 fusion-sep-none fusion-title-center fusion-title-text fusion-title-size-two\" style=\"--awb-text-color:#ffffff;\"><h2 class=\"fusion-title-heading title-heading-center\" style=\"margin:0;line-height:1;\"><h2 class=\"piros kozepre\"><span style=\"color: #ffffff;\">AZ \u00d6N SEG\u00cdTS\u00c9G\u00c9RE\u00a0IS SZ\u00dcKS\u00c9G VAN!<\/span><\/h2>\n<div class=\"content\"><\/div><\/h2><\/div><div class=\"fusion-separator\" style=\"align-self: center;margin-left: auto;margin-right: auto;margin-top:0px;margin-bottom:40px;width:100%;max-width:200px;\"><div class=\"fusion-separator-border sep-single sep-solid\" style=\"--awb-height:20px;--awb-amount:20px;--awb-sep-color:#f44336;border-color:#f44336;border-top-width:3px;\"><\/div><\/div><div class=\"fusion-text fusion-text-2\"><h2 style=\"text-align: center;\"><span style=\"color: #ffffff;\"><strong>1356 \u2013 H\u00cdVJON, HOGY SEG\u00cdTHESS\u00dcNK!<\/strong><\/span><\/h2>\n<\/div><div class=\"fusion-builder-row fusion-builder-row-inner fusion-row fusion-flex-align-items-flex-start fusion-flex-content-wrap\" style=\"width:calc( 100% + 0px ) !important;max-width:calc( 100% + 0px ) !important;margin-left: calc(-0px \/ 2 );margin-right: calc(-0px \/ 2 );\"><div class=\"fusion-layout-column fusion_builder_column_inner fusion-builder-nested-column-0 fusion_builder_column_inner_1_3 1_3 fusion-flex-column\" style=\"--awb-bg-size:cover;--awb-width-large:33.333333333333%;--awb-margin-top-large:0px;--awb-spacing-right-large:0px;--awb-margin-bottom-large:20px;--awb-spacing-left-large:0px;--awb-width-medium:100%;--awb-order-medium:0;--awb-spacing-right-medium:0px;--awb-spacing-left-medium:0px;--awb-width-small:100%;--awb-order-small:0;--awb-spacing-right-small:0px;--awb-spacing-left-small:0px;\"><div class=\"fusion-column-wrapper fusion-column-has-shadow fusion-flex-justify-content-flex-start fusion-content-layout-column\"><\/div><\/div><div class=\"fusion-layout-column fusion_builder_column_inner fusion-builder-nested-column-1 fusion_builder_column_inner_1_3 1_3 fusion-flex-column fusion-animated\" style=\"--awb-bg-color:#f44336;--awb-bg-color-hover:#f44336;--awb-bg-size:cover;--awb-width-large:33.333333333333%;--awb-margin-top-large:0px;--awb-spacing-right-large:0px;--awb-margin-bottom-large:20px;--awb-spacing-left-large:0px;--awb-width-medium:100%;--awb-order-medium:0;--awb-spacing-right-medium:0px;--awb-spacing-left-medium:0px;--awb-width-small:100%;--awb-order-small:0;--awb-spacing-right-small:0px;--awb-spacing-left-small:0px;\" data-animationType=\"bounceInDown\" data-animationDuration=\"1.3\" data-animationOffset=\"top-into-view\"><div class=\"fusion-column-wrapper fusion-column-has-shadow fusion-flex-justify-content-flex-start fusion-content-layout-column\"><div style=\"text-align:center;\"><a class=\"fusion-button button-flat fusion-button-default-size button-custom fusion-button-default button-1 fusion-button-default-span fusion-button-default-type fusion-has-button-gradient\" style=\"--button_accent_color:#ffffff;--button_accent_hover_color:#f44336;--button_border_hover_color:#f44336;--button_border_width-top:0;--button_border_width-right:0;--button_border_width-bottom:0;--button_border_width-left:0;--button_gradient_top_color:rgba(254,201,107,0);--button_gradient_bottom_color:rgba(254,201,107,0);--button_gradient_top_color_hover:#ffffff;--button_gradient_bottom_color_hover:rgba(0,0,0,0);\" target=\"_self\" href=\"#\"><i class=\"fa-credit-card fas awb-button__icon awb-button__icon--default button-icon-left\" aria-hidden=\"true\"><\/i><span class=\"fusion-button-text awb-button__text awb-button__text--default\">ONLINE ADOM\u00c1NYOZ\u00c1S<\/span><\/a><\/div><\/div><\/div><div class=\"fusion-layout-column fusion_builder_column_inner fusion-builder-nested-column-2 fusion_builder_column_inner_1_3 1_3 fusion-flex-column\" style=\"--awb-bg-size:cover;--awb-width-large:33.333333333333%;--awb-margin-top-large:0px;--awb-spacing-right-large:0px;--awb-margin-bottom-large:20px;--awb-spacing-left-large:0px;--awb-width-medium:100%;--awb-order-medium:0;--awb-spacing-right-medium:0px;--awb-spacing-left-medium:0px;--awb-width-small:100%;--awb-order-small:0;--awb-spacing-right-small:0px;--awb-spacing-left-small:0px;\"><div class=\"fusion-column-wrapper fusion-column-has-shadow fusion-flex-justify-content-flex-start fusion-content-layout-column\"><\/div><\/div><\/div><\/div><\/div><\/div><\/div><\/p>\n","protected":false},"excerpt":{"rendered":"","protected":false},"author":3,"featured_media":2894,"comment_status":"open","ping_status":"open","sticky":false,"template":"","format":"standard","meta":{"footnotes":""},"categories":[106],"tags":[],"class_list":["post-2893","post","type-post","status-publish","format-standard","has-post-thumbnail","hentry","category-rolunk-irtak"],"_links":{"self":[{"href":"https:\/\/karitaszeger.hu\/web\/wp-json\/wp\/v2\/posts\/2893","targetHints":{"allow":["GET"]}}],"collection":[{"href":"https:\/\/karitaszeger.hu\/web\/wp-json\/wp\/v2\/posts"}],"about":[{"href":"https:\/\/karitaszeger.hu\/web\/wp-json\/wp\/v2\/types\/post"}],"author":[{"embeddable":true,"href":"https:\/\/karitaszeger.hu\/web\/wp-json\/wp\/v2\/users\/3"}],"replies":[{"embeddable":true,"href":"https:\/\/karitaszeger.hu\/web\/wp-json\/wp\/v2\/comments?post=2893"}],"version-history":[{"count":1,"href":"https:\/\/karitaszeger.hu\/web\/wp-json\/wp\/v2\/posts\/2893\/revisions"}],"predecessor-version":[{"id":2895,"href":"https:\/\/karitaszeger.hu\/web\/wp-json\/wp\/v2\/posts\/2893\/revisions\/2895"}],"wp:featuredmedia":[{"embeddable":true,"href":"https:\/\/karitaszeger.hu\/web\/wp-json\/wp\/v2\/media\/2894"}],"wp:attachment":[{"href":"https:\/\/karitaszeger.hu\/web\/wp-json\/wp\/v2\/media?parent=2893"}],"wp:term":[{"taxonomy":"category","embeddable":true,"href":"https:\/\/karitaszeger.hu\/web\/wp-json\/wp\/v2\/categories?post=2893"},{"taxonomy":"post_tag","embeddable":true,"href":"https:\/\/karitaszeger.hu\/web\/wp-json\/wp\/v2\/tags?post=2893"}],"curies":[{"name":"wp","href":"https:\/\/api.w.org\/{rel}","templated":true}]}}