{"id":3441,"date":"2018-06-21T12:03:14","date_gmt":"2018-06-21T12:03:14","guid":{"rendered":"https:\/\/karitaszeger.hu\/web\/?p=3441"},"modified":"2021-03-22T12:05:06","modified_gmt":"2021-03-22T12:05:06","slug":"a-megyes-puspokkel-is-csocsoztak-az-egyhazmegyei-karitasz-nardai-napkozis-taboranak-megnyitojan","status":"publish","type":"post","link":"https:\/\/karitaszeger.hu\/web\/2018\/06\/21\/a-megyes-puspokkel-is-csocsoztak-az-egyhazmegyei-karitasz-nardai-napkozis-taboranak-megnyitojan\/","title":{"rendered":"A megy\u00e9s p\u00fcsp\u00f6kkel is csocs\u00f3ztak az egyh\u00e1zmegyei karit\u00e1sz nardai napk\u00f6zis t\u00e1bor\u00e1nak megnyit\u00f3j\u00e1n"},"content":{"rendered":"<p><div class=\"fusion-fullwidth fullwidth-box fusion-builder-row-1 fusion-flex-container nonhundred-percent-fullwidth non-hundred-percent-height-scrolling\" style=\"--awb-border-radius-top-left:0px;--awb-border-radius-top-right:0px;--awb-border-radius-bottom-right:0px;--awb-border-radius-bottom-left:0px;--awb-padding-bottom:30px;--awb-flex-wrap:wrap;\" ><div class=\"fusion-builder-row fusion-row fusion-flex-align-items-flex-start fusion-flex-content-wrap\" style=\"max-width:1216.8px;margin-left: calc(-4% \/ 2 );margin-right: calc(-4% \/ 2 );\"><div class=\"fusion-layout-column fusion_builder_column fusion-builder-column-0 fusion_builder_column_1_1 1_1 fusion-flex-column\" style=\"--awb-bg-size:cover;--awb-width-large:100%;--awb-margin-top-large:0px;--awb-spacing-right-large:1.92%;--awb-margin-bottom-large:0px;--awb-spacing-left-large:1.92%;--awb-width-medium:100%;--awb-spacing-right-medium:1.92%;--awb-spacing-left-medium:1.92%;--awb-width-small:100%;--awb-spacing-right-small:1.92%;--awb-spacing-left-small:1.92%;\"><div class=\"fusion-column-wrapper fusion-flex-justify-content-flex-start fusion-content-layout-column\"><div class=\"fusion-separator fusion-full-width-sep\" style=\"align-self: center;margin-left: auto;margin-right: auto;margin-bottom:10px;width:100%;\"><div class=\"fusion-separator-border sep-single\" style=\"--awb-height:20px;--awb-amount:20px;border-color:#e00000;border-top-width:1px;\"><\/div><\/div><div class=\"fusion-text fusion-text-1\"><h1 id=\"article-title_h1\" class=\"\" style=\"text-align: center;\">A megy\u00e9s p\u00fcsp\u00f6kkel is csocs\u00f3ztak az egyh\u00e1zmegyei karit\u00e1sz nardai napk\u00f6zis t\u00e1bor\u00e1nak megnyit\u00f3j\u00e1n<\/h1>\n<p>Sokf\u00e9le k\u00e9zm\u0171ves-foglalkoz\u00e1s, lovagl\u00e1si lehet\u0151s\u00e9g, kir\u00e1ndul\u00e1s, heti egy nap f\u00fcrd\u0151z\u00e9s: n\u00e9h\u00e1ny program a nardai karit\u00e1szt\u00e1bor soksz\u00edn\u0171 k\u00edn\u00e1lat\u00e1b\u00f3l.<\/p>\n<p>Tegnap dr. Sz\u00e9kely J\u00e1nos megy\u00e9s f\u0151p\u00e1sztor a t\u00e1bornyit\u00f3 p\u00fcsp\u00f6ki szentmise elej\u00e9n k\u00f6sz\u00f6net\u00e9t fejezte ki Solt\u00e9sz Mikl\u00f3s \u00e1llamtitk\u00e1rnak a gyors seg\u00edts\u00e9g\u00e9rt a tavalyi vihark\u00e1rok felsz\u00e1mol\u00e1s\u00e1ban, megk\u00f6sz\u00f6nte a nardaiaknak, hogy sz\u00edvvel-l\u00e9lekkel t\u00e1mogatj\u00e1k \u00e9vek \u00f3ta a t\u00e1bort, v\u00e9g\u00fcl a karit\u00e1sz \u00f6nk\u00e9nteseinek, Tuczain\u00e9 R\u00e9gv\u00e1ri Marietta karit\u00e1szigazgat\u00f3nak, hogy 22. \u00e9ve eml\u00e9kezetes nyaral\u00e1st k\u00edn\u00e1lnak a gyerekeknek.<\/p>\n<p><img decoding=\"async\" class=\"alignnone size-full wp-image-3442\" src=\"https:\/\/karitaszeger.hu\/web\/wp-content\/uploads\/2021\/03\/Karitasz0620UT37.jpg\" alt=\"\" width=\"839\" height=\"538\" srcset=\"https:\/\/karitaszeger.hu\/web\/wp-content\/uploads\/2021\/03\/Karitasz0620UT37-200x128.jpg 200w, https:\/\/karitaszeger.hu\/web\/wp-content\/uploads\/2021\/03\/Karitasz0620UT37-300x192.jpg 300w, https:\/\/karitaszeger.hu\/web\/wp-content\/uploads\/2021\/03\/Karitasz0620UT37-400x256.jpg 400w, https:\/\/karitaszeger.hu\/web\/wp-content\/uploads\/2021\/03\/Karitasz0620UT37-460x295.jpg 460w, https:\/\/karitaszeger.hu\/web\/wp-content\/uploads\/2021\/03\/Karitasz0620UT37-500x321.jpg 500w, https:\/\/karitaszeger.hu\/web\/wp-content\/uploads\/2021\/03\/Karitasz0620UT37-600x385.jpg 600w, https:\/\/karitaszeger.hu\/web\/wp-content\/uploads\/2021\/03\/Karitasz0620UT37-700x449.jpg 700w, https:\/\/karitaszeger.hu\/web\/wp-content\/uploads\/2021\/03\/Karitasz0620UT37-768x492.jpg 768w, https:\/\/karitaszeger.hu\/web\/wp-content\/uploads\/2021\/03\/Karitasz0620UT37-800x513.jpg 800w, https:\/\/karitaszeger.hu\/web\/wp-content\/uploads\/2021\/03\/Karitasz0620UT37.jpg 839w\" sizes=\"(max-width: 839px) 100vw, 839px\" \/><\/p>\n<p>A p\u00fcsp\u00f6k szentbesz\u00e9de a csal\u00e1dok \u00e9v\u00e9hez k\u00f6t\u0151d\u00f6tt. P\u00e9ld\u00e1kkal hangs\u00falyozta, hogy a csal\u00e1di viharokat er\u0151s szikl\u00e1ra, J\u00e9zus szeretet\u00e9re \u00e9p\u00fclt h\u00e1zasp\u00e1rok v\u00e9szelik \u00e1t. K\u00edv\u00e1nta, hogy a gyerekek ezt a szikl\u00e1t tal\u00e1lj\u00e1k meg. \u00c1rvai Ferenc egri f\u0151egyh\u00e1zmegyei karit\u00e1szigazgat\u00f3 is k\u00f6sz\u00f6nte Tuczain\u00e9 R\u00e9gv\u00e1ri Marietta szolg\u00e1lat\u00e1t, hogy megh\u00edv\u00e1s\u00e1ra imm\u00e1r harmadik \u00e9ve elj\u00f6hetnek Nard\u00e1ra olyan gyerekek is, akik nagy szeg\u00e9nys\u00e9gben \u00e9lnek. Dr. Pusk\u00e1s Tivadar szombathelyi polg\u00e1rmester azt emelte ki, hogy Nard\u00e1n olyan t\u00e1borban lehetnek a gyerekek, ahol a sz\u00fcl\u0151k biztons\u00e1gban tudhatj\u00e1k \u0151ket. A polg\u00e1rmester tolm\u00e1csolta a reggel Budapestre utazott dr. Hende Csaba orsz\u00e1ggy\u0171l\u00e9si k\u00e9pvisel\u0151 k\u00f6sz\u00f6nt\u0151 szavait. A nardai egyh\u00e1zk\u00f6zs\u00e9g dr. Sz\u00e9kely J\u00e1nosnak fejezte ki k\u00f6sz\u00f6net\u00e9t egy vir\u00e1gcsokorral. Tuczain\u00e9 R\u00e9gv\u00e1ri Marietta dr. Sz\u00e9kely J\u00e1nosnak, Solt\u00e9sz Mikl\u00f3snak \u00e9s dr. Pusk\u00e1s Tivadarnak a nar dai templomr\u00f3l k\u00e9sz\u00fclt festm\u00e9nyt adott aj\u00e1nd\u00e9kba.<\/p>\n<p><img decoding=\"async\" class=\"alignnone size-full wp-image-3443\" src=\"https:\/\/karitaszeger.hu\/web\/wp-content\/uploads\/2021\/03\/Karitasz0620UT21-1.jpg\" alt=\"\" width=\"922\" height=\"679\" srcset=\"https:\/\/karitaszeger.hu\/web\/wp-content\/uploads\/2021\/03\/Karitasz0620UT21-1-200x147.jpg 200w, https:\/\/karitaszeger.hu\/web\/wp-content\/uploads\/2021\/03\/Karitasz0620UT21-1-300x221.jpg 300w, https:\/\/karitaszeger.hu\/web\/wp-content\/uploads\/2021\/03\/Karitasz0620UT21-1-400x295.jpg 400w, https:\/\/karitaszeger.hu\/web\/wp-content\/uploads\/2021\/03\/Karitasz0620UT21-1-500x368.jpg 500w, https:\/\/karitaszeger.hu\/web\/wp-content\/uploads\/2021\/03\/Karitasz0620UT21-1-600x442.jpg 600w, https:\/\/karitaszeger.hu\/web\/wp-content\/uploads\/2021\/03\/Karitasz0620UT21-1-700x516.jpg 700w, https:\/\/karitaszeger.hu\/web\/wp-content\/uploads\/2021\/03\/Karitasz0620UT21-1-768x566.jpg 768w, https:\/\/karitaszeger.hu\/web\/wp-content\/uploads\/2021\/03\/Karitasz0620UT21-1-800x589.jpg 800w, https:\/\/karitaszeger.hu\/web\/wp-content\/uploads\/2021\/03\/Karitasz0620UT21-1.jpg 922w\" sizes=\"(max-width: 922px) 100vw, 922px\" \/><\/p>\n<p><img decoding=\"async\" class=\"alignnone size-full wp-image-3444\" src=\"https:\/\/karitaszeger.hu\/web\/wp-content\/uploads\/2021\/03\/Karitasz0620UT48.jpg\" alt=\"\" width=\"922\" height=\"679\" srcset=\"https:\/\/karitaszeger.hu\/web\/wp-content\/uploads\/2021\/03\/Karitasz0620UT48-200x147.jpg 200w, https:\/\/karitaszeger.hu\/web\/wp-content\/uploads\/2021\/03\/Karitasz0620UT48-300x221.jpg 300w, https:\/\/karitaszeger.hu\/web\/wp-content\/uploads\/2021\/03\/Karitasz0620UT48-400x295.jpg 400w, https:\/\/karitaszeger.hu\/web\/wp-content\/uploads\/2021\/03\/Karitasz0620UT48-500x368.jpg 500w, https:\/\/karitaszeger.hu\/web\/wp-content\/uploads\/2021\/03\/Karitasz0620UT48-600x442.jpg 600w, https:\/\/karitaszeger.hu\/web\/wp-content\/uploads\/2021\/03\/Karitasz0620UT48-700x516.jpg 700w, https:\/\/karitaszeger.hu\/web\/wp-content\/uploads\/2021\/03\/Karitasz0620UT48-768x566.jpg 768w, https:\/\/karitaszeger.hu\/web\/wp-content\/uploads\/2021\/03\/Karitasz0620UT48-800x589.jpg 800w, https:\/\/karitaszeger.hu\/web\/wp-content\/uploads\/2021\/03\/Karitasz0620UT48.jpg 922w\" sizes=\"(max-width: 922px) 100vw, 922px\" \/><\/p>\n<div id=\"attachment_2387799\" class=\"wp-caption aligncenter size-medium_large wp-image-2387799 ewebResponsiveImage ewebCol-xs-12 ewebCol-sm-12 ewebCol-md-12 ewebCol-lg-12\">\n<p id=\"caption-attachment-2387799\" class=\"wp-caption-text\">A t\u00e1bornyit\u00f3 ut\u00e1n lufikat engedtek a magasba a t\u00e1boroz\u00f3k \u00e9s vend\u00e9geik Fot\u00f3k: Unger Tam\u00e1s \/ Vas N\u00e9pe<\/p>\n<\/div>\n<p>A vend\u00e9gek a futball-vil\u00e1gbajnoks\u00e1ghoz kapcsol\u00f3dva labd\u00e1kat osztottak a gyerekeknek, felavatt\u00e1k a fel\u00faj\u00edtott t\u00e1borr\u00e9szt, majd sz\u00ednes l\u00e9gg\u00f6mb\u00f6ket eresztettek az \u00e9g fel\u00e9 \u2013 \u00e9s jutott idej\u00fck csocs\u00f3z\u00e1sra is.<\/p>\n<p><img decoding=\"async\" class=\"alignnone size-full wp-image-3445\" src=\"https:\/\/karitaszeger.hu\/web\/wp-content\/uploads\/2021\/03\/tb0620seta2.jpg\" alt=\"\" width=\"922\" height=\"677\" srcset=\"https:\/\/karitaszeger.hu\/web\/wp-content\/uploads\/2021\/03\/tb0620seta2-200x147.jpg 200w, https:\/\/karitaszeger.hu\/web\/wp-content\/uploads\/2021\/03\/tb0620seta2-300x220.jpg 300w, https:\/\/karitaszeger.hu\/web\/wp-content\/uploads\/2021\/03\/tb0620seta2-400x294.jpg 400w, https:\/\/karitaszeger.hu\/web\/wp-content\/uploads\/2021\/03\/tb0620seta2-500x367.jpg 500w, https:\/\/karitaszeger.hu\/web\/wp-content\/uploads\/2021\/03\/tb0620seta2-600x441.jpg 600w, https:\/\/karitaszeger.hu\/web\/wp-content\/uploads\/2021\/03\/tb0620seta2-700x514.jpg 700w, https:\/\/karitaszeger.hu\/web\/wp-content\/uploads\/2021\/03\/tb0620seta2-768x564.jpg 768w, https:\/\/karitaszeger.hu\/web\/wp-content\/uploads\/2021\/03\/tb0620seta2-800x587.jpg 800w, https:\/\/karitaszeger.hu\/web\/wp-content\/uploads\/2021\/03\/tb0620seta2.jpg 922w\" sizes=\"(max-width: 922px) 100vw, 922px\" \/><\/p>\n<p>Forr\u00e1s: <a href=\"https:\/\/www.vaol.hu\/kozelet\/helyi-kozelet\/a-megyes-puspokkel-is-csocsoztak-az-egyhazmegyei-karitasz-nardai-napkozis-taboranak-megnyitojan-2387718\/?fbclid=IwAR1E5QE7zOL3DHUXp3Sb8Bj53dUPhYAk_KO50gapm5qXnPMwWxfFLO2UGm8\">https:\/\/www.vaol.hu\/kozelet\/helyi-kozelet\/a-megyes-puspokkel-is-csocsoztak-az-egyhazmegyei-karitasz-nardai-napkozis-taboranak-megnyitojan-2387718\/?fbclid=IwAR1E5QE7zOL3DHUXp3Sb8Bj53dUPhYAk_KO50gapm5qXnPMwWxfFLO2UGm8<\/a><\/p>\n<\/div><\/div><\/div><\/div><\/div><div class=\"fusion-fullwidth fullwidth-box fusion-builder-row-2 fusion-flex-container fusion-parallax-none nonhundred-percent-fullwidth non-hundred-percent-height-scrolling\" style=\"--awb-border-sizes-top:0px;--awb-border-sizes-bottom:0px;--awb-border-sizes-left:0px;--awb-border-sizes-right:0px;--awb-border-radius-top-left:0px;--awb-border-radius-top-right:0px;--awb-border-radius-bottom-right:0px;--awb-border-radius-bottom-left:0px;--awb-padding-top:150px;--awb-padding-bottom:150px;--awb-background-image:url(&quot;https:\/\/karitaszeger.hu\/web\/wp-content\/uploads\/2021\/03\/segits-scaled.jpg&quot;);--awb-background-size:cover;--awb-flex-wrap:wrap;\" ><div class=\"fusion-builder-row fusion-row fusion-flex-align-items-flex-start fusion-flex-content-wrap\" style=\"max-width:calc( 1170px + 0px );margin-left: calc(-0px \/ 2 );margin-right: calc(-0px \/ 2 );\"><div class=\"fusion-layout-column fusion_builder_column fusion-builder-column-1 fusion_builder_column_1_1 1_1 fusion-flex-column\" style=\"--awb-padding-right:11%;--awb-padding-left:11%;--awb-bg-size:cover;--awb-width-large:100%;--awb-margin-top-large:0px;--awb-spacing-right-large:0px;--awb-margin-bottom-large:20px;--awb-spacing-left-large:0px;--awb-width-medium:100%;--awb-spacing-right-medium:0px;--awb-spacing-left-medium:0px;--awb-width-small:100%;--awb-spacing-right-small:0px;--awb-spacing-left-small:0px;\"><div class=\"fusion-column-wrapper fusion-flex-justify-content-flex-start fusion-content-layout-column\"><div class=\"fusion-title title fusion-title-1 fusion-sep-none fusion-title-center fusion-title-text fusion-title-size-two\" style=\"--awb-text-color:#ffffff;\"><h2 class=\"fusion-title-heading title-heading-center\" style=\"margin:0;line-height:1;\"><h2 class=\"piros kozepre\"><span style=\"color: #ffffff;\">AZ \u00d6N SEG\u00cdTS\u00c9G\u00c9RE\u00a0IS SZ\u00dcKS\u00c9G VAN!<\/span><\/h2>\n<div class=\"content\"><\/div><\/h2><\/div><div class=\"fusion-separator\" style=\"align-self: center;margin-left: auto;margin-right: auto;margin-top:0px;margin-bottom:40px;width:100%;max-width:200px;\"><div class=\"fusion-separator-border sep-single sep-solid\" style=\"--awb-height:20px;--awb-amount:20px;--awb-sep-color:#f44336;border-color:#f44336;border-top-width:3px;\"><\/div><\/div><div class=\"fusion-text fusion-text-2\"><h2 style=\"text-align: center;\"><span style=\"color: #ffffff;\"><strong>1356 \u2013 H\u00cdVJON, HOGY SEG\u00cdTHESS\u00dcNK!<\/strong><\/span><\/h2>\n<\/div><div class=\"fusion-builder-row fusion-builder-row-inner fusion-row fusion-flex-align-items-flex-start fusion-flex-content-wrap\" style=\"width:calc( 100% + 0px ) !important;max-width:calc( 100% + 0px ) !important;margin-left: calc(-0px \/ 2 );margin-right: calc(-0px \/ 2 );\"><div class=\"fusion-layout-column fusion_builder_column_inner fusion-builder-nested-column-0 fusion_builder_column_inner_1_3 1_3 fusion-flex-column\" style=\"--awb-bg-size:cover;--awb-width-large:33.333333333333%;--awb-margin-top-large:0px;--awb-spacing-right-large:0px;--awb-margin-bottom-large:20px;--awb-spacing-left-large:0px;--awb-width-medium:100%;--awb-order-medium:0;--awb-spacing-right-medium:0px;--awb-spacing-left-medium:0px;--awb-width-small:100%;--awb-order-small:0;--awb-spacing-right-small:0px;--awb-spacing-left-small:0px;\"><div class=\"fusion-column-wrapper fusion-column-has-shadow fusion-flex-justify-content-flex-start fusion-content-layout-column\"><\/div><\/div><div class=\"fusion-layout-column fusion_builder_column_inner fusion-builder-nested-column-1 fusion_builder_column_inner_1_3 1_3 fusion-flex-column fusion-animated\" style=\"--awb-bg-color:#f44336;--awb-bg-color-hover:#f44336;--awb-bg-size:cover;--awb-width-large:33.333333333333%;--awb-margin-top-large:0px;--awb-spacing-right-large:0px;--awb-margin-bottom-large:20px;--awb-spacing-left-large:0px;--awb-width-medium:100%;--awb-order-medium:0;--awb-spacing-right-medium:0px;--awb-spacing-left-medium:0px;--awb-width-small:100%;--awb-order-small:0;--awb-spacing-right-small:0px;--awb-spacing-left-small:0px;\" data-animationType=\"bounceInDown\" data-animationDuration=\"1.3\" data-animationOffset=\"top-into-view\"><div class=\"fusion-column-wrapper fusion-column-has-shadow fusion-flex-justify-content-flex-start fusion-content-layout-column\"><div style=\"text-align:center;\"><a class=\"fusion-button button-flat fusion-button-default-size button-custom fusion-button-default button-1 fusion-button-default-span fusion-button-default-type fusion-has-button-gradient\" style=\"--button_accent_color:#ffffff;--button_accent_hover_color:#f44336;--button_border_hover_color:#f44336;--button_border_width-top:0;--button_border_width-right:0;--button_border_width-bottom:0;--button_border_width-left:0;--button_gradient_top_color:rgba(254,201,107,0);--button_gradient_bottom_color:rgba(254,201,107,0);--button_gradient_top_color_hover:#ffffff;--button_gradient_bottom_color_hover:rgba(0,0,0,0);\" target=\"_self\" href=\"#\"><i class=\"fa-credit-card fas awb-button__icon awb-button__icon--default button-icon-left\" aria-hidden=\"true\"><\/i><span class=\"fusion-button-text awb-button__text awb-button__text--default\">ONLINE ADOM\u00c1NYOZ\u00c1S<\/span><\/a><\/div><\/div><\/div><div class=\"fusion-layout-column fusion_builder_column_inner fusion-builder-nested-column-2 fusion_builder_column_inner_1_3 1_3 fusion-flex-column\" style=\"--awb-bg-size:cover;--awb-width-large:33.333333333333%;--awb-margin-top-large:0px;--awb-spacing-right-large:0px;--awb-margin-bottom-large:20px;--awb-spacing-left-large:0px;--awb-width-medium:100%;--awb-order-medium:0;--awb-spacing-right-medium:0px;--awb-spacing-left-medium:0px;--awb-width-small:100%;--awb-order-small:0;--awb-spacing-right-small:0px;--awb-spacing-left-small:0px;\"><div class=\"fusion-column-wrapper fusion-column-has-shadow fusion-flex-justify-content-flex-start fusion-content-layout-column\"><\/div><\/div><\/div><\/div><\/div><\/div><\/div><\/p>\n","protected":false},"excerpt":{"rendered":"","protected":false},"author":3,"featured_media":3444,"comment_status":"open","ping_status":"open","sticky":false,"template":"","format":"standard","meta":{"footnotes":""},"categories":[106],"tags":[],"class_list":["post-3441","post","type-post","status-publish","format-standard","has-post-thumbnail","hentry","category-rolunk-irtak"],"_links":{"self":[{"href":"https:\/\/karitaszeger.hu\/web\/wp-json\/wp\/v2\/posts\/3441","targetHints":{"allow":["GET"]}}],"collection":[{"href":"https:\/\/karitaszeger.hu\/web\/wp-json\/wp\/v2\/posts"}],"about":[{"href":"https:\/\/karitaszeger.hu\/web\/wp-json\/wp\/v2\/types\/post"}],"author":[{"embeddable":true,"href":"https:\/\/karitaszeger.hu\/web\/wp-json\/wp\/v2\/users\/3"}],"replies":[{"embeddable":true,"href":"https:\/\/karitaszeger.hu\/web\/wp-json\/wp\/v2\/comments?post=3441"}],"version-history":[{"count":2,"href":"https:\/\/karitaszeger.hu\/web\/wp-json\/wp\/v2\/posts\/3441\/revisions"}],"predecessor-version":[{"id":3447,"href":"https:\/\/karitaszeger.hu\/web\/wp-json\/wp\/v2\/posts\/3441\/revisions\/3447"}],"wp:featuredmedia":[{"embeddable":true,"href":"https:\/\/karitaszeger.hu\/web\/wp-json\/wp\/v2\/media\/3444"}],"wp:attachment":[{"href":"https:\/\/karitaszeger.hu\/web\/wp-json\/wp\/v2\/media?parent=3441"}],"wp:term":[{"taxonomy":"category","embeddable":true,"href":"https:\/\/karitaszeger.hu\/web\/wp-json\/wp\/v2\/categories?post=3441"},{"taxonomy":"post_tag","embeddable":true,"href":"https:\/\/karitaszeger.hu\/web\/wp-json\/wp\/v2\/tags?post=3441"}],"curies":[{"name":"wp","href":"https:\/\/api.w.org\/{rel}","templated":true}]}}