{"id":3448,"date":"2020-06-11T12:07:07","date_gmt":"2020-06-11T12:07:07","guid":{"rendered":"https:\/\/karitaszeger.hu\/web\/?p=3448"},"modified":"2021-08-09T09:08:29","modified_gmt":"2021-08-09T09:08:29","slug":"atadtak-az-uj-logisztikai-kozpontot-felsozsolcan","status":"publish","type":"post","link":"https:\/\/karitaszeger.hu\/web\/2020\/06\/11\/atadtak-az-uj-logisztikai-kozpontot-felsozsolcan\/","title":{"rendered":"\u00c1TADT\u00c1K AZ \u00daJ LOGISZTIKAI K\u00d6ZPONTOT FELS\u0150ZSOLC\u00c1N"},"content":{"rendered":"<p><div class=\"fusion-fullwidth fullwidth-box fusion-builder-row-1 fusion-flex-container nonhundred-percent-fullwidth non-hundred-percent-height-scrolling\" style=\"--awb-border-radius-top-left:0px;--awb-border-radius-top-right:0px;--awb-border-radius-bottom-right:0px;--awb-border-radius-bottom-left:0px;--awb-padding-bottom:30px;--awb-flex-wrap:wrap;\" ><div class=\"fusion-builder-row fusion-row fusion-flex-align-items-flex-start fusion-flex-content-wrap\" style=\"max-width:1216.8px;margin-left: calc(-4% \/ 2 );margin-right: calc(-4% \/ 2 );\"><div class=\"fusion-layout-column fusion_builder_column fusion-builder-column-0 fusion_builder_column_1_1 1_1 fusion-flex-column\" style=\"--awb-bg-size:cover;--awb-width-large:100%;--awb-margin-top-large:0px;--awb-spacing-right-large:1.92%;--awb-margin-bottom-large:0px;--awb-spacing-left-large:1.92%;--awb-width-medium:100%;--awb-spacing-right-medium:1.92%;--awb-spacing-left-medium:1.92%;--awb-width-small:100%;--awb-spacing-right-small:1.92%;--awb-spacing-left-small:1.92%;\"><div class=\"fusion-column-wrapper fusion-flex-justify-content-flex-start fusion-content-layout-column\"><div class=\"fusion-separator fusion-full-width-sep\" style=\"align-self: center;margin-left: auto;margin-right: auto;margin-bottom:10px;width:100%;\"><div class=\"fusion-separator-border sep-single\" style=\"--awb-height:20px;--awb-amount:20px;border-color:#e00000;border-top-width:1px;\"><\/div><\/div><div class=\"fusion-text fusion-text-1\"><h1>\u00c1TADT\u00c1K AZ \u00daJ LOGISZTIKAI K\u00d6ZPONTOT FELS\u0150ZSOLC\u00c1N<\/h1>\n<h4>Eur\u00f3pai Uni\u00f3s projekt keret\u00e9ben val\u00f3sult meg a Katolikus Karit\u00e1sz Fels\u0151zsolcai Logisztikai K\u00f6zpontja, amelyet j\u00fanius 11-\u00e9n adt\u00e1k \u00e1t \u00fcnnep\u00e9lyes keretek k\u00f6z\u00f6tt.<\/h4>\n<p>Az orsz\u00e1gos hat\u00e1sk\u00f6r\u0171 \u00e9s jelent\u0151s\u00e9g\u0171 seg\u00e9lyszervezetek infrastruktur\u00e1lis fejleszt\u00e9s\u00e9t seg\u00edt\u0151 EFOP 2.2. 15-16 k\u00f3dsz\u00e1m\u00fa, \u201ea karitat\u00edv szervezetek infrastruktur\u00e1lis fejleszt\u00e9sei a h\u00e1tr\u00e1nyos helyzet\u0171ek t\u00e1rsadalmi (re)integr\u00e1ci\u00f3ja \u00e9rdek\u00e9ben\u201d elnevez\u00e9s\u0171 p\u00e1ly\u00e1zati projekt keret\u00e9ben a Katolikus Karit\u00e1sz 650.000.000 Ft vissza nem t\u00e9r\u00edtend\u0151 t\u00e1mogat\u00e1st nyert el. H\u00e1rom helysz\u00ednen (P\u00e9cs, Sz\u00e9kesfeh\u00e9rv\u00e1r, Fels\u0151zsolca) egy megl\u00e9v\u0151 \u00e9p\u00fclet fel\u00faj\u00edt\u00e1sa, valamint k\u00e9t \u00faj logisztikai, koordin\u00e1ci\u00f3s k\u00f6zpont \u00e9p\u00edt\u00e9se, tov\u00e1bb\u00e1 fejleszt\u00e9si, katasztr\u00f3fav\u00e9delmi \u00e9s szoci\u00e1lis c\u00e9l\u00fa eszk\u00f6z\u00f6k, j\u00e1rm\u0171vek beszerz\u00e9se val\u00f3sultak meg.<\/p>\n<p><a class=\"fekvokep\" title=\"\" href=\"https:\/\/karitasz.hu\/uploads\/content\/1604\/kepek\/o_zsolca-kintrol.jpg\" rel=\"lightbox&#091;'g1604'&#093;\"><img decoding=\"async\" src=\"https:\/\/karitasz.hu\/uploads\/content\/1604\/kepek\/c_zsolca-kintrol.jpg\" alt=\"\" border=\"0\" \/><\/a><\/p>\n<p>\u00dcnnep\u00e9lyes keretek k\u00f6z\u00f6tt, de a j\u00e1rv\u00e1ny\u00fcgyi helyzetre figyelemmel ker\u00fclt megrendez\u00e9sre j\u00fanius 11-\u00e9n a fels\u0151zsolcai \u00e9p\u00fclet \u00e1tad\u00e1sa.\u00a0Az \u00e1tad\u00f3n \u00c9csy G\u00e1bor atya a Katolikus Karit\u00e1sz igazgat\u00f3ja kiemelte, hogy a kereszt\u00e9ny ember\u00a0\u2013 vagy sz\u00e9lesebb \u00e9rtelemben az egyh\u00e1z\u00a0\u2013 csak akkor lehet hiteles, ha a tan\u00edt\u00e1sa m\u00f6g\u00f6tt ott van a karitat\u00edv tev\u00e9kenys\u00e9g. Ez teszi hiteless\u00e9 a kereszt\u00e9ny embert, ez teszi hiteless\u00e9 a mi k\u00fcldet\u00e9s\u00fcnket, ha val\u00f3ban tev\u00e9keny szeretetgyakorlatok vannak m\u00f6g\u00f6tte. Besz\u00e9d\u00e9ben megeml\u00edtette, hogy\u00a0az 1991-ben \u00fajj\u00e1alakult Karit\u00e1sz lassan m\u00e1r 30 \u00e9ves karitat\u00edv munk\u00e1j\u00e1nak szakmai tapasztalatai, valamint az elm\u00falt \u00e9vek v\u00e1ltoz\u00e1sai alapj\u00e1n a szervezetnek nagy sz\u00fcks\u00e9ge volt az orsz\u00e1gos tev\u00e9kenys\u00e9g\u00e9nek \u00e9s jelenl\u00e9t\u00e9nek meger\u0151s\u00edt\u00e9s\u00e9re, logisztikai kapacit\u00e1s\u00e1nak b\u0151v\u00edt\u00e9s\u00e9re, valamint az \u00e1ltala ny\u00fajtott szoci\u00e1lis \u00e9s humanit\u00e1rius szolg\u00e1ltat\u00e1sokhoz val\u00f3 hozz\u00e1f\u00e9r\u00e9s hat\u00e9konys\u00e1g\u00e1nak \u00e9s sz\u00ednvonal\u00e1nak jav\u00edt\u00e1s\u00e1ra&#8221;. Megeml\u00edtette, hogy\u00a0a beruh\u00e1z\u00e1sok hozz\u00e1j\u00e1rulnak majd a szervezet tev\u00e9kenys\u00e9g\u00e9n kereszt\u00fcl a h\u00e1tr\u00e1nyos helyzet\u0171 csal\u00e1dok, az id\u0151sek, a fogyat\u00e9kkal \u00e9l\u0151k \u00e9s a katasztr\u00f3fa k\u00e1rosultak hat\u00e9kony seg\u00edt\u00e9s\u00e9hez.<\/p>\n<p><a class=\"fekvokep\" title=\"\" href=\"https:\/\/karitasz.hu\/uploads\/content\/1604\/kepek\/o_felsozsolca-06_11-(3).jpg\" rel=\"lightbox&#091;'g1604'&#093;\"><img decoding=\"async\" src=\"https:\/\/karitasz.hu\/uploads\/content\/1604\/kepek\/c_felsozsolca-06_11-(3).jpg\" alt=\"\" border=\"0\" \/><\/a><\/p>\n<p>Vit\u00e1lyos Eszter eur\u00f3pai uni\u00f3s fejleszt\u00e9spolitik\u00e1\u00e9rt felel\u0151s \u00e1llamtitk\u00e1r \u00e9s Solt\u00e9sz Mikl\u00f3s egyh\u00e1zi \u00e9s nemzetis\u00e9gi kapcsolatok\u00e9rt felel\u0151s \u00e1llamtitk\u00e1r mutatta be a beruh\u00e1z\u00e1s c\u00e9ljait.\u00a0A most \u00e1tadott Fels\u0151zsolcai Logisztikai K\u00f6zpont kiemelten seg\u00edti majd a Katolikus Karit\u00e1sz \u00e9szak-magyarorsz\u00e1gi szoci\u00e1lis-karitat\u00edv tev\u00e9kenys\u00e9g\u00e9t, s \u00edgy a r\u00e1szorul\u00f3 c\u00e9lcsoportok t\u00e1mogat\u00e1s\u00e1t, valamint a Karit\u00e1sz felz\u00e1rk\u00f3ztat\u00e1si c\u00e9l\u00fa programjait. A Katolikus Karit\u00e1sz helyi \u00e9s region\u00e1lis feladatell\u00e1t\u00e1s\u00e1t seg\u00edt\u0151 rakt\u00e1rb\u00e1zisk\u00e9nt is m\u0171k\u00f6d\u0151 l\u00e9tes\u00edtm\u00e9ny lehet\u0151s\u00e9get biztos\u00edt a \u00e9szak-magyarorsz\u00e1gi r\u00e9gi\u00f3ban m\u0171k\u00f6d\u0151 egyh\u00e1zmegyei Karit\u00e1sz szervezetek t\u00e1mogat\u00e1s\u00e1ra is, \u00edgy k\u00f6zpontja lesz a Katolikus Karit\u00e1sz \u00e9szak \u2013 magyarorsz\u00e1gi seg\u00e9lyprogramjainak. A rakt\u00e1rb\u00e1zis katasztr\u00f3fahelyzeti seg\u00e9lyk\u00f6zpontk\u00e9nt is m\u0171k\u00f6dhet, mely k\u00e9szenl\u00e9ti eszk\u00f6z\u00f6k, adom\u00e1nyok rakt\u00e1roz\u00e1s\u00e1t l\u00e1thatja el, tov\u00e1bb\u00e1 humanit\u00e1rius c\u00e9l\u00fa logisztikai szerepe lehet. Cs\u00f6b\u00f6r Katalin orsz\u00e1ggy\u0171l\u00e9si k\u00e9pvisel\u0151 a t\u00e9rs\u00e9gben magval\u00f3sul\u00f3 szoci\u00e1lis programok \u00e9s fejleszt\u00e9sek fontoss\u00e1g\u00e1t emelte ki.<\/p>\n<p><a class=\"fekvokep\" title=\"\" href=\"https:\/\/karitasz.hu\/uploads\/content\/1604\/kepek\/o_felsozsolca-06_11-(2).jpg\" rel=\"lightbox&#091;'g1604'&#093;\"><img decoding=\"async\" src=\"https:\/\/karitasz.hu\/uploads\/content\/1604\/kepek\/c_felsozsolca-06_11-(2).jpg\" alt=\"\" border=\"0\" \/><\/a><\/p>\n<p>Forg\u00e1cs J\u00f3zsef a projekt szakmai vezet\u0151je ismertette a fels\u0151zsolcai beruh\u00e1z\u00e1s adatait, param\u00e9tereit, amely k\u00f6zel 200 milli\u00f3 forint \u00e9rt\u00e9kben val\u00f3sult meg. A 3 ezer n\u00e9gyzetm\u00e9teres telken 1057 m2 nagys\u00e1g\u00fa \u00e9p\u00fclet k\u00e9sz\u00fclt el, melynek nagy r\u00e9sz\u00e9ben rakt\u00e1roz\u00e1sra alkalmas ter\u00fclet ker\u00fclt kialak\u00edt\u00e1sra. Ekkora ter\u00fcleten egyidej\u0171leg k\u00e9pes lesz a szervezet t\u00f6bbf\u00e9le, nagy mennyis\u00e9g\u0171 adom\u00e1nyt, \u00e9lelmiszert, vagy b\u00e1rmilyen seg\u00edt\u0151 eszk\u00f6zt elhelyezni. A raklapos t\u00e1rol\u00e1s mellett polcok, elk\u00fcl\u00f6n\u00edtett termek \u00e9s szabadon hagyott rakt\u00e9r is biztos\u00edtja majd, hogy k\u00fcl\u00f6nb\u00f6z\u0151 t\u00e1rgyi eszk\u00f6z\u00f6ket t\u00e1roljon a Katolikus Karit\u00e1sz \u00e9s hat\u00e9konyan seg\u00edtse programjain kereszt\u00fcl a r\u00e1szorul\u00f3kat. Alkalmas lesz arra, hogy a helyi \u00e9s az orsz\u00e1gos adom\u00e1ny k\u00e9szleteket, \u00e9lelmiszereket, ruh\u00e1kat, b\u00fatorokat \u00e9s a katasztr\u00f3fav\u00e9delmi eszk\u00f6z\u00f6ket t\u00e1rolja. A csarnokban elhelyezhet\u0151 lesz gyakorlatilag minden olyan eszk\u00f6z, amely a Karit\u00e1sz f\u0151 tev\u00e9kenys\u00e9geit seg\u00edti. A csarnokhoz tartoz\u00f3 kiszolg\u00e1l\u00f3 \u00e9p\u00fcletben tal\u00e1lhat\u00f3 irod\u00e1k \u00e9s termek pedig lehet\u0151v\u00e9 teszik, hogy az \u00e9szak-Magyarorsz\u00e1gi r\u00e9gi\u00f3ban bek\u00f6vetkez\u0151 katasztr\u00f3fahelyezetek, valamint a k\u00e1rp\u00e1taljai feladatell\u00e1t\u00e1s h\u00e1tt\u00e1rb\u00e1zisa legyen az \u00e9p\u00fclet \u00e9s a humanit\u00e1rius seg\u00edts\u00e9gny\u00fajt\u00e1s gyorsan \u00e9s szervezetten val\u00f3sulhasson meg.\u00a0A projekt megval\u00f3sul\u00e1s\u00e1val egyszer\u0171bben, gyorsabban \u00e9s sz\u00e9lesebb k\u00f6rben el\u00e9rhet\u0151 v\u00e1lik a szoci\u00e1lis \u00e9s katasztr\u00f3fahelyzeti humanit\u00e1rius szolg\u00e1ltat\u00e1sok biztos\u00edt\u00e1sa.<\/p>\n<p><a class=\"fekvokep\" title=\"\" href=\"https:\/\/karitasz.hu\/uploads\/content\/1604\/kepek\/o_felsozsolca-06_11-(10).jpg\" rel=\"lightbox&#091;'g1604'&#093;\"><img decoding=\"async\" src=\"https:\/\/karitasz.hu\/uploads\/content\/1604\/kepek\/c_felsozsolca-06_11-(10).jpg\" alt=\"\" border=\"0\" \/><\/a><\/p>\n<p>Dr. Terny\u00e1k Csaba egri \u00e9rsek besz\u00e9lt a Karit\u00e1sz Katolikus Egyh\u00e1z nev\u00e9ben v\u00e9gzett szeretszolg\u00e1lati tev\u00e9kenys\u00e9g fontos\u00e1g\u00e1r\u00f3l \u00e9s a neh\u00e9z \u00e9lethelyzetekben az elesetteket seg\u00edt\u0151 jelenl\u00e9t sz\u00fcks\u00e9gess\u00e9g\u00e9r\u0151l, majd meg\u00e1ldotta az \u00e9p\u00fcletet, hogy az min\u00e9l hat\u00e9konyabban szolg\u00e1lja a seg\u00edt\u0151 szeretet jegy\u00e9ben a Katolikus Karit\u00e1szon kereszt\u00fcl a r\u00e1szorul\u00f3kat \u00e9s a bajba juttotakat.<\/p>\n<p><a class=\"fekvokep\" title=\"\" href=\"https:\/\/karitasz.hu\/uploads\/content\/1604\/kepek\/o_felsozsolca-06_11-(11).jpg\" rel=\"lightbox&#091;'g1604'&#093;\"><img decoding=\"async\" src=\"https:\/\/karitasz.hu\/uploads\/content\/1604\/kepek\/c_felsozsolca-06_11-(11).jpg\" alt=\"\" border=\"0\" \/><\/a><\/p>\n<p>A Karit\u00e1sz munkat\u00e1rsai az \u00e1tad\u00e1s sor\u00e1n megeml\u00e9keztek arr\u00f3l is, hogy pontosan t\u00edz \u00e9ve a\u00a0Saj\u00f3, a Hern\u00e1d \u00e9s a B\u00f3dva ki\u00e1rad\u00e1sa k\u00f6vetkezt\u00e9ben ebben a r\u00e9gi\u00f3ban\u00a0\u00a0t\u00f6bb telep\u00fcl\u00e9s k\u00f6z\u00f6tt Fels\u0151zsolc\u00e1n is nagy puszt\u00edt\u00e1st v\u00e9gzett az \u00e1rv\u00edz \u00e9s a Karit\u00e1sz munkat\u00e1rsai a gyorsseg\u00e9lyez\u00e9sben \u00e9s az \u00fajj\u00e1\u00e9p\u00edt\u00e9sben is seg\u00edtettek a lakoss\u00e1gnak. err\u0151l egy f\u00e9nyk\u00e9pes \u00f6ssze\u00e1ll\u00edt\u00e1st k\u00e9sz\u00edtettek, a r\u00e9sztvev\u0151knek.<\/p>\n<p>Az esem\u00e9ny v\u00e9g\u00e9n a felsz\u00f3lal\u00f3k k\u00f6z\u00f6sen \u00e1tv\u00e1gt\u00e1k a rakt\u00e1r kapuj\u00e1t lez\u00e1r\u00f3 szalagot \u00e9s megnyitott\u00e1k az \u00e9p\u00fcletet a seg\u00edt\u0151 szolg\u00e1lat jegy\u00e9ben, majd \u00fatnak is ind\u00edtott\u00e1k az els\u0151 seg\u00e9lysz\u00e1ll\u00edtm\u00e1nyokat a rakt\u00e1rb\u00f3l.<\/p>\n<p>Sz\u00f6veg: Katolikus Karit\u00e1sz<\/p>\n<p>Fot\u00f3: Katolikus Karit\u00e1sz, MTI<\/p>\n<\/div><\/div><\/div><\/div><\/div><div class=\"fusion-fullwidth fullwidth-box fusion-builder-row-2 fusion-flex-container fusion-parallax-none nonhundred-percent-fullwidth non-hundred-percent-height-scrolling\" style=\"--awb-border-sizes-top:0px;--awb-border-sizes-bottom:0px;--awb-border-sizes-left:0px;--awb-border-sizes-right:0px;--awb-border-radius-top-left:0px;--awb-border-radius-top-right:0px;--awb-border-radius-bottom-right:0px;--awb-border-radius-bottom-left:0px;--awb-padding-top:150px;--awb-padding-bottom:150px;--awb-background-image:url(&quot;https:\/\/karitaszeger.hu\/web\/wp-content\/uploads\/2021\/03\/segits-scaled.jpg&quot;);--awb-background-size:cover;--awb-flex-wrap:wrap;\" ><div class=\"fusion-builder-row fusion-row fusion-flex-align-items-flex-start fusion-flex-content-wrap\" style=\"max-width:calc( 1170px + 0px );margin-left: calc(-0px \/ 2 );margin-right: calc(-0px \/ 2 );\"><div class=\"fusion-layout-column fusion_builder_column fusion-builder-column-1 fusion_builder_column_1_1 1_1 fusion-flex-column\" style=\"--awb-padding-right:11%;--awb-padding-left:11%;--awb-bg-size:cover;--awb-width-large:100%;--awb-margin-top-large:0px;--awb-spacing-right-large:0px;--awb-margin-bottom-large:20px;--awb-spacing-left-large:0px;--awb-width-medium:100%;--awb-spacing-right-medium:0px;--awb-spacing-left-medium:0px;--awb-width-small:100%;--awb-spacing-right-small:0px;--awb-spacing-left-small:0px;\"><div class=\"fusion-column-wrapper fusion-flex-justify-content-flex-start fusion-content-layout-column\"><div class=\"fusion-title title fusion-title-1 fusion-sep-none fusion-title-center fusion-title-text fusion-title-size-two\" style=\"--awb-text-color:#ffffff;\"><h2 class=\"fusion-title-heading title-heading-center\" style=\"margin:0;line-height:1;\"><h2 class=\"piros kozepre\"><span style=\"color: #ffffff;\">AZ \u00d6N SEG\u00cdTS\u00c9G\u00c9RE\u00a0IS SZ\u00dcKS\u00c9G VAN!<\/span><\/h2>\n<div class=\"content\"><\/div><\/h2><\/div><div class=\"fusion-separator\" style=\"align-self: center;margin-left: auto;margin-right: auto;margin-top:0px;margin-bottom:40px;width:100%;max-width:200px;\"><div class=\"fusion-separator-border sep-single sep-solid\" style=\"--awb-height:20px;--awb-amount:20px;--awb-sep-color:#f44336;border-color:#f44336;border-top-width:3px;\"><\/div><\/div><div class=\"fusion-text fusion-text-2\"><h2 style=\"text-align: center;\"><span style=\"color: #ffffff;\"><strong>1356 \u2013 H\u00cdVJON, HOGY SEG\u00cdTHESS\u00dcNK!<\/strong><\/span><\/h2>\n<\/div><div class=\"fusion-builder-row fusion-builder-row-inner fusion-row fusion-flex-align-items-flex-start fusion-flex-content-wrap\" style=\"width:calc( 100% + 0px ) !important;max-width:calc( 100% + 0px ) !important;margin-left: calc(-0px \/ 2 );margin-right: calc(-0px \/ 2 );\"><div class=\"fusion-layout-column fusion_builder_column_inner fusion-builder-nested-column-0 fusion_builder_column_inner_1_3 1_3 fusion-flex-column\" style=\"--awb-bg-size:cover;--awb-width-large:33.333333333333%;--awb-margin-top-large:0px;--awb-spacing-right-large:0px;--awb-margin-bottom-large:20px;--awb-spacing-left-large:0px;--awb-width-medium:100%;--awb-order-medium:0;--awb-spacing-right-medium:0px;--awb-spacing-left-medium:0px;--awb-width-small:100%;--awb-order-small:0;--awb-spacing-right-small:0px;--awb-spacing-left-small:0px;\"><div class=\"fusion-column-wrapper fusion-column-has-shadow fusion-flex-justify-content-flex-start fusion-content-layout-column\"><\/div><\/div><div class=\"fusion-layout-column fusion_builder_column_inner fusion-builder-nested-column-1 fusion_builder_column_inner_1_3 1_3 fusion-flex-column fusion-animated\" style=\"--awb-bg-color:#f44336;--awb-bg-color-hover:#f44336;--awb-bg-size:cover;--awb-width-large:33.333333333333%;--awb-margin-top-large:0px;--awb-spacing-right-large:0px;--awb-margin-bottom-large:20px;--awb-spacing-left-large:0px;--awb-width-medium:100%;--awb-order-medium:0;--awb-spacing-right-medium:0px;--awb-spacing-left-medium:0px;--awb-width-small:100%;--awb-order-small:0;--awb-spacing-right-small:0px;--awb-spacing-left-small:0px;\" data-animationType=\"bounceInDown\" data-animationDuration=\"1.3\" data-animationOffset=\"top-into-view\"><div class=\"fusion-column-wrapper fusion-column-has-shadow fusion-flex-justify-content-flex-start fusion-content-layout-column\"><div style=\"text-align:center;\"><a class=\"fusion-button button-flat fusion-button-default-size button-custom fusion-button-default button-1 fusion-button-default-span fusion-button-default-type fusion-has-button-gradient\" style=\"--button_accent_color:#ffffff;--button_accent_hover_color:#f44336;--button_border_hover_color:#f44336;--button_border_width-top:0;--button_border_width-right:0;--button_border_width-bottom:0;--button_border_width-left:0;--button_gradient_top_color:rgba(254,201,107,0);--button_gradient_bottom_color:rgba(254,201,107,0);--button_gradient_top_color_hover:#ffffff;--button_gradient_bottom_color_hover:rgba(0,0,0,0);\" target=\"_self\" href=\"#\"><i class=\"fa-credit-card fas awb-button__icon awb-button__icon--default button-icon-left\" aria-hidden=\"true\"><\/i><span class=\"fusion-button-text awb-button__text awb-button__text--default\">ONLINE ADOM\u00c1NYOZ\u00c1S<\/span><\/a><\/div><\/div><\/div><div class=\"fusion-layout-column fusion_builder_column_inner fusion-builder-nested-column-2 fusion_builder_column_inner_1_3 1_3 fusion-flex-column\" style=\"--awb-bg-size:cover;--awb-width-large:33.333333333333%;--awb-margin-top-large:0px;--awb-spacing-right-large:0px;--awb-margin-bottom-large:20px;--awb-spacing-left-large:0px;--awb-width-medium:100%;--awb-order-medium:0;--awb-spacing-right-medium:0px;--awb-spacing-left-medium:0px;--awb-width-small:100%;--awb-order-small:0;--awb-spacing-right-small:0px;--awb-spacing-left-small:0px;\"><div class=\"fusion-column-wrapper fusion-column-has-shadow fusion-flex-justify-content-flex-start fusion-content-layout-column\"><\/div><\/div><\/div><\/div><\/div><\/div><\/div><\/p>\n","protected":false},"excerpt":{"rendered":"","protected":false},"author":3,"featured_media":3449,"comment_status":"open","ping_status":"open","sticky":false,"template":"","format":"standard","meta":{"footnotes":""},"categories":[107],"tags":[],"class_list":["post-3448","post","type-post","status-publish","format-standard","has-post-thumbnail","hentry","category-hirek"],"_links":{"self":[{"href":"https:\/\/karitaszeger.hu\/web\/wp-json\/wp\/v2\/posts\/3448","targetHints":{"allow":["GET"]}}],"collection":[{"href":"https:\/\/karitaszeger.hu\/web\/wp-json\/wp\/v2\/posts"}],"about":[{"href":"https:\/\/karitaszeger.hu\/web\/wp-json\/wp\/v2\/types\/post"}],"author":[{"embeddable":true,"href":"https:\/\/karitaszeger.hu\/web\/wp-json\/wp\/v2\/users\/3"}],"replies":[{"embeddable":true,"href":"https:\/\/karitaszeger.hu\/web\/wp-json\/wp\/v2\/comments?post=3448"}],"version-history":[{"count":1,"href":"https:\/\/karitaszeger.hu\/web\/wp-json\/wp\/v2\/posts\/3448\/revisions"}],"predecessor-version":[{"id":3450,"href":"https:\/\/karitaszeger.hu\/web\/wp-json\/wp\/v2\/posts\/3448\/revisions\/3450"}],"wp:featuredmedia":[{"embeddable":true,"href":"https:\/\/karitaszeger.hu\/web\/wp-json\/wp\/v2\/media\/3449"}],"wp:attachment":[{"href":"https:\/\/karitaszeger.hu\/web\/wp-json\/wp\/v2\/media?parent=3448"}],"wp:term":[{"taxonomy":"category","embeddable":true,"href":"https:\/\/karitaszeger.hu\/web\/wp-json\/wp\/v2\/categories?post=3448"},{"taxonomy":"post_tag","embeddable":true,"href":"https:\/\/karitaszeger.hu\/web\/wp-json\/wp\/v2\/tags?post=3448"}],"curies":[{"name":"wp","href":"https:\/\/api.w.org\/{rel}","templated":true}]}}