{"id":3467,"date":"2020-04-15T12:26:47","date_gmt":"2020-04-15T12:26:47","guid":{"rendered":"https:\/\/karitaszeger.hu\/web\/?p=3467"},"modified":"2021-03-22T12:28:30","modified_gmt":"2021-03-22T12:28:30","slug":"veszhelyzetben-is-segit-az-egri-karitasz","status":"publish","type":"post","link":"https:\/\/karitaszeger.hu\/web\/2020\/04\/15\/veszhelyzetben-is-segit-az-egri-karitasz\/","title":{"rendered":"V\u00e9szhelyzetben is seg\u00edt az egri karit\u00e1sz"},"content":{"rendered":"<p><div class=\"fusion-fullwidth fullwidth-box fusion-builder-row-1 fusion-flex-container nonhundred-percent-fullwidth non-hundred-percent-height-scrolling\" style=\"--awb-border-radius-top-left:0px;--awb-border-radius-top-right:0px;--awb-border-radius-bottom-right:0px;--awb-border-radius-bottom-left:0px;--awb-padding-bottom:30px;--awb-flex-wrap:wrap;\" ><div class=\"fusion-builder-row fusion-row fusion-flex-align-items-flex-start fusion-flex-content-wrap\" style=\"max-width:1216.8px;margin-left: calc(-4% \/ 2 );margin-right: calc(-4% \/ 2 );\"><div class=\"fusion-layout-column fusion_builder_column fusion-builder-column-0 fusion_builder_column_1_1 1_1 fusion-flex-column\" style=\"--awb-bg-size:cover;--awb-width-large:100%;--awb-margin-top-large:0px;--awb-spacing-right-large:1.92%;--awb-margin-bottom-large:0px;--awb-spacing-left-large:1.92%;--awb-width-medium:100%;--awb-spacing-right-medium:1.92%;--awb-spacing-left-medium:1.92%;--awb-width-small:100%;--awb-spacing-right-small:1.92%;--awb-spacing-left-small:1.92%;\"><div class=\"fusion-column-wrapper fusion-flex-justify-content-flex-start fusion-content-layout-column\"><div class=\"fusion-separator fusion-full-width-sep\" style=\"align-self: center;margin-left: auto;margin-right: auto;margin-bottom:10px;width:100%;\"><div class=\"fusion-separator-border sep-single\" style=\"--awb-height:20px;--awb-amount:20px;border-color:#e00000;border-top-width:1px;\"><\/div><\/div><div class=\"fusion-text fusion-text-1\"><h1 class=\"cim\" style=\"text-align: center;\"><span style=\"color: #ff0000;\">V\u00e9szhelyzetben is seg\u00edt az egri karit\u00e1sz<\/span><\/h1>\n<div class=\"kozepre\"><a class=\"fokep\" rel=\"lightbox&#091;'g104929'&#093;\"><img decoding=\"async\" src=\"https:\/\/www.magyarkurir.hu\/img1.php?id=104929&amp;v=1&amp;img=c_20200404_111915.jpg\" \/><span class=\"galcount\" title=\"14 k\u00e9p a gal\u00e9ri\u00e1ban, kattintson!\"><img decoding=\"async\" src=\"https:\/\/www.magyarkurir.hu\/design1\/img\/img.png\" align=\"absmiddle\" \/>\u00a014<\/span><\/a><\/div>\n<h3 class=\"lead\">Szerkeszt\u0151s\u00e9g\u00fcnk k\u00e9r\u00e9s\u00e9re \u00c1rvai Ferenc, az Egri F\u0151egyh\u00e1zmegye karit\u00e1szk\u00f6zpontj\u00e1nak igazgat\u00f3ja v\u00e1laszolt arra, hogy mik\u00e9nt tudnak seg\u00edteni a r\u00e1szorul\u00f3knak most, a vesz\u00e9lyhelyzet idej\u00e9n.<\/h3>\n<div class=\"contentsav\">\n<p>Az Egri F\u0151egyh\u00e1zmegy\u00e9ben a v\u00e9szhelyzet idej\u00e9n a f\u0151egyh\u00e1zmegyei karit\u00e1szk\u00f6zpont az Egyh\u00e1zunk nev\u00e9ben \u00e9s az evang\u00e9lium szellem\u00e9ben seg\u00edt, teszi a j\u00f3t. A seg\u00e9lyez\u00e9s katasztr\u00f3fahelyzeti forgat\u00f3k\u00f6nyv szerint folytat\u00f3dik: a s\u00fcrg\u0151sebb seg\u00edts\u00e9g ker\u00fclt el\u0151t\u00e9rbe. A munka megszaporodott, \u00e9s a jellege is megv\u00e1ltozott a v\u00edrusvesz\u00e9lynek megfelel\u0151en.<\/p>\n<p>\u00c1rva Ferenc elmondta: az eg\u00e9szs\u00e9g\u00fcgyi el\u0151\u00edr\u00e1sokat betartva, a szem\u00e9lyes kontaktokat minim\u00e1lisra cs\u00f6kkentve v\u00e9gzik a seg\u00e9lyez\u00e9s azon r\u00e9sz\u00e9t, ami online nem kivitelezhet\u0151: az \u00e9lelmiszer-sz\u00e1ll\u00edtm\u00e1nyok fogad\u00e1s\u00e1t, az adom\u00e1nycsomagok k\u00e9sz\u00edt\u00e9s\u00e9t, azok kisz\u00e1ll\u00edt\u00e1s\u00e1t a telep\u00fcl\u00e9seken m\u00e9g m\u0171k\u00f6dni tud\u00f3 karit\u00e1szcsoportokhoz.<\/p>\n<p>Mivel a karit\u00e1sz\u00f6nk\u00e9ntesek jelent\u0151s r\u00e9sze \u00e9letkora miatt otthon kell hogy tart\u00f3zkodjon, megfogyatkozott az akt\u00edv \u00f6nk\u00e9ntesek sz\u00e1ma. Azonban \u0151k sem t\u00e9tlenkednek: \u00c1rvai Ferenc k\u00f6rlev\u00e9lben buzd\u00edtotta \u0151ket im\u00e1ra, amivel mindannyian er\u0151s h\u00e1tteret biztos\u00edtanak; otthonukb\u00f3l telefonos kapcsolattart\u00e1ssal seg\u00edtik a lak\u00e1saikba z\u00e1rt mag\u00e1nyos id\u0151seket, napi lelki seg\u00edts\u00e9gny\u00fajt\u00e1st v\u00e9geznek, ami a mostani helyzetben nagyon fontoss\u00e1 v\u00e1lt; a vil\u00e1gh\u00e1l\u00f3n is ny\u00fajtanak lelki seg\u00edts\u00e9get, de azoknak is tan\u00e1csokkal szolg\u00e1lnak, akik nem j\u00e1ratosak az internet vil\u00e1g\u00e1ban, esetleg nincs is ilyen lehet\u0151s\u00e9g\u00fck; kamp\u00e1nyolnak az otthonmarad\u00e1s \u00e9s az eg\u00e9szs\u00e9g\u00fcgyi el\u0151\u00edr\u00e1sok betart\u00e1sa \u00e9rdek\u00e9ben, \u00e9s sokan v\u00e1llalkoztak v\u00e9d\u0151maszk varr\u00e1s\u00e1ra is.<\/p>\n<p><a title=\"\" rel=\"lightbox&#091;'g104929'&#093;\"><img decoding=\"async\" class=\"ckep\" src=\"https:\/\/www.magyarkurir.hu\/img1.php?id=104929&amp;v=1&amp;p=1&amp;img=c_IMG_20200325_125845_1.jpg\" alt=\"\" border=\"0\" \/><\/a><\/p>\n<p>Az Egri F\u0151egyh\u00e1zmegy\u00e9ben sok telep\u00fcl\u00e9sen vannak akt\u00edv karit\u00e1sz\u00f6nk\u00e9ntesek, akik a csal\u00e1dokat \u00e9s az id\u0151seket felkeresik. Bev\u00e1s\u00e1rolnak nekik, kiv\u00e1ltj\u00e1k gy\u00f3gyszereiket, post\u00e1ra mennek helyett\u00fck, tanulnak a gyerekekkel, \u00e9lelmiszeradom\u00e1nyt csomagolnak \u00e9s elviszik a csal\u00e1dokhoz; az \u00f6nkorm\u00e1nyzattal egy\u00fcttm\u0171k\u00f6dve seg\u00edtenek a telep\u00fcl\u00e9sen. Lehet\u0151s\u00e9geikhez m\u00e9rten teszik a j\u00f3t.<\/p>\n<p>Az egri karit\u00e1szk\u00f6zpont seg\u00edti a pl\u00e9b\u00e1niai karit\u00e1szcsoportok munk\u00e1j\u00e1t, az \u00f6nk\u00e9nteseket v\u00e9d\u0151maszkkal, k\u00e9zfert\u0151tlen\u00edt\u0151vel \u00e9s gumikeszty\u0171vel l\u00e1tj\u00e1k el. Az akt\u00edv karit\u00e1szcsoportok sz\u00e1m\u00e1ra tart\u00f3s\u00e9lelmiszer-csomagokat sz\u00e1ll\u00edtanak, amelyeket helyben juttatnak el a csal\u00e1dokhoz.<\/p>\n<p>A 2011 \u00f3ta tart\u00f3 kr\u00edzisseg\u00e9ly-programot online tudj\u00e1k v\u00e9gezni, a neh\u00e9z helyzetbe ker\u00fclt csal\u00e1dokat gy\u00f3gyszer \u00e9s rezsi finansz\u00edroz\u00e1s\u00e1val t\u00e1mogatj\u00e1k. Mivel a munkahely id\u0151leges elveszt\u00e9se miatt most t\u00f6bb csal\u00e1d neh\u00e9z helyzetbe ker\u00fclhet, m\u00e9g fontosabb sz\u00e1munkra a csal\u00e1dok t\u00e1mogat\u00e1sa. Id\u00e9n 23 telep\u00fcl\u00e9sen 1200 csal\u00e1dnak juttatnak el vet\u0151magcsomagot, \u00edgy az otthonl\u00e9tet tartalmasabb\u00e1 tehetik a kert megm\u0171vel\u00e9s\u00e9vel, \u00e9s hozz\u00e1j\u00e1rulnak az \u00f6ngondoskod\u00e1shoz. Egerben naponta \u00f6tven f\u0151 sz\u00e1m\u00e1ra tudnak k\u00e9tfog\u00e1sos meleg \u00e9telt biztos\u00edtani a r\u00e1szorul\u00f3knak. E seg\u00e9lyprogram 2012 \u00f3ta tart Egerben.<\/p>\n<p>Seg\u00edtett\u00e9k az egri Mark\u00f3th Ferenc k\u00f3rh\u00e1zat is, mivel k\u00e9rt\u00e9k, hogy a hideg id\u0151ben fogadj\u00e1k be a k\u00f3rh\u00e1zi kezel\u00e9s v\u00e9g\u00e9n a gy\u00f3gyult hajl\u00e9ktalanokat, \u00edgy teljes ell\u00e1t\u00e1ssal, 24 \u00f3r\u00e1s befogad\u00e1st v\u00e9geznek.<\/p>\n<p><a title=\"\" rel=\"lightbox&#091;'g104929'&#093;\"><img decoding=\"async\" class=\"ckep\" src=\"https:\/\/www.magyarkurir.hu\/img1.php?id=104929&amp;v=1&amp;p=1&amp;img=c_20200402_094342.jpg\" alt=\"\" border=\"0\" \/><\/a><\/p>\n<p>Nagykereskedelmi c\u00e9gekt\u0151l folyamatosan rendelnek \u00e9lelmiszert, az ezekb\u0151l k\u00e9sz\u00edtett csomagokat pl\u00e9b\u00e1niai csoportoknak sz\u00e1ll\u00edtj\u00e1k ki. Eddig 35 telep\u00fcl\u00e9sre vittek adom\u00e1nyt, az egy\u00e9ni k\u00e9relmeket pedig postai \u00faton juttatj\u00e1k el a csal\u00e1dokhoz. Naponta v\u00e9geznek \u00e9lelmiszerment\u00e9st a Magyar \u00c9lelmiszerbank partnerek\u00e9nt a Tesco egri \u00fczlet\u00e9b\u0151l, amit k\u00fcl\u00f6nb\u00f6z\u0151 telep\u00fcl\u00e9seken adnak \u00e1t a r\u00e1szorul\u00f3 csal\u00e1doknak. Seg\u00e9lyprogramukban eddig a v\u00e9szhelyzet idej\u00e9n 15 milli\u00f3 forint \u00e9rt\u00e9kben seg\u00edtett\u00e9k a csal\u00e1dokat.<\/p>\n<p>Az egri R\u00e9v Szenved\u00e9lybeteg-seg\u00edt\u0151 Szolg\u00e1lat nappali ell\u00e1t\u00e1sa d\u00e9lel\u0151tt\u00f6nk\u00e9nt a R\u00c9V \u00e9p\u00fclet\u00e9ben szem\u00e9lyes \u00fcgyeletet tart. Minden szolg\u00e1ltat\u00e1sukban tov\u00e1bbra is fogadj\u00e1k a munkat\u00e1rsak a hozz\u00e1juk fordul\u00f3kat, els\u0151sorban a R\u00c9V weboldal\u00e1n \u00e9s k\u00f6z\u00f6ss\u00e9gi oldalain el\u00e9rhet\u0151 nyilv\u00e1nos telefonsz\u00e1mokon, valamint az online el\u00e9rhet\u0151s\u00e9geken. Kr\u00edzishelyzetben tov\u00e1bbra is szem\u00e9lyesen avatkoznak be, ha sz\u00fcks\u00e9ges.<\/p>\n<p><a title=\"\" rel=\"lightbox&#091;'g104929'&#093;\"><img decoding=\"async\" class=\"ckep\" src=\"https:\/\/www.magyarkurir.hu\/img1.php?id=104929&amp;v=1&amp;p=1&amp;img=c_20200326_161159.jpg\" alt=\"\" border=\"0\" \/><\/a><\/p>\n<p>\u201eAzt tapasztaljuk, hogy a hozz\u00e1nk fordul\u00f3knak b\u00e1r idegen a helyzet, amelyben online \u00e9s telefonos seg\u00edt\u0151i besz\u00e9lget\u00e9sekben vehetnek r\u00e9szt, de \u00f6r\u00fclnek, hogy ebben a neh\u00e9z helyzetben sem maradnak magukra probl\u00e9m\u00e1ikkal. A szenved\u00e9lybeteg csal\u00e1dokon k\u00edv\u00fcl tov\u00e1bbra is felel\u0151ss\u00e9get \u00e9rz\u00fcnk a megkezdett iskolai tan\u00e1csad\u00e1saink kapcs\u00e1n, hiszen azt tapasztaljuk, hogy a k\u00f6z\u00e9piskol\u00e1s koroszt\u00e1lyt \u2013 akik am\u00fagy is kiemelten vesz\u00e9lyeztetettek voltak szerhaszn\u00e1lat kapcs\u00e1n \u2013 ez a vesz\u00e9lyhelyzet \u00e9rzelmileg a legink\u00e1bb s\u00fajtja. A vel\u00fcnk egy\u00fcttm\u0171k\u00f6d\u00e9sbe l\u00e9v\u0151 iskol\u00e1kkal felvett\u00fck a kapcsolatot, \u00e9s rajtuk kereszt\u00fcl a fiatalok is szem\u00e9lyesen megkapt\u00e1k el\u00e9rhet\u0151s\u00e9geinket, amelyeket haszn\u00e1lnak is, az \u0151 eset\u00fckben az online tan\u00e1csad\u00e1sra t\u00f6rt\u00e9n\u0151 \u00e1t\u00e1ll\u00e1s g\u00f6rd\u00fcl\u00e9kenyebben \u00e9s k\u00f6nnyebben ment.<\/p>\n<p>Ez\u00faton is szeretn\u00e9m h\u00e1l\u00e1san megk\u00f6sz\u00f6nni munkat\u00e1rsaimnak \u00e9s a karit\u00e1sz\u00f6nk\u00e9nteseknek az \u00e1ldozatos \u00e9s f\u00e1radhatatlan munk\u00e1j\u00e1t\u201d \u2013 mondta el \u00c1rvai Ferenc, az Egri F\u0151egyh\u00e1zmegye karit\u00e1szk\u00f6zpontj\u00e1nak igazgat\u00f3ja.<\/p>\n<p><strong>Fot\u00f3: Egri Karit\u00e1szk\u00f6zpont<\/strong><\/p>\n<p><strong>B\u00f3kay L\u00e1szl\u00f3\/Magyar Kur\u00edr<\/strong><\/p>\n<\/div>\n<\/div><\/div><\/div><\/div><\/div><div class=\"fusion-fullwidth fullwidth-box fusion-builder-row-2 fusion-flex-container fusion-parallax-none nonhundred-percent-fullwidth non-hundred-percent-height-scrolling\" style=\"--awb-border-sizes-top:0px;--awb-border-sizes-bottom:0px;--awb-border-sizes-left:0px;--awb-border-sizes-right:0px;--awb-border-radius-top-left:0px;--awb-border-radius-top-right:0px;--awb-border-radius-bottom-right:0px;--awb-border-radius-bottom-left:0px;--awb-padding-top:150px;--awb-padding-bottom:150px;--awb-background-image:url(&quot;https:\/\/karitaszeger.hu\/web\/wp-content\/uploads\/2021\/03\/segits-scaled.jpg&quot;);--awb-background-size:cover;--awb-flex-wrap:wrap;\" ><div class=\"fusion-builder-row fusion-row fusion-flex-align-items-flex-start fusion-flex-content-wrap\" style=\"max-width:calc( 1170px + 0px );margin-left: calc(-0px \/ 2 );margin-right: calc(-0px \/ 2 );\"><div class=\"fusion-layout-column fusion_builder_column fusion-builder-column-1 fusion_builder_column_1_1 1_1 fusion-flex-column\" style=\"--awb-padding-right:11%;--awb-padding-left:11%;--awb-bg-size:cover;--awb-width-large:100%;--awb-margin-top-large:0px;--awb-spacing-right-large:0px;--awb-margin-bottom-large:20px;--awb-spacing-left-large:0px;--awb-width-medium:100%;--awb-spacing-right-medium:0px;--awb-spacing-left-medium:0px;--awb-width-small:100%;--awb-spacing-right-small:0px;--awb-spacing-left-small:0px;\"><div class=\"fusion-column-wrapper fusion-flex-justify-content-flex-start fusion-content-layout-column\"><div class=\"fusion-title title fusion-title-1 fusion-sep-none fusion-title-center fusion-title-text fusion-title-size-two\" style=\"--awb-text-color:#ffffff;\"><h2 class=\"fusion-title-heading title-heading-center\" style=\"margin:0;line-height:1;\"><h2 class=\"piros kozepre\"><span style=\"color: #ffffff;\">AZ \u00d6N SEG\u00cdTS\u00c9G\u00c9RE\u00a0IS SZ\u00dcKS\u00c9G VAN!<\/span><\/h2>\n<div class=\"content\"><\/div><\/h2><\/div><div class=\"fusion-separator\" style=\"align-self: center;margin-left: auto;margin-right: auto;margin-top:0px;margin-bottom:40px;width:100%;max-width:200px;\"><div class=\"fusion-separator-border sep-single sep-solid\" style=\"--awb-height:20px;--awb-amount:20px;--awb-sep-color:#f44336;border-color:#f44336;border-top-width:3px;\"><\/div><\/div><div class=\"fusion-text fusion-text-2\"><h2 style=\"text-align: center;\"><span style=\"color: #ffffff;\"><strong>1356 \u2013 H\u00cdVJON, HOGY SEG\u00cdTHESS\u00dcNK!<\/strong><\/span><\/h2>\n<\/div><div class=\"fusion-builder-row fusion-builder-row-inner fusion-row fusion-flex-align-items-flex-start fusion-flex-content-wrap\" style=\"width:calc( 100% + 0px ) !important;max-width:calc( 100% + 0px ) !important;margin-left: calc(-0px \/ 2 );margin-right: calc(-0px \/ 2 );\"><div class=\"fusion-layout-column fusion_builder_column_inner fusion-builder-nested-column-0 fusion_builder_column_inner_1_3 1_3 fusion-flex-column\" style=\"--awb-bg-size:cover;--awb-width-large:33.333333333333%;--awb-margin-top-large:0px;--awb-spacing-right-large:0px;--awb-margin-bottom-large:20px;--awb-spacing-left-large:0px;--awb-width-medium:100%;--awb-order-medium:0;--awb-spacing-right-medium:0px;--awb-spacing-left-medium:0px;--awb-width-small:100%;--awb-order-small:0;--awb-spacing-right-small:0px;--awb-spacing-left-small:0px;\"><div class=\"fusion-column-wrapper fusion-column-has-shadow fusion-flex-justify-content-flex-start fusion-content-layout-column\"><\/div><\/div><div class=\"fusion-layout-column fusion_builder_column_inner fusion-builder-nested-column-1 fusion_builder_column_inner_1_3 1_3 fusion-flex-column fusion-animated\" style=\"--awb-bg-color:#f44336;--awb-bg-color-hover:#f44336;--awb-bg-size:cover;--awb-width-large:33.333333333333%;--awb-margin-top-large:0px;--awb-spacing-right-large:0px;--awb-margin-bottom-large:20px;--awb-spacing-left-large:0px;--awb-width-medium:100%;--awb-order-medium:0;--awb-spacing-right-medium:0px;--awb-spacing-left-medium:0px;--awb-width-small:100%;--awb-order-small:0;--awb-spacing-right-small:0px;--awb-spacing-left-small:0px;\" data-animationType=\"bounceInDown\" data-animationDuration=\"1.3\" data-animationOffset=\"top-into-view\"><div class=\"fusion-column-wrapper fusion-column-has-shadow fusion-flex-justify-content-flex-start fusion-content-layout-column\"><div style=\"text-align:center;\"><a class=\"fusion-button button-flat fusion-button-default-size button-custom fusion-button-default button-1 fusion-button-default-span fusion-button-default-type fusion-has-button-gradient\" style=\"--button_accent_color:#ffffff;--button_accent_hover_color:#f44336;--button_border_hover_color:#f44336;--button_border_width-top:0;--button_border_width-right:0;--button_border_width-bottom:0;--button_border_width-left:0;--button_gradient_top_color:rgba(254,201,107,0);--button_gradient_bottom_color:rgba(254,201,107,0);--button_gradient_top_color_hover:#ffffff;--button_gradient_bottom_color_hover:rgba(0,0,0,0);\" target=\"_self\" href=\"#\"><i class=\"fa-credit-card fas awb-button__icon awb-button__icon--default button-icon-left\" aria-hidden=\"true\"><\/i><span class=\"fusion-button-text awb-button__text awb-button__text--default\">ONLINE ADOM\u00c1NYOZ\u00c1S<\/span><\/a><\/div><\/div><\/div><div class=\"fusion-layout-column fusion_builder_column_inner fusion-builder-nested-column-2 fusion_builder_column_inner_1_3 1_3 fusion-flex-column\" style=\"--awb-bg-size:cover;--awb-width-large:33.333333333333%;--awb-margin-top-large:0px;--awb-spacing-right-large:0px;--awb-margin-bottom-large:20px;--awb-spacing-left-large:0px;--awb-width-medium:100%;--awb-order-medium:0;--awb-spacing-right-medium:0px;--awb-spacing-left-medium:0px;--awb-width-small:100%;--awb-order-small:0;--awb-spacing-right-small:0px;--awb-spacing-left-small:0px;\"><div class=\"fusion-column-wrapper fusion-column-has-shadow fusion-flex-justify-content-flex-start fusion-content-layout-column\"><\/div><\/div><\/div><\/div><\/div><\/div><\/div><\/p>\n","protected":false},"excerpt":{"rendered":"","protected":false},"author":3,"featured_media":3468,"comment_status":"open","ping_status":"open","sticky":false,"template":"","format":"standard","meta":{"footnotes":""},"categories":[106],"tags":[],"class_list":["post-3467","post","type-post","status-publish","format-standard","has-post-thumbnail","hentry","category-rolunk-irtak"],"_links":{"self":[{"href":"https:\/\/karitaszeger.hu\/web\/wp-json\/wp\/v2\/posts\/3467","targetHints":{"allow":["GET"]}}],"collection":[{"href":"https:\/\/karitaszeger.hu\/web\/wp-json\/wp\/v2\/posts"}],"about":[{"href":"https:\/\/karitaszeger.hu\/web\/wp-json\/wp\/v2\/types\/post"}],"author":[{"embeddable":true,"href":"https:\/\/karitaszeger.hu\/web\/wp-json\/wp\/v2\/users\/3"}],"replies":[{"embeddable":true,"href":"https:\/\/karitaszeger.hu\/web\/wp-json\/wp\/v2\/comments?post=3467"}],"version-history":[{"count":1,"href":"https:\/\/karitaszeger.hu\/web\/wp-json\/wp\/v2\/posts\/3467\/revisions"}],"predecessor-version":[{"id":3469,"href":"https:\/\/karitaszeger.hu\/web\/wp-json\/wp\/v2\/posts\/3467\/revisions\/3469"}],"wp:featuredmedia":[{"embeddable":true,"href":"https:\/\/karitaszeger.hu\/web\/wp-json\/wp\/v2\/media\/3468"}],"wp:attachment":[{"href":"https:\/\/karitaszeger.hu\/web\/wp-json\/wp\/v2\/media?parent=3467"}],"wp:term":[{"taxonomy":"category","embeddable":true,"href":"https:\/\/karitaszeger.hu\/web\/wp-json\/wp\/v2\/categories?post=3467"},{"taxonomy":"post_tag","embeddable":true,"href":"https:\/\/karitaszeger.hu\/web\/wp-json\/wp\/v2\/tags?post=3467"}],"curies":[{"name":"wp","href":"https:\/\/api.w.org\/{rel}","templated":true}]}}