{"id":3962,"date":"2021-07-30T18:12:21","date_gmt":"2021-07-30T18:12:21","guid":{"rendered":"https:\/\/karitaszeger.hu\/web\/?p=3962"},"modified":"2021-09-06T13:51:45","modified_gmt":"2021-09-06T13:51:45","slug":"a-szeretet-jegyeben","status":"publish","type":"post","link":"https:\/\/karitaszeger.hu\/web\/2021\/07\/30\/a-szeretet-jegyeben\/","title":{"rendered":"A szeretet jegy\u00e9ben"},"content":{"rendered":"<p><div class=\"fusion-fullwidth fullwidth-box fusion-builder-row-1 fusion-flex-container nonhundred-percent-fullwidth non-hundred-percent-height-scrolling\" style=\"--awb-border-radius-top-left:0px;--awb-border-radius-top-right:0px;--awb-border-radius-bottom-right:0px;--awb-border-radius-bottom-left:0px;--awb-padding-bottom:30px;--awb-flex-wrap:wrap;\" ><div class=\"fusion-builder-row fusion-row fusion-flex-align-items-flex-start fusion-flex-content-wrap\" style=\"max-width:1216.8px;margin-left: calc(-4% \/ 2 );margin-right: calc(-4% \/ 2 );\"><div class=\"fusion-layout-column fusion_builder_column fusion-builder-column-0 fusion_builder_column_1_1 1_1 fusion-flex-column\" style=\"--awb-bg-size:cover;--awb-width-large:100%;--awb-margin-top-large:0px;--awb-spacing-right-large:1.92%;--awb-margin-bottom-large:0px;--awb-spacing-left-large:1.92%;--awb-width-medium:100%;--awb-spacing-right-medium:1.92%;--awb-spacing-left-medium:1.92%;--awb-width-small:100%;--awb-spacing-right-small:1.92%;--awb-spacing-left-small:1.92%;\"><div class=\"fusion-column-wrapper fusion-flex-justify-content-flex-start fusion-content-layout-column\"><div class=\"fusion-separator fusion-full-width-sep\" style=\"align-self: center;margin-left: auto;margin-right: auto;margin-bottom:10px;width:100%;\"><div class=\"fusion-separator-border sep-single\" style=\"--awb-height:20px;--awb-amount:20px;border-color:#e00000;border-top-width:1px;\"><\/div><\/div><div class=\"fusion-text fusion-text-1\"><h2>A szeretet jegy\u00e9ben &#8211; egy\u00fcttm\u0171k\u00f6dik a szepesi \u00e9s a f\u0151egyh\u00e1zmegyei Karit\u00e1sz<\/h2>\n<div>\n<p><img decoding=\"async\" src=\"https:\/\/eger.egyhazmegye.hu\/uploads\/content_uploads\/Al%C3%A1%C3%ADr%C3%A1s%20Karit%C3%A1sz_1.jpg?1626791037439\" alt=\"\" width=\"800\" height=\"450\" \/><\/p>\n<p><strong><em>Egy\u00fcttm\u0171k\u00f6d\u00e9si meg\u00e1llapod\u00e1st k\u00f6t\u00f6tt a a \u00a0F\u0151egyh\u00e1zmegyei Karit\u00e1sz K\u00f6zpont Eger \u00e9s a Spi\u0161sk\u00e1 Katol\u00edcka Charita (Szepesi Katolikus Karit\u00e1sz) 2021. j\u00falius 20-\u00e1n<br \/>\n<\/em><\/strong><\/p>\n<p>A hat\u00e1rozatlan id\u0151re sz\u00f3l\u00f3 meg\u00e1llapod\u00e1s sz\u00f6veg\u00e9t a sajt\u00f3t\u00e1j\u00e9koztat\u00f3n szlov\u00e1k \u00e9s magyar nyelven ismertett\u00e9k. Mint elhangzott: k\u00f6z\u00f6s k\u00fcldet\u00e9s az evang\u00e9liumi szeretetparancs szellem\u00e9ben a j\u00f3t\u00e9kony cselekedet, s t\u00f6rt\u00e9nelmi szem\u00e9lyis\u00e9gek, Szent Istv\u00e1n \u00e9s \u00c1rp\u00e1d-h\u00e1zi Szent Erzs\u00e9bet p\u00e9ld\u00e1j\u00e1t is k\u00f6vetni kell. A partners\u00e9gi keret-meg\u00e1llapod\u00e1s egy\u00fcttm\u0171k\u00f6d\u00e9sr\u0151l, cserekapcsolatokr\u00f3l, tapasztalatcser\u00e9r\u0151l, szolidarit\u00e1sr\u00f3l, a helyi szervezetek munk\u00e1j\u00e1nak el\u0151seg\u00edt\u00e9s\u00e9r\u0151l, \u00f6nk\u00e9ntess\u00e9gr\u0151l, szoci\u00e1lis munk\u00e1r\u00f3l, oktat\u00e1sr\u00f3l, tudom\u00e1nyr\u00f3l \u00e9s kutat\u00e1sr\u00f3l is sz\u00f3l.<\/p>\n<p><img decoding=\"async\" src=\"https:\/\/eger.egyhazmegye.hu\/uploads\/content_uploads\/05_13.jpg?1626855282880\" alt=\"\" width=\"800\" height=\"450\" \/><\/p>\n<p>Ing. Mgr. PhDr. Pavol Vil\u010dek , a Szepesi Karit\u00e1sz igazgat\u00f3ja k\u00f6sz\u00f6net\u00e9t fejezte ki az\u00e9rt, hogy ez a tal\u00e1lkoz\u00f3 l\u00e9trej\u00f6hetett. Mint mondta, A k\u00f6z\u00f6s t\u00f6rt\u00e9nelmi m\u00falt \u00f6sszek\u00f6t mind a szentek, mind a lelkip\u00e1sztorok, f\u0151p\u00e1sztorok szem\u00e9ly\u00e9n kereszt\u00fcl. Elmondta m\u00e9g: h\u00e1rom \u00e9ve tart az egy\u00fcttm\u0171k\u00f6d\u00e9s, melyet most \u00edr\u00e1sban is meger\u0151s\u00edtenek. A Szepesi Karit\u00e1sz sz\u00e1m\u00e1ra inspir\u00e1l\u00f3 az a munka, ami az Egri F\u0151egyh\u00e1zmegy\u00e9ben folyik, t\u00f6bbek k\u00f6z\u00f6tt a pl\u00e9b\u00e1niai \u00f6nk\u00e9ntess\u00e9g \u00e9s a szenved\u00e9lybetegek gondoz\u00e1sa ter\u00e9n. Fontos az egy\u00fcttm\u0171k\u00f6d\u00e9s,\u00a0 mert sok r\u00e1szorul\u00f3 van.<\/p>\n<p><img decoding=\"async\" src=\"https:\/\/eger.egyhazmegye.hu\/uploads\/content_uploads\/06_10.jpg?1626855320212\" alt=\"\" width=\"800\" height=\"450\" \/><\/p>\n<p>\u00c1rvai Ferenc, a F\u0151egyh\u00e1zmegyei Karit\u00e1sz K\u00f6zpont igazgat\u00f3ja \u00fagy fogalmazott: a Karit\u00e1sz jubileumi \u00e9v\u00e9ben aj\u00e1nd\u00e9k ez a kapcsolat. A Karit\u00e1sz egy nagy csal\u00e1d, a hat\u00e1ron \u00e1t\u00edvel a tev\u00e9kenys\u00e9g\u00fck, \u00e9s a nyelvi korl\u00e1tokon fel\u00fclemelkedve az els\u0151 pillanatokt\u00f3l testv\u00e9rk\u00e9nt tekintenek egym\u00e1sra, s ennek gy\u00fcm\u00f6lcse ez a mai alkalom. Az igazgat\u00f3 k\u00f6sz\u00f6netet mondott a k\u00e9t f\u0151p\u00e1sztornak a t\u00e1mogat\u00e1s\u00e9rt. A k\u00f6z\u00f6s k\u00fcldet\u00e9sre utalva elmondta: tanulni szeretn\u00e9nek egym\u00e1st\u00f3l a szeretetszolg\u00e1latban, Isten szeretet\u00e9t k\u00f6zvet\u00edtve. \u00c1rvai Ferenc elmondta, sok kih\u00edv\u00e1s van, ez\u00e9rt is szerepel a k\u00f6z\u00f6s tev\u00e9kenys\u00e9gek k\u00f6z\u00f6tt a tudom\u00e1nyos munka,\u00a0 mert fontos, hogy az egyh\u00e1z szoci\u00e1lis \u00e9s t\u00e1rsadalmi tan\u00edt\u00e1s\u00e1t is k\u00f6vess\u00e9k. Eml\u00e9keztetett: 15 p\u00e1pai enciklika \u00e9s t\u00f6bb mint 1300 szin\u00f3dusi d\u00f6nt\u00e9s sz\u00fcletett ebben a t\u00e9m\u00e1ban. \u00daj szoci\u00e1lis probl\u00e9m\u00e1kkal is kell foglalkozni, ilyenek a migr\u00e1ci\u00f3, a vil\u00e1gj\u00e1rv\u00e1ny, a katasztr\u00f3f\u00e1k \u00e9s a kl\u00edmav\u00e1ltoz\u00e1s.\u00a0 A Karit\u00e1sz \u00e9let\u00e9ben fontos szerepet kapnak az \u00f6nk\u00e9ntesek, az orsz\u00e1gban 800 telep\u00fcl\u00e9sen 10 ezer, az Egri F\u0151egyh\u00e1zmegy\u00e9ben 65 telep\u00fcl\u00e9sen k\u00f6zel ezer munkat\u00e1rs seg\u00edt ilyen form\u00e1ban. \u00c1rvai Ferenc elmondta m\u00e9g: csereprogramok keret\u00e9ben ismerik majd meg egym\u00e1s munk\u00e1j\u00e1t\u00a0 \u00e9s k\u00f6z\u00f6s k\u00e9pz\u00e9seken is r\u00e9szt vesznek \u00e9s k\u00f6z\u00f6s \u00fcnnepeket is tartanak majd. Az \u00e9gi seg\u00edts\u00e9gben is b\u00edznak,\u00a0 hiszen mindk\u00e9t Karit\u00e1sz szervezet patr\u00f3n\u00e1ja \u00c1rp\u00e1d-h\u00e1zi Szent Erzs\u00e9bet.<\/p>\n<p><img decoding=\"async\" src=\"https:\/\/eger.egyhazmegye.hu\/uploads\/content_uploads\/07_4.jpg?1626855357230\" alt=\"\" width=\"800\" height=\"450\" \/><\/p>\n<p>Dr. ICLic. J\u00e1n Kubo\u0161, PhD szepesi seg\u00e9dp\u00fcsp\u00f6k \u00fagy fogalmazott: h\u00e1l\u00e1sak vagyunk a J\u00f3istennek \u00e9s a vend\u00e9gl\u00e1t\u00f3knak, hogy a k\u00f6z\u00f6s munka v\u00e9gre meger\u0151s\u00edt\u00e9st nyerhetett. \u00a0Visszatekinthet\u00fcnk a k\u00f6z\u00f6s m\u00faltra \u00e9s el\u0151re n\u00e9zhet\u00fcnk a k\u00f6z\u00f6s j\u00f6v\u0151be. A szeretet az a szolg\u00e1lat, ami mindenki sz\u00e1m\u00e1ra \u00e9rhet\u0151, J\u00e9zus p\u00e9ld\u00e1j\u00e1t k\u00f6vetve.<\/p>\n<p><img decoding=\"async\" src=\"https:\/\/eger.egyhazmegye.hu\/uploads\/content_uploads\/09_2.jpg?1626855413209\" alt=\"\" width=\"800\" height=\"450\" \/><\/p>\n<p>Terny\u00e1k Csaba egri \u00e9rsek azt mondta: feltehetj\u00fck a k\u00e9rd\u00e9st, hogy mi\u00e9rt \u00e9ppen Szepes \u00e9s Eger? A v\u00e1lasz a t\u00e1voli \u00e9s a k\u00f6zeli t\u00f6rt\u00e9nelemben van: kiv\u00e1l\u00f3 el\u0151d\u00f6k k\u00f6tnek \u00f6ssze: Pyrker \u00e9rsek, Samassa b\u00edboros. Mindketten szepesi, majd egri p\u00fcsp\u00f6k\u00f6k voltak.\u00a0 A f\u0151p\u00e1sztor a k\u00f6zelm\u00falt kapcsolatait felid\u00e9zve utalt a Pyrker \u00e9rsek alap\u00edtotta Szepesv\u00e1raljai Pedag\u00f3gai F\u0151iskol\u00e1ra, mely int\u00e9zm\u00e9nnyel k\u00f6z\u00f6s konferenci\u00e1t szerveztek \u00e9s f\u0151p\u00e1sztori l\u00e1togat\u00e1sok is t\u00f6rt\u00e9ntek.<\/p>\n<p>Egy \u00faj, k\u00f6z\u00f6s j\u00f6v\u0151 kezdet\u00e9t l\u00e1tjuk az egy\u00fcttm\u0171k\u00f6d\u00e9sben, mely az igehirdet\u00e9s, a szents\u00e9gi szolg\u00e1lat \u00e9s a karit\u00e1sz ter\u00fclet\u00e9n tov\u00e1bb m\u00e9ly\u00edthet\u0151.\u00a0 Terny\u00e1k \u00e9rsek r\u00e1mutatott: a templomi igehirdet\u00e9st \u00e9s a szents\u00e9gek kiszolg\u00e1ltat\u00e1s\u00e1t a tev\u00e9keny felebar\u00e1ti szeretet hiteles\u00edti. Az egri \u00e9rsek v\u00e9g\u00fcl k\u00f6sz\u00f6net\u00e9t fejezte ki minden r\u00e9sztvev\u0151nek, akik munk\u00e1jukkal seg\u00edtett\u00e9k, hogy az egy\u00fcttm\u0171k\u00f6d\u00e9s l\u00e9trej\u00f6jj\u00f6n \u00e9s m\u0171k\u00f6dj\u00f6n.<\/p>\n<p>B\u00e9rczessy Andr\u00e1s<\/p>\n<p>k\u00e9p: Szent Istv\u00e1n Telev\u00edzi\u00f3 &#8211; Federics R\u00f3bert<\/p>\n<p>Forr\u00e1s: <a href=\"https:\/\/eger.egyhazmegye.hu\/hirek\/hirek-200\/a-szeretet-jegyeben-egyuttmukodik-a-szepesi-es-a-foegyhazmegyei-karitasz\">https:\/\/eger.egyhazmegye.hu\/hirek\/hirek-200\/a-szeretet-jegyeben-egyuttmukodik-a-szepesi-es-a-foegyhazmegyei-karitasz<\/a><\/p>\n<\/div>\n<div class=\"kvgmc6g5 cxmmr5t8 oygrvhab hcukyx3x c1et5uql ii04i59q\">\n<div><\/div>\n<\/div>\n<\/div><\/div><\/div><\/div><\/div><div class=\"fusion-fullwidth fullwidth-box fusion-builder-row-2 fusion-flex-container fusion-parallax-none nonhundred-percent-fullwidth non-hundred-percent-height-scrolling\" style=\"--awb-border-sizes-top:0px;--awb-border-sizes-bottom:0px;--awb-border-sizes-left:0px;--awb-border-sizes-right:0px;--awb-border-radius-top-left:0px;--awb-border-radius-top-right:0px;--awb-border-radius-bottom-right:0px;--awb-border-radius-bottom-left:0px;--awb-padding-top:150px;--awb-padding-bottom:150px;--awb-background-image:url(&quot;https:\/\/karitaszeger.hu\/web\/wp-content\/uploads\/2021\/03\/segits-scaled.jpg&quot;);--awb-background-size:cover;--awb-flex-wrap:wrap;\" ><div class=\"fusion-builder-row fusion-row fusion-flex-align-items-flex-start fusion-flex-content-wrap\" style=\"max-width:calc( 1170px + 0px );margin-left: calc(-0px \/ 2 );margin-right: calc(-0px \/ 2 );\"><div class=\"fusion-layout-column fusion_builder_column fusion-builder-column-1 fusion_builder_column_1_1 1_1 fusion-flex-column\" style=\"--awb-padding-right:11%;--awb-padding-left:11%;--awb-bg-size:cover;--awb-width-large:100%;--awb-margin-top-large:0px;--awb-spacing-right-large:0px;--awb-margin-bottom-large:20px;--awb-spacing-left-large:0px;--awb-width-medium:100%;--awb-spacing-right-medium:0px;--awb-spacing-left-medium:0px;--awb-width-small:100%;--awb-spacing-right-small:0px;--awb-spacing-left-small:0px;\"><div class=\"fusion-column-wrapper fusion-flex-justify-content-flex-start fusion-content-layout-column\"><div class=\"fusion-title title fusion-title-1 fusion-sep-none fusion-title-center fusion-title-text fusion-title-size-two\" style=\"--awb-text-color:#ffffff;\"><h2 class=\"fusion-title-heading title-heading-center\" style=\"margin:0;line-height:1;\"><h2 class=\"piros kozepre\"><span style=\"color: #ffffff;\">AZ \u00d6N SEG\u00cdTS\u00c9G\u00c9RE\u00a0IS SZ\u00dcKS\u00c9G VAN!<\/span><\/h2>\n<div class=\"content\"><\/div><\/h2><\/div><div class=\"fusion-separator\" style=\"align-self: center;margin-left: auto;margin-right: auto;margin-top:0px;margin-bottom:40px;width:100%;max-width:200px;\"><div class=\"fusion-separator-border sep-single sep-solid\" style=\"--awb-height:20px;--awb-amount:20px;--awb-sep-color:#f44336;border-color:#f44336;border-top-width:3px;\"><\/div><\/div><div class=\"fusion-text fusion-text-2\"><h2 style=\"text-align: center;\"><span style=\"color: #ffffff;\"><strong>1356 \u2013 H\u00cdVJON, HOGY SEG\u00cdTHESS\u00dcNK!<\/strong><\/span><\/h2>\n<\/div><div class=\"fusion-builder-row fusion-builder-row-inner fusion-row fusion-flex-align-items-flex-start fusion-flex-content-wrap\" style=\"width:calc( 100% + 0px ) !important;max-width:calc( 100% + 0px ) !important;margin-left: calc(-0px \/ 2 );margin-right: calc(-0px \/ 2 );\"><div class=\"fusion-layout-column fusion_builder_column_inner fusion-builder-nested-column-0 fusion_builder_column_inner_1_3 1_3 fusion-flex-column\" style=\"--awb-bg-size:cover;--awb-width-large:33.333333333333%;--awb-margin-top-large:0px;--awb-spacing-right-large:0px;--awb-margin-bottom-large:20px;--awb-spacing-left-large:0px;--awb-width-medium:100%;--awb-order-medium:0;--awb-spacing-right-medium:0px;--awb-spacing-left-medium:0px;--awb-width-small:100%;--awb-order-small:0;--awb-spacing-right-small:0px;--awb-spacing-left-small:0px;\"><div class=\"fusion-column-wrapper fusion-column-has-shadow fusion-flex-justify-content-flex-start fusion-content-layout-column\"><\/div><\/div><div class=\"fusion-layout-column fusion_builder_column_inner fusion-builder-nested-column-1 fusion_builder_column_inner_1_3 1_3 fusion-flex-column fusion-animated\" style=\"--awb-bg-color:#f44336;--awb-bg-color-hover:#f44336;--awb-bg-size:cover;--awb-width-large:33.333333333333%;--awb-margin-top-large:0px;--awb-spacing-right-large:0px;--awb-margin-bottom-large:20px;--awb-spacing-left-large:0px;--awb-width-medium:100%;--awb-order-medium:0;--awb-spacing-right-medium:0px;--awb-spacing-left-medium:0px;--awb-width-small:100%;--awb-order-small:0;--awb-spacing-right-small:0px;--awb-spacing-left-small:0px;\" data-animationType=\"bounceInDown\" data-animationDuration=\"1.3\" data-animationOffset=\"top-into-view\"><div class=\"fusion-column-wrapper fusion-column-has-shadow fusion-flex-justify-content-flex-start fusion-content-layout-column\"><div style=\"text-align:center;\"><a class=\"fusion-button button-flat fusion-button-default-size button-custom fusion-button-default button-1 fusion-button-default-span fusion-button-default-type fusion-has-button-gradient\" style=\"--button_accent_color:#ffffff;--button_accent_hover_color:#f44336;--button_border_hover_color:#f44336;--button_border_width-top:0;--button_border_width-right:0;--button_border_width-bottom:0;--button_border_width-left:0;--button_gradient_top_color:rgba(254,201,107,0);--button_gradient_bottom_color:rgba(254,201,107,0);--button_gradient_top_color_hover:#ffffff;--button_gradient_bottom_color_hover:rgba(0,0,0,0);\" target=\"_self\" href=\"https:\/\/karitaszeger.hu\/web\/uzlet\/\"><i class=\"fa-credit-card fas awb-button__icon awb-button__icon--default button-icon-left\" aria-hidden=\"true\"><\/i><span class=\"fusion-button-text awb-button__text awb-button__text--default\">ONLINE ADOM\u00c1NYOZ\u00c1S<\/span><\/a><\/div><\/div><\/div><div class=\"fusion-layout-column fusion_builder_column_inner fusion-builder-nested-column-2 fusion_builder_column_inner_1_3 1_3 fusion-flex-column\" style=\"--awb-bg-size:cover;--awb-width-large:33.333333333333%;--awb-margin-top-large:0px;--awb-spacing-right-large:0px;--awb-margin-bottom-large:20px;--awb-spacing-left-large:0px;--awb-width-medium:100%;--awb-order-medium:0;--awb-spacing-right-medium:0px;--awb-spacing-left-medium:0px;--awb-width-small:100%;--awb-order-small:0;--awb-spacing-right-small:0px;--awb-spacing-left-small:0px;\"><div class=\"fusion-column-wrapper fusion-column-has-shadow fusion-flex-justify-content-flex-start fusion-content-layout-column\"><\/div><\/div><\/div><\/div><\/div><\/div><\/div><\/p>\n","protected":false},"excerpt":{"rendered":"","protected":false},"author":3,"featured_media":3963,"comment_status":"open","ping_status":"open","sticky":false,"template":"","format":"standard","meta":{"footnotes":""},"categories":[107],"tags":[],"class_list":["post-3962","post","type-post","status-publish","format-standard","has-post-thumbnail","hentry","category-hirek"],"_links":{"self":[{"href":"https:\/\/karitaszeger.hu\/web\/wp-json\/wp\/v2\/posts\/3962","targetHints":{"allow":["GET"]}}],"collection":[{"href":"https:\/\/karitaszeger.hu\/web\/wp-json\/wp\/v2\/posts"}],"about":[{"href":"https:\/\/karitaszeger.hu\/web\/wp-json\/wp\/v2\/types\/post"}],"author":[{"embeddable":true,"href":"https:\/\/karitaszeger.hu\/web\/wp-json\/wp\/v2\/users\/3"}],"replies":[{"embeddable":true,"href":"https:\/\/karitaszeger.hu\/web\/wp-json\/wp\/v2\/comments?post=3962"}],"version-history":[{"count":2,"href":"https:\/\/karitaszeger.hu\/web\/wp-json\/wp\/v2\/posts\/3962\/revisions"}],"predecessor-version":[{"id":4032,"href":"https:\/\/karitaszeger.hu\/web\/wp-json\/wp\/v2\/posts\/3962\/revisions\/4032"}],"wp:featuredmedia":[{"embeddable":true,"href":"https:\/\/karitaszeger.hu\/web\/wp-json\/wp\/v2\/media\/3963"}],"wp:attachment":[{"href":"https:\/\/karitaszeger.hu\/web\/wp-json\/wp\/v2\/media?parent=3962"}],"wp:term":[{"taxonomy":"category","embeddable":true,"href":"https:\/\/karitaszeger.hu\/web\/wp-json\/wp\/v2\/categories?post=3962"},{"taxonomy":"post_tag","embeddable":true,"href":"https:\/\/karitaszeger.hu\/web\/wp-json\/wp\/v2\/tags?post=3962"}],"curies":[{"name":"wp","href":"https:\/\/api.w.org\/{rel}","templated":true}]}}