{"id":3973,"date":"2021-08-09T06:58:07","date_gmt":"2021-08-09T06:58:07","guid":{"rendered":"https:\/\/karitaszeger.hu\/web\/?p=3973"},"modified":"2021-09-06T13:49:07","modified_gmt":"2021-09-06T13:49:07","slug":"a-hit-jegyeben","status":"publish","type":"post","link":"https:\/\/karitaszeger.hu\/web\/2021\/08\/09\/a-hit-jegyeben\/","title":{"rendered":"A hit jegy\u00e9ben"},"content":{"rendered":"<p><div class=\"fusion-fullwidth fullwidth-box fusion-builder-row-1 fusion-flex-container nonhundred-percent-fullwidth non-hundred-percent-height-scrolling\" style=\"--awb-border-radius-top-left:0px;--awb-border-radius-top-right:0px;--awb-border-radius-bottom-right:0px;--awb-border-radius-bottom-left:0px;--awb-padding-bottom:30px;--awb-flex-wrap:wrap;\" ><div class=\"fusion-builder-row fusion-row fusion-flex-align-items-flex-start fusion-flex-content-wrap\" style=\"max-width:1216.8px;margin-left: calc(-4% \/ 2 );margin-right: calc(-4% \/ 2 );\"><div class=\"fusion-layout-column fusion_builder_column fusion-builder-column-0 fusion_builder_column_1_1 1_1 fusion-flex-column\" style=\"--awb-bg-size:cover;--awb-width-large:100%;--awb-margin-top-large:0px;--awb-spacing-right-large:1.92%;--awb-margin-bottom-large:0px;--awb-spacing-left-large:1.92%;--awb-width-medium:100%;--awb-spacing-right-medium:1.92%;--awb-spacing-left-medium:1.92%;--awb-width-small:100%;--awb-spacing-right-small:1.92%;--awb-spacing-left-small:1.92%;\"><div class=\"fusion-column-wrapper fusion-flex-justify-content-flex-start fusion-content-layout-column\"><div class=\"fusion-separator fusion-full-width-sep\" style=\"align-self: center;margin-left: auto;margin-right: auto;margin-bottom:10px;width:100%;\"><div class=\"fusion-separator-border sep-single\" style=\"--awb-height:20px;--awb-amount:20px;border-color:#e00000;border-top-width:1px;\"><\/div><\/div><div class=\"fusion-text fusion-text-1\"><h1 class=\"cim\">A hit jegy\u00e9ben \u2013 A NEK el\u0151tt tisztelg\u0151 ki\u00e1ll\u00edt\u00e1sokat nyitott meg Erd\u0151 P\u00e9ter a Pesti Vigad\u00f3ban<\/h1>\n<div class=\"kozepre\"><a class=\"fokep\" rel=\"lightbox&#091;'g115719'&#093;\"><img decoding=\"async\" src=\"https:\/\/www.magyarkurir.hu\/img1.php?id=115719&amp;v=1&amp;img=c__MG_3294.jpg\" \/><span class=\"galcount\" title=\"20 k\u00e9p a gal\u00e9ri\u00e1ban, kattintson!\"><img decoding=\"async\" src=\"https:\/\/www.magyarkurir.hu\/design1\/img\/img.png\" align=\"absmiddle\" \/><\/span><\/a><\/div>\n<h3 class=\"lead\">Az 52. Nemzetk\u00f6zi Eucharisztikus Kongresszus alkalm\u00e1b\u00f3l h\u00e1rom id\u0151szaki ki\u00e1ll\u00edt\u00e1st nyitott meg Erd\u0151 P\u00e9ter b\u00edboros, pr\u00edm\u00e1s augusztus 2-\u00e1n a Pesti Vigad\u00f3ban. Az esem\u00e9nyen Kocsis F\u00fcl\u00f6p \u00e9rsek-metropolita \u00e9s Vashegyi Gy\u00f6rgy, a Magyar M\u0171v\u00e9szeti Akad\u00e9mia eln\u00f6ke is besz\u00e9det mondott. Az\u00a0<i>Orc\u00e1d vil\u00e1goss\u00e1ga<\/i>, a\u00a0<i>Legyetek tan\u00faim<\/i>\u00a0\u00e9s az\u00a0<i>Ezerarc\u00fa szeretet<\/i>\u00a0c\u00edm\u0171 t\u00e1rlat szeptember 19-ig l\u00e1that\u00f3.<\/h3>\n<div class=\"contentsav\">\n<p>A G\u00f6r\u00f6gkatolikus Metrop\u00f3lia\u00a0<em>Orc\u00e1d vil\u00e1goss\u00e1ga\u00a0<\/em>c\u00edm\u0171 ki\u00e1ll\u00edt\u00e1sa a keleti \u00e9s a nyugati Egyh\u00e1z tal\u00e1lkoz\u00e1si ter\u00fclet\u00e9n \u00e9vsz\u00e1zadok alatt kialakult, k\u00fcl\u00f6nb\u00f6z\u0151 kultur\u00e1lis trad\u00edci\u00f3kat \u00f6tv\u00f6z\u0151 G\u00f6r\u00f6gkatolikus Egyh\u00e1z vil\u00e1g\u00e1ba \u00e9s m\u0171v\u00e9szet\u00e9be vezeti be az \u00e9rdekl\u0151d\u0151ket. Az esztergomi Kereszt\u00e9ny M\u00fazeum\u00a0<em>Legyetek tan\u00faim<\/em>\u00a0c\u00edm\u0171 t\u00e1rlata a Budapesten 1938. m\u00e1jus 25. \u00e9s 29. k\u00f6z\u00f6tt megrendezett 34. Nemzetk\u00f6zi Eucharisztikus Kongresszust mutatja be a fennmaradt t\u00e1rgyi eml\u00e9kek, valamint \u00edr\u00e1sos, k\u00e9pi \u00e9s hangz\u00f3 dokumentumok seg\u00edts\u00e9g\u00e9vel. A Katolikus Karit\u00e1sz\u00a0<em>Ezerarc\u00fa szeretet\u00a0<\/em>c\u00edm\u0171 ki\u00e1ll\u00edt\u00e1sa pedig a Katolikus Egyh\u00e1z szolg\u00e1l\u00f3 szeretet\u00e9r\u0151l, a karitat\u00edv k\u00fcldet\u00e9s beteljes\u00edt\u00e9s\u00e9nek fontoss\u00e1g\u00e1r\u00f3l, t\u00f6rt\u00e9nelmi el\u0151zm\u00e9nyeir\u0151l, valamint napjainkban bet\u00f6lt\u00f6tt szerep\u00e9r\u0151l sz\u00f3l.<\/p>\n<p>Els\u0151k\u00e9nt Vashegyi Gy\u00f6rgy, a Magyar M\u0171v\u00e9szeti Akad\u00e9mia (MMA) eln\u00f6ke k\u00f6sz\u00f6nt\u00f6tte a jelenl\u00e9v\u0151ket. Mint mondta, az Olt\u00e1riszents\u00e9g \u00fcnnepl\u00e9se sem a Vigad\u00f3, sem az MMA \u00e9let\u00e9ben nem el\u0151zm\u00e9nyek n\u00e9lk\u00fcli. A Pesti Vigad\u00f3 az 1938-as Nemzetk\u00f6zi Eucharisztikus Kongresszus alkalm\u00e1b\u00f3l is t\u00f6bb jelent\u0151s esem\u00e9ny helysz\u00edne volt. Vashegyi Gy\u00f6rgy sz\u00f3lt arr\u00f3l is, hogy az MMA k\u00f6ztest\u00fclete a kongresszushoz kacsol\u00f3d\u00f3 felvezet\u0151 \u00e9vekben egy\u00fcttm\u0171k\u00f6d\u0151 partnerk\u00e9nt t\u00f6bb rendezv\u00e9nyt \u00e9s ki\u00e1ll\u00edt\u00e1st is t\u00e1mogatott, a k\u00f6tel\u00e9k\u00e9be tartoz\u00f3 akad\u00e9mikusok sz\u00e1mos programot val\u00f3s\u00edtottak meg, n\u00e9melyiket hat\u00e1rokon \u00e1t\u00edvel\u0151en.\u00a0 \u00d6r\u00f6m\u00e9t fejezte ki, hogy az MMA e h\u00e1rmas ki\u00e1ll\u00edt\u00e1son ism\u00e9t t\u00e1mogat\u00f3k\u00e9nt lehet jelen. \u201eRem\u00e9lem, hogy a kongresszus mindannyiunk sz\u00e1m\u00e1ra val\u00f3di gy\u00f3gy\u00edr lesz, \u00fajraevangeliz\u00e1l\u00e1s a t\u00e1rsadalomnak \u00e9s hitbeli felt\u00e1mad\u00e1s a nemzetnek\u201d \u2013 mondta a Magyar M\u0171v\u00e9szeti Akad\u00e9mia eln\u00f6ke.<\/p>\n<p><a title=\"\" rel=\"lightbox&#091;'g115719'&#093;\"><img decoding=\"async\" class=\"ckep\" src=\"https:\/\/www.magyarkurir.hu\/img1.php?id=115719&amp;v=1&amp;p=1&amp;img=c__MG_3199.jpg\" alt=\"\" border=\"0\" \/><\/a><\/p>\n<p>Kocsis F\u00fcl\u00f6p hajd\u00fadorogi \u00e9rsek-metropolita k\u00f6sz\u00f6nt\u0151j\u00e9ben els\u0151k\u00e9nt a g\u00f6r\u00f6gkatolikus ki\u00e1ll\u00edt\u00e1s c\u00edm\u00e9re ir\u00e1ny\u00edtotta a figyelmet. Az\u00a0<em>Orc\u00e1d vil\u00e1goss\u00e1ga<\/em>\u00a0sz\u00f3kapcsolat a biz\u00e1nci Egyh\u00e1z zsolozsm\u00e1j\u00e1b\u00f3l val\u00f3. A c\u00edmv\u00e1laszt\u00e1s arra hivatott r\u00e1mutatni, hogy a keleti Egyh\u00e1z mik\u00e9nt tudja gazdag\u00edtani \u00e9s bizonyos pontokon tal\u00e1n \u00faj megvil\u00e1g\u00edt\u00e1sba helyezni az egyetemes krisztusi Egyh\u00e1zat. A f\u00e9ny teol\u00f3gi\u00e1ja kedvelt eleme a keleti teol\u00f3gi\u00e1nak. A nem teremtett f\u00e9nnyel azonban nem csup\u00e1n a keleti Egyh\u00e1z foglalkozik el\u0151szeretettel. Az egyetemes hitvall\u00e1sban is elhangzik: \u201e\u00c9n vagyok a vil\u00e1g vil\u00e1goss\u00e1ga.\u201d Krisztus f\u00e9nye beragyogja az eg\u00e9sz Egyh\u00e1zat, \u00e9s rajta kereszt\u00fcl az eg\u00e9sz teremtett vil\u00e1got \u2013 magyar\u00e1zta Kocsis F\u00fcl\u00f6p. A keleti Egyh\u00e1z nem t\u00e1voli \u00e9s elszigetelt r\u00e9sze Krisztus Egyh\u00e1z\u00e1nak, hanem kieg\u00e9sz\u00edti azt a maga \u00e1rnyalataival \u2013 hangs\u00falyozta a metropolita, majd megk\u00f6sz\u00f6nte a szervez\u0151knek, hogy a G\u00f6r\u00f6gkatolikus Egyh\u00e1z is hangs\u00falyos helyet kapott a t\u00e1rlatok sor\u00e1ban, \u00e9s hogy a budapesti eucharisztikus kongresszushoz is sok sz\u00e1lon kapcsol\u00f3dhat.<\/p>\n<p><a title=\"\" rel=\"lightbox&#091;'g115719'&#093;\"><img decoding=\"async\" class=\"ckep\" src=\"https:\/\/www.magyarkurir.hu\/img1.php?id=115719&amp;v=1&amp;p=1&amp;img=c__MG_3265.jpg\" alt=\"\" border=\"0\" \/><\/a><\/p>\n<p>\u00dcnnep\u00e9lyes megnyit\u00f3besz\u00e9d\u00e9ben Erd\u0151 P\u00e9ter b\u00edboros, esztergom-budapesti \u00e9rsek felid\u00e9zte, hogy a h\u00e1rom t\u00e1rlatot eredetileg nem egyazon helysz\u00ednre tervezt\u00e9k, \u00e1m a koronav\u00edrus-j\u00e1rv\u00e1ny miatt \u00e1t kellett alak\u00edtani az eredeti elk\u00e9pzel\u00e9seket, \u00edgy most valamennyit ugyanazon a helysz\u00ednen csod\u00e1lhatjuk meg. A h\u00e1rom t\u00e9ma a b\u00edboros szavai szerint mintegy mor\u00e1lis egys\u00e9get alkot: az 1938-as eucharisztikus kongresszus eml\u00e9kezete, a keleti Egyh\u00e1z bemutat\u00e1sa \u00e9s az Egyh\u00e1z karitat\u00edv tev\u00e9kenys\u00e9ge szorosan \u00f6sszetartozik. Nem v\u00e9letlen, hogy m\u00e1r a Budapesten tartott 34. Nemzetk\u00f6zi Eucharisztikus Kongresszuson is nagy szerepet j\u00e1tszott a G\u00f6r\u00f6gkatolikus Egyh\u00e1z, illetve ki\u00e1ll\u00edt\u00e1s \u00e9s konferencia form\u00e1j\u00e1ban akkor is helyet kapott a rendezv\u00e9nysorozatban az Egyh\u00e1z szeretetszolg\u00e1lata \u2013 mutatott r\u00e1 Erd\u0151 P\u00e9ter. Hozz\u00e1tette: mindez \u00f6sszhangban van a mostani vil\u00e1gkongresszus mott\u00f3j\u00e1val is: \u201eMinden forr\u00e1som bel\u0151led fakad.\u201d A szentmis\u00e9t nemcsak a templomok falain bel\u00fcl \u00fcnnepelj\u00fck \u2013 hangs\u00falyozta a f\u0151p\u00e1sztor. Az Olt\u00e1riszents\u00e9gb\u0151l cselekedeteknek kell fakadniuk, mert a cselekedeteknek \u00fczenet\u00fck van. A seg\u00edt\u0151 szeretet nyelv\u00e9t mindenki \u00e9rti. A b\u00edboros Kalkuttai Szent Ter\u00e9z p\u00e9ld\u00e1j\u00e1t eml\u00edtette, aki egy t\u00f6bbs\u00e9g\u00e9ben nem kereszt\u00e9ny vall\u00e1s\u00fa orsz\u00e1gban k\u00e9pes volt olyan hiteless\u00e9ggel gyakorolni az irgalmas szeretetet, hogy hal\u00e1lh\u00edr\u00e9t eg\u00e9sz India megrend\u00fcl\u00e9ssel fogadta, mert \u00fczenet\u00e9t mindenki meg\u00e9rtette.<\/p>\n<p><a title=\"\" rel=\"lightbox&#091;'g115719'&#093;\"><img decoding=\"async\" class=\"ckep\" src=\"https:\/\/www.magyarkurir.hu\/img1.php?id=115719&amp;v=1&amp;p=1&amp;img=c__MG_3166.jpg\" alt=\"\" border=\"0\" \/><\/a><\/p>\n<p>Az Egyh\u00e1z a Katolikus Karit\u00e1sz \u00e9s sz\u00e1mos m\u00e1s, a szeg\u00e9nyek, a r\u00e1szorul\u00f3k seg\u00edt\u00e9s\u00e9vel foglalkoz\u00f3 int\u00e9zm\u00e9nye r\u00e9v\u00e9n \u00e9li meg a szolg\u00e1l\u00f3 szeretet k\u00fcl\u00f6nb\u00f6z\u0151 form\u00e1it. Ez a szeretet nem \u00e9r v\u00e9get az orsz\u00e1ghat\u00e1rokn\u00e1l: nagy nemzetk\u00f6zi sz\u00fcks\u00e9ghelyzetekben, term\u00e9szeti katasztr\u00f3f\u00e1k, h\u00e1bor\u00fas puszt\u00edt\u00e1sok idej\u00e9n is igyeksz\u00fcnk seg\u00edteni mindazoknak, akik a vil\u00e1gon a legink\u00e1bb r\u00e1szorulnak erre.<\/p>\n<p>A b\u00edboros sz\u00f3lt arr\u00f3l is, hogy az eucharisztikus kongresszus idej\u00e9n szeretetvend\u00e9gs\u00e9gre is sor ker\u00fcl majd szeptember 4-\u00e9n Budapesten, a II. J\u00e1nos P\u00e1l p\u00e1pa t\u00e9ren, \u00e9s m\u00e1s magyar v\u00e1rosokban is lesznek hasonl\u00f3 kezdem\u00e9nyez\u00e9sek. Ez az alkalom nem csup\u00e1n az \u00e9teloszt\u00e1sr\u00f3l sz\u00f3l. M\u00e9lt\u00f3 m\u00f3don szeretn\u00e9nk le\u00fclni egym\u00e1s mell\u00e9, hogy meg\u00e9lhess\u00fck: mindannyian ugyanazon asztalk\u00f6z\u00f6ss\u00e9ghez tartozunk \u2013 mondta a f\u0151p\u00e1sztor.<\/p>\n<p><a title=\"\" rel=\"lightbox&#091;'g115719'&#093;\"><img decoding=\"async\" class=\"ckep\" src=\"https:\/\/www.magyarkurir.hu\/img1.php?id=115719&amp;v=1&amp;p=1&amp;img=c__MG_3196.jpg\" alt=\"\" border=\"0\" \/><\/a><\/p>\n<p>A keleti egyh\u00e1zak hangs\u00falyos jelenl\u00e9te is az Eucharisztia l\u00e9nyegi elem\u00e9re utal \u2013 mutatott r\u00e1 a b\u00edboros. A latin\u00a0<em>communio<\/em>\u00a0\u00e9s a g\u00f6r\u00f6g\u00a0<em>koinonia<\/em>\u00a0is a k\u00f6z\u00f6ss\u00e9gben val\u00f3 r\u00e9szesed\u00e9st jelenti. Az utols\u00f3 vacsora eml\u00e9kezete \u00e9s a bel\u0151le fakad\u00f3 Eucharisztia tisztelete gy\u0171jt benn\u00fcnket egybe k\u00f6z\u00f6ss\u00e9get teremt\u0151 er\u0151vel \u2013 eml\u00e9keztetett Erd\u0151 P\u00e9ter. Ha k\u00fcl\u00f6nb\u00f6z\u0151ek is a kultur\u00e1lis hagyom\u00e1nyok, Krisztus Egyh\u00e1z\u00e1ban k\u00f6z\u00f6ss\u00e9gben vagyunk egym\u00e1ssal \u2013 hangs\u00falyozta.<\/p>\n<p><a title=\"\" rel=\"lightbox&#091;'g115719'&#093;\"><img decoding=\"async\" class=\"ckep\" src=\"https:\/\/www.magyarkurir.hu\/img1.php?id=115719&amp;v=1&amp;p=1&amp;img=c__MG_3470.jpg\" alt=\"\" border=\"0\" \/><\/a><\/p>\n<p>A pand\u00e9mia \u2013 amelynek nem tudjuk, mikor lesz val\u00f3ban v\u00e9ge \u2013 \u00e9s korunk sz\u00e1mos m\u00e1s jelens\u00e9ge is meg\u00e1ll\u00e1sra, elgondolkod\u00e1sra k\u00e9sztethet benn\u00fcnket. Ferenc p\u00e1pa szavaival \u00e9lve ez most nem a v\u00e1ltoz\u00e1sok kora, hanem a korszak v\u00e1ltoz\u00e1sa \u2013 fogalmazott a f\u0151p\u00e1sztor, \u00e9s azt k\u00edv\u00e1nta: ahogyan az 1938-as esem\u00e9nyek, \u00fagy a hamarosan kezd\u0151d\u0151 52. Nemzetk\u00f6zi Eucharisztikus Kongresszus is er\u0151s\u00edtsen meg benn\u00fcnket abban a bizalomban, hogy J\u00e9zus Krisztus ugyanaz tegnap, ma \u00e9s mind\u00f6r\u00f6kk\u00e9.<\/p>\n<p><a title=\"\" rel=\"lightbox&#091;'g115719'&#093;\"><img decoding=\"async\" class=\"ckep\" src=\"https:\/\/www.magyarkurir.hu\/img1.php?id=115719&amp;v=1&amp;p=1&amp;img=c__MG_3361.jpg\" alt=\"\" border=\"0\" \/><\/a><\/p>\n<p>A k\u00fcl\u00f6nleges id\u0151szaki t\u00e1rlatokat a kur\u00e1torok, Heged\u0171s Andr\u00e1s egyh\u00e1zt\u00f6rt\u00e9n\u00e9sz, a Pr\u00edm\u00e1si Lev\u00e9lt\u00e1r igazgat\u00f3ja, Szab\u00f3 Ir\u00e9n n\u00e9prajzkutat\u00f3, valamint Zagyva Rich\u00e1rd, a Katolikus Karit\u00e1sz orsz\u00e1gos igazgat\u00f3helyettese mutatta be.<\/p>\n<p>Az \u00fcnnep\u00e9lyes h\u00e1rmas ki\u00e1ll\u00edt\u00e1smegnyit\u00f3 h\u00e1zigazd\u00e1ja Kontsek Ildik\u00f3 m\u0171v\u00e9szett\u00f6rt\u00e9n\u00e9sz, a Kereszt\u00e9ny M\u00fazeum igazgat\u00f3ja volt. Az esem\u00e9nyen Mozart \u00e9s Mascagni m\u0171veit a Budapesti Von\u00f3sok Kamaraegy\u00fcttese sz\u00f3laltatta meg, trombit\u00e1n k\u00f6zrem\u0171k\u00f6d\u00f6tt Somorjai Istv\u00e1n \u00e9s Geiger P. Gy\u00f6rgy.<\/p>\n<p><a title=\"\" rel=\"lightbox&#091;'g115719'&#093;\"><img decoding=\"async\" class=\"ckep\" src=\"https:\/\/www.magyarkurir.hu\/img1.php?id=115719&amp;v=1&amp;p=1&amp;img=c__MG_3554.jpg\" alt=\"\" border=\"0\" \/><\/a><\/p>\n<p>A ki\u00e1ll\u00edt\u00e1sok szeptember 19-ig tekinthet\u0151k meg a Pesti Vigad\u00f3ban (1051 Budapest, Vigad\u00f3 t\u00e9r 2.), naponta 10-t\u0151l 19 \u00f3r\u00e1ig, k\u00fcl\u00f6n-k\u00fcl\u00f6n \u00e9s k\u00f6z\u00f6s jeggyel is.<\/p>\n<p><strong>Szerz\u0151: Horogszegi-Lenhardt Erika<\/strong><\/p>\n<p><strong>Fot\u00f3: Ambrus Marcsi<\/strong><\/p>\n<p><a href=\"https:\/\/www.magyarkurir.hu\/kultura\/a-hit-jegyeben-nek-elott-tisztelgo-kiallitasokat-nyitott-meg-erdo-peter-pesti-vigadoban\"><strong>Forr\u00e1s: Magyar Kur\u00edr<\/strong><\/a><\/p>\n<\/div>\n<\/div><\/div><\/div><\/div><\/div><div class=\"fusion-fullwidth fullwidth-box fusion-builder-row-2 fusion-flex-container fusion-parallax-none nonhundred-percent-fullwidth non-hundred-percent-height-scrolling\" style=\"--awb-border-sizes-top:0px;--awb-border-sizes-bottom:0px;--awb-border-sizes-left:0px;--awb-border-sizes-right:0px;--awb-border-radius-top-left:0px;--awb-border-radius-top-right:0px;--awb-border-radius-bottom-right:0px;--awb-border-radius-bottom-left:0px;--awb-padding-top:150px;--awb-padding-bottom:150px;--awb-background-image:url(&quot;https:\/\/karitaszeger.hu\/web\/wp-content\/uploads\/2021\/03\/segits-scaled.jpg&quot;);--awb-background-size:cover;--awb-flex-wrap:wrap;\" ><div class=\"fusion-builder-row fusion-row fusion-flex-align-items-flex-start fusion-flex-content-wrap\" style=\"max-width:calc( 1170px + 0px );margin-left: calc(-0px \/ 2 );margin-right: calc(-0px \/ 2 );\"><div class=\"fusion-layout-column fusion_builder_column fusion-builder-column-1 fusion_builder_column_1_1 1_1 fusion-flex-column\" style=\"--awb-padding-right:11%;--awb-padding-left:11%;--awb-bg-size:cover;--awb-width-large:100%;--awb-margin-top-large:0px;--awb-spacing-right-large:0px;--awb-margin-bottom-large:20px;--awb-spacing-left-large:0px;--awb-width-medium:100%;--awb-spacing-right-medium:0px;--awb-spacing-left-medium:0px;--awb-width-small:100%;--awb-spacing-right-small:0px;--awb-spacing-left-small:0px;\"><div class=\"fusion-column-wrapper fusion-flex-justify-content-flex-start fusion-content-layout-column\"><div class=\"fusion-title title fusion-title-1 fusion-sep-none fusion-title-center fusion-title-text fusion-title-size-two\" style=\"--awb-text-color:#ffffff;\"><h2 class=\"fusion-title-heading title-heading-center\" style=\"margin:0;line-height:1;\"><h2 class=\"piros kozepre\"><span style=\"color: #ffffff;\">AZ \u00d6N SEG\u00cdTS\u00c9G\u00c9RE\u00a0IS SZ\u00dcKS\u00c9G VAN!<\/span><\/h2>\n<div class=\"content\"><\/div><\/h2><\/div><div class=\"fusion-separator\" style=\"align-self: center;margin-left: auto;margin-right: auto;margin-top:0px;margin-bottom:40px;width:100%;max-width:200px;\"><div class=\"fusion-separator-border sep-single sep-solid\" style=\"--awb-height:20px;--awb-amount:20px;--awb-sep-color:#f44336;border-color:#f44336;border-top-width:3px;\"><\/div><\/div><div class=\"fusion-text fusion-text-2\"><h2 style=\"text-align: center;\"><span style=\"color: #ffffff;\"><strong>1356 \u2013 H\u00cdVJON, HOGY SEG\u00cdTHESS\u00dcNK!<\/strong><\/span><\/h2>\n<\/div><div class=\"fusion-builder-row fusion-builder-row-inner fusion-row fusion-flex-align-items-flex-start fusion-flex-content-wrap\" style=\"width:calc( 100% + 0px ) !important;max-width:calc( 100% + 0px ) !important;margin-left: calc(-0px \/ 2 );margin-right: calc(-0px \/ 2 );\"><div class=\"fusion-layout-column fusion_builder_column_inner fusion-builder-nested-column-0 fusion_builder_column_inner_1_3 1_3 fusion-flex-column\" style=\"--awb-bg-size:cover;--awb-width-large:33.333333333333%;--awb-margin-top-large:0px;--awb-spacing-right-large:0px;--awb-margin-bottom-large:20px;--awb-spacing-left-large:0px;--awb-width-medium:100%;--awb-order-medium:0;--awb-spacing-right-medium:0px;--awb-spacing-left-medium:0px;--awb-width-small:100%;--awb-order-small:0;--awb-spacing-right-small:0px;--awb-spacing-left-small:0px;\"><div class=\"fusion-column-wrapper fusion-column-has-shadow fusion-flex-justify-content-flex-start fusion-content-layout-column\"><\/div><\/div><div class=\"fusion-layout-column fusion_builder_column_inner fusion-builder-nested-column-1 fusion_builder_column_inner_1_3 1_3 fusion-flex-column fusion-animated\" style=\"--awb-bg-color:#f44336;--awb-bg-color-hover:#f44336;--awb-bg-size:cover;--awb-width-large:33.333333333333%;--awb-margin-top-large:0px;--awb-spacing-right-large:0px;--awb-margin-bottom-large:20px;--awb-spacing-left-large:0px;--awb-width-medium:100%;--awb-order-medium:0;--awb-spacing-right-medium:0px;--awb-spacing-left-medium:0px;--awb-width-small:100%;--awb-order-small:0;--awb-spacing-right-small:0px;--awb-spacing-left-small:0px;\" data-animationType=\"bounceInDown\" data-animationDuration=\"1.3\" data-animationOffset=\"top-into-view\"><div class=\"fusion-column-wrapper fusion-column-has-shadow fusion-flex-justify-content-flex-start fusion-content-layout-column\"><div style=\"text-align:center;\"><a class=\"fusion-button button-flat fusion-button-default-size button-custom fusion-button-default button-1 fusion-button-default-span fusion-button-default-type fusion-has-button-gradient\" style=\"--button_accent_color:#ffffff;--button_accent_hover_color:#f44336;--button_border_hover_color:#f44336;--button_border_width-top:0;--button_border_width-right:0;--button_border_width-bottom:0;--button_border_width-left:0;--button_gradient_top_color:rgba(254,201,107,0);--button_gradient_bottom_color:rgba(254,201,107,0);--button_gradient_top_color_hover:#ffffff;--button_gradient_bottom_color_hover:rgba(0,0,0,0);\" target=\"_self\" href=\"https:\/\/karitaszeger.hu\/web\/uzlet\/\"><i class=\"fa-credit-card fas awb-button__icon awb-button__icon--default button-icon-left\" aria-hidden=\"true\"><\/i><span class=\"fusion-button-text awb-button__text awb-button__text--default\">ONLINE ADOM\u00c1NYOZ\u00c1S<\/span><\/a><\/div><\/div><\/div><div class=\"fusion-layout-column fusion_builder_column_inner fusion-builder-nested-column-2 fusion_builder_column_inner_1_3 1_3 fusion-flex-column\" style=\"--awb-bg-size:cover;--awb-width-large:33.333333333333%;--awb-margin-top-large:0px;--awb-spacing-right-large:0px;--awb-margin-bottom-large:20px;--awb-spacing-left-large:0px;--awb-width-medium:100%;--awb-order-medium:0;--awb-spacing-right-medium:0px;--awb-spacing-left-medium:0px;--awb-width-small:100%;--awb-order-small:0;--awb-spacing-right-small:0px;--awb-spacing-left-small:0px;\"><div class=\"fusion-column-wrapper fusion-column-has-shadow fusion-flex-justify-content-flex-start fusion-content-layout-column\"><\/div><\/div><\/div><\/div><\/div><\/div><\/div><\/p>\n","protected":false},"excerpt":{"rendered":"","protected":false},"author":3,"featured_media":3974,"comment_status":"open","ping_status":"open","sticky":false,"template":"","format":"standard","meta":{"footnotes":""},"categories":[107],"tags":[],"class_list":["post-3973","post","type-post","status-publish","format-standard","has-post-thumbnail","hentry","category-hirek"],"_links":{"self":[{"href":"https:\/\/karitaszeger.hu\/web\/wp-json\/wp\/v2\/posts\/3973","targetHints":{"allow":["GET"]}}],"collection":[{"href":"https:\/\/karitaszeger.hu\/web\/wp-json\/wp\/v2\/posts"}],"about":[{"href":"https:\/\/karitaszeger.hu\/web\/wp-json\/wp\/v2\/types\/post"}],"author":[{"embeddable":true,"href":"https:\/\/karitaszeger.hu\/web\/wp-json\/wp\/v2\/users\/3"}],"replies":[{"embeddable":true,"href":"https:\/\/karitaszeger.hu\/web\/wp-json\/wp\/v2\/comments?post=3973"}],"version-history":[{"count":2,"href":"https:\/\/karitaszeger.hu\/web\/wp-json\/wp\/v2\/posts\/3973\/revisions"}],"predecessor-version":[{"id":4030,"href":"https:\/\/karitaszeger.hu\/web\/wp-json\/wp\/v2\/posts\/3973\/revisions\/4030"}],"wp:featuredmedia":[{"embeddable":true,"href":"https:\/\/karitaszeger.hu\/web\/wp-json\/wp\/v2\/media\/3974"}],"wp:attachment":[{"href":"https:\/\/karitaszeger.hu\/web\/wp-json\/wp\/v2\/media?parent=3973"}],"wp:term":[{"taxonomy":"category","embeddable":true,"href":"https:\/\/karitaszeger.hu\/web\/wp-json\/wp\/v2\/categories?post=3973"},{"taxonomy":"post_tag","embeddable":true,"href":"https:\/\/karitaszeger.hu\/web\/wp-json\/wp\/v2\/tags?post=3973"}],"curies":[{"name":"wp","href":"https:\/\/api.w.org\/{rel}","templated":true}]}}