{"id":3976,"date":"2021-08-09T07:02:23","date_gmt":"2021-08-09T07:02:23","guid":{"rendered":"https:\/\/karitaszeger.hu\/web\/?p=3976"},"modified":"2021-09-06T13:48:00","modified_gmt":"2021-09-06T13:48:00","slug":"legyen-orom-az-iskolakezdes-osszefogas-az-iskolas-gyermekekert","status":"publish","type":"post","link":"https:\/\/karitaszeger.hu\/web\/2021\/08\/09\/legyen-orom-az-iskolakezdes-osszefogas-az-iskolas-gyermekekert\/","title":{"rendered":"LEGYEN \u00d6R\u00d6M AZ ISKOLAKEZD\u00c9S! \u00d6SSZEFOG\u00c1S AZ ISKOL\u00c1S GYERMEKEK\u00c9RT"},"content":{"rendered":"<p><div class=\"fusion-fullwidth fullwidth-box fusion-builder-row-1 fusion-flex-container nonhundred-percent-fullwidth non-hundred-percent-height-scrolling\" style=\"--awb-border-radius-top-left:0px;--awb-border-radius-top-right:0px;--awb-border-radius-bottom-right:0px;--awb-border-radius-bottom-left:0px;--awb-padding-bottom:30px;--awb-flex-wrap:wrap;\" ><div class=\"fusion-builder-row fusion-row fusion-flex-align-items-flex-start fusion-flex-content-wrap\" style=\"max-width:1216.8px;margin-left: calc(-4% \/ 2 );margin-right: calc(-4% \/ 2 );\"><div class=\"fusion-layout-column fusion_builder_column fusion-builder-column-0 fusion_builder_column_1_1 1_1 fusion-flex-column\" style=\"--awb-bg-size:cover;--awb-width-large:100%;--awb-margin-top-large:0px;--awb-spacing-right-large:1.92%;--awb-margin-bottom-large:0px;--awb-spacing-left-large:1.92%;--awb-width-medium:100%;--awb-spacing-right-medium:1.92%;--awb-spacing-left-medium:1.92%;--awb-width-small:100%;--awb-spacing-right-small:1.92%;--awb-spacing-left-small:1.92%;\"><div class=\"fusion-column-wrapper fusion-flex-justify-content-flex-start fusion-content-layout-column\"><div class=\"fusion-separator fusion-full-width-sep\" style=\"align-self: center;margin-left: auto;margin-right: auto;margin-bottom:10px;width:100%;\"><div class=\"fusion-separator-border sep-single\" style=\"--awb-height:20px;--awb-amount:20px;border-color:#e00000;border-top-width:1px;\"><\/div><\/div><div class=\"fusion-text fusion-text-1\"><h1>LEGYEN \u00d6R\u00d6M AZ ISKOLAKEZD\u00c9S! \u00d6SSZEFOG\u00c1S AZ ISKOL\u00c1S GYERMEKEK\u00c9RT<\/h1>\n<p><img decoding=\"async\" class=\"alignnone size-full wp-image-3982\" src=\"https:\/\/karitaszeger.hu\/web\/wp-content\/uploads\/2021\/08\/28-Legyen-orom-21-honlap-cover.png\" alt=\"\" width=\"1920\" height=\"540\" srcset=\"https:\/\/karitaszeger.hu\/web\/wp-content\/uploads\/2021\/08\/28-Legyen-orom-21-honlap-cover-200x56.png 200w, https:\/\/karitaszeger.hu\/web\/wp-content\/uploads\/2021\/08\/28-Legyen-orom-21-honlap-cover-300x84.png 300w, https:\/\/karitaszeger.hu\/web\/wp-content\/uploads\/2021\/08\/28-Legyen-orom-21-honlap-cover-400x113.png 400w, https:\/\/karitaszeger.hu\/web\/wp-content\/uploads\/2021\/08\/28-Legyen-orom-21-honlap-cover-600x169.png 600w, https:\/\/karitaszeger.hu\/web\/wp-content\/uploads\/2021\/08\/28-Legyen-orom-21-honlap-cover-768x216.png 768w, https:\/\/karitaszeger.hu\/web\/wp-content\/uploads\/2021\/08\/28-Legyen-orom-21-honlap-cover-800x225.png 800w, https:\/\/karitaszeger.hu\/web\/wp-content\/uploads\/2021\/08\/28-Legyen-orom-21-honlap-cover-1024x288.png 1024w, https:\/\/karitaszeger.hu\/web\/wp-content\/uploads\/2021\/08\/28-Legyen-orom-21-honlap-cover-1200x338.png 1200w, https:\/\/karitaszeger.hu\/web\/wp-content\/uploads\/2021\/08\/28-Legyen-orom-21-honlap-cover-1536x432.png 1536w, https:\/\/karitaszeger.hu\/web\/wp-content\/uploads\/2021\/08\/28-Legyen-orom-21-honlap-cover.png 1920w\" sizes=\"(max-width: 1920px) 100vw, 1920px\" \/><\/p>\n<h4>9.078 di\u00e1k iskolakezd\u00e9s\u00e9t t\u00e1mogatta tavaly a Katolikus Karit\u00e1sz, \u00e9s id\u00e9n m\u00e1r tizenegyedik alkalommal ind\u00edtja el Magyarorsz\u00e1g legnagyobb iskolakezd\u00e9si seg\u00e9lyprogramj\u00e1t. A hat\u00e1rokon \u00e1t\u00edvel\u0151 Legyen \u00f6r\u00f6m az iskolakezd\u00e9s! elnevez\u00e9s\u0171 akci\u00f3 nemcsak a tan\u00e9vkezd\u00e9sben, de a teljes tan\u00e9v idej\u00e9re t\u00e1mogat\u00e1st jelenthet a h\u00e1tr\u00e1nyos helyzet\u0171 csal\u00e1doknak.<\/h4>\n<p>A sz\u00fcnid\u0151 m\u00e9g tart, de n\u00e9h\u00e1ny h\u00e9t m\u00falva m\u00e1r sz\u00fcks\u00e9g lesz tanszerekre. A j\u00e1rv\u00e1nyhelyzetben anyagilag m\u00e9g nehezebb helyzetbe ker\u00fclt csal\u00e1doknak szinte lehetetlen el\u0151teremteni az iskolakezd\u00e9shez sz\u00fcks\u00e9ges eszk\u00f6z\u00f6ket. A 2020-as \u00e9v rekord\u00f6sszeg\u0171 t\u00e1mogat\u00e1sa ut\u00e1n a Karit\u00e1sz id\u00e9n is kit\u0171zi, hogy 10.000 di\u00e1k iskolakezd\u00e9s\u00e9t tegye k\u00f6nnyebb\u00e9, k\u00fcl\u00f6n\u00f6sen a nagycsal\u00e1dosok \u00e9s a h\u00e1tr\u00e1nyos helyzet\u0171ek k\u00f6r\u00e9ben. A h\u00e1tr\u00e1nyos helyzet\u0171 fiataloknak arra is k\u00e9sz\u00fclni\u00fck kell, hogy egy esetleges \u00fajabb j\u00e1rv\u00e1nyhull\u00e1m eset\u00e9n otthonr\u00f3l kell tanulni, amihez digit\u00e1lis eszk\u00f6z\u00f6kre van sz\u00fcks\u00e9g.<\/p>\n<p>T\u00f6bb mint 1 milli\u00f3 di\u00e1k indul el iskol\u00e1ba szeptemberben. Sok gyermek megfelel\u0151 eszk\u00f6z\u00f6k, ruh\u00e1zat \u00e9s tanszerek n\u00e9lk\u00fcl kezdi az iskol\u00e1t, sokaknak tehets\u00e9g\u00fck ellen\u00e9re nincs lehet\u0151s\u00e9g\u00fck r\u00e9szt venni a fakultat\u00edv \u00f3r\u00e1kon vagy \u00e9pp korrepet\u00e1l\u00e1son. Sz\u00e1mos csal\u00e1d kevesebbet k\u00f6lt \u00e9lelmiszerre, ruh\u00e1ra vagy nem fizeti be a k\u00f6z\u00fczemi sz\u00e1ml\u00e1kat, hogy az iskolai k\u00f6lts\u00e9geket rendezni tudja. M\u00e1s csal\u00e1dok hitelb\u0151l oldj\u00e1k meg az iskolakezd\u00e9st, \u00e9s a r\u00e9szletfizet\u00e9s hossz\u00fa id\u0151re s\u00falyos terhet jelent sz\u00e1mukra.<\/p>\n<p><a class=\"fekvokep\" title=\"\" href=\"https:\/\/karitasz.hu\/uploads\/content\/1902\/kepek\/o_legyen-orom-az-iskolakezdes--katolikus-karitasz_2.jpg\" rel=\"lightbox&#091;'g1902'&#093;\"><img decoding=\"async\" src=\"https:\/\/karitasz.hu\/uploads\/content\/1902\/kepek\/c_legyen-orom-az-iskolakezdes--katolikus-karitasz_2.jpg\" alt=\"\" border=\"0\" \/><\/a><\/p>\n<p>Az eltelt \u00e9vekben bebizonyosodott, hogy sok helyen nem csak iskolakezd\u00e9skor, hanem a tan\u00e9v els\u0151 h\u00f3napjaiban is sz\u00fcks\u00e9g van seg\u00edts\u00e9gre. Ez\u00e9rt a tanszereken t\u00fal egy\u00e9ni seg\u00edts\u00e9gny\u00fajt\u00e1st is terveznek megval\u00f3s\u00edtani. T\u00f6bb esetben egyedi seg\u00edts\u00e9g kell, a k\u00f6z\u00f6s pont azonban ugyanaz: ehhez megfelel\u0151 anyagi forr\u00e1s sz\u00fcks\u00e9ges.<\/p>\n<p><strong>\u00c9csy G\u00e1bor<\/strong>, a Karit\u00e1sz orsz\u00e1gos igazgat\u00f3ja elmondta, hogy a Karit\u00e1sz seg\u00e9lyakci\u00f3j\u00e1val nem csup\u00e1n az eszk\u00f6z\u00f6k beszerz\u00e9s\u00e9t seg\u00edti, hanem utalv\u00e1nyokkal \u00e9s egyedi t\u00e1mogat\u00e1sokkal is a csal\u00e1dok mellett szeretne \u00e1llni. Az \u00f6nk\u00e9ntesek szem\u00e9lyes jelenl\u00e9t\u00e9vel, a tan\u00e9vk\u00f6zben val\u00f3 folyamatos kapcsolattart\u00e1ssal eg\u00e9sz tan\u00e9v sor\u00e1n biztons\u00e1got adnak a csal\u00e1doknak, \u00e9s sz\u00fcks\u00e9g szerint seg\u00edtik \u0151ket a mindennapi terhek k\u00f6nny\u00edt\u00e9s\u00e9ben.<\/p>\n<p><strong>A Katolikus Karit\u00e1sz c\u00e9lja, hogy az orsz\u00e1gos \u00f6sszefog\u00e1s sor\u00e1n mintegy 10000 gyermeknek seg\u00edthessen m\u00e9g az iskolakezd\u00e9s el\u0151tt \u00e9s a tan\u00e9v elej\u00e9n.\u00a0<\/strong>Ehhez k\u00e9ri a szervezet a j\u00f3sz\u00e1nd\u00e9k\u00fa adom\u00e1nyoz\u00f3k felaj\u00e1nl\u00e1sait, hogy k\u00f6z\u00f6sen min\u00e9l t\u00f6bb gyermeknek seg\u00edthessenek.<\/p>\n<p><strong>Hogyan lehet egyszer\u0171en \u00e9s gyorsan csatlakozni az \u00f6sszefog\u00e1shoz?<\/strong><\/p>\n<ul>\n<li>A\u00a0<strong>1356-os adom\u00e1nyvonal<\/strong>\u00a0h\u00edv\u00e1s\u00e1val (egy h\u00edv\u00e1s 500,- forint t\u00e1mogat\u00e1st jelent)<\/li>\n<li><strong>Online adom\u00e1nyoz\u00e1ssal<\/strong>\u00a0a Karit\u00e1sz honlapj\u00e1n \u2013\u00a0<a class=\"piroslink\" href=\"https:\/\/karitasz.hu\/segitene\/onlineadomany\" target=\"_blank\" rel=\"noopener\">www.karitasz.hu<\/a>\u00a0\u2013 kereszt\u00fcl<\/li>\n<li>A Katolikus Karit\u00e1sz k\u00f6zponti banksz\u00e1ml\u00e1j\u00e1n \u201e<strong>iskolakezd\u00e9s<\/strong>\u201d megnevez\u00e9ssel \u2013 Raiffeisen Bank 12011148-00124534-00100008<\/li>\n<\/ul>\n<p><strong>Mi mennyit \u00e9r?<\/strong><\/p>\n<ul>\n<li><strong>1 h\u00edv\u00e1s egy sz\u00ednesceruza k\u00e9szletet<\/strong><\/li>\n<li><strong>10 h\u00edv\u00e1s egy iskolat\u00e1sk\u00e1t<\/strong><\/li>\n<li><strong>1000 h\u00edv\u00e1s 100 gyermek t\u00e1mogat\u00e1s\u00e1t<\/strong><\/li>\n<\/ul>\n<p>A t\u00e1mogat\u00e1sok, tanszerek \u00e1tad\u00e1sa augusztus v\u00e9g\u00e9n \u00e9s szeptember elej\u00e9n, az iskolakezd\u00e9s els\u0151 napjaiban val\u00f3sul meg. A szervezet iskolakezd\u00e9si akci\u00f3ja\u00a0<strong>2021. augusztus 5-t\u0151l szeptember 15-ig tart.<\/strong>\u00a0Az ebben az id\u0151szakban \u00e9rkez\u0151 h\u00edv\u00e1sokat, adom\u00e1nyokat az iskol\u00e1s gyermekek t\u00e1mogat\u00e1s\u00e1ra ford\u00edtj\u00e1k.<\/p>\n<p>Fot\u00f3: Mer\u00e9nyi Zita \/ Magyar Kur\u00edr<\/p>\n<p><a href=\"https:\/\/karitasz.hu\/hirek\/legyen-orom-az-iskolakezdes-1902\">Forr\u00e1s: https:\/\/karitasz.hu\/hirek\/legyen-orom-az-iskolakezdes-1902<\/a><\/p>\n<\/div><\/div><\/div><\/div><\/div><div class=\"fusion-fullwidth fullwidth-box fusion-builder-row-2 fusion-flex-container fusion-parallax-none nonhundred-percent-fullwidth non-hundred-percent-height-scrolling\" style=\"--awb-border-sizes-top:0px;--awb-border-sizes-bottom:0px;--awb-border-sizes-left:0px;--awb-border-sizes-right:0px;--awb-border-radius-top-left:0px;--awb-border-radius-top-right:0px;--awb-border-radius-bottom-right:0px;--awb-border-radius-bottom-left:0px;--awb-padding-top:150px;--awb-padding-bottom:150px;--awb-background-image:url(&quot;https:\/\/karitaszeger.hu\/web\/wp-content\/uploads\/2021\/03\/segits-scaled.jpg&quot;);--awb-background-size:cover;--awb-flex-wrap:wrap;\" ><div class=\"fusion-builder-row fusion-row fusion-flex-align-items-flex-start fusion-flex-content-wrap\" style=\"max-width:calc( 1170px + 0px );margin-left: calc(-0px \/ 2 );margin-right: calc(-0px \/ 2 );\"><div class=\"fusion-layout-column fusion_builder_column fusion-builder-column-1 fusion_builder_column_1_1 1_1 fusion-flex-column\" style=\"--awb-padding-right:11%;--awb-padding-left:11%;--awb-bg-size:cover;--awb-width-large:100%;--awb-margin-top-large:0px;--awb-spacing-right-large:0px;--awb-margin-bottom-large:20px;--awb-spacing-left-large:0px;--awb-width-medium:100%;--awb-spacing-right-medium:0px;--awb-spacing-left-medium:0px;--awb-width-small:100%;--awb-spacing-right-small:0px;--awb-spacing-left-small:0px;\"><div class=\"fusion-column-wrapper fusion-flex-justify-content-flex-start fusion-content-layout-column\"><div class=\"fusion-title title fusion-title-1 fusion-sep-none fusion-title-center fusion-title-text fusion-title-size-two\" style=\"--awb-text-color:#ffffff;\"><h2 class=\"fusion-title-heading title-heading-center\" style=\"margin:0;line-height:1;\"><h2 class=\"piros kozepre\"><span style=\"color: #ffffff;\">AZ \u00d6N SEG\u00cdTS\u00c9G\u00c9RE\u00a0IS SZ\u00dcKS\u00c9G VAN!<\/span><\/h2>\n<div class=\"content\"><\/div><\/h2><\/div><div class=\"fusion-separator\" style=\"align-self: center;margin-left: auto;margin-right: auto;margin-top:0px;margin-bottom:40px;width:100%;max-width:200px;\"><div class=\"fusion-separator-border sep-single sep-solid\" style=\"--awb-height:20px;--awb-amount:20px;--awb-sep-color:#f44336;border-color:#f44336;border-top-width:3px;\"><\/div><\/div><div class=\"fusion-text fusion-text-2\"><h2 style=\"text-align: center;\"><span style=\"color: #ffffff;\"><strong>1356 \u2013 H\u00cdVJON, HOGY SEG\u00cdTHESS\u00dcNK!<\/strong><\/span><\/h2>\n<\/div><div class=\"fusion-builder-row fusion-builder-row-inner fusion-row fusion-flex-align-items-flex-start fusion-flex-content-wrap\" style=\"width:calc( 100% + 0px ) !important;max-width:calc( 100% + 0px ) !important;margin-left: calc(-0px \/ 2 );margin-right: calc(-0px \/ 2 );\"><div class=\"fusion-layout-column fusion_builder_column_inner fusion-builder-nested-column-0 fusion_builder_column_inner_1_3 1_3 fusion-flex-column\" style=\"--awb-bg-size:cover;--awb-width-large:33.333333333333%;--awb-margin-top-large:0px;--awb-spacing-right-large:0px;--awb-margin-bottom-large:20px;--awb-spacing-left-large:0px;--awb-width-medium:100%;--awb-order-medium:0;--awb-spacing-right-medium:0px;--awb-spacing-left-medium:0px;--awb-width-small:100%;--awb-order-small:0;--awb-spacing-right-small:0px;--awb-spacing-left-small:0px;\"><div class=\"fusion-column-wrapper fusion-column-has-shadow fusion-flex-justify-content-flex-start fusion-content-layout-column\"><\/div><\/div><div class=\"fusion-layout-column fusion_builder_column_inner fusion-builder-nested-column-1 fusion_builder_column_inner_1_3 1_3 fusion-flex-column fusion-animated\" style=\"--awb-bg-color:#f44336;--awb-bg-color-hover:#f44336;--awb-bg-size:cover;--awb-width-large:33.333333333333%;--awb-margin-top-large:0px;--awb-spacing-right-large:0px;--awb-margin-bottom-large:20px;--awb-spacing-left-large:0px;--awb-width-medium:100%;--awb-order-medium:0;--awb-spacing-right-medium:0px;--awb-spacing-left-medium:0px;--awb-width-small:100%;--awb-order-small:0;--awb-spacing-right-small:0px;--awb-spacing-left-small:0px;\" data-animationType=\"bounceInDown\" data-animationDuration=\"1.3\" data-animationOffset=\"top-into-view\"><div class=\"fusion-column-wrapper fusion-column-has-shadow fusion-flex-justify-content-flex-start fusion-content-layout-column\"><div style=\"text-align:center;\"><a class=\"fusion-button button-flat fusion-button-default-size button-custom fusion-button-default button-1 fusion-button-default-span fusion-button-default-type fusion-has-button-gradient\" style=\"--button_accent_color:#ffffff;--button_accent_hover_color:#f44336;--button_border_hover_color:#f44336;--button_border_width-top:0;--button_border_width-right:0;--button_border_width-bottom:0;--button_border_width-left:0;--button_gradient_top_color:rgba(254,201,107,0);--button_gradient_bottom_color:rgba(254,201,107,0);--button_gradient_top_color_hover:#ffffff;--button_gradient_bottom_color_hover:rgba(0,0,0,0);\" target=\"_self\" href=\"https:\/\/karitaszeger.hu\/web\/uzlet\/\"><i class=\"fa-credit-card fas awb-button__icon awb-button__icon--default button-icon-left\" aria-hidden=\"true\"><\/i><span class=\"fusion-button-text awb-button__text awb-button__text--default\">ONLINE ADOM\u00c1NYOZ\u00c1S<\/span><\/a><\/div><\/div><\/div><div class=\"fusion-layout-column fusion_builder_column_inner fusion-builder-nested-column-2 fusion_builder_column_inner_1_3 1_3 fusion-flex-column\" style=\"--awb-bg-size:cover;--awb-width-large:33.333333333333%;--awb-margin-top-large:0px;--awb-spacing-right-large:0px;--awb-margin-bottom-large:20px;--awb-spacing-left-large:0px;--awb-width-medium:100%;--awb-order-medium:0;--awb-spacing-right-medium:0px;--awb-spacing-left-medium:0px;--awb-width-small:100%;--awb-order-small:0;--awb-spacing-right-small:0px;--awb-spacing-left-small:0px;\"><div class=\"fusion-column-wrapper fusion-column-has-shadow fusion-flex-justify-content-flex-start fusion-content-layout-column\"><\/div><\/div><\/div><\/div><\/div><\/div><\/div><\/p>\n","protected":false},"excerpt":{"rendered":"","protected":false},"author":3,"featured_media":3982,"comment_status":"open","ping_status":"open","sticky":false,"template":"","format":"standard","meta":{"footnotes":""},"categories":[107],"tags":[],"class_list":["post-3976","post","type-post","status-publish","format-standard","has-post-thumbnail","hentry","category-hirek"],"_links":{"self":[{"href":"https:\/\/karitaszeger.hu\/web\/wp-json\/wp\/v2\/posts\/3976","targetHints":{"allow":["GET"]}}],"collection":[{"href":"https:\/\/karitaszeger.hu\/web\/wp-json\/wp\/v2\/posts"}],"about":[{"href":"https:\/\/karitaszeger.hu\/web\/wp-json\/wp\/v2\/types\/post"}],"author":[{"embeddable":true,"href":"https:\/\/karitaszeger.hu\/web\/wp-json\/wp\/v2\/users\/3"}],"replies":[{"embeddable":true,"href":"https:\/\/karitaszeger.hu\/web\/wp-json\/wp\/v2\/comments?post=3976"}],"version-history":[{"count":7,"href":"https:\/\/karitaszeger.hu\/web\/wp-json\/wp\/v2\/posts\/3976\/revisions"}],"predecessor-version":[{"id":4029,"href":"https:\/\/karitaszeger.hu\/web\/wp-json\/wp\/v2\/posts\/3976\/revisions\/4029"}],"wp:featuredmedia":[{"embeddable":true,"href":"https:\/\/karitaszeger.hu\/web\/wp-json\/wp\/v2\/media\/3982"}],"wp:attachment":[{"href":"https:\/\/karitaszeger.hu\/web\/wp-json\/wp\/v2\/media?parent=3976"}],"wp:term":[{"taxonomy":"category","embeddable":true,"href":"https:\/\/karitaszeger.hu\/web\/wp-json\/wp\/v2\/categories?post=3976"},{"taxonomy":"post_tag","embeddable":true,"href":"https:\/\/karitaszeger.hu\/web\/wp-json\/wp\/v2\/tags?post=3976"}],"curies":[{"name":"wp","href":"https:\/\/api.w.org\/{rel}","templated":true}]}}