{"id":4038,"date":"2021-11-25T13:17:08","date_gmt":"2021-11-25T13:17:08","guid":{"rendered":"https:\/\/karitaszeger.hu\/web\/?p=4038"},"modified":"2021-11-25T13:37:47","modified_gmt":"2021-11-25T13:37:47","slug":"nem-mi-hanem-isten-kegyelme-altalunk-atadtak-a-karitasz-onkentesek-elismereset","status":"publish","type":"post","link":"https:\/\/karitaszeger.hu\/web\/2021\/11\/25\/nem-mi-hanem-isten-kegyelme-altalunk-atadtak-a-karitasz-onkentesek-elismereset\/","title":{"rendered":"Nem mi, hanem Isten kegyelme \u00e1ltalunk \u2013 \u00c1tadt\u00e1k a Karit\u00e1sz \u00f6nk\u00e9ntesek elismer\u00e9s\u00e9t"},"content":{"rendered":"<p><div class=\"fusion-fullwidth fullwidth-box fusion-builder-row-1 fusion-flex-container nonhundred-percent-fullwidth non-hundred-percent-height-scrolling\" style=\"--awb-border-radius-top-left:0px;--awb-border-radius-top-right:0px;--awb-border-radius-bottom-right:0px;--awb-border-radius-bottom-left:0px;--awb-padding-bottom:30px;--awb-flex-wrap:wrap;\" ><div class=\"fusion-builder-row fusion-row fusion-flex-align-items-flex-start fusion-flex-content-wrap\" style=\"max-width:1216.8px;margin-left: calc(-4% \/ 2 );margin-right: calc(-4% \/ 2 );\"><div class=\"fusion-layout-column fusion_builder_column fusion-builder-column-0 fusion_builder_column_1_1 1_1 fusion-flex-column\" style=\"--awb-bg-size:cover;--awb-width-large:100%;--awb-margin-top-large:0px;--awb-spacing-right-large:1.92%;--awb-margin-bottom-large:0px;--awb-spacing-left-large:1.92%;--awb-width-medium:100%;--awb-spacing-right-medium:1.92%;--awb-spacing-left-medium:1.92%;--awb-width-small:100%;--awb-spacing-right-small:1.92%;--awb-spacing-left-small:1.92%;\"><div class=\"fusion-column-wrapper fusion-flex-justify-content-flex-start fusion-content-layout-column\"><div class=\"fusion-separator fusion-full-width-sep\" style=\"align-self: center;margin-left: auto;margin-right: auto;margin-bottom:10px;width:100%;\"><div class=\"fusion-separator-border sep-single\" style=\"--awb-height:20px;--awb-amount:20px;border-color:#e00000;border-top-width:1px;\"><\/div><\/div><div class=\"fusion-text fusion-text-1\" style=\"--awb-text-transform:none;\"><div class=\"kozepre\"><a class=\"fokep\" rel=\"lightbox&#091;'g117220'&#093;\"><img decoding=\"async\" src=\"https:\/\/www.magyarkurir.hu\/img1.php?id=117220&amp;v=0&amp;img=c_img_20211009_110844.jpg\" \/><\/a><\/div>\n<h3 class=\"lead\">Tizedik alkalommal adt\u00e1k \u00e1t okt\u00f3ber 9-\u00e9n a Katolikus Karit\u00e1sz orsz\u00e1gos elismer\u00e9s\u00e9t, az \u00f6nk\u00e9ntesek Caritas Hungarica d\u00edj\u00e1t. A Magyar Szentek templom\u00e1ban Sp\u00e1nyi Antal sz\u00e9kesfeh\u00e9rv\u00e1ri p\u00fcsp\u00f6k, a Karit\u00e1sz eln\u00f6ke, \u00c9csy G\u00e1bor orsz\u00e1gos igazgat\u00f3, valamint az egyh\u00e1zmegyei igazgat\u00f3k 47 \u00f6nk\u00e9ntesnek k\u00f6sz\u00f6nt\u00e9k meg, hogy a Karit\u00e1sz h\u00e1l\u00f3zat\u00e1n bel\u00fcl szem\u00e9lyes szeretet\u00fckkel tesznek nap mint nap m\u00e1sok\u00e9rt.<\/h3>\n<div class=\"contentsav\">\n<p>Ragyog\u00f3 naps\u00fct\u00e9s \u00e9s okt\u00f3beri h\u0171v\u00f6s id\u0151 fogadta szombaton azt az orsz\u00e1g minden pontj\u00e1r\u00f3l ak\u00e1r kora hajnalban indul\u00f3 47 \u00f6nk\u00e9ntest, csal\u00e1dtagjaikat, pl\u00e9b\u00e1nosaikat \u00e9s egyh\u00e1zmegy\u00e9j\u00fck karit\u00e1szigazgat\u00f3it, akik a tizedik alkalommal tartott Caritas Hungarica d\u00edj \u00e1tad\u00e1s\u00e1ra \u00e9rkeztek a Magyar Szentek templom\u00e1ba.<\/p>\n<p>A budapesti d\u00edj\u00e1tad\u00e1s h\u00e1laad\u00f3 szentmis\u00e9vel kezd\u0151d\u00f6tt, melyen Sp\u00e1nyi Antal p\u00fcsp\u00f6k, a Katolikus Karit\u00e1sz eln\u00f6ke \u00e9s \u00c9csy G\u00e1bor orsz\u00e1gos igazgat\u00f3 mellett koncelebr\u00e1lt t\u00edz pl\u00e9b\u00e1nos, akik d\u00edjazottjaikkal vettek r\u00e9szt a k\u00f6z\u00f6s \u00fcnnepen.<\/p>\n<p><a title=\"\" rel=\"lightbox&#091;'g117220'&#093;\"><img decoding=\"async\" class=\"ckep\" src=\"https:\/\/www.magyarkurir.hu\/img1.php?id=117220&amp;v=0&amp;p=1&amp;img=c_img_3484.jpg\" alt=\"\" border=\"0\" \/><\/a><\/p>\n<p>Szentbesz\u00e9de elej\u00e9n Sp\u00e1nyi Antal Krisztus szeretet\u00e9re ir\u00e1ny\u00edtotta a figyelmet, s kapcsol\u00f3dva az evang\u00e9lium soraihoz, meger\u0151s\u00edtette: \u201eM\u00e1ri\u00e1n\u00e1l k\u00f6zelebb senki sem \u00e1ll J\u00e9zushoz. Persze, hogy az \u00f6sszes szentek k\u00f6z\u00f6tt M\u00e1ria a legdics\u0151s\u00e9gesebb, M\u00e1ria a legboldogabb \u2013 hogyha lehet ilyeneket mondani. De azt mondja J\u00e9zus: mindaz boldog, aki nemcsak hallgatja J\u00e9zus tan\u00edt\u00e1s\u00e1t, hanem ezt a tan\u00edt\u00e1st befogadja, be is tartja.\u201d Felid\u00e9zte a p\u00fcsp\u00f6k, hogyan veszi \u00e9szre M\u00e1ria \u00e9rz\u00e9keny figyelm\u00e9vel K\u00e1n\u00e1ban, hogy elfogyott a bor, s J\u00e9zus l\u00e1tsz\u00f3lagos visszautas\u00edt\u00e1sa ellen\u00e9re is milyen j\u00f3l ismeri fi\u00e1t, aki seg\u00edt, hogy a h\u00e1ziak ne sz\u00e9gyen\u00fcljenek meg.<\/p>\n<p>Sp\u00e1nyi Antal ezut\u00e1n kiemelte: \u201eM\u00e1ria a kereszt\u00e9ny emberek p\u00e9ldak\u00e9pe. Az egyh\u00e1z \u0151sid\u0151k \u00f3ta megfogalmazta azt az igazs\u00e1got, hogy a J\u00e9zust keres\u0151k M\u00e1ri\u00e1n kereszt\u00fck jutnak el hozz\u00e1 leggyorsabban \u00e9s legbiztosabban. Mert M\u00e1ria \u00f6r\u00f6k p\u00e9lda, mert M\u00e1ria \u00e9gi k\u00f6zbenj\u00e1r\u00f3nk, s mert M\u00e1ria a mi \u00e9gi Any\u00e1nk, aki b\u00fcszke akar lenni r\u00e1nk, aki szeretet\u00e9vel k\u00f6r\u00fcl\u00f6lel benn\u00fcnket, \u00e9s aki egyik\u00fcnkr\u0151l sem hajland\u00f3 elfelejtkezni.\u201d<\/p>\n<p>A Karit\u00e1sz munk\u00e1j\u00e1t mint Krisztusr\u00f3l val\u00f3 tan\u00fas\u00e1gt\u00e9telt \u00e9rtelmezve a sz\u00f3nok elmondta, hogy \u201eeg\u00e9szen kiemelt m\u00f3dja ennek a tan\u00fas\u00e1gt\u00e9telnek az a szeretetszolg\u00e1lat, amelyet a Karit\u00e1sz munkat\u00e1rsai v\u00e9geznek. M\u00e1ria ezt tette K\u00e1n\u00e1ban \u00e9s nyilv\u00e1n ezt tette sz\u00e1mtalan m\u00e1s helyzetben is (\u2026). Bizonyos, hogy \u0151 a gondoskod\u00f3 szeretetnek, az im\u00e1dkoz\u00f3 szeretetnek, a m\u00e1sikat meg\u00e9rt\u0151 \u00e9s elfogad\u00f3 szeretetnek volt a mintak\u00e9pe.\u201d<\/p>\n<p><a title=\"\" rel=\"lightbox&#091;'g117220'&#093;\"><img decoding=\"async\" class=\"ckep\" src=\"https:\/\/www.magyarkurir.hu\/img1.php?id=117220&amp;v=0&amp;p=1&amp;img=c_img_20211009_105641.jpg\" alt=\"\" border=\"0\" \/><\/a><\/p>\n<p>Az \u00f6nk\u00e9ntesek napi k\u00fczdelmeit a Karit\u00e1sz eln\u00f6kek\u00e9nt is j\u00f3l ismer\u0151 p\u00fcsp\u00f6k v\u00e9g\u00fcl kiemelte:<\/p>\n<blockquote>\n<p>Krisztust kell vinni az emberekhez. Nem a magam szeretet\u00e9t, nem a magam b\u00f6lcsess\u00e9g\u00e9t, nem a magam j\u00f3s\u00e1g\u00e1t. Krisztust kell adnom. \u00c9s csak akkor adhatom, ha Krisztus val\u00f3ban bennem is \u00e9l.<\/p>\n<\/blockquote>\n<p>Akkor, hogyha nem \u00e9n vagyok a fontos, mert \u00e9n csak k\u00f6zvet\u00edt\u0151 vagyok, csak eszk\u00f6z vagyok az Isten kez\u00e9ben. A m\u00e1sodik dolog ez: Krisztus eszk\u00f6zek\u00e9nt Krisztus szeretet\u00e9t viszem az emberekhez.<\/p>\n<p>S a harmadik \u2013 nem k\u00f6nnyebb \u2013, hogy abban az emberben, akihez megyek, akivel tal\u00e1lkozom, abban f\u00f6lfedezzem Krisztust. (\u2026). S amikor f\u00e1radtak vagyunk \u00e9s vonszoljuk magunkat, \u00e9s ki tudja, m\u00e1r h\u00e1nyadik embert hallgatjuk v\u00e9gig, abban f\u00f6lfedezni Krisztust nem k\u00f6nny\u0171 dolog. De m\u00e9gis ez a mi dolgunk: \u00e9szrevenni. Nemcsak az im\u00e1ds\u00e1g elragadtat\u00e1s\u00e1nak pillanataiban, nemcsak egy sz\u00e9p liturgia \u00fcnnepi esem\u00e9nyeiben, hanem a h\u00e9tk\u00f6znapi \u00e9let keserves, f\u00e1radts\u00e1gos, izzadts\u00e1gos t\u00f6rt\u00e9n\u00e9seiben is.<\/p>\n<p><a title=\"\" rel=\"lightbox&#091;'g117220'&#093;\"><img decoding=\"async\" class=\"ckep\" src=\"https:\/\/www.magyarkurir.hu\/img1.php?id=117220&amp;v=0&amp;p=1&amp;img=c_img_3557.jpg\" alt=\"\" border=\"0\" \/><\/a><\/p>\n<p>Ez a Karit\u00e1sz-munkat\u00e1rs saj\u00e1tos karizm\u00e1ja. Ez az a saj\u00e1tos aj\u00e1nd\u00e9k, amit az Istent\u0151l kapunk, hogy ezt a k\u00fcldet\u00e9st j\u00f3l tudjuk tenni. Mert ez a k\u00fcldet\u00e9s \u2013 azt gondolom \u2013 az egyik legeslegfontosabb tan\u00fas\u00e1gt\u00e9tel form\u00e1ja ebben a vil\u00e1gban. (\u2026)<\/p>\n<blockquote>\n<p>A legfontosabb azonban m\u00e9gis az, amikor mi, a magunk Istent\u0151l kapott \u00e9s meg\u00e1ldott embers\u00e9g\u00e9nek szeretet\u00e9vel, Krisztust\u00f3l \u00e1tj\u00e1rt embers\u00e9g\u00fcnkkel oda\u00e1llunk a m\u00e1sik mell\u00e9.<\/p>\n<\/blockquote>\n<p>Amikor a sz\u00edv\u00fcnk szeretet\u00e9t nekik adjuk, \u00e9s sz\u00edv\u00fcnket kit\u00e1rjuk, hogy ak\u00e1r az \u0151 nyomor\u00fas\u00e1guk fel\u00e9t magunkkal vigy\u00fck \u00e9s magunkkal hordozzuk. A j\u00f3 sz\u00f3, a meg\u00e9rt\u0151 sz\u00f3, a kedves mosoly, a nem magamat el\u0151t\u00e9rbe helyez\u0151 igyekv\u00e9s, hanem az \u0150r\u00e1 figyel\u00e9s szeretete: az, ami egy ember sz\u00edv\u00e9t megv\u00e1ltoztatja, s amely v\u00e9g\u00fcl is megv\u00e1ltoztatja a vil\u00e1got. Teh\u00e1t<\/p>\n<blockquote>\n<p>v\u00e1ltozzon meg a mi sz\u00edv\u00fcnk, v\u00e1ltozzon meg az \u00e9letr\u0151l alkotott felfog\u00e1sunk, s akkor majd megv\u00e1ltoztatjuk a vil\u00e1got. Nem mi, hanem Isten kegyelme \u00e1ltalunk.\u201d<\/p>\n<\/blockquote>\n<p>\u2013 z\u00e1rta szentbesz\u00e9d\u00e9t Sp\u00e1nyi Antal.<\/p>\n<p>A szentmis\u00e9t k\u00f6vet\u0151en vehett\u00e9k \u00e1t elismer\u00e9seiket tizen\u00f6t egyh\u00e1zmegyei k\u00f6zpont pl\u00e9b\u00e1niai csoportjainak \u00f6nk\u00e9ntesei.<\/p>\n<p><a title=\"\" rel=\"lightbox&#091;'g117220'&#093;\"><img decoding=\"async\" class=\"ckep\" src=\"https:\/\/www.magyarkurir.hu\/img1.php?id=117220&amp;v=0&amp;p=1&amp;img=c_img_3572.jpg\" alt=\"\" border=\"0\" \/><\/a><\/p>\n<div class=\"keretes\">\n<p>A Caritas Hungarica d\u00edjat 2012-ben alap\u00edtotta meg a Katolikus Karit\u00e1sz vezet\u0151s\u00e9ge. C\u00e9lja elismerni \u00e9s \u00e9rt\u00e9kelni a Karit\u00e1sz \u00f6nk\u00e9nteseinek k\u00fcl\u00f6nb\u00f6z\u0151 szoci\u00e1lis ter\u00fcleteken v\u00e9gzett p\u00e9lda\u00e9rt\u00e9k\u0171 munk\u00e1j\u00e1t, illetve az \u00f6nk\u00e9ntess\u00e9g t\u00e1rsadalmi meg\u00edt\u00e9l\u00e9s\u00e9nek n\u00f6vel\u00e9se, a karitat\u00edv tev\u00e9kenys\u00e9gre val\u00f3 buzd\u00edt\u00e1s. Az elismer\u00e9st azok az \u00f6nk\u00e9ntesek kapj\u00e1k, akik a Katolikus Karit\u00e1sz tev\u00e9kenys\u00e9ge sor\u00e1n a legt\u00f6bbet tettek karitat\u00edv tev\u00e9kenys\u00e9g form\u00e1j\u00e1ban a r\u00e1szorultak\u00e9rt, p\u00e9ld\u00e1ul az id\u0151sek\u00e9rt, betegek\u00e9rt, fogyat\u00e9kkal \u00e9l\u0151k\u00e9rt vagy a t\u00e1rsadalom perem\u00e9re sodr\u00f3dott csal\u00e1dok\u00e9rt.<\/p>\n<\/div>\n<p>A d\u00edjazottakat Zagyva Rich\u00e1rd, a Katolikus Karit\u00e1sz orsz\u00e1gos igazgat\u00f3helyettese k\u00f6sz\u00f6nt\u00f6tte. Mint fogalmazott, az elismer\u00e9st ki\u00e9rdeml\u0151 \u00f6nk\u00e9ntesek a Karit\u00e1sz tev\u00e9kenys\u00e9ge sor\u00e1n kiemelked\u0151 m\u00f3don \u00e9s rendszeresen seg\u00edtik embert\u00e1rsaikat.<\/p>\n<p><a title=\"\" rel=\"lightbox&#091;'g117220'&#093;\"><img decoding=\"async\" class=\"ckep\" src=\"https:\/\/www.magyarkurir.hu\/img1.php?id=117220&amp;v=0&amp;p=1&amp;img=c_img_3548.jpg\" alt=\"\" border=\"0\" \/><\/a><\/p>\n<p>\u201e\u00c9lelmiszerrel, gy\u00f3gyszerrel, ruh\u00e1kkal, b\u00fatorokkal \u00e9s egy\u00e9b t\u00e1rgyi adom\u00e1nyokkal t\u00e1mogatj\u00e1k a neh\u00e9z szoci\u00e1lis k\u00f6r\u00fclm\u00e9nyek k\u00f6z\u00f6tt \u00e9l\u0151ket. Betegeket, mag\u00e1nyos id\u0151seket l\u00e1togatnak \u00e9s fizikai, valamint lelki t\u00e1mogat\u00e1ssal ny\u00fajtanak seg\u00edts\u00e9get sz\u00e1mukra. T\u00e1rgyi \u00e9s p\u00e9nzadom\u00e1nygy\u0171jt\u00e9seket, j\u00f3t\u00e9konys\u00e1gi programokat, seg\u00e9lyakci\u00f3kat, ny\u00e1ri t\u00e1borokat szerveznek. Gyakran pakolnak, v\u00e1logatnak adom\u00e1nyokat, majd k\u00e9sz\u00edtenek bel\u0151l\u00fck hasznos csomagokat, amelyeket el is juttatnak a legnehezebb sors\u00fa emberekhez, csal\u00e1dokhoz. Sok id\u0151t sz\u00e1nnak a csal\u00e1dok megl\u00e1togat\u00e1s\u00e1ra, szoci\u00e1lis helyzet\u00fck felm\u00e9r\u00e9s\u00e9re is, hogy a legjobb helyre jusson a seg\u00edts\u00e9g. Saj\u00e1t karit\u00e1szk\u00f6z\u00f6ss\u00e9g\u00fck lehet\u0151s\u00e9gein t\u00fal az egyh\u00e1zmegyei \u00e9s orsz\u00e1gos seg\u00e9lyakci\u00f3kba is becsatlakoznak, tov\u00e1bbi feladatokat \u00e9s adminisztr\u00e1ci\u00f3t is felv\u00e1llalva. K\u00fcl\u00f6n\u00f6sen \u00e9rz\u00e9kenyek a legelesettebbek, az id\u0151sek, betegs\u00e9gben szenved\u0151k \u00e9s a gyermekek probl\u00e9m\u00e1i ir\u00e1nt. Karit\u00e1szcsoportjuk tagjaival \u00e9s telep\u00fcl\u00e9s\u00fck szervezeteivel \u00e9l\u0151 \u00e9s j\u00f3l m\u0171k\u00f6d\u0151, p\u00e9lda\u00e9rt\u00e9k\u0171 kapcsolatokat, egy\u00fcttm\u0171k\u00f6d\u00e9seket alak\u00edtottak ki, amelyek a r\u00e1szorul\u00f3k jav\u00e1ra szolg\u00e1lnak. A k\u00e9zzel foghat\u00f3 karitat\u00edv feladatok mellett im\u00e1dkoznak a r\u00e1szorul\u00f3k\u00e9rt, t\u00e1mogat\u00f3k\u00e9rt \u00e9s \u00f6nk\u00e9ntesek\u00e9rt. \u00a0Mindezek mellett valamennyi d\u00edjazott k\u00fcl\u00f6n\u00f6sen nagy odaad\u00e1ssal, elhivatotts\u00e1ggal \u00e9s t\u00fcrelemmel \u00e1ll a r\u00e1szorultak mellett vigaszt ny\u00fajtva a neh\u00e9zs\u00e9ggel k\u00fczd\u0151k sz\u00e1m\u00e1ra. Gratul\u00e1lunk \u00e1ldozatos, kiemelked\u0151 \u00e9s p\u00e9lda\u00e9rt\u00e9k\u0171 tev\u00e9kenys\u00e9g\u00fckh\u00f6z!\u201d<\/p>\n<p><a title=\"\" rel=\"lightbox&#091;'g117220'&#093;\"><img decoding=\"async\" class=\"ckep\" src=\"https:\/\/www.magyarkurir.hu\/img1.php?id=117220&amp;v=0&amp;p=1&amp;img=c_img_3650.jpg\" alt=\"\" border=\"0\" \/><\/a><\/p>\n<p>Az \u00f6nk\u00e9ntesek nev\u00e9ben Horv\u00e1th S\u00e1ndor, a Szombathelyi Egyh\u00e1zmegyei Karit\u00e1sz \u00f6nk\u00e9ntese besz\u00e9lt, kiemelve, hogy a karit\u00e1szmunka mentes az el\u0151\u00edt\u00e9letekt\u0151l, kr\u00edzishelyzetben (d\u00e9lszl\u00e1v h\u00e1bor\u00fa, horv\u00e1torsz\u00e1gi f\u00f6ldreng\u00e9s) pedig igyekszik azonnali seg\u00edts\u00e9get ny\u00fajtani.<\/p>\n<p>Az \u00fcnneps\u00e9get a szok\u00e1sos agap\u00e9val z\u00e1rta a Katolikus Egyh\u00e1z hivatalos seg\u00e9lyszervezete. A h\u0171v\u00f6s d\u00e9lel\u0151tt kora d\u00e9lut\u00e1nra kellemes melegg\u00e9 v\u00e1ltozott, ahogyan egy adom\u00e1nyba adott k\u00e1lyha meleg\u00edti fel a szob\u00e1t, ahogyan egy besz\u00e9lget\u00e9s ad rem\u00e9nyt, egy tanszercsomag vagy korrepet\u00e1l\u00e1s teremt j\u00f6v\u0151t a Karit\u00e1sz \u00f6nk\u00e9nteseinek munk\u00e1j\u00e1val Magyarorsz\u00e1g k\u00f6zel 800 telep\u00fcl\u00e9s\u00e9n.<\/p>\n<div class=\"keretes\">\n<p align=\"center\"><strong>A D\u00cdJAZOTTAK EGYH\u00c1ZMEGY\u00c9NK\u00c9NT:<\/strong><\/p>\n<p><em>Debrecen-Ny\u00edregyh\u00e1zi Egyh\u00e1zmegye<\/em><\/p>\n<p>Pappn\u00e9 Fekete M\u00f3nika<br \/>\nReviczky \u00c9va<br \/>\nSzmolinka Zolt\u00e1n Ign\u00e1czn\u00e9<\/p>\n<p><em>Egri F\u0151egyh\u00e1zmegye<\/em><\/p>\n<p>B\u00f3dis Alajosn\u00e9<br \/>\nMagyar L\u00e1szl\u00f3n\u00e9<br \/>\nThurz\u00f3n\u00e9 Mustos Ildik\u00f3<br \/>\nZsid\u00f3 Zolt\u00e1nn\u00e9<\/p>\n<p><em>Esztergom-Budapesti F\u0151egyh\u00e1zmegye<\/em><\/p>\n<p>Csaba J\u00e1nosn\u00e9<br \/>\nMoln\u00e1rn\u00e9 B\u00e9csi Margit<br \/>\nRendek J\u00f3zsefn\u00e9<br \/>\nVarga S\u00e1ndorn\u00e9<\/p>\n<p><em>Gy\u0151ri Egyh\u00e1zmegye<\/em><\/p>\n<p>Kutrovits Erzs\u00e9bet<br \/>\nMuzslai J\u00e1nosn\u00e9<\/p>\n<p><em>Kalocsa-Kecskem\u00e9ti F\u0151egyh\u00e1zmegye<\/em><\/p>\n<p>Br\u00e9vai Ferencn\u00e9<br \/>\nEngert J\u00f3zsefn\u00e9<br \/>\nPetrezselyemn\u00e9 Forg\u00e1cs Magdolna<\/p>\n<p><em>Kaposv\u00e1ri Egyh\u00e1zmegye<\/em><\/p>\n<p>Dr. Bemn\u00e9 Schneider M\u00e1ria<br \/>\nJ\u00e1nosa Tiborn\u00e9<br \/>\nMaronics M\u00e1ria<\/p>\n<p><em>Miskolci F\u0151egyh\u00e1zmegye<\/em><\/p>\n<p>T\u00f3thn\u00e9 Kukola M\u00e1ria<\/p>\n<p><em>Ny\u00edregyh\u00e1zi Egyh\u00e1zmegye<\/em><\/p>\n<p>L\u0151rincz P\u00e9ter<\/p>\n<p><em>Pannonhalmi F\u0151ap\u00e1ts\u00e1g<\/em><\/p>\n<p>Farkas Ildik\u00f3<br \/>\nNy\u00e1rin\u00e9 G\u00e1briel M\u00f3nika<br \/>\nSzolnoki Gyula<\/p>\n<p><em>P\u00e9cs Egyh\u00e1zmegyei<\/em><\/p>\n<p>Feh\u00e9r J\u00f3zsefn\u00e9<br \/>\nGuly\u00e1s Ildik\u00f3<br \/>\nPint\u00e9r Gy\u00f6rgyn\u00e9<\/p>\n<p><em>Szeged-Csan\u00e1di Egyh\u00e1zmegye<\/em><\/p>\n<p>Dr. Bad\u00f3n\u00e9 Dr. Vekerdy M\u00e1rta Ir\u00e9n<br \/>\nDaka J\u00f3zsefn\u00e9<br \/>\nKissn\u00e9 Tapodi Ter\u00e9zia<br \/>\nRat\u00e1r Tiborn\u00e9<\/p>\n<p><em>Sz\u00e9kesfeh\u00e9rv\u00e1ri Egyh\u00e1zmegye<\/em><\/p>\n<p>Busicsn\u00e9 Pap Anna<br \/>\nMatuz K\u00e1rolyn\u00e9<br \/>\nSzarka Istv\u00e1nn\u00e9<br \/>\nTarpataki Katalin<\/p>\n<p><em>Szombathelyi Egyh\u00e1zmegye<\/em><\/p>\n<p>Dr. Horv\u00e1th S\u00e1ndor<br \/>\nSkrapits Andr\u00e1s \u00a0\u00e9s Skrapits Andr\u00e1sn\u00e9<br \/>\nUdvardi Zsuzsanna<\/p>\n<p><em>V\u00e1ci Egyh\u00e1zmegye<\/em><\/p>\n<p>Decsi P\u00e9tern\u00e9<br \/>\nLazs\u00e1n Mih\u00e1lyn\u00e9<br \/>\nPerj\u00e9si G\u00e1born\u00e9<br \/>\ndr. Pipicz Imre<\/p>\n<p><em>Veszpr\u00e9mi F\u0151egyh\u00e1zmegye<\/em><\/p>\n<p>Horv\u00e1thn\u00e9 Dr. Kov\u00e1cs Zsuzsanna<br \/>\nKisn\u00e9 Lovasi M\u00e1ria<br \/>\nLovr\u00f3 Krisztina<\/p>\n<\/div>\n<p><strong>Forr\u00e1s: Besze Erika\/Katolikus Karit\u00e1sz<br \/>\n<\/strong><\/p>\n<p><strong>Fot\u00f3: Thaler Tam\u00e1s<br \/>\n<\/strong><\/p>\n<p><strong>Magyar Kur\u00edr<\/strong><\/p>\n<\/div>\n<\/div><\/div><\/div><\/div><\/div><div class=\"fusion-fullwidth fullwidth-box fusion-builder-row-2 fusion-flex-container fusion-parallax-none nonhundred-percent-fullwidth non-hundred-percent-height-scrolling\" style=\"--awb-border-sizes-top:0px;--awb-border-sizes-bottom:0px;--awb-border-sizes-left:0px;--awb-border-sizes-right:0px;--awb-border-radius-top-left:0px;--awb-border-radius-top-right:0px;--awb-border-radius-bottom-right:0px;--awb-border-radius-bottom-left:0px;--awb-padding-top:150px;--awb-padding-bottom:150px;--awb-background-image:url(&quot;https:\/\/karitaszeger.hu\/web\/wp-content\/uploads\/2021\/03\/segits-scaled.jpg&quot;);--awb-background-size:cover;--awb-flex-wrap:wrap;\" ><div class=\"fusion-builder-row fusion-row fusion-flex-align-items-flex-start fusion-flex-content-wrap\" style=\"max-width:calc( 1170px + 0px );margin-left: calc(-0px \/ 2 );margin-right: calc(-0px \/ 2 );\"><div class=\"fusion-layout-column fusion_builder_column fusion-builder-column-1 fusion_builder_column_1_1 1_1 fusion-flex-column\" style=\"--awb-padding-right:11%;--awb-padding-left:11%;--awb-bg-size:cover;--awb-width-large:100%;--awb-margin-top-large:0px;--awb-spacing-right-large:0px;--awb-margin-bottom-large:20px;--awb-spacing-left-large:0px;--awb-width-medium:100%;--awb-spacing-right-medium:0px;--awb-spacing-left-medium:0px;--awb-width-small:100%;--awb-spacing-right-small:0px;--awb-spacing-left-small:0px;\"><div class=\"fusion-column-wrapper fusion-flex-justify-content-flex-start fusion-content-layout-column\"><div class=\"fusion-title title fusion-title-1 fusion-sep-none fusion-title-center fusion-title-text fusion-title-size-two\" style=\"--awb-text-color:#ffffff;\"><h2 class=\"fusion-title-heading title-heading-center\" style=\"margin:0;line-height:1;\"><h2 class=\"piros kozepre\"><span style=\"color: #ffffff;\">AZ \u00d6N SEG\u00cdTS\u00c9G\u00c9RE\u00a0IS SZ\u00dcKS\u00c9G VAN!<\/span><\/h2>\n<div class=\"content\"><\/div><\/h2><\/div><div class=\"fusion-separator\" style=\"align-self: center;margin-left: auto;margin-right: auto;margin-top:0px;margin-bottom:40px;width:100%;max-width:200px;\"><div class=\"fusion-separator-border sep-single sep-solid\" style=\"--awb-height:20px;--awb-amount:20px;--awb-sep-color:#f44336;border-color:#f44336;border-top-width:3px;\"><\/div><\/div><div class=\"fusion-text fusion-text-2\"><h2 style=\"text-align: center;\"><span style=\"color: #ffffff;\"><strong>1356 \u2013 H\u00cdVJON, HOGY SEG\u00cdTHESS\u00dcNK!<\/strong><\/span><\/h2>\n<\/div><div class=\"fusion-builder-row fusion-builder-row-inner fusion-row fusion-flex-align-items-flex-start fusion-flex-content-wrap\" style=\"width:calc( 100% + 0px ) !important;max-width:calc( 100% + 0px ) !important;margin-left: calc(-0px \/ 2 );margin-right: calc(-0px \/ 2 );\"><div class=\"fusion-layout-column fusion_builder_column_inner fusion-builder-nested-column-0 fusion_builder_column_inner_1_3 1_3 fusion-flex-column\" style=\"--awb-bg-size:cover;--awb-width-large:33.333333333333%;--awb-margin-top-large:0px;--awb-spacing-right-large:0px;--awb-margin-bottom-large:20px;--awb-spacing-left-large:0px;--awb-width-medium:100%;--awb-order-medium:0;--awb-spacing-right-medium:0px;--awb-spacing-left-medium:0px;--awb-width-small:100%;--awb-order-small:0;--awb-spacing-right-small:0px;--awb-spacing-left-small:0px;\"><div class=\"fusion-column-wrapper fusion-column-has-shadow fusion-flex-justify-content-flex-start fusion-content-layout-column\"><\/div><\/div><div class=\"fusion-layout-column fusion_builder_column_inner fusion-builder-nested-column-1 fusion_builder_column_inner_1_3 1_3 fusion-flex-column fusion-animated\" style=\"--awb-bg-color:#f44336;--awb-bg-color-hover:#f44336;--awb-bg-size:cover;--awb-width-large:33.333333333333%;--awb-margin-top-large:0px;--awb-spacing-right-large:0px;--awb-margin-bottom-large:20px;--awb-spacing-left-large:0px;--awb-width-medium:100%;--awb-order-medium:0;--awb-spacing-right-medium:0px;--awb-spacing-left-medium:0px;--awb-width-small:100%;--awb-order-small:0;--awb-spacing-right-small:0px;--awb-spacing-left-small:0px;\" data-animationType=\"bounceInDown\" data-animationDuration=\"1.3\" data-animationOffset=\"top-into-view\"><div class=\"fusion-column-wrapper fusion-column-has-shadow fusion-flex-justify-content-flex-start fusion-content-layout-column\"><div style=\"text-align:center;\"><a class=\"fusion-button button-flat fusion-button-default-size button-custom fusion-button-default button-1 fusion-button-default-span fusion-button-default-type fusion-has-button-gradient\" style=\"--button_accent_color:#ffffff;--button_accent_hover_color:#f44336;--button_border_hover_color:#f44336;--button_border_width-top:0px;--button_border_width-right:0px;--button_border_width-bottom:0px;--button_border_width-left:0px;--button_gradient_top_color:rgba(254,201,107,0);--button_gradient_bottom_color:rgba(254,201,107,0);--button_gradient_top_color_hover:#ffffff;--button_gradient_bottom_color_hover:rgba(0,0,0,0);\" target=\"_self\" href=\"#\"><i class=\"fa-credit-card fas awb-button__icon awb-button__icon--default button-icon-left\" aria-hidden=\"true\"><\/i><span class=\"fusion-button-text awb-button__text awb-button__text--default\">ONLINE ADOM\u00c1NYOZ\u00c1S<\/span><\/a><\/div><\/div><\/div><div class=\"fusion-layout-column fusion_builder_column_inner fusion-builder-nested-column-2 fusion_builder_column_inner_1_3 1_3 fusion-flex-column\" style=\"--awb-bg-size:cover;--awb-width-large:33.333333333333%;--awb-margin-top-large:0px;--awb-spacing-right-large:0px;--awb-margin-bottom-large:20px;--awb-spacing-left-large:0px;--awb-width-medium:100%;--awb-order-medium:0;--awb-spacing-right-medium:0px;--awb-spacing-left-medium:0px;--awb-width-small:100%;--awb-order-small:0;--awb-spacing-right-small:0px;--awb-spacing-left-small:0px;\"><div class=\"fusion-column-wrapper fusion-column-has-shadow fusion-flex-justify-content-flex-start fusion-content-layout-column\"><\/div><\/div><\/div><\/div><\/div><\/div><\/div><\/p>\n","protected":false},"excerpt":{"rendered":"","protected":false},"author":3,"featured_media":4039,"comment_status":"open","ping_status":"open","sticky":false,"template":"","format":"standard","meta":{"footnotes":""},"categories":[107],"tags":[],"class_list":["post-4038","post","type-post","status-publish","format-standard","has-post-thumbnail","hentry","category-hirek"],"_links":{"self":[{"href":"https:\/\/karitaszeger.hu\/web\/wp-json\/wp\/v2\/posts\/4038","targetHints":{"allow":["GET"]}}],"collection":[{"href":"https:\/\/karitaszeger.hu\/web\/wp-json\/wp\/v2\/posts"}],"about":[{"href":"https:\/\/karitaszeger.hu\/web\/wp-json\/wp\/v2\/types\/post"}],"author":[{"embeddable":true,"href":"https:\/\/karitaszeger.hu\/web\/wp-json\/wp\/v2\/users\/3"}],"replies":[{"embeddable":true,"href":"https:\/\/karitaszeger.hu\/web\/wp-json\/wp\/v2\/comments?post=4038"}],"version-history":[{"count":2,"href":"https:\/\/karitaszeger.hu\/web\/wp-json\/wp\/v2\/posts\/4038\/revisions"}],"predecessor-version":[{"id":4041,"href":"https:\/\/karitaszeger.hu\/web\/wp-json\/wp\/v2\/posts\/4038\/revisions\/4041"}],"wp:featuredmedia":[{"embeddable":true,"href":"https:\/\/karitaszeger.hu\/web\/wp-json\/wp\/v2\/media\/4039"}],"wp:attachment":[{"href":"https:\/\/karitaszeger.hu\/web\/wp-json\/wp\/v2\/media?parent=4038"}],"wp:term":[{"taxonomy":"category","embeddable":true,"href":"https:\/\/karitaszeger.hu\/web\/wp-json\/wp\/v2\/categories?post=4038"},{"taxonomy":"post_tag","embeddable":true,"href":"https:\/\/karitaszeger.hu\/web\/wp-json\/wp\/v2\/tags?post=4038"}],"curies":[{"name":"wp","href":"https:\/\/api.w.org\/{rel}","templated":true}]}}