{"id":4046,"date":"2021-11-25T13:36:58","date_gmt":"2021-11-25T13:36:58","guid":{"rendered":"https:\/\/karitaszeger.hu\/web\/?p=4046"},"modified":"2021-11-25T13:39:16","modified_gmt":"2021-11-25T13:39:16","slug":"ti-vagytok-az-elo-evangelium-erseki-szentmise-a-karitasz-evfordulojan","status":"publish","type":"post","link":"https:\/\/karitaszeger.hu\/web\/2021\/11\/25\/ti-vagytok-az-elo-evangelium-erseki-szentmise-a-karitasz-evfordulojan\/","title":{"rendered":"\u201eti vagytok az \u00e9l\u0151 evang\u00e9lium!\u201d \u2013 \u00e9rseki szentmise a Karit\u00e1sz \u00e9vfordul\u00f3j\u00e1n"},"content":{"rendered":"<p><div class=\"fusion-fullwidth fullwidth-box fusion-builder-row-1 fusion-flex-container nonhundred-percent-fullwidth non-hundred-percent-height-scrolling\" style=\"--awb-border-radius-top-left:0px;--awb-border-radius-top-right:0px;--awb-border-radius-bottom-right:0px;--awb-border-radius-bottom-left:0px;--awb-padding-bottom:30px;--awb-flex-wrap:wrap;\" ><div class=\"fusion-builder-row fusion-row fusion-flex-align-items-flex-start fusion-flex-content-wrap\" style=\"max-width:1216.8px;margin-left: calc(-4% \/ 2 );margin-right: calc(-4% \/ 2 );\"><div class=\"fusion-layout-column fusion_builder_column fusion-builder-column-0 fusion_builder_column_1_1 1_1 fusion-flex-column\" style=\"--awb-bg-size:cover;--awb-width-large:100%;--awb-margin-top-large:0px;--awb-spacing-right-large:1.92%;--awb-margin-bottom-large:0px;--awb-spacing-left-large:1.92%;--awb-width-medium:100%;--awb-spacing-right-medium:1.92%;--awb-spacing-left-medium:1.92%;--awb-width-small:100%;--awb-spacing-right-small:1.92%;--awb-spacing-left-small:1.92%;\"><div class=\"fusion-column-wrapper fusion-flex-justify-content-flex-start fusion-content-layout-column\"><div class=\"fusion-separator fusion-full-width-sep\" style=\"align-self: center;margin-left: auto;margin-right: auto;margin-bottom:10px;width:100%;\"><div class=\"fusion-separator-border sep-single\" style=\"--awb-height:20px;--awb-amount:20px;border-color:#e00000;border-top-width:1px;\"><\/div><\/div><div class=\"fusion-text fusion-text-1\" style=\"--awb-text-transform:none;\"><p><img decoding=\"async\" src=\"https:\/\/eger.egyhazmegye.hu\/uploads\/content_uploads\/K01300.jpg?1633183864027\" alt=\"\" width=\"800\" height=\"450\" \/><\/p>\n<p>Kazincbarcik\u00e1n mutatott be szentmis\u00e9t a Don Bosco Sportk\u00f6zpontban Terny\u00e1k Csaba egri \u00e9rsek a Karit\u00e1sz \u00fcnneps\u00e9g\u00e9n. \u00c1rvai Ferenc, az Egri F\u0151egyh\u00e1zmegyei Karit\u00e1sz igazgat\u00f3ja k\u00f6sz\u00f6nt\u00f6tte a kett\u0151s \u00e9vfordul\u00f3n, a Karit\u00e1sz alap\u00edt\u00e1s\u00e1nak 90.,\u00a0 \u00fajj\u00e1alap\u00edt\u00e1s\u00e1nak 30. \u00e9vfordul\u00f3j\u00e1n megjelenteket. K\u00f6sz\u00f6netet mondott Terny\u00e1k Csaba egri \u00e9rseknek, mint a Karit\u00e1sz legf\u0151bb t\u00e1mogat\u00f3j\u00e1nak a jelenl\u00e9t\u00e9rt \u00e9s a sok seg\u00edts\u00e9g\u00e9rt. \u00a0K\u00f6sz\u00f6nt\u00f6tte m\u00e9g F\u00fcl\u00f6p Attila \u00e1llamtitk\u00e1rt, a kassai \u00e9s szepesi Karit\u00e1sz igazgat\u00f3j\u00e1t, akik egy\u00fcttm\u0171k\u00f6d\u0151 partnerei a f\u0151egyh\u00e1zmegyei szervezetnek.<\/p>\n<p><img decoding=\"async\" src=\"https:\/\/eger.egyhazmegye.hu\/uploads\/content_uploads\/K0140000.jpg?1633183905256\" alt=\"\" width=\"800\" height=\"450\" \/><\/p>\n<p>Terny\u00e1k \u00e9rsek szentbesz\u00e9d\u00e9ben a Nemzetk\u00f6zi Eucharisztikus Kongresszus jelmondat\u00e1ra \u2013 \u201eminden forr\u00e1som bel\u0151led fakad\u201d (Zsolt 87,7) \u2013 utalva r\u00e1mutatott: most itt vagyunk a forr\u00e1sn\u00e1l, az Euchariszti\u00e1n\u00e1l, a szentmis\u00e9ben J\u00e9zus Krisztust \u00fcnnepelj\u00fck, neki adunk h\u00e1l\u00e1t \u00e9s t\u0151le k\u00e9r\u00fcnk seg\u00edts\u00e9get az el\u0151tt\u00fcnk \u00e1ll\u00f3 \u00e9vtizedekhez.\u00a0 A Szentatya arra eml\u00e9keztetett benn\u00fcnket, hogy mer\u00edts\u00fcnk b\u00e1tran ebb\u0151l a forr\u00e1sb\u00f3l \u00e9s ha m\u00e1r egyszer mer\u00edtett\u00fcnk bel\u0151le, adjunk azoknak, akik szomjaznak. A vil\u00e1gban rengeteg szomjaz\u00f3 van, nem csak az\u00e9rt, mert az iv\u00f3vizet t\u00f6nkretett\u00fck, van egy m\u00e1sfajta szomj\u00fas\u00e1g is, ami ott \u00e9l az emberekben \u00e9s ezt J\u00e9zus Krisztus evang\u00e9liuma \u00e9s az Eucharisztia tudja csillap\u00edtani. Ezt seg\u00edti a tev\u00e9keny szeretet gyakorl\u00e1sa, mely a Karit\u00e1sz munkat\u00e1rsak s mindannyiunk saj\u00e1tos hivat\u00e1sa. \u00a0Az evang\u00e9lium hirdet\u00e9s\u00e9t, a szents\u00e9gek erej\u00e9t az hiteles\u00edti a vil\u00e1g el\u0151tt, amit a szeretet cselekedeteivel k\u00e9pesek vagyunk megval\u00f3s\u00edtani. Ezt \u00e9rtik, l\u00e1tj\u00e1k, felfogj\u00e1k az emberek, ez csillap\u00edtja legink\u00e1bb a szomj\u00fas\u00e1got. Szent \u0151rz\u0151 angyalok \u00fcnnep\u00e9n arra gondolunk, hogy mindannyiunknak van saj\u00e1t \u0151rz\u0151 angyala \u00e9s arra t\u00f6reksz\u00fcnk, hogy szem\u00e9lyes, bar\u00e1ti kapcsolatot alak\u00edtsunk ki vele. Ha belegondolunk, nagyon sokszor mulasztottuk el a k\u00f6sz\u00f6net nyilv\u00e1n\u00edt\u00e1s\u00e1t fel\u00e9j\u00fck, amikor valamilyen bajt\u00f3l meg\u00f3vott benn\u00fcnket. Ebben a szentmis\u00e9ben adjunk h\u00e1l\u00e1t, k\u00e9rj\u00fck, hogy legyen lelki vezet\u0151nk, tan\u00edtson meg arra, hogyan lehet\u00fcnk mi is \u0151rz\u0151 angyalok m\u00e1sok sz\u00e1m\u00e1ra. A mi szolg\u00e1ltunkon kereszt\u00fcl tudj\u00e1k seg\u00edteni azokat, akik m\u00e9g nem is tudatos\u00edtott\u00e1k magukban, hogy van \u0151rz\u0151 angyaluk. Legy\u00fcnk mi is \u0151rz\u0151 angyalok!<\/p>\n<p><img decoding=\"async\" src=\"https:\/\/eger.egyhazmegye.hu\/uploads\/content_uploads\/K0160.jpg?1633183948994\" alt=\"\" width=\"800\" height=\"450\" \/><\/p>\n<p>Ez egy k\u00fcl\u00f6nleges hivat\u00e1sa a Karit\u00e1sz munkat\u00e1rsainak. Az evang\u00e9liumra mai tan\u00edt\u00e1s\u00e1ra utalva (\u201eBizony mondom nektek, ha nem v\u00e1ltoztok meg, s nem lesztek olyanok, mint a gyerekek, nem mentek be a mennyek orsz\u00e1g\u00e1ba.\u201d ) a f\u0151p\u00e1sztor elmondta: J\u00e9zus\u00a0 a v\u00e1ltoz\u00e1s ig\u00e9ny\u00e9t fejezi ki a tan\u00edtv\u00e1nyok fel\u00e9.\u00a0 Ez a v\u00e1ltoz\u00e1s ig\u00e9nye r\u00e9sz\u00e9r\u0151l ma is, fel\u00e9nk is \u00e1lland\u00f3an ki\u00e1lt\u00f3 jelk\u00e9nt itt van. Ez a v\u00e1ltoz\u00e1s nem egyik napr\u00f3l a m\u00e1sikra t\u00f6rt\u00e9nik, akkor kezd\u0151d\u00f6tt, amikor a szent kereszts\u00e9gben Isten orsz\u00e1g\u00e1nak polg\u00e1rai lett\u00fcnk. \u00c9rdemes ezt \u00fajra \u00e9s \u00fajra tudatos\u00edtani magunkban a kegyelmek \u00e1ltal, amit kaptunk, aktualiz\u00e1lva ezt a mindennapokban. A szents\u00e9gek seg\u00edtenek ebben, az Eucharisztia, a forr\u00e1s, amihez mindannyian er\u0151\u00e9rt j\u00e1rulhatunk. \u00c9rezz\u00fck, hogy a leh\u00faz\u00f3 er\u0151k kereszts\u00e9g\u00fcnk ellen\u00e9re is hatnak benn\u00fcnk, a r\u00e9gi ember \u00fajra \u00e9s \u00fajra k\u00f6veteli benn\u00fcnk a juss\u00e1t. Csak \u00fagy tudjuk legy\u0151zni, ha \u00fajra \u00e9s \u00fajra meger\u0151s\u00edtj\u00fck az \u00darhoz val\u00f3 tartoz\u00e1sunkat, legink\u00e1bb az Eucharisztia \u00e1ltal. A Nemzetk\u00f6zi Eucharisztikus Kongresszusra h\u00e1l\u00e1val gondolhatunk, mert meger\u0151s\u00edtett benn\u00fcnket, sodr\u00e1sa mag\u00e1val ragadott benn\u00fcnket, s vissza kell t\u00e9rn\u00fcnk ehhez az \u00e9lm\u00e9nyhez, mint egy forr\u00e1shoz. 1938-ban \u00e9vtizedekre lend\u00fcletet adott a magyar egyh\u00e1zaknak az els\u0151 hazai kongresszus. Lelki \u00e9rtelemben ebb\u0151l \u00e9lt az eg\u00e9sz orsz\u00e1g. Meger\u0151s\u00edt\u0151 volt l\u00e1tni, hogy nemcsak egy maroknyi kisded ny\u00e1j vagyunk, nem vagyunk egyed\u00fcl Krisztus k\u00f6vet\u00e9s\u00e9ben.<\/p>\n<p><img decoding=\"async\" src=\"https:\/\/eger.egyhazmegye.hu\/uploads\/content_uploads\/K01500.jpg?1633183985991\" alt=\"\" width=\"800\" height=\"450\" \/><\/p>\n<p>A k\u00f6vetkez\u0151 \u00e9vek nagy er\u0151forr\u00e1sa lesz a kongresszus \u00e9lm\u00e9nye, a besz\u00e9dek, tan\u00fas\u00e1gt\u00e9telek, pr\u00e9dik\u00e1ci\u00f3k, k\u00e9pek. Ezek a hitelesebb helyt\u00e1ll\u00e1st seg\u00edtik majd. A jelenl\u00e9v\u0151kh\u00f6z fordulva Terny\u00e1k \u00e9rsek \u00fagy fogalmazott: \u201eti vagytok az \u00e9l\u0151 evang\u00e9lium! Ti vagytok azok, akik az evang\u00e9liumot pr\u00f3b\u00e1lj\u00e1tok hitelesen meg\u00e9lni azokban a k\u00f6z\u00f6ss\u00e9gekben, ahol dolgoztok \u00e9s tev\u00e9kenykedtek. B\u00e1tor\u00edtalak benneteket arra, hogy legyetek h\u0171s\u00e9gesek ebben a seg\u00edt\u0151 munk\u00e1ban! Karolj\u00e1tok fel a r\u00e1szorul\u00f3kat, abb\u00f3l a forr\u00e1sb\u00f3l, amib\u0151l ti is isztok, mer\u00edtsetek ti is a r\u00e1szorul\u00f3knak.\u201d J\u00e9zus Krisztus ebben p\u00e9lda sz\u00e1munkra, nem az\u00e9rt j\u00f6tt, hogy neki szolg\u00e1ljanak, hanem, hogy \u0151 szolg\u00e1ljon.<\/p>\n<p><img decoding=\"async\" src=\"https:\/\/eger.egyhazmegye.hu\/uploads\/content_uploads\/karit%C3%A1sz%202021%20barcika.jpg?1633327999203\" alt=\"\" width=\"800\" height=\"600\" \/><\/p>\n<p>A nagyszer\u0171 szentek p\u00e9ld\u00e1ja is ezt igazolja, kiv\u00e1ltk\u00e9ppen Szent Erzs\u00e9bet, egyh\u00e1zmegy\u00e9nk nagyszer\u0171 sz\u00fcl\u00f6tte. Lelkes\u00edtsen benn\u00fcnket az \u0151 p\u00e9ld\u00e1ja, hogy megadjuk mindenkinek azt, amire sz\u00fcks\u00e9ge van. H\u00e1l\u00e1sak vagyunk, hogy J\u00e9zus Krisztushoz tartozunk, hogy megh\u00edvott benn\u00fcnket szolg\u00e1lat\u00e1ra. \u00a0Tudatos\u00edtsuk magunkban, hogy ez kit\u00fcntet\u00e9s \u00e9s \u00e9ljen benn\u00fcnk a h\u00e1la lelk\u00fclete! Seg\u00edtsenek benn\u00fcnket a szent \u0151rz\u0151 angyalok, hogy benn\u00fcnk legyen a v\u00e1ltoz\u00e1s ig\u00e9nye \u00e9s ne telj\u00fcnk el saj\u00e1t j\u00f3s\u00e1gunk gondolat\u00e1val: nem mi vagyunk ez, Krisztus seg\u00edt \u00e1ltalunk, s mi b\u0171n\u00f6s\u00f6k k\u00fczd\u00fcnk az\u00e9rt, hogy az \u00e1tv\u00e1ltoz\u00e1s folytat\u00f3dj\u00e9k benn\u00fcnk. A j\u00f3 \u00e9s a rossz hat\u00e1ra benn\u00fcnk, a sz\u00edv\u00fcnk m\u00e9ly\u00e9n h\u00faz\u00f3dik, s naponta d\u00f6nten\u00fcnk kell a j\u00f3 mellett. Legy\u00fcnk j\u00f3 emberek Szent Erzs\u00e9bet, Ter\u00e9z anya, Boldog Batthy\u00e1ny-Strattmann L\u00e1szl\u00f3 \u00e9s a t\u00f6bbi seg\u00edt\u0151 szent mint\u00e1j\u00e1ra.<\/p>\n<p>A szentmise v\u00e9g\u00e9n \u00c1rvai Ferenc atya \u00fagy fogalmazott: h\u00e1la van a sz\u00edv\u00e9ben, mert a Karit\u00e1sz lehet J\u00e9zus sz\u00edve, keze, l\u00e1ba. Ehhez kell az \u00e9gi seg\u00edts\u00e9g, mely forr\u00e1sban most meger\u0151s\u00f6dhettek a jelenl\u00e9v\u0151k. A szolg\u00e1lathoz kell az \u00e9gi seg\u00edts\u00e9g, s ezt az\u00e9rt is \u00e9rezhetj\u00fck, mert naponta megtapasztaljuk, hogy emberk\u00e9nt kevesek vagyunk sok feladathoz. Ilyenkor k\u00e9rj\u00fck: Uram, ha k\u00fcldted a feladatot, k\u00fcldd hozz\u00e1 az er\u0151t is!<\/p>\n<p>B\u00e9rczessy Andr\u00e1s<\/p>\n<p>k\u00e9p: Szent Istv\u00e1n Telev\u00edzi\u00f3 \u2013 Voz\u00e1ry R\u00f3bert<\/p>\n<p>Forr\u00e1s: <a href=\"https:\/\/eger.egyhazmegye.hu\/hirek\/hirek-200\/ti-vagytok-az-elo-evangelium-erseki-szentmise-a-karitasz-evfordulojan?fbclid=IwAR1I4Qvt68v1mnNdtbMFzD9OH1Oa8XEOGKRfRtgF0RjeJrCZMTlj3VThngM\">https:\/\/eger.egyhazmegye.hu\/hirek\/hirek-200\/ti-vagytok-az-elo-evangelium-erseki-szentmise-a-karitasz-evfordulojan?fbclid=IwAR1I4Qvt68v1mnNdtbMFzD9OH1Oa8XEOGKRfRtgF0RjeJrCZMTlj3VThngM<\/a><\/p>\n<\/div><\/div><\/div><\/div><\/div><div class=\"fusion-fullwidth fullwidth-box fusion-builder-row-2 fusion-flex-container fusion-parallax-none nonhundred-percent-fullwidth non-hundred-percent-height-scrolling\" style=\"--awb-border-sizes-top:0px;--awb-border-sizes-bottom:0px;--awb-border-sizes-left:0px;--awb-border-sizes-right:0px;--awb-border-radius-top-left:0px;--awb-border-radius-top-right:0px;--awb-border-radius-bottom-right:0px;--awb-border-radius-bottom-left:0px;--awb-padding-top:150px;--awb-padding-bottom:150px;--awb-background-image:url(&quot;https:\/\/karitaszeger.hu\/web\/wp-content\/uploads\/2021\/03\/segits-scaled.jpg&quot;);--awb-background-size:cover;--awb-flex-wrap:wrap;\" ><div class=\"fusion-builder-row fusion-row fusion-flex-align-items-flex-start fusion-flex-content-wrap\" style=\"max-width:calc( 1170px + 0px );margin-left: calc(-0px \/ 2 );margin-right: calc(-0px \/ 2 );\"><div class=\"fusion-layout-column fusion_builder_column fusion-builder-column-1 fusion_builder_column_1_1 1_1 fusion-flex-column\" style=\"--awb-padding-right:11%;--awb-padding-left:11%;--awb-bg-size:cover;--awb-width-large:100%;--awb-margin-top-large:0px;--awb-spacing-right-large:0px;--awb-margin-bottom-large:20px;--awb-spacing-left-large:0px;--awb-width-medium:100%;--awb-spacing-right-medium:0px;--awb-spacing-left-medium:0px;--awb-width-small:100%;--awb-spacing-right-small:0px;--awb-spacing-left-small:0px;\"><div class=\"fusion-column-wrapper fusion-flex-justify-content-flex-start fusion-content-layout-column\"><div class=\"fusion-title title fusion-title-1 fusion-sep-none fusion-title-center fusion-title-text fusion-title-size-two\" style=\"--awb-text-color:#ffffff;\"><h2 class=\"fusion-title-heading title-heading-center\" style=\"margin:0;line-height:1;\"><h2 class=\"piros kozepre\"><span style=\"color: #ffffff;\">AZ \u00d6N SEG\u00cdTS\u00c9G\u00c9RE\u00a0IS SZ\u00dcKS\u00c9G VAN!<\/span><\/h2>\n<div class=\"content\"><\/div><\/h2><\/div><div class=\"fusion-separator\" style=\"align-self: center;margin-left: auto;margin-right: auto;margin-top:0px;margin-bottom:40px;width:100%;max-width:200px;\"><div class=\"fusion-separator-border sep-single sep-solid\" style=\"--awb-height:20px;--awb-amount:20px;--awb-sep-color:#f44336;border-color:#f44336;border-top-width:3px;\"><\/div><\/div><div class=\"fusion-text fusion-text-2\"><h2 style=\"text-align: center;\"><span style=\"color: #ffffff;\"><strong>1356 \u2013 H\u00cdVJON, HOGY SEG\u00cdTHESS\u00dcNK!<\/strong><\/span><\/h2>\n<\/div><div class=\"fusion-builder-row fusion-builder-row-inner fusion-row fusion-flex-align-items-flex-start fusion-flex-content-wrap\" style=\"width:calc( 100% + 0px ) !important;max-width:calc( 100% + 0px ) !important;margin-left: calc(-0px \/ 2 );margin-right: calc(-0px \/ 2 );\"><div class=\"fusion-layout-column fusion_builder_column_inner fusion-builder-nested-column-0 fusion_builder_column_inner_1_3 1_3 fusion-flex-column\" style=\"--awb-bg-size:cover;--awb-width-large:33.333333333333%;--awb-margin-top-large:0px;--awb-spacing-right-large:0px;--awb-margin-bottom-large:20px;--awb-spacing-left-large:0px;--awb-width-medium:100%;--awb-order-medium:0;--awb-spacing-right-medium:0px;--awb-spacing-left-medium:0px;--awb-width-small:100%;--awb-order-small:0;--awb-spacing-right-small:0px;--awb-spacing-left-small:0px;\"><div class=\"fusion-column-wrapper fusion-column-has-shadow fusion-flex-justify-content-flex-start fusion-content-layout-column\"><\/div><\/div><div class=\"fusion-layout-column fusion_builder_column_inner fusion-builder-nested-column-1 fusion_builder_column_inner_1_3 1_3 fusion-flex-column fusion-animated\" style=\"--awb-bg-color:#f44336;--awb-bg-color-hover:#f44336;--awb-bg-size:cover;--awb-width-large:33.333333333333%;--awb-margin-top-large:0px;--awb-spacing-right-large:0px;--awb-margin-bottom-large:20px;--awb-spacing-left-large:0px;--awb-width-medium:100%;--awb-order-medium:0;--awb-spacing-right-medium:0px;--awb-spacing-left-medium:0px;--awb-width-small:100%;--awb-order-small:0;--awb-spacing-right-small:0px;--awb-spacing-left-small:0px;\" data-animationType=\"bounceInDown\" data-animationDuration=\"1.3\" data-animationOffset=\"top-into-view\"><div class=\"fusion-column-wrapper fusion-column-has-shadow fusion-flex-justify-content-flex-start fusion-content-layout-column\"><div style=\"text-align:center;\"><a class=\"fusion-button button-flat fusion-button-default-size button-custom fusion-button-default button-1 fusion-button-default-span fusion-button-default-type fusion-has-button-gradient\" style=\"--button_accent_color:#ffffff;--button_accent_hover_color:#f44336;--button_border_hover_color:#f44336;--button_border_width-top:0px;--button_border_width-right:0px;--button_border_width-bottom:0px;--button_border_width-left:0px;--button_gradient_top_color:rgba(254,201,107,0);--button_gradient_bottom_color:rgba(254,201,107,0);--button_gradient_top_color_hover:#ffffff;--button_gradient_bottom_color_hover:rgba(0,0,0,0);\" target=\"_self\" href=\"#\"><i class=\"fa-credit-card fas awb-button__icon awb-button__icon--default button-icon-left\" aria-hidden=\"true\"><\/i><span class=\"fusion-button-text awb-button__text awb-button__text--default\">ONLINE ADOM\u00c1NYOZ\u00c1S<\/span><\/a><\/div><\/div><\/div><div class=\"fusion-layout-column fusion_builder_column_inner fusion-builder-nested-column-2 fusion_builder_column_inner_1_3 1_3 fusion-flex-column\" style=\"--awb-bg-size:cover;--awb-width-large:33.333333333333%;--awb-margin-top-large:0px;--awb-spacing-right-large:0px;--awb-margin-bottom-large:20px;--awb-spacing-left-large:0px;--awb-width-medium:100%;--awb-order-medium:0;--awb-spacing-right-medium:0px;--awb-spacing-left-medium:0px;--awb-width-small:100%;--awb-order-small:0;--awb-spacing-right-small:0px;--awb-spacing-left-small:0px;\"><div class=\"fusion-column-wrapper fusion-column-has-shadow fusion-flex-justify-content-flex-start fusion-content-layout-column\"><\/div><\/div><\/div><\/div><\/div><\/div><\/div><\/p>\n","protected":false},"excerpt":{"rendered":"","protected":false},"author":3,"featured_media":4047,"comment_status":"open","ping_status":"open","sticky":false,"template":"","format":"standard","meta":{"footnotes":""},"categories":[107],"tags":[],"class_list":["post-4046","post","type-post","status-publish","format-standard","has-post-thumbnail","hentry","category-hirek"],"_links":{"self":[{"href":"https:\/\/karitaszeger.hu\/web\/wp-json\/wp\/v2\/posts\/4046","targetHints":{"allow":["GET"]}}],"collection":[{"href":"https:\/\/karitaszeger.hu\/web\/wp-json\/wp\/v2\/posts"}],"about":[{"href":"https:\/\/karitaszeger.hu\/web\/wp-json\/wp\/v2\/types\/post"}],"author":[{"embeddable":true,"href":"https:\/\/karitaszeger.hu\/web\/wp-json\/wp\/v2\/users\/3"}],"replies":[{"embeddable":true,"href":"https:\/\/karitaszeger.hu\/web\/wp-json\/wp\/v2\/comments?post=4046"}],"version-history":[{"count":3,"href":"https:\/\/karitaszeger.hu\/web\/wp-json\/wp\/v2\/posts\/4046\/revisions"}],"predecessor-version":[{"id":4054,"href":"https:\/\/karitaszeger.hu\/web\/wp-json\/wp\/v2\/posts\/4046\/revisions\/4054"}],"wp:featuredmedia":[{"embeddable":true,"href":"https:\/\/karitaszeger.hu\/web\/wp-json\/wp\/v2\/media\/4047"}],"wp:attachment":[{"href":"https:\/\/karitaszeger.hu\/web\/wp-json\/wp\/v2\/media?parent=4046"}],"wp:term":[{"taxonomy":"category","embeddable":true,"href":"https:\/\/karitaszeger.hu\/web\/wp-json\/wp\/v2\/categories?post=4046"},{"taxonomy":"post_tag","embeddable":true,"href":"https:\/\/karitaszeger.hu\/web\/wp-json\/wp\/v2\/tags?post=4046"}],"curies":[{"name":"wp","href":"https:\/\/api.w.org\/{rel}","templated":true}]}}