{"id":4056,"date":"2022-03-08T13:19:24","date_gmt":"2022-03-08T13:19:24","guid":{"rendered":"https:\/\/karitaszeger.hu\/web\/?p=4056"},"modified":"2022-03-08T13:22:32","modified_gmt":"2022-03-08T13:22:32","slug":"nem-akarjak-atelni-szeretteik-es-otthonuk-elveszteset-a-karitasz-segitsegnyujtasa-az-ukrajnai-haborus-helyzetben","status":"publish","type":"post","link":"https:\/\/karitaszeger.hu\/web\/2022\/03\/08\/nem-akarjak-atelni-szeretteik-es-otthonuk-elveszteset-a-karitasz-segitsegnyujtasa-az-ukrajnai-haborus-helyzetben\/","title":{"rendered":"Nem akarj\u00e1k \u00e1t\u00e9lni szeretteik \u00e9s otthonuk elveszt\u00e9s\u00e9t &#8211; A Karit\u00e1sz seg\u00edts\u00e9gny\u00fajt\u00e1sa az ukrajnai h\u00e1bor\u00fas helyzetben"},"content":{"rendered":"<p><div class=\"fusion-fullwidth fullwidth-box fusion-builder-row-1 fusion-flex-container nonhundred-percent-fullwidth non-hundred-percent-height-scrolling\" style=\"--awb-border-radius-top-left:0px;--awb-border-radius-top-right:0px;--awb-border-radius-bottom-right:0px;--awb-border-radius-bottom-left:0px;--awb-padding-bottom:30px;--awb-flex-wrap:wrap;\" ><div class=\"fusion-builder-row fusion-row fusion-flex-align-items-flex-start fusion-flex-content-wrap\" style=\"max-width:1216.8px;margin-left: calc(-4% \/ 2 );margin-right: calc(-4% \/ 2 );\"><div class=\"fusion-layout-column fusion_builder_column fusion-builder-column-0 fusion_builder_column_1_1 1_1 fusion-flex-column\" style=\"--awb-bg-size:cover;--awb-width-large:100%;--awb-margin-top-large:0px;--awb-spacing-right-large:1.92%;--awb-margin-bottom-large:0px;--awb-spacing-left-large:1.92%;--awb-width-medium:100%;--awb-spacing-right-medium:1.92%;--awb-spacing-left-medium:1.92%;--awb-width-small:100%;--awb-spacing-right-small:1.92%;--awb-spacing-left-small:1.92%;\"><div class=\"fusion-column-wrapper fusion-flex-justify-content-flex-start fusion-content-layout-column\"><div class=\"fusion-separator fusion-full-width-sep\" style=\"align-self: center;margin-left: auto;margin-right: auto;margin-bottom:10px;width:100%;\"><div class=\"fusion-separator-border sep-single\" style=\"--awb-height:20px;--awb-amount:20px;border-color:#e00000;border-top-width:1px;\"><\/div><\/div><div class=\"fusion-text fusion-text-1\" style=\"--awb-text-transform:none;\"><h4><span style=\"color: #ff0000;\"><strong>Gyorsseg\u00e9lyt ind\u00edt \u00e9s az ukrajnai v\u00e1ls\u00e1ghelyzetben k\u00fcl\u00f6n\u00f6sen is azok mell\u00e9 \u00e1ll a Katolikus Karit\u00e1sz, akik a legkiszolg\u00e1ltatottabbak. A menek\u00fcltek ell\u00e1t\u00e1s\u00e1ra k\u00e9sz\u00edti fel kelet-magyarorsz\u00e1gi logisztikai k\u00f6zpontj\u00e1t \u00e9s \u00f6nk\u00e9ntes csoportjait a seg\u00e9lyszervezet. Folyamatos kapcsolatban van a Caritas Ukrajna vezet\u0151ivel, akik m\u00e1r 2014. \u00f3ta t\u00e1mogatj\u00e1k a kelet-ukrajnai h\u00e1bor\u00fa \u00e1ldozatait.<\/strong><\/span><\/h4>\n<p>A Katolikus Karit\u00e1sz a hossz\u00fa t\u00e1v\u00fa \u00e9s c\u00e9lzott seg\u00e9lyez\u00e9s \u00e9rdek\u00e9bent\u00f6bb alkalommal egyeztetett a Caritas Europ\u00e1val \u00e9s a Caritas Ukrajna vezet\u0151s\u00e9g\u00e9vel a kialakult dr\u00e1mai helyzetr\u0151l. A szervezet folyamatosan inform\u00e1l\u00f3dik, hogy a seg\u00edts\u00e9gny\u00fajt\u00e1s c\u00e9lzott \u00e9s hat\u00e9kony lehessen. Anatoliy Kozak igazgat\u00f3 elmondta, hogy a helyzet \u00f3r\u00e1r\u00f3l \u00f3r\u00e1ra v\u00e1ltozik, de a k\u00f6zponti iroda kapcsolatban van az ukrajnai karit\u00e1sz csoportokkal. Az igazgat\u00f3 szerint a k\u00f6vetkez\u0151 48-72 \u00f3ra nagyon fontos lesz az orsz\u00e1g j\u00f6v\u0151je szempontj\u00e1b\u00f3l.<\/p>\n<p>A h\u00e1bor\u00fa nyolc \u00e9ve alatt szinte minden lehets\u00e9ges forr\u00e1s kimer\u00fclt. A COVID-19 vil\u00e1gj\u00e1rv\u00e1ny \u00e9s a roml\u00f3 gazdas\u00e1gi helyzet jelent\u0151sen n\u00f6velte a szeg\u00e9nys\u00e9get, k\u00fcl\u00f6n\u00f6sen azon a keleti r\u00e9szen, ahol a helyiek sz\u00e1m\u00e1ra mindennapos a t\u00fal\u00e9l\u00e9s\u00e9rt val\u00f3 k\u00fczdelem. A Caritas Ukrajna k\u00e9szen \u00e1ll a bels\u0151 menek\u00fcltek fogad\u00e1s\u00e1ra t\u00f6bb helysz\u00ednen: Dnyiproban, Poltav\u00e1ban, Zaporizzsj\u00e1ban, valamint a nyugat-ukrajnai Hmelnickijben, Ivano-Frankivszkban, Ternopilben \u00e9s Lvivben.<\/p>\n<p>A Munk\u00e1csi Egyh\u00e1zmegyei Karit\u00e1sz szint\u00e9n fogadja a bels\u0151 menek\u00fclteket K\u00e1rp\u00e1talj\u00e1n. Az \u00e9lelmiszerek, takar\u00f3k biztos\u00edt\u00e1sa \u00e9rdek\u00e9ben a magyarorsz\u00e1gi Katolikus Karit\u00e1sz p\u00e9nzbeli gyorsseg\u00e9lyt k\u00fcld\u00f6tt, valamint tart\u00f3s \u00e9lelmiszert juttat el a t\u00e9rs\u00e9gbe.<\/p>\n<p>\u201eMindent megtesz\u00fcnk annak \u00e9rdek\u00e9ben, hogy seg\u00edts\u00e9get \u00e9s t\u00e1mogat\u00e1st ny\u00fajthassunk a r\u00e1szorul\u00f3knak, m\u00e9g v\u00e9szhelyzetben is, ahogyan azt kelet-Ukrajn\u00e1ban 2014. \u00f3ta tessz\u00fck\u201d \u2013 mondta Tatiana Stawnychy, a Caritas Ukrajna eln\u00f6ke. \u201eAz emberek agg\u00f3dnak, k\u00fcl\u00f6n\u00f6sen azok, akik t\u00fal\u00e9lt\u00e9k a 2014-2015-\u00f6s esem\u00e9nyeket, sz\u00f6rny\u0171 tapasztalatokat \u00e9ltek \u00e1t, \u00e9s legf\u0151k\u00e9ppen nem akarj\u00e1k \u00e1t\u00e9lni szeretteik elveszt\u00e9s\u00e9t, otthonuk elveszt\u00e9s\u00e9t.\u201d<\/p>\n<p>A Katolikus Karit\u00e1sz 3 teheraut\u00f3nyi seg\u00e9lysz\u00e1ll\u00edtm\u00e1nyt k\u00fcld\u00f6tt a menek\u00fcltek fogad\u00e1s\u00e1ra a hat\u00e1rhoz. A sz\u00e1ll\u00edtm\u00e1ny t\u00f6bbek k\u00f6z\u00f6tt 100 matracot, takar\u00f3kat, b\u00e9bi\u00e9telt, tart\u00f3s \u00e9lelmiszert tartalmaz. A hossz\u00fat\u00e1v\u00fa seg\u00edts\u00e9gny\u00fajt\u00e1s \u00e9rdek\u00e9ben, a menek\u00fcltek ell\u00e1t\u00e1s\u00e1ra Feh\u00e9rgyarmaton \u00e9s Ny\u00edregyh\u00e1z\u00e1n ideiglenes k\u00f6zpontot hoz l\u00e9tre a seg\u00e9lyszervezet, a helyi egyh\u00e1zmegyei karit\u00e1sz szervezetekkel k\u00f6z\u00f6sen.<\/p>\n<p><img decoding=\"async\" class=\"aligncenter\" src=\"https:\/\/karitaszeger.hu\/web\/wp-content\/uploads\/2022\/03\/o_ukrajnai-haboru-hlap-ikon-3.png\" alt=\"\" \/><\/p>\n<p>A Katolikus Karit\u00e1sz mindezen c\u00e9lok t\u00e1mogat\u00e1s\u00e1ra gy\u0171jt\u00e9st hirdet a Caritas Ukrajn\u00e1val k\u00f6z\u00f6s munk\u00e1j\u00e1nak t\u00e1mogat\u00e1s\u00e1ra. A gy\u0171jt\u00e9shez t\u00f6bbf\u00e9le m\u00f3don lehet csatlakozni:<\/p>\n<ul>\n<li>A 1356-os adom\u00e1nyvonal h\u00edv\u00e1s\u00e1val (egy h\u00edv\u00e1s 500 Forint t\u00e1mogat\u00e1st jelent)<\/li>\n<li>Online adom\u00e1nyoz\u00e1ssal a Karit\u00e1sz honlapj\u00e1n \u2013 <a class=\"piroslink\" href=\"https:\/\/karitasz.hu\/segitene\/onlineadomany\" target=\"_blank\" rel=\"noopener\">www.karitasz.hu<\/a> \u2013 kereszt\u00fcl<\/li>\n<li>A Katolikus Karit\u00e1sz k\u00f6zponti banksz\u00e1ml\u00e1j\u00e1n \u201eUkrajnai h\u00e1bor\u00fa\u201d megnevez\u00e9ssel \u2013 Raiffeisen Bank 12011148-00124534-00100008<\/li>\n<\/ul>\n<p>Katolikus Karit\u00e1sz<\/p>\n<\/div><\/div><\/div><\/div><\/div><div class=\"fusion-fullwidth fullwidth-box fusion-builder-row-2 fusion-flex-container fusion-parallax-none nonhundred-percent-fullwidth non-hundred-percent-height-scrolling\" style=\"--awb-border-sizes-top:0px;--awb-border-sizes-bottom:0px;--awb-border-sizes-left:0px;--awb-border-sizes-right:0px;--awb-border-radius-top-left:0px;--awb-border-radius-top-right:0px;--awb-border-radius-bottom-right:0px;--awb-border-radius-bottom-left:0px;--awb-padding-top:150px;--awb-padding-bottom:150px;--awb-background-image:url(&quot;https:\/\/karitaszeger.hu\/web\/wp-content\/uploads\/2021\/03\/segits-scaled.jpg&quot;);--awb-background-size:cover;--awb-flex-wrap:wrap;\" ><div class=\"fusion-builder-row fusion-row fusion-flex-align-items-flex-start fusion-flex-content-wrap\" style=\"max-width:calc( 1170px + 0px );margin-left: calc(-0px \/ 2 );margin-right: calc(-0px \/ 2 );\"><div class=\"fusion-layout-column fusion_builder_column fusion-builder-column-1 fusion_builder_column_1_1 1_1 fusion-flex-column\" style=\"--awb-padding-right:11%;--awb-padding-left:11%;--awb-bg-size:cover;--awb-width-large:100%;--awb-margin-top-large:0px;--awb-spacing-right-large:0px;--awb-margin-bottom-large:20px;--awb-spacing-left-large:0px;--awb-width-medium:100%;--awb-spacing-right-medium:0px;--awb-spacing-left-medium:0px;--awb-width-small:100%;--awb-spacing-right-small:0px;--awb-spacing-left-small:0px;\"><div class=\"fusion-column-wrapper fusion-flex-justify-content-flex-start fusion-content-layout-column\"><div class=\"fusion-title title fusion-title-1 fusion-sep-none fusion-title-center fusion-title-text fusion-title-size-two\" style=\"--awb-text-color:#ffffff;\"><h2 class=\"fusion-title-heading title-heading-center\" style=\"margin:0;line-height:1;\"><h2 class=\"piros kozepre\"><span style=\"color: #ffffff;\">AZ \u00d6N SEG\u00cdTS\u00c9G\u00c9RE\u00a0IS SZ\u00dcKS\u00c9G VAN!<\/span><\/h2>\n<div class=\"content\"><\/div><\/h2><\/div><div class=\"fusion-separator\" style=\"align-self: center;margin-left: auto;margin-right: auto;margin-top:0px;margin-bottom:40px;width:100%;max-width:200px;\"><div class=\"fusion-separator-border sep-single sep-solid\" style=\"--awb-height:20px;--awb-amount:20px;--awb-sep-color:#f44336;border-color:#f44336;border-top-width:3px;\"><\/div><\/div><div class=\"fusion-text fusion-text-2\"><h2 style=\"text-align: center;\"><span style=\"color: #ffffff;\"><strong>1356 \u2013 H\u00cdVJON, HOGY SEG\u00cdTHESS\u00dcNK!<\/strong><\/span><\/h2>\n<\/div><div class=\"fusion-builder-row fusion-builder-row-inner fusion-row fusion-flex-align-items-flex-start fusion-flex-content-wrap\" style=\"width:calc( 100% + 0px ) !important;max-width:calc( 100% + 0px ) !important;margin-left: calc(-0px \/ 2 );margin-right: calc(-0px \/ 2 );\"><div class=\"fusion-layout-column fusion_builder_column_inner fusion-builder-nested-column-0 fusion_builder_column_inner_1_3 1_3 fusion-flex-column\" style=\"--awb-bg-size:cover;--awb-width-large:33.333333333333%;--awb-margin-top-large:0px;--awb-spacing-right-large:0px;--awb-margin-bottom-large:20px;--awb-spacing-left-large:0px;--awb-width-medium:100%;--awb-order-medium:0;--awb-spacing-right-medium:0px;--awb-spacing-left-medium:0px;--awb-width-small:100%;--awb-order-small:0;--awb-spacing-right-small:0px;--awb-spacing-left-small:0px;\"><div class=\"fusion-column-wrapper fusion-column-has-shadow fusion-flex-justify-content-flex-start fusion-content-layout-column\"><\/div><\/div><div class=\"fusion-layout-column fusion_builder_column_inner fusion-builder-nested-column-1 fusion_builder_column_inner_1_3 1_3 fusion-flex-column fusion-animated\" style=\"--awb-bg-color:#f44336;--awb-bg-color-hover:#f44336;--awb-bg-size:cover;--awb-width-large:33.333333333333%;--awb-margin-top-large:0px;--awb-spacing-right-large:0px;--awb-margin-bottom-large:20px;--awb-spacing-left-large:0px;--awb-width-medium:100%;--awb-order-medium:0;--awb-spacing-right-medium:0px;--awb-spacing-left-medium:0px;--awb-width-small:100%;--awb-order-small:0;--awb-spacing-right-small:0px;--awb-spacing-left-small:0px;\" data-animationType=\"bounceInDown\" data-animationDuration=\"1.3\" data-animationOffset=\"top-into-view\"><div class=\"fusion-column-wrapper fusion-column-has-shadow fusion-flex-justify-content-flex-start fusion-content-layout-column\"><div style=\"text-align:center;\"><a class=\"fusion-button button-flat fusion-button-default-size button-custom fusion-button-default button-1 fusion-button-default-span fusion-button-default-type fusion-has-button-gradient\" style=\"--button_accent_color:#ffffff;--button_accent_hover_color:#f44336;--button_border_hover_color:#f44336;--button_border_width-top:0px;--button_border_width-right:0px;--button_border_width-bottom:0px;--button_border_width-left:0px;--button_gradient_top_color:rgba(254,201,107,0);--button_gradient_bottom_color:rgba(254,201,107,0);--button_gradient_top_color_hover:#ffffff;--button_gradient_bottom_color_hover:rgba(0,0,0,0);\" target=\"_self\" href=\"#\"><i class=\"fa-credit-card fas awb-button__icon awb-button__icon--default button-icon-left\" aria-hidden=\"true\"><\/i><span class=\"fusion-button-text awb-button__text awb-button__text--default\">ONLINE ADOM\u00c1NYOZ\u00c1S<\/span><\/a><\/div><\/div><\/div><div class=\"fusion-layout-column fusion_builder_column_inner fusion-builder-nested-column-2 fusion_builder_column_inner_1_3 1_3 fusion-flex-column\" style=\"--awb-bg-size:cover;--awb-width-large:33.333333333333%;--awb-margin-top-large:0px;--awb-spacing-right-large:0px;--awb-margin-bottom-large:20px;--awb-spacing-left-large:0px;--awb-width-medium:100%;--awb-order-medium:0;--awb-spacing-right-medium:0px;--awb-spacing-left-medium:0px;--awb-width-small:100%;--awb-order-small:0;--awb-spacing-right-small:0px;--awb-spacing-left-small:0px;\"><div class=\"fusion-column-wrapper fusion-column-has-shadow fusion-flex-justify-content-flex-start fusion-content-layout-column\"><\/div><\/div><\/div><\/div><\/div><\/div><\/div><\/p>\n","protected":false},"excerpt":{"rendered":"","protected":false},"author":3,"featured_media":4062,"comment_status":"open","ping_status":"open","sticky":false,"template":"","format":"standard","meta":{"footnotes":""},"categories":[107],"tags":[],"class_list":["post-4056","post","type-post","status-publish","format-standard","has-post-thumbnail","hentry","category-hirek"],"_links":{"self":[{"href":"https:\/\/karitaszeger.hu\/web\/wp-json\/wp\/v2\/posts\/4056","targetHints":{"allow":["GET"]}}],"collection":[{"href":"https:\/\/karitaszeger.hu\/web\/wp-json\/wp\/v2\/posts"}],"about":[{"href":"https:\/\/karitaszeger.hu\/web\/wp-json\/wp\/v2\/types\/post"}],"author":[{"embeddable":true,"href":"https:\/\/karitaszeger.hu\/web\/wp-json\/wp\/v2\/users\/3"}],"replies":[{"embeddable":true,"href":"https:\/\/karitaszeger.hu\/web\/wp-json\/wp\/v2\/comments?post=4056"}],"version-history":[{"count":10,"href":"https:\/\/karitaszeger.hu\/web\/wp-json\/wp\/v2\/posts\/4056\/revisions"}],"predecessor-version":[{"id":4067,"href":"https:\/\/karitaszeger.hu\/web\/wp-json\/wp\/v2\/posts\/4056\/revisions\/4067"}],"wp:featuredmedia":[{"embeddable":true,"href":"https:\/\/karitaszeger.hu\/web\/wp-json\/wp\/v2\/media\/4062"}],"wp:attachment":[{"href":"https:\/\/karitaszeger.hu\/web\/wp-json\/wp\/v2\/media?parent=4056"}],"wp:term":[{"taxonomy":"category","embeddable":true,"href":"https:\/\/karitaszeger.hu\/web\/wp-json\/wp\/v2\/categories?post=4056"},{"taxonomy":"post_tag","embeddable":true,"href":"https:\/\/karitaszeger.hu\/web\/wp-json\/wp\/v2\/tags?post=4056"}],"curies":[{"name":"wp","href":"https:\/\/api.w.org\/{rel}","templated":true}]}}