{"id":4078,"date":"2022-03-08T13:58:46","date_gmt":"2022-03-08T13:58:46","guid":{"rendered":"https:\/\/karitaszeger.hu\/web\/?p=4078"},"modified":"2022-03-08T13:58:46","modified_gmt":"2022-03-08T13:58:46","slug":"sorsok-es-nema-tanusagtetelek-a-katolikus-karitasz-menekultbazisan-barabason","status":"publish","type":"post","link":"https:\/\/karitaszeger.hu\/web\/2022\/03\/08\/sorsok-es-nema-tanusagtetelek-a-katolikus-karitasz-menekultbazisan-barabason\/","title":{"rendered":"Sorsok \u00e9s n\u00e9ma tan\u00fas\u00e1gt\u00e9telek a Katolikus Karit\u00e1sz menek\u00fcltb\u00e1zis\u00e1n Barab\u00e1son"},"content":{"rendered":"<p><div class=\"fusion-fullwidth fullwidth-box fusion-builder-row-1 fusion-flex-container nonhundred-percent-fullwidth non-hundred-percent-height-scrolling\" style=\"--awb-border-radius-top-left:0px;--awb-border-radius-top-right:0px;--awb-border-radius-bottom-right:0px;--awb-border-radius-bottom-left:0px;--awb-padding-bottom:30px;--awb-flex-wrap:wrap;\" ><div class=\"fusion-builder-row fusion-row fusion-flex-align-items-flex-start fusion-flex-content-wrap\" style=\"max-width:1216.8px;margin-left: calc(-4% \/ 2 );margin-right: calc(-4% \/ 2 );\"><div class=\"fusion-layout-column fusion_builder_column fusion-builder-column-0 fusion_builder_column_1_1 1_1 fusion-flex-column\" style=\"--awb-bg-size:cover;--awb-width-large:100%;--awb-margin-top-large:0px;--awb-spacing-right-large:1.92%;--awb-margin-bottom-large:0px;--awb-spacing-left-large:1.92%;--awb-width-medium:100%;--awb-spacing-right-medium:1.92%;--awb-spacing-left-medium:1.92%;--awb-width-small:100%;--awb-spacing-right-small:1.92%;--awb-spacing-left-small:1.92%;\"><div class=\"fusion-column-wrapper fusion-flex-justify-content-flex-start fusion-content-layout-column\"><div class=\"fusion-separator fusion-full-width-sep\" style=\"align-self: center;margin-left: auto;margin-right: auto;margin-bottom:10px;width:100%;\"><div class=\"fusion-separator-border sep-single\" style=\"--awb-height:20px;--awb-amount:20px;border-color:#e00000;border-top-width:1px;\"><\/div><\/div><div class=\"fusion-text fusion-text-1\" style=\"--awb-text-transform:none;\"><h4><strong>M\u00e1rcius 3-\u00e1n ell\u00e1togattunk az ukr\u00e1n\u2013magyar hat\u00e1rra. A Katolikus Karit\u00e1sz Barab\u00e1son fogadja a menek\u00fclteket. Az els\u0151 napokban t\u00f6bbnyire magyarok, most pedig f\u0151k\u00e9nt ukr\u00e1nok \u00e9rkeznek ide. Csonka csal\u00e1ddal, hiszen az \u00e9desap\u00e1k \u00e9s a feln\u0151tt fi\u00fak nem hagyhatj\u00e1k el az orsz\u00e1got.<\/strong><\/h4>\n<p>Barab\u00e1s fel\u00e9 megy\u00fcnk aut\u00f3val. R\u00e9gi harangl\u00e1b a g\u00f3tikus kis templom mellett, az utc\u00e1kon alig van ember. Az \u00e1rv\u00edz ut\u00e1n sok sz\u00e9p h\u00e1zat \u00e9p\u00edtettek, meg\u00fajult a k\u00f6rny\u00e9k. Kicsi a forgalom, de l\u00e1tunk ukr\u00e1n rendsz\u00e1m\u00fa aut\u00f3kat megrakva, n\u00e9melyik ut\u00e1nfut\u00f3val. C\u00e9l\u00e1llom\u00e1sunk fel\u00e9 fordulunk a k\u00f6rforgalomban.<\/p>\n<blockquote>\n<p>Nyugodtnak t\u0171nik a vid\u00e9k, neh\u00e9z elk\u00e9pzelni, hogy a f\u00e1jdalom \u00e9s a f\u00e9lelem mennyire \u00f6sszes\u0171r\u0171s\u00f6dik t\u0151l\u00fcnk nem messze.<\/p>\n<\/blockquote>\n<p>Egy keresztez\u0151d\u00e9sben rend\u0151rs\u00e9gi buszok \u00e1llnak, v\u00e1rj\u00e1k a menek\u00fclteket, akiknek egyel\u0151re nincs hova menni\u00fck, \u00e9s nincs kivel.<\/p>\n<p><img decoding=\"async\" class=\"aligncenter\" src=\"https:\/\/karitaszeger.hu\/web\/wp-content\/uploads\/2022\/03\/img1.php_.jpeg\" alt=\"\" \/><\/p>\n<p>Az utc\u00e1ban egy helyen felt\u0171n\u0151en sok a parkol\u00f3 kocsi, kisbusz \u2013 a Katolikus Karit\u00e1sz menek\u00fcltb\u00e1zis\u00e1hoz \u00e9r\u00fcnk. A seg\u00edt\u0151k k\u00f6z\u00fcl mindenki k\u00e9szenl\u00e9tben van, amint kell, gyorsan megbesz\u00e9lik \u00e9s megoldj\u00e1k a felmer\u00fcl\u0151 probl\u00e9m\u00e1kat. Az udvarban k\u00e9t nagy s\u00e1tor tele adom\u00e1nyokkal, tart\u00f3s \u00e9lelmiszerrel, tiszt\u00e1lkod\u00f3szerekkel, takar\u00f3kkal, j\u00e1t\u00e9kkal. Mellette hatalmas l\u00e1d\u00e1kban alma, sok helyen k\u00e9zfert\u0151tlen\u00edt\u0151 kit\u00e9ve. Az udvaron ukr\u00e1n ajk\u00faak vannak t\u00f6bbs\u00e9gben, halljuk, ahogyan egym\u00e1ssal besz\u00e9lnek, hivatalos tolm\u00e1csuk nincs.<\/p>\n<p><img decoding=\"async\" class=\"aligncenter\" src=\"https:\/\/karitaszeger.hu\/web\/wp-content\/uploads\/2022\/03\/img1.php-2.jpeg\" alt=\"\" \/><\/p>\n<p>Egy k\u00e1rp\u00e1taljai fi\u00fa \u00f6nk\u00e9ntesen l\u00e1tja el ezt a feladatot. \u00c1tj\u00f6tt a hat\u00e1ron, amikor m\u00e9g lehetett, a h\u00e1bor\u00fa kezdet\u00e9n. \u201eRokonaink \u00e9lnek Barab\u00e1son, az \u0151 h\u00e1zukban sz\u00e1llunk meg. Otthon, a hat\u00e1rhoz k\u00f6zeli k\u00e1rp\u00e1taljai falunkban a polg\u00e1rmestern\u0151 sz\u00f3lt nek\u00fcnk, mikor kit\u00f6rt a h\u00e1bor\u00fa, hogy azonnal menek\u00fclj\u00fcnk. Apuk\u00e1m, testv\u00e9rem \u00e9s unokatestv\u00e9rem is vel\u00fcnk tartott, \u0151 is tolm\u00e1csk\u00e9nt seg\u00edt. Anyu maradt otthon a gyeng\u00e9n l\u00e1t\u00f3 nagyap\u00e1mmal, de sokszor \u00e1t tud j\u00f6nni a keresztany\u00e1mmal Barab\u00e1sba. Szerencse, hogy k\u00f6zel lakunk a hat\u00e1rhoz!\u201d<\/p>\n<p><img decoding=\"async\" class=\"aligncenter\" src=\"https:\/\/karitaszeger.hu\/web\/wp-content\/uploads\/2022\/03\/img1.php-3.jpeg\" alt=\"\" \/><\/p>\n<p>Mik\u00f6zben besz\u00e9lget\u00fcnk, a h\u00e1tt\u00e9rben, az udvar egy m\u00e1sik szeglet\u00e9ben orvosn\u0151k tesztelnek egy csal\u00e1dot. A tolm\u00e1csfi\u00fa k\u00f6zben elmondja, hogy K\u00f6z\u00e9p-Ukrajn\u00e1ban j\u00e1rt iskol\u00e1ba. Az egyik bar\u00e1tja \u00e9vekkel ezel\u0151tt elment a seregbe szolg\u00e1lni, mert azt mondt\u00e1k, ott j\u00f3l lehet keresni. \u201eAz\u00f3ta nem besz\u00e9lhett\u00fcnk vele err\u0151l a t\u00e9m\u00e1r\u00f3l, tilos volt \u0151t err\u0151l k\u00e9rdezni, azt is tudtuk, hogy lehallgatj\u00e1k. Aki harcol, azzal sincs kapcsolatom most. Van olyan ismer\u0151s\u00f6m, aki K\u00f6z\u00e9p-Ukrajn\u00e1ban \u00e9l, egyed\u00fcl van a kistestv\u00e9r\u00e9vel.<\/p>\n<blockquote>\n<p>Amikor bombariad\u00f3 van, sz\u00f3l a szir\u00e9na, leviszi \u0151t is a pinc\u00e9be. N\u00e9ha h\u00e1rom napot is elt\u00f6ltenek ott. Egy m\u00e1sik rokonom\u00e9k Kijevb\u0151l menek\u00fcltek, miut\u00e1n h\u00e1rom napig nem tudtak kij\u00f6nni a lak\u00e1sukb\u00f3l.<\/p>\n<\/blockquote>\n<p>Amikor tankolni pr\u00f3b\u00e1ltak, csak h\u00fasz liter benzint adtak, \u00e9s mindenhol dug\u00f3 volt a v\u00e1rosb\u00f3l kifel\u00e9. Egy-m\u00e1sf\u00e9l napon kereszt\u00fcl utaztak aut\u00f3val. M\u00e1r szinte minden ismer\u0151s\u00f6m lej\u00f6tt K\u00e1rp\u00e1talj\u00e1ra, az eg\u00e9sz h\u00e1zunk tele van, a szomsz\u00e9d falvakban is elsz\u00e1ll\u00e1solnak embereket. Sokan maradnak K\u00e1rp\u00e1talj\u00e1n, mert f\u00e9lnek att\u00f3l, hogy a hat\u00e1rr\u00f3l visszaford\u00edtj\u00e1k, \u00e9s elviszik katon\u00e1nak \u0151ket \u2013 hiszen volt erre is p\u00e9lda. Az \u00fajs\u00e1gok is \u00edrt\u00e1k, hogy a hadk\u00f6teleseket elfogj\u00e1k. Akik m\u00e1r kaptak beh\u00edv\u00f3t, azokat biztosan.\u201d<\/p>\n<p><img decoding=\"async\" class=\"aligncenter\" src=\"https:\/\/karitaszeger.hu\/web\/wp-content\/uploads\/2022\/03\/img1.php-4.jpeg\" alt=\"\" \/><\/p>\n<p>Megsz\u00f3l\u00edtok egy karit\u00e1szos kab\u00e1tban lev\u0151 f\u00e9rfit, kider\u00fcl, hogy g\u00f6r\u00f6gkatolikus pap. \u00c9vek \u00f3ta m\u0171k\u00f6dik a falujukban, Ny\u00edrtur\u00e1n karit\u00e1szcsoport, l\u00e1tj\u00e1k, hogy sz\u00fcks\u00e9g van seg\u00edts\u00e9gre. \u201eAmit eddig kaptunk, ezzel tudjuk viszonozni. Az egyh\u00e1zmegy\u00e9k karit\u00e1szvezet\u0151je koordin\u00e1lja a k\u00fcl\u00f6nb\u00f6z\u0151 egyh\u00e1zk\u00f6zs\u00e9gek karit\u00e1szcsoportjait, minket m\u00e1ra osztottak be.<\/p>\n<blockquote>\n<p>\u00dagy l\u00e1tom, itt most ink\u00e1bb pakol\u00f3kra, tolm\u00e1csra \u00e9s \u00e9jszakai m\u0171szakosokra van sz\u00fcks\u00e9g, hiszen tele van a sz\u00e1ll\u00e1shely. Az \u00e1gyak mellett sokan m\u00e9g a f\u00f6ld\u00f6n is aludtak \u00e9jjel.<\/p>\n<\/blockquote>\n<p><img decoding=\"async\" class=\"aligncenter\" src=\"https:\/\/karitaszeger.hu\/web\/wp-content\/uploads\/2022\/03\/img1.php-5.jpeg\" alt=\"\" \/><\/p>\n<p>Vad\u00e1sz B\u00e1lint a gy\u0151ri karit\u00e1szn\u00e1l dolgozik, el\u0151tte az orsz\u00e1gos k\u00f6zpontban volt a katasztr\u00f3faelh\u00e1r\u00edt\u00e1sn\u00e1l. El\u0151re jelzi, hogy besz\u00e9lgethet\u00fcnk, de azonnal mennie kell, ha h\u00edvj\u00e1k. \u0150 vas\u00e1rnap vagy h\u00e9tf\u0151n \u00e9rkezett \u2013 a napok m\u00e1r \u00f6sszefolynak. Az \u0151 eloszt\u00f3pontjukon kialakult, hogy 12 \u00f3r\u00e1ban dolgoznak v\u00e1lt\u00e1sban, \u00edgy most m\u00e1r tudnak pihenni, amennyire ilyen helyzetben lehet.<\/p>\n<p><img decoding=\"async\" class=\"aligncenter\" src=\"https:\/\/karitaszeger.hu\/web\/wp-content\/uploads\/2022\/03\/img1.php-6.jpeg\" alt=\"\" \/><\/p>\n<p>Mint mondta, h\u00e9tf\u0151t\u0151l naponta 1000-1100 ember fordul meg a b\u00e1zison, legink\u00e1bb azok, akik gyalog j\u00f6ttek \u00e1t a hat\u00e1ron. Az aut\u00f3sok csak megpihennek n\u00e1luk, esznek p\u00e1r falatot. A magyar protokoll szerint a hat\u00e1r\u00e1tl\u00e9p\u00e9s ut\u00e1n nem lehet gyalogolni, \u00edgy aut\u00f3val kell sz\u00e1ll\u00edtani \u0151ket, amit \u00f6nk\u00e9ntesek is v\u00e1llalnak. \u201eAki ideker\u00fcl, \u00e1ltal\u00e1ban tudja, hova szeretne menni, de az m\u00e9g sokszor k\u00e9rd\u00e9ses, hogyan. Az egyik legn\u00e9pszer\u0171bb c\u00e9lv\u00e1ros Budapest, de k\u00fclf\u00f6ldre is sokan utaznak tov\u00e1bb, legink\u00e1bb Lengyelorsz\u00e1gba, Franciaorsz\u00e1gba, Csehorsz\u00e1gba \u00e9s N\u00e9metorsz\u00e1gba. Anyuk\u00e1k, gyerekek, nagymam\u00e1k, nagypap\u00e1k \u00e9rkeznek hozz\u00e1nk, a hadk\u00f6telezetts\u00e9g miatt alig l\u00e1tunk f\u00e9rfit. A menek\u00fcltek nagyon f\u00e1radtak, de c\u00e9ltudatosak. Tal\u00e1n h\u00fasz olyan ember j\u00f6tt \u00e1t, akik m\u00e9g nem tudt\u00e1k, hova fognak menni. Nekik seg\u00edt\u00fcnk, hogy Magyarorsz\u00e1gon tal\u00e1ljanak munk\u00e1t. A nagy t\u00f6bbs\u00e9gnek van bar\u00e1tja, ismer\u0151se, akik m\u00e1r el\u0151re alak\u00edtj\u00e1k a lehet\u0151s\u00e9geiket. Azt l\u00e1tjuk, hogy olyan orsz\u00e1gb\u00f3l \u00e9rkeznek, ahol m\u00e1r megszokt\u00e1k, hogy t\u00f6bbf\u00e9le terv\u00fck legyen a hogyan tov\u00e1bbra.<\/p>\n<p><img decoding=\"async\" class=\"aligncenter\" src=\"https:\/\/karitaszeger.hu\/web\/wp-content\/uploads\/2022\/03\/img1.php-7.jpeg\" alt=\"\" \/><\/p>\n<p>Tal\u00e1lkozunk olyannal, hogy az \u00e9desanya pr\u00f3b\u00e1l er\u0151s lenni, azt\u00e1n s\u00edrva fakad \u2013 folytatja sietve Vad\u00e1sz B\u00e1lint. \u2013 Amikor behunyja a szem\u00e9t, \u00e9s szeretne aludni, m\u00e9g mindig hallja a bomb\u00e1z\u00e1sokat. L\u00e1tta azt is, hogyan semmis\u00fcltek meg a k\u00f6rnyez\u0151 \u00e9p\u00fcletek. A menek\u00fcltek ritk\u00e1n besz\u00e9lnek a csal\u00e1dtagjaikr\u00f3l, \u00e9s mi sem k\u00e9rdezz\u00fck \u0151ket r\u00f3luk. Egy bels\u0151 v\u00e9delmi falat emelnek maguk k\u00f6r\u00e9. M\u00e9g nem j\u00f6tt el az ideje, hogy a traum\u00e1kr\u00f3l besz\u00e9ljenek. Jelenleg arra van sz\u00fcks\u00e9g\u00fck, hogy eljussanak a c\u00e9ljukhoz.<\/p>\n<blockquote>\n<p>Kiz\u00e1r\u00f3lag olyan dolgokr\u00f3l k\u00e9rdezz\u00fck \u0151ket, ami el\u0151revisz ebben a helyzetben. Meg kell tanulni nem k\u00e9rdezni, ezt 12 \u00e9v tapasztalata \u00e9s a katasztr\u00f3fapszichol\u00f3giai protokoll mondatja velem.<\/p>\n<\/blockquote>\n<p>K\u00f6zben kider\u00fcl, hogy a kilenc\u00e9ves kisfi\u00fa Covid-tesztje pozit\u00edv lett, \u0151 napok \u00f3ta l\u00e1zas. \u201eBiztosan nem \u0151 az els\u0151 koronav\u00edrusos beteg. Fert\u0151tlen\u00edt\u00fcnk, mindent megtesz\u00fcnk a higi\u00e9nia \u00e9rdek\u00e9ben: akik t\u00fcnettel \u00e9rkeznek, azokat tesztelj\u00fck.\u201d A kisfi\u00fanak h\u00e1rom testv\u00e9re van. \u201eA csal\u00e1d egy\u00fctt fog maradni, mindenki megy a kisfi\u00faval, nem c\u00e9l, hogy m\u00e9g jobban sz\u00e9tszakadjon a csal\u00e1d.\u201d Vad\u00e1sz B\u00e1lintot v\u00e1rja a k\u00f6vetkez\u0151 feladat: most mindenki azon van, hogy a b\u00e1zison ne terjedjen tov\u00e1bb a Covid, \u00e9s az \u00e9rintett kisfi\u00fa miel\u0151bb megkapja az orvosi ell\u00e1t\u00e1st.<\/p>\n<p><img decoding=\"async\" class=\"aligncenter\" src=\"https:\/\/karitaszeger.hu\/web\/wp-content\/uploads\/2022\/03\/img1.php-8.jpeg\" alt=\"\" \/><\/p>\n<p>A magyar doktorn\u0151, B\u00e9k\u00e9si Mariann az els\u0151 napj\u00e1t t\u00f6lti \u00f6nk\u00e9ntesk\u00e9nt Barab\u00e1son. Munka mellett j\u00f6n ide, amikor csak tud, hogy seg\u00edtsen. M\u00e1r j\u00e1rt a Hungary Helpsszel Libanonban. \u201eMost itt van r\u00e1m sz\u00fcks\u00e9g, ide j\u00f6v\u00f6k. \u00dagy l\u00e1tom, az embereknek vannak terveik, de sok a bizonytalans\u00e1g, senki nem tudja, mi lesz \u2013 \u00e9s ez mindenkit megr\u00e9m\u00edt. Az a csal\u00e1d, ahol pozit\u00edv lett a kisfi\u00fa tesztje, k\u00e9t nap m\u00falva ment volna tov\u00e1bb Lengyelorsz\u00e1gba. A debreceni gyerekklinik\u00e1ra sz\u00e1ll\u00edtja \u0151ket a ment\u0151, akiknek a seg\u00edts\u00e9g\u00e9t a legkisebbek tesztel\u00e9s\u00e9hez is k\u00e9rt\u00fck.\u201d<\/p>\n<p><img decoding=\"async\" class=\"aligncenter\" src=\"https:\/\/karitaszeger.hu\/web\/wp-content\/uploads\/2022\/03\/img1.php-9.jpeg\" alt=\"\" \/><\/p>\n<p>K\u00f6zben k\u00e9t \u00fajabb csal\u00e1d \u00e9rkezik kicsi gyerekekkel kimer\u00fclten, f\u00f6ldre szegezett tekintettel. Ki tudja, mi\u00f3ta k\u00fczdenek, hogy \u00e1tjussanak a hat\u00e1ron. A picik le\u00fclnek, amint lehet. A sz\u00fcleik nem akarnak besz\u00e9lni semmir\u0151l, ez nem az a helyzet, amire lenn\u00e9nek szavak.<\/p>\n<p><img decoding=\"async\" class=\"aligncenter\" src=\"https:\/\/karitaszeger.hu\/web\/wp-content\/uploads\/2022\/03\/img1.php-10.jpeg\" alt=\"\" \/><\/p>\n<p>A tolm\u00e1cs seg\u00edt nek\u00fcnk, hogy az ukr\u00e1n doktorn\u0151t meg\u00e9rts\u00fck. M\u00e1r m\u00e1sodszor futunk neki a besz\u00e9lget\u00e9snek, hiszen mindig sok a teend\u0151. Arra is figyelni kell, hogy min\u00e9l t\u00e1volabb legy\u00fcnk az elk\u00fcl\u00f6n\u00edtett csal\u00e1dt\u00f3l.<\/p>\n<blockquote>\n<p>A doktorn\u0151 K\u00f6z\u00e9p-Ukrajn\u00e1b\u00f3l j\u00f6tt, h\u00e1rom napja siker\u00fclt \u00e1tjutnia a hat\u00e1ron. Azel\u0151tt h\u00e1rom napig pinc\u00e9ben \u00e9lt. Jelenleg nincs hov\u00e1 mennie, \u00edgy orvosk\u00e9nt seg\u00edt. Gasztroenterol\u00f3gus, de sokf\u00e9le szakter\u00fcleten dolgozott m\u00e1r.<\/p>\n<\/blockquote>\n<p>A l\u00e1nya Amerik\u00e1ban \u00e9l, hozz\u00e1 szeretne kimenni, de am\u00edg nem kap v\u00edzumot, itt marad. Elmondja, hogy h\u00e1rom nappal ezel\u0151tt m\u00e9g vonattal k\u00f6nnyebben \u00e1t lehetett j\u00f6nni, de azt hallotta, tegnap egy kup\u00e9ban m\u00e1r 25-en utaztak. Kijevben ki se nyitott\u00e1k a vonat ajtaj\u00e1t, pedig olyan sokan voltak a peronon, hogy nem tudtak hova l\u00e9pni. F\u00e9lelm\u00fckben az emberek ki\u00fct\u00f6tt\u00e9k az ablakot, hogy fel tudjanak sz\u00e1llni a vonatra. Az \u0151 v\u00e1ros\u00e1ban k\u00e9t katonai \u00e9p\u00fcletet m\u00e1r lebomb\u00e1ztak, az orosz katon\u00e1k most a belv\u00e1rosi gy\u00e1rat akarj\u00e1k elfoglalni. Mindenki a pinc\u00e9kben \u00fcl \u00e9s retteg, nem tudnak kimenni boltba sem, hiszen egyfolyt\u00e1ban bomb\u00e1znak.\u201d<\/p>\n<p><img decoding=\"async\" class=\"aligncenter\" src=\"https:\/\/karitaszeger.hu\/web\/wp-content\/uploads\/2022\/03\/img1.php-11.jpeg\" alt=\"\" \/><\/p>\n<p>Bemegy\u00fcnk a b\u00e1zis \u00e9p\u00fclet\u00e9be, a folyos\u00f3 is tele adom\u00e1nnyal. Fert\u0151tlen\u00edtj\u00fck a kez\u00fcnket. Sokan vannak a nagyteremben, ahol \u00e1gyak sorj\u00e1znak egym\u00e1s mellett. Az ittenieknek is n\u00e9h\u00e1ny gyorsan \u00f6sszepakolt csomagjuk van, ezekben viszik tov\u00e1bb az \u00e9let\u00fcket. Egy f\u00e9rfi tollat k\u00e9r t\u0151lem, egy pap\u00edrt kell kit\u00f6ltenie. Gyereks\u00edr\u00e1s hallatszik. \u00c9rezni, hogy mindenki uralkodik mag\u00e1n, az any\u00e1k csit\u00edtj\u00e1k a piciket.<\/p>\n<p><img decoding=\"async\" class=\"aligncenter\" src=\"https:\/\/karitaszeger.hu\/web\/wp-content\/uploads\/2022\/03\/img1.php-12.jpeg\" alt=\"\" \/><\/p>\n<p>K\u00e9t huszon\u00e9ves l\u00e1ny takar\u00f3ba burkol\u00f3zva \u00fcl az asztaln\u00e1l. Az egyik mellett fekszik a kuty\u00e1ja a f\u00f6ld\u00f6n, szint\u00e9n betakarva. A l\u00e1ny angolul sz\u00e9pen besz\u00e9l, sz\u00edvesen elmondja a t\u00f6rt\u00e9net\u00e9t. A gyereks\u00edr\u00e1st\u00f3l alig hallani, amit mond. Kijevb\u0151l \u00e9rkezett, a lembergi egyetemen turizmust v\u00e9gzett. Hi\u00e1ba v\u00e1rta, hogy v\u00e1ltozzon otthon a helyzet\u2026 A bar\u00e1tj\u00e1val elhat\u00e1rozt\u00e1k, hogy elmenek\u00fclnek. A sz\u00fclei otthon maradtak, nem akartak elj\u00f6nni. \u00cdgy ketten kimentek a vas\u00fat\u00e1llom\u00e1sra, m\u00e9g jegy\u00fck is volt, de nem tudtak vonatra sz\u00e1llni, mert mindegyik vagon zs\u00fafolva volt n\u0151kkel, gyerekekkel. Egy rend\u0151r is azt kiab\u00e1lta: \u201eCsak n\u0151k \u00e9s gyerekek!\u201d K\u00f6nnyeivel k\u00fczd, sokszor az arc\u00e1hoz kap, mik\u00f6zben mondja: \u201eA bar\u00e1tom m\u00e9gis feljutott valahogy a vonatra, de Ungv\u00e1rn\u00e1l visszafordult. Tartjuk egym\u00e1ssal a kapcsolatot Viberen.\u201d<\/p>\n<p><img decoding=\"async\" class=\"aligncenter\" src=\"https:\/\/karitaszeger.hu\/web\/wp-content\/uploads\/2022\/03\/img1.php-13.jpeg\" alt=\"\" \/><\/p>\n<p>Mik\u00f6zben a l\u00e1ny besz\u00e9l, j\u00f6nnek, hogy fert\u0151tlen\u00edts\u00e9k a kez\u00fcnket. A jegyzetf\u00fczetemmel v\u00e9letlen\u00fcl leverem az asztalr\u00f3l a haszn\u00e1lt pap\u00edr k\u00e1v\u00e9spohar\u00e1t.<\/p>\n<blockquote>\n<p>Borzalmasan sz\u00e9gyellem magam, \u00fagy \u00e9rzem, egy cseppet sem szabad belet\u00f6lteni abba a bizonyos m\u00e1sik poh\u00e1rba, amiben az utols\u00f3 csepp olyan sokat sz\u00e1m\u00edt. Vagy abba a kehelybe, amit ki kell inni.<\/p>\n<\/blockquote>\n<p><img decoding=\"async\" class=\"aligncenter\" src=\"https:\/\/karitaszeger.hu\/web\/wp-content\/uploads\/2022\/03\/img1.php-14.jpeg\" alt=\"\" \/><\/p>\n<p>Egy \u00e1gyon egy asszony \u00fcl a nyolc h\u00f3napos kisunok\u00e1j\u00e1val, mellett\u00fck a fiatal menye \u00e9s t\u00f6bben sz\u00e9keken. Csomagjaik k\u00f6r\u00fcl\u00f6tt\u00fck. \u201eA fiam hozott aut\u00f3val a hat\u00e1rra, azt\u00e1n visszament a testv\u00e9rei\u00e9rt, ma reggel egy\u00fctt j\u00f6tt\u00fcnk \u00e1t. \u00c9desany\u00e1m maradt otthon, nagyon sajn\u00e1lom, hogy nem j\u00f6tt \u2013 els\u00edrja mag\u00e1t. \u2013 \u00dagy volt, hogy \u00e9n se j\u00f6v\u00f6k, a h\u00e1z, egy \u00e9let munk\u00e1ja, minden otthon van. De mondt\u00e1k a gyerekek, hogy \u00bbAnya, gyere!\u00ab. Amint lehet, visszamegy\u00fcnk. A fiamhoz \u00e9s a f\u00e9rjemhez igyeksz\u00fcnk Csehorsz\u00e1gba, ott dolgoznak. A fiam f\u0151n\u00f6ke seg\u00edtett nek\u00fcnk lak\u00e1st keresni. Gondoljuk, hogy mihamarabb megold\u00f3dik ez a helyzet, mert ez nem \u00e1llapot.\u201d<\/p>\n<p><img decoding=\"async\" class=\"aligncenter\" src=\"https:\/\/karitaszeger.hu\/web\/wp-content\/uploads\/2022\/03\/img1.php-15.jpeg\" alt=\"\" \/><\/p>\n<p>Kimegy\u00fcnk az udvarra, a kapu el\u00e9 \u00fajabb sz\u00e1ll\u00edtm\u00e1nyt hoznak kisbusszal, el\u0151re elk\u00e9sz\u00edtett szendvicseket is, ami nagy seg\u00edts\u00e9g ebben a helyzetben. Katon\u00e1k is megjelennek az utc\u00e1ban felfegyverkezve \u2013 eddig m\u00e9g nem j\u00f6ttek. Nem tudni, kik \u0151k, mi\u00e9rt vannak itt. B\u00facs\u00faz\u00e1sunk k\u00f6zben \u00c1rvai Ferenc, az Egri F\u0151egyh\u00e1zmegyei Karit\u00e1sz vezet\u0151je a n\u00e9gygyermekes csal\u00e1d sors\u00e1n t\u00f6preng. \u201eA kisfi\u00fa beteg. Ha az anyuka bent marad a kicsivel a klinik\u00e1n, mi lesz a m\u00e1sik h\u00e1rommal?\u201d De biztatja mag\u00e1t:<\/p>\n<blockquote>\n<p>\u201eMajd fentr\u0151l j\u00f6n a seg\u00edts\u00e9g, meg lesz ez is oldva.<\/p>\n<\/blockquote>\n<p>Forr\u00e1s: <a href=\"https:\/\/www.magyarkurir.hu\/hirek\/sorsok-es-nema-tanusagtetelek-katolikus-karitasz-menekultbazisan-barabason?fbclid=IwAR0FEuU8KF57Uyhwc2bb8Kt92ri815U7injNfUR-ni_QwNW2yjkDgZXUE6A\">Magyar Kur\u00edr<\/a><\/p>\n<p>Szerz\u0151: V\u00e1mossy Erzs\u00e9bet<\/p>\n<p>Fot\u00f3: Mer\u00e9nyi Zita<\/p>\n<\/div><\/div><\/div><\/div><\/div><div class=\"fusion-fullwidth fullwidth-box fusion-builder-row-2 fusion-flex-container fusion-parallax-none nonhundred-percent-fullwidth non-hundred-percent-height-scrolling\" style=\"--awb-border-sizes-top:0px;--awb-border-sizes-bottom:0px;--awb-border-sizes-left:0px;--awb-border-sizes-right:0px;--awb-border-radius-top-left:0px;--awb-border-radius-top-right:0px;--awb-border-radius-bottom-right:0px;--awb-border-radius-bottom-left:0px;--awb-padding-top:150px;--awb-padding-bottom:150px;--awb-background-image:url(&quot;https:\/\/karitaszeger.hu\/web\/wp-content\/uploads\/2021\/03\/segits-scaled.jpg&quot;);--awb-background-size:cover;--awb-flex-wrap:wrap;\" ><div class=\"fusion-builder-row fusion-row fusion-flex-align-items-flex-start fusion-flex-content-wrap\" style=\"max-width:calc( 1170px + 0px );margin-left: calc(-0px \/ 2 );margin-right: calc(-0px \/ 2 );\"><div class=\"fusion-layout-column fusion_builder_column fusion-builder-column-1 fusion_builder_column_1_1 1_1 fusion-flex-column\" style=\"--awb-padding-right:11%;--awb-padding-left:11%;--awb-bg-size:cover;--awb-width-large:100%;--awb-margin-top-large:0px;--awb-spacing-right-large:0px;--awb-margin-bottom-large:20px;--awb-spacing-left-large:0px;--awb-width-medium:100%;--awb-spacing-right-medium:0px;--awb-spacing-left-medium:0px;--awb-width-small:100%;--awb-spacing-right-small:0px;--awb-spacing-left-small:0px;\"><div class=\"fusion-column-wrapper fusion-flex-justify-content-flex-start fusion-content-layout-column\"><div class=\"fusion-title title fusion-title-1 fusion-sep-none fusion-title-center fusion-title-text fusion-title-size-two\" style=\"--awb-text-color:#ffffff;\"><h2 class=\"fusion-title-heading title-heading-center\" style=\"margin:0;line-height:1;\"><h2 class=\"piros kozepre\"><span style=\"color: #ffffff;\">AZ \u00d6N SEG\u00cdTS\u00c9G\u00c9RE\u00a0IS SZ\u00dcKS\u00c9G VAN!<\/span><\/h2>\n<div class=\"content\">\u00a0<\/div><\/h2><\/div><div class=\"fusion-separator\" style=\"align-self: center;margin-left: auto;margin-right: auto;margin-top:0px;margin-bottom:40px;width:100%;max-width:200px;\"><div class=\"fusion-separator-border sep-single sep-solid\" style=\"--awb-height:20px;--awb-amount:20px;--awb-sep-color:#f44336;border-color:#f44336;border-top-width:3px;\"><\/div><\/div><div class=\"fusion-text fusion-text-2\"><h2 style=\"text-align: center;\"><span style=\"color: #ffffff;\"><strong>1356 \u2013 H\u00cdVJON, HOGY SEG\u00cdTHESS\u00dcNK!<\/strong><\/span><\/h2>\n<\/div><div class=\"fusion-builder-row fusion-builder-row-inner fusion-row fusion-flex-align-items-flex-start fusion-flex-content-wrap\" style=\"width:calc( 100% + 0px ) !important;max-width:calc( 100% + 0px ) !important;margin-left: calc(-0px \/ 2 );margin-right: calc(-0px \/ 2 );\"><div class=\"fusion-layout-column fusion_builder_column_inner fusion-builder-nested-column-0 fusion_builder_column_inner_1_3 1_3 fusion-flex-column\" style=\"--awb-bg-size:cover;--awb-width-large:33.333333333333%;--awb-margin-top-large:0px;--awb-spacing-right-large:0px;--awb-margin-bottom-large:20px;--awb-spacing-left-large:0px;--awb-width-medium:100%;--awb-order-medium:0;--awb-spacing-right-medium:0px;--awb-spacing-left-medium:0px;--awb-width-small:100%;--awb-order-small:0;--awb-spacing-right-small:0px;--awb-spacing-left-small:0px;\"><div class=\"fusion-column-wrapper fusion-column-has-shadow fusion-flex-justify-content-flex-start fusion-content-layout-column\"><\/div><\/div><div class=\"fusion-layout-column fusion_builder_column_inner fusion-builder-nested-column-1 fusion_builder_column_inner_1_3 1_3 fusion-flex-column fusion-animated\" style=\"--awb-bg-color:#f44336;--awb-bg-color-hover:#f44336;--awb-bg-size:cover;--awb-width-large:33.333333333333%;--awb-margin-top-large:0px;--awb-spacing-right-large:0px;--awb-margin-bottom-large:20px;--awb-spacing-left-large:0px;--awb-width-medium:100%;--awb-order-medium:0;--awb-spacing-right-medium:0px;--awb-spacing-left-medium:0px;--awb-width-small:100%;--awb-order-small:0;--awb-spacing-right-small:0px;--awb-spacing-left-small:0px;\" data-animationType=\"bounceInDown\" data-animationDuration=\"1.3\" data-animationOffset=\"top-into-view\"><div class=\"fusion-column-wrapper fusion-column-has-shadow fusion-flex-justify-content-flex-start fusion-content-layout-column\"><div style=\"text-align:center;\"><a class=\"fusion-button button-flat fusion-button-default-size button-custom fusion-button-default button-1 fusion-button-default-span fusion-button-default-type fusion-has-button-gradient\" style=\"--button_accent_color:#ffffff;--button_accent_hover_color:#f44336;--button_border_hover_color:#f44336;--button_border_width-top:0px;--button_border_width-right:0px;--button_border_width-bottom:0px;--button_border_width-left:0px;--button_gradient_top_color:rgba(254,201,107,0);--button_gradient_bottom_color:rgba(254,201,107,0);--button_gradient_top_color_hover:#ffffff;--button_gradient_bottom_color_hover:rgba(0,0,0,0);\" target=\"_self\" href=\"#\"><i class=\"fa-credit-card fas awb-button__icon awb-button__icon--default button-icon-left\" aria-hidden=\"true\"><\/i><span class=\"fusion-button-text awb-button__text awb-button__text--default\">ONLINE ADOM\u00c1NYOZ\u00c1S<\/span><\/a><\/div><\/div><\/div><div class=\"fusion-layout-column fusion_builder_column_inner fusion-builder-nested-column-2 fusion_builder_column_inner_1_3 1_3 fusion-flex-column\" style=\"--awb-bg-size:cover;--awb-width-large:33.333333333333%;--awb-margin-top-large:0px;--awb-spacing-right-large:0px;--awb-margin-bottom-large:20px;--awb-spacing-left-large:0px;--awb-width-medium:100%;--awb-order-medium:0;--awb-spacing-right-medium:0px;--awb-spacing-left-medium:0px;--awb-width-small:100%;--awb-order-small:0;--awb-spacing-right-small:0px;--awb-spacing-left-small:0px;\"><div class=\"fusion-column-wrapper fusion-column-has-shadow fusion-flex-justify-content-flex-start fusion-content-layout-column\"><\/div><\/div><\/div><\/div><\/div><\/div><\/div><\/p>\n","protected":false},"excerpt":{"rendered":"","protected":false},"author":3,"featured_media":4097,"comment_status":"open","ping_status":"open","sticky":false,"template":"","format":"standard","meta":{"footnotes":""},"categories":[107],"tags":[],"class_list":["post-4078","post","type-post","status-publish","format-standard","has-post-thumbnail","hentry","category-hirek"],"_links":{"self":[{"href":"https:\/\/karitaszeger.hu\/web\/wp-json\/wp\/v2\/posts\/4078","targetHints":{"allow":["GET"]}}],"collection":[{"href":"https:\/\/karitaszeger.hu\/web\/wp-json\/wp\/v2\/posts"}],"about":[{"href":"https:\/\/karitaszeger.hu\/web\/wp-json\/wp\/v2\/types\/post"}],"author":[{"embeddable":true,"href":"https:\/\/karitaszeger.hu\/web\/wp-json\/wp\/v2\/users\/3"}],"replies":[{"embeddable":true,"href":"https:\/\/karitaszeger.hu\/web\/wp-json\/wp\/v2\/comments?post=4078"}],"version-history":[{"count":3,"href":"https:\/\/karitaszeger.hu\/web\/wp-json\/wp\/v2\/posts\/4078\/revisions"}],"predecessor-version":[{"id":4096,"href":"https:\/\/karitaszeger.hu\/web\/wp-json\/wp\/v2\/posts\/4078\/revisions\/4096"}],"wp:featuredmedia":[{"embeddable":true,"href":"https:\/\/karitaszeger.hu\/web\/wp-json\/wp\/v2\/media\/4097"}],"wp:attachment":[{"href":"https:\/\/karitaszeger.hu\/web\/wp-json\/wp\/v2\/media?parent=4078"}],"wp:term":[{"taxonomy":"category","embeddable":true,"href":"https:\/\/karitaszeger.hu\/web\/wp-json\/wp\/v2\/categories?post=4078"},{"taxonomy":"post_tag","embeddable":true,"href":"https:\/\/karitaszeger.hu\/web\/wp-json\/wp\/v2\/tags?post=4078"}],"curies":[{"name":"wp","href":"https:\/\/api.w.org\/{rel}","templated":true}]}}