{"id":4123,"date":"2022-03-08T18:47:38","date_gmt":"2022-03-08T18:47:38","guid":{"rendered":"https:\/\/karitaszeger.hu\/web\/?p=4123"},"modified":"2022-03-08T18:47:38","modified_gmt":"2022-03-08T18:47:38","slug":"zokkenomentes-a-menekult-csaladok-fogadasa-nyugalom-uralkodik-a-barabasi-karitasz-bazisponton","status":"publish","type":"post","link":"https:\/\/karitaszeger.hu\/web\/2022\/03\/08\/zokkenomentes-a-menekult-csaladok-fogadasa-nyugalom-uralkodik-a-barabasi-karitasz-bazisponton\/","title":{"rendered":"Z\u00f6kken\u0151mentes a menek\u00fclt csal\u00e1dok fogad\u00e1sa, nyugalom uralkodik a barab\u00e1si karit\u00e1sz b\u00e1zisponton"},"content":{"rendered":"<p><div class=\"fusion-fullwidth fullwidth-box fusion-builder-row-1 fusion-flex-container nonhundred-percent-fullwidth non-hundred-percent-height-scrolling\" style=\"--awb-border-radius-top-left:0px;--awb-border-radius-top-right:0px;--awb-border-radius-bottom-right:0px;--awb-border-radius-bottom-left:0px;--awb-padding-bottom:30px;--awb-flex-wrap:wrap;\" ><div class=\"fusion-builder-row fusion-row fusion-flex-align-items-flex-start fusion-flex-content-wrap\" style=\"max-width:1216.8px;margin-left: calc(-4% \/ 2 );margin-right: calc(-4% \/ 2 );\"><div class=\"fusion-layout-column fusion_builder_column fusion-builder-column-0 fusion_builder_column_1_1 1_1 fusion-flex-column\" style=\"--awb-bg-size:cover;--awb-width-large:100%;--awb-margin-top-large:0px;--awb-spacing-right-large:1.92%;--awb-margin-bottom-large:0px;--awb-spacing-left-large:1.92%;--awb-width-medium:100%;--awb-spacing-right-medium:1.92%;--awb-spacing-left-medium:1.92%;--awb-width-small:100%;--awb-spacing-right-small:1.92%;--awb-spacing-left-small:1.92%;\"><div class=\"fusion-column-wrapper fusion-flex-justify-content-flex-start fusion-content-layout-column\"><div class=\"fusion-separator fusion-full-width-sep\" style=\"align-self: center;margin-left: auto;margin-right: auto;margin-bottom:10px;width:100%;\"><div class=\"fusion-separator-border sep-single\" style=\"--awb-height:20px;--awb-amount:20px;border-color:#e00000;border-top-width:1px;\"><\/div><\/div><div class=\"fusion-text fusion-text-1\" style=\"--awb-text-transform:none;\"><h4><strong>K\u00e9t\u00f3r\u00e1nk\u00e9nt mintegy sz\u00e1z f\u0151 \u00e9rkezik Ukrajn\u00e1b\u00f3l a barab\u00e1si hat\u00e1r\u00e1tkel\u0151n kereszt\u00fcl a telep\u00fcl\u00e9s m\u0171vel\u0151d\u00e9si k\u00f6zpontj\u00e1ban fel\u00e1ll\u00edtott karit\u00e1sz b\u00e1zisponthoz, ahol a nagy forgalom ellen\u00e9re nyugalom uralkodik. A menek\u00fclt emberek fogad\u00e1sa z\u00f6kken\u0151mentes, a feladatok sorrendje n\u00e9h\u00e1ny nap alatt a hely\u00e9re ker\u00fclt, mindenki tudja, mi a dolga, az \u00e9rkez\u0151 \u00f6nk\u00e9ntesek is hamar feltal\u00e1lj\u00e1k magukat.<\/strong><\/h4>\n<p><img decoding=\"async\" class=\"aligncenter\" src=\"https:\/\/karitaszeger.hu\/web\/wp-content\/uploads\/2022\/03\/12.jpg\" alt=\"\" \/><\/p>\n<p>Mint ahogy arr\u00f3l kor\u00e1bban is \u00edrtunk, az orsz\u00e1g karitat\u00edv szervezetei a menek\u00fclt csal\u00e1dok egyenl\u0151 m\u00e9rt\u00e9k\u0171, kiegyens\u00falyozott ell\u00e1t\u00e1sa \u00e9rdek\u00e9ben m\u00e1s-m\u00e1s hat\u00e1r\u00e1tkel\u0151 helyen \u00e1ll\u00edtott\u00e1k fel b\u00e1zisaikat. A Katolikus Karit\u00e1sz \u2013 \u00e9s ezen bel\u00fcl az egyh\u00e1zmegy\u00e9k karit\u00e1sz k\u00f6zpontjai \u2013 Barab\u00e1son koordin\u00e1lja a menek\u00fcltek fogad\u00e1s\u00e1t, tov\u00e1bbutaz\u00e1s\u00e1t. A munkat\u00e1rsak \u00e9jjel-nappal jelen vannak a b\u00e1zisponton, \u00e9jszak\u00e1nk\u00e9nt is csak 1-2 \u00f3r\u00e1t pihennek a t\u00e1bori \u00e1gyakkal ell\u00e1tott f\u0171t\u00f6tt s\u00e1torban, majd p\u00e1r nap ut\u00e1n felv\u00e1ltj\u00e1k \u0151ket, \u00edgy folyamatos a karit\u00e1sz jelenl\u00e9te.<\/p>\n<p><img decoding=\"async\" class=\"aligncenter\" src=\"https:\/\/karitaszeger.hu\/web\/wp-content\/uploads\/2022\/03\/275113812_1880922898762994_7551173146978714314_n.jpg\" alt=\"\" \/><\/p>\n<p>Csord\u00e1s G\u00e1bor atya, a Debrecen-Ny\u00edregyh\u00e1zi Egyh\u00e1zmegyei karit\u00e1szigazgat\u00f3ja is naponta r\u00e9szt vesz ebben a szolg\u00e1latban, int\u00e9zkedik, egyeztet. G\u00e1bor atya legut\u00f3bb arr\u00f3l t\u00e1j\u00e9koztatott benn\u00fcnket, hogy az egyh\u00e1zmegyei karit\u00e1sz mobilnet seg\u00edts\u00e9g\u00e9vel internet hozz\u00e1f\u00e9r\u00e9st ny\u00fajt a menek\u00fclteknek a barab\u00e1si hat\u00e1r\u00e1tkel\u0151helyen \u00e9s a befogad\u00f3 pontokon. \u00cdgy tudj\u00e1k a kapcsolatot tartani szeretteikkel, \u00e9s tudnak inform\u00e1l\u00f3dni az otthon helyzetr\u0151l.<\/p>\n<p><img decoding=\"async\" class=\"aligncenter\" src=\"https:\/\/karitaszeger.hu\/web\/wp-content\/uploads\/2022\/03\/28.jpg\" alt=\"\" \/><\/p>\n<p>\u00c1rvai Ferenc atya, az Egri F\u0151egyh\u00e1zmegyei Karit\u00e1sz k\u00f6zpont igazgat\u00f3ja szint\u00e9n az els\u0151k k\u00f6z\u00f6tt sz\u00e1ll\u00edtotta az egyh\u00e1zmegye h\u00edveinek adom\u00e1nyait a k\u00e9rd\u00e9ses helyekre. A siroki pl\u00e9b\u00e1nos most a legfontosabb feladat\u00e1nak tartja, hogy seg\u00edtsen a bajba jutott csal\u00e1dokon, \u00edgy szombat estig marad a b\u00e1zisponton.<\/p>\n<p>Ferenc aty\u00e1t arr\u00f3l k\u00e9rdezt\u00fck, hogy az adom\u00e1nyokon, sz\u00e1ll\u00e1sad\u00e1son t\u00fal hogyan tudunk seg\u00edteni a megt\u00f6rt \u00e9let\u0171 menek\u00fclt csal\u00e1doknak.<\/p>\n<p><img decoding=\"async\" class=\"aligncenter\" src=\"https:\/\/karitaszeger.hu\/web\/wp-content\/uploads\/2022\/03\/03.jpg\" alt=\"\" \/><\/p>\n<p>\u201eA karit\u00e1szban a nehezebb feladat az adom\u00e1nyok \u00e1tad\u00e1sa. Mindannyian tudjuk, hogy itt most t\u00f6bbr\u0151l van sz\u00f3, mint egyszer\u0171 adom\u00e1nyoz\u00e1sr\u00f3l. Az emberek t\u0151l\u00fcnk v\u00e1rnak valamit. Azt hallottam, hogy oda\u00e1t ijesztgetik \u0151ket vel\u00fcnk, hogy haz\u00e1nkban a karitat\u00edv szervezetek nem sz\u00edvesen fogadj\u00e1k \u0151ket \u00e9s att\u00f3l is \u00f3va intenek minden hat\u00e1r\u00e1tkel\u0151t, hogy magyar rendsz\u00e1m\u00fa aut\u00f3ba sz\u00e1lljanak be. Ide\u00e9rkezv\u00e9n, a csal\u00e1dok kellemesen csal\u00f3dnak, meglep\u0151dnek a mosollyal, \u00f6r\u00f6mmel teli fogadtat\u00e1son, \u00e9s ez m\u00e1ris kezdi lerombolni benn\u00fck azt a gy\u00e1szos hangulatot, amit mindannyian meg\u00e9lnek egyr\u00e9szt a h\u00e1bor\u00fa miatt, m\u00e1sr\u00e9szt az\u00e9rt, mert nagy r\u00e9sz\u00fck csonka csal\u00e1dk\u00e9nt j\u00f6n \u00e1t, mert a f\u00e9rjeket nem engedik \u00e1t a hat\u00e1ron. Ezzel a kett\u0151s gy\u00e1sszal a lelk\u00fckben \u00e9rkeznek.<\/p>\n<p><img decoding=\"async\" class=\"aligncenter\" src=\"https:\/\/karitaszeger.hu\/web\/wp-content\/uploads\/2022\/03\/09.jpg\" alt=\"\" \/><\/p>\n<p>Nem szabad, hogy a kialakult helyzet lelkileg nagyon megviselje \u0151ket, mert az a gyerekekben fog nyomot hagyni. Mi ebben pr\u00f3b\u00e1lunk nekik seg\u00edteni, besz\u00e9lget\u00fcnk vel\u00fck, b\u00e1tor\u00edtjuk \u0151ket, j\u00e1tszunk a gyerekekkel \u2013 aminek nagyon \u00f6r\u00fclnek \u2013, \u00e9s \u00e9rzik azt, hogy nincsenek egyed\u00fcl, t\u00f6r\u0151dnek vel\u00fck, nagy seg\u00edts\u00e9get kapnak. Tapasztaljuk, hogy amikor n\u00e9h\u00e1ny \u00f3r\u00e1s, vagy egy napos ittl\u00e9t ut\u00e1n t\u00e1voznak, akkor a feln\u0151ttek \u00e9s a gyerekek is odaj\u00f6nnek hozz\u00e1nk elk\u00f6sz\u00f6nni.<\/p>\n<p>Ez a feladat nagy kih\u00edv\u00e1s, de a sok \u00e9ves tapasztalatom azt mutatja, hogy ehhez mi fentr\u0151l \u00f3ri\u00e1si er\u0151t kapunk. Minden reggel, amikor az ember elkezdi a szeretetszolg\u00e1latot akkor fent az \u00e9gben is elindul \u00c1rp\u00e1d-h\u00e1zi Szent Erzs\u00e9bet, \u00e9s \u0151 is teszi vel\u00fcnk egy\u00fctt a j\u00f3t.<\/p>\n<p>Az az \u00f6sszefog\u00e1s, ami megtapasztalhat\u00f3 az egyh\u00e1zmegy\u00e9kben, az orsz\u00e1gban, egy kicsit kij\u00f3zan\u00edtotta a magyar embereket, felismerve, hogy ez a mi igazi \u00e9n\u00fcnk nem pedig a sz\u00e9th\u00faz\u00e1s.<\/p>\n<p><img decoding=\"async\" class=\"aligncenter\" src=\"https:\/\/karitaszeger.hu\/web\/wp-content\/uploads\/2022\/03\/06.jpg\" alt=\"\" \/><\/p>\n<p>A n\u00e9h\u00e1ny \u00f3r\u00e1s alv\u00e1s \u00e9s az eg\u00e9sz napos feladatok miatt f\u00e1radtak vagyunk, de emberekkel, hatalmas \u00f6sszefog\u00e1ssal, adom\u00e1nyaikon kereszt\u00fcl sok j\u00f3sz\u00e1nd\u00e9k\u00fa ember tenni akar\u00e1s\u00e1val tal\u00e1lkozunk, ami er\u0151t, biztat\u00e1st ad.<\/p>\n<p>Idefel\u00e9 j\u00f6vet az aut\u00f3p\u00e1ly\u00e1n m\u00f6g\u00f6ttem haladt egy sz\u00e1momra ismeretlen szem\u00e9lyaut\u00f3 \u00e9s a sof\u0151r \u2013 l\u00e1tva az aut\u00f3n a humanit\u00e1rius seg\u00e9lysz\u00e1ll\u00edtm\u00e1ny feliratot \u2013 a benzink\u00fatn\u00e1l sok eg\u00e9szs\u00e9g\u00fcgyi eszk\u00f6zt adom\u00e1nyozott. Annyi j\u00f3 dolgot kapunk \u00e9s sajn\u00e1lom az adom\u00e1nyoz\u00f3kat, akik nem tapasztalj\u00e1k meg az \u00e1tad\u00e1snak az \u00f6r\u00f6m\u00e9t. Mi aratjuk le az \u0151 adom\u00e1nyaiknak a gy\u00fcm\u00f6lcs\u00e9t, a k\u00f6sz\u00f6nettel, h\u00e1l\u00e1val, bar\u00e1ti \u00f6lel\u00e9sekkel, tisztelettel, mosollyal, k\u00f6nnyes szemmel mi tal\u00e1lkozunk.<\/p>\n<p>Ferenc p\u00e1pa is k\u00e9rte, hogy hamvaz\u00f3szerd\u00e1n a b\u00e9k\u00e9\u00e9rt b\u00f6jt\u00f6lj\u00fcnk, im\u00e1dkozzunk. K\u00e9rj\u00fck a J\u00f3istent, hogy form\u00e1lja \u00e1t azoknak a vezet\u0151knek a gondolkod\u00e1s\u00e1t, akik miatt kit\u00f6rt az \u00e9rtelmetlen h\u00e1bor\u00fa.\u201d<\/p>\n<p><img decoding=\"async\" class=\"aligncenter\" src=\"https:\/\/karitaszeger.hu\/web\/wp-content\/uploads\/2022\/03\/14.jpg\" alt=\"\" \/><\/p>\n<p>A Katolikus Karit\u00e1sz barab\u00e1si b\u00e1zisk\u00f6zpontja vas\u00e1rnap d\u00e9l \u00f3ta m\u0171k\u00f6dik, Zagyva Rich\u00e1rdot, az orsz\u00e1gos szervezet aleln\u00f6k\u00e9t a b\u00e1zison uralkod\u00f3 helyzetr\u0151l k\u00e9rdezt\u00fck:<\/p>\n<p>\u201eA helyi m\u0171vel\u0151d\u00e9si k\u00f6zpont udvar\u00e1n fel\u00e1ll\u00edtott s\u00e1trakban fogadjuk az adom\u00e1nyokat, inform\u00e1ci\u00f3s pontot m\u0171k\u00f6dtet\u00fcnk, \u00e9s f\u0171thet\u0151 s\u00e1tor biztos\u00edtja az \u00e9jszakai pihen\u00e9s\u00fcnket. H\u00e9tf\u0151n m\u00e1r t\u00f6bb munkat\u00e1rsunk \u00e9rkezett Budapestr\u0151l, a Debrecen-Ny\u00edregyh\u00e1zi, Gy\u0151ri, Egri, Ny\u00edregyh\u00e1zi egyh\u00e1zmegy\u00e9kb\u0151l, valamint \u00f6nk\u00e9nteseket is fogadtunk az orsz\u00e1g k\u00fcl\u00f6nb\u00f6z\u0151 pontjair\u00f3l, \u00e9s folyamatosan v\u00e1rjuk az ut\u00e1np\u00f3tl\u00e1st.<\/p>\n<p>Igyeksz\u00fcnk \u00fagy koordin\u00e1lni az \u00f6nk\u00e9nteseket is, hogy n\u00e9h\u00e1nyan minden nap legyenek itt, sokat seg\u00edt, ha err\u0151l el\u0151re egyeztet\u00fcnk a k\u00f6vetkez\u0151 telefonsz\u00e1mon: Besze Erika: +36 30 688 1989<\/p>\n<p>Az \u00f6nk\u00e9ntesek feladata a csal\u00e1dok fogad\u00e1sa (magyar, angol, orosz, ukr\u00e1n nyelven), adom\u00e1nyok v\u00e1logat\u00e1sa, a felmer\u00fcl\u0151 probl\u00e9m\u00e1k kezel\u00e9se, seg\u00edts\u00e9gad\u00e1s. J\u00e1tszani, foglalkozni kell a gyermekekkel, adott esetben koordin\u00e1lni a csal\u00e1dok tov\u00e1bbsz\u00e1ll\u00edt\u00e1s\u00e1t. Gyakorlatilag az \u00e9rkez\u0151 menek\u00fcltek itt tart\u00f3zkod\u00e1s\u00e1t \u00e9s a tov\u00e1bbjut\u00e1s\u00e1t kell seg\u00edteni b\u00e1rmilyen m\u00f3don.<\/p>\n<p><img decoding=\"async\" class=\"aligncenter\" src=\"https:\/\/karitaszeger.hu\/web\/wp-content\/uploads\/2022\/03\/11.jpg\" alt=\"\" \/><\/p>\n<p>Folyamatosan \u00e9rkeznek az emberek, van, hogy egyszerre t\u00f6bb csal\u00e1dot, vagy csoportokat fogadunk, tegnap 59 k\u00fcl\u00f6nb\u00f6z\u0151 nemzetis\u00e9g\u0171 di\u00e1k \u00e9rkezett, \u0151k Ukrajn\u00e1ban tanulnak.<\/p>\n<p>Ide\u00e9rkezve regisztr\u00e1ljuk \u0151ket, \u00e9s azonnal kider\u00fcl, hogy kinek miben tudunk seg\u00edteni, hiszen mindenki m\u00e1s helyzet el\u0151tt \u00e1ll. Van, aki csak \u00e9lelmiszerhez szeretne jutni \u00e9s tov\u00e1bb utazik, t\u00f6bb csal\u00e1dot csak a hat\u00e1rig hoznak el \u00e9s meg kell szervezni az idejut\u00e1s\u00e1t, illetve a tov\u00e1bbutaz\u00e1s\u00e1t a m\u00e1r megl\u00e9v\u0151 fogad\u00f3helyre, de olyanok is akadnak, akiknek nincs befogad\u00f3 sz\u00e1ll\u00e1suk, \u00e9s am\u00edg ezt nem tudjuk megoldani addig itt tart\u00f3zkodnak.<\/p>\n<p><img decoding=\"async\" class=\"aligncenter\" src=\"https:\/\/karitaszeger.hu\/web\/wp-content\/uploads\/2022\/03\/23.jpg\" alt=\"\" \/><\/p>\n<p>K\u00f6zben \u00e9rkeznek az adom\u00e1nyok, azokat v\u00e1logatj\u00e1k a munkat\u00e1rsaink, az \u00f6nk\u00e9ntesek k\u00e9sz\u00edtik a meleg te\u00e1t, forr\u00f3 levest, szendvicseket, \u00fati csomagokat.<\/p>\n<p>\u00c9jszak\u00e1nk\u00e9nt 1-2 \u00f3r\u00e1ra megnyugszik a forgalom \u00e9s ut\u00e1na ism\u00e9t \u00e9rkeznek a csoportok. Tegnap \u00e9jszaka pl. hajnal 1 \u00f3rakor kellett elsz\u00e1ll\u00edtani csal\u00e1dokat Z\u00e1honyba, mert megtelt az itteni 40-50 f\u0151s meleged\u0151, azonnali megold\u00e1st kellett tal\u00e1lnunk.<\/p>\n<p><img decoding=\"async\" class=\"aligncenter\" src=\"https:\/\/karitaszeger.hu\/web\/wp-content\/uploads\/2022\/03\/19.jpg\" alt=\"\" \/><\/p>\n<p>Kedden egy Rajna-\u00dajfalub\u00f3l \u00e9rkez\u0151 h\u00e9tgyermekes magyar csal\u00e1ddal is tal\u00e1lkoztunk, az 1, 6, 7, 8, 10, 14 \u00e9ves kor\u00fa gyerekek \u2013 nagycsal\u00e1d r\u00e9v\u00e9n \u2013 mindk\u00e9t sz\u00fcl\u0151vel \u00e9rkeztek. A legid\u0151sebb fi\u00fa Szentendr\u00e9n dolgozik, munk\u00e1ssz\u00e1ll\u00f3n \u00e9l, \u0151 ott v\u00e1rja a csal\u00e1dj\u00e1t, sz\u00e1ll\u00e1st pedig a v\u00e1ros \u00f6nkorm\u00e1nyzata biztos\u00edt sz\u00e1mukra. \u201eMindannyian nagyon f\u00e1radtak vagyunk, m\u00e1r napok \u00f3ta nem alszunk, f\u00e9lelemben, hatalmas bizonytalans\u00e1gban telt az elm\u00falt egy h\u00e9t a kialakult fesz\u00fclts\u00e9g miatt. F\u00e1j\u00f3 sz\u00edvvel gondolunk a falunkra, majdnem minden csal\u00e1d elmenek\u00fclt, kiv\u00e9ve az id\u0151seket. A sz\u00fcleim is ott maradtak. Ez\u00e9rt is nagyon szeretn\u00e9nk majd visszamenni. Nehezen hagytuk ott az otthonunkat, de most nem sz\u00e1m\u00edt semmi, csak a gyerekek biztons\u00e1ga\u201d \u2013 fogalmazott a megt\u00f6rt sz\u00edv\u0171 \u00e9desanya, \u00e9s m\u00e9g jobban meghat\u00f3dott, amikor az itt tapasztalt fogadtat\u00e1sr\u00f3l besz\u00e9lt: \u201eNem gondoltam volna, hogy ilyen nagy szeretettel fogadnak benn\u00fcnket. Nagyon h\u00e1l\u00e1sak vagyunk!\u201d<\/p>\n<p><img decoding=\"async\" class=\"aligncenter\" src=\"https:\/\/karitaszeger.hu\/web\/wp-content\/uploads\/2022\/03\/29.jpg\" alt=\"\" \/><\/p>\n<p>A Recsk\u00e9rt Egyes\u00fclet vezet\u0151j\u00e9vel \u2013 aki egyben karit\u00e1sz munkat\u00e1rs \u2013, \u00e9rkezett k\u00e9t id\u0151s nyugd\u00edjas \u00f6nk\u00e9ntes n\u00e9ni, akik azt mondt\u00e1k, ott a hely\u00fck ahol seg\u00edteni kell. Egy nap alatt hatalmas mennyis\u00e9g\u0171 adom\u00e1nyt gy\u0171jt\u00f6tt \u00f6ssze a falu, azt hozt\u00e1k el \u00e9s itt maradtak szendvicseket k\u00e9sz\u00edteni, hogy felv\u00e1lts\u00e1k a helyb\u00e9li asszonyokat, akik \u00e9jt nappall\u00e1 t\u00e9ve szolg\u00e1lnak a b\u00e1zison.<\/p>\n<p><img decoding=\"async\" class=\"aligncenter\" src=\"https:\/\/karitaszeger.hu\/web\/wp-content\/uploads\/2022\/03\/24.jpg\" alt=\"\" \/><\/p>\n<p>Az orsz\u00e1g legk\u00fcl\u00f6nb\u00f6z\u0151bb pontjair\u00f3l \u00e9rkez\u0151 kisbuszok, szem\u00e9lyaut\u00f3k \u00e1llnak meg a barab\u00e1si b\u00e1zisponton is adom\u00e1nyokat hozva. K\u00e9p\u00fcnk\u00f6n karit\u00e1sz munkat\u00e1rsunkkal a Bagr\u00f3l \u00e9rkez\u0151 adom\u00e1nyoz\u00f3kat l\u00e1thatjuk, akik bar\u00e1taik \u00f6sszefog\u00e1s\u00e1nak k\u00f6sz\u00f6nhet\u0151en gy\u0171jt\u00f6tt\u00e9k \u00f6ssze a sz\u00fcks\u00e9ges ruh\u00e1zati \u00e9s \u00e9lelmiszer adom\u00e1nyaikat.<\/p>\n<p>V\u00e1rjuk a tov\u00e1bbi felaj\u00e1nl\u00e1sokat, \u00f6nk\u00e9nteseket a barab\u00e1si b\u00e1zisponton!<\/p>\n<p>Forr\u00e1s: <a href=\"https:\/\/www.dnyem.hu\/2022\/03\/02\/minden-reggel-amikor-az-ember-elkezdi-a-szeretetszolgalatot-akkor-fent-az-egben-is-elindul-arpad-hazi-szent-erzsebet-es-o-is-teszi-velunk-egyutt-a-jot-zokkenomentes-a-me\/?fbclid=IwAR3IIY8l-uVFfnZpawMmoaSjShx1c-iGw97Uef-O3kmJUtEPqTSdRfzmKWU\">dnyem.hu<\/a><\/p>\n<\/div><\/div><\/div><\/div><\/div><div class=\"fusion-fullwidth fullwidth-box fusion-builder-row-2 fusion-flex-container fusion-parallax-none nonhundred-percent-fullwidth non-hundred-percent-height-scrolling\" style=\"--awb-border-sizes-top:0px;--awb-border-sizes-bottom:0px;--awb-border-sizes-left:0px;--awb-border-sizes-right:0px;--awb-border-radius-top-left:0px;--awb-border-radius-top-right:0px;--awb-border-radius-bottom-right:0px;--awb-border-radius-bottom-left:0px;--awb-padding-top:150px;--awb-padding-bottom:150px;--awb-background-image:url(&quot;https:\/\/karitaszeger.hu\/web\/wp-content\/uploads\/2021\/03\/segits-scaled.jpg&quot;);--awb-background-size:cover;--awb-flex-wrap:wrap;\" ><div class=\"fusion-builder-row fusion-row fusion-flex-align-items-flex-start fusion-flex-content-wrap\" style=\"max-width:calc( 1170px + 0px );margin-left: calc(-0px \/ 2 );margin-right: calc(-0px \/ 2 );\"><div class=\"fusion-layout-column fusion_builder_column fusion-builder-column-1 fusion_builder_column_1_1 1_1 fusion-flex-column\" style=\"--awb-padding-right:11%;--awb-padding-left:11%;--awb-bg-size:cover;--awb-width-large:100%;--awb-margin-top-large:0px;--awb-spacing-right-large:0px;--awb-margin-bottom-large:20px;--awb-spacing-left-large:0px;--awb-width-medium:100%;--awb-spacing-right-medium:0px;--awb-spacing-left-medium:0px;--awb-width-small:100%;--awb-spacing-right-small:0px;--awb-spacing-left-small:0px;\"><div class=\"fusion-column-wrapper fusion-flex-justify-content-flex-start fusion-content-layout-column\"><div class=\"fusion-title title fusion-title-1 fusion-sep-none fusion-title-center fusion-title-text fusion-title-size-two\" style=\"--awb-text-color:#ffffff;\"><h2 class=\"fusion-title-heading title-heading-center\" style=\"margin:0;line-height:1;\"><h2 class=\"piros kozepre\"><span style=\"color: #ffffff;\">AZ \u00d6N SEG\u00cdTS\u00c9G\u00c9RE\u00a0IS SZ\u00dcKS\u00c9G VAN!<\/span><\/h2>\n<div class=\"content\">\u00a0<\/div><\/h2><\/div><div class=\"fusion-separator\" style=\"align-self: center;margin-left: auto;margin-right: auto;margin-top:0px;margin-bottom:40px;width:100%;max-width:200px;\"><div class=\"fusion-separator-border sep-single sep-solid\" style=\"--awb-height:20px;--awb-amount:20px;--awb-sep-color:#f44336;border-color:#f44336;border-top-width:3px;\"><\/div><\/div><div class=\"fusion-text fusion-text-2\"><h2 style=\"text-align: center;\"><span style=\"color: #ffffff;\"><strong>1356 \u2013 H\u00cdVJON, HOGY SEG\u00cdTHESS\u00dcNK!<\/strong><\/span><\/h2>\n<\/div><div class=\"fusion-builder-row fusion-builder-row-inner fusion-row fusion-flex-align-items-flex-start fusion-flex-content-wrap\" style=\"width:calc( 100% + 0px ) !important;max-width:calc( 100% + 0px ) !important;margin-left: calc(-0px \/ 2 );margin-right: calc(-0px \/ 2 );\"><div class=\"fusion-layout-column fusion_builder_column_inner fusion-builder-nested-column-0 fusion_builder_column_inner_1_3 1_3 fusion-flex-column\" style=\"--awb-bg-size:cover;--awb-width-large:33.333333333333%;--awb-margin-top-large:0px;--awb-spacing-right-large:0px;--awb-margin-bottom-large:20px;--awb-spacing-left-large:0px;--awb-width-medium:100%;--awb-order-medium:0;--awb-spacing-right-medium:0px;--awb-spacing-left-medium:0px;--awb-width-small:100%;--awb-order-small:0;--awb-spacing-right-small:0px;--awb-spacing-left-small:0px;\"><div class=\"fusion-column-wrapper fusion-column-has-shadow fusion-flex-justify-content-flex-start fusion-content-layout-column\"><\/div><\/div><div class=\"fusion-layout-column fusion_builder_column_inner fusion-builder-nested-column-1 fusion_builder_column_inner_1_3 1_3 fusion-flex-column fusion-animated\" style=\"--awb-bg-color:#f44336;--awb-bg-color-hover:#f44336;--awb-bg-size:cover;--awb-width-large:33.333333333333%;--awb-margin-top-large:0px;--awb-spacing-right-large:0px;--awb-margin-bottom-large:20px;--awb-spacing-left-large:0px;--awb-width-medium:100%;--awb-order-medium:0;--awb-spacing-right-medium:0px;--awb-spacing-left-medium:0px;--awb-width-small:100%;--awb-order-small:0;--awb-spacing-right-small:0px;--awb-spacing-left-small:0px;\" data-animationType=\"bounceInDown\" data-animationDuration=\"1.3\" data-animationOffset=\"top-into-view\"><div class=\"fusion-column-wrapper fusion-column-has-shadow fusion-flex-justify-content-flex-start fusion-content-layout-column\"><div style=\"text-align:center;\"><a class=\"fusion-button button-flat fusion-button-default-size button-custom fusion-button-default button-1 fusion-button-default-span fusion-button-default-type fusion-has-button-gradient\" style=\"--button_accent_color:#ffffff;--button_accent_hover_color:#f44336;--button_border_hover_color:#f44336;--button_border_width-top:0px;--button_border_width-right:0px;--button_border_width-bottom:0px;--button_border_width-left:0px;--button_gradient_top_color:rgba(254,201,107,0);--button_gradient_bottom_color:rgba(254,201,107,0);--button_gradient_top_color_hover:#ffffff;--button_gradient_bottom_color_hover:rgba(0,0,0,0);\" target=\"_self\" href=\"#\"><i class=\"fa-credit-card fas awb-button__icon awb-button__icon--default button-icon-left\" aria-hidden=\"true\"><\/i><span class=\"fusion-button-text awb-button__text awb-button__text--default\">ONLINE ADOM\u00c1NYOZ\u00c1S<\/span><\/a><\/div><\/div><\/div><div class=\"fusion-layout-column fusion_builder_column_inner fusion-builder-nested-column-2 fusion_builder_column_inner_1_3 1_3 fusion-flex-column\" style=\"--awb-bg-size:cover;--awb-width-large:33.333333333333%;--awb-margin-top-large:0px;--awb-spacing-right-large:0px;--awb-margin-bottom-large:20px;--awb-spacing-left-large:0px;--awb-width-medium:100%;--awb-order-medium:0;--awb-spacing-right-medium:0px;--awb-spacing-left-medium:0px;--awb-width-small:100%;--awb-order-small:0;--awb-spacing-right-small:0px;--awb-spacing-left-small:0px;\"><div class=\"fusion-column-wrapper fusion-column-has-shadow fusion-flex-justify-content-flex-start fusion-content-layout-column\"><\/div><\/div><\/div><\/div><\/div><\/div><\/div><\/p>\n","protected":false},"excerpt":{"rendered":"","protected":false},"author":3,"featured_media":4126,"comment_status":"open","ping_status":"open","sticky":false,"template":"","format":"standard","meta":{"footnotes":""},"categories":[107],"tags":[],"class_list":["post-4123","post","type-post","status-publish","format-standard","has-post-thumbnail","hentry","category-hirek"],"_links":{"self":[{"href":"https:\/\/karitaszeger.hu\/web\/wp-json\/wp\/v2\/posts\/4123","targetHints":{"allow":["GET"]}}],"collection":[{"href":"https:\/\/karitaszeger.hu\/web\/wp-json\/wp\/v2\/posts"}],"about":[{"href":"https:\/\/karitaszeger.hu\/web\/wp-json\/wp\/v2\/types\/post"}],"author":[{"embeddable":true,"href":"https:\/\/karitaszeger.hu\/web\/wp-json\/wp\/v2\/users\/3"}],"replies":[{"embeddable":true,"href":"https:\/\/karitaszeger.hu\/web\/wp-json\/wp\/v2\/comments?post=4123"}],"version-history":[{"count":1,"href":"https:\/\/karitaszeger.hu\/web\/wp-json\/wp\/v2\/posts\/4123\/revisions"}],"predecessor-version":[{"id":4134,"href":"https:\/\/karitaszeger.hu\/web\/wp-json\/wp\/v2\/posts\/4123\/revisions\/4134"}],"wp:featuredmedia":[{"embeddable":true,"href":"https:\/\/karitaszeger.hu\/web\/wp-json\/wp\/v2\/media\/4126"}],"wp:attachment":[{"href":"https:\/\/karitaszeger.hu\/web\/wp-json\/wp\/v2\/media?parent=4123"}],"wp:term":[{"taxonomy":"category","embeddable":true,"href":"https:\/\/karitaszeger.hu\/web\/wp-json\/wp\/v2\/categories?post=4123"},{"taxonomy":"post_tag","embeddable":true,"href":"https:\/\/karitaszeger.hu\/web\/wp-json\/wp\/v2\/tags?post=4123"}],"curies":[{"name":"wp","href":"https:\/\/api.w.org\/{rel}","templated":true}]}}