{"id":4135,"date":"2022-03-09T07:06:36","date_gmt":"2022-03-09T07:06:36","guid":{"rendered":"https:\/\/karitaszeger.hu\/web\/?p=4135"},"modified":"2022-03-09T07:06:36","modified_gmt":"2022-03-09T07:06:36","slug":"isten-megis-megsegit-minket-barabason-a-katolikus-karitasz-fogadja-a-menekuloket","status":"publish","type":"post","link":"https:\/\/karitaszeger.hu\/web\/2022\/03\/09\/isten-megis-megsegit-minket-barabason-a-katolikus-karitasz-fogadja-a-menekuloket\/","title":{"rendered":"Isten m\u00e9gis megseg\u00edt minket \u2013 Barab\u00e1son a Katolikus Karit\u00e1sz fogadja a menek\u00fcl\u0151ket"},"content":{"rendered":"<p><div class=\"fusion-fullwidth fullwidth-box fusion-builder-row-1 fusion-flex-container nonhundred-percent-fullwidth non-hundred-percent-height-scrolling\" style=\"--awb-border-radius-top-left:0px;--awb-border-radius-top-right:0px;--awb-border-radius-bottom-right:0px;--awb-border-radius-bottom-left:0px;--awb-padding-bottom:30px;--awb-flex-wrap:wrap;\" ><div class=\"fusion-builder-row fusion-row fusion-flex-align-items-flex-start fusion-flex-content-wrap\" style=\"max-width:1216.8px;margin-left: calc(-4% \/ 2 );margin-right: calc(-4% \/ 2 );\"><div class=\"fusion-layout-column fusion_builder_column fusion-builder-column-0 fusion_builder_column_1_1 1_1 fusion-flex-column\" style=\"--awb-bg-size:cover;--awb-width-large:100%;--awb-margin-top-large:0px;--awb-spacing-right-large:1.92%;--awb-margin-bottom-large:0px;--awb-spacing-left-large:1.92%;--awb-width-medium:100%;--awb-spacing-right-medium:1.92%;--awb-spacing-left-medium:1.92%;--awb-width-small:100%;--awb-spacing-right-small:1.92%;--awb-spacing-left-small:1.92%;\"><div class=\"fusion-column-wrapper fusion-flex-justify-content-flex-start fusion-content-layout-column\"><div class=\"fusion-separator fusion-full-width-sep\" style=\"align-self: center;margin-left: auto;margin-right: auto;margin-bottom:10px;width:100%;\"><div class=\"fusion-separator-border sep-single\" style=\"--awb-height:20px;--awb-amount:20px;border-color:#e00000;border-top-width:1px;\"><\/div><\/div><div class=\"fusion-text fusion-text-1\" style=\"--awb-text-transform:none;\"><p><img decoding=\"async\" class=\"aligncenter\" src=\"https:\/\/karitaszeger.hu\/web\/wp-content\/uploads\/2022\/03\/img1.php_-1.jpeg\" alt=\"\" \/><\/p>\n<h4><strong>Az orosz\u2013ukr\u00e1n h\u00e1bor\u00fa \u00f6t\u00f6dik napj\u00e1n, m\u00e1rcius 1-j\u00e9n m\u00e1r biztons\u00e1ggal m\u0171k\u00f6dik a menek\u00fclteket fogad\u00f3 seg\u00edts\u00e9gny\u00fajt\u00e1s rendszere. Hat seg\u00e9lyszervezet van jelen a hat\u00e1ron. Barab\u00e1son a Katolikus Karit\u00e1sz m\u0171k\u00f6dik: fogad, meghallgat, tov\u00e1bbseg\u00edt. \u0150ket l\u00e1togattuk meg.<\/strong><\/h4>\n<p>A teremben v\u00e9gig fekhelyek. Otthonoss\u00e1g. K\u00e9t \u00f6sszetolt \u00e1gyon h\u00e1rom fi\u00fa fekszik, a telefonjukon mutatnak egym\u00e1snak k\u00e9peket. Mellett\u00fck k\u00e9t kisl\u00e1ny bab\u00e1zik. Szemben egy id\u0151s f\u00e9rfit elnyomott az \u00e1lom. A terem v\u00e9g\u00e9n k\u00e9t asszony hajol egy csecsem\u0151 f\u00f6l\u00e9, pelenk\u00e1zz\u00e1k. Az egyik sarokban fi\u00fak sakkoznak. Az asztalon \u00e9dess\u00e9g, gy\u00fcm\u00f6lcs, tea, p\u00e9ks\u00fctem\u00e9ny. Folyamatosan \u00e9rkeznek \u00fajak, egyel\u0151re mindenkinek van hely.<\/p>\n<p><img decoding=\"async\" class=\"aligncenter\" src=\"https:\/\/karitaszeger.hu\/web\/wp-content\/uploads\/2022\/03\/img1.php-2-1.jpeg\" alt=\"\" \/><\/p>\n<p>\u00c9rkez\u00e9s\u00fcnkkor \u00e9ppen egy anyuka sz\u00e1ll be h\u00e9t gyerekkel egy kisbuszba. Szinte semmij\u00fck nincs, n\u00e9h\u00e1ny t\u00e1sk\u00e1val tett\u00e9k meg a hossz\u00fa utat gyalog a hat\u00e1rig. L\u00e1tszik, mekkora szeg\u00e9nys\u00e9gb\u0151l j\u00f6ttek. De most boldogok. Tart\u00f3s helyet kaptak Szentendr\u00e9n.<\/p>\n<p>Ek\u00f6zben n\u00e9pes csoport \u00e9rkezik. \u00d6t gyerek h\u00e1rom fiatal n\u0151vel. \u00c1tf\u00e1ztak, kimer\u00fcltek. \u0150k h\u00e1rom csal\u00e1d. A f\u00e9rjek sz\u00e1ll\u00edtott\u00e1k \u0151ket Kijevb\u0151l a hat\u00e1rra. A f\u00e9rfiak nem tudt\u00e1k, de nem is akart\u00e1k elhagyni Ukrajn\u00e1t.<\/p>\n<blockquote>\n<p>Oksz\u00e1na azt mondja, \u201emeg kell v\u00e9deni\u00fck az orsz\u00e1gunkat, harcolniuk kell&#8221;.<\/p>\n<\/blockquote>\n<p>N\u00e9gy napon \u00e1t utaztak, \u00e1lland\u00f3 f\u00e9lelemben, nem foglalja-e le a hadsereg az aut\u00f3jukat, tudnak-e benzint venni. Megk\u00f6nnyebb\u00fcltek, hogy meg\u00e9rkeztek. Az egyik \u00f6nk\u00e9ntes vette k\u00e9zbe \u00fcgy\u00fcket, Lengyelorsz\u00e1gba szeretn\u00e9nek jutni, egy kapcsolat r\u00e9v\u00e9n ott kapnak ideiglenesen munk\u00e1t, lakhat\u00e1st.<\/p>\n<p><img decoding=\"async\" class=\"aligncenter\" src=\"https:\/\/karitaszeger.hu\/web\/wp-content\/uploads\/2022\/03\/img1.php-3-1.jpeg\" alt=\"\" \/><\/p>\n<p>Barab\u00e1son vagyunk, azon \u00f6t hat\u00e1r\u00e1tkel\u0151 egyik\u00e9n, ahova folyamatosan \u00e9rkeznek a menek\u00fcltek Ukrajna fel\u0151l, \u00e9s ahol a magyar seg\u00e9lyszervezetek befogad\u00f3b\u00e1zisokat l\u00e9tes\u00edtettek.<\/p>\n<blockquote>\n<p>A kor\u00e1bban csak nappal m\u0171k\u00f6d\u0151 kis hat\u00e1r\u00e1tkel\u0151t most \u00e9jjel-nappalra megnyitott\u00e1k. A faluban a Katolikus Karit\u00e1sz a telep\u00fcl\u00e9s \u00f6nkorm\u00e1nyzat\u00e1val \u00f6sszefogva \u00e9p\u00edtett ki fogad\u00f3b\u00e1zist.<\/p>\n<\/blockquote>\n<p>\u201eA kult\u00farh\u00e1z nagyterm\u00e9ben egy felaj\u00e1nl\u00e1snak k\u00f6sz\u00f6nhet\u0151en k\u00f3rh\u00e1zi vas\u00e1gyakat tudtunk fel\u00e1ll\u00edtani\u201d \u2013 mutat k\u00f6rbe Dar\u00f3czi G\u00e1bor, Barab\u00e1s polg\u00e1rmestere. Az ezerlelkes falu maga sincs j\u00f3 anyagi helyzetben, de \u201eaz emberek els\u0151 sz\u00f3ra j\u00f6ttek seg\u00edteni, ki kell tenn\u00fcnk magunk\u00e9rt, hiszen Bereg h\u00edres a vend\u00e9gszeretet\u00e9r\u0151l\u201d \u2013 hangs\u00falyozza a telep\u00fcl\u00e9svezet\u0151 a p\u00e9ld\u00e1tlan \u00f6sszefog\u00e1st.<\/p>\n<p>\u00c1rvai Ferenc, az Egri F\u0151egyh\u00e1zmegyei Karit\u00e1sz igazgat\u00f3ja is dics\u00e9ri az egy\u00fcttm\u0171k\u00f6d\u00e9st. \u201eNagyon j\u00f3l \u00f6ssze tudunk dolgozni az \u00f6nkorm\u00e1nyzattal \u00e9s az \u00f6nk\u00e9ntesekkel. A helyiek gy\u0171jtik \u00f6ssze a hat\u00e1ron az \u00e9rkez\u0151ket, sz\u00e1ll\u00edtj\u00e1k ide kisbuszokkal, mi pedig a tov\u00e1bbjut\u00e1st szervezz\u00fck. \u00d6sszehangolt munk\u00e1t v\u00e9gz\u00fcnk.\u201d<\/p>\n<p><img decoding=\"async\" class=\"aligncenter\" src=\"https:\/\/karitaszeger.hu\/web\/wp-content\/uploads\/2022\/03\/img1.php-4-1.jpeg\" alt=\"\" \/><\/p>\n<p>A kertben k\u00e9t nagy s\u00e1tor \u00e1ll. Az egyik f\u0171thet\u0151 l\u00e9gkamr\u00e1s s\u00e1tor, benne t\u00e1bori \u00e1gyak. Itt alszik a 8-10 karit\u00e1szmunkat\u00e1rs, k\u00f6zt\u00fck \u00c1rvai Ferenc, Zagyva Rich\u00e1rd, az orsz\u00e1gos Karit\u00e1sz igazgat\u00f3helyettese, Ol\u00e1h Tam\u00e1s, a Ny\u00edregyh\u00e1zi Egyh\u00e1zmegyei Karit\u00e1sz igazgat\u00f3ja, Vad\u00e1sz B\u00e1lint, a gy\u0151ri karit\u00e1sz munkat\u00e1rsa, Veres J\u00f3zsef, az abas\u00e1ri karit\u00e1sz vezet\u0151je \u00e9s P\u00e1sztor Gergely, a ny\u00edregyh\u00e1zi csoport munkat\u00e1rsa. A m\u00e1sik s\u00e1tor olyan, mint egy vegyesbolt. Tart\u00f3s \u00e9lelmiszer, tiszt\u00edt\u00f3szerek, takar\u00f3k, babakocsik, ruh\u00e1k, s\u0151t m\u00e9g \u00e1llateledel is van itt.<\/p>\n<p><img decoding=\"async\" class=\"aligncenter\" src=\"https:\/\/karitaszeger.hu\/web\/wp-content\/uploads\/2022\/03\/img1.php-5-1.jpeg\" alt=\"\" \/><\/p>\n<p>Ferenc aty\u00e1nak gondja van az \u00e9rkez\u0151kre. \u201eFigyel\u00fcnk, hogy j\u00f3 legyen a hangulat. Az embereknek kell a j\u00f3 sz\u00f3. A menek\u00fcl\u0151k t\u00f6bbs\u00e9g\u00e9ben \u00e9desany\u00e1k, nagymam\u00e1k. Akkor nyugszanak meg, mikor l\u00e1tj\u00e1k, hogyan \u00e9lednek fel a gyerekek. \u00c9jjel m\u00e9g fagyott, napk\u00f6zben hideg sz\u00e9l f\u00faj.<\/p>\n<blockquote>\n<p>A kicsik f\u00e1rad\u00e9konyak, nehezen viselik a megpr\u00f3b\u00e1ltat\u00e1sokat, a hajnali gyalogl\u00e1st, a v\u00e1rakoz\u00e1st a hat\u00e1rn\u00e1l. Vacogva \u00e9rkeznek meg.<\/p>\n<\/blockquote>\n<p>Amikor itt felmelegszenek, tele a pocak, kaptak csokol\u00e1d\u00e9t, \u00fajra el\u0151j\u00f6n az a gyerek, aki tud nagyot kacagni, j\u00e1tszani, kerget\u0151zni. Vel\u00fcnk is le\u00fcl, nem bizalmatlan, l\u00e1tja, hogy mosolygunk r\u00e1, \u00e9s a nyelvi akad\u00e1lyok ellen\u00e9re is j\u00f3kat j\u00e1tszunk. Meg kell adni nekik, hogy itt is gyerekek maradhassanak. Az \u00e9let csod\u00e1latos szakasza a gyerekkor, amikor a J\u00f3isten sok mindent\u0151l megv\u00e9d minket. Ezt tapasztalom itt is. Ezek a kicsik nem fogt\u00e1k fel, hogy \u0151k most any\u00e1val menek\u00fclnek, \u00fagy \u00e9lik meg, ez izgalmas kaland, olyan, mint egy nagy kir\u00e1ndul\u00e1s, ahova nem tudjuk, mi\u00e9rt, apa nem tudott vel\u00fcnk j\u00f6nni. Biztatjuk, vigy\u00e9k magukkal azt a j\u00e1t\u00e9kot, ami megtetszett, hiszen a menek\u00fcl\u0151csomagba j\u00e1t\u00e9k biztosan nem f\u00e9rt bele. Egy pl\u00fcs\u00e1llat bar\u00e1tot \u00e9s vigasztal\u00f3t is jelent.\u201d Az igazgat\u00f3 szavaib\u00f3l meg\u00e9rezz\u00fck, milyen figyelemmel fordulnak a gyerekek fel\u00e9 a hat\u00e1ron szolg\u00e1l\u00f3 karit\u00e1szosok.<\/p>\n<p><img decoding=\"async\" class=\"aligncenter\" src=\"https:\/\/karitaszeger.hu\/web\/wp-content\/uploads\/2022\/03\/img1.php-6-1.jpeg\" alt=\"\" \/><\/p>\n<p>Ferenc atya eml\u00e9keiben sok orosz sz\u00f3 megmaradt, megsz\u00f3l\u00edtja a Kijevb\u0151l \u00e9rkezett fi\u00fakat. Egyre jobban beindul a besz\u00e9lget\u00e9s. Oksz\u00e1na is csatlakozik. Elmondj\u00e1k, Kijevben a rep\u00fcl\u0151t\u00e9r mellett van a lak\u00e1suk. \u201eB\u00e9k\u00e9s lak\u00f3kb\u00f3l egy csap\u00e1sra menek\u00fcl\u0151kk\u00e9 v\u00e1ltunk. Cs\u00fct\u00f6rt\u00f6k\u00f6n bomb\u00e1z\u00e1sra \u00e9bredt\u00fcnk. Tudtuk, hogy nagy a vesz\u00e9ly. K\u00e9sz\u00edtettem egy f\u00fczetet, fel\u00edrtam, kik vagyunk, ha t\u00f6rt\u00e9nne vel\u00fcnk valami. Harkovi bar\u00e1tainkt\u00f3l m\u00e9g aggaszt\u00f3bb h\u00edrek \u00e9rkeztek. \u0150k m\u00e1r nem tudt\u00e1k elhagyni a v\u00e1rost. A f\u00e9rjem \u00fagy d\u00f6nt\u00f6tt, biztons\u00e1gba kell vinni a gyerekeket. Unokatestv\u00e9reimmel egy\u00fctt m\u00e1snap \u00fatnak indultunk.<\/p>\n<blockquote>\n<p>A f\u00e9rjeink maradtak. Menteni a menthet\u0151t, harcolni, megtenni, amit tudnak. Mi lesz vel\u00fck? Mennyi \u00e1ldozat, am\u00edg v\u00e9ge lesz? Haza tudunk-e valaha menni? \u00c1ll-e m\u00e9g a h\u00e1zunk? A h\u00e1bor\u00fa sz\u00f6rny\u0171.<\/p>\n<\/blockquote>\n<p><img decoding=\"async\" class=\"aligncenter\" src=\"https:\/\/karitaszeger.hu\/web\/wp-content\/uploads\/2022\/03\/img1.php-7-1.jpeg\" alt=\"\" \/><\/p>\n<p>Mindannyiukban nagy a tart\u00e1s, fegyelmezettek. K\u00f6nnyek k\u00f6z\u00f6tt mondj\u00e1k el a t\u00f6rt\u00e9net\u00fcket, de nem a k\u00e9ts\u00e9gbees\u00e9s besz\u00e9l bel\u0151l\u00fck. Sokat jelent, hogy itt nemcsak \u00e9telt kapnak. Egy p\u00e1r \u00f3r\u00e1ra megpihenhetnek, meghallgatj\u00e1k \u0151ket. A Karit\u00e1sz \u00f6nk\u00e9ntesei nem engedik, hogy magukba roskadva \u00fcld\u00f6g\u00e9ljenek, keresik a kontaktust, r\u00e1juk mosolyognak, besz\u00e9lget\u00e9st kezdenek. \u00c9s az emberek meg is ny\u00edlnak. Feloldja \u0151ket az itt megtapasztalt l\u00e9gk\u00f6r, \u00e9s elmondj\u00e1k gondjukat, bajukat. Sokan vannak, akik mindezt megteremtik. Huszon\u00f6t karit\u00e1szcsoport van az egyh\u00e1zmegy\u00e9ben, mindenhonnan \u00e9rkeznek Barab\u00e1sra \u00f6nk\u00e9ntesek. A fogad\u00f3asztaln\u00e1l a szomsz\u00e9d falub\u00f3l, Tiszaadonyb\u00f3l \u00e9rkezett \u00f6nk\u00e9ntes \u00fcl. Kapi Barbara angolul besz\u00e9l, \u00e9ppen egy Kijevben tanul\u00f3 nig\u00e9riai di\u00e1kcsoport fuvarj\u00e1t szervezi Budapestre.<\/p>\n<blockquote>\n<p>A konyh\u00e1ban p\u00e9ld\u00e1ul a Recsk\u00e9rt Egyes\u00fclet k\u00e9t nyugd\u00edjas \u00f6nk\u00e9ntese dolgozik a helyiekkel. Szendvicseket k\u00e9sz\u00edtenek, te\u00e1val, k\u00e1v\u00e9val k\u00edn\u00e1lj\u00e1k az \u00e9rkez\u0151ket.<\/p>\n<\/blockquote>\n<p>Tarj\u00e1nyi Imr\u00e9n\u00e9 \u00e9s asszonyt\u00e1rsa reggel \u00e9rkezett, adom\u00e1nyt hoztak Recskr\u0151l. A sof\u0151rj\u00fck sz\u00e1ll\u00edt\u00e1st v\u00e1llalt Budapestre, addig a k\u00e9t asszony kiveszi a r\u00e9sz\u00e9t a munk\u00e1b\u00f3l. \u201eTestv\u00e9rtelep\u00fcl\u00e9s\u00fcnk van, Rafajna\u00fajfalu. Interneten tartjuk a kapcsolatot, \u00f6sszeszedj\u00fck, amire a kintieknek sz\u00fcks\u00e9g\u00fck van. Ezt a vil\u00e1got \u00e9lj\u00fck, nem tudunk mit tenni, de seg\u00edt\u00fcnk. Ha kell, b\u00e1rmikor j\u00f6v\u00fcnk\u201d \u2013 az id\u0151s asszony f\u00e1radhatatlan a seg\u00edts\u00e9gben.<\/p>\n<p><img decoding=\"async\" class=\"aligncenter\" src=\"https:\/\/karitaszeger.hu\/web\/wp-content\/uploads\/2022\/03\/img1.php-8-1.jpeg\" alt=\"\" \/><\/p>\n<p>Ek\u00f6zben a h\u00e1tt\u00e9rben is folynak a munk\u00e1latok. \u00c9csy G\u00e1bor, a Katolikus Karit\u00e1sz igazgat\u00f3ja j\u00e1rja K\u00e1rp\u00e1talj\u00e1t, a ny\u00edregyh\u00e1zi b\u00e1zisr\u00f3l \u00e9lelmiszert, gy\u00f3gyszert sz\u00e1ll\u00edtanak a karit\u00e1szegys\u00e9gekhez. Ukrajn\u00e1ban ugyanis meghat\u00e1rozott kv\u00f3t\u00e1k szabj\u00e1k meg, hogy egy telep\u00fcl\u00e9snek h\u00e1ny menek\u00fcl\u0151t kell befogadnia. Hogy akinek nincs, annak adni tudjanak \u2013 a Magyarorsz\u00e1gr\u00f3l \u00e9rkez\u0151 sz\u00e1ll\u00edtm\u00e1nyokb\u00f3l. Ny\u00edregyh\u00e1z\u00e1n, a g\u00f6r\u00f6gkatolikus csoport Ol\u00e1h Tam\u00e1s vezet\u00e9s\u00e9vel cs\u00fct\u00f6rt\u00f6k \u00f3ta szevezi a seg\u00edts\u00e9gny\u00fajt\u00e1st. Naponta t\u00f6bb sz\u00e1z \u00fati csomagot raknak \u00f6ssze szendviccsel, itallal, k\u00e9zt\u00f6rl\u0151vel a vonattal utaz\u00f3k sz\u00e1m\u00e1ra.<\/p>\n<p><img decoding=\"async\" class=\"aligncenter\" src=\"https:\/\/karitaszeger.hu\/web\/wp-content\/uploads\/2022\/03\/img1.php-9-1.jpeg\" alt=\"\" \/><\/p>\n<blockquote>\n<p>B\u00facs\u00faz\u00e1skor az arcokon egy kis megnyugv\u00e1s. Szlava Bohu \u2013 H\u00e1la Istennek. Isten m\u00e9gis seg\u00edt minket. \u00c9s h\u00e1l\u00e1sak az embereknek, megk\u00f6sz\u00f6nik a j\u00f3s\u00e1gukat.<\/p>\n<\/blockquote>\n<p>Forr\u00e1s: <a href=\"https:\/\/www.magyarkurir.hu\/hazai\/isten-megis-megsegit-minket-barabason-katolikus-karitasz-fogadja-menekuloket?fbclid=IwAR30oXgk8ao8fTl6o0I6ws554FwnosXV5OACa2n7YGBda8-wQQJkl24Bxoo\">Magyar Kur\u00edr<\/a><\/p>\n<p>Szerz\u0151: Trauttwein \u00c9va<\/p>\n<p>Fot\u00f3: Lambert Attila<\/p>\n<\/div><\/div><\/div><\/div><\/div><div class=\"fusion-fullwidth fullwidth-box fusion-builder-row-2 fusion-flex-container fusion-parallax-none nonhundred-percent-fullwidth non-hundred-percent-height-scrolling\" style=\"--awb-border-sizes-top:0px;--awb-border-sizes-bottom:0px;--awb-border-sizes-left:0px;--awb-border-sizes-right:0px;--awb-border-radius-top-left:0px;--awb-border-radius-top-right:0px;--awb-border-radius-bottom-right:0px;--awb-border-radius-bottom-left:0px;--awb-padding-top:150px;--awb-padding-bottom:150px;--awb-background-image:url(&quot;https:\/\/karitaszeger.hu\/web\/wp-content\/uploads\/2021\/03\/segits-scaled.jpg&quot;);--awb-background-size:cover;--awb-flex-wrap:wrap;\" ><div class=\"fusion-builder-row fusion-row fusion-flex-align-items-flex-start fusion-flex-content-wrap\" style=\"max-width:calc( 1170px + 0px );margin-left: calc(-0px \/ 2 );margin-right: calc(-0px \/ 2 );\"><div class=\"fusion-layout-column fusion_builder_column fusion-builder-column-1 fusion_builder_column_1_1 1_1 fusion-flex-column\" style=\"--awb-padding-right:11%;--awb-padding-left:11%;--awb-bg-size:cover;--awb-width-large:100%;--awb-margin-top-large:0px;--awb-spacing-right-large:0px;--awb-margin-bottom-large:20px;--awb-spacing-left-large:0px;--awb-width-medium:100%;--awb-spacing-right-medium:0px;--awb-spacing-left-medium:0px;--awb-width-small:100%;--awb-spacing-right-small:0px;--awb-spacing-left-small:0px;\"><div class=\"fusion-column-wrapper fusion-flex-justify-content-flex-start fusion-content-layout-column\"><div class=\"fusion-title title fusion-title-1 fusion-sep-none fusion-title-center fusion-title-text fusion-title-size-two\" style=\"--awb-text-color:#ffffff;\"><h2 class=\"fusion-title-heading title-heading-center\" style=\"margin:0;line-height:1;\"><h2 class=\"piros kozepre\"><span style=\"color: #ffffff;\">AZ \u00d6N SEG\u00cdTS\u00c9G\u00c9RE\u00a0IS SZ\u00dcKS\u00c9G VAN!<\/span><\/h2>\n<div class=\"content\"><\/div><\/h2><\/div><div class=\"fusion-separator\" style=\"align-self: center;margin-left: auto;margin-right: auto;margin-top:0px;margin-bottom:40px;width:100%;max-width:200px;\"><div class=\"fusion-separator-border sep-single sep-solid\" style=\"--awb-height:20px;--awb-amount:20px;--awb-sep-color:#f44336;border-color:#f44336;border-top-width:3px;\"><\/div><\/div><div class=\"fusion-text fusion-text-2\"><h2 style=\"text-align: center;\"><span style=\"color: #ffffff;\"><strong>1356 \u2013 H\u00cdVJON, HOGY SEG\u00cdTHESS\u00dcNK!<\/strong><\/span><\/h2>\n<\/div><div class=\"fusion-builder-row fusion-builder-row-inner fusion-row fusion-flex-align-items-flex-start fusion-flex-content-wrap\" style=\"width:calc( 100% + 0px ) !important;max-width:calc( 100% + 0px ) !important;margin-left: calc(-0px \/ 2 );margin-right: calc(-0px \/ 2 );\"><div class=\"fusion-layout-column fusion_builder_column_inner fusion-builder-nested-column-0 fusion_builder_column_inner_1_3 1_3 fusion-flex-column\" style=\"--awb-bg-size:cover;--awb-width-large:33.333333333333%;--awb-margin-top-large:0px;--awb-spacing-right-large:0px;--awb-margin-bottom-large:20px;--awb-spacing-left-large:0px;--awb-width-medium:100%;--awb-order-medium:0;--awb-spacing-right-medium:0px;--awb-spacing-left-medium:0px;--awb-width-small:100%;--awb-order-small:0;--awb-spacing-right-small:0px;--awb-spacing-left-small:0px;\"><div class=\"fusion-column-wrapper fusion-column-has-shadow fusion-flex-justify-content-flex-start fusion-content-layout-column\"><\/div><\/div><div class=\"fusion-layout-column fusion_builder_column_inner fusion-builder-nested-column-1 fusion_builder_column_inner_1_3 1_3 fusion-flex-column fusion-animated\" style=\"--awb-bg-color:#f44336;--awb-bg-color-hover:#f44336;--awb-bg-size:cover;--awb-width-large:33.333333333333%;--awb-margin-top-large:0px;--awb-spacing-right-large:0px;--awb-margin-bottom-large:20px;--awb-spacing-left-large:0px;--awb-width-medium:100%;--awb-order-medium:0;--awb-spacing-right-medium:0px;--awb-spacing-left-medium:0px;--awb-width-small:100%;--awb-order-small:0;--awb-spacing-right-small:0px;--awb-spacing-left-small:0px;\" data-animationType=\"bounceInDown\" data-animationDuration=\"1.3\" data-animationOffset=\"top-into-view\"><div class=\"fusion-column-wrapper fusion-column-has-shadow fusion-flex-justify-content-flex-start fusion-content-layout-column\"><div style=\"text-align:center;\"><a class=\"fusion-button button-flat fusion-button-default-size button-custom fusion-button-default button-1 fusion-button-default-span fusion-button-default-type fusion-has-button-gradient\" style=\"--button_accent_color:#ffffff;--button_accent_hover_color:#f44336;--button_border_hover_color:#f44336;--button_border_width-top:0px;--button_border_width-right:0px;--button_border_width-bottom:0px;--button_border_width-left:0px;--button_gradient_top_color:rgba(254,201,107,0);--button_gradient_bottom_color:rgba(254,201,107,0);--button_gradient_top_color_hover:#ffffff;--button_gradient_bottom_color_hover:rgba(0,0,0,0);\" target=\"_self\" href=\"#\"><i class=\"fa-credit-card fas awb-button__icon awb-button__icon--default button-icon-left\" aria-hidden=\"true\"><\/i><span class=\"fusion-button-text awb-button__text awb-button__text--default\">ONLINE ADOM\u00c1NYOZ\u00c1S<\/span><\/a><\/div><\/div><\/div><div class=\"fusion-layout-column fusion_builder_column_inner fusion-builder-nested-column-2 fusion_builder_column_inner_1_3 1_3 fusion-flex-column\" style=\"--awb-bg-size:cover;--awb-width-large:33.333333333333%;--awb-margin-top-large:0px;--awb-spacing-right-large:0px;--awb-margin-bottom-large:20px;--awb-spacing-left-large:0px;--awb-width-medium:100%;--awb-order-medium:0;--awb-spacing-right-medium:0px;--awb-spacing-left-medium:0px;--awb-width-small:100%;--awb-order-small:0;--awb-spacing-right-small:0px;--awb-spacing-left-small:0px;\"><div class=\"fusion-column-wrapper fusion-column-has-shadow fusion-flex-justify-content-flex-start fusion-content-layout-column\"><\/div><\/div><\/div><\/div><\/div><\/div><\/div><\/p>\n","protected":false},"excerpt":{"rendered":"","protected":false},"author":3,"featured_media":4139,"comment_status":"open","ping_status":"open","sticky":false,"template":"","format":"standard","meta":{"footnotes":""},"categories":[107],"tags":[],"class_list":["post-4135","post","type-post","status-publish","format-standard","has-post-thumbnail","hentry","category-hirek"],"_links":{"self":[{"href":"https:\/\/karitaszeger.hu\/web\/wp-json\/wp\/v2\/posts\/4135","targetHints":{"allow":["GET"]}}],"collection":[{"href":"https:\/\/karitaszeger.hu\/web\/wp-json\/wp\/v2\/posts"}],"about":[{"href":"https:\/\/karitaszeger.hu\/web\/wp-json\/wp\/v2\/types\/post"}],"author":[{"embeddable":true,"href":"https:\/\/karitaszeger.hu\/web\/wp-json\/wp\/v2\/users\/3"}],"replies":[{"embeddable":true,"href":"https:\/\/karitaszeger.hu\/web\/wp-json\/wp\/v2\/comments?post=4135"}],"version-history":[{"count":2,"href":"https:\/\/karitaszeger.hu\/web\/wp-json\/wp\/v2\/posts\/4135\/revisions"}],"predecessor-version":[{"id":4146,"href":"https:\/\/karitaszeger.hu\/web\/wp-json\/wp\/v2\/posts\/4135\/revisions\/4146"}],"wp:featuredmedia":[{"embeddable":true,"href":"https:\/\/karitaszeger.hu\/web\/wp-json\/wp\/v2\/media\/4139"}],"wp:attachment":[{"href":"https:\/\/karitaszeger.hu\/web\/wp-json\/wp\/v2\/media?parent=4135"}],"wp:term":[{"taxonomy":"category","embeddable":true,"href":"https:\/\/karitaszeger.hu\/web\/wp-json\/wp\/v2\/categories?post=4135"},{"taxonomy":"post_tag","embeddable":true,"href":"https:\/\/karitaszeger.hu\/web\/wp-json\/wp\/v2\/tags?post=4135"}],"curies":[{"name":"wp","href":"https:\/\/api.w.org\/{rel}","templated":true}]}}