{"id":4159,"date":"2022-03-09T07:21:32","date_gmt":"2022-03-09T07:21:32","guid":{"rendered":"https:\/\/karitaszeger.hu\/web\/?p=4159"},"modified":"2022-03-09T07:21:58","modified_gmt":"2022-03-09T07:21:58","slug":"miben-segithetek-a-leggyakrabban-elofordulo-kerdes-a-szeretet-megnyilvanulasa","status":"publish","type":"post","link":"https:\/\/karitaszeger.hu\/web\/2022\/03\/09\/miben-segithetek-a-leggyakrabban-elofordulo-kerdes-a-szeretet-megnyilvanulasa\/","title":{"rendered":"\u201eMiben seg\u00edthetek?\u201d A leggyakrabban el\u0151fordul\u00f3 k\u00e9rd\u00e9s a szeretet megnyilv\u00e1nul\u00e1sa."},"content":{"rendered":"<p><div class=\"fusion-fullwidth fullwidth-box fusion-builder-row-1 fusion-flex-container nonhundred-percent-fullwidth non-hundred-percent-height-scrolling\" style=\"--awb-border-radius-top-left:0px;--awb-border-radius-top-right:0px;--awb-border-radius-bottom-right:0px;--awb-border-radius-bottom-left:0px;--awb-padding-bottom:30px;--awb-flex-wrap:wrap;\" ><div class=\"fusion-builder-row fusion-row fusion-flex-align-items-flex-start fusion-flex-content-wrap\" style=\"max-width:1216.8px;margin-left: calc(-4% \/ 2 );margin-right: calc(-4% \/ 2 );\"><div class=\"fusion-layout-column fusion_builder_column fusion-builder-column-0 fusion_builder_column_1_1 1_1 fusion-flex-column\" style=\"--awb-bg-size:cover;--awb-width-large:100%;--awb-margin-top-large:0px;--awb-spacing-right-large:1.92%;--awb-margin-bottom-large:0px;--awb-spacing-left-large:1.92%;--awb-width-medium:100%;--awb-spacing-right-medium:1.92%;--awb-spacing-left-medium:1.92%;--awb-width-small:100%;--awb-spacing-right-small:1.92%;--awb-spacing-left-small:1.92%;\"><div class=\"fusion-column-wrapper fusion-flex-justify-content-flex-start fusion-content-layout-column\"><div class=\"fusion-separator fusion-full-width-sep\" style=\"align-self: center;margin-left: auto;margin-right: auto;margin-bottom:10px;width:100%;\"><div class=\"fusion-separator-border sep-single\" style=\"--awb-height:20px;--awb-amount:20px;border-color:#e00000;border-top-width:1px;\"><\/div><\/div><div class=\"fusion-text fusion-text-1\" style=\"--awb-text-transform:none;\"><h4><strong>\u201eA karit\u00e1sz munkat\u00e1rsai napok \u00f3ta kint vannak, s\u00e1torban alszanak, megd\u00f6bbent\u0151 h\u0171s\u00e9ggel, kitart\u00e1ssal v\u00e1llalkoznak arra, hogy \u00e1ldozatot hozzanak m\u00e1sok\u00e9rt, \u00e9s ez az \u00e1ldozat is a szeretet megnyilv\u00e1nul\u00e1sa.\u201d \u00a0<\/strong><\/h4>\n<p><img decoding=\"async\" class=\"aligncenter\" src=\"https:\/\/karitaszeger.hu\/web\/wp-content\/uploads\/2022\/03\/01-3.jpg\" alt=\"\" \/><\/p>\n<p>Pal\u00e1nki Ferenc debrecen-ny\u00edregyh\u00e1zi megy\u00e9sp\u00fcsp\u00f6k \u00e9s dr. T\u00f6r\u0151 Andr\u00e1s p\u00fcsp\u00f6ki irodaigazgat\u00f3 m\u00e1rcius 2-\u00e1n, hamvaz\u00f3szerda napj\u00e1n megl\u00e1togatt\u00e1k az ukr\u00e1n h\u00e1bor\u00fa el\u0151l menek\u00fcltek fogad\u00e1s\u00e1ra kialak\u00edtott barab\u00e1si b\u00e1zisk\u00f6zpontot. Barab\u00e1son tart\u00f3zkodik a Katolikus Karit\u00e1sz, itt Csord\u00e1s G\u00e1bor aty\u00e1val, a Debrecen-Ny\u00edregyh\u00e1zi egyh\u00e1zmegye karit\u00e1szigazgat\u00f3j\u00e1val, \u00c1rvai Ferenc aty\u00e1val, az Egri f\u0151egyh\u00e1zmegye karit\u00e1szigazgat\u00f3j\u00e1val \u00e9s Zagyva Rich\u00e1rddal, a Katolikus Karit\u00e1sz igazgat\u00f3helyettes\u00e9vel is tal\u00e1lkoztak \u00e9s egyeztettek a fogad\u00f3\u00e1llom\u00e1son foly\u00f3 feladatokr\u00f3l.<\/p>\n<p>A p\u00fcsp\u00f6k atya l\u00e1togat\u00e1sa alatt besz\u00e9lgetett a csal\u00e1dokkal, \u00e9rdekl\u0151d\u00f6tt helyzet\u00fckr\u0151l, tov\u00e1bbi terveikr\u0151l, felaj\u00e1nlva az egyh\u00e1zmegye \u00e9s a karit\u00e1sz tov\u00e1bbi seg\u00edts\u00e9g\u00e9t, valamint interj\u00fakat adott az \u00e9ppen oda\u00e9rkez\u0151 orsz\u00e1gos (Tv2, Duna Tv, M1) telev\u00edzi\u00f3s csatorn\u00e1k st\u00e1bjainak. Ferenc p\u00fcsp\u00f6k atya a helysz\u00ednen az \u00d6r\u00f6m-h\u00edr sajt\u00f3iroda k\u00e9rd\u00e9seire is v\u00e1laszolt:<\/p>\n<p><img decoding=\"async\" class=\"aligncenter\" src=\"https:\/\/karitaszeger.hu\/web\/wp-content\/uploads\/2022\/03\/10-3.jpg\" alt=\"\" \/><\/p>\n<p>\u2013 Magyarorsz\u00e1g \u00e9s ezen bel\u00fcl a Debrecen-Ny\u00edregyh\u00e1zi Egyh\u00e1zmegye keleti hat\u00e1r\u00e1val szomsz\u00e9dos Ukrajn\u00e1ban t\u00f6rt ki a h\u00e1bor\u00fa, az orsz\u00e1gba az egyh\u00e1zmegye hat\u00e1rain kereszt\u00fcl \u00e9rkeznek a h\u00e1bor\u00fa el\u0151l menek\u00fcl\u0151 csal\u00e1dok. Haz\u00e1nk szervezett\u0151l, telep\u00fcl\u00e9st\u0151l f\u00fcggetlen\u00fcl egyk\u00e9nt mozdult meg a menek\u00fcltek megseg\u00edt\u00e9s\u00e9re. Szomsz\u00e9dk\u00e9nt az egyh\u00e1zmegye \u00e9rez-e nagyobb felel\u0151ss\u00e9get a seg\u00edts\u00e9gad\u00e1sban?<\/p>\n<p>\u2013 Akik messzebb vannak, azok az adom\u00e1nyaikat gy\u0171jtik \u00e9s juttatj\u00e1k el hozz\u00e1nk, \u00e9s els\u0151sorban a mi felel\u0151ss\u00e9g\u00fcnk, hogy ezek a meglel\u0151 helyre ker\u00fcljenek. A szeretetszolg\u00e1latok a helyi \u00f6nkorm\u00e1nyzatokkal kar\u00f6ltve biztos\u00edtanak meleged\u0151 lehet\u0151s\u00e9geket, a lakoss\u00e1g is akt\u00edvan r\u00e9szt vesz az \u00f6nk\u00e9ntes munk\u00e1ban. A karitat\u00edv szervezetek b\u00e1zisokat \u00e1ll\u00edtottak fel m\u00e1r a h\u00e1bor\u00fa negyedik napj\u00e1n, \u00edgy szervezett seg\u00edts\u00e9gad\u00e1sr\u00f3l besz\u00e9lhet\u00fcnk, a folyamatosan \u00e9rkez\u0151 menek\u00fclteknek igyeksz\u00fcnk mindenben seg\u00edteni.<\/p>\n<p>A leggyakrabban el\u0151fordul\u00f3 k\u00e9rd\u00e9s: \u201eMiben seg\u00edthetek?\u201d a szeretet megnyilv\u00e1nul\u00e1sa. Gyakran hangoztatom Szent P\u00e1l szavait, hogy \u201ea hit a szeretet \u00e1ltal tev\u00e9keny\u201d (Gal 5,6).<\/p>\n<blockquote>\n<p>A seg\u00edts\u00e9gny\u00fajt\u00e1sban ezt a szeretetet tudjuk meg\u00e9lni, amely nem lehet\u0151s\u00e9g\u00fcnk, hanem k\u00f6teless\u00e9g\u00fcnk. J\u00e9zus megparancsolta a szeretetet \u00e9s ez\u00e9rt k\u00f6teless\u00e9g\u00fcnk j\u00f3t tenni. Most, ebben a neh\u00e9z helyzetben megmutathatjuk, hogy kik is vagyunk igaz\u00e1n.<\/p>\n<\/blockquote>\n<p><img decoding=\"async\" class=\"aligncenter\" src=\"https:\/\/karitaszeger.hu\/web\/wp-content\/uploads\/2022\/03\/14-2.jpg\" alt=\"\" \/><\/p>\n<p>A mi egyh\u00e1zmegy\u00e9nk szomsz\u00e9dj\u00e1ban vannak a k\u00e1rp\u00e1taljai magyarlakta ter\u00fcletek \u00e9s b\u00edzunk benne, hogy a h\u00e1bor\u00fa nem fog \u00e1tterjedni Magyarorsz\u00e1gra, de annak hat\u00e1sa m\u00e1r \u00e1tterjedt, hiszen eddig t\u00f6bb mint 100 ezer menek\u00fclt \u00e9rkezett haz\u00e1nkba hat\u00e1rainkon kereszt\u00fcl. Akik bekopogtatnak hozz\u00e1nk, ak\u00e1r mint szomsz\u00e9djukhoz \u2013 de az orsz\u00e1gban b\u00e1rhol \u2013, j\u00f3s\u00e1ggal, szeretettel tal\u00e1lkoznak. Munkat\u00e1rsaink, \u00f6nk\u00e9nteseink amennyire tudj\u00e1k, igyekeznek enyh\u00edteni a f\u00e1jdalmukat. Besz\u00e9lgettem egy Kijevb\u0151l \u00e9rkez\u0151 csal\u00e1ddal, az \u00e9desapa programoz\u00f3 matematikus, \u00e9s egyed\u00fcl neveli a k\u00e9t gyermek\u00e9t. Azt mondta, hogy \u0151k m\u00e1r nem t\u00e9rnek vissza Ukrajn\u00e1ba. M\u00e1r olyan f\u00e1jdalmat hordoz a sz\u00edv\u00e9ben, ami miatt ott nem tudja folytatni az \u00e9let\u00e9t, \u00faj \u00e9letet akar kezdeni a gyermekeivel. Ez valahol term\u00e9szetes, ugyanakkor nagyon f\u00e1jdalmas d\u00f6nt\u00e9s is.<\/p>\n<blockquote>\n<p>Nek\u00fcnk mindent meg kell tenn\u00fcnk, hogy valamelyest enyh\u00edts\u00fck ezt a f\u00e1jdalmat az \u0151 \u00e9let\u00fckben is, hogy ebben a helyzet\u00fckben is tal\u00e1lkozzanak az emberi j\u00f3s\u00e1ggal, amely tulajdonk\u00e9ppen Istennek a j\u00f3s\u00e1ga.<\/p>\n<\/blockquote>\n<p>\u2013 Az egyh\u00e1zmegye hogyan seg\u00edt?<\/p>\n<p>\u2013 Sok helyen vannak m\u00e1r most is k\u00f6z\u00f6ss\u00e9gi terek, pl\u00e9b\u00e1ni\u00e1k, ahol befogadtunk menek\u00fclteket, a pl\u00e9b\u00e1nosok folyamatosan t\u00e1j\u00e9koztatnak err\u0151l, \u00e9s ha sz\u00fcks\u00e9ges, a lelkigyakorlatos h\u00e1zainkat is felaj\u00e1nljuk. J\u00e1nkmajtison, Ny\u00edrb\u00e1torban m\u00e1r vannak csal\u00e1dok, de Borb\u00e1ny\u00e1n \u00e9s Ny\u00edrsz\u0151l\u0151s\u00f6n is biztos\u00edtunk erre lehet\u0151s\u00e9get.<\/p>\n<p>A kialakult h\u00e1bor\u00fas helyzetre tekintettel tov\u00e1bbra is b\u00e1tor\u00edtjuk a h\u00edveket a testv\u00e9ri szeretet konkr\u00e9t gyakorl\u00e1s\u00e1ra. A Debrecen-Ny\u00edregyh\u00e1zi Egyh\u00e1zmegye szoci\u00e1lis keret\u00e9b\u0151l a menek\u00fcltek megseg\u00edt\u00e9s\u00e9re eddig \u00f6t milli\u00f3 Ft-ot ford\u00edtottunk, az egyh\u00e1zmegyei karit\u00e1szon kereszt\u00fcl szerezz\u00fck be ehhez a legfontosabb eszk\u00f6z\u00f6ket.<\/p>\n<p>\u2013 Vannak-e tov\u00e1bbi tervek erre vonatkoz\u00f3an?<\/p>\n<p>\u2013 Ez tervezhetetlen. Im\u00e1dkozunk a b\u00e9k\u00e9\u00e9rt, hogy min\u00e9l hamarabb megsz\u0171nj\u00f6n a h\u00e1bor\u00fa \u00e9s azut\u00e1n kell szembes\u00fcln\u00fcnk azzal, hogy hogyan gondolkodnak az emberek, itt maradnak-e vagy visszat\u00e9rnek otthonaikba. Aki itt maradnak, azokkal is kell majd t\u00f6r\u0151dn\u00fcnk.<\/p>\n<p><img decoding=\"async\" class=\"aligncenter\" src=\"https:\/\/karitaszeger.hu\/web\/wp-content\/uploads\/2022\/03\/01-1603x2048-1.jpg\" alt=\"\" \/><\/p>\n<p>\u2013 P\u00fcsp\u00f6k aty\u00e1ra hogyan hatott itt, a barab\u00e1si b\u00e1zison megtapasztalt \u00e1llapot?<\/p>\n<p>\u2013 Mindig, minden helyzetben J\u00e9zus szeretet\u00e9vel kell szeretn\u00fcnk, J\u00e9zus gondolataival gondolkodnunk, az \u0150 szem\u00e9vel n\u00e9zn\u00fcnk. L\u00e1tva a menek\u00fclt csal\u00e1dokat, eszembe jutott az evang\u00e9liumi mondat: \u201eAmikor l\u00e1tta a t\u00f6meget, megesett rajta a sz\u00edve, mert olyanok voltak, mint p\u00e1sztor n\u00e9lk\u00fcl a juhok: elcsig\u00e1zottak \u00e9s kimer\u00fcltek\u201d (Mt 9,36). Azzal a m\u00e9lys\u00e9ges szeretettel kell fordulnunk ezekhez a csal\u00e1dokhoz, amellyel J\u00e9zus szeret minket. A karit\u00e1sz munkat\u00e1rsai napok \u00f3ta kint vannak, s\u00e1torban alszanak, megd\u00f6bbent\u0151 h\u0171s\u00e9ggel, kitart\u00e1ssal \u00e1ldozatot hoznak m\u00e1sok\u00e9rt, \u00e9s ez az \u00e1ldozat is a szeretetnek a megnyilv\u00e1nul\u00e1sa.<\/p>\n<p>\u2013 Azok az emberek, akik tal\u00e1lkoznak a menek\u00fclt csal\u00e1dokkal, szervezik az \u00e9let\u00fcket, l\u00e1tj\u00e1k szenved\u00e9s\u00fcket, vagy akik adom\u00e1nyaikon kereszt\u00fcl gyakorolj\u00e1k ezt a tev\u00e9keny szeretetet, mint cirenei Simon egy r\u00f6vid szakaszon viszik terheiket, keresztjeiket. Minden megv\u00e1ltozott benn\u00fcnk is, m\u00e1s lett a dolgok priorit\u00e1sa. Az idei nagyb\u00f6jti id\u0151 is m\u00e1s lesz. Mit jelenthet ez sz\u00e1munkra?<\/p>\n<p>\u2013 Az ut\u00f3bbi \u00e9vekben m\u00e1r m\u00e1s volt a nagyb\u00f6jt, mint azel\u0151tt. K\u00e9t \u00e9vig a Covid j\u00e1rv\u00e1ny, most a h\u00e1bor\u00fa meghat\u00e1rozza ezt az id\u0151szakot. Az ember ezekben a helyzetekben term\u00e9szetes m\u00f3don Isten fel\u00e9 fordul. Azt hiszem, hogy nek\u00fcnk ez a nagyb\u00f6jti id\u0151szak \u00edgy lesz kegyelmi id\u0151. Ha \u00e1tgondoljuk, hogy milyen \u00e1ldozatot tudunk hozni, milyen j\u00f3t tudunk tenni m\u00e1sokkal, \u00e9s ez\u00e1ltal hogyan tudjuk meg\u00faj\u00edtani istenkapcsolatunkat, akkor tulajdonk\u00e9ppen ez az id\u0151szak lelki meg\u00fajul\u00e1st fog jelenteni.<\/p>\n<p>A hamvaz\u00f3szerdai evang\u00e9liumban olvassuk (Mt 6,1-6), hogy J\u00e9zus a hegyi besz\u00e9dben az alamizsn\u00e1r\u00f3l, im\u00e1ds\u00e1gr\u00f3l, b\u00f6jtr\u0151l tan\u00edt. Az alamizsna az embert\u00e1rsainkkal, az im\u00e1ds\u00e1g az Istennel, a b\u00f6jt pedig az \u00f6nmagunkkal val\u00f3 kapcsolatot seg\u00edti, rendezi. Ez mind-mind lehet\u0151s\u00e9g sz\u00e1munkra \u00e9s most ebben az \u00e9vben egy \u00faj, saj\u00e1tos helyzetben kell ezt megval\u00f3s\u00edtanunk. Nagyon kell im\u00e1dkoznunk a J\u00f3istenhez, hogy meg\u00e1lljuk a hely\u00fcnket kereszt\u00e9nyk\u00e9nt, h\u00edv\u0151 emberk\u00e9nt. Ne f\u00e1radjunk bele a j\u00f3cselekedetbe, hangs\u00falyozta Ferenc p\u00e1pa is nagyb\u00f6jti \u00fczenet\u00e9ben.<\/p>\n<p>\u2013 Ferenc p\u00e1pa felh\u00edv\u00e1s\u00e1ra hamvaz\u00f3szerd\u00e1n im\u00e1inkat, a b\u00f6jt\u00f6l\u00e9s\u00fcnket a b\u00e9k\u00e9\u00e9rt aj\u00e1nlottuk fel. Hogyan kell j\u00f3l b\u00f6jt\u00f6lni?<\/p>\n<p>\u2013 \u00c9rdekes lelki tapasztalat az, hogy az ember \u00e1ltal\u00e1ban tiltakozik minden \u00e1ldozathozatal ellen. Ha pl. elhat\u00e1rozom, hogy b\u00f6jt\u00f6l\u00f6k, valamir\u0151l lemondok, akkor r\u00f6gt\u00f6n ott van a k\u00eds\u00e9rt\u00e9s, hogy ez nem b\u0171n, ezt megteheted, megeheted, ne mondj le r\u00f3la, m\u00e1sok is \u00edgy tesznek. Amikor azonban val\u00f3ban elkezdj\u00fck a b\u00f6jt\u00f6t, meghozzuk az \u00e1ldozatot, akkor megtapasztaljuk, hogy nem is olyan neh\u00e9z, hiszen a d\u00f6nt\u00e9sem v\u00e9grehajt\u00e1s\u00e1hoz kapok kegyelmi seg\u00edts\u00e9get. A tudatosan m\u00e1sok\u00e9rt hozott \u00e1ldozathoz, b\u00f6jth\u00f6z m\u00e9g \u00f6r\u00f6m is t\u00e1rsul, \u00e9s \u00edgy a nagyb\u00f6jtben nem a b\u00f6jt\u00f6n lesz a hangs\u00faly, hanem a szereteten.<\/p>\n<p>Forr\u00e1s: Kov\u00e1cs \u00c1gnes \u2013 <a href=\"https:\/\/www.dnyem.hu\/2022\/03\/05\/miben-segithetek-a-leggyakrabban-elofordulo-kerdes-a-szeretet-megnyilvanulasa-most-megmutathatjuk-kik-is-vagyunk-igazan-palanki-ferenc-megyespuspok-atyaval-beszelgettunk\/?fbclid=IwAR3BLo1S2tEst4BoyXsFGoFwg-f3PrK1V-qTr2vl0bGMZHS2IoKzDL8ZYoE\">\u00d6r\u00f6m-h\u00edr sajt\u00f3iroda\/Debrecen-Ny\u00edregyh\u00e1zi Egyh\u00e1zmegye<\/a><\/p>\n<\/div><\/div><\/div><\/div><\/div><div class=\"fusion-fullwidth fullwidth-box fusion-builder-row-2 fusion-flex-container fusion-parallax-none nonhundred-percent-fullwidth non-hundred-percent-height-scrolling\" style=\"--awb-border-sizes-top:0px;--awb-border-sizes-bottom:0px;--awb-border-sizes-left:0px;--awb-border-sizes-right:0px;--awb-border-radius-top-left:0px;--awb-border-radius-top-right:0px;--awb-border-radius-bottom-right:0px;--awb-border-radius-bottom-left:0px;--awb-padding-top:150px;--awb-padding-bottom:150px;--awb-background-image:url(&quot;https:\/\/karitaszeger.hu\/web\/wp-content\/uploads\/2021\/03\/segits-scaled.jpg&quot;);--awb-background-size:cover;--awb-flex-wrap:wrap;\" ><div class=\"fusion-builder-row fusion-row fusion-flex-align-items-flex-start fusion-flex-content-wrap\" style=\"max-width:calc( 1170px + 0px );margin-left: calc(-0px \/ 2 );margin-right: calc(-0px \/ 2 );\"><div class=\"fusion-layout-column fusion_builder_column fusion-builder-column-1 fusion_builder_column_1_1 1_1 fusion-flex-column\" style=\"--awb-padding-right:11%;--awb-padding-left:11%;--awb-bg-size:cover;--awb-width-large:100%;--awb-margin-top-large:0px;--awb-spacing-right-large:0px;--awb-margin-bottom-large:20px;--awb-spacing-left-large:0px;--awb-width-medium:100%;--awb-spacing-right-medium:0px;--awb-spacing-left-medium:0px;--awb-width-small:100%;--awb-spacing-right-small:0px;--awb-spacing-left-small:0px;\"><div class=\"fusion-column-wrapper fusion-flex-justify-content-flex-start fusion-content-layout-column\"><div class=\"fusion-title title fusion-title-1 fusion-sep-none fusion-title-center fusion-title-text fusion-title-size-two\" style=\"--awb-text-color:#ffffff;--awb-margin-top-small:0px;--awb-margin-right-small:0px;--awb-margin-bottom-small:20px;--awb-margin-left-small:0px;\"><h2 class=\"fusion-title-heading title-heading-center\" style=\"margin:0;line-height:1;\"><h2 class=\"piros kozepre\"><span style=\"color: #ffffff;\">AZ \u00d6N SEG\u00cdTS\u00c9G\u00c9RE\u00a0IS SZ\u00dcKS\u00c9G VAN!<\/span><\/h2>\n<div class=\"content\"><\/div><\/h2><\/div><div class=\"fusion-separator\" style=\"align-self: center;margin-left: auto;margin-right: auto;margin-top:0px;margin-bottom:40px;width:100%;max-width:200px;\"><div class=\"fusion-separator-border sep-single sep-solid\" style=\"--awb-height:20px;--awb-amount:20px;--awb-sep-color:#f44336;border-color:#f44336;border-top-width:3px;\"><\/div><\/div><div class=\"fusion-text fusion-text-2\"><h2 style=\"text-align: center;\"><span style=\"color: #ffffff;\"><strong>1356 \u2013 H\u00cdVJON, HOGY SEG\u00cdTHESS\u00dcNK!<\/strong><\/span><\/h2>\n<\/div><div class=\"fusion-builder-row fusion-builder-row-inner fusion-row fusion-flex-align-items-flex-start fusion-flex-content-wrap\" style=\"--awb-flex-grow:0;--awb-flex-grow-medium:0;--awb-flex-grow-small:0;--awb-flex-shrink:0;--awb-flex-shrink-medium:0;--awb-flex-shrink-small:0;width:calc( 100% + 0px ) !important;max-width:calc( 100% + 0px ) !important;margin-left: calc(-0px \/ 2 );margin-right: calc(-0px \/ 2 );\"><div class=\"fusion-layout-column fusion_builder_column_inner fusion-builder-nested-column-0 fusion_builder_column_inner_1_3 1_3 fusion-flex-column\" style=\"--awb-bg-size:cover;--awb-width-large:33.333333333333%;--awb-margin-top-large:0px;--awb-spacing-right-large:0px;--awb-margin-bottom-large:20px;--awb-spacing-left-large:0px;--awb-width-medium:100%;--awb-order-medium:0;--awb-spacing-right-medium:0px;--awb-spacing-left-medium:0px;--awb-width-small:100%;--awb-order-small:0;--awb-spacing-right-small:0px;--awb-spacing-left-small:0px;\"><div class=\"fusion-column-wrapper fusion-column-has-shadow fusion-flex-justify-content-flex-start fusion-content-layout-column\"><\/div><\/div><div class=\"fusion-layout-column fusion_builder_column_inner fusion-builder-nested-column-1 fusion_builder_column_inner_1_3 1_3 fusion-flex-column fusion-animated\" style=\"--awb-bg-color:#f44336;--awb-bg-color-hover:#f44336;--awb-bg-size:cover;--awb-width-large:33.333333333333%;--awb-margin-top-large:0px;--awb-spacing-right-large:0px;--awb-margin-bottom-large:20px;--awb-spacing-left-large:0px;--awb-width-medium:100%;--awb-order-medium:0;--awb-spacing-right-medium:0px;--awb-spacing-left-medium:0px;--awb-width-small:100%;--awb-order-small:0;--awb-spacing-right-small:0px;--awb-spacing-left-small:0px;\" data-animationType=\"bounceInDown\" data-animationDuration=\"1.3\" data-animationOffset=\"top-into-view\"><div class=\"fusion-column-wrapper fusion-column-has-shadow fusion-flex-justify-content-flex-start fusion-content-layout-column\"><div style=\"text-align:center;\"><a class=\"fusion-button button-flat fusion-button-default-size button-custom fusion-button-default button-1 fusion-button-default-span fusion-button-default-type fusion-has-button-gradient\" style=\"--button_accent_color:#ffffff;--button_accent_hover_color:#f44336;--button_border_hover_color:#f44336;--button_border_width-top:0px;--button_border_width-right:0px;--button_border_width-bottom:0px;--button_border_width-left:0px;--button_gradient_top_color:rgba(254,201,107,0);--button_gradient_bottom_color:rgba(254,201,107,0);--button_gradient_top_color_hover:#ffffff;--button_gradient_bottom_color_hover:rgba(0,0,0,0);\" target=\"_self\" href=\"#\"><i class=\"fa-credit-card fas awb-button__icon awb-button__icon--default button-icon-left\" aria-hidden=\"true\"><\/i><span class=\"fusion-button-text awb-button__text awb-button__text--default\">ONLINE ADOM\u00c1NYOZ\u00c1S<\/span><\/a><\/div><\/div><\/div><div class=\"fusion-layout-column fusion_builder_column_inner fusion-builder-nested-column-2 fusion_builder_column_inner_1_3 1_3 fusion-flex-column\" style=\"--awb-bg-size:cover;--awb-width-large:33.333333333333%;--awb-margin-top-large:0px;--awb-spacing-right-large:0px;--awb-margin-bottom-large:20px;--awb-spacing-left-large:0px;--awb-width-medium:100%;--awb-order-medium:0;--awb-spacing-right-medium:0px;--awb-spacing-left-medium:0px;--awb-width-small:100%;--awb-order-small:0;--awb-spacing-right-small:0px;--awb-spacing-left-small:0px;\"><div class=\"fusion-column-wrapper fusion-column-has-shadow fusion-flex-justify-content-flex-start fusion-content-layout-column\"><\/div><\/div><\/div><\/div><\/div><\/div><\/div><\/p>\n","protected":false},"excerpt":{"rendered":"","protected":false},"author":3,"featured_media":4154,"comment_status":"open","ping_status":"open","sticky":false,"template":"","format":"standard","meta":{"footnotes":""},"categories":[107],"tags":[],"class_list":["post-4159","post","type-post","status-publish","format-standard","has-post-thumbnail","hentry","category-hirek"],"_links":{"self":[{"href":"https:\/\/karitaszeger.hu\/web\/wp-json\/wp\/v2\/posts\/4159","targetHints":{"allow":["GET"]}}],"collection":[{"href":"https:\/\/karitaszeger.hu\/web\/wp-json\/wp\/v2\/posts"}],"about":[{"href":"https:\/\/karitaszeger.hu\/web\/wp-json\/wp\/v2\/types\/post"}],"author":[{"embeddable":true,"href":"https:\/\/karitaszeger.hu\/web\/wp-json\/wp\/v2\/users\/3"}],"replies":[{"embeddable":true,"href":"https:\/\/karitaszeger.hu\/web\/wp-json\/wp\/v2\/comments?post=4159"}],"version-history":[{"count":2,"href":"https:\/\/karitaszeger.hu\/web\/wp-json\/wp\/v2\/posts\/4159\/revisions"}],"predecessor-version":[{"id":4161,"href":"https:\/\/karitaszeger.hu\/web\/wp-json\/wp\/v2\/posts\/4159\/revisions\/4161"}],"wp:featuredmedia":[{"embeddable":true,"href":"https:\/\/karitaszeger.hu\/web\/wp-json\/wp\/v2\/media\/4154"}],"wp:attachment":[{"href":"https:\/\/karitaszeger.hu\/web\/wp-json\/wp\/v2\/media?parent=4159"}],"wp:term":[{"taxonomy":"category","embeddable":true,"href":"https:\/\/karitaszeger.hu\/web\/wp-json\/wp\/v2\/categories?post=4159"},{"taxonomy":"post_tag","embeddable":true,"href":"https:\/\/karitaszeger.hu\/web\/wp-json\/wp\/v2\/tags?post=4159"}],"curies":[{"name":"wp","href":"https:\/\/api.w.org\/{rel}","templated":true}]}}