{"id":4323,"date":"2022-03-05T10:07:53","date_gmt":"2022-03-05T10:07:53","guid":{"rendered":"https:\/\/karitaszeger.hu\/web\/?p=4323"},"modified":"2022-04-01T10:10:49","modified_gmt":"2022-04-01T10:10:49","slug":"csoda-a-hataron-budapesttol-izraelig-erkeznek-onkentesek-segiteni","status":"publish","type":"post","link":"https:\/\/karitaszeger.hu\/web\/2022\/03\/05\/csoda-a-hataron-budapesttol-izraelig-erkeznek-onkentesek-segiteni\/","title":{"rendered":"Csoda a hat\u00e1ron: Budapestt\u0151l Izraelig \u00e9rkeznek \u00f6nk\u00e9ntesek seg\u00edteni"},"content":{"rendered":"<p><div class=\"fusion-fullwidth fullwidth-box fusion-builder-row-1 fusion-flex-container nonhundred-percent-fullwidth non-hundred-percent-height-scrolling\" style=\"--awb-border-radius-top-left:0px;--awb-border-radius-top-right:0px;--awb-border-radius-bottom-right:0px;--awb-border-radius-bottom-left:0px;--awb-padding-bottom:30px;--awb-flex-wrap:wrap;\" ><div class=\"fusion-builder-row fusion-row fusion-flex-align-items-flex-start fusion-flex-content-wrap\" style=\"max-width:1216.8px;margin-left: calc(-4% \/ 2 );margin-right: calc(-4% \/ 2 );\"><div class=\"fusion-layout-column fusion_builder_column fusion-builder-column-0 fusion_builder_column_1_1 1_1 fusion-flex-column\" style=\"--awb-bg-size:cover;--awb-width-large:100%;--awb-margin-top-large:0px;--awb-spacing-right-large:1.92%;--awb-margin-bottom-large:0px;--awb-spacing-left-large:1.92%;--awb-width-medium:100%;--awb-spacing-right-medium:1.92%;--awb-spacing-left-medium:1.92%;--awb-width-small:100%;--awb-spacing-right-small:1.92%;--awb-spacing-left-small:1.92%;\"><div class=\"fusion-column-wrapper fusion-flex-justify-content-flex-start fusion-content-layout-column\"><div class=\"fusion-separator fusion-full-width-sep\" style=\"align-self: center;margin-left: auto;margin-right: auto;margin-bottom:10px;width:100%;\"><div class=\"fusion-separator-border sep-single\" style=\"--awb-height:20px;--awb-amount:20px;border-color:#e00000;border-top-width:1px;\"><\/div><\/div><div class=\"fusion-text fusion-text-1\" style=\"--awb-text-transform:none;\"><h3 class=\"lead\">M\u00e1rcius 3-\u00e1n Barab\u00e1sr\u00f3l Beregsur\u00e1ny fel\u00e9 vett\u00fck az utunkat, ahol a Magyar M\u00e1ltai Szeretetszolg\u00e1lat m\u0171k\u00f6dteti a b\u00e1zis\u00e1t. Meglepet\u00e9s\u00fcnkre nemcsak m\u00e1ltai \u00f6nk\u00e9ntesekkel tal\u00e1lkoztunk, hanem n\u00e9met, olasz \u00e9s izraeli \u00e1llampolg\u00e1rokkal is. Olyan magyarokkal, akik Facebook-csoportban szervezik meg a menek\u00fcltek tov\u00e1bbi \u00fatj\u00e1t. Orvosokkal. Fiatal ap\u00e1c\u00e1kkal, akik m\u00e1sok gyermekeinek adnak es\u00e9lyt k\u00fclf\u00f6ld\u00f6n.<\/h3>\n<div class=\"contentsav\">\n<p>Meg\u00e9rkez\u00fcnk Beregsur\u00e1nyba a kast\u00e9lyhoz. A M\u00e1ltai Szeretetszolg\u00e1lat tagjai \u00e9s \u00f6nk\u00e9ntesei szervezetten osztj\u00e1k sz\u00e9t az \u00e9rkez\u0151 menek\u00fclteket, ki hogyan \u00e9s kivel jusson tov\u00e1bb. Akinek nincs m\u00e9g hova mennie, a f\u0171t\u00f6tt nagyteremben pihenhet meg.<\/p>\n<blockquote>\n<p>Van mit kipihenni, nem tudjuk, h\u00e1ny napig tartott az ide \u00e9rkez\u0151k tort\u00far\u00e1ja.<\/p>\n<\/blockquote>\n<p>Egy m\u00e1ltai kab\u00e1tot visel\u0151 f\u00e9rfival szeretn\u00e9nk r\u00f6viden besz\u00e9lni, bejelentkezni, hogy itt vagyunk, de nem tudunk, annyi a teend\u0151. \u00cdgy h\u00e1t \u00e1tadjuk magunkat a sodr\u00e1snak, \u00e9s megsz\u00f3l\u00edtunk minden egy\u00fctt sodr\u00f3d\u00f3t.<\/p>\n<p><a title=\"\" rel=\"lightbox&#091;'g120558'&#093;\"><img decoding=\"async\" class=\"ckep\" src=\"https:\/\/www.magyarkurir.hu\/img1.php?id=120558&amp;v=1&amp;p=1&amp;img=c_AE6A4880.jpg\" alt=\"\" border=\"0\" \/><\/a><\/p>\n<p>K\u00fclf\u00f6ldi embereket pillantunk meg. R\u00f6vid besz\u00e9lget\u00e9s ut\u00e1n kider\u00fcl, mind a hatan az\u00e9rt j\u00f6ttek, hogy seg\u00edtsenek az Ukrajn\u00e1b\u00f3l menek\u00fcl\u0151k\u00f6n. Izraeli \u00e1llampolg\u00e1rok mind, bar\u00e1tok: egyik\u00fck arab, a vel\u00fck tart\u00f3 fiatal, feh\u00e9r b\u0151r\u0171 l\u00e1ny pedig ukr\u00e1n zsid\u00f3. 18 \u00e9vet \u00e9lt Ukrajn\u00e1ban, n\u00e9gy \u00e9ve lakik Izraelben. Az \u0151sz haj\u00fa f\u00e9rfi elmondja, a t\u00e9v\u00e9ben l\u00e1tt\u00e1k, mi t\u00f6rt\u00e9nik Ukrajn\u00e1ban.<\/p>\n<blockquote>\n<p>\u201eValamit tenni kell. Izraelben meg\u00e9lt\u00fck a h\u00e1bor\u00fat, ami nincs tekintettel se b\u0151rsz\u00ednre, se gyerekekre, se arra, ki mit szeretne\u201d,<\/p>\n<\/blockquote>\n<p>majd mosolyogva m\u00e9g hozz\u00e1teszi: \u201e\u00e9s persze a feles\u00e9gem is mondta, ne csak a t\u00e9v\u00e9ben n\u00e9zzem, mi t\u00f6rt\u00e9nik a h\u00e1bor\u00fas helyzetben, hanem tegyek is valamit\u201d. A hat bar\u00e1t nem tartozik semmilyen szervezetbe, mag\u00e1nemberk\u00e9nt d\u00f6nt\u00f6ttek arr\u00f3l, hogy rep\u00fcl\u0151re \u00fclnek, \u00e9s m\u00e1rcius 10-\u00e9ig itt lesznek Magyarorsz\u00e1gon, mert szeretn\u00e9nek \u00f6nk\u00e9ntesk\u00e9nt seg\u00edteni. Kapj\u00e1k r\u00f6gt\u00f6n a beoszt\u00e1st, a pakol\u00e1sban tudnak el\u0151sz\u00f6r r\u00e9szt venni.<\/p>\n<p><a title=\"\" rel=\"lightbox&#091;'g120558'&#093;\"><img decoding=\"async\" class=\"ckep\" src=\"https:\/\/www.magyarkurir.hu\/img1.php?id=120558&amp;v=1&amp;p=1&amp;img=c_AE6A5023.jpg\" alt=\"\" border=\"0\" \/><\/a><\/p>\n<p>K\u00e9t perc sem telik el, \u00e9szrevesz\u00fcnk egy fiatal, feketeruh\u00e1s g\u00f6r\u00f6gkatolikus bazilita ap\u00e1c\u00e1t hatalmas kereszttel a nyak\u00e1ban. \u00dcde arca van, mosolyog, k\u00e9s\u0151bb elmondja, hogy 25 \u00e9ves. Egy Kijevhez k\u00f6zeli v\u00e1rosban a katolikus \u00e1ltal\u00e1nos iskol\u00e1ban \u00e9s gimn\u00e1ziumban tan\u00edt a t\u00e1rs\u00e1val. \u201eA h\u00e1bor\u00fa elej\u00e9n elhagytuk a v\u00e1rost, mert nagyon vesz\u00e9lyesnek bizonyult. A hat\u00e1r k\u00f6zel\u00e9be j\u00f6tt\u00fcnk, hogy tov\u00e1bb tudjunk menni N\u00e9metorsz\u00e1gba a bar\u00e1tainkhoz, akik kor\u00e1bban is seg\u00edtett\u00e9k az int\u00e9zm\u00e9nyt.<\/p>\n<blockquote>\n<p>Nyolc di\u00e1kot hoztunk magukkal az iskol\u00e1b\u00f3l. A csal\u00e1dom Nyugat-Ukrajn\u00e1ban van, de nekem musz\u00e1j seg\u00edtenem a gyerekeken.\u201d<\/p>\n<\/blockquote>\n<p>Belegondolni is neh\u00e9z, milyen lehetett a sz\u00fcl\u0151knek meghozni azt a d\u00f6nt\u00e9st, hogy a fiatal ap\u00e1c\u00e1kra b\u00edzz\u00e1k a gyerekeik tov\u00e1bbi \u00e9let\u00e9t, kiengedik \u0151ket N\u00e9metorsz\u00e1gba, csak hogy biztons\u00e1gban legyenek. \u201eRengeteg vesz\u00e9ly leselkedett ott r\u00e1nk. Sokat im\u00e1dkozunk a b\u00e9k\u00e9\u00e9rt\u201d \u2013 mondja az egyik fiatal l\u00e1ny. Nem sokkal k\u00e9s\u0151bb l\u00e1tjuk, hogy k\u00e9t kisbusszal, n\u00e9met \u00f6nk\u00e9ntesekkel val\u00f3ban \u00fatnak tudnak indulni.<\/p>\n<p><a title=\"\" rel=\"lightbox&#091;'g120558'&#093;\"><img decoding=\"async\" class=\"ckep\" src=\"https:\/\/www.magyarkurir.hu\/img1.php?id=120558&amp;v=1&amp;p=1&amp;img=c_AE6A5463.jpg\" alt=\"\" border=\"0\" \/><\/a><\/p>\n<p>Egy sz\u0151ke h\u00f6lgy, egy turb\u00e1nos sz\u00edk f\u00e9rfi \u00e9s egy keleties arc\u00fa f\u00e9rfi vonja magukra a figyelm\u00fcnket. Megsz\u00f3l\u00edtjuk \u0151ket. \u201eKisbuszokkal \u00e9rkezt\u00fcnk N\u00e9metorsz\u00e1gb\u00f3l. A hat\u00e1r\u0151r\u00f6k visszaford\u00edtottak minket az eloszt\u00f3pontra, mert itt jobban tudunk seg\u00edteni.\u201d<\/p>\n<blockquote>\n<p>\u0150k sem tartoznak semmilyen szervezethez, de szerettek volna adom\u00e1nyokat hozni, \u00e9s az \u00fcres kisbuszukkal embereket sz\u00e1ll\u00edtan\u00e1nak tov\u00e1bb B\u00e9csbe, ahol van 14 sz\u00e1ll\u00e1shely\u00fck, \u00e9s M\u00fcnchenbe, ahol ugyanannyi menek\u00fcltet el tudnak helyezni.<\/p>\n<\/blockquote>\n<p><a title=\"\" rel=\"lightbox&#091;'g120558'&#093;\"><img decoding=\"async\" class=\"ckep\" src=\"https:\/\/www.magyarkurir.hu\/img1.php?id=120558&amp;v=1&amp;p=1&amp;img=c_AE6A5066.jpg\" alt=\"\" border=\"0\" \/><\/a><\/p>\n<p>Egy r\u00e9gi tan\u00edtv\u00e1nyom pillantom meg a m\u00e1ltai seg\u00edt\u0151k k\u00f6z\u00f6tt. Nem is olyan r\u00e9g \u00e9retts\u00e9gizett, kiv\u00e1l\u00f3an tanult mindig. Gyorsan meg\u00f6lelj\u00fck egym\u00e1st, \u00e9s meg\u00edg\u00e9ri, ha lesz egy kis szabadideje, megkeres. \u201eAnnyira sokan \u00e9rkeznek ide, hogy folyamatosan p\u00f6rgetj\u00fck, ki hova ker\u00fclj\u00f6n\u201d \u2013 mondja, \u00e9s m\u00e1r \u00edrja is tov\u00e1bb a t\u00e1bl\u00e1zatot, ami alapj\u00e1n most emberek sorsa d\u0151lhet el. Egy t\u00e1volabbi besz\u00e9lget\u00e9s foszl\u00e1nyaib\u00f3l hallom, hogy egy nagyobb csal\u00e1db\u00f3l sokan m\u00e1r meg\u00e9rkeztek, \u0151ket el kell k\u00eds\u00e9rni a sportcsarnokba, hogy bev\u00e1rhass\u00e1k a nagymam\u00e1t, aki m\u00e9g nem jutott \u00e1t a hat\u00e1ron.<\/p>\n<p><a title=\"\" rel=\"lightbox&#091;'g120558'&#093;\"><img decoding=\"async\" class=\"ckep\" src=\"https:\/\/www.magyarkurir.hu\/img1.php?id=120558&amp;v=1&amp;p=1&amp;img=c_AE6A5373.jpg\" alt=\"\" border=\"0\" \/><\/a><\/p>\n<p>Kicsi gyerekek eszegetnek k\u00f6r\u00fcl\u00f6tt\u00fcnk, \u00f6r\u00fclnek a most kapott j\u00e1t\u00e9koknak. Magukhoz szor\u00edtj\u00e1k, \u00f6lelik a kis mack\u00f3kat, bab\u00e1kat \u00e9s \u00e1llatk\u00e1kat.<\/p>\n<blockquote>\n<p>Az egyik kisfi\u00fa, tal\u00e1n \u00f6t\u00e9ves, szereti, ha fot\u00f3zz\u00e1k, s\u0151t, m\u00e9g t\u00e1ncol is nek\u00fcnk.<\/p>\n<\/blockquote>\n<p>Egy m\u00e1ltai f\u00e9rfi egy m\u00e1sik f\u00e9rfinak \u201eB\u00e9kess\u00e9g\u201d k\u00f6sz\u00f6n. Keresik a megold\u00e1st egy csal\u00e1d sz\u00e1m\u00e1ra, akik vissza akarnak menni Beregsz\u00e1szba, de nincsen \u00fatlevel\u00fck. Valahogyan be kell szerezni az okm\u00e1nyokat. \u201eM\u00e9g egy m\u00e1sik csapatot el kell sz\u00e1ll\u00edtanunk, de ut\u00e1na int\u00e9zz\u00fck az \u0151 dolgukat is\u201d \u2013 mondja a Reform\u00e1tus Szeretetszolg\u00e1lat felirat\u00fa kab\u00e1tot visel\u0151 f\u00e9rfi.<\/p>\n<p><a title=\"\" rel=\"lightbox&#091;'g120558'&#093;\"><img decoding=\"async\" class=\"ckep\" src=\"https:\/\/www.magyarkurir.hu\/img1.php?id=120558&amp;v=1&amp;p=1&amp;img=c_AE6A5678.jpg\" alt=\"\" border=\"0\" \/><\/a><\/p>\n<p>Sorra \u00e9rkeznek az udvarra a kisbuszok, elcsig\u00e1zott emberek sz\u00e1llnak ki bel\u0151l\u00fck. Egy \u00e9desapa a feles\u00e9g\u00e9vel, a nagyl\u00e1ny\u00e1val \u00e9s egy kisgyerekkel meg\u00e1ll, l\u00e1tszik, hogy t\u00f6bb napja nem alhattak, kiszolg\u00e1ltatottak. S\u00f6t\u00e9t ruh\u00e1ban vannak, kez\u00fckben n\u00e9h\u00e1ny csomag.<\/p>\n<blockquote>\n<p>Az asszony egyeztet a seg\u00edt\u0151vel, majd egyik pillanatr\u00f3l a m\u00e1sikra annak v\u00e1ll\u00e1ra borul, \u00e9s elkezd zokogni&#8230; Ugye, anya, nincs fiad, akit ott kellett hagynod?<\/p>\n<\/blockquote>\n<p>Ugye, nem ez\u00e9rt van \u00f6sszet\u00f6rve a sz\u00edved, mert ebbe belegondolni sem akarok \u2013 gondolom magamban, elfordulok, ezt n\u00e9zni sem lehet.<\/p>\n<p><a title=\"\" rel=\"lightbox&#091;'g120558'&#093;\"><img decoding=\"async\" class=\"ckep\" src=\"https:\/\/www.magyarkurir.hu\/img1.php?id=120558&amp;v=1&amp;p=1&amp;img=c_AE6A5862.jpg\" alt=\"\" border=\"0\" \/><\/a><\/p>\n<p>Egyre t\u00f6bb kisgyerek s\u00e9t\u00e1lgat pl\u00fcssj\u00e1t\u00e9kkal. \u00c9rdi fiatalokt\u00f3l kapt\u00e1k \u0151ket, akik a rengeteg gyerekj\u00e1t\u00e9k mellett hoztak pelenk\u00e1t, \u00e9lelmiszert, fogkef\u00e9t \u2013 amit csak lehetett. Egy fiatal f\u00e9rfi elmondja, hogy a Facebook-oldal\u00e1ra ki\u00edrta, sz\u00edvesen sz\u00e1ll\u00edtana a hat\u00e1rra adom\u00e1nyokat. M\u00e1sf\u00e9l nap alatt egy teheraut\u00f3nyi \u00e9s t\u00f6bb szem\u00e9lyaut\u00f3nyi \u00f6sszegy\u0171lt.<\/p>\n<p><a title=\"\" rel=\"lightbox&#091;'g120558'&#093;\"><img decoding=\"async\" class=\"ckep\" src=\"https:\/\/www.magyarkurir.hu\/img1.php?id=120558&amp;v=1&amp;p=1&amp;img=c_AE6A5535.jpg\" alt=\"\" border=\"0\" \/><\/a><\/p>\n<p>Az udvarra begurul egy nagy csal\u00e1di aut\u00f3. Olasz rendsz\u00e1ma van. S\u00fcrgetik, hogy menjen tov\u00e1bb, mert feltartja a hat\u00e1rr\u00f3l \u00e9rkez\u0151 kisbuszokat, amik egym\u00e1s ut\u00e1n sorakoznak, hogy behajthassanak. Az olasz f\u00e9rfi f\u00e9lreh\u00faz\u00f3dik, leparkol. Mellette egy fiatalabb f\u00e9rfi, az utast\u00e9r megt\u00f6mve adom\u00e1nyokkal. Ism\u00e9t egy olyan t\u00f6rt\u00e9net rajzol\u00f3dik ki el\u0151tt\u00fcnk, amivel nem szok\u00e1s a keleti orsz\u00e1ghat\u00e1ron tal\u00e1lkozni. A f\u00e9rfi angolul elmes\u00e9li nek\u00fcnk: \u201eA feles\u00e9gem ukr\u00e1n, a Com\u00f3i-t\u00f3n\u00e1l \u00e9l\u00fcnk r\u00e9g\u00f3ta. Az\u00e9rt j\u00f6tt\u00fcnk Beregsur\u00e1nyba, hogy a feles\u00e9gem b\u00e1tyj\u00e1nak a csal\u00e1dj\u00e1t kiments\u00fck hozz\u00e1nk. Kijevb\u0151l menek\u00fclnek, megbesz\u00e9lt\u00fck, hogy itt tal\u00e1lkozunk. A s\u00f3goromat persze nem engedik \u00e1t a hat\u00e1ron, mert magas, er\u0151s f\u00e9rfiember, de a feles\u00e9g\u00e9t \u00e9s a k\u00e9t gyereket elvissz\u00fck magukhoz.<\/p>\n<blockquote>\n<p>Az aut\u00f3t telepakoltuk, hogy ide\u00faton se j\u00f6jj\u00fcnk \u00fcresen.\u201d<\/p>\n<\/blockquote>\n<p><a title=\"\" rel=\"lightbox&#091;'g120558'&#093;\"><img decoding=\"async\" class=\"ckep\" src=\"https:\/\/www.magyarkurir.hu\/img1.php?id=120558&amp;v=1&amp;p=1&amp;img=c_AE6A5638.jpg\" alt=\"\" border=\"0\" \/><\/a><\/p>\n<p>A pavilonok mellett, az udvar oldal\u00e1ban egy kedves h\u00f6lgy v\u00e1rakozik csendben. Budapestr\u0151l \u00e9rkezett, az ismer\u0151sei Beregsz\u00e1szr\u00f3l indultak: egy nagymama az unok\u00e1j\u00e1val. \u201eMire le\u00e9rtek a hat\u00e1rhoz, fel tudtak sz\u00e1llni egy vonatra. Nem akarunk \u00fcres aut\u00f3val hazamenni, \u00edgy 2-3 f\u0151t sz\u00edvesen elsz\u00e1ll\u00edtan\u00e1nk. M\u00e1r regisztr\u00e1ltunk a pultn\u00e1l, v\u00e1rjuk, kit vigy\u00fcnk.\u201d<\/p>\n<p>Egy \u00f3r\u00e1ja sem vagyunk itt, egyre t\u00f6bben vannak az udvaron, menek\u00fcltek \u00e9s \u00f6nk\u00e9ntesek is.<\/p>\n<blockquote>\n<p>A szomsz\u00e9d orsz\u00e1gban puszt\u00edtanak, de itt csod\u00e1t \u00e9l\u00fcnk meg, annyian akarnak seg\u00edteni. M\u00e9gis j\u00f3k az emberek?<\/p>\n<\/blockquote>\n<p>Egy n\u00e9met f\u00e9rfi M\u00fcnchenb\u0151l nyitott arra, hogy n\u00e9gy embert mag\u00e1hoz sz\u00e1ll\u00edtson, tud nekik sz\u00e1ll\u00e1st is adni. Nem tartozik semmilyen szervezethez, egyszer\u0171en megindult a sz\u00edve az ukrajnai helyzeten.<\/p>\n<p>Egy fiatal magyar f\u00e9rfi egy ukr\u00e1n n\u0151 nev\u00e9t \u00edrta egy heveny\u00e9szett t\u00e1bl\u00e1ra \u00fagy, mint ahogyan a rept\u00e9ren szokt\u00e1k v\u00e1rni az ismeretlen vend\u00e9geket. K\u00e9t Facebook-csoportba tartozik, a \u201eSeg\u00edts\u00e9gny\u00fajt\u00e1s Ukrajn\u00e1nak\u201d \u00e9s az \u201eIngyen utaztatlak\u201d elnevez\u00e9s\u0171ekbe, akik ingyen fuvart biztos\u00edtanak a hat\u00e1ron \u00e1tjutottaknak.<\/p>\n<blockquote>\n<p>A legkisebb porszemnek tartja mag\u00e1t. A h\u00f6lgy, akit v\u00e1r, egy kisgyerekkel j\u00f6n, de sz\u00edvesen vinne m\u00e9g r\u00e1szorul\u00f3kat Budapestre, azt\u00e1n visszafordul, hogy m\u00e1sokat is sz\u00e1ll\u00edtson.<\/p>\n<\/blockquote>\n<p>\u201eA csoporttagok k\u00f6z\u00fcl sokan vid\u00e9kr\u0151l j\u00f6nnek, m\u00e1sok ak\u00e1r N\u00e9metorsz\u00e1gb\u00f3l. Ez a m\u00e1sodik fuvarom. El\u0151z\u0151leg a Keleti p\u00e1lyaudvarr\u00f3l sz\u00e1ll\u00edtottam a jamaicai bobcsapatot, akik Ukrajn\u00e1b\u00f3l menek\u00fcltek. Sokan p\u00e9nz\u00e9rt akarj\u00e1k elvinni a menek\u00fclteket, ak\u00e1r sz\u00e1zezer forintot is elk\u00e9rnek egy \u00fat\u00e9rt. Ezt megengedhetetlennek tartom ebben a helyzetben.\u201d Nem sokkal k\u00e9s\u0151bb felismerik egym\u00e1st a fiatal any\u00e1val, akinek a gyerek\u00e9t azonnal a karjaiba veszi, \u00e9s mennek tov\u00e1bb.<\/p>\n<p><a title=\"\" rel=\"lightbox&#091;'g120558'&#093;\"><img decoding=\"async\" class=\"ckep\" src=\"https:\/\/www.magyarkurir.hu\/img1.php?id=120558&amp;v=1&amp;p=1&amp;img=c_AE6A5789.jpg\" alt=\"\" border=\"0\" \/><\/a><\/p>\n<p>\u00c9szrevessz\u00fck, hogy orvos is van az \u00f6nk\u00e9ntesek k\u00f6z\u00f6tt. Sp\u00e1nyik Andr\u00e1s Budapestr\u0151l j\u00f6tt az Uzsoki \u00fati k\u00f3rh\u00e1z egyik oszt\u00e1lyvezet\u0151 f\u0151orvos\u00e1val, aki belgy\u00f3gy\u00e1szk\u00e9nt \u00e9s a s\u00fcrg\u0151ss\u00e9gi ell\u00e1t\u00e1sban is dolgozik. \u201e\u00dczemorvos, h\u00e1ziorvos \u00e9s pszichoterapeuta vagyok Budapesten \u2013 mondja a fiatal doktor. \u2013 A Medspot nev\u0171 csapatba tartozom, a M\u00e1ltai Szeretetszolg\u00e1latnak \u00e9s m\u00e1s szervezeteknek is biztos\u00edtunk orvosokat. A Covid alatt is sokszor \u00f6nk\u00e9nteskedt\u00fcnk a f\u0151\u00e1ll\u00e1s\u00fa munk\u00e1nk mellett. Itt 24 \u00f3r\u00e1s orvosi fel\u00fcgyelet biztos\u00edt\u00e1s\u00e1ra t\u00f6reksz\u00fcnk.\u201d A tisztif\u0151orvossal megegyeztek arr\u00f3l, hogy egy orvosi s\u00e1trat \u00e1ll\u00edtanak be hamarosan a kast\u00e9ly udvar\u00e1ra. \u201eA menek\u00fclteknek mindenf\u00e9le kr\u00f3nikus betegs\u00e9g\u00fck lehet, \u00e9s nem jutnak hozz\u00e1 az orvosi ell\u00e1t\u00e1shoz. Gondolom, lesz olyan, akinek elfogyott a gy\u00f3gyszere, felsz\u00f6k\u00f6tt a v\u00e9rnyom\u00e1sa, vagy rosszul van. A nagy stressz \u00e9s \u00e9rzelmi dr\u00e1ma, amin kereszt\u00fclmennek, mindenkinek felbor\u00edtja az eg\u00e9szs\u00e9gi \u00e1llapot\u00e1t.\u201d Sp\u00e1nyik Andr\u00e1s azt is elmondja, hogy pszichi\u00e1ter \u00e9s pszichol\u00f3gus koll\u00e9g\u00e1k is csatlakoznak hozz\u00e1juk nemsok\u00e1ra.<\/p>\n<p>Arra a k\u00e9rd\u00e9sre, mi\u00e9rt adja a fej\u00e9t egy orvos ilyen munk\u00e1ra, nem tud v\u00e1laszolni. \u201eEz olyan, mint a hivat\u00e1s: bel\u00fclr\u0151l j\u00f6n. Sokan vannak, akik eleve ilyenek. De az is igaz, hogy mindenkire hat\u00e1ssal van az agresszi\u00f3.<\/p>\n<blockquote>\n<p>A neh\u00e9z helyzetekkel akkor a legk\u00f6nnyebb megk\u00fczdeni, ha akt\u00edvan seg\u00edt\u00fcnk. Seg\u00edt\u00e9sbe ford\u00edtani a f\u00e9lelmet \u00e9s a szorong\u00e1st \u2013 enn\u00e9l nincs jobb megold\u00e1s.\u201d<\/p>\n<\/blockquote>\n<p>Forr\u00e1s : <a href=\"https:\/\/www.magyarkurir.hu\/hirek\/csoda-hataron-budapesttol-izraelig-erkeznek-onkentesek-segiteni?fbclid=IwAR3vMnTLTBYHfBNujFPUtLYhLpcssRyGv-UtUst1yAh1XKW8Y3vTsRSNGm8\">Magyar Kur\u00edr<\/a><\/p>\n<\/div>\n<\/div><\/div><\/div><\/div><\/div><div class=\"fusion-fullwidth fullwidth-box fusion-builder-row-2 fusion-flex-container fusion-parallax-none nonhundred-percent-fullwidth non-hundred-percent-height-scrolling\" style=\"--awb-border-sizes-top:0px;--awb-border-sizes-bottom:0px;--awb-border-sizes-left:0px;--awb-border-sizes-right:0px;--awb-border-radius-top-left:0px;--awb-border-radius-top-right:0px;--awb-border-radius-bottom-right:0px;--awb-border-radius-bottom-left:0px;--awb-padding-top:150px;--awb-padding-bottom:150px;--awb-background-image:url(&quot;https:\/\/karitaszeger.hu\/web\/wp-content\/uploads\/2021\/03\/segits-scaled.jpg&quot;);--awb-background-size:cover;--awb-flex-wrap:wrap;\" ><div class=\"fusion-builder-row fusion-row fusion-flex-align-items-flex-start fusion-flex-content-wrap\" style=\"max-width:calc( 1170px + 0px );margin-left: calc(-0px \/ 2 );margin-right: calc(-0px \/ 2 );\"><div class=\"fusion-layout-column fusion_builder_column fusion-builder-column-1 fusion_builder_column_1_1 1_1 fusion-flex-column\" style=\"--awb-padding-right:11%;--awb-padding-left:11%;--awb-bg-size:cover;--awb-width-large:100%;--awb-margin-top-large:0px;--awb-spacing-right-large:0px;--awb-margin-bottom-large:20px;--awb-spacing-left-large:0px;--awb-width-medium:100%;--awb-spacing-right-medium:0px;--awb-spacing-left-medium:0px;--awb-width-small:100%;--awb-spacing-right-small:0px;--awb-spacing-left-small:0px;\"><div class=\"fusion-column-wrapper fusion-flex-justify-content-flex-start fusion-content-layout-column\"><div class=\"fusion-title title fusion-title-1 fusion-sep-none fusion-title-center fusion-title-text fusion-title-size-two\" style=\"--awb-text-color:#ffffff;\"><h2 class=\"fusion-title-heading title-heading-center\" style=\"margin:0;line-height:1;\"><h2 class=\"piros kozepre\"><span style=\"color: #ffffff;\">AZ \u00d6N SEG\u00cdTS\u00c9G\u00c9RE\u00a0IS SZ\u00dcKS\u00c9G VAN!<\/span><\/h2>\n<div class=\"content\"><\/div><\/h2><\/div><div class=\"fusion-separator\" style=\"align-self: center;margin-left: auto;margin-right: auto;margin-top:0px;margin-bottom:40px;width:100%;max-width:200px;\"><div class=\"fusion-separator-border sep-single sep-solid\" style=\"--awb-height:20px;--awb-amount:20px;--awb-sep-color:#f44336;border-color:#f44336;border-top-width:3px;\"><\/div><\/div><div class=\"fusion-text fusion-text-2\"><h2 style=\"text-align: center;\"><span style=\"color: #ffffff;\"><strong>1356 \u2013 H\u00cdVJON, HOGY SEG\u00cdTHESS\u00dcNK!<\/strong><\/span><\/h2>\n<\/div><div class=\"fusion-builder-row fusion-builder-row-inner fusion-row fusion-flex-align-items-flex-start fusion-flex-content-wrap\" style=\"width:calc( 100% + 0px ) !important;max-width:calc( 100% + 0px ) !important;margin-left: calc(-0px \/ 2 );margin-right: calc(-0px \/ 2 );\"><div class=\"fusion-layout-column fusion_builder_column_inner fusion-builder-nested-column-0 fusion_builder_column_inner_1_3 1_3 fusion-flex-column\" style=\"--awb-bg-size:cover;--awb-width-large:33.333333333333%;--awb-margin-top-large:0px;--awb-spacing-right-large:0px;--awb-margin-bottom-large:20px;--awb-spacing-left-large:0px;--awb-width-medium:100%;--awb-order-medium:0;--awb-spacing-right-medium:0px;--awb-spacing-left-medium:0px;--awb-width-small:100%;--awb-order-small:0;--awb-spacing-right-small:0px;--awb-spacing-left-small:0px;\"><div class=\"fusion-column-wrapper fusion-column-has-shadow fusion-flex-justify-content-flex-start fusion-content-layout-column\"><\/div><\/div><div class=\"fusion-layout-column fusion_builder_column_inner fusion-builder-nested-column-1 fusion_builder_column_inner_1_3 1_3 fusion-flex-column fusion-animated\" style=\"--awb-bg-color:#f44336;--awb-bg-color-hover:#f44336;--awb-bg-size:cover;--awb-width-large:33.333333333333%;--awb-margin-top-large:0px;--awb-spacing-right-large:0px;--awb-margin-bottom-large:20px;--awb-spacing-left-large:0px;--awb-width-medium:100%;--awb-order-medium:0;--awb-spacing-right-medium:0px;--awb-spacing-left-medium:0px;--awb-width-small:100%;--awb-order-small:0;--awb-spacing-right-small:0px;--awb-spacing-left-small:0px;\" data-animationType=\"bounceInDown\" data-animationDuration=\"1.3\" data-animationOffset=\"top-into-view\"><div class=\"fusion-column-wrapper fusion-column-has-shadow fusion-flex-justify-content-flex-start fusion-content-layout-column\"><div style=\"text-align:center;\"><a class=\"fusion-button button-flat fusion-button-default-size button-custom fusion-button-default button-1 fusion-button-default-span fusion-button-default-type fusion-has-button-gradient\" style=\"--button_accent_color:#ffffff;--button_accent_hover_color:#f44336;--button_border_hover_color:#f44336;--button_border_width-top:0px;--button_border_width-right:0px;--button_border_width-bottom:0px;--button_border_width-left:0px;--button_gradient_top_color:rgba(254,201,107,0);--button_gradient_bottom_color:rgba(254,201,107,0);--button_gradient_top_color_hover:#ffffff;--button_gradient_bottom_color_hover:rgba(0,0,0,0);\" target=\"_self\" href=\"#\"><i class=\"fa-credit-card fas awb-button__icon awb-button__icon--default button-icon-left\" aria-hidden=\"true\"><\/i><span class=\"fusion-button-text awb-button__text awb-button__text--default\">ONLINE ADOM\u00c1NYOZ\u00c1S<\/span><\/a><\/div><\/div><\/div><div class=\"fusion-layout-column fusion_builder_column_inner fusion-builder-nested-column-2 fusion_builder_column_inner_1_3 1_3 fusion-flex-column\" style=\"--awb-bg-size:cover;--awb-width-large:33.333333333333%;--awb-margin-top-large:0px;--awb-spacing-right-large:0px;--awb-margin-bottom-large:20px;--awb-spacing-left-large:0px;--awb-width-medium:100%;--awb-order-medium:0;--awb-spacing-right-medium:0px;--awb-spacing-left-medium:0px;--awb-width-small:100%;--awb-order-small:0;--awb-spacing-right-small:0px;--awb-spacing-left-small:0px;\"><div class=\"fusion-column-wrapper fusion-column-has-shadow fusion-flex-justify-content-flex-start fusion-content-layout-column\"><\/div><\/div><\/div><\/div><\/div><\/div><\/div><\/p>\n","protected":false},"excerpt":{"rendered":"","protected":false},"author":3,"featured_media":4324,"comment_status":"open","ping_status":"open","sticky":false,"template":"","format":"standard","meta":{"footnotes":""},"categories":[107],"tags":[],"class_list":["post-4323","post","type-post","status-publish","format-standard","has-post-thumbnail","hentry","category-hirek"],"_links":{"self":[{"href":"https:\/\/karitaszeger.hu\/web\/wp-json\/wp\/v2\/posts\/4323","targetHints":{"allow":["GET"]}}],"collection":[{"href":"https:\/\/karitaszeger.hu\/web\/wp-json\/wp\/v2\/posts"}],"about":[{"href":"https:\/\/karitaszeger.hu\/web\/wp-json\/wp\/v2\/types\/post"}],"author":[{"embeddable":true,"href":"https:\/\/karitaszeger.hu\/web\/wp-json\/wp\/v2\/users\/3"}],"replies":[{"embeddable":true,"href":"https:\/\/karitaszeger.hu\/web\/wp-json\/wp\/v2\/comments?post=4323"}],"version-history":[{"count":1,"href":"https:\/\/karitaszeger.hu\/web\/wp-json\/wp\/v2\/posts\/4323\/revisions"}],"predecessor-version":[{"id":4325,"href":"https:\/\/karitaszeger.hu\/web\/wp-json\/wp\/v2\/posts\/4323\/revisions\/4325"}],"wp:featuredmedia":[{"embeddable":true,"href":"https:\/\/karitaszeger.hu\/web\/wp-json\/wp\/v2\/media\/4324"}],"wp:attachment":[{"href":"https:\/\/karitaszeger.hu\/web\/wp-json\/wp\/v2\/media?parent=4323"}],"wp:term":[{"taxonomy":"category","embeddable":true,"href":"https:\/\/karitaszeger.hu\/web\/wp-json\/wp\/v2\/categories?post=4323"},{"taxonomy":"post_tag","embeddable":true,"href":"https:\/\/karitaszeger.hu\/web\/wp-json\/wp\/v2\/tags?post=4323"}],"curies":[{"name":"wp","href":"https:\/\/api.w.org\/{rel}","templated":true}]}}