{"id":4326,"date":"2022-03-05T10:12:09","date_gmt":"2022-03-05T10:12:09","guid":{"rendered":"https:\/\/karitaszeger.hu\/web\/?p=4326"},"modified":"2022-04-01T10:13:56","modified_gmt":"2022-04-01T10:13:56","slug":"folyamatos-a-segitseg-a-gondviseles-mindent-elrendez-a-keletinel-is-ott-van-a-katolikus-karitasz","status":"publish","type":"post","link":"https:\/\/karitaszeger.hu\/web\/2022\/03\/05\/folyamatos-a-segitseg-a-gondviseles-mindent-elrendez-a-keletinel-is-ott-van-a-katolikus-karitasz\/","title":{"rendered":"Folyamatos a seg\u00edts\u00e9g, a Gondvisel\u00e9s mindent elrendez \u2013 A Keletin\u00e9l is ott van a Katolikus Karit\u00e1sz"},"content":{"rendered":"<p><div class=\"fusion-fullwidth fullwidth-box fusion-builder-row-1 fusion-flex-container nonhundred-percent-fullwidth non-hundred-percent-height-scrolling\" style=\"--awb-border-radius-top-left:0px;--awb-border-radius-top-right:0px;--awb-border-radius-bottom-right:0px;--awb-border-radius-bottom-left:0px;--awb-padding-bottom:30px;--awb-flex-wrap:wrap;\" ><div class=\"fusion-builder-row fusion-row fusion-flex-align-items-flex-start fusion-flex-content-wrap\" style=\"max-width:1216.8px;margin-left: calc(-4% \/ 2 );margin-right: calc(-4% \/ 2 );\"><div class=\"fusion-layout-column fusion_builder_column fusion-builder-column-0 fusion_builder_column_1_1 1_1 fusion-flex-column\" style=\"--awb-bg-size:cover;--awb-width-large:100%;--awb-margin-top-large:0px;--awb-spacing-right-large:1.92%;--awb-margin-bottom-large:0px;--awb-spacing-left-large:1.92%;--awb-width-medium:100%;--awb-spacing-right-medium:1.92%;--awb-spacing-left-medium:1.92%;--awb-width-small:100%;--awb-spacing-right-small:1.92%;--awb-spacing-left-small:1.92%;\"><div class=\"fusion-column-wrapper fusion-flex-justify-content-flex-start fusion-content-layout-column\"><div class=\"fusion-separator fusion-full-width-sep\" style=\"align-self: center;margin-left: auto;margin-right: auto;margin-bottom:10px;width:100%;\"><div class=\"fusion-separator-border sep-single\" style=\"--awb-height:20px;--awb-amount:20px;border-color:#e00000;border-top-width:1px;\"><\/div><\/div><div class=\"fusion-text fusion-text-1\" style=\"--awb-text-transform:none;\"><h3 class=\"lead\">M\u00e1rcius 5-\u00e9n d\u00e9lel\u0151tt napf\u00e9nyes, de h\u0171v\u00f6s id\u0151ben \u00e9rkez\u00fcnk Lambert Attila fot\u00f3s koll\u00e9g\u00e1mmal a Keleti p\u00e1lyaudvarhoz. A Baross t\u00e9rre ny\u00edl\u00f3 v\u00e1r\u00f3terem bej\u00e1rat\u00e1n\u00e1l tal\u00e1lhat\u00f3 a Katolikus Karit\u00e1sz s\u00e1tra. A pult m\u00f6g\u00f6tt piros mell\u00e9nyes munkat\u00e1rsak, \u00f6nk\u00e9ntesek, a pulton rengeteg adom\u00e1ny, \u00e1sv\u00e1nyvizes \u00fcvegek, kos\u00e1rban alma, konzervek, \u00e9dess\u00e9g, becsomagolt j\u00e1t\u00e9kok, tiszt\u00e1lkod\u00f3szerek.<\/h3>\n<div class=\"contentsav\">\n<p>Az \u00f6tgyermekes, pedag\u00f3gus v\u00e9gzetts\u00e9g\u0171 Szab\u00f3 Csaba, az Esztergom-Budapesti F\u0151egyh\u00e1zmegye Szent Erzs\u00e9bet Karit\u00e1sz K\u00f6zpont munkat\u00e1rsa elmondta:<\/p>\n<blockquote>\n<p>szerda \u00f3ta vannak kint, reggel nyolct\u00f3l este nyolcig.<\/p>\n<\/blockquote>\n<p>Azt, hogy mennyi menek\u00fclt \u00e9rkezett az\u00f3ta Ukrajn\u00e1b\u00f3l, neh\u00e9z megbecs\u00fclni, mert vannak, amikor csak l\u00e9zengenek (ottl\u00e9t\u00fcnkkor ez volt a helyzet), m\u00e1skor viszont nem l\u00e1tni \u00e1t a t\u00f6megen, de biztos, hogy t\u00f6bb ezer ember megfordult itt az elm\u00falt napokban.<\/p>\n<p><a title=\"\" rel=\"lightbox&#091;'g120570'&#093;\"><img decoding=\"async\" class=\"ckep\" src=\"https:\/\/www.magyarkurir.hu\/img1.php?id=120570&amp;v=1&amp;p=1&amp;img=c_IMG_9002.jpg\" alt=\"\" border=\"0\" \/><\/a><\/p>\n<p>Szab\u00f3 Csaba arra is kit\u00e9rt, hogy a Szent Erzs\u00e9bet Karit\u00e1sz K\u00f6zpontt\u00f3l egyszerre k\u00e9t-h\u00e1rom f\u0151 van jelen, de<\/p>\n<blockquote>\n<p>nagyon sok az \u00f6nk\u00e9ntes, r\u00e9giek \u00e9s \u00fajonnan j\u00f6ttek is. Ut\u00f3bbiak csak erre j\u00e1rnak, megk\u00e9rdezik, seg\u00edthetnek-e, a v\u00e1lasz term\u00e9szetesen az, hogy igen.<\/p>\n<\/blockquote>\n<p>Kapnak egy tunik\u00e1t, \u00e9s munk\u00e1hoz l\u00e1tnak, k\u00f6z\u00fcl\u00fck t\u00f6bben \u00f3r\u00e1kon kereszt\u00fcl dolgoznak, \u00e9tlen-szomjan. K\u00f6z\u00f6ss\u00e9gekb\u0151l, egyetemi szakkoll\u00e9giumokb\u00f3l is folyamatosan j\u00f6nnek fiatalok.<\/p>\n<p>Ha a menek\u00fcltek nyitottak r\u00e1, Szab\u00f3 Csaba \u00e9s munkat\u00e1rsai elbesz\u00e9lgetnek vel\u00fck. Lelkileg elkeseredettek, k\u00e9ts\u00e9gbeesettek, f\u00e9lnek, de \u00e9l benn\u00fck a rem\u00e9ny is. Ma d\u00e9lel\u0151tt itt volt egy anyuka, k\u00e9t kisgyermek\u00e9vel, mindny\u00e1jan s\u00edrtak, mert a gyerekek betegek voltak, h\u00e1l\u2019 Istennek t\u00f6bben is az \u00e9desanya seg\u00edts\u00e9g\u00e9re siettek, \u00edgy orvosi seg\u00edts\u00e9get is kaptak. Nagyon kev\u00e9s apa van, a h\u00e1bor\u00fa miatt.<\/p>\n<blockquote>\n<p>Nagy fok\u00fa a bizonytalans\u00e1g a magyar-ukr\u00e1n hat\u00e1ron \u00e1tl\u00e9p\u0151 menek\u00fcl\u0151kben, t\u00f6bben nem tudj\u00e1k, merre menjenek tov\u00e1bb, ezen pr\u00f3b\u00e1lnak seg\u00edteni a mentes\u00edt\u0151 j\u00e1ratokkal, melyek a Nyugati p\u00e1lyaudvarra viszik \u0151ket. A katasztr\u00f3fav\u00e9delem pedig a sz\u00e1ll\u00e1sukat int\u00e9zi, panzi\u00f3kban tal\u00e1lnak ideiglenes otthont, vagy pedig mag\u00e1ncsal\u00e1dokn\u00e1l. Senki nem marad seg\u00edts\u00e9g n\u00e9lk\u00fcl.<\/p>\n<\/blockquote>\n<p><a title=\"\" rel=\"lightbox&#091;'g120570'&#093;\"><img decoding=\"async\" class=\"ckep\" src=\"https:\/\/www.magyarkurir.hu\/img1.php?id=120570&amp;v=1&amp;p=1&amp;img=c_IMG_9010.jpg\" alt=\"\" border=\"0\" \/><\/a><\/p>\n<p>Besz\u00e9lget\u00e9s\u00fcnk k\u00f6zben most \u00e9rkezett menek\u00fcltekhez h\u00edvt\u00e1k Szab\u00f3 Csab\u00e1t. Kider\u00fclt, hogy egy fiatal ukr\u00e1n h\u00f6lgyet k\u00eds\u00e9rt hozz\u00e1 egy finn f\u00e9rfi, aki magyarul nem tud, de ukr\u00e1nul \u00e9s angolul is besz\u00e9l. A h\u00f6lgy szeretne Magyarorsz\u00e1gon maradni, \u00e9s dolgozni valamit. A Karit\u00e1sz \u00e9ppen tegnap kapott egy olyan kontaktot, aki pont ilyen szem\u00e9lyeknek ny\u00fajt sz\u00e1ll\u00e1st \u00e9s aj\u00e1nl fel j\u00f3 munkalehet\u0151s\u00e9geket is. \u00cdgy a h\u00f6lgyet ki tudt\u00e1k k\u00f6zvet\u00edteni a seg\u00edts\u00e9get felaj\u00e1nl\u00f3 szem\u00e9lynek.<\/p>\n<blockquote>\n<p>A lehet\u0151s\u00e9gek spont\u00e1n j\u00f6nnek, nem tervezhet\u0151 el\u0151re szinte semmi, sem az, hogy mennyi adom\u00e1ny \u00e9rkezik, sem az, hogy h\u00e1ny \u00f6nk\u00e9ntes jelentkezik, de folyamatosan \u00e9rkezik a seg\u00edts\u00e9g, a Gondvisel\u00e9s mindent elrendez.<\/p>\n<\/blockquote>\n<p><a title=\"\" rel=\"lightbox&#091;'g120570'&#093;\"><img decoding=\"async\" class=\"ckep\" src=\"https:\/\/www.magyarkurir.hu\/img1.php?id=120570&amp;v=1&amp;p=1&amp;img=c_IMG_9023.jpg\" alt=\"\" border=\"0\" \/><\/a><\/p>\n<p>J\u00f6nnek emberek, k\u00e9rdezik, mire van sz\u00fcks\u00e9g. El\u0151fordult, hogy reggel olyan sok szendvics\u00fck volt, hogy \u00e1tk\u00fcldt\u00e9k a Nyugati p\u00e1lyaudvarra, mondv\u00e1n, ott sokkal nagyobb sz\u00fcks\u00e9g\u00fck van \u00e9telre. N\u00e9h\u00e1ny \u00f3r\u00e1n bel\u00fcl azonban elfogyott a szendvics. Az itt \u00f6nk\u00e9ntesked\u0151 fiatalok be\u00edrt\u00e1k ezt a Facebook-csoportba, \u00e9s perceken bel\u00fcl j\u00f6ttek az emberek, hozt\u00e1k a szendvicseket. El\u0151fordult, hogy B\u00e9csb\u0151l, k\u00e9t, adom\u00e1nnyal tele kisteheraut\u00f3val \u00e9rkezett k\u00e9t fiatalember, \u00e9s amit nem tudtak letenni, elvitt\u00e9k a Karit\u00e1sz rakt\u00e1r\u00e1ba.<\/p>\n<blockquote>\n<p>Nagyon szeg\u00e9ny emberek is j\u00f6nnek, hoznak adom\u00e1nyokat, mindent elfogadunk t\u0151l\u00fck, mert tudjuk, hogy ez nekik is mennyire fontos \u2013 mondta Szab\u00f3 Csaba.<\/p>\n<\/blockquote>\n<p>\u00c9rz\u00e9keltetve az emberek seg\u00edt\u0151k\u00e9szs\u00e9g\u00e9t, megeml\u00edtette: b\u00e1r \u0151k is k\u00e9sz\u00fclnek, kilencven\u00f6t sz\u00e1zal\u00e9kban azokat az adom\u00e1nyokat adj\u00e1k oda a menek\u00fclteknek, amiket az emberek hoznak nekik napk\u00f6zben.<\/p>\n<p>Szab\u00f3 Csaba k\u00e9rd\u00e9s\u00fcnkre v\u00e1laszolva felid\u00e9zte, hogy n\u00e9gy \u00e9vet \u00e9lt a csal\u00e1dj\u00e1val kint Peruban, m\u00e9lyszeg\u00e9nys\u00e9gben teng\u0151d\u0151 emberekkel foglalkozott, itthon pedig neh\u00e9z k\u00f6r\u00fclm\u00e9nyek k\u00f6z\u00f6tt \u00e9l\u0151 cig\u00e1ny fiatalokkal, csal\u00e1dokkal dolgozik. Otthon van teh\u00e1t a mostanihoz hasonl\u00f3, seg\u00edt\u0151 helyzetek kezel\u00e9s\u00e9ben.<\/p>\n<p><a title=\"\" rel=\"lightbox&#091;'g120570'&#093;\"><img decoding=\"async\" class=\"ckep\" src=\"https:\/\/www.magyarkurir.hu\/img1.php?id=120570&amp;v=1&amp;p=1&amp;img=c_IMG_9083.jpg\" alt=\"\" border=\"0\" \/><\/a><\/p>\n<p>Megsz\u00f3laltattuk k\u00e9t l\u00e1ny\u00e1t is. Katalin k\u00f6z\u00e9piskol\u00e1s, Anna m\u00e9g \u00e1ltal\u00e1nosba j\u00e1r. Mindkett\u0151j\u00fcknek nagyon j\u00f3 \u00e9rz\u00e9s, hogy seg\u00edthetnek a menek\u00fcl\u0151knek, de az<\/p>\n<blockquote>\n<p>sz\u00edvszor\u00edt\u00f3, amikor l\u00e1tj\u00e1k a s\u00edr\u00f3, szomor\u00fa embereket, f\u0151leg n\u0151ket, mert b\u00e1r a gyermekeiket magukkal hozt\u00e1k, az apuk\u00e1k nem j\u00f6hettek vel\u00fck, mivel hadk\u00f6telesek.<\/p>\n<\/blockquote>\n<p>Az egyik \u00f6nk\u00e9ntes, a geogr\u00e1fus, jelenleg teol\u00f3gi\u00e1t tanul\u00f3 Homonnai Ferenc elmondta, belecs\u00f6ppent az \u00f6nk\u00e9ntesked\u00e9sbe. J\u00f3 bar\u00e1tok Szab\u00f3 Csab\u00e1val, aki eml\u00edtette, hogy seg\u00edts\u00e9gre lenne sz\u00fcks\u00e9g, nem baj, ha f\u00e9rfi az illet\u0151, mert itt n\u00e9ha rendet is kell tenni. El\u0151fordul ugyanis, hogy nem csup\u00e1n a val\u00f3ban r\u00e1szorul\u00f3 menek\u00fcltek j\u00f6nnek ide, hanem olyanok is, akik zs\u00e1km\u00e1nyk\u00e9nt tekintenek az adom\u00e1nyokra \u2013 a rend\u0151r\u00f6k k\u00f6zl\u00e9se szerint vannak, akik az itt \u00e1tvett adom\u00e1nyokat a vonat\u00e1llom\u00e1sokon \u00e1rulj\u00e1k p\u00e9nz\u00e9rt a val\u00f3di menek\u00fclteknek.<\/p>\n<p><a title=\"\" rel=\"lightbox&#091;'g120570'&#093;\"><img decoding=\"async\" class=\"ckep\" src=\"https:\/\/www.magyarkurir.hu\/img1.php?id=120570&amp;v=1&amp;p=1&amp;img=c_IMG_9067.jpg\" alt=\"\" border=\"0\" \/><\/a><\/p>\n<p>Homonnai Ferenc lesz\u00f6gezte: helyzet van, az embernek a lelkiismerete dikt\u00e1lja, hogy r\u00e9szt vegyen ebben, \u00e9s lehet\u0151s\u00e9geihez k\u00e9pest seg\u00edtsen. N\u00e9h\u00e1ny szendviccsel, \u00fatbaigaz\u00edt\u00e1ssal, hogy merre menjenek tov\u00e1bb, j\u00f3 sz\u00f3val. A menek\u00fcltek k\u00f6z\u00f6tt n\u00e9ha s\u00edr\u00f3 embert is l\u00e1tni, de a t\u00f6bbs\u00e9g m\u00e9gis bizakod\u00f3, mert itt m\u00e1r j\u00f3 helyen vannak. Sokan tov\u00e1bbmennek k\u00f6z\u00fcl\u00fck Nyugat-Eur\u00f3p\u00e1ba, illetve Lengyelorsz\u00e1gba vagy Csehorsz\u00e1gba. Innen, a Nyugatib\u00f3l vagy a N\u00e9pligetb\u0151l utaznak m\u00e1s orsz\u00e1gokba. Akik pedig maradnak, azokat n\u00e9h\u00e1ny napi budapesti tart\u00f3zkod\u00e1s ut\u00e1n a m\u00e1ltaiak \u00e1ltal l\u00e9trehozott, harmadik ker\u00fcleti sz\u00e1ll\u00e1sra ir\u00e1ny\u00edtj\u00e1k, \u00f6tvenf\u0151s helyr\u0151l van sz\u00f3. Vannak mag\u00e1nfelaj\u00e1nl\u00e1sok is.<\/p>\n<blockquote>\n<p>J\u00f3l \u00f6lt\u00f6z\u00f6tt pesti emberek j\u00f6nnek ide csak az\u00e9rt, hogy seg\u00edtsenek, t\u00e1rgyakkal, \u00e9lelemmel, esetleg sz\u00e1ll\u00e1ssal is. Az emberek lelkiismerete dikt\u00e1lja, hogy ezeken a nagyon neh\u00e9z helyzetbe ker\u00fclt embereken seg\u00edtsenek.<\/p>\n<\/blockquote>\n<p>Arra, hogy a menek\u00fcltekkel az \u00e1t\u00e9lt szenved\u00e9seikr\u0151l besz\u00e9lgessenek, nem nagyon jut id\u0151, de a l\u00e9nyeg, hogy itt bizalomra lelnek \u00e9s megnyugszanak, hogy v\u00e9gre biztons\u00e1gban vannak. Az \u00f6nk\u00e9ntes seg\u00edt\u0151 szavaib\u00f3l az is kider\u00fclt, hogy most m\u00e1r, az orosz front el\u0151rehalad\u00e1sa k\u00f6vetkezt\u00e9ben els\u0151sorban a K\u00e1rp\u00e1tokon t\u00fal \u00e9l\u0151 ukr\u00e1nok j\u00f6nnek, m\u00edg a k\u00e1rp\u00e1taljai magyarok egyre kevesebben.<\/p>\n<p><a title=\"\" rel=\"lightbox&#091;'g120570'&#093;\"><img decoding=\"async\" class=\"ckep\" src=\"https:\/\/www.magyarkurir.hu\/img1.php?id=120570&amp;v=1&amp;p=1&amp;img=c_IMG_9110.jpg\" alt=\"\" border=\"0\" \/><\/a><\/p>\n<p>Homonnai Ferenc nagyon rem\u00e9li, hogy hamar v\u00e9get \u00e9r a h\u00e1bor\u00fa, az orosz eln\u00f6k, Putyin v\u00e9g\u00fcl kivonul Ukrajn\u00e1b\u00f3l, \u00e9s ennek az \u00e1ra nem lesz t\u00fal dr\u00e1ga, vagyis nem k\u00e9nyszer\u00edtenek az ukr\u00e1nokra olyan kompromisszumokat, amiket egy\u00e9bk\u00e9nt nem fogadn\u00e1nak el. Mindez azonban val\u00f3sz\u00edn\u0171leg sok id\u0151be telik.<\/p>\n<p>K\u00f6zben meg\u00e9rkezik Horv\u00e1th Istv\u00e1n, a Budapest-\u00dajpest-Kertv\u00e1rosi Szent Istv\u00e1n-templom pl\u00e9b\u00e1niai korm\u00e1nyz\u00f3ja, \u00f6t \u00f6nk\u00e9ntes fiatallal, l\u00e1nyokkal, fi\u00fakkal vegyesen. Istv\u00e1n aty\u00e1t\u00f3l megtudjuk:<\/p>\n<blockquote>\n<p>amikor \u00e9rtes\u00fcltek arr\u00f3l, hogy a Katolikus Karit\u00e1sz orsz\u00e1gos szinten gy\u0171jt\u00e9st szervez az Ukrajn\u00e1b\u00f3l menek\u00fcl\u0151k r\u00e9sz\u00e9re, az \u0151 pl\u00e9b\u00e1ni\u00e1juk is csatlakozott ehhez.<\/p>\n<\/blockquote>\n<p>Az els\u0151 gondolatuk az volt, hogy elmennek a hat\u00e1rhoz, Barab\u00e1sra, \u00e1m a h\u00edrekb\u0151l kider\u00fclt, hogy ott m\u00e1r nagyon sokan vannak, de nyilv\u00e1n Budapesten is sz\u00fcks\u00e9g lehet seg\u00edts\u00e9gre. Horv\u00e1th Istv\u00e1n kommunik\u00e1lta ezt a fiatalok fel\u00e9, akik \u00f6r\u00f6mmel j\u00f6ttek, hogy seg\u00edtsenek, \u00f6r\u00f6m\u00f6t szerezve ezzel embert\u00e1rsaiknak.<\/p>\n<p>Az \u00fajpesti lelkip\u00e1sztor t\u00e9nyk\u00e9nt \u00e1llap\u00edtotta meg, hogy nagyon neh\u00e9z a helyzet, rengeteg a bizonytalans\u00e1g az emberekben. Az eddigi \u00e9let\u00fck teljesen felborult, nem tudj\u00e1k, nem tudjuk, mit hoz a holnap.<\/p>\n<p><a title=\"\" rel=\"lightbox&#091;'g120570'&#093;\"><img decoding=\"async\" class=\"ckep\" src=\"https:\/\/www.magyarkurir.hu\/img1.php?id=120570&amp;v=1&amp;p=1&amp;img=c_IMG_9128.jpg\" alt=\"\" border=\"0\" \/><\/a><\/p>\n<p>Term\u00e9szetesen b\u00edzunk benne, hogy hamarosan megk\u00f6tik a b\u00e9k\u00e9t a harcol\u00f3 felek, de azt m\u00e1r most egy\u00e9rtelm\u0171en l\u00e1tni, hogy hatalmas infl\u00e1ci\u00f3 lesz, a h\u00e1bor\u00fanak s\u00falyos k\u00f6vetkezm\u00e9nyei lesznek a magyar gazdas\u00e1gra is, nem k\u00f6nny\u0171 id\u0151knek n\u00e9z\u00fcnk el\u00e9be. A h\u00e1bor\u00fa \u00f6nmag\u00e1ban is rettenetes, nem hitt\u00fck volna, hogy kit\u00f6r. Nemcsak az \u00e9p\u00fcletek d\u0151lnek le, k\u00e1rosodnak, hanem nagyon sok \u00e1rtatlan ember halt meg m\u00e1r eddig is.<\/p>\n<blockquote>\n<p>A lelki hat\u00e1s k\u00f6vetkezm\u00e9nyeit pedig fel sem tudjuk m\u00e9rni, az any\u00e1k elj\u00f6nnek a gyerekeikkel, az ap\u00e1kat beh\u00edvj\u00e1k harcolni a seregbe, \u00f6sszed\u0151l az eg\u00e9sz eddigi \u00e9let\u00fck.<\/p>\n<\/blockquote>\n<p>Nem tudjuk, mi lesz mindenek a hossz\u00fa t\u00e1v\u00fa k\u00f6vetkezm\u00e9nye. Amit tudunk, megtesz\u00fcnk, \u00dajpesten is, befogadtunk menek\u00fclteket, de folyamatosan j\u00f6nnek, nem tudjuk, mi lesz vel\u00fck \u2013 sorolta a pl\u00e9b\u00e1niai korm\u00e1nyz\u00f3.<\/p>\n<p><a title=\"\" rel=\"lightbox&#091;'g120570'&#093;\"><img decoding=\"async\" class=\"ckep\" src=\"https:\/\/www.magyarkurir.hu\/img1.php?id=120570&amp;v=1&amp;p=1&amp;img=c_IMG_9150.jpg\" alt=\"\" border=\"0\" \/><\/a><\/p>\n<p>Azzal kapcsolatban, hogy az idei m\u00e1r a harmadik egym\u00e1s ut\u00e1ni nagyb\u00f6jt, amit eg\u00e9szen k\u00fcl\u00f6nleges k\u00f6r\u00fclm\u00e9nyek k\u00f6z\u00f6tt \u00e9l\u00fcnk meg, Istv\u00e1n atya kifejti: az \u00e9let\u00fcnkben mindig el\u0151fordulhatnak k\u00fcl\u00f6nleges, nem v\u00e1rt esem\u00e9nyek, de azt nem gondoltuk volna, hogy kit\u00f6rj\u00f6n egy ilyen h\u00e1bor\u00fa, r\u00e1ad\u00e1sul ennyire k\u00f6zel hozz\u00e1nk.<\/p>\n<blockquote>\n<p>Mit tehet\u00fcnk az adom\u00e1nyoz\u00e1son k\u00edv\u00fcl? Azt, amire Ferenc p\u00e1pa is figyelmeztetett benn\u00fcnket: b\u00f6jt\u00f6lj\u00fcnk, \u00e9s vegy\u00fck komolyan az im\u00e1ds\u00e1got.<\/p>\n<\/blockquote>\n<p>Ezzel nem csup\u00e1n a b\u00e9kess\u00e9g megval\u00f3sul\u00e1s\u00e1t seg\u00edthetj\u00fck el\u0151, hanem mi magunk is k\u00f6zel ker\u00fcl\u00fcnk Istenhez. Ott kell legyen benn\u00fcnk az a j\u00f6v\u0151k\u00e9p, hogy a mennyorsz\u00e1gba t\u00f6reksz\u00fcnk. Bizonytalan, hogyan alakul a j\u00f6v\u0151nk, de olyan \u00e9rtelemben \u00e9lj\u00fcnk a m\u00e1nak, hogy mindennap igyekezz\u00fcnk Isten orsz\u00e1g\u00e1t \u00e9p\u00edteni, a mostanihoz hasonl\u00f3 neh\u00e9zs\u00e9gek k\u00f6zepette is.<\/p>\n<p><a title=\"\" rel=\"lightbox&#091;'g120570'&#093;\"><img decoding=\"async\" class=\"ckep\" src=\"https:\/\/www.magyarkurir.hu\/img1.php?id=120570&amp;v=1&amp;p=1&amp;img=c_IMG_9147.jpg\" alt=\"\" border=\"0\" \/><\/a><\/p>\n<p>Az egyik \u00f6nk\u00e9ntes fiatal, Ferencz Gyula az ELTE-re j\u00e1r, gazd\u00e1lkod\u00e1s-menedzsment szakra. Kiemelte: j\u00f3l l\u00e1that\u00f3, hogy rengetegen ker\u00fcltek most bajba, egyik napr\u00f3l a m\u00e1sikra elvesztett\u00e9k az otthonukat, nem tehettek m\u00e1st, mint hogy \u00fatnak indultak, m\u00e9g akkor is, ha legt\u00f6bbj\u00fck nem tudja, mire sz\u00e1m\u00edthat. A j\u00f3 \u00e9rz\u00e9s ilyenkor azt mondatja az emberrel, hogy amit tud, abban seg\u00edtsen.<\/p>\n<blockquote>\n<p>Az ELTE hallgat\u00f3ja azt hitte, hogy Eur\u00f3pa meghaladta a h\u00e1bor\u00fakat.<\/p>\n<\/blockquote>\n<p>A Nyugat mindenk\u00e9ppen, de az oroszokkal is k\u00f6lcs\u00f6n\u00f6s tiszteletben \u00e9lt\u00fcnk egym\u00e1ssal, gazdas\u00e1gilag is j\u00f3 kapcsolatban az elm\u00falt \u00e9vekben. Ferencz Gyula nem l\u00e1tja vil\u00e1gosan, hogy mit akarnak az oroszok. Amit k\u00fcl\u00f6n\u00f6sen aggaszt\u00f3nak tart, az a bizalom \u00fajb\u00f3li megteremt\u00e9se, ez m\u00e9g az esetleges b\u00e9kek\u00f6t\u00e9s ut\u00e1n is \u201ebrut\u00e1l\u201d hossz\u00fa ideig eltarthat. A jelenlegi helyzetben \u0151 annyit tehet, hogy \u00f6nk\u00e9nteskedik \u00e9s tanul, k\u00e9sz\u00fcl a j\u00f6v\u0151re.<\/p>\n<p><a title=\"\" rel=\"lightbox&#091;'g120570'&#093;\"><img decoding=\"async\" class=\"ckep\" src=\"https:\/\/www.magyarkurir.hu\/img1.php?id=120570&amp;v=1&amp;p=1&amp;img=c_IMG_9160.jpg\" alt=\"\" border=\"0\" \/><\/a><\/p>\n<p>Mik\u00f6zben besz\u00e9lget\u00fcnk, k\u00e9rdez\u0151sk\u00f6d\u00fcnk, \u00fajabb \u00f6nk\u00e9ntes \u00e9rkezik, Sztankaninecz G\u00e1bor, aki a Szent Istv\u00e1n-bazilika karit\u00e1szcsoportj\u00e1ban \u00f6nk\u00e9nteskedik. Szavai szerint els\u0151sorban a katolikus hite h\u00edvta ide, k\u00fcl\u00f6n\u00f6s tekintettel a nagyb\u00f6jti k\u00e9sz\u00fcletre. Ez a h\u00e1bor\u00fas, rettenetesen neh\u00e9z helyzet k\u00fcl\u00f6n\u00f6sen alkalmas arra, hogy nagyb\u00f6jtben kicsit k\u00f6zelebb ker\u00fclj\u00fcnk az emberekhez.<\/p>\n<blockquote>\n<p>Karit\u00e1szosk\u00e9nt term\u00e9szetes sz\u00e1m\u00e1ra, hogy seg\u00edtsen, \u00e9s hiszi, visszakapjuk az adott seg\u00edts\u00e9get, hiszen oda-vissza m\u0171k\u00f6dik, ez a csod\u00e1latos kegyelem.<\/p>\n<\/blockquote>\n<p>Sztankaninecz G\u00e1bor maga is k\u00e1rp\u00e1taljai sz\u00e1rmaz\u00e1s\u00fa, \u00e9lnek ott rokonai, \u00e9s ez k\u00fcl\u00f6n\u00f6sen meg\u00e9rinti a sz\u00edv\u00e9t. K\u00f6teless\u00e9g\u00e9nek \u00e9rzi, hogy ahol tud, ott seg\u00edtsen. A l\u00e9nyeg, hogy seg\u00edts\u00fcnk az embereken, ha bajba ker\u00fclnek, f\u00fcggetlen\u00fcl a nemzetis\u00e9g\u00fckt\u0151l. A Szent\u00edr\u00e1sban is azt mondja az \u00dar, hogy mindenki a testv\u00e9r\u00fcnk.<\/p>\n<p><a title=\"\" rel=\"lightbox&#091;'g120570'&#093;\"><img decoding=\"async\" class=\"ckep\" src=\"https:\/\/www.magyarkurir.hu\/img1.php?id=120570&amp;v=1&amp;p=1&amp;img=c_IMG_9168.jpg\" alt=\"\" border=\"0\" \/><\/a><\/p>\n<p>Egy ukr\u00e1n anyuka a hat\u00e9ves kisl\u00e1ny\u00e1val \u00e9rkezett, egy Kijev mell\u0151li v\u00e1rosb\u00f3l. A f\u00e9rje elk\u00eds\u00e9rte \u0151ket a hat\u00e1rig, ott elb\u00facs\u00faztak, a csal\u00e1df\u0151 visszament fegyverrel harcolni a haz\u00e1j\u00e1\u00e9rt. Anya \u00e9s kisl\u00e1nya N\u00e9metorsz\u00e1gba mennek tov\u00e1bb, ahol bar\u00e1tok v\u00e1rj\u00e1k \u0151ket.<\/p>\n<blockquote>\n<p>A h\u00f6lgy elmondta azt is, az utols\u00f3 napokat \u00f3v\u00f3helyeken t\u00f6lt\u00f6tt\u00e9k, ha itt, Budapesten meghallja a rep\u00fcl\u0151g\u00e9p z\u00fag\u00e1s\u00e1t, \u00f6sszerezzen.<\/p>\n<\/blockquote>\n<p>Egy k\u00f6z\u00e9pkor\u00fa f\u00e9rfi pizz\u00e1t rendelt a Karit\u00e1sz \u00f6nk\u00e9nteseinek. Nagyon k\u00e9szs\u00e9ges volt, de nem j\u00e1rult hozz\u00e1 sem a fot\u00f3z\u00e1shoz, sem nev\u00e9nek le\u00edr\u00e1s\u00e1hoz. Annyit elmondott: erre j\u00e1rt, megl\u00e1tta az \u00f6nk\u00e9nteseket, ahogyan eg\u00e9sz nap f\u00e1radoznak a sz\u00fcks\u00e9gben szenved\u0151k\u00e9rt, itt, a hidegben, a huzatos p\u00e1lyaudvaron, lelkiismereti k\u00f6teless\u00e9g\u00e9nek \u00e9rezte, hogy megvend\u00e9gelje \u0151ket a frissen s\u00fct\u00f6tt, meleg \u00e9tellel.<\/p>\n<p><a title=\"\" rel=\"lightbox&#091;'g120570'&#093;\"><img decoding=\"async\" class=\"ckep\" src=\"https:\/\/www.magyarkurir.hu\/img1.php?id=120570&amp;v=1&amp;p=1&amp;img=c_IMG_9155.jpg\" alt=\"\" border=\"0\" \/><\/a><\/p>\n<p>E sorok \u00edr\u00f3ja \u00fagy \u00e9rzi mag\u00e1t kicsit, mint 1989 december\u00e9ben, amikor a rom\u00e1niai forradalom ut\u00e1n szinte az eg\u00e9sz orsz\u00e1g megmozdult, hogy seg\u00edtse az erd\u00e9lyi menek\u00fclteket. Val\u00f3sz\u00edn\u0171, hogy a h\u00e9tk\u00f6znapokban gyakran vagyunk \u00f6nz\u0151k, k\u00f6z\u00f6mb\u00f6sek, a f\u00e1jdalmakkal, szenved\u00e9sekkel szemben, de<\/p>\n<blockquote>\n<p>kr\u00edzishelyzetben t\u00e1rsadalmi m\u00e9retekben ny\u00edlnak meg a sz\u00edvek, az irgalom \u00e9s a szolidarit\u00e1s cselekedetekben mutatkozik meg.<\/p>\n<\/blockquote>\n<p>Forr\u00e1s: <a href=\"https:\/\/www.magyarkurir.hu\/hirek\/folyamatos-segitseg-gondviseles-mindent-elrendez-keletinel-is-ott-van-katolikus-karitasz?fbclid=IwAR1S1RJSZGbnG5TQEl4OnViuSIf98xDdD0wLa5quyxgvCRyee_f7qSyndRA\">Magyar Kur\u00edr<\/a><\/p>\n<\/div>\n<\/div><\/div><\/div><\/div><\/div><div class=\"fusion-fullwidth fullwidth-box fusion-builder-row-2 fusion-flex-container fusion-parallax-none nonhundred-percent-fullwidth non-hundred-percent-height-scrolling\" style=\"--awb-border-sizes-top:0px;--awb-border-sizes-bottom:0px;--awb-border-sizes-left:0px;--awb-border-sizes-right:0px;--awb-border-radius-top-left:0px;--awb-border-radius-top-right:0px;--awb-border-radius-bottom-right:0px;--awb-border-radius-bottom-left:0px;--awb-padding-top:150px;--awb-padding-bottom:150px;--awb-background-image:url(&quot;https:\/\/karitaszeger.hu\/web\/wp-content\/uploads\/2021\/03\/segits-scaled.jpg&quot;);--awb-background-size:cover;--awb-flex-wrap:wrap;\" ><div class=\"fusion-builder-row fusion-row fusion-flex-align-items-flex-start fusion-flex-content-wrap\" style=\"max-width:calc( 1170px + 0px );margin-left: calc(-0px \/ 2 );margin-right: calc(-0px \/ 2 );\"><div class=\"fusion-layout-column fusion_builder_column fusion-builder-column-1 fusion_builder_column_1_1 1_1 fusion-flex-column\" style=\"--awb-padding-right:11%;--awb-padding-left:11%;--awb-bg-size:cover;--awb-width-large:100%;--awb-margin-top-large:0px;--awb-spacing-right-large:0px;--awb-margin-bottom-large:20px;--awb-spacing-left-large:0px;--awb-width-medium:100%;--awb-spacing-right-medium:0px;--awb-spacing-left-medium:0px;--awb-width-small:100%;--awb-spacing-right-small:0px;--awb-spacing-left-small:0px;\"><div class=\"fusion-column-wrapper fusion-flex-justify-content-flex-start fusion-content-layout-column\"><div class=\"fusion-title title fusion-title-1 fusion-sep-none fusion-title-center fusion-title-text fusion-title-size-two\" style=\"--awb-text-color:#ffffff;\"><h2 class=\"fusion-title-heading title-heading-center\" style=\"margin:0;line-height:1;\"><h2 class=\"piros kozepre\"><span style=\"color: #ffffff;\">AZ \u00d6N SEG\u00cdTS\u00c9G\u00c9RE\u00a0IS SZ\u00dcKS\u00c9G VAN!<\/span><\/h2>\n<div class=\"content\"><\/div><\/h2><\/div><div class=\"fusion-separator\" style=\"align-self: center;margin-left: auto;margin-right: auto;margin-top:0px;margin-bottom:40px;width:100%;max-width:200px;\"><div class=\"fusion-separator-border sep-single sep-solid\" style=\"--awb-height:20px;--awb-amount:20px;--awb-sep-color:#f44336;border-color:#f44336;border-top-width:3px;\"><\/div><\/div><div class=\"fusion-text fusion-text-2\"><h2 style=\"text-align: center;\"><span style=\"color: #ffffff;\"><strong>1356 \u2013 H\u00cdVJON, HOGY SEG\u00cdTHESS\u00dcNK!<\/strong><\/span><\/h2>\n<\/div><div class=\"fusion-builder-row fusion-builder-row-inner fusion-row fusion-flex-align-items-flex-start fusion-flex-content-wrap\" style=\"width:calc( 100% + 0px ) !important;max-width:calc( 100% + 0px ) !important;margin-left: calc(-0px \/ 2 );margin-right: calc(-0px \/ 2 );\"><div class=\"fusion-layout-column fusion_builder_column_inner fusion-builder-nested-column-0 fusion_builder_column_inner_1_3 1_3 fusion-flex-column\" style=\"--awb-bg-size:cover;--awb-width-large:33.333333333333%;--awb-margin-top-large:0px;--awb-spacing-right-large:0px;--awb-margin-bottom-large:20px;--awb-spacing-left-large:0px;--awb-width-medium:100%;--awb-order-medium:0;--awb-spacing-right-medium:0px;--awb-spacing-left-medium:0px;--awb-width-small:100%;--awb-order-small:0;--awb-spacing-right-small:0px;--awb-spacing-left-small:0px;\"><div class=\"fusion-column-wrapper fusion-column-has-shadow fusion-flex-justify-content-flex-start fusion-content-layout-column\"><\/div><\/div><div class=\"fusion-layout-column fusion_builder_column_inner fusion-builder-nested-column-1 fusion_builder_column_inner_1_3 1_3 fusion-flex-column fusion-animated\" style=\"--awb-bg-color:#f44336;--awb-bg-color-hover:#f44336;--awb-bg-size:cover;--awb-width-large:33.333333333333%;--awb-margin-top-large:0px;--awb-spacing-right-large:0px;--awb-margin-bottom-large:20px;--awb-spacing-left-large:0px;--awb-width-medium:100%;--awb-order-medium:0;--awb-spacing-right-medium:0px;--awb-spacing-left-medium:0px;--awb-width-small:100%;--awb-order-small:0;--awb-spacing-right-small:0px;--awb-spacing-left-small:0px;\" data-animationType=\"bounceInDown\" data-animationDuration=\"1.3\" data-animationOffset=\"top-into-view\"><div class=\"fusion-column-wrapper fusion-column-has-shadow fusion-flex-justify-content-flex-start fusion-content-layout-column\"><div style=\"text-align:center;\"><a class=\"fusion-button button-flat fusion-button-default-size button-custom fusion-button-default button-1 fusion-button-default-span fusion-button-default-type fusion-has-button-gradient\" style=\"--button_accent_color:#ffffff;--button_accent_hover_color:#f44336;--button_border_hover_color:#f44336;--button_border_width-top:0px;--button_border_width-right:0px;--button_border_width-bottom:0px;--button_border_width-left:0px;--button_gradient_top_color:rgba(254,201,107,0);--button_gradient_bottom_color:rgba(254,201,107,0);--button_gradient_top_color_hover:#ffffff;--button_gradient_bottom_color_hover:rgba(0,0,0,0);\" target=\"_self\" href=\"#\"><i class=\"fa-credit-card fas awb-button__icon awb-button__icon--default button-icon-left\" aria-hidden=\"true\"><\/i><span class=\"fusion-button-text awb-button__text awb-button__text--default\">ONLINE ADOM\u00c1NYOZ\u00c1S<\/span><\/a><\/div><\/div><\/div><div class=\"fusion-layout-column fusion_builder_column_inner fusion-builder-nested-column-2 fusion_builder_column_inner_1_3 1_3 fusion-flex-column\" style=\"--awb-bg-size:cover;--awb-width-large:33.333333333333%;--awb-margin-top-large:0px;--awb-spacing-right-large:0px;--awb-margin-bottom-large:20px;--awb-spacing-left-large:0px;--awb-width-medium:100%;--awb-order-medium:0;--awb-spacing-right-medium:0px;--awb-spacing-left-medium:0px;--awb-width-small:100%;--awb-order-small:0;--awb-spacing-right-small:0px;--awb-spacing-left-small:0px;\"><div class=\"fusion-column-wrapper fusion-column-has-shadow fusion-flex-justify-content-flex-start fusion-content-layout-column\"><\/div><\/div><\/div><\/div><\/div><\/div><\/div><\/p>\n","protected":false},"excerpt":{"rendered":"","protected":false},"author":3,"featured_media":4327,"comment_status":"open","ping_status":"open","sticky":false,"template":"","format":"standard","meta":{"footnotes":""},"categories":[107],"tags":[],"class_list":["post-4326","post","type-post","status-publish","format-standard","has-post-thumbnail","hentry","category-hirek"],"_links":{"self":[{"href":"https:\/\/karitaszeger.hu\/web\/wp-json\/wp\/v2\/posts\/4326","targetHints":{"allow":["GET"]}}],"collection":[{"href":"https:\/\/karitaszeger.hu\/web\/wp-json\/wp\/v2\/posts"}],"about":[{"href":"https:\/\/karitaszeger.hu\/web\/wp-json\/wp\/v2\/types\/post"}],"author":[{"embeddable":true,"href":"https:\/\/karitaszeger.hu\/web\/wp-json\/wp\/v2\/users\/3"}],"replies":[{"embeddable":true,"href":"https:\/\/karitaszeger.hu\/web\/wp-json\/wp\/v2\/comments?post=4326"}],"version-history":[{"count":1,"href":"https:\/\/karitaszeger.hu\/web\/wp-json\/wp\/v2\/posts\/4326\/revisions"}],"predecessor-version":[{"id":4328,"href":"https:\/\/karitaszeger.hu\/web\/wp-json\/wp\/v2\/posts\/4326\/revisions\/4328"}],"wp:featuredmedia":[{"embeddable":true,"href":"https:\/\/karitaszeger.hu\/web\/wp-json\/wp\/v2\/media\/4327"}],"wp:attachment":[{"href":"https:\/\/karitaszeger.hu\/web\/wp-json\/wp\/v2\/media?parent=4326"}],"wp:term":[{"taxonomy":"category","embeddable":true,"href":"https:\/\/karitaszeger.hu\/web\/wp-json\/wp\/v2\/categories?post=4326"},{"taxonomy":"post_tag","embeddable":true,"href":"https:\/\/karitaszeger.hu\/web\/wp-json\/wp\/v2\/tags?post=4326"}],"curies":[{"name":"wp","href":"https:\/\/api.w.org\/{rel}","templated":true}]}}