{"id":4347,"date":"2022-03-09T10:23:51","date_gmt":"2022-03-09T10:23:51","guid":{"rendered":"https:\/\/karitaszeger.hu\/web\/?p=4347"},"modified":"2022-04-01T10:25:47","modified_gmt":"2022-04-01T10:25:47","slug":"nem-csak-nezoi-vagyunk-ennek-a-vilagnak-ferenc-papa-kovete-a-keleti-palyaudvarra-latogatott","status":"publish","type":"post","link":"https:\/\/karitaszeger.hu\/web\/2022\/03\/09\/nem-csak-nezoi-vagyunk-ennek-a-vilagnak-ferenc-papa-kovete-a-keleti-palyaudvarra-latogatott\/","title":{"rendered":"Nem csak n\u00e9z\u0151i vagyunk ennek a vil\u00e1gnak \u2013 Ferenc p\u00e1pa k\u00f6vete a Keleti p\u00e1lyaudvarra l\u00e1togatott"},"content":{"rendered":"<p><div class=\"fusion-fullwidth fullwidth-box fusion-builder-row-1 fusion-flex-container nonhundred-percent-fullwidth non-hundred-percent-height-scrolling\" style=\"--awb-border-radius-top-left:0px;--awb-border-radius-top-right:0px;--awb-border-radius-bottom-right:0px;--awb-border-radius-bottom-left:0px;--awb-padding-bottom:30px;--awb-flex-wrap:wrap;\" ><div class=\"fusion-builder-row fusion-row fusion-flex-align-items-flex-start fusion-flex-content-wrap\" style=\"max-width:1216.8px;margin-left: calc(-4% \/ 2 );margin-right: calc(-4% \/ 2 );\"><div class=\"fusion-layout-column fusion_builder_column fusion-builder-column-0 fusion_builder_column_1_1 1_1 fusion-flex-column\" style=\"--awb-bg-size:cover;--awb-width-large:100%;--awb-margin-top-large:0px;--awb-spacing-right-large:1.92%;--awb-margin-bottom-large:0px;--awb-spacing-left-large:1.92%;--awb-width-medium:100%;--awb-spacing-right-medium:1.92%;--awb-spacing-left-medium:1.92%;--awb-width-small:100%;--awb-spacing-right-small:1.92%;--awb-spacing-left-small:1.92%;\"><div class=\"fusion-column-wrapper fusion-flex-justify-content-flex-start fusion-content-layout-column\"><div class=\"fusion-separator fusion-full-width-sep\" style=\"align-self: center;margin-left: auto;margin-right: auto;margin-bottom:10px;width:100%;\"><div class=\"fusion-separator-border sep-single\" style=\"--awb-height:20px;--awb-amount:20px;border-color:#e00000;border-top-width:1px;\"><\/div><\/div><div class=\"fusion-text fusion-text-1\" style=\"--awb-text-transform:none;\"><h3 class=\"lead\">Michael Czerny SJ b\u00edboros, az \u00c1tfog\u00f3 Emberi Fejl\u0151d\u00e9s Dikaszt\u00e9rium\u00e1nak prefektusa m\u00e1rcius 8-\u00e1n meg\u00e9rkezett Magyarorsz\u00e1gra, hogy innen folytassa \u00fatj\u00e1t Ukrajna fel\u00e9, a p\u00e1pa szeretet\u00e9t \u00e9s \u00e1ld\u00e1s\u00e1t k\u00f6zvet\u00edtve. A Keleti p\u00e1lyaudvaron tal\u00e1lkoztunk vele, ahol ell\u00e1togatott a Katolikus Karit\u00e1sz \u00e9s a M\u00e1ltai Szeretetszolg\u00e1lat s\u00e1tr\u00e1hoz, \u00e9s k\u00f6rbej\u00e1rt a menek\u00fcl\u0151k \u00e9s az \u00f6nk\u00e9ntesek k\u00f6z\u00f6tt.<\/h3>\n<div class=\"contentsav\">\n<p>Csorba G\u00e1bor, a Szent Erzs\u00e9bet Karit\u00e1sz K\u00f6zpont igazgat\u00f3ja \u00e9s Morva Em\u00edlia, a Magyar M\u00e1ltai Szeretetszolg\u00e1lat k\u00f6z\u00e9p-magyarorsz\u00e1gi r\u00e9gi\u00f3vezet\u0151je mutatta be a b\u00edborosnak \u2013 akit Depaula Flavio \u00e9rseki titk\u00e1r k\u00eds\u00e9rt \u2013 a k\u00e9t nagy egyh\u00e1zi seg\u00e9lyszervezet szerte\u00e1gaz\u00f3 tev\u00e9kenys\u00e9g\u00e9t a menek\u00fcltek szolg\u00e1lat\u00e1ban.<\/p>\n<p><a title=\"\" rel=\"lightbox&#091;'g120639'&#093;\"><img decoding=\"async\" class=\"ckep\" src=\"https:\/\/www.magyarkurir.hu\/img1.php?id=120639&amp;v=1&amp;p=1&amp;img=c_AE6A6820.jpg\" alt=\"\" border=\"0\" \/><\/a><\/p>\n<p>A b\u00edboros viszonylag nyugalmas \u00f3r\u00e1ban, d\u00e9lben \u00e9rkezett a p\u00e1lyaudvarra, ahol a jegyp\u00e9nzt\u00e1r el\u0151tt hossz\u00fa sorokban \u00e1lltak a tov\u00e1bbutaz\u00f3k, m\u00e1sok csal\u00e1donk\u00e9nt letett\u00e9k csomagjaikat egy-egy oszlop vagy kordon mell\u00e9, pr\u00f3b\u00e1lt\u00e1k maguk k\u00f6r\u00fcl tartani a szaladg\u00e1l\u00f3 kisgyerekeket. A nagyobbak ink\u00e1bb belet\u00f6r\u0151d\u0151en v\u00e1rakoztak, f\u00e1radts\u00e1g \u00e9s szomor\u00fas\u00e1g uralkodott a termekben.<\/p>\n<blockquote>\n<p>A katolikus seg\u00e9lyszervezetek munk\u00e1j\u00e1nak megismer\u00e9s\u00e9t k\u00f6vet\u0151en Czerny b\u00edboros megn\u00e9zte a peronokat, ahov\u00e1 a vonatok \u00e9rkeztek \u2013 az \u00e9ppen akkorra v\u00e1rt vonat k\u00e9sett \u2013, majd k\u00f6rbej\u00e1rt, \u00e9s besz\u00e9lgetett a menek\u00fcl\u0151kkel.<\/p>\n<\/blockquote>\n<p><a title=\"\" rel=\"lightbox&#091;'g120639'&#093;\"><img decoding=\"async\" class=\"ckep\" src=\"https:\/\/www.magyarkurir.hu\/img1.php?id=120639&amp;v=1&amp;p=1&amp;img=c_AE6A7651.jpg\" alt=\"\" border=\"0\" \/><\/a><\/p>\n<p>Hosszan elid\u0151z\u00f6tt egy tizenegy f\u0151s csal\u00e1dn\u00e1l, n\u00e9gy feln\u0151tt n\u0151 \u00e9s h\u00e9t gyermek v\u00e1rakozott f\u00e1radtan, n\u00e9gynapos utaz\u00e1s ut\u00e1n a d\u00e9lut\u00e1n indul\u00f3 vonatra. Riminibe k\u00e9sz\u00fcltek, ahol m\u00e1r olasz \u00e1llampolg\u00e1rs\u00e1got kapott rokonuk v\u00e1rta \u0151ket. Elmes\u00e9lt\u00e9k, hogy Krivij Rihb\u0151l indultak el a n\u00e9gy napja, ahol tegnap kezdtek el bomb\u00e1zni az orosz csapatok.<\/p>\n<blockquote>\n<p>Tatjana, az egyik \u00e9desanya a k\u00e9t gyereken k\u00edv\u00fcl, akik k\u00f6z\u00fcl az egyik v\u00e9gig az anyuka nadr\u00e1gsz\u00e1r\u00e1ba kapaszkodott, egy vak kiscic\u00e1t is elhozott otthonr\u00f3l, a kapucnij\u00e1ban.<\/p>\n<\/blockquote>\n<p><a title=\"\" rel=\"lightbox&#091;'g120639'&#093;\"><img decoding=\"async\" class=\"ckep\" src=\"https:\/\/www.magyarkurir.hu\/img1.php?id=120639&amp;v=1&amp;p=1&amp;img=c_AE6A6665.jpg\" alt=\"\" border=\"0\" \/><\/a><\/p>\n<p>\u201eAhogyan a Szentatya vas\u00e1rnap az \u00darangyala im\u00e1ds\u00e1g alkalm\u00e1val is elmondta, <a href=\"https:\/\/www.magyarkurir.hu\/ferenc-papa\/ferenc-papa-ezekben-napokban-ket-biboros-ment-ukrajnaba-segiteni\" target=\"_blank\" rel=\"noopener\">k\u00e9t b\u00edborost k\u00fcld Ukrajn\u00e1ba<\/a>, hogy kifejezze k\u00f6zels\u00e9g\u00e9t a n\u00e9phez, aggodalm\u00e1t a h\u00e1bor\u00fa miatt.<\/p>\n<blockquote>\n<p>Nemcsak szavakban akarta ezt kifejezni, hanem jelenl\u00e9ttel is, konkr\u00e9t gesztussal. Ez\u00e9rt indultunk el, megtessz\u00fck, amit tudunk.<\/p>\n<\/blockquote>\n<p>\u00c9s ahogyan mondta, nemcsak az \u0151 im\u00e1ds\u00e1g\u00e1t hozzuk el, hanem Isten eg\u00e9sz n\u00e9p\u00e9nek im\u00e1ds\u00e1g\u00e1t\u201d \u2013 mondta el k\u00e9rd\u00e9s\u00fcnkre Czerny b\u00edboros.<\/p>\n<p><a title=\"\" rel=\"lightbox&#091;'g120639'&#093;\"><img decoding=\"async\" class=\"ckep\" src=\"https:\/\/www.magyarkurir.hu\/img1.php?id=120639&amp;v=1&amp;p=1&amp;img=c_AE6A7375.jpg\" alt=\"\" border=\"0\" \/><\/a><\/p>\n<p>A magyarorsz\u00e1gi helyzetr\u0151l, a menek\u00fcl\u0151k helyzet\u00e9r\u0151l sz\u00f3lva hangs\u00falyozta: \u201eM\u00e9ly benyom\u00e1st tett r\u00e1m, ahogyan reag\u00e1lnak itt a sz\u00fcks\u00e9ghelyzetre; sokan seg\u00edtenek. A helyzet Ukrajn\u00e1ban folyamatosan v\u00e1ltozik, mindent megtesz\u00fcnk, hogy meg\u00e9rts\u00fck, \u00e1tl\u00e1ssuk, mi zajlik.<\/p>\n<blockquote>\n<p>Nagyon agg\u00f3dunk az emberkereskedelem miatt, hiszen nagyon sok gyerek j\u00f6n \u00e1t a hat\u00e1ron, sok anyuka gyerekekkel, f\u00e9rj n\u00e9lk\u00fcl.<\/p>\n<\/blockquote>\n<p>Ezek az emberek vesz\u00e9lynek vannak kit\u00e9ve, nem annyira itt a v\u00e1rosban, ink\u00e1bb a hat\u00e1ron.\u201d<\/p>\n<p><a title=\"\" rel=\"lightbox&#091;'g120639'&#093;\"><img decoding=\"async\" class=\"ckep\" src=\"https:\/\/www.magyarkurir.hu\/img1.php?id=120639&amp;v=1&amp;p=1&amp;img=c_AE6A7617.jpg\" alt=\"\" border=\"0\" \/><\/a><\/p>\n<p>\u00c9s hogy mit tehetnek, mit kell tenni\u00fck a kereszt\u00e9nyeknek, a j\u00f3akarat\u00fa embereknek ebben a helyzetben? A b\u00edboros seg\u00edts\u00e9gad\u00e1sra \u00e9s \u00f6nvizsg\u00e1latra buzd\u00edtott: \u201eNagyb\u00f6jt van, fel kell tenn\u00fcnk magunknak a k\u00e9rd\u00e9st, hogy az \u00e9let\u00fcnkkel, a gondolkod\u00e1sunkkal, a tetteinkkel mit tesz\u00fcnk hozz\u00e1 mi magunk ahhoz, hogy h\u00e1bor\u00fas l\u00e9gk\u00f6r alakuljon ki.<\/p>\n<blockquote>\n<p>Nemcsak n\u00e9z\u0151i vagyunk ennek a vil\u00e1gnak, hanem tev\u00e9keny r\u00e9szesei. Ez neh\u00e9z k\u00e9rd\u00e9s: hogyan \u00e9l\u00fcnk, hogyan b\u00e1nunk egym\u00e1ssal, hogy ez lehets\u00e9ges?<\/p>\n<\/blockquote>\n<p>A helyzetre \u00fagy kell v\u00e1laszolnunk, hogy megmozgatunk minden lehets\u00e9ges eszk\u00f6zt, de egyben a sz\u00edv\u00fcnkkel is v\u00e1laszolnunk kell: nyitott sz\u00edvvel, t\u00e1rt karokkal. \u00c9s nem szabad megfeledkezn\u00fcnk arr\u00f3l sem, hogy sz\u00e1mos helye van m\u00e9g a vil\u00e1gnak, ahol nagyon sok a szenved\u00e9s, a konfliktus, nagy az er\u0151szak, fogyatkozik a rem\u00e9ny. A vil\u00e1gunknak meg kell tanulnia reag\u00e1lni, megold\u00e1st keresni sok helyzetre, nem csak erre.\u201d<\/p>\n<p><a title=\"\" rel=\"lightbox&#091;'g120639'&#093;\"><img decoding=\"async\" class=\"ckep\" src=\"https:\/\/www.magyarkurir.hu\/img1.php?id=120639&amp;v=1&amp;p=1&amp;img=c_AE6A7861.jpg\" alt=\"\" border=\"0\" \/><\/a><\/p>\n<blockquote>\n<p>Az \u00fatja tov\u00e1bbi r\u00e9sz\u00e9r\u0151l az \u00c1tfog\u00f3 Emberi Fejl\u0151d\u00e9s Dikaszt\u00e9rium\u00e1nak prefektusa annyit mondott, hogy m\u00e1snap elindul az ukr\u00e1n hat\u00e1rra, nyitott sz\u00edvvel, l\u00e9lekkel szeretne ott lenni.<\/p>\n<\/blockquote>\n<p>Forr\u00e1s: <a href=\"https:\/\/www.magyarkurir.hu\/hirek\/nem-csak-nezoi-vagyunk-ennek-vilagnak-ferenc-papa-kuldotte-keleti-palyaudvarra-latogatott?fbclid=IwAR22QYifpVzuAtbcPaD-o8o5C0dLwfpIMbUSTQE3twbWOOZv8jThZT_BQRs\">Magyar Kur\u00edr<\/a><\/p>\n<\/div>\n<\/div><\/div><\/div><\/div><\/div><div class=\"fusion-fullwidth fullwidth-box fusion-builder-row-2 fusion-flex-container fusion-parallax-none nonhundred-percent-fullwidth non-hundred-percent-height-scrolling\" style=\"--awb-border-sizes-top:0px;--awb-border-sizes-bottom:0px;--awb-border-sizes-left:0px;--awb-border-sizes-right:0px;--awb-border-radius-top-left:0px;--awb-border-radius-top-right:0px;--awb-border-radius-bottom-right:0px;--awb-border-radius-bottom-left:0px;--awb-padding-top:150px;--awb-padding-bottom:150px;--awb-background-image:url(&quot;https:\/\/karitaszeger.hu\/web\/wp-content\/uploads\/2021\/03\/segits-scaled.jpg&quot;);--awb-background-size:cover;--awb-flex-wrap:wrap;\" ><div class=\"fusion-builder-row fusion-row fusion-flex-align-items-flex-start fusion-flex-content-wrap\" style=\"max-width:calc( 1170px + 0px );margin-left: calc(-0px \/ 2 );margin-right: calc(-0px \/ 2 );\"><div class=\"fusion-layout-column fusion_builder_column fusion-builder-column-1 fusion_builder_column_1_1 1_1 fusion-flex-column\" style=\"--awb-padding-right:11%;--awb-padding-left:11%;--awb-bg-size:cover;--awb-width-large:100%;--awb-margin-top-large:0px;--awb-spacing-right-large:0px;--awb-margin-bottom-large:20px;--awb-spacing-left-large:0px;--awb-width-medium:100%;--awb-spacing-right-medium:0px;--awb-spacing-left-medium:0px;--awb-width-small:100%;--awb-spacing-right-small:0px;--awb-spacing-left-small:0px;\"><div class=\"fusion-column-wrapper fusion-flex-justify-content-flex-start fusion-content-layout-column\"><div class=\"fusion-title title fusion-title-1 fusion-sep-none fusion-title-center fusion-title-text fusion-title-size-two\" style=\"--awb-text-color:#ffffff;--awb-margin-top-small:0px;--awb-margin-right-small:0px;--awb-margin-bottom-small:20px;--awb-margin-left-small:0px;\"><h2 class=\"fusion-title-heading title-heading-center\" style=\"margin:0;line-height:1;\"><h2 class=\"piros kozepre\"><span style=\"color: #ffffff;\">AZ \u00d6N SEG\u00cdTS\u00c9G\u00c9RE\u00a0IS SZ\u00dcKS\u00c9G VAN!<\/span><\/h2>\n<div class=\"content\"><\/div><\/h2><\/div><div class=\"fusion-separator\" style=\"align-self: center;margin-left: auto;margin-right: auto;margin-top:0px;margin-bottom:40px;width:100%;max-width:200px;\"><div class=\"fusion-separator-border sep-single sep-solid\" style=\"--awb-height:20px;--awb-amount:20px;--awb-sep-color:#f44336;border-color:#f44336;border-top-width:3px;\"><\/div><\/div><div class=\"fusion-text fusion-text-2\"><h2 style=\"text-align: center;\"><span style=\"color: #ffffff;\"><strong>1356 \u2013 H\u00cdVJON, HOGY SEG\u00cdTHESS\u00dcNK!<\/strong><\/span><\/h2>\n<\/div><div class=\"fusion-builder-row fusion-builder-row-inner fusion-row fusion-flex-align-items-flex-start fusion-flex-content-wrap\" style=\"--awb-flex-grow:0;--awb-flex-grow-medium:0;--awb-flex-grow-small:0;--awb-flex-shrink:0;--awb-flex-shrink-medium:0;--awb-flex-shrink-small:0;width:calc( 100% + 0px ) !important;max-width:calc( 100% + 0px ) !important;margin-left: calc(-0px \/ 2 );margin-right: calc(-0px \/ 2 );\"><div class=\"fusion-layout-column fusion_builder_column_inner fusion-builder-nested-column-0 fusion_builder_column_inner_1_3 1_3 fusion-flex-column\" style=\"--awb-bg-size:cover;--awb-width-large:33.333333333333%;--awb-margin-top-large:0px;--awb-spacing-right-large:0px;--awb-margin-bottom-large:20px;--awb-spacing-left-large:0px;--awb-width-medium:100%;--awb-order-medium:0;--awb-spacing-right-medium:0px;--awb-spacing-left-medium:0px;--awb-width-small:100%;--awb-order-small:0;--awb-spacing-right-small:0px;--awb-spacing-left-small:0px;\"><div class=\"fusion-column-wrapper fusion-column-has-shadow fusion-flex-justify-content-flex-start fusion-content-layout-column\"><\/div><\/div><div class=\"fusion-layout-column fusion_builder_column_inner fusion-builder-nested-column-1 fusion_builder_column_inner_1_3 1_3 fusion-flex-column fusion-animated\" style=\"--awb-bg-color:#f44336;--awb-bg-color-hover:#f44336;--awb-bg-size:cover;--awb-width-large:33.333333333333%;--awb-margin-top-large:0px;--awb-spacing-right-large:0px;--awb-margin-bottom-large:20px;--awb-spacing-left-large:0px;--awb-width-medium:100%;--awb-order-medium:0;--awb-spacing-right-medium:0px;--awb-spacing-left-medium:0px;--awb-width-small:100%;--awb-order-small:0;--awb-spacing-right-small:0px;--awb-spacing-left-small:0px;\" data-animationType=\"bounceInDown\" data-animationDuration=\"1.3\" data-animationOffset=\"top-into-view\"><div class=\"fusion-column-wrapper fusion-column-has-shadow fusion-flex-justify-content-flex-start fusion-content-layout-column\"><div style=\"text-align:center;\"><a class=\"fusion-button button-flat fusion-button-default-size button-custom fusion-button-default button-1 fusion-button-default-span fusion-button-default-type fusion-has-button-gradient\" style=\"--button_accent_color:#ffffff;--button_accent_hover_color:#f44336;--button_border_hover_color:#f44336;--button_border_width-top:0px;--button_border_width-right:0px;--button_border_width-bottom:0px;--button_border_width-left:0px;--button_gradient_top_color:rgba(254,201,107,0);--button_gradient_bottom_color:rgba(254,201,107,0);--button_gradient_top_color_hover:#ffffff;--button_gradient_bottom_color_hover:rgba(0,0,0,0);\" target=\"_self\" href=\"#\"><i class=\"fa-credit-card fas awb-button__icon awb-button__icon--default button-icon-left\" aria-hidden=\"true\"><\/i><span class=\"fusion-button-text awb-button__text awb-button__text--default\">ONLINE ADOM\u00c1NYOZ\u00c1S<\/span><\/a><\/div><\/div><\/div><div class=\"fusion-layout-column fusion_builder_column_inner fusion-builder-nested-column-2 fusion_builder_column_inner_1_3 1_3 fusion-flex-column\" style=\"--awb-bg-size:cover;--awb-width-large:33.333333333333%;--awb-margin-top-large:0px;--awb-spacing-right-large:0px;--awb-margin-bottom-large:20px;--awb-spacing-left-large:0px;--awb-width-medium:100%;--awb-order-medium:0;--awb-spacing-right-medium:0px;--awb-spacing-left-medium:0px;--awb-width-small:100%;--awb-order-small:0;--awb-spacing-right-small:0px;--awb-spacing-left-small:0px;\"><div class=\"fusion-column-wrapper fusion-column-has-shadow fusion-flex-justify-content-flex-start fusion-content-layout-column\"><\/div><\/div><\/div><\/div><\/div><\/div><\/div><\/p>\n","protected":false},"excerpt":{"rendered":"","protected":false},"author":3,"featured_media":4348,"comment_status":"open","ping_status":"open","sticky":false,"template":"","format":"standard","meta":{"footnotes":""},"categories":[31],"tags":[],"class_list":["post-4347","post","type-post","status-publish","format-standard","has-post-thumbnail","hentry","category-activities"],"_links":{"self":[{"href":"https:\/\/karitaszeger.hu\/web\/wp-json\/wp\/v2\/posts\/4347","targetHints":{"allow":["GET"]}}],"collection":[{"href":"https:\/\/karitaszeger.hu\/web\/wp-json\/wp\/v2\/posts"}],"about":[{"href":"https:\/\/karitaszeger.hu\/web\/wp-json\/wp\/v2\/types\/post"}],"author":[{"embeddable":true,"href":"https:\/\/karitaszeger.hu\/web\/wp-json\/wp\/v2\/users\/3"}],"replies":[{"embeddable":true,"href":"https:\/\/karitaszeger.hu\/web\/wp-json\/wp\/v2\/comments?post=4347"}],"version-history":[{"count":1,"href":"https:\/\/karitaszeger.hu\/web\/wp-json\/wp\/v2\/posts\/4347\/revisions"}],"predecessor-version":[{"id":4349,"href":"https:\/\/karitaszeger.hu\/web\/wp-json\/wp\/v2\/posts\/4347\/revisions\/4349"}],"wp:featuredmedia":[{"embeddable":true,"href":"https:\/\/karitaszeger.hu\/web\/wp-json\/wp\/v2\/media\/4348"}],"wp:attachment":[{"href":"https:\/\/karitaszeger.hu\/web\/wp-json\/wp\/v2\/media?parent=4347"}],"wp:term":[{"taxonomy":"category","embeddable":true,"href":"https:\/\/karitaszeger.hu\/web\/wp-json\/wp\/v2\/categories?post=4347"},{"taxonomy":"post_tag","embeddable":true,"href":"https:\/\/karitaszeger.hu\/web\/wp-json\/wp\/v2\/tags?post=4347"}],"curies":[{"name":"wp","href":"https:\/\/api.w.org\/{rel}","templated":true}]}}