{"id":4355,"date":"2022-03-09T11:07:45","date_gmt":"2022-03-09T11:07:45","guid":{"rendered":"https:\/\/karitaszeger.hu\/web\/?p=4355"},"modified":"2022-04-01T11:12:21","modified_gmt":"2022-04-01T11:12:21","slug":"amit-krisztus-ker-nem-elvont-elkepzelesek-hanem-konkret-szeretet-ferenc-papa-kovete-barabason","status":"publish","type":"post","link":"https:\/\/karitaszeger.hu\/web\/2022\/03\/09\/amit-krisztus-ker-nem-elvont-elkepzelesek-hanem-konkret-szeretet-ferenc-papa-kovete-barabason\/","title":{"rendered":"Amit Krisztus k\u00e9r: nem elvont elk\u00e9pzel\u00e9sek, hanem konkr\u00e9t szeretet \u2013 Ferenc p\u00e1pa k\u00f6vete Barab\u00e1son"},"content":{"rendered":"<p><div class=\"fusion-fullwidth fullwidth-box fusion-builder-row-1 fusion-flex-container nonhundred-percent-fullwidth non-hundred-percent-height-scrolling\" style=\"--awb-border-radius-top-left:0px;--awb-border-radius-top-right:0px;--awb-border-radius-bottom-right:0px;--awb-border-radius-bottom-left:0px;--awb-padding-bottom:30px;--awb-flex-wrap:wrap;\" ><div class=\"fusion-builder-row fusion-row fusion-flex-align-items-flex-start fusion-flex-content-wrap\" style=\"max-width:1216.8px;margin-left: calc(-4% \/ 2 );margin-right: calc(-4% \/ 2 );\"><div class=\"fusion-layout-column fusion_builder_column fusion-builder-column-0 fusion_builder_column_1_1 1_1 fusion-flex-column\" style=\"--awb-bg-size:cover;--awb-width-large:100%;--awb-margin-top-large:0px;--awb-spacing-right-large:1.92%;--awb-margin-bottom-large:0px;--awb-spacing-left-large:1.92%;--awb-width-medium:100%;--awb-spacing-right-medium:1.92%;--awb-spacing-left-medium:1.92%;--awb-width-small:100%;--awb-spacing-right-small:1.92%;--awb-spacing-left-small:1.92%;\"><div class=\"fusion-column-wrapper fusion-flex-justify-content-flex-start fusion-content-layout-column\"><div class=\"fusion-separator fusion-full-width-sep\" style=\"align-self: center;margin-left: auto;margin-right: auto;margin-bottom:10px;width:100%;\"><div class=\"fusion-separator-border sep-single\" style=\"--awb-height:20px;--awb-amount:20px;border-color:#e00000;border-top-width:1px;\"><\/div><\/div><div class=\"fusion-text fusion-text-1\" style=\"--awb-text-transform:none;\"><div class=\"c-field-lead c-field-lead--article field field--type-text-long field--label-hidden field__item\">\n<p>M\u00e1rcius 9-\u00e9n Ferenc p\u00e1pa k\u00fcl\u00f6nleges k\u00f6vete, Michael Czerny b\u00edboros \u2013 T\u00f3th Tam\u00e1s, a Magyar Katolikus P\u00fcsp\u00f6ki Konferencia titk\u00e1ra k\u00eds\u00e9ret\u00e9ben \u2013 ell\u00e1togatott Barab\u00e1sra, a Katolikus Karit\u00e1sz seg\u00edts\u00e9gpontj\u00e1ra, ahol Solt\u00e9sz Mikl\u00f3s \u00e1llamtitk\u00e1r bemutatta, hogyan fogadj\u00e1k, l\u00e1tj\u00e1k el az \u00e9rkez\u0151 menek\u00fcl\u0151ket. Czerny b\u00edboros besz\u00e9lgetett vel\u00fck \u00e9s Ferenc p\u00e1pa \u00e1ld\u00e1s\u00e1t k\u00f6zvet\u00edtette.<\/p>\n<\/div>\n<div class=\"c-field-image c-field-image--article field field--type-image field--label-hidden field__item\"><img decoding=\"async\" class=\"image-style-content-width-770px-\" src=\"https:\/\/www.migorkat.hu\/sites\/default\/files\/styles\/content_width_770px_\/public\/2022-03\/img1.php_.jpg?itok=jpbm_st9\" alt=\"Czerny b\u00edboros, T\u00f3th Tam\u00e1s, Terny\u00e1k \u00e9rsek, Orosz Atan\u00e1z p\u00fcsp\u00f6k\" width=\"770\" height=\"628\" \/><\/div>\n<div class=\"c-body c-body--article field field--type-text-with-summary field--label-hidden field__item\">\n<p>Terny\u00e1k Csaba egri \u00e9rsek, Pal\u00e1nki Ferenc debrecen-ny\u00edregyh\u00e1zi p\u00fcsp\u00f6k, Szocska \u00c1bel ny\u00edregyh\u00e1zi, Orosz Atan\u00e1z miskolci g\u00f6r\u00f6gkatolikus p\u00fcsp\u00f6k\u00f6k; Sajg\u00f3 Szabolcs, a Jezsuita Menek\u00fcltszolg\u00e1lat vezet\u0151je \u00e9s \u00c9rszegi M\u00e1rk vall\u00e1sdiplom\u00e1ciai f\u0151tan\u00e1csad\u00f3 is csatlakoztak a l\u00e1togat\u00e1shoz.<\/p>\n<p>Czerny b\u00edboros \u2013 aki az \u00c1tfog\u00f3 Emberi Fejl\u0151d\u00e9s Dikaszt\u00e9rium\u00e1nak megb\u00edzott prefektusa \u2013 k\u00f6sz\u00f6nt\u00f6tte Solt\u00e9sz Mikl\u00f3st, a Minisztereln\u00f6ks\u00e9g egyh\u00e1zi \u00e9s nemzetis\u00e9gi kapcsolatok\u00e9rt felel\u0151s \u00e1llamtitk\u00e1r\u00e1t; az egyh\u00e1zi k\u00e9pvisel\u0151ket \u00e9s a Karit\u00e1sz munkat\u00e1rsait, majd a fogad\u00f3\u00e9p\u00fcletbe \u00e9rve \u00e9rdekl\u0151d\u00f6tt a menek\u00fcl\u0151kr\u0151l, hogyan \u00e9rkeznek, merre tartanak, milyen seg\u00edts\u00e9get aj\u00e1nlanak fel nekik, mennyi id\u0151re k\u00e9rhetnek mened\u00e9kjogot Magyarorsz\u00e1gon\u2026 K\u00fcl\u00f6nf\u00e9le csoportok \u00e9rkeznek, k\u00fcl\u00f6nf\u00e9le \u00fati c\u00e9lokkal, vagy teljes bizonytalans\u00e1gban. Aznap t\u00f6bbs\u00e9g\u00e9ben voltak azok, akik Izraelbe indultak k\u00fcl\u00f6nf\u00e9le zsid\u00f3 szervezetek seg\u00edts\u00e9g\u00e9vel, vagy N\u00e9metorsz\u00e1gba tartottak. A Karit\u00e1sz munkat\u00e1rsai besz\u00e9lgettek az \u00e9rkez\u0151kkel, t\u00e1j\u00e9koztatt\u00e1k \u0151ket a tov\u00e1bbindul\u00e1s lehet\u0151s\u00e9geir\u0151l.<\/p>\n<p><img decoding=\"async\" src=\"https:\/\/www.migorkat.hu\/sites\/default\/files\/inline-images\/csop.%20k%C3%A9p%20a%20b%C3%ADborossal.jpg\" alt=\"csoportk\u00e9p a b\u00edborossal\" data-entity-type=\"file\" data-entity-uuid=\"b78e4ec1-70f8-4444-a12a-4063103381d4\" \/><\/p>\n<p>A b\u00edboros k\u00f6rbej\u00e1rt az \u00e1gyak k\u00f6z\u00f6tt, ukr\u00e1n sz\u00e1rmaz\u00e1s\u00fa titk\u00e1ra seg\u00edts\u00e9g\u00e9vel elbesz\u00e9lgetett a meleged\u0151szoba vend\u00e9geivel, majd Ferenc p\u00e1pa \u00e1ld\u00e1s\u00e1t k\u00f6zvet\u00edtette fel\u00e9j\u00fck. \u201eAndate in pace!\u201d \u2013 \u201eMenjetek b\u00e9k\u00e9vel!\u201d \u2013 k\u00fcl\u00f6nleges er\u0151vel sz\u00f3lt az \u00e1ld\u00e1s v\u00e9g\u00e9n a b\u00facs\u00faz\u00e1s.<\/p>\n<p>Az udvaron meg\u00e1ldotta a Karit\u00e1sz munkat\u00e1rsait, \u00e9s Ferenc p\u00e1pa vas\u00e1rnapi besz\u00e9d\u00e9t id\u00e9zve az \u00fajs\u00e1g\u00edr\u00f3knak is megk\u00f6sz\u00f6nte fontos munk\u00e1jukat, a t\u00e1j\u00e9koztat\u00e1st.<\/p>\n<p>Czerny b\u00edboros aznapi tapasztalat\u00e1r\u00f3l a l\u00e1togat\u00e1s v\u00e9g\u00e9n a Magyar Kur\u00edr szerkeszt\u0151s\u00e9g\u00e9nek elmondta: \u201eNagyon megrend\u00edt\u0151 l\u00e1tni az \u00e9rkez\u0151ket, akik k\u00f6z\u00fcl vannak, akik m\u00e1r tudj\u00e1k, hov\u00e1 mennek, m\u00e1sok m\u00e9g nem. L\u00e1tjuk a sok embert, aki seg\u00edt nekik. Sz\u00e9p v\u00e1lasza ez az Egyh\u00e1znak: vel\u00fck lenni ebben a helyzetben.\u201d<\/p>\n<p><img decoding=\"async\" src=\"https:\/\/www.migorkat.hu\/sites\/default\/files\/inline-images\/Atan%C3%A1z%20p%C3%BCsp%C3%B6k_4.jpg\" alt=\"Atan\u00e1z p\u00fcsp\u00f6k a menhelyen\" data-entity-type=\"file\" data-entity-uuid=\"60749dcf-4ef8-4e58-8654-8892f4e1fab9\" \/><\/p>\n<p>Az irgalmas szamarit\u00e1nus \u00fatj\u00e1nak nevezte ezt, \u00e9s hozz\u00e1tette: \u201eKrisztus \u00e9ppen ezt akarta: nem szavakat, elvont elk\u00e9pzel\u00e9seket, hanem konkr\u00e9t szeretetet. Ez t\u00fckr\u00f6z\u0151dik abban, ahogy \u00e9tellel, alv\u00f3hellyel, lak\u00e1ssal seg\u00edtik az embereket.\u201d<\/p>\n<p>Ol\u00e1h Tam\u00e1s, a Ny\u00edregyh\u00e1zi Egyh\u00e1zmegyei Karit\u00e1sz igazgat\u00f3ja\u00a0 elmondta, hogy a barab\u00e1si az ukr\u00e1n\u2013magyar hat\u00e1r mellett kijel\u00f6lt \u00f6t seg\u00edts\u00e9gpont egyike, amelyet a Magyar Katolikus Karit\u00e1sz m\u0171k\u00f6dtet. Napi 24 \u00f3r\u00e1ban rendelkez\u00e9sre \u00e1llnak a menek\u00fcltek sz\u00e1m\u00e1ra, egy meleged\u0151ben biztos\u00edtanak nekik \u00e9telt, meleg italt \u00e9s ideiglenes elhelyez\u00e9st. Az \u00e9rkez\u0151k 95 sz\u00e1zal\u00e9ka tudja, hov\u00e1 szeretne eljutni, a Karit\u00e1sz munkat\u00e1rsai pedig igyekeznek seg\u00edteni abban, hogy tov\u00e1bb tudjanak indulni a c\u00e9ljuk fel\u00e9. Nagyon sok \u00f6nk\u00e9ntes sof\u0151r seg\u00edti a munk\u00e1jukat, vannak ukr\u00e1n tolm\u00e1csok is, a hat\u00e1ron t\u00falr\u00f3l \u00e9rkez\u0151 fiatalok nagy r\u00e9sze pedig tud angolul is. Most m\u00e1r t\u00e1volabbr\u00f3l is \u00e9rkeznek, Kijevb\u0151l, Harkivb\u00f3l, Odessz\u00e1b\u00f3l. Van, aki m\u00e1r egy hete \u00faton van. Nagyon elcsig\u00e1zottak, kiszolg\u00e1ltatottak.<\/p>\n<p>Barab\u00e1s polg\u00e1rmestere, Dar\u00f3czi G\u00e1bor a Karit\u00e1sz munkat\u00e1rsai rendelkez\u00e9s\u00e9re bocs\u00e1tott lak\u00e1sokat a telep\u00fcl\u00e9sen, \u00e9s az \u00f3vod\u00e1ban f\u0151znek nekik. \u0150 maga nagyon egy\u00fctt\u00e9rez a menek\u00fcl\u0151kkel, a feles\u00e9ge is a hat\u00e1ron t\u00falr\u00f3l sz\u00e1rmazik, sok rokonuk \u00e9l ott.<\/p>\n<p><img decoding=\"async\" src=\"https:\/\/www.migorkat.hu\/sites\/default\/files\/inline-images\/pp%20atya%20%C3%A9s%20a%20csapat.jpg\" alt=\"Atan\u00e1z p\u00fcsp\u00f6k \u00e9s a miskolci csapat\" data-entity-type=\"file\" data-entity-uuid=\"78aa0a1d-0d8d-43e2-8bcf-5b48f5617d2f\" \/><\/p>\n<p>A Miskolci Egyh\u00e1zmegyei Karit\u00e1sz igazgat\u00f3ja, Csejoszki Szabolcs atya k\u00f6zrem\u0171k\u00f6d\u00e9s\u00e9vel Debreceni Zolt\u00e1n, Gergely Tam\u00e1s \u00e9s Varga Csaba aty\u00e1k\u00a0 \u00f6nk\u00e9ntes munk\u00e1jukat aj\u00e1nlott\u00e1k f\u00f6l a menek\u00fcltek szolg\u00e1lat\u00e1ra.<\/p>\n<p>Forr\u00e1s: <a href=\"https:\/\/www.migorkat.hu\/hirek\/amit-krisztus-ker-nem-elvont-elkepzelesek-hanem-konkret-szeretet-ferenc-papa-kovete-barabason?fbclid=IwAR3Dz2gtK5Tl2djRcCMCDUZJ1KdcoiEsdlDLWUN_JXr0c0ol_SNqCoshZeU\">Magyar Kur\u00edr<\/a>, fot\u00f3k: Miskolci Egyh\u00e1zmegye<\/p>\n<\/div>\n<\/div><\/div><\/div><\/div><\/div><div class=\"fusion-fullwidth fullwidth-box fusion-builder-row-2 fusion-flex-container fusion-parallax-none nonhundred-percent-fullwidth non-hundred-percent-height-scrolling\" style=\"--awb-border-sizes-top:0px;--awb-border-sizes-bottom:0px;--awb-border-sizes-left:0px;--awb-border-sizes-right:0px;--awb-border-radius-top-left:0px;--awb-border-radius-top-right:0px;--awb-border-radius-bottom-right:0px;--awb-border-radius-bottom-left:0px;--awb-padding-top:150px;--awb-padding-bottom:150px;--awb-background-image:url(&quot;https:\/\/karitaszeger.hu\/web\/wp-content\/uploads\/2021\/03\/segits-scaled.jpg&quot;);--awb-background-size:cover;--awb-flex-wrap:wrap;\" ><div class=\"fusion-builder-row fusion-row fusion-flex-align-items-flex-start fusion-flex-content-wrap\" style=\"max-width:calc( 1170px + 0px );margin-left: calc(-0px \/ 2 );margin-right: calc(-0px \/ 2 );\"><div class=\"fusion-layout-column fusion_builder_column fusion-builder-column-1 fusion_builder_column_1_1 1_1 fusion-flex-column\" style=\"--awb-padding-right:11%;--awb-padding-left:11%;--awb-bg-size:cover;--awb-width-large:100%;--awb-margin-top-large:0px;--awb-spacing-right-large:0px;--awb-margin-bottom-large:20px;--awb-spacing-left-large:0px;--awb-width-medium:100%;--awb-spacing-right-medium:0px;--awb-spacing-left-medium:0px;--awb-width-small:100%;--awb-spacing-right-small:0px;--awb-spacing-left-small:0px;\"><div class=\"fusion-column-wrapper fusion-flex-justify-content-flex-start fusion-content-layout-column\"><div class=\"fusion-title title fusion-title-1 fusion-sep-none fusion-title-center fusion-title-text fusion-title-size-two\" style=\"--awb-text-color:#ffffff;--awb-margin-top-small:0px;--awb-margin-right-small:0px;--awb-margin-bottom-small:20px;--awb-margin-left-small:0px;\"><h2 class=\"fusion-title-heading title-heading-center\" style=\"margin:0;line-height:1;\"><h2 class=\"piros kozepre\"><span style=\"color: #ffffff;\">AZ \u00d6N SEG\u00cdTS\u00c9G\u00c9RE\u00a0IS SZ\u00dcKS\u00c9G VAN!<\/span><\/h2>\n<div class=\"content\"><\/div><\/h2><\/div><div class=\"fusion-separator\" style=\"align-self: center;margin-left: auto;margin-right: auto;margin-top:0px;margin-bottom:40px;width:100%;max-width:200px;\"><div class=\"fusion-separator-border sep-single sep-solid\" style=\"--awb-height:20px;--awb-amount:20px;--awb-sep-color:#f44336;border-color:#f44336;border-top-width:3px;\"><\/div><\/div><div class=\"fusion-text fusion-text-2\"><h2 style=\"text-align: center;\"><span style=\"color: #ffffff;\"><strong>1356 \u2013 H\u00cdVJON, HOGY SEG\u00cdTHESS\u00dcNK!<\/strong><\/span><\/h2>\n<\/div><div class=\"fusion-builder-row fusion-builder-row-inner fusion-row fusion-flex-align-items-flex-start fusion-flex-content-wrap\" style=\"--awb-flex-grow:0;--awb-flex-grow-medium:0;--awb-flex-grow-small:0;--awb-flex-shrink:0;--awb-flex-shrink-medium:0;--awb-flex-shrink-small:0;width:calc( 100% + 0px ) !important;max-width:calc( 100% + 0px ) !important;margin-left: calc(-0px \/ 2 );margin-right: calc(-0px \/ 2 );\"><div class=\"fusion-layout-column fusion_builder_column_inner fusion-builder-nested-column-0 fusion_builder_column_inner_1_3 1_3 fusion-flex-column\" style=\"--awb-bg-size:cover;--awb-width-large:33.333333333333%;--awb-margin-top-large:0px;--awb-spacing-right-large:0px;--awb-margin-bottom-large:20px;--awb-spacing-left-large:0px;--awb-width-medium:100%;--awb-order-medium:0;--awb-spacing-right-medium:0px;--awb-spacing-left-medium:0px;--awb-width-small:100%;--awb-order-small:0;--awb-spacing-right-small:0px;--awb-spacing-left-small:0px;\"><div class=\"fusion-column-wrapper fusion-column-has-shadow fusion-flex-justify-content-flex-start fusion-content-layout-column\"><\/div><\/div><div class=\"fusion-layout-column fusion_builder_column_inner fusion-builder-nested-column-1 fusion_builder_column_inner_1_3 1_3 fusion-flex-column fusion-animated\" style=\"--awb-bg-color:#f44336;--awb-bg-color-hover:#f44336;--awb-bg-size:cover;--awb-width-large:33.333333333333%;--awb-margin-top-large:0px;--awb-spacing-right-large:0px;--awb-margin-bottom-large:20px;--awb-spacing-left-large:0px;--awb-width-medium:100%;--awb-order-medium:0;--awb-spacing-right-medium:0px;--awb-spacing-left-medium:0px;--awb-width-small:100%;--awb-order-small:0;--awb-spacing-right-small:0px;--awb-spacing-left-small:0px;\" data-animationType=\"bounceInDown\" data-animationDuration=\"1.3\" data-animationOffset=\"top-into-view\"><div class=\"fusion-column-wrapper fusion-column-has-shadow fusion-flex-justify-content-flex-start fusion-content-layout-column\"><div style=\"text-align:center;\"><a class=\"fusion-button button-flat fusion-button-default-size button-custom fusion-button-default button-1 fusion-button-default-span fusion-button-default-type fusion-has-button-gradient\" style=\"--button_accent_color:#ffffff;--button_accent_hover_color:#f44336;--button_border_hover_color:#f44336;--button_border_width-top:0px;--button_border_width-right:0px;--button_border_width-bottom:0px;--button_border_width-left:0px;--button_gradient_top_color:rgba(254,201,107,0);--button_gradient_bottom_color:rgba(254,201,107,0);--button_gradient_top_color_hover:#ffffff;--button_gradient_bottom_color_hover:rgba(0,0,0,0);\" target=\"_self\" href=\"#\"><i class=\"fa-credit-card fas awb-button__icon awb-button__icon--default button-icon-left\" aria-hidden=\"true\"><\/i><span class=\"fusion-button-text awb-button__text awb-button__text--default\">ONLINE ADOM\u00c1NYOZ\u00c1S<\/span><\/a><\/div><\/div><\/div><div class=\"fusion-layout-column fusion_builder_column_inner fusion-builder-nested-column-2 fusion_builder_column_inner_1_3 1_3 fusion-flex-column\" style=\"--awb-bg-size:cover;--awb-width-large:33.333333333333%;--awb-margin-top-large:0px;--awb-spacing-right-large:0px;--awb-margin-bottom-large:20px;--awb-spacing-left-large:0px;--awb-width-medium:100%;--awb-order-medium:0;--awb-spacing-right-medium:0px;--awb-spacing-left-medium:0px;--awb-width-small:100%;--awb-order-small:0;--awb-spacing-right-small:0px;--awb-spacing-left-small:0px;\"><div class=\"fusion-column-wrapper fusion-column-has-shadow fusion-flex-justify-content-flex-start fusion-content-layout-column\"><\/div><\/div><\/div><\/div><\/div><\/div><\/div><\/p>\n","protected":false},"excerpt":{"rendered":"","protected":false},"author":3,"featured_media":4356,"comment_status":"open","ping_status":"open","sticky":false,"template":"","format":"standard","meta":{"footnotes":""},"categories":[107],"tags":[],"class_list":["post-4355","post","type-post","status-publish","format-standard","has-post-thumbnail","hentry","category-hirek"],"_links":{"self":[{"href":"https:\/\/karitaszeger.hu\/web\/wp-json\/wp\/v2\/posts\/4355","targetHints":{"allow":["GET"]}}],"collection":[{"href":"https:\/\/karitaszeger.hu\/web\/wp-json\/wp\/v2\/posts"}],"about":[{"href":"https:\/\/karitaszeger.hu\/web\/wp-json\/wp\/v2\/types\/post"}],"author":[{"embeddable":true,"href":"https:\/\/karitaszeger.hu\/web\/wp-json\/wp\/v2\/users\/3"}],"replies":[{"embeddable":true,"href":"https:\/\/karitaszeger.hu\/web\/wp-json\/wp\/v2\/comments?post=4355"}],"version-history":[{"count":2,"href":"https:\/\/karitaszeger.hu\/web\/wp-json\/wp\/v2\/posts\/4355\/revisions"}],"predecessor-version":[{"id":4358,"href":"https:\/\/karitaszeger.hu\/web\/wp-json\/wp\/v2\/posts\/4355\/revisions\/4358"}],"wp:featuredmedia":[{"embeddable":true,"href":"https:\/\/karitaszeger.hu\/web\/wp-json\/wp\/v2\/media\/4356"}],"wp:attachment":[{"href":"https:\/\/karitaszeger.hu\/web\/wp-json\/wp\/v2\/media?parent=4355"}],"wp:term":[{"taxonomy":"category","embeddable":true,"href":"https:\/\/karitaszeger.hu\/web\/wp-json\/wp\/v2\/categories?post=4355"},{"taxonomy":"post_tag","embeddable":true,"href":"https:\/\/karitaszeger.hu\/web\/wp-json\/wp\/v2\/tags?post=4355"}],"curies":[{"name":"wp","href":"https:\/\/api.w.org\/{rel}","templated":true}]}}