{"id":4374,"date":"2022-03-11T12:00:31","date_gmt":"2022-03-11T12:00:31","guid":{"rendered":"https:\/\/karitaszeger.hu\/web\/?p=4374"},"modified":"2022-04-01T12:02:31","modified_gmt":"2022-04-01T12:02:31","slug":"az-ingyenkonyhak-sem-maradnak-magukra-karpataljara-vitt-segelyszallitmanyt-a-katolikus-karitasz","status":"publish","type":"post","link":"https:\/\/karitaszeger.hu\/web\/2022\/03\/11\/az-ingyenkonyhak-sem-maradnak-magukra-karpataljara-vitt-segelyszallitmanyt-a-katolikus-karitasz\/","title":{"rendered":"Az ingyenkonyh\u00e1k sem maradnak magukra \u2013 K\u00e1rp\u00e1talj\u00e1ra vitt seg\u00e9lysz\u00e1ll\u00edtm\u00e1nyt a Katolikus Karit\u00e1sz"},"content":{"rendered":"<p><div class=\"fusion-fullwidth fullwidth-box fusion-builder-row-1 fusion-flex-container nonhundred-percent-fullwidth non-hundred-percent-height-scrolling\" style=\"--awb-border-radius-top-left:0px;--awb-border-radius-top-right:0px;--awb-border-radius-bottom-right:0px;--awb-border-radius-bottom-left:0px;--awb-padding-bottom:30px;--awb-flex-wrap:wrap;\" ><div class=\"fusion-builder-row fusion-row fusion-flex-align-items-flex-start fusion-flex-content-wrap\" style=\"max-width:1216.8px;margin-left: calc(-4% \/ 2 );margin-right: calc(-4% \/ 2 );\"><div class=\"fusion-layout-column fusion_builder_column fusion-builder-column-0 fusion_builder_column_1_1 1_1 fusion-flex-column\" style=\"--awb-bg-size:cover;--awb-width-large:100%;--awb-margin-top-large:0px;--awb-spacing-right-large:1.92%;--awb-margin-bottom-large:0px;--awb-spacing-left-large:1.92%;--awb-width-medium:100%;--awb-spacing-right-medium:1.92%;--awb-spacing-left-medium:1.92%;--awb-width-small:100%;--awb-spacing-right-small:1.92%;--awb-spacing-left-small:1.92%;\"><div class=\"fusion-column-wrapper fusion-flex-justify-content-flex-start fusion-content-layout-column\"><div class=\"fusion-separator fusion-full-width-sep\" style=\"align-self: center;margin-left: auto;margin-right: auto;margin-bottom:10px;width:100%;\"><div class=\"fusion-separator-border sep-single\" style=\"--awb-height:20px;--awb-amount:20px;border-color:#e00000;border-top-width:1px;\"><\/div><\/div><div class=\"fusion-text fusion-text-1\" style=\"--awb-text-transform:none;\"><h3 class=\"lead\">A menek\u00fcl\u0151k \u00e1radata legut\u00f3bbi l\u00e1togat\u00e1sunk \u00f3ta nem cs\u00f6kkent az ukr\u00e1n\u2013magyar hat\u00e1ron. Barab\u00e1son a Katolikus Karit\u00e1sz ha lehet, m\u00e9g nagyobb er\u0151kkel \u00e1ll helyt. M\u00e1rcius 9-\u00e9n, miut\u00e1n Michael Czerny b\u00edboros, Ferenc p\u00e1pa k\u00fcl\u00f6nleges k\u00f6vete megl\u00e1togatta a seg\u00edt\u0151pontot, \u00c9csy G\u00e1bor karit\u00e1szigazgat\u00f3val egy\u00fctt indultunk egy sz\u00e1ll\u00edtm\u00e1nnyal a seg\u00e9lyszervezet munk\u00e1csi k\u00f6zpontj\u00e1ba. Riportunkat olvashatj\u00e1k.<\/h3>\n<div class=\"contentsav\">\n<p>Barab\u00e1sra egyszerre \u00e9rkezt\u00fcnk egy kijevi csoportot sz\u00e1ll\u00edt\u00f3 busszal. Egy id\u0151s asszony im\u00e1ra kulcsolt k\u00e9zzel mond k\u00f6sz\u00f6netet a befogad\u00e1suk\u00e9rt:<\/p>\n<blockquote>\n<p>Testv\u00e9rek el\u0151l menek\u00fclt\u00fcnk el, idegenek fogadnak be.<\/p>\n<\/blockquote>\n<p>Lebomb\u00e1zt\u00e1k a h\u00e1zunkat, az unok\u00e1mat nem engedt\u00e9k \u00e1t \u2013 mondja s\u00edrva. Csak akkor nyugszik meg, amikor l\u00e1nya azzal a h\u00edrrel j\u00f6n vissza, r\u00f6gt\u00f6n tov\u00e1bb tudnak utazni Budapest fel\u00e9.<\/p>\n<p><a title=\"\" rel=\"lightbox&#091;'g120716'&#093;\"><img decoding=\"async\" class=\"ckep\" src=\"https:\/\/www.magyarkurir.hu\/img1.php?id=120716&amp;v=1&amp;p=1&amp;img=c_AE6A8355.jpg\" alt=\"\" border=\"0\" \/><\/a><\/p>\n<p>Mi is b\u00facs\u00fazunk a Karit\u00e1sz \u00f6nk\u00e9nteseit\u0151l, indulunk \u00c9csy G\u00e1bor aty\u00e1val Beregsz\u00e1sz fel\u00e9 egy sz\u00e1ll\u00edtm\u00e1nnyal. A hat\u00e1ron gyorsan \u00e1tjutunk, k\u00f6sz\u00f6nhet\u0151en a Karit\u00e1sz igazgat\u00f3j\u00e1nak. Az ukr\u00e1n oldalr\u00f3l k\u00edgy\u00f3z\u00f3 kocsisor v\u00e1rakozik. Kaszony hat\u00e1r\u00e1ban G\u00e1bor atya meg\u00e1ll egy r\u00f6gt\u00f6nz\u00f6tt s\u00e1torn\u00e1l.<\/p>\n<blockquote>\n<p>\u201eElfogadnak egy kis \u00e9lelmiszert?\u201d \u2013 k\u00e9rdezi az asszonyokat, akik az \u00e1tjut\u00e1sra v\u00e1rakoz\u00f3knak k\u00edn\u00e1lnak \u00e9telt-italt. \u201eKit\u0151l?\u201d \u2013 k\u00e9rdeznek vissza. \u201eA J\u00f3istent\u0151l\u201d \u2013 kapj\u00e1k meg a v\u00e1laszt.<\/p>\n<\/blockquote>\n<p><a title=\"\" rel=\"lightbox&#091;'g120716'&#093;\"><img decoding=\"async\" class=\"ckep\" src=\"https:\/\/www.magyarkurir.hu\/img1.php?id=120716&amp;v=1&amp;p=1&amp;img=c_AE6A8438.jpg\" alt=\"\" border=\"0\" \/><\/a><\/p>\n<p>Kipakolunk kekszet, dobozos \u00fcd\u00edt\u0151t. Az egyik seg\u00edt\u0151, Zsuzsa, a b\u00e9k\u00e1nyi iskol\u00e1ban dolgozik. \u201e90 gyerekb\u0151l jelenleg 50 maradt, de mi rem\u00e9lj\u00fck, visszaj\u00f6nnek. Nincs tan\u00edt\u00e1s, az iskola \u00e9p\u00fclet\u00e9ben menek\u00fcl\u0151ket helyezt\u00fcnk el\u201d \u2013 mondja. P\u00e1r perc m\u00falva megy\u00fcnk tov\u00e1bb, a transzporter m\u00e9g tele \u00e9lelmiszerrel.<\/p>\n<p><a title=\"\" rel=\"lightbox&#091;'g120716'&#093;\"><img decoding=\"async\" class=\"ckep\" src=\"https:\/\/www.magyarkurir.hu\/img1.php?id=120716&amp;v=1&amp;p=1&amp;img=c_AE6A8475.jpg\" alt=\"\" border=\"0\" \/><\/a><\/p>\n<p>Az els\u0151 c\u00e9lpont Beregsz\u00e1sz. Kopogunk a P\u00e1sztor L\u00e1szl\u00f3 K\u00f6z\u00f6ss\u00e9gi\u00a0 \u00e9s Zar\u00e1ndokh\u00e1z ajtaj\u00e1n. B\u00e1r hideg sz\u00e9l f\u00faj, az udvaron egy csapat gyerek focizik. Az udvarmester feles\u00e9ge nyit ajt\u00f3t. Invit\u00e1l befel\u00e9, k\u00e1v\u00e9t k\u00edn\u00e1l. Az \u00e9p\u00fclet most \u00fcres, az egyik asztalon derely\u00e9k sorakoznak. Megtudjuk, hogy a a szomsz\u00e9dos sz\u00e1llod\u00e1ba folyamatosan \u00e9rkeznek gyerekek. \u201eMost is vannak k\u00f6zel \u00f6tvenen, a legfiatalabb 14 h\u00f3napos\u201d\u00a0\u2013 mes\u00e9li az asszony. B\u00fcszke a derely\u00e9kre, egy\u00fctt k\u00e9sz\u00edtett\u00e9k a 10\u201314 \u00e9ves gyerekekkel. \u201eMaguk aj\u00e1nlkoztak, hogy seg\u00edtenek. Ez lesz a vacsora, \u00e9s olyan sok k\u00e9sz\u00fclt, hogy a katon\u00e1knak is tudunk vinni a hat\u00e1rra.\u201d<\/p>\n<p><a title=\"\" rel=\"lightbox&#091;'g120716'&#093;\"><img decoding=\"async\" class=\"ckep\" src=\"https:\/\/www.magyarkurir.hu\/img1.php?id=120716&amp;v=1&amp;p=1&amp;img=c_AE6A8518.jpg\" alt=\"\" border=\"0\" \/><\/a><\/p>\n<blockquote>\n<p>Az asszony szeme k\u00f6nnyes.\u00a0\u201eNem a f\u00e1rads\u00e1g, nem a munka a neh\u00e9z, azt f\u00e1jdalmas l\u00e1tni, hogy mennyi gyerek van itt. Nekem is van egy t\u00edz- \u00e9s egy n\u00e9gy\u00e9ves unok\u00e1m.<\/p>\n<\/blockquote>\n<p>\u00dagy \u00e9rzem, k\u00f6teless\u00e9gem, hogy helyt \u00e1lljak. Mi is megtehetn\u00e9nk, hogy vessz\u00fck a c\u00f3km\u00f3kot, \u00e9s megy\u00fcnk, de a J\u00f3isten ide rendelt, pr\u00f3b\u00e1lok a v\u00e9gs\u0151kig kitartani. Nem hagyhatjuk az ingyenkonyh\u00e1t, az \u00f6regeket.<\/p>\n<blockquote>\n<p>Naponta meg\u00e1ll egy-egy ismer\u0151s az ajt\u00f3 el\u0151tt. Elpanaszolja, hogy elment minden csal\u00e1dtagja. Enni k\u00e9r. Kihez kopogjon, ha elmegyek?\u201d<\/p>\n<\/blockquote>\n<p><a title=\"\" rel=\"lightbox&#091;'g120716'&#093;\"><img decoding=\"async\" class=\"ckep\" src=\"https:\/\/www.magyarkurir.hu\/img1.php?id=120716&amp;v=1&amp;p=1&amp;img=c_AE6A8555.jpg\" alt=\"\" border=\"0\" \/><\/a><\/p>\n<p>Elmondja, az k\u00fcl\u00f6n\u00f6sen f\u00e1j\u00f3, hogy gyerekek j\u00f6nnek. \u201eNem tudj\u00e1k, mi\u00e9rt vannak itt, hova mennek. \u00dagy t\u0171nik, j\u00f3l \u00e9rzik magukat, elvannak a maguk vil\u00e1g\u00e1ban. A nagyobbak m\u00e1r ink\u00e1bb felfogj\u00e1k, mi t\u00f6rt\u00e9nik. A sz\u00fcl\u0151nek \u00e9s nek\u00fcnk is er\u0151snek kell lenni, hogy ne s\u00edrjunk, ami neh\u00e9z. Megviseli az ember lelk\u00e9t, hogy csal\u00e1dok sz\u00e9tszakad\u00e1s\u00e1t l\u00e1tja. Sokszor az apa hozza a feles\u00e9g\u00e9t a gyerekkel, \u0151 pedig fordul vissza. Nem tud, de nem is akar menni.\u201d<\/p>\n<p>Ebben a helyzetben \u00e1ltal\u00e1nos, hogy az id\u0151sek k\u00fcldik a fiatalokat. Tudj\u00e1k, hogy nekik menni kell. Ennek ellen\u00e9re sokan v\u00e1rakoznak Beregsz\u00e1szban, v\u00e1rj\u00e1k, h\u00e1tha vissza tudnak menni. Elk\u00f6sz\u00f6n\u00fcnk vend\u00e9gl\u00e1t\u00f3nkt\u00f3l, megy\u00fcnk tov\u00e1bb Munk\u00e1csra.<\/p>\n<p><a title=\"\" rel=\"lightbox&#091;'g120716'&#093;\"><img decoding=\"async\" class=\"ckep\" src=\"https:\/\/www.magyarkurir.hu\/img1.php?id=120716&amp;v=1&amp;p=1&amp;img=c_AE6A8532.jpg\" alt=\"\" border=\"0\" \/><\/a><\/p>\n<p>A Karit\u00e1sz sz\u00e1mos telep\u00fcl\u00e9sen tart fenn ingyenkonyh\u00e1t. B\u00e9keid\u0151ben is \u00f3ri\u00e1si sz\u00fcks\u00e9g van arra, hogy id\u0151seknek eb\u00e9det f\u0151zzenek. Most ez hatv\u00e1nyozottan fontos, mert sok id\u0151s ember maradt mag\u00e1ra.<\/p>\n<blockquote>\n<p>Az ingyenkonyh\u00e1k \u00e9lelmiszerrel val\u00f3 ell\u00e1t\u00e1sa a Karit\u00e1sz gondja, a 14 nap alatt t\u00edz tehersz\u00e1ll\u00edtm\u00e1nnyal hoztak \u2013 mondja \u00c9csy G\u00e1bor.<\/p>\n<\/blockquote>\n<p><a title=\"\" rel=\"lightbox&#091;'g120716'&#093;\"><img decoding=\"async\" class=\"ckep\" src=\"https:\/\/www.magyarkurir.hu\/img1.php?id=120716&amp;v=1&amp;p=1&amp;img=c_AE6A9610.jpg\" alt=\"\" border=\"0\" \/><\/a><\/p>\n<p>A m\u00e1sodik \u00e1llom\u00e1s teh\u00e1t Munk\u00e1cs. Abban a szerencs\u00e9ben van r\u00e9sz\u00fcnk, hogy egy\u00fctt utazhatunk Lucsok Mikl\u00f3s p\u00fcsp\u00f6kkel, a Munk\u00e1csi R\u00f3mai Katolikus Egyh\u00e1zmegye apostoli korm\u00e1nyz\u00f3j\u00e1val, aki<a href=\"https:\/\/www.magyarkurir.hu\/hirek\/-ferenc-papa-kozelseget-hozom-hozzatok-felekezetek-egyutt-fogadtak-czerny-biboros-beregszaszban\" target=\"_blank\" rel=\"noopener\"> \u00e9ppen most tal\u00e1lkozott Michael Czerny b\u00edborossal <\/a>Beregsz\u00e1szon.<\/p>\n<blockquote>\n<p>\u201eMeg\u00e9rezhettem ebben a tal\u00e1lkoz\u00e1sban a Szentsz\u00e9k egy\u00fctt\u00e9rz\u00e9s\u00e9nek, figyelm\u00e9nek fizikai val\u00f3s\u00e1g\u00e1t\u201d \u2013 a p\u00fcsp\u00f6k arr\u00f3l besz\u00e9lt, mennyire sokat jelentett neki, hogy a b\u00edboros Ferenc p\u00e1pa k\u00f6zels\u00e9g\u00e9t hozta el l\u00e1togat\u00e1s\u00e1val.<\/p>\n<\/blockquote>\n<p>Elmondta, \u00e9let\u00fcket teljesen a h\u00e1bor\u00fa t\u00f6lti ki. Feladatr\u00f3l feladatra \u00e9lnek, hiszen K\u00e1rp\u00e1talj\u00e1n jelenleg sz\u00e1zezer menek\u00fclt van. Az \u00f6sszes k\u00f6z\u00f6ss\u00e9gi, rekollekci\u00f3s h\u00e1zat, iskol\u00e1t \u0151k t\u00f6ltik meg. A befogadottak seg\u00edt\u00e9se, ell\u00e1t\u00e1sa mellett a f\u0151p\u00e1sztor legnagyobb gondja, hogy lelki t\u00e1mogat\u00e1st ny\u00fajtson. \u201eAz \u00e1t\u00e9lt f\u00e1jdalom egyes\u00edtett minket. Megtiszt\u00edt. Megt\u00e9r\u00e9sben, m\u00e9ly kapcsolatban vagyunk Istennel. Szeretettel teljesek vagyunk. Munkat\u00e1rsaink teljesen beleadj\u00e1k magukat a szolg\u00e1latba.\u201d<\/p>\n<p><a title=\"\" rel=\"lightbox&#091;'g120716'&#093;\"><img decoding=\"async\" class=\"ckep\" src=\"https:\/\/www.magyarkurir.hu\/img1.php?id=120716&amp;v=1&amp;p=1&amp;img=c_AE6A9697.jpg\" alt=\"\" border=\"0\" \/><\/a><\/p>\n<p>Val\u00f3ban \u00edgy van: a Karit\u00e1sz \u00e9p\u00fclete el\u0151tt k\u00e9t kamasz fi\u00fa v\u00e1r minket, pakolni j\u00f6ttek. K\u00f6zel egy \u00f3r\u00e1t cipekednek, rendezik a csomagokat. N\u00e9h\u00e1ny napra felt\u00f6lt\u00f6tt\u00e9k a munk\u00e1csi ingyenkonyha rakt\u00e1r\u00e1t. Az aut\u00f3 m\u00e1r indul is tov\u00e1bb.<\/p>\n<p>\u00c9csy G\u00e1bor aty\u00e1val m\u00e9g egy csal\u00e1dot l\u00e1togatunk meg. Morvai\u00e9khoz igyeksz\u00fcnk, egy, a Karit\u00e1sz \u00e1ltal \u00e9vek \u00f3ta p\u00e1rtfogolt csal\u00e1dhoz.<\/p>\n<blockquote>\n<p>\u201eNagyra tartom \u0151ket. H\u00e9t gyerek\u00fck van, v\u00e1llalt\u00e1k a gyermek\u00e1ld\u00e1st, szeg\u00e9nys\u00e9gben \u00e9lnek, de egy\u00fctt a csal\u00e1d\u201d \u2013 mutatja be \u0151ket a karit\u00e1szigazgat\u00f3.<\/p>\n<\/blockquote>\n<p><a title=\"\" rel=\"lightbox&#091;'g120716'&#093;\"><img decoding=\"async\" class=\"ckep\" src=\"https:\/\/www.magyarkurir.hu\/img1.php?id=120716&amp;v=1&amp;p=1&amp;img=c_AE6A9946.jpg\" alt=\"\" border=\"0\" \/><\/a><\/p>\n<p>Ismer\u0151sk\u00e9nt \u00e9rkez\u00fcnk mi is. Amikor legut\u00f3bb itt j\u00e1rtunk, m\u00e9g hatgyerekesek voltak, m\u00e1sf\u00e9l \u00e9ve azonban \u00fajabb fi\u00faval gyarapodott a csal\u00e1d. A Karit\u00e1sz seg\u00edts\u00e9g\u00e9vel nagyobb h\u00e1zba tudtak k\u00f6lt\u00f6zni. K\u00e9t gyerek kirep\u00fclt, a legnagyobb Csehorsz\u00e1gban dolgozik, a nagyl\u00e1nyuk pedig Duna\u00fajv\u00e1rosban k\u00e9zilabd\u00e1zik. A f\u00e9rj Magyarorsz\u00e1gon dolgozik, az \u00f6t kicsi van otthon az \u00e9desany\u00e1val, aki m\u00e9g a nagysz\u00fcl\u0151ket is gondozza. R\u00f6vid a l\u00e1togat\u00e1s, k\u00e9s\u0151 van, a legkisebb m\u00e1r alszik, de a zsibong\u00e1sra s\u00edrva fel\u00e9bred. Vajon j\u00f3 lenne nekik \u00e1ttelep\u00fclni? \u2013 Zsuzsa G\u00e1bor aty\u00e1val besz\u00e9lget.<\/p>\n<blockquote>\n<p>Tan\u00e1cstalanok. A t\u00f6r\u00e9keny asszony nem tudja, mi lenne a gyerekeknek a legjobb, mit b\u00edrna a csal\u00e1d anyagilag idegenben, hiszen a null\u00e1r\u00f3l kellene kezdeni az \u00e9letet akkor is, ha a Karit\u00e1sz mellett\u00fck \u00e1ll is.<\/p>\n<\/blockquote>\n<p>A k\u00e9rd\u00e9s ott marad Zsuzs\u00e1val, de G\u00e1bor atya biztatja, seg\u00edtik \u0151ket tov\u00e1bbra is. Elb\u00facs\u00fazunk, vissza kell t\u00e9rn\u00fcnk Barab\u00e1sra.<\/p>\n<p><a title=\"\" rel=\"lightbox&#091;'g120716'&#093;\"><img decoding=\"async\" class=\"ckep\" src=\"https:\/\/www.magyarkurir.hu\/img1.php?id=120716&amp;v=1&amp;p=1&amp;img=c_AE6A9912.jpg\" alt=\"\" border=\"0\" \/><\/a><\/p>\n<p>A hat\u00e1ron a k\u00e9s\u0151i \u00f3r\u00e1n is hossz\u00fa a sor. G\u00e1bor aty\u00e1nak k\u00f6sz\u00f6nhet\u0151en most is r\u00f6vid id\u0151 alatt \u00e1tjutunk. Barab\u00e1son minden ugyan\u00fagy megy tov\u00e1bb. \u00c9ppen egy busz \u00e9rkezett, az \u00f6nk\u00e9ntesek k\u00eds\u00e9rik be a f\u00e1radt utasokat. Csendben elhelyezkednek, a teremben m\u00e1r sokan alszanak. R\u00f6vidre r\u00e1 a villanyt is lekapcsolj\u00e1k, elpihennek az ottlev\u0151k, mi is megtal\u00e1ljuk a hely\u00fcnket a karit\u00e1sz \u00f6nk\u00e9nteseinek sz\u00e1ll\u00e1shely\u00e9n.<\/p>\n<p>Reggel telefon \u00e9breszt. Minket is el tud vinni egy csapat, akik sz\u00e1ll\u00edt\u00e1st v\u00e1llaltak erre a napra. Egy ukr\u00e1n anyuka \u00e9s fia mell\u00e9 \u00fcl\u00fcnk be. Zsolt, a sof\u0151r elmondja, c\u00e9g\u00fck hat munkat\u00e1rsa kereste, hogyan tudna seg\u00edteni. Azt a tan\u00e1csot kapt\u00e1k, a sz\u00e1ll\u00edt\u00e1sba a legegyszer\u0171bb bekapcsol\u00f3dni. Reggel aut\u00f3ba \u00fcltek, 10 \u00f3rakor m\u00e1r visszafel\u00e9 mennek. T\u00e1nya \u00e9s t\u00edz\u00e9ves fia Borodjank\u00e1b\u00f3l \u2013 Kijev mell\u0151l \u2013 j\u00f6ttek. \u201eN\u00e1lunk m\u00e1r l\u0151ttek. Sok h\u00e1zat leromboltak. Nem volt v\u00edz, vil\u00e1g\u00edt\u00e1s, telefon. A fiam rokonokn\u00e1l rekedt egy orosz katon\u00e1kt\u00f3l k\u00f6r\u00fclz\u00e1rt ter\u00fclten. Napokig nem hallottam r\u00f3la. Nyolc napig retteg\u00e9sben \u00e9ltem. Mikor \u00e9desap\u00e1m haza tudta hozni, m\u00e1r magam is hajlottam r\u00e1, hogy elutazzak. \u00c9desap\u00e1m s\u00fcrgetett.<\/p>\n<p><a title=\"\" rel=\"lightbox&#091;'g120716'&#093;\"><img decoding=\"async\" class=\"ckep\" src=\"https:\/\/www.magyarkurir.hu\/img1.php?id=120716&amp;v=1&amp;p=1&amp;img=c_AE6A9975.jpg\" alt=\"\" border=\"0\" \/><\/a><\/p>\n<blockquote>\n<p>Az eszemmel tudtam, igaza van. Most itt vagyunk. K\u00f6sz\u00f6n\u00f6m, hogy befogadtak.\u201d<\/p>\n<\/blockquote>\n<p>Forr\u00e1s: <a href=\"https:\/\/www.magyarkurir.hu\/hirek\/az-ingyenkonyhak-sem-maradnak-magukra-karpataljara-vitt-segelyszallitmanyt-katolikus-karitasz?fbclid=IwAR1NvTpJarKPCtIiVBjX7bzuJNuypgfpRu7KyBUWvtaoXK5pNS1a_-vOd2Q\">Magyar Kur\u00edr<\/a><\/p>\n<\/div>\n<\/div><\/div><\/div><\/div><\/div><div class=\"fusion-fullwidth fullwidth-box fusion-builder-row-2 fusion-flex-container fusion-parallax-none nonhundred-percent-fullwidth non-hundred-percent-height-scrolling\" style=\"--awb-border-sizes-top:0px;--awb-border-sizes-bottom:0px;--awb-border-sizes-left:0px;--awb-border-sizes-right:0px;--awb-border-radius-top-left:0px;--awb-border-radius-top-right:0px;--awb-border-radius-bottom-right:0px;--awb-border-radius-bottom-left:0px;--awb-padding-top:150px;--awb-padding-bottom:150px;--awb-background-image:url(&quot;https:\/\/karitaszeger.hu\/web\/wp-content\/uploads\/2021\/03\/segits-scaled.jpg&quot;);--awb-background-size:cover;--awb-flex-wrap:wrap;\" ><div class=\"fusion-builder-row fusion-row fusion-flex-align-items-flex-start fusion-flex-content-wrap\" style=\"max-width:calc( 1170px + 0px );margin-left: calc(-0px \/ 2 );margin-right: calc(-0px \/ 2 );\"><div class=\"fusion-layout-column fusion_builder_column fusion-builder-column-1 fusion_builder_column_1_1 1_1 fusion-flex-column\" style=\"--awb-padding-right:11%;--awb-padding-left:11%;--awb-bg-size:cover;--awb-width-large:100%;--awb-margin-top-large:0px;--awb-spacing-right-large:0px;--awb-margin-bottom-large:20px;--awb-spacing-left-large:0px;--awb-width-medium:100%;--awb-spacing-right-medium:0px;--awb-spacing-left-medium:0px;--awb-width-small:100%;--awb-spacing-right-small:0px;--awb-spacing-left-small:0px;\"><div class=\"fusion-column-wrapper fusion-flex-justify-content-flex-start fusion-content-layout-column\"><div class=\"fusion-title title fusion-title-1 fusion-sep-none fusion-title-center fusion-title-text fusion-title-size-two\" style=\"--awb-text-color:#ffffff;--awb-margin-top-small:0px;--awb-margin-right-small:0px;--awb-margin-bottom-small:20px;--awb-margin-left-small:0px;\"><h2 class=\"fusion-title-heading title-heading-center\" style=\"margin:0;line-height:1;\"><h2 class=\"piros kozepre\"><span style=\"color: #ffffff;\">AZ \u00d6N SEG\u00cdTS\u00c9G\u00c9RE\u00a0IS SZ\u00dcKS\u00c9G VAN!<\/span><\/h2>\n<div class=\"content\"><\/div><\/h2><\/div><div class=\"fusion-separator\" style=\"align-self: center;margin-left: auto;margin-right: auto;margin-top:0px;margin-bottom:40px;width:100%;max-width:200px;\"><div class=\"fusion-separator-border sep-single sep-solid\" style=\"--awb-height:20px;--awb-amount:20px;--awb-sep-color:#f44336;border-color:#f44336;border-top-width:3px;\"><\/div><\/div><div class=\"fusion-text fusion-text-2\"><h2 style=\"text-align: center;\"><span style=\"color: #ffffff;\"><strong>1356 \u2013 H\u00cdVJON, HOGY SEG\u00cdTHESS\u00dcNK!<\/strong><\/span><\/h2>\n<\/div><div class=\"fusion-builder-row fusion-builder-row-inner fusion-row fusion-flex-align-items-flex-start fusion-flex-content-wrap\" style=\"--awb-flex-grow:0;--awb-flex-grow-medium:0;--awb-flex-grow-small:0;--awb-flex-shrink:0;--awb-flex-shrink-medium:0;--awb-flex-shrink-small:0;width:calc( 100% + 0px ) !important;max-width:calc( 100% + 0px ) !important;margin-left: calc(-0px \/ 2 );margin-right: calc(-0px \/ 2 );\"><div class=\"fusion-layout-column fusion_builder_column_inner fusion-builder-nested-column-0 fusion_builder_column_inner_1_3 1_3 fusion-flex-column\" style=\"--awb-bg-size:cover;--awb-width-large:33.333333333333%;--awb-margin-top-large:0px;--awb-spacing-right-large:0px;--awb-margin-bottom-large:20px;--awb-spacing-left-large:0px;--awb-width-medium:100%;--awb-order-medium:0;--awb-spacing-right-medium:0px;--awb-spacing-left-medium:0px;--awb-width-small:100%;--awb-order-small:0;--awb-spacing-right-small:0px;--awb-spacing-left-small:0px;\"><div class=\"fusion-column-wrapper fusion-column-has-shadow fusion-flex-justify-content-flex-start fusion-content-layout-column\"><\/div><\/div><div class=\"fusion-layout-column fusion_builder_column_inner fusion-builder-nested-column-1 fusion_builder_column_inner_1_3 1_3 fusion-flex-column fusion-animated\" style=\"--awb-bg-color:#f44336;--awb-bg-color-hover:#f44336;--awb-bg-size:cover;--awb-width-large:33.333333333333%;--awb-margin-top-large:0px;--awb-spacing-right-large:0px;--awb-margin-bottom-large:20px;--awb-spacing-left-large:0px;--awb-width-medium:100%;--awb-order-medium:0;--awb-spacing-right-medium:0px;--awb-spacing-left-medium:0px;--awb-width-small:100%;--awb-order-small:0;--awb-spacing-right-small:0px;--awb-spacing-left-small:0px;\" data-animationType=\"bounceInDown\" data-animationDuration=\"1.3\" data-animationOffset=\"top-into-view\"><div class=\"fusion-column-wrapper fusion-column-has-shadow fusion-flex-justify-content-flex-start fusion-content-layout-column\"><div style=\"text-align:center;\"><a class=\"fusion-button button-flat fusion-button-default-size button-custom fusion-button-default button-1 fusion-button-default-span fusion-button-default-type fusion-has-button-gradient\" style=\"--button_accent_color:#ffffff;--button_accent_hover_color:#f44336;--button_border_hover_color:#f44336;--button_border_width-top:0px;--button_border_width-right:0px;--button_border_width-bottom:0px;--button_border_width-left:0px;--button_gradient_top_color:rgba(254,201,107,0);--button_gradient_bottom_color:rgba(254,201,107,0);--button_gradient_top_color_hover:#ffffff;--button_gradient_bottom_color_hover:rgba(0,0,0,0);\" target=\"_self\" href=\"#\"><i class=\"fa-credit-card fas awb-button__icon awb-button__icon--default button-icon-left\" aria-hidden=\"true\"><\/i><span class=\"fusion-button-text awb-button__text awb-button__text--default\">ONLINE ADOM\u00c1NYOZ\u00c1S<\/span><\/a><\/div><\/div><\/div><div class=\"fusion-layout-column fusion_builder_column_inner fusion-builder-nested-column-2 fusion_builder_column_inner_1_3 1_3 fusion-flex-column\" style=\"--awb-bg-size:cover;--awb-width-large:33.333333333333%;--awb-margin-top-large:0px;--awb-spacing-right-large:0px;--awb-margin-bottom-large:20px;--awb-spacing-left-large:0px;--awb-width-medium:100%;--awb-order-medium:0;--awb-spacing-right-medium:0px;--awb-spacing-left-medium:0px;--awb-width-small:100%;--awb-order-small:0;--awb-spacing-right-small:0px;--awb-spacing-left-small:0px;\"><div class=\"fusion-column-wrapper fusion-column-has-shadow fusion-flex-justify-content-flex-start fusion-content-layout-column\"><\/div><\/div><\/div><\/div><\/div><\/div><\/div><\/p>\n","protected":false},"excerpt":{"rendered":"","protected":false},"author":3,"featured_media":4375,"comment_status":"open","ping_status":"open","sticky":false,"template":"","format":"standard","meta":{"footnotes":""},"categories":[107],"tags":[],"class_list":["post-4374","post","type-post","status-publish","format-standard","has-post-thumbnail","hentry","category-hirek"],"_links":{"self":[{"href":"https:\/\/karitaszeger.hu\/web\/wp-json\/wp\/v2\/posts\/4374","targetHints":{"allow":["GET"]}}],"collection":[{"href":"https:\/\/karitaszeger.hu\/web\/wp-json\/wp\/v2\/posts"}],"about":[{"href":"https:\/\/karitaszeger.hu\/web\/wp-json\/wp\/v2\/types\/post"}],"author":[{"embeddable":true,"href":"https:\/\/karitaszeger.hu\/web\/wp-json\/wp\/v2\/users\/3"}],"replies":[{"embeddable":true,"href":"https:\/\/karitaszeger.hu\/web\/wp-json\/wp\/v2\/comments?post=4374"}],"version-history":[{"count":1,"href":"https:\/\/karitaszeger.hu\/web\/wp-json\/wp\/v2\/posts\/4374\/revisions"}],"predecessor-version":[{"id":4376,"href":"https:\/\/karitaszeger.hu\/web\/wp-json\/wp\/v2\/posts\/4374\/revisions\/4376"}],"wp:featuredmedia":[{"embeddable":true,"href":"https:\/\/karitaszeger.hu\/web\/wp-json\/wp\/v2\/media\/4375"}],"wp:attachment":[{"href":"https:\/\/karitaszeger.hu\/web\/wp-json\/wp\/v2\/media?parent=4374"}],"wp:term":[{"taxonomy":"category","embeddable":true,"href":"https:\/\/karitaszeger.hu\/web\/wp-json\/wp\/v2\/categories?post=4374"},{"taxonomy":"post_tag","embeddable":true,"href":"https:\/\/karitaszeger.hu\/web\/wp-json\/wp\/v2\/tags?post=4374"}],"curies":[{"name":"wp","href":"https:\/\/api.w.org\/{rel}","templated":true}]}}