{"id":4377,"date":"2022-03-12T12:05:44","date_gmt":"2022-03-12T12:05:44","guid":{"rendered":"https:\/\/karitaszeger.hu\/web\/?p=4377"},"modified":"2022-04-01T12:36:18","modified_gmt":"2022-04-01T12:36:18","slug":"a-haboru-tragediaja-sok-jot-hozott-ki-a-magyarokbol-beszelgetes-michael-czerny-papai-kovettel","status":"publish","type":"post","link":"https:\/\/karitaszeger.hu\/web\/2022\/03\/12\/a-haboru-tragediaja-sok-jot-hozott-ki-a-magyarokbol-beszelgetes-michael-czerny-papai-kovettel\/","title":{"rendered":"A h\u00e1bor\u00fa trag\u00e9di\u00e1ja sok j\u00f3t hozott ki a magyarokb\u00f3l \u2013 Besz\u00e9lget\u00e9s Michael Czerny p\u00e1pai k\u00f6vettel"},"content":{"rendered":"<p><div class=\"fusion-fullwidth fullwidth-box fusion-builder-row-1 fusion-flex-container nonhundred-percent-fullwidth non-hundred-percent-height-scrolling\" style=\"--awb-border-radius-top-left:0px;--awb-border-radius-top-right:0px;--awb-border-radius-bottom-right:0px;--awb-border-radius-bottom-left:0px;--awb-padding-bottom:30px;--awb-flex-wrap:wrap;\" ><div class=\"fusion-builder-row fusion-row fusion-flex-align-items-flex-start fusion-flex-content-wrap\" style=\"max-width:1216.8px;margin-left: calc(-4% \/ 2 );margin-right: calc(-4% \/ 2 );\"><div class=\"fusion-layout-column fusion_builder_column fusion-builder-column-0 fusion_builder_column_1_1 1_1 fusion-flex-column\" style=\"--awb-bg-size:cover;--awb-width-large:100%;--awb-margin-top-large:0px;--awb-spacing-right-large:1.92%;--awb-margin-bottom-large:0px;--awb-spacing-left-large:1.92%;--awb-width-medium:100%;--awb-spacing-right-medium:1.92%;--awb-spacing-left-medium:1.92%;--awb-width-small:100%;--awb-spacing-right-small:1.92%;--awb-spacing-left-small:1.92%;\"><div class=\"fusion-column-wrapper fusion-flex-justify-content-flex-start fusion-content-layout-column\"><div class=\"fusion-separator fusion-full-width-sep\" style=\"align-self: center;margin-left: auto;margin-right: auto;margin-bottom:10px;width:100%;\"><div class=\"fusion-separator-border sep-single\" style=\"--awb-height:20px;--awb-amount:20px;border-color:#e00000;border-top-width:1px;\"><\/div><\/div><div class=\"fusion-text fusion-text-1\" style=\"--awb-text-transform:none;\"><h3 class=\"lead\">Ferenc p\u00e1pa nagyb\u00f6jt els\u0151 vas\u00e1rnapj\u00e1n az Angelus ut\u00e1n bejelentette, hogy k\u00e9t k\u00fcl\u00f6nleges k\u00f6vetet k\u00fcld Ukrajn\u00e1ba \u00e9s a hat\u00e1r menti orsz\u00e1gokba. Michael Czerny SJ b\u00edboros, az \u00c1tfog\u00f3 Emberi Fejl\u0151d\u00e9s Dikaszt\u00e9rium\u00e1nak prefektusa m\u00e1rcius 8-\u00e1n \u00e9rkezett Magyarorsz\u00e1gra. Hazautaz\u00e1sa el\u0151tt k\u00e9rdezhett\u00fck a Szentatya k\u00fcl\u00f6nleges k\u00f6vet\u00e9t. Az interj\u00fat a jezsuita Kommunik\u00e1ci\u00f3s Irod\u00e1val egy\u00fcttm\u0171k\u00f6d\u00e9sben k\u00e9sz\u00edtett\u00fck.<\/h3>\n<div class=\"contentsav\">\n<p><strong>\u2013 Hogyan fogadta a Szentatya felk\u00e9r\u00e9s\u00e9t?<\/strong><\/p>\n<p>\u2013 \u00d6r\u00f6mmel fogadtam, nem igaz\u00e1n lepett meg, mert a dikaszt\u00e9rium menek\u00fcltekkel \u00e9s migr\u00e1nsokkal foglalkoz\u00f3 szekci\u00f3j\u00e1ban m\u00e1r szervezt\u00fck a katolikus szervezetek tev\u00e9kenys\u00e9g\u00e9nek \u00f6sszehangol\u00e1s\u00e1t. Az el\u0151k\u00e9sz\u00fcletek m\u00e1r megt\u00f6rt\u00e9ntek,<\/p>\n<blockquote>\n<p>Krajewski b\u00edborossal k\u00f6z\u00f6s k\u00fcldet\u00e9s\u00fcnk m\u00e1r csak egy \u00fajabb l\u00e9p\u00e9s volt, egy nagyon er\u0151s \u00e9s sz\u00e9p gesztus, amely nagyon sokat jelent nekem is.<\/p>\n<\/blockquote>\n<p><strong>\u2013 A Szentsz\u00e9k \u00e9vsz\u00e1zadok \u00f3ta igyekszik b\u00e9kek\u00f6zvet\u00edt\u0151k\u00e9nt fell\u00e9pni h\u00e1bor\u00faban \u00e1ll\u00f3 orsz\u00e1gok k\u00f6z\u00f6tt. L\u00e1t most olyan diplom\u00e1ciai \u00e9s m\u00e1s eszk\u00f6z\u00f6ket, amelyekkel el lehetne \u00e9rni a t\u0171zsz\u00fcnetet, majd a b\u00e9k\u00e9t?<\/strong><\/p>\n<p>\u2013 Felt\u00e9tlen\u00fcl. Ahogy Ferenc p\u00e1pa hangs\u00falyozta, az Egyh\u00e1z mindenre k\u00e9sz a b\u00e9ke \u00e9rdek\u00e9ben.<\/p>\n<p><strong>\u2013 Ebbe a mindenbe mi minden tartozhat bele? Sokatmond\u00f3 volt p\u00e9ld\u00e1ul, hogy a Szentatya nemr\u00e9g felkereste a vatik\u00e1ni orosz nagyk\u00f6vets\u00e9get, majd telefonon besz\u00e9lt az ukr\u00e1n eln\u00f6kkel. Folynak tov\u00e1bbi t\u00e1rgyal\u00e1sok vatik\u00e1ni \u00e9s orosz, illetve ukr\u00e1n diplomat\u00e1k k\u00f6z\u00f6tt?<\/strong><\/p>\n<p>\u2013 Semmi k\u00e9ts\u00e9g, nagy er\u0151kkel zajlanak a diplom\u00e1ciai er\u0151fesz\u00edt\u00e9sek, de ezeket a t\u00e1rgyal\u00e1sokat term\u00e9szet\u00fck szerint diszkr\u00e9ci\u00f3 \u00f6vezi. Ezzel kapcsolatban teh\u00e1t nem mondhatok t\u00f6bbet, \u00e1m mindenkit arra h\u00edvok, hogy im\u00e1dkozzon, vagy ha \u00e9ppen m\u00f3dja van r\u00e1, tegyen a folyamat siker\u00e9\u00e9rt.<\/p>\n<p><a title=\"\" rel=\"lightbox&#091;'g120754'&#093;\"><img decoding=\"async\" class=\"ckep\" src=\"https:\/\/www.magyarkurir.hu\/img1.php?id=120754&amp;v=1&amp;p=1&amp;img=c_IMG_0138.jpg\" alt=\"\" border=\"0\" \/><\/a><\/p>\n<p><strong>\u2013 Ukrajna t\u00f6bbkult\u00far\u00e1j\u00fa orsz\u00e1g, jelent\u0151s orosz, magyar \u00e9s m\u00e1s nemzetis\u00e9gekkel. A Szentsz\u00e9k fel tud k\u00edn\u00e1lni olyan modellt, amelyben t\u00f6bbs\u00e9g \u00e9s kisebbs\u00e9g kiegyens\u00falyozott, b\u00e9k\u00e9s kapcsolatban \u00e9l egym\u00e1ssal?<\/strong><\/p>\n<p>\u2013 Igen. A Szentatya \u00e1ll\u00e1spontj\u00e1t ebben a k\u00e9rd\u00e9sben legjobban a <em>Fratelli tutti<\/em> <em>(Mindny\u00e1jan testv\u00e9rek)<\/em> kezdet\u0171 enciklika foglalja \u00f6ssze. B\u00e1rmit, ami megoszt, meg kell haladni, mert nem ir\u00e1ny\u00edthatja a gondolkod\u00e1sunkat, a besz\u00e9d\u00fcnket, a cselekedeteinket. Semmi sem igazolhatja a megosztotts\u00e1got, a diszkrimin\u00e1ci\u00f3t, illetve azt, hogy egyes csoportokat a perif\u00e9ri\u00e1ra szor\u00edtsunk.<\/p>\n<blockquote>\n<p>Semmilyen t\u00e9nyez\u0151 \u2013 nemzetis\u00e9g, nyelv, kult\u00fara vagy vall\u00e1s \u2013 alapj\u00e1n nem mondhatjuk valakir\u0151l: nem tekintelek a testv\u00e9remnek, mert valami m\u00e1s fontosabb sz\u00e1momra. Ez elfogadhatatlan.<\/p>\n<\/blockquote>\n<p><strong>\u2013 Milyen \u00fczenetet hozott R\u00f3m\u00e1b\u00f3l a menek\u00fclteknek, a helyi seg\u00edt\u0151knek?<\/strong><\/p>\n<p>\u2013 A Szentatya a vas\u00e1rnapi \u00darangyala im\u00e1ds\u00e1g ut\u00e1n maga is megfogalmazta az \u00fczenetet. Ki akarta fejezni k\u00f6zels\u00e9g\u00e9t, szolidarit\u00e1s\u00e1t, nemcsak a saj\u00e1t nev\u00e9ben, hanem Isten eg\u00e9sz n\u00e9pe, minden kereszt\u00e9ny \u00e9s minden j\u00f3akarat\u00fa ember nev\u00e9ben is, ez\u00e9rt Krajewski b\u00edborossal mi a Szentatya \u00e9s a kereszt\u00e9ny n\u00e9p k\u00f6zels\u00e9g\u00e9nek, im\u00e1ds\u00e1g\u00e1nak, szolidarit\u00e1s\u00e1nak, rem\u00e9ny\u00e9nek a k\u00e9pvisel\u0151i vagyunk.<\/p>\n<p><strong>\u2013 L\u00e1togat\u00e1sa sor\u00e1n <a href=\"https:\/\/www.magyarkurir.hu\/hazai\/nem-csak-nezoi-vagyunk-ennek-vilagnak-ferenc-papa-kuldotte-keleti-palyaudvarra-latogatott\" target=\"_blank\" rel=\"noopener\">j\u00e1rt a Keleti p\u00e1lyaudvaron<\/a>, \u00e9s sz\u00e1mos helyen, ahol menek\u00fclteket fogadnak be. Mit tapasztalt?<\/strong><\/p>\n<p>\u2013 Az egyik fontos dolog, hogy vel\u00fck tal\u00e1lkozni azt jelenti, a h\u00e1bor\u00faval tal\u00e1lkozni, szemben\u00e9zni vele. Ezek az emberek a h\u00e1bor\u00fa k\u00f6vetkezm\u00e9nyeinek, szenved\u00e9s\u00e9nek, er\u0151szakoss\u00e1g\u00e1nak hordoz\u00f3i. Ha vel\u00fck vagyunk, befogadjuk \u0151ket, tal\u00e1lkozunk a h\u00e1bor\u00fa tapasztalat\u00e1val. Nagyon megrend\u00edt\u0151ek a k\u00e9pek, inform\u00e1ci\u00f3k, amelyek eljutnak hozz\u00e1nk, ez is egyfajta tal\u00e1lkoz\u00e1s a h\u00e1bor\u00faval.<\/p>\n<blockquote>\n<p>A menek\u00fcl\u0151 emberekkel val\u00f3 tal\u00e1lkoz\u00e1s is a h\u00e1bor\u00faval val\u00f3 tal\u00e1lkoz\u00e1s, \u00e9s ebben az \u00e9rtelemben egy nagyon szomor\u00fa tapasztalat.<\/p>\n<\/blockquote>\n<p>A m\u00e1sik fontos dolog, hogy olyan helyzetben tal\u00e1lkozunk ezekkel az emberekkel, amikor itt Magyarorsz\u00e1gon az Egyh\u00e1z \u00e9s t\u00e1rsadalom mindent megtesz, hogy fogadja, t\u00e1mogassa \u0151ket, kiel\u00e9g\u00edtse sz\u00fcks\u00e9gleteiket. Nagylelk\u0171en aj\u00e1nlj\u00e1k fel a seg\u00edts\u00e9get, \u00e9s ez vigasztal\u00f3. \u00d6r\u00f6mmel l\u00e1tjuk, hogy nagylelk\u0171 \u00e9s minden szempontb\u00f3l k\u00f6r\u00fcltekint\u0151 v\u00e1laszt adnak a sz\u00fcks\u00e9gleteikre. Vigasztal\u00f3 ebben a szenved\u00e9sben, hogy a hossz\u00fa utaz\u00e1s \u00e1llom\u00e1sain\u00e1l j\u00f3l szervezett a seg\u00edts\u00e9g, \u00fagy is mondhatjuk, hogy ebben v\u00e9szhelyzetben teljes k\u00f6r\u0171 t\u00e1mogat\u00e1st kapnak.<\/p>\n<p><a title=\"\" rel=\"lightbox&#091;'g120754'&#093;\"><img decoding=\"async\" class=\"ckep\" src=\"https:\/\/www.magyarkurir.hu\/img1.php?id=120754&amp;v=1&amp;p=1&amp;img=c_IMG_0173.jpg\" alt=\"\" border=\"0\" \/><\/a><\/p>\n<p><strong>\u2013 Semj\u00e9n Zsolt minisztereln\u00f6k-helyettessel is <a href=\"https:\/\/www.magyarkurir.hu\/hazai\/semjen-zsolt-fogadta-michael-czerny-biborost-ferenc-papa-kulonleges-kovetet\" target=\"_blank\" rel=\"noopener\">tal\u00e1lkozott,<\/a> mit hangs\u00falyozott a megbesz\u00e9l\u00e9sen?<\/strong><\/p>\n<p>\u2013 Neki is \u00e9ppen ezt mondtam el, \u0151 pedig arr\u00f3l besz\u00e9lt, hogy a magyar korm\u00e1ny k\u00e9sz minden sz\u00fcks\u00e9ges seg\u00edts\u00e9get megadni.<\/p>\n<blockquote>\n<p>Gyakorlatilag b\u00e1rmif\u00e9le seg\u00edts\u00e9gr\u0151l van sz\u00f3, mindegyiket ingyenesen kapj\u00e1k a menek\u00fcl\u0151k, az \u00e1llam nagylelk\u0171en t\u00e1mogatja \u0151ket.<\/p>\n<\/blockquote>\n<p>Amikor a menek\u00fcl\u0151k meg\u00e9rkeznek, akkor adott, minden szolg\u00e1ltat\u00e1s a rendelkez\u00e9s\u00fckre \u00e1ll, p\u00e9ld\u00e1ul az ingyen fuvaroz\u00e1s az eg\u00e9sz orsz\u00e1g ter\u00fclet\u00e9n, a dokumentumok int\u00e9z\u00e9se&#8230;<\/p>\n<p><strong>\u2013 Barab\u00e1son a Katolikus Karit\u00e1sz ukr\u00e1n hat\u00e1rn\u00e1l<a href=\"https:\/\/www.magyarkurir.hu\/hazai\/amit-krisztus-ker-nem-elvont-elkepzelesek-hanem-konkret-szeretet-ferenc-papa-kovete-barabason\" target=\"_blank\" rel=\"noopener\"> l\u00e9v\u0151 fogad\u00f3pontj\u00e1ra is ell\u00e1togatott<\/a>, a deleg\u00e1ci\u00f3 egy m\u00e1sik csoportja pedig a M\u00e1ltai Szeretetszolg\u00e1lat fogad\u00f3pontj\u00e1ra ment. Milyen helyzet fogadta \u00d6n\u00f6ket?<\/strong><\/p>\n<p>\u2013 Hasonl\u00f3 tal\u00e1lkoz\u00e1saink voltak, mint az \u00e1llom\u00e1son. \u0150k a h\u00e1bor\u00fa hordoz\u00f3i, ebben az \u00e9rtelemben nagy szomor\u00fas\u00e1g jellemezte a helyet. Ugyanakkor nyilv\u00e1nval\u00f3, hogy nagyon j\u00f3l szervezett a seg\u00edts\u00e9g, kiel\u00e9g\u00edtik a konkr\u00e9t sz\u00fcks\u00e9gleteiket, de enn\u00e9l t\u00f6bbet is tesznek. T\u00f6bben mes\u00e9lt\u00e9k, hogy a feln\u0151ttek t\u00fals\u00e1gosan traumatiz\u00e1ltak, neh\u00e9z azonnal kapcsolatba l\u00e9pni, p\u00e1rbesz\u00e9det kezdeni vel\u00fck. A gyerekek jobban alkalmazkodnak a helyzethez, rugalmasak, ez\u00e9rt rendszerint vel\u00fck kezdenek el j\u00e1tszani, \u00e9s<\/p>\n<blockquote>\n<p>j\u00f3 l\u00e1tni, ahogyan a gyerekek j\u00e1t\u00e9k\u00e1t l\u00e1tva a feln\u0151ttek is megnyugszanak.<\/p>\n<\/blockquote>\n<p><a title=\"\" rel=\"lightbox&#091;'g120754'&#093;\"><img decoding=\"async\" class=\"ckep\" src=\"https:\/\/www.magyarkurir.hu\/img1.php?id=120754&amp;v=1&amp;p=1&amp;img=c_IMG_0064.jpg\" alt=\"\" border=\"0\" \/><\/a><\/p>\n<p><strong>\u2013 M\u00e1rcius 9-\u00e9n Ukrajn\u00e1ba l\u00e1togatott, K\u00e1rp\u00e1talj\u00e1n Beregsz\u00e1szon a helyi egyh\u00e1zak vezet\u0151ivel tal\u00e1lkozott. <a href=\"https:\/\/www.magyarkurir.hu\/kulhoni\/-ferenc-papa-kozelseget-hozom-hozzatok-felekezetek-egyutt-fogadtak-czerny-biboros-beregszaszban\" target=\"_blank\" rel=\"noopener\">Mir\u0151l tettek tan\u00fas\u00e1got a helyben \u00e9l\u0151k?<\/a><\/strong><\/p>\n<p>\u2013 Az volt a benyom\u00e1som, hogy a b\u0151s\u00e9ges seg\u00edts\u00e9gb\u0151l \u00e1tl\u00e9pt\u00fcnk egy szer\u00e9nyebb, mondhatjuk szeg\u00e9nyebb ter\u00fcletre. \u00dagy is mondhatjuk, hogy ott k\u00f6zelebbr\u0151l \u00e9rintett\u00fck, \u00e9lt\u00fck meg a h\u00e1bor\u00fat.<\/p>\n<blockquote>\n<p>Nagyon meghatott, hogy a papok, a protest\u00e1ns lelkip\u00e1sztorok \u00e9s csal\u00e1djaik, az egyh\u00e1zi emberek ott maradtak. M\u00e1sok elmennek, lak\u00f3\u00f6vezetek ki\u00fcr\u00fclnek, de a papok maradnak a feles\u00e9geikkel, kisgyerekeikkel.<\/p>\n<\/blockquote>\n<p>A jelenl\u00e9t\u00fck jel, \u00e9s biztos vagyok benne, hogy \u00e9ppen ez az, amit a Szentatya is akar: legyen az Egyh\u00e1z az els\u0151 \u00e9s az utols\u00f3, legyen ott az elej\u00e9n \u00e9s a v\u00e9g\u00e9n, \u00e9s a v\u00e9ge ut\u00e1n is, mert akkor \u00fajra\u00e9led az \u00e9let, sz\u00fcks\u00e9g van az \u00fajrakezd\u00e9sre. \u00dagy is mondhatjuk, hogy ez hozz\u00e1tartozik az Egyh\u00e1z hivat\u00e1s\u00e1hoz.<\/p>\n<p><strong>\u2013 Magyarorsz\u00e1gi l\u00e1togat\u00e1s\u00e1nak mi a legfontosabb tanuls\u00e1ga?<\/strong><\/p>\n<p>\u2013 M\u00e9g nem tudn\u00e1m pontosan megmondani, ennek ki\u00e9rlel\u00e9s\u00e9hez id\u0151re van sz\u00fcks\u00e9gem. De ha azt k\u00e9rdezn\u00e9, hogy a kegyelem milyen forr\u00e1saival tal\u00e1lkoztam Magyarorsz\u00e1gon, akkor \u00f6r\u00f6mmel mondan\u00e1m: Isten n\u00e9p\u00e9nek hatalmas kegyelme, hogy<\/p>\n<blockquote>\n<p>ez a trag\u00e9dia ilyen sok j\u00f3t hozott ki a magyarokb\u00f3l, <a href=\"https:\/\/www.magyarkurir.hu\/hazai\/michael-czerny-es-erdo-peter-kozel-70-menekultet-befogado-bekasmegyer-ofalui-plebaniara-latogatott\" target=\"_blank\" rel=\"noopener\">az egy\u00fctt\u00e9rz\u00e9s \u00e9s az \u00f6nzetlens\u00e9g lelk\u00fclet\u00e9t,<\/a> mely legink\u00e1bb a seg\u00edts\u00e9gny\u00fajt\u00e1s konkr\u00e9t cselekedeteiben nyilv\u00e1nult meg.<\/p>\n<\/blockquote>\n<p>Nem azt l\u00e1ttam, hogy a magyarok besz\u00e9deket tartan\u00e1nak a helyzetr\u0151l, ehelyett szendvicseket visznek a p\u00e1lyaudvarokra. Abb\u00f3l is tov\u00e1bbi kegyelmek fakadhatnak, hogy most megtapasztaljuk: imm\u00e1r nincs vissza\u00fat. Nem mondhatjuk, hogy ha v\u00e9ge a h\u00e1bor\u00fanak, nem kell t\u00f6bb\u00e9 nagylelk\u0171nek, nyitottnak lenn\u00fcnk, \u00e9s ism\u00e9t lez\u00e1rhatjuk a hat\u00e1rokat. Tov\u00e1bb kell haladni ezen az \u00faton.<\/p>\n<p><a title=\"\" rel=\"lightbox&#091;'g120754'&#093;\"><img decoding=\"async\" class=\"ckep\" src=\"https:\/\/www.magyarkurir.hu\/img1.php?id=120754&amp;v=1&amp;p=1&amp;img=c_IMG_0104.jpg\" alt=\"\" border=\"0\" \/><\/a><\/p>\n<blockquote>\n<p>Amikor b\u00facs\u00fat veszek Magyarorsz\u00e1gt\u00f3l, az\u00e9rt im\u00e1dkozom, hogy a mostani tragikus id\u0151szak az \u00e1talakul\u00e1s eszk\u00f6ze legyen a haz\u00e1juk sz\u00e1m\u00e1ra.<\/p>\n<\/blockquote>\n<p>Nagyb\u00f6jt kezdet\u00e9n j\u00e1runk, ez j\u00f3 alkalom arra, hogy felismerj\u00fck mindezen kegyelmeket. Im\u00e1dkozzunk \u00e9s b\u00f6jt\u00f6lj\u00fcnk, mert mik\u00f6zben a vil\u00e1g b\u0171nei most Ukrajn\u00e1ban mindenn\u00e9l er\u0151szakosabb m\u00f3don nyilv\u00e1nulnak meg, mi magunk sem vagyunk mentesek a b\u0171nt\u0151l. Nek\u00fcnk is megt\u00e9r\u00e9sre van sz\u00fcks\u00e9g\u00fcnk, hogy lek\u00fczdj\u00fck a f\u00e9lelmet, az idegengy\u0171l\u00f6letet, az el\u0151\u00edt\u00e9letet. S mivel ezek a v\u00e9tkek \u2013 ahogy a Szent\u00edr\u00e1s tan\u00edtja \u2013 az emberi sz\u00edvben gy\u00f6kereznek, legink\u00e1bb a sz\u00edv\u00fcnk megt\u00e9r\u00e9s\u00e9vel v\u00e1laszolhatunk a kih\u00edv\u00e1sra.<\/p>\n<p>Forr\u00e1s: <a href=\"https:\/\/www.magyarkurir.hu\/hirek\/a-haboru-tragediaja-sok-jot-hozott-ki-magyarokbol-beszelgetes-michael-czerny-papai-kovettel?fbclid=IwAR3lBSghviDub8jVI5h_jIP-wo4Pc5x2EMBz3mNkgYLZe36AvsseTc7erBg\">Magyar Kur\u00edr<\/a><\/p>\n<\/div>\n<\/div><\/div><\/div><\/div><\/div><div class=\"fusion-fullwidth fullwidth-box fusion-builder-row-2 fusion-flex-container fusion-parallax-none nonhundred-percent-fullwidth non-hundred-percent-height-scrolling\" style=\"--awb-border-sizes-top:0px;--awb-border-sizes-bottom:0px;--awb-border-sizes-left:0px;--awb-border-sizes-right:0px;--awb-border-radius-top-left:0px;--awb-border-radius-top-right:0px;--awb-border-radius-bottom-right:0px;--awb-border-radius-bottom-left:0px;--awb-padding-top:150px;--awb-padding-bottom:150px;--awb-background-image:url(&quot;https:\/\/karitaszeger.hu\/web\/wp-content\/uploads\/2021\/03\/segits-scaled.jpg&quot;);--awb-background-size:cover;--awb-flex-wrap:wrap;\" ><div class=\"fusion-builder-row fusion-row fusion-flex-align-items-flex-start fusion-flex-content-wrap\" style=\"max-width:calc( 1170px + 0px );margin-left: calc(-0px \/ 2 );margin-right: calc(-0px \/ 2 );\"><div class=\"fusion-layout-column fusion_builder_column fusion-builder-column-1 fusion_builder_column_1_1 1_1 fusion-flex-column\" style=\"--awb-padding-right:11%;--awb-padding-left:11%;--awb-bg-size:cover;--awb-width-large:100%;--awb-margin-top-large:0px;--awb-spacing-right-large:0px;--awb-margin-bottom-large:20px;--awb-spacing-left-large:0px;--awb-width-medium:100%;--awb-spacing-right-medium:0px;--awb-spacing-left-medium:0px;--awb-width-small:100%;--awb-spacing-right-small:0px;--awb-spacing-left-small:0px;\"><div class=\"fusion-column-wrapper fusion-flex-justify-content-flex-start fusion-content-layout-column\"><div class=\"fusion-title title fusion-title-1 fusion-sep-none fusion-title-center fusion-title-text fusion-title-size-two\" style=\"--awb-text-color:#ffffff;--awb-margin-top-small:0px;--awb-margin-right-small:0px;--awb-margin-bottom-small:20px;--awb-margin-left-small:0px;\"><h2 class=\"fusion-title-heading title-heading-center\" style=\"margin:0;line-height:1;\"><h2 class=\"piros kozepre\"><span style=\"color: #ffffff;\">AZ \u00d6N SEG\u00cdTS\u00c9G\u00c9RE\u00a0IS SZ\u00dcKS\u00c9G VAN!<\/span><\/h2>\n<div class=\"content\"><\/div><\/h2><\/div><div class=\"fusion-separator\" style=\"align-self: center;margin-left: auto;margin-right: auto;margin-top:0px;margin-bottom:40px;width:100%;max-width:200px;\"><div class=\"fusion-separator-border sep-single sep-solid\" style=\"--awb-height:20px;--awb-amount:20px;--awb-sep-color:#f44336;border-color:#f44336;border-top-width:3px;\"><\/div><\/div><div class=\"fusion-text fusion-text-2\"><h2 style=\"text-align: center;\"><span style=\"color: #ffffff;\"><strong>1356 \u2013 H\u00cdVJON, HOGY SEG\u00cdTHESS\u00dcNK!<\/strong><\/span><\/h2>\n<\/div><div class=\"fusion-builder-row fusion-builder-row-inner fusion-row fusion-flex-align-items-flex-start fusion-flex-content-wrap\" style=\"--awb-flex-grow:0;--awb-flex-grow-medium:0;--awb-flex-grow-small:0;--awb-flex-shrink:0;--awb-flex-shrink-medium:0;--awb-flex-shrink-small:0;width:calc( 100% + 0px ) !important;max-width:calc( 100% + 0px ) !important;margin-left: calc(-0px \/ 2 );margin-right: calc(-0px \/ 2 );\"><div class=\"fusion-layout-column fusion_builder_column_inner fusion-builder-nested-column-0 fusion_builder_column_inner_1_3 1_3 fusion-flex-column\" style=\"--awb-bg-size:cover;--awb-width-large:33.333333333333%;--awb-margin-top-large:0px;--awb-spacing-right-large:0px;--awb-margin-bottom-large:20px;--awb-spacing-left-large:0px;--awb-width-medium:100%;--awb-order-medium:0;--awb-spacing-right-medium:0px;--awb-spacing-left-medium:0px;--awb-width-small:100%;--awb-order-small:0;--awb-spacing-right-small:0px;--awb-spacing-left-small:0px;\"><div class=\"fusion-column-wrapper fusion-column-has-shadow fusion-flex-justify-content-flex-start fusion-content-layout-column\"><\/div><\/div><div class=\"fusion-layout-column fusion_builder_column_inner fusion-builder-nested-column-1 fusion_builder_column_inner_1_3 1_3 fusion-flex-column fusion-animated\" style=\"--awb-bg-color:#f44336;--awb-bg-color-hover:#f44336;--awb-bg-size:cover;--awb-width-large:33.333333333333%;--awb-margin-top-large:0px;--awb-spacing-right-large:0px;--awb-margin-bottom-large:20px;--awb-spacing-left-large:0px;--awb-width-medium:100%;--awb-order-medium:0;--awb-spacing-right-medium:0px;--awb-spacing-left-medium:0px;--awb-width-small:100%;--awb-order-small:0;--awb-spacing-right-small:0px;--awb-spacing-left-small:0px;\" data-animationType=\"bounceInDown\" data-animationDuration=\"1.3\" data-animationOffset=\"top-into-view\"><div class=\"fusion-column-wrapper fusion-column-has-shadow fusion-flex-justify-content-flex-start fusion-content-layout-column\"><div style=\"text-align:center;\"><a class=\"fusion-button button-flat fusion-button-default-size button-custom fusion-button-default button-1 fusion-button-default-span fusion-button-default-type fusion-has-button-gradient\" style=\"--button_accent_color:#ffffff;--button_accent_hover_color:#f44336;--button_border_hover_color:#f44336;--button_border_width-top:0px;--button_border_width-right:0px;--button_border_width-bottom:0px;--button_border_width-left:0px;--button_gradient_top_color:rgba(254,201,107,0);--button_gradient_bottom_color:rgba(254,201,107,0);--button_gradient_top_color_hover:#ffffff;--button_gradient_bottom_color_hover:rgba(0,0,0,0);\" target=\"_self\" href=\"#\"><i class=\"fa-credit-card fas awb-button__icon awb-button__icon--default button-icon-left\" aria-hidden=\"true\"><\/i><span class=\"fusion-button-text awb-button__text awb-button__text--default\">ONLINE ADOM\u00c1NYOZ\u00c1S<\/span><\/a><\/div><\/div><\/div><div class=\"fusion-layout-column fusion_builder_column_inner fusion-builder-nested-column-2 fusion_builder_column_inner_1_3 1_3 fusion-flex-column\" style=\"--awb-bg-size:cover;--awb-width-large:33.333333333333%;--awb-margin-top-large:0px;--awb-spacing-right-large:0px;--awb-margin-bottom-large:20px;--awb-spacing-left-large:0px;--awb-width-medium:100%;--awb-order-medium:0;--awb-spacing-right-medium:0px;--awb-spacing-left-medium:0px;--awb-width-small:100%;--awb-order-small:0;--awb-spacing-right-small:0px;--awb-spacing-left-small:0px;\"><div class=\"fusion-column-wrapper fusion-column-has-shadow fusion-flex-justify-content-flex-start fusion-content-layout-column\"><\/div><\/div><\/div><\/div><\/div><\/div><\/div><\/p>\n","protected":false},"excerpt":{"rendered":"","protected":false},"author":3,"featured_media":4378,"comment_status":"open","ping_status":"open","sticky":false,"template":"","format":"standard","meta":{"footnotes":""},"categories":[107],"tags":[],"class_list":["post-4377","post","type-post","status-publish","format-standard","has-post-thumbnail","hentry","category-hirek"],"_links":{"self":[{"href":"https:\/\/karitaszeger.hu\/web\/wp-json\/wp\/v2\/posts\/4377","targetHints":{"allow":["GET"]}}],"collection":[{"href":"https:\/\/karitaszeger.hu\/web\/wp-json\/wp\/v2\/posts"}],"about":[{"href":"https:\/\/karitaszeger.hu\/web\/wp-json\/wp\/v2\/types\/post"}],"author":[{"embeddable":true,"href":"https:\/\/karitaszeger.hu\/web\/wp-json\/wp\/v2\/users\/3"}],"replies":[{"embeddable":true,"href":"https:\/\/karitaszeger.hu\/web\/wp-json\/wp\/v2\/comments?post=4377"}],"version-history":[{"count":1,"href":"https:\/\/karitaszeger.hu\/web\/wp-json\/wp\/v2\/posts\/4377\/revisions"}],"predecessor-version":[{"id":4379,"href":"https:\/\/karitaszeger.hu\/web\/wp-json\/wp\/v2\/posts\/4377\/revisions\/4379"}],"wp:featuredmedia":[{"embeddable":true,"href":"https:\/\/karitaszeger.hu\/web\/wp-json\/wp\/v2\/media\/4378"}],"wp:attachment":[{"href":"https:\/\/karitaszeger.hu\/web\/wp-json\/wp\/v2\/media?parent=4377"}],"wp:term":[{"taxonomy":"category","embeddable":true,"href":"https:\/\/karitaszeger.hu\/web\/wp-json\/wp\/v2\/categories?post=4377"},{"taxonomy":"post_tag","embeddable":true,"href":"https:\/\/karitaszeger.hu\/web\/wp-json\/wp\/v2\/tags?post=4377"}],"curies":[{"name":"wp","href":"https:\/\/api.w.org\/{rel}","templated":true}]}}