{"id":4383,"date":"2022-03-16T12:12:18","date_gmt":"2022-03-16T12:12:18","guid":{"rendered":"https:\/\/karitaszeger.hu\/web\/?p=4383"},"modified":"2022-04-01T12:14:11","modified_gmt":"2022-04-01T12:14:11","slug":"most-kell-megtennunk-amit-kernek-menekultek-segitese-nemzeti-unnepunkon-a-keleti-palyaudvaron","status":"publish","type":"post","link":"https:\/\/karitaszeger.hu\/web\/2022\/03\/16\/most-kell-megtennunk-amit-kernek-menekultek-segitese-nemzeti-unnepunkon-a-keleti-palyaudvaron\/","title":{"rendered":"Most kell megtenn\u00fcnk, amit k\u00e9rnek \u2013 Menek\u00fcltek seg\u00edt\u00e9se nemzeti \u00fcnnep\u00fcnk\u00f6n a Keleti p\u00e1lyaudvaron"},"content":{"rendered":"<p><div class=\"fusion-fullwidth fullwidth-box fusion-builder-row-1 fusion-flex-container nonhundred-percent-fullwidth non-hundred-percent-height-scrolling\" style=\"--awb-border-radius-top-left:0px;--awb-border-radius-top-right:0px;--awb-border-radius-bottom-right:0px;--awb-border-radius-bottom-left:0px;--awb-padding-bottom:30px;--awb-flex-wrap:wrap;\" ><div class=\"fusion-builder-row fusion-row fusion-flex-align-items-flex-start fusion-flex-content-wrap\" style=\"max-width:1216.8px;margin-left: calc(-4% \/ 2 );margin-right: calc(-4% \/ 2 );\"><div class=\"fusion-layout-column fusion_builder_column fusion-builder-column-0 fusion_builder_column_1_1 1_1 fusion-flex-column\" style=\"--awb-bg-size:cover;--awb-width-large:100%;--awb-margin-top-large:0px;--awb-spacing-right-large:1.92%;--awb-margin-bottom-large:0px;--awb-spacing-left-large:1.92%;--awb-width-medium:100%;--awb-spacing-right-medium:1.92%;--awb-spacing-left-medium:1.92%;--awb-width-small:100%;--awb-spacing-right-small:1.92%;--awb-spacing-left-small:1.92%;\"><div class=\"fusion-column-wrapper fusion-flex-justify-content-flex-start fusion-content-layout-column\"><div class=\"fusion-separator fusion-full-width-sep\" style=\"align-self: center;margin-left: auto;margin-right: auto;margin-bottom:10px;width:100%;\"><div class=\"fusion-separator-border sep-single\" style=\"--awb-height:20px;--awb-amount:20px;border-color:#e00000;border-top-width:1px;\"><\/div><\/div><div class=\"fusion-text fusion-text-1\" style=\"--awb-text-transform:none;\"><h3 class=\"lead\">Nemzeti \u00fcnnep\u00fcnk, m\u00e1rcius 15-e hivatalos pihen\u0151nap. Id\u00e9n a parlamenti v\u00e1laszt\u00e1sok miatt az eg\u00e9sz orsz\u00e1gban v\u00e1laszt\u00e1si nagygy\u0171l\u00e9sekk\u00e9 v\u00e1ltak az \u00fcnnepi megeml\u00e9kez\u00e9sek, az orosz\u2013ukr\u00e1n h\u00e1bor\u00fa r\u00e9m\u00fcletes \u00e1rny\u00e9k\u00e1ban. A menek\u00fcltek v\u00e1ltozatlanul \u00f6z\u00f6nlenek, \u00edgy az egyh\u00e1zi \u00e9s civil szervezetek nem pihentek az \u00fcnnepen. Besz\u00e1mol\u00f3nk els\u0151 r\u00e9sz\u00e9t adjuk k\u00f6zre.<\/h3>\n<div class=\"contentsav\">\n<p>A Katolikus Karit\u00e1sz a h\u00e1bor\u00fa els\u0151 perc\u00e9t\u0151l kezdve seg\u00edti a menek\u00fclteket, \u00f6nk\u00e9ntesei Budapesten, a Keleti p\u00e1lyaudvaron csaknem k\u00e9t hete vannak kint, most is a Baross t\u00e9rre ny\u00edl\u00f3 v\u00e1r\u00f3terem bej\u00e1rat\u00e1n\u00e1l tal\u00e1lhat\u00f3 a s\u00e1truk. Rengetegen vannak, menek\u00fcltek, \u00f6nk\u00e9ntesek, seg\u00edt\u0151k, adom\u00e1nyoz\u00f3k, a pulton \u00e9s a h\u00e1tt\u00e9rben is konzervek, \u00e9dess\u00e9gek, \u00e1sv\u00e1nyvizek, tiszt\u00edt\u00f3szerek.<\/p>\n<blockquote>\n<p>Mindenki tev\u00e9kenykedik, minden mozg\u00e1sban van.<\/p>\n<\/blockquote>\n<p><a title=\"\" rel=\"lightbox&#091;'g120830'&#093;\"><img decoding=\"async\" class=\"ckep\" src=\"https:\/\/www.magyarkurir.hu\/img1.php?id=120830&amp;v=1&amp;p=1&amp;img=c_32.jpg\" alt=\"\" border=\"0\" \/><\/a><\/p>\n<p>A der\u0171s, mosolyg\u00f3s Petres Erika L\u00facia domonkos n\u0151v\u00e9r rendt\u00e1rsaival egy\u00fctt reggel \u00f3ta van itt, hamarosan \u00e9rkeznek az \u00fajabb \u00f6nk\u00e9ntesek, akik felv\u00e1ltj\u00e1k \u0151ket. K\u00e9rd\u00e9s\u00fcnkre elmondja: mivel ma nem volt tan\u00edt\u00e1s a Sapientia Szerzetesi Hittudom\u00e1nyi F\u0151iskol\u00e1n, mag\u00e1t\u00f3l \u00e9rtet\u0151d\u0151 \u00e9s term\u00e9szetes volt sz\u00e1mukra, hogy kij\u00f6nnek seg\u00edteni. Ma csak nagyon kev\u00e9s magyar menek\u00fclt \u00e9rkezett, t\u00f6bbnyire ukr\u00e1nok j\u00f6ttek, akikkel nem nagyon tudtak kommunik\u00e1lni, de voltak k\u00f6z\u00f6tt\u00fck olyanok, akik a telefonjukon megmutatt\u00e1k a sz\u00e9tbomb\u00e1zott otthonukat. \u201eFolytak a k\u00f6nnyeink, s\u00edrtunk egym\u00e1s mellett.\u201d A menek\u00fcltek rendk\u00edv\u00fcl h\u00e1l\u00e1sak az\u00e9rt, amit kapnak, az \u00e9lelemt\u0151l kezdve a tiszt\u00edt\u00f3szereken \u00e1t minden\u00e9rt.<\/p>\n<blockquote>\n<p>Az arcok nagyon szomor\u00faak, f\u00e1sultak, ami \u00e9rthet\u0151, otthagyni mindent, \u00e9s elj\u00f6nni a teljes bizonytalans\u00e1gba\u2026 Bizonyos szempontb\u00f3l m\u00e1r biztons\u00e1gban vannak, de m\u00e1s szemsz\u00f6gb\u0151l nem.<\/p>\n<\/blockquote>\n<p>T\u00f6bbnyire az id\u0151sebbek j\u00f6nnek, fiatal f\u00e9rfit alig l\u00e1tni, rengeteg viszont a n\u0151 \u00e9s a gyerek.<\/p>\n<p><a title=\"\" rel=\"lightbox&#091;'g120830'&#093;\"><img decoding=\"async\" class=\"ckep\" src=\"https:\/\/www.magyarkurir.hu\/img1.php?id=120830&amp;v=1&amp;p=1&amp;img=c_AE6A6682.jpg\" alt=\"\" border=\"0\" \/><\/a><\/p>\n<p>L\u00facia n\u0151v\u00e9r sz\u00e1m\u00e1ra megrend\u00edt\u0151, hogy milyen sokan seg\u00edtenek.<\/p>\n<blockquote>\n<p>\u00d6r\u00fcl a sz\u00edvem.\u201d<\/p>\n<\/blockquote>\n<p>Folyamatosan j\u00f6nnek olyanok is, akik adom\u00e1nyokat hoztak. Mondt\u00e1k, hogy \u00e1tutaz\u00f3ban vannak, van egy \u00f3r\u00e1juk: miben seg\u00edthetnek? Ugyanakkor megr\u00e1z\u00f3 l\u00e1tni a menek\u00fclteket \u00e9s a k\u00e9peket is, hogy a borzalomb\u00f3l j\u00f6nnek. A domonkos n\u0151v\u00e9r az\u00e9rt is megd\u00f6bbent, mert azt hitte, feln\u0151tt m\u00e1r az emberis\u00e9g annyira, hogy ne h\u00e1bor\u00faval int\u00e9zze el a probl\u00e9m\u00e1kat, de sajnos \u00fagy l\u00e1tszik, mindig akad n\u00e9h\u00e1ny hatalomv\u00e1gy\u00f3 szem\u00e9ly, aki kihaszn\u00e1lja ezeket a helyzeteket.<\/p>\n<p>Nem lehet tudni, mennyi ideig tart a h\u00e1bor\u00fa, de azt \u00e9rezni, hogy az ezzel egy\u00fctt j\u00e1r\u00f3 bizonytalans\u00e1g hull\u00e1mokban \u00e9r el minket is, fel-felmer\u00fcl az emberekben a k\u00e9rd\u00e9s: mi van, ha nek\u00fcnk is menn\u00fcnk kell? Semmi m\u00e1sban nem b\u00edzhatunk, csak az \u00dar kegyelm\u00e9ben.<\/p>\n<blockquote>\n<p>Az, hogy ebben a tragikus helyzetben ennyi ember \u00f6sszefogott, \u00e9s seg\u00edt a r\u00e1szorul\u00f3kon, egy\u00e9rtelm\u0171en Isten kegyelm\u00e9nek a m\u0171ve.<\/p>\n<\/blockquote>\n<p>Ha nincs hit\u00fcnk, nem tudunk tov\u00e1bbmenni, mert akkor rem\u00e9ny\u00fcnk sincs. Akkor mi \u00e9rtelme van k\u00fczden\u00fcnk b\u00e1rmi\u00e9rt is, seg\u00edteni? Az isteni Gondvisel\u00e9s azonban mindig vel\u00fcnk van, \u00e9s tal\u00e1n egy pici rem\u00e9nyt tudunk adni ezeknek az otthonukb\u00f3l el\u00fcld\u00f6z\u00f6tt, k\u00e9ts\u00e9gbeesett embereknek \u2013 mondja L\u00facia n\u0151v\u00e9r.<\/p>\n<p><a title=\"\" rel=\"lightbox&#091;'g120830'&#093;\"><img decoding=\"async\" class=\"ckep\" src=\"https:\/\/www.magyarkurir.hu\/img1.php?id=120830&amp;v=1&amp;p=1&amp;img=c_AE6A6228.jpg\" alt=\"\" border=\"0\" \/><\/a><\/p>\n<p>Folyamatosan \u00e9rkeznek az adom\u00e1nyoz\u00f3k, rengetegen vannak. Felt\u0171nik k\u00f6z\u00f6tt\u00fck egy id\u0151sebb h\u00e1zasp\u00e1r, akik k\u00e9t bev\u00e1s\u00e1rl\u00f3kocsib\u00f3l pakolj\u00e1k ki adom\u00e1nyaikat, \u00e9telt, ruhanem\u0171t, tiszt\u00edt\u00f3szert. Aut\u00f3val sz\u00e1ll\u00edtott\u00e1k ide a csomagot, a f\u00e9rfi visszamegy a kocsihoz, hogy behozza azt, ami nem f\u00e9rt bele a v\u00e1s\u00e1rl\u00f3kocsiba: h\u00e1l\u00f3zs\u00e1kot \u00e9s \u00f6ssze\u00e1ll\u00edthat\u00f3 t\u00e1bori \u00e1gyat. A h\u00f6lgy szavaib\u00f3l kider\u00fcl:<\/p>\n<blockquote>\n<p>k\u00e9t-h\u00e1rom naponta hoznak adom\u00e1nyokat, k\u00f6teless\u00e9g\u00fcknek \u00e9rzik, hogy seg\u00edts\u00e9k azokat, akik ilyen neh\u00e9z helyzetbe ker\u00fcltek. Ez nem k\u00e9rd\u00e9s sz\u00e1mukra.<\/p>\n<\/blockquote>\n<p>A h\u00e1bor\u00fat borzalmasnak nevezi, egy\u00e9rtelm\u0171en vallja: nincs olyan indok, ami miatt embereket lehetne \u00f6ld\u00f6sni. \u201eKimondom, Putyint hib\u00e1ztatom.\u201d Hozz\u00e1teszi: biztos, hogy ha alaposan ut\u00e1nan\u00e9zn\u00e9nk, mindk\u00e9t f\u00e9l tehetne szemreh\u00e1ny\u00e1st a m\u00e1siknak, de<\/p>\n<blockquote>\n<p>a h\u00e1bor\u00fa nem megold\u00e1s semmire.<\/p>\n<\/blockquote>\n<p>Flavio Depaula Silvio \u00e9rseki titk\u00e1r harmadik napja \u00f6nk\u00e9nteskedik a karit\u00e1szn\u00e1l. Elmondja: nagyon megragadta a vas\u00e1rnapi evang\u00e9lium, hogy fel kell menni a hegyre, \u00e9s nem t\u00e9tov\u00e1zni kell, hanem lej\u00f6nni onnan. Van mit tenn\u00fcnk. \u201eAmikor itt j\u00e1rtam Czerny b\u00edborossal (Michael Czerny, Ferenc p\u00e1pa k\u00fcl\u00f6nleges k\u00f6vete a m\u00falt h\u00e9ten Budapestre l\u00e1togatott, \u00e9s <a href=\"https:\/\/www.magyarkurir.hu\/hirek\/nem-csak-nezoi-vagyunk-ennek-vilagnak-ferenc-papa-kuldotte-keleti-palyaudvarra-latogatott\" target=\"_blank\" rel=\"noopener\">elment a Keleti p\u00e1lyaudvarra is<\/a>, a Katolikus Karit\u00e1sz \u00e9s a Magyar M\u00e1ltai Szeretetszolg\u00e1lat s\u00e1tr\u00e1hoz, meg\u00e1ldotta szolg\u00e1latukat \u2013 <em>B. D.<\/em>), vagy ak\u00e1r m\u00e1shol is voltam, eszembe jutott a min\u0151s\u00e9gi id\u0151 fontoss\u00e1ga. Ebbe beletartozik az is, hogy<\/p>\n<blockquote>\n<p>mosolyt adjunk az embereknek az \u00e9lelem mellett, ami kiz\u00f6kkenti \u0151ket abb\u00f3l a trag\u00e9di\u00e1b\u00f3l, ahonnan elj\u00f6ttek.\u201d<\/p>\n<\/blockquote>\n<p><a title=\"\" rel=\"lightbox&#091;'g120830'&#093;\"><img decoding=\"async\" class=\"ckep\" src=\"https:\/\/www.magyarkurir.hu\/img1.php?id=120830&amp;v=1&amp;p=1&amp;img=c_AE6A6100.jpg\" alt=\"\" border=\"0\" \/><\/a><\/p>\n<p>Az emberek nyomor\u00fas\u00e1gos \u00e1llapotban \u00e9rkeznek ide, egy-egy szatyorral, n\u00e9h\u00e1ny pap\u00edrral, kopott \u00fatlev\u00e9llel, kev\u00e9ske p\u00e9nz\u00fckkel, par\u00e1nyi lelkesed\u00e9s\u00fckkel. Nagysz\u00fcl\u0151k, tizennyolc \u00e9v alatti fi\u00fak, n\u0151k, gyerekek. Az ismeretlen fel\u00e9 mennek, fogalmuk sincs, hogy hov\u00e1, nincsen c\u00e9ljuk. Ez a legrosszabb tal\u00e1n. Vajon milyen j\u00f6v\u0151 v\u00e1r arra a rengeteg kisgyerekre, akiket magukkal hoznak? Tal\u00e1n j\u00f3 volt ez a n\u00e9h\u00e1ny napos sz\u00fcnet, hogy az ember sok mindent v\u00e9giggondoljon, megtapasztalja a val\u00f3s\u00e1got, azt, amit sokszor csak k\u00edv\u00fclr\u0151l l\u00e1tunk. Egy\u00e9bk\u00e9nt nem t\u00f6r\u0151d\u00fcnk ezekkel a fontos dolgokkal.<\/p>\n<blockquote>\n<p>A menek\u00fcltek seg\u00edt\u00e9se nemcsak k\u00fcls\u0151, hanem lelki seg\u00edts\u00e9g is, ami saj\u00e1t lelk\u00fcnkb\u0151l sz\u00e1rmazik, \u00e9s ha ez \u00edgy van, akkor felment\u00fcnk a hegyre, megpillantottuk azt a pici mennyorsz\u00e1got, amir\u0151l vas\u00e1rnap hallottunk, de azt\u00e1n lej\u00f6tt\u00fcnk a hegyr\u0151l, \u00e9s itt van a mindennapi val\u00f3s\u00e1gunk, amit az Isten kez\u00e9be tesz\u00fcnk. Ez is egy kis mennyorsz\u00e1g.\u201d<\/p>\n<\/blockquote>\n<p>Flavio atya hozz\u00e1teszi: h\u00edvhatjuk katonai m\u0171veletnek a h\u00e1bor\u00fat&#8230; Ak\u00e1rhogyan is, ez egy\u00e9rtelm\u0171en emberi, nem isteni dolog. Mi, emberek okozunk egym\u00e1snak sok b\u00e1natot, neh\u00e9zs\u00e9get, trag\u00e9di\u00e1t. \u00c1m nagyon sok j\u00f3 embert tal\u00e1lhatunk itt, a Keleti p\u00e1lyaudvaron \u00e9s b\u00e1rhol az orsz\u00e1gban. \u201eAmikor bel\u00e9ptem ide, Czerny b\u00edboros k\u00eds\u00e9r\u0151jek\u00e9nt, arra gondoltam, t\u00f6bbet kell tenni, nem el\u00e9g ezt hirdetni a pulpitusr\u00f3l, nem el\u00e9g ennival\u00f3t gy\u0171jteni;<\/p>\n<blockquote>\n<p>mosolyogni, itt tenni kell, \u00e9s az emberek tesznek.\u201d<\/p>\n<\/blockquote>\n<p>Itt reggel nyolct\u00f3l k\u00e9s\u0151 estig a legv\u00e1ratlanabb pillanatokban hoznak \u00e9telt, italt, cumis\u00fcveget, tiszt\u00edt\u00f3szereket; elmennek, visszaj\u00f6nnek, k\u00e9rdeznek \u00fajra, minden eszk\u00f6zzel megpr\u00f3b\u00e1lnak seg\u00edteni, ami fantasztikusan nagy dolog \u2013 mondja Flavio atya. \u2013 L\u00e1ttam itt seg\u00edteni paptestv\u00e9reimet, diak\u00f3nusokat, cserk\u00e9szeket, civileket, fiatalokat, id\u0151seket. \u201e\u00d3ri\u00e1si lehet\u0151s\u00e9g ez, mindannyiunkat megsz\u00f3l\u00edt a helyzet. Ha pedig ez a megsz\u00f3l\u00edt\u00e1s meg\u00e9rinti a lelk\u00fcnket, akkor elj\u00f6v\u00fcnk, \u00e9s seg\u00edt\u00fcnk.<\/p>\n<p><a title=\"\" rel=\"lightbox&#091;'g120830'&#093;\"><img decoding=\"async\" class=\"ckep\" src=\"https:\/\/www.magyarkurir.hu\/img1.php?id=120830&amp;v=1&amp;p=1&amp;img=c_AE6A6174.jpg\" alt=\"\" border=\"0\" \/><\/a><\/p>\n<blockquote>\n<p>Itt az alkalmas id\u0151, ahogyan a Szent\u00edr\u00e1sban is olvassuk, most kell megtenn\u00fcnk, amit k\u00e9rnek az emberek, amit az Isten szeretete megmutat sz\u00e1munkra.\u201d<\/p>\n<\/blockquote>\n<p>A Katolikus Karit\u00e1sz pultj\u00e1n\u00e1l a M\u0171egyetemen m\u0171k\u00f6d\u0151 katolikus ifj\u00fas\u00e1gi k\u00f6z\u00f6ss\u00e9g k\u00e9t tagja, G\u00e1sp\u00e1r Gy\u00f6ngy\u00f6s \u00e9s Pozsgai D\u00e1niel adogatj\u00e1k ki a sz\u00fcks\u00e9ges dolgokat a menek\u00fcl\u0151knek. Elmondt\u00e1k: a Karit\u00e1sz meghirdette a k\u00f6z\u00f6ss\u00e9g \u00f6nk\u00e9ntes munkacsoportj\u00e1n\u00e1l, hogy seg\u00edts\u00e9gre van sz\u00fcks\u00e9g, ezt ki\u00edrt\u00e1k a Facebookra is, \u00e9s most itt vannak. Gy\u00f6ngy\u00f6s m\u00e1r a m\u00falt h\u00e9tv\u00e9g\u00e9n is itt volt, D\u00e1nielnek ez az els\u0151 napja, de mindketten \u00fagy tervezik, hogy eg\u00e9sz h\u00e9ten kij\u00f6nnek. J\u00f3 \u00e9rz\u00e9s l\u00e1tniuk, hogy ilyen sokan megmozdultak, folyamatosan hozz\u00e1k az adom\u00e1nyokat. A menek\u00fcl\u0151k arc\u00e1n t\u00fckr\u00f6z\u0151d\u0151 szenved\u00e9s f\u00e1jdalommal t\u00f6lti el \u0151ket, de annak \u00f6r\u00fclnek, amikor egy kisfi\u00fanak adnak egy kicsi csokit, \u00e9s f\u00fclig \u00e9r a sz\u00e1ja, annyira boldog.<\/p>\n<p><a title=\"\" rel=\"lightbox&#091;'g120830'&#093;\"><img decoding=\"async\" class=\"ckep\" src=\"https:\/\/www.magyarkurir.hu\/img1.php?id=120830&amp;v=1&amp;p=1&amp;img=c_AE6A6087.jpg\" alt=\"\" border=\"0\" \/><\/a><\/p>\n<p>Ugyancsak a pult m\u00f6g\u00f6tt seg\u00e9dkezik a tizenn\u00e9gy \u00e9ves Fej\u00e9rdy Piroska, a Szent Ang\u00e9la Ferences \u00c1ltal\u00e1nos Iskola \u00e9s Gimn\u00e1zium di\u00e1kja, aki az \u00e9desanyj\u00e1val van itt. Hangs\u00falyozza: ezeknek az embereknek borzaszt\u00f3 neh\u00e9z a helyzet\u00fck, el\u0171zt\u00e9k \u0151ket az otthonukb\u00f3l, a haz\u00e1jukb\u00f3l.<\/p>\n<blockquote>\n<p>Arra gondolt, valamit neki is tenni kell \u00e9rt\u00fck, hogy legal\u00e1bb egy picivel k\u00f6nnyebb legyen nekik.<\/p>\n<\/blockquote>\n<p>Megrend\u00edt\u0151 l\u00e1tni a szenved\u00e9s\u00fcket, f\u0151leg alapdolgokra van most sz\u00fcks\u00e9g\u00fck, \u00e9s ezt meg tudj\u00e1k adni nekik. Piroska nem l\u00e1tta m\u00e9g a nyomor\u00fas\u00e1gnak ezt a szintj\u00e9t, ez m\u00e9lyen meg\u00e9rintette a lelk\u00e9t. Amikor \u00e9rtes\u00fclt arr\u00f3l, hogy kit\u00f6rt a h\u00e1bor\u00fa az oroszok \u00e9s az ukr\u00e1nok k\u00f6z\u00f6tt, el sem tudta k\u00e9pzelni, mivel j\u00e1r ez. Itt viszont folyamatosan szembes\u00fcl a menek\u00fcltek szenved\u00e9s\u00e9vel, akik k\u00f6z\u00fcl sokan egyik napr\u00f3l a m\u00e1sikra f\u00f6ld\u00f6nfut\u00f3kk\u00e1 lettek. Elgondolkozik a sorsukon, elvesztett\u00e9k az otthonukat, tal\u00e1n a csal\u00e1djuk egy r\u00e9sz\u00e9t is.<\/p>\n<p><a title=\"\" rel=\"lightbox&#091;'g120830'&#093;\"><img decoding=\"async\" class=\"ckep\" src=\"https:\/\/www.magyarkurir.hu\/img1.php?id=120830&amp;v=1&amp;p=1&amp;img=c_AE6A6142.jpg\" alt=\"\" border=\"0\" \/><\/a><\/p>\n<p>A tizenn\u00e9gy \u00e9ves di\u00e1kl\u00e1ny azt is megeml\u00edti: mi itt \u00e9lj\u00fck az \u00e9let\u00fcnket, nem tal\u00e1lkozunk ilyen sz\u00f6rny\u0171s\u00e9gekkel. Most viszont, hogy szembes\u00fcl ezekkel, jobban \u00e1t\u00e9rzi a f\u00e1jdalmukat. Ez\u00e9rt a j\u00f6v\u0151ben megpr\u00f3b\u00e1lja jobban megbecs\u00fclni azokat a dolgokat, amik sz\u00e1munkra term\u00e9szetesek, m\u00e1soknak viszont sajnos egy\u00e1ltal\u00e1n nem azok.<\/p>\n<p><a title=\"\" rel=\"lightbox&#091;'g120830'&#093;\"><img decoding=\"async\" class=\"ckep\" src=\"https:\/\/www.magyarkurir.hu\/img1.php?id=120830&amp;v=1&amp;p=1&amp;img=c_AE6A6214.jpg\" alt=\"\" border=\"0\" \/><\/a><\/p>\n<p>A marokk\u00f3i sz\u00fclet\u00e9s\u0171 Malina els\u0151 alkalommal van itt, a karit\u00e1sz piros mell\u00e9ny\u00e9t viseli. \u00c9tellel, itallal, tiszt\u00edt\u00f3szerekkel teli kosarat tart a kez\u00e9ben, \u00edgy j\u00e1rk\u00e1l fel-al\u00e1, fogadja a vonattal \u00e9rkez\u0151 menek\u00fclteket. Term\u00e9szetesnek tartja, hogy itt van, mivel az embereknek sz\u00fcks\u00e9g\u00fck van seg\u00edts\u00e9gre, ez a legkevesebb, amit megtehet. Egy \u00e9ve \u00f6nk\u00e9nteskedik Magyarorsz\u00e1gon, eddig h\u00e1tr\u00e1nyos helyzet\u0171 gyerekeknek seg\u00edtett, most pedig, hogy kit\u00f6rt a h\u00e1bor\u00fa, itt szolg\u00e1l.<\/p>\n<p>So\u00f3s K\u00e1roly t\u00f6rt\u00e9n\u00e9sz, diak\u00f3nus egyike volt azoknak, akik 1991-ben \u00fajraind\u00edtott\u00e1k a karit\u00e1szt. Negyvenk\u00e9t \u00e9ve foglalkozik nemzetpolitik\u00e1val, rengetegszer j\u00e1rt K\u00e1rp\u00e1talj\u00e1n, h\u00e1rom h\u00f3napot lakott ott. 2004-ben 1800 biciklit hordott ki 48 k\u00f6z\u00e9piskol\u00e1ba \u00e9s gyermekotthonba. \u00cdgy azt\u00e1n nem is lehet k\u00e9rd\u00e9ses, hogy itt van \u00e9s seg\u00edt ezeken a szerencs\u00e9tlen embereken, akik egy igazs\u00e1gtalan h\u00e1bor\u00fa puszt\u00edt\u00e1sainak szenved\u0151 alanyai, der\u00e9kba t\u00f6rt az \u00e9let\u00fck. K\u00fcl\u00f6n\u00f6sen sz\u00edvszor\u00edt\u00f3 l\u00e1tni a gyerekeket, akikben ez a rettenetes \u00e9lm\u00e9ny \u00f6r\u00f6kre megmarad, m\u00e9g ha id\u0151vel rem\u00e9lhet\u0151leg rendez\u0151dik is az \u00e9let\u00fck. \u00c9rzelmileg teljesen azonosul a szenved\u0151kkel, \u00e9s diak\u00f3nusk\u00e9nt is k\u00f6teless\u00e9ge seg\u00edteni.<\/p>\n<p><a title=\"\" rel=\"lightbox&#091;'g120830'&#093;\"><img decoding=\"async\" class=\"ckep\" src=\"https:\/\/www.magyarkurir.hu\/img1.php?id=120830&amp;v=1&amp;p=1&amp;img=c_AE6A6276.jpg\" alt=\"\" border=\"0\" \/><\/a><\/p>\n<p>So\u00f3s K\u00e1roly eml\u00e9keztet r\u00e1: K\u00e1rp\u00e1talj\u00e1n jelenleg b\u00e9ke van, \u00e9s rem\u00e9lhet\u0151leg ez \u00edgy is marad. A seg\u00edts\u00e9g term\u00e9szetesen oda is elkel, mert kifogy\u00f3ban vannak a k\u00e9szletek, \u00edgy t\u00f6bbek k\u00f6z\u00f6tt \u00e9lelemb\u0151l, \u00e9s a seg\u00e9lyek egy r\u00e9sz\u00e9t most m\u00e1r Ukrajna bels\u0151bb r\u00e9szeibe viszik tov\u00e1bb.<\/p>\n<blockquote>\n<p>A diak\u00f3nus \u00fagy \u00e9rz\u00e9keli, hogy a seg\u00edts\u00e9gny\u00fajt\u00e1s ter\u00e9n l\u00e9trej\u00f6tt a nemzeti \u00f6sszefog\u00e1s, \u00e9s a haz\u00e1nkba \u00e9rkez\u0151 menek\u00fcltek \u00e9rzik ezt.<\/p>\n<\/blockquote>\n<p>Az is l\u00e9nyeges: az, hogy mi most szeretettel fogadjuk \u0151ket, megmarad benn\u00fck j\u00f3 \u00e9lm\u00e9nyk\u00e9nt, \u00e9s ha megsz\u00fcletik majd a b\u00e9ke, ennek j\u00f3 hat\u00e1sa lesz a k\u00e1rp\u00e1tukrajnai magyarok sors\u00e1ra is; eg\u00e9szen biztos, hogy k\u00f6zelebb hozza a magyar \u00e9s az ukr\u00e1n nemzetis\u00e9g\u0171 embereket. A kilencvenes \u00e9vek elej\u00e9n Ukrajna rendk\u00edv\u00fcl sz\u00e9les nemzetis\u00e9gi jogokat biztos\u00edtott a kisebbs\u00e9geknek, \u00edgy a magyaroknak is. Ezeket 2004 ut\u00e1n kezdt\u00e9k el sz\u0171k\u00edteni, az oroszok miatt, aminek j\u00e1rul\u00e9kos elszenved\u0151je a t\u00f6bbi nemzetis\u00e9g is, de eg\u00e9szen biztos, hogy ez meg fog v\u00e1ltozni. A k\u00e1rp\u00e1tukrajnai magyarok \u00e9rdeke, hogy Ukrajna tov\u00e1bbra is k\u00f6zeledjen az EU-hoz, lehet\u0151leg legyen tagja a k\u00f6z\u00f6ss\u00e9gnek, mert ha orosz fennhat\u00f3s\u00e1g alatt \u00e1ll\u00f3 b\u00e1bkorm\u00e1ny alakul, akkor az olyan lesz, mint Belarus, vagyis diktat\u00fara, ez pedig biztosan nem lesz j\u00f3 az ottani magyaroknak.<\/p>\n<p><a title=\"\" rel=\"lightbox&#091;'g120830'&#093;\"><img decoding=\"async\" class=\"ckep\" src=\"https:\/\/www.magyarkurir.hu\/img1.php?id=120830&amp;v=1&amp;p=1&amp;img=c_AE6A6575.jpg\" alt=\"\" border=\"0\" \/><\/a><\/p>\n<p>A karit\u00e1sz pultja m\u00f6g\u00f6tt, a h\u00e1tt\u00e9rben K\u00f3ta Quirin ferences n\u00f6vend\u00e9k fantasztikus m\u0171gonddal v\u00e1logatja az adom\u00e1nyokat, teszi sorba \u0151ket, hogy minden \u00e1ttekinthet\u0151 legyen. Elmes\u00e9li, hogy a pl\u00e9b\u00e1ni\u00e1j\u00e1n, ahov\u00e1 tartozik, a karit\u00e1sz vezet\u0151i mondt\u00e1k, hogy van lehet\u0151s\u00e9g az \u00f6nk\u00e9ntesked\u00e9sre, \u00e9s mivel a hossz\u00fa h\u00e9tv\u00e9ge k\u00f6vetkezt\u00e9ben nincs tan\u00edt\u00e1s a Sapienti\u00e1n, kij\u00f6tt ide seg\u00edteni. Van tennival\u00f3 b\u0151ven, \u00e9s ahol munka van, ott seg\u00edteni kell.<\/p>\n<p>Pakol\u00e1s k\u00f6zben nem nagyon tal\u00e1lkozik menek\u00fcltekkel, de l\u00e1tja, hogy nagyon sokan vannak. Azok sz\u00e1m\u00e1ra, akik a pultn\u00e1l vannak, nagy seg\u00edts\u00e9g, hogy azonnal a kez\u00fckbe adhatja a k\u00e9rt \u00e9lelmet vagy egy\u00e9b csomagot. Quirin testv\u00e9r kifejtette: ferencesk\u00e9nt nagyon fontos sz\u00e1mukra a b\u00e9ke, mind a k\u00fclvil\u00e1gban, mind bel\u00fcl, az istenkapcsolatukban. A nagyb\u00f6jti id\u0151szak k\u00fcl\u00f6n\u00f6sen alkalmas arra, hogy j\u00f3 cselekedetekkel \u00e9s lemond\u00e1sokkal felk\u00e9sz\u00fclj\u00fcnk a h\u00fasv\u00e9t \u00fcnnepl\u00e9s\u00e9re.<\/p>\n<blockquote>\n<p>Kereszt\u00e9nyi k\u00f6teless\u00e9g\u00fcnk seg\u00edteni a szenved\u0151k\u00f6n. A menek\u00fcltekkel, az Ukrajn\u00e1ban harcol\u00f3 katon\u00e1kkal, az \u00e1ldozatokkal pedig egy\u00fctt\u00e9rz\u00fcnk, im\u00e1dkozunk \u00e9rt\u00fck, az elhunytak lelki \u00fcdv\u00e9\u00e9rt, \u00e9s az\u00e9rt, hogy a J\u00f3isten kegyelm\u00e9b\u0151l ez a sz\u00f6rny\u0171 helyzet miel\u0151bb v\u00e9get \u00e9rjen.<\/p>\n<\/blockquote>\n<p><a title=\"\" rel=\"lightbox&#091;'g120830'&#093;\"><img decoding=\"async\" class=\"ckep\" src=\"https:\/\/www.magyarkurir.hu\/img1.php?id=120830&amp;v=1&amp;p=1&amp;img=c_AE6A7161.jpg\" alt=\"\" border=\"0\" \/><\/a><\/p>\n<p>A hatalmas v\u00e1r\u00f3csarnok h\u00e1ts\u00f3 r\u00e9sz\u00e9t a szervez\u0151k gyermek\u0151rz\u0151nek rendezt\u00e9k be. A gyermekek \u00e9s a sz\u00fcl\u0151k takar\u00f3kon \u00fclnek, a kicsik t\u00f6bbs\u00e9ge \u00f3vod\u00e1skor\u00fa, vagy maximum h\u00e9t-nyolc \u00e9vesek. Rengeteg a j\u00e1t\u00e9k k\u00f6r\u00fcl\u00f6tt\u00fck, szinte minden kisded j\u00e1tszik valamivel.<\/p>\n<p>Az aranysz\u0151ke haj\u00fa Fl\u00f3ra tizenn\u00e9gy \u00e9ves, a Fazekas Mih\u00e1ly Gyakorl\u00f3 \u00c1ltal\u00e1nos Iskola \u00e9s Gimn\u00e1ziumba j\u00e1r. Most \u00e9ppen szemeteszacsk\u00f3 van a kez\u00e9ben, a hullad\u00e9kot szedte \u00f6ssze.<\/p>\n<blockquote>\n<p>Egy\u00e9bk\u00e9nt nagyon sokat j\u00e1tszik a gyerekekkel, boldog, ha mosolyogni l\u00e1tja \u0151ket. Im\u00e1dkozik \u00e9rt\u00fck, hogy legyen szebb a j\u00f6v\u0151j\u00fck, \u00e9s kapj\u00e1k vissza az \u00e9desapjukat is.<\/p>\n<\/blockquote>\n<p><a title=\"\" rel=\"lightbox&#091;'g120830'&#093;\"><img decoding=\"async\" class=\"ckep\" src=\"https:\/\/www.magyarkurir.hu\/img1.php?id=120830&amp;v=1&amp;p=1&amp;img=c_AE6A7203.jpg\" alt=\"\" border=\"0\" \/><\/a><\/p>\n<p>Az adom\u00e1nyoz\u00f3k ide is folyamatosan \u00e9rkeznek. Egy h\u00e1romgyermekes anyuka, Annam\u00e1ria m\u00e1r t\u00f6bbsz\u00f6r j\u00e1rt itt, \u00e9s j\u00e1t\u00e9kokat hozott a gyermekeknek. Most a legkisebb fi\u00e1val \u00e9rkezett. Ha valakinek menek\u00fclnie kell, az emberek \u00e9rthet\u0151 m\u00f3don el\u0151sz\u00f6r nem a j\u00e1t\u00e9kokat pakolj\u00e1k be. Amikor adom\u00e1nyokat hozott a f\u00e9rj\u00e9vel, l\u00e1tta, hogy a kismam\u00e1k \u00fclnek, mellett\u00fck a gyermekeik, nem tudnak mit kezdeni magukkal. Ez\u00e9rt hat\u00e1rozta el, hogy j\u00e1t\u00e9kokat hoz nekik, \u00edgy tegnap kisaut\u00f3kat \u2013 \u00e9s \u00f6r\u00f6m volt l\u00e1tni, hogy azonnal felpattantak, \u00e9s j\u00e1tszani kezdtek. Ma m\u00e1r rengeteg j\u00e1t\u00e9k van a kicsik kez\u00e9ben, aut\u00f3, matchbox, rep\u00fcl\u0151.<\/p>\n<p><a title=\"\" rel=\"lightbox&#091;'g120830'&#093;\"><img decoding=\"async\" class=\"ckep\" src=\"https:\/\/www.magyarkurir.hu\/img1.php?id=120830&amp;v=1&amp;p=1&amp;img=c_AE6A7063.jpg\" alt=\"\" border=\"0\" \/><\/a><\/p>\n<p>Egy kisgyermek kez\u00e9ben j\u00e1t\u00e9krep\u00fcl\u0151g\u00e9p, boldogan, elm\u00e9ly\u00fclten j\u00e1tszik vele. Elk\u00e9pzelem, hogy a val\u00f3s\u00e1gos harci rep\u00fcl\u0151 tal\u00e1n ebben a pillanatban is bomb\u00e1zza az ukr\u00e1n v\u00e1rosokat, lehet, hogy \u00e9ppen azt, ahonnan a testv\u00e9reivel egy\u00fctt kimenek\u00edtette az \u00e9desanyja. J\u00f3 lenne hinni abban, hogy mire feln\u0151, m\u00e1r nem lesznek h\u00e1bor\u00fak, de tudom, hogy ez ill\u00fazi\u00f3. Az viszont val\u00f3s\u00e1g, hogy Szent P\u00e1l szavai is igazak, az emberis\u00e9g t\u00f6rt\u00e9net\u00e9nek minden korszak\u00e1ban:<\/p>\n<blockquote>\n<p>ha eluralkodik a s\u00f6t\u00e9ts\u00e9g, t\u00fal\u00e1rad a kegyelem.<\/p>\n<\/blockquote>\n<p>Forr\u00e1s: <a href=\"https:\/\/www.magyarkurir.hu\/hirek\/most-kell-megtennunk-amit-kernek-menekultek-segitese-nemzeti-unnepunkon-keleti-palyaudvaron?fbclid=IwAR12J4KwJhfvzNHGrATZbXzK6x3AdsE0nTvDpL7_VTj6psQwfE331dJKes8\">Magyar Kur\u00edr<\/a><\/p>\n<\/div>\n<\/div><\/div><\/div><\/div><\/div><div class=\"fusion-fullwidth fullwidth-box fusion-builder-row-2 fusion-flex-container fusion-parallax-none nonhundred-percent-fullwidth non-hundred-percent-height-scrolling\" style=\"--awb-border-sizes-top:0px;--awb-border-sizes-bottom:0px;--awb-border-sizes-left:0px;--awb-border-sizes-right:0px;--awb-border-radius-top-left:0px;--awb-border-radius-top-right:0px;--awb-border-radius-bottom-right:0px;--awb-border-radius-bottom-left:0px;--awb-padding-top:150px;--awb-padding-bottom:150px;--awb-background-image:url(&quot;https:\/\/karitaszeger.hu\/web\/wp-content\/uploads\/2021\/03\/segits-scaled.jpg&quot;);--awb-background-size:cover;--awb-flex-wrap:wrap;\" ><div class=\"fusion-builder-row fusion-row fusion-flex-align-items-flex-start fusion-flex-content-wrap\" style=\"max-width:calc( 1170px + 0px );margin-left: calc(-0px \/ 2 );margin-right: calc(-0px \/ 2 );\"><div class=\"fusion-layout-column fusion_builder_column fusion-builder-column-1 fusion_builder_column_1_1 1_1 fusion-flex-column\" style=\"--awb-padding-right:11%;--awb-padding-left:11%;--awb-bg-size:cover;--awb-width-large:100%;--awb-margin-top-large:0px;--awb-spacing-right-large:0px;--awb-margin-bottom-large:20px;--awb-spacing-left-large:0px;--awb-width-medium:100%;--awb-spacing-right-medium:0px;--awb-spacing-left-medium:0px;--awb-width-small:100%;--awb-spacing-right-small:0px;--awb-spacing-left-small:0px;\"><div class=\"fusion-column-wrapper fusion-flex-justify-content-flex-start fusion-content-layout-column\"><div class=\"fusion-title title fusion-title-1 fusion-sep-none fusion-title-center fusion-title-text fusion-title-size-two\" style=\"--awb-text-color:#ffffff;--awb-margin-top-small:0px;--awb-margin-right-small:0px;--awb-margin-bottom-small:20px;--awb-margin-left-small:0px;\"><h2 class=\"fusion-title-heading title-heading-center\" style=\"margin:0;line-height:1;\"><h2 class=\"piros kozepre\"><span style=\"color: #ffffff;\">AZ \u00d6N SEG\u00cdTS\u00c9G\u00c9RE\u00a0IS SZ\u00dcKS\u00c9G VAN!<\/span><\/h2>\n<div class=\"content\"><\/div><\/h2><\/div><div class=\"fusion-separator\" style=\"align-self: center;margin-left: auto;margin-right: auto;margin-top:0px;margin-bottom:40px;width:100%;max-width:200px;\"><div class=\"fusion-separator-border sep-single sep-solid\" style=\"--awb-height:20px;--awb-amount:20px;--awb-sep-color:#f44336;border-color:#f44336;border-top-width:3px;\"><\/div><\/div><div class=\"fusion-text fusion-text-2\"><h2 style=\"text-align: center;\"><span style=\"color: #ffffff;\"><strong>1356 \u2013 H\u00cdVJON, HOGY SEG\u00cdTHESS\u00dcNK!<\/strong><\/span><\/h2>\n<\/div><div class=\"fusion-builder-row fusion-builder-row-inner fusion-row fusion-flex-align-items-flex-start fusion-flex-content-wrap\" style=\"--awb-flex-grow:0;--awb-flex-grow-medium:0;--awb-flex-grow-small:0;--awb-flex-shrink:0;--awb-flex-shrink-medium:0;--awb-flex-shrink-small:0;width:calc( 100% + 0px ) !important;max-width:calc( 100% + 0px ) !important;margin-left: calc(-0px \/ 2 );margin-right: calc(-0px \/ 2 );\"><div class=\"fusion-layout-column fusion_builder_column_inner fusion-builder-nested-column-0 fusion_builder_column_inner_1_3 1_3 fusion-flex-column\" style=\"--awb-bg-size:cover;--awb-width-large:33.333333333333%;--awb-margin-top-large:0px;--awb-spacing-right-large:0px;--awb-margin-bottom-large:20px;--awb-spacing-left-large:0px;--awb-width-medium:100%;--awb-order-medium:0;--awb-spacing-right-medium:0px;--awb-spacing-left-medium:0px;--awb-width-small:100%;--awb-order-small:0;--awb-spacing-right-small:0px;--awb-spacing-left-small:0px;\"><div class=\"fusion-column-wrapper fusion-column-has-shadow fusion-flex-justify-content-flex-start fusion-content-layout-column\"><\/div><\/div><div class=\"fusion-layout-column fusion_builder_column_inner fusion-builder-nested-column-1 fusion_builder_column_inner_1_3 1_3 fusion-flex-column fusion-animated\" style=\"--awb-bg-color:#f44336;--awb-bg-color-hover:#f44336;--awb-bg-size:cover;--awb-width-large:33.333333333333%;--awb-margin-top-large:0px;--awb-spacing-right-large:0px;--awb-margin-bottom-large:20px;--awb-spacing-left-large:0px;--awb-width-medium:100%;--awb-order-medium:0;--awb-spacing-right-medium:0px;--awb-spacing-left-medium:0px;--awb-width-small:100%;--awb-order-small:0;--awb-spacing-right-small:0px;--awb-spacing-left-small:0px;\" data-animationType=\"bounceInDown\" data-animationDuration=\"1.3\" data-animationOffset=\"top-into-view\"><div class=\"fusion-column-wrapper fusion-column-has-shadow fusion-flex-justify-content-flex-start fusion-content-layout-column\"><div style=\"text-align:center;\"><a class=\"fusion-button button-flat fusion-button-default-size button-custom fusion-button-default button-1 fusion-button-default-span fusion-button-default-type fusion-has-button-gradient\" style=\"--button_accent_color:#ffffff;--button_accent_hover_color:#f44336;--button_border_hover_color:#f44336;--button_border_width-top:0px;--button_border_width-right:0px;--button_border_width-bottom:0px;--button_border_width-left:0px;--button_gradient_top_color:rgba(254,201,107,0);--button_gradient_bottom_color:rgba(254,201,107,0);--button_gradient_top_color_hover:#ffffff;--button_gradient_bottom_color_hover:rgba(0,0,0,0);\" target=\"_self\" href=\"#\"><i class=\"fa-credit-card fas awb-button__icon awb-button__icon--default button-icon-left\" aria-hidden=\"true\"><\/i><span class=\"fusion-button-text awb-button__text awb-button__text--default\">ONLINE ADOM\u00c1NYOZ\u00c1S<\/span><\/a><\/div><\/div><\/div><div class=\"fusion-layout-column fusion_builder_column_inner fusion-builder-nested-column-2 fusion_builder_column_inner_1_3 1_3 fusion-flex-column\" style=\"--awb-bg-size:cover;--awb-width-large:33.333333333333%;--awb-margin-top-large:0px;--awb-spacing-right-large:0px;--awb-margin-bottom-large:20px;--awb-spacing-left-large:0px;--awb-width-medium:100%;--awb-order-medium:0;--awb-spacing-right-medium:0px;--awb-spacing-left-medium:0px;--awb-width-small:100%;--awb-order-small:0;--awb-spacing-right-small:0px;--awb-spacing-left-small:0px;\"><div class=\"fusion-column-wrapper fusion-column-has-shadow fusion-flex-justify-content-flex-start fusion-content-layout-column\"><\/div><\/div><\/div><\/div><\/div><\/div><\/div><\/p>\n","protected":false},"excerpt":{"rendered":"","protected":false},"author":3,"featured_media":4384,"comment_status":"open","ping_status":"open","sticky":false,"template":"","format":"standard","meta":{"footnotes":""},"categories":[107],"tags":[],"class_list":["post-4383","post","type-post","status-publish","format-standard","has-post-thumbnail","hentry","category-hirek"],"_links":{"self":[{"href":"https:\/\/karitaszeger.hu\/web\/wp-json\/wp\/v2\/posts\/4383","targetHints":{"allow":["GET"]}}],"collection":[{"href":"https:\/\/karitaszeger.hu\/web\/wp-json\/wp\/v2\/posts"}],"about":[{"href":"https:\/\/karitaszeger.hu\/web\/wp-json\/wp\/v2\/types\/post"}],"author":[{"embeddable":true,"href":"https:\/\/karitaszeger.hu\/web\/wp-json\/wp\/v2\/users\/3"}],"replies":[{"embeddable":true,"href":"https:\/\/karitaszeger.hu\/web\/wp-json\/wp\/v2\/comments?post=4383"}],"version-history":[{"count":1,"href":"https:\/\/karitaszeger.hu\/web\/wp-json\/wp\/v2\/posts\/4383\/revisions"}],"predecessor-version":[{"id":4385,"href":"https:\/\/karitaszeger.hu\/web\/wp-json\/wp\/v2\/posts\/4383\/revisions\/4385"}],"wp:featuredmedia":[{"embeddable":true,"href":"https:\/\/karitaszeger.hu\/web\/wp-json\/wp\/v2\/media\/4384"}],"wp:attachment":[{"href":"https:\/\/karitaszeger.hu\/web\/wp-json\/wp\/v2\/media?parent=4383"}],"wp:term":[{"taxonomy":"category","embeddable":true,"href":"https:\/\/karitaszeger.hu\/web\/wp-json\/wp\/v2\/categories?post=4383"},{"taxonomy":"post_tag","embeddable":true,"href":"https:\/\/karitaszeger.hu\/web\/wp-json\/wp\/v2\/tags?post=4383"}],"curies":[{"name":"wp","href":"https:\/\/api.w.org\/{rel}","templated":true}]}}