{"id":4390,"date":"2022-03-18T12:38:22","date_gmt":"2022-03-18T12:38:22","guid":{"rendered":"https:\/\/karitaszeger.hu\/web\/?p=4390"},"modified":"2022-04-01T12:40:46","modified_gmt":"2022-04-01T12:40:46","slug":"lelemenyes-szeretettel-a-menekultekert-interju-spanyi-antallal-a-katolikus-karitasz-elnokevel","status":"publish","type":"post","link":"https:\/\/karitaszeger.hu\/web\/2022\/03\/18\/lelemenyes-szeretettel-a-menekultekert-interju-spanyi-antallal-a-katolikus-karitasz-elnokevel\/","title":{"rendered":"Lelem\u00e9nyes szeretettel a menek\u00fcltek\u00e9rt \u2013 Interj\u00fa Sp\u00e1nyi Antallal, a Katolikus Karit\u00e1sz eln\u00f6k\u00e9vel"},"content":{"rendered":"<p><div class=\"fusion-fullwidth fullwidth-box fusion-builder-row-1 fusion-flex-container nonhundred-percent-fullwidth non-hundred-percent-height-scrolling\" style=\"--awb-border-radius-top-left:0px;--awb-border-radius-top-right:0px;--awb-border-radius-bottom-right:0px;--awb-border-radius-bottom-left:0px;--awb-padding-bottom:30px;--awb-flex-wrap:wrap;\" ><div class=\"fusion-builder-row fusion-row fusion-flex-align-items-flex-start fusion-flex-content-wrap\" style=\"max-width:1216.8px;margin-left: calc(-4% \/ 2 );margin-right: calc(-4% \/ 2 );\"><div class=\"fusion-layout-column fusion_builder_column fusion-builder-column-0 fusion_builder_column_1_1 1_1 fusion-flex-column\" style=\"--awb-bg-size:cover;--awb-width-large:100%;--awb-margin-top-large:0px;--awb-spacing-right-large:1.92%;--awb-margin-bottom-large:0px;--awb-spacing-left-large:1.92%;--awb-width-medium:100%;--awb-spacing-right-medium:1.92%;--awb-spacing-left-medium:1.92%;--awb-width-small:100%;--awb-spacing-right-small:1.92%;--awb-spacing-left-small:1.92%;\"><div class=\"fusion-column-wrapper fusion-flex-justify-content-flex-start fusion-content-layout-column\"><div class=\"fusion-separator fusion-full-width-sep\" style=\"align-self: center;margin-left: auto;margin-right: auto;margin-bottom:10px;width:100%;\"><div class=\"fusion-separator-border sep-single\" style=\"--awb-height:20px;--awb-amount:20px;border-color:#e00000;border-top-width:1px;\"><\/div><\/div><div class=\"fusion-text fusion-text-1\" style=\"--awb-text-transform:none;\"><h3 class=\"lead\">Sp\u00e1nyi Antal sz\u00e9kesfeh\u00e9rv\u00e1ri megy\u00e9sp\u00fcsp\u00f6k, a Katolikus Karit\u00e1sz eln\u00f6ke a napokban Budapesten, a Keleti p\u00e1lyaudvaron, valamint a magyar\u2013ukr\u00e1n hat\u00e1ron fekv\u0151 Barab\u00e1son \u00e9s K\u00e1rp\u00e1talj\u00e1n, Beregsz\u00e1szon is megl\u00e1togatta a menek\u00fclteket seg\u00edt\u0151 karit\u00e1szmunkat\u00e1rsakat. Hazat\u00e9rte ut\u00e1n a Magyar Kur\u00edrnak nyilatkozott a tapasztalatair\u00f3l.<\/h3>\n<div class=\"contentsav\">\n<p>\u2013 A h\u00e1bor\u00fa kit\u00f6r\u00e9se mindannyiunkat megd\u00f6bbentett, de hamar vil\u00e1goss\u00e1 v\u00e1lt, hogy nem szabad a sajn\u00e1lkoz\u00e1sn\u00e1l, a d\u00f6bbenetn\u00e9l megragadnunk, hanem seg\u00edteni kell. R\u00f6videsen meg\u00e9rkeztek a menek\u00fcltek, egyre n\u00f6vekv\u0151 sz\u00e1mban, egyre elkeseredettebben, a kil\u00e1t\u00e1stalans\u00e1g \u00e9rz\u00e9s\u00e9vel a sz\u00edv\u00fckben. A Katolikus Karit\u00e1sz \u00e9s a t\u00f6bbi szeretetszolg\u00e1lat pedig elkezdte a munk\u00e1t. Nagy \u00f6r\u00f6m sz\u00e1momra, hogy az eg\u00e9sz t\u00e1rsadalom is megmozdult, l\u00e1tszik, hogy egy kereszt\u00e9ny gy\u00f6ker\u0171 t\u00e1rsadalomban \u00e9l\u00fcnk itt, Magyarorsz\u00e1gon. Nemcsak a templomba j\u00e1r\u00f3 emberek seg\u00edtenek, adakoznak, hanem azok is, akik tal\u00e1n vall\u00e1sosnak sem tartj\u00e1k magukat, de ott van a lelk\u00fckben a j\u00e9zusi parancs, hogy a bajban l\u00e9v\u0151nek, a sz\u00fcks\u00e9get szenved\u0151nek seg\u00edteni kell.<\/p>\n<p><strong>\u2013 Milyen tapasztalatokat szerzett a Keleti p\u00e1lyaudvaron zajl\u00f3 karit\u00e1szmunk\u00e1r\u00f3l?\u00a0<\/strong><\/p>\n<p>\u2013 Ott az Esztergom-Budapesti F\u0151egyh\u00e1zmegye karit\u00e1szszervezete seg\u00edti az embereket, de\u00a0 az orsz\u00e1g k\u00fcl\u00f6nf\u00e9le pontjair\u00f3l is elj\u00f6ttek ide \u00f6nk\u00e9ntesek, hogy a szolg\u00e1l\u00f3 szeretetben r\u00e9szt vegyenek. Szeretettel fogadj\u00e1k azokat az embereket, akik k\u00e9nytelenek otthagyni az otthonukat, minden\u00fcket. Bennem maradt egy k\u00e9p egy kisgyerekr\u0151l, aki v\u00e1gyakozva n\u00e9zett az adom\u00e1nyok k\u00f6zt a j\u00e1t\u00e9kokra, \u00e9s az egyik macit nagyon megszerette; amikor odaadt\u00e1k neki, olyan boldogan \u00f6lelte mag\u00e1hoz, s futott vele az \u00e9desanyj\u00e1hoz\u2026 Azt gondolom,<\/p>\n<blockquote>\n<p>a karit\u00e1szmunkat\u00e1rsakt\u00f3l a menek\u00fcl\u0151k lelki er\u0151t is kapnak.<\/p>\n<\/blockquote>\n<p><strong>\u2013 P\u00fcsp\u00f6k \u00far Barab\u00e1son is j\u00e1rt, a hat\u00e1rn\u00e1l\u2026<\/strong><\/p>\n<p>\u2013 Ez a hat\u00e1r\u00e1tkel\u0151 a szeretetszolg\u00e1latok k\u00f6z\u00f6tti megegyez\u00e9s alapj\u00e1n a Katolikus Karit\u00e1sz ter\u00fclete. El kell mondjam, hogy a magyar korm\u00e1ny jelent\u0151s anyagi t\u00e1mogat\u00e1ssal j\u00f3 felt\u00e9teleket teremtett a szeretetszolg\u00e1latok sz\u00e1m\u00e1ra, ennek seg\u00edts\u00e9g\u00e9vel helyt tudunk \u00e1llni, tudunk seg\u00edteni az ide\u00e9rkez\u0151knek, a sz\u00fcks\u00e9get szenved\u0151knek, m\u00e1sr\u00e9szt b\u0151s\u00e9ggel \u00e9rkeztek a felaj\u00e1nl\u00e1sok, adom\u00e1nyok is. J\u00f3, hogy \u00edgy van, mert a hat\u00e1ron t\u00fal, K\u00e1rp\u00e1talj\u00e1n is nagy az \u00edns\u00e9g, s a Karit\u00e1sz Barab\u00e1sr\u00f3l naponta egy vagy t\u00f6bb fordul\u00f3val is visz seg\u00e9lyt, \u00e9lelmiszert, tiszt\u00e1lkod\u00f3szereket a k\u00e1rp\u00e1taljai karit\u00e1szszervezetekhez.<\/p>\n<p><strong>\u2013 Milyen helyzettel tal\u00e1lkozott Beregsz\u00e1szon?<\/strong><\/p>\n<p>\u2013 L\u00e1ttam az emberek \u00edns\u00e9g\u00e9t, a bez\u00e1rt benzinkutakat, azt, hogy bizony minden seg\u00edts\u00e9gre, adom\u00e1nyra nagy sz\u00fcks\u00e9g van. Tal\u00e1lkoztam Michael Cherny b\u00edborossal, \u00e9s elmondtam neki is a tapasztalataimat; k\u00e9rtem, hogy mondja el ezeket a Szentaty\u00e1nak is.<\/p>\n<blockquote>\n<p>\u00c9l\u0151 kereszt\u00e9ny kult\u00fara megnyilatkoz\u00e1sa mindaz, amit itt l\u00e1thatott.<\/p>\n<\/blockquote>\n<p>Hangs\u00falyoztam neki azt is, hogy mi, magyarok nem vagyunk sz\u00edvtelenek, amikor azt mondjuk, hogy j\u00f3 er\u0151ben l\u00e9v\u0151, eg\u00e9szs\u00e9ges k\u00fclf\u00f6ldi fiatalemberek szem\u00e9lyazonos\u00edt\u00f3 pap\u00edrok n\u00e9lk\u00fcl er\u0151szakkal ne t\u00f6rjenek be a haz\u00e1nkba, ugyanakkor az orsz\u00e1gunk polg\u00e1rai a bajban l\u00e9v\u0151ket szeretettel fogadj\u00e1k. Seg\u00edt\u00fcnk, \u00e9s nem azt n\u00e9zz\u00fck, hogy kor\u00e1bban mennyire tudtuk egym\u00e1st seg\u00edteni az \u00e9letben. Err\u0151l besz\u00e9ltem Lucsok P\u00e9ter Mikl\u00f3s munk\u00e1csi p\u00fcsp\u00f6kkel is, valamint a magyar ajk\u00fa papokkal, akik \u00e9ppen esperesi papi gy\u0171l\u00e9sre j\u00f6ttek \u00f6ssze K\u00e1rp\u00e1talja k\u00fcl\u00f6nf\u00e9le ter\u00fcleteir\u0151l.<\/p>\n<p><a title=\"\" rel=\"lightbox&#091;'g120877'&#093;\"><img decoding=\"async\" class=\"ckep\" src=\"https:\/\/www.magyarkurir.hu\/img1.php?id=120877&amp;v=1&amp;p=1&amp;img=c_AE6A4695.jpg\" alt=\"\" border=\"0\" \/><\/a><\/p>\n<p><strong>\u2013 Mit tehet\u00fcnk mi, hogyan seg\u00edthet\u00fcnk most?<\/strong><\/p>\n<p>\u2013 Fontosak az adom\u00e1nyok, hiszen ez az \u00e9let fenntart\u00e1s\u00e1nak a z\u00e1loga, de sz\u00fcks\u00e9ges, hogy l\u00e9lekben \u00e9s im\u00e1ds\u00e1gban is ott \u00e1lljunk a menek\u00fcl\u0151k \u00e9s a K\u00e1rp\u00e1talj\u00e1n \u00e9l\u0151k mellett is.<\/p>\n<blockquote>\n<p>Nem tudjuk, meddig tart a h\u00e1bor\u00fas helyzet, most els\u0151sorban figyelj\u00fcnk a szeretetszolg\u00e1latok, k\u00f6zt\u00fck a Katolikus Karit\u00e1sz jelz\u00e9seire, k\u00e9r\u00e9seire, hogy \u00e9ppen hogyan kell seg\u00edten\u00fcnk, s milyen adom\u00e1nyra van sz\u00fcks\u00e9g.<\/p>\n<\/blockquote>\n<p>A szeretet lelem\u00e9nyes. A Patrona Hungariae Iskolak\u00f6zpont gimn\u00e1zium\u00e1nak\u00a0 k\u00e9t oszt\u00e1lya p\u00e9ld\u00e1ul szendvicseket k\u00e9sz\u00edt a menek\u00fclteknek, \u00e9s a Keleti p\u00e1lyaudvaron \u00e1tadj\u00e1k nekik. M\u00e1sok m\u00e1shogyan seg\u00edtenek. M\u00e9g egyszer hangs\u00falyozom, figyelj\u00fcnk arra, mit k\u00e9rnek a Karit\u00e1sz r\u00e9sz\u00e9r\u0151l, hiszen \u0151k tudj\u00e1k, mire van \u00e9ppen sz\u00fcks\u00e9g. Meglehet, hosszabb id\u0151n kereszt\u00fcl is k\u00e9pesnek kell lenn\u00fcnk \u00e1ldozatot hozni. A szeretetben \u00e9s az im\u00e1ds\u00e1gban se lankadjunk!<\/p>\n<p><strong>\u2013 Mit terveznek arra az esetre, ha j\u00f3val t\u00f6bb menek\u00fclt \u00e9rkezik haz\u00e1nkba?<\/strong><\/p>\n<p>\u2013 A Katolikus Karit\u00e1sz munkat\u00e1rsai nagyon \u00e1ldozatosak, h\u0151sies lelk\u00fclettel \u00e1llnak helyt, ak\u00e1r m\u00e9g a Dun\u00e1nt\u00falr\u00f3l is elj\u00f6nnek p\u00e9ld\u00e1ul a hat\u00e1rra, Barab\u00e1sra, s fogadj\u00e1k az \u00e9rkez\u0151ket. Ha meg kell sokszorozni az er\u0151nket, \u00fagy gondolom, minden szeretetszolg\u00e1lat k\u00e9sz lesz, hogy mozg\u00f3s\u00edtsa a munkat\u00e1rsait. A Katolikus Karit\u00e1sz nagy ereje az \u00f6nk\u00e9ntesek jelent\u0151s l\u00e9tsz\u00e1ma, \u0151k m\u00e1r b\u0151s\u00e9ges tapasztalatot szereztek a pl\u00e9b\u00e1ni\u00e1kon abban, hogy mik\u00e9nt seg\u00edtsenek a kiszolg\u00e1ltatott helyzetben l\u00e9v\u0151 emberek felkarol\u00e1s\u00e1ban. Ne adja Isten, hogy a j\u00f6v\u0151ben nehezebb helyzettel kelljen szemben\u00e9zn\u00fcnk, de ha az t\u00f6rt\u00e9nik, b\u00edzom benne, hogy helyt tudunk \u00e1llni.<\/p>\n<p>Forr\u00e1s: <a href=\"https:\/\/www.magyarkurir.hu\/hirek\/lelemenyes-szeretettel-menekultekert-interju-spanyi-antallal-katolikus-karitasz-elnokevel?fbclid=IwAR3lBSghviDub8jVI5h_jIP-wo4Pc5x2EMBz3mNkgYLZe36AvsseTc7erBg\">Magyar Kur\u00edr<\/a><\/p>\n<\/div>\n<\/div><\/div><\/div><\/div><\/div><div class=\"fusion-fullwidth fullwidth-box fusion-builder-row-2 fusion-flex-container fusion-parallax-none nonhundred-percent-fullwidth non-hundred-percent-height-scrolling\" style=\"--awb-border-sizes-top:0px;--awb-border-sizes-bottom:0px;--awb-border-sizes-left:0px;--awb-border-sizes-right:0px;--awb-border-radius-top-left:0px;--awb-border-radius-top-right:0px;--awb-border-radius-bottom-right:0px;--awb-border-radius-bottom-left:0px;--awb-padding-top:150px;--awb-padding-bottom:150px;--awb-background-image:url(&quot;https:\/\/karitaszeger.hu\/web\/wp-content\/uploads\/2021\/03\/segits-scaled.jpg&quot;);--awb-background-size:cover;--awb-flex-wrap:wrap;\" ><div class=\"fusion-builder-row fusion-row fusion-flex-align-items-flex-start fusion-flex-content-wrap\" style=\"max-width:calc( 1170px + 0px );margin-left: calc(-0px \/ 2 );margin-right: calc(-0px \/ 2 );\"><div class=\"fusion-layout-column fusion_builder_column fusion-builder-column-1 fusion_builder_column_1_1 1_1 fusion-flex-column\" style=\"--awb-padding-right:11%;--awb-padding-left:11%;--awb-bg-size:cover;--awb-width-large:100%;--awb-margin-top-large:0px;--awb-spacing-right-large:0px;--awb-margin-bottom-large:20px;--awb-spacing-left-large:0px;--awb-width-medium:100%;--awb-spacing-right-medium:0px;--awb-spacing-left-medium:0px;--awb-width-small:100%;--awb-spacing-right-small:0px;--awb-spacing-left-small:0px;\"><div class=\"fusion-column-wrapper fusion-flex-justify-content-flex-start fusion-content-layout-column\"><div class=\"fusion-title title fusion-title-1 fusion-sep-none fusion-title-center fusion-title-text fusion-title-size-two\" style=\"--awb-text-color:#ffffff;--awb-margin-top-small:0px;--awb-margin-right-small:0px;--awb-margin-bottom-small:20px;--awb-margin-left-small:0px;\"><h2 class=\"fusion-title-heading title-heading-center\" style=\"margin:0;line-height:1;\"><h2 class=\"piros kozepre\"><span style=\"color: #ffffff;\">AZ \u00d6N SEG\u00cdTS\u00c9G\u00c9RE\u00a0IS SZ\u00dcKS\u00c9G VAN!<\/span><\/h2>\n<div class=\"content\"><\/div><\/h2><\/div><div class=\"fusion-separator\" style=\"align-self: center;margin-left: auto;margin-right: auto;margin-top:0px;margin-bottom:40px;width:100%;max-width:200px;\"><div class=\"fusion-separator-border sep-single sep-solid\" style=\"--awb-height:20px;--awb-amount:20px;--awb-sep-color:#f44336;border-color:#f44336;border-top-width:3px;\"><\/div><\/div><div class=\"fusion-text fusion-text-2\"><h2 style=\"text-align: center;\"><span style=\"color: #ffffff;\"><strong>1356 \u2013 H\u00cdVJON, HOGY SEG\u00cdTHESS\u00dcNK!<\/strong><\/span><\/h2>\n<\/div><div class=\"fusion-builder-row fusion-builder-row-inner fusion-row fusion-flex-align-items-flex-start fusion-flex-content-wrap\" style=\"--awb-flex-grow:0;--awb-flex-grow-medium:0;--awb-flex-grow-small:0;--awb-flex-shrink:0;--awb-flex-shrink-medium:0;--awb-flex-shrink-small:0;width:calc( 100% + 0px ) !important;max-width:calc( 100% + 0px ) !important;margin-left: calc(-0px \/ 2 );margin-right: calc(-0px \/ 2 );\"><div class=\"fusion-layout-column fusion_builder_column_inner fusion-builder-nested-column-0 fusion_builder_column_inner_1_3 1_3 fusion-flex-column\" style=\"--awb-bg-size:cover;--awb-width-large:33.333333333333%;--awb-margin-top-large:0px;--awb-spacing-right-large:0px;--awb-margin-bottom-large:20px;--awb-spacing-left-large:0px;--awb-width-medium:100%;--awb-order-medium:0;--awb-spacing-right-medium:0px;--awb-spacing-left-medium:0px;--awb-width-small:100%;--awb-order-small:0;--awb-spacing-right-small:0px;--awb-spacing-left-small:0px;\"><div class=\"fusion-column-wrapper fusion-column-has-shadow fusion-flex-justify-content-flex-start fusion-content-layout-column\"><\/div><\/div><div class=\"fusion-layout-column fusion_builder_column_inner fusion-builder-nested-column-1 fusion_builder_column_inner_1_3 1_3 fusion-flex-column fusion-animated\" style=\"--awb-bg-color:#f44336;--awb-bg-color-hover:#f44336;--awb-bg-size:cover;--awb-width-large:33.333333333333%;--awb-margin-top-large:0px;--awb-spacing-right-large:0px;--awb-margin-bottom-large:20px;--awb-spacing-left-large:0px;--awb-width-medium:100%;--awb-order-medium:0;--awb-spacing-right-medium:0px;--awb-spacing-left-medium:0px;--awb-width-small:100%;--awb-order-small:0;--awb-spacing-right-small:0px;--awb-spacing-left-small:0px;\" data-animationType=\"bounceInDown\" data-animationDuration=\"1.3\" data-animationOffset=\"top-into-view\"><div class=\"fusion-column-wrapper fusion-column-has-shadow fusion-flex-justify-content-flex-start fusion-content-layout-column\"><div style=\"text-align:center;\"><a class=\"fusion-button button-flat fusion-button-default-size button-custom fusion-button-default button-1 fusion-button-default-span fusion-button-default-type fusion-has-button-gradient\" style=\"--button_accent_color:#ffffff;--button_accent_hover_color:#f44336;--button_border_hover_color:#f44336;--button_border_width-top:0px;--button_border_width-right:0px;--button_border_width-bottom:0px;--button_border_width-left:0px;--button_gradient_top_color:rgba(254,201,107,0);--button_gradient_bottom_color:rgba(254,201,107,0);--button_gradient_top_color_hover:#ffffff;--button_gradient_bottom_color_hover:rgba(0,0,0,0);\" target=\"_self\" href=\"#\"><i class=\"fa-credit-card fas awb-button__icon awb-button__icon--default button-icon-left\" aria-hidden=\"true\"><\/i><span class=\"fusion-button-text awb-button__text awb-button__text--default\">ONLINE ADOM\u00c1NYOZ\u00c1S<\/span><\/a><\/div><\/div><\/div><div class=\"fusion-layout-column fusion_builder_column_inner fusion-builder-nested-column-2 fusion_builder_column_inner_1_3 1_3 fusion-flex-column\" style=\"--awb-bg-size:cover;--awb-width-large:33.333333333333%;--awb-margin-top-large:0px;--awb-spacing-right-large:0px;--awb-margin-bottom-large:20px;--awb-spacing-left-large:0px;--awb-width-medium:100%;--awb-order-medium:0;--awb-spacing-right-medium:0px;--awb-spacing-left-medium:0px;--awb-width-small:100%;--awb-order-small:0;--awb-spacing-right-small:0px;--awb-spacing-left-small:0px;\"><div class=\"fusion-column-wrapper fusion-column-has-shadow fusion-flex-justify-content-flex-start fusion-content-layout-column\"><\/div><\/div><\/div><\/div><\/div><\/div><\/div><\/p>\n","protected":false},"excerpt":{"rendered":"","protected":false},"author":3,"featured_media":4391,"comment_status":"open","ping_status":"open","sticky":false,"template":"","format":"standard","meta":{"footnotes":""},"categories":[107],"tags":[],"class_list":["post-4390","post","type-post","status-publish","format-standard","has-post-thumbnail","hentry","category-hirek"],"_links":{"self":[{"href":"https:\/\/karitaszeger.hu\/web\/wp-json\/wp\/v2\/posts\/4390","targetHints":{"allow":["GET"]}}],"collection":[{"href":"https:\/\/karitaszeger.hu\/web\/wp-json\/wp\/v2\/posts"}],"about":[{"href":"https:\/\/karitaszeger.hu\/web\/wp-json\/wp\/v2\/types\/post"}],"author":[{"embeddable":true,"href":"https:\/\/karitaszeger.hu\/web\/wp-json\/wp\/v2\/users\/3"}],"replies":[{"embeddable":true,"href":"https:\/\/karitaszeger.hu\/web\/wp-json\/wp\/v2\/comments?post=4390"}],"version-history":[{"count":1,"href":"https:\/\/karitaszeger.hu\/web\/wp-json\/wp\/v2\/posts\/4390\/revisions"}],"predecessor-version":[{"id":4392,"href":"https:\/\/karitaszeger.hu\/web\/wp-json\/wp\/v2\/posts\/4390\/revisions\/4392"}],"wp:featuredmedia":[{"embeddable":true,"href":"https:\/\/karitaszeger.hu\/web\/wp-json\/wp\/v2\/media\/4391"}],"wp:attachment":[{"href":"https:\/\/karitaszeger.hu\/web\/wp-json\/wp\/v2\/media?parent=4390"}],"wp:term":[{"taxonomy":"category","embeddable":true,"href":"https:\/\/karitaszeger.hu\/web\/wp-json\/wp\/v2\/categories?post=4390"},{"taxonomy":"post_tag","embeddable":true,"href":"https:\/\/karitaszeger.hu\/web\/wp-json\/wp\/v2\/tags?post=4390"}],"curies":[{"name":"wp","href":"https:\/\/api.w.org\/{rel}","templated":true}]}}