{"id":4397,"date":"2022-03-23T12:57:46","date_gmt":"2022-03-23T12:57:46","guid":{"rendered":"https:\/\/karitaszeger.hu\/web\/?p=4397"},"modified":"2022-04-01T12:59:37","modified_gmt":"2022-04-01T12:59:37","slug":"a-menekult-csaladok-sem-tetlenkednek-onkentes-munkajukkal-segitik-a-hatarhoz-erkezo-honfitarsaikat","status":"publish","type":"post","link":"https:\/\/karitaszeger.hu\/web\/2022\/03\/23\/a-menekult-csaladok-sem-tetlenkednek-onkentes-munkajukkal-segitik-a-hatarhoz-erkezo-honfitarsaikat\/","title":{"rendered":"A menek\u00fclt csal\u00e1dok sem t\u00e9tlenkednek, \u00f6nk\u00e9ntes munk\u00e1jukkal seg\u00edtik a hat\u00e1rhoz \u00e9rkez\u0151 honfit\u00e1rsaikat"},"content":{"rendered":"<p><div class=\"fusion-fullwidth fullwidth-box fusion-builder-row-1 fusion-flex-container nonhundred-percent-fullwidth non-hundred-percent-height-scrolling\" style=\"--awb-border-radius-top-left:0px;--awb-border-radius-top-right:0px;--awb-border-radius-bottom-right:0px;--awb-border-radius-bottom-left:0px;--awb-padding-bottom:30px;--awb-flex-wrap:wrap;\" ><div class=\"fusion-builder-row fusion-row fusion-flex-align-items-flex-start fusion-flex-content-wrap\" style=\"max-width:1216.8px;margin-left: calc(-4% \/ 2 );margin-right: calc(-4% \/ 2 );\"><div class=\"fusion-layout-column fusion_builder_column fusion-builder-column-0 fusion_builder_column_1_1 1_1 fusion-flex-column\" style=\"--awb-bg-size:cover;--awb-width-large:100%;--awb-margin-top-large:0px;--awb-spacing-right-large:1.92%;--awb-margin-bottom-large:0px;--awb-spacing-left-large:1.92%;--awb-width-medium:100%;--awb-spacing-right-medium:1.92%;--awb-spacing-left-medium:1.92%;--awb-width-small:100%;--awb-spacing-right-small:1.92%;--awb-spacing-left-small:1.92%;\"><div class=\"fusion-column-wrapper fusion-flex-justify-content-flex-start fusion-content-layout-column\"><div class=\"fusion-separator fusion-full-width-sep\" style=\"align-self: center;margin-left: auto;margin-right: auto;margin-bottom:10px;width:100%;\"><div class=\"fusion-separator-border sep-single\" style=\"--awb-height:20px;--awb-amount:20px;border-color:#e00000;border-top-width:1px;\"><\/div><\/div><div class=\"fusion-text fusion-text-1\" style=\"--awb-text-transform:none;\"><p><strong>K\u00f6zel egy h\u00f3napja tart az orosz-ukr\u00e1n h\u00e1bor\u00fa,\u00a0 t\u00f6bb sz\u00e1zezer menek\u00fclt ember \u00a0\u00e9rkezett haz\u00e1nk ter\u00fclet\u00e9re egyh\u00e1zmegy\u00e9nk hat\u00e1rmenti telep\u00fcl\u00e9sein kereszt\u00fcl, ahol az\u00f3ta is folyamatosan zajlik a bajba jutottak \u00a0fogad\u00e1sa, seg\u00edt\u00e9se, tov\u00e1bbutaztat\u00e1sa. Magyarorsz\u00e1g t\u00f6rt\u00e9net\u00e9nek <em>legnagyobb humanit\u00e1rius<\/em>\u00a0akci\u00f3j\u00e1ban vesz\u00fcnk r\u00e9szt egy\u00fctt a korm\u00e1nnyal, az egyh\u00e1zakkal, az orsz\u00e1gos karitat\u00edv seg\u00e9lyszervezetekkel, \u00f6nkorm\u00e1nyzatokkal, civil \u00f6nk\u00e9ntesekkel. Tal\u00e1n nincs haz\u00e1nkban olyan ember, aki valamilyen form\u00e1ban ne seg\u00edtett, adom\u00e1nyozott volna a h\u00e1bor\u00fab\u00f3l menek\u00fcl\u0151 embereknek.<\/strong><\/p>\n<p><strong>Az egyh\u00e1zmegy\u00e9nk ter\u00fclet\u00e9n is sok csal\u00e1d telepedett m\u00e1r le ideiglenesen, a helyzet napr\u00f3l napra v\u00e1ltozik, \u00edgy a Debrecen-Ny\u00edregyh\u00e1zi Egyh\u00e1zmegye karit\u00e1sz szervezete is m\u00e1s feladatok fel\u00e9 orient\u00e1l\u00f3dik, szolg\u00e1lat\u00e1nak s\u00falypontja az elm\u00falt egy-k\u00e9t h\u00e9tben \u00e1ttev\u0151d\u00f6tt a ny\u00edregyh\u00e1zi karit\u00e1szk\u00f6zpontba, illetve a menek\u00fclteket befogad\u00f3 telep\u00fcl\u00e9sekre. \u00a0<\/strong><\/p>\n<div class=\"wp-block-image\">\n<figure class=\"aligncenter size-large\"><img decoding=\"async\" class=\"wp-image-5265\" src=\"https:\/\/www.dnyem.hu\/wp-content\/uploads\/2022\/03\/7M7A3037-1024x893.jpg\" sizes=\"(max-width: 1024px) 100vw, 1024px\" srcset=\"https:\/\/www.dnyem.hu\/wp-content\/uploads\/2022\/03\/7M7A3037-1024x893.jpg 1024w, https:\/\/www.dnyem.hu\/wp-content\/uploads\/2022\/03\/7M7A3037-300x262.jpg 300w, https:\/\/www.dnyem.hu\/wp-content\/uploads\/2022\/03\/7M7A3037-768x670.jpg 768w, https:\/\/www.dnyem.hu\/wp-content\/uploads\/2022\/03\/7M7A3037-1536x1340.jpg 1536w, https:\/\/www.dnyem.hu\/wp-content\/uploads\/2022\/03\/7M7A3037-2048x1787.jpg 2048w, https:\/\/www.dnyem.hu\/wp-content\/uploads\/2022\/03\/7M7A3037-1800x1570.jpg 1800w\" alt=\"\" width=\"1024\" height=\"893\" \/><\/figure>\n<\/div>\n<p><strong>Csord\u00e1s G\u00e1bor egyh\u00e1zmegyei karit\u00e1szigazgat\u00f3 aty\u00e1val a jelenlegi feladatokr\u00f3l, teend\u0151kr\u0151l besz\u00e9lget\u00fcnk.<\/strong><\/p>\n<p>\u2013 M\u00e1ra m\u00e1r be\u00e1llt minden, olajozottabban m\u0171k\u00f6dik a menek\u00fcltek fogad\u00e1sa, az adom\u00e1nyok sz\u00e1ll\u00edt\u00e1sa a megfelel\u0151 helyekre. Mondhatni z\u00f6kken\u0151mentes. Nem tudjuk meddig tart az orosz-ukr\u00e1n konfliktus, de az \u00f6nk\u00e9nteseket tov\u00e1bbra is v\u00e1rjuk, akikt\u0151l azt k\u00e9rj\u00fck, hogy a Katolikus Karit\u00e1sz honlapj\u00e1n (www.karitasz.hu) el\u0151zetes regisztr\u00e1l\u00e1s ut\u00e1n induljanak el.<\/p>\n<p><strong>\u2013 Tudvalev\u0151, hogy a hat\u00e1rok feloszt\u00e1sra ker\u00fcltek az orsz\u00e1gos seg\u00e9lyszervezetek k\u00f6z\u00f6tt. A Katolikus Karit\u00e1sz b\u00e1zis\u00e1n, Barab\u00e1son mennyi \u00f6nk\u00e9ntes seg\u00edt\u0151re van sz\u00fcks\u00e9g naponta?<\/strong><\/p>\n<blockquote class=\"wp-block-quote\">\n<p><mark class=\"has-inline-color has-secondary-color\">\u2013 <em>A Katolikus Karit\u00e1sznak van a legkomolyabb \u00f6nk\u00e9ntes b\u00e1zisa, ez orsz\u00e1gszerte nagy potenci\u00e1l, ahonnan egyb\u0151l lehetett mozg\u00f3s\u00edtani az \u00f6nk\u00e9nteseket, hiszen \u0151k eg\u00e9sz \u00e9vben teszik a dolgukat, folyamatosan benne vannak a szeretetszolg\u00e1lat v\u00e9rkering\u00e9s\u00e9ben, \u00edgy szinte a kezdetekt\u0151l fogva jelen voltak a hat\u00e1rokn\u00e1l is.<\/em><\/mark><\/p>\n<\/blockquote>\n<p>B\u00e1rmikor kimegyek Barab\u00e1sra, mindig tal\u00e1lkozok legal\u00e1bb t\u00edz \u00f6nk\u00e9ntessel. B\u00e1r a Reform\u00e1tus Szeretetszolg\u00e1lat \u00e9s a Magyar M\u00e1ltai Szeretetszolg\u00e1lat is komoly infrastrukt\u00far\u00e1val rendelkezik, kicsi az \u00f6nk\u00e9ntes b\u00e1zisa, \u00edgy \u0151k is k\u00e9rtek m\u00e1r t\u0151l\u00fcnk seg\u00edts\u00e9get.<\/p>\n<div class=\"wp-block-image\">\n<figure class=\"aligncenter size-large\"><img decoding=\"async\" class=\"wp-image-5280\" src=\"https:\/\/www.dnyem.hu\/wp-content\/uploads\/2022\/03\/275991799_4888777711199883_6360123054538548529_n-1024x768.jpg\" sizes=\"(max-width: 1024px) 100vw, 1024px\" srcset=\"https:\/\/www.dnyem.hu\/wp-content\/uploads\/2022\/03\/275991799_4888777711199883_6360123054538548529_n-1024x768.jpg 1024w, https:\/\/www.dnyem.hu\/wp-content\/uploads\/2022\/03\/275991799_4888777711199883_6360123054538548529_n-300x225.jpg 300w, https:\/\/www.dnyem.hu\/wp-content\/uploads\/2022\/03\/275991799_4888777711199883_6360123054538548529_n-768x576.jpg 768w, https:\/\/www.dnyem.hu\/wp-content\/uploads\/2022\/03\/275991799_4888777711199883_6360123054538548529_n-1536x1152.jpg 1536w, https:\/\/www.dnyem.hu\/wp-content\/uploads\/2022\/03\/275991799_4888777711199883_6360123054538548529_n-1800x1350.jpg 1800w, https:\/\/www.dnyem.hu\/wp-content\/uploads\/2022\/03\/275991799_4888777711199883_6360123054538548529_n.jpg 2048w\" alt=\"\" width=\"1024\" height=\"768\" \/><figcaption>K\u00f6sz\u00f6nj\u00fck a tuzs\u00e9ri P\u00e1duai Szent Antal Karit\u00e1sznak, T\u00f3th Tiborn\u00e9 Veronik\u00e1nak \u00e9s seg\u00edt\u0151inek, hogy napok \u00f3ta szem\u00e9lyesen viszik \u00e1t a hat\u00e1r t\u00faloldal\u00e1ra az adom\u00e1nyokat.<\/figcaption><\/figure>\n<\/div>\n<p><strong>\u2013 Az els\u0151 napokban szigor\u00fabbak voltak a szab\u00e1lyok, a seg\u00e9lyszervezetek nem \u00f6r\u00fcltek az \u00e1tj\u00e1r\u00e1snak, mondv\u00e1n mindenki a saj\u00e1t b\u00e1zis\u00e1n seg\u00edtsen.<\/strong><\/p>\n<p>\u2013 Igen, a szervezettebb munka kialak\u00edt\u00e1s\u00e1hoz volt sz\u00fcks\u00e9g a szigor\u00edt\u00e1sra, hogy mindenhol egyenl\u0151 ar\u00e1nyban legyenek seg\u00edt\u0151k, de most m\u00e1r minden \u00e1tl\u00e1that\u00f3bb, az emberek tudj\u00e1k a dolgukat. Ha valaki \u00f6nk\u00e9ntes munk\u00e1ra jelentkezik, akkor vagy hat\u00e1rt, vagy szervezetet v\u00e1laszt, de mindenk\u00e9ppen inform\u00e1l\u00f3djon \u00e9s regisztr\u00e1ljon az adott seg\u00e9lyszervezet honlapj\u00e1n. Ahhoz k\u00e9pest, hogy mi vagyunk a legkomolyabb szeretetszolg\u00e1lat az orsz\u00e1gban, mi kaptuk meg az egyik legkisebb hat\u00e1r\u00e1tkel\u0151 telep\u00fcl\u00e9st, Barab\u00e1st. Ilyen tekintetben egy kicsi helyre koncentr\u00e1l\u00f3dik az orsz\u00e1gos Katolikus Karit\u00e1sz, nem besz\u00e9lve arr\u00f3l, hogy ez a hat\u00e1r\u00e1llom\u00e1s k\u00e9t egyh\u00e1zmegye, a Debrecen-Ny\u00edregyh\u00e1zi \u00e9s a g\u00f6r\u00f6gkatolikus Ny\u00edregyh\u00e1zi Egyh\u00e1zmegye ter\u00fclete is.<\/p>\n<p><strong>\u2013 Hogyan alkalmazkodik ehhez a helyzethez az egyh\u00e1zmegy\u00e9nk karit\u00e1sz szervezete?<\/strong><\/p>\n<p>\u2013 Tov\u00e1bbra is jelen vagyunk a hat\u00e1ron, de a helyzet sok h\u00e1tt\u00e9rmunk\u00e1t is ad a ny\u00edregyh\u00e1zi karit\u00e1sz k\u00f6zpontunkban, amelyben egyh\u00e1zmegy\u00e9nk \u00f6nk\u00e9ntesei dolgoznak. Minden nap 10-12 f\u0151s \u00f6nk\u00e9ntes csapat, k\u00f6zt\u00fck a helyi egyh\u00e1zk\u00f6zs\u00e9gek h\u00edvei v\u00e1logatj\u00e1k, rendszerezik a gyakran kamionokkal \u00e9rkez\u0151 adom\u00e1nyokat.<\/p>\n<div class=\"wp-block-image\">\n<figure class=\"aligncenter size-full\"><img decoding=\"async\" class=\"wp-image-5271\" src=\"https:\/\/www.dnyem.hu\/wp-content\/uploads\/2022\/03\/275886218_1080754219150364_2670864749637592942_n.jpg\" sizes=\"(max-width: 960px) 100vw, 960px\" srcset=\"https:\/\/www.dnyem.hu\/wp-content\/uploads\/2022\/03\/275886218_1080754219150364_2670864749637592942_n.jpg 960w, https:\/\/www.dnyem.hu\/wp-content\/uploads\/2022\/03\/275886218_1080754219150364_2670864749637592942_n-300x169.jpg 300w, https:\/\/www.dnyem.hu\/wp-content\/uploads\/2022\/03\/275886218_1080754219150364_2670864749637592942_n-768x432.jpg 768w\" alt=\"\" width=\"960\" height=\"540\" \/><\/figure>\n<\/div>\n<p><strong>\u2013 Az \u00f6nk\u00e9ntesek k\u00f6z\u00f6tt a menek\u00fcltek is felaj\u00e1nlj\u00e1k seg\u00edts\u00e9g\u00fcket hetente t\u00f6bb alkalommal.<\/strong><\/p>\n<p>\u2013 A menek\u00fclt csal\u00e1dok nem t\u00e9tlenkednek. Az\u00e9rt j\u00f6nnek \u00f6nk\u00e9nteskedni, hogy valamennyit visszaadjanak abb\u00f3l, amit kaptak. K\u00e9sz\u00edtik a szendvicseket, a csomagokat a hat\u00e1rhoz \u00e9rkez\u0151 honfit\u00e1rsaiknak.<\/p>\n<p>A k\u00e1rp\u00e1taljai Bereg\u00fajfalub\u00f3l menek\u00fclt \u00e1t a csal\u00e1dj\u00e1val Bar\u00e1th Ferenc, akinek munk\u00e1j\u00e1ra most m\u00e1r bejelentett munkat\u00e1rsk\u00e9nt sz\u00e1m\u00edthatunk a karit\u00e1sz k\u00f6zpontban. F\u00e9l \u00f3r\u00e1val azel\u0151tt j\u00f6ttek \u00e1t a hat\u00e1ron, hogy az ukr\u00e1n korm\u00e1ny a sork\u00f6teles f\u00e9rfiaknak megtiltotta az orsz\u00e1g elhagy\u00e1s\u00e1t.\u00a0 A koll\u00e9g\u00e1nk komoly v\u00e1llalkoz\u00e1st hagyott maga m\u00f6g\u00f6tt.<\/p>\n<p><strong>\u2013 A karit\u00e1sz az eg\u00e9sz egyh\u00e1zmegye ter\u00fclet\u00e9n seg\u00edti a csal\u00e1dok tov\u00e1bbi \u00e9let\u00e9t.<\/strong><\/p>\n<p>\u2013 M\u00e1r nem csak a hat\u00e1ron fogadjuk a menek\u00fclteket,\u00a0 hanem azoknak az \u00e9let\u00e9t is seg\u00edtj\u00fck, akik itt vannak elsz\u00e1ll\u00e1solva, \u00e9s \u00fagy t\u0171nik, egyel\u0151re itt maradnak.<\/p>\n<p>Jelenleg 17 csoportunk \u00e1ll k\u00f6zvetlen \u00f6sszek\u00f6ttet\u00e9sben olyanokkal, akik helyben telepedtek le. Hajd\u00fa-Bihar megy\u00e9ben is egyre t\u00f6bben vannak. Sokan az\u00e9rt nem utaznak tov\u00e1bb, mert rem\u00e9nykednek, hogy ha v\u00e9get \u00e9r a h\u00e1bor\u00fa visszat\u00e9rhetnek haz\u00e1jukba.<\/p>\n<p>\u00c9ppen ez\u00e9rt tov\u00e1bbra is seg\u00edtj\u00fck \u0151ket adom\u00e1nyokkal is.<\/p>\n<div class=\"wp-block-image\">\n<figure class=\"aligncenter size-full\"><img decoding=\"async\" class=\"wp-image-5268\" src=\"https:\/\/www.dnyem.hu\/wp-content\/uploads\/2022\/03\/275936171_1080754859150300_64342848495194727_n.jpg\" sizes=\"(max-width: 960px) 100vw, 960px\" srcset=\"https:\/\/www.dnyem.hu\/wp-content\/uploads\/2022\/03\/275936171_1080754859150300_64342848495194727_n.jpg 960w, https:\/\/www.dnyem.hu\/wp-content\/uploads\/2022\/03\/275936171_1080754859150300_64342848495194727_n-300x169.jpg 300w, https:\/\/www.dnyem.hu\/wp-content\/uploads\/2022\/03\/275936171_1080754859150300_64342848495194727_n-768x432.jpg 768w\" alt=\"\" width=\"960\" height=\"540\" \/><\/figure>\n<\/div>\n<p><strong>\u2013 M\u00edg az els\u0151 napokban f\u0151leg h\u0171t\u00e9st nem ig\u00e9nyl\u0151 \u00fati csomagokra volt sz\u00fcks\u00e9g, most mi az, ami k\u00f6nny\u00edti a bajba ker\u00fclt emberek \u00e9let\u00e9t?<\/strong><\/p>\n<blockquote class=\"wp-block-quote\">\n<p><mark class=\"has-inline-color has-secondary-color\">\u2013 <em>Matracokra, pl\u00e9dekre, \u00e1gynem\u0171 huzatokra, tiszt\u00e1lkod\u00e1si eszk\u00f6z\u00f6kre (csecsem\u0151knek is), WC pap\u00edrra, eg\u00e9szs\u00e9g\u00fcgyi bet\u00e9tekre, tiszt\u00edt\u00f3szerekre, a lelkigyakorlatos h\u00e1zakban hosszabb ideig tart\u00f3zkod\u00f3knak tea-, k\u00e1v\u00e9f\u0151z\u0151, mikrohull\u00e1m\u00fa s\u00fct\u0151, ruhasz\u00e1r\u00edt\u00f3 \u00e1llv\u00e1nyra, valamint tart\u00f3s \u00e9lelmiszerre \u00e9s konyhai eszk\u00f6z\u00f6kre is sz\u00fcks\u00e9g\u00fcnk lenne.<\/em><\/mark><\/p>\n<\/blockquote>\n<p>Az adom\u00e1nyoz\u00f3knak \u00e9rdemes el\u0151zetesen inform\u00e1l\u00f3dni, mi az, ami m\u00e9g hi\u00e1nyzik ezekb\u0151l az eszk\u00f6z\u00f6kb\u0151l:<strong><mark class=\"has-inline-color has-secondary-color\">(Roszel Gertrud kapcsolattart\u00f3: +36 30\/116 5737)<\/mark><\/strong><\/p>\n<p>A menek\u00fclt csal\u00e1dok sz\u00e9gyellik elfogadni azt a felaj\u00e1nl\u00e1sunkat, hogy k\u00f6z\u00e9tkeztet\u00e9sen kereszt\u00fcl biztos\u00edtsunk sz\u00e1mukra meleg \u00e9telt. Azt mondj\u00e1k, eg\u00e9sz \u00e9let\u00fckben ell\u00e1tt\u00e1k a csal\u00e1djukat, otthon vannak, \u00e9s nem fogj\u00e1k azt v\u00e1rni, hogy m\u00e1sok f\u0151zzenek r\u00e1juk.<\/p>\n<p>Nek\u00fcnk egyszer\u0171bb lett volna kifizetni a k\u00f6z\u00e9tkeztet\u00e9s d\u00edj\u00e1t, de \u00edgy mindent \u00f6ssze kell szedn\u00fcnk, ami sz\u00fcks\u00e9ges a f\u0151z\u00e9shez, adott esetben t\u0171zhelyet, konyhai eszk\u00f6z\u00f6ket alapanyagokat stb. Ez nagyobb szervez\u00e9st ig\u00e9nyel, de emberileg fontos tiszteletben tartani a k\u00e9r\u00e9s\u00fcket, hogy az asszonyok ne \u00e9rezz\u00e9k magukat f\u00f6l\u00f6slegesnek.<\/p>\n<div class=\"wp-block-image\">\n<figure class=\"aligncenter size-full\"><img decoding=\"async\" class=\"wp-image-5270\" src=\"https:\/\/www.dnyem.hu\/wp-content\/uploads\/2022\/03\/276079358_1080754252483694_1582928163650807889_n.jpg\" sizes=\"(max-width: 960px) 100vw, 960px\" srcset=\"https:\/\/www.dnyem.hu\/wp-content\/uploads\/2022\/03\/276079358_1080754252483694_1582928163650807889_n.jpg 960w, https:\/\/www.dnyem.hu\/wp-content\/uploads\/2022\/03\/276079358_1080754252483694_1582928163650807889_n-300x169.jpg 300w, https:\/\/www.dnyem.hu\/wp-content\/uploads\/2022\/03\/276079358_1080754252483694_1582928163650807889_n-768x432.jpg 768w\" alt=\"\" width=\"960\" height=\"540\" \/><\/figure>\n<\/div>\n<p>Most tartal\u00e9kolunk, tel\u00edtj\u00fck a rakt\u00e1rainkat, mert nem tudjuk meddig tart a h\u00e1bor\u00fa. Ha majd visszat\u00e9rhetnek a csal\u00e1dok, akkor is sz\u00fcks\u00e9g\u00fck lesz \u00e9lelmiszer adom\u00e1nyokra, hiszen ott most gyakorlatilag semmi sincs. A p\u00e9nzadom\u00e1nyokb\u00f3l \u00e9lelmiszer utalv\u00e1nyokat is osztunk ki a csal\u00e1doknak.<\/p>\n<p><strong>\u2013 Vid\u00e9ken ez hogyan m\u0171k\u00f6dik?<\/strong><\/p>\n<p>\u2013 A falvakban a helyi karit\u00e1sz csoport v\u00e1s\u00e1rol be, de nagyon j\u00f3l m\u0171k\u00f6dik a helyi seg\u00edts\u00e9g. A kis telep\u00fcl\u00e9sek v\u00e1llalkoz\u00f3i felkarolj\u00e1k az oda ker\u00fcl\u0151 csal\u00e1dokat, a p\u00e9ks\u00e9gek, boltok ell\u00e1tj\u00e1k \u0151ket \u00e9lelmiszerrel, orvosi ell\u00e1t\u00e1sra is sz\u00e1m\u00edthatnak, \u00e9s a gy\u00f3gyszert\u00e1rban sem engedik kifizetni a gy\u00f3gyszereiket. Ez szint\u00e9n a mi \u00f6nk\u00e9ntes h\u00e1l\u00f3zatunknak a potenci\u00e1lja, hogy a dolgok 80 %-\u00e1t helyi szinten meg tudj\u00e1k oldani. Felkeresik a v\u00e1llalkoz\u00f3kat, keresked\u0151ket, a telep\u00fcl\u00e9s polg\u00e1rmester\u00e9t, ez az, ami p\u00f3tolhatatlan. Akkor fordulnak hozz\u00e1nk, ha valamib\u0151l kifogynak, vagy valamilyen speci\u00e1lis eszk\u00f6zre van sz\u00fcks\u00e9g\u00fck. Helyi szinten a csoportjaink nagyon \u00fcgyesek. Vannak telep\u00fcl\u00e9sek, mint a leveleki egyh\u00e1zk\u00f6zs\u00e9ghez tartoz\u00f3 \u00d3feh\u00e9rt\u00f3, ahol az \u00f6nk\u00e9ntes munkat\u00e1rsaink mintegy k\u00e9tsz\u00e1z bajba jutott embernek seg\u00edtik a mindennapjait.<\/p>\n<div class=\"wp-block-image\">\n<figure class=\"aligncenter size-full\"><img decoding=\"async\" class=\"wp-image-5266\" src=\"https:\/\/www.dnyem.hu\/wp-content\/uploads\/2022\/03\/276211575_1081548099070976_1815870806230923674_n.jpg\" sizes=\"(max-width: 960px) 100vw, 960px\" srcset=\"https:\/\/www.dnyem.hu\/wp-content\/uploads\/2022\/03\/276211575_1081548099070976_1815870806230923674_n.jpg 960w, https:\/\/www.dnyem.hu\/wp-content\/uploads\/2022\/03\/276211575_1081548099070976_1815870806230923674_n-300x169.jpg 300w, https:\/\/www.dnyem.hu\/wp-content\/uploads\/2022\/03\/276211575_1081548099070976_1815870806230923674_n-768x432.jpg 768w\" alt=\"\" width=\"960\" height=\"540\" \/><\/figure>\n<\/div>\n<p>Lassan megismerj\u00fck a k\u00e1rp\u00e1taljai csal\u00e1dok \u00e9tkez\u00e9si kult\u00far\u00e1j\u00e1t is. L\u00e1tva a rengeteg gyereket, csecsem\u0151t, b\u00e9bi\u00e9tel sz\u00e1ll\u00edtm\u00e1nyokat kaptunk, de kider\u00fclt, hogy a kisgyermekek nem fogyasztj\u00e1k a b\u00e9bi\u00e9teleket, ink\u00e1bb csak tejterm\u00e9keket. A felmer\u00fclt ig\u00e9nyre \u00e9rkezett az Alf\u00f6ldi Tej-t\u0151l egy kamion tart\u00f3s tej, kaka\u00f3, ennek egy r\u00e9sz\u00e9t a hat\u00e1rhoz vissz\u00fck, vagy \u00a0kiosztjuk azoknak a csoportoknak, ahol vannak menek\u00fclt csal\u00e1dok.<\/p>\n<div class=\"wp-block-image\">\n<figure class=\"aligncenter size-full\"><img decoding=\"async\" class=\"wp-image-5267\" src=\"https:\/\/www.dnyem.hu\/wp-content\/uploads\/2022\/03\/275998614_1081951225697330_6134561494680198940_n.jpg\" sizes=\"(max-width: 510px) 100vw, 510px\" srcset=\"https:\/\/www.dnyem.hu\/wp-content\/uploads\/2022\/03\/275998614_1081951225697330_6134561494680198940_n.jpg 510w, https:\/\/www.dnyem.hu\/wp-content\/uploads\/2022\/03\/275998614_1081951225697330_6134561494680198940_n-270x300.jpg 270w\" alt=\"\" width=\"510\" height=\"567\" \/><figcaption>Sonia Ill\u00e1n, a spanyolorsz\u00e1gi Murcia Egyetem \u00fajs\u00e1g\u00edr\u00f3ja sz\u00edv\u00e9be z\u00e1rta M\u00e9sz\u00e1ros Sebesty\u00e9nt, aki h\u00e1rom \u00f3r\u00e1n kereszt\u00fcl seg\u00edtett a humanit\u00e1rius sz\u00e1ll\u00edtm\u00e1ny \u00e1tpakol\u00e1s\u00e1ban.<\/figcaption><\/figure>\n<\/div>\n<p><strong>\u2013 Rengeteg adom\u00e1ny \u00e9rkezik k\u00fclf\u00f6ldr\u0151l is Ausztri\u00e1b\u00f3l, N\u00e9metorsz\u00e1gb\u00f3l, Spanyolorsz\u00e1gb\u00f3l. Az is nagy \u00e1ld\u00e1s, hogy a Debrecen-Ny\u00edregyh\u00e1zi Egyh\u00e1zmegye \u00e9ppen egy \u00e9vvel ezel\u0151tt vette birtokba a 70 m2-es kiszolg\u00e1l\u00f3helyis\u00e9gekkel ell\u00e1tott 3000 m2-es rakt\u00e1r\u00e9p\u00fcletet, ami az egyh\u00e1zmegyei karit\u00e1sz k\u00f6zpontja lett.<\/strong><\/p>\n<p>\u2013 \u00c9ppen egy \u00e9vvel ezel\u0151tt k\u00f6lt\u00f6zt\u00fcnk be. Nagy seg\u00edts\u00e9get jelent ez a hatalmas rakt\u00e1r\u00e9p\u00fclet, amely m\u00e1ra m\u00e1r megtelt, most egy k\u00fcls\u0151 helyis\u00e9get is ig\u00e9nybe vesz\u00fcnk, hogy azok az adom\u00e1nyok, amelyekre most nincs sz\u00fcks\u00e9g (ny\u00e1ri holmik, b\u00fatorok), ne foglalj\u00e1k a helyet. Eloszt\u00f3 b\u00e1zisa lett\u00fcnk a Munk\u00e1csi Egyh\u00e1zmegye Szent M\u00e1rton Karit\u00e1sz szervezet\u00e9nek is. A m\u00falt h\u00e9ten a spanyolorsz\u00e1gi <em>Murcia Egyetemt\u0151l<\/em> humanit\u00e1rius kamionsz\u00e1ll\u00edtm\u00e1ny \u00e9rkezett, amit c\u00e9lzottan a k\u00e1rp\u00e1taljai szervezet sz\u00e1m\u00e1ra aj\u00e1nlottak fel, \u00e9s a munk\u00e1csiak itt vett\u00e9k \u00e1t az adom\u00e1nyt. N\u00e9metorsz\u00e1g, Ausztriai, valamint hazai c\u00e9gek is hozz\u00e1k adom\u00e1nyaikat.<\/p>\n<p>Olykor a b\u00fatorokra is sz\u00fcks\u00e9g van, hiszen \u00fcresen \u00e1ll\u00f3 egyh\u00e1zi \u00e9p\u00fcleteket pl\u00e9b\u00e1ni\u00e1kat is lakhat\u00f3v\u00e1 kell tenn\u00fcnk.<\/p>\n<figure class=\"wp-block-image size-large\"><img decoding=\"async\" class=\"wp-image-5263\" src=\"https:\/\/www.dnyem.hu\/wp-content\/uploads\/2022\/03\/7M7A3042-1024x969.jpg\" sizes=\"(max-width: 1024px) 100vw, 1024px\" srcset=\"https:\/\/www.dnyem.hu\/wp-content\/uploads\/2022\/03\/7M7A3042-1024x969.jpg 1024w, https:\/\/www.dnyem.hu\/wp-content\/uploads\/2022\/03\/7M7A3042-300x284.jpg 300w, https:\/\/www.dnyem.hu\/wp-content\/uploads\/2022\/03\/7M7A3042-768x726.jpg 768w, https:\/\/www.dnyem.hu\/wp-content\/uploads\/2022\/03\/7M7A3042-1536x1453.jpg 1536w, https:\/\/www.dnyem.hu\/wp-content\/uploads\/2022\/03\/7M7A3042-2048x1937.jpg 2048w, https:\/\/www.dnyem.hu\/wp-content\/uploads\/2022\/03\/7M7A3042-1800x1703.jpg 1800w\" alt=\"\" width=\"1024\" height=\"969\" \/><\/figure>\n<p><strong>\u2013 Pal\u00e1nki Ferenc megy\u00e9sp\u00fcsp\u00f6k atya az els\u0151 napokban k\u00e9rte a pl\u00e9b\u00e1ni\u00e1kat az \u00fcresen \u00e1ll\u00f3 \u00e9p\u00fcletek fogad\u00f3k\u00e9pess\u00e9 t\u00e9tel\u00e9re. Hol tudunk m\u00e9g csal\u00e1dokat elhelyezni?<\/strong><\/p>\n<p>\u2013 Jelenleg minden lakhat\u00f3 \u00e1llapotban l\u00e9v\u0151 \u00e9p\u00fclet\u00fcnkben vannak csal\u00e1dok. Volt, ahol teljesen be kellett rendezni az \u00e9p\u00fcletet, de helyi szinten ehhez is sok seg\u00edts\u00e9get kaptunk. A lelkigyakorlatos h\u00e1zainkba is bek\u00f6lt\u00f6ztek m\u00e1r, a borb\u00e1nyai h\u00e1zban f\u00fcrd\u0151szob\u00e1val ell\u00e1tott szob\u00e1kban tudjuk \u0151ket elhelyezni k\u00f6z\u00f6s konyhahaszn\u00e1lattal. Mindent megtesz\u00fcnk, hogy a gyermekek min\u00e9l kevesebbet \u00e9rezzenek meg csal\u00e1djuk neh\u00e9z helyzet\u00e9b\u0151l. J\u00e1tsz\u00f3szob\u00e1kat alak\u00edtunk ki, ahol \u00f6nk\u00e9ntes \u00f3v\u00f3n\u0151k, pedag\u00f3gusok is seg\u00edts\u00e9g\u00fcnkre vannak, de nagyon n\u00e9pszer\u0171 volt a ny\u00edregyh\u00e1zi Vadasparkban tett ingyenes l\u00e1togat\u00e1sunk is.<\/p>\n<p><strong>\u2013 Azt is tapasztaljuk, hogy a helyi v\u00e1llalkoz\u00f3k, \u0151stermel\u0151k munk\u00e1val is ell\u00e1tj\u00e1k az embereket.<\/strong><strong>Munkak\u00f6zvet\u00edt\u00e9ssel is foglalkozik a karit\u00e1sz ebben a helyzetben? Hogyan?<\/strong><\/p>\n<p>\u2013 Egyr\u00e9szt szem\u00e9lyes ismerets\u00e9gen kereszt\u00fcl keress\u00fck a lehet\u0151s\u00e9geket a c\u00e9gekn\u00e9l, v\u00e1llalkoz\u00f3kn\u00e1l, \u0151k szint\u00e9n nyitottak \u00e9s mindent megtesznek, hogy munkalehet\u0151s\u00e9get biztos\u00edtsanak. A kistelep\u00fcl\u00e9seken gyakorlatilag m\u00e1r egy f\u00e9rfi sincs otthon, mindenki kapott munk\u00e1t gy\u00fcm\u00f6lcs\u00f6s\u00f6kben, \u00e9p\u00edtkez\u00e9seken. A csal\u00e1dok nem v\u00e1logatnak, minden munk\u00e1t elfogadnak. Megkezd\u0151dnek a tavaszi mez\u0151gazdas\u00e1gi munk\u00e1latok, a m\u00e9g t\u00f6bb munka a n\u0151knek is biztos\u00edt munkalehet\u0151s\u00e9get.<\/p>\n<p>A magyar korm\u00e1ny is pr\u00f3b\u00e1l seg\u00edteni, a hat\u00e1rokon inform\u00e1ci\u00f3s pontok fel\u00e1ll\u00edt\u00e1s\u00e1val \u00e9s m\u00e1r ott lehet t\u00e1j\u00e9koz\u00f3dni. A karit\u00e1szon kereszt\u00fcl is \u00e9rdekl\u0151dhet, de mindez att\u00f3l is f\u00fcgg, hogy a csal\u00e1dok hol, az orsz\u00e1g mely szeglet\u00e9ben, v\u00e1ros\u00e1ban szeretn\u00e9nek ak\u00e1r ideiglenesen is letelepedni.\u00a0 Ha a Debrecen-Ny\u00edregyh\u00e1zi Egyh\u00e1zmegye (Hajd\u00fa-Bihar megye, Szabolcs-Szatm\u00e1r-Bereg megye k\u00f6zigazgat\u00e1si megy\u00e9k) ter\u00fclet\u00e9t v\u00e1lasztj\u00e1k, akkor keress\u00e9k a karit\u00e1szt \u00e9s igyeksz\u00fcnk seg\u00edteni <strong><mark class=\"has-inline-color has-secondary-color\">(Roszel Gertrud kapcsolattart\u00f3: +36 30\/116 5737).<\/mark><\/strong><\/p>\n<p><strong>Ez\u00faton is szeretn\u00e9m kifejezni k\u00f6sz\u00f6netemet mindenkinek, akik valamilyen form\u00e1ban seg\u00edtik a menek\u00fclt csal\u00e1dok \u00e9let\u00e9t, hogy \u00f6nzetlen, tev\u00e9keny, szolg\u00e1l\u00f3 szeretet\u00fckkel p\u00e9ld\u00e1t mutatnak, jelenval\u00f3v\u00e1 teszik embers\u00e9g\u00fcnk legalapvet\u0151bb feladat\u00e1t, amely minden ember lelki \u00e9p\u00fcl\u00e9s\u00e9re szolg\u00e1l<\/strong>!<\/p>\n<p><strong>Kov\u00e1cs \u00c1gnes<\/strong><\/p>\n<p><strong>Forr\u00e1s: <a href=\"https:\/\/www.dnyem.hu\/2022\/03\/23\/a-menekult-csaladok-sem-tetlenkednek-onkentes-munkajukkal-segitik-a-hatarhoz-erkezo-honfitarsaikat-csordas-gabor-egyhazmegyei-karitaszigazgatoval-beszelgetunk\/?fbclid=IwAR0OoDfOagOYVR8wNrFDjhZwsFTwk7sARhRYH0EzGFVsD-i9Ic2_a1ytjVQ\">\u00d6r\u00f6m-h\u00edr sajt\u00f3iroda\/Debrecen-Ny\u00edregyh\u00e1zi Egyh\u00e1zmegye<\/a><\/strong><\/p>\n<\/div><\/div><\/div><\/div><\/div><div class=\"fusion-fullwidth fullwidth-box fusion-builder-row-2 fusion-flex-container fusion-parallax-none nonhundred-percent-fullwidth non-hundred-percent-height-scrolling\" style=\"--awb-border-sizes-top:0px;--awb-border-sizes-bottom:0px;--awb-border-sizes-left:0px;--awb-border-sizes-right:0px;--awb-border-radius-top-left:0px;--awb-border-radius-top-right:0px;--awb-border-radius-bottom-right:0px;--awb-border-radius-bottom-left:0px;--awb-padding-top:150px;--awb-padding-bottom:150px;--awb-background-image:url(&quot;https:\/\/karitaszeger.hu\/web\/wp-content\/uploads\/2021\/03\/segits-scaled.jpg&quot;);--awb-background-size:cover;--awb-flex-wrap:wrap;\" ><div class=\"fusion-builder-row fusion-row fusion-flex-align-items-flex-start fusion-flex-content-wrap\" style=\"max-width:calc( 1170px + 0px );margin-left: calc(-0px \/ 2 );margin-right: calc(-0px \/ 2 );\"><div class=\"fusion-layout-column fusion_builder_column fusion-builder-column-1 fusion_builder_column_1_1 1_1 fusion-flex-column\" style=\"--awb-padding-right:11%;--awb-padding-left:11%;--awb-bg-size:cover;--awb-width-large:100%;--awb-margin-top-large:0px;--awb-spacing-right-large:0px;--awb-margin-bottom-large:20px;--awb-spacing-left-large:0px;--awb-width-medium:100%;--awb-spacing-right-medium:0px;--awb-spacing-left-medium:0px;--awb-width-small:100%;--awb-spacing-right-small:0px;--awb-spacing-left-small:0px;\"><div class=\"fusion-column-wrapper fusion-flex-justify-content-flex-start fusion-content-layout-column\"><div class=\"fusion-title title fusion-title-1 fusion-sep-none fusion-title-center fusion-title-text fusion-title-size-two\" style=\"--awb-text-color:#ffffff;--awb-margin-top-small:0px;--awb-margin-right-small:0px;--awb-margin-bottom-small:20px;--awb-margin-left-small:0px;\"><h2 class=\"fusion-title-heading title-heading-center\" style=\"margin:0;line-height:1;\"><h2 class=\"piros kozepre\"><span style=\"color: #ffffff;\">AZ \u00d6N SEG\u00cdTS\u00c9G\u00c9RE\u00a0IS SZ\u00dcKS\u00c9G VAN!<\/span><\/h2>\n<div class=\"content\"><\/div><\/h2><\/div><div class=\"fusion-separator\" style=\"align-self: center;margin-left: auto;margin-right: auto;margin-top:0px;margin-bottom:40px;width:100%;max-width:200px;\"><div class=\"fusion-separator-border sep-single sep-solid\" style=\"--awb-height:20px;--awb-amount:20px;--awb-sep-color:#f44336;border-color:#f44336;border-top-width:3px;\"><\/div><\/div><div class=\"fusion-text fusion-text-2\"><h2 style=\"text-align: center;\"><span style=\"color: #ffffff;\"><strong>1356 \u2013 H\u00cdVJON, HOGY SEG\u00cdTHESS\u00dcNK!<\/strong><\/span><\/h2>\n<\/div><div class=\"fusion-builder-row fusion-builder-row-inner fusion-row fusion-flex-align-items-flex-start fusion-flex-content-wrap\" style=\"--awb-flex-grow:0;--awb-flex-grow-medium:0;--awb-flex-grow-small:0;--awb-flex-shrink:0;--awb-flex-shrink-medium:0;--awb-flex-shrink-small:0;width:calc( 100% + 0px ) !important;max-width:calc( 100% + 0px ) !important;margin-left: calc(-0px \/ 2 );margin-right: calc(-0px \/ 2 );\"><div class=\"fusion-layout-column fusion_builder_column_inner fusion-builder-nested-column-0 fusion_builder_column_inner_1_3 1_3 fusion-flex-column\" style=\"--awb-bg-size:cover;--awb-width-large:33.333333333333%;--awb-margin-top-large:0px;--awb-spacing-right-large:0px;--awb-margin-bottom-large:20px;--awb-spacing-left-large:0px;--awb-width-medium:100%;--awb-order-medium:0;--awb-spacing-right-medium:0px;--awb-spacing-left-medium:0px;--awb-width-small:100%;--awb-order-small:0;--awb-spacing-right-small:0px;--awb-spacing-left-small:0px;\"><div class=\"fusion-column-wrapper fusion-column-has-shadow fusion-flex-justify-content-flex-start fusion-content-layout-column\"><\/div><\/div><div class=\"fusion-layout-column fusion_builder_column_inner fusion-builder-nested-column-1 fusion_builder_column_inner_1_3 1_3 fusion-flex-column fusion-animated\" style=\"--awb-bg-color:#f44336;--awb-bg-color-hover:#f44336;--awb-bg-size:cover;--awb-width-large:33.333333333333%;--awb-margin-top-large:0px;--awb-spacing-right-large:0px;--awb-margin-bottom-large:20px;--awb-spacing-left-large:0px;--awb-width-medium:100%;--awb-order-medium:0;--awb-spacing-right-medium:0px;--awb-spacing-left-medium:0px;--awb-width-small:100%;--awb-order-small:0;--awb-spacing-right-small:0px;--awb-spacing-left-small:0px;\" data-animationType=\"bounceInDown\" data-animationDuration=\"1.3\" data-animationOffset=\"top-into-view\"><div class=\"fusion-column-wrapper fusion-column-has-shadow fusion-flex-justify-content-flex-start fusion-content-layout-column\"><div style=\"text-align:center;\"><a class=\"fusion-button button-flat fusion-button-default-size button-custom fusion-button-default button-1 fusion-button-default-span fusion-button-default-type fusion-has-button-gradient\" style=\"--button_accent_color:#ffffff;--button_accent_hover_color:#f44336;--button_border_hover_color:#f44336;--button_border_width-top:0px;--button_border_width-right:0px;--button_border_width-bottom:0px;--button_border_width-left:0px;--button_gradient_top_color:rgba(254,201,107,0);--button_gradient_bottom_color:rgba(254,201,107,0);--button_gradient_top_color_hover:#ffffff;--button_gradient_bottom_color_hover:rgba(0,0,0,0);\" target=\"_self\" href=\"#\"><i class=\"fa-credit-card fas awb-button__icon awb-button__icon--default button-icon-left\" aria-hidden=\"true\"><\/i><span class=\"fusion-button-text awb-button__text awb-button__text--default\">ONLINE ADOM\u00c1NYOZ\u00c1S<\/span><\/a><\/div><\/div><\/div><div class=\"fusion-layout-column fusion_builder_column_inner fusion-builder-nested-column-2 fusion_builder_column_inner_1_3 1_3 fusion-flex-column\" style=\"--awb-bg-size:cover;--awb-width-large:33.333333333333%;--awb-margin-top-large:0px;--awb-spacing-right-large:0px;--awb-margin-bottom-large:20px;--awb-spacing-left-large:0px;--awb-width-medium:100%;--awb-order-medium:0;--awb-spacing-right-medium:0px;--awb-spacing-left-medium:0px;--awb-width-small:100%;--awb-order-small:0;--awb-spacing-right-small:0px;--awb-spacing-left-small:0px;\"><div class=\"fusion-column-wrapper fusion-column-has-shadow fusion-flex-justify-content-flex-start fusion-content-layout-column\"><\/div><\/div><\/div><\/div><\/div><\/div><\/div><\/p>\n","protected":false},"excerpt":{"rendered":"","protected":false},"author":3,"featured_media":4398,"comment_status":"open","ping_status":"open","sticky":false,"template":"","format":"standard","meta":{"footnotes":""},"categories":[107],"tags":[],"class_list":["post-4397","post","type-post","status-publish","format-standard","has-post-thumbnail","hentry","category-hirek"],"_links":{"self":[{"href":"https:\/\/karitaszeger.hu\/web\/wp-json\/wp\/v2\/posts\/4397","targetHints":{"allow":["GET"]}}],"collection":[{"href":"https:\/\/karitaszeger.hu\/web\/wp-json\/wp\/v2\/posts"}],"about":[{"href":"https:\/\/karitaszeger.hu\/web\/wp-json\/wp\/v2\/types\/post"}],"author":[{"embeddable":true,"href":"https:\/\/karitaszeger.hu\/web\/wp-json\/wp\/v2\/users\/3"}],"replies":[{"embeddable":true,"href":"https:\/\/karitaszeger.hu\/web\/wp-json\/wp\/v2\/comments?post=4397"}],"version-history":[{"count":1,"href":"https:\/\/karitaszeger.hu\/web\/wp-json\/wp\/v2\/posts\/4397\/revisions"}],"predecessor-version":[{"id":4399,"href":"https:\/\/karitaszeger.hu\/web\/wp-json\/wp\/v2\/posts\/4397\/revisions\/4399"}],"wp:featuredmedia":[{"embeddable":true,"href":"https:\/\/karitaszeger.hu\/web\/wp-json\/wp\/v2\/media\/4398"}],"wp:attachment":[{"href":"https:\/\/karitaszeger.hu\/web\/wp-json\/wp\/v2\/media?parent=4397"}],"wp:term":[{"taxonomy":"category","embeddable":true,"href":"https:\/\/karitaszeger.hu\/web\/wp-json\/wp\/v2\/categories?post=4397"},{"taxonomy":"post_tag","embeddable":true,"href":"https:\/\/karitaszeger.hu\/web\/wp-json\/wp\/v2\/tags?post=4397"}],"curies":[{"name":"wp","href":"https:\/\/api.w.org\/{rel}","templated":true}]}}