{"id":4417,"date":"2022-03-23T13:52:35","date_gmt":"2022-03-23T13:52:35","guid":{"rendered":"https:\/\/karitaszeger.hu\/web\/?p=4417"},"modified":"2022-04-01T13:54:16","modified_gmt":"2022-04-01T13:54:16","slug":"zagyva-richard-a-menekultek-ellatasa-akkor-sem-fejezodik-be-ha-veget-er-a-haboru","status":"publish","type":"post","link":"https:\/\/karitaszeger.hu\/web\/2022\/03\/23\/zagyva-richard-a-menekultek-ellatasa-akkor-sem-fejezodik-be-ha-veget-er-a-haboru\/","title":{"rendered":"Zagyva Rich\u00e1rd: A menek\u00fcltek ell\u00e1t\u00e1sa akkor sem fejez\u0151dik be, ha v\u00e9get \u00e9r a h\u00e1bor\u00fa"},"content":{"rendered":"<p><div class=\"fusion-fullwidth fullwidth-box fusion-builder-row-1 fusion-flex-container nonhundred-percent-fullwidth non-hundred-percent-height-scrolling\" style=\"--awb-border-radius-top-left:0px;--awb-border-radius-top-right:0px;--awb-border-radius-bottom-right:0px;--awb-border-radius-bottom-left:0px;--awb-padding-bottom:30px;--awb-flex-wrap:wrap;\" ><div class=\"fusion-builder-row fusion-row fusion-flex-align-items-flex-start fusion-flex-content-wrap\" style=\"max-width:1216.8px;margin-left: calc(-4% \/ 2 );margin-right: calc(-4% \/ 2 );\"><div class=\"fusion-layout-column fusion_builder_column fusion-builder-column-0 fusion_builder_column_1_1 1_1 fusion-flex-column\" style=\"--awb-bg-size:cover;--awb-width-large:100%;--awb-margin-top-large:0px;--awb-spacing-right-large:1.92%;--awb-margin-bottom-large:0px;--awb-spacing-left-large:1.92%;--awb-width-medium:100%;--awb-spacing-right-medium:1.92%;--awb-spacing-left-medium:1.92%;--awb-width-small:100%;--awb-spacing-right-small:1.92%;--awb-spacing-left-small:1.92%;\"><div class=\"fusion-column-wrapper fusion-flex-justify-content-flex-start fusion-content-layout-column\"><div class=\"fusion-separator fusion-full-width-sep\" style=\"align-self: center;margin-left: auto;margin-right: auto;margin-bottom:10px;width:100%;\"><div class=\"fusion-separator-border sep-single\" style=\"--awb-height:20px;--awb-amount:20px;border-color:#e00000;border-top-width:1px;\"><\/div><\/div><div class=\"fusion-text fusion-text-1\" style=\"--awb-text-transform:none;\"><h3 class=\"lead\">A Katolikus Karit\u00e1sz a kezdetek \u00f3ta seg\u00edti azokat, akik az ukrajnai h\u00e1bor\u00fa el\u0151l Magyarorsz\u00e1gra menek\u00fclnek. A szervezet tev\u00e9kenys\u00e9g\u00e9r\u0151l Zagyva Rich\u00e1rd orsz\u00e1gos igazgat\u00f3helyettes sz\u00e1molt be.<\/h3>\n<div class=\"contentsav\">\n<p><strong>\u2013 Mikor kezdt\u00e9k el a munk\u00e1t, \u00e9s hol?<\/strong><\/p>\n<p>\u2013 A Katolikus Karit\u00e1sz a h\u00e1bor\u00fa kit\u00f6r\u00e9se ut\u00e1n azonnal munk\u00e1hoz l\u00e1tott. El\u0151sz\u00f6r a magyar\u2013ukr\u00e1n hat\u00e1ron volt sz\u00fcks\u00e9g a seg\u00edts\u00e9gre, ebben a ny\u00edregyh\u00e1zi g\u00f6r\u00f6gkatolikus egyh\u00e1zmegye \u00e9s a Debrecen-Ny\u00edregyh\u00e1zi Egyh\u00e1zmegye karit\u00e1sza vett r\u00e9szt. A hat\u00e1ron, Z\u00e1hony, Tiszabecs, Beregsur\u00e1ny k\u00f6zs\u00e9gekben fogadt\u00e1k a menek\u00fclteket \u00e9s alak\u00edtottak ki sz\u00e1ll\u00e1shelyeket. A Karitat\u00edv Tan\u00e1cs, az Emberi Er\u0151forr\u00e1sok Miniszt\u00e9riuma mellett m\u0171k\u00f6d\u0151 d\u00f6nt\u00e9shoz\u00f3 szerv n\u00e9h\u00e1ny nap m\u00falva meg\u00e1llapodott a seg\u00e9lyszervezetekkel, \u00e9s felosztotta a feladatokat. Ennek \u00e9rtelm\u00e9ben a Katolikus Karit\u00e1sz febru\u00e1r 27-t\u0151l Barab\u00e1son alak\u00edtott ki seg\u00edts\u00e9gpontot, ahol a menek\u00fcltek fogad\u00e1s\u00e1r\u00f3l, ell\u00e1t\u00e1s\u00e1r\u00f3l, elsz\u00e1ll\u00e1sol\u00e1s\u00e1r\u00f3l vagy tov\u00e1bbutaztat\u00e1s\u00e1r\u00f3l gondoskodott. Ezzel p\u00e1rhuzamosan a budapesti Keleti p\u00e1lyaudvaron is megkezdte m\u0171k\u00f6d\u00e9s\u00e9t a Katolikus Karit\u00e1sz. M\u00e1rcius 21-t\u0151l Budapesten a vonattal \u00e9rkez\u0151ket a BOK Csarnokban l\u00e1tj\u00e1k el, ebben a munk\u00e1ban a Karit\u00e1sz is r\u00e9szt vesz, ell\u00e1tva a szerda nappali \u00e9s a cs\u00fct\u00f6rt\u00f6k \u00e9jszakai \u00fcgyeletet. Emellett az eg\u00e9sz orsz\u00e1g ter\u00fclet\u00e9n szervezz\u00fck a menek\u00fcltek elsz\u00e1ll\u00e1sol\u00e1s\u00e1t. Tev\u00e9kenys\u00e9g\u00fcnk negyedik ter\u00fclete a hat\u00e1ron t\u00falra ir\u00e1nyul, az adom\u00e1nyok egy r\u00e9sz\u00e9t Ukrajn\u00e1ba, K\u00e1rp\u00e1talj\u00e1ra juttatjuk el.<\/p>\n<p><img decoding=\"async\" class=\"ckep\" src=\"https:\/\/www.magyarkurir.hu\/img1.php?id=120999&amp;v=1&amp;p=1&amp;img=c_AE6A3715.jpg\" alt=\"\" border=\"0\" \/><\/p>\n<p><strong>\u2013 H\u00e1ny menek\u00fclt \u00e9rkezett eddig?<\/strong><\/p>\n<p>\u2013 Az els\u0151 napokban ezrek l\u00e9pt\u00e9k \u00e1t a hat\u00e1rt, k\u00f6z\u00fcl\u00fck \u00f6t-hat ezer kereste fel a Katolikus Karit\u00e1sz seg\u00edts\u00e9gpontj\u00e1t. M\u00e1rcius 2-t\u00f3l \u00e1lland\u00f3sult a menek\u00fcltek sz\u00e1ma, naponta \u00e1tlagban k\u00e9t-h\u00e1romsz\u00e1z menek\u00fcltet fogadunk Barab\u00e1son. N\u00e9h\u00e1ny nappal ezel\u0151tt sz\u00e1z k\u00f6r\u00fclire cs\u00f6kkent az \u00e9rkez\u0151k sz\u00e1ma, de 20-\u00e1n \u00fajb\u00f3l emelkedni kezdett. \u00d6sszesen eddig k\u00f6zel nyolcezer menek\u00fclt \u00e9rkezett a barab\u00e1si seg\u00edt\u0151pontra.<\/p>\n<p><strong>\u2013 Honnan \u00e9rkeztek a menek\u00fcltek?<\/strong><\/p>\n<p>\u2013 El\u0151sz\u00f6r els\u0151sorban K\u00e1rp\u00e1talj\u00e1r\u00f3l j\u00f6ttek, t\u00f6bbnyire magyarok, k\u00e9s\u0151bb azonban m\u00e1r egyre t\u00f6bb csak ukr\u00e1nul besz\u00e9l\u0151 \u00e9rkezett, sokan eg\u00e9szen messzir\u0151l, az orsz\u00e1g keleti r\u00e9szeib\u0151l. Sok Ukrajn\u00e1ban dolgoz\u00f3 vagy tanul\u00f3 k\u00fclf\u00f6ldi fordult meg Barab\u00e1son.<\/p>\n<blockquote>\n<p>A seg\u00edts\u00e9gk\u00e9r\u0151k k\u00f6z\u00f6tt kev\u00e9s a f\u00e9rfi, sok k\u00f6z\u00f6tt\u00fck az id\u0151s, \u00e1ltal\u00e1ban a hozz\u00e1nk \u00e9rkez\u0151k k\u00e9tharmada feln\u0151tt, \u00e9s egyharmada gyermek.<\/p>\n<\/blockquote>\n<p>P\u00e9ldak\u00e9nt m\u00e1rcius 8-\u00e1n 114 gyermek \u00e9s 212 feln\u0151tt k\u00e9rt seg\u00edts\u00e9get, 11-\u00e9n 71 gyermek \u00e9s 283 feln\u0151tt \u00e9rkezett Barab\u00e1sra.<\/p>\n<p><a title=\"\" rel=\"lightbox&#091;'g120999'&#093;\"><img decoding=\"async\" class=\"ckep\" src=\"https:\/\/www.magyarkurir.hu\/img1.php?id=120999&amp;v=1&amp;p=1&amp;img=c_IMG_3085.jpg\" alt=\"\" border=\"0\" \/><\/a><\/p>\n<p><strong>\u2013 Mire van sz\u00fcks\u00e9ge a menek\u00fclteknek, \u00e9s meddig maradnak?<\/strong><\/p>\n<p>\u2013 N\u00e1lunk n\u00e9h\u00e1ny \u00f3r\u00e1t, esetleg egy \u00e9jszak\u00e1t t\u00f6ltenek a menek\u00fcltek, ut\u00e1na utaznak tov\u00e1bb. Ez egy meleged\u0151, ahol \u00e9lelemhez, forr\u00f3 te\u00e1hoz jutnak, emellett inform\u00e1ci\u00f3val is szolg\u00e1lunk arr\u00f3l, hogy mik\u00e9nt tudnak tov\u00e1bbutazni. Egyik legf\u0151bb tev\u00e9kenys\u00e9g\u00fcnk annak megszervez\u00e9se, hogy el tudjanak jutni az \u00fati c\u00e9ljukhoz. Sokan utaznak Budapestre, \u0151ket saj\u00e1t sz\u00e1ll\u00edt\u00f3kapacit\u00e1s felhaszn\u00e1l\u00e1s\u00e1val vagy ellen\u0151rz\u00f6tt sz\u00e1ll\u00edt\u00f3kkal \u2013 p\u00e9ld\u00e1ul a Jezsuita Menek\u00fcltszolg\u00e1lat seg\u00edts\u00e9g\u00e9vel \u2013 utaztatjuk. E tev\u00e9kenys\u00e9gben a K\u00e9szenl\u00e9ti Rend\u0151rs\u00e9g is seg\u00edt a buszaival. A k\u00fclf\u00f6ldi, vagyis nem ukr\u00e1n \u00e1llampolg\u00e1rok sok esetben a k\u00f6vets\u00e9g\u00fck r\u00e9v\u00e9n jutnak el Budapestre.<\/p>\n<p><strong>\u2013 Hogyan tudj\u00e1k seg\u00edteni azokat, akiknek sz\u00e1ll\u00e1sra van sz\u00fcks\u00e9g\u00fck?<\/strong><\/p>\n<p>\u2013 Van, aki \u00e1llami sz\u00e1ll\u00e1shelyen nyer elhelyez\u00e9st, de sokan k\u00f6z\u00fcl\u00fck a Katolikus Karit\u00e1sz h\u00e1l\u00f3zat\u00e1n bel\u00fcl, vagy a Magyar Katolikus Egyh\u00e1z \u00e1ltal biztos\u00edtott sz\u00e1ll\u00e1shelyen \u2013 lelkigyakorlatos h\u00e1zakban, szoci\u00e1lis int\u00e9zm\u00e9nyekben \u2013 sz\u00e1llnak meg. Eddig nagyj\u00e1b\u00f3l ezer embert kellett a Karit\u00e1sz h\u00e1l\u00f3zat\u00e1ban elsz\u00e1ll\u00e1solni, de enn\u00e9l t\u00f6bb menek\u00fcltnek ny\u00fajtott sz\u00e1ll\u00e1st a Magyar Katolikus Egyh\u00e1z a pl\u00e9b\u00e1ni\u00e1k, az egyh\u00e1zmegy\u00e9k r\u00e9v\u00e9n.<\/p>\n<p><strong>\u2013 H\u00e1ny ember, \u00f6nk\u00e9ntes seg\u00edti a barab\u00e1si munk\u00e1t?<\/strong><\/p>\n<p>\u2013 Egy nap a nappali m\u0171szak 15, m\u00edg az \u00e9jszakai m\u0171szak 8 f\u0151b\u0151l \u00e1ll. Egy m\u0171szak 12 \u00f3r\u00e1s, 8 \u00f3r\u00e1t\u00f3l 8 \u00f3r\u00e1ig tart. Az itt dolgoz\u00f3k egy r\u00e9sze pl\u00e9b\u00e1niai karit\u00e1szcsoport tagja, m\u00e1sik r\u00e9sz\u00fck katolikus \u00f6nk\u00e9ntes, de sok olyan munkat\u00e1rsunk is van, aki nem tartozik szorosan a Katolikus Egyh\u00e1zhoz. A seg\u00edt\u0151pontot minden nap 2-3 \u00fcgyeletes vezet\u0151 ir\u00e1ny\u00edtja.<\/p>\n<p><strong>\u2013 H\u00e1ny orvos, tolm\u00e1cs dolgozik?<\/strong><\/p>\n<p>\u2013 Tolm\u00e1csaink is \u00f6nk\u00e9ntesek, sok k\u00e1rp\u00e1taljai kispap seg\u00edti a munk\u00e1t, az \u0151 k\u00f6zrem\u0171k\u00f6d\u00e9s\u00fck rendszeres, \u0151k l\u00e1tj\u00e1k el az \u00e9jszakai szolg\u00e1latot. De vannak a korm\u00e1nyhivatal \u00e1ltal k\u00fcld\u00f6tt tolm\u00e1csaink is. Az els\u0151 napokban \u00f6nk\u00e9ntes orvosaink voltak, k\u00e9s\u0151bb a V\u00f6r\u00f6skereszt adta az orvost, aki a h\u00e1ziorvosi rendel\u0151ben l\u00e1tja el a betegeket. A barab\u00e1si seg\u00edt\u0151pontot naponta fert\u0151tlen\u00edtj\u00fck, ha kell, akkor \u00f3zongener\u00e1torral, ezzel is meg szeretn\u00e9nk el\u0151zni a megbeteged\u00e9seket.<\/p>\n<p><img decoding=\"async\" class=\"ckep\" src=\"https:\/\/www.magyarkurir.hu\/img1.php?id=120999&amp;v=1&amp;p=1&amp;img=c_IMG_9168.JPG\" alt=\"\" border=\"0\" \/><\/p>\n<p><strong>\u2013 Milyen adom\u00e1nyt kaptak eddig?<\/strong><\/p>\n<p>\u2013 T\u00f6bbs\u00e9g\u00e9ben \u00e9lelmiszer \u00e9s tiszt\u00e1lkod\u00f3szer \u00e9rkezik. \u00c9lelmiszerb\u0151l k\u00e9tf\u00e9l\u00e9t szoktunk k\u00e9rni: a tart\u00f3s \u00e9lelmiszert \u2013 p\u00e9ld\u00e1ul liszt, cukor, olaj \u2013 egyr\u00e9szt a menek\u00fcltek \u00e9tkeztet\u00e9s\u00e9re haszn\u00e1ljuk, m\u00e1sik r\u00e9sz\u00e9t pedig Ukrajn\u00e1ba sz\u00e1ll\u00edtjuk; a hat\u00e1ron, illetve a p\u00e1lyaudvaron pedig szendvicsekkel v\u00e1rjuk a r\u00e1szorul\u00f3kat. De matracokat \u00e9s takar\u00f3kat is kaptunk b\u0151s\u00e9gesen. Az adom\u00e1nyok egy r\u00e9sze k\u00f6zvetlen\u00fcl Barab\u00e1sra vagy a p\u00e1lyaudvarra \u00e9rkezik, de az egyh\u00e1zmegyei karit\u00e1szok \u00e1ltal m\u0171k\u00f6dtetett sz\u00e1ll\u00e1shelyekre is jut az adom\u00e1nyokb\u00f3l. A Magyar Katolikus P\u00fcsp\u00f6ki Konferencia tart\u00f3s\u00e9lelmiszer-gy\u0171jt\u00e9st hirdetett, ezeket a pl\u00e9b\u00e1ni\u00e1kra, karit\u00e1szcsoportokhoz juttatj\u00e1k el a h\u00edvek. De az egyh\u00e1zmegyei karit\u00e1sz \u00e9s a pl\u00e9b\u00e1niai karit\u00e1szcsoportok is folyamatosan gy\u0171jtik az adom\u00e1nyokat.<\/p>\n<p><strong>\u2013 Hogyan tudj\u00e1k <\/strong><strong>Ukrajn\u00e1ba <\/strong><strong>juttatni az adom\u00e1nyokat?<\/strong><\/p>\n<p>\u2013 A Katolikus Karit\u00e1sz a hat\u00e1ron \u00e1t is sz\u00e1ll\u00edt adom\u00e1nyokat, tart\u00f3s \u00e9lelmiszert \u00e9pp\u00fagy, mint \u00fati csomagokhoz vagy az azonnali ell\u00e1t\u00e1shoz sz\u00fcks\u00e9ges \u00e9lelmet. Naponta \u00e1tlagban h\u00e1rom tonna adom\u00e1nyt juttatunk ki, \u00e1tlagban k\u00e9t-h\u00e1rom sz\u00e1ll\u00edtm\u00e1ny megy Munk\u00e1csra \u00e9s Beregsz\u00e1szra.<\/p>\n<p><img decoding=\"async\" class=\"ckep\" src=\"https:\/\/www.magyarkurir.hu\/img1.php?id=120999&amp;v=1&amp;p=1&amp;img=c_AE6A9820.jpg\" alt=\"\" border=\"0\" \/><\/p>\n<p><strong>\u2013 Kik a hat\u00e1ron t\u00fali partnereik?<\/strong><\/p>\n<p>\u2013 Els\u0151sorban a K\u00e1rp\u00e1taljai Szent M\u00e1rton Karit\u00e1sz \u00e9s a Szent Panteleimon Karit\u00e1sz K\u00e1rp\u00e1taljai G\u00f6r\u00f6gkatolikus J\u00f3t\u00e9konys\u00e1gi Szervezet. Jelenleg is dolgozunk azon, hogy \u2013 g\u00e9pj\u00e1rm\u0171vek, sz\u00e1m\u00edt\u00e1stechnikai eszk\u00f6z\u00f6k r\u00e9v\u00e9n \u2013 infrastruktur\u00e1lis seg\u00edts\u00e9get is ny\u00fajtsunk az ukrajnai partnereinknek.<\/p>\n<p><strong>\u2013 Mennyi p\u00e9nzbeli t\u00e1mogat\u00e1s \u00e9rkezett a Katolikus Karit\u00e1szhoz?<\/strong><\/p>\n<p>\u2013 A 1356-os adom\u00e1nyvonalat eddig h\u00faszezren h\u00edvt\u00e1k, ez t\u00edzmilli\u00f3 forint adom\u00e1nyt jelent. A Karit\u00e1sz honlapj\u00e1n kereszt\u00fcl is lehet seg\u00edteni a szolg\u00e1latunkat, de banki \u00e1tutal\u00e1ssal is k\u00fcldhetnek nek\u00fcnk adom\u00e1nyt. Ut\u00f3bbi k\u00e9t m\u00f3don eddig 100 milli\u00f3 forintot kaptunk.<\/p>\n<p><a title=\"\" rel=\"lightbox&#091;'g120999'&#093;\"><img decoding=\"async\" class=\"ckep\" src=\"https:\/\/www.magyarkurir.hu\/img1.php?id=120999&amp;v=1&amp;p=1&amp;img=c_IMG_3077.jpg\" alt=\"\" border=\"0\" \/><\/a><\/p>\n<p><strong>\u2013 Mire ford\u00edtj\u00e1k a p\u00e9nzbeli adom\u00e1nyokat?<\/strong><\/p>\n<p>\u2013 A hat\u00e1r menti azonnali ell\u00e1t\u00e1s mellett sokf\u00e9le tev\u00e9kenys\u00e9gre, \u00edgy p\u00e9ld\u00e1ul buszok b\u00e9rl\u00e9s\u00e9re, lakhat\u00e1s szervez\u00e9s\u00e9re \u00e9s biztos\u00edt\u00e1s\u00e1ra. A menek\u00fcltek okm\u00e1nyait hivatalos ford\u00edt\u00f3irod\u00e1val kell leford\u00edtattnunk, ezt is ebb\u0151l finansz\u00edrozzuk. Az utaz\u00e1sokat, az iskol\u00e1ztat\u00e1st is ebb\u0151l a forr\u00e1sb\u00f3l int\u00e9zz\u00fck.<\/p>\n<blockquote>\n<p>A csal\u00e1dok folyamatos ell\u00e1t\u00e1s\u00e1ra k\u00e9sz\u00edtett\u00fcnk egy programot, \u00e9lelmiszert, utalv\u00e1nyokat adunk, de m\u00e1r most l\u00e1tjuk, hogy a pszichoszoci\u00e1lis ell\u00e1t\u00e1st is meg kell szervezni, mert a csal\u00e1dok nagy r\u00e9sze komoly traum\u00e1val \u00e9rkezik hozz\u00e1nk.<\/p>\n<\/blockquote>\n<p>A legfontosabb ugyanakkor az lesz, hogy megoldjuk az \u00faj t\u00e1mogat\u00e1si programok hossz\u00fa t\u00e1v\u00fa finansz\u00edroz\u00e1s\u00e1t. A t\u00e1rgyi adom\u00e1nyok most m\u00e9g fedezik a sz\u00fcks\u00e9gletet, \u00e1m k\u00e9s\u0151bb arra sz\u00e1m\u00edtunk, hogy a menek\u00fcltek ell\u00e1t\u00e1s\u00e1ra egyre ink\u00e1bb anyagi forr\u00e1sokra lesz sz\u00fcks\u00e9g.<\/p>\n<p><strong>\u2013 Milyen \u00e1llami t\u00e1mogat\u00e1st kaptak?<\/strong><\/p>\n<p>\u2013 Egyr\u00e9szt a Hungary Helps programon kereszt\u00fcl kaptunk a hat\u00e1ron t\u00fali tev\u00e9kenys\u00e9g ell\u00e1t\u00e1s\u00e1ra 100 milli\u00f3 forintot, m\u00e1sr\u00e9szt minden seg\u00e9lyszervezet kapott 500 milli\u00f3 forintot, ami a teljes programra felhaszn\u00e1lhat\u00f3.<\/p>\n<p><strong>\u2013 Mely karit\u00e1szcsoportokt\u00f3l j\u00f6tt adom\u00e1ny?<\/strong><\/p>\n<p>\u2013 Gyakorlatilag az \u00f6sszes egyh\u00e1zmegy\u00e9b\u0151l \u00e9rkezett seg\u00edts\u00e9g. Az egyh\u00e1zmegyei karit\u00e1szszervezetek koordin\u00e1l\u00e1s\u00e1val a helyi karit\u00e1szcsoportok gy\u0171jtik az adom\u00e1nyokat, majd tov\u00e1bb\u00edtj\u00e1k oda, ahol sz\u00fcks\u00e9g van r\u00e1.<\/p>\n<p><a title=\"\" rel=\"lightbox&#091;'g120999'&#093;\"><img decoding=\"async\" class=\"ckep\" src=\"https:\/\/www.magyarkurir.hu\/img1.php?id=120999&amp;v=1&amp;p=1&amp;img=c_IMG_7237.JPG\" alt=\"\" border=\"0\" \/><\/a><\/p>\n<p><strong>\u2013 Mire sz\u00e1m\u00edtanak a j\u00f6v\u0151ben? Felk\u00e9sz\u00fcltek-e nagyobb sz\u00e1m\u00fa menek\u00fclt hosszabb t\u00e1v\u00fa ell\u00e1t\u00e1s\u00e1ra?<\/strong><\/p>\n<p>\u2013 A kor\u00e1bbi tapasztalataink alapj\u00e1n arra sz\u00e1m\u00edtunk, hogy a menek\u00fcltek ell\u00e1t\u00e1sa akkor sem fejez\u0151dik be, ha v\u00e9get \u00e9r a h\u00e1bor\u00fa. Egy ideig m\u00e9g menek\u00fcltek is \u00e9rkeznek, majd a m\u00e1r itt tart\u00f3zkod\u00f3 r\u00e1szorul\u00f3k ell\u00e1t\u00e1s\u00e1r\u00f3l kell gondoskodni. Erre k\u00e9sz\u00fcl\u00fcnk, \u00edgy alak\u00edtjuk ki a k\u00fcl\u00f6nf\u00e9le programjainkat.<\/p>\n<p><strong>\u2013 Mire van most legink\u00e1bb sz\u00fcks\u00e9ge a Katolikus Karit\u00e1sznak?<\/strong><\/p>\n<p>\u2013 A jelenlegi feladatok ell\u00e1t\u00e1s\u00e1ra munkat\u00e1rsakra, \u00f6nk\u00e9ntesekre, t\u00e1rgyi adom\u00e1nyokra van sz\u00fcks\u00e9g.<\/p>\n<blockquote>\n<p>Fontos, hogy mindez szervezetten t\u00f6rt\u00e9njen, vagyis az, aki \u00f6nk\u00e9ntesnek jelentkezne, vagy adom\u00e1nyt juttatna el hozz\u00e1nk, el\u0151sz\u00f6r jelezze fel\u00e9nk a sz\u00e1nd\u00e9k\u00e1t, mert \u00edgy sokkal hat\u00e9konyabban tud majd seg\u00edteni.<\/p>\n<\/blockquote>\n<p>Megk\u00f6nny\u00edti az ell\u00e1t\u00e1st, ha el\u0151re tudunk tervezni.<\/p>\n<p><strong>\u2013 Hol jelentkezhetnek az \u00f6nk\u00e9ntesek?<\/strong><\/p>\n<p>\u2013 Az egyh\u00e1zmegyei karit\u00e1szn\u00e1l is lehet jelentkezni, hiszen itt is sz\u00fcks\u00e9g van a seg\u00edts\u00e9gre, de lehet a k\u00f6zpont fel\u00e9 is jelezni a Karit\u00e1sz honlapj\u00e1n, a Google-\u0171rlap kit\u00f6lt\u00e9s\u00e9vel. Fontos, hogy a hossz\u00fa t\u00e1v\u00fa seg\u00edts\u00e9gny\u00fajt\u00e1s finansz\u00edroz\u00e1s\u00e1ra sz\u00fcks\u00e9g van a p\u00e9nzbeli adom\u00e1nyokra.<\/p>\n<\/div>\n<p>Forr\u00e1s: <a href=\"https:\/\/www.magyarkurir.hu\/hirek\/zagyva-richard-menekultek-ellatasa-akkor-sem-fejezodik-be-ha-veget-er-haboru?fbclid=IwAR35wFTj4NgBV5ED0FISSVe9yR2yWF85TEz45KdAwDyZzm4-9Z6bnLtoNrk\">Magyar Kur\u00edr<\/a><\/p>\n<\/div><\/div><\/div><\/div><\/div><div class=\"fusion-fullwidth fullwidth-box fusion-builder-row-2 fusion-flex-container fusion-parallax-none nonhundred-percent-fullwidth non-hundred-percent-height-scrolling\" style=\"--awb-border-sizes-top:0px;--awb-border-sizes-bottom:0px;--awb-border-sizes-left:0px;--awb-border-sizes-right:0px;--awb-border-radius-top-left:0px;--awb-border-radius-top-right:0px;--awb-border-radius-bottom-right:0px;--awb-border-radius-bottom-left:0px;--awb-padding-top:150px;--awb-padding-bottom:150px;--awb-background-image:url(&quot;https:\/\/karitaszeger.hu\/web\/wp-content\/uploads\/2021\/03\/segits-scaled.jpg&quot;);--awb-background-size:cover;--awb-flex-wrap:wrap;\" ><div class=\"fusion-builder-row fusion-row fusion-flex-align-items-flex-start fusion-flex-content-wrap\" style=\"max-width:calc( 1170px + 0px );margin-left: calc(-0px \/ 2 );margin-right: calc(-0px \/ 2 );\"><div class=\"fusion-layout-column fusion_builder_column fusion-builder-column-1 fusion_builder_column_1_1 1_1 fusion-flex-column\" style=\"--awb-padding-right:11%;--awb-padding-left:11%;--awb-bg-size:cover;--awb-width-large:100%;--awb-margin-top-large:0px;--awb-spacing-right-large:0px;--awb-margin-bottom-large:20px;--awb-spacing-left-large:0px;--awb-width-medium:100%;--awb-spacing-right-medium:0px;--awb-spacing-left-medium:0px;--awb-width-small:100%;--awb-spacing-right-small:0px;--awb-spacing-left-small:0px;\"><div class=\"fusion-column-wrapper fusion-flex-justify-content-flex-start fusion-content-layout-column\"><div class=\"fusion-title title fusion-title-1 fusion-sep-none fusion-title-center fusion-title-text fusion-title-size-two\" style=\"--awb-text-color:#ffffff;--awb-margin-top-small:0px;--awb-margin-right-small:0px;--awb-margin-bottom-small:20px;--awb-margin-left-small:0px;\"><h2 class=\"fusion-title-heading title-heading-center\" style=\"margin:0;line-height:1;\"><h2 class=\"piros kozepre\"><span style=\"color: #ffffff;\">AZ \u00d6N SEG\u00cdTS\u00c9G\u00c9RE\u00a0IS SZ\u00dcKS\u00c9G VAN!<\/span><\/h2>\n<div class=\"content\"><\/div><\/h2><\/div><div class=\"fusion-separator\" style=\"align-self: center;margin-left: auto;margin-right: auto;margin-top:0px;margin-bottom:40px;width:100%;max-width:200px;\"><div class=\"fusion-separator-border sep-single sep-solid\" style=\"--awb-height:20px;--awb-amount:20px;--awb-sep-color:#f44336;border-color:#f44336;border-top-width:3px;\"><\/div><\/div><div class=\"fusion-text fusion-text-2\"><h2 style=\"text-align: center;\"><span style=\"color: #ffffff;\"><strong>1356 \u2013 H\u00cdVJON, HOGY SEG\u00cdTHESS\u00dcNK!<\/strong><\/span><\/h2>\n<\/div><div class=\"fusion-builder-row fusion-builder-row-inner fusion-row fusion-flex-align-items-flex-start fusion-flex-content-wrap\" style=\"--awb-flex-grow:0;--awb-flex-grow-medium:0;--awb-flex-grow-small:0;--awb-flex-shrink:0;--awb-flex-shrink-medium:0;--awb-flex-shrink-small:0;width:calc( 100% + 0px ) !important;max-width:calc( 100% + 0px ) !important;margin-left: calc(-0px \/ 2 );margin-right: calc(-0px \/ 2 );\"><div class=\"fusion-layout-column fusion_builder_column_inner fusion-builder-nested-column-0 fusion_builder_column_inner_1_3 1_3 fusion-flex-column\" style=\"--awb-bg-size:cover;--awb-width-large:33.333333333333%;--awb-margin-top-large:0px;--awb-spacing-right-large:0px;--awb-margin-bottom-large:20px;--awb-spacing-left-large:0px;--awb-width-medium:100%;--awb-order-medium:0;--awb-spacing-right-medium:0px;--awb-spacing-left-medium:0px;--awb-width-small:100%;--awb-order-small:0;--awb-spacing-right-small:0px;--awb-spacing-left-small:0px;\"><div class=\"fusion-column-wrapper fusion-column-has-shadow fusion-flex-justify-content-flex-start fusion-content-layout-column\"><\/div><\/div><div class=\"fusion-layout-column fusion_builder_column_inner fusion-builder-nested-column-1 fusion_builder_column_inner_1_3 1_3 fusion-flex-column fusion-animated\" style=\"--awb-bg-color:#f44336;--awb-bg-color-hover:#f44336;--awb-bg-size:cover;--awb-width-large:33.333333333333%;--awb-margin-top-large:0px;--awb-spacing-right-large:0px;--awb-margin-bottom-large:20px;--awb-spacing-left-large:0px;--awb-width-medium:100%;--awb-order-medium:0;--awb-spacing-right-medium:0px;--awb-spacing-left-medium:0px;--awb-width-small:100%;--awb-order-small:0;--awb-spacing-right-small:0px;--awb-spacing-left-small:0px;\" data-animationType=\"bounceInDown\" data-animationDuration=\"1.3\" data-animationOffset=\"top-into-view\"><div class=\"fusion-column-wrapper fusion-column-has-shadow fusion-flex-justify-content-flex-start fusion-content-layout-column\"><div style=\"text-align:center;\"><a class=\"fusion-button button-flat fusion-button-default-size button-custom fusion-button-default button-1 fusion-button-default-span fusion-button-default-type fusion-has-button-gradient\" style=\"--button_accent_color:#ffffff;--button_accent_hover_color:#f44336;--button_border_hover_color:#f44336;--button_border_width-top:0px;--button_border_width-right:0px;--button_border_width-bottom:0px;--button_border_width-left:0px;--button_gradient_top_color:rgba(254,201,107,0);--button_gradient_bottom_color:rgba(254,201,107,0);--button_gradient_top_color_hover:#ffffff;--button_gradient_bottom_color_hover:rgba(0,0,0,0);\" target=\"_self\" href=\"#\"><i class=\"fa-credit-card fas awb-button__icon awb-button__icon--default button-icon-left\" aria-hidden=\"true\"><\/i><span class=\"fusion-button-text awb-button__text awb-button__text--default\">ONLINE ADOM\u00c1NYOZ\u00c1S<\/span><\/a><\/div><\/div><\/div><div class=\"fusion-layout-column fusion_builder_column_inner fusion-builder-nested-column-2 fusion_builder_column_inner_1_3 1_3 fusion-flex-column\" style=\"--awb-bg-size:cover;--awb-width-large:33.333333333333%;--awb-margin-top-large:0px;--awb-spacing-right-large:0px;--awb-margin-bottom-large:20px;--awb-spacing-left-large:0px;--awb-width-medium:100%;--awb-order-medium:0;--awb-spacing-right-medium:0px;--awb-spacing-left-medium:0px;--awb-width-small:100%;--awb-order-small:0;--awb-spacing-right-small:0px;--awb-spacing-left-small:0px;\"><div class=\"fusion-column-wrapper fusion-column-has-shadow fusion-flex-justify-content-flex-start fusion-content-layout-column\"><\/div><\/div><\/div><\/div><\/div><\/div><\/div><\/p>\n","protected":false},"excerpt":{"rendered":"","protected":false},"author":3,"featured_media":4418,"comment_status":"open","ping_status":"open","sticky":false,"template":"","format":"standard","meta":{"footnotes":""},"categories":[107],"tags":[],"class_list":["post-4417","post","type-post","status-publish","format-standard","has-post-thumbnail","hentry","category-hirek"],"_links":{"self":[{"href":"https:\/\/karitaszeger.hu\/web\/wp-json\/wp\/v2\/posts\/4417","targetHints":{"allow":["GET"]}}],"collection":[{"href":"https:\/\/karitaszeger.hu\/web\/wp-json\/wp\/v2\/posts"}],"about":[{"href":"https:\/\/karitaszeger.hu\/web\/wp-json\/wp\/v2\/types\/post"}],"author":[{"embeddable":true,"href":"https:\/\/karitaszeger.hu\/web\/wp-json\/wp\/v2\/users\/3"}],"replies":[{"embeddable":true,"href":"https:\/\/karitaszeger.hu\/web\/wp-json\/wp\/v2\/comments?post=4417"}],"version-history":[{"count":1,"href":"https:\/\/karitaszeger.hu\/web\/wp-json\/wp\/v2\/posts\/4417\/revisions"}],"predecessor-version":[{"id":4419,"href":"https:\/\/karitaszeger.hu\/web\/wp-json\/wp\/v2\/posts\/4417\/revisions\/4419"}],"wp:featuredmedia":[{"embeddable":true,"href":"https:\/\/karitaszeger.hu\/web\/wp-json\/wp\/v2\/media\/4418"}],"wp:attachment":[{"href":"https:\/\/karitaszeger.hu\/web\/wp-json\/wp\/v2\/media?parent=4417"}],"wp:term":[{"taxonomy":"category","embeddable":true,"href":"https:\/\/karitaszeger.hu\/web\/wp-json\/wp\/v2\/categories?post=4417"},{"taxonomy":"post_tag","embeddable":true,"href":"https:\/\/karitaszeger.hu\/web\/wp-json\/wp\/v2\/tags?post=4417"}],"curies":[{"name":"wp","href":"https:\/\/api.w.org\/{rel}","templated":true}]}}