{"id":4630,"date":"2022-03-29T17:24:50","date_gmt":"2022-03-29T17:24:50","guid":{"rendered":"https:\/\/karitaszeger.hu\/web\/?p=4630"},"modified":"2022-04-04T17:27:26","modified_gmt":"2022-04-04T17:27:26","slug":"a-plussjatek-is-tars-a-bajban-helyszini-riport-az-ukran-hatarrol","status":"publish","type":"post","link":"https:\/\/karitaszeger.hu\/web\/2022\/03\/29\/a-plussjatek-is-tars-a-bajban-helyszini-riport-az-ukran-hatarrol\/","title":{"rendered":"A PL\u00dcSSJ\u00c1T\u00c9K IS T\u00c1RS A BAJBAN \u2013 HELYSZ\u00cdNI RIPORT AZ UKR\u00c1N HAT\u00c1RR\u00d3L"},"content":{"rendered":"<p><div class=\"fusion-fullwidth fullwidth-box fusion-builder-row-1 fusion-flex-container nonhundred-percent-fullwidth non-hundred-percent-height-scrolling\" style=\"--awb-border-radius-top-left:0px;--awb-border-radius-top-right:0px;--awb-border-radius-bottom-right:0px;--awb-border-radius-bottom-left:0px;--awb-padding-bottom:30px;--awb-flex-wrap:wrap;\" ><div class=\"fusion-builder-row fusion-row fusion-flex-align-items-flex-start fusion-flex-content-wrap\" style=\"max-width:1216.8px;margin-left: calc(-4% \/ 2 );margin-right: calc(-4% \/ 2 );\"><div class=\"fusion-layout-column fusion_builder_column fusion-builder-column-0 fusion_builder_column_1_1 1_1 fusion-flex-column\" style=\"--awb-bg-size:cover;--awb-width-large:100%;--awb-margin-top-large:0px;--awb-spacing-right-large:1.92%;--awb-margin-bottom-large:0px;--awb-spacing-left-large:1.92%;--awb-width-medium:100%;--awb-spacing-right-medium:1.92%;--awb-spacing-left-medium:1.92%;--awb-width-small:100%;--awb-spacing-right-small:1.92%;--awb-spacing-left-small:1.92%;\"><div class=\"fusion-column-wrapper fusion-flex-justify-content-flex-start fusion-content-layout-column\"><div class=\"fusion-separator fusion-full-width-sep\" style=\"align-self: center;margin-left: auto;margin-right: auto;margin-bottom:10px;width:100%;\"><div class=\"fusion-separator-border sep-single\" style=\"--awb-height:20px;--awb-amount:20px;border-color:#e00000;border-top-width:1px;\"><\/div><\/div><div class=\"fusion-text fusion-text-1\" style=\"--awb-text-transform:none;\"><header>\n<h3 class=\"main-article-lead\">B\u0151r\u00f6nd\u00f6kkel \u00e9s h\u00e1tizs\u00e1kokkal megpakolva \u00e9rkeznek az ukrajnai h\u00e1bor\u00fa el\u0151l menek\u00fcl\u0151k a Szabolcs-Szatm\u00e1r-Bereg megyei Barab\u00e1s hat\u00e1r\u00e1tkel\u0151helyhez. A faluban a Katolikus Karit\u00e1sz szervezi \u00e9s koordin\u00e1lja az ell\u00e1t\u00e1sukhoz kapcsol\u00f3d\u00f3 feladatokat, a helyiek, a seg\u00e9lyszervezetek \u00e9s az \u00f6nk\u00e9ntesek bevon\u00e1s\u00e1val. Seg\u00edtenek, hogy min\u00e9l hamarabb biztons\u00e1gos \u00e9s megnyugtat\u00f3 k\u00f6r\u00fclm\u00e9nyek k\u00f6z\u00e9 ker\u00fcljenek a bajbajutottak.<\/h3>\n<\/header>\n<div class=\"post-content content\">\n<div class=\"ql-editor ck-content\">\n<p><i>Kanyarog a sor a barab\u00e1si hat\u00e1r\u00e1tkel\u0151helyn\u00e9l. Most a szok\u00e1sosn\u00e1l is lassabban \u00e9s neh\u00e9zkesebben halad a pap\u00edrmunka, pedig norm\u00e1lis esetben ez egy kev\u00e9sb\u00e9 forgalmas \u00e1tj\u00e1r\u00f3. A magyar oldalon nyitott ajt\u00f3val \u00e1llnak sorban a helyi \u00f6nkorm\u00e1nyzat, a szeretetszolg\u00e1lat \u00e9s a k\u00fcl\u00f6nb\u00f6z\u0151 civil- \u00e9s seg\u00e9lyszervezetek kisbuszai, hogy azonnal seg\u00edthessenek a csomagok bepakol\u00e1s\u00e1ban a r\u00e1szorul\u00f3 csal\u00e1doknak. Mosolyg\u00f3s, az eg\u00e9sz helyzetb\u0151l mit sem \u00e9rt\u0151 \u00f3vod\u00e1s gyerekek, rem\u00e9nyteli, v\u00e1rand\u00f3s kismam\u00e1k, meggy\u00f6t\u00f6rt, bottal k\u00f6zleked\u0151 id\u0151s asszonyok, nyakigl\u00e1b suhancok \u00e9s gondterhelt csal\u00e1dap\u00e1k egyar\u00e1nt megk\u00f6nnyebb\u00fclve huppannak le az \u00fcl\u00e9sbe, hogy eljuthassanak a faluk\u00f6zpontba, ahol a barab\u00e1si m\u0171vel\u0151d\u00e9si h\u00e1zban kialak\u00edtott seg\u00edts\u00e9gponton a Katolikus Karit\u00e1sz ny\u00fajt oltalmat a h\u00e1bor\u00fa el\u0151l menek\u00fcl\u0151knek. Az \u00e1tfagyott, poggy\u00e1szokkal utaz\u00f3kat forr\u00f3 te\u00e1val, fekhellyel, meleged\u0151vel, \u00e9lelmiszercsomagokkal \u00e9s egy-k\u00e9t j\u00f3 sz\u00f3val v\u00e1rj\u00e1k. Igyekeznek mindenkit a lehet\u0151s\u00e9gekhez m\u00e9rten leghamarabb az \u00e1ltala v\u00e1lasztott helyre juttatni. Sokan r\u00f6gt\u00f6n tov\u00e1bbmennek a falub\u00f3l, el\u0151re megszervezett fuvar v\u00e1rja \u0151ket, k\u00fclf\u00f6ldi rokonokhoz tartanak. Van, aki ideiglenesen marad a magyarorsz\u00e1gi \u00e1tmeneti sz\u00e1ll\u00e1sokon, de konkr\u00e9t tervvel k\u00e9sz\u00fcl\u00a0 a v\u00e9g\u00e1llom\u00e1st illet\u0151en, \u00e9s olyanok is akadnak, akik a bizonytalans\u00e1gb\u00f3l a bizonytalans\u00e1gba \u00e9rkeztek, \u00f6tlet\u00fck sincs, merre tov\u00e1bb. A kil\u00e1t\u00e1stalans\u00e1g miatt nekik van a legnagyobb sz\u00fcks\u00e9g\u00fck a seg\u00edts\u00e9gre.<\/i><\/p>\n<figure class=\"image\"><img decoding=\"async\" src=\"https:\/\/csalad.hu\/api\/image\/8893\" \/><\/figure>\n<p><i>Folyamatosan \u00e9rkeznek ek\u00f6zben az adom\u00e1nyok is, a Karit\u00e1sz munkat\u00e1rsai \u00e9s az \u00f6nk\u00e9ntesek hordj\u00e1k \u00e9s csoportos\u00edtj\u00e1k az \u00e9lelmiszereket, a tiszt\u00e1lkod\u00e1si szereket \u00e9s a gyerekj\u00e1t\u00e9kokat. Mindennek megvan a helye. K\u00e9sz\u00fclnek az \u00faticsomagok, pakolj\u00e1k a gy\u00fcm\u00f6lcs\u00f6ket, Feri atya remek\u00fcl ir\u00e1ny\u00edtja a feladatokat, egyre nagyobb l\u00e9tsz\u00e1m\u00fa csapata szervezetten, \u00f6sszeszokottan dolgozik.<\/i><\/p>\n<p>\u2013 Mindenkinek h\u00e1l\u00e1s sz\u00edvvel k\u00f6sz\u00f6nj\u00fck a rengeteg adom\u00e1nyt, felaj\u00e1nl\u00e1st \u00e9s munk\u00e1t, amellyel t\u00e1mogatj\u00e1k a bajbajutottakat \u2013 <i>mondja \u00c1rvai Ferenc, az Egri F\u0151egyh\u00e1zmegyei Karit\u00e1sz K\u00f6zpont igazgat\u00f3ja.<\/i> \u2013 Itt az a dolgunk, hogy mindenkinek abban \u00e9s \u00fagy seg\u00edts\u00fcnk, ahogyan azt ig\u00e9nyli. Regisztr\u00e1ljuk a k\u00e9r\u00e9seket \u00e9s megszervezz\u00fck, hogy eljussanak a csal\u00e1dok a z\u00e1honyi vonat\u00e1llom\u00e1sra, Ny\u00edregyh\u00e1z\u00e1ra vagy a f\u0151v\u00e1rosba. Rendszeresen j\u00f6nnek a faluba \u00fcres aut\u00f3val \u00f6nk\u00e9ntesek, jelezve, hogy merre utaznak \u00e9s h\u00e1ny f\u0151t tudnak sz\u00e1ll\u00edtani. Meghat\u00f3 az az \u00f6sszefog\u00e1s, ami a bajban tapasztalhat\u00f3.<\/p>\n<figure class=\"image\"><img decoding=\"async\" src=\"https:\/\/csalad.hu\/api\/image\/8911\" \/><\/figure>\n<h3><strong>J\u00c1T\u00c9KK\u00c9NT FELFOGNI AZ UTAZ\u00c1ST<\/strong><\/h3>\n<p><i>K\u00f6zben \u00fajabb kisbuszok \u00e9s szem\u00e9lyaut\u00f3k \u00e1llnak meg az utc\u00e1n, az Ukrajn\u00e1b\u00f3l \u00e9rkez\u0151k csomagokkal a k\u00e9zben, a k\u00fclf\u00f6ldi rendsz\u00e1m\u00fa aut\u00f3k pedig \u00fcres csomagtart\u00f3val v\u00e1rj\u00e1k a rokonaikat, ismer\u0151seiket. A l\u00e1ny\u00e1val utazik egy Husztr\u00f3l \u00e9rkez\u0151 78 \u00e9ves asszony, aki a Csehorsz\u00e1gban \u00e9l\u0151 unok\u00e1j\u00e1hoz \u00e9s csal\u00e1dj\u00e1hoz tart. Sosem j\u00e1rt m\u00e9g k\u00fclf\u00f6ld\u00f6n, most sem tudja, innen hogyan tov\u00e1bb, m\u00e9gis elindult.<\/i><\/p>\n<p>\u2013 A hat gyermekemb\u0151l a h\u00e1rom fiam otthon maradt, a l\u00e1nyommal indultunk el az unok\u00e1mhoz \u00e9s a d\u00e9dunok\u00e1mhoz \u2013 <i>mes\u00e9li megt\u00f6rten<\/i>. \u2013 Sosem gondoltam, hogy elj\u00f6n ez a pillanat, 1944-ben sz\u00fclettem, \u00edgy a h\u00e1bor\u00fa borzalmair\u00f3l nem voltak eml\u00e9keim. Eg\u00e9szen mostan\u00e1ig. Elkeser\u00edt\u0151 a jelenlegi helyzet, de b\u00edzunk abban, hogy mihamarabb visszat\u00e9rhet\u00fcnk az otthonunkba.<\/p>\n<p><i>Egy n\u00e9gytag\u00fa, Kijevb\u0151l \u00e9rkez\u0151 csal\u00e1d k\u00e9t \u00f3vod\u00e1skor\u00fa kisl\u00e1nnyal v\u00e1gott neki Eur\u00f3p\u00e1nak, a c\u00e9l Sv\u00e9dorsz\u00e1g, ahol az \u00e9desapa ismer\u0151sei tudnak seg\u00edts\u00e9get ny\u00fajtani, sz\u00e1ll\u00e1s \u00e9s munkalehet\u0151s\u00e9g is biztos\u00edtott.<\/i><\/p>\n<p>\u2013 Otthagytam a v\u00e1llalkoz\u00e1somat a f\u0151v\u00e1rosban, hogy \u00fatra kelj\u00fcnk a hercegn\u0151immel \u2013 <i>jelenti ki a csal\u00e1df\u0151. <\/i>\u2013 K\u00e9t oldalr\u00f3l m\u00e1r elz\u00e1rt\u00e1k a ker\u00fclet\u00fcnket, indulnunk kellett. Pr\u00f3b\u00e1ljuk megk\u00edm\u00e9lni a gyerekeket a feles\u00e9gemmel, k\u00f6z\u00f6s kir\u00e1ndul\u00e1sk\u00e9nt harangoztuk be ezt az utat, hogy min\u00e9l kev\u00e9sb\u00e9 kelts\u00fcnk benn\u00fck bizonytalans\u00e1g\u00e9rz\u00e9st. Amikor vad\u00e1szg\u00e9pek rep\u00fcltek el az ablakunk f\u00f6l\u00f6tt, mutattuk nekik, n\u00e9zz\u00e9tek, milyen l\u00e1tv\u00e1nyos bemutat\u00f3t tartanak, hogy egy nagy j\u00e1t\u00e9knak foghass\u00e1k fel ezt az eg\u00e9szet\u2026<\/p>\n<figure class=\"image\">\n<div class=\"gallery-image\" data-image-id=\"8898\" data-image-idx=\"5\"><img decoding=\"async\" src=\"https:\/\/csalad.hu\/api\/image\/8898\" \/><\/div>\n<\/figure>\n<h3><strong>KISMAN\u00d3K A KIS MAN\u00d3KN\u00c1L<\/strong><\/h3>\n<p><i>Itt van a helyi polg\u00e1rmester \u00e9s a feles\u00e9ge, seg\u00edtenek, pakolnak \u00e9s a falu \u00f6sszes vend\u00e9gh\u00e1z\u00e1t az \u00f6nk\u00e9ntesek rendelkez\u00e9s\u00e9re bocs\u00e1tott\u00e1k a bajban. A Szabolcs-Szatm\u00e1r-Bereg megyei Korm\u00e1nyhivatal munkat\u00e1rsa is kitelep\u00fclt, hogy minden adminisztrat\u00edv feladatot igyekezzen levenni a t\u00f6bbiek v\u00e1ll\u00e1r\u00f3l. Mi magunk is tapasztaljuk, milyen ritka nagy kincs a tolm\u00e1cs, ugyanis nincsen bel\u0151l\u00fck sok. Az ukr\u00e1n r\u00e1szorul\u00f3k nagyobbik r\u00e9sze nem besz\u00e9l idegen nyelven, \u00edgy kiz\u00e1r\u00f3lag az anyanyelve jelenthet megold\u00e1st. Az egyik \u00f6nk\u00e9ntes, a D\u00e1ni\u00e1b\u00f3l hazat\u00e9r\u0151 Simon \u00e9s ukr\u00e1n p\u00e1rja, Daria \u00e9rt sz\u00f3t vel\u00fck, \u00edgy a kommunik\u00e1ci\u00f3 \u00e9s az ig\u00e9nyfelv\u00e9tel els\u0151sorban r\u00e1juk marad. Mint mes\u00e9lik, a menek\u00fcl\u0151 emberek javar\u00e9sze haza szeretne menni, ha v\u00e9ge lesz a h\u00e1bor\u00fanak, most azonban \u00fatra kel. Z\u00e1honyb\u00f3l szolidarit\u00e1si jeggyel ingyen utazhatnak vonattal a r\u00e1szorul\u00f3k a f\u0151v\u00e1rosig, az egyik fapados l\u00e9git\u00e1rsas\u00e1g pedig szint\u00e9n t\u00e9r\u00edt\u00e9smentes utaz\u00e1si lehet\u0151s\u00e9get k\u00edn\u00e1l az eur\u00f3pai j\u00e1rataira \u2013 ukr\u00e1n \u00fatlev\u00e9llel.<\/i><\/p>\n<p><i>A Csal\u00e1dbar\u00e1t Magyarorsz\u00e1g K\u00f6zpont munkat\u00e1rsai, Bartos Andrea projektigazgat\u00f3, Kereki Judit, a Gyermek\u00fat projekt szakmai vezet\u0151je \u00e9s Zombori G\u00e1bor operat\u00edv igazgat\u00f3 hajnalban k\u00e9t aut\u00f3nyi adom\u00e1nnyal kelt \u00fatra, gy\u00fcm\u00f6lcs\u00f6ket, higi\u00e9niai term\u00e9keket \u00e9s konyhai eszk\u00f6z\u00f6ket sz\u00e1ll\u00edtottak Barab\u00e1sra. Mindennek megvolt a helye, a legnagyobb sikere azonban a nagy karton pl\u00fcssj\u00e1t\u00e9knak volt. A gyerekek \u00f3r\u00e1kon kereszt\u00fcl szaladg\u00e1ltak \u00fajdons\u00fclt bar\u00e1tjukkal, a kisman\u00f3val. Ahogy Feri atya fogalmazott, a menek\u00fcl\u00e9s alkalm\u00e1val az \u00e9desany\u00e1knak nem az a legfontosabb, hogy a gyerekj\u00e1t\u00e9koknak helyet szor\u00edtsanak a b\u0151r\u00f6nd\u00f6kben, a gyerekek otthonoss\u00e1g- \u00e9s biztons\u00e1g\u00e9rzet\u00e9hez azonban nagyban hozz\u00e1j\u00e1rul egy pl\u00fcssfigura.<\/i><\/p>\n<p><i>Gy\u00fclekeznek az \u00f6nk\u00e9ntesek, a katon\u00e1k, a rendfenntart\u00f3k, a rend\u0151r\u00f6k, a civil szervezetek k\u00e9pvisel\u0151i, mindenki kiveszi a r\u00e9sz\u00e9t a munk\u00e1b\u00f3l. N\u00e9ha t\u00f6bb a seg\u00edt\u0151, mint a bajbajutott, azt\u00e1n egy pillanat alatt fordul a kocka. Hull\u00e1mokban \u00e9rkeznek az emberek. A k\u00f6r\u00fclm\u00e9nyek ellen\u00e9re m\u00e9g a legkisebb gyerekek is v\u00e9gig fegyelmezettek, de sokan \u00e9rkeznek h\u00e1zi\u00e1llataikkal egy\u00fctt. A nagykab\u00e1t al\u00f3l pislognak a kuty\u00e1k \u00e9s a macsk\u00e1k, n\u00e9ha tesznek vel\u00fck egy k\u00f6rt. A falu f\u0151utc\u00e1j\u00e1n m\u00e9retes, k\u00e9t \u00e9ve, a trianoni szerz\u0151d\u00e9s 100 \u00e9ves \u00e9vfordul\u00f3j\u00e1n felavatott gr\u00e1nitt\u00e1bla \u00e1ll\u00edt eml\u00e9ket az elcsatolt r\u00e9szeknek, amelyen Szab\u00f3 Dezs\u0151 sz\u00edvb\u0151l j\u00f6v\u0151 gondolata is helyet kapott. Keresve sem tal\u00e1lhatn\u00e1nk aktu\u00e1lisabbat: \u201eMinden magyar felel\u0151s minden magyar\u00e9rt.\u201d<\/i><\/p>\n<p><i>A baj nem j\u00e1r egyed\u00fcl. \u00c9rkezik egy nagycsal\u00e1d, az \u00f6t \u00e9v k\u00f6r\u00fcli kisfi\u00fa nem \u00e9rzi j\u00f3l mag\u00e1t, r\u00e1ad\u00e1sul gyan\u00fasak a t\u00fcnetei. Elv\u00e9geznek rajta egy koronav\u00edrus gyorstesztet, amely pozit\u00edv eredm\u00e9nyt hoz. Elk\u00fcl\u00f6n\u00edtik \u0151ket \u00e9s az eg\u00e9sz t\u00e1rsas\u00e1got letesztelik. A buszban egy\u00fctt utaz\u00f3 14 f\u0151b\u0151l kilencen fert\u0151z\u00f6ttek, \u00edgy azonnal ki kell \u00fcr\u00edteni az eg\u00e9sz m\u0171vel\u0151d\u00e9si h\u00e1zat, a szakemberek pedig megkezdik a fert\u0151tlen\u00edt\u00e9st \u00e9s v\u00e1rj\u00e1k a ment\u0151csapatot, hogy biztons\u00e1gos karant\u00e9nk\u00f6r\u00fclm\u00e9nyek k\u00f6z\u00e9 helyezz\u00e9k az \u00e9rintetteket.<\/i><\/p>\n<figure class=\"image\">\n<div class=\"gallery-image\" data-image-id=\"8903\" data-image-idx=\"10\"><img decoding=\"async\" src=\"https:\/\/csalad.hu\/api\/image\/8903\" \/><\/div>\n<\/figure>\n<h3><strong>SZORUL A SZ\u00cdV<\/strong><\/h3>\n<p><i>Egy csal\u00e1d k\u00f6zben elindul Si\u00f3fokra. Az egyik ottani sz\u00e1llod\u00e1ban dolgoz\u00f3 \u00e9desanya ment haza a gyerekei\u00e9rt, hogy egy\u00fctt t\u00e9rjenek vissza a Balatonhoz. Egy m\u00e1sik pedig a z\u00e1honyi vas\u00fat\u00e1llom\u00e1st c\u00e9lozza meg, hogy a f\u0151v\u00e1rosb\u00f3l h\u00e9tv\u00e9g\u00e9n elrep\u00fclj\u00f6n Lisszabonba. Befut egy n\u00e9met rendsz\u00e1m\u00fa t\u0171zpiros csal\u00e1di aut\u00f3 is, a kik\u00e1sz\u00e1l\u00f3d\u00f3 nagysz\u00fcl\u0151kh\u00f6z vill\u00e1mgyorsan rohannak oda az unok\u00e1k. A viszontl\u00e1t\u00e1s felszabad\u00edt\u00f3 \u00f6r\u00f6me \u00e9s a meglelt biztons\u00e1g\u00e9rzet jelenti most a mindens\u00e9get. A hatalmas \u00f6lel\u00e9seket \u00e9s a csal\u00e1dok \u00fajraegyes\u00fcl\u00e9s\u00e9t l\u00e1tva bizony nem sok szem maradt sz\u00e1razon.<\/i><\/p>\n<p><i>A Barab\u00e1son zajl\u00f3 humanit\u00e1rius akci\u00f3hoz a 20 \u00e9ves Zs\u00f3fi is csatlakozni akart. A telep\u00fcl\u00e9sen \u00e9l\u0151 fiatal l\u00e1ny a Debreceni Egyetemre j\u00e1r, \u00e9ppen a fels\u0151fok\u00fa nyelvvizsg\u00e1j\u00e1ra k\u00e9sz\u00fcl, de k\u00f6teless\u00e9g\u00e9nek \u00e9rezte, hogy a jelen helyzetben t\u00e1mogassa \u00e9desanyj\u00e1t. A polg\u00e1rmesteri hivatalban dolgoz\u00f3 asszony a m\u0171vel\u0151d\u00e9si h\u00e1z konyh\u00e1j\u00e1n seg\u00edt, amiben tud, l\u00e1nya pedig \u00f6nk\u00e9ntesk\u00e9nt csatlakozott a t\u00e1rsas\u00e1ghoz.<\/i><\/p>\n<p>\u2013 Amikor a nyolc\u00e9ves h\u00fagom meghallotta, hogy hova indulunk, azonnal berohant a szob\u00e1j\u00e1ba \u00e9s \u00f6sszek\u00e9sz\u00edtette a kedvenc j\u00e1t\u00e9kait \u2013 <i>osztja meg friss \u00e9lm\u00e9nyeit az egyetemista. <\/i>\u2013 Ragaszkodott hozz\u00e1, hogy vigy\u00fck el a csomagot a r\u00e1szorul\u00f3knak. Enn\u00e9l nagyobb aj\u00e1nd\u00e9kot tal\u00e1n nem is adhatott volna\u2026<\/p>\n<\/div>\n<p>Forr\u00e1s: <a href=\"https:\/\/csalad.hu\/csaladban-elni\/a-plussjatek-is-tars-a-bajban-helyszini-riport-az-ukran-hatarrol?fbclid=IwAR0N6Ryfzm73HGenflmv4oS_Kd5dDikqIIDKff5UTt-0BE7t1IMiv3gxoag\">csalad.hu<\/a><\/p>\n<\/div>\n<\/div><\/div><\/div><\/div><\/div><div class=\"fusion-fullwidth fullwidth-box fusion-builder-row-2 fusion-flex-container fusion-parallax-none nonhundred-percent-fullwidth non-hundred-percent-height-scrolling\" style=\"--awb-border-sizes-top:0px;--awb-border-sizes-bottom:0px;--awb-border-sizes-left:0px;--awb-border-sizes-right:0px;--awb-border-radius-top-left:0px;--awb-border-radius-top-right:0px;--awb-border-radius-bottom-right:0px;--awb-border-radius-bottom-left:0px;--awb-padding-top:150px;--awb-padding-bottom:150px;--awb-background-image:url(&quot;https:\/\/karitaszeger.hu\/web\/wp-content\/uploads\/2021\/03\/segits-scaled.jpg&quot;);--awb-background-size:cover;--awb-flex-wrap:wrap;\" ><div class=\"fusion-builder-row fusion-row fusion-flex-align-items-flex-start fusion-flex-content-wrap\" style=\"max-width:calc( 1170px + 0px );margin-left: calc(-0px \/ 2 );margin-right: calc(-0px \/ 2 );\"><div class=\"fusion-layout-column fusion_builder_column fusion-builder-column-1 fusion_builder_column_1_1 1_1 fusion-flex-column\" style=\"--awb-padding-right:11%;--awb-padding-left:11%;--awb-bg-size:cover;--awb-width-large:100%;--awb-margin-top-large:0px;--awb-spacing-right-large:0px;--awb-margin-bottom-large:20px;--awb-spacing-left-large:0px;--awb-width-medium:100%;--awb-spacing-right-medium:0px;--awb-spacing-left-medium:0px;--awb-width-small:100%;--awb-spacing-right-small:0px;--awb-spacing-left-small:0px;\"><div class=\"fusion-column-wrapper fusion-flex-justify-content-flex-start fusion-content-layout-column\"><div class=\"fusion-title title fusion-title-1 fusion-sep-none fusion-title-center fusion-title-text fusion-title-size-two\" style=\"--awb-text-color:#ffffff;--awb-margin-top-small:0px;--awb-margin-right-small:0px;--awb-margin-bottom-small:20px;--awb-margin-left-small:0px;\"><h2 class=\"fusion-title-heading title-heading-center\" style=\"margin:0;line-height:1;\"><h2 class=\"piros kozepre\"><span style=\"color: #ffffff;\">AZ \u00d6N SEG\u00cdTS\u00c9G\u00c9RE\u00a0IS SZ\u00dcKS\u00c9G VAN!<\/span><\/h2>\n<div class=\"content\"><\/div><\/h2><\/div><div class=\"fusion-separator\" style=\"align-self: center;margin-left: auto;margin-right: auto;margin-top:0px;margin-bottom:40px;width:100%;max-width:200px;\"><div class=\"fusion-separator-border sep-single sep-solid\" style=\"--awb-height:20px;--awb-amount:20px;--awb-sep-color:#f44336;border-color:#f44336;border-top-width:3px;\"><\/div><\/div><div class=\"fusion-text fusion-text-2\"><h2 style=\"text-align: center;\"><span style=\"color: #ffffff;\"><strong>1356 \u2013 H\u00cdVJON, HOGY SEG\u00cdTHESS\u00dcNK!<\/strong><\/span><\/h2>\n<\/div><div class=\"fusion-builder-row fusion-builder-row-inner fusion-row fusion-flex-align-items-flex-start fusion-flex-content-wrap\" style=\"--awb-flex-grow:0;--awb-flex-grow-medium:0;--awb-flex-grow-small:0;--awb-flex-shrink:0;--awb-flex-shrink-medium:0;--awb-flex-shrink-small:0;width:calc( 100% + 0px ) !important;max-width:calc( 100% + 0px ) !important;margin-left: calc(-0px \/ 2 );margin-right: calc(-0px \/ 2 );\"><div class=\"fusion-layout-column fusion_builder_column_inner fusion-builder-nested-column-0 fusion_builder_column_inner_1_3 1_3 fusion-flex-column\" style=\"--awb-bg-size:cover;--awb-width-large:33.333333333333%;--awb-margin-top-large:0px;--awb-spacing-right-large:0px;--awb-margin-bottom-large:20px;--awb-spacing-left-large:0px;--awb-width-medium:100%;--awb-order-medium:0;--awb-spacing-right-medium:0px;--awb-spacing-left-medium:0px;--awb-width-small:100%;--awb-order-small:0;--awb-spacing-right-small:0px;--awb-spacing-left-small:0px;\"><div class=\"fusion-column-wrapper fusion-column-has-shadow fusion-flex-justify-content-flex-start fusion-content-layout-column\"><\/div><\/div><div class=\"fusion-layout-column fusion_builder_column_inner fusion-builder-nested-column-1 fusion_builder_column_inner_1_3 1_3 fusion-flex-column fusion-animated\" style=\"--awb-bg-color:#f44336;--awb-bg-color-hover:#f44336;--awb-bg-size:cover;--awb-width-large:33.333333333333%;--awb-margin-top-large:0px;--awb-spacing-right-large:0px;--awb-margin-bottom-large:20px;--awb-spacing-left-large:0px;--awb-width-medium:100%;--awb-order-medium:0;--awb-spacing-right-medium:0px;--awb-spacing-left-medium:0px;--awb-width-small:100%;--awb-order-small:0;--awb-spacing-right-small:0px;--awb-spacing-left-small:0px;\" data-animationType=\"bounceInDown\" data-animationDuration=\"1.3\" data-animationOffset=\"top-into-view\"><div class=\"fusion-column-wrapper fusion-column-has-shadow fusion-flex-justify-content-flex-start fusion-content-layout-column\"><div style=\"text-align:center;\"><a class=\"fusion-button button-flat fusion-button-default-size button-custom fusion-button-default button-1 fusion-button-default-span fusion-button-default-type fusion-has-button-gradient\" style=\"--button_accent_color:#ffffff;--button_accent_hover_color:#f44336;--button_border_hover_color:#f44336;--button_border_width-top:0px;--button_border_width-right:0px;--button_border_width-bottom:0px;--button_border_width-left:0px;--button_gradient_top_color:rgba(254,201,107,0);--button_gradient_bottom_color:rgba(254,201,107,0);--button_gradient_top_color_hover:#ffffff;--button_gradient_bottom_color_hover:rgba(0,0,0,0);\" target=\"_self\" href=\"#\"><i class=\"fa-credit-card fas awb-button__icon awb-button__icon--default button-icon-left\" aria-hidden=\"true\"><\/i><span class=\"fusion-button-text awb-button__text awb-button__text--default\">ONLINE ADOM\u00c1NYOZ\u00c1S<\/span><\/a><\/div><\/div><\/div><div class=\"fusion-layout-column fusion_builder_column_inner fusion-builder-nested-column-2 fusion_builder_column_inner_1_3 1_3 fusion-flex-column\" style=\"--awb-bg-size:cover;--awb-width-large:33.333333333333%;--awb-margin-top-large:0px;--awb-spacing-right-large:0px;--awb-margin-bottom-large:20px;--awb-spacing-left-large:0px;--awb-width-medium:100%;--awb-order-medium:0;--awb-spacing-right-medium:0px;--awb-spacing-left-medium:0px;--awb-width-small:100%;--awb-order-small:0;--awb-spacing-right-small:0px;--awb-spacing-left-small:0px;\"><div class=\"fusion-column-wrapper fusion-column-has-shadow fusion-flex-justify-content-flex-start fusion-content-layout-column\"><\/div><\/div><\/div><\/div><\/div><\/div><\/div><\/p>\n","protected":false},"excerpt":{"rendered":"","protected":false},"author":3,"featured_media":4631,"comment_status":"open","ping_status":"open","sticky":false,"template":"","format":"standard","meta":{"footnotes":""},"categories":[107],"tags":[],"class_list":["post-4630","post","type-post","status-publish","format-standard","has-post-thumbnail","hentry","category-hirek"],"_links":{"self":[{"href":"https:\/\/karitaszeger.hu\/web\/wp-json\/wp\/v2\/posts\/4630","targetHints":{"allow":["GET"]}}],"collection":[{"href":"https:\/\/karitaszeger.hu\/web\/wp-json\/wp\/v2\/posts"}],"about":[{"href":"https:\/\/karitaszeger.hu\/web\/wp-json\/wp\/v2\/types\/post"}],"author":[{"embeddable":true,"href":"https:\/\/karitaszeger.hu\/web\/wp-json\/wp\/v2\/users\/3"}],"replies":[{"embeddable":true,"href":"https:\/\/karitaszeger.hu\/web\/wp-json\/wp\/v2\/comments?post=4630"}],"version-history":[{"count":3,"href":"https:\/\/karitaszeger.hu\/web\/wp-json\/wp\/v2\/posts\/4630\/revisions"}],"predecessor-version":[{"id":4634,"href":"https:\/\/karitaszeger.hu\/web\/wp-json\/wp\/v2\/posts\/4630\/revisions\/4634"}],"wp:featuredmedia":[{"embeddable":true,"href":"https:\/\/karitaszeger.hu\/web\/wp-json\/wp\/v2\/media\/4631"}],"wp:attachment":[{"href":"https:\/\/karitaszeger.hu\/web\/wp-json\/wp\/v2\/media?parent=4630"}],"wp:term":[{"taxonomy":"category","embeddable":true,"href":"https:\/\/karitaszeger.hu\/web\/wp-json\/wp\/v2\/categories?post=4630"},{"taxonomy":"post_tag","embeddable":true,"href":"https:\/\/karitaszeger.hu\/web\/wp-json\/wp\/v2\/tags?post=4630"}],"curies":[{"name":"wp","href":"https:\/\/api.w.org\/{rel}","templated":true}]}}