{"id":4674,"date":"2022-04-29T10:46:12","date_gmt":"2022-04-29T10:46:12","guid":{"rendered":"https:\/\/karitaszeger.hu\/web\/?p=4674"},"modified":"2023-01-15T10:50:23","modified_gmt":"2023-01-15T10:50:23","slug":"jozsef-es-barabas-egy-karitaszonkentes-a-hataron","status":"publish","type":"post","link":"https:\/\/karitaszeger.hu\/web\/2022\/04\/29\/jozsef-es-barabas-egy-karitaszonkentes-a-hataron\/","title":{"rendered":"J\u00f3zsef \u00e9s Barab\u00e1s \u2013 Egy karit\u00e1sz\u00f6nk\u00e9ntes a hat\u00e1ron"},"content":{"rendered":"<p><div class=\"fusion-fullwidth fullwidth-box fusion-builder-row-1 fusion-flex-container nonhundred-percent-fullwidth non-hundred-percent-height-scrolling\" style=\"--awb-border-radius-top-left:0px;--awb-border-radius-top-right:0px;--awb-border-radius-bottom-right:0px;--awb-border-radius-bottom-left:0px;--awb-padding-bottom:30px;--awb-flex-wrap:wrap;\" ><div class=\"fusion-builder-row fusion-row fusion-flex-align-items-flex-start fusion-flex-content-wrap\" style=\"max-width:1216.8px;margin-left: calc(-4% \/ 2 );margin-right: calc(-4% \/ 2 );\"><div class=\"fusion-layout-column fusion_builder_column fusion-builder-column-0 fusion_builder_column_1_1 1_1 fusion-flex-column\" style=\"--awb-bg-size:cover;--awb-width-large:100%;--awb-margin-top-large:0px;--awb-spacing-right-large:1.92%;--awb-margin-bottom-large:0px;--awb-spacing-left-large:1.92%;--awb-width-medium:100%;--awb-spacing-right-medium:1.92%;--awb-spacing-left-medium:1.92%;--awb-width-small:100%;--awb-spacing-right-small:1.92%;--awb-spacing-left-small:1.92%;\"><div class=\"fusion-column-wrapper fusion-flex-justify-content-flex-start fusion-content-layout-column\"><div class=\"fusion-separator fusion-full-width-sep\" style=\"align-self: center;margin-left: auto;margin-right: auto;margin-bottom:10px;width:100%;\"><div class=\"fusion-separator-border sep-single\" style=\"--awb-height:20px;--awb-amount:20px;border-color:#e00000;border-top-width:1px;\"><\/div><\/div><div class=\"fusion-text fusion-text-1\" style=\"--awb-text-transform:none;\"><h2 class=\"cim\" style=\"text-align: center;\">J\u00f3zsef \u00e9s Barab\u00e1s \u2013 Egy karit\u00e1sz\u00f6nk\u00e9ntes a hat\u00e1ron<\/h2>\n<div class=\"datumsav\"><\/div>\n<div class=\"kozepre\"><a class=\"fokep\" rel=\"lightbox&#091;'g121534'&#093;\"><img decoding=\"async\" class=\"aligncenter\" src=\"https:\/\/www.magyarkurir.hu\/img1.php?id=121534&amp;v=1&amp;img=c_IMG_5513.JPG\" \/><span class=\"galcount\" title=\"9 k\u00e9p a gal\u00e9ri\u00e1ban, kattintson!\"><img decoding=\"async\" src=\"https:\/\/www.magyarkurir.hu\/design1\/img\/img.png\" align=\"absmiddle\" \/>\u00a09<\/span><\/a><\/div>\n<h3 class=\"lead\">Hogyan lett a nemb\u0151l igen, \u00e9s az eredetileg v\u00e1llalt egy h\u00e9tb\u0151l egy h\u00f3nap? Err\u0151l is sz\u00f3 esett, amikor m\u00e1rcius v\u00e9g\u00e9n, szolg\u00e1lata egyik utols\u00f3 napj\u00e1n felkerest\u00fck Veres J\u00f3zsef k\u00f6zgazd\u00e1szt, karit\u00e1sz\u00f6nk\u00e9ntest Barab\u00e1son, a Katolikus Karit\u00e1sz seg\u00edt\u0151pontj\u00e1n.<\/h3>\n<div class=\"contentsav\">\n<blockquote>\n<p>\u201eTudsz-e j\u00f6nni, J\u00f3ska? Menni kellene le, az ukr\u00e1n hat\u00e1rra.\u201d<\/p>\n<\/blockquote>\n<p>Febru\u00e1r 25-\u00e9n, az orosz\u2013ukr\u00e1n h\u00e1bor\u00fa kit\u00f6r\u00e9s\u00e9nek m\u00e1snapj\u00e1n cs\u00f6rg\u00f6tt Veres J\u00f3zsef telefonja. A vonal m\u00e1sik v\u00e9g\u00e9n \u00c1rvai Ferenc atya besz\u00e9lt, az Egri F\u0151egyh\u00e1zmegye karit\u00e1szigazgat\u00f3ja. J\u00f3zsef, aki k\u00f6zgazd\u00e1szk\u00e9nt dolgozik, r\u00e1n\u00e9zett a napt\u00e1r\u00e1ra, l\u00e1tta, mennyi munka v\u00e1r m\u00e9g r\u00e1 a h\u00e9ten, \u00e9s nemet mondott. Azt\u00e1n egy kis id\u0151 eltelt\u00e9vel visszah\u00edvta Feri aty\u00e1t\u2026<\/p>\n<p>Hogyan lett a nemb\u0151l igen, \u00e9s az eredetileg v\u00e1llalt egy h\u00e9tb\u0151l egy h\u00f3nap? Err\u0151l is sz\u00f3 esett, amikor m\u00e1rcius v\u00e9g\u00e9n, szolg\u00e1lata egyik utols\u00f3 napj\u00e1n felkerest\u00fck J\u00f3zsefet Barab\u00e1son, a Katolikus Karit\u00e1sz seg\u00edt\u0151pontj\u00e1n.<\/p>\n<p><a title=\"Fot\u00f3: Mer\u00e9nyi Zita (2022. m\u00e1rcius 3.)\" rel=\"lightbox&#091;'g121534'&#093;\"><img decoding=\"async\" class=\"ckep aligncenter\" src=\"https:\/\/www.magyarkurir.hu\/img1.php?id=121534&amp;v=1&amp;p=1&amp;img=c_AE6A3988.jpg\" alt=\"\" border=\"0\" \/><\/a><\/p>\n<p>Veres J\u00f3zsefet j\u00f3magam az abas\u00e1ri katolikus pl\u00e9b\u00e1nia lelkes sajt\u00f3apostolak\u00e9nt ismertem meg, \u00e9s m\u00e1rciusban nagy \u00f6r\u00f6mmel ismertem fel t\u00f6bb k\u00e9pen is, amint a Karit\u00e1sz ukr\u00e1n\u2013magyar hat\u00e1r menti seg\u00edt\u0151pontj\u00e1n, Barab\u00e1son szolg\u00e1l.<\/p>\n<p>Annak a bizonyos febru\u00e1r 25-i, p\u00e9nteki telefonh\u00edv\u00e1snak volt egy k\u00e9t-h\u00e1rom \u00e9vvel kor\u00e1bbi el\u0151zm\u00e9nye. \u00c1rvai Ferenc atya ugyanis karit\u00e1szigazgat\u00f3k\u00e9nt \u00fagy gondolta, fontos lenne felm\u00e9rni a f\u0151egyh\u00e1zmegye valamennyi karit\u00e1szcsoportj\u00e1ban, hogy kik azok, akik mozg\u00f3s\u00edthat\u00f3k, akik rendelkez\u00e9sre tudnak \u00e1llni egy esetleges katasztr\u00f3fahelyzetben. \u201e\u00c9n akkor beikszeltem magam. Azt\u00e1n, h\u00e1la Istennek, hossz\u00fa ideig nem t\u00f6rt\u00e9nt semmi. De azon a febru\u00e1ri cs\u00fct\u00f6rt\u00f6k\u00f6n kit\u00f6rt a h\u00e1bor\u00fa, p\u00e9nteken pedig m\u00e1r cs\u00f6rg\u00f6tt a telefon\u201d \u2013 mes\u00e9li J\u00f3zsef.<\/p>\n<p>Feri atya egy heti szolg\u00e1latra h\u00edvta \u0151t a hat\u00e1rra. De J\u00f3zsef, amikor a napt\u00e1r\u00e1ban l\u00e1tta, mennyi munka v\u00e1r r\u00e1 m\u00e1snap, \u00e9s hogy a k\u00f6vetkez\u0151 h\u00e9tre is be vannak tervezve auditok, azt felelte, sajnos most nem tudja v\u00e1llalni a feladatot. \u00c1m miut\u00e1n letette a telefont, elgondolkozott: a napt\u00e1r\u00e1ban sehol sem tal\u00e1lna egy olyan hetet, ami szabadd\u00e1 van t\u00e9ve arra az esetre, h\u00e1tha \u00e9ppen akkor lesz katasztr\u00f3fa valahol\u2026<\/p>\n<blockquote>\n<p>\u201eNem biztos, hogy j\u00f3l van a fejemben a sorrend\u201d \u2013 sz\u00f3lalt meg benne egy hang.<\/p>\n<\/blockquote>\n<p>Abas\u00e1ron, a m\u00e1trai borvid\u00e9k egyik telep\u00fcl\u00e9s\u00e9n, J\u00f3sk\u00e1\u00e9k k\u00e9thetente cs\u00fct\u00f6rt\u00f6k\u00f6nk\u00e9nt \u00f6sszegy\u0171lnek a templomban: a P\u00e9ter-P\u00e1l imacsoportban \u00f3sz\u00f6vets\u00e9gi igeszakaszokat olvasnak, \u00e9s azokr\u00f3l elm\u00e9lkednek. A telefonh\u00edv\u00e1st megel\u0151z\u0151 napon \u2013 a h\u00e1bor\u00fa kit\u00f6r\u00e9s\u00e9nek napj\u00e1n \u2013 \u00e9ppen Aggeus pr\u00f3f\u00e9ta k\u00f6nyve volt soron. Amikor a zsid\u00f3k megszabadultak a babiloni fogs\u00e1gb\u00f3l, hazamentek, \u00e9s nagy lelkesed\u00e9ssel \u00e9p\u00edteni kezdt\u00e9k az \u00dar h\u00e1z\u00e1t, a templomot. De azt\u00e1n al\u00e1bbhagyott a lend\u00fclet, a templom\u00e9p\u00edt\u00e9s hely\u00e9t f\u00f6lverte a gaz, mindenki a saj\u00e1t h\u00e1z\u00e1t kezdte el \u00e9p\u00edteni. Nem volt helyes a sorrend \u2013 id\u00e9zi fel az eml\u00e9keit J\u00f3ska. \u201eAhogy a telefonh\u00edv\u00e1s ut\u00e1n elgondolkodtam,<\/p>\n<blockquote>\n<p>arra jutottam, hogy \u00e9n is rossz sorrendet \u00e1ll\u00edtottam fel magamban: az Isten h\u00e1z\u00e1t kellene az els\u0151 helyre tenni, \u00e9s azt \u00e9p\u00edteni, nem a saj\u00e1tomat.<\/p>\n<\/blockquote>\n<p>Ezt \u00fagy ford\u00edtottam le magamnak, hogy nem az \u00e9n munkanapt\u00e1ramat kellene n\u00e9znem, hiszen, ha jobban belegondolok, nincs olyan feladatom, amit ne lehetne k\u00e9s\u0151bbre halasztani.\u201d J\u00f3ska ezut\u00e1n megbesz\u00e9lte a d\u00f6nt\u00e9s\u00e9t a feles\u00e9g\u00e9vel, visszah\u00edvta Feri aty\u00e1t, \u00e9s elv\u00e1llalta, hogy lemegy egy h\u00e9tre a hat\u00e1rra. Szombaton m\u00e1r az aut\u00f3ban \u00fcltek.<\/p>\n<p><a title=\"Fot\u00f3: Mer\u00e9nyi Zita (2022. m\u00e1rcius 3.)\" rel=\"lightbox&#091;'g121534'&#093;\"><img decoding=\"async\" class=\"ckep aligncenter\" src=\"https:\/\/www.magyarkurir.hu\/img1.php?id=121534&amp;v=1&amp;p=1&amp;img=c_AE6A4163.jpg\" alt=\"\" border=\"0\" \/><\/a><\/p>\n<p>Az orsz\u00e1gos k\u00f6zpont is aznap indult felm\u00e9rni a helyzetet, a hat\u00e1ron tev\u00e9kenykedni kezdett a g\u00f6r\u00f6gkatolikus Ny\u00edregyh\u00e1zi Egyh\u00e1zmegye \u2013 amelynek keleti hat\u00e1ra egybeesik az orsz\u00e1ghat\u00e1rral \u2013, a tiszabecsi karit\u00e1szcsoport vizet \u00e9s szendvicset osztott a h\u00e1bor\u00fa el\u0151l menek\u00fcl\u0151knek. M\u00e9g szombaton \u00f6ssze\u00fclt a Karitat\u00edv Tan\u00e1cs, s az orsz\u00e1gos szervezetek felosztott\u00e1k egym\u00e1s k\u00f6z\u00f6tt a hat\u00e1ron teljes\u00edtend\u0151 feladatokat, ekkor jutott Barab\u00e1s a Katolikus Karit\u00e1sznak. Febru\u00e1r 27-\u00e9t\u0151l, vas\u00e1rnapt\u00f3l vannak itt teh\u00e1t, J\u00f3ska m\u00e1r a t\u00e1bor\u00e9p\u00edt\u00e9sben is r\u00e9szt vett.<\/p>\n<p>H\u00e1rom nap \u00e9p\u00edtkez\u00e9s meg raklaphord\u00e1s ut\u00e1n J\u00f3ska egyszer csak le\u00fclt egy sz\u00e1m\u00edt\u00f3g\u00e9p el\u00e9, mert \u00e9pp \u00fcres volt a sz\u00e9k, \u00e9s azt\u00e1n ott is ragadt, egy h\u00e9t helyett r\u00e1ad\u00e1sul n\u00e9gyre. Az irodai h\u00e1tt\u00e9r biztos\u00edt\u00e1sa lett a feladata: iktat, t\u00e1bl\u00e1zatot vezet az adom\u00e1nyok \u00e1tad\u00e1s\u00e1r\u00f3l-\u00e1tv\u00e9tel\u00e9r\u0151l, el\u0151k\u00e9sz\u00edti a pap\u00edrokat, amelyek ahhoz sz\u00fcks\u00e9gesek, hogy a sz\u00e1ll\u00edtm\u00e1nyokat \u00e1t lehessen vinni a hat\u00e1ron. \u00a0Emellett \u2013 a budapesti orsz\u00e1gos k\u00f6zpont egyik munkat\u00e1rs\u00e1val megosztva \u2013 \u0151 az, aki a rendszernyilv\u00e1ntart\u00e1sban r\u00f6gz\u00edti az \u00f6nk\u00e9ntes munk\u00e1ra jelentkez\u0151ket. \u00dagy alak\u00edtott\u00e1k ki a hat\u00e1r menti szolg\u00e1latot, hogy reggel nyolckor \u00e9s este nyolckor legyen a v\u00e1lt\u00e1s k\u00e9t tizenk\u00e9t \u00f3r\u00e1s m\u0171szak k\u00f6z\u00f6tt.<\/p>\n<p>A k\u00f6zpontb\u00f3l mindig van itt k\u00e9t-h\u00e1rom ember, \u0151k l\u00e1tj\u00e1k el az \u00fcgyeletes vezet\u0151i feladatokat. Tehermentes\u00edt\u00e9s\u00fckre az egyh\u00e1zmegyei karit\u00e1szigazgat\u00f3k k\u00f6z\u00fcl is sokan idej\u00f6ttek k\u00e9t-h\u00e1rom napra. Mellett\u00fck a feladatok nagy r\u00e9sz\u00e9t \u00f6nk\u00e9ntesek v\u00e9gzik, nappali m\u0171szakban 12\u201314, \u00e9jszaka 8\u201310 f\u0151. Az \u00f6nk\u00e9nteseket r\u00e9szben a megyei karit\u00e1szigazgat\u00f3k mozg\u00f3s\u00edtj\u00e1k a ter\u00fclet\u00fck\u00f6n m\u0171k\u00f6d\u0151 pl\u00e9b\u00e1niai csoportokb\u00f3l, onnan \u00e9rkezik a k\u00e9tharmaduk, egyharmadukat pedig azok adj\u00e1k, akik a k\u00f6zponti felh\u00edv\u00e1sra a honlapon kereszt\u00fcl jelentkeznek. Telefonon besz\u00e9lik meg vel\u00fck, hogy pontosan mikorra v\u00e1rj\u00e1k \u0151ket.<\/p>\n<p><a title=\"\" rel=\"lightbox&#091;'g121534'&#093;\"><img decoding=\"async\" class=\"ckep aligncenter\" src=\"https:\/\/www.magyarkurir.hu\/img1.php?id=121534&amp;v=1&amp;p=1&amp;img=c_IMG_5580.jpg\" alt=\"\" border=\"0\" \/><\/a><\/p>\n<p>A katasztr\u00f3fahelyzetben v\u00e9gzett munka egyik jellegzetess\u00e9ge, hogy nagyon r\u00f6vid lefut\u00e1s\u00fa feladatok vannak, s ezek gyorsan k\u00f6vetik egym\u00e1st. Ez a legnagyobb k\u00fcl\u00f6nbs\u00e9g a t\u00f6bbi karit\u00e1szmunk\u00e1hoz k\u00e9pest, amelyekn\u00e9l hosszabbak a folyamatok, \u00e9s minden dolognak van el\u0151zm\u00e9nye, k\u00f6vetkezm\u00e9nye. Itt hirtelen \u00e1llnak el\u0151 helyzetek, azonnali d\u00f6nt\u00e9seket kell hozni, \u00e9s m\u00e1ris \u00e1t kell \u00e1llni a k\u00f6vetkez\u0151 feladatra, ami az el\u0151z\u0151t\u0151l nagyon k\u00fcl\u00f6nb\u00f6z\u0151 is lehet. Az egyik pillanatban m\u00e9g egy \u00e9rkez\u0151 menek\u00fcltnek a szem\u00e9lyes probl\u00e9m\u00e1j\u00e1val kell foglalkozni, p\u00e9ld\u00e1ul fuvart szerezni neki, a k\u00f6vetkez\u0151 pillanatban pedig adott esetben azt kell megoldani, hogy ne t\u00f6rj\u00f6n ki a p\u00e1nik, ami\u00e9rt elment az \u00e1ram \u2013 mes\u00e9li J\u00f3ska.<\/p>\n<p>Volt, amikor azt a helyzetet kellett menedzselni, hogy egy autista kisgyermek min\u00e9l jobb felt\u00e9telek k\u00f6z\u00e9 ker\u00fclhessen. Megoldott\u00e1k, hogy a gyermek, akit k\u00fcl\u00f6n\u00f6sen megriasztott addigi \u00e9letritmus\u00e1nak felborul\u00e1sa, k\u00fcl\u00f6n helyis\u00e9gben lehessen az \u00e9desanyj\u00e1val, ne m\u00e1sik sz\u00e1z ember k\u00f6z\u00f6tt. Az utaztat\u00e1suk is mikrobusszal t\u00f6rt\u00e9nt, nem kellett Vol\u00e1n-j\u00e1ratra sz\u00e1llniuk. Az isteni gondvisel\u00e9st gyakran tapasztalt\u00e1k maguk k\u00f6r\u00fcl az itt dolgoz\u00f3k. P\u00e9ld\u00e1ul akkor is, amikor egy olyan menek\u00fclt \u00e9rkezett, aki Baden-Badenbe szeretett volna eljutni. Ha b\u00e1rmelyik m\u00e1sik napon j\u00f6tt volna \u00e1t a hat\u00e1ron, nem lett volna k\u00f6zvetlen fuvarja, szerencs\u00e9s esetben elvitt\u00e9k volna valahov\u00e1 N\u00e9metorsz\u00e1gba. De \u00e9ppen akkor volt ott egy \u00f6nk\u00e9ntes sof\u0151r, aki pont Baden-Badenbe ment\u2026<\/p>\n<p>Az els\u0151 id\u0151szakban \u00f6t-hatsz\u00e1z ember \u00e9rkezett naponta \u2013 eml\u00e9kszik vissza J\u00f3ska. Barab\u00e1son \u00e9jszak\u00e1ra mintegy negyven embert tudnak elhelyezni, mondja, de egyszer-k\u00e9tszer sz\u00fcks\u00e9gb\u0151l t\u00f6bben is voltak. Nem akartak az \u00e9jszaka k\u00f6zep\u00e9n tov\u00e1bbindulni, \u00edgy ink\u00e1bb az asztalra borulva aludtak kicsit p\u00e1ran, a gyerekeknek pedig jutott fekhely \u00fagy, hogy t\u00f6bben aludtak egy \u00e1gyban. A menek\u00fcltek nagyon toler\u00e1nsak, ebb\u0151l soha nem volt gond, m\u00e9g akkor sem, amikor teljesen m\u00e1s kult\u00far\u00e1b\u00f3l sz\u00e1rmaz\u00f3k j\u00f6ttek, p\u00e9ld\u00e1ul nig\u00e9riai vagy gh\u00e1nai egyetemist\u00e1k, csapatosan.<\/p>\n<p>Most egy\u00e9bk\u00e9nt egy nagyobb volumen\u0171 \u00e1t\u00e1ll\u00e1st oldanak meg \u00e9ppen, hiszen m\u00e1rcius utols\u00f3 het\u00e9ben jelent\u0151sen megcsappant a barab\u00e1si hat\u00e1r\u00e1tkel\u0151n kereszt\u00fcl \u00e9rkez\u0151 menek\u00fcltek sz\u00e1ma. (\u00c1prilis elsej\u00e9t\u0151l \u00e9jszak\u00e1ra le is z\u00e1rt\u00e1k a barab\u00e1si hat\u00e1r\u00e1tkel\u0151t, reggel 7 \u00f3r\u00e1t\u00f3l \u00e9jjel 23 \u00f3r\u00e1ig van nyitva.) A seg\u00edts\u00e9gponton dolgoz\u00f3k tev\u00e9kenys\u00e9ge \u00edgy most v\u00e1ltozott, ink\u00e1bb az ker\u00fclt a f\u00f3kuszba, hogy id\u0151r\u0151l id\u0151re tart\u00f3s \u00e9lelmiszert vigyenek \u00e1t a hat\u00e1r t\u00faloldal\u00e1ra. Hiszen ott gyakorlatilag minden h\u00e1zn\u00e1l vannak bels\u0151 menek\u00fcltek, akiknek az ell\u00e1t\u00e1s\u00e1r\u00f3l nagyr\u00e9szt az ottani Karit\u00e1sz gondoskodik.<\/p>\n<p><a title=\"\" rel=\"lightbox&#091;'g121534'&#093;\"><img decoding=\"async\" class=\"ckep aligncenter\" src=\"https:\/\/www.magyarkurir.hu\/img1.php?id=121534&amp;v=1&amp;p=1&amp;img=c_IMG_5548.jpg\" alt=\"\" border=\"0\" \/><\/a><\/p>\n<p>A hamarosan \u00fatnak indul\u00f3 sz\u00e1ll\u00edtm\u00e1nyt Majnek Antal nyugalmazott munk\u00e1csi megy\u00e9sp\u00fcsp\u00f6k k\u00eds\u00e9ri majd. Mint mondja, K\u00e1rp\u00e1talj\u00e1n nagyon felmentek az \u00e9lelmiszer\u00e1rak, ez\u00e9rt nagy seg\u00edts\u00e9get jelent, hogy Magyarorsz\u00e1gr\u00f3l adom\u00e1nyk\u00e9nt alapanyagokat kapnak a menek\u00fcltek ell\u00e1t\u00e1s\u00e1hoz. A p\u00fcsp\u00f6k arr\u00f3l is besz\u00e9l, hogy a h\u00edvek seg\u00edts\u00e9ge is nagyon sokat jelent a hat\u00e1r k\u00f6zel\u00e9be \u00e9rkezett bels\u0151 menek\u00fcltek lelki t\u00e1mogat\u00e1s\u00e1ban.<\/p>\n<p>A seg\u00edt\u0151k k\u00f6z\u00fcl sokan hajlamosak lenn\u00e9nek arra, hogy jobban belem\u00e9lyedjenek egy-egy \u00e9rkez\u0151 menek\u00fcltnek a sors\u00e1ba, m\u00e9g akkor is, ha az \u2013 legal\u00e1bbis \u00e1tmenetileg \u2013 megold\u00f3dott, \u00e1rulja el J\u00f3ska. M\u0171szak k\u00f6zben itt nincs id\u0151 morfond\u00edrozni, de amint van egy kis sz\u00fcnet, azonnal l\u00e1tszik az embereken, hogy j\u00e1r az agyuk. A menek\u00fcltek \u00e9s a seg\u00edt\u0151k lelki\u00e1llapot\u00e1nak er\u0151s\u00edt\u00e9s\u00e9ben sokat seg\u00edt, hogy nincs olyan nappali vagy \u00e9jszakai szolg\u00e1lat, amikor ne lenne itt egy r\u00f3mai vagy g\u00f6r\u00f6gkatolikus pap.<\/p>\n<p>Azt is elmondja, \u0151 mindig a napi evang\u00e9liumra igyekezett t\u00e1maszkodni, amit a fej\u00e9ben \u00e9s a sz\u00edv\u00e9ben hordozott, \u00e9s er\u0151forr\u00e1st jelentett neki az is, hogy h\u00e9tv\u00e9gente hazament. \u201e\u00c1t\u00e9rt\u00e9kel\u0151d\u00f6tt az \u00e9letemben az otthon megszokott szentmise, fontosabb\u00e1 v\u00e1lt, hogy r\u00e9szt vegyek rajta, r\u00e9szes\u00fcljek a szent\u00e1ldoz\u00e1sban.\u201d A h\u00e9tk\u00f6znapi liturgi\u00e1ra Barab\u00e1son a r\u00f3mai katolikusoknak nincs lehet\u0151s\u00e9g\u00fck. T\u00e1bori k\u00f6r\u00fclm\u00e9nyek k\u00f6z\u00f6tt tartott egyszer mis\u00e9t \u00c1rvai Ferenc atya, egyszer pedig \u00c9csy G\u00e1bor atya, az orsz\u00e1gos karit\u00e1szigazgat\u00f3.<\/p>\n<p><a title=\"\" rel=\"lightbox&#091;'g121534'&#093;\"><img decoding=\"async\" class=\"ckep aligncenter\" src=\"https:\/\/www.magyarkurir.hu\/img1.php?id=121534&amp;v=1&amp;p=1&amp;img=c_IMG_5522.jpg\" alt=\"\" border=\"0\" \/><\/a><\/p>\n<p>J\u00f3ska \u00fagy fogalmaz: furcsa, hogy itt van most p\u00e9nteken, \u00e9s semmi es\u00e9lye arra, hogy keresztutat j\u00e1rjon. A nagyb\u00f6jt ezut\u00e1n sosem lesz m\u00e1r olyan sz\u00e1m\u00e1ra, mint azel\u0151tt volt, teszi hozz\u00e1. Majd arr\u00f3l besz\u00e9l, a nagyb\u00f6jt sokaknak azt jelenti, hogy megvonnak magukt\u00f3l valamit A b\u00f6jt \u00e9s az ima az \u00f6nk\u00e9ntes szolg\u00e1lata idej\u00e9n most kev\u00e9sb\u00e9 tudott jelen lenni az \u00e9let\u00e9ben, de a j\u00f3cselekedetekre ann\u00e1l nagyobb hangs\u00faly ker\u00fclt.<\/p>\n<p>\u00d6r\u00f6mmel sz\u00e1mol be arr\u00f3l, hogy m\u00e1rcius 15-\u00e9n egy hatf\u0151s \u00f6nk\u00e9ntes csoport \u00e9rkezett ide a faluj\u00e1b\u00f3l. J\u00f3 volt l\u00e1tnia, milyen sz\u00e9pen dolgoznak egy\u00fctt, tudva, hogy otthon nem felt\u00e9tlen\u00fcl lenne ilyen nagy k\u00f6z\u00f6tt\u00fck az egyet\u00e9rt\u00e9s \u00e9s a szeretet. \u201eNem agit\u00e1ltam \u0151ket, hanem az egyik\u00fck egyszer elj\u00f6tt, \u00e9s hazamenve elvitte a h\u00edr\u00e9t a barab\u00e1si szolg\u00e1latnak. Azt\u00e1n spont\u00e1n szervez\u0151d\u00f6tt egy mikrobusznyi ember, akik adom\u00e1nyt is hoztak, \u00e9s v\u00e1llaltak itt egy tizenk\u00e9t \u00f3r\u00e1s m\u0171szakot.\u201d<\/p>\n<p>Veres J\u00f3zsefet mostani szolg\u00e1lat\u00e1nak utols\u00f3 el\u0151tti napj\u00e1n cs\u00edpt\u00fck el Barab\u00e1son. Gyakorlott zar\u00e1ndokk\u00e9nt m\u00e1r a lez\u00e1r\u00e1son, \u00f6sszegz\u00e9sen gondolkodott. \u201eNyilv\u00e1n nem mondom, hogy ezut\u00e1n nem j\u00f6v\u00f6k, mert lehet, hogy \u00fagy hozza a helyzet. De elf\u00e1radtam. Fizikailag kev\u00e9sb\u00e9, l\u00e9lekben viszont ann\u00e1l ink\u00e1bb. Nekem most \u00edgy el\u00e9g. Biztos vagyok abban, hogy a zar\u00e1ndoklatos lelkis\u00e9gemb\u0151l is tudtam \u00e9p\u00edtkezni az itteni szolg\u00e1latom alatt. Meg is fogalmaztam magamnak, hogy<\/p>\n<blockquote>\n<p><strong><em>\u201dolyan ez, mint egy zar\u00e1ndoklat, azzal a k\u00fcl\u00f6nbs\u00e9ggel, hogy minden este ugyanott fekszem le. De itt is ugyan\u00fagy m\u00e1s minden nap, mint amikor zar\u00e1ndoklaton van az ember, \u00e9s itt is mindig az adott pillanatot kell meg\u00e9lni, azt, ami \u00e9ppen t\u00f6rt\u00e9nik. Csak itt m\u00e9g hozz\u00e1j\u00f6n az, hogy m\u00e1soknak is seg\u00edteni kell meg\u00e9lni, ami van, \u00e9s \u00fagy cselekedni, hogy minden a lehet\u0151 legjobb legyen sz\u00e1m\u00e1ra.\u201d<\/em><\/strong><\/p>\n<\/blockquote>\n<p><strong>Szerz\u0151:\u00a0Agon\u00e1s Szonja<\/strong><\/p>\n<p><strong>Fot\u00f3: Lambert Attila, Mer\u00e9nyi Zita<\/strong><\/p>\n<p><strong>Forr\u00e1s:<\/strong> <a href=\"https:\/\/www.magyarkurir.hu\/hirek\/jozsef-es-barabas-egy-karitaszonkentes-hataron?fbclid=IwAR0fkbXFR0BpPZ_GM4QwO4wQN2oVenz8fGpYMdNJPo0rmzflSl6LqqADxEI\">https:\/\/www.magyarkurir.hu\/hirek\/jozsef-es-barabas-egy-karitaszonkentes-hataron?fbclid=IwAR0fkbXFR0BpPZ_GM4QwO4wQN2oVenz8fGpYMdNJPo0rmzflSl6LqqADxEI<\/a><\/p>\n<\/div>\n<\/div><\/div><\/div><\/div><\/div><div class=\"fusion-fullwidth fullwidth-box fusion-builder-row-2 fusion-flex-container fusion-parallax-none nonhundred-percent-fullwidth non-hundred-percent-height-scrolling\" style=\"--awb-border-sizes-top:0px;--awb-border-sizes-bottom:0px;--awb-border-sizes-left:0px;--awb-border-sizes-right:0px;--awb-border-radius-top-left:0px;--awb-border-radius-top-right:0px;--awb-border-radius-bottom-right:0px;--awb-border-radius-bottom-left:0px;--awb-padding-top:150px;--awb-padding-bottom:150px;--awb-background-image:url(&quot;https:\/\/karitaszeger.hu\/web\/wp-content\/uploads\/2021\/03\/segits-scaled.jpg&quot;);--awb-background-size:cover;--awb-flex-wrap:wrap;\" ><div class=\"fusion-builder-row fusion-row fusion-flex-align-items-flex-start fusion-flex-content-wrap\" style=\"max-width:calc( 1170px + 0px );margin-left: calc(-0px \/ 2 );margin-right: calc(-0px \/ 2 );\"><div class=\"fusion-layout-column fusion_builder_column fusion-builder-column-1 fusion_builder_column_1_1 1_1 fusion-flex-column\" style=\"--awb-padding-right:11%;--awb-padding-left:11%;--awb-bg-size:cover;--awb-width-large:100%;--awb-margin-top-large:0px;--awb-spacing-right-large:0px;--awb-margin-bottom-large:20px;--awb-spacing-left-large:0px;--awb-width-medium:100%;--awb-spacing-right-medium:0px;--awb-spacing-left-medium:0px;--awb-width-small:100%;--awb-spacing-right-small:0px;--awb-spacing-left-small:0px;\"><div class=\"fusion-column-wrapper fusion-flex-justify-content-flex-start fusion-content-layout-column\"><div class=\"fusion-title title fusion-title-1 fusion-sep-none fusion-title-center fusion-title-text fusion-title-size-two\" style=\"--awb-text-color:#ffffff;--awb-margin-top-small:0px;--awb-margin-right-small:0px;--awb-margin-bottom-small:20px;--awb-margin-left-small:0px;\"><h2 class=\"fusion-title-heading title-heading-center\" style=\"margin:0;line-height:1;\"><h2 class=\"piros kozepre\"><span style=\"color: #ffffff;\">AZ \u00d6N SEG\u00cdTS\u00c9G\u00c9RE\u00a0IS SZ\u00dcKS\u00c9G VAN!<\/span><\/h2>\n<div class=\"content\"><\/div><\/h2><\/div><div class=\"fusion-separator\" style=\"align-self: center;margin-left: auto;margin-right: auto;margin-top:0px;margin-bottom:40px;width:100%;max-width:200px;\"><div class=\"fusion-separator-border sep-single sep-solid\" style=\"--awb-height:20px;--awb-amount:20px;--awb-sep-color:#f44336;border-color:#f44336;border-top-width:3px;\"><\/div><\/div><div class=\"fusion-text fusion-text-2\"><h2 style=\"text-align: center;\"><span style=\"color: #ffffff;\"><strong>1356 \u2013 H\u00cdVJON, HOGY SEG\u00cdTHESS\u00dcNK!<\/strong><\/span><\/h2>\n<\/div><div class=\"fusion-builder-row fusion-builder-row-inner fusion-row fusion-flex-align-items-flex-start fusion-flex-content-wrap\" style=\"--awb-flex-grow:0;--awb-flex-grow-medium:0;--awb-flex-grow-small:0;--awb-flex-shrink:0;--awb-flex-shrink-medium:0;--awb-flex-shrink-small:0;width:calc( 100% + 0px ) !important;max-width:calc( 100% + 0px ) !important;margin-left: calc(-0px \/ 2 );margin-right: calc(-0px \/ 2 );\"><div class=\"fusion-layout-column fusion_builder_column_inner fusion-builder-nested-column-0 fusion_builder_column_inner_1_3 1_3 fusion-flex-column\" style=\"--awb-bg-size:cover;--awb-width-large:33.333333333333%;--awb-margin-top-large:0px;--awb-spacing-right-large:0px;--awb-margin-bottom-large:20px;--awb-spacing-left-large:0px;--awb-width-medium:100%;--awb-order-medium:0;--awb-spacing-right-medium:0px;--awb-spacing-left-medium:0px;--awb-width-small:100%;--awb-order-small:0;--awb-spacing-right-small:0px;--awb-spacing-left-small:0px;\"><div class=\"fusion-column-wrapper fusion-column-has-shadow fusion-flex-justify-content-flex-start fusion-content-layout-column\"><\/div><\/div><div class=\"fusion-layout-column fusion_builder_column_inner fusion-builder-nested-column-1 fusion_builder_column_inner_1_3 1_3 fusion-flex-column fusion-animated\" style=\"--awb-bg-color:#f44336;--awb-bg-color-hover:#f44336;--awb-bg-size:cover;--awb-width-large:33.333333333333%;--awb-margin-top-large:0px;--awb-spacing-right-large:0px;--awb-margin-bottom-large:20px;--awb-spacing-left-large:0px;--awb-width-medium:100%;--awb-order-medium:0;--awb-spacing-right-medium:0px;--awb-spacing-left-medium:0px;--awb-width-small:100%;--awb-order-small:0;--awb-spacing-right-small:0px;--awb-spacing-left-small:0px;\" data-animationType=\"bounceInDown\" data-animationDuration=\"1.3\" data-animationOffset=\"top-into-view\"><div class=\"fusion-column-wrapper fusion-column-has-shadow fusion-flex-justify-content-flex-start fusion-content-layout-column\"><div style=\"text-align:center;\"><a class=\"fusion-button button-flat fusion-button-default-size button-custom fusion-button-default button-1 fusion-button-default-span fusion-button-default-type fusion-has-button-gradient\" style=\"--button_accent_color:#ffffff;--button_accent_hover_color:#f44336;--button_border_hover_color:#f44336;--button_border_width-top:0px;--button_border_width-right:0px;--button_border_width-bottom:0px;--button_border_width-left:0px;--button_gradient_top_color:rgba(254,201,107,0);--button_gradient_bottom_color:rgba(254,201,107,0);--button_gradient_top_color_hover:#ffffff;--button_gradient_bottom_color_hover:rgba(0,0,0,0);\" target=\"_self\" href=\"#\"><i class=\"fa-credit-card fas awb-button__icon awb-button__icon--default button-icon-left\" aria-hidden=\"true\"><\/i><span class=\"fusion-button-text awb-button__text awb-button__text--default\">ONLINE ADOM\u00c1NYOZ\u00c1S<\/span><\/a><\/div><\/div><\/div><div class=\"fusion-layout-column fusion_builder_column_inner fusion-builder-nested-column-2 fusion_builder_column_inner_1_3 1_3 fusion-flex-column\" style=\"--awb-bg-size:cover;--awb-width-large:33.333333333333%;--awb-margin-top-large:0px;--awb-spacing-right-large:0px;--awb-margin-bottom-large:20px;--awb-spacing-left-large:0px;--awb-width-medium:100%;--awb-order-medium:0;--awb-spacing-right-medium:0px;--awb-spacing-left-medium:0px;--awb-width-small:100%;--awb-order-small:0;--awb-spacing-right-small:0px;--awb-spacing-left-small:0px;\"><div class=\"fusion-column-wrapper fusion-column-has-shadow fusion-flex-justify-content-flex-start fusion-content-layout-column\"><\/div><\/div><\/div><\/div><\/div><\/div><\/div><\/p>\n","protected":false},"excerpt":{"rendered":"","protected":false},"author":3,"featured_media":4675,"comment_status":"open","ping_status":"open","sticky":false,"template":"","format":"standard","meta":{"footnotes":""},"categories":[107],"tags":[],"class_list":["post-4674","post","type-post","status-publish","format-standard","has-post-thumbnail","hentry","category-hirek"],"_links":{"self":[{"href":"https:\/\/karitaszeger.hu\/web\/wp-json\/wp\/v2\/posts\/4674","targetHints":{"allow":["GET"]}}],"collection":[{"href":"https:\/\/karitaszeger.hu\/web\/wp-json\/wp\/v2\/posts"}],"about":[{"href":"https:\/\/karitaszeger.hu\/web\/wp-json\/wp\/v2\/types\/post"}],"author":[{"embeddable":true,"href":"https:\/\/karitaszeger.hu\/web\/wp-json\/wp\/v2\/users\/3"}],"replies":[{"embeddable":true,"href":"https:\/\/karitaszeger.hu\/web\/wp-json\/wp\/v2\/comments?post=4674"}],"version-history":[{"count":2,"href":"https:\/\/karitaszeger.hu\/web\/wp-json\/wp\/v2\/posts\/4674\/revisions"}],"predecessor-version":[{"id":4677,"href":"https:\/\/karitaszeger.hu\/web\/wp-json\/wp\/v2\/posts\/4674\/revisions\/4677"}],"wp:featuredmedia":[{"embeddable":true,"href":"https:\/\/karitaszeger.hu\/web\/wp-json\/wp\/v2\/media\/4675"}],"wp:attachment":[{"href":"https:\/\/karitaszeger.hu\/web\/wp-json\/wp\/v2\/media?parent=4674"}],"wp:term":[{"taxonomy":"category","embeddable":true,"href":"https:\/\/karitaszeger.hu\/web\/wp-json\/wp\/v2\/categories?post=4674"},{"taxonomy":"post_tag","embeddable":true,"href":"https:\/\/karitaszeger.hu\/web\/wp-json\/wp\/v2\/tags?post=4674"}],"curies":[{"name":"wp","href":"https:\/\/api.w.org\/{rel}","templated":true}]}}