{"id":4681,"date":"2022-06-07T10:56:44","date_gmt":"2022-06-07T10:56:44","guid":{"rendered":"https:\/\/karitaszeger.hu\/web\/?p=4681"},"modified":"2023-01-15T11:00:49","modified_gmt":"2023-01-15T11:00:49","slug":"remeny-elet-valtozas","status":"publish","type":"post","link":"https:\/\/karitaszeger.hu\/web\/2022\/06\/07\/remeny-elet-valtozas\/","title":{"rendered":"REM\u00c9NY, \u00c9LET, V\u00c1LTOZ\u00c1S"},"content":{"rendered":"<p><div class=\"fusion-fullwidth fullwidth-box fusion-builder-row-1 fusion-flex-container nonhundred-percent-fullwidth non-hundred-percent-height-scrolling\" style=\"--awb-border-radius-top-left:0px;--awb-border-radius-top-right:0px;--awb-border-radius-bottom-right:0px;--awb-border-radius-bottom-left:0px;--awb-padding-bottom:30px;--awb-flex-wrap:wrap;\" ><div class=\"fusion-builder-row fusion-row fusion-flex-align-items-flex-start fusion-flex-content-wrap\" style=\"max-width:1216.8px;margin-left: calc(-4% \/ 2 );margin-right: calc(-4% \/ 2 );\"><div class=\"fusion-layout-column fusion_builder_column fusion-builder-column-0 fusion_builder_column_1_1 1_1 fusion-flex-column\" style=\"--awb-bg-size:cover;--awb-width-large:100%;--awb-margin-top-large:0px;--awb-spacing-right-large:1.92%;--awb-margin-bottom-large:0px;--awb-spacing-left-large:1.92%;--awb-width-medium:100%;--awb-spacing-right-medium:1.92%;--awb-spacing-left-medium:1.92%;--awb-width-small:100%;--awb-spacing-right-small:1.92%;--awb-spacing-left-small:1.92%;\"><div class=\"fusion-column-wrapper fusion-flex-justify-content-flex-start fusion-content-layout-column\"><div class=\"fusion-separator fusion-full-width-sep\" style=\"align-self: center;margin-left: auto;margin-right: auto;margin-bottom:10px;width:100%;\"><div class=\"fusion-separator-border sep-single\" style=\"--awb-height:20px;--awb-amount:20px;border-color:#e00000;border-top-width:1px;\"><\/div><\/div><div class=\"fusion-text fusion-text-1\" style=\"--awb-text-transform:none;\"><h2 class=\"post-title entry-title \" style=\"text-align: center;\">REM\u00c9NY, \u00c9LET, V\u00c1LTOZ\u00c1S<\/h2>\n<div class=\"kozepre\">\n<h3 style=\"text-align: center;\">A R\u00c9V egy \u00faj \u00e9let rem\u00e9ny\u00e9t adja a szenved\u00e9lybetegeknek<\/h3>\n<p style=\"text-align: center;\"><strong>Az Egri R\u00c9V Szenved\u00e9lybeteg-seg\u00edt\u0151 Szolg\u00e1lat 24 \u00e9ve karolja fel a f\u00fcgg\u0151s\u00e9g \u00e1ldozatait. Tal\u00e1n elmondhat\u00f3, hogy a szenved\u00e9lyek k\u00f6re b\u0151v\u00fcl, \u00e9s a mai fiatalok egyre hamarabb tal\u00e1lkoznak a rombol\u00f3 hat\u00e1s\u00fa szerekkel. Az int\u00e9zm\u00e9ny vezet\u0151je szerint nem az\u00e9rt lesz valaki f\u00fcgg\u0151, mert ez t\u00e9nyleg j\u00f3 sz\u00e1m\u00e1ra, hanem a szer valamit p\u00f3tol: emberi kapcsolatokat, kommunik\u00e1ci\u00f3t, szeretetet, \u00f6lel\u00e9st. Ez\u00e9rt a szakemberek a m\u00f6g\u00f6ttes okokat keresik, illetve ha m\u00f3d van r\u00e1, a csal\u00e1ddal is kapcsolatba ker\u00fclnek. Err\u0151l a nem mindennapi hivat\u00e1sr\u00f3l \u00e9s a R\u00c9V k\u00f6zel negyedsz\u00e1zad\u00e1r\u00f3l besz\u00e9lget\u00fcnk Koh\u00e1ri Szilvi\u00e1val.<\/strong><\/p>\n<p><img decoding=\"async\" class=\"wp-image-4682 size-fusion-800 aligncenter\" src=\"https:\/\/karitaszeger.hu\/web\/wp-content\/uploads\/2023\/01\/290A1296-800x533.jpg\" alt=\"\" width=\"800\" height=\"533\" srcset=\"https:\/\/karitaszeger.hu\/web\/wp-content\/uploads\/2023\/01\/290A1296-120x80.jpg 120w, https:\/\/karitaszeger.hu\/web\/wp-content\/uploads\/2023\/01\/290A1296-200x133.jpg 200w, https:\/\/karitaszeger.hu\/web\/wp-content\/uploads\/2023\/01\/290A1296-300x200.jpg 300w, https:\/\/karitaszeger.hu\/web\/wp-content\/uploads\/2023\/01\/290A1296-400x267.jpg 400w, https:\/\/karitaszeger.hu\/web\/wp-content\/uploads\/2023\/01\/290A1296-600x400.jpg 600w, https:\/\/karitaszeger.hu\/web\/wp-content\/uploads\/2023\/01\/290A1296-768x512.jpg 768w, https:\/\/karitaszeger.hu\/web\/wp-content\/uploads\/2023\/01\/290A1296-800x533.jpg 800w, https:\/\/karitaszeger.hu\/web\/wp-content\/uploads\/2023\/01\/290A1296-1024x683.jpg 1024w, https:\/\/karitaszeger.hu\/web\/wp-content\/uploads\/2023\/01\/290A1296-1200x800.jpg 1200w, https:\/\/karitaszeger.hu\/web\/wp-content\/uploads\/2023\/01\/290A1296.jpg 1500w\" sizes=\"(max-width: 800px) 100vw, 800px\" \/><\/p>\n<p><strong>R\u00c9V \u2013 mi mindent h\u00edv el\u0151 benned ez a sz\u00f3?<\/strong><\/p>\n<p>A R\u00c9V egy mozaiksz\u00f3: Rem\u00e9ny, \u00c9let, V\u00e1ltoz\u00e1s. Amikor 1998. \u00e1prilis 1-j\u00e9n megnyitotta kapuit az int\u00e9zm\u00e9ny, akkor egy m\u00e1sik \u00e9rtelmez\u00e9se is volt a R\u00c9V-nek: Rabs\u00e1g, \u00c9rtelem, V\u00e1laszt\u00e1s. Ezenk\u00edv\u00fcl eszembe jut az egy\u00fcttm\u0171k\u00f6d\u00e9s, \u00e9s itt nemcsak a t\u00f6bbi t\u00e1rsszakm\u00e1ra gondolok, hiszen a szenved\u00e9lybeteg-seg\u00edt\u00e9st nem lehet egyed\u00fcl csin\u00e1lni, hanem arra a csapatra, amely a R\u00c9V-ben dolgozik. Hiszek abban, hogy a seg\u00edt\u0151i team meghat\u00e1rozza az int\u00e9zm\u00e9ny l\u00e9gk\u00f6r\u00e9t. A felsorol\u00e1sb\u00f3l nem hagyhat\u00f3 ki a csal\u00e1d sem, a szenved\u00e9lybetegek csal\u00e1djai, akik hozz\u00e1nk fordulnak. Olyan k\u00f6z\u00f6ss\u00e9gben igyeksz\u00fcnk gondolkodni, ahol k\u00f6z\u00f6sen kell d\u00f6nteni a fel\u00e9p\u00fcl\u00e9s mellett. Kiterjesztve a csal\u00e1d sz\u00f3t fontosnak \u00e9rezz\u00fck, hogy a saj\u00e1t k\u00f6z\u00f6ss\u00e9geinkben is j\u00f3l legy\u00fcnk, mert ez lek\u00e9pz\u0151dik a kliensekkel val\u00f3 kapcsolatban. Szoktam mondani, hogy van egy nagyobb csal\u00e1dunk is; a szenved\u00e9lybeteg-seg\u00edt\u00e9s Magyarorsz\u00e1gon nagyon kis szakma, ahol j\u00f3, ha egy\u00fcttm\u0171k\u00f6d\u00fcnk az alapell\u00e1t\u00e1sokt\u00f3l eg\u00e9szen a rehabilit\u00e1ci\u00f3ig.<\/p>\n<p><img decoding=\"async\" class=\"wp-image-4683 size-fusion-800 aligncenter\" src=\"https:\/\/karitaszeger.hu\/web\/wp-content\/uploads\/2023\/01\/290A1283-800x533.jpg\" alt=\"\" width=\"800\" height=\"533\" srcset=\"https:\/\/karitaszeger.hu\/web\/wp-content\/uploads\/2023\/01\/290A1283-120x80.jpg 120w, https:\/\/karitaszeger.hu\/web\/wp-content\/uploads\/2023\/01\/290A1283-200x133.jpg 200w, https:\/\/karitaszeger.hu\/web\/wp-content\/uploads\/2023\/01\/290A1283-300x200.jpg 300w, https:\/\/karitaszeger.hu\/web\/wp-content\/uploads\/2023\/01\/290A1283-400x267.jpg 400w, https:\/\/karitaszeger.hu\/web\/wp-content\/uploads\/2023\/01\/290A1283-600x400.jpg 600w, https:\/\/karitaszeger.hu\/web\/wp-content\/uploads\/2023\/01\/290A1283-768x512.jpg 768w, https:\/\/karitaszeger.hu\/web\/wp-content\/uploads\/2023\/01\/290A1283-800x533.jpg 800w, https:\/\/karitaszeger.hu\/web\/wp-content\/uploads\/2023\/01\/290A1283-1024x683.jpg 1024w, https:\/\/karitaszeger.hu\/web\/wp-content\/uploads\/2023\/01\/290A1283-1200x800.jpg 1200w, https:\/\/karitaszeger.hu\/web\/wp-content\/uploads\/2023\/01\/290A1283.jpg 1500w\" sizes=\"(max-width: 800px) 100vw, 800px\" \/><\/p>\n<p><strong>Melyek a R\u00c9V 24 \u00e9ves t\u00f6rt\u00e9net\u00e9nek fordul\u00f3pontjai?<\/strong><\/p>\n<p>Amikor 1998-ban h\u00e1rman elindultunk, m\u00e9g t\u00f6rv\u00e9nyi h\u00e1ttere sem volt az eff\u00e9le ell\u00e1t\u00e1soknak. Az eg\u00e9szs\u00e9g\u00fcgy l\u00e1tta el a klienseket a pszichi\u00e1triai oszt\u00e1lyokon, \u00e9s nem volt m\u00e1s alternat\u00edva. A n\u00e9met pszichoszoci\u00e1lis ell\u00e1t\u00f3helyek adt\u00e1k a mint\u00e1t, t\u0151l\u00fck kezdt\u00fcnk el tanulni. A m\u00e1sik nagy fordul\u00f3pont a normat\u00edv\u00e1s ell\u00e1t\u00e1sok megjelen\u00e9se, amikor beker\u00fclt a jogszab\u00e1lyba a szenved\u00e9lybeteg-ell\u00e1t\u00e1s, lett szakmai \u00e9s anyagi h\u00e1ttere is. Nyolc R\u00c9V indult az orsz\u00e1gban a Magyar Karit\u00e1sz fenntart\u00e1s\u00e1val, az egri negyedikk\u00e9nt. Eleinte egy szeg\u00e9ny gondoz\u00f3n\u0151v\u00e9rnek a kis csal\u00e1di h\u00e1z\u00e1t kaptuk haszn\u00e1latra, \u00e9s a 2000-es \u00e9vekben b\u0151v\u00edtett\u00fck az int\u00e9zm\u00e9nyt, a leg\u00fajabb sz\u00e1rnyat pedig 2015-ben adtuk \u00e1t. Az egyh\u00e1z k\u00e9t aut\u00f3t biztos\u00edtott ahhoz, hogy 49 telep\u00fcl\u00e9st l\u00e1ssunk el. Z\u00f6ld\u00f6vezetben, csal\u00e1dias k\u00f6rnyezetben dolgozhatunk egy szem\u00e9lyes ell\u00e1t\u00e1son. J\u00f3 lenne egy rehabilit\u00e1ci\u00f3s int\u00e9zet \u00c9szak-Magyarorsz\u00e1gon, \u00e9s f\u00e9lutas h\u00e1zr\u00f3l is \u00e1lmodunk, h\u00e1tha egyszer megval\u00f3sul.<\/p>\n<p><img decoding=\"async\" class=\"wp-image-4684 size-fusion-800 aligncenter\" src=\"https:\/\/karitaszeger.hu\/web\/wp-content\/uploads\/2023\/01\/290A1290-800x433.jpg\" alt=\"\" width=\"800\" height=\"433\" srcset=\"https:\/\/karitaszeger.hu\/web\/wp-content\/uploads\/2023\/01\/290A1290-200x108.jpg 200w, https:\/\/karitaszeger.hu\/web\/wp-content\/uploads\/2023\/01\/290A1290-300x162.jpg 300w, https:\/\/karitaszeger.hu\/web\/wp-content\/uploads\/2023\/01\/290A1290-400x217.jpg 400w, https:\/\/karitaszeger.hu\/web\/wp-content\/uploads\/2023\/01\/290A1290-600x325.jpg 600w, https:\/\/karitaszeger.hu\/web\/wp-content\/uploads\/2023\/01\/290A1290-768x416.jpg 768w, https:\/\/karitaszeger.hu\/web\/wp-content\/uploads\/2023\/01\/290A1290-800x433.jpg 800w, https:\/\/karitaszeger.hu\/web\/wp-content\/uploads\/2023\/01\/290A1290-1024x554.jpg 1024w, https:\/\/karitaszeger.hu\/web\/wp-content\/uploads\/2023\/01\/290A1290-1200x650.jpg 1200w, https:\/\/karitaszeger.hu\/web\/wp-content\/uploads\/2023\/01\/290A1290.jpg 1500w\" sizes=\"(max-width: 800px) 100vw, 800px\" \/><\/p>\n<p><strong>Melyik koroszt\u00e1ly fel\u00e9 fordultok els\u0151sorban?<\/strong><\/p>\n<p>A prevenci\u00f3ra mindig nagy hangs\u00falyt fektett\u00fcnk. A di\u00e1koknak nem el\u0151ad\u00e1st tartunk, hanem interakt\u00edv foglalkoz\u00e1st, rengeteg j\u00e1t\u00e9kkal. \u00cdgy k\u00f6nnyebb felm\u00e9rni, hol tartanak \u00e9ppen, mit tudnak, van-e t\u00e9vhit a fej\u00fckben. A k\u00f6z\u00e9piskol\u00e1k jelz\u00e9sei alapj\u00e1n m\u00e1r nem csak megel\u0151z\u00e9sre van sz\u00fcks\u00e9g, ez\u00e9rt kihelyezett tan\u00e1csad\u00e1sokkal vagyunk jelen heti egy alkalommal. Nem az iskol\u00e1ban kezel\u00fcnk, de ott k\u00e9rhetnek seg\u00edts\u00e9get, a koll\u00e9g\u00e1k helyben diagnosztiz\u00e1lnak, vagy sz\u00fcks\u00e9g eset\u00e9n t\u00fczet oltanak. Ha hosszabb t\u00e1v\u00fa folyamatr\u00f3l van sz\u00f3, azt mindenk\u00e9pp kihozzuk a R\u00c9V-be. Az iskol\u00e1kban m\u00e9g el\u00e9rhet\u0151bbek a csal\u00e1dok, \u00e9s j\u00f3l egy\u00fctt tudunk m\u0171k\u00f6dni pedag\u00f3gus koll\u00e9g\u00e1kkal, az iskolaeg\u00e9szs\u00e9g\u00fcggyel \u00e9s az iskolai szoci\u00e1lis seg\u00edt\u0151kkel. Ez a korai kezel\u00e9sbe v\u00e9telnek a legfontosabb lehet\u0151s\u00e9ge. Ha ki kell emelnem m\u00e9g egy koroszt\u00e1lyt, \u0151k a 40 \u00e9v f\u00f6l\u00f6tti szenved\u00e9lybeteg-probl\u00e9m\u00e1val k\u00fczd\u0151 csal\u00e1dok. Azok a hozz\u00e1tartoz\u00f3k, akik \u00e9rzik, hogy probl\u00e9ma van, illetve azok a szenved\u00e9lybetegek, akik valamilyen v\u00e1ltoztat\u00e1si sz\u00e1nd\u00e9kkal keresnek meg. Amikor el\u0151sz\u00f6r megy valaki seg\u00edt\u0151h\u00f6z, nem hiszem, hogy soha t\u00f6bbet nem akar inni vagy drogozni. Csak annyira szenved, hogy szeretn\u00e9, ha valami t\u00f6rt\u00e9nne vele. Vel\u00fck j\u00f3l lehet dolgozni, mert m\u00e1r t\u00fal vannak n\u00e9h\u00e1ny m\u00e9lyponton, amire lehet \u00e9p\u00edtkezni a folyamatban.<\/p>\n<p><img decoding=\"async\" class=\"wp-image-4685 size-fusion-800 aligncenter\" src=\"https:\/\/karitaszeger.hu\/web\/wp-content\/uploads\/2023\/01\/290A1274-800x533.jpg\" alt=\"\" width=\"800\" height=\"533\" srcset=\"https:\/\/karitaszeger.hu\/web\/wp-content\/uploads\/2023\/01\/290A1274-120x80.jpg 120w, https:\/\/karitaszeger.hu\/web\/wp-content\/uploads\/2023\/01\/290A1274-200x133.jpg 200w, https:\/\/karitaszeger.hu\/web\/wp-content\/uploads\/2023\/01\/290A1274-300x200.jpg 300w, https:\/\/karitaszeger.hu\/web\/wp-content\/uploads\/2023\/01\/290A1274-400x267.jpg 400w, https:\/\/karitaszeger.hu\/web\/wp-content\/uploads\/2023\/01\/290A1274-600x400.jpg 600w, https:\/\/karitaszeger.hu\/web\/wp-content\/uploads\/2023\/01\/290A1274-768x512.jpg 768w, https:\/\/karitaszeger.hu\/web\/wp-content\/uploads\/2023\/01\/290A1274-800x533.jpg 800w, https:\/\/karitaszeger.hu\/web\/wp-content\/uploads\/2023\/01\/290A1274-1024x683.jpg 1024w, https:\/\/karitaszeger.hu\/web\/wp-content\/uploads\/2023\/01\/290A1274-1200x800.jpg 1200w, https:\/\/karitaszeger.hu\/web\/wp-content\/uploads\/2023\/01\/290A1274.jpg 1500w\" sizes=\"(max-width: 800px) 100vw, 800px\" \/><\/p>\n<p><strong>El\u00e9g nyomaszt\u00f3 sorsokkal tal\u00e1lkoztok napr\u00f3l napra. Hogy siker\u00fcl ezeket hordozni, feldolgozni?<\/strong><\/p>\n<p>Amikor valaki \u00fagy j\u00f6n vissza a k\u00f6vetkez\u0151 tal\u00e1lkoz\u00e1sra, hogy az\u00f3ta nem kellett szert haszn\u00e1lnia, az rem\u00e9nyteli \u00e9rz\u00e9s. B\u00e1r \u00f3vatosan szoktam \u00f6r\u00fclni, mert tudom, hogy nagyon egyszer\u0171 visszaesni. Amikor valaki egy \u00e9ve tiszta, \u0151t nagyon szeretj\u00fck meg\u00f6lelgetni \u00e9s meg\u00fcnnepelni. \u00c9n nem szem\u00e9lyes sikerk\u00e9nt \u00e9lem meg, hanem egyr\u00e9szt kegyelem, m\u00e1sr\u00e9szt az egy\u00e9n szem\u00e9lyes sikere. Ezek nagyon el\u0151reviv\u0151 pillanatok; az apr\u00f3 elmozdul\u00e1sok\u00e9rt is meg\u00e9ri csin\u00e1lni. Csak a jelen pillanatra szabad gondolni, hogy ma nem kellett innia, \u00e9s ha ezt megtanulod, nem lesz baj. A seg\u00edt\u0151 \u00e9s a seg\u00edtett tal\u00e1lkozik ebben a folyamatban; ez egy k\u00eds\u00e9r\u00e9s, amiben t\u00e1mogatom, de \u0151 oldja meg a neh\u00e9zs\u00e9geket. \u00c9n m\u00e1r annyi mindent hallottam a seg\u00edt\u0151i szob\u00e1ban, hogy el\u0151ttem nincs mi\u00e9rt sz\u00e9gyenkezni, egy\u00e9bk\u00e9nt meg mindannyian esend\u0151k vagyunk. Visszafel\u00e9 csak az\u00e9rt \u00e9rdemes felbontani az esem\u00e9nyeket, hogy l\u00e1ssuk az elakad\u00e1s okait, de onnant\u00f3l kezdve \u00e9rdemes azt n\u00e9zni, hogy mit csin\u00e1ljunk m\u00e1sk\u00e9pp. Amikor meg\u00e9rzik a felt\u00e9tel n\u00e9lk\u00fcli elfogad\u00e1st \u00e9s nyitotts\u00e1got, akkor leomlanak a g\u00e1tak. Sokan olyan h\u00e1tt\u00e9rprobl\u00e9m\u00e1kr\u00f3l, csal\u00e1di gy\u00f6kerekr\u0151l besz\u00e9lnek, amiket soha senkinek nem mondtak el. Ez \u00f3ri\u00e1si bizalom fel\u00e9nk, nagy aj\u00e1nd\u00e9k a r\u00e9sz\u00fckr\u0151l \u2013 ez a k\u00f6lcs\u00f6n\u00f6ss\u00e9g szerintem.<\/p>\n<hr \/>\n<p>SZERZ\u0150:\u00a0CS\u00c1K-NAGY KRISZTA<br \/>\nFOT\u00d3K: VOZ\u00c1RY R\u00d3BERT<\/p>\n<\/div>\n<div class=\"contentsav\">\n<p><strong>Forr\u00e1s:<\/strong> <a href=\"http:\/\/www.egri-magazin.hu\/remeny-elet-valtozas\/\">http:\/\/www.egri-magazin.hu\/remeny-elet-valtozas\/<\/a><\/p>\n<\/div>\n<\/div><\/div><\/div><\/div><\/div><div class=\"fusion-fullwidth fullwidth-box fusion-builder-row-2 fusion-flex-container fusion-parallax-none nonhundred-percent-fullwidth non-hundred-percent-height-scrolling\" style=\"--awb-border-sizes-top:0px;--awb-border-sizes-bottom:0px;--awb-border-sizes-left:0px;--awb-border-sizes-right:0px;--awb-border-radius-top-left:0px;--awb-border-radius-top-right:0px;--awb-border-radius-bottom-right:0px;--awb-border-radius-bottom-left:0px;--awb-padding-top:150px;--awb-padding-bottom:150px;--awb-background-image:url(&quot;https:\/\/karitaszeger.hu\/web\/wp-content\/uploads\/2021\/03\/segits-scaled.jpg&quot;);--awb-background-size:cover;--awb-flex-wrap:wrap;\" ><div class=\"fusion-builder-row fusion-row fusion-flex-align-items-flex-start fusion-flex-content-wrap\" style=\"max-width:calc( 1170px + 0px );margin-left: calc(-0px \/ 2 );margin-right: calc(-0px \/ 2 );\"><div class=\"fusion-layout-column fusion_builder_column fusion-builder-column-1 fusion_builder_column_1_1 1_1 fusion-flex-column\" style=\"--awb-padding-right:11%;--awb-padding-left:11%;--awb-bg-size:cover;--awb-width-large:100%;--awb-margin-top-large:0px;--awb-spacing-right-large:0px;--awb-margin-bottom-large:20px;--awb-spacing-left-large:0px;--awb-width-medium:100%;--awb-spacing-right-medium:0px;--awb-spacing-left-medium:0px;--awb-width-small:100%;--awb-spacing-right-small:0px;--awb-spacing-left-small:0px;\"><div class=\"fusion-column-wrapper fusion-flex-justify-content-flex-start fusion-content-layout-column\"><div class=\"fusion-title title fusion-title-1 fusion-sep-none fusion-title-center fusion-title-text fusion-title-size-two\" style=\"--awb-text-color:#ffffff;--awb-margin-top-small:0px;--awb-margin-right-small:0px;--awb-margin-bottom-small:20px;--awb-margin-left-small:0px;\"><h2 class=\"fusion-title-heading title-heading-center\" style=\"margin:0;line-height:1;\"><h2 class=\"piros kozepre\"><span style=\"color: #ffffff;\">AZ \u00d6N SEG\u00cdTS\u00c9G\u00c9RE\u00a0IS SZ\u00dcKS\u00c9G VAN!<\/span><\/h2>\n<div class=\"content\"><\/div><\/h2><\/div><div class=\"fusion-separator\" style=\"align-self: center;margin-left: auto;margin-right: auto;margin-top:0px;margin-bottom:40px;width:100%;max-width:200px;\"><div class=\"fusion-separator-border sep-single sep-solid\" style=\"--awb-height:20px;--awb-amount:20px;--awb-sep-color:#f44336;border-color:#f44336;border-top-width:3px;\"><\/div><\/div><div class=\"fusion-text fusion-text-2\"><h2 style=\"text-align: center;\"><span style=\"color: #ffffff;\"><strong>1356 \u2013 H\u00cdVJON, HOGY SEG\u00cdTHESS\u00dcNK!<\/strong><\/span><\/h2>\n<\/div><div class=\"fusion-builder-row fusion-builder-row-inner fusion-row fusion-flex-align-items-flex-start fusion-flex-content-wrap\" style=\"--awb-flex-grow:0;--awb-flex-grow-medium:0;--awb-flex-grow-small:0;--awb-flex-shrink:0;--awb-flex-shrink-medium:0;--awb-flex-shrink-small:0;width:calc( 100% + 0px ) !important;max-width:calc( 100% + 0px ) !important;margin-left: calc(-0px \/ 2 );margin-right: calc(-0px \/ 2 );\"><div class=\"fusion-layout-column fusion_builder_column_inner fusion-builder-nested-column-0 fusion_builder_column_inner_1_3 1_3 fusion-flex-column\" style=\"--awb-bg-size:cover;--awb-width-large:33.333333333333%;--awb-margin-top-large:0px;--awb-spacing-right-large:0px;--awb-margin-bottom-large:20px;--awb-spacing-left-large:0px;--awb-width-medium:100%;--awb-order-medium:0;--awb-spacing-right-medium:0px;--awb-spacing-left-medium:0px;--awb-width-small:100%;--awb-order-small:0;--awb-spacing-right-small:0px;--awb-spacing-left-small:0px;\"><div class=\"fusion-column-wrapper fusion-column-has-shadow fusion-flex-justify-content-flex-start fusion-content-layout-column\"><\/div><\/div><div class=\"fusion-layout-column fusion_builder_column_inner fusion-builder-nested-column-1 fusion_builder_column_inner_1_3 1_3 fusion-flex-column fusion-animated\" style=\"--awb-bg-color:#f44336;--awb-bg-color-hover:#f44336;--awb-bg-size:cover;--awb-width-large:33.333333333333%;--awb-margin-top-large:0px;--awb-spacing-right-large:0px;--awb-margin-bottom-large:20px;--awb-spacing-left-large:0px;--awb-width-medium:100%;--awb-order-medium:0;--awb-spacing-right-medium:0px;--awb-spacing-left-medium:0px;--awb-width-small:100%;--awb-order-small:0;--awb-spacing-right-small:0px;--awb-spacing-left-small:0px;\" data-animationType=\"bounceInDown\" data-animationDuration=\"1.3\" data-animationOffset=\"top-into-view\"><div class=\"fusion-column-wrapper fusion-column-has-shadow fusion-flex-justify-content-flex-start fusion-content-layout-column\"><div style=\"text-align:center;\"><a class=\"fusion-button button-flat fusion-button-default-size button-custom fusion-button-default button-1 fusion-button-default-span fusion-button-default-type fusion-has-button-gradient\" style=\"--button_accent_color:#ffffff;--button_accent_hover_color:#f44336;--button_border_hover_color:#f44336;--button_border_width-top:0px;--button_border_width-right:0px;--button_border_width-bottom:0px;--button_border_width-left:0px;--button_gradient_top_color:rgba(254,201,107,0);--button_gradient_bottom_color:rgba(254,201,107,0);--button_gradient_top_color_hover:#ffffff;--button_gradient_bottom_color_hover:rgba(0,0,0,0);\" target=\"_self\" href=\"#\"><i class=\"fa-credit-card fas awb-button__icon awb-button__icon--default button-icon-left\" aria-hidden=\"true\"><\/i><span class=\"fusion-button-text awb-button__text awb-button__text--default\">ONLINE ADOM\u00c1NYOZ\u00c1S<\/span><\/a><\/div><\/div><\/div><div class=\"fusion-layout-column fusion_builder_column_inner fusion-builder-nested-column-2 fusion_builder_column_inner_1_3 1_3 fusion-flex-column\" style=\"--awb-bg-size:cover;--awb-width-large:33.333333333333%;--awb-margin-top-large:0px;--awb-spacing-right-large:0px;--awb-margin-bottom-large:20px;--awb-spacing-left-large:0px;--awb-width-medium:100%;--awb-order-medium:0;--awb-spacing-right-medium:0px;--awb-spacing-left-medium:0px;--awb-width-small:100%;--awb-order-small:0;--awb-spacing-right-small:0px;--awb-spacing-left-small:0px;\"><div class=\"fusion-column-wrapper fusion-column-has-shadow fusion-flex-justify-content-flex-start fusion-content-layout-column\"><\/div><\/div><\/div><\/div><\/div><\/div><\/div><\/p>\n","protected":false},"excerpt":{"rendered":"","protected":false},"author":3,"featured_media":4682,"comment_status":"open","ping_status":"open","sticky":false,"template":"","format":"standard","meta":{"footnotes":""},"categories":[107],"tags":[],"class_list":["post-4681","post","type-post","status-publish","format-standard","has-post-thumbnail","hentry","category-hirek"],"_links":{"self":[{"href":"https:\/\/karitaszeger.hu\/web\/wp-json\/wp\/v2\/posts\/4681","targetHints":{"allow":["GET"]}}],"collection":[{"href":"https:\/\/karitaszeger.hu\/web\/wp-json\/wp\/v2\/posts"}],"about":[{"href":"https:\/\/karitaszeger.hu\/web\/wp-json\/wp\/v2\/types\/post"}],"author":[{"embeddable":true,"href":"https:\/\/karitaszeger.hu\/web\/wp-json\/wp\/v2\/users\/3"}],"replies":[{"embeddable":true,"href":"https:\/\/karitaszeger.hu\/web\/wp-json\/wp\/v2\/comments?post=4681"}],"version-history":[{"count":1,"href":"https:\/\/karitaszeger.hu\/web\/wp-json\/wp\/v2\/posts\/4681\/revisions"}],"predecessor-version":[{"id":4686,"href":"https:\/\/karitaszeger.hu\/web\/wp-json\/wp\/v2\/posts\/4681\/revisions\/4686"}],"wp:featuredmedia":[{"embeddable":true,"href":"https:\/\/karitaszeger.hu\/web\/wp-json\/wp\/v2\/media\/4682"}],"wp:attachment":[{"href":"https:\/\/karitaszeger.hu\/web\/wp-json\/wp\/v2\/media?parent=4681"}],"wp:term":[{"taxonomy":"category","embeddable":true,"href":"https:\/\/karitaszeger.hu\/web\/wp-json\/wp\/v2\/categories?post=4681"},{"taxonomy":"post_tag","embeddable":true,"href":"https:\/\/karitaszeger.hu\/web\/wp-json\/wp\/v2\/tags?post=4681"}],"curies":[{"name":"wp","href":"https:\/\/api.w.org\/{rel}","templated":true}]}}