{"id":4699,"date":"2022-09-28T11:26:59","date_gmt":"2022-09-28T11:26:59","guid":{"rendered":"https:\/\/karitaszeger.hu\/web\/?p=4699"},"modified":"2023-01-15T11:30:10","modified_gmt":"2023-01-15T11:30:10","slug":"jonak-lenni-jo-karitasz-nap-beregszaszban","status":"publish","type":"post","link":"https:\/\/karitaszeger.hu\/web\/2022\/09\/28\/jonak-lenni-jo-karitasz-nap-beregszaszban\/","title":{"rendered":"J\u00f3nak lenni j\u00f3! \u2013 Karit\u00e1sz-nap Beregsz\u00e1szban"},"content":{"rendered":"<p><div class=\"fusion-fullwidth fullwidth-box fusion-builder-row-1 fusion-flex-container nonhundred-percent-fullwidth non-hundred-percent-height-scrolling\" style=\"--awb-border-radius-top-left:0px;--awb-border-radius-top-right:0px;--awb-border-radius-bottom-right:0px;--awb-border-radius-bottom-left:0px;--awb-padding-bottom:30px;--awb-flex-wrap:wrap;\" ><div class=\"fusion-builder-row fusion-row fusion-flex-align-items-flex-start fusion-flex-content-wrap\" style=\"max-width:1216.8px;margin-left: calc(-4% \/ 2 );margin-right: calc(-4% \/ 2 );\"><div class=\"fusion-layout-column fusion_builder_column fusion-builder-column-0 fusion_builder_column_1_1 1_1 fusion-flex-column\" style=\"--awb-bg-size:cover;--awb-width-large:100%;--awb-margin-top-large:0px;--awb-spacing-right-large:1.92%;--awb-margin-bottom-large:0px;--awb-spacing-left-large:1.92%;--awb-width-medium:100%;--awb-spacing-right-medium:1.92%;--awb-spacing-left-medium:1.92%;--awb-width-small:100%;--awb-spacing-right-small:1.92%;--awb-spacing-left-small:1.92%;\"><div class=\"fusion-column-wrapper fusion-flex-justify-content-flex-start fusion-content-layout-column\"><div class=\"fusion-separator fusion-full-width-sep\" style=\"align-self: center;margin-left: auto;margin-right: auto;margin-bottom:10px;width:100%;\"><div class=\"fusion-separator-border sep-single\" style=\"--awb-height:20px;--awb-amount:20px;border-color:#e00000;border-top-width:1px;\"><\/div><\/div><div class=\"fusion-text fusion-text-1\" style=\"--awb-text-transform:none;\"><div id=\"title\" class=\"style-scope ytd-watch-metadata\">\n<h2 class=\"entry-title\" style=\"text-align: center;\">J\u00f3nak lenni j\u00f3! \u2013 Karit\u00e1sz-nap Beregsz\u00e1szban<\/h2>\n<\/div>\n<div class=\"entry-media\">\n<figure><img decoding=\"async\" class=\"attachment-post-thumbnail size-post-thumbnail wp-post-image\" src=\"https:\/\/kiszo.net\/wp-content\/uploads\/2022\/09\/3-5karitasz-e1664272927576.jpg\" sizes=\"(max-width: 1024px) 100vw, 1024px\" srcset=\"https:\/\/kiszo.net\/wp-content\/uploads\/2022\/09\/3-5karitasz-e1664272927576.jpg 1024w, https:\/\/kiszo.net\/wp-content\/uploads\/2022\/09\/3-5karitasz-e1664272927576-300x200.jpg 300w, https:\/\/kiszo.net\/wp-content\/uploads\/2022\/09\/3-5karitasz-e1664272927576-768x512.jpg 768w, https:\/\/kiszo.net\/wp-content\/uploads\/2022\/09\/3-5karitasz-e1664272927576-110x73.jpg 110w, https:\/\/kiszo.net\/wp-content\/uploads\/2022\/09\/3-5karitasz-e1664272927576-420x280.jpg 420w, https:\/\/kiszo.net\/wp-content\/uploads\/2022\/09\/3-5karitasz-e1664272927576-645x430.jpg 645w\" alt=\"\" width=\"1024\" height=\"683\" \/><\/figure>\n<\/div>\n<div class=\"entry-content\">\n<p><strong>Karit\u00e1sz-napot tartottak Beregsz\u00e1szban a P\u00e1sztor Ferenc K\u00f6z\u00f6ss\u00e9gi \u00e9s Zar\u00e1ndokh\u00e1zban, melyre \u00c1rvai Ferenc atya, az Egri F\u0151egyh\u00e1zmegye Karit\u00e1sz K\u00f6zpont igazgat\u00f3ja, siroki pl\u00e9b\u00e1nos kapott megh\u00edv\u00e1st, hogy el\u0151ad\u00e1saival er\u0151s\u00edtse mind hit\u00fckben, mind tev\u00e9kenys\u00e9g\u00fckben a helyi aktivist\u00e1kat. Az egynapos rendezv\u00e9nyre a Fels\u0151-Tisza-vid\u00e9kt\u0151l Csapig az egyh\u00e1zmegye szinte minden telep\u00fcl\u00e9s\u00e9r\u0151l \u00e9rkeztek.<\/strong><\/p>\n<pre><strong>Heged\u0171s Csilla<\/strong><\/pre>\n<p>\u2013 Egyh\u00e1zmegy\u00e9nkben gyakran szerveznek lelki napokat. Ezeken nem gyakorlati t\u00e9m\u00e1kat vitatunk meg, hanem ink\u00e1bb k\u00f6z\u00f6sen im\u00e1dkozunk. Most viszont \u00fagy gondoltuk, hogy a sok megold\u00e1sra v\u00e1r\u00f3, feladat elv\u00e9gz\u00e9se k\u00f6zepette nagy seg\u00edts\u00e9g lenne, ha egy olyan szem\u00e9lyt h\u00edvn\u00e1nk meg, aki nemcsak lelkiekben, de a tev\u00e9kenys\u00e9g\u00fcnkben is t\u00e1maszunk lehetne. Erre nem is lehetett volna megfelel\u0151bb szem\u00e9ly, mint \u00c1rvai Ferenc atya, akit\u0151l sok mindent tanulhatunk \u2013 mondta Harapk\u00f3 Marianna, a Beregsz\u00e1szi Szent Anna Karit\u00e1sz Alap\u00edtv\u00e1ny vezet\u0151je. \u2013 Az atya arra biztatott minket, hogy hozzunk l\u00e9tre karit\u00e1sz csoportokat, \u00e9s vonjuk be a fiatalokat. Ez\u00e9rt az alkalomra gyerekeket is megh\u00edvtunk a Bethlen G\u00e1bor L\u00edceumb\u00f3l, hogy hallgass\u00e1k meg az el\u0151ad\u00e1sokat, \u00e9s ha \u00fagy gondolj\u00e1k, csatlakozzanak hozz\u00e1nk \u2013 tette hozz\u00e1.<\/p>\n<p>\u00c1rvai Ferenc atya J\u00f3nak lenni j\u00f3! c\u00edmmel tartott el\u0151ad\u00e1st. Kiemelte, a katolikus karit\u00e1sz nem humanit\u00e1rius seg\u00e9lyszervezet, hanem ann\u00e1l sokkal t\u00f6bb \u2013 a katolikus egyh\u00e1z hivatalos seg\u00e9lyszervezete, mely az eg\u00e9sz vil\u00e1gon 162 orsz\u00e1gban 5,5 milli\u00e1rd doll\u00e1r \u00e9rt\u00e9kben seg\u00edt \u00e9vente.<\/p>\n<p>\u2013 Szervezet\u00fcnk az egyh\u00e1z nev\u00e9ben \u00e9s az evang\u00e9lium szellem\u00e9ben teszi a j\u00f3t. Ez k\u00fcl\u00f6nb\u00f6ztet meg benn\u00fcnket, mert mi a kereszt\u00e9ny hit\u00fcnkbe kapaszkodva seg\u00edt\u00fcnk a r\u00e1szorul\u00f3kon. Ma itt is igen j\u00f3, seg\u00edt\u0151k\u00e9sz emberekkel volt szerencs\u00e9m tal\u00e1lkozni, akik hossz\u00fa \u00e9vek \u00f3ta v\u00e9geznek karitat\u00edv szolg\u00e1latot. A pl\u00e9b\u00e1ni\u00e1kon m\u0171k\u00f6d\u0151 csoportok els\u0151sorban k\u00f6z\u00f6ss\u00e9gek, ez\u00e9rt l\u00e9nyeges, hogy a munka mellett legyenek k\u00f6z\u00f6ss\u00e9gi programok is, ahol ki tudnak kapcsol\u00f3dni \u2013 jegyezte meg.<\/p>\n<p>Az atya k\u00f6vetkez\u0151 elad\u00e1s\u00e1ban e csoportok m\u0171k\u00f6d\u00e9s\u00e9r\u0151l besz\u00e9lt. Mint mondta, Magyarorsz\u00e1gon 800 telep\u00fcl\u00e9sen legal\u00e1bb t\u00edzezer \u00f6nk\u00e9ntes\u00fck tev\u00e9kenykedik, s akik n\u00e9lk\u00fcl neh\u00e9z lenne olajozottan, hat\u00e9konyan v\u00e9gezni a munk\u00e1t. \u2013 A Magyarorsz\u00e1gra Ukrajn\u00e1b\u00f3l \u00e9rkez\u0151 menek\u00fclteket sem tudn\u00e1nk az \u00f6nk\u00e9ntesek, a csoportok n\u00e9lk\u00fcl fogadni. Barab\u00e1son 24 \u00f3r\u00e1ban \u00fczemel a b\u00e1zisunk, folyamatosan fogadjuk a hoz\u00e1jukat elhagy\u00f3kat. Emellett K\u00e1rp\u00e1talj\u00e1ra folyamatosan k\u00fcldj\u00fck az adom\u00e1nyokat, hiszen tudjuk, hogy itt nagyon sok Kelet-Ukrajn\u00e1b\u00f3l \u00e9rkezett szem\u00e9ly tart\u00f3zkodik, \u00e9s mi t\u00e1mogatjuk az ell\u00e1t\u00e1sukat. De azokat is seg\u00edtj\u00fck, akik Magyarorsz\u00e1gon v\u00e1rj\u00e1k a h\u00e1bor\u00fa v\u00e9g\u00e9t \u2013 fejtette ki Ferenc atya.<\/p>\n<p>\u2013 Sok fiatalt l\u00e1tok ma itt, ami bizakod\u00e1sra ad okot\u2026<\/p>\n<p>\u2013 T\u00edz \u00e9vvel ezel\u0151tt azt tapasztaltuk, hogy a fiatalok is nagyon sz\u00edvesen j\u00f6nnek hozz\u00e1nk, ez\u00e9rt alak\u00edtottuk meg Magyarorsz\u00e1gon a karit\u00e1s ifj\u00fas\u00e1gi \u00e9s gyermekszervezet\u00e9t, a Karit\u00e1sz Juniort, ahol j\u00e1t\u00e9kosan sok j\u00f3t igyeksz\u00fcnk \u00e1tadni nekik, kicsit bep\u00f3tolva azt is, ami tal\u00e1n kimaradt az \u00e9let\u00fckb\u0151l. \u00c9s arra nevelj\u00fck \u0151ket, hogy azt a tulajdons\u00e1gukat, hogy szeretnek j\u00f3t\u00e9konykodni, ne vesz\u00edts\u00e9k el. Az itt l\u00e9v\u0151 gyerekekben is azt l\u00e1tom, hogy \u00e9rdekl\u0151d\u0151ek a karit\u00e1sz munk\u00e1ja ir\u00e1nt, \u00e9s biztos vagyok abban, hogy csatlakoznak ehhez a nagyszer\u0171 tev\u00e9kenys\u00e9ghez.<\/p>\n<p>\u00c1rvai Ferenc atya \u00e9s k\u00eds\u00e9r\u0151je, Szilvay Jerne szerzetes n\u0151v\u00e9r most sem \u00e9rkezett \u00fcres k\u00e9zzel. Tart\u00f3s \u00e9lelmiszereket \u00e9s meleg takar\u00f3kat hoztak.<\/p>\n<p><strong>Forr\u00e1s:<\/strong> <a href=\"https:\/\/kiszo.net\/2022\/09\/28\/jonak-lenni-jo-karitasz-nap-beregszaszban-%e2%97%8f-karpati-igaz-szo\/\">https:\/\/kiszo.net\/2022\/09\/28\/jonak-lenni-jo-karitasz-nap-beregszaszban-%e2%97%8f-karpati-igaz-szo\/<\/a><\/p>\n<\/div>\n<\/div><\/div><\/div><\/div><\/div><div class=\"fusion-fullwidth fullwidth-box fusion-builder-row-2 fusion-flex-container fusion-parallax-none nonhundred-percent-fullwidth non-hundred-percent-height-scrolling\" style=\"--awb-border-sizes-top:0px;--awb-border-sizes-bottom:0px;--awb-border-sizes-left:0px;--awb-border-sizes-right:0px;--awb-border-radius-top-left:0px;--awb-border-radius-top-right:0px;--awb-border-radius-bottom-right:0px;--awb-border-radius-bottom-left:0px;--awb-padding-top:150px;--awb-padding-bottom:150px;--awb-background-image:url(&quot;https:\/\/karitaszeger.hu\/web\/wp-content\/uploads\/2021\/03\/segits-scaled.jpg&quot;);--awb-background-size:cover;--awb-flex-wrap:wrap;\" ><div class=\"fusion-builder-row fusion-row fusion-flex-align-items-flex-start fusion-flex-content-wrap\" style=\"max-width:calc( 1170px + 0px );margin-left: calc(-0px \/ 2 );margin-right: calc(-0px \/ 2 );\"><div class=\"fusion-layout-column fusion_builder_column fusion-builder-column-1 fusion_builder_column_1_1 1_1 fusion-flex-column\" style=\"--awb-padding-right:11%;--awb-padding-left:11%;--awb-bg-size:cover;--awb-width-large:100%;--awb-margin-top-large:0px;--awb-spacing-right-large:0px;--awb-margin-bottom-large:20px;--awb-spacing-left-large:0px;--awb-width-medium:100%;--awb-spacing-right-medium:0px;--awb-spacing-left-medium:0px;--awb-width-small:100%;--awb-spacing-right-small:0px;--awb-spacing-left-small:0px;\"><div class=\"fusion-column-wrapper fusion-flex-justify-content-flex-start fusion-content-layout-column\"><div class=\"fusion-title title fusion-title-1 fusion-sep-none fusion-title-center fusion-title-text fusion-title-size-two\" style=\"--awb-text-color:#ffffff;--awb-margin-top-small:0px;--awb-margin-right-small:0px;--awb-margin-bottom-small:20px;--awb-margin-left-small:0px;\"><h2 class=\"fusion-title-heading title-heading-center\" style=\"margin:0;line-height:1;\"><h2 class=\"piros kozepre\"><span style=\"color: #ffffff;\">AZ \u00d6N SEG\u00cdTS\u00c9G\u00c9RE\u00a0IS SZ\u00dcKS\u00c9G VAN!<\/span><\/h2>\n<div class=\"content\"><\/div><\/h2><\/div><div class=\"fusion-separator\" style=\"align-self: center;margin-left: auto;margin-right: auto;margin-top:0px;margin-bottom:40px;width:100%;max-width:200px;\"><div class=\"fusion-separator-border sep-single sep-solid\" style=\"--awb-height:20px;--awb-amount:20px;--awb-sep-color:#f44336;border-color:#f44336;border-top-width:3px;\"><\/div><\/div><div class=\"fusion-text fusion-text-2\"><h2 style=\"text-align: center;\"><span style=\"color: #ffffff;\"><strong>1356 \u2013 H\u00cdVJON, HOGY SEG\u00cdTHESS\u00dcNK!<\/strong><\/span><\/h2>\n<\/div><div class=\"fusion-builder-row fusion-builder-row-inner fusion-row fusion-flex-align-items-flex-start fusion-flex-content-wrap\" style=\"--awb-flex-grow:0;--awb-flex-grow-medium:0;--awb-flex-grow-small:0;--awb-flex-shrink:0;--awb-flex-shrink-medium:0;--awb-flex-shrink-small:0;width:calc( 100% + 0px ) !important;max-width:calc( 100% + 0px ) !important;margin-left: calc(-0px \/ 2 );margin-right: calc(-0px \/ 2 );\"><div class=\"fusion-layout-column fusion_builder_column_inner fusion-builder-nested-column-0 fusion_builder_column_inner_1_3 1_3 fusion-flex-column\" style=\"--awb-bg-size:cover;--awb-width-large:33.333333333333%;--awb-margin-top-large:0px;--awb-spacing-right-large:0px;--awb-margin-bottom-large:20px;--awb-spacing-left-large:0px;--awb-width-medium:100%;--awb-order-medium:0;--awb-spacing-right-medium:0px;--awb-spacing-left-medium:0px;--awb-width-small:100%;--awb-order-small:0;--awb-spacing-right-small:0px;--awb-spacing-left-small:0px;\"><div class=\"fusion-column-wrapper fusion-column-has-shadow fusion-flex-justify-content-flex-start fusion-content-layout-column\"><\/div><\/div><div class=\"fusion-layout-column fusion_builder_column_inner fusion-builder-nested-column-1 fusion_builder_column_inner_1_3 1_3 fusion-flex-column fusion-animated\" style=\"--awb-bg-color:#f44336;--awb-bg-color-hover:#f44336;--awb-bg-size:cover;--awb-width-large:33.333333333333%;--awb-margin-top-large:0px;--awb-spacing-right-large:0px;--awb-margin-bottom-large:20px;--awb-spacing-left-large:0px;--awb-width-medium:100%;--awb-order-medium:0;--awb-spacing-right-medium:0px;--awb-spacing-left-medium:0px;--awb-width-small:100%;--awb-order-small:0;--awb-spacing-right-small:0px;--awb-spacing-left-small:0px;\" data-animationType=\"bounceInDown\" data-animationDuration=\"1.3\" data-animationOffset=\"top-into-view\"><div class=\"fusion-column-wrapper fusion-column-has-shadow fusion-flex-justify-content-flex-start fusion-content-layout-column\"><div style=\"text-align:center;\"><a class=\"fusion-button button-flat fusion-button-default-size button-custom fusion-button-default button-1 fusion-button-default-span fusion-button-default-type fusion-has-button-gradient\" style=\"--button_accent_color:#ffffff;--button_accent_hover_color:#f44336;--button_border_hover_color:#f44336;--button_border_width-top:0px;--button_border_width-right:0px;--button_border_width-bottom:0px;--button_border_width-left:0px;--button_gradient_top_color:rgba(254,201,107,0);--button_gradient_bottom_color:rgba(254,201,107,0);--button_gradient_top_color_hover:#ffffff;--button_gradient_bottom_color_hover:rgba(0,0,0,0);\" target=\"_self\" href=\"#\"><i class=\"fa-credit-card fas awb-button__icon awb-button__icon--default button-icon-left\" aria-hidden=\"true\"><\/i><span class=\"fusion-button-text awb-button__text awb-button__text--default\">ONLINE ADOM\u00c1NYOZ\u00c1S<\/span><\/a><\/div><\/div><\/div><div class=\"fusion-layout-column fusion_builder_column_inner fusion-builder-nested-column-2 fusion_builder_column_inner_1_3 1_3 fusion-flex-column\" style=\"--awb-bg-size:cover;--awb-width-large:33.333333333333%;--awb-margin-top-large:0px;--awb-spacing-right-large:0px;--awb-margin-bottom-large:20px;--awb-spacing-left-large:0px;--awb-width-medium:100%;--awb-order-medium:0;--awb-spacing-right-medium:0px;--awb-spacing-left-medium:0px;--awb-width-small:100%;--awb-order-small:0;--awb-spacing-right-small:0px;--awb-spacing-left-small:0px;\"><div class=\"fusion-column-wrapper fusion-column-has-shadow fusion-flex-justify-content-flex-start fusion-content-layout-column\"><\/div><\/div><\/div><\/div><\/div><\/div><\/div><\/p>\n","protected":false},"excerpt":{"rendered":"","protected":false},"author":3,"featured_media":4700,"comment_status":"open","ping_status":"open","sticky":false,"template":"","format":"standard","meta":{"footnotes":""},"categories":[107],"tags":[],"class_list":["post-4699","post","type-post","status-publish","format-standard","has-post-thumbnail","hentry","category-hirek"],"_links":{"self":[{"href":"https:\/\/karitaszeger.hu\/web\/wp-json\/wp\/v2\/posts\/4699","targetHints":{"allow":["GET"]}}],"collection":[{"href":"https:\/\/karitaszeger.hu\/web\/wp-json\/wp\/v2\/posts"}],"about":[{"href":"https:\/\/karitaszeger.hu\/web\/wp-json\/wp\/v2\/types\/post"}],"author":[{"embeddable":true,"href":"https:\/\/karitaszeger.hu\/web\/wp-json\/wp\/v2\/users\/3"}],"replies":[{"embeddable":true,"href":"https:\/\/karitaszeger.hu\/web\/wp-json\/wp\/v2\/comments?post=4699"}],"version-history":[{"count":2,"href":"https:\/\/karitaszeger.hu\/web\/wp-json\/wp\/v2\/posts\/4699\/revisions"}],"predecessor-version":[{"id":4702,"href":"https:\/\/karitaszeger.hu\/web\/wp-json\/wp\/v2\/posts\/4699\/revisions\/4702"}],"wp:featuredmedia":[{"embeddable":true,"href":"https:\/\/karitaszeger.hu\/web\/wp-json\/wp\/v2\/media\/4700"}],"wp:attachment":[{"href":"https:\/\/karitaszeger.hu\/web\/wp-json\/wp\/v2\/media?parent=4699"}],"wp:term":[{"taxonomy":"category","embeddable":true,"href":"https:\/\/karitaszeger.hu\/web\/wp-json\/wp\/v2\/categories?post=4699"},{"taxonomy":"post_tag","embeddable":true,"href":"https:\/\/karitaszeger.hu\/web\/wp-json\/wp\/v2\/tags?post=4699"}],"curies":[{"name":"wp","href":"https:\/\/api.w.org\/{rel}","templated":true}]}}