{"id":4703,"date":"2022-10-06T11:30:57","date_gmt":"2022-10-06T11:30:57","guid":{"rendered":"https:\/\/karitaszeger.hu\/web\/?p=4703"},"modified":"2023-01-15T11:32:53","modified_gmt":"2023-01-15T11:32:53","slug":"kazincbarcika-civil-eleteert-dijat-kapott-a-karitasz-csoport","status":"publish","type":"post","link":"https:\/\/karitaszeger.hu\/web\/2022\/10\/06\/kazincbarcika-civil-eleteert-dijat-kapott-a-karitasz-csoport\/","title":{"rendered":"Kazincbarcika Civil \u00c9let\u00e9\u00e9rt d\u00edjat kapott a Karit\u00e1sz csoport"},"content":{"rendered":"<p><div class=\"fusion-fullwidth fullwidth-box fusion-builder-row-1 fusion-flex-container nonhundred-percent-fullwidth non-hundred-percent-height-scrolling\" style=\"--awb-border-radius-top-left:0px;--awb-border-radius-top-right:0px;--awb-border-radius-bottom-right:0px;--awb-border-radius-bottom-left:0px;--awb-padding-bottom:30px;--awb-flex-wrap:wrap;\" ><div class=\"fusion-builder-row fusion-row fusion-flex-align-items-flex-start fusion-flex-content-wrap\" style=\"max-width:1216.8px;margin-left: calc(-4% \/ 2 );margin-right: calc(-4% \/ 2 );\"><div class=\"fusion-layout-column fusion_builder_column fusion-builder-column-0 fusion_builder_column_1_1 1_1 fusion-flex-column\" style=\"--awb-bg-size:cover;--awb-width-large:100%;--awb-margin-top-large:0px;--awb-spacing-right-large:1.92%;--awb-margin-bottom-large:0px;--awb-spacing-left-large:1.92%;--awb-width-medium:100%;--awb-spacing-right-medium:1.92%;--awb-spacing-left-medium:1.92%;--awb-width-small:100%;--awb-spacing-right-small:1.92%;--awb-spacing-left-small:1.92%;\"><div class=\"fusion-column-wrapper fusion-flex-justify-content-flex-start fusion-content-layout-column\"><div class=\"fusion-separator fusion-full-width-sep\" style=\"align-self: center;margin-left: auto;margin-right: auto;margin-bottom:10px;width:100%;\"><div class=\"fusion-separator-border sep-single\" style=\"--awb-height:20px;--awb-amount:20px;border-color:#e00000;border-top-width:1px;\"><\/div><\/div><div class=\"fusion-text fusion-text-1\" style=\"--awb-text-transform:none;\"><div id=\"title\" class=\"style-scope ytd-watch-metadata\">\n<h2 style=\"text-align: center;\">Kazincbarcika Civil \u00c9let\u00e9\u00e9rt d\u00edjat kapott a Karit\u00e1sz csoport<\/h2>\n<\/div>\n<div class=\"entry-media\">\n<figure><img decoding=\"async\" class=\"size-full wp-image-4704 aligncenter\" src=\"https:\/\/karitaszeger.hu\/web\/wp-content\/uploads\/2023\/01\/szaleziak_20221006.jpg\" alt=\"\" width=\"800\" height=\"400\" srcset=\"https:\/\/karitaszeger.hu\/web\/wp-content\/uploads\/2023\/01\/szaleziak_20221006-200x100.jpg 200w, https:\/\/karitaszeger.hu\/web\/wp-content\/uploads\/2023\/01\/szaleziak_20221006-300x150.jpg 300w, https:\/\/karitaszeger.hu\/web\/wp-content\/uploads\/2023\/01\/szaleziak_20221006-400x200.jpg 400w, https:\/\/karitaszeger.hu\/web\/wp-content\/uploads\/2023\/01\/szaleziak_20221006-600x300.jpg 600w, https:\/\/karitaszeger.hu\/web\/wp-content\/uploads\/2023\/01\/szaleziak_20221006-768x384.jpg 768w, https:\/\/karitaszeger.hu\/web\/wp-content\/uploads\/2023\/01\/szaleziak_20221006.jpg 800w\" sizes=\"(max-width: 800px) 100vw, 800px\" \/><\/figure>\n<div id=\"articleTitle\" class=\"redTitle\">\n<p style=\"text-align: center;\">Hossz\u00fa \u00e9veket \u00e1t tart\u00f3 k\u00f6z\u00f6ss\u00e9gi munk\u00e1juk\u00e9rt a Kazincbarcika V\u00e1ros Civil \u00c9let\u00e9\u00e9rt kit\u00fcntet\u0151 d\u00edjban r\u00e9szes\u00fclt a Kazincbarcikai R\u00f3mai Katolikus Egyh\u00e1zk\u00f6zs\u00e9g Karit\u00e1sz csoportja. A d\u00edjat Tran Si Nghi Ferenc szal\u00e9zi atya, kazincbarcikai pl\u00e9b\u00e1nos \u00e9s a csoport vezet\u0151je, Begov Ferencn\u00e9 Katalin vett\u00e9k \u00e1t Szitka P\u00e9ter polg\u00e1rmestert\u0151l okt\u00f3ber 3-\u00e1n, az id\u0151sek vil\u00e1gnapja alkalm\u00e1b\u00f3l megtartott \u00fcnnepi rendezv\u00e9nyen.<\/p>\n<\/div>\n<div id=\"articleText\">\n<p>A Katolikus Karit\u00e1sz egyh\u00e1zi jogi szem\u00e9lyis\u00e9g\u0171 k\u00f6zc\u00e9l\u00fa humanit\u00e1rius szervezet, amely korra, nemre, felekezeti hovatartoz\u00e1sra val\u00f3 tekintett n\u00e9lk\u00fcl seg\u00edti a r\u00e1szorul\u00f3kat szoci\u00e1lis, eg\u00e9szs\u00e9g\u00fcgyi int\u00e9zm\u00e9nyek fenntart\u00e1sa \u00e9s k\u00fcl\u00f6nb\u00f6z\u0151 seg\u00e9lyprogramok, akci\u00f3k \u00fatj\u00e1n. Munk\u00e1jukat a nagy nemzetk\u00f6zi seg\u00e9lyszervezetek \u00e1ltal kidolgozott \u00e9s elfogadott alapelvek, szabv\u00e1nyok hat\u00e1rozz\u00e1k meg.<\/p>\n<p>Legfontosabbnak azt tartj\u00e1k, hogy a karit\u00e1sz h\u00e1l\u00f3zatban dolgoz\u00f3 \u00f6nk\u00e9ntes \u00e9s hivat\u00e1sos munkat\u00e1rsak szem\u00e9lyes szeretete jusson el az \u00e1ltalunk t\u00e1mogatott emberekhez.<\/p>\n<p>A kazincbarcikai R\u00f3mai Katolikus Egyh\u00e1zk\u00f6zs\u00e9g Karit\u00e1sz csoportja 1996-ban alakult meg. Ebben az \u00e9vben 26 \u00e9ve m\u0171k\u00f6dik, 35 f\u0151vel. A Karit\u00e1sz csoport fontos feladata a betegek l\u00e1togat\u00e1sa, seg\u00edt\u00e9se, lelki gondoz\u00e1sa. Ez r\u00e9szben a betegek otthoni l\u00e1togat\u00e1s\u00e1val t\u00f6rt\u00e9nik, nagyobbik h\u00e1nyada a k\u00f3rh\u00e1zi betegl\u00e1togat\u00e1sban nyilv\u00e1nul meg. H\u00e9tr\u0151l-h\u00e9tre l\u00e1togatj\u00e1k a k\u00f3rh\u00e1zi betegeket, k\u00fcl\u00f6n\u00f6sen az un. elfekv\u0151ben l\u00e9v\u0151ket. Odafigyelnek id\u0151s testv\u00e9reikre is, \u00e9s ahol sz\u00fcks\u00e9ges, seg\u00edtenek. Az \u00f6nkorm\u00e1nyzat t\u00e1mogat\u00e1s\u00e1val tudt\u00e1k megrendezni az Id\u0151sek Napj\u00e1t XXIV alkalommal. A h\u00edvekt\u0151l \u00f6sszegy\u0171jtik a feleslegess\u00e9 v\u00e1lt ruhanem\u0171t m\u0171szaki cikket \u00e9s egy\u00e9b holmit \u00e9s ezekb\u0151l j\u00f3t\u00e9konys\u00e1gi v\u00e1s\u00e1rt rendeznek. Az els\u0151 kar\u00e1csonyra 40 \u00e9lelmiszer csomagot tudtak kiosztani, 2019-ben h\u00fasv\u00e9tkor 100 csomagot kar\u00e1csonykor 200 csal\u00e1dot t\u00e1mogattak. Id\u0151k\u00f6zben a karit\u00e1sz-v\u00e1s\u00e1r v\u00e1rosi szintre n\u00f6vekedett. 1997-t\u0151l felv\u00e1llalt\u00e1k a Katolikus B\u00e1l megszervez\u00e9s\u00e9t \u00e9s az\u00f3ta is nagyon sz\u00ednvonalas mulats\u00e1got rendeztek. kb 300f\u0151 r\u00e9szv\u00e9tel\u00e9vel. Ezek bev\u00e9tele is a Karit\u00e1sz kassz\u00e1j\u00e1t n\u00f6veli, de p\u00e9nzben nem m\u00e9rhet\u0151 lelki, erk\u00f6lcsi, k\u00f6z\u00f6ss\u00e9gform\u00e1l\u00f3 \u00e9s kult\u00fara k\u00f6zvet\u00edt\u0151 szerepe is van. A Karit\u00e1sz csoport hozta l\u00e9tre 2004-ben a nyugd\u00edjas klubot.<\/p>\n<p>A civil szervezetek k\u00f6z\u00f6ss\u00e9g\u00e9nek, az Egyes\u00fcletek F\u00f3rum\u00e1nak akt\u00edv \u00e9s meghat\u00e1roz\u00f3 tagjai.\u00a0 2001-.ben els\u0151k\u00e9nt r\u00e9szvettek az\u00a0 \u00d6nk\u00e9ntesek Hete rendezv\u00e9nysorozaton \u00e9s\u00a0 az\u00f3ta is mindig r\u00e9szvev\u0151k.<\/p>\n<p>\u0150k szervezt\u00e9k meg a Csal\u00e1di Napot. Fontos, hogy a csal\u00e1dok egy\u00fctt legyenek! Az eltelt \u00e9vek alatt a jelent\u0151s karitat\u00edv tev\u00e9kenys\u00e9gen t\u00fal egyre b\u0151v\u00fcl\u0151 kultur\u00e1lis \u00e9s k\u00f6z\u00f6ss\u00e9gteremt\u0151 feladatokat is v\u00e1llalt mag\u00e1ra. A r\u00e1szorul\u00f3k legk\u00fcl\u00f6nf\u00e9l\u00e9bb csoportjainak gondoz\u00e1s\u00e1t seg\u00edt\u00e9s\u00e9t, a helyi k\u00f6z\u00f6ss\u00e9g szolidarit\u00e1s\u00e1nak er\u0151s\u00edt\u00e9s\u00e9t, az egyetemes kereszt\u00e9ny \u00e9rt\u00e9krend er\u0151s\u00edt\u00e9s\u00e9t. Orsz\u00e1gos, t\u00e9rs\u00e9gi rendezv\u00e9nyek lelkes h\u00e1zigazd\u00e1i. \/\u00d6nk\u00e9ntesek Hete, Karit\u00e1sz tal\u00e1lkoz\u00f3k,\/ Sok \u00e9ve r\u00e1szorul\u00f3 gyerekeket t\u00e1boroztatnak Egerben, a Karit\u00e1sz t\u00e1borban, ill. D\u00e9destapolcs\u00e1nyban. T\u00f6bben k\u00f6z\u00fcl\u00fck r\u00e9szt vesznek a TANODA programban a h\u00e1tr\u00e1nyos helyzet\u0171 fiatalok nevel\u00e9s\u00e9ben.<\/p>\n<p>A koronav\u00edrus megjelen\u00e9s\u00e9re nagyon gyorsan reag\u00e1ltak. Az els\u0151 h\u00e9ten az igaz\u00e1n r\u00e1szorul\u00f3 \u00e9s vesz\u00e9lyeztettet id\u0151s, egyed\u00fcl\u00e1ll\u00f3knak vitt\u00e9k az \u00f6ner\u0151b\u0151l elk\u00e9sz\u00edtett \u00e9lelmiszercsomagot.<\/p>\n<p>Fontos feladat volt a j\u00e1rv\u00e1ny idej\u00e9n az id\u0151s emberekkel telefonkapcsolatot tartani \u00e9s lelkiekben is t\u00e1mogatni \u0151ket<\/p>\n<p>A Csal\u00e1dseg\u00edt\u0151 Szolg\u00e1lat, \u00e9s a Munka\u00fcgyi K\u00f6zpont jelz\u00e9seit k\u00f6vet\u0151en seg\u00edtett\u00e9k az \u00e1ll\u00e1sukat elvesztett embereket, valamint a tanodai csal\u00e1dokat is.<\/p>\n<p>Majd a F\u0151egyh\u00e1z megyei Karit\u00e1sz 300 csomagj\u00e1t jutatt\u00e1k el a neh\u00e9z helyzetben l\u00e9v\u0151knek. Nemes lelk\u0171 felaj\u00e1nl\u00f3t\u00f3l kaptak h\u00e1rom tonna lisztet \u00e9s 400 liter tejet, amib\u0151l nem csak a v\u00e1rosban \u00e9l\u0151knek jutott adom\u00e1ny, hanem a k\u00f6rny\u00e9kbeli telep\u00fcl\u00e9seknek is. A kr\u00edzishelyzet alatt, \u00f6sszess\u00e9g\u00e9ben 1.500.000 Ft \u00e9rt\u00e9kben osztottak sz\u00e9t adom\u00e1nyokat, melyb\u0151l 500 csal\u00e1d r\u00e9szes\u00fclt.<\/p>\n<\/div>\n<\/div>\n<div class=\"entry-content\">\n<p><strong>Forr\u00e1s:<\/strong> <a href=\"https:\/\/www.szaleziak.hu\/article.php?t=kazincbarcika___kazincbarcika_civil_eleteert_dijat_kapott_a_karitasz_csoport_&amp;fbclid=IwAR3S6oTd0OusxL_5Doo4s7d7sETLAO8ubnhA8nWjX4m3qMMk3dpPcduPoSg\">https:\/\/www.szaleziak.hu\/article.php?t=kazincbarcika___kazincbarcika_civil_eleteert_dijat_kapott_a_karitasz_csoport_&amp;fbclid=IwAR3S6oTd0OusxL_5Doo4s7d7sETLAO8ubnhA8nWjX4m3qMMk3dpPcduPoSg<\/a><\/p>\n<\/div>\n<\/div><\/div><\/div><\/div><\/div><div class=\"fusion-fullwidth fullwidth-box fusion-builder-row-2 fusion-flex-container fusion-parallax-none nonhundred-percent-fullwidth non-hundred-percent-height-scrolling\" style=\"--awb-border-sizes-top:0px;--awb-border-sizes-bottom:0px;--awb-border-sizes-left:0px;--awb-border-sizes-right:0px;--awb-border-radius-top-left:0px;--awb-border-radius-top-right:0px;--awb-border-radius-bottom-right:0px;--awb-border-radius-bottom-left:0px;--awb-padding-top:150px;--awb-padding-bottom:150px;--awb-background-image:url(&quot;https:\/\/karitaszeger.hu\/web\/wp-content\/uploads\/2021\/03\/segits-scaled.jpg&quot;);--awb-background-size:cover;--awb-flex-wrap:wrap;\" ><div class=\"fusion-builder-row fusion-row fusion-flex-align-items-flex-start fusion-flex-content-wrap\" style=\"max-width:calc( 1170px + 0px );margin-left: calc(-0px \/ 2 );margin-right: calc(-0px \/ 2 );\"><div class=\"fusion-layout-column fusion_builder_column fusion-builder-column-1 fusion_builder_column_1_1 1_1 fusion-flex-column\" style=\"--awb-padding-right:11%;--awb-padding-left:11%;--awb-bg-size:cover;--awb-width-large:100%;--awb-margin-top-large:0px;--awb-spacing-right-large:0px;--awb-margin-bottom-large:20px;--awb-spacing-left-large:0px;--awb-width-medium:100%;--awb-spacing-right-medium:0px;--awb-spacing-left-medium:0px;--awb-width-small:100%;--awb-spacing-right-small:0px;--awb-spacing-left-small:0px;\"><div class=\"fusion-column-wrapper fusion-flex-justify-content-flex-start fusion-content-layout-column\"><div class=\"fusion-title title fusion-title-1 fusion-sep-none fusion-title-center fusion-title-text fusion-title-size-two\" style=\"--awb-text-color:#ffffff;--awb-margin-top-small:0px;--awb-margin-right-small:0px;--awb-margin-bottom-small:20px;--awb-margin-left-small:0px;\"><h2 class=\"fusion-title-heading title-heading-center\" style=\"margin:0;line-height:1;\"><h2 class=\"piros kozepre\"><span style=\"color: #ffffff;\">AZ \u00d6N SEG\u00cdTS\u00c9G\u00c9RE\u00a0IS SZ\u00dcKS\u00c9G VAN!<\/span><\/h2>\n<div class=\"content\"><\/div><\/h2><\/div><div class=\"fusion-separator\" style=\"align-self: center;margin-left: auto;margin-right: auto;margin-top:0px;margin-bottom:40px;width:100%;max-width:200px;\"><div class=\"fusion-separator-border sep-single sep-solid\" style=\"--awb-height:20px;--awb-amount:20px;--awb-sep-color:#f44336;border-color:#f44336;border-top-width:3px;\"><\/div><\/div><div class=\"fusion-text fusion-text-2\"><h2 style=\"text-align: center;\"><span style=\"color: #ffffff;\"><strong>1356 \u2013 H\u00cdVJON, HOGY SEG\u00cdTHESS\u00dcNK!<\/strong><\/span><\/h2>\n<\/div><div class=\"fusion-builder-row fusion-builder-row-inner fusion-row fusion-flex-align-items-flex-start fusion-flex-content-wrap\" style=\"--awb-flex-grow:0;--awb-flex-grow-medium:0;--awb-flex-grow-small:0;--awb-flex-shrink:0;--awb-flex-shrink-medium:0;--awb-flex-shrink-small:0;width:calc( 100% + 0px ) !important;max-width:calc( 100% + 0px ) !important;margin-left: calc(-0px \/ 2 );margin-right: calc(-0px \/ 2 );\"><div class=\"fusion-layout-column fusion_builder_column_inner fusion-builder-nested-column-0 fusion_builder_column_inner_1_3 1_3 fusion-flex-column\" style=\"--awb-bg-size:cover;--awb-width-large:33.333333333333%;--awb-margin-top-large:0px;--awb-spacing-right-large:0px;--awb-margin-bottom-large:20px;--awb-spacing-left-large:0px;--awb-width-medium:100%;--awb-order-medium:0;--awb-spacing-right-medium:0px;--awb-spacing-left-medium:0px;--awb-width-small:100%;--awb-order-small:0;--awb-spacing-right-small:0px;--awb-spacing-left-small:0px;\"><div class=\"fusion-column-wrapper fusion-column-has-shadow fusion-flex-justify-content-flex-start fusion-content-layout-column\"><\/div><\/div><div class=\"fusion-layout-column fusion_builder_column_inner fusion-builder-nested-column-1 fusion_builder_column_inner_1_3 1_3 fusion-flex-column fusion-animated\" style=\"--awb-bg-color:#f44336;--awb-bg-color-hover:#f44336;--awb-bg-size:cover;--awb-width-large:33.333333333333%;--awb-margin-top-large:0px;--awb-spacing-right-large:0px;--awb-margin-bottom-large:20px;--awb-spacing-left-large:0px;--awb-width-medium:100%;--awb-order-medium:0;--awb-spacing-right-medium:0px;--awb-spacing-left-medium:0px;--awb-width-small:100%;--awb-order-small:0;--awb-spacing-right-small:0px;--awb-spacing-left-small:0px;\" data-animationType=\"bounceInDown\" data-animationDuration=\"1.3\" data-animationOffset=\"top-into-view\"><div class=\"fusion-column-wrapper fusion-column-has-shadow fusion-flex-justify-content-flex-start fusion-content-layout-column\"><div style=\"text-align:center;\"><a class=\"fusion-button button-flat fusion-button-default-size button-custom fusion-button-default button-1 fusion-button-default-span fusion-button-default-type fusion-has-button-gradient\" style=\"--button_accent_color:#ffffff;--button_accent_hover_color:#f44336;--button_border_hover_color:#f44336;--button_border_width-top:0px;--button_border_width-right:0px;--button_border_width-bottom:0px;--button_border_width-left:0px;--button_gradient_top_color:rgba(254,201,107,0);--button_gradient_bottom_color:rgba(254,201,107,0);--button_gradient_top_color_hover:#ffffff;--button_gradient_bottom_color_hover:rgba(0,0,0,0);\" target=\"_self\" href=\"#\"><i class=\"fa-credit-card fas awb-button__icon awb-button__icon--default button-icon-left\" aria-hidden=\"true\"><\/i><span class=\"fusion-button-text awb-button__text awb-button__text--default\">ONLINE ADOM\u00c1NYOZ\u00c1S<\/span><\/a><\/div><\/div><\/div><div class=\"fusion-layout-column fusion_builder_column_inner fusion-builder-nested-column-2 fusion_builder_column_inner_1_3 1_3 fusion-flex-column\" style=\"--awb-bg-size:cover;--awb-width-large:33.333333333333%;--awb-margin-top-large:0px;--awb-spacing-right-large:0px;--awb-margin-bottom-large:20px;--awb-spacing-left-large:0px;--awb-width-medium:100%;--awb-order-medium:0;--awb-spacing-right-medium:0px;--awb-spacing-left-medium:0px;--awb-width-small:100%;--awb-order-small:0;--awb-spacing-right-small:0px;--awb-spacing-left-small:0px;\"><div class=\"fusion-column-wrapper fusion-column-has-shadow fusion-flex-justify-content-flex-start fusion-content-layout-column\"><\/div><\/div><\/div><\/div><\/div><\/div><\/div><\/p>\n","protected":false},"excerpt":{"rendered":"","protected":false},"author":3,"featured_media":4704,"comment_status":"open","ping_status":"open","sticky":false,"template":"","format":"standard","meta":{"footnotes":""},"categories":[107],"tags":[],"class_list":["post-4703","post","type-post","status-publish","format-standard","has-post-thumbnail","hentry","category-hirek"],"_links":{"self":[{"href":"https:\/\/karitaszeger.hu\/web\/wp-json\/wp\/v2\/posts\/4703","targetHints":{"allow":["GET"]}}],"collection":[{"href":"https:\/\/karitaszeger.hu\/web\/wp-json\/wp\/v2\/posts"}],"about":[{"href":"https:\/\/karitaszeger.hu\/web\/wp-json\/wp\/v2\/types\/post"}],"author":[{"embeddable":true,"href":"https:\/\/karitaszeger.hu\/web\/wp-json\/wp\/v2\/users\/3"}],"replies":[{"embeddable":true,"href":"https:\/\/karitaszeger.hu\/web\/wp-json\/wp\/v2\/comments?post=4703"}],"version-history":[{"count":1,"href":"https:\/\/karitaszeger.hu\/web\/wp-json\/wp\/v2\/posts\/4703\/revisions"}],"predecessor-version":[{"id":4705,"href":"https:\/\/karitaszeger.hu\/web\/wp-json\/wp\/v2\/posts\/4703\/revisions\/4705"}],"wp:featuredmedia":[{"embeddable":true,"href":"https:\/\/karitaszeger.hu\/web\/wp-json\/wp\/v2\/media\/4704"}],"wp:attachment":[{"href":"https:\/\/karitaszeger.hu\/web\/wp-json\/wp\/v2\/media?parent=4703"}],"wp:term":[{"taxonomy":"category","embeddable":true,"href":"https:\/\/karitaszeger.hu\/web\/wp-json\/wp\/v2\/categories?post=4703"},{"taxonomy":"post_tag","embeddable":true,"href":"https:\/\/karitaszeger.hu\/web\/wp-json\/wp\/v2\/tags?post=4703"}],"curies":[{"name":"wp","href":"https:\/\/api.w.org\/{rel}","templated":true}]}}