{"id":4706,"date":"2022-10-07T11:45:42","date_gmt":"2022-10-07T11:45:42","guid":{"rendered":"https:\/\/karitaszeger.hu\/web\/?p=4706"},"modified":"2023-01-15T11:47:55","modified_gmt":"2023-01-15T11:47:55","slug":"szent-erzsebet-szulovarosaban-tanacskoztak-szlovakiai-ukrajnai-es-magyar-karitaszvezetok","status":"publish","type":"post","link":"https:\/\/karitaszeger.hu\/web\/2022\/10\/07\/szent-erzsebet-szulovarosaban-tanacskoztak-szlovakiai-ukrajnai-es-magyar-karitaszvezetok\/","title":{"rendered":"Szent Erzs\u00e9bet sz\u00fcl\u0151v\u00e1ros\u00e1ban tan\u00e1cskoztak szlov\u00e1kiai, ukrajnai \u00e9s magyar karit\u00e1szvezet\u0151k"},"content":{"rendered":"<p><div class=\"fusion-fullwidth fullwidth-box fusion-builder-row-1 fusion-flex-container nonhundred-percent-fullwidth non-hundred-percent-height-scrolling\" style=\"--awb-border-radius-top-left:0px;--awb-border-radius-top-right:0px;--awb-border-radius-bottom-right:0px;--awb-border-radius-bottom-left:0px;--awb-padding-bottom:30px;--awb-flex-wrap:wrap;\" ><div class=\"fusion-builder-row fusion-row fusion-flex-align-items-flex-start fusion-flex-content-wrap\" style=\"max-width:1216.8px;margin-left: calc(-4% \/ 2 );margin-right: calc(-4% \/ 2 );\"><div class=\"fusion-layout-column fusion_builder_column fusion-builder-column-0 fusion_builder_column_1_1 1_1 fusion-flex-column\" style=\"--awb-bg-size:cover;--awb-width-large:100%;--awb-margin-top-large:0px;--awb-spacing-right-large:1.92%;--awb-margin-bottom-large:0px;--awb-spacing-left-large:1.92%;--awb-width-medium:100%;--awb-spacing-right-medium:1.92%;--awb-spacing-left-medium:1.92%;--awb-width-small:100%;--awb-spacing-right-small:1.92%;--awb-spacing-left-small:1.92%;\"><div class=\"fusion-column-wrapper fusion-flex-justify-content-flex-start fusion-content-layout-column\"><div class=\"fusion-separator fusion-full-width-sep\" style=\"align-self: center;margin-left: auto;margin-right: auto;margin-bottom:10px;width:100%;\"><div class=\"fusion-separator-border sep-single\" style=\"--awb-height:20px;--awb-amount:20px;border-color:#e00000;border-top-width:1px;\"><\/div><\/div><div class=\"fusion-text fusion-text-1\" style=\"--awb-text-transform:none;\"><div id=\"title\" class=\"style-scope ytd-watch-metadata\">\n<h2 class=\"cim\" style=\"text-align: center;\">Szent Erzs\u00e9bet sz\u00fcl\u0151v\u00e1ros\u00e1ban tan\u00e1cskoztak szlov\u00e1kiai, ukrajnai \u00e9s magyar karit\u00e1szvezet\u0151k<\/h2>\n<\/div>\n<div class=\"entry-media\">\n<figure><img decoding=\"async\" class=\"wp-image-4707 size-fusion-800 aligncenter\" src=\"https:\/\/karitaszeger.hu\/web\/wp-content\/uploads\/2023\/01\/img1-2-800x533.jpg\" alt=\"\" width=\"800\" height=\"533\" srcset=\"https:\/\/karitaszeger.hu\/web\/wp-content\/uploads\/2023\/01\/img1-2-120x80.jpg 120w, https:\/\/karitaszeger.hu\/web\/wp-content\/uploads\/2023\/01\/img1-2-200x133.jpg 200w, https:\/\/karitaszeger.hu\/web\/wp-content\/uploads\/2023\/01\/img1-2-300x200.jpg 300w, https:\/\/karitaszeger.hu\/web\/wp-content\/uploads\/2023\/01\/img1-2-400x267.jpg 400w, https:\/\/karitaszeger.hu\/web\/wp-content\/uploads\/2023\/01\/img1-2-600x400.jpg 600w, https:\/\/karitaszeger.hu\/web\/wp-content\/uploads\/2023\/01\/img1-2-768x512.jpg 768w, https:\/\/karitaszeger.hu\/web\/wp-content\/uploads\/2023\/01\/img1-2-800x533.jpg 800w, https:\/\/karitaszeger.hu\/web\/wp-content\/uploads\/2023\/01\/img1-2-1024x682.jpg 1024w, https:\/\/karitaszeger.hu\/web\/wp-content\/uploads\/2023\/01\/img1-2-1200x800.jpg 1200w, https:\/\/karitaszeger.hu\/web\/wp-content\/uploads\/2023\/01\/img1-2.jpg 1388w\" sizes=\"(max-width: 800px) 100vw, 800px\" \/><\/figure>\n<div id=\"articleText\">\n<h3 class=\"lead\" style=\"text-align: center;\">Szlov\u00e1kia, Ukrajna \u00e9s Magyarorsz\u00e1g karit\u00e1szszervezetei tal\u00e1lkoztak okt\u00f3ber 7-\u00e9n S\u00e1rospatakon, hogy nemzetk\u00f6zi konferencia keretein bel\u00fcl k\u00f6lcs\u00f6n\u00f6sen tanuljanak egym\u00e1st\u00f3l, meger\u0151s\u00edts\u00e9k a hat\u00e1rokon \u00e1t\u00edvel\u0151 egy\u00fcttm\u0171k\u00f6d\u00e9st, valamint megtervezz\u00e9k az ukrajnai h\u00e1bor\u00faval kapcsolatos tov\u00e1bbi seg\u00edts\u00e9gny\u00fajt\u00e1st.<\/h3>\n<\/div>\n<p>Zagyva Rich\u00e1rd, a Katolikus Karit\u00e1sz orsz\u00e1gos igazgat\u00f3helyettese telefonos megkeres\u00e9s\u00fcnkre elmondta: a Szent Erzs\u00e9bet H\u00e1zban megtartott esem\u00e9nyen nagy hangs\u00faly esett az ukrajnai h\u00e1bor\u00fahoz kapcsol\u00f3d\u00f3 seg\u00edts\u00e9gny\u00fajt\u00e1sra, de nem kiz\u00e1r\u00f3lag ez volt a t\u00e9ma, a h\u00e1rom orsz\u00e1g ezen t\u00falmen\u0151 \u00e9s hossz\u00fa t\u00e1v\u00fa egy\u00fcttm\u0171k\u00f6d\u00e9s\u00e9t szolg\u00e1lta a tal\u00e1lkoz\u00f3.<\/p>\n<p><a title=\"\" rel=\"lightbox&#091;'g125650'&#093;\"><img decoding=\"async\" class=\"ckep\" src=\"https:\/\/www.magyarkurir.hu\/img1.php?id=125650&amp;v=0&amp;p=1&amp;img=c_sarospatakkar2.jpg\" alt=\"\" border=\"0\" \/><\/a><\/p>\n<p>K\u00e9t \u00e9vvel ezel\u0151tt bar\u00e1ti l\u00e1togat\u00e1st tettek a budapesti orsz\u00e1gos karit\u00e1szk\u00f6zpontban a szlov\u00e1k karit\u00e1sz vezet\u0151i, akik Sp\u00e1nyi Antal sz\u00e9kesfeh\u00e9rv\u00e1ri megy\u00e9sp\u00fcsp\u00f6k\u00f6t, a karit\u00e1sz eln\u00f6k\u00e9t is felkerest\u00e9k. Ekkor vet\u0151d\u00f6tt fel a gondolat, hogy a bar\u00e1ti tal\u00e1lkoz\u00f3n t\u00fall\u00e9pve m\u0171k\u00f6djenek egy\u00fctt a karit\u00e1szszervezetek, tal\u00e1lkoz\u00f3iknak legyenek gyakorlati hozad\u00e9kai. A szlov\u00e1kok rendk\u00edv\u00fcl er\u0151sek az int\u00e9zm\u00e9nyes m\u0171k\u00f6d\u00e9sben, a magyar karit\u00e1sz er\u0151ss\u00e9gei k\u00f6z\u00e9 tartozik az \u00f6nk\u00e9ntes h\u00e1l\u00f3zat.<\/p>\n<p>Zagyva Rich\u00e1rd \u00f6r\u00f6mtelinek tartja, hogy az egri \u00e9s a szepsi egyh\u00e1zmegyei karit\u00e1sz imm\u00e1r k\u00e9t \u00e9ve egy\u00fcttm\u0171k\u00f6dik. Szlov\u00e1ki\u00e1ban az \u00f6nk\u00e9ntesh\u00e1l\u00f3zat fejleszt\u00e9s\u00e9n dolgoznak, ezzel kapcsolatban magyarorsz\u00e1gi karit\u00e1szvezet\u0151k tartottak el\u0151ad\u00e1st, valamint k\u00f6lcs\u00f6n\u00f6sen tanulm\u00e1nyutakon vettek r\u00e9szt. Terveik k\u00f6z\u00f6tt szerepel az is, hogy k\u00f6z\u00f6s projektek megval\u00f3s\u00edt\u00e1s\u00e1n dolgozzanak egy\u00fctt.<\/p>\n<p><a title=\"\" rel=\"lightbox&#091;'g125650'&#093;\"><img decoding=\"async\" class=\"ckep\" src=\"https:\/\/www.magyarkurir.hu\/img1.php?id=125650&amp;v=0&amp;p=1&amp;img=c_sarospatakkar3.jpg\" alt=\"\" border=\"0\" \/><\/a><\/p>\n<p>A szlov\u00e1k \u00e9s magyar karit\u00e1sz egy\u00fcttm\u0171k\u00f6d\u00e9s\u00e9ben az ukr\u00e1n helyzet egy \u00fajabb aprop\u00f3. A h\u00e1bor\u00fas helyzet az oka annak, hogy K\u00e1rp\u00e1talj\u00e1r\u00f3l is jelen volt a konferenci\u00e1n k\u00e9t szervezet, a g\u00f6r\u00f6gkatolikus karit\u00e1sz Ungv\u00e1rr\u00f3l, illetve a r\u00f3mai katolikus Szent M\u00e1rton Karit\u00e1sz Munk\u00e1csr\u00f3l. Ak\u00e1rcsak a magyarosz\u00e1gi \u00e9s szlov\u00e1kiai egyh\u00e1zmegyei \u00e9s orsz\u00e1gos karit\u00e1szok, \u0151k is besz\u00e1moltak a tev\u00e9kenys\u00e9g\u00fckr\u0151l, majd arra terel\u0151d\u00f6tt a sz\u00f3 a konferenci\u00e1n, hogy a k\u00f6zelg\u0151 t\u00e9llel kapcsolatban milyen hat\u00e1ron bel\u00fcli \u00e9s ukrajnai seg\u00edts\u00e9gny\u00fajt\u00e1ssal sz\u00e1molnak.<\/p>\n<p>Mind a h\u00e1rom orsz\u00e1g felk\u00e9sz\u00fcl az energiav\u00e1ls\u00e1gb\u00f3l ad\u00f3d\u00f3 nehez\u00edtett t\u00e9li k\u00f6r\u00fclm\u00e9nyekre, a szlov\u00e1kok \u00e9s magyarok pedig azzal is kalkul\u00e1lnak, hogy K\u00e1rp\u00e1talj\u00e1nak m\u00e9g nagyobb figyelmet kell szentelni. K\u00e9sz\u00fclni kell arra, hogy a t\u00e9l v\u00e9lhet\u0151en neh\u00e9z szitu\u00e1ci\u00f3 el\u00e9 fogja \u00e1ll\u00edtani az ottani szervezeteket, hiszen a f\u0171t\u00e9s sok helyen eleve nem m\u0171k\u00f6dik, a lakoss\u00e1g pedig meg\u00e9rzi az \u00e1rak \u00e9s a rezsik\u00f6lts\u00e9gek emelked\u00e9s\u00e9t. Nemcsak a k\u00e1rp\u00e1taljaiakra kell most gondolni, hanem az ott tart\u00f3zkod\u00f3 rendk\u00edv\u00fcl nagy sz\u00e1m\u00fa bels\u0151 menek\u00fcltre is.<\/p>\n<p><a title=\"\" rel=\"lightbox&#091;'g125650'&#093;\"><img decoding=\"async\" class=\"ckep\" src=\"https:\/\/www.magyarkurir.hu\/img1.php?id=125650&amp;v=0&amp;p=1&amp;img=c_sarospatakkar6.jpg\" alt=\"\" border=\"0\" \/><\/a><\/p>\n<p>A karit\u00e1szszervezetek emellett arra is k\u00e9sz\u00fclnek, hogy K\u00e1rp\u00e1talj\u00e1ra vagy ak\u00e1r a hat\u00e1ron is \u00e1t\u00edvelve \u00fajabb menek\u00fclthull\u00e1m \u00e9rkezik a h\u00e1bor\u00fa alakul\u00e1s\u00e1t\u00f3l f\u00fcggetlen\u00fcl, a hidegebb, t\u00e9li id\u0151 be\u00e1llta miatt \u2013 mondta el Zagyva Rich\u00e1rd.<\/p>\n<p>A nemzetk\u00f6zi konferenci\u00e1n huszon\u00f6ten vettek r\u00e9szt a h\u00e1rom orsz\u00e1g egyh\u00e1zmegyei \u00e9s orsz\u00e1gos karit\u00e1szszervezeteinek vezet\u0151i k\u00f6z\u00fcl. Jelen volt t\u00f6bbek k\u00f6z\u00f6tt Miroslav Dzurech, a Szlov\u00e1k Katolikus Karit\u00e1sz (SKCH) f\u0151titk\u00e1ra; Feh\u00e9r Ferenc, a Munk\u00e1csi Egyh\u00e1zmegyei Karit\u00e1sz igazgat\u00f3ja; Rusin Miroslav, az Ungv\u00e1ri Egyh\u00e1zmegyei Karit\u00e1sz igazgat\u00f3ja; \u00c9csy G\u00e1bor, a Katolikus Karit\u00e1sz orsz\u00e1gos igazgat\u00f3ja \u00e9s Zagyva Rich\u00e1rd orsz\u00e1gos igazgat\u00f3helyettes.<\/p>\n<p><a title=\"\" rel=\"lightbox&#091;'g125650'&#093;\"><img decoding=\"async\" class=\"ckep\" src=\"https:\/\/www.magyarkurir.hu\/img1.php?id=125650&amp;v=0&amp;p=1&amp;img=c_sarospatakkar5.jpg\" alt=\"\" border=\"0\" \/><\/a><\/p>\n<p>A tan\u00e1cskoz\u00e1st az\u00e9rt szervezt\u00e9k \u00e9ppen ebben az id\u0151pontban, mert okt\u00f3ber 8-\u00e1n a szlov\u00e1k karit\u00e1sz nagyszab\u00e1s\u00fa zar\u00e1ndoklatot tart S\u00e1rospatakon \u00f6tsz\u00e1z f\u0151vel.<\/p>\n<p>Szent Erzs\u00e9bet \u00fczenete \u00f6sszek\u00f6ti a magyar \u00e9s a szlov\u00e1k n\u00e9pet, a szlov\u00e1kok is szentj\u00fckk\u00e9nt tisztelik \u00e9s a szlov\u00e1k karit\u00e1sznak is \u0151 a v\u00e9d\u0151szentje.<\/p>\n<p><strong>Szerz\u0151: Agon\u00e1s Szonja<\/strong><\/p>\n<p><strong>Fot\u00f3: Katolikus Karit\u00e1sz<\/strong><\/p>\n<\/div>\n<div class=\"entry-content\">\n<p><strong>Forr\u00e1s:<\/strong> <a href=\"https:\/\/www.magyarkurir.hu\/hazai\/szent-erzsebet-szulovarosaban-tanacskoztak-szlovakiai-ukrajnai-es-magyar-karitaszvezetok?fbclid=IwAR3DE79Dg4XX2vlTXkghchNhgREA5yJ_3o16B2I8onej1rA9nY1ZQSMZCcg\">https:\/\/www.magyarkurir.hu\/hazai\/szent-erzsebet-szulovarosaban-tanacskoztak-szlovakiai-ukrajnai-es-magyar-karitaszvezetok?fbclid=IwAR3DE79Dg4XX2vlTXkghchNhgREA5yJ_3o16B2I8onej1rA9nY1ZQSMZCcg<\/a><\/p>\n<\/div>\n<\/div><\/div><\/div><\/div><\/div><div class=\"fusion-fullwidth fullwidth-box fusion-builder-row-2 fusion-flex-container fusion-parallax-none nonhundred-percent-fullwidth non-hundred-percent-height-scrolling\" style=\"--awb-border-sizes-top:0px;--awb-border-sizes-bottom:0px;--awb-border-sizes-left:0px;--awb-border-sizes-right:0px;--awb-border-radius-top-left:0px;--awb-border-radius-top-right:0px;--awb-border-radius-bottom-right:0px;--awb-border-radius-bottom-left:0px;--awb-padding-top:150px;--awb-padding-bottom:150px;--awb-background-image:url(&quot;https:\/\/karitaszeger.hu\/web\/wp-content\/uploads\/2021\/03\/segits-scaled.jpg&quot;);--awb-background-size:cover;--awb-flex-wrap:wrap;\" ><div class=\"fusion-builder-row fusion-row fusion-flex-align-items-flex-start fusion-flex-content-wrap\" style=\"max-width:calc( 1170px + 0px );margin-left: calc(-0px \/ 2 );margin-right: calc(-0px \/ 2 );\"><div class=\"fusion-layout-column fusion_builder_column fusion-builder-column-1 fusion_builder_column_1_1 1_1 fusion-flex-column\" style=\"--awb-padding-right:11%;--awb-padding-left:11%;--awb-bg-size:cover;--awb-width-large:100%;--awb-margin-top-large:0px;--awb-spacing-right-large:0px;--awb-margin-bottom-large:20px;--awb-spacing-left-large:0px;--awb-width-medium:100%;--awb-spacing-right-medium:0px;--awb-spacing-left-medium:0px;--awb-width-small:100%;--awb-spacing-right-small:0px;--awb-spacing-left-small:0px;\"><div class=\"fusion-column-wrapper fusion-flex-justify-content-flex-start fusion-content-layout-column\"><div class=\"fusion-title title fusion-title-1 fusion-sep-none fusion-title-center fusion-title-text fusion-title-size-two\" style=\"--awb-text-color:#ffffff;--awb-margin-top-small:0px;--awb-margin-right-small:0px;--awb-margin-bottom-small:20px;--awb-margin-left-small:0px;\"><h2 class=\"fusion-title-heading title-heading-center\" style=\"margin:0;line-height:1;\"><h2 class=\"piros kozepre\"><span style=\"color: #ffffff;\">AZ \u00d6N SEG\u00cdTS\u00c9G\u00c9RE\u00a0IS SZ\u00dcKS\u00c9G VAN!<\/span><\/h2>\n<div class=\"content\"><\/div><\/h2><\/div><div class=\"fusion-separator\" style=\"align-self: center;margin-left: auto;margin-right: auto;margin-top:0px;margin-bottom:40px;width:100%;max-width:200px;\"><div class=\"fusion-separator-border sep-single sep-solid\" style=\"--awb-height:20px;--awb-amount:20px;--awb-sep-color:#f44336;border-color:#f44336;border-top-width:3px;\"><\/div><\/div><div class=\"fusion-text fusion-text-2\"><h2 style=\"text-align: center;\"><span style=\"color: #ffffff;\"><strong>1356 \u2013 H\u00cdVJON, HOGY SEG\u00cdTHESS\u00dcNK!<\/strong><\/span><\/h2>\n<\/div><div class=\"fusion-builder-row fusion-builder-row-inner fusion-row fusion-flex-align-items-flex-start fusion-flex-content-wrap\" style=\"--awb-flex-grow:0;--awb-flex-grow-medium:0;--awb-flex-grow-small:0;--awb-flex-shrink:0;--awb-flex-shrink-medium:0;--awb-flex-shrink-small:0;width:calc( 100% + 0px ) !important;max-width:calc( 100% + 0px ) !important;margin-left: calc(-0px \/ 2 );margin-right: calc(-0px \/ 2 );\"><div class=\"fusion-layout-column fusion_builder_column_inner fusion-builder-nested-column-0 fusion_builder_column_inner_1_3 1_3 fusion-flex-column\" style=\"--awb-bg-size:cover;--awb-width-large:33.333333333333%;--awb-margin-top-large:0px;--awb-spacing-right-large:0px;--awb-margin-bottom-large:20px;--awb-spacing-left-large:0px;--awb-width-medium:100%;--awb-order-medium:0;--awb-spacing-right-medium:0px;--awb-spacing-left-medium:0px;--awb-width-small:100%;--awb-order-small:0;--awb-spacing-right-small:0px;--awb-spacing-left-small:0px;\"><div class=\"fusion-column-wrapper fusion-column-has-shadow fusion-flex-justify-content-flex-start fusion-content-layout-column\"><\/div><\/div><div class=\"fusion-layout-column fusion_builder_column_inner fusion-builder-nested-column-1 fusion_builder_column_inner_1_3 1_3 fusion-flex-column fusion-animated\" style=\"--awb-bg-color:#f44336;--awb-bg-color-hover:#f44336;--awb-bg-size:cover;--awb-width-large:33.333333333333%;--awb-margin-top-large:0px;--awb-spacing-right-large:0px;--awb-margin-bottom-large:20px;--awb-spacing-left-large:0px;--awb-width-medium:100%;--awb-order-medium:0;--awb-spacing-right-medium:0px;--awb-spacing-left-medium:0px;--awb-width-small:100%;--awb-order-small:0;--awb-spacing-right-small:0px;--awb-spacing-left-small:0px;\" data-animationType=\"bounceInDown\" data-animationDuration=\"1.3\" data-animationOffset=\"top-into-view\"><div class=\"fusion-column-wrapper fusion-column-has-shadow fusion-flex-justify-content-flex-start fusion-content-layout-column\"><div style=\"text-align:center;\"><a class=\"fusion-button button-flat fusion-button-default-size button-custom fusion-button-default button-1 fusion-button-default-span fusion-button-default-type fusion-has-button-gradient\" style=\"--button_accent_color:#ffffff;--button_accent_hover_color:#f44336;--button_border_hover_color:#f44336;--button_border_width-top:0px;--button_border_width-right:0px;--button_border_width-bottom:0px;--button_border_width-left:0px;--button_gradient_top_color:rgba(254,201,107,0);--button_gradient_bottom_color:rgba(254,201,107,0);--button_gradient_top_color_hover:#ffffff;--button_gradient_bottom_color_hover:rgba(0,0,0,0);\" target=\"_self\" href=\"#\"><i class=\"fa-credit-card fas awb-button__icon awb-button__icon--default button-icon-left\" aria-hidden=\"true\"><\/i><span class=\"fusion-button-text awb-button__text awb-button__text--default\">ONLINE ADOM\u00c1NYOZ\u00c1S<\/span><\/a><\/div><\/div><\/div><div class=\"fusion-layout-column fusion_builder_column_inner fusion-builder-nested-column-2 fusion_builder_column_inner_1_3 1_3 fusion-flex-column\" style=\"--awb-bg-size:cover;--awb-width-large:33.333333333333%;--awb-margin-top-large:0px;--awb-spacing-right-large:0px;--awb-margin-bottom-large:20px;--awb-spacing-left-large:0px;--awb-width-medium:100%;--awb-order-medium:0;--awb-spacing-right-medium:0px;--awb-spacing-left-medium:0px;--awb-width-small:100%;--awb-order-small:0;--awb-spacing-right-small:0px;--awb-spacing-left-small:0px;\"><div class=\"fusion-column-wrapper fusion-column-has-shadow fusion-flex-justify-content-flex-start fusion-content-layout-column\"><\/div><\/div><\/div><\/div><\/div><\/div><\/div><\/p>\n","protected":false},"excerpt":{"rendered":"","protected":false},"author":3,"featured_media":4707,"comment_status":"open","ping_status":"open","sticky":false,"template":"","format":"standard","meta":{"footnotes":""},"categories":[107],"tags":[],"class_list":["post-4706","post","type-post","status-publish","format-standard","has-post-thumbnail","hentry","category-hirek"],"_links":{"self":[{"href":"https:\/\/karitaszeger.hu\/web\/wp-json\/wp\/v2\/posts\/4706","targetHints":{"allow":["GET"]}}],"collection":[{"href":"https:\/\/karitaszeger.hu\/web\/wp-json\/wp\/v2\/posts"}],"about":[{"href":"https:\/\/karitaszeger.hu\/web\/wp-json\/wp\/v2\/types\/post"}],"author":[{"embeddable":true,"href":"https:\/\/karitaszeger.hu\/web\/wp-json\/wp\/v2\/users\/3"}],"replies":[{"embeddable":true,"href":"https:\/\/karitaszeger.hu\/web\/wp-json\/wp\/v2\/comments?post=4706"}],"version-history":[{"count":1,"href":"https:\/\/karitaszeger.hu\/web\/wp-json\/wp\/v2\/posts\/4706\/revisions"}],"predecessor-version":[{"id":4708,"href":"https:\/\/karitaszeger.hu\/web\/wp-json\/wp\/v2\/posts\/4706\/revisions\/4708"}],"wp:featuredmedia":[{"embeddable":true,"href":"https:\/\/karitaszeger.hu\/web\/wp-json\/wp\/v2\/media\/4707"}],"wp:attachment":[{"href":"https:\/\/karitaszeger.hu\/web\/wp-json\/wp\/v2\/media?parent=4706"}],"wp:term":[{"taxonomy":"category","embeddable":true,"href":"https:\/\/karitaszeger.hu\/web\/wp-json\/wp\/v2\/categories?post=4706"},{"taxonomy":"post_tag","embeddable":true,"href":"https:\/\/karitaszeger.hu\/web\/wp-json\/wp\/v2\/tags?post=4706"}],"curies":[{"name":"wp","href":"https:\/\/api.w.org\/{rel}","templated":true}]}}