{"id":4709,"date":"2022-10-09T11:49:10","date_gmt":"2022-10-09T11:49:10","guid":{"rendered":"https:\/\/karitaszeger.hu\/web\/?p=4709"},"modified":"2023-01-15T11:50:56","modified_gmt":"2023-01-15T11:50:56","slug":"szent-erzsebet-peldaja-erositse-hivatasunkat-a-szlovak-karitasz-zarandoklata-sarospatakon","status":"publish","type":"post","link":"https:\/\/karitaszeger.hu\/web\/2022\/10\/09\/szent-erzsebet-peldaja-erositse-hivatasunkat-a-szlovak-karitasz-zarandoklata-sarospatakon\/","title":{"rendered":"Szent Erzs\u00e9bet p\u00e9ld\u00e1ja er\u0151s\u00edtse hivat\u00e1sunkat! \u2013 A szlov\u00e1k Karit\u00e1sz zar\u00e1ndoklata S\u00e1rospatakon"},"content":{"rendered":"<p><div class=\"fusion-fullwidth fullwidth-box fusion-builder-row-1 fusion-flex-container nonhundred-percent-fullwidth non-hundred-percent-height-scrolling\" style=\"--awb-border-radius-top-left:0px;--awb-border-radius-top-right:0px;--awb-border-radius-bottom-right:0px;--awb-border-radius-bottom-left:0px;--awb-padding-bottom:30px;--awb-flex-wrap:wrap;\" ><div class=\"fusion-builder-row fusion-row fusion-flex-align-items-flex-start fusion-flex-content-wrap\" style=\"max-width:1216.8px;margin-left: calc(-4% \/ 2 );margin-right: calc(-4% \/ 2 );\"><div class=\"fusion-layout-column fusion_builder_column fusion-builder-column-0 fusion_builder_column_1_1 1_1 fusion-flex-column\" style=\"--awb-bg-size:cover;--awb-width-large:100%;--awb-margin-top-large:0px;--awb-spacing-right-large:1.92%;--awb-margin-bottom-large:0px;--awb-spacing-left-large:1.92%;--awb-width-medium:100%;--awb-spacing-right-medium:1.92%;--awb-spacing-left-medium:1.92%;--awb-width-small:100%;--awb-spacing-right-small:1.92%;--awb-spacing-left-small:1.92%;\"><div class=\"fusion-column-wrapper fusion-flex-justify-content-flex-start fusion-content-layout-column\"><div class=\"fusion-separator fusion-full-width-sep\" style=\"align-self: center;margin-left: auto;margin-right: auto;margin-bottom:10px;width:100%;\"><div class=\"fusion-separator-border sep-single\" style=\"--awb-height:20px;--awb-amount:20px;border-color:#e00000;border-top-width:1px;\"><\/div><\/div><div class=\"fusion-text fusion-text-1\" style=\"--awb-text-transform:none;\"><div id=\"title\" class=\"style-scope ytd-watch-metadata\">\n<h2 class=\"cim\" style=\"text-align: center;\">Szent Erzs\u00e9bet p\u00e9ld\u00e1ja er\u0151s\u00edtse hivat\u00e1sunkat!<\/h2>\n<h2 class=\"cim\" style=\"text-align: center;\">\u2013 A szlov\u00e1k Karit\u00e1sz zar\u00e1ndoklata S\u00e1rospatakon<\/h2>\n<\/div>\n<div class=\"entry-media\">\n<div id=\"articleText\"><\/div>\n<div class=\"kozepre\"><a class=\"fokep\" rel=\"lightbox&#091;'g125664'&#093;\"><img decoding=\"async\" class=\"aligncenter\" src=\"https:\/\/www.magyarkurir.hu\/img1.php?id=125664&amp;v=0&amp;img=c_622_9303_01-mp4_snapshot_00-01_&#091;2022-10-08_18-45-07&#093;.jpg\" \/><span class=\"galcount\" title=\"11 k\u00e9p a gal\u00e9ri\u00e1ban, kattintson!\"><img decoding=\"async\" src=\"https:\/\/www.magyarkurir.hu\/design1\/img\/img.png\" align=\"absmiddle\" \/><\/span><\/a><\/div>\n<h3 class=\"lead\">Az okt\u00f3ber 8-\u00e1n megrendezett zar\u00e1ndoklatot p\u00e9nteken egy nemzetk\u00f6zi konferencia el\u0151zte meg, amelyen szlov\u00e1kiai, magyarorsz\u00e1gi \u00e9s ukrajnai (k\u00e1rp\u00e1taljai) karit\u00e1szszervezetek vezet\u0151i vettek r\u00e9szt. Szombatra a mintegy 25 f\u0151s szakmai tal\u00e1lkoz\u00f3 n\u00e9pes zar\u00e1ndoklatt\u00e1 b\u0151v\u00fclt.<\/h3>\n<div class=\"contentsav\">\n<p>M\u00e1r reggel \u00f3ta s\u00fcrg\u00f6l\u0151dtek a piros ruh\u00e1sok a bazilika \u00e9s a Szent Erzs\u00e9bet H\u00e1z k\u00f6rny\u00e9k\u00e9n S\u00e1rospatak k\u00f6zpontj\u00e1ban. A szomsz\u00e9dos orsz\u00e1g karit\u00e1szh\u00e1l\u00f3zata minden \u00e9vben megrendezi orsz\u00e1gos zar\u00e1ndoklat\u00e1t \u2013 id\u00e9n Szent Erzs\u00e9bet sz\u00fcl\u0151hely\u00e9t v\u00e1lasztott\u00e1k a karit\u00e1szmunkat\u00e1rsak tal\u00e1lkoz\u00f3j\u00e1nak helysz\u00edn\u00e9\u00fcl.<\/p>\n<p>S\u00e1torral, regisztr\u00e1ci\u00f3s pulttal \u00e9s friss\u00edt\u0151kkel v\u00e1rt\u00e1k a t\u00f6bb mint 400 szlov\u00e1k \u00e9s mintegy 50 magyarorsz\u00e1gi karit\u00e1szmunkat\u00e1rsat \u00e9s -\u00f6nk\u00e9ntest. A szlov\u00e1k szervez\u0151k k\u00f6z\u00f6tt ott szorgoskodott Bereczkei Mikl\u00f3s pl\u00e9b\u00e1nos \u00e9s \u00c1rvai Ferenc egri karit\u00e1szigazgat\u00f3 is; j\u00f3 h\u00e1zigazdak\u00e9nt a szervez\u00e9st m\u00e1r hetek \u00f3ta seg\u00edtve mindent megtettek, hogy min\u00e9l jobban siker\u00fclj\u00f6n a zar\u00e1ndoklat.<\/p>\n<p><a title=\"\" rel=\"lightbox&#091;'g125664'&#093;\"><img decoding=\"async\" class=\"ckep\" src=\"https:\/\/www.magyarkurir.hu\/img1.php?id=125664&amp;v=0&amp;p=1&amp;img=c_622_9283_01-mp4_snapshot_00-02_&#091;2022-10-08_18-44-15&#093;.jpg\" alt=\"\" border=\"0\" \/><\/a><\/p>\n<p>A karit\u00e1sztal\u00e1lkoz\u00f3 f\u0151 programja az \u00fcnnepi szentmise volt. A zar\u00e1ndokokat t\u00f6bb pap \u00e9s h\u00e1rom p\u00fcsp\u00f6k is elk\u00eds\u00e9rte Szlov\u00e1ki\u00e1b\u00f3l. A bevonul\u00e1st k\u00f6vet\u0151en Terny\u00e1k Csaba egri \u00e9rsek k\u00f6sz\u00f6nt\u00f6tte \u0151ket, \u00e9s Szent Erzs\u00e9betet p\u00e9ldak\u00e9nt\u00a0\u00e1ll\u00edtotta valamennyi h\u00edv\u0151 el\u00e9, mondv\u00e1n, hogy az igazi szeretet nem v\u00e1logat. Ezt a lelk\u00fcletet k\u00edv\u00e1nta a tal\u00e1lkoz\u00f3 minden r\u00e9sztvev\u0151j\u00e9nek az egri \u00e9rsek.<\/p>\n<p><img decoding=\"async\" class=\"ckep\" src=\"https:\/\/www.magyarkurir.hu\/img1.php?id=125664&amp;v=0&amp;p=1&amp;img=c_622_9287_01-mp4_snapshot_00-01_&#091;2022-10-08_18-44-30&#093;.jpg\" alt=\"\" border=\"0\" \/><\/p>\n<p>Orosch J\u00e1nos nagyszombati \u00e9rsek hom\u00edli\u00e1j\u00e1ban Szent Erzs\u00e9bet \u00e9let\u00e9b\u0151l kiemelte, hogy az akkori kor szellem\u00e9nek megfelel\u0151en nagyon kor\u00e1n f\u00e9rjhez adt\u00e1k, \u0151 pedig k\u00e9rte Istent, hogy igaz szeretettel aj\u00e1nd\u00e9kozza meg \u0151t.<\/p>\n<p>Erzs\u00e9bet a szolg\u00e1l\u00f3 szeretet p\u00e9ldak\u00e9p\u00e9v\u00e9 v\u00e1lt, akit a h\u00edv\u0151knek, k\u00f6zt\u00fck a papoknak is k\u00f6vetni kell. Erzs\u00e9bet sz\u00e1m\u00e1ra minden r\u00e1szorul\u00f3, minden beteg maga J\u00e9zus volt, \u00e9s a k\u00e9zzel foghat\u00f3 seg\u00edts\u00e9gny\u00fajt\u00e1s mellett a lelki szenved\u00e9seiket is gy\u00f3gy\u00edtani akarta. Mindannyiunknak ki kell l\u00e9pni az utols\u00f3 vacsora term\u00e9b\u0151l \u00e9s az emberek k\u00f6z\u00e9 menni, igaz szeretettel a r\u00e1szorul\u00f3k fel\u00e9 fordulni. Ez a zar\u00e1ndoklat er\u0151s\u00edtse meg hivat\u00e1sukban a karit\u00e1szmunkat\u00e1rsakat \u00e9s vezessen arra, hogy mindig Krisztust k\u00f6vet\u0151k legy\u00fcnk \u2013 k\u00edv\u00e1nta.<\/p>\n<p><a title=\"\" rel=\"lightbox&#091;'g125664'&#093;\"><img decoding=\"async\" class=\"ckep\" src=\"https:\/\/www.magyarkurir.hu\/img1.php?id=125664&amp;v=0&amp;p=1&amp;img=c_img_1870.jpg\" alt=\"\" border=\"0\" \/><\/a><\/p>\n<p>A szentmise v\u00e9g\u00e9n az egri \u00e9rsek meg\u00e1ldotta az olt\u00e1rhoz k\u00e9sz\u00edtett kenyereket, amelyeket Szent Erzs\u00e9bet keny\u00e9rcsod\u00e1j\u00e1ra eml\u00e9kezve a Karit\u00e1sz munkat\u00e1rsai kiosztottak minden r\u00e9sztvev\u0151nek.<\/p>\n<p>A teljesen megtelt s\u00e1rospataki bazilik\u00e1ban \u00e9rezni lehetett, hogy a Karit\u00e1sz munkat\u00e1rsai hivat\u00e1sk\u00e9nt meg\u00e9lt munk\u00e1jukat a hitb\u0151l t\u00e1pl\u00e1lkozva v\u00e9gzik.<\/p>\n<p><a title=\"\" rel=\"lightbox&#091;'g125664'&#093;\"><img decoding=\"async\" class=\"ckep\" src=\"https:\/\/www.magyarkurir.hu\/img1.php?id=125664&amp;v=0&amp;p=1&amp;img=c_img_1827.jpg\" alt=\"\" border=\"0\" \/><\/a><\/p>\n<p>A nap programja sajt\u00f3t\u00e1j\u00e9koztat\u00f3val folytat\u00f3dott, ahol a szlov\u00e1k p\u00fcsp\u00f6k\u00f6k kifejezt\u00e9k k\u00f6sz\u00f6net\u00fcket \u00e9s \u00f6r\u00f6m\u00fcket a k\u00f6z\u00f6s tal\u00e1lkoz\u00e1s\u00e9rt. Elhangzott, hogy Szent Erzs\u00e9bet \u00f6sszek\u00f6ti a k\u00e9t nemzetet \u00e9s egyes\u00edt minket abban, hogy Krisztus szeretet\u00e9t tettekre v\u00e1ltsuk.<\/p>\n<p>Terny\u00e1k Csaba \u00e9rsek elmondta, hogy Szent Erzs\u00e9bet a magyar \u00e9s szlov\u00e1k Karit\u00e1sznak is v\u00e9d\u0151szentje \u00e9s inspir\u00e1l benn\u00fcnket a szeretet konkr\u00e9t cselekedeteire. Eml\u00e9keztetett, hogy t\u00e1rsak vagyunk a krisztusi \u00faton.<\/p>\n<p><a title=\"\" rel=\"lightbox&#091;'g125664'&#093;\"><img decoding=\"async\" class=\"ckep\" src=\"https:\/\/www.magyarkurir.hu\/img1.php?id=125664&amp;v=0&amp;p=1&amp;img=c_622_9311_01-mp4_snapshot_00-00_&#091;2022-10-08_18-45-21&#093;.jpg\" alt=\"\" border=\"0\" \/><\/a><\/p>\n<p>\u00c9csy G\u00e1bor, a magyar Katolikus Karit\u00e1sz igazgat\u00f3ja a k\u00e9t nap \u00f6sszegz\u00e9sek\u00e9nt arr\u00f3l besz\u00e9lt, hogy h\u00e1l\u00e1s e k\u00fcl\u00f6nleges alkalom\u00e9rt, hogy Szent Erzs\u00e9bet sz\u00fcl\u0151v\u00e1ros\u00e1ban im\u00e1dkozhattak \u00e9s egyeztethettek az elm\u00falt napokban a szlov\u00e1kiai \u00e9s k\u00e1rp\u00e1taljai testv\u00e9rekkel. A tal\u00e1lkoz\u00e1snak a k\u00f6z\u00f6s egy\u00fcttm\u0171k\u00f6d\u00e9sek terve mellett azonnali gyakorlati hozad\u00e9ka is lett. A k\u00e9t orsz\u00e1g karit\u00e1szszervezetei megegyeztek, hogy a k\u00f6vetkez\u0151 hetekben k\u00f6z\u00f6sen \u00f6ssze\u00e1ll\u00edtanak egy seg\u00e9lysz\u00e1ll\u00edtm\u00e1nyt az ukrajnai h\u00e1bor\u00faban szenved\u0151k megseg\u00edt\u00e9se c\u00e9lj\u00e1b\u00f3l.<\/p>\n<p>Miroslav Dzurech, a szlov\u00e1k Karit\u00e1sz f\u0151titk\u00e1ra \u00e9s Pavol Vil\u010dek, a szepesi egyh\u00e1zmegyei Karit\u00e1sz vezet\u0151je is megk\u00f6sz\u00f6nte, hogy l\u00e9trej\u00f6hetett az esem\u00e9ny, \u00e9s hogy ezen a tal\u00e1lkoz\u00f3n k\u00f6z\u00f6sen im\u00e1dkozhattak Szent Erzs\u00e9bethez, hogy vezesse \u0151ket a szeretet \u00fatj\u00e1n. A megbesz\u00e9lt egy\u00fcttm\u0171k\u00f6d\u00e9sek pedig m\u00e9g hat\u00e9konyabb\u00e1 teszik majd szolg\u00e1latukat.<\/p>\n<p><a title=\"\" rel=\"lightbox&#091;'g125664'&#093;\"><img decoding=\"async\" class=\"ckep\" src=\"https:\/\/www.magyarkurir.hu\/img1.php?id=125664&amp;v=0&amp;p=1&amp;img=c_img_1910.jpg\" alt=\"\" border=\"0\" \/><\/a><\/p>\n<p>A program d\u00e9lut\u00e1n egy Szent Erzs\u00e9betr\u0151l sz\u00f3l\u00f3 el\u0151ad\u00e1ssal folytat\u00f3dott \u00e9s lit\u00e1ni\u00e1val z\u00e1rult, majd a t\u00edz szlov\u00e1k egyh\u00e1zmegy\u00e9b\u0151l \u00e9rkezett zar\u00e1ndokok h\u00e1latelt sz\u00edvvel indultak haza.<\/p>\n<p>J\u00f3 volt megtapasztalni, hogy a Karit\u00e1sz csal\u00e1dja Isten szeretete \u00e1ltal milyen er\u0151sen k\u00f6ti \u00f6ssze a Karit\u00e1sz munkat\u00e1rsait hat\u00e1rokon innen \u00e9s t\u00fal is.<\/p>\n<p><strong>Sz\u00f6veg: Papp Ildik\u00f3, Zagyva Rich\u00e1rd<\/strong><\/p>\n<p><strong>Fot\u00f3:\u00a0Szent Istv\u00e1n Telev\u00edzi\u00f3 &#8211; Federics R\u00f3bert;\u00a0Katolikus Karit\u00e1sz<\/strong><\/p>\n<\/div>\n<\/div>\n<div class=\"entry-content\">\n<p><strong>Forr\u00e1s:<\/strong> <a href=\"https:\/\/www.magyarkurir.hu\/hirek\/szent-erzsebet-peldaja-erositse-hivatasunkat-szlovak-karitasz-zarandoklata-sarospatakon?fbclid=IwAR1fj9-xy53ucWiwRiPR9sCmcOuYHV10XAr8gx1KB2BSw-FQg8VMZ-hpkRs\">https:\/\/www.magyarkurir.hu\/hirek\/szent-erzsebet-peldaja-erositse-hivatasunkat-szlovak-karitasz-zarandoklata-sarospatakon?fbclid=IwAR1fj9-xy53ucWiwRiPR9sCmcOuYHV10XAr8gx1KB2BSw-FQg8VMZ-hpkRs<\/a><\/p>\n<\/div>\n<\/div><\/div><\/div><\/div><\/div><div class=\"fusion-fullwidth fullwidth-box fusion-builder-row-2 fusion-flex-container fusion-parallax-none nonhundred-percent-fullwidth non-hundred-percent-height-scrolling\" style=\"--awb-border-sizes-top:0px;--awb-border-sizes-bottom:0px;--awb-border-sizes-left:0px;--awb-border-sizes-right:0px;--awb-border-radius-top-left:0px;--awb-border-radius-top-right:0px;--awb-border-radius-bottom-right:0px;--awb-border-radius-bottom-left:0px;--awb-padding-top:150px;--awb-padding-bottom:150px;--awb-background-image:url(&quot;https:\/\/karitaszeger.hu\/web\/wp-content\/uploads\/2021\/03\/segits-scaled.jpg&quot;);--awb-background-size:cover;--awb-flex-wrap:wrap;\" ><div class=\"fusion-builder-row fusion-row fusion-flex-align-items-flex-start fusion-flex-content-wrap\" style=\"max-width:calc( 1170px + 0px );margin-left: calc(-0px \/ 2 );margin-right: calc(-0px \/ 2 );\"><div class=\"fusion-layout-column fusion_builder_column fusion-builder-column-1 fusion_builder_column_1_1 1_1 fusion-flex-column\" style=\"--awb-padding-right:11%;--awb-padding-left:11%;--awb-bg-size:cover;--awb-width-large:100%;--awb-margin-top-large:0px;--awb-spacing-right-large:0px;--awb-margin-bottom-large:20px;--awb-spacing-left-large:0px;--awb-width-medium:100%;--awb-spacing-right-medium:0px;--awb-spacing-left-medium:0px;--awb-width-small:100%;--awb-spacing-right-small:0px;--awb-spacing-left-small:0px;\"><div class=\"fusion-column-wrapper fusion-flex-justify-content-flex-start fusion-content-layout-column\"><div class=\"fusion-title title fusion-title-1 fusion-sep-none fusion-title-center fusion-title-text fusion-title-size-two\" style=\"--awb-text-color:#ffffff;--awb-margin-top-small:0px;--awb-margin-right-small:0px;--awb-margin-bottom-small:20px;--awb-margin-left-small:0px;\"><h2 class=\"fusion-title-heading title-heading-center\" style=\"margin:0;line-height:1;\"><h2 class=\"piros kozepre\"><span style=\"color: #ffffff;\">AZ \u00d6N SEG\u00cdTS\u00c9G\u00c9RE\u00a0IS SZ\u00dcKS\u00c9G VAN!<\/span><\/h2>\n<div class=\"content\"><\/div><\/h2><\/div><div class=\"fusion-separator\" style=\"align-self: center;margin-left: auto;margin-right: auto;margin-top:0px;margin-bottom:40px;width:100%;max-width:200px;\"><div class=\"fusion-separator-border sep-single sep-solid\" style=\"--awb-height:20px;--awb-amount:20px;--awb-sep-color:#f44336;border-color:#f44336;border-top-width:3px;\"><\/div><\/div><div class=\"fusion-text fusion-text-2\"><h2 style=\"text-align: center;\"><span style=\"color: #ffffff;\"><strong>1356 \u2013 H\u00cdVJON, HOGY SEG\u00cdTHESS\u00dcNK!<\/strong><\/span><\/h2>\n<\/div><div class=\"fusion-builder-row fusion-builder-row-inner fusion-row fusion-flex-align-items-flex-start fusion-flex-content-wrap\" style=\"--awb-flex-grow:0;--awb-flex-grow-medium:0;--awb-flex-grow-small:0;--awb-flex-shrink:0;--awb-flex-shrink-medium:0;--awb-flex-shrink-small:0;width:calc( 100% + 0px ) !important;max-width:calc( 100% + 0px ) !important;margin-left: calc(-0px \/ 2 );margin-right: calc(-0px \/ 2 );\"><div class=\"fusion-layout-column fusion_builder_column_inner fusion-builder-nested-column-0 fusion_builder_column_inner_1_3 1_3 fusion-flex-column\" style=\"--awb-bg-size:cover;--awb-width-large:33.333333333333%;--awb-margin-top-large:0px;--awb-spacing-right-large:0px;--awb-margin-bottom-large:20px;--awb-spacing-left-large:0px;--awb-width-medium:100%;--awb-order-medium:0;--awb-spacing-right-medium:0px;--awb-spacing-left-medium:0px;--awb-width-small:100%;--awb-order-small:0;--awb-spacing-right-small:0px;--awb-spacing-left-small:0px;\"><div class=\"fusion-column-wrapper fusion-column-has-shadow fusion-flex-justify-content-flex-start fusion-content-layout-column\"><\/div><\/div><div class=\"fusion-layout-column fusion_builder_column_inner fusion-builder-nested-column-1 fusion_builder_column_inner_1_3 1_3 fusion-flex-column fusion-animated\" style=\"--awb-bg-color:#f44336;--awb-bg-color-hover:#f44336;--awb-bg-size:cover;--awb-width-large:33.333333333333%;--awb-margin-top-large:0px;--awb-spacing-right-large:0px;--awb-margin-bottom-large:20px;--awb-spacing-left-large:0px;--awb-width-medium:100%;--awb-order-medium:0;--awb-spacing-right-medium:0px;--awb-spacing-left-medium:0px;--awb-width-small:100%;--awb-order-small:0;--awb-spacing-right-small:0px;--awb-spacing-left-small:0px;\" data-animationType=\"bounceInDown\" data-animationDuration=\"1.3\" data-animationOffset=\"top-into-view\"><div class=\"fusion-column-wrapper fusion-column-has-shadow fusion-flex-justify-content-flex-start fusion-content-layout-column\"><div style=\"text-align:center;\"><a class=\"fusion-button button-flat fusion-button-default-size button-custom fusion-button-default button-1 fusion-button-default-span fusion-button-default-type fusion-has-button-gradient\" style=\"--button_accent_color:#ffffff;--button_accent_hover_color:#f44336;--button_border_hover_color:#f44336;--button_border_width-top:0px;--button_border_width-right:0px;--button_border_width-bottom:0px;--button_border_width-left:0px;--button_gradient_top_color:rgba(254,201,107,0);--button_gradient_bottom_color:rgba(254,201,107,0);--button_gradient_top_color_hover:#ffffff;--button_gradient_bottom_color_hover:rgba(0,0,0,0);\" target=\"_self\" href=\"#\"><i class=\"fa-credit-card fas awb-button__icon awb-button__icon--default button-icon-left\" aria-hidden=\"true\"><\/i><span class=\"fusion-button-text awb-button__text awb-button__text--default\">ONLINE ADOM\u00c1NYOZ\u00c1S<\/span><\/a><\/div><\/div><\/div><div class=\"fusion-layout-column fusion_builder_column_inner fusion-builder-nested-column-2 fusion_builder_column_inner_1_3 1_3 fusion-flex-column\" style=\"--awb-bg-size:cover;--awb-width-large:33.333333333333%;--awb-margin-top-large:0px;--awb-spacing-right-large:0px;--awb-margin-bottom-large:20px;--awb-spacing-left-large:0px;--awb-width-medium:100%;--awb-order-medium:0;--awb-spacing-right-medium:0px;--awb-spacing-left-medium:0px;--awb-width-small:100%;--awb-order-small:0;--awb-spacing-right-small:0px;--awb-spacing-left-small:0px;\"><div class=\"fusion-column-wrapper fusion-column-has-shadow fusion-flex-justify-content-flex-start fusion-content-layout-column\"><\/div><\/div><\/div><\/div><\/div><\/div><\/div><\/p>\n","protected":false},"excerpt":{"rendered":"","protected":false},"author":3,"featured_media":4710,"comment_status":"open","ping_status":"open","sticky":false,"template":"","format":"standard","meta":{"footnotes":""},"categories":[107],"tags":[],"class_list":["post-4709","post","type-post","status-publish","format-standard","has-post-thumbnail","hentry","category-hirek"],"_links":{"self":[{"href":"https:\/\/karitaszeger.hu\/web\/wp-json\/wp\/v2\/posts\/4709","targetHints":{"allow":["GET"]}}],"collection":[{"href":"https:\/\/karitaszeger.hu\/web\/wp-json\/wp\/v2\/posts"}],"about":[{"href":"https:\/\/karitaszeger.hu\/web\/wp-json\/wp\/v2\/types\/post"}],"author":[{"embeddable":true,"href":"https:\/\/karitaszeger.hu\/web\/wp-json\/wp\/v2\/users\/3"}],"replies":[{"embeddable":true,"href":"https:\/\/karitaszeger.hu\/web\/wp-json\/wp\/v2\/comments?post=4709"}],"version-history":[{"count":1,"href":"https:\/\/karitaszeger.hu\/web\/wp-json\/wp\/v2\/posts\/4709\/revisions"}],"predecessor-version":[{"id":4711,"href":"https:\/\/karitaszeger.hu\/web\/wp-json\/wp\/v2\/posts\/4709\/revisions\/4711"}],"wp:featuredmedia":[{"embeddable":true,"href":"https:\/\/karitaszeger.hu\/web\/wp-json\/wp\/v2\/media\/4710"}],"wp:attachment":[{"href":"https:\/\/karitaszeger.hu\/web\/wp-json\/wp\/v2\/media?parent=4709"}],"wp:term":[{"taxonomy":"category","embeddable":true,"href":"https:\/\/karitaszeger.hu\/web\/wp-json\/wp\/v2\/categories?post=4709"},{"taxonomy":"post_tag","embeddable":true,"href":"https:\/\/karitaszeger.hu\/web\/wp-json\/wp\/v2\/tags?post=4709"}],"curies":[{"name":"wp","href":"https:\/\/api.w.org\/{rel}","templated":true}]}}