{"id":4715,"date":"2022-10-15T11:57:58","date_gmt":"2022-10-15T11:57:58","guid":{"rendered":"https:\/\/karitaszeger.hu\/web\/?p=4715"},"modified":"2023-01-15T11:58:43","modified_gmt":"2023-01-15T11:58:43","slug":"mindig-mindenkor-toltekezzunk-krisztussal","status":"publish","type":"post","link":"https:\/\/karitaszeger.hu\/web\/2022\/10\/15\/mindig-mindenkor-toltekezzunk-krisztussal\/","title":{"rendered":"Mindig, mindenkor t\u00f6ltekezz\u00fcnk Krisztussal"},"content":{"rendered":"<p><div class=\"fusion-fullwidth fullwidth-box fusion-builder-row-1 fusion-flex-container nonhundred-percent-fullwidth non-hundred-percent-height-scrolling\" style=\"--awb-border-radius-top-left:0px;--awb-border-radius-top-right:0px;--awb-border-radius-bottom-right:0px;--awb-border-radius-bottom-left:0px;--awb-padding-bottom:30px;--awb-flex-wrap:wrap;\" ><div class=\"fusion-builder-row fusion-row fusion-flex-align-items-flex-start fusion-flex-content-wrap\" style=\"max-width:1216.8px;margin-left: calc(-4% \/ 2 );margin-right: calc(-4% \/ 2 );\"><div class=\"fusion-layout-column fusion_builder_column fusion-builder-column-0 fusion_builder_column_1_1 1_1 fusion-flex-column\" style=\"--awb-bg-size:cover;--awb-width-large:100%;--awb-margin-top-large:0px;--awb-spacing-right-large:1.92%;--awb-margin-bottom-large:0px;--awb-spacing-left-large:1.92%;--awb-width-medium:100%;--awb-spacing-right-medium:1.92%;--awb-spacing-left-medium:1.92%;--awb-width-small:100%;--awb-spacing-right-small:1.92%;--awb-spacing-left-small:1.92%;\"><div class=\"fusion-column-wrapper fusion-flex-justify-content-flex-start fusion-content-layout-column\"><div class=\"fusion-separator fusion-full-width-sep\" style=\"align-self: center;margin-left: auto;margin-right: auto;margin-bottom:10px;width:100%;\"><div class=\"fusion-separator-border sep-single\" style=\"--awb-height:20px;--awb-amount:20px;border-color:#e00000;border-top-width:1px;\"><\/div><\/div><div class=\"fusion-text fusion-text-1\" style=\"--awb-text-transform:none;\"><div id=\"title\" class=\"style-scope ytd-watch-metadata\">\n<h2 class=\"cim\" style=\"text-align: center;\">Mindig, mindenkor t\u00f6ltekezz\u00fcnk Krisztussal<\/h2>\n<h2 class=\"cim\" style=\"text-align: center;\">\u2013 \u00c1tadt\u00e1k a Caritas Hungarica d\u00edjakat Budapesten<\/h2>\n<\/div>\n<div class=\"entry-media\">\n<div class=\"contentsav\">\n<div class=\"kozepre\"><a class=\"fokep\" rel=\"lightbox&#091;'g125843'&#093;\"><img decoding=\"async\" class=\"aligncenter\" src=\"https:\/\/www.magyarkurir.hu\/img1.php?id=125843&amp;v=1&amp;img=c_ae6a9273.jpg\" \/><span class=\"galcount\" title=\"47 k\u00e9p a gal\u00e9ri\u00e1ban, kattintson!\"><img decoding=\"async\" src=\"https:\/\/www.magyarkurir.hu\/design1\/img\/img.png\" align=\"absmiddle\" \/>\u00a047<\/span><\/a><\/div>\n<h3 class=\"lead\">Avilai Nagy Szent Ter\u00e9z liturgikus eml\u00e9knapj\u00e1n, okt\u00f3ber 15-\u00e9n, szombaton d\u00e9lel\u0151tt koncelebr\u00e1lt \u00fcnnepi szentmis\u00e9t mutatott be az \u00fajbudai Magyar Szentek Templom\u00e1ban Sp\u00e1nyi Antal sz\u00e9kesfeh\u00e9rv\u00e1ri megy\u00e9sp\u00fcsp\u00f6k. A szertart\u00e1st k\u00f6vet\u0151en ker\u00fclt sor az idei Caritas Hungarica d\u00edjak \u00e1tad\u00e1s\u00e1ra.<\/h3>\n<div class=\"contentsav\">\n<p>Az evang\u00e9lium Szent Luk\u00e1cs k\u00f6nyv\u00e9b\u0151l hangzott el (12,8\u201310). A p\u00fcsp\u00f6k ennek kapcs\u00e1n kifejtette, hogy a b\u0171nt\u0151l sebzett emberis\u00e9g, vagyis mi mindannyian \u2013 a vil\u00e1gt\u00f6rt\u00e9nelem kezdet\u00e9t\u0151l fogva \u2013 hordozzuk aggodalmainkat, f\u00e9lelmeinket; mindig tal\u00e1lunk valamit, ami miatt szorongunk, f\u00e9l\u00fcnk.<\/p>\n<p><a title=\"\" rel=\"lightbox&#091;'g125843'&#093;\"><img decoding=\"async\" class=\"ckep\" src=\"https:\/\/www.magyarkurir.hu\/img1.php?id=125843&amp;v=1&amp;p=1&amp;img=c_ae6a9377.jpg\" alt=\"\" border=\"0\" \/><\/a><\/p>\n<p>Att\u00f3l, mit hoz a j\u00f6v\u0151; amiatt, hogy \u00fagy \u00e9rezz\u00fck, soha nem halad \u00fagy az \u00e9let\u00fcnk, ahogyan azt elgondoljuk. Ez\u00e9rt nem olyan k\u00fcl\u00f6nleges a jelenlegi, fesz\u00fclt helyzet, ami eluralkodott a vil\u00e1gban, k\u00fcl\u00f6n\u00f6sen Eur\u00f3p\u00e1ban \u2013 fejtette ki gondolatait Sp\u00e1nyi Antal. \u2013 Eg\u00e9sz Eur\u00f3pa f\u00e9l a t\u00e9lt\u0151l, szorong, lesz-e el\u00e9g f\u00e9ny, meleg az otthonokban, nem k\u00f6vetkezik-e be valami borzalom \u2013 ak\u00e1r a h\u00e1bor\u00fa, ak\u00e1r valamif\u00e9le j\u00e1rv\u00e1ny k\u00f6vetkezt\u00e9ben \u2013, ami m\u00e9g keser\u0171bb\u00e9 teszi a val\u00f3s\u00e1got. Persze a bajban Istenhez fordulunk, da ha csak ilyenkor tal\u00e1ljuk meg \u0150t, akkor ez a kapcsolat nem lesz m\u00e9ly, er\u0151t ad\u00f3, csup\u00e1n form\u00e1lis odafordul\u00e1s.<\/p>\n<p>A sz\u00e9kesfeh\u00e9rv\u00e1ri f\u0151p\u00e1sztor megeml\u00edtett egy h\u00edv\u0151t, buzg\u00f3 templomba j\u00e1r\u00f3 asszonyt, aki a napokban panaszkodott neki, mi\u00e9rt hagyja szenvedni \u0151t Isten, mi\u00e9rt nem seg\u00edti jobban, mi\u00e9rt n\u00e9zi t\u00e9tlen\u00fcl az egy\u00e9n \u00e9s a vil\u00e1g k\u00ednl\u00f3d\u00e1sait. Milyen Isten az ilyen? \u2013 tette fel a k\u00e9rd\u00e9st. A p\u00fcsp\u00f6k szerint k\u00e9ts\u00e9gtelen, hogy ennek az asszonynak sok baja van, de rosszul \u00edt\u00e9li meg Istent.<\/p>\n<p><a title=\"\" rel=\"lightbox&#091;'g125843'&#093;\"><img decoding=\"async\" class=\"ckep\" src=\"https:\/\/www.magyarkurir.hu\/img1.php?id=125843&amp;v=1&amp;p=1&amp;img=c_ae6a9469.jpg\" alt=\"\" border=\"0\" \/><\/a><\/p>\n<p>Sp\u00e1nyi Antal felid\u00e9zte, hogy ezen a h\u00e9ten eml\u00e9keztek meg Proh\u00e1szka Ottok\u00e1r sz\u00e9kesfeh\u00e9rv\u00e1ri p\u00fcsp\u00f6k sz\u00fclet\u00e9s\u00e9nek 164. \u00e9vfordul\u00f3j\u00e1r\u00f3l. \u2013 Sz\u00e1z \u00e9vvel ezel\u0151tt is viharos id\u0151k j\u00e1rtak, \u00e9s ez a boldog eml\u00e9kezet\u0171 f\u0151p\u00e1sztor egyik besz\u00e9d\u00e9ben figyelmeztetett: minden azon m\u00falik, hogy befogadjuk-e a sz\u00edv\u00fcnkbe Krisztust. Ha nem, akkor szomor\u00fa j\u00f6v\u0151 v\u00e1r r\u00e1nk. A l\u00e9nyeget tekintve \u0151 m\u00e1r akkor kimondta azt, amit \u00e9vtizedekkel k\u00e9s\u0151bb az Eur\u00f3pai Uni\u00f3 alap\u00edt\u00f3 aty\u00e1i \u00fagy fogalmaztak meg: a j\u00f6v\u0151 Eur\u00f3p\u00e1ja kereszt\u00e9ny lesz, vagy nem lesz. N\u00e9hai Antall J\u00f3zsef, a rendszerv\u00e1ltoz\u00e1s minisztereln\u00f6ke pedig azt mondta a hal\u00e1los \u00e1gy\u00e1n: \u201eKereszt\u00e9ny Magyarorsz\u00e1got akartam, mert annak van j\u00f6v\u0151je\u201d \u2013 eml\u00e9keztetett a sz\u00f3nok.<\/p>\n<p>Hozz\u00e1tette, Eur\u00f3pa ma m\u00e1r megtagadta Krisztust, pedig a gy\u00f6kerei \u2013 ak\u00e1rcsak Magyarorsz\u00e1gnak \u2013 Krisztushoz kapcsolj\u00e1k. Err\u0151l azonban nem akar tudom\u00e1st venni. A p\u00fcsp\u00f6k megd\u00f6bbent\u0151nek nevezte, hogy egy 164 \u00e9vvel ezel\u0151tt sz\u00fcletett ember tudta a v\u00e1laszokat azokra a k\u00e9rd\u00e9sekre, amelyekkel mi itt \u00e9s most szembes\u00fcl\u00fcnk \u00e9s k\u00fcszk\u00f6d\u00fcnk. Az\u00e9rt volt ez lehets\u00e9ges, mert Proh\u00e1szka Ottok\u00e1r Istennel t\u00f6ltekezett, Istent hordta a sz\u00edv\u00e9ben \u00e9s a lelk\u00e9ben, \u00e9s amir\u0151l besz\u00e9lt, az mindig az evang\u00e9liumb\u00f3l, Krisztusb\u00f3l forr\u00e1sozott, \u00e9s ezt a tan\u00edt\u00e1st adta tov\u00e1bb hallgat\u00f3inak. Ez\u00e9rt mindig id\u0151szer\u0171.<\/p>\n<p><a title=\"\" rel=\"lightbox&#091;'g125843'&#093;\"><img decoding=\"async\" class=\"ckep\" src=\"https:\/\/www.magyarkurir.hu\/img1.php?id=125843&amp;v=1&amp;p=1&amp;img=c_ae6a0310.jpg\" alt=\"\" border=\"0\" \/><\/a><\/p>\n<p>A Katolikus Karit\u00e1sz eln\u00f6ke, lesz\u00f6gezte: a Karit\u00e1sz munkat\u00e1rsainak is az evang\u00e9liumot hirdet\u0151 Egyh\u00e1z tan\u00edt\u00e1s\u00e1t kell befogadniuk. \u201eEzt kell k\u00e9pviseln\u00fcnk a vil\u00e1gban, erre a saj\u00e1tos k\u00fcldet\u00e9sre van megh\u00edv\u00e1sunk. Mindig, mindenkor t\u00f6ltekezz\u00fcnk Krisztussal, lelk\u00fcnkben Krisztus szeretet\u00e9t vigy\u00fck \u00e9s adjuk az arra r\u00e1szorul\u00f3 embert\u00e1rsainknak.\u201d<\/p>\n<p>Az evang\u00e9liumok arr\u00f3l besz\u00e9lnek, hogy aki Krisztussal tal\u00e1lkozik, \u00fajj\u00e1sz\u00fcletik. A j\u00f3k m\u00e9g jobbak lesznek, a gyarl\u00f3k pozit\u00edv ir\u00e1nyba v\u00e1ltoznak. Az ad\u00f3szed\u0151 L\u00e9vib\u0151l M\u00e1t\u00e9 lesz, tan\u00edtv\u00e1ny, a v\u00e1mos Zakeus megvend\u00e9geli J\u00e9zust \u00e9s tan\u00edtv\u00e1nyait, vagyona fel\u00e9t a szeg\u00e9nyeknek adom\u00e1nyozza, \u00e9s n\u00e9gyszeres\u00e9t adja vissza azoknak, akiket megk\u00e1ros\u00edtott. A b\u0171nb\u00e1n\u00f3 asszonyb\u00f3l szent lesz. Adja Isten, hogy mindazok, akik vel\u00fcnk tal\u00e1lkoznak, \u00e9rezz\u00e9k \u00fagy, mintha Krisztussal tal\u00e1lkozn\u00e1nak \u2013 z\u00e1rta szentbesz\u00e9d\u00e9t Sp\u00e1nyi Antal sz\u00e9kesfeh\u00e9rv\u00e1ri p\u00fcsp\u00f6k.<\/p>\n<p><a title=\"\" rel=\"lightbox&#091;'g125843'&#093;\"><img decoding=\"async\" class=\"ckep\" src=\"https:\/\/www.magyarkurir.hu\/img1.php?id=125843&amp;v=1&amp;p=1&amp;img=c_ae6a0538.jpg\" alt=\"\" border=\"0\" \/><\/a><\/p>\n<p>A szentmis\u00e9t k\u00f6vet\u0151en Zagyva Rich\u00e1rd, a Karit\u00e1sz orsz\u00e1gos igazgat\u00f3helyettese k\u00f6sz\u00f6nt\u00f6tte a megjelenteket.<\/p>\n<p>Szavaib\u00f3l kider\u00fclt: a Katolikus Karit\u00e1sz vezet\u0151s\u00e9ge 2012-ben alap\u00edtotta meg a Caritas Hungarica d\u00edjat, amelynek c\u00e9lja elismerni \u00e9s \u00e9rt\u00e9kelni a Karit\u00e1sz \u00f6nk\u00e9nteseinek k\u00fcl\u00f6nb\u00f6z\u0151 szoci\u00e1lis ter\u00fcleteken v\u00e9gzett p\u00e9lda\u00e9rt\u00e9k\u0171 munk\u00e1j\u00e1t. Ennek jel\u00e9\u00fcl k\u00fcl\u00f6n kit\u00fcntet\u00e9ssel jutalmazz\u00e1k azokat az \u00f6nk\u00e9nteseket, akik Krisztus szeretet\u00e9r\u0151l p\u00e9lda\u00e9rt\u00e9k\u0171en tesznek tan\u00fas\u00e1got. A d\u00edj tov\u00e1bbi c\u00e9lja az \u00f6nk\u00e9ntess\u00e9g t\u00e1rsadalmi meg\u00edt\u00e9l\u00e9s\u00e9nek n\u00f6vel\u00e9se, a karitat\u00edv tev\u00e9kenys\u00e9gre val\u00f3 buzd\u00edt\u00e1s, \u00c1rp\u00e1d-h\u00e1zi Szent Erzs\u00e9bet nyom\u00e1n, valamint p\u00e9ldak\u00e9p\u00fcl \u00e1ll\u00edtani m\u00e1sok el\u00e9 azokat a k\u00f6zt\u00fcnk l\u00e9v\u0151 h\u00edveket, akik Krisztus szeretet\u00e9vel \u00f6nzetlen\u00fcl seg\u00edtenek a r\u00e1szorul\u00f3kon, J\u00e9zus tan\u00edt\u00e1s\u00e1nak szellem\u00e9ben: \u201eMert \u00e9hes voltam, \u00e9s ennem adtatok, szomjas voltam, \u00e9s innom adtatok. V\u00e1ndor voltam, \u00e9s befogadtatok. Mez\u00edtelen voltam, \u00e9s felruh\u00e1ztatok. Beteg voltam, \u00e9s megl\u00e1togattatok. B\u00f6rt\u00f6nben voltam, \u00e9s felkerestetek.\u201d (Mt 25,35\u201336)<\/p>\n<p><a title=\"\" rel=\"lightbox&#091;'g125843'&#093;\"><img decoding=\"async\" class=\"ckep\" src=\"https:\/\/www.magyarkurir.hu\/img1.php?id=125843&amp;v=1&amp;p=1&amp;img=c_ae6a0437.jpg\" alt=\"\" border=\"0\" \/><\/a><\/p>\n<p>A d\u00edjra \u00e9vente egyh\u00e1zmegy\u00e9nk\u00e9nt legfeljebb h\u00e1rom szem\u00e9lyt javasolhat a helyi karit\u00e1szigazgat\u00f3. Az elismer\u00e9st azok a pl\u00e9b\u00e1niai \u00f6nk\u00e9ntes karit\u00e1szosok kapj\u00e1k, akik a legt\u00f6bbet teszik a r\u00e1szorul\u00f3k\u00e9rt, seg\u00edtik \u0151ket \u00e9lelmiszerrel, gy\u00f3gyszerrel, ruh\u00e1val, b\u00fatorral, \u00e9s mindezt rendszeresen teszik.<\/p>\n<p>Zagyva Rich\u00e1rd besz\u00e9d\u00e9t k\u00f6vet\u0151en Sp\u00e1nyi Antal p\u00fcsp\u00f6k, a Katolikus Karit\u00e1sz eln\u00f6ke; \u00c9csy G\u00e1bor orsz\u00e1gos igazgat\u00f3; valamint az egyh\u00e1zmegyei igazgat\u00f3k \u00e1tadt\u00e1k a Caritas Hungarica d\u00edjakat.<\/p>\n<p><a title=\"\" rel=\"lightbox&#091;'g125843'&#093;\"><img decoding=\"async\" class=\"ckep\" src=\"https:\/\/www.magyarkurir.hu\/img1.php?id=125843&amp;v=1&amp;p=1&amp;img=c_ae6a0720.jpg\" alt=\"\" border=\"0\" \/><\/a><\/p>\n<p>A kit\u00fcntet\u00e9sek \u00e1tad\u00e1sa ut\u00e1n a d\u00edjazottak nev\u00e9ben Leheln\u00e9 Szentj\u00f3by Ildik\u00f3 sz\u00f3lt a jelenl\u00e9v\u0151kh\u00f6z. A zsolt\u00e1rost id\u00e9zte: \u201eSzolg\u00e1ljatok az \u00darnak \u00f6r\u00f6mmel!\u201d (102). Elmondta, vall\u00e1sos csal\u00e1dban n\u0151tt fel, ahol megtapasztalhatta, hogy j\u00f3t tenni j\u00f3. M\u00e1sokon seg\u00edteni neki is \u00f6r\u00f6met jelent. Meger\u0151s\u00f6d\u00f6tt benne az \u00e9rz\u00e9s, hogy Krisztust els\u0151sorban a m\u00e1sik emberben tudjuk szolg\u00e1lni. \u201eNem el\u00e9g Krisztust szeretni. Meg kell tal\u00e1lnunk a hely\u00fcnket, hogy Isten munkat\u00e1rsai lehess\u00fcnk. Sug\u00e1rozni az \u0150 szeretet\u00e9t, \u00e9s ezzel \u00e1tform\u00e1lni a sz\u00edveket \u00e9s a vil\u00e1got.\u201d<\/p>\n<p>* * *<\/p>\n<p><a title=\"\" rel=\"lightbox&#091;'g125843'&#093;\"><img decoding=\"async\" class=\"ckep\" src=\"https:\/\/www.magyarkurir.hu\/img1.php?id=125843&amp;v=1&amp;p=1&amp;img=c_ae6a0800.jpg\" alt=\"\" border=\"0\" \/><\/a><\/p>\n<p><strong>Id\u00e9n harminchat szem\u00e9ly r\u00e9szes\u00fclt a kit\u00fcntet\u00e9sben. A d\u00edjazottak n\u00e9vsora:<\/strong><\/p>\n<p>Debrecen-Ny\u00edregyh\u00e1zi Egyh\u00e1zmegye<br \/>\nSzak\u00e1cs \u00c1gnes, T\u00f3th Tiborn\u00e9<\/p>\n<p>Egri F\u0151egyh\u00e1zmegye<br \/>\nKall\u00f3n\u00e9 Szilv\u00e1si Zita, Porga L\u00e1szl\u00f3n\u00e9, Varga L\u00e1szl\u00f3n\u00e9 T\u00f3th Erika M\u00e1rta<\/p>\n<p>Esztergom-Budapesti F\u0151egyh\u00e1zmegye<br \/>\nM\u00e1ty\u00e1sy M\u00e1ria, Rajna L\u00e1szl\u00f3n\u00e9, W\u00e1gner Endr\u00e9n\u00e9<\/p>\n<p>Gy\u0151ri Egyh\u00e1zmegye<br \/>\nBorb\u00e9ly Margit, Ign\u00e1cz Mikl\u00f3sn\u00e9<\/p>\n<p>Kalocsa-Kecskem\u00e9ti F\u0151egyh\u00e1zmegye<br \/>\nS\u00e1nta Ferencn\u00e9, Sere \u00c1gnes, Sztancsn\u00e9 Kulcs\u00e1r \u00c9va<\/p>\n<p>Kaposv\u00e1ri Egyh\u00e1zmegye<br \/>\nMer\u00e9nyi Vanda, T\u00f3th P\u00e9ter, Vajda Attil\u00e1n\u00e9<\/p>\n<p>Miskolci Egyh\u00e1zmegye<br \/>\nKozma L\u00e1szl\u00f3<\/p>\n<p>Ny\u00edregyh\u00e1zi Egyh\u00e1zmegye<br \/>\nSz\u00e9csin\u00e9 Krist\u00f3f J\u00falia<\/p>\n<p>P\u00e9csi Egyh\u00e1zmegye<br \/>\nBoth B\u00e9l\u00e1n\u00e9, Kr\u00e9mer Ern\u0151, Tanner Attil\u00e1n\u00e9<\/p>\n<p>Szeged-Csan\u00e1di Egyh\u00e1zmegye<br \/>\nR\u00f3ka Rudolfn\u00e9, Sz\u00edjgy\u00e1rt\u00f3 Andr\u00e1sn\u00e9, Tapaszt\u00f3 B\u00e9l\u00e1n\u00e9<\/p>\n<p>Sz\u00e9kesfeh\u00e9rv\u00e1ri Egyh\u00e1zmegye<br \/>\nLeheln\u00e9 Szentj\u00f3by Ildik\u00f3, Pill J\u00f3zsefn\u00e9, Marlok Ferencn\u00e9<\/p>\n<p>Szombathelyi Egyh\u00e1zmegye<br \/>\nHorv\u00e1th G\u00e1born\u00e9, Horv\u00e1th J\u00f3zsefn\u00e9, Seper P\u00e9tern\u00e9<\/p>\n<p>V\u00e1ci Egyh\u00e1zmegye<br \/>\nBak\u00f3 J\u00f3zsefn\u00e9, Szajbert Istv\u00e1nn\u00e9, Vida S\u00e1ndorn\u00e9<\/p>\n<p>Veszpr\u00e9mi F\u0151egyh\u00e1zmegye<br \/>\nFister Ferencn\u00e9, Meszes Ferencn\u00e9, V\u00e1mosi Guszt\u00e1vn\u00e9<\/p>\n<div class=\"keretes\">\n<p>A Katolikus Karit\u00e1sz orsz\u00e1gos \u00f6nk\u00e9ntes h\u00e1l\u00f3zat\u00e1ban 16 egyh\u00e1zmegyei k\u00f6zpontban, t\u00f6bb mint 800 csoportban, valamint az orsz\u00e1gos seg\u00e9lyakci\u00f3k sor\u00e1n k\u00f6zel 10 ezer \u00f6nk\u00e9ntes v\u00e9gez karitat\u00edv tev\u00e9kenys\u00e9get \u00e9vente.<\/p>\n<\/div>\n<p><strong>Szerz\u0151:\u00a0Bodn\u00e1r D\u00e1niel<\/strong><\/p>\n<p><strong>Fot\u00f3: Mer\u00e9nyi Zita<\/strong><\/p>\n<\/div>\n<\/div>\n<\/div>\n<div class=\"entry-content\">\n<p><strong>Forr\u00e1s:<\/strong> <a href=\"https:\/\/www.magyarkurir.hu\/hirek\/mindig-mindenkor-toltekezzunk-krisztussal-atadtak-caritas-hungarica-dijakat-budapesten?fbclid=IwAR3L7ldDtIGV-9EHb-hehN064K9IcJanr3zyTYyxhric4vjXsWoOE5VVxSI\">https:\/\/www.magyarkurir.hu\/hirek\/mindig-mindenkor-toltekezzunk-krisztussal-atadtak-caritas-hungarica-dijakat-budapesten?fbclid=IwAR3L7ldDtIGV-9EHb-hehN064K9IcJanr3zyTYyxhric4vjXsWoOE5VVxSI<\/a><\/p>\n<\/div>\n<\/div><\/div><\/div><\/div><\/div><div class=\"fusion-fullwidth fullwidth-box fusion-builder-row-2 fusion-flex-container fusion-parallax-none nonhundred-percent-fullwidth non-hundred-percent-height-scrolling\" style=\"--awb-border-sizes-top:0px;--awb-border-sizes-bottom:0px;--awb-border-sizes-left:0px;--awb-border-sizes-right:0px;--awb-border-radius-top-left:0px;--awb-border-radius-top-right:0px;--awb-border-radius-bottom-right:0px;--awb-border-radius-bottom-left:0px;--awb-padding-top:150px;--awb-padding-bottom:150px;--awb-background-image:url(&quot;https:\/\/karitaszeger.hu\/web\/wp-content\/uploads\/2021\/03\/segits-scaled.jpg&quot;);--awb-background-size:cover;--awb-flex-wrap:wrap;\" ><div class=\"fusion-builder-row fusion-row fusion-flex-align-items-flex-start fusion-flex-content-wrap\" style=\"max-width:calc( 1170px + 0px );margin-left: calc(-0px \/ 2 );margin-right: calc(-0px \/ 2 );\"><div class=\"fusion-layout-column fusion_builder_column fusion-builder-column-1 fusion_builder_column_1_1 1_1 fusion-flex-column\" style=\"--awb-padding-right:11%;--awb-padding-left:11%;--awb-bg-size:cover;--awb-width-large:100%;--awb-margin-top-large:0px;--awb-spacing-right-large:0px;--awb-margin-bottom-large:20px;--awb-spacing-left-large:0px;--awb-width-medium:100%;--awb-spacing-right-medium:0px;--awb-spacing-left-medium:0px;--awb-width-small:100%;--awb-spacing-right-small:0px;--awb-spacing-left-small:0px;\"><div class=\"fusion-column-wrapper fusion-flex-justify-content-flex-start fusion-content-layout-column\"><div class=\"fusion-title title fusion-title-1 fusion-sep-none fusion-title-center fusion-title-text fusion-title-size-two\" style=\"--awb-text-color:#ffffff;--awb-margin-top-small:0px;--awb-margin-right-small:0px;--awb-margin-bottom-small:20px;--awb-margin-left-small:0px;\"><h2 class=\"fusion-title-heading title-heading-center\" style=\"margin:0;line-height:1;\"><h2 class=\"piros kozepre\"><span style=\"color: #ffffff;\">AZ \u00d6N SEG\u00cdTS\u00c9G\u00c9RE\u00a0IS SZ\u00dcKS\u00c9G VAN!<\/span><\/h2>\n<div class=\"content\"><\/div><\/h2><\/div><div class=\"fusion-separator\" style=\"align-self: center;margin-left: auto;margin-right: auto;margin-top:0px;margin-bottom:40px;width:100%;max-width:200px;\"><div class=\"fusion-separator-border sep-single sep-solid\" style=\"--awb-height:20px;--awb-amount:20px;--awb-sep-color:#f44336;border-color:#f44336;border-top-width:3px;\"><\/div><\/div><div class=\"fusion-text fusion-text-2\"><h2 style=\"text-align: center;\"><span style=\"color: #ffffff;\"><strong>1356 \u2013 H\u00cdVJON, HOGY SEG\u00cdTHESS\u00dcNK!<\/strong><\/span><\/h2>\n<\/div><div class=\"fusion-builder-row fusion-builder-row-inner fusion-row fusion-flex-align-items-flex-start fusion-flex-content-wrap\" style=\"--awb-flex-grow:0;--awb-flex-grow-medium:0;--awb-flex-grow-small:0;--awb-flex-shrink:0;--awb-flex-shrink-medium:0;--awb-flex-shrink-small:0;width:calc( 100% + 0px ) !important;max-width:calc( 100% + 0px ) !important;margin-left: calc(-0px \/ 2 );margin-right: calc(-0px \/ 2 );\"><div class=\"fusion-layout-column fusion_builder_column_inner fusion-builder-nested-column-0 fusion_builder_column_inner_1_3 1_3 fusion-flex-column\" style=\"--awb-bg-size:cover;--awb-width-large:33.333333333333%;--awb-margin-top-large:0px;--awb-spacing-right-large:0px;--awb-margin-bottom-large:20px;--awb-spacing-left-large:0px;--awb-width-medium:100%;--awb-order-medium:0;--awb-spacing-right-medium:0px;--awb-spacing-left-medium:0px;--awb-width-small:100%;--awb-order-small:0;--awb-spacing-right-small:0px;--awb-spacing-left-small:0px;\"><div class=\"fusion-column-wrapper fusion-column-has-shadow fusion-flex-justify-content-flex-start fusion-content-layout-column\"><\/div><\/div><div class=\"fusion-layout-column fusion_builder_column_inner fusion-builder-nested-column-1 fusion_builder_column_inner_1_3 1_3 fusion-flex-column fusion-animated\" style=\"--awb-bg-color:#f44336;--awb-bg-color-hover:#f44336;--awb-bg-size:cover;--awb-width-large:33.333333333333%;--awb-margin-top-large:0px;--awb-spacing-right-large:0px;--awb-margin-bottom-large:20px;--awb-spacing-left-large:0px;--awb-width-medium:100%;--awb-order-medium:0;--awb-spacing-right-medium:0px;--awb-spacing-left-medium:0px;--awb-width-small:100%;--awb-order-small:0;--awb-spacing-right-small:0px;--awb-spacing-left-small:0px;\" data-animationType=\"bounceInDown\" data-animationDuration=\"1.3\" data-animationOffset=\"top-into-view\"><div class=\"fusion-column-wrapper fusion-column-has-shadow fusion-flex-justify-content-flex-start fusion-content-layout-column\"><div style=\"text-align:center;\"><a class=\"fusion-button button-flat fusion-button-default-size button-custom fusion-button-default button-1 fusion-button-default-span fusion-button-default-type fusion-has-button-gradient\" style=\"--button_accent_color:#ffffff;--button_accent_hover_color:#f44336;--button_border_hover_color:#f44336;--button_border_width-top:0px;--button_border_width-right:0px;--button_border_width-bottom:0px;--button_border_width-left:0px;--button_gradient_top_color:rgba(254,201,107,0);--button_gradient_bottom_color:rgba(254,201,107,0);--button_gradient_top_color_hover:#ffffff;--button_gradient_bottom_color_hover:rgba(0,0,0,0);\" target=\"_self\" href=\"#\"><i class=\"fa-credit-card fas awb-button__icon awb-button__icon--default button-icon-left\" aria-hidden=\"true\"><\/i><span class=\"fusion-button-text awb-button__text awb-button__text--default\">ONLINE ADOM\u00c1NYOZ\u00c1S<\/span><\/a><\/div><\/div><\/div><div class=\"fusion-layout-column fusion_builder_column_inner fusion-builder-nested-column-2 fusion_builder_column_inner_1_3 1_3 fusion-flex-column\" style=\"--awb-bg-size:cover;--awb-width-large:33.333333333333%;--awb-margin-top-large:0px;--awb-spacing-right-large:0px;--awb-margin-bottom-large:20px;--awb-spacing-left-large:0px;--awb-width-medium:100%;--awb-order-medium:0;--awb-spacing-right-medium:0px;--awb-spacing-left-medium:0px;--awb-width-small:100%;--awb-order-small:0;--awb-spacing-right-small:0px;--awb-spacing-left-small:0px;\"><div class=\"fusion-column-wrapper fusion-column-has-shadow fusion-flex-justify-content-flex-start fusion-content-layout-column\"><\/div><\/div><\/div><\/div><\/div><\/div><\/div><\/p>\n","protected":false},"excerpt":{"rendered":"","protected":false},"author":3,"featured_media":4716,"comment_status":"open","ping_status":"open","sticky":false,"template":"","format":"standard","meta":{"footnotes":""},"categories":[107],"tags":[],"class_list":["post-4715","post","type-post","status-publish","format-standard","has-post-thumbnail","hentry","category-hirek"],"_links":{"self":[{"href":"https:\/\/karitaszeger.hu\/web\/wp-json\/wp\/v2\/posts\/4715","targetHints":{"allow":["GET"]}}],"collection":[{"href":"https:\/\/karitaszeger.hu\/web\/wp-json\/wp\/v2\/posts"}],"about":[{"href":"https:\/\/karitaszeger.hu\/web\/wp-json\/wp\/v2\/types\/post"}],"author":[{"embeddable":true,"href":"https:\/\/karitaszeger.hu\/web\/wp-json\/wp\/v2\/users\/3"}],"replies":[{"embeddable":true,"href":"https:\/\/karitaszeger.hu\/web\/wp-json\/wp\/v2\/comments?post=4715"}],"version-history":[{"count":1,"href":"https:\/\/karitaszeger.hu\/web\/wp-json\/wp\/v2\/posts\/4715\/revisions"}],"predecessor-version":[{"id":4717,"href":"https:\/\/karitaszeger.hu\/web\/wp-json\/wp\/v2\/posts\/4715\/revisions\/4717"}],"wp:featuredmedia":[{"embeddable":true,"href":"https:\/\/karitaszeger.hu\/web\/wp-json\/wp\/v2\/media\/4716"}],"wp:attachment":[{"href":"https:\/\/karitaszeger.hu\/web\/wp-json\/wp\/v2\/media?parent=4715"}],"wp:term":[{"taxonomy":"category","embeddable":true,"href":"https:\/\/karitaszeger.hu\/web\/wp-json\/wp\/v2\/categories?post=4715"},{"taxonomy":"post_tag","embeddable":true,"href":"https:\/\/karitaszeger.hu\/web\/wp-json\/wp\/v2\/tags?post=4715"}],"curies":[{"name":"wp","href":"https:\/\/api.w.org\/{rel}","templated":true}]}}