{"id":4724,"date":"2022-10-24T17:02:44","date_gmt":"2022-10-24T17:02:44","guid":{"rendered":"https:\/\/karitaszeger.hu\/web\/?p=4724"},"modified":"2023-01-15T17:04:50","modified_gmt":"2023-01-15T17:04:50","slug":"ne-feljunk-az-emberi-jelektol-hanem-keressuk-isten-jeleit","status":"publish","type":"post","link":"https:\/\/karitaszeger.hu\/web\/2022\/10\/24\/ne-feljunk-az-emberi-jelektol-hanem-keressuk-isten-jeleit\/","title":{"rendered":"Ne f\u00e9lj\u00fcnk az emberi jelekt\u0151l, hanem keress\u00fck Isten jeleit!"},"content":{"rendered":"<p><div class=\"fusion-fullwidth fullwidth-box fusion-builder-row-1 fusion-flex-container nonhundred-percent-fullwidth non-hundred-percent-height-scrolling\" style=\"--awb-border-radius-top-left:0px;--awb-border-radius-top-right:0px;--awb-border-radius-bottom-right:0px;--awb-border-radius-bottom-left:0px;--awb-padding-bottom:30px;--awb-flex-wrap:wrap;\" ><div class=\"fusion-builder-row fusion-row fusion-flex-align-items-flex-start fusion-flex-content-wrap\" style=\"max-width:1216.8px;margin-left: calc(-4% \/ 2 );margin-right: calc(-4% \/ 2 );\"><div class=\"fusion-layout-column fusion_builder_column fusion-builder-column-0 fusion_builder_column_1_1 1_1 fusion-flex-column\" style=\"--awb-bg-size:cover;--awb-width-large:100%;--awb-margin-top-large:0px;--awb-spacing-right-large:1.92%;--awb-margin-bottom-large:0px;--awb-spacing-left-large:1.92%;--awb-width-medium:100%;--awb-spacing-right-medium:1.92%;--awb-spacing-left-medium:1.92%;--awb-width-small:100%;--awb-spacing-right-small:1.92%;--awb-spacing-left-small:1.92%;\"><div class=\"fusion-column-wrapper fusion-flex-justify-content-flex-start fusion-content-layout-column\"><div class=\"fusion-separator fusion-full-width-sep\" style=\"align-self: center;margin-left: auto;margin-right: auto;margin-bottom:10px;width:100%;\"><div class=\"fusion-separator-border sep-single\" style=\"--awb-height:20px;--awb-amount:20px;border-color:#e00000;border-top-width:1px;\"><\/div><\/div><div class=\"fusion-text fusion-text-1\" style=\"--awb-text-transform:none;\"><div id=\"title\" class=\"style-scope ytd-watch-metadata\">\n<h2 class=\"post-title entry-title\" style=\"text-align: center;\">Ne f\u00e9lj\u00fcnk az emberi jelekt\u0151l, hanem keress\u00fck Isten jeleit!<\/h2>\n<h3 class=\"post-title entry-title\" style=\"text-align: center;\">\u2013 \u00c1rvai Ferenc atya, az Egri F\u0151egyh\u00e1zmegyei Karit\u00e1sz igazgat\u00f3ja tartotta az idei szakmai napot az egyh\u00e1zmegy\u00e9nk karit\u00e1sz \u00f6nk\u00e9nteseinek Ny\u00edregyh\u00e1z\u00e1n<\/h3>\n<p style=\"text-align: center;\"><strong>A Debrecen-Ny\u00edregyh\u00e1zi Egyh\u00e1zmegyei Karit\u00e1sz \u00f6nk\u00e9nteseinek szakmai napj\u00e1t rendezt\u00e9k meg okt\u00f3ber 22-\u00e9n, Ny\u00edregyh\u00e1za-Borb\u00e1ny\u00e1n, a Szent L\u00e1szl\u00f3-templomban. A szakmai napot \u00c1rvai Ferenc, az Egri F\u0151egyh\u00e1zmegye karit\u00e1szigazgat\u00f3ja tartotta.<\/strong><\/p>\n<\/div>\n<div class=\"wp-block-image\">\n<figure class=\"aligncenter size-large\"><img decoding=\"async\" class=\"wp-image-11544\" src=\"https:\/\/www.dnyem.hu\/wp-content\/uploads\/2022\/10\/Uj-Karitaszcsoport-Szatmarcseken-1024x619.jpg\" sizes=\"(max-width: 1024px) 100vw, 1024px\" srcset=\"https:\/\/www.dnyem.hu\/wp-content\/uploads\/2022\/10\/Uj-Karitaszcsoport-Szatmarcseken-1024x619.jpg 1024w, https:\/\/www.dnyem.hu\/wp-content\/uploads\/2022\/10\/Uj-Karitaszcsoport-Szatmarcseken-300x181.jpg 300w, https:\/\/www.dnyem.hu\/wp-content\/uploads\/2022\/10\/Uj-Karitaszcsoport-Szatmarcseken-768x464.jpg 768w, https:\/\/www.dnyem.hu\/wp-content\/uploads\/2022\/10\/Uj-Karitaszcsoport-Szatmarcseken-1536x928.jpg 1536w, https:\/\/www.dnyem.hu\/wp-content\/uploads\/2022\/10\/Uj-Karitaszcsoport-Szatmarcseken-2048x1238.jpg 2048w, https:\/\/www.dnyem.hu\/wp-content\/uploads\/2022\/10\/Uj-Karitaszcsoport-Szatmarcseken-1800x1088.jpg 1800w\" alt=\"\" width=\"1024\" height=\"619\" \/><\/figure>\n<\/div>\n<p>A tal\u00e1lkoz\u00f3 r\u00e9sztvev\u0151it \u00a0<em>Csord\u00e1s G\u00e1bor\u00a0<\/em>pl\u00e9b\u00e1nos, a Debrecen-Ny\u00edregyh\u00e1zi Egyh\u00e1zmegye karit\u00e1szigazgat\u00f3ja k\u00f6sz\u00f6nt\u00f6tte, aki k\u00fcl\u00f6n \u00fcdv\u00f6z\u00f6lte a k\u00f6zelm\u00faltban megalakult k\u00e9t egyh\u00e1zmegyei karit\u00e1szcsoportot: a szatm\u00e1rcsekei pl\u00e9b\u00e1nia \u00e9s fili\u00e1lis k\u00f6z\u00f6ss\u00e9geinek tagjaib\u00f3l l\u00e9trej\u00f6tt\u00a0<em>Szatm\u00e1r-Beregi<\/em>, valamint a ny\u00edradonyi\u00a0<em>Szent Anna karit\u00e1sz csoportot<\/em>.<\/p>\n<div class=\"wp-block-image\">\n<figure class=\"aligncenter size-large\"><img decoding=\"async\" class=\"wp-image-11529\" src=\"https:\/\/www.dnyem.hu\/wp-content\/uploads\/2022\/10\/1666460416584-1024x768.jpg\" sizes=\"(max-width: 1024px) 100vw, 1024px\" srcset=\"https:\/\/www.dnyem.hu\/wp-content\/uploads\/2022\/10\/1666460416584-1024x768.jpg 1024w, https:\/\/www.dnyem.hu\/wp-content\/uploads\/2022\/10\/1666460416584-300x225.jpg 300w, https:\/\/www.dnyem.hu\/wp-content\/uploads\/2022\/10\/1666460416584-768x576.jpg 768w\" alt=\"\" width=\"1024\" height=\"768\" \/><\/figure>\n<\/div>\n<p>A szakmai nap r\u00e9sztvev\u0151i k\u00f6z\u00f6tt akt\u00edvan jelen voltak azok a k\u00e1rp\u00e1taljai magyarok is, akik a h\u00e1bor\u00fa kezdete \u00f3ta ideiglenesen \u00d3feh\u00e9rt\u00f3n \u00e9lnek csal\u00e1djaikkal. A menek\u00fclt csal\u00e1dok h\u00e1l\u00e1juk jel\u00e9\u00fcl \u2013 csatlakozva a helyi karit\u00e1sz \u00f6nk\u00e9nteseihez \u2013 mindenben akt\u00edvan r\u00e9szt vesznek, mindenben seg\u00edtenek, ruh\u00e1kat v\u00e1logatnak a karit\u00e1sz rakt\u00e1rban, \u00e9lelmiszercsomagokat k\u00e9sz\u00edtettek menek\u00fclt honfit\u00e1rsaiknak \u00e9s most a szakmai napra nagy mennyis\u00e9g\u0171 h\u00e1zi s\u00fctem\u00e9nnyel is k\u00e9sz\u00fcltek.<\/p>\n<div class=\"wp-block-image\">\n<figure class=\"aligncenter size-large\"><img decoding=\"async\" class=\"wp-image-11527\" src=\"https:\/\/www.dnyem.hu\/wp-content\/uploads\/2022\/10\/1666459728450-1024x768.jpg\" sizes=\"(max-width: 1024px) 100vw, 1024px\" srcset=\"https:\/\/www.dnyem.hu\/wp-content\/uploads\/2022\/10\/1666459728450-1024x768.jpg 1024w, https:\/\/www.dnyem.hu\/wp-content\/uploads\/2022\/10\/1666459728450-300x225.jpg 300w, https:\/\/www.dnyem.hu\/wp-content\/uploads\/2022\/10\/1666459728450-768x576.jpg 768w\" alt=\"\" width=\"1024\" height=\"768\" \/><\/figure>\n<\/div>\n<p>Csord\u00e1s G\u00e1bor atya ezen a napon k\u00f6sz\u00f6nte meg\u00a0<em>M\u00e9sz\u00e1ros L\u00e1szl\u00f3<\/em>\u00a0volt karit\u00e1sz munkat\u00e1rs eddigi \u00e1ldozatos tev\u00e9kenys\u00e9g\u00e9t, aki \u2013 az \u00f6nk\u00e9ntes szolg\u00e1latait tov\u00e1bbra is felaj\u00e1nlva \u2013, a csal\u00e1di gazdas\u00e1g\u00e1ban folytatja munk\u00e1j\u00e1t.<\/p>\n<p><em>\u00c1rvai Ferenc<\/em>\u00a0karit\u00e1szigazgat\u00f3 az el\u0151ad\u00e1s\u00e1nak bevezet\u0151j\u00e9ben mindenekel\u0151tt a karit\u00e1sz lelk\u00e9r\u0151l, a l\u00e9nyeg\u00e9r\u0151l besz\u00e9lt, amely nem m\u00e1s, mint az \u00f6nk\u00e9ntesek k\u00f6z\u00f6ss\u00e9ge. Magyarorsz\u00e1gon 800 telep\u00fcl\u00e9sen 10 000 \u00f6nk\u00e9ntes, ezen bel\u00fcl a Debrecen-Ny\u00edregyh\u00e1zi Egyh\u00e1zmegy\u00e9ben 50 akt\u00edv csoportban k\u00f6zel 1 000 \u00f6nk\u00e9ntes szolg\u00e1l. Ferenc atya hangs\u00falyozta: az \u00f6nk\u00e9ntesek szolg\u00e1lata abb\u00f3l indul ki, hogy a J\u00f3isten meg\u00e9rintette a sz\u00edv\u00fcket, meghallott\u00e1k, hogy Istennek terve van vel\u00fck.<\/p>\n<p>A karit\u00e1szigazgat\u00f3 megeml\u00edtette a szlov\u00e1k karit\u00e1sz szervezetet is, amely mellett p\u00e9lda\u00e9rt\u00e9k\u0171 a magyar \u00f6nk\u00e9ntes h\u00e1l\u00f3zat. A hat\u00e1ron t\u00fali karitat\u00edv szervezetnek nincs kialakult \u00f6nk\u00e9ntes rendszere, viszont profi szinten m\u0171k\u00f6dtetnek int\u00e9zm\u00e9nyeket t\u00f6bbek k\u00f6z\u00f6tt a hajl\u00e9ktalan, a szenved\u00e9lybeteg ell\u00e1t\u00e1sban.<\/p>\n<div class=\"wp-block-image\">\n<figure class=\"aligncenter size-large\"><img decoding=\"async\" class=\"wp-image-11531\" src=\"https:\/\/www.dnyem.hu\/wp-content\/uploads\/2022\/10\/IMG_20221022_112824_1-1024x576.jpg\" sizes=\"(max-width: 1024px) 100vw, 1024px\" srcset=\"https:\/\/www.dnyem.hu\/wp-content\/uploads\/2022\/10\/IMG_20221022_112824_1-1024x576.jpg 1024w, https:\/\/www.dnyem.hu\/wp-content\/uploads\/2022\/10\/IMG_20221022_112824_1-300x169.jpg 300w, https:\/\/www.dnyem.hu\/wp-content\/uploads\/2022\/10\/IMG_20221022_112824_1-768x432.jpg 768w, https:\/\/www.dnyem.hu\/wp-content\/uploads\/2022\/10\/IMG_20221022_112824_1-1536x864.jpg 1536w, https:\/\/www.dnyem.hu\/wp-content\/uploads\/2022\/10\/IMG_20221022_112824_1-2048x1152.jpg 2048w, https:\/\/www.dnyem.hu\/wp-content\/uploads\/2022\/10\/IMG_20221022_112824_1-1800x1013.jpg 1800w, https:\/\/www.dnyem.hu\/wp-content\/uploads\/2022\/10\/IMG_20221022_112824_1-1840x1035.jpg 1840w\" alt=\"\" width=\"1024\" height=\"576\" \/><\/figure>\n<\/div>\n<p>\u00c1rvai Ferenc atya ezut\u00e1n a jelekr\u0151l besz\u00e9lt: Egyre nagyobb j\u00f3l\u00e9tben \u00e9l\u00fcnk, de mindig t\u00f6rt\u00e9nik valami, ami f\u00e9lelemmel, aggodalommal t\u00f6lti el az embereket. Fenyeget\u0151 jel a h\u00e1bor\u00fa, az energiav\u00e1ls\u00e1g, a csal\u00e1dok, gyermekeink identit\u00e1s\u00e1t vesz\u00e9lyeztet\u0151 neh\u00e9zs\u00e9gek, amelyekkel valamit kezden\u00fcnk kell. Ezen jelek el\u0151tt nem csukhatjuk be a szem\u00fcnket! \u2013 figyelmeztetett, \u00e9s a Boldogs\u00e1gos Sz\u0171zanya p\u00e9ld\u00e1j\u00e1t \u00e1ll\u00edtotta a jelenl\u00e9v\u0151k el\u00e9, azt, ahogyan \u0151 fogadta a jeleket:<\/p>\n<p>Amikor az angyal h\u00edr\u00fcl adta M\u00e1ri\u00e1nak, hogy gyermeket sz\u00fcl \u00e9s J\u00e9zus lesz a neve (ld. Lk 1, 26-38), f\u00e9lelem t\u00f6lt\u00f6tte el a sz\u00edv\u00e9t: \u201eHogyan v\u00e1lik ez val\u00f3ra, amikor f\u00e9rfit nem ismerek?\u201d F\u00e9lt, hogy mit fog hozz\u00e1 sz\u00f3lni J\u00f3zsef, a jegyese \u00e9s az emberek. De ekkor legy\u0151zi az emberi f\u00e9lelmet \u00e9s azt mondja: \u201e\u00cdme, az \u00dar szolg\u00e1l\u00f3ja vagyok, legyen nekem a te ig\u00e9d szerint.\u201d Ezt kell megtanulnunk M\u00e1ri\u00e1t\u00f3l, aki megmutatta, hogy ne az emberi jelekt\u0151l f\u00e9lj\u00fcnk, hanem keress\u00fck Isten jeleit.<\/p>\n<p>M\u00e1ria is kapott neh\u00e9z jeleket \u2013 ist\u00e1ll\u00f3ban sz\u00fclte meg J\u00e9zust, Isten Fi\u00e1t, majd \u00fcld\u00f6zt\u00e9k, menek\u00fclnie kellett Egyiptomb\u00f3l \u2013, de tudta, hogy Isten megseg\u00edti, ad majd neki jelet.<\/p>\n<p>Ma a vil\u00e1gban a butas\u00e1g, a hatalomv\u00e1gy, a gonoszs\u00e1g sz\u00fclte jelekre keress\u00fck mi, kereszt\u00e9nyek a megold\u00e1st, \u00e9s akkor nem eshet\u00fcnk k\u00e9ts\u00e9gbe. Ha nem figyelj\u00fck \u00e9s nem tal\u00e1ljuk Isten jeleit, ugyanolyan k\u00e9ts\u00e9gbeesettek lesz\u00fcnk, mint a t\u00f6bbi ember.<\/p>\n<p>Isten \u00fagy ad jeleket, hogy megsz\u00f3l\u00edtja az embereket, mint ahogyan megsz\u00f3l\u00edtotta a karit\u00e1sz \u00f6nk\u00e9nteseit. Keress\u00fck \u00e9s halljuk meg teh\u00e1t az Isten sz\u00e1nd\u00e9k\u00e1t! Ebben er\u0151s\u00edtette a jelenl\u00e9v\u0151ket \u00c1rvai Ferenc atya \u00e9s k\u00e9rte a Sz\u0171zanya k\u00f6zbenj\u00e1r\u00e1s\u00e1t, hogy seg\u00edtsen megl\u00e1tnunk Isten jeleit.<\/p>\n<p>A bevezet\u0151 gondolatok ut\u00e1n az el\u0151ad\u00f3 a karit\u00e1sz nyolc s\u00falyponti ter\u00fclet\u00e9r\u0151l besz\u00e9lt \u2013 a teljess\u00e9g ig\u00e9nye n\u00e9lk\u00fcl \u2013, amelyek lefedik a t\u00e1rsadalom seg\u00edts\u00e9gre szorul\u00f3 r\u00e9tegcsoportjait:\u00a0<em>id\u0151sek \u00e9s betegek,<\/em>\u00a0<em>r\u00e1szorul\u00f3 csal\u00e1dok,<\/em>\u00a0<em>fogyat\u00e9kkal \u00e9l\u0151k \u00e9s megv\u00e1ltozott munkak\u00e9pess\u00e9g\u0171ek,<\/em>\u00a0<em>szenved\u00e9lybetegek,<\/em>\u00a0<em>hajl\u00e9ktalanok,<\/em>\u00a0<em>h\u00e1tr\u00e1nyos helyzet\u0171 kisebbs\u00e9ghez tartoz\u00f3k,<\/em>\u00a0<em>\u00fcld\u00f6z\u00f6tt kereszt\u00e9nyek \u00e9s menek\u00fcltek \u00e9s a<\/em>\u00a0<em>humanit\u00e1rius katasztr\u00f3f\u00e1k \u00e1ldozatai<\/em>.<\/p>\n<div class=\"wp-block-image\">\n<figure class=\"aligncenter size-large\"><img decoding=\"async\" class=\"wp-image-11530\" src=\"https:\/\/www.dnyem.hu\/wp-content\/uploads\/2022\/10\/IMG_20221022_120716-1024x576.jpg\" sizes=\"(max-width: 1024px) 100vw, 1024px\" srcset=\"https:\/\/www.dnyem.hu\/wp-content\/uploads\/2022\/10\/IMG_20221022_120716-1024x576.jpg 1024w, https:\/\/www.dnyem.hu\/wp-content\/uploads\/2022\/10\/IMG_20221022_120716-300x169.jpg 300w, https:\/\/www.dnyem.hu\/wp-content\/uploads\/2022\/10\/IMG_20221022_120716-768x432.jpg 768w, https:\/\/www.dnyem.hu\/wp-content\/uploads\/2022\/10\/IMG_20221022_120716-1536x864.jpg 1536w, https:\/\/www.dnyem.hu\/wp-content\/uploads\/2022\/10\/IMG_20221022_120716-2048x1152.jpg 2048w, https:\/\/www.dnyem.hu\/wp-content\/uploads\/2022\/10\/IMG_20221022_120716-1800x1013.jpg 1800w, https:\/\/www.dnyem.hu\/wp-content\/uploads\/2022\/10\/IMG_20221022_120716-1840x1035.jpg 1840w\" alt=\"\" width=\"1024\" height=\"576\" \/><\/figure>\n<\/div>\n<p>Az el\u0151ad\u00e1s interakt\u00edv volt, lehet\u0151s\u00e9get adva a jelenl\u00e9v\u0151knek a k\u00f6zbesz\u00f3l\u00e1sra, v\u00e9lem\u00e9ny\u00fck, esetleg kritikai \u00e9szrev\u00e9tel\u00fck megt\u00e9tel\u00e9re, akik a bemutatott vide\u00f3kon kereszt\u00fcl betekint\u00e9st nyerhettek az Egri F\u0151egyh\u00e1zmegyei Karit\u00e1sz szervezet munk\u00e1j\u00e1ba is.<\/p>\n<p><strong>Fot\u00f3: Debrecen-Ny\u00edregyh\u00e1zi Egyh\u00e1zmegyei Karit\u00e1sz<\/strong><\/p>\n<div class=\"entry-media\">\n<div class=\"contentsav\"><\/div>\n<\/div>\n<div class=\"entry-content\">\n<p><strong>Forr\u00e1s:<\/strong> <a href=\"https:\/\/www.dnyem.hu\/2022\/10\/24\/ne-feljunk-az-emberi-jelektol-hanem-keressuk-isten-jeleit-arvai-ferenc-atya-az-egri-foegyhazmegyei-karitasz-igazgatoja-tartotta-az-idei-szakmai-napot-az-egyhazmegyenk-karitasz-onkentesein\/?fbclid=IwAR1zch76TZ2DKPbG4v5B_Mph6KX23UHLVnAOG1fnWkBUDfUMFEdp8mjNwnU\">https:\/\/www.dnyem.hu\/2022\/10\/24\/ne-feljunk-az-emberi-jelektol-hanem-keressuk-isten-jeleit-arvai-ferenc-atya-az-egri-foegyhazmegyei-karitasz-igazgatoja-tartotta-az-idei-szakmai-napot-az-egyhazmegyenk-karitasz-onkentesein\/?fbclid=IwAR1zch76TZ2DKPbG4v5B_Mph6KX23UHLVnAOG1fnWkBUDfUMFEdp8mjNwnU<\/a><\/p>\n<\/div>\n<\/div><\/div><\/div><\/div><\/div><div class=\"fusion-fullwidth fullwidth-box fusion-builder-row-2 fusion-flex-container fusion-parallax-none nonhundred-percent-fullwidth non-hundred-percent-height-scrolling\" style=\"--awb-border-sizes-top:0px;--awb-border-sizes-bottom:0px;--awb-border-sizes-left:0px;--awb-border-sizes-right:0px;--awb-border-radius-top-left:0px;--awb-border-radius-top-right:0px;--awb-border-radius-bottom-right:0px;--awb-border-radius-bottom-left:0px;--awb-padding-top:150px;--awb-padding-bottom:150px;--awb-background-image:url(&quot;https:\/\/karitaszeger.hu\/web\/wp-content\/uploads\/2021\/03\/segits-scaled.jpg&quot;);--awb-background-size:cover;--awb-flex-wrap:wrap;\" ><div class=\"fusion-builder-row fusion-row fusion-flex-align-items-flex-start fusion-flex-content-wrap\" style=\"max-width:calc( 1170px + 0px );margin-left: calc(-0px \/ 2 );margin-right: calc(-0px \/ 2 );\"><div class=\"fusion-layout-column fusion_builder_column fusion-builder-column-1 fusion_builder_column_1_1 1_1 fusion-flex-column\" style=\"--awb-padding-right:11%;--awb-padding-left:11%;--awb-bg-size:cover;--awb-width-large:100%;--awb-margin-top-large:0px;--awb-spacing-right-large:0px;--awb-margin-bottom-large:20px;--awb-spacing-left-large:0px;--awb-width-medium:100%;--awb-spacing-right-medium:0px;--awb-spacing-left-medium:0px;--awb-width-small:100%;--awb-spacing-right-small:0px;--awb-spacing-left-small:0px;\"><div class=\"fusion-column-wrapper fusion-flex-justify-content-flex-start fusion-content-layout-column\"><div class=\"fusion-title title fusion-title-1 fusion-sep-none fusion-title-center fusion-title-text fusion-title-size-two\" style=\"--awb-text-color:#ffffff;--awb-margin-top-small:0px;--awb-margin-right-small:0px;--awb-margin-bottom-small:20px;--awb-margin-left-small:0px;\"><h2 class=\"fusion-title-heading title-heading-center\" style=\"margin:0;line-height:1;\"><h2 class=\"piros kozepre\"><span style=\"color: #ffffff;\">AZ \u00d6N SEG\u00cdTS\u00c9G\u00c9RE\u00a0IS SZ\u00dcKS\u00c9G VAN!<\/span><\/h2>\n<div class=\"content\"><\/div><\/h2><\/div><div class=\"fusion-separator\" style=\"align-self: center;margin-left: auto;margin-right: auto;margin-top:0px;margin-bottom:40px;width:100%;max-width:200px;\"><div class=\"fusion-separator-border sep-single sep-solid\" style=\"--awb-height:20px;--awb-amount:20px;--awb-sep-color:#f44336;border-color:#f44336;border-top-width:3px;\"><\/div><\/div><div class=\"fusion-text fusion-text-2\"><h2 style=\"text-align: center;\"><span style=\"color: #ffffff;\"><strong>1356 \u2013 H\u00cdVJON, HOGY SEG\u00cdTHESS\u00dcNK!<\/strong><\/span><\/h2>\n<\/div><div class=\"fusion-builder-row fusion-builder-row-inner fusion-row fusion-flex-align-items-flex-start fusion-flex-content-wrap\" style=\"--awb-flex-grow:0;--awb-flex-grow-medium:0;--awb-flex-grow-small:0;--awb-flex-shrink:0;--awb-flex-shrink-medium:0;--awb-flex-shrink-small:0;width:calc( 100% + 0px ) !important;max-width:calc( 100% + 0px ) !important;margin-left: calc(-0px \/ 2 );margin-right: calc(-0px \/ 2 );\"><div class=\"fusion-layout-column fusion_builder_column_inner fusion-builder-nested-column-0 fusion_builder_column_inner_1_3 1_3 fusion-flex-column\" style=\"--awb-bg-size:cover;--awb-width-large:33.333333333333%;--awb-margin-top-large:0px;--awb-spacing-right-large:0px;--awb-margin-bottom-large:20px;--awb-spacing-left-large:0px;--awb-width-medium:100%;--awb-order-medium:0;--awb-spacing-right-medium:0px;--awb-spacing-left-medium:0px;--awb-width-small:100%;--awb-order-small:0;--awb-spacing-right-small:0px;--awb-spacing-left-small:0px;\"><div class=\"fusion-column-wrapper fusion-column-has-shadow fusion-flex-justify-content-flex-start fusion-content-layout-column\"><\/div><\/div><div class=\"fusion-layout-column fusion_builder_column_inner fusion-builder-nested-column-1 fusion_builder_column_inner_1_3 1_3 fusion-flex-column fusion-animated\" style=\"--awb-bg-color:#f44336;--awb-bg-color-hover:#f44336;--awb-bg-size:cover;--awb-width-large:33.333333333333%;--awb-margin-top-large:0px;--awb-spacing-right-large:0px;--awb-margin-bottom-large:20px;--awb-spacing-left-large:0px;--awb-width-medium:100%;--awb-order-medium:0;--awb-spacing-right-medium:0px;--awb-spacing-left-medium:0px;--awb-width-small:100%;--awb-order-small:0;--awb-spacing-right-small:0px;--awb-spacing-left-small:0px;\" data-animationType=\"bounceInDown\" data-animationDuration=\"1.3\" data-animationOffset=\"top-into-view\"><div class=\"fusion-column-wrapper fusion-column-has-shadow fusion-flex-justify-content-flex-start fusion-content-layout-column\"><div style=\"text-align:center;\"><a class=\"fusion-button button-flat fusion-button-default-size button-custom fusion-button-default button-1 fusion-button-default-span fusion-button-default-type fusion-has-button-gradient\" style=\"--button_accent_color:#ffffff;--button_accent_hover_color:#f44336;--button_border_hover_color:#f44336;--button_border_width-top:0px;--button_border_width-right:0px;--button_border_width-bottom:0px;--button_border_width-left:0px;--button_gradient_top_color:rgba(254,201,107,0);--button_gradient_bottom_color:rgba(254,201,107,0);--button_gradient_top_color_hover:#ffffff;--button_gradient_bottom_color_hover:rgba(0,0,0,0);\" target=\"_self\" href=\"#\"><i class=\"fa-credit-card fas awb-button__icon awb-button__icon--default button-icon-left\" aria-hidden=\"true\"><\/i><span class=\"fusion-button-text awb-button__text awb-button__text--default\">ONLINE ADOM\u00c1NYOZ\u00c1S<\/span><\/a><\/div><\/div><\/div><div class=\"fusion-layout-column fusion_builder_column_inner fusion-builder-nested-column-2 fusion_builder_column_inner_1_3 1_3 fusion-flex-column\" style=\"--awb-bg-size:cover;--awb-width-large:33.333333333333%;--awb-margin-top-large:0px;--awb-spacing-right-large:0px;--awb-margin-bottom-large:20px;--awb-spacing-left-large:0px;--awb-width-medium:100%;--awb-order-medium:0;--awb-spacing-right-medium:0px;--awb-spacing-left-medium:0px;--awb-width-small:100%;--awb-order-small:0;--awb-spacing-right-small:0px;--awb-spacing-left-small:0px;\"><div class=\"fusion-column-wrapper fusion-column-has-shadow fusion-flex-justify-content-flex-start fusion-content-layout-column\"><\/div><\/div><\/div><\/div><\/div><\/div><\/div><\/p>\n","protected":false},"excerpt":{"rendered":"","protected":false},"author":3,"featured_media":4725,"comment_status":"open","ping_status":"open","sticky":false,"template":"","format":"standard","meta":{"footnotes":""},"categories":[107],"tags":[],"class_list":["post-4724","post","type-post","status-publish","format-standard","has-post-thumbnail","hentry","category-hirek"],"_links":{"self":[{"href":"https:\/\/karitaszeger.hu\/web\/wp-json\/wp\/v2\/posts\/4724","targetHints":{"allow":["GET"]}}],"collection":[{"href":"https:\/\/karitaszeger.hu\/web\/wp-json\/wp\/v2\/posts"}],"about":[{"href":"https:\/\/karitaszeger.hu\/web\/wp-json\/wp\/v2\/types\/post"}],"author":[{"embeddable":true,"href":"https:\/\/karitaszeger.hu\/web\/wp-json\/wp\/v2\/users\/3"}],"replies":[{"embeddable":true,"href":"https:\/\/karitaszeger.hu\/web\/wp-json\/wp\/v2\/comments?post=4724"}],"version-history":[{"count":1,"href":"https:\/\/karitaszeger.hu\/web\/wp-json\/wp\/v2\/posts\/4724\/revisions"}],"predecessor-version":[{"id":4726,"href":"https:\/\/karitaszeger.hu\/web\/wp-json\/wp\/v2\/posts\/4724\/revisions\/4726"}],"wp:featuredmedia":[{"embeddable":true,"href":"https:\/\/karitaszeger.hu\/web\/wp-json\/wp\/v2\/media\/4725"}],"wp:attachment":[{"href":"https:\/\/karitaszeger.hu\/web\/wp-json\/wp\/v2\/media?parent=4724"}],"wp:term":[{"taxonomy":"category","embeddable":true,"href":"https:\/\/karitaszeger.hu\/web\/wp-json\/wp\/v2\/categories?post=4724"},{"taxonomy":"post_tag","embeddable":true,"href":"https:\/\/karitaszeger.hu\/web\/wp-json\/wp\/v2\/tags?post=4724"}],"curies":[{"name":"wp","href":"https:\/\/api.w.org\/{rel}","templated":true}]}}