{"id":4730,"date":"2022-11-03T17:22:23","date_gmt":"2022-11-03T17:22:23","guid":{"rendered":"https:\/\/karitaszeger.hu\/web\/?p=4730"},"modified":"2023-01-15T17:29:39","modified_gmt":"2023-01-15T17:29:39","slug":"a-magyarok-kenyere-programban-huszezer-kilo-gabona-gyult-ossze-megyenkben","status":"publish","type":"post","link":"https:\/\/karitaszeger.hu\/web\/2022\/11\/03\/a-magyarok-kenyere-programban-huszezer-kilo-gabona-gyult-ossze-megyenkben\/","title":{"rendered":"A Magyarok kenyere programban h\u00faszezer kil\u00f3 gabona gy\u0171lt \u00f6ssze megy\u00e9nkben"},"content":{"rendered":"<p><div class=\"fusion-fullwidth fullwidth-box fusion-builder-row-1 fusion-flex-container nonhundred-percent-fullwidth non-hundred-percent-height-scrolling\" style=\"--awb-border-radius-top-left:0px;--awb-border-radius-top-right:0px;--awb-border-radius-bottom-right:0px;--awb-border-radius-bottom-left:0px;--awb-padding-bottom:30px;--awb-flex-wrap:wrap;\" ><div class=\"fusion-builder-row fusion-row fusion-flex-align-items-flex-start fusion-flex-content-wrap\" style=\"max-width:1216.8px;margin-left: calc(-4% \/ 2 );margin-right: calc(-4% \/ 2 );\"><div class=\"fusion-layout-column fusion_builder_column fusion-builder-column-0 fusion_builder_column_1_1 1_1 fusion-flex-column\" style=\"--awb-bg-size:cover;--awb-width-large:100%;--awb-margin-top-large:0px;--awb-spacing-right-large:1.92%;--awb-margin-bottom-large:0px;--awb-spacing-left-large:1.92%;--awb-width-medium:100%;--awb-spacing-right-medium:1.92%;--awb-spacing-left-medium:1.92%;--awb-width-small:100%;--awb-spacing-right-small:1.92%;--awb-spacing-left-small:1.92%;\"><div class=\"fusion-column-wrapper fusion-flex-justify-content-flex-start fusion-content-layout-column\"><div class=\"fusion-separator fusion-full-width-sep\" style=\"align-self: center;margin-left: auto;margin-right: auto;margin-bottom:10px;width:100%;\"><div class=\"fusion-separator-border sep-single\" style=\"--awb-height:20px;--awb-amount:20px;border-color:#e00000;border-top-width:1px;\"><\/div><\/div><div class=\"fusion-text fusion-text-1\" style=\"--awb-text-transform:none;\"><div id=\"title\" class=\"style-scope ytd-watch-metadata\">\n<h2 style=\"text-align: center;\">A Magyarok kenyere programban h\u00faszezer kil\u00f3 gabona gy\u0171lt \u00f6ssze megy\u00e9nkben<\/h2>\n<\/div>\n<div class=\"entry-media\">\n<h4 class=\"contentsav\" style=\"text-align: center;\">A Minorita templomban tartott \u2013 \u00c1rvai Ferenc atya \u00e1ltal vezetett \u2013 szentmis\u00e9vel vette kezdet\u00e9t cs\u00fct\u00f6rt\u00f6k\u00f6n d\u00e9lut\u00e1n a Nemzeti Agr\u00e1rgazdas\u00e1gi Kamara (NAK) Heves Megyei Szervezet\u00e9nek a Magyarok Kenyere \u2013 15 milli\u00f3 b\u00fazaszem elnevez\u00e9s\u0171 rendezv\u00e9nye Egerben.<\/h4>\n<\/div>\n<div class=\"block-big-image\">\n<div class=\"thumbnail-info\">\n<p class=\"source\">Forr\u00e1s: Ber\u00e1n D\u00e1niel\/Heves Megyei H\u00edrlap<\/p>\n<\/div>\n<\/div>\n<div class=\"block-content\">\n<p>A programot id\u00e9n m\u00e1r tizenkettedik alkalommal hirdette meg a Magyarok Kenyere Alap\u00edtv\u00e1ny, a NAK \u00e9s a Magyar Gazdak\u00f6r\u00f6k \u00e9s Gazdasz\u00f6vetkezetek Sz\u00f6vets\u00e9ge (MAGOSZ).<\/p>\n<p>A Magyarok Kenyere imm\u00e1r igazi k\u00e1rp\u00e1t-medencei sikert\u00f6rt\u00e9netnek sz\u00e1m\u00edt, amely egyszerre fejezi ki a nemzet megmarad\u00e1sa \u00e9rdek\u00e9ben tett er\u0151fesz\u00edt\u00e9seinket \u00e9s az egym\u00e1s ir\u00e1nt \u00e9rzett szolidarit\u00e1st \u2013 egyebek k\u00f6z\u00f6tt err\u0151l is besz\u00e9lt dr. Jakab Istv\u00e1n, az orsz\u00e1ggy\u0171l\u00e9s aleln\u00f6ke, a MAGOSZ eln\u00f6ke a V\u00e1rmegyeh\u00e1z\u00e1n, a mis\u00e9t k\u00f6vet\u0151 rendezv\u00e9nyen, ahol egy\u00fcttm\u0171k\u00f6d\u00e9si meg\u00e1llapod\u00e1st is al\u00e1\u00edrt a Heves Megyei Korm\u00e1nyhivatal vezet\u0151je \u00e9s az agr\u00e1rkamara megyei eln\u00f6ke.<\/p>\n<figure class=\"image\"><img decoding=\"async\" src=\"https:\/\/cdn.heol.hu\/2022\/11\/-pb0sZDcAwiQiMuSd4noX-xqnyLayU0sSH9GUVBtzXc\/fit\/1200\/800\/no\/1\/aHR0cHM6Ly9jbXNjZG4uYXBwLmNvbnRlbnQucHJpdmF0ZS9jb250ZW50LzVkYjJmNWIwNWFmZTQ2ZGFiYzk5Yjc2OTZlNTIxNDkz.jpg\" alt=\"\" \/><figcaption>Ign\u00e1cz Bal\u00e1zs, a Heves Megyei Korm\u00e1nyhivatal f\u0151isp\u00e1nja \u00e9s Szendrei L\u00e1szl\u00f3, a Heves Megyei Gazdak\u00f6r\u00f6k Sz\u00f6vets\u00e9g\u00e9nek eln\u00f6ke<br \/>\nForr\u00e1s: Husz\u00e1r M\u00e1rk\/Heves Megyei H\u00edrlap<\/figcaption><\/figure>\n<p>Ign\u00e1cz Bal\u00e1zs, Heves megye f\u0151isp\u00e1nja az \u00fcnnep\u00e9lyes al\u00e1\u00edr\u00e1si aktus kapcs\u00e1n azt mondta: a korm\u00e1nyhivataluk a Heves megyei agr\u00e1rkamar\u00e1val m\u00e1r t\u00f6bb \u00e9vtizedes munkakapcsolatban van. Ezzel a meg\u00e1llapod\u00e1ssal azt er\u0151s\u00edtik meg, hogy m\u00e9g hat\u00e9konyabban \u00e9s m\u00e9g gyorsabban tudjon egym\u00e1ssal a k\u00e9t szervezet kommunik\u00e1lni \u00e9s dolgozni.<\/p>\n<p>\u2013 Els\u0151dleges c\u00e9lja a Heves Megyei Korm\u00e1nyhivatalnak, hogy az agr\u00e1rkamarai tagok, a Heves megyei gazd\u00e1k minden inform\u00e1ci\u00f3t a lehet\u0151 leggyorsabban megkapjanak. Mi pedig, a hat\u00f3s\u00e1gi oldal, \u00fcgyf\u00e9lbar\u00e1t m\u00f3don, a szab\u00e1lyok betart\u00e1s\u00e1val, az agr\u00e1rkamar\u00e1val egy\u00fcttm\u0171k\u00f6dve szeretn\u00e9nk ezt a munk\u00e1t folytatni \u2013 mondta a f\u0151isp\u00e1n.<\/p>\n<p>Szendrei L\u00e1szl\u00f3, a NAK Heves Megyei Szervezet\u00e9nek \u00e9s a Heves Megyei Gazdak\u00f6r\u00f6k Sz\u00f6vets\u00e9g\u00e9nek eln\u00f6ke besz\u00e9d\u00e9ben azt hangs\u00falyozta, hogy ezer sz\u00e1lon k\u00f6t\u0151dnek egym\u00e1shoz a megyei korm\u00e1nyhivatal \u00e9s a gazdat\u00e1rsadalom. \u00cdgy p\u00e9ldak\u00e9nt eml\u00edtette egyebek k\u00f6z\u00f6tt a gazd\u00e1knak j\u00e1r\u00f3 kifizet\u00e9seket, a g\u00e9pj\u00e1rm\u0171\u00fcgyint\u00e9z\u00e9st, az oktat\u00e1st. Utalt arra, hogy m\u00e1r kor\u00e1bban felvet\u0151d\u00f6tt annak ig\u00e9nye, hogy sz\u00fcless\u00e9k egy \u00edr\u00e1sbeli meg\u00e1llapod\u00e1s is ennek az egy\u00fcttm\u0171k\u00f6d\u00e9snek a jogi r\u00f6gz\u00edt\u00e9s\u00e9re, ami j\u00f3 eszk\u00f6ze lehet az \u00fcgyint\u00e9z\u00e9s felgyors\u00edt\u00e1s\u00e1nak. Szavai szerint ez most val\u00f3ra v\u00e1lt.<\/p>\n<p>A v\u00e1rmegyeh\u00e1zi \u00fcnneps\u00e9g m\u00e1sodik aktusa a Magyarok kenyere program volt. Err\u0151l sz\u00f3lva Szendrei L\u00e1szl\u00f3 kijelentette, hogy ebben a Heves megyeiek kezdetekt\u0151l r\u00e9szt vettek. A gazd\u00e1lkod\u00f3k \u00f6nzetlen adakoz\u00e1sa szempontj\u00e1b\u00f3l az idei esztend\u0151 igen nagy pr\u00f3bat\u00e9tel volt a rendk\u00edv\u00fcli asz\u00e1ly miatt. Ennek ellen\u00e9re \u00f6sszegy\u0171lt 19 ezer 800 kilogramm b\u00faza, amib\u0151l az egri malomban 13 ezer 700 kil\u00f3 lisztet \u0151r\u00f6ltek.<\/p>\n<figure class=\"image\"><img decoding=\"async\" src=\"https:\/\/cdn.heol.hu\/2022\/11\/IjuT9PMW2eice3dm5K3sDwXIOl1hyjWzE6_ubs-sgGE\/fit\/1200\/800\/no\/1\/aHR0cHM6Ly9jbXNjZG4uYXBwLmNvbnRlbnQucHJpdmF0ZS9jb250ZW50LzczYzU4YTJkMTBmMTQ4MTk5ZWZiM2M3ZDVkM2NjMzAx.jpg\" alt=\"\" \/><figcaption>A magyarok kenyere program d\u00edsz\u00fcnneps\u00e9g\u00e9t a megyeh\u00e1z\u00e1n tartott\u00e1k Egerben<br \/>\nForr\u00e1s: Husz\u00e1r M\u00e1rk\/Heves Megyei H\u00edrlap<\/figcaption><\/figure>\n<p>Az \u00f6sszegy\u0171lt adom\u00e1nyt \u00e1tadj\u00e1k a Katolikus Karit\u00e1sz, valamint a Heves Megyei Gyermekv\u00e9delmi K\u00f6zpontnak. A kamara megyei eln\u00f6ke sz\u00f3lt arr\u00f3l is, hogy az orsz\u00e1g hat\u00e1rain t\u00falra k\u00fcldend\u0151 adom\u00e1nyt, tekintettel az asz\u00e1ly miatti neh\u00e9zs\u00e9gekre, id\u00e9n a Somogy megyeiek, akiket kev\u00e9sb\u00e9 s\u00fajtott a sz\u00e1razs\u00e1g, \u00e1tv\u00e1llalt\u00e1k t\u0151l\u00fcnk. Kiemelte, hogy a gabona mellett 760 ezer forint p\u00e9nzadom\u00e1ny is az adom\u00e1ny r\u00e9sze.<\/p>\n<p>Dr. Pajt\u00f3k G\u00e1bor orsz\u00e1ggy\u0171l\u00e9si k\u00e9pvisel\u0151 k\u00f6sz\u00f6nt\u0151j\u00e9ben azt hangs\u00falyozta, hogy ez a K\u00e1rp\u00e1t-medencei magyars\u00e1got is \u00e1tfog\u00f3 program, azon t\u00fal, hogy er\u0151s\u00edti a nemzeti \u00f6sszetartoz\u00e1sunk \u00e9rz\u00e9s\u00e9t, bibliai hasonlattal sz\u00e1rba sz\u00f6kkent. \u00c9vr\u0151l-\u00e9vre \u00f6sszeadj\u00e1k a gazd\u00e1k, s csatlakoznak hozz\u00e1juk m\u00e9g, akik ezt a programot fontosnak \u00e9rzik, a vet\u0151magot, s amikor azt meg\u0151rlik, sz\u00e9tosztj\u00e1k.<\/p>\n<p>\u2013 Ez a program t\u00f6bb kereszt\u00e9ny \u00e9rt\u00e9ket k\u00f6zvet\u00edt, az elesettekre val\u00f3 odafigyel\u00e9st, a m\u00e1sokkal val\u00f3 szolidarit\u00e1st, a r\u00e1szorultaknak val\u00f3 seg\u00edts\u00e9gny\u00fajt\u00e1st. Ez\u00e9rt is vagyunk h\u00e1l\u00e1sak, hogy itt Heves megy\u00e9ben \u00fajra \u00f6sszefogtak a gazd\u00e1k, az \u00f6nkorm\u00e1nyzatok, a gazdak\u00f6r\u00f6k, \u00e9lelmiszeripari c\u00e9gek, mindenki, aki ezt a programot a mag\u00e1\u00e9nak \u00e9rzi \u2013 fogalmazott a honatya.<\/p>\n<figure class=\"image\"><img decoding=\"async\" src=\"https:\/\/cdn.heol.hu\/2022\/11\/nro_L-yILJ9U69qsT2hoRU-raK5tGUmImTCKAoaJKRE\/fit\/1200\/675\/no\/1\/aHR0cHM6Ly9jbXNjZG4uYXBwLmNvbnRlbnQucHJpdmF0ZS9jb250ZW50LzRmNDcwN2Y0ZmE2ZjQ1ZjJiZTM2Y2RlYTViNjk0M2U2.jpg\" alt=\"\" \/><figcaption>El\u0151h\u00e1zi Ir\u00e9n, az Egri Malom Zrt. vez\u00e9rigazgat\u00f3ja, \u00c1rvai Ferenc pl\u00e9b\u00e1nos, a F\u0151egyh\u00e1zmegyei Karit\u00e1sz K\u00f6zpont igazgat\u00f3ja \u00e9s Nyes\u0151n\u00e9 Maksa Erika, a Heves Megyei Gyermekv\u00e9delmi K\u00f6zpont int\u00e9zm\u00e9nyvezet\u0151je<br \/>\nForr\u00e1s: Husz\u00e1r M\u00e1rk\/Heves Megyei H\u00edrlap<\/figcaption><\/figure>\n<p>K\u00f6sz\u00f6nt\u00f6tte a rendezv\u00e9ny r\u00e9sztvev\u0151it dr. Juh\u00e1sz Attila Simon, a Heves Megyei K\u00f6zgy\u0171l\u00e9s eln\u00f6ke, aki megtiszteltet\u00e9snek nevezte, hogy fogadhatja azt a V\u00e1rmegyeh\u00e1z\u00e1n. S nem csak a program miatt megtiszteltet\u00e9s, hanem azok miatt az emberek miatt, akik, \u00e9l\u00fck\u00f6n Jakab Istv\u00e1nnal, m\u0171k\u00f6dtetik a Magyarok kenyere programot. A k\u00f6zgy\u0171l\u00e9s eln\u00f6ke k\u00fcl\u00f6n is hangs\u00falyozta a gazd\u00e1k szerep\u00e9t, akik h\u00e1bor\u00fas id\u0151szakban, rendk\u00edv\u00fcli asz\u00e1ly idej\u00e9n is \u00e1t\u00e9rzik: sok nemzettestv\u00e9r van, aki jobban r\u00e1szorul a seg\u00edts\u00e9gre. Ez\u00e9rt is adakozik a sz\u0171k esztend\u0151kben a sz\u0171k\u00f6ss\u00e9get szenved\u0151knek. Ez nagy dolog \u2013 tette hozz\u00e1.<\/p>\n<\/div>\n<div class=\"entry-content\">\n<p><strong>Forr\u00e1s:<\/strong><a href=\"https:\/\/www.heol.hu\/helyi-kozelet\/2022\/11\/megoroltek-a-magyarok-kenyere-programban-osszegyult-huszszer-kilogramm-gabonat?fbclid=IwAR0Hcgq25kyYRY0eV3othH7CmhN7vVEGirlbc4uLFEsNIe3BzG5PQK5P\">https:\/\/www.heol.hu\/helyi-kozelet\/2022\/11\/megoroltek-a-magyarok-kenyere-programban-osszegyult-huszszer-kilogramm-gabonat?fbclid=IwAR0Hcgq25kyYRY0eV3othH7CmhN7vVEGirlbc4uLFEsNIe3BzG5PQK5P<\/a><\/p>\n<\/div>\n<\/div><\/div><\/div><\/div><\/div><div class=\"fusion-fullwidth fullwidth-box fusion-builder-row-2 fusion-flex-container fusion-parallax-none nonhundred-percent-fullwidth non-hundred-percent-height-scrolling\" style=\"--awb-border-sizes-top:0px;--awb-border-sizes-bottom:0px;--awb-border-sizes-left:0px;--awb-border-sizes-right:0px;--awb-border-radius-top-left:0px;--awb-border-radius-top-right:0px;--awb-border-radius-bottom-right:0px;--awb-border-radius-bottom-left:0px;--awb-padding-top:150px;--awb-padding-bottom:150px;--awb-background-image:url(&quot;https:\/\/karitaszeger.hu\/web\/wp-content\/uploads\/2021\/03\/segits-scaled.jpg&quot;);--awb-background-size:cover;--awb-flex-wrap:wrap;\" ><div class=\"fusion-builder-row fusion-row fusion-flex-align-items-flex-start fusion-flex-content-wrap\" style=\"max-width:calc( 1170px + 0px );margin-left: calc(-0px \/ 2 );margin-right: calc(-0px \/ 2 );\"><div class=\"fusion-layout-column fusion_builder_column fusion-builder-column-1 fusion_builder_column_1_1 1_1 fusion-flex-column\" style=\"--awb-padding-right:11%;--awb-padding-left:11%;--awb-bg-size:cover;--awb-width-large:100%;--awb-margin-top-large:0px;--awb-spacing-right-large:0px;--awb-margin-bottom-large:20px;--awb-spacing-left-large:0px;--awb-width-medium:100%;--awb-spacing-right-medium:0px;--awb-spacing-left-medium:0px;--awb-width-small:100%;--awb-spacing-right-small:0px;--awb-spacing-left-small:0px;\"><div class=\"fusion-column-wrapper fusion-flex-justify-content-flex-start fusion-content-layout-column\"><div class=\"fusion-title title fusion-title-1 fusion-sep-none fusion-title-center fusion-title-text fusion-title-size-two\" style=\"--awb-text-color:#ffffff;--awb-margin-top-small:0px;--awb-margin-right-small:0px;--awb-margin-bottom-small:20px;--awb-margin-left-small:0px;\"><h2 class=\"fusion-title-heading title-heading-center\" style=\"margin:0;line-height:1;\"><h2 class=\"piros kozepre\"><span style=\"color: #ffffff;\">AZ \u00d6N SEG\u00cdTS\u00c9G\u00c9RE\u00a0IS SZ\u00dcKS\u00c9G VAN!<\/span><\/h2>\n<div class=\"content\"><\/div><\/h2><\/div><div class=\"fusion-separator\" style=\"align-self: center;margin-left: auto;margin-right: auto;margin-top:0px;margin-bottom:40px;width:100%;max-width:200px;\"><div class=\"fusion-separator-border sep-single sep-solid\" style=\"--awb-height:20px;--awb-amount:20px;--awb-sep-color:#f44336;border-color:#f44336;border-top-width:3px;\"><\/div><\/div><div class=\"fusion-text fusion-text-2\"><h2 style=\"text-align: center;\"><span style=\"color: #ffffff;\"><strong>1356 \u2013 H\u00cdVJON, HOGY SEG\u00cdTHESS\u00dcNK!<\/strong><\/span><\/h2>\n<\/div><div class=\"fusion-builder-row fusion-builder-row-inner fusion-row fusion-flex-align-items-flex-start fusion-flex-content-wrap\" style=\"--awb-flex-grow:0;--awb-flex-grow-medium:0;--awb-flex-grow-small:0;--awb-flex-shrink:0;--awb-flex-shrink-medium:0;--awb-flex-shrink-small:0;width:calc( 100% + 0px ) !important;max-width:calc( 100% + 0px ) !important;margin-left: calc(-0px \/ 2 );margin-right: calc(-0px \/ 2 );\"><div class=\"fusion-layout-column fusion_builder_column_inner fusion-builder-nested-column-0 fusion_builder_column_inner_1_3 1_3 fusion-flex-column\" style=\"--awb-bg-size:cover;--awb-width-large:33.333333333333%;--awb-margin-top-large:0px;--awb-spacing-right-large:0px;--awb-margin-bottom-large:20px;--awb-spacing-left-large:0px;--awb-width-medium:100%;--awb-order-medium:0;--awb-spacing-right-medium:0px;--awb-spacing-left-medium:0px;--awb-width-small:100%;--awb-order-small:0;--awb-spacing-right-small:0px;--awb-spacing-left-small:0px;\"><div class=\"fusion-column-wrapper fusion-column-has-shadow fusion-flex-justify-content-flex-start fusion-content-layout-column\"><\/div><\/div><div class=\"fusion-layout-column fusion_builder_column_inner fusion-builder-nested-column-1 fusion_builder_column_inner_1_3 1_3 fusion-flex-column fusion-animated\" style=\"--awb-bg-color:#f44336;--awb-bg-color-hover:#f44336;--awb-bg-size:cover;--awb-width-large:33.333333333333%;--awb-margin-top-large:0px;--awb-spacing-right-large:0px;--awb-margin-bottom-large:20px;--awb-spacing-left-large:0px;--awb-width-medium:100%;--awb-order-medium:0;--awb-spacing-right-medium:0px;--awb-spacing-left-medium:0px;--awb-width-small:100%;--awb-order-small:0;--awb-spacing-right-small:0px;--awb-spacing-left-small:0px;\" data-animationType=\"bounceInDown\" data-animationDuration=\"1.3\" data-animationOffset=\"top-into-view\"><div class=\"fusion-column-wrapper fusion-column-has-shadow fusion-flex-justify-content-flex-start fusion-content-layout-column\"><div style=\"text-align:center;\"><a class=\"fusion-button button-flat fusion-button-default-size button-custom fusion-button-default button-1 fusion-button-default-span fusion-button-default-type fusion-has-button-gradient\" style=\"--button_accent_color:#ffffff;--button_accent_hover_color:#f44336;--button_border_hover_color:#f44336;--button_border_width-top:0px;--button_border_width-right:0px;--button_border_width-bottom:0px;--button_border_width-left:0px;--button_gradient_top_color:rgba(254,201,107,0);--button_gradient_bottom_color:rgba(254,201,107,0);--button_gradient_top_color_hover:#ffffff;--button_gradient_bottom_color_hover:rgba(0,0,0,0);\" target=\"_self\" href=\"#\"><i class=\"fa-credit-card fas awb-button__icon awb-button__icon--default button-icon-left\" aria-hidden=\"true\"><\/i><span class=\"fusion-button-text awb-button__text awb-button__text--default\">ONLINE ADOM\u00c1NYOZ\u00c1S<\/span><\/a><\/div><\/div><\/div><div class=\"fusion-layout-column fusion_builder_column_inner fusion-builder-nested-column-2 fusion_builder_column_inner_1_3 1_3 fusion-flex-column\" style=\"--awb-bg-size:cover;--awb-width-large:33.333333333333%;--awb-margin-top-large:0px;--awb-spacing-right-large:0px;--awb-margin-bottom-large:20px;--awb-spacing-left-large:0px;--awb-width-medium:100%;--awb-order-medium:0;--awb-spacing-right-medium:0px;--awb-spacing-left-medium:0px;--awb-width-small:100%;--awb-order-small:0;--awb-spacing-right-small:0px;--awb-spacing-left-small:0px;\"><div class=\"fusion-column-wrapper fusion-column-has-shadow fusion-flex-justify-content-flex-start fusion-content-layout-column\"><\/div><\/div><\/div><\/div><\/div><\/div><\/div><\/p>\n","protected":false},"excerpt":{"rendered":"","protected":false},"author":3,"featured_media":4736,"comment_status":"open","ping_status":"open","sticky":false,"template":"","format":"standard","meta":{"footnotes":""},"categories":[107],"tags":[],"class_list":["post-4730","post","type-post","status-publish","format-standard","has-post-thumbnail","hentry","category-hirek"],"_links":{"self":[{"href":"https:\/\/karitaszeger.hu\/web\/wp-json\/wp\/v2\/posts\/4730","targetHints":{"allow":["GET"]}}],"collection":[{"href":"https:\/\/karitaszeger.hu\/web\/wp-json\/wp\/v2\/posts"}],"about":[{"href":"https:\/\/karitaszeger.hu\/web\/wp-json\/wp\/v2\/types\/post"}],"author":[{"embeddable":true,"href":"https:\/\/karitaszeger.hu\/web\/wp-json\/wp\/v2\/users\/3"}],"replies":[{"embeddable":true,"href":"https:\/\/karitaszeger.hu\/web\/wp-json\/wp\/v2\/comments?post=4730"}],"version-history":[{"count":2,"href":"https:\/\/karitaszeger.hu\/web\/wp-json\/wp\/v2\/posts\/4730\/revisions"}],"predecessor-version":[{"id":4733,"href":"https:\/\/karitaszeger.hu\/web\/wp-json\/wp\/v2\/posts\/4730\/revisions\/4733"}],"wp:featuredmedia":[{"embeddable":true,"href":"https:\/\/karitaszeger.hu\/web\/wp-json\/wp\/v2\/media\/4736"}],"wp:attachment":[{"href":"https:\/\/karitaszeger.hu\/web\/wp-json\/wp\/v2\/media?parent=4730"}],"wp:term":[{"taxonomy":"category","embeddable":true,"href":"https:\/\/karitaszeger.hu\/web\/wp-json\/wp\/v2\/categories?post=4730"},{"taxonomy":"post_tag","embeddable":true,"href":"https:\/\/karitaszeger.hu\/web\/wp-json\/wp\/v2\/tags?post=4730"}],"curies":[{"name":"wp","href":"https:\/\/api.w.org\/{rel}","templated":true}]}}