{"id":4829,"date":"2023-04-28T18:38:33","date_gmt":"2023-04-28T16:38:33","guid":{"rendered":"https:\/\/karitaszeger.hu\/web\/?p=4829"},"modified":"2023-04-28T18:42:04","modified_gmt":"2023-04-28T16:42:04","slug":"a-batoritas-visz-elore","status":"publish","type":"post","link":"https:\/\/karitaszeger.hu\/web\/2023\/04\/28\/a-batoritas-visz-elore\/","title":{"rendered":"A b\u00e1tor\u00edt\u00e1s visz el\u0151re"},"content":{"rendered":"<p><div class=\"fusion-fullwidth fullwidth-box fusion-builder-row-1 fusion-flex-container nonhundred-percent-fullwidth non-hundred-percent-height-scrolling\" style=\"--awb-border-radius-top-left:0px;--awb-border-radius-top-right:0px;--awb-border-radius-bottom-right:0px;--awb-border-radius-bottom-left:0px;--awb-padding-bottom:30px;--awb-flex-wrap:wrap;\" ><div class=\"fusion-builder-row fusion-row fusion-flex-align-items-flex-start fusion-flex-content-wrap\" style=\"max-width:1216.8px;margin-left: calc(-4% \/ 2 );margin-right: calc(-4% \/ 2 );\"><div class=\"fusion-layout-column fusion_builder_column fusion-builder-column-0 fusion_builder_column_1_1 1_1 fusion-flex-column\" style=\"--awb-bg-size:cover;--awb-width-large:100%;--awb-margin-top-large:0px;--awb-spacing-right-large:1.92%;--awb-margin-bottom-large:0px;--awb-spacing-left-large:1.92%;--awb-width-medium:100%;--awb-spacing-right-medium:1.92%;--awb-spacing-left-medium:1.92%;--awb-width-small:100%;--awb-spacing-right-small:1.92%;--awb-spacing-left-small:1.92%;\"><div class=\"fusion-column-wrapper fusion-flex-justify-content-flex-start fusion-content-layout-column\"><div class=\"fusion-separator fusion-full-width-sep\" style=\"align-self: center;margin-left: auto;margin-right: auto;margin-bottom:10px;width:100%;\"><div class=\"fusion-separator-border sep-single\" style=\"--awb-height:20px;--awb-amount:20px;border-color:#e00000;border-top-width:1px;\"><\/div><\/div><div class=\"fusion-text fusion-text-1\" style=\"--awb-text-transform:none;\"><h2 class=\"cim\" style=\"text-align: center;\">A b\u00e1tor\u00edt\u00e1s visz el\u0151re \u2013 T\u00f6bb sz\u00e1z neh\u00e9z sors\u00fa emberrel tal\u00e1lkozik Budapesten Ferenc p\u00e1pa<\/h2>\n<div class=\"kozepre\"><a class=\"fokep\" rel=\"lightbox&#091;'g130075'&#093;\"><img decoding=\"async\" class=\"aligncenter\" src=\"https:\/\/www.magyarkurir.hu\/img1.php?id=130075&amp;v=1&amp;img=c_AE6A5031.jpg\" \/><br \/>\n<\/a><\/div>\n<h3 class=\"lead\" style=\"text-align: center;\">\u201eAz embereknek sz\u00fcks\u00e9ge van b\u00e1tor\u00edt\u00e1sra, az visz el\u0151re, az emel fel. Azt gondolom, ez a tal\u00e1lkoz\u00e1s, melyben a Szentaty\u00e1val im\u00e1dkozunk egy\u00fctt \u2013 r\u00e1szorul\u00f3k \u00e9s \u0151ket seg\u00edt\u0151 munkat\u00e1rsak, \u00f6nk\u00e9ntesek \u2013, ebben seg\u00edt.\u201d Sp\u00e1nyi Antal sz\u00e9kesfeh\u00e9rv\u00e1ri megy\u00e9sp\u00fcsp\u00f6k, a Katolikus Karit\u00e1sz p\u00fcsp\u00f6k eln\u00f6ke mutatta be a budapesti \u00c1rp\u00e1d-h\u00e1zi Szent Erzs\u00e9bet-templomban tartand\u00f3 programot.<\/h3>\n<div class=\"contentsav\">\n<p><strong>\u2013 Kik lesznek a tal\u00e1lkoz\u00f3 r\u00e9sztvev\u0151i?<\/strong><\/p>\n<p>\u2013 Ferenc p\u00e1pa azt k\u00e9rte t\u0151l\u00fcnk, hogy a neh\u00e9z sors\u00fa embereket h\u00edvjuk el a tal\u00e1lkoz\u00f3ra, a cig\u00e1nys\u00e1got, a menek\u00fclteket, a hajl\u00e9ktalanokat, a betegeket, a fogyat\u00e9kkal \u00e9l\u0151ket. Els\u0151sorban nem az \u0151ket seg\u00edt\u0151 szevezetek munkat\u00e1rsaival szeretne tal\u00e1lkozni, hanem azokkal, akik r\u00e1szorulnak a tev\u00e9kenys\u00e9g\u00fckre, \u00e9s ezen kereszt\u00fcl tudj\u00e1k megtapasztalni az emberi t\u00e1mogat\u00e1st \u00e9s Isten szeretet\u00e9t. Nagy a R\u00f3zs\u00e1k terei \u00c1rp\u00e1d-h\u00e1zi Szent Erzs\u00e9bet-templom, tekint\u00e9lyes a parkja is, de m\u00e9gsem el\u00e9g nagy, hogy mindenki, aki el szeretne j\u00f6nni a tal\u00e1lkoz\u00f3ra, el- \u00e9s bef\u00e9rjen.<\/p>\n<p><a title=\"\" rel=\"lightbox&#091;'g130075'&#093;\"><img decoding=\"async\" class=\"ckep aligncenter\" src=\"https:\/\/www.magyarkurir.hu\/img1.php?id=130075&amp;v=1&amp;p=1&amp;img=c_9m7a0062.jpg\" alt=\"\" border=\"0\" \/><\/a><\/p>\n<p>Sok sz\u00e1zan lesz\u00fcnk, a templomban nyolcsz\u00e1z f\u0151 f\u00e9r el, megnyitjuk a parkot, \u00e9s hangos\u00edt\u00e1s r\u00e9v\u00e9n az utc\u00e1r\u00f3l, a g\u00f6r\u00f6gkatolikus templom fel\u0151li oldalr\u00f3l is k\u00f6vethet\u0151 lesz a program. Sokkal t\u00f6bb a jelentkez\u0151, mint amennyi embert fogadni tudunk. Gyorsan beteltek a helyek, a kimarad\u00f3kat k\u00e9rt\u00fck, j\u00f6jjenek a Kossuth t\u00e9ri szentmis\u00e9re.<\/p>\n<p><strong>\u2013 Milyen karitat\u00edv szervezetek kaptak megh\u00edv\u00e1st?<\/strong><\/p>\n<p>\u2013 A Katolikus Karit\u00e1sz megh\u00edvta a testv\u00e9rszervezeteket, mozgalmakat. Figyelt\u00fcnk mindenkire, senki ne \u00e9rezze azt, hogy nem lenne fontos. Kevesebb vagy t\u00f6bb emberrel, de r\u00e9szt tudnak venni a tal\u00e1lkoz\u00f3n. \u00d6kumenikusan gondolkodtunk, a protest\u00e1ns szeretetszolg\u00e1latok k\u00e9pvisel\u0151it is megh\u00edvtuk. Rem\u00e9lem, mindenki \u00f6r\u00f6m\u00e9re tudjuk megtartani ezt a tal\u00e1lkoz\u00f3t. A visszajelz\u00e9sek azt mutatj\u00e1k, hogy szeretn\u00e9nek ott lenni. Emellett mi magunk is szeretn\u00e9nk megmutatni, ki hol, hogyan foglalkozik seg\u00edts\u00e9gny\u00fajt\u00e1ssal, k\u00e9pet adva a Szentaty\u00e1nak arr\u00f3l, mit v\u00e9gez k\u00fcl\u00f6nf\u00e9le szervezeteken kereszt\u00fcl a Katolikus Egyh\u00e1z.<\/p>\n<p><a title=\"\" rel=\"lightbox&#091;'g130075'&#093;\"><img decoding=\"async\" class=\"ckep aligncenter\" src=\"https:\/\/www.magyarkurir.hu\/img1.php?id=130075&amp;v=1&amp;p=1&amp;img=c_9m7a9371.jpg\" alt=\"\" border=\"0\" \/><\/a><\/p>\n<p><strong>\u2013 Mi\u00e9rt fontos ez a tal\u00e1lkoz\u00f3?<\/strong><\/p>\n<p>\u2013 Az embereknek sz\u00fcks\u00e9g\u00fck van b\u00e1tor\u00edt\u00e1sra, tal\u00e1n sokkal ink\u00e1bb, mint a hi\u00e1nyokkal val\u00f3 szembes\u00edt\u00e9sre. Az visz el\u0151re \u00e9s emel fel. Egy ilyen alkalom biztosan seg\u00edt ebben. Azt gondolom, m\u00e9lyen meg\u00e9rint\u0151, a szenved\u00e9sben, a seg\u00edteni akar\u00e1sban meger\u0151s\u00edt\u0151 tal\u00e1lkoz\u00e1s lesz. K\u00f6sz\u00f6nj\u00fck a Szentaty\u00e1nak, hogy ezt v\u00e1llalta. K\u00f6lcs\u00f6n\u00f6sen tudtunk ebb\u0151l kegyelmi aj\u00e1nd\u00e9kokat kapni, l\u00e1tva a m\u00e1sik kitart\u00e1s\u00e1t, h\u0171s\u00e9g\u00e9t, Isten ut\u00e1ni v\u00e1gy\u00f3d\u00e1s\u00e1t, a m\u00e1sik ember fel\u00e9 kiny\u00fajtott kez\u00e9t. Ez nagyon sz\u00e9p ter\u00fclete az Egyh\u00e1z, a paps\u00e1g \u00e9let\u00e9nek.<\/p>\n<blockquote>\n<p>Ez a szolg\u00e1lat szeretetb\u0151l, hitb\u0151l sz\u00fcletik, ez\u00e9rt annyira \u00e9rt\u00e9kes \u00e9s fontos.<\/p>\n<\/blockquote>\n<p><a title=\"\" rel=\"lightbox&#091;'g130075'&#093;\"><img decoding=\"async\" class=\"ckep aligncenter\" src=\"https:\/\/www.magyarkurir.hu\/img1.php?id=130075&amp;v=1&amp;p=1&amp;img=c_AE6A4764.jpg\" alt=\"\" border=\"0\" \/><\/a><\/p>\n<p>Most nagy aj\u00e1nd\u00e9kot kapunk a J\u00f3istent\u0151l mindannyian: munkat\u00e1rsak \u00e9s az \u00e1ltaluk felkaroltak. A Szentatya \u00e9rz\u00e9kenys\u00e9g\u00e9vel, szeretet\u00e9vel, \u00fatmutat\u00e1s\u00e1val, \u00e1ld\u00e1s\u00e1val meger\u0151s\u00edt benn\u00fcnket. Olyan tev\u00e9kenys\u00e9g ez, melyben lelkileg el lehet f\u00e1radni, hiszen a legt\u00f6bb neh\u00e9zs\u00e9get nem tudjuk megoldani. L\u00e1tjuk az embert, aki ugyanazt a probl\u00e9m\u00e1t g\u00f6rgeti maga el\u0151tt, \u00e9s nem tudjuk felemelni. De mell\u00e9 \u00e1llunk, valamit megoldunk, j\u00f6n a k\u00f6vetkez\u0151 neh\u00e9zs\u00e9g, megint megpr\u00f3b\u00e1lunk seg\u00edteni. Az embereket nem szabad ebben magukra hagyni. Most arra kapnak lehet\u0151s\u00e9get, hogy a r\u00f3mai katolikus egyh\u00e1z vezet\u0151je elj\u00f6n k\u00f6z\u00e9j\u00fck, vel\u00fck akar tal\u00e1lkozni, \u00e9s nekik mond szem\u00e9lyre sz\u00f3l\u00f3 \u00fczenetet.<\/p>\n<p><strong>\u2013 Hogyan \u00e9p\u00fcl fel a tal\u00e1lkoz\u00f3 programja?<\/strong><\/p>\n<p>\u2013 A Szentatya egy \u00f3r\u00e1t lesz a k\u00f6r\u00fcnkben szombaton. A bel\u00e9ptet\u00e9s m\u00e1r reggel f\u00e9l 8-kor elindul; 9 \u00f3r\u00e1t\u00f3l megkezd\u0151dik a felvezet\u0151, r\u00e1hangol\u00f3 egy\u00fcttl\u00e9t. Sok \u00e9nekkel, im\u00e1ds\u00e1ggal v\u00e1rjuk a Szentaty\u00e1t; lesznek tan\u00fas\u00e1gt\u00e9telek, elhangzanak versek is. A szervez\u0151k olyan programot \u00e1ll\u00edtottak \u00f6ssze, mely azokr\u00f3l sz\u00f3l, akiket megh\u00edvtunk. Lesz k\u00f6z\u00f6ss\u00e9gi ima, melyre minden szervezet deleg\u00e1lhat egy-egy munkat\u00e1rsat vagy gondozottat, akik r\u00f6vid im\u00e1ds\u00e1gban kifejezhetik h\u00e1laad\u00e1sukat, k\u00f6ny\u00f6rg\u00e9s\u00fcket. Ferenc p\u00e1pa v\u00e1rhat\u00f3an d\u00e9lel\u0151tt negyed 11-kor \u00e9rkezik meg a templomba. A Karit\u00e1sz p\u00fcsp\u00f6k eln\u00f6kek\u00e9nt k\u00f6sz\u00f6nteni fogom. \u00c9rintettek \u00e9s seg\u00edt\u0151k tan\u00fas\u00e1gt\u00e9telei hangzanak el, azt\u00e1n a Szentatya sz\u00f3l hozz\u00e1nk, majd a k\u00f6z\u00f6sen elim\u00e1dkozott Miaty\u00e1nk ut\u00e1n \u00e1ld\u00e1st ad, hogy meger\u0151s\u00edtsen minket abban, amit v\u00e9gz\u00fcnk. V\u00e9g\u00fcl \u00e1tmegy a szomsz\u00e9dban l\u00e9v\u0151 g\u00f6r\u00f6gkatolikus templomba. Ezt a tal\u00e1lkoz\u00e1s\u00e1t k\u00f6zvet\u00edteni fogjuk a templomban, illetve a templomkertben, \u00e9s amikor a Szentatya onnan is elt\u00e1vozik, akkor fogjuk z\u00e1rni a rendezv\u00e9nyt, \u00edgy a program hivatalosan v\u00e1rhat\u00f3an d\u00e9l k\u00f6r\u00fcl \u00e9r v\u00e9get.<\/p>\n<p><a title=\"\" rel=\"lightbox&#091;'g130075'&#093;\"><img decoding=\"async\" class=\"ckep aligncenter\" src=\"https:\/\/www.magyarkurir.hu\/img1.php?id=130075&amp;v=1&amp;p=1&amp;img=c_9m7a9546.jpg\" alt=\"\" border=\"0\" \/><\/a><\/p>\n<p><strong>\u2013 A Szentaty\u00e1nak kiemelten fontos a tal\u00e1lkoz\u00e1s a neh\u00e9z sors\u00fa emberekkel. Mit \u00fczen ez vil\u00e1gunknak?<\/strong><\/p>\n<p>\u2013 \u00dagy gondolom, ma a Karit\u00e1sz tud a leghitelesebben tan\u00fas\u00e1got tenni Krisztusr\u00f3l, mert \u00f6nzetlen \u00e9s tart\u00f3s seg\u00edts\u00e9get ny\u00fajt, azokat keresi, akik a legink\u00e1bb r\u00e1szorulnak. A krisztusi szeretet alapj\u00e1n seg\u00edt, ahogy Szent P\u00e1l tan\u00edt, ott seg\u00edt az emberen, ahol az van.<\/p>\n<blockquote>\n<p>Odal\u00e9p a r\u00e1szorul\u00f3 szintj\u00e9re, vele van, \u00e9s megpr\u00f3b\u00e1lja felemelni az\u00e1ltal, hogy Krisztus szeretet\u00e9t viszi el hozz\u00e1. A maga m\u00f3dj\u00e1n mindegyik szeretetszolg\u00e1lat ezen dolgozik.<\/p>\n<\/blockquote>\n<p>A seg\u00edts\u00e9gny\u00fajt\u00e1s er\u0151ss\u00e9ge, hogy felismerte, a megseg\u00edtett bekapcsol\u00f3d\u00e1s\u00e1t kell el\u00e9rnie. Ez\u00e9rt megadja az alapot, \u00e9s megtan\u00edt, hogyan kell r\u00e1 \u00e9p\u00edteni, mert tudja, az ember akkor becs\u00fcl meg valamit, ha maga is r\u00e9szt vesz l\u00e9trehoz\u00e1s\u00e1ban. Azt k\u00e9rj\u00fck, hogy fogadja el a seg\u00edts\u00e9get, \u00e9s pr\u00f3b\u00e1ljon el\u0151r\u00e9bb l\u00e9pni a maga \u00e9let\u00e9ben.<\/p>\n<p>Nagyra tartom a szeretetszolg\u00e1latok profizmus\u00e1t, aminek k\u00f6sz\u00f6nhet\u0151en term\u00e9szeti, humanit\u00e1rius katasztr\u00f3f\u00e1k idej\u00e9n tudj\u00e1k, hogyan kell szakszer\u0171en \u00e9s hat\u00e9konyan seg\u00edteni. De legal\u00e1bb ennyire l\u00e9nyeges a kev\u00e9sb\u00e9 l\u00e1tv\u00e1nyos \u00f6nk\u00e9ntess\u00e9g, ami legt\u00f6bbsz\u00f6r nem a Karit\u00e1sz vagy a M\u00e1ltai Szeretetszolg\u00e1lat piros egyenruh\u00e1j\u00e1ban t\u00f6rt\u00e9nik. Amikor az egyh\u00e1zk\u00f6zs\u00e9g egyik tagja elmegy, \u00e9s megl\u00e1togatja azt a beteget, aki v\u00e1ratlanul elmaradt a templomb\u00f3l; \u00e1gyhoz k\u00f6t\u00f6tt lett, akinek hetente ez az ism\u00e9tl\u0151d\u0151 l\u00e1togat\u00e1s az egyetlen esem\u00e9ny az \u00e9let\u00e9ben. Sokszor nem is az a fontos, hogy visznek neki parizert, zseml\u00e9t, tejet, hanem az, hogy elmondhatja, ami a sz\u00edv\u00e9t nyomja; hogy van egy olyan f\u00e9l \u00f3ra, \u00f3ra, amikor \u0151 van a k\u00f6z\u00e9ppontban.<\/p>\n<p><a title=\"\" rel=\"lightbox&#091;'g130075'&#093;\"><img decoding=\"async\" class=\"ckep aligncenter\" src=\"https:\/\/www.magyarkurir.hu\/img1.php?id=130075&amp;v=1&amp;p=1&amp;img=c_AE6A4840.jpg\" alt=\"\" border=\"0\" \/><\/a><\/p>\n<p><strong>\u2013 Szavai azt mutatj\u00e1k, j\u00f3l ismeri ennek a szolg\u00e1latnak a mindennapjait.<\/strong><\/p>\n<p>\u2013 K\u00e1pl\u00e1nk\u00e9nt, pl\u00e9b\u00e1nosk\u00e9nt nagyon fontos volt nekem ez a ter\u00fclet, minden\u00fctt seg\u00edtettem ezt a munk\u00e1t. B\u00e1tor\u00edt\u00e1ssal \u00e1llok most is a csoportok mellett, ahol nincs ilyen k\u00f6z\u00f6ss\u00e9g; igyekszem seg\u00edteni a l\u00e9trehoz\u00e1s\u00e1ban, hogy minden faluban ott legyen a Karit\u00e1sz. Mindig nagy szeretettel, h\u00e1l\u00e1san fogadtak, id\u0151sek, betegek. Papi \u00e9letem sz\u00e9p \u00e9lm\u00e9nyei ezek, nagyon sok szeretetet kaptam.<\/p>\n<p><strong>\u2013 Mik\u00f6zben a m\u00e9di\u00e1ban folyik az adok-kapok, nem szabad, hogy elhom\u00e1lyosuljon az \u00f6r\u00f6m, hogy Ferenc p\u00e1pa m\u00e1sodszor j\u00f6n el hozz\u00e1nk.<\/strong><\/p>\n<p>\u2013 Sok mindent mondhattak Ferenc p\u00e1p\u00e1nak r\u00f3lunk, sok kritika, negat\u00edvum juthatott el hozz\u00e1. A NEK alkalm\u00e1b\u00f3l volt fesz\u00fclts\u00e9g, elj\u00f6n-e, mi\u00e9rt megy r\u00f6gt\u00f6n tov\u00e1bb, szeret-e benn\u00fcnket. Azt gondolom, a NEK \u00e9lm\u00e9nye ezt megv\u00e1ltoztatta, mert megtapasztalhatta a magyarok szeretet\u00e9t, k\u00e9szs\u00e9g\u00e9t, s ez meg\u00e9rinthette. Azt gondolom, ott d\u00f6nt\u00f6tte el, hogy visszaj\u00f6n.<\/p>\n<blockquote>\n<p>Ezt a n\u00e9pet nem lehet le\u00edrni hit\u00e9ben, t\u00f6rt\u00e9net\u00e9ben. Sz\u00e1momra a szeretet, a megbecs\u00fcl\u00e9s jele, hogy elj\u00f6n hozz\u00e1nk a Szentatya. Aj\u00e1nd\u00e9k \u00e9s meger\u0151s\u00edt\u00e9s.<\/p>\n<\/blockquote>\n<p><strong>Szerz\u0151: Trauttwein \u00c9va<br \/>\n<\/strong><\/p>\n<p><strong>Fot\u00f3 (arch\u00edv): Mer\u00e9nyi Zita<br \/>\n<\/strong><\/p>\n<p><a href=\"https:\/\/www.magyarkurir.hu\/hirek\/a-batoritas-visz-elore-tobb-szaz-nehez-sorsu-emberrel-talalkozik-budapesten-ferenc-papa?fbclid=IwAR0b3h2Oyl31YSUHyEP9Ij_qRLQRdM8bF2T2136hGGwdL7U5VuaHb4ttDKo\"><strong>Magyar Kur\u00edr<\/strong><\/a><\/p>\n<\/div>\n<div dir=\"auto\"><\/div>\n<\/div><\/div><\/div><\/div><\/div><div class=\"fusion-fullwidth fullwidth-box fusion-builder-row-2 fusion-flex-container fusion-parallax-none nonhundred-percent-fullwidth non-hundred-percent-height-scrolling\" style=\"--awb-border-sizes-top:0px;--awb-border-sizes-bottom:0px;--awb-border-sizes-left:0px;--awb-border-sizes-right:0px;--awb-border-radius-top-left:0px;--awb-border-radius-top-right:0px;--awb-border-radius-bottom-right:0px;--awb-border-radius-bottom-left:0px;--awb-padding-top:150px;--awb-padding-bottom:150px;--awb-background-image:url(&quot;https:\/\/karitaszeger.hu\/web\/wp-content\/uploads\/2021\/03\/segits-scaled.jpg&quot;);--awb-background-size:cover;--awb-flex-wrap:wrap;\" ><div class=\"fusion-builder-row fusion-row fusion-flex-align-items-flex-start fusion-flex-content-wrap\" style=\"max-width:calc( 1170px + 0px );margin-left: calc(-0px \/ 2 );margin-right: calc(-0px \/ 2 );\"><div class=\"fusion-layout-column fusion_builder_column fusion-builder-column-1 fusion_builder_column_1_1 1_1 fusion-flex-column\" style=\"--awb-padding-right:11%;--awb-padding-left:11%;--awb-bg-size:cover;--awb-width-large:100%;--awb-margin-top-large:0px;--awb-spacing-right-large:0px;--awb-margin-bottom-large:20px;--awb-spacing-left-large:0px;--awb-width-medium:100%;--awb-spacing-right-medium:0px;--awb-spacing-left-medium:0px;--awb-width-small:100%;--awb-spacing-right-small:0px;--awb-spacing-left-small:0px;\"><div class=\"fusion-column-wrapper fusion-flex-justify-content-flex-start fusion-content-layout-column\"><div class=\"fusion-title title fusion-title-1 fusion-sep-none fusion-title-center fusion-title-text fusion-title-size-two\" style=\"--awb-text-color:#ffffff;--awb-margin-top-small:0px;--awb-margin-right-small:0px;--awb-margin-bottom-small:20px;--awb-margin-left-small:0px;\"><h2 class=\"fusion-title-heading title-heading-center\" style=\"margin:0;line-height:1;\"><h2 class=\"piros kozepre\"><span style=\"color: #ffffff;\">AZ \u00d6N SEG\u00cdTS\u00c9G\u00c9RE\u00a0IS SZ\u00dcKS\u00c9G VAN!<\/span><\/h2>\n<div class=\"content\"><\/div><\/h2><\/div><div class=\"fusion-separator\" style=\"align-self: center;margin-left: auto;margin-right: auto;margin-top:0px;margin-bottom:40px;width:100%;max-width:200px;\"><div class=\"fusion-separator-border sep-single sep-solid\" style=\"--awb-height:20px;--awb-amount:20px;--awb-sep-color:#f44336;border-color:#f44336;border-top-width:3px;\"><\/div><\/div><div class=\"fusion-text fusion-text-2\"><h2 style=\"text-align: center;\"><span style=\"color: #ffffff;\"><strong>1356 \u2013 H\u00cdVJON, HOGY SEG\u00cdTHESS\u00dcNK!<\/strong><\/span><\/h2>\n<\/div><div class=\"fusion-builder-row fusion-builder-row-inner fusion-row fusion-flex-align-items-flex-start fusion-flex-content-wrap\" style=\"--awb-flex-grow:0;--awb-flex-grow-medium:0;--awb-flex-grow-small:0;--awb-flex-shrink:0;--awb-flex-shrink-medium:0;--awb-flex-shrink-small:0;width:calc( 100% + 0px ) !important;max-width:calc( 100% + 0px ) !important;margin-left: calc(-0px \/ 2 );margin-right: calc(-0px \/ 2 );\"><div class=\"fusion-layout-column fusion_builder_column_inner fusion-builder-nested-column-0 fusion_builder_column_inner_1_3 1_3 fusion-flex-column\" style=\"--awb-bg-size:cover;--awb-width-large:33.333333333333%;--awb-margin-top-large:0px;--awb-spacing-right-large:0px;--awb-margin-bottom-large:20px;--awb-spacing-left-large:0px;--awb-width-medium:100%;--awb-order-medium:0;--awb-spacing-right-medium:0px;--awb-spacing-left-medium:0px;--awb-width-small:100%;--awb-order-small:0;--awb-spacing-right-small:0px;--awb-spacing-left-small:0px;\"><div class=\"fusion-column-wrapper fusion-column-has-shadow fusion-flex-justify-content-flex-start fusion-content-layout-column\"><\/div><\/div><div class=\"fusion-layout-column fusion_builder_column_inner fusion-builder-nested-column-1 fusion_builder_column_inner_1_3 1_3 fusion-flex-column fusion-animated\" style=\"--awb-bg-color:#f44336;--awb-bg-color-hover:#f44336;--awb-bg-size:cover;--awb-width-large:33.333333333333%;--awb-margin-top-large:0px;--awb-spacing-right-large:0px;--awb-margin-bottom-large:20px;--awb-spacing-left-large:0px;--awb-width-medium:100%;--awb-order-medium:0;--awb-spacing-right-medium:0px;--awb-spacing-left-medium:0px;--awb-width-small:100%;--awb-order-small:0;--awb-spacing-right-small:0px;--awb-spacing-left-small:0px;\" data-animationType=\"bounceInDown\" data-animationDuration=\"1.3\" data-animationOffset=\"top-into-view\"><div class=\"fusion-column-wrapper fusion-column-has-shadow fusion-flex-justify-content-flex-start fusion-content-layout-column\"><div style=\"text-align:center;\"><a class=\"fusion-button button-flat fusion-button-default-size button-custom fusion-button-default button-1 fusion-button-default-span fusion-button-default-type fusion-has-button-gradient\" style=\"--button_accent_color:#ffffff;--button_accent_hover_color:#f44336;--button_border_hover_color:#f44336;--button_border_width-top:0px;--button_border_width-right:0px;--button_border_width-bottom:0px;--button_border_width-left:0px;--button_gradient_top_color:rgba(254,201,107,0);--button_gradient_bottom_color:rgba(254,201,107,0);--button_gradient_top_color_hover:#ffffff;--button_gradient_bottom_color_hover:rgba(0,0,0,0);\" target=\"_self\" href=\"#\"><i class=\"fa-credit-card fas awb-button__icon awb-button__icon--default button-icon-left\" aria-hidden=\"true\"><\/i><span class=\"fusion-button-text awb-button__text awb-button__text--default\">ONLINE ADOM\u00c1NYOZ\u00c1S<\/span><\/a><\/div><\/div><\/div><div class=\"fusion-layout-column fusion_builder_column_inner fusion-builder-nested-column-2 fusion_builder_column_inner_1_3 1_3 fusion-flex-column\" style=\"--awb-bg-size:cover;--awb-width-large:33.333333333333%;--awb-margin-top-large:0px;--awb-spacing-right-large:0px;--awb-margin-bottom-large:20px;--awb-spacing-left-large:0px;--awb-width-medium:100%;--awb-order-medium:0;--awb-spacing-right-medium:0px;--awb-spacing-left-medium:0px;--awb-width-small:100%;--awb-order-small:0;--awb-spacing-right-small:0px;--awb-spacing-left-small:0px;\"><div class=\"fusion-column-wrapper fusion-column-has-shadow fusion-flex-justify-content-flex-start fusion-content-layout-column\"><\/div><\/div><\/div><\/div><\/div><\/div><\/div><\/p>\n","protected":false},"excerpt":{"rendered":"","protected":false},"author":3,"featured_media":4830,"comment_status":"open","ping_status":"open","sticky":false,"template":"","format":"standard","meta":{"footnotes":""},"categories":[107],"tags":[],"class_list":["post-4829","post","type-post","status-publish","format-standard","has-post-thumbnail","hentry","category-hirek"],"_links":{"self":[{"href":"https:\/\/karitaszeger.hu\/web\/wp-json\/wp\/v2\/posts\/4829","targetHints":{"allow":["GET"]}}],"collection":[{"href":"https:\/\/karitaszeger.hu\/web\/wp-json\/wp\/v2\/posts"}],"about":[{"href":"https:\/\/karitaszeger.hu\/web\/wp-json\/wp\/v2\/types\/post"}],"author":[{"embeddable":true,"href":"https:\/\/karitaszeger.hu\/web\/wp-json\/wp\/v2\/users\/3"}],"replies":[{"embeddable":true,"href":"https:\/\/karitaszeger.hu\/web\/wp-json\/wp\/v2\/comments?post=4829"}],"version-history":[{"count":4,"href":"https:\/\/karitaszeger.hu\/web\/wp-json\/wp\/v2\/posts\/4829\/revisions"}],"predecessor-version":[{"id":4834,"href":"https:\/\/karitaszeger.hu\/web\/wp-json\/wp\/v2\/posts\/4829\/revisions\/4834"}],"wp:featuredmedia":[{"embeddable":true,"href":"https:\/\/karitaszeger.hu\/web\/wp-json\/wp\/v2\/media\/4830"}],"wp:attachment":[{"href":"https:\/\/karitaszeger.hu\/web\/wp-json\/wp\/v2\/media?parent=4829"}],"wp:term":[{"taxonomy":"category","embeddable":true,"href":"https:\/\/karitaszeger.hu\/web\/wp-json\/wp\/v2\/categories?post=4829"},{"taxonomy":"post_tag","embeddable":true,"href":"https:\/\/karitaszeger.hu\/web\/wp-json\/wp\/v2\/tags?post=4829"}],"curies":[{"name":"wp","href":"https:\/\/api.w.org\/{rel}","templated":true}]}}