{"id":5097,"date":"2023-10-07T09:15:47","date_gmt":"2023-10-07T07:15:47","guid":{"rendered":"https:\/\/karitaszeger.hu\/web\/?p=5097"},"modified":"2023-10-21T09:16:08","modified_gmt":"2023-10-21T07:16:08","slug":"nem-lehetunk-szukkebluek-onmagunkat-kell-adnunk-atadtak-a-caritas-hungarica-dijakat-budapesten","status":"publish","type":"post","link":"https:\/\/karitaszeger.hu\/web\/2023\/10\/07\/nem-lehetunk-szukkebluek-onmagunkat-kell-adnunk-atadtak-a-caritas-hungarica-dijakat-budapesten\/","title":{"rendered":"Nem lehet\u00fcnk sz\u0171kkebl\u0171ek, \u00f6nmagunkat kell adnunk \u2013 \u00c1tadt\u00e1k a Caritas Hungarica d\u00edjakat Budapesten"},"content":{"rendered":"<p><div class=\"fusion-fullwidth fullwidth-box fusion-builder-row-1 fusion-flex-container nonhundred-percent-fullwidth non-hundred-percent-height-scrolling\" style=\"--awb-border-radius-top-left:0px;--awb-border-radius-top-right:0px;--awb-border-radius-bottom-right:0px;--awb-border-radius-bottom-left:0px;--awb-padding-bottom:30px;--awb-flex-wrap:wrap;\" ><div class=\"fusion-builder-row fusion-row fusion-flex-align-items-flex-start fusion-flex-content-wrap\" style=\"max-width:1216.8px;margin-left: calc(-4% \/ 2 );margin-right: calc(-4% \/ 2 );\"><div class=\"fusion-layout-column fusion_builder_column fusion-builder-column-0 fusion_builder_column_1_1 1_1 fusion-flex-column\" style=\"--awb-bg-size:cover;--awb-width-large:100%;--awb-margin-top-large:0px;--awb-spacing-right-large:1.92%;--awb-margin-bottom-large:0px;--awb-spacing-left-large:1.92%;--awb-width-medium:100%;--awb-spacing-right-medium:1.92%;--awb-spacing-left-medium:1.92%;--awb-width-small:100%;--awb-spacing-right-small:1.92%;--awb-spacing-left-small:1.92%;\"><div class=\"fusion-column-wrapper fusion-flex-justify-content-flex-start fusion-content-layout-column\"><div class=\"fusion-separator fusion-full-width-sep\" style=\"align-self: center;margin-left: auto;margin-right: auto;margin-bottom:10px;width:100%;\"><div class=\"fusion-separator-border sep-single\" style=\"--awb-height:20px;--awb-amount:20px;border-color:#e00000;border-top-width:1px;\"><\/div><\/div><div class=\"fusion-text fusion-text-1\" style=\"--awb-text-transform:none;\"><div class=\"\" dir=\"auto\">\n<div id=\":Rlal5bb9l5qq75b5klbaH2:\" class=\"x1iorvi4 x1pi30zi x1l90r2v x1swvt13\" data-ad-comet-preview=\"message\" data-ad-preview=\"message\">\n<div class=\"x78zum5 xdt5ytf xz62fqu x16ldp7u\">\n<div class=\"xu06os2 x1ok221b\">\n<div class=\"xdj266r x11i5rnm xat24cr x1mh8g0r x1vvkbs x126k92a\">\n<h2 class=\"cim\" style=\"text-align: center;\">Nem lehet\u00fcnk sz\u0171kkebl\u0171ek, \u00f6nmagunkat kell adnunk \u2013 \u00c1tadt\u00e1k a Caritas Hungarica d\u00edjakat Budapesten<\/h2>\n<div dir=\"auto\" style=\"text-align: center;\">\n<div dir=\"auto\">\n<div dir=\"auto\">\n<div dir=\"auto\">\n<div dir=\"auto\">\n<div dir=\"auto\">\n<div class=\"xdj266r x11i5rnm xat24cr x1mh8g0r x1vvkbs x126k92a\">\n<div dir=\"auto\">\n<div dir=\"auto\">\n<div class=\"kozepre\"><a class=\"fokep\" rel=\"lightbox&#091;'g133866'&#093;\"><img decoding=\"async\" src=\"https:\/\/www.magyarkurir.hu\/img1.php?id=133866&amp;v=1&amp;img=c_img_7941.jpg\" \/><span class=\"galcount\" title=\"51 k\u00e9p a gal\u00e9ri\u00e1ban, kattintson!\"><img decoding=\"async\" src=\"https:\/\/www.magyarkurir.hu\/design1\/img\/img.png\" align=\"absmiddle\" \/>\u00a051<\/span><\/a><\/div>\n<h3 class=\"lead\">A Katolikus Karit\u00e1sz Caritas Hungarica d\u00edjjal ismeri el azon \u00f6nk\u00e9ntesek munk\u00e1j\u00e1t, akik kitart\u00f3an \u00e9s \u00e1ldozatosan szolg\u00e1lj\u00e1k r\u00e1szorul\u00f3 embert\u00e1rsainkat. Id\u00e9n 38 \u00f6nk\u00e9ntes r\u00e9szes\u00fclt az elismer\u00e9sben, akik okt\u00f3ber 7-\u00e9n, az \u00fajbudai Magyar Szentek templom\u00e1ban vehett\u00e9k \u00e1t a d\u00edjakat \u00fcnnepi szentmise keret\u00e9ben.<\/h3>\n<div class=\"contentsav\">\n<p>Ma azokat \u00fcnnepelt\u00e9k, akik eg\u00e9sz \u00e9vben gondoskod\u00f3 szolg\u00e1lattal vett\u00e9k k\u00f6r\u00fcl a r\u00e1szorul\u00f3kat. A Magyar Szentek templom\u00e1ban megteltek a padsorok. Magyarorsz\u00e1g minden egyh\u00e1zmegy\u00e9j\u00e9b\u0151l \u00e9rkeztek \u00f6nk\u00e9ntesek, hogy r\u00e9szesei legyenek az esem\u00e9nynek, amelyen a katolikus seg\u00e9lyszervezet k\u00f6sz\u00f6netet mond mindannyiuk munk\u00e1j\u00e1\u00e9rt, \u00e9s Caritas Hungarica d\u00edjjal ismeri el a kiemelked\u0151 szolg\u00e1latot.<\/p>\n<p><a title=\"\" rel=\"lightbox&#091;'g133866'&#093;\"><img decoding=\"async\" class=\"ckep\" src=\"https:\/\/www.magyarkurir.hu\/img1.php?id=133866&amp;v=1&amp;p=1&amp;img=c_img_7581.jpg\" alt=\"\" border=\"0\" \/><\/a><\/p>\n<p>A szentmis\u00e9t Sp\u00e1nyi Antal sz\u00e9kesfeh\u00e9rv\u00e1ri megy\u00e9sp\u00fcsp\u00f6k, a Katolikus Karit\u00e1sz eln\u00f6ke mutatta be. Nagy sz\u00e1mban koncelebr\u00e1ltak paptestv\u00e9rek, k\u00e9pviselve minden egyh\u00e1zmegy\u00e9t.<\/p>\n<p>\u00c9csy G\u00e1bor, a Karit\u00e1sz igazgat\u00f3ja k\u00f6sz\u00f6nt\u00f6tte az \u00fcnnepl\u0151ket: Sp\u00e1nyi Antal megy\u00e9sp\u00fcsp\u00f6k\u00f6t, Herczeg Anita asszonyt, a Karit\u00e1sz j\u00f3szolg\u00e1lati k\u00f6vet\u00e9t, a paptestv\u00e9reket, az egyh\u00e1zmegyei igazgat\u00f3kat, \u00e9s mindazokat, akik az egyh\u00e1zmegy\u00e9kb\u0151l elj\u00f6ttek az \u00fcnnepi alkalomra.<\/p>\n<blockquote>\n<p>M\u00e1ria \u00fcnnep\u00e9n gondolkodjunk el rajta, h\u00e1nyszor szenvedi el az Egyh\u00e1z \u00e9ppen bel\u00fclr\u0151l sebeit? Vajon \u00e9let\u00fcnk az Egyh\u00e1z dics\u0151s\u00e9g\u00e9re szolg\u00e1l, tev\u00e9kenys\u00e9g\u00fcnk a szeretetr\u0151l besz\u00e9l? \u00c9p\u00edt?<\/p>\n<\/blockquote>\n<p>\u2013 Sp\u00e1nyi Antal lelkiismeretvizsg\u00e1latra k\u00e9rte az egybegy\u0171lteket.<\/p>\n<p>Mindazok, akik k\u00f6ztiszteletet \u00e9rdeml\u0151 tev\u00e9kenys\u00e9get v\u00e9gz\u0151 szervezetek tagjai, joggal b\u00fcszk\u00e9k. \u00cdgy lenn\u00e9nk mi is egyh\u00e1ztagok, ami nem privil\u00e9gium k\u00f6vetel\u00e9se, hanem a hitvall\u00f3 m\u00f3don ki\u00e1ll\u00e1s az Egyh\u00e1z tan\u00edt\u00e1sa mellet \u2013 utalt a k\u00f6zelm\u00faltban ismertt\u00e9 v\u00e1lt n\u00e9psz\u00e1ml\u00e1l\u00e1si adatokra.<\/p>\n<blockquote>\n<p>Sok zavar van k\u00f6r\u00fcl\u00f6tt\u00fcnk, de nek\u00fcnk k\u00fcldet\u00e9s\u00fcnk, hogy megvalljuk a hit\u00fcnket.<\/p>\n<\/blockquote>\n<p><a title=\"\" rel=\"lightbox&#091;'g133866'&#093;\"><img decoding=\"async\" class=\"ckep\" src=\"https:\/\/www.magyarkurir.hu\/img1.php?id=133866&amp;v=1&amp;p=1&amp;img=c_img_7624.jpg\" alt=\"\" border=\"0\" \/><\/a><\/p>\n<p>Hogyan tudunk k\u00e9pess\u00e9 v\u00e1lni a hitvall\u00e1sra? Tudatos\u00edtanunk kell, hogy a<\/p>\n<blockquote>\n<p>Krisztus alap\u00edtotta k\u00f6z\u00f6ss\u00e9ghez tartozunk, mely szenteket nevel, kult\u00far\u00e1t teremt, \u00e9s \u00e9vsz\u00e1zadokon \u00e1t\u00edvel\u0151en is utat mutat az emberis\u00e9gnek.<\/p>\n<\/blockquote>\n<p>Ferenc p\u00e1pa arra k\u00e9r minket, figyelj\u00fcnk a Szentl\u00e9lekre, aki \u00fatmutat\u00e1s\u00e1val el\u0151re viszi az Egyh\u00e1zat \u00e9s az emberis\u00e9get. Feladatunk a bels\u0151 meg\u00fajul\u00e1s, amelynek tettekben val\u00f3 megmutat\u00e1sa ezt az utat jel\u00f6li ki sz\u00e1munkra.<\/p>\n<p><a title=\"\" rel=\"lightbox&#091;'g133866'&#093;\"><img decoding=\"async\" class=\"ckep\" src=\"https:\/\/www.magyarkurir.hu\/img1.php?id=133866&amp;v=1&amp;p=1&amp;img=c_img_7599.jpg\" alt=\"\" border=\"0\" \/><\/a><\/p>\n<blockquote>\n<p>A bels\u0151 meg\u00fajul\u00e1s sor\u00e1n meggy\u00f3gyul az ember lelke, elm\u00falik a f\u00e9lelem, a s\u00e9rtetts\u00e9gek \u00e9s minden, ami megk\u00f6t\u00f6zne \u00e9s leh\u00fazna. Szabadd\u00e1 v\u00e1lunk a tan\u00fas\u00e1gt\u00e9telre.<\/p>\n<\/blockquote>\n<p>Tanuljunk meg im\u00e1dkozni, eg\u00e9szen Istenre figyelve. Szeretet\u00e9t befogadva alak\u00edtsuk \u00e9let\u00fcnket, mondjunk k\u00e9r\u0151 im\u00e1t, de ne \u00fagy, hogy Isten akarat\u00e1t a mi\u00e9nkhez igaz\u00edtjuk, hanem \u00fagy, hogy odaadjuk magunkat Istennek, hogy Isten \u00e1ltalunk tudjon tenni a vil\u00e1gban. Im\u00e1dkozzunk az\u00e9rt, hogy Isten alkalmas eszk\u00f6zei legy\u00fcnk.<\/p>\n<p>A Karit\u00e1sz munkat\u00e1rsai ezen az \u00faton j\u00e1rnak, s az \u201eels\u0151 vonalban\u201d vannak. Isten sokat v\u00e1r t\u0151l\u00fcnk, mert sokat adott \u00e9rt\u00fcnk: egysz\u00fcl\u00f6tt fi\u00e1t. Mi sem lehet\u00fcnk teh\u00e1t sz\u0171kkebl\u0171ek: nek\u00fcnk is \u00f6nmagunkat kell adni. Hadd \u00e9p\u00edtse Isten vel\u00fcnk \u00e9s rajtunk kereszt\u00fcl orsz\u00e1g\u00e1t \u2013 biztatta a Karit\u00e1sz \u00f6nk\u00e9nteseit Sp\u00e1nyi Antal.<\/p>\n<p><a title=\"\" rel=\"lightbox&#091;'g133866'&#093;\"><img decoding=\"async\" class=\"ckep\" src=\"https:\/\/www.magyarkurir.hu\/img1.php?id=133866&amp;v=1&amp;p=1&amp;img=c_img_7732.jpg\" alt=\"\" border=\"0\" \/><\/a><\/p>\n<p>Herczeg Anita egy sz\u00e1m\u00e1ra meghat\u00e1roz\u00f3 t\u00f6rt\u00e9nettel mutatta be, mit jelent igaz\u00e1n seg\u00edteni. Ehhez a Szent\u00edr\u00e1s egy t\u00f6rt\u00e9net\u00e9t id\u00e9zte: Kafarnaumban nagy t\u00f6meg vette k\u00f6r\u00fcl J\u00e9zust, amikor egy b\u00e9n\u00e1t akartak el\u00e9 vinni. N\u00e9gy ember, hord\u00e1gyon sz\u00e1ll\u00edtva \u0151t t\u00f6rt utat a t\u00f6megben. L\u00e1tt\u00e1k, hogy nem tudnak bejutni a h\u00e1zba, de m\u00e9gsem adt\u00e1k fel: kibontott\u00e1k a tet\u0151t, hogy a ny\u00edl\u00e1son \u00e1t engedj\u00e9k le beteg testv\u00e9r\u00fck hord\u00e1gy\u00e1t. N\u00e9gyen k\u00fczd\u00f6ttek az\u00e9rt, hogy p\u00e1rtfogoltjukat eljuttass\u00e1k J\u00e9zus k\u00f6zel\u00e9be. N\u00e9gy lehetetlent nem ismer\u0151, teherb\u00edr\u00f3, m\u00e1sokat is hordozni tud\u00f3 seg\u00edt\u0151 elsz\u00e1nts\u00e1ga ez, akik k\u00e9pesek a tal\u00e1l\u00e9konys\u00e1gra.<\/p>\n<p><a title=\"\" rel=\"lightbox&#091;'g133866'&#093;\"><img decoding=\"async\" class=\"ckep\" src=\"https:\/\/www.magyarkurir.hu\/img1.php?id=133866&amp;v=1&amp;p=1&amp;img=c_img_7730.jpg\" alt=\"\" border=\"0\" \/><\/a><\/p>\n<p>Adni \u2013 ehhez szeretet \u00e9s er\u0151 kell, hozz\u00e1 \u00e9s embers\u00e9g \u00e9s sz\u00edv \u2013 fogalmazott Herczeg Anita. Most azoknak mondunk k\u00f6sz\u00f6netet, akik, ha kell, \u201ehord\u00e1gyat cipelnek, tet\u0151t bontanak\u201d, hogy c\u00e9lba juttass\u00e1k a seg\u00edts\u00e9gre szorul\u00f3t. Ebben a kit\u00fcntet\u0151 pillanatban \u0151szint\u00e9n<\/p>\n<blockquote>\n<p>k\u00f6sz\u00f6netet mondunk m\u00e1sokra figyel\u0151 \u00e9let\u00fck\u00e9rt\u201d<\/p>\n<\/blockquote>\n<p>\u2013 mondta a Karit\u00e1sz j\u00f3szolg\u00e1lati nagyk\u00f6vete.<\/p>\n<p>A d\u00edjazottak odaad\u00e1s\u00e1t \u00e9s elhivatotts\u00e1g\u00e1t \u00c9csy G\u00e1bor m\u00e9ltatta. (A d\u00edj r\u00f6vid ismertet\u0151j\u00e9t, az idei d\u00edjazottak n\u00e9vsor\u00e1t, illetve m\u00e9ltat\u00e1sukat\u00a0<em><a href=\"https:\/\/www.magyarkurir.hu\/uploads\/content\/133866\/fajlok\/caritas-hungarica_2023.pdf\" target=\"_blank\" rel=\"noopener\">IDE kattintva<\/a><\/em>\u00a0olvashatj\u00e1k.)<\/p>\n<p><a title=\"\" rel=\"lightbox&#091;'g133866'&#093;\"><img decoding=\"async\" class=\"ckep\" src=\"https:\/\/www.magyarkurir.hu\/img1.php?id=133866&amp;v=1&amp;p=1&amp;img=c_img_7747.jpg\" alt=\"\" border=\"0\" \/><\/a><\/p>\n<p>A Karit\u00e1sz igazgat\u00f3ja elmondta, a d\u00edjjal id\u00e9n 38 \u00f6nk\u00e9ntes munk\u00e1j\u00e1t ismert\u00e9k el, akik kiemelked\u0151 m\u00f3don \u00e9s rendszeresen seg\u00edtenek, fizikai \u00e9s lelki \u00faton egyar\u00e1nt.<\/p>\n<div class=\"keretes\">\n<div class=\"WordSection1\">\n<p><em>A kit\u00fcntetettek n\u00e9vsora egyh\u00e1zmegy\u00e9nk\u00e9nt:<\/em><\/p>\n<p><strong>Debrecen-Ny\u00edregyh\u00e1zi Egyh\u00e1zmegye<br \/>\n<\/strong><\/p>\n<p>Raffay Zolt\u00e1nn\u00e9<br \/>\nRektor J\u00f3zsefn\u00e9<\/p>\n<\/div>\n<p><strong>Egri F\u0151egyh\u00e1zmegye<br \/>\n<\/strong><\/p>\n<p>Gyarmaty Zolt\u00e1nn\u00e9<br \/>\nL\u00e1din\u00e9 Nagy Nikoletta<br \/>\nT\u00f6r\u00f6k J\u00f3zsef<\/p>\n<p><strong>Esztergom\u2013Budapesti F\u0151egyh\u00e1zmegye<\/strong><\/p>\n<p>Gregor J\u00e1nosn\u00e9<br \/>\nHern\u00e1d S\u00e1ndor<br \/>\nMuszely P\u00e1ln\u00e9<\/p>\n<p><strong>Gy\u0151ri Egyh\u00e1zmegye<\/strong><\/p>\n<p>Csap\u00f3n\u00e9 Obendorfer Erika<br \/>\nKr\u00e1nitz P\u00e9ter<br \/>\nT\u00f3th J\u00e1nos<\/p>\n<p><strong>Kalocsa-Kecskem\u00e9ti F\u0151egyh\u00e1zmegye<\/strong><\/p>\n<p>Bel\u00e1nyi J\u00f3zsefn\u00e9<br \/>\nF\u00fcleki Gyul\u00e1n\u00e9<br \/>\nNagy Ferencn\u00e9<\/p>\n<p><strong>Kaposv\u00e1ri Egyh\u00e1zmegye<\/strong><\/p>\n<p>Lempach Gabriella<br \/>\nStix J\u00f3zsef Istv\u00e1nn\u00e9<br \/>\nLucz\u00e1n\u00e9 Egerszegi \u00c1gota<\/p>\n<p><strong>Miskolci Egyh\u00e1zmegye<\/strong><\/p>\n<p>Csan\u00e1losin\u00e9 Bolacsek Anita<\/p>\n<p><strong>Ny\u00edregyh\u00e1zi Egyh\u00e1zmegye<\/strong><\/p>\n<p>Kerekes Andr\u00e1s Attila<\/p>\n<p><strong>Pannonhalmi Ter\u00fcleti F\u0151ap\u00e1ts\u00e1g<\/strong><\/p>\n<p>Honner L\u00e1szl\u00f3n\u00e9<\/p>\n<p><strong>P\u00e9csi Egyh\u00e1zmegye<\/strong><\/p>\n<p>Hurton Antal<br \/>\nMartina Erzs\u00e9bet<br \/>\nNovothn\u00e9 B\u00e1n Erzs\u00e9bet<\/p>\n<p><strong>Szeged-Csan\u00e1di Egyh\u00e1zmegye<\/strong><\/p>\n<p>Bauer Ferenc<br \/>\nModok-Kasz\u00e1s Edit<br \/>\nPapp Lajosn\u00e9<\/p>\n<p><strong>Sz\u00e9kesfeh\u00e9rv\u00e1ri Egyh\u00e1zmegye<\/strong><\/p>\n<p>G\u00f6ttli Mikl\u00f3s<br \/>\nGr\u00fcll J\u00f3zsefn\u00e9<br \/>\nSzloboda Bal\u00e1zsn\u00e9 Krisztina<\/p>\n<p><strong>Szombathelyi Egyh\u00e1zmegye<\/strong><\/p>\n<p>Finy Gy\u00f6rgy<br \/>\nG\u00e1l L\u00e1szl\u00f3n\u00e9<br \/>\nP\u00e1l J\u00f3zsefn\u00e9<\/p>\n<p><strong>V\u00e1ci Egyh\u00e1zmegye<\/strong><\/p>\n<p>Batty\u00e1nyi J\u00f3zsefn\u00e9<br \/>\nCsizmadia Mih\u00e1lyn\u00e9<br \/>\nGajdos Endr\u00e9n\u00e9<\/p>\n<p><strong>Veszpr\u00e9mi F\u0151egyh\u00e1zmegye<\/strong><\/p>\n<p>Migray Em\u0151dn\u00e9<br \/>\nNagy S\u00e1ndorn\u00e9<br \/>\nSzanatin\u00e9 K\u00f6nyves Gy\u00f6rgyi<\/p>\n<\/div>\n<p>A 12. alkalommal \u00e1tadott,\u00a0 2012-ben alap\u00edtott d\u00edjat Zagyva Rich\u00e1rd mutatta be\u00a0Mint elmondta, az elismer\u00e9s c\u00e9lja kifejezni a Katolikus Karit\u00e1sz \u00f6nk\u00e9ntesei fel\u00e9, hogy az Egyh\u00e1z nagyra \u00e9rt\u00e9keli a r\u00e1szorul\u00f3k sz\u00e1m\u00e1ra ny\u00fajtott karitat\u00edv szolg\u00e1latukat.<\/p>\n<p><a title=\"\" rel=\"lightbox&#091;'g133866'&#093;\"><img decoding=\"async\" class=\"ckep\" src=\"https:\/\/www.magyarkurir.hu\/img1.php?id=133866&amp;v=1&amp;p=1&amp;img=c_img_7705.jpg\" alt=\"\" border=\"0\" \/><\/a><\/p>\n<p>Zagyva\u00a0Rich\u00e1rd \u00fagy fogalmazott, a k\u00f6z\u00f6ss\u00e9geket is buzd\u00edtani szeretn\u00e9 a karitat\u00edv tev\u00e9kenys\u00e9gre \u00c1rp\u00e1d-h\u00e1zi Szent Erzs\u00e9bet p\u00e9ld\u00e1ja nyom\u00e1n. Ehhez \u00e1ll\u00edtj\u00e1k most p\u00e9ldak\u00e9p\u00fcl azon k\u00f6zt\u00fcnk \u00e9l\u0151 h\u00edveket, akik Krisztus szeretet\u00e9vel \u00f6nzetlen\u00fcl seg\u00edtenek a r\u00e1szorul\u00f3kon. A d\u00edjra minden \u00e9vben egyh\u00e1zmegy\u00e9nk\u00e9nt legfeljebb h\u00e1rom pl\u00e9b\u00e1niai \u00f6nk\u00e9ntes karit\u00e1szmunkat\u00e1rsat javasolhat a helyi karit\u00e1szigazgat\u00f3.<\/p>\n<p>V\u00e9g\u00fcl a d\u00edjazottak nev\u00e9ben T\u00f6r\u00f6k J\u00f3zsef, az Egri F\u0151egyh\u00e1zmegy\u00e9hez tartoz\u00f3 a tiszaf\u00fcredi Salkah\u00e1zi S\u00e1ra Karit\u00e1sz Csoport vezet\u0151je mondott k\u00f6sz\u00f6netet. Hangs\u00falyozta, a d\u00edj k\u00f6sz\u00f6net \u00e9s elismer\u00e9s, \u00e9s mindazoknak sz\u00f3l, akikkel egy\u00fctt v\u00e9gzik ezt a szolg\u00e1latot. \u201eJ\u00f3 az \u00dar sz\u0151l\u0151j\u00e9ben munk\u00e1lkodni. Mer\u00edts\u00fcnk ehhez tov\u00e1bbra is er\u0151t az evang\u00e9liumb\u00f3l, hogy hittel, rem\u00e9nnyel \u00e9s szeretettel forduljunk azokhoz, akik ezt v\u00e1rj\u00e1k t\u0151l\u00fcnk\u201d \u2013 fogalmazott.<\/p>\n<p><a title=\"\" rel=\"lightbox&#091;'g133866'&#093;\"><img decoding=\"async\" class=\"ckep\" src=\"https:\/\/www.magyarkurir.hu\/img1.php?id=133866&amp;v=1&amp;p=1&amp;img=c_img_7970.jpg\" alt=\"\" border=\"0\" \/><\/a><\/p>\n<p>A szentmise ut\u00e1n Sp\u00e1nyi Antal sz\u00e9kesfeh\u00e9rv\u00e1ri megy\u00e9sp\u00fcsp\u00f6k,\u00a0a Katolikus Karit\u00e1sz eln\u00f6ke\u00a0\u00e9s \u00c9csy G\u00e1bor, a Katolikus Karit\u00e1sz orsz\u00e1gos igazgat\u00f3ja, valamint az adott egyh\u00e1zmegyei igazgat\u00f3 \u00e1tadta az \u00e9rintetteknek a Caritas Hungarica d\u00edjat, k\u00f6sz\u00f6netet mondva a d\u00edjazottaknak.<\/p>\n<p style=\"text-align: left;\"><strong>Szerz\u0151: Trauttwein \u00c9va<\/strong><\/p>\n<p style=\"text-align: left;\"><strong>Fot\u00f3: Lambert Attila<\/strong><\/p>\n<p style=\"text-align: left;\"><strong>Forr\u00e1s: <a href=\"https:\/\/www.magyarkurir.hu\/hirek\/egeszen-istenre-figyelve-szeretetet-befogadva-atadtak-caritas-hungarica-dijakat-budapesten?fbclid=IwAR20hO8kTb_SaGL1vC2BCnADgq2OZ35hlc7KR0Vwm2AvVM8nK7sjA12_WOU\">https:\/\/www.magyarkurir.hu\/hirek\/egeszen-istenre-figyelve-szeretetet-befogadva-atadtak-caritas-hungarica-dijakat-budapesten?fbclid=IwAR20hO8kTb_SaGL1vC2BCnADgq2OZ35hlc7KR0Vwm2AvVM8nK7sjA12_WOU<\/a><\/strong><\/p>\n<\/div>\n<\/div>\n<\/div>\n<\/div>\n<\/div>\n<\/div>\n<\/div>\n<\/div>\n<\/div>\n<\/div>\n<\/div>\n<\/div>\n<\/div>\n<\/div>\n<\/div>\n<\/div><\/div><\/div><\/div><\/div><div class=\"fusion-fullwidth fullwidth-box fusion-builder-row-2 fusion-flex-container fusion-parallax-none nonhundred-percent-fullwidth non-hundred-percent-height-scrolling\" style=\"--awb-border-sizes-top:0px;--awb-border-sizes-bottom:0px;--awb-border-sizes-left:0px;--awb-border-sizes-right:0px;--awb-border-radius-top-left:0px;--awb-border-radius-top-right:0px;--awb-border-radius-bottom-right:0px;--awb-border-radius-bottom-left:0px;--awb-padding-top:150px;--awb-padding-bottom:150px;--awb-background-image:url(&quot;https:\/\/karitaszeger.hu\/web\/wp-content\/uploads\/2021\/03\/segits-scaled.jpg&quot;);--awb-background-size:cover;--awb-flex-wrap:wrap;\" ><div class=\"fusion-builder-row fusion-row fusion-flex-align-items-flex-start fusion-flex-content-wrap\" style=\"max-width:calc( 1170px + 0px );margin-left: calc(-0px \/ 2 );margin-right: calc(-0px \/ 2 );\"><div class=\"fusion-layout-column fusion_builder_column fusion-builder-column-1 fusion_builder_column_1_1 1_1 fusion-flex-column\" style=\"--awb-padding-right:11%;--awb-padding-left:11%;--awb-bg-size:cover;--awb-width-large:100%;--awb-margin-top-large:0px;--awb-spacing-right-large:0px;--awb-margin-bottom-large:20px;--awb-spacing-left-large:0px;--awb-width-medium:100%;--awb-spacing-right-medium:0px;--awb-spacing-left-medium:0px;--awb-width-small:100%;--awb-spacing-right-small:0px;--awb-spacing-left-small:0px;\"><div class=\"fusion-column-wrapper fusion-flex-justify-content-flex-start fusion-content-layout-column\"><div class=\"fusion-title title fusion-title-1 fusion-sep-none fusion-title-center fusion-title-text fusion-title-size-two\" style=\"--awb-text-color:#ffffff;--awb-margin-top-small:0px;--awb-margin-right-small:0px;--awb-margin-bottom-small:20px;--awb-margin-left-small:0px;\"><h2 class=\"fusion-title-heading title-heading-center\" style=\"margin:0;line-height:1;\"><h2 class=\"piros kozepre\"><span style=\"color: #ffffff;\">AZ \u00d6N SEG\u00cdTS\u00c9G\u00c9RE\u00a0IS SZ\u00dcKS\u00c9G VAN!<\/span><\/h2>\n<div class=\"content\"><\/div><\/h2><\/div><div class=\"fusion-separator\" style=\"align-self: center;margin-left: auto;margin-right: auto;margin-top:0px;margin-bottom:40px;width:100%;max-width:200px;\"><div class=\"fusion-separator-border sep-single sep-solid\" style=\"--awb-height:20px;--awb-amount:20px;--awb-sep-color:#f44336;border-color:#f44336;border-top-width:3px;\"><\/div><\/div><div class=\"fusion-text fusion-text-2\"><h2 style=\"text-align: center;\"><span style=\"color: #ffffff;\"><strong>1356 \u2013 H\u00cdVJON, HOGY SEG\u00cdTHESS\u00dcNK!<\/strong><\/span><\/h2>\n<\/div><div class=\"fusion-builder-row fusion-builder-row-inner fusion-row fusion-flex-align-items-flex-start fusion-flex-content-wrap\" style=\"--awb-flex-grow:0;--awb-flex-grow-medium:0;--awb-flex-grow-small:0;--awb-flex-shrink:0;--awb-flex-shrink-medium:0;--awb-flex-shrink-small:0;width:calc( 100% + 0px ) !important;max-width:calc( 100% + 0px ) !important;margin-left: calc(-0px \/ 2 );margin-right: calc(-0px \/ 2 );\"><div class=\"fusion-layout-column fusion_builder_column_inner fusion-builder-nested-column-0 fusion_builder_column_inner_1_3 1_3 fusion-flex-column\" style=\"--awb-bg-size:cover;--awb-width-large:33.333333333333%;--awb-margin-top-large:0px;--awb-spacing-right-large:0px;--awb-margin-bottom-large:20px;--awb-spacing-left-large:0px;--awb-width-medium:100%;--awb-order-medium:0;--awb-spacing-right-medium:0px;--awb-spacing-left-medium:0px;--awb-width-small:100%;--awb-order-small:0;--awb-spacing-right-small:0px;--awb-spacing-left-small:0px;\"><div class=\"fusion-column-wrapper fusion-column-has-shadow fusion-flex-justify-content-flex-start fusion-content-layout-column\"><\/div><\/div><div class=\"fusion-layout-column fusion_builder_column_inner fusion-builder-nested-column-1 fusion_builder_column_inner_1_3 1_3 fusion-flex-column fusion-animated\" style=\"--awb-bg-color:#f44336;--awb-bg-color-hover:#f44336;--awb-bg-size:cover;--awb-width-large:33.333333333333%;--awb-margin-top-large:0px;--awb-spacing-right-large:0px;--awb-margin-bottom-large:20px;--awb-spacing-left-large:0px;--awb-width-medium:100%;--awb-order-medium:0;--awb-spacing-right-medium:0px;--awb-spacing-left-medium:0px;--awb-width-small:100%;--awb-order-small:0;--awb-spacing-right-small:0px;--awb-spacing-left-small:0px;\" data-animationType=\"bounceInDown\" data-animationDuration=\"1.3\" data-animationOffset=\"top-into-view\"><div class=\"fusion-column-wrapper fusion-column-has-shadow fusion-flex-justify-content-flex-start fusion-content-layout-column\"><div style=\"text-align:center;\"><a class=\"fusion-button button-flat fusion-button-default-size button-custom fusion-button-default button-1 fusion-button-default-span fusion-button-default-type fusion-has-button-gradient\" style=\"--button_accent_color:#ffffff;--button_accent_hover_color:#f44336;--button_border_hover_color:#f44336;--button_border_width-top:0px;--button_border_width-right:0px;--button_border_width-bottom:0px;--button_border_width-left:0px;--button_gradient_top_color:rgba(254,201,107,0);--button_gradient_bottom_color:rgba(254,201,107,0);--button_gradient_top_color_hover:#ffffff;--button_gradient_bottom_color_hover:rgba(0,0,0,0);\" target=\"_self\" href=\"#\"><i class=\"fa-credit-card fas awb-button__icon awb-button__icon--default button-icon-left\" aria-hidden=\"true\"><\/i><span class=\"fusion-button-text awb-button__text awb-button__text--default\">ONLINE ADOM\u00c1NYOZ\u00c1S<\/span><\/a><\/div><\/div><\/div><div class=\"fusion-layout-column fusion_builder_column_inner fusion-builder-nested-column-2 fusion_builder_column_inner_1_3 1_3 fusion-flex-column\" style=\"--awb-bg-size:cover;--awb-width-large:33.333333333333%;--awb-margin-top-large:0px;--awb-spacing-right-large:0px;--awb-margin-bottom-large:20px;--awb-spacing-left-large:0px;--awb-width-medium:100%;--awb-order-medium:0;--awb-spacing-right-medium:0px;--awb-spacing-left-medium:0px;--awb-width-small:100%;--awb-order-small:0;--awb-spacing-right-small:0px;--awb-spacing-left-small:0px;\"><div class=\"fusion-column-wrapper fusion-column-has-shadow fusion-flex-justify-content-flex-start fusion-content-layout-column\"><\/div><\/div><\/div><\/div><\/div><\/div><\/div><div class=\"fusion-fullwidth fullwidth-box fusion-builder-row-3 fusion-flex-container nonhundred-percent-fullwidth non-hundred-percent-height-scrolling\" style=\"--awb-border-radius-top-left:0px;--awb-border-radius-top-right:0px;--awb-border-radius-bottom-right:0px;--awb-border-radius-bottom-left:0px;--awb-flex-wrap:wrap;\" ><div class=\"fusion-builder-row fusion-row fusion-flex-align-items-flex-start fusion-flex-content-wrap\" style=\"max-width:1216.8px;margin-left: calc(-4% \/ 2 );margin-right: calc(-4% \/ 2 );\"><div class=\"fusion-layout-column fusion_builder_column fusion-builder-column-2 fusion_builder_column_1_1 1_1 fusion-flex-column\" style=\"--awb-bg-size:cover;--awb-width-large:100%;--awb-margin-top-large:0px;--awb-spacing-right-large:1.92%;--awb-margin-bottom-large:0px;--awb-spacing-left-large:1.92%;--awb-width-medium:100%;--awb-spacing-right-medium:1.92%;--awb-spacing-left-medium:1.92%;--awb-width-small:100%;--awb-spacing-right-small:1.92%;--awb-spacing-left-small:1.92%;\"><div class=\"fusion-column-wrapper fusion-flex-justify-content-flex-start fusion-content-layout-column\"><div class=\"fusion-text fusion-text-3\"><\/div><\/div><\/div><\/div><\/div><div class=\"fusion-fullwidth fullwidth-box fusion-builder-row-4 fusion-flex-container nonhundred-percent-fullwidth non-hundred-percent-height-scrolling\" style=\"--awb-border-radius-top-left:0px;--awb-border-radius-top-right:0px;--awb-border-radius-bottom-right:0px;--awb-border-radius-bottom-left:0px;--awb-flex-wrap:wrap;\" ><div class=\"fusion-builder-row fusion-row fusion-flex-align-items-flex-start fusion-flex-content-wrap\" style=\"max-width:1216.8px;margin-left: calc(-4% \/ 2 );margin-right: calc(-4% \/ 2 );\"><div class=\"fusion-layout-column fusion_builder_column fusion-builder-column-3 fusion_builder_column_1_1 1_1 fusion-flex-column\" style=\"--awb-bg-size:cover;--awb-width-large:100%;--awb-margin-top-large:0px;--awb-spacing-right-large:1.92%;--awb-margin-bottom-large:0px;--awb-spacing-left-large:1.92%;--awb-width-medium:100%;--awb-spacing-right-medium:1.92%;--awb-spacing-left-medium:1.92%;--awb-width-small:100%;--awb-spacing-right-small:1.92%;--awb-spacing-left-small:1.92%;\"><div class=\"fusion-column-wrapper fusion-flex-justify-content-flex-start fusion-content-layout-column\"><div class=\"fusion-text fusion-text-4\"><\/div><\/div><\/div><\/div><\/div><\/p>\n","protected":false},"excerpt":{"rendered":"","protected":false},"author":3,"featured_media":5098,"comment_status":"open","ping_status":"open","sticky":false,"template":"","format":"standard","meta":{"footnotes":""},"categories":[107],"tags":[],"class_list":["post-5097","post","type-post","status-publish","format-standard","has-post-thumbnail","hentry","category-hirek"],"_links":{"self":[{"href":"https:\/\/karitaszeger.hu\/web\/wp-json\/wp\/v2\/posts\/5097","targetHints":{"allow":["GET"]}}],"collection":[{"href":"https:\/\/karitaszeger.hu\/web\/wp-json\/wp\/v2\/posts"}],"about":[{"href":"https:\/\/karitaszeger.hu\/web\/wp-json\/wp\/v2\/types\/post"}],"author":[{"embeddable":true,"href":"https:\/\/karitaszeger.hu\/web\/wp-json\/wp\/v2\/users\/3"}],"replies":[{"embeddable":true,"href":"https:\/\/karitaszeger.hu\/web\/wp-json\/wp\/v2\/comments?post=5097"}],"version-history":[{"count":1,"href":"https:\/\/karitaszeger.hu\/web\/wp-json\/wp\/v2\/posts\/5097\/revisions"}],"predecessor-version":[{"id":5099,"href":"https:\/\/karitaszeger.hu\/web\/wp-json\/wp\/v2\/posts\/5097\/revisions\/5099"}],"wp:featuredmedia":[{"embeddable":true,"href":"https:\/\/karitaszeger.hu\/web\/wp-json\/wp\/v2\/media\/5098"}],"wp:attachment":[{"href":"https:\/\/karitaszeger.hu\/web\/wp-json\/wp\/v2\/media?parent=5097"}],"wp:term":[{"taxonomy":"category","embeddable":true,"href":"https:\/\/karitaszeger.hu\/web\/wp-json\/wp\/v2\/categories?post=5097"},{"taxonomy":"post_tag","embeddable":true,"href":"https:\/\/karitaszeger.hu\/web\/wp-json\/wp\/v2\/tags?post=5097"}],"curies":[{"name":"wp","href":"https:\/\/api.w.org\/{rel}","templated":true}]}}