{"id":5672,"date":"2024-11-15T20:38:47","date_gmt":"2024-11-15T19:38:47","guid":{"rendered":"https:\/\/karitaszeger.hu\/web\/?p=5672"},"modified":"2024-12-14T20:43:01","modified_gmt":"2024-12-14T19:43:01","slug":"tobb-mint-harminc-tonna-buzat-adtak-ossze-a-heves-varmegyei-gazdalkodok","status":"publish","type":"post","link":"https:\/\/karitaszeger.hu\/web\/2024\/11\/15\/tobb-mint-harminc-tonna-buzat-adtak-ossze-a-heves-varmegyei-gazdalkodok\/","title":{"rendered":"T\u00f6bb mint harminc tonna b\u00faz\u00e1t adtak \u00f6ssze a Heves v\u00e1rmegyei gazd\u00e1lkod\u00f3k"},"content":{"rendered":"<p><div class=\"fusion-fullwidth fullwidth-box fusion-builder-row-1 fusion-flex-container nonhundred-percent-fullwidth non-hundred-percent-height-scrolling\" style=\"--awb-border-radius-top-left:0px;--awb-border-radius-top-right:0px;--awb-border-radius-bottom-right:0px;--awb-border-radius-bottom-left:0px;--awb-padding-bottom:30px;--awb-flex-wrap:wrap;\" ><div class=\"fusion-builder-row fusion-row fusion-flex-align-items-flex-start fusion-flex-content-wrap\" style=\"max-width:1216.8px;margin-left: calc(-4% \/ 2 );margin-right: calc(-4% \/ 2 );\"><div class=\"fusion-layout-column fusion_builder_column fusion-builder-column-0 fusion_builder_column_1_1 1_1 fusion-flex-column\" style=\"--awb-bg-size:cover;--awb-width-large:100%;--awb-margin-top-large:0px;--awb-spacing-right-large:1.92%;--awb-margin-bottom-large:0px;--awb-spacing-left-large:1.92%;--awb-width-medium:100%;--awb-spacing-right-medium:1.92%;--awb-spacing-left-medium:1.92%;--awb-width-small:100%;--awb-spacing-right-small:1.92%;--awb-spacing-left-small:1.92%;\"><div class=\"fusion-column-wrapper fusion-flex-justify-content-flex-start fusion-content-layout-column\"><div class=\"fusion-separator fusion-full-width-sep\" style=\"align-self: center;margin-left: auto;margin-right: auto;margin-bottom:10px;width:100%;\"><div class=\"fusion-separator-border sep-single\" style=\"--awb-height:20px;--awb-amount:20px;border-color:#e00000;border-top-width:1px;\"><\/div><\/div><div class=\"fusion-text fusion-text-1\" style=\"--awb-text-transform:none;\"><div class=\"\" dir=\"auto\">\n<div id=\":Rlal5bb9l5qq75b5klbaH2:\" class=\"x1iorvi4 x1pi30zi x1l90r2v x1swvt13\" data-ad-comet-preview=\"message\" data-ad-preview=\"message\">\n<div class=\"x78zum5 xdt5ytf xz62fqu x16ldp7u\">\n<div class=\"xu06os2 x1ok221b\">\n<div class=\"xdj266r x11i5rnm xat24cr x1mh8g0r x1vvkbs x126k92a\">\n<div class=\"xdj266r x11i5rnm xat24cr x1mh8g0r x1vvkbs x126k92a\">\n<div class=\"xdj266r x11i5rnm xat24cr x1mh8g0r x1vvkbs x126k92a\">\n<h1 dir=\"auto\" style=\"text-align: center;\">T\u00f6bb mint harminc tonna b\u00faz\u00e1t adtak \u00f6ssze a Heves v\u00e1rmegyei gazd\u00e1lkod\u00f3k<\/h1>\n<div class=\"x11i5rnm xat24cr x1mh8g0r x1vvkbs xtlvy1s x126k92a\">\n<div dir=\"auto\">\n<h3 class=\"lead\">A Magyarok Kenyere 15 milli\u00f3 b\u00fazaszem program Heves v\u00e1rmegyei adom\u00e1nyoz\u00f3 \u00fcnneps\u00e9g\u00e9n jelk\u00e9pesen h\u00fasz tonna lisztet adtak \u00e1t a t\u00e1mogatott karitat\u00edv szervezeteknek. Id\u00e9n is az Egri F\u0151egyh\u00e1zmegyei Karit\u00e1sz \u00e9s a Heves V\u00e1rmegyei Gyermekv\u00e9delmi K\u00f6zpont kapott a Magyarok Kenyere r\u00e9v\u00e9n \u00f6sszegy\u0171lt adom\u00e1nyokb\u00f3l.<\/h3>\n<div class=\"block-content\">\n<p>Az egri minorita templomban a gazd\u00e1k\u00e9rt tartott mis\u00e9vel kezd\u0151d\u00f6tt, majd a demj\u00e9ni Egri Korona Borh\u00e1zban \u00fcnneps\u00e9ggel folytat\u00f3dott a\u00a0<a href=\"http:\/\/magyarokkenyere.hu\/\" target=\"_blank\" rel=\"noopener\">Magyarok Kenyere<\/a>\u00a0&#8211; 15 milli\u00f3 b\u00fazaszem program Heves v\u00e1rmegyei adom\u00e1nyoz\u00f3 \u00fcnneps\u00e9ge. R\u00e1cz J\u00f3zsef, a Nemzeti Agr\u00e1rgazdas\u00e1gi Kamara Heves v\u00e1rmegyei szervezet\u00e9nek aleln\u00f6ke h\u00e1zigazdak\u00e9nt k\u00f6sz\u00f6nt\u00f6tte az egybegy\u0171lteket, gondolatait pedig \u00e9desanyja mond\u00e1sa k\u00f6r\u00e9 \u00e9p\u00edtette: akkor lesz krumpli, ha \u00fcltet\u00fcnk. Kifejtette, fontos \u00e9lni az eur\u00f3pai uni\u00f3s t\u00e1mogat\u00e1si lehet\u0151s\u00e9gekkel, s akkor is folytatni kell, ha a mostanihoz hasonl\u00f3 asz\u00e1lyos \u00e9v rontja a term\u00e9st. Meg kell el\u00e9gedni a kisebb hozammal is, hossz\u00fa t\u00e1von ugyanis van j\u00f6v\u0151je a n\u00f6v\u00e9nytermeszt\u00e9snek, a gazd\u00e1lkod\u00e1snak, de az idegenforgalomnak is. Ugyan nem j\u00f3k a p\u00e9nz\u00fcgyi kil\u00e1t\u00e1sok, de fontos, hogy a gazd\u00e1lkod\u00f3k figyeljenek egym\u00e1sra, ha a kamara p\u00e9nzt nem is, tan\u00e1csot, seg\u00edts\u00e9get tud adni, \u00e9ljenek a lehet\u0151s\u00e9ggel, nyissanak egym\u00e1s fel\u00e9 is \u00e9s besz\u00e9lgessenek.<\/p>\n<figure class=\"image\" data-variant-id=\"84995366\"><img decoding=\"async\" src=\"https:\/\/cdn.heol.hu\/2024\/11\/KDU4WHRsDZLwnFJaR9A6e89wGjsbEmVZxJX7DVYqHwQ\/fit\/1200\/805\/no\/1\/aHR0cHM6Ly9jbXNjZG4uYXBwLmNvbnRlbnQucHJpdmF0ZS9jb250ZW50L2ZiZDU5MjMyNmRmMDQ0NGViMjk1NTIxYWFhMjQ3M2Ri.jpg\" alt=\"A Magyarok Kenyere adom\u00e1nyoz\u00f3 \u00fcnneps\u00e9g\u00e9n jelk\u00e9pesen lisztet adtak \u00e1t a t\u00e1mogatott karitat\u00edv szervezeteknek\" \/><figcaption>A Magyarok Kenyere adom\u00e1nyoz\u00f3 \u00fcnneps\u00e9g\u00e9n jelk\u00e9pesen lisztet adtak \u00e1t a t\u00e1mogatott karitat\u00edv szervezeteknek<br \/>\nForr\u00e1s: T\u00f3th Bal\u00e1zs \/ Heol.hu<\/figcaption><\/figure>\n<p>Horv\u00e1th Vivien, a Magyarok Kenyere Program vezet\u0151je szerint \u00f6r\u00f6m, hogy ebben 14 \u00e9ve egy\u00fcttm\u0171k\u00f6dnek a gazd\u00e1lkod\u00f3k. A hat\u00e1rokon \u00e1t\u00edvel\u0151 \u00f6sszefog\u00e1s er\u0151t ad. Felid\u00e9zte a Magyarok Kenyere kezdeteit, s az adom\u00e1nyoz\u00e1s tereb\u00e9lyesed\u00e9s\u00e9t, m\u00e1ra haz\u00e1nkban 19 megy\u00e9ben, a hat\u00e1ron t\u00fal 17 ter\u00fcleten gy\u0171lik a b\u00faza, a neh\u00e9zs\u00e9gek ellen\u00e9re pedig mind t\u00f6bbet adom\u00e1nyoznak. Id\u00e9n t\u00f6bb mint h\u00e1romsz\u00e1z gy\u0171jt\u0151pontra k\u00f6r\u00fclbel\u00fcl 1100 tonna b\u00faz\u00e1t sz\u00e1ll\u00edtottak a K\u00e1rp\u00e1t-medencei magyar gazd\u00e1k, sok \u00f6nk\u00e9ntes vett r\u00e9szt a gy\u0171jt\u00e9sben, sz\u00e1ll\u00edt\u00e1sban, a liszt\u0151rl\u00e9sben, az adom\u00e1nyok sz\u00e9toszt\u00e1s\u00e1ban, hatalmas \u00f6sszefog\u00e1s r\u00e9v\u00e9n m\u0171k\u00f6dik a program. Ezen k\u00edv\u00fcl azonban z\u00f6lds\u00e9g-gy\u00fcm\u00f6lcs felaj\u00e1nl\u00e1sok, sz\u00e1m\u00edt\u00f3g\u00e9pek is \u00e9rkeztek, valamint 25 fiatal r\u00e9szes\u00fcl \u00f6szt\u00f6nd\u00edjban, amely r\u00e9v\u00e9n tov\u00e1bbtanulhat \u00e9s k\u00e9s\u0151bb \u0151 maga is gazd\u00e1lkod\u00f3v\u00e1 v\u00e1lhat.<\/p>\n<div class=\"teads-inread\">\n<div>\n<div id=\"teads2\" class=\"teads-player\"><\/div>\n<\/div>\n<\/div>\n<figure class=\"image\" data-variant-id=\"84995492\"><img decoding=\"async\" src=\"https:\/\/cdn.heol.hu\/2024\/11\/tU48Bo90AKi3zY7jHmognDlIbjJH97ZTjBZh9d03pJQ\/fit\/1200\/864\/no\/1\/aHR0cHM6Ly9jbXNjZG4uYXBwLmNvbnRlbnQucHJpdmF0ZS9jb250ZW50Lzg1MGQ2NjZmNjYzODRmZWJiOGVkYWY5NmI2NjVkOGEz.jpg\" alt=\"Horv\u00e1th Vivien felid\u00e9zte a Magyarok Kenyere Program kezdeteit\" \/><figcaption>Horv\u00e1th Vivien felid\u00e9zte a Magyarok Kenyere Program kezdeteit<br \/>\nForr\u00e1s: \u00a0 T\u00f3th Bal\u00e1zs \/ Heol.hu<\/figcaption><\/figure>\n<p>Szendrei L\u00e1szl\u00f3, a Nemzeti Agr\u00e1rgazdas\u00e1gi Kamara Heves v\u00e1rmegyei szervezet\u00e9nek eln\u00f6ke, a MAGOSZ Heves v\u00e1rmegyei eln\u00f6ke k\u00f6sz\u00f6netet mondott a helyi gazd\u00e1knak \u00e9s seg\u00edt\u0151knek. Elmondta, id\u00e9n 15 sz\u00e1zal\u00e9kkal t\u00f6bb\u00a0<a href=\"https:\/\/www.heol.hu\/helyi-kozelet\/2024\/08\/felelosseget-osszetartozast-es-remenyt-is-ad-a-magyarok-kenyere-program\" target=\"_blank\" rel=\"noopener\">b\u00fazaadom\u00e1ny \u00e9rkezett<\/a>, majdnem 31 tonn\u00e1nyit vittek a k\u00e9t gy\u0171jt\u0151pontra, hiszen id\u00e9n m\u00e1r nem csak Sarudon, hanem Hevesen is le lehetett adni a b\u00faz\u00e1t. F\u00f6leleven\u00edtette, tavasszal azt hitte, j\u00f3 term\u00e9s lesz, de ny\u00e1ron eld\u0151lt, hogy ez nem teljes\u00fclt. Ebben az \u00e9vben egymilli\u00f3 forint p\u00e9nzadom\u00e1ny is \u00f6sszej\u00f6tt a megy\u00e9ben. Hangs\u00falyozta az \u00f6sszefog\u00e1st \u00e9s az \u00f6sszetartoz\u00e1st \u00e9s arra biztatta azokat, akik abbahagyn\u00e1k a termel\u00e9st, ne adj\u00e1k f\u00f6l, hanem folytass\u00e1k, ehhez a kamara seg\u00edt\u0151 kezet ny\u00fajt. Megk\u00f6sz\u00f6nte az Egri Malom hozz\u00e1\u00e1ll\u00e1s\u00e1t, amely id\u00e9n nem csak a hevesi, hanem a borsodi gazd\u00e1k b\u00faz\u00e1j\u00e1t is meg\u0151r\u00f6lte.<\/p>\n<\/div>\n<div class=\"block-recommendation\">\n<article class=\"article-card style-7\">\n<div class=\"article-bottom\">\n<div class=\"article-link\">\n<h2 class=\"article-title\">Felel\u0151ss\u00e9get, \u00f6sszetartoz\u00e1st \u00e9s rem\u00e9nyt is ad a Magyarok Kenyere program<\/h2>\n<\/div>\n<\/div>\n<\/article>\n<\/div>\n<div class=\"block-content\">\n<p>El\u0151h\u00e1zi Ir\u00e9n, az Egri Malom Zrt. vez\u00e9rigazgat\u00f3ja kifejtette, sz\u00edvesen seg\u00edtettek, miut\u00e1n a borsodiak b\u00faz\u00e1j\u00e1t v\u00e9g\u00fcl m\u00e9gsem v\u00e1llalta az addig seg\u00edt\u0151 malom, \u0151k ezt az \u00f6nk\u00f6lts\u00e9g n\u00f6veked\u00e9se dac\u00e1ra t\u00e1mogat\u00e1sk\u00e9nt megtett\u00e9k ugyan\u00fagy, ahogy a hevesiek\u00e9b\u0151l lisztet \u0151r\u00f6ltek, s adom\u00e1nyoztak is. Tov\u00e1bbra is vallja, a seg\u00edts\u00e9gnek nincs \u00e1ra, csak \u00e9rt\u00e9ke. Kiemelte, id\u00e9n h\u00fasz tonna liszt jut a r\u00e1szorul\u00f3knak a megy\u00e9ben \u00f6sszegy\u0171lt gabona r\u00e9v\u00e9n.<\/p>\n<p>\u00c1rvai Ferenc, az Egri F\u0151egyh\u00e1zmegyei Karit\u00e1sz igazgat\u00f3ja megk\u00f6sz\u00f6nte az adom\u00e1nyt, k\u00e9rte Isten \u00e1ld\u00e1s\u00e1t a gazd\u00e1kra, s azokra is eml\u00e9kezett, akik kor\u00e1bban m\u00e9g itt voltak ezeken az esem\u00e9nyeken, de m\u00e1r elhunytak. F\u00f6ltette a k\u00e9rd\u00e9st, \u00e1lmodik-e a b\u00faza? Szerinte igen \u00e9s az az \u00e1lma, hogy beteljes\u00edtse a k\u00fcldet\u00e9s\u00e9t, ami\u00e9rt Isten teremtette, keny\u00e9rk\u00e9nt az emberek asztal\u00e1ra ker\u00fclj\u00f6n. Ha id\u00e9n nem, a f\u00f6ldbe ker\u00fclve \u00e9s term\u00e9st hozva j\u00f6v\u0151re. Kiemelte a keny\u00e9r becs\u00fclet\u00e9t \u00e9s azt az \u00f6r\u00f6mh\u00edrt, hogy az ember nem rossz, a hangosabban kell tenni a j\u00f3t. Elmondta, a b\u00faza beteljes\u00edti \u00e1lm\u00e1t sokak seg\u00edts\u00e9g\u00e9vel, \u0151k l\u00e1tj\u00e1k ennek v\u00e9geredm\u00e9ny\u00e9t, a h\u00e1l\u00e1t a r\u00e1szorul\u00f3 emberek szem\u00e9ben.<\/p>\n<p>Az esem\u00e9ny v\u00e9g\u00e9n bejelentett\u00e9k, hogy A Gazd\u00e1k\u00e9rt eml\u00e9kplakettet adom\u00e1nyoznak Karkus J\u00e1nosnak \u00e9s Bal\u00e1zs J\u00f3zsefn\u00e9nek, a gy\u0171jt\u0151pontok vezet\u0151inek.<\/p>\n<p>Berta Imre \u00e9s feles\u00e9ge a kezdett\u0151l r\u00e9szt vesznek a Magyarok Kenyere Programban, s igyekeznek seg\u00edteni a helyi r\u00e1szorul\u00f3knak m\u00e1s m\u00f3don is, p\u00e9ld\u00e1ul a Reform\u00e1tus Szeretetszolg\u00e1lat r\u00e9v\u00e9n, ahogyan azt kor\u00e1bban tett\u00e9k. Id\u00e9n nem panaszkodhattak a term\u00e9sre, szerencs\u00e9j\u00fck is volt Berta Imre szerint. El\u00e1rulta, kor\u00e1bban igyekezett helyben felh\u00edvni m\u00e1sok figyelm\u00e9t is a Magyarok Kenyere adom\u00e1nyoz\u00e1sra, id\u00e9n nem tette, de j\u00f6v\u0151re ism\u00e9t igyekszik megsz\u00f3l\u00edtani a k\u00f6z\u00f6ss\u00e9get, hogy az idein\u00e9l t\u00f6bb b\u00faza \u00e9rkezzen Tiszan\u00e1n\u00e1r\u00f3l.<\/p>\n<\/div>\n<div class=\"block-content\">\n<p>Szab\u00f3 Elem\u00e9r, a Noszvaji Gazdak\u00f6r eln\u00f6ke sz\u0151l\u0151 \u00e9s gy\u00fcm\u00f6lcstermeszt\u00e9ssel foglalkozik, de r\u00e9szt vesz ezeken a karitat\u00edv alkalmakon, a gy\u0171jt\u00e9seket, programokat anyagilag \u00e9s r\u00e9szv\u00e9tel\u00e9vel igyekszik t\u00e1mogatni. Reform\u00e1tus kereszt\u00e9nyk\u00e9nt sz\u00edv\u00e9n viseli m\u00e1sok sors\u00e1t, els\u0151sorban sz\u0171kebb k\u00f6rnyezet\u00e9ben igyekszik seg\u00edteni, p\u00e9ld\u00e1ul dolgoz\u00f3it igyekszik seg\u00edteni a maga m\u00f3dj\u00e1n. A Magyarok Kenyer\u00e9ben is a kezdetekt\u0151l r\u00e9szt vesz, a gazdak\u00f6ri tagok is lehet\u0151s\u00e9g\u00fckh\u00f6z k\u00e9pest seg\u00edtik ezt a karitat\u00edv egy\u00fcttm\u0171k\u00f6d\u00e9st. Noszvaj nem a b\u00faz\u00e1j\u00e1r\u00f3l volt h\u00edres, sokan summ\u00e1skodtak a r\u00e9gi id\u0151kben, megbecs\u00fclik a kenyeret.<\/p>\n<p>Forr\u00e1s: https:\/\/www.heol.hu\/helyi-kozelet\/2024\/11\/tobb-mint-harminc-tonna-buzat-adtak-ossze-a-heves-varmegyei-gazdalkodok?fbclid=IwZXh0bgNhZW0CMTEAAR3DHcdQ55bKowiPbCaxRp7dctuaOrp0ZSgLYVepK7_HOT6JXTD3X-vcV_I_aem_MleTxGUuMaiF8mEH6FCsOg<\/p>\n<\/div>\n<\/div>\n<\/div>\n<\/div>\n<\/div>\n<\/div>\n<\/div>\n<\/div>\n<\/div>\n<\/div>\n<\/div><\/div><\/div><\/div><\/div><div class=\"fusion-fullwidth fullwidth-box fusion-builder-row-2 fusion-flex-container fusion-parallax-none nonhundred-percent-fullwidth non-hundred-percent-height-scrolling\" style=\"--awb-border-sizes-top:0px;--awb-border-sizes-bottom:0px;--awb-border-sizes-left:0px;--awb-border-sizes-right:0px;--awb-border-radius-top-left:0px;--awb-border-radius-top-right:0px;--awb-border-radius-bottom-right:0px;--awb-border-radius-bottom-left:0px;--awb-padding-top:150px;--awb-padding-bottom:150px;--awb-background-image:url(&quot;https:\/\/karitaszeger.hu\/web\/wp-content\/uploads\/2021\/03\/segits-scaled.jpg&quot;);--awb-background-size:cover;--awb-flex-wrap:wrap;\" ><div class=\"fusion-builder-row fusion-row fusion-flex-align-items-flex-start fusion-flex-content-wrap\" style=\"max-width:calc( 1170px + 0px );margin-left: calc(-0px \/ 2 );margin-right: calc(-0px \/ 2 );\"><div class=\"fusion-layout-column fusion_builder_column fusion-builder-column-1 fusion_builder_column_1_1 1_1 fusion-flex-column\" style=\"--awb-padding-right:11%;--awb-padding-left:11%;--awb-bg-size:cover;--awb-width-large:100%;--awb-margin-top-large:0px;--awb-spacing-right-large:0px;--awb-margin-bottom-large:20px;--awb-spacing-left-large:0px;--awb-width-medium:100%;--awb-spacing-right-medium:0px;--awb-spacing-left-medium:0px;--awb-width-small:100%;--awb-spacing-right-small:0px;--awb-spacing-left-small:0px;\"><div class=\"fusion-column-wrapper fusion-flex-justify-content-flex-start fusion-content-layout-column\"><div class=\"fusion-title title fusion-title-1 fusion-sep-none fusion-title-center fusion-title-text fusion-title-size-two\" style=\"--awb-text-color:#ffffff;--awb-margin-top-small:0px;--awb-margin-right-small:0px;--awb-margin-bottom-small:20px;--awb-margin-left-small:0px;\"><h2 class=\"fusion-title-heading title-heading-center\" style=\"margin:0;line-height:1;\"><h2 class=\"piros kozepre\"><span style=\"color: #ffffff;\">AZ \u00d6N SEG\u00cdTS\u00c9G\u00c9RE\u00a0IS SZ\u00dcKS\u00c9G VAN!<\/span><\/h2>\n<div class=\"content\"><\/div><\/h2><\/div><div class=\"fusion-separator\" style=\"align-self: center;margin-left: auto;margin-right: auto;margin-top:0px;margin-bottom:40px;width:100%;max-width:200px;\"><div class=\"fusion-separator-border sep-single sep-solid\" style=\"--awb-height:20px;--awb-amount:20px;--awb-sep-color:#f44336;border-color:#f44336;border-top-width:3px;\"><\/div><\/div><div class=\"fusion-text fusion-text-2\"><h2 style=\"text-align: center;\"><span style=\"color: #ffffff;\"><strong>1356 \u2013 H\u00cdVJON, HOGY SEG\u00cdTHESS\u00dcNK!<\/strong><\/span><\/h2>\n<\/div><div class=\"fusion-builder-row fusion-builder-row-inner fusion-row fusion-flex-align-items-flex-start fusion-flex-content-wrap\" style=\"--awb-flex-grow:0;--awb-flex-grow-medium:0;--awb-flex-grow-small:0;--awb-flex-shrink:0;--awb-flex-shrink-medium:0;--awb-flex-shrink-small:0;width:calc( 100% + 0px ) !important;max-width:calc( 100% + 0px ) !important;margin-left: calc(-0px \/ 2 );margin-right: calc(-0px \/ 2 );\"><div class=\"fusion-layout-column fusion_builder_column_inner fusion-builder-nested-column-0 fusion_builder_column_inner_1_3 1_3 fusion-flex-column\" style=\"--awb-bg-size:cover;--awb-width-large:33.333333333333%;--awb-margin-top-large:0px;--awb-spacing-right-large:0px;--awb-margin-bottom-large:20px;--awb-spacing-left-large:0px;--awb-width-medium:100%;--awb-order-medium:0;--awb-spacing-right-medium:0px;--awb-spacing-left-medium:0px;--awb-width-small:100%;--awb-order-small:0;--awb-spacing-right-small:0px;--awb-spacing-left-small:0px;\"><div class=\"fusion-column-wrapper fusion-column-has-shadow fusion-flex-justify-content-flex-start fusion-content-layout-column\"><\/div><\/div><div class=\"fusion-layout-column fusion_builder_column_inner fusion-builder-nested-column-1 fusion_builder_column_inner_1_3 1_3 fusion-flex-column fusion-animated\" style=\"--awb-bg-color:#f44336;--awb-bg-color-hover:#f44336;--awb-bg-size:cover;--awb-width-large:33.333333333333%;--awb-margin-top-large:0px;--awb-spacing-right-large:0px;--awb-margin-bottom-large:20px;--awb-spacing-left-large:0px;--awb-width-medium:100%;--awb-order-medium:0;--awb-spacing-right-medium:0px;--awb-spacing-left-medium:0px;--awb-width-small:100%;--awb-order-small:0;--awb-spacing-right-small:0px;--awb-spacing-left-small:0px;\" data-animationType=\"bounceInDown\" data-animationDuration=\"1.3\" data-animationOffset=\"top-into-view\"><div class=\"fusion-column-wrapper fusion-column-has-shadow fusion-flex-justify-content-flex-start fusion-content-layout-column\"><div style=\"text-align:center;\"><a class=\"fusion-button button-flat fusion-button-default-size button-custom fusion-button-default button-1 fusion-button-default-span fusion-button-default-type fusion-has-button-gradient\" style=\"--button_accent_color:#ffffff;--button_accent_hover_color:#f44336;--button_border_hover_color:#f44336;--button_border_width-top:0px;--button_border_width-right:0px;--button_border_width-bottom:0px;--button_border_width-left:0px;--button_gradient_top_color:rgba(254,201,107,0);--button_gradient_bottom_color:rgba(254,201,107,0);--button_gradient_top_color_hover:#ffffff;--button_gradient_bottom_color_hover:rgba(0,0,0,0);\" target=\"_self\" href=\"#\"><i class=\"fa-credit-card fas awb-button__icon awb-button__icon--default button-icon-left\" aria-hidden=\"true\"><\/i><span class=\"fusion-button-text awb-button__text awb-button__text--default\">ONLINE ADOM\u00c1NYOZ\u00c1S<\/span><\/a><\/div><\/div><\/div><div class=\"fusion-layout-column fusion_builder_column_inner fusion-builder-nested-column-2 fusion_builder_column_inner_1_3 1_3 fusion-flex-column\" style=\"--awb-bg-size:cover;--awb-width-large:33.333333333333%;--awb-margin-top-large:0px;--awb-spacing-right-large:0px;--awb-margin-bottom-large:20px;--awb-spacing-left-large:0px;--awb-width-medium:100%;--awb-order-medium:0;--awb-spacing-right-medium:0px;--awb-spacing-left-medium:0px;--awb-width-small:100%;--awb-order-small:0;--awb-spacing-right-small:0px;--awb-spacing-left-small:0px;\"><div class=\"fusion-column-wrapper fusion-column-has-shadow fusion-flex-justify-content-flex-start fusion-content-layout-column\"><\/div><\/div><\/div><\/div><\/div><\/div><\/div><div class=\"fusion-fullwidth fullwidth-box fusion-builder-row-3 fusion-flex-container nonhundred-percent-fullwidth non-hundred-percent-height-scrolling\" style=\"--awb-border-radius-top-left:0px;--awb-border-radius-top-right:0px;--awb-border-radius-bottom-right:0px;--awb-border-radius-bottom-left:0px;--awb-flex-wrap:wrap;\" ><div class=\"fusion-builder-row fusion-row fusion-flex-align-items-flex-start fusion-flex-content-wrap\" style=\"max-width:1216.8px;margin-left: calc(-4% \/ 2 );margin-right: calc(-4% \/ 2 );\"><div class=\"fusion-layout-column fusion_builder_column fusion-builder-column-2 fusion_builder_column_1_1 1_1 fusion-flex-column\" style=\"--awb-bg-size:cover;--awb-width-large:100%;--awb-margin-top-large:0px;--awb-spacing-right-large:1.92%;--awb-margin-bottom-large:0px;--awb-spacing-left-large:1.92%;--awb-width-medium:100%;--awb-spacing-right-medium:1.92%;--awb-spacing-left-medium:1.92%;--awb-width-small:100%;--awb-spacing-right-small:1.92%;--awb-spacing-left-small:1.92%;\"><div class=\"fusion-column-wrapper fusion-flex-justify-content-flex-start fusion-content-layout-column\"><div class=\"fusion-text fusion-text-3\"><\/div><\/div><\/div><\/div><\/div><div class=\"fusion-fullwidth fullwidth-box fusion-builder-row-4 fusion-flex-container nonhundred-percent-fullwidth non-hundred-percent-height-scrolling\" style=\"--awb-border-radius-top-left:0px;--awb-border-radius-top-right:0px;--awb-border-radius-bottom-right:0px;--awb-border-radius-bottom-left:0px;--awb-flex-wrap:wrap;\" ><div class=\"fusion-builder-row fusion-row fusion-flex-align-items-flex-start fusion-flex-content-wrap\" style=\"max-width:1216.8px;margin-left: calc(-4% \/ 2 );margin-right: calc(-4% \/ 2 );\"><div class=\"fusion-layout-column fusion_builder_column fusion-builder-column-3 fusion_builder_column_1_1 1_1 fusion-flex-column\" style=\"--awb-bg-size:cover;--awb-width-large:100%;--awb-margin-top-large:0px;--awb-spacing-right-large:1.92%;--awb-margin-bottom-large:0px;--awb-spacing-left-large:1.92%;--awb-width-medium:100%;--awb-spacing-right-medium:1.92%;--awb-spacing-left-medium:1.92%;--awb-width-small:100%;--awb-spacing-right-small:1.92%;--awb-spacing-left-small:1.92%;\"><div class=\"fusion-column-wrapper fusion-flex-justify-content-flex-start fusion-content-layout-column\"><div class=\"fusion-text fusion-text-4\"><\/div><\/div><\/div><\/div><\/div><\/p>\n","protected":false},"excerpt":{"rendered":"","protected":false},"author":3,"featured_media":5673,"comment_status":"open","ping_status":"open","sticky":false,"template":"","format":"standard","meta":{"footnotes":""},"categories":[107],"tags":[],"class_list":["post-5672","post","type-post","status-publish","format-standard","has-post-thumbnail","hentry","category-hirek"],"_links":{"self":[{"href":"https:\/\/karitaszeger.hu\/web\/wp-json\/wp\/v2\/posts\/5672","targetHints":{"allow":["GET"]}}],"collection":[{"href":"https:\/\/karitaszeger.hu\/web\/wp-json\/wp\/v2\/posts"}],"about":[{"href":"https:\/\/karitaszeger.hu\/web\/wp-json\/wp\/v2\/types\/post"}],"author":[{"embeddable":true,"href":"https:\/\/karitaszeger.hu\/web\/wp-json\/wp\/v2\/users\/3"}],"replies":[{"embeddable":true,"href":"https:\/\/karitaszeger.hu\/web\/wp-json\/wp\/v2\/comments?post=5672"}],"version-history":[{"count":1,"href":"https:\/\/karitaszeger.hu\/web\/wp-json\/wp\/v2\/posts\/5672\/revisions"}],"predecessor-version":[{"id":5674,"href":"https:\/\/karitaszeger.hu\/web\/wp-json\/wp\/v2\/posts\/5672\/revisions\/5674"}],"wp:featuredmedia":[{"embeddable":true,"href":"https:\/\/karitaszeger.hu\/web\/wp-json\/wp\/v2\/media\/5673"}],"wp:attachment":[{"href":"https:\/\/karitaszeger.hu\/web\/wp-json\/wp\/v2\/media?parent=5672"}],"wp:term":[{"taxonomy":"category","embeddable":true,"href":"https:\/\/karitaszeger.hu\/web\/wp-json\/wp\/v2\/categories?post=5672"},{"taxonomy":"post_tag","embeddable":true,"href":"https:\/\/karitaszeger.hu\/web\/wp-json\/wp\/v2\/tags?post=5672"}],"curies":[{"name":"wp","href":"https:\/\/api.w.org\/{rel}","templated":true}]}}