{"id":5814,"date":"2024-11-18T21:39:50","date_gmt":"2024-11-18T20:39:50","guid":{"rendered":"https:\/\/karitaszeger.hu\/web\/?p=5814"},"modified":"2024-12-14T21:42:19","modified_gmt":"2024-12-14T20:42:19","slug":"a-sikerhez-mindenkire-szukseg-van","status":"publish","type":"post","link":"https:\/\/karitaszeger.hu\/web\/2024\/11\/18\/a-sikerhez-mindenkire-szukseg-van\/","title":{"rendered":"A sikerhez mindenkire sz\u00fcks\u00e9g van"},"content":{"rendered":"<p><div class=\"fusion-fullwidth fullwidth-box fusion-builder-row-1 fusion-flex-container nonhundred-percent-fullwidth non-hundred-percent-height-scrolling\" style=\"--awb-border-radius-top-left:0px;--awb-border-radius-top-right:0px;--awb-border-radius-bottom-right:0px;--awb-border-radius-bottom-left:0px;--awb-padding-bottom:30px;--awb-flex-wrap:wrap;\" ><div class=\"fusion-builder-row fusion-row fusion-flex-align-items-flex-start fusion-flex-content-wrap\" style=\"max-width:1216.8px;margin-left: calc(-4% \/ 2 );margin-right: calc(-4% \/ 2 );\"><div class=\"fusion-layout-column fusion_builder_column fusion-builder-column-0 fusion_builder_column_1_1 1_1 fusion-flex-column\" style=\"--awb-bg-size:cover;--awb-width-large:100%;--awb-margin-top-large:0px;--awb-spacing-right-large:1.92%;--awb-margin-bottom-large:0px;--awb-spacing-left-large:1.92%;--awb-width-medium:100%;--awb-spacing-right-medium:1.92%;--awb-spacing-left-medium:1.92%;--awb-width-small:100%;--awb-spacing-right-small:1.92%;--awb-spacing-left-small:1.92%;\"><div class=\"fusion-column-wrapper fusion-flex-justify-content-flex-start fusion-content-layout-column\"><div class=\"fusion-separator fusion-full-width-sep\" style=\"align-self: center;margin-left: auto;margin-right: auto;margin-bottom:10px;width:100%;\"><div class=\"fusion-separator-border sep-single\" style=\"--awb-height:20px;--awb-amount:20px;border-color:#e00000;border-top-width:1px;\"><\/div><\/div><div class=\"fusion-text fusion-text-1\" style=\"--awb-text-transform:none;\"><div class=\"\" dir=\"auto\">\n<div id=\":Rlal5bb9l5qq75b5klbaH2:\" class=\"x1iorvi4 x1pi30zi x1l90r2v x1swvt13\" data-ad-comet-preview=\"message\" data-ad-preview=\"message\">\n<div class=\"x78zum5 xdt5ytf xz62fqu x16ldp7u\">\n<div class=\"xu06os2 x1ok221b\">\n<div class=\"xdj266r x11i5rnm xat24cr x1mh8g0r x1vvkbs x126k92a\">\n<div class=\"xdj266r x11i5rnm xat24cr x1mh8g0r x1vvkbs x126k92a\">\n<div class=\"xdj266r x11i5rnm xat24cr x1mh8g0r x1vvkbs x126k92a\">\n<h1 class=\"article__title\" style=\"text-align: center;\">A sikerhez mindenkire sz\u00fcks\u00e9g van<\/h1>\n<h2 class=\"article__subtitle\" style=\"text-align: center;\">Pro Caritate-d\u00edjjal ismert\u00e9k el Kov\u00e1cs Katalin munk\u00e1j\u00e1t.<\/h2>\n<div class=\"x11i5rnm xat24cr x1mh8g0r x1vvkbs xtlvy1s x126k92a\">\n<div dir=\"auto\">\n<section class=\"section section--lead\" data-order=\"1\">\n<div class=\"rich-text\">\n<p data-block-key=\"nvxzr\">A szoci\u00e1lis munka napja alkalm\u00e1b\u00f3l november 12-\u00e9n, Budapesten tartott \u00fcnneps\u00e9gen Pro Caritate miniszteri d\u00edjat vehetett \u00e1t a Tisz\u00e1ninneni Reform\u00e1tus Egyh\u00e1zker\u00fclet Szeretetszolg\u00e1lata, B\u0151csi Id\u0151sek Otthona egykori vezet\u0151je t\u00f6bb \u00e9vtizedes \u00e1ldozatos munk\u00e1j\u00e1\u00e9rt.<\/p>\n<\/div>\n<\/section>\n<section class=\"section section--paragraph\" data-order=\"2\">\n<div class=\"rich-text\">\n<p data-block-key=\"cg5k0\">A\u00a0<i>Pro Caritate<\/i>\u00a0kit\u00fcntet\u00e9s az es\u00e9lyteremt\u00e9s el\u0151mozd\u00edt\u00e1sa ter\u00fclet\u00e9n v\u00e9gzett kiemelked\u0151 szakmai, k\u00f6zszolg\u00e1lati, karitat\u00edv tev\u00e9kenys\u00e9g\u00e9rt adom\u00e1nyozhat\u00f3. \u2013 A szoci\u00e1lis gondoskod\u00e1s a k\u00f6z\u00f6ss\u00e9g\u00e9rt v\u00e1llalt b\u00e1tor \u00e9s akt\u00edv seg\u00edts\u00e9gny\u00fajt\u00e1s, a k\u00f6z\u00f6ss\u00e9g\u00e9p\u00edt\u00e9s legalapvet\u0151bb szintje. Az ezen a ter\u00fcleten adott szakmai d\u00edj nemcsak azt jelenti, hogy a d\u00edjazott a szakmai protokollt jeles min\u0151s\u00e9gben ismeri, hanem azt is, hogy hossz\u00fa \u00e9vek alatt megmarad a sz\u00edve, a lelkiereje mindezt odaad\u00f3an gyakorolni is. Ebben a hivat\u00e1sban a szakmai tud\u00e1s a sz\u00edv \u00e9s l\u00e9lek n\u00e9lk\u00fcl nem jelent semmit \u2013 mondta F\u00fcl\u00f6p Attila, a Bel\u00fcgyminiszt\u00e9rium gondoskod\u00e1spolitik\u00e1\u00e9rt felel\u0151s \u00e1llamtitk\u00e1ra a szoci\u00e1lis munka napja alkalm\u00e1b\u00f3l tartott d\u00edj\u00e1tad\u00f3n Budapesten.<\/p>\n<\/div>\n<\/section>\n<section class=\"section section--singleimage\" data-display=\"default\" data-order=\"3\">\n<figure class=\"default\"><img decoding=\"async\" src=\"https:\/\/tirek.hu\/media\/images\/SZG_4542_KOVACS_KATALIN.width-1280.jpg\" alt=\"SZG_4542 KOV\u00c1CS KATALIN\" width=\"1280\" height=\"853\" \/><\/figure>\n<\/section>\n<section class=\"section section--paragraph\" data-order=\"4\">\n<div class=\"rich-text\">\n<p data-block-key=\"cg5k0\"><b>Egy hivat\u00e1s m\u00e9lt\u00f3 lez\u00e1r\u00e1sa<\/b><\/p>\n<p data-block-key=\"9him3\"><b>Kov\u00e1cs Katalin<\/b>\u00a0harmincnyolc \u00e9ven \u00e1t szolg\u00e1lt a szem\u00e9lyes gondoskod\u00e1st ny\u00fajt\u00f3 szoci\u00e1lis alapell\u00e1t\u00e1sokat \u00e9s szakos\u00edtott ell\u00e1t\u00e1sokat ny\u00fajt\u00f3 int\u00e9zm\u00e9nyekben. M\u00e9ltat\u00e1sa szerint a szoci\u00e1lis ter\u00fcleten kifejtett csaknem n\u00e9gy \u00e9vtizedes kimagasl\u00f3 szakmai munk\u00e1j\u00e1val \u00e9s emberi \u00e9rt\u00e9keivel olyan \u00e9letm\u0171vet alkotott, amellyel nemcsak a szakma, hanem az emberek megbecs\u00fcl\u00e9s\u00e9t \u00e9s tisztelet\u00e9t is kiv\u00edvta.<\/p>\n<p data-block-key=\"cmfva\">\u2013 Id\u0151t \u00e9s energi\u00e1t nem sajn\u00e1lva mindig arra t\u00f6rekedtem, hogy folyamatosan k\u00e9pezzem magam, hogy a k\u00fcl\u00f6nb\u00f6z\u0151 szolg\u00e1ltat\u00e1sfejleszt\u00e9si munkacsoportokban val\u00f3 r\u00e9szv\u00e9telemmel jav\u00edtsam, \u00e9s magasabb szintre emeljem a k\u00fcl\u00f6nb\u00f6z\u0151 ell\u00e1totti csoportoknak ny\u00fajtott szolg\u00e1ltat\u00e1s sz\u00ednvonal\u00e1t, ak\u00e1r \u00faj ell\u00e1t\u00e1si form\u00e1k kidolgoz\u00e1s\u00e1n kereszt\u00fcl, ak\u00e1r a min\u0151s\u00e9gbiztos\u00edt\u00e1s vagy a tan\u00edt\u00e1s ter\u00e9n \u2013 nyilatkozta port\u00e1lunknak Kov\u00e1cs Katalin, aki szerint p\u00e1lyav\u00e1laszt\u00e1s\u00e1nak gy\u00f6kerei gyermek- \u00e9s ifj\u00fakor\u00e1ba ny\u00falnak vissza.<\/p>\n<p data-block-key=\"4c19k\">\u2013 Az embereknek val\u00f3 seg\u00edt\u00e9s \u00e9s a vel\u00fck val\u00f3 foglalkoz\u00e1s az eg\u00e9sz csal\u00e1dunkra jellemz\u0151. M\u00e1r gyermekkoromban megszoktam, hogy t\u00f6r\u0151dn\u00fcnk kell egym\u00e1ssal, \u00e9n ebben a szellemben n\u0151ttem fel Hej\u0151b\u00e1b\u00e1n \u2013 mondta. El\u00e1rulta azt is, hogy \u00f3v\u00f3n\u0151 szeretett volna lenni, nagyapja azonban b\u00f6lcsen ir\u00e1ny\u00edtotta figyelm\u00e9t a seg\u00edt\u0151 hivat\u00e1sra meg-megjegyezve, hogy gyermek nem biztos, de beteg ember biztos, hogy mindig lesz. Meghat\u00e1roz\u00f3 \u00e9s kiker\u00fclhetetlen momentum volt sors\u00e1nak alakul\u00e1s\u00e1ban, hogy Hej\u0151b\u00e1b\u00e1n nagyon r\u00e9gi m\u00faltra tekint vissza a pszichi\u00e1triai betegeket gondoz\u00f3 otthon, amelynek lak\u00f3i teljesen be\u00e9p\u00fcltek a telep\u00fcl\u00e9s \u00e9let\u00e9be, \u00e9s az int\u00e9zet is nagyon sok embernek k\u00edn\u00e1lt munkalehet\u0151s\u00e9get. Az eg\u00e9szs\u00e9g\u00fcgyi szakk\u00f6z\u00e9piskola elv\u00e9gz\u00e9se ut\u00e1n \u0151 is itt helyezkedett el, \u00e9s itt tal\u00e1lkozott el\u0151sz\u00f6r demens betegekkel is, ami k\u00e9s\u0151bb a p\u00e1ly\u00e1j\u00e1t is meghat\u00e1rozta. Fejl\u0151d\u00e9s\u00e9t \u00e9s \u00e9p\u00fcl\u00e9s\u00e9t jelent\u0151sen befoly\u00e1solta az otthont akkoriban vezet\u0151 pszichi\u00e1ter szakorvosa, aki folytonos tanul\u00e1sra \u00f6szt\u00f6n\u00f6zte a dolgoz\u00f3kat.<\/p>\n<\/div>\n<\/section>\n<section class=\"section section--singleimage\" data-display=\"default\" data-order=\"5\">\n<figure class=\"default\"><img decoding=\"async\" src=\"https:\/\/tirek.hu\/media\/images\/SZG_4685_csoportkep.width-1280.jpg\" alt=\"SZG_4685 csoportk\u00e9p\" width=\"1280\" height=\"853\" \/><\/figure>\n<\/section>\n<section class=\"section section--paragraph\" data-order=\"6\">\n<div class=\"rich-text\">\n<p data-block-key=\"cg5k0\"><b>Isten seg\u00edts\u00e9g\u00e9vel<\/b><\/p>\n<p data-block-key=\"f3njt\">Az els\u0151 jelent\u0151s fordul\u00f3pont akkor k\u00f6vetkezett be a szakember karrierj\u00e9ben, amikor 16 \u00e9vnyi munka ut\u00e1n a pszichi\u00e1tria ter\u00fclet\u00e9r\u0151l az id\u0151sell\u00e1t\u00e1sba ker\u00fclt. Ez 2002-ben t\u00f6rt\u00e9nt, amikor a pszichi\u00e1tria ter\u00fclet\u00e9r\u0151l elvont\u00e1k a demens betegeket \u00e9s l\u00e9trehozt\u00e1k nekik az encsi int\u00e9zm\u00e9nyt. \u00d3ri\u00e1si v\u00e1ltoz\u00e1snak nevezte azt a fordul\u00f3pontot is, amikor 2011-ben a Tisz\u00e1ninneni Reform\u00e1tus Egyh\u00e1zker\u00fclet fenntart\u00e1sa al\u00e1 ker\u00fclt a B\u0151csi Id\u0151sek Otthona. \u2013 Ebben a helyzetben is arra t\u00f6rekedtem, hogy mindennek megfeleljek, hiszen egy egyh\u00e1zi int\u00e9zm\u00e9nynek minden esetben t\u00f6bbet kell adnia, mint egy \u00e1llami fenntart\u00e1s\u00fanak: a hit\u00e9letre, a reform\u00e1tus lelkis\u00e9gre, a lehajl\u00e1sra, az odafordul\u00e1sra m\u00e9g nagyobb hangs\u00falyt kell fektetnie. H\u00e9tk\u00f6znapjaink szerves r\u00e9sz\u00e9t k\u00e9pezik az \u00e1h\u00edtatok, vas\u00e1rnaponk\u00e9nt az istentiszteleteken csendesed\u00fcnk el \u00e9s gy\u0171jt\u00fcnk er\u0151t, tov\u00e1bb\u00e1 minden egyh\u00e1zi \u00fcnnepet megtartunk. Ezeken k\u00edv\u00fcl minden h\u00f3napban a munkat\u00e1rsaknak k\u00fcl\u00f6n \u00e1h\u00edtatot is szervez\u00fcnk. Munkat\u00e1rsaimmal a mai napig nagy tiszteletben tartjuk azt, hogy keny\u00e9rad\u00f3 gazd\u00e1nk a Magyar Reform\u00e1tus Egyh\u00e1z, amelynek k\u00f6vetkezt\u00e9ben katolikusk\u00e9nt, \u00e9n magam is sokat fejl\u0151dtem, gazdagodtam \u00e9s er\u0151s\u00f6dtem. Hiszem \u00e9s tudom, hogy Istenhez b\u00e1rmikor fordulhatunk, \u0150 mindig megmutatja az utat \u2013 hangs\u00falyozta.<\/p>\n<p data-block-key=\"2v96h\">A d\u00edjazott tapasztalata szerint az egyh\u00e1z al\u00e1 tartoz\u00e1s pozit\u00edv v\u00e1ltoz\u00e1sokat eredm\u00e9nyezett nem csup\u00e1n az int\u00e9zm\u00e9ny, hanem az id\u0151sek \u00e9let\u00e9ben is, amit az egyh\u00e1zba vetett bizalommal magyar\u00e1z. Int\u00e9zm\u00e9nyi oldalr\u00f3l az egyh\u00e1zi fenntart\u00e1s n\u00e9pszer\u0171s\u00e9get hozott, hiszen megn\u00f6vekedett a v\u00e1r\u00f3lista hossz\u00fas\u00e1ga, az id\u0151sek tekintet\u00e9ben pedig az egym\u00e1s k\u00f6z\u00f6tti szoci\u00e1lis kapcsolatok fejl\u0151dtek \u00e9s finomodtak a mindennapi \u00e1h\u00edtatok r\u00e9v\u00e9n, ami az egym\u00e1s ir\u00e1nti elfogad\u00e1s m\u00e9rt\u00e9k\u00e9nek n\u00f6veked\u00e9s\u00e9ben mutatkozik meg legszembet\u0171n\u0151bben.<\/p>\n<p data-block-key=\"4uv3q\">Kov\u00e1cs Katalin ez \u00e9v okt\u00f3ber elej\u00e9n ism\u00e9t v\u00e1lasz\u00fat el\u00e9 \u00e9rkezett, hiszen Hej\u0151b\u00e1ba f\u0151\u00e1ll\u00e1s\u00fa polg\u00e1rmestere lett. Elmond\u00e1sa szerint ezt a v\u00e1lt\u00e1st minden eddigit\u0151l nehezebben \u00e9li meg, hiszen eredeti hivat\u00e1s\u00e1t mindig \u00f6r\u00f6mmel v\u00e9gezte, \u00e9s egy olyan nap sem volt az \u00e9let\u00e9ben, amikor nehez\u00e9re esett volna bemennie a munkahely\u00e9re, pedig t\u00f6bb s\u00falyos betegs\u00e9gen is \u00e1tesett, ami v\u00e9g\u00fcl d\u00f6nt\u00e9s el\u00e9 \u00e1ll\u00edtotta. Most abban igyekszik vigasztal\u00f3dni, hogy r\u00e9gi-\u00faj feladatk\u00f6r\u00e9ben is az embereknek seg\u00edt majd, \u00e9s mint ahogyan eddig, \u00fagy ezut\u00e1n is a legjobb tud\u00e1sa szerint minden t\u0151le telhet\u0151t megtesz majd, mik\u00f6zben tudja azt is, hogy minden ember probl\u00e9m\u00e1j\u00e1t nem lehet megoldani. \u2013 Nagyon neh\u00e9z lesz, hiszen a munka t\u00e1rgya az ember, \u00e9s a sikerhez mindenki kell, de Isten seg\u00edts\u00e9g\u00e9vel ez is siker\u00fclni fog \u2013 fogalmazott.<\/p>\n<\/div>\n<\/section>\n<section class=\"section section--singleimage\" data-display=\"default\" data-order=\"7\">\n<figure class=\"default\"><img decoding=\"async\" src=\"https:\/\/tirek.hu\/media\/images\/IMG_0390.width-1280.jpg\" alt=\"IMG_0390\" width=\"1280\" height=\"1706\" \/><\/figure>\n<\/section>\n<section class=\"section section--frame\" data-order=\"8\">\n<div class=\"rich-text\">\n<p data-block-key=\"wie5n\"><b>N\u00e9vjegy<\/b><\/p>\n<p data-block-key=\"a6mpc\">Kov\u00e1cs Katalin 1966. december 27.-\u00e9n sz\u00fcletett Miskolcon. K\u00f6z\u00e9piskolai tanulm\u00e1nyait a Miskolci Eg\u00e9szs\u00e9g\u00fcgyi Szakk\u00f6z\u00e9piskol\u00e1ban v\u00e9gezte. Munka mellett szerezte meg a Hajnal Imre Eg\u00e9szs\u00e9gtudom\u00e1nyi Egyetem Eg\u00e9szs\u00e9g\u00fcgyi F\u0151iskolai Kar (HIETE) Eg\u00e9szs\u00e9g\u00fcgyi F\u0151iskolai Kar\u00e1n diplom\u00e1s \u00e1pol\u00f3 diplom\u00e1t.<\/p>\n<p data-block-key=\"1s372\">1986-t\u00f3l-2002-ig vezet\u0151 \u00e1pol\u00f3k\u00e9nt ell\u00e1tta a szakmai ir\u00e1ny\u00edt\u00e1st pszichi\u00e1triai betegek otthon\u00e1ban.<\/p>\n<p data-block-key=\"evfoa\">2002-ben szoci\u00e1lis szakvizsg\u00e1t tett id\u0151sek szoci\u00e1lis ell\u00e1t\u00e1sa t\u00e9mak\u00f6rben, \u00e9s az \u00fajonnan l\u00e9trehozott 120 f\u00e9r\u0151helyes demenseket ell\u00e1t\u00f3 encsi int\u00e9zm\u00e9nyben v\u00e1llalt feladatot, ahol kezdett\u0151l ir\u00e1ny\u00edtotta, szervezte a demens lak\u00f3k elhelyez\u00e9s\u00e9t, \u00e1pol\u00e1s\u00e1t, gondoz\u00e1s\u00e1t.<\/p>\n<p data-block-key=\"16pij\">Szint\u00e9n munka mellett megszerezte az eg\u00e9szs\u00e9g\u00fcgyi, szoci\u00e1lis menedzseri diplom\u00e1t, majd 2010-ben elv\u00e9gezte az okleveles eg\u00e9szs\u00e9g\u00fcgyi szoci\u00e1lis munka mesterszakot.<\/p>\n<p data-block-key=\"bdb7m\">2011-t\u0151l a Tisz\u00e1ninneni Reform\u00e1tus Egyh\u00e1zker\u00fclet (TIREK) Szeretetszolg\u00e1lata, B\u0151csi Id\u0151sek Otthona vezet\u0151je lett, melyben a mai napig odaad\u00f3an \u00e9s lelkiismeretesen v\u00e9gzi a r\u00e1b\u00edzott feladatait.<\/p>\n<p data-block-key=\"7pn0t\">Sz\u00edvesen v\u00e1llal \u00f6nk\u00e9ntes feladatokat is, ezen munk\u00e1j\u00e1\u00e9rt Caritas Hungarica d\u00edjban r\u00e9szes\u00fclt 2018-ban.<\/p>\n<p data-block-key=\"fpt3m\">A szoci\u00e1lis szakk\u00e9pz\u00e9sben oktat\u00f3i feladatokat is ell\u00e1t. Szerepel az Orsz\u00e1gos Szoci\u00e1lpolitiaki Szak\u00e9rt\u0151i N\u00e9vjegyz\u00e9kben, mint id\u0151s\u00fcgyi szak\u00e9rt\u0151. Alapvizsgaeln\u00f6ki, vizsgafel\u00fcgyel\u0151i n\u00e9vjegyz\u00e9kben is felv\u00e9telt nyert.<\/p>\n<p data-block-key=\"btpua\">2024. okt\u00f3ber 1-t\u0151l Hej\u0151b\u00e1ba k\u00f6zs\u00e9g f\u0151\u00e1ll\u00e1s\u00fa polg\u00e1rmestere. Polg\u00e1rmesteri tiszts\u00e9g\u00e9nek id\u0151szaka alatt fizet\u00e9s n\u00e9lk\u00fcli szabads\u00e1g\u00e1t t\u00f6lti a TIREK Szeretetszolg\u00e1lata, B\u0151csi Id\u0151sek Otthon\u00e1ban, a kor\u00e1bbi v\u00e1laszt\u00e1sai ciklusban (hat \u00e9s f\u00e9l \u00e9vig) pedig t\u00e1rsadalmi megb\u00edzat\u00e1sban l\u00e1tta el polg\u00e1rmesteri teend\u0151it.<\/p>\n<p data-block-key=\"btpua\">Forr\u00e1s: https:\/\/tirek.hu\/hirek\/intezmenyi-hirek\/a-sikerhez-mindenkire-szukseg-van\/?fbclid=IwZXh0bgNhZW0CMTEAAR2hG5ynXKbnuyj2zvHgFM2LPoxTOYgADqwlWMseHkq4LVTgg_IAAWlADfk_aem_xzwJlvjxGuTs8WhxMAT-ww<\/p>\n<\/div>\n<\/section>\n<\/div>\n<\/div>\n<\/div>\n<\/div>\n<\/div>\n<\/div>\n<\/div>\n<\/div>\n<\/div>\n<\/div><\/div><\/div><\/div><\/div><div class=\"fusion-fullwidth fullwidth-box fusion-builder-row-2 fusion-flex-container fusion-parallax-none nonhundred-percent-fullwidth non-hundred-percent-height-scrolling\" style=\"--awb-border-sizes-top:0px;--awb-border-sizes-bottom:0px;--awb-border-sizes-left:0px;--awb-border-sizes-right:0px;--awb-border-radius-top-left:0px;--awb-border-radius-top-right:0px;--awb-border-radius-bottom-right:0px;--awb-border-radius-bottom-left:0px;--awb-padding-top:150px;--awb-padding-bottom:150px;--awb-background-image:url(&quot;https:\/\/karitaszeger.hu\/web\/wp-content\/uploads\/2021\/03\/segits-scaled.jpg&quot;);--awb-background-size:cover;--awb-flex-wrap:wrap;\" ><div class=\"fusion-builder-row fusion-row fusion-flex-align-items-flex-start fusion-flex-content-wrap\" style=\"max-width:calc( 1170px + 0px );margin-left: calc(-0px \/ 2 );margin-right: calc(-0px \/ 2 );\"><div class=\"fusion-layout-column fusion_builder_column fusion-builder-column-1 fusion_builder_column_1_1 1_1 fusion-flex-column\" style=\"--awb-padding-right:11%;--awb-padding-left:11%;--awb-bg-size:cover;--awb-width-large:100%;--awb-margin-top-large:0px;--awb-spacing-right-large:0px;--awb-margin-bottom-large:20px;--awb-spacing-left-large:0px;--awb-width-medium:100%;--awb-spacing-right-medium:0px;--awb-spacing-left-medium:0px;--awb-width-small:100%;--awb-spacing-right-small:0px;--awb-spacing-left-small:0px;\"><div class=\"fusion-column-wrapper fusion-flex-justify-content-flex-start fusion-content-layout-column\"><div class=\"fusion-title title fusion-title-1 fusion-sep-none fusion-title-center fusion-title-text fusion-title-size-two\" style=\"--awb-text-color:#ffffff;--awb-margin-top-small:0px;--awb-margin-right-small:0px;--awb-margin-bottom-small:20px;--awb-margin-left-small:0px;\"><h2 class=\"fusion-title-heading title-heading-center\" style=\"margin:0;line-height:1;\"><h2 class=\"piros kozepre\"><span style=\"color: #ffffff;\">AZ \u00d6N SEG\u00cdTS\u00c9G\u00c9RE\u00a0IS SZ\u00dcKS\u00c9G VAN!<\/span><\/h2>\n<div class=\"content\"><\/div><\/h2><\/div><div class=\"fusion-separator\" style=\"align-self: center;margin-left: auto;margin-right: auto;margin-top:0px;margin-bottom:40px;width:100%;max-width:200px;\"><div class=\"fusion-separator-border sep-single sep-solid\" style=\"--awb-height:20px;--awb-amount:20px;--awb-sep-color:#f44336;border-color:#f44336;border-top-width:3px;\"><\/div><\/div><div class=\"fusion-text fusion-text-2\"><h2 style=\"text-align: center;\"><span style=\"color: #ffffff;\"><strong>1356 \u2013 H\u00cdVJON, HOGY SEG\u00cdTHESS\u00dcNK!<\/strong><\/span><\/h2>\n<\/div><div class=\"fusion-builder-row fusion-builder-row-inner fusion-row fusion-flex-align-items-flex-start fusion-flex-content-wrap\" style=\"--awb-flex-grow:0;--awb-flex-grow-medium:0;--awb-flex-grow-small:0;--awb-flex-shrink:0;--awb-flex-shrink-medium:0;--awb-flex-shrink-small:0;width:calc( 100% + 0px ) !important;max-width:calc( 100% + 0px ) !important;margin-left: calc(-0px \/ 2 );margin-right: calc(-0px \/ 2 );\"><div class=\"fusion-layout-column fusion_builder_column_inner fusion-builder-nested-column-0 fusion_builder_column_inner_1_3 1_3 fusion-flex-column\" style=\"--awb-bg-size:cover;--awb-width-large:33.333333333333%;--awb-margin-top-large:0px;--awb-spacing-right-large:0px;--awb-margin-bottom-large:20px;--awb-spacing-left-large:0px;--awb-width-medium:100%;--awb-order-medium:0;--awb-spacing-right-medium:0px;--awb-spacing-left-medium:0px;--awb-width-small:100%;--awb-order-small:0;--awb-spacing-right-small:0px;--awb-spacing-left-small:0px;\"><div class=\"fusion-column-wrapper fusion-column-has-shadow fusion-flex-justify-content-flex-start fusion-content-layout-column\"><\/div><\/div><div class=\"fusion-layout-column fusion_builder_column_inner fusion-builder-nested-column-1 fusion_builder_column_inner_1_3 1_3 fusion-flex-column fusion-animated\" style=\"--awb-bg-color:#f44336;--awb-bg-color-hover:#f44336;--awb-bg-size:cover;--awb-width-large:33.333333333333%;--awb-margin-top-large:0px;--awb-spacing-right-large:0px;--awb-margin-bottom-large:20px;--awb-spacing-left-large:0px;--awb-width-medium:100%;--awb-order-medium:0;--awb-spacing-right-medium:0px;--awb-spacing-left-medium:0px;--awb-width-small:100%;--awb-order-small:0;--awb-spacing-right-small:0px;--awb-spacing-left-small:0px;\" data-animationType=\"bounceInDown\" data-animationDuration=\"1.3\" data-animationOffset=\"top-into-view\"><div class=\"fusion-column-wrapper fusion-column-has-shadow fusion-flex-justify-content-flex-start fusion-content-layout-column\"><div style=\"text-align:center;\"><a class=\"fusion-button button-flat fusion-button-default-size button-custom fusion-button-default button-1 fusion-button-default-span fusion-button-default-type fusion-has-button-gradient\" style=\"--button_accent_color:#ffffff;--button_accent_hover_color:#f44336;--button_border_hover_color:#f44336;--button_border_width-top:0px;--button_border_width-right:0px;--button_border_width-bottom:0px;--button_border_width-left:0px;--button_gradient_top_color:rgba(254,201,107,0);--button_gradient_bottom_color:rgba(254,201,107,0);--button_gradient_top_color_hover:#ffffff;--button_gradient_bottom_color_hover:rgba(0,0,0,0);\" target=\"_self\" href=\"#\"><i class=\"fa-credit-card fas awb-button__icon awb-button__icon--default button-icon-left\" aria-hidden=\"true\"><\/i><span class=\"fusion-button-text awb-button__text awb-button__text--default\">ONLINE ADOM\u00c1NYOZ\u00c1S<\/span><\/a><\/div><\/div><\/div><div class=\"fusion-layout-column fusion_builder_column_inner fusion-builder-nested-column-2 fusion_builder_column_inner_1_3 1_3 fusion-flex-column\" style=\"--awb-bg-size:cover;--awb-width-large:33.333333333333%;--awb-margin-top-large:0px;--awb-spacing-right-large:0px;--awb-margin-bottom-large:20px;--awb-spacing-left-large:0px;--awb-width-medium:100%;--awb-order-medium:0;--awb-spacing-right-medium:0px;--awb-spacing-left-medium:0px;--awb-width-small:100%;--awb-order-small:0;--awb-spacing-right-small:0px;--awb-spacing-left-small:0px;\"><div class=\"fusion-column-wrapper fusion-column-has-shadow fusion-flex-justify-content-flex-start fusion-content-layout-column\"><\/div><\/div><\/div><\/div><\/div><\/div><\/div><div class=\"fusion-fullwidth fullwidth-box fusion-builder-row-3 fusion-flex-container nonhundred-percent-fullwidth non-hundred-percent-height-scrolling\" style=\"--awb-border-radius-top-left:0px;--awb-border-radius-top-right:0px;--awb-border-radius-bottom-right:0px;--awb-border-radius-bottom-left:0px;--awb-flex-wrap:wrap;\" ><div class=\"fusion-builder-row fusion-row fusion-flex-align-items-flex-start fusion-flex-content-wrap\" style=\"max-width:1216.8px;margin-left: calc(-4% \/ 2 );margin-right: calc(-4% \/ 2 );\"><div class=\"fusion-layout-column fusion_builder_column fusion-builder-column-2 fusion_builder_column_1_1 1_1 fusion-flex-column\" style=\"--awb-bg-size:cover;--awb-width-large:100%;--awb-margin-top-large:0px;--awb-spacing-right-large:1.92%;--awb-margin-bottom-large:0px;--awb-spacing-left-large:1.92%;--awb-width-medium:100%;--awb-spacing-right-medium:1.92%;--awb-spacing-left-medium:1.92%;--awb-width-small:100%;--awb-spacing-right-small:1.92%;--awb-spacing-left-small:1.92%;\"><div class=\"fusion-column-wrapper fusion-flex-justify-content-flex-start fusion-content-layout-column\"><div class=\"fusion-text fusion-text-3\"><\/div><\/div><\/div><\/div><\/div><div class=\"fusion-fullwidth fullwidth-box fusion-builder-row-4 fusion-flex-container nonhundred-percent-fullwidth non-hundred-percent-height-scrolling\" style=\"--awb-border-radius-top-left:0px;--awb-border-radius-top-right:0px;--awb-border-radius-bottom-right:0px;--awb-border-radius-bottom-left:0px;--awb-flex-wrap:wrap;\" ><div class=\"fusion-builder-row fusion-row fusion-flex-align-items-flex-start fusion-flex-content-wrap\" style=\"max-width:1216.8px;margin-left: calc(-4% \/ 2 );margin-right: calc(-4% \/ 2 );\"><div class=\"fusion-layout-column fusion_builder_column fusion-builder-column-3 fusion_builder_column_1_1 1_1 fusion-flex-column\" style=\"--awb-bg-size:cover;--awb-width-large:100%;--awb-margin-top-large:0px;--awb-spacing-right-large:1.92%;--awb-margin-bottom-large:0px;--awb-spacing-left-large:1.92%;--awb-width-medium:100%;--awb-spacing-right-medium:1.92%;--awb-spacing-left-medium:1.92%;--awb-width-small:100%;--awb-spacing-right-small:1.92%;--awb-spacing-left-small:1.92%;\"><div class=\"fusion-column-wrapper fusion-flex-justify-content-flex-start fusion-content-layout-column\"><div class=\"fusion-text fusion-text-4\"><\/div><\/div><\/div><\/div><\/div><\/p>\n","protected":false},"excerpt":{"rendered":"","protected":false},"author":3,"featured_media":5815,"comment_status":"open","ping_status":"open","sticky":false,"template":"","format":"standard","meta":{"footnotes":""},"categories":[107],"tags":[],"class_list":["post-5814","post","type-post","status-publish","format-standard","has-post-thumbnail","hentry","category-hirek"],"_links":{"self":[{"href":"https:\/\/karitaszeger.hu\/web\/wp-json\/wp\/v2\/posts\/5814","targetHints":{"allow":["GET"]}}],"collection":[{"href":"https:\/\/karitaszeger.hu\/web\/wp-json\/wp\/v2\/posts"}],"about":[{"href":"https:\/\/karitaszeger.hu\/web\/wp-json\/wp\/v2\/types\/post"}],"author":[{"embeddable":true,"href":"https:\/\/karitaszeger.hu\/web\/wp-json\/wp\/v2\/users\/3"}],"replies":[{"embeddable":true,"href":"https:\/\/karitaszeger.hu\/web\/wp-json\/wp\/v2\/comments?post=5814"}],"version-history":[{"count":1,"href":"https:\/\/karitaszeger.hu\/web\/wp-json\/wp\/v2\/posts\/5814\/revisions"}],"predecessor-version":[{"id":5816,"href":"https:\/\/karitaszeger.hu\/web\/wp-json\/wp\/v2\/posts\/5814\/revisions\/5816"}],"wp:featuredmedia":[{"embeddable":true,"href":"https:\/\/karitaszeger.hu\/web\/wp-json\/wp\/v2\/media\/5815"}],"wp:attachment":[{"href":"https:\/\/karitaszeger.hu\/web\/wp-json\/wp\/v2\/media?parent=5814"}],"wp:term":[{"taxonomy":"category","embeddable":true,"href":"https:\/\/karitaszeger.hu\/web\/wp-json\/wp\/v2\/categories?post=5814"},{"taxonomy":"post_tag","embeddable":true,"href":"https:\/\/karitaszeger.hu\/web\/wp-json\/wp\/v2\/tags?post=5814"}],"curies":[{"name":"wp","href":"https:\/\/api.w.org\/{rel}","templated":true}]}}