{"id":5862,"date":"2024-11-12T22:00:37","date_gmt":"2024-11-12T21:00:37","guid":{"rendered":"https:\/\/karitaszeger.hu\/web\/?p=5862"},"modified":"2024-12-14T22:03:20","modified_gmt":"2024-12-14T21:03:20","slug":"aki-oromet-leli-masok-segiteseben-atadtak-a-szent-erzsebet-rozsaja-dijat","status":"publish","type":"post","link":"https:\/\/karitaszeger.hu\/web\/2024\/11\/12\/aki-oromet-leli-masok-segiteseben-atadtak-a-szent-erzsebet-rozsaja-dijat\/","title":{"rendered":"Aki \u00f6r\u00f6m\u00e9t leli m\u00e1sok seg\u00edt\u00e9s\u00e9ben \u2013 \u00c1tadt\u00e1k a Szent Erzs\u00e9bet r\u00f3zs\u00e1ja d\u00edjat"},"content":{"rendered":"<p><div class=\"fusion-fullwidth fullwidth-box fusion-builder-row-1 fusion-flex-container nonhundred-percent-fullwidth non-hundred-percent-height-scrolling\" style=\"--awb-border-radius-top-left:0px;--awb-border-radius-top-right:0px;--awb-border-radius-bottom-right:0px;--awb-border-radius-bottom-left:0px;--awb-padding-bottom:30px;--awb-flex-wrap:wrap;\" ><div class=\"fusion-builder-row fusion-row fusion-flex-align-items-flex-start fusion-flex-content-wrap\" style=\"max-width:1216.8px;margin-left: calc(-4% \/ 2 );margin-right: calc(-4% \/ 2 );\"><div class=\"fusion-layout-column fusion_builder_column fusion-builder-column-0 fusion_builder_column_1_1 1_1 fusion-flex-column\" style=\"--awb-bg-size:cover;--awb-width-large:100%;--awb-margin-top-large:0px;--awb-spacing-right-large:1.92%;--awb-margin-bottom-large:0px;--awb-spacing-left-large:1.92%;--awb-width-medium:100%;--awb-spacing-right-medium:1.92%;--awb-spacing-left-medium:1.92%;--awb-width-small:100%;--awb-spacing-right-small:1.92%;--awb-spacing-left-small:1.92%;\"><div class=\"fusion-column-wrapper fusion-flex-justify-content-flex-start fusion-content-layout-column\"><div class=\"fusion-separator fusion-full-width-sep\" style=\"align-self: center;margin-left: auto;margin-right: auto;margin-bottom:10px;width:100%;\"><div class=\"fusion-separator-border sep-single\" style=\"--awb-height:20px;--awb-amount:20px;border-color:#e00000;border-top-width:1px;\"><\/div><\/div><div class=\"fusion-text fusion-text-1\" style=\"--awb-text-transform:none;\"><div class=\"\" dir=\"auto\">\n<div id=\":Rlal5bb9l5qq75b5klbaH2:\" class=\"x1iorvi4 x1pi30zi x1l90r2v x1swvt13\" data-ad-comet-preview=\"message\" data-ad-preview=\"message\">\n<div class=\"x78zum5 xdt5ytf xz62fqu x16ldp7u\">\n<div class=\"xu06os2 x1ok221b\">\n<div class=\"xdj266r x11i5rnm xat24cr x1mh8g0r x1vvkbs x126k92a\">\n<div class=\"xdj266r x11i5rnm xat24cr x1mh8g0r x1vvkbs x126k92a\">\n<div class=\"xdj266r x11i5rnm xat24cr x1mh8g0r x1vvkbs x126k92a\">\n<h1 class=\"cim\" style=\"text-align: center;\">Aki \u00f6r\u00f6m\u00e9t leli m\u00e1sok seg\u00edt\u00e9s\u00e9ben \u2013 \u00c1tadt\u00e1k a Szent Erzs\u00e9bet r\u00f3zs\u00e1ja d\u00edjat<\/h1>\n<div class=\"kozepre\"><a class=\"fokep\" rel=\"lightbox&#091;'g143143'&#093;\"><img decoding=\"async\" src=\"https:\/\/www.magyarkurir.hu\/img1.php?id=143143&amp;v=1&amp;img=c_9m7a3263.jpg\" \/><span class=\"galcount\" title=\"44 k\u00e9p a gal\u00e9ri\u00e1ban, kattintson!\"><img decoding=\"async\" src=\"https:\/\/www.magyarkurir.hu\/design1\/img\/img.png\" align=\"absmiddle\" \/>\u00a044<\/span><\/a><\/div>\n<h3 class=\"lead\">Veres Andr\u00e1s gy\u0151ri megy\u00e9sp\u00fcsp\u00f6k, a Magyar Katolikus P\u00fcsp\u00f6ki Konferencia (MKPK) eln\u00f6ke j\u00f3t\u00e9konys\u00e1gi est keret\u00e9ben adta \u00e1t a Szent Erzs\u00e9bet r\u00f3zs\u00e1ja d\u00edjat november 12-\u00e9n Budapesten, a N\u00e9prajzi M\u00fazeumban. Huszonnegyedik alkalommal \u00edt\u00e9lt\u00e9k oda az MKPK \u00e1ltal alap\u00edtott d\u00edjat, amit id\u00e9n G\u00e9recz S\u00e1ndorn\u00e9, Marika, az \u00f3zdi Szent Kereszt felmagasztal\u00e1sa pl\u00e9b\u00e1nia karit\u00e1szcsoportj\u00e1nak vezet\u0151je vehetett \u00e1t.<\/h3>\n<div class=\"contentsav\">\n<p>A d\u00edj\u00e1tad\u00f3val egybek\u00f6t\u00f6tt j\u00f3t\u00e9konys\u00e1gi esten egy\u00fctt \u00fcnnepelt t\u00f6bbek k\u00f6z\u00f6tt Sp\u00e1nyi Antal sz\u00e9kesfeh\u00e9rv\u00e1ri megy\u00e9sp\u00fcsp\u00f6k, a Katolikus Karit\u00e1sz eln\u00f6ke, Terny\u00e1k Csaba egri \u00e9rsek, Herczegh Anita, a Katolikus Karit\u00e1sz \u00e9s a Magyar M\u00e1ltai Szeretetszolg\u00e1lat j\u00f3szolg\u00e1lati nagyk\u00f6vete, Hortob\u00e1gyi T. Cirill pannonhalmi f\u0151ap\u00e1t, egyh\u00e1zmegy\u00e9k \u00e9s szerzetesrendek, valamint a politikai \u00e9s a kultur\u00e1lis \u00e9let k\u00e9pvisel\u0151i, k\u00f6zt\u00fck Solt\u00e9sz Mikl\u00f3s, a Minisztereln\u00f6ks\u00e9g egyh\u00e1zi \u00e9s nemzetis\u00e9gi kapcsolatok\u00e9rt felel\u0151s \u00e1llamtitk\u00e1ra, a P\u00e1zm\u00e1ny P\u00e9ter Katolikus Egyetem vezet\u0151s\u00e9g\u00e9nek k\u00e9pvisel\u0151i, valamint a Szent Erzs\u00e9bet r\u00f3zs\u00e1ja d\u00edj kor\u00e1bbi kit\u00fcntetettjei.<\/p>\n<p><a title=\"\" rel=\"lightbox&#091;'g143143'&#093;\"><img decoding=\"async\" class=\"ckep\" src=\"https:\/\/www.magyarkurir.hu\/img1.php?id=143143&amp;v=1&amp;p=1&amp;img=c_9m7a3051.jpg\" alt=\"\" border=\"0\" \/><\/a><\/p>\n<p>G\u00e9recz S\u00e1ndorn\u00e9t\u00a0Terny\u00e1k Csaba egri \u00e9rsek \u00e9s \u00c1rvai Ferenc, az Egri F\u0151egyh\u00e1zmegyei Karit\u00e1sz igazgat\u00f3ja javaslat\u00e1ra terjesztett\u00e9k fel a d\u00edjra, s a karit\u00e1szigazgat\u00f3 indokl\u00e1s\u00e1ban kiemelte, hogy<\/p>\n<blockquote>\n<p>f\u00e1radhatatlan \u00e9s \u00e1ldozatos munk\u00e1val szolg\u00e1lja a szeg\u00e9nyeket\u201d.<\/p>\n<\/blockquote>\n<p>Marika 1997 \u00f3ta tagja az \u00f3zdi pl\u00e9b\u00e1niai karit\u00e1sznak, a szoci\u00e1lis szf\u00e9r\u00e1ban szerzett munkatapasztalatait kamatoztatja a karitat\u00edv szolg\u00e1latban. Az Egri F\u0151egyh\u00e1zmegye egyik legakt\u00edvabb karit\u00e1szcsoportj\u00e1t vezeti, tekint\u00e9lyt szerezve a szervezetnek a v\u00e1rosban. Ezt jelzi, hogy megkapta az \u00d3zd V\u00e1ros\u00e9rt kit\u00fcntet\u00e9st, tavaly pedig a Borsod-Aba\u00faj-Zempl\u00e9n V\u00e1rmegye \u00d6nkorm\u00e1nyzata Szoci\u00e1lis Munk\u00e1\u00e9rt D\u00edja\u00e1t. Egyh\u00e1zi elismer\u00e9sben is r\u00e9szes\u00fclt:\u00a0<a href=\"https:\/\/www.magyarkurir.hu\/hirek\/atadtak-caritas-hungarica-dijakat-72725\" target=\"_blank\" rel=\"noopener\">2016-ban Caritas Hungarica d\u00edjat kapott<\/a>.<\/p>\n<p><a title=\"\" rel=\"lightbox&#091;'g143143'&#093;\"><img decoding=\"async\" class=\"ckep\" src=\"https:\/\/www.magyarkurir.hu\/img1.php?id=143143&amp;v=1&amp;p=1&amp;img=c_9m7a3395.jpg\" alt=\"\" border=\"0\" \/><\/a><\/p>\n<p>A t\u00e1llyai sz\u00fclet\u00e9s\u0171, 81 \u00e9ves G\u00e9recz S\u00e1ndorn\u00e9, Marika volt \u00f6nkorm\u00e1nyzati dolgoz\u00f3k\u00e9nt j\u00f3l ismeri a v\u00e1ros r\u00e1szorul\u00f3it. A t\u00e9rs\u00e9gben nagy a munkan\u00e9lk\u00fclis\u00e9g, a csal\u00e1dok nehezen tudj\u00e1k el\u0151teremteni a tisztes meg\u00e9lhet\u00e9shez sz\u00fcks\u00e9ges javakat. A helyi karit\u00e1sz egy\u00fcttm\u0171k\u00f6dik a ter\u00fcleti csal\u00e1dseg\u00edt\u0151 int\u00e9zettel \u00e9s a katolikus iskol\u00e1val. A r\u00e1szorul\u00f3kat rendszeresen t\u00e1mogatj\u00e1k p\u00e9ld\u00e1ul gy\u00f3gyszer kiv\u00e1lt\u00e1s\u00e1val, tart\u00f3s \u00e9lelmiszerrel.\u00a0 Gyerekprogramokat, t\u00e1borokat szerveznek. A hajl\u00e9ktalanokat \u00e9s a szenved\u00e9lybetegeket is seg\u00edtik, otthonaikban l\u00e1togatj\u00e1k a fogyat\u00e9kkal \u00e9l\u0151ket.\u00a0Marika sz\u00edv\u00e9n viseli a roma kisebbs\u00e9ghez tartoz\u00f3 emberek sors\u00e1t is; a csal\u00e1dokat \u00e9lelmiszerrel, ruhaadom\u00e1nyokkal, b\u00fatorral, t\u00fczif\u00e1val seg\u00edtik. A r\u00e1szorul\u00f3k k\u00f6z\u00fcl t\u00f6bben a karit\u00e1sz \u00f6nk\u00e9nteseiv\u00e9 v\u00e1ltak az \u00e9vek sor\u00e1n.<\/p>\n<p><a title=\"\" rel=\"lightbox&#091;'g143143'&#093;\"><img decoding=\"async\" class=\"ckep\" src=\"https:\/\/www.magyarkurir.hu\/img1.php?id=143143&amp;v=1&amp;p=1&amp;img=c_9m7a3741.jpg\" alt=\"\" border=\"0\" \/><\/a><\/p>\n<p>A karit\u00e1szcsoport hagyom\u00e1nyosan megszervezi az id\u0151sek napj\u00e1t, ahova busszal sz\u00e1ll\u00edtj\u00e1k a t\u00e1volabb \u00e9l\u0151ket. Minden h\u00f3nap harmadik szerd\u00e1j\u00e1n, az id\u0151sek lelkinapj\u00e1n reggelivel \u00e9s eb\u00e9ddel vend\u00e9gelik meg az \u00e9ltesebb kor\u00faakat.<\/p>\n<p>A karit\u00e1szcsoport Marika vezet\u00e9s\u00e9vel bekapcsol\u00f3dott a Magyar \u00c9lelmiszerbank \u00e1ltal szervezett \u00e9lelmiszerment\u00e9sbe. A helyi nagy\u00e1ruh\u00e1z \u00e1ltal felaj\u00e1nlott \u00e9lelmiszerek \u00e1tv\u00e9tel\u00e9t \u00e9s sz\u00e9toszt\u00e1s\u00e1t napi szinten koordin\u00e1lj\u00e1k, vezetik az elsz\u00e1mol\u00e1shoz sz\u00fcks\u00e9ges adminisztr\u00e1ci\u00f3t.<\/p>\n<p>A kit\u00fcntet\u00e9si javaslatban az is olvashat\u00f3, hogy Marika \u201eszeretetteljes, nyugodt, er\u0151t sug\u00e1rz\u00f3 szem\u00e9lyis\u00e9ge a karit\u00e1szcsoport tagjai sz\u00e1m\u00e1ra is er\u0151t, j\u00f3 p\u00e9ld\u00e1t ad\u201d.<\/p>\n<p><a title=\"\" rel=\"lightbox&#091;'g143143'&#093;\"><img decoding=\"async\" class=\"ckep\" src=\"https:\/\/www.magyarkurir.hu\/img1.php?id=143143&amp;v=1&amp;p=1&amp;img=c_9m7a3289.jpg\" alt=\"\" border=\"0\" \/><\/a><\/p>\n<p>A d\u00edj\u00e1tad\u00f3n Veres Andr\u00e1s p\u00fcsp\u00f6k besz\u00e9d\u00e9ben T\u00f3th \u00c1rp\u00e1d\u00a0<em>L\u00e9lekt\u0151l l\u00e9lekig<\/em>\u00a0c\u00edm\u0171 vers\u00e9t id\u00e9zve arr\u00f3l besz\u00e9lt, hogy a k\u00f6lt\u0151nek az \u00e9letr\u0151l, az emberi kapcsolatokr\u00f3l \u00e9s az embertelen vil\u00e1gr\u00f3l megfogalmazott keser\u0171 sorai nemcsak a 19-20. sz\u00e1zad fordul\u00f3j\u00e1n voltak igazak, hanem napjainkban is.<\/p>\n<p>\u201eSok kort\u00e1rsunk szenved a k\u00f6z\u00f6ss\u00e9ghi\u00e1nyt\u00f3l, az \u00e9rdektelens\u00e9g, a szeretet hi\u00e1nya tapasztalhat\u00f3 a k\u00f6zvetlen kapcsolatokban, sajnos a csal\u00e1dokban is. A telev\u00edzi\u00f3 mell\u00e9 befurakodott az elektronikus eszk\u00f6z\u00f6k sokas\u00e1ga, amelyek tov\u00e1bb fokozz\u00e1k a szem\u00e9lyek k\u00f6z\u00f6tti kapcsolatok elsiv\u00e1rosod\u00e1s\u00e1t.\u201d\u00a0De milyen j\u00f3 megtapasztalni, hogy vannak k\u00f6zt\u00fcnk sz\u00e9p sz\u00e1mmal olyanok, akik gyakran \u00f6nmagukr\u00f3l is megfeledkezve m\u00e1sok gy\u00e1mol\u00edt\u00e1s\u00e1ban lelik az \u00f6r\u00f6m\u00fcket \u2013 folytatta a p\u00fcsp\u00f6k.<\/p>\n<p><a title=\"\" rel=\"lightbox&#091;'g143143'&#093;\"><img decoding=\"async\" class=\"ckep\" src=\"https:\/\/www.magyarkurir.hu\/img1.php?id=143143&amp;v=1&amp;p=1&amp;img=c_9m7a3341.jpg\" alt=\"\" border=\"0\" \/><\/a><\/p>\n<p>\u0150ket id\u0151nk\u00e9nt \u201ebaleknak\u201d, \u201el\u00fazernek\u201d\u00a0tartj\u00e1k ez\u00e9rt. Ugyanakkor mi tudjuk, hogy<\/p>\n<blockquote>\n<p>\u0151k azok, akik arr\u00f3l a szeretetr\u0151l tesznek tan\u00fas\u00e1got, amelyr\u0151l J\u00e9zus az utols\u00f3 \u00edt\u00e9let kapcs\u00e1n tan\u00edtott. \u201eJ\u00f6jjetek, Aty\u00e1m \u00e1ldottai, vegy\u00e9tek birtokba az orsz\u00e1got\u2026 Mert \u00e9heztem \u00e9s ennem adtatok&#8230;\u201e (Mt 25, 31-46).<\/p>\n<\/blockquote>\n<p>Amig nem jutunk el a szeretetben addig, hogy \u00e1ldozatok \u00e1r\u00e1n is seg\u00edts\u00fcnk m\u00e1sokon, \u00fagy j\u00e1runk, mint az evang\u00e9liumi gazdag ifj\u00fa, aki nem \u00e9rezhette boldognak mag\u00e1t a maga vall\u00e1soss\u00e1g\u00e1ban \u2013 figyelmeztetett a p\u00fcsp\u00f6k. V\u00f6r\u00f6smarty Mih\u00e1ly\u00a0<em>A mereng\u0151h\u00f6z<\/em>\u00a0c\u00edm\u0171 vers\u00e9t id\u00e9zte ezzel kapcsolatban: \u201eMi az, mi embert boldogg\u00e1 tehetne? \/ Kincs? h\u00edr? gy\u00f6ny\u00f6r? Legyen b\u00e1r, mint \u00f6z\u00f6n, \/ A telhetetlen elmer\u00fclhet benne, \/ S nem fogja tudni, hogy van sz\u00edv\u00f6r\u00f6m.\u201d<\/p>\n<p><a title=\"\" rel=\"lightbox&#091;'g143143'&#093;\"><img decoding=\"async\" class=\"ckep\" src=\"https:\/\/www.magyarkurir.hu\/img1.php?id=143143&amp;v=1&amp;p=1&amp;img=c_9m7a2995.jpg\" alt=\"\" border=\"0\" \/><\/a><\/p>\n<p>Veres Andr\u00e1s p\u00e9ldak\u00e9nt \u00e1ll\u00edtotta mindenki el\u00e9 \u00c1rp\u00e1d-h\u00e1zi Szent Erzs\u00e9betet, a szolg\u00e1l\u00f3 szeretet szentj\u00e9t, a szeg\u00e9nyek gondoz\u00f3j\u00e1t. Mint mondta,<\/p>\n<blockquote>\n<p>im\u00e1dkoznunk kell az\u00e9rt, hogy egyre \u00e1ldozatosabban tudjunk szeretni, hogy megismerhess\u00fck a szeretet krisztusi m\u00e9rt\u00e9k\u00e9t.<\/p>\n<\/blockquote>\n<p>Hozz\u00e1tette: \u201eJ\u00e9zus azt mondta, hogy m\u00e1r most boldogok azok, aki az \u0151 tan\u00edt\u00e1sa szerint \u00e9lnek\u201d.<\/p>\n<p><a title=\"\" rel=\"lightbox&#091;'g143143'&#093;\"><img decoding=\"async\" class=\"ckep\" src=\"https:\/\/www.magyarkurir.hu\/img1.php?id=143143&amp;v=1&amp;p=1&amp;img=c_9m7a3590.jpg\" alt=\"\" border=\"0\" \/><\/a><\/p>\n<p>A p\u00fcsp\u00f6k \u00f6r\u00f6m\u00e9t fejezte ki, hogy ism\u00e9t egy p\u00e9ldamutat\u00f3 szolg\u00e1lat \u00e9s szem\u00e9ly kaphat elismer\u00e9st, majd besz\u00e9de ut\u00e1n k\u00f6vetkezett a Szent Erzs\u00e9bet r\u00f3zs\u00e1ja d\u00edj \u00e1tad\u00e1sa.<\/p>\n<p>G\u00e9recz S\u00e1ndorn\u00e9, Marika a d\u00edj \u00e1tv\u00e9tele ut\u00e1n h\u00e1l\u00e1s, sz\u00edvb\u00e9li k\u00f6sz\u00f6netet mondott az elismer\u00e9s\u00e9rt. Ahogy mondta, \u201eels\u0151sorban Istennek k\u00f6sz\u00f6n\u00f6m, hogy a szeg\u00e9nyek seg\u00edt\u00e9se k\u00f6zben a legnehezebb helyzetekben is adott t\u00fcrelmet, s a szolg\u00e1lat v\u00e9gz\u00e9s\u00e9hez eg\u00e9szs\u00e9get\u201d.<\/p>\n<p><a title=\"\" rel=\"lightbox&#091;'g143143'&#093;\"><img decoding=\"async\" class=\"ckep\" src=\"https:\/\/www.magyarkurir.hu\/img1.php?id=143143&amp;v=1&amp;p=1&amp;img=c_9m7a3650.jpg\" alt=\"\" border=\"0\" \/><\/a><\/p>\n<p>K\u00f6sz\u00f6netet mondott azoknak, akik a d\u00edjra felterjesztett\u00e9k, illetve minden karit\u00e1szmunkat\u00e1rs\u00e1nak, hiszen \u2013 ahogy fogalmazott \u2013<\/p>\n<blockquote>\n<p>a szeg\u00e9nyek szeretettel val\u00f3 szolg\u00e1lata csoportmunka\u201d.<\/p>\n<\/blockquote>\n<p>Az MKPK a Katolikus Szeretetszolg\u00e1lat kezdem\u00e9nyez\u00e9s\u00e9re 1999 december\u00e9ben alap\u00edtotta a Szent Erzs\u00e9bet r\u00f3zs\u00e1ja d\u00edjat az irgalmass\u00e1g \u00e9s a szolg\u00e1l\u00f3 szeretet er\u00e9nyeinek elismer\u00e9s\u00e9re \u00e9s a d\u00edjazottak szem\u00e9lyes p\u00e9ld\u00e1j\u00e1nak felmutat\u00e1s\u00e1ra.<\/p>\n<p>A d\u00edjazott \u2013 imm\u00e1r hagyom\u00e1nyosan \u2013 t\u00f6bb kieg\u00e9sz\u00edt\u0151 d\u00edjban is r\u00e9szes\u00fcl. M\u00e1rk Gergely r\u00f3zsanemes\u00edt\u0151 a 2000-ben R\u00f3m\u00e1ban arany\u00e9remmel jutalmazott \u201eSzent Erzs\u00e9bet eml\u00e9ke\u201d elnevez\u00e9s\u0171 r\u00f3zsafajta t\u00f6veit aj\u00e1nd\u00e9kozta a d\u00edjazottnak. Godzs\u00e1k Zolt\u00e1nn\u00e9nak k\u00f6sz\u00f6nhet\u0151en, aki Szeged-Sz\u0151regen tov\u00e1bbra is termeszti \u00e9s forgalmazza a Szent Erzs\u00e9bet r\u00f3zs\u00e1j\u00e1t, folytat\u00f3dik a kiv\u00e1l\u00f3 kert\u00e9szm\u00e9rn\u00f6k \u00e1ltal megkezdett hagyom\u00e1ny.<\/p>\n<p><a title=\"\" rel=\"lightbox&#091;'g143143'&#093;\"><img decoding=\"async\" class=\"ckep\" src=\"https:\/\/www.magyarkurir.hu\/img1.php?id=143143&amp;v=1&amp;p=1&amp;img=c_9m7a3104.jpg\" alt=\"\" border=\"0\" \/><\/a><\/p>\n<p>Hermann Istv\u00e1n a Szent Erzs\u00e9bet r\u00f3zs\u00e1ja d\u00edj \u00e1tad\u00e1s\u00e1nak eml\u00e9ket \u00e1ll\u00edt\u00f3 b\u00e9lyeg\u00edv bekeretezett d\u00edszp\u00e9ld\u00e1ny\u00e1val kedveskedett a d\u00edjazottnak id\u00e9n is. Orient Enik\u0151 textilm\u0171v\u00e9sz \u00e9s V. Andrejszky Katalin iparm\u0171v\u00e9sz Szent Erzs\u00e9bet r\u00f3zs\u00e1ib\u00f3l \u00f6ssze\u00e1ll\u00edtott vir\u00e1gcsokor-kompoz\u00edci\u00f3j\u00e1val is gazdagabb lett a kit\u00fcntetett, valamint a m\u0171v\u00e9szek egy Szent Erzs\u00e9betet \u00e1br\u00e1zol\u00f3 aranyozott k\u00e9ppel is megaj\u00e1nd\u00e9kozt\u00e1k a d\u00edjazottat.<\/p>\n<p>A Magyar Kur\u00edr egy \u00daj Ember-kiadv\u00e1nyokb\u00f3l \u00e1ll\u00f3 csomaggal, a\u00a0B\u00e9res Gy\u00f3gyszergy\u00e1r Zrt. egy B\u00e9res-eg\u00e9szs\u00e9gcsomaggal, S\u00fcmeghy Kata, az MKPK Titk\u00e1rs\u00e1g\u00e1nak munkat\u00e1rsa egy d\u00edszesen el\u0151k\u00e9sz\u00edtett Szent Erzs\u00e9bet-keny\u00e9rrel ismerte el G\u00e9recz S\u00e1ndorn\u00e9, Marika szolg\u00e1lat\u00e1t.<\/p>\n<div class=\"keretes\">\n<p>A N\u00e9prajzi M\u00fazeumban megrendezett j\u00f3t\u00e9konys\u00e1gi est bev\u00e9tel\u00e9t az MKPK a Boldog Ceferino Int\u00e9zet tanoda \u00e9s nyitott h\u00e1z programj\u00e1ban r\u00e9szt vev\u0151 h\u00e1tr\u00e1nyos helyzet\u0171 gyerekek r\u00e9sz\u00e9re aj\u00e1nlja fel.<\/p>\n<p>Az int\u00e9zetet 2014-ben alap\u00edtotta az MKPK a cig\u00e1nypasztor\u00e1ci\u00f3ban dolgoz\u00f3k munk\u00e1j\u00e1nak seg\u00edt\u00e9s\u00e9re, lelki k\u00f6z\u00f6ss\u00e9g\u00fck \u00e9p\u00edt\u00e9s\u00e9re. Az int\u00e9zet sz\u00e9lesk\u00f6r\u0171 kapcsolatot \u00e9p\u00edtett ki az elm\u00falt \u00e9vekben a k\u00f6zel 100 tanod\u00e1val, az egyh\u00e1zmegy\u00e9kkel, a szakmai szervezetekkel, az MKPK Caritas in Veritate bizotts\u00e1g\u00e1val, valamint a k\u00f6rnyez\u0151 orsz\u00e1gok roma misszi\u00f3ival. \u00c9vente t\u00f6bb zar\u00e1ndoklatot, csendes napot, b\u00facs\u00fakat szerveznek. A Hit iskol\u00e1ja program keret\u00e9ben lelkip\u00e1sztori seg\u00edt\u0151ket k\u00e9peznek. A k\u00e9pz\u00e9st eddig 190 f\u0151 v\u00e9gezte el. Az int\u00e9zet a nem cig\u00e1ny sz\u00e1rmaz\u00e1s\u00fa emberek szeml\u00e9letform\u00e1l\u00e1s\u00e1t is k\u00fcldet\u00e9s\u00e9nek tekinti. A tanod\u00e1kban mintegy 2000 gyerek sz\u00e1m\u00e1ra ny\u00fajtanak seg\u00edts\u00e9get. Els\u0151dleges szempont a fiatalok egyh\u00e1zi k\u00f6z\u00f6ss\u00e9gekbe val\u00f3 bevon\u00e1sa.<\/p>\n<p>A j\u00f3t\u00e9konys\u00e1gi esten k\u00f6sz\u00f6nt\u00f6tt\u00e9k az esztergomi \u00e9s a zs\u00e1mb\u00e9ki tanod\u00e1kb\u00f3l \u00e9rkezett fiatalokat. Elhangzott, hogy a j\u00f3t\u00e9konys\u00e1gi est bev\u00e9tel\u00e9t az idei tanodai kar\u00e1csonyi m\u0171sorok megtart\u00e1s\u00e1ra, s t\u00f6bbek k\u00f6z\u00f6t sporteszk\u00f6z\u00f6k beszerz\u00e9s\u00e9re ford\u00edtj\u00e1k.<\/p>\n<p><em>Az int\u00e9zet t\u00e1mogat\u00e1s\u00e1ra a k\u00f6vetkez\u0151 sz\u00e1mlasz\u00e1mon kereszt\u00fcl is van lehet\u0151s\u00e9g:<\/em><\/p>\n<p>MKPK Titk\u00e1rs\u00e1ga, CIB Bank Zrt.<br \/>\n11100104-90012347-10000001<\/p>\n<\/div>\n<p>A Szent Erzs\u00e9bet r\u00f3zs\u00e1ja d\u00edj \u00e1tad\u00e1sa alkalm\u00e1b\u00f3l a N\u00e9prajzi M\u00fazeumban a Kossuth-, Liszt Ferenc- \u00e9s Magyar \u00d6r\u00f6ks\u00e9g d\u00edjas Misztr\u00e1l egy\u00fcttes adott exkluz\u00edv koncertet.<\/p>\n<p><a title=\"\" rel=\"lightbox&#091;'g143143'&#093;\"><img decoding=\"async\" class=\"ckep\" src=\"https:\/\/www.magyarkurir.hu\/img1.php?id=143143&amp;v=1&amp;p=1&amp;img=c_9m7a3187.jpg\" alt=\"\" border=\"0\" \/><\/a><\/p>\n<p>A koncert sz\u00fcnet\u00e9ben az MKPK fot\u00f3p\u00e1ly\u00e1zat\u00e1nak d\u00edj\u00e1tad\u00f3j\u00e1ra ker\u00fclt sor. A p\u00e1ly\u00e1zat t\u00e9m\u00e1ja K\u00e1rp\u00e1ti Tibor\u00a0<em>Gy\u00f6ngy\u00f6t az embernek<\/em>\u00a0c\u00edm\u0171 vers\u00e9nek egy r\u00e9szlete volt (\u201etenni az Isten fel\u00e9 p\u00e1r l\u00e9p\u00e9st\u201d).<\/p>\n<p>A p\u00e1ly\u00e1zaton k\u00f6znevel\u00e9si \u00e9s szakk\u00e9pz\u00e9si int\u00e9zm\u00e9nyek di\u00e1kjai vettek r\u00e9szt, a p\u00e1lyam\u0171vek zs\u0171riz\u00e9s\u00e9t a Magyar Kur\u00edr elismert (az alkot\u00e1saikkal k\u00f6z\u00f6s ki\u00e1ll\u00edt\u00e1son is szerepl\u0151) fot\u00f3sai v\u00e9gezt\u00e9k. A fot\u00f3p\u00e1ly\u00e1zat nyerteseinek Lambert Attila adta \u00e1t a d\u00edjakat k\u00e9t kateg\u00f3ri\u00e1ban: 9\u201310. \u00e9s 11\u201313. \u00e9vfolyam.<\/p>\n<p><a title=\"\" rel=\"lightbox&#091;'g143143'&#093;\"><img decoding=\"async\" class=\"ckep\" src=\"https:\/\/www.magyarkurir.hu\/img1.php?id=143143&amp;v=1&amp;p=1&amp;img=c_9m7a4480.jpg\" alt=\"\" border=\"0\" \/><\/a><\/p>\n<p>A d\u00edjazottak:\u00a09\u201310. \u00e9vfolyam:\u00a0Hiverlet Basile, Somodi Gr\u00e9ta (Andr\u00e1ssy Gy\u00f6rgy Katolikus K\u00f6zgazdas\u00e1gi Szakgimn\u00e1zium, Gimn\u00e1zium \u00e9s Koll\u00e9gium, Eger),\u00a0Lud\u00e1nyi J\u00e1nos (Szent J\u00f3zsef \u00d3voda, \u00c1ltal\u00e1nos Iskola, Gimn\u00e1zium \u00e9s Koll\u00e9gium, Deberecen), G\u00f3bor Hanna (Andr\u00e1ssy Gy\u00f6rgy Katolikus K\u00f6zgazdas\u00e1gi Szakgimn\u00e1zium, Gimn\u00e1zium \u00e9s Koll\u00e9gium);\u00a011\u201313. \u00e9vfolyam:\u00a0Farkas R\u00e9ka Luca (Premontrei Szakgimn\u00e1zium, Technikum \u00e9s Koll\u00e9gium, Keszthely),\u00a0Bank\u00f3 \u00c1d\u00e1m (Premontrei Szakgimn\u00e1zium, Technikum \u00e9s Koll\u00e9gium, Keszthely),\u00a0Szab\u00f3 M\u00e1t\u00e9 (Szent Benedek PG K\u00e9t Tan\u00edt\u00e1si Nyelv\u0171 Technikum \u00e9s Koll\u00e9gium, Kiskunf\u00e9legyh\u00e1za).<\/p>\n<p><a title=\"\" rel=\"lightbox&#091;'g143143'&#093;\"><img decoding=\"async\" class=\"ckep\" src=\"https:\/\/www.magyarkurir.hu\/img1.php?id=143143&amp;v=1&amp;p=1&amp;img=c_9m7a5408.jpg\" alt=\"\" border=\"0\" \/><\/a><\/p>\n<p>A j\u00f3t\u00e9konys\u00e1gi est az\u00a0<em>Isten, haz\u00e1nk\u00e9rt t\u00e9rdel\u00fcnk el\u0151dbe<\/em>\u00a0kezdet\u0171 \u00e9nek k\u00f6z\u00f6s el\u00e9nekl\u00e9s\u00e9vel, majd fogad\u00e1ssal fejez\u0151d\u00f6tt be.<\/p>\n<p><strong>Fot\u00f3: Mer\u00e9nyi Zita<\/strong><\/p>\n<p><strong>K\u00f6r\u00f6ssy L\u00e1szl\u00f3\/Magyar Kur\u00edr<\/strong><\/p>\n<\/div>\n<div dir=\"auto\">\n<div dir=\"auto\">\n<div dir=\"auto\"><\/div>\n<\/div>\n<\/div>\n<\/div>\n<\/div>\n<\/div>\n<\/div>\n<\/div>\n<\/div>\n<\/div>\n<\/div><\/div><\/div><\/div><\/div><div class=\"fusion-fullwidth fullwidth-box fusion-builder-row-2 fusion-flex-container fusion-parallax-none nonhundred-percent-fullwidth non-hundred-percent-height-scrolling\" style=\"--awb-border-sizes-top:0px;--awb-border-sizes-bottom:0px;--awb-border-sizes-left:0px;--awb-border-sizes-right:0px;--awb-border-radius-top-left:0px;--awb-border-radius-top-right:0px;--awb-border-radius-bottom-right:0px;--awb-border-radius-bottom-left:0px;--awb-padding-top:150px;--awb-padding-bottom:150px;--awb-background-image:url(&quot;https:\/\/karitaszeger.hu\/web\/wp-content\/uploads\/2021\/03\/segits-scaled.jpg&quot;);--awb-background-size:cover;--awb-flex-wrap:wrap;\" ><div class=\"fusion-builder-row fusion-row fusion-flex-align-items-flex-start fusion-flex-content-wrap\" style=\"max-width:calc( 1170px + 0px );margin-left: calc(-0px \/ 2 );margin-right: calc(-0px \/ 2 );\"><div class=\"fusion-layout-column fusion_builder_column fusion-builder-column-1 fusion_builder_column_1_1 1_1 fusion-flex-column\" style=\"--awb-padding-right:11%;--awb-padding-left:11%;--awb-bg-size:cover;--awb-width-large:100%;--awb-margin-top-large:0px;--awb-spacing-right-large:0px;--awb-margin-bottom-large:20px;--awb-spacing-left-large:0px;--awb-width-medium:100%;--awb-spacing-right-medium:0px;--awb-spacing-left-medium:0px;--awb-width-small:100%;--awb-spacing-right-small:0px;--awb-spacing-left-small:0px;\"><div class=\"fusion-column-wrapper fusion-flex-justify-content-flex-start fusion-content-layout-column\"><div class=\"fusion-title title fusion-title-1 fusion-sep-none fusion-title-center fusion-title-text fusion-title-size-two\" style=\"--awb-text-color:#ffffff;--awb-margin-top-small:0px;--awb-margin-right-small:0px;--awb-margin-bottom-small:20px;--awb-margin-left-small:0px;\"><h2 class=\"fusion-title-heading title-heading-center\" style=\"margin:0;line-height:1;\"><h2 class=\"piros kozepre\"><span style=\"color: #ffffff;\">AZ \u00d6N SEG\u00cdTS\u00c9G\u00c9RE\u00a0IS SZ\u00dcKS\u00c9G VAN!<\/span><\/h2>\n<div class=\"content\"><\/div><\/h2><\/div><div class=\"fusion-separator\" style=\"align-self: center;margin-left: auto;margin-right: auto;margin-top:0px;margin-bottom:40px;width:100%;max-width:200px;\"><div class=\"fusion-separator-border sep-single sep-solid\" style=\"--awb-height:20px;--awb-amount:20px;--awb-sep-color:#f44336;border-color:#f44336;border-top-width:3px;\"><\/div><\/div><div class=\"fusion-text fusion-text-2\"><h2 style=\"text-align: center;\"><span style=\"color: #ffffff;\"><strong>1356 \u2013 H\u00cdVJON, HOGY SEG\u00cdTHESS\u00dcNK!<\/strong><\/span><\/h2>\n<\/div><div class=\"fusion-builder-row fusion-builder-row-inner fusion-row fusion-flex-align-items-flex-start fusion-flex-content-wrap\" style=\"--awb-flex-grow:0;--awb-flex-grow-medium:0;--awb-flex-grow-small:0;--awb-flex-shrink:0;--awb-flex-shrink-medium:0;--awb-flex-shrink-small:0;width:calc( 100% + 0px ) !important;max-width:calc( 100% + 0px ) !important;margin-left: calc(-0px \/ 2 );margin-right: calc(-0px \/ 2 );\"><div class=\"fusion-layout-column fusion_builder_column_inner fusion-builder-nested-column-0 fusion_builder_column_inner_1_3 1_3 fusion-flex-column\" style=\"--awb-bg-size:cover;--awb-width-large:33.333333333333%;--awb-margin-top-large:0px;--awb-spacing-right-large:0px;--awb-margin-bottom-large:20px;--awb-spacing-left-large:0px;--awb-width-medium:100%;--awb-order-medium:0;--awb-spacing-right-medium:0px;--awb-spacing-left-medium:0px;--awb-width-small:100%;--awb-order-small:0;--awb-spacing-right-small:0px;--awb-spacing-left-small:0px;\"><div class=\"fusion-column-wrapper fusion-column-has-shadow fusion-flex-justify-content-flex-start fusion-content-layout-column\"><\/div><\/div><div class=\"fusion-layout-column fusion_builder_column_inner fusion-builder-nested-column-1 fusion_builder_column_inner_1_3 1_3 fusion-flex-column fusion-animated\" style=\"--awb-bg-color:#f44336;--awb-bg-color-hover:#f44336;--awb-bg-size:cover;--awb-width-large:33.333333333333%;--awb-margin-top-large:0px;--awb-spacing-right-large:0px;--awb-margin-bottom-large:20px;--awb-spacing-left-large:0px;--awb-width-medium:100%;--awb-order-medium:0;--awb-spacing-right-medium:0px;--awb-spacing-left-medium:0px;--awb-width-small:100%;--awb-order-small:0;--awb-spacing-right-small:0px;--awb-spacing-left-small:0px;\" data-animationType=\"bounceInDown\" data-animationDuration=\"1.3\" data-animationOffset=\"top-into-view\"><div class=\"fusion-column-wrapper fusion-column-has-shadow fusion-flex-justify-content-flex-start fusion-content-layout-column\"><div style=\"text-align:center;\"><a class=\"fusion-button button-flat fusion-button-default-size button-custom fusion-button-default button-1 fusion-button-default-span fusion-button-default-type fusion-has-button-gradient\" style=\"--button_accent_color:#ffffff;--button_accent_hover_color:#f44336;--button_border_hover_color:#f44336;--button_border_width-top:0px;--button_border_width-right:0px;--button_border_width-bottom:0px;--button_border_width-left:0px;--button_gradient_top_color:rgba(254,201,107,0);--button_gradient_bottom_color:rgba(254,201,107,0);--button_gradient_top_color_hover:#ffffff;--button_gradient_bottom_color_hover:rgba(0,0,0,0);\" target=\"_self\" href=\"#\"><i class=\"fa-credit-card fas awb-button__icon awb-button__icon--default button-icon-left\" aria-hidden=\"true\"><\/i><span class=\"fusion-button-text awb-button__text awb-button__text--default\">ONLINE ADOM\u00c1NYOZ\u00c1S<\/span><\/a><\/div><\/div><\/div><div class=\"fusion-layout-column fusion_builder_column_inner fusion-builder-nested-column-2 fusion_builder_column_inner_1_3 1_3 fusion-flex-column\" style=\"--awb-bg-size:cover;--awb-width-large:33.333333333333%;--awb-margin-top-large:0px;--awb-spacing-right-large:0px;--awb-margin-bottom-large:20px;--awb-spacing-left-large:0px;--awb-width-medium:100%;--awb-order-medium:0;--awb-spacing-right-medium:0px;--awb-spacing-left-medium:0px;--awb-width-small:100%;--awb-order-small:0;--awb-spacing-right-small:0px;--awb-spacing-left-small:0px;\"><div class=\"fusion-column-wrapper fusion-column-has-shadow fusion-flex-justify-content-flex-start fusion-content-layout-column\"><\/div><\/div><\/div><\/div><\/div><\/div><\/div><div class=\"fusion-fullwidth fullwidth-box fusion-builder-row-3 fusion-flex-container nonhundred-percent-fullwidth non-hundred-percent-height-scrolling\" style=\"--awb-border-radius-top-left:0px;--awb-border-radius-top-right:0px;--awb-border-radius-bottom-right:0px;--awb-border-radius-bottom-left:0px;--awb-flex-wrap:wrap;\" ><div class=\"fusion-builder-row fusion-row fusion-flex-align-items-flex-start fusion-flex-content-wrap\" style=\"max-width:1216.8px;margin-left: calc(-4% \/ 2 );margin-right: calc(-4% \/ 2 );\"><div class=\"fusion-layout-column fusion_builder_column fusion-builder-column-2 fusion_builder_column_1_1 1_1 fusion-flex-column\" style=\"--awb-bg-size:cover;--awb-width-large:100%;--awb-margin-top-large:0px;--awb-spacing-right-large:1.92%;--awb-margin-bottom-large:0px;--awb-spacing-left-large:1.92%;--awb-width-medium:100%;--awb-spacing-right-medium:1.92%;--awb-spacing-left-medium:1.92%;--awb-width-small:100%;--awb-spacing-right-small:1.92%;--awb-spacing-left-small:1.92%;\"><div class=\"fusion-column-wrapper fusion-flex-justify-content-flex-start fusion-content-layout-column\"><div class=\"fusion-text fusion-text-3\"><\/div><\/div><\/div><\/div><\/div><div class=\"fusion-fullwidth fullwidth-box fusion-builder-row-4 fusion-flex-container nonhundred-percent-fullwidth non-hundred-percent-height-scrolling\" style=\"--awb-border-radius-top-left:0px;--awb-border-radius-top-right:0px;--awb-border-radius-bottom-right:0px;--awb-border-radius-bottom-left:0px;--awb-flex-wrap:wrap;\" ><div class=\"fusion-builder-row fusion-row fusion-flex-align-items-flex-start fusion-flex-content-wrap\" style=\"max-width:1216.8px;margin-left: calc(-4% \/ 2 );margin-right: calc(-4% \/ 2 );\"><div class=\"fusion-layout-column fusion_builder_column fusion-builder-column-3 fusion_builder_column_1_1 1_1 fusion-flex-column\" style=\"--awb-bg-size:cover;--awb-width-large:100%;--awb-margin-top-large:0px;--awb-spacing-right-large:1.92%;--awb-margin-bottom-large:0px;--awb-spacing-left-large:1.92%;--awb-width-medium:100%;--awb-spacing-right-medium:1.92%;--awb-spacing-left-medium:1.92%;--awb-width-small:100%;--awb-spacing-right-small:1.92%;--awb-spacing-left-small:1.92%;\"><div class=\"fusion-column-wrapper fusion-flex-justify-content-flex-start fusion-content-layout-column\"><div class=\"fusion-text fusion-text-4\"><\/div><\/div><\/div><\/div><\/div><\/p>\n","protected":false},"excerpt":{"rendered":"","protected":false},"author":3,"featured_media":5863,"comment_status":"open","ping_status":"open","sticky":false,"template":"","format":"standard","meta":{"footnotes":""},"categories":[107],"tags":[],"class_list":["post-5862","post","type-post","status-publish","format-standard","has-post-thumbnail","hentry","category-hirek"],"_links":{"self":[{"href":"https:\/\/karitaszeger.hu\/web\/wp-json\/wp\/v2\/posts\/5862","targetHints":{"allow":["GET"]}}],"collection":[{"href":"https:\/\/karitaszeger.hu\/web\/wp-json\/wp\/v2\/posts"}],"about":[{"href":"https:\/\/karitaszeger.hu\/web\/wp-json\/wp\/v2\/types\/post"}],"author":[{"embeddable":true,"href":"https:\/\/karitaszeger.hu\/web\/wp-json\/wp\/v2\/users\/3"}],"replies":[{"embeddable":true,"href":"https:\/\/karitaszeger.hu\/web\/wp-json\/wp\/v2\/comments?post=5862"}],"version-history":[{"count":1,"href":"https:\/\/karitaszeger.hu\/web\/wp-json\/wp\/v2\/posts\/5862\/revisions"}],"predecessor-version":[{"id":5864,"href":"https:\/\/karitaszeger.hu\/web\/wp-json\/wp\/v2\/posts\/5862\/revisions\/5864"}],"wp:featuredmedia":[{"embeddable":true,"href":"https:\/\/karitaszeger.hu\/web\/wp-json\/wp\/v2\/media\/5863"}],"wp:attachment":[{"href":"https:\/\/karitaszeger.hu\/web\/wp-json\/wp\/v2\/media?parent=5862"}],"wp:term":[{"taxonomy":"category","embeddable":true,"href":"https:\/\/karitaszeger.hu\/web\/wp-json\/wp\/v2\/categories?post=5862"},{"taxonomy":"post_tag","embeddable":true,"href":"https:\/\/karitaszeger.hu\/web\/wp-json\/wp\/v2\/tags?post=5862"}],"curies":[{"name":"wp","href":"https:\/\/api.w.org\/{rel}","templated":true}]}}