{"id":5976,"date":"2025-04-21T12:07:22","date_gmt":"2025-04-21T10:07:22","guid":{"rendered":"https:\/\/karitaszeger.hu\/web\/?p=5976"},"modified":"2025-05-22T12:08:41","modified_gmt":"2025-05-22T10:08:41","slug":"ferenc-papa-hazakoltozott-az-atyai-hazba","status":"publish","type":"post","link":"https:\/\/karitaszeger.hu\/web\/2025\/04\/21\/ferenc-papa-hazakoltozott-az-atyai-hazba\/","title":{"rendered":"Ferenc p\u00e1pa hazak\u00f6lt\u00f6z\u00f6tt az Atyai h\u00e1zba"},"content":{"rendered":"<p><div class=\"fusion-fullwidth fullwidth-box fusion-builder-row-1 fusion-flex-container nonhundred-percent-fullwidth non-hundred-percent-height-scrolling\" style=\"--awb-border-radius-top-left:0px;--awb-border-radius-top-right:0px;--awb-border-radius-bottom-right:0px;--awb-border-radius-bottom-left:0px;--awb-padding-bottom:30px;--awb-flex-wrap:wrap;\" ><div class=\"fusion-builder-row fusion-row fusion-flex-align-items-flex-start fusion-flex-content-wrap\" style=\"max-width:1216.8px;margin-left: calc(-4% \/ 2 );margin-right: calc(-4% \/ 2 );\"><div class=\"fusion-layout-column fusion_builder_column fusion-builder-column-0 fusion_builder_column_1_1 1_1 fusion-flex-column\" style=\"--awb-bg-size:cover;--awb-width-large:100%;--awb-margin-top-large:0px;--awb-spacing-right-large:1.92%;--awb-margin-bottom-large:0px;--awb-spacing-left-large:1.92%;--awb-width-medium:100%;--awb-spacing-right-medium:1.92%;--awb-spacing-left-medium:1.92%;--awb-width-small:100%;--awb-spacing-right-small:1.92%;--awb-spacing-left-small:1.92%;\"><div class=\"fusion-column-wrapper fusion-flex-justify-content-flex-start fusion-content-layout-column\"><div class=\"fusion-separator fusion-full-width-sep\" style=\"align-self: center;margin-left: auto;margin-right: auto;margin-bottom:10px;width:100%;\"><div class=\"fusion-separator-border sep-single\" style=\"--awb-height:20px;--awb-amount:20px;border-color:#e00000;border-top-width:1px;\"><\/div><\/div><div class=\"fusion-text fusion-text-1\" style=\"--awb-text-transform:none;\"><div class=\"\" dir=\"auto\">\n<div id=\":Rlal5bb9l5qq75b5klbaH2:\" class=\"x1iorvi4 x1pi30zi x1l90r2v x1swvt13\" data-ad-comet-preview=\"message\" data-ad-preview=\"message\">\n<div class=\"x78zum5 xdt5ytf xz62fqu x16ldp7u\">\n<div class=\"xu06os2 x1ok221b\">\n<div class=\"xdj266r x11i5rnm xat24cr x1mh8g0r x1vvkbs x126k92a\">\n<div class=\"xdj266r x11i5rnm xat24cr x1mh8g0r x1vvkbs x126k92a\">\n<div class=\"xdj266r x11i5rnm xat24cr x1mh8g0r x1vvkbs x126k92a\">\n<h1 class=\"cim\" style=\"text-align: center;\">Ferenc p\u00e1pa hazak\u00f6lt\u00f6z\u00f6tt az Atyai h\u00e1zba<\/h1>\n<div class=\"kozepre\"><a class=\"fokep\" rel=\"lightbox&#091;'g145386'&#093;\"><img decoding=\"async\" class=\"aligncenter\" src=\"https:\/\/www.magyarkurir.hu\/img1.php?id=145386&amp;v=1&amp;img=c_20230430-img_6541.jpg\" \/><\/a><\/div>\n<h3 class=\"lead\">Ferenc p\u00e1pa 2025. \u00e1prilis 21-\u00e9n, h\u00fasv\u00e9th\u00e9tf\u0151n, 7 \u00f3ra 35 perckor a Vatik\u00e1nban visszaadta lelk\u00e9t a teremt\u0151 Istennek. Temet\u00e9s\u00e9r\u0151l a Vatik\u00e1n k\u00e9s\u0151bb tesz hivatalos bejelent\u00e9st.<\/h3>\n<div class=\"contentsav\">\n<div class=\"keretes\">\n<p>A Szentsz\u00e9ki Sajt\u00f3k\u00f6zpont 9.56-kor olasz nyelven adott ki t\u00e1j\u00e9koztat\u00e1st:<\/p>\n<p>Nemr\u00e9g \u0150eminenci\u00e1ja, Farrell b\u00edboros \u00far f\u00e1jdalommal jelentette be Ferenc p\u00e1pa hal\u00e1l\u00e1t, a k\u00f6vetkez\u0151 szavakkal: \u201eKedves testv\u00e9reim, m\u00e9ly f\u00e1jdalommal kell bejelentenem a Szentatya, Ferenc p\u00e1pa hal\u00e1l\u00e1t.<\/p>\n<p>Ma reggel 7 \u00f3ra 35 perckor Ferenc, R\u00f3ma p\u00fcsp\u00f6ke visszat\u00e9rt az Atya h\u00e1z\u00e1ba. Eg\u00e9sz \u00e9let\u00e9t az \u00dar \u00e9s \u0151 Egyh\u00e1za szolg\u00e1lat\u00e1nak szentelte.<\/p>\n<p>Arra tan\u00edtott minket, hogy h\u0171s\u00e9ggel, b\u00e1tors\u00e1ggal \u00e9s egyetemes szeretettel \u00e9lj\u00fck meg az evang\u00e9lium \u00e9rt\u00e9keit, k\u00fcl\u00f6n\u00f6sen a legszeg\u00e9nyebb \u00e9s a legink\u00e1bb peremre szorult emberek jav\u00e1ra.<\/p>\n<p>M\u00e9rhetetlen h\u00e1l\u00e1val, ami\u00e9rt p\u00e9ld\u00e1t mutatott arr\u00f3l, mit jelent az \u00dar J\u00e9zus igaz tan\u00edtv\u00e1ny\u00e1nak lenni, Ferenc p\u00e1pa lelk\u00e9t a Szenth\u00e1roms\u00e1gos Egy Isten v\u00e9gtelen irgalmas szeretet\u00e9be aj\u00e1nljuk.\u201d<\/p>\n<\/div>\n<p>Jorge Mario Bergoglio 1936. december 17-\u00e9n sz\u00fcletett Buenos Airesben. Sz\u00fclei az olaszorsz\u00e1gi Piemont tartom\u00e1nyb\u00f3l v\u00e1ndoroltak ki Argent\u00edna f\u0151v\u00e1ros\u00e1ba. Egy vegyipari technikumban szerzett \u00e9retts\u00e9git k\u00f6vet\u0151en 1958-ban l\u00e9pett be a szemin\u00e1riumba, \u00e9s ekkor kezdte meg novici\u00e1tus\u00e1t a jezsuit\u00e1kn\u00e1l.<\/p>\n<p>1969-ben szentelt\u00e9k papp\u00e1, majd 1973-ban az argentin jezsuita provincia el\u00f6lj\u00e1r\u00f3j\u00e1v\u00e1 v\u00e1lasztott\u00e1k.<\/p>\n<p>1992-ben szentelt\u00e9k p\u00fcsp\u00f6kk\u00e9. 1998. febru\u00e1r 28-\u00e1n Szent II. J\u00e1nos P\u00e1l p\u00e1pa Buenos Aires \u00e9rsek\u00e9v\u00e9 \u00e9s Argent\u00edna pr\u00edm\u00e1s\u00e1v\u00e1 nevezte ki. A 2001. febru\u00e1r 21-\u00e9n tartott konziszt\u00f3riumon a lengyel p\u00e1pa b\u00edboross\u00e1 kre\u00e1lta.<\/p>\n<p>2005-t\u0151l p\u00e1p\u00e1v\u00e1 v\u00e1laszt\u00e1s\u00e1ig az Argentin Katolikus P\u00fcsp\u00f6ki Konferencia eln\u00f6ke volt.<\/p>\n<p>2013. m\u00e1rcius 13-\u00e1n, XVI. Benedek p\u00e1pa lemond\u00e1s\u00e1t k\u00f6vet\u0151en, a b\u00edborosok test\u00fclet\u00e9nek d\u00f6nt\u00e9se \u00e9rtelm\u00e9ben a Katolikus Egyh\u00e1z 266. p\u00e1p\u00e1ja lett. Szent P\u00e9ter ut\u00f3dak\u00e9nt a Ferenc nevet v\u00e1lasztotta.<\/p>\n<p>Ferenc p\u00e1pa tr\u00f3nra ker\u00fcl\u00e9s\u00e9nek els\u0151 pillanat\u00e1t\u00f3l kezdve \u00e9rt\u00e9s\u00fcnkre adta, mik lesznek pontifik\u00e1tus\u00e1nak kulcsszavai: b\u00e9ke, k\u00f6zels\u00e9g, szeg\u00e9nys\u00e9g, peremter\u00fcletek.<\/p>\n<p>El\u0151dei hagyom\u00e1ny\u00e1t folytatva nem maradt a Vatik\u00e1n falain bel\u00fcl, sz\u00edvesen utazott. Els\u0151 \u00fatja Lampedusa sziget\u00e9re vezetett, de ott volt a Rio de Janier\u00f3-i ifj\u00fas\u00e1gi vil\u00e1gnapon is.<\/p>\n<p>XVI. Benedek emeritus p\u00e1p\u00e1val a megv\u00e1laszt\u00e1sa ut\u00e1n t\u00f6bbsz\u00f6r tal\u00e1lkozott. Gyakran t\u00f6lt\u00f6ttek id\u0151t egy\u00fctt, \u00e9s ezt a szok\u00e1sukat eg\u00e9szen\u00a0<a href=\"https:\/\/www.magyarkurir.hu\/hirek\/elhunyt-xvi-benedek-emeritus-papa\" target=\"_blank\" rel=\"noopener\">a lek\u00f6sz\u00f6nt p\u00e1pa hal\u00e1l\u00e1ig<\/a>\u00a0megtartott\u00e1k.<\/p>\n<p>A k\u00f6vetkez\u0151 \u00e9vben Ferenc p\u00e1pa a megb\u00e9k\u00e9l\u00e9s \u00e9s a p\u00e1rbesz\u00e9d \u00fczenet\u00e9vel a Szentf\u00f6ldre \u00e9s T\u00f6r\u00f6korsz\u00e1gba utazott. Ebben az \u00e9vben besz\u00e9det int\u00e9zett az eur\u00f3pai vezet\u0151kh\u00f6z, felh\u00edvta a figyelm\u00fcket arra, hogy a haszon helyett az emberi m\u00e9lt\u00f3s\u00e1got tekints\u00e9k magasabb rend\u0171 \u00e9rt\u00e9knek.<\/p>\n<p>T\u00edz \u00e9vvel ezel\u0151tt, 2015-ben \u00edrta meg a<a href=\"https:\/\/regi.katolikus.hu\/konyvtar.php?h=469\" target=\"_blank\" rel=\"noopener\"><em>\u00a0Laudato si&#8217;<\/em>\u00a0enciklik\u00e1t<\/a>, amelyben felh\u00edvta minden j\u00f3 sz\u00e1nd\u00e9k\u00fa ember figyelm\u00e9t a \u201ek\u00f6z\u00f6s otthon\u201d gondoz\u00e1s\u00e1ra \u00e9s a legkiszolg\u00e1ltatottabbak v\u00e9delm\u00e9re, akik sz\u00e1m\u00e1ra biztos\u00edtani kell \u201eotthont, munk\u00e1t, f\u00f6ldet\u201d. Ferenc p\u00e1pa 2015 szeptember\u00e9ben Kub\u00e1ba majd New Yorkba l\u00e1togatott, ahol a Ground Zero eml\u00e9km\u0171n\u00e9l im\u00e1dkozott \u00e9s az ENSZ sz\u00e9kh\u00e1z\u00e1ban is besz\u00e9det mondott.<\/p>\n<p>2016-ban meghirdette az irgalmass\u00e1g rendk\u00edv\u00fcli szent\u00e9v\u00e9t.<\/p>\n<p>A Szentatya kezdem\u00e9nyez\u00e9s\u00e9re 2017-ben el\u0151sz\u00f6r rendezt\u00e9k meg a szeg\u00e9nyek vil\u00e1gnapj\u00e1t. Ferenc p\u00e1pa sz\u00e1m\u00e1ra a szeg\u00e9nyek jelentett\u00e9k az \u201e\u00fatlevelet a Paradicsomba\u201d. Ebben az \u00e9vben elutazott Egyiptomba, \u00e9s eljutott a t\u00e1voli Mianmarba, hogy osztozzon a rohingja n\u00e9p f\u00e1jdalm\u00e1ban.<\/p>\n<p>2018-ban szin\u00f3dust tartottak a fiatalokr\u00f3l, a fiatalokkal k\u00f6z\u00f6sen. Ugyanebben az \u00e9vben t\u00f6rt\u00e9nelmi meg\u00e1llapod\u00e1s sz\u00fcletett a Vatik\u00e1n \u00e9s K\u00edna k\u00f6z\u00f6tt a p\u00fcsp\u00f6k\u00f6k kinevez\u00e9s\u00e9vel kapcsolatban.<\/p>\n<p>2019-ben Ferenc p\u00e1pa \u00e9s\u00a0Ahmad et-Tajjeb f\u0151im\u00e1m\u00a0<a href=\"https:\/\/www.magyarkurir.hu\/hirek\/exkluziv-az-emberi-testverisegrol-szolo-abu-dzabiban-alairt-tortenelmi-jelentosegu-dokumentum\" target=\"_blank\" rel=\"noopener\">t\u00f6rt\u00e9nelmi nyilatkozatot \u00edrt al\u00e1<\/a>\u00a0Abu-Dzabiban, amelyben el\u00edt\u00e9lt\u00e9k a terrorizmust \u00e9s az er\u0151szakot. Ugyanebben az \u00e9vben t\u00f6rt\u00e9nt, hogy Ferenc p\u00e1pa a p\u00e1namaz\u00f3niai r\u00e9gi\u00f3 megment\u00e9s\u00e9nek szentelt p\u00fcsp\u00f6ki szin\u00f3dust rendelt el. A Szentatya tov\u00e1bbi int\u00e9zked\u00e9seivel megszil\u00e1rd\u00edtotta az Egyh\u00e1z tisztul\u00e1si \u00e9s meg\u00fajul\u00e1si folyamat\u00e1t a b\u00e1ntalmazott kiskor\u00faak v\u00e9delme \u00e9rdek\u00e9ben.<\/p>\n<p>2020-ban kit\u00f6rt a koronav\u00edrus-j\u00e1rv\u00e1ny, amikor a Szentatya im\u00e1ban, szavakban \u00e9s gesztusokban folyamatosan \u00e9reztette a vil\u00e1ghoz val\u00f3 k\u00f6zels\u00e9g\u00e9t.<\/p>\n<p>A k\u00f6vetkez\u0151 \u00e9vben Ferenc p\u00e1pa a b\u00e9ke zar\u00e1ndokak\u00e9nt l\u00e1togat\u00e1st tett a F\u00f6ldk\u00f6zi-tenger medenc\u00e9j\u00e9ben, ahol megl\u00e1t\u00e1sa szerint az emberis\u00e9get a \u201eciviliz\u00e1ci\u00f3 haj\u00f3t\u00f6r\u00e9se\u201d fenyegeti.<\/p>\n<p>2022 febru\u00e1rj\u00e1t\u00f3l Ferenc p\u00e1pa rendszeresen felh\u00edv\u00e1st tett a b\u00e9k\u00e9re az orosz\u2013ukr\u00e1n h\u00e1bor\u00fa kapcs\u00e1n, \u00e9s folytatta az igazs\u00e1g, a megb\u00e9k\u00e9l\u00e9s \u00e9s a p\u00e1rbesz\u00e9d \u00e9rdek\u00e9ben tett l\u00e9p\u00e9seit a kanadai, kazahszt\u00e1ni, bahreini, majd afrikai \u00fatjaival.<\/p>\n<p>2023-ban a magyarorsz\u00e1gi apostoli l\u00e1togat\u00e1s\u00e1t k\u00f6vet\u0151en t\u00f6rt\u00e9nelmi utaz\u00e1st tett Bels\u0151-\u00c1zsi\u00e1ban, Mong\u00f3li\u00e1ban.<\/p>\n<p>2024-ben tette meg leghosszabb apostoli \u00fatj\u00e1t. A tizenk\u00e9t nap alatt Indon\u00e9zi\u00e1ba, P\u00e1pua \u00daj-Guine\u00e1ba, Kelet-Timorba \u00e9s Szingap\u00farba l\u00e1togatott el.<\/p>\n<p>Az \u00e9v kar\u00e1csony\u00e1n pedig megnyitotta a 2025. \u00e9vi rendes szent\u00e9vet.<\/p>\n<p>A Szentatya az elm\u00falt \u00e9vekben betegs\u00e9gekkel k\u00fczd\u00f6tt, amelyeket m\u00e9lt\u00f3s\u00e1ggal viselt.<\/p>\n<p><img decoding=\"async\" class=\"ckep\" src=\"https:\/\/www.magyarkurir.hu\/img1.php?id=145386&amp;v=1&amp;p=1&amp;img=c_20230429-img_1589.jpg\" alt=\"\" border=\"0\" \/><\/p>\n<p><strong>Ferenc p\u00e1pa kapcsolta a magyarokkal<\/strong><\/p>\n<p>Jorge Mario Bergoglio ifj\u00fakora \u00f3ta ismerte \u00e9s szerette a magyarokat. Fiatal papk\u00e9nt rendszeresen j\u00e1rt szentmis\u00e9t bemutatni \u00e9s gy\u00f3ntatni olyan magyar szerzetesn\u0151v\u00e9rekhez, akik Magyarorsz\u00e1gr\u00f3l menek\u00fcltek Argent\u00edn\u00e1ba.<\/p>\n<p>Argentin jezsuita el\u00f6lj\u00e1r\u00f3k\u00e9nt k\u00f6zvetlen kapcsolatban volt az akkor Argent\u00edn\u00e1ban \u00e9l\u0151 magyar jezsuita szerzetesekkel.<\/p>\n<p>P\u00e1p\u00e1v\u00e1 v\u00e1laszt\u00e1s\u00e1t k\u00f6vet\u0151en el\u0151sz\u00f6r a rom\u00e1niai apostoli l\u00e1togat\u00e1sa alkalm\u00e1val tal\u00e1lkozott a magyars\u00e1ggal. A\u00a0<a href=\"https:\/\/www.magyarkurir.hu\/hirek\/ferenc-papa-homiliaja-csiksomlyon\" target=\"_blank\" rel=\"noopener\">cs\u00edksomly\u00f3i nyeregben bemutatott szentmis\u00e9j\u00e9t\u00a0<\/a>\u0151 maga \u00e9vekkel k\u00e9s\u0151bb is \u201emagyar misek\u00e9nt\u201d emlegette. Ezzel \u0151 lett az els\u0151 p\u00e1pa, aki ell\u00e1togatott a magyars\u00e1g egyik legfontosabb nemzeti zar\u00e1ndokhely\u00e9re.<\/p>\n<p>Magyarorsz\u00e1gon el\u0151sz\u00f6r 2021. szeptember 12-\u00e9n j\u00e1rt, amikor az 52. Nemzetk\u00f6zi Eucharisztikus Kongresszus\u00a0<a href=\"https:\/\/www.magyarkurir.hu\/hirek\/ferenc-papa-hosok-teren-jezus-csodaloibol-kovetoive-kell-valnunk\" target=\"_blank\" rel=\"noopener\">z\u00e1r\u00f3mis\u00e9j\u00e9t mutatta be Budapesten<\/a>. Pontifik\u00e1tusa alatt ez volt az egyetlen Nemzetk\u00f6zi Eucharisztikus Kongresszus, amelyen szem\u00e9lyesen r\u00e9szt vett. M\u00e1r ekkor \u00edg\u00e9retet tett, hogy amikor lehet\u0151s\u00e9ge lesz r\u00e1, visszat\u00e9r haz\u00e1nkba hivatalos apostoli l\u00e1togat\u00e1s keret\u00e9ben.<\/p>\n<p>Erre m\u00e1sf\u00e9l \u00e9vvel k\u00e9s\u0151bb, 2023. \u00e1prilis 28\u201330. k\u00f6z\u00f6tt ker\u00fclt sor. Ferenc p\u00e1pa az ekkorra m\u00e1r megromlott eg\u00e9szs\u00e9gi \u00e1llapota miatt nem tudta v\u00e1llalni, hogy ell\u00e1togasson az orsz\u00e1g k\u00fcl\u00f6nb\u00f6z\u0151 pontjaira, \u00edgy<a href=\"https:\/\/www.magyarkurir.hu\/ferenc-papa\/ferenc-papa-magyarorszagon-2023\" target=\"_blank\" rel=\"noopener\">\u00a0a h\u00e1romnapos hivatalos magyarorsz\u00e1gi l\u00e1togat\u00e1s\u00e1ra\u00a0<\/a>szervezett tal\u00e1lkoz\u00e1sokra budapesti helysz\u00edneken ker\u00fclt sor. \u00d6r\u00f6k eml\u00e9kk\u00e9nt \u0151rzik a magyar h\u00edv\u0151k a\u00a0<a href=\"https:\/\/www.magyarkurir.hu\/hirek\/ferenc-papa-kossuth-teren-valjunk-nyitott-kapukka-tarsadalomban\" target=\"_blank\" rel=\"noopener\">Kossuth t\u00e9ren bemutatott szentmis\u00e9t<\/a>, vagy a t\u00f6bb mint t\u00edzezer gimnazist\u00e1val \u00e9s egyetemist\u00e1val val\u00f3\u00a0<a href=\"https:\/\/www.magyarkurir.hu\/hirek\/ferenc-papa-fiatalokhoz-aki-mer-az-nyer-bator-krisztus-kovetes-utjan-jarjatok\" target=\"_blank\" rel=\"noopener\">tal\u00e1lkoz\u00e1st a Papp L\u00e1szl\u00f3 Sportar\u00e9n\u00e1ban<\/a>.<\/p>\n<p>Ezen utaz\u00e1sok jelent\u0151s\u00e9g\u00e9t j\u00f3l mutatja, hogy Ferenc p\u00e1pa 12 \u00e9ves pontifik\u00e1tusa alatt egy orsz\u00e1gba, egy nemzethez a legritk\u00e1bb esetben l\u00e1togatott el t\u00f6bb alkalommal.<\/p>\n<p>Az apostoli l\u00e1togat\u00e1s els\u0151 \u00e9vfordul\u00f3j\u00e1n, tavaly tavasszal h\u00e1romnapos nemzeti zar\u00e1ndoklat keret\u00e9ben k\u00f6sz\u00f6nt\u00fck meg Ferenc p\u00e1pa magyarorsz\u00e1gi \u00fatj\u00e1t. A Szentatya ekkor ism\u00e9t megk\u00fcl\u00f6nb\u00f6ztetett figyelemmel volt honfit\u00e1rsaink ir\u00e1ny\u00e1ban, hiszen\u00a0<a href=\"https:\/\/www.magyarkurir.hu\/hirek\/ferenc-papa-magyar-zarandokokhoz-beke-akkor-szuletik-meg-amikor-ugy-dontok-hogy-megbocsatok\" target=\"_blank\" rel=\"noopener\">k\u00fcl\u00f6n kihallgat\u00e1son fogadta<\/a>\u00a0az \u00f6sszes magyar zar\u00e1ndokot a Vatik\u00e1nban.<\/p>\n<p><em>K\u00edv\u00e1njuk, hogy legyen \u00f6r\u00f6mteli \u00e9rkez\u00e9se a Mennyei Aty\u00e1n\u00e1l!<\/em><\/p>\n<div class=\"keretes\">\n<p>A Szentatya tal\u00e1lkoz\u00f3in nem f\u00e1radt bele, hogy azt k\u00e9rje: \u201eK\u00e9rlek, ne feledkezzetek el im\u00e1dkozni \u00e9rtem!\u201d<\/p>\n<p>Aj\u00e1nd\u00e9kozzuk neki ezt, a legt\u00f6bbet, im\u00e1dkozzunk most is Ferenc p\u00e1p\u00e1\u00e9rt!<\/p>\n<p>Adj, Uram, \u00f6r\u00f6k nyugodalmat neki, \u00e9s az \u00f6r\u00f6k vil\u00e1goss\u00e1g f\u00e9nyeskedj\u00e9k neki. Nyugodj\u00e9k b\u00e9k\u00e9ben. \u00c1men.<\/p>\n<p><em>Kuzm\u00e1nyi Istv\u00e1n f\u0151szerkeszt\u0151 \u00e9s a Magyar Kur\u00edr, \u00daj Ember munkat\u00e1rsai<\/em><\/p>\n<\/div>\n<p><strong>Forr\u00e1s: MKPK Titk\u00e1rs\u00e1g; Vatik\u00e1ni Sajt\u00f3szolg\u00e1lt<\/strong><\/p>\n<p><strong>Fot\u00f3:\u00a0W\u00e1gner Csap\u00f3 J\u00f3zsef, Turj\u00e1nyi Tuzson<\/strong><\/p>\n<p><strong>Magyar Kur\u00edr<\/strong><\/p>\n<\/div>\n<\/div>\n<\/div>\n<\/div>\n<\/div>\n<\/div>\n<\/div>\n<\/div>\n<\/div><\/div><\/div><\/div><\/div><div class=\"fusion-fullwidth fullwidth-box fusion-builder-row-2 fusion-flex-container fusion-parallax-none nonhundred-percent-fullwidth non-hundred-percent-height-scrolling\" style=\"--awb-border-sizes-top:0px;--awb-border-sizes-bottom:0px;--awb-border-sizes-left:0px;--awb-border-sizes-right:0px;--awb-border-radius-top-left:0px;--awb-border-radius-top-right:0px;--awb-border-radius-bottom-right:0px;--awb-border-radius-bottom-left:0px;--awb-padding-top:150px;--awb-padding-bottom:150px;--awb-background-image:url(&quot;https:\/\/karitaszeger.hu\/web\/wp-content\/uploads\/2021\/03\/segits-scaled.jpg&quot;);--awb-background-size:cover;--awb-flex-wrap:wrap;\" ><div class=\"fusion-builder-row fusion-row fusion-flex-align-items-flex-start fusion-flex-content-wrap\" style=\"max-width:calc( 1170px + 0px );margin-left: calc(-0px \/ 2 );margin-right: calc(-0px \/ 2 );\"><div class=\"fusion-layout-column fusion_builder_column fusion-builder-column-1 fusion_builder_column_1_1 1_1 fusion-flex-column\" style=\"--awb-padding-right:11%;--awb-padding-left:11%;--awb-bg-size:cover;--awb-width-large:100%;--awb-margin-top-large:0px;--awb-spacing-right-large:0px;--awb-margin-bottom-large:20px;--awb-spacing-left-large:0px;--awb-width-medium:100%;--awb-spacing-right-medium:0px;--awb-spacing-left-medium:0px;--awb-width-small:100%;--awb-spacing-right-small:0px;--awb-spacing-left-small:0px;\"><div class=\"fusion-column-wrapper fusion-flex-justify-content-flex-start fusion-content-layout-column\"><div class=\"fusion-title title fusion-title-1 fusion-sep-none fusion-title-center fusion-title-text fusion-title-size-two\" style=\"--awb-text-color:#ffffff;--awb-margin-top-small:0px;--awb-margin-right-small:0px;--awb-margin-bottom-small:20px;--awb-margin-left-small:0px;\"><h2 class=\"fusion-title-heading title-heading-center\" style=\"margin:0;line-height:1;\"><h2 class=\"piros kozepre\"><span style=\"color: #ffffff;\">AZ \u00d6N SEG\u00cdTS\u00c9G\u00c9RE\u00a0IS SZ\u00dcKS\u00c9G VAN!<\/span><\/h2>\n<div class=\"content\"><\/div><\/h2><\/div><div class=\"fusion-separator\" style=\"align-self: center;margin-left: auto;margin-right: auto;margin-top:0px;margin-bottom:40px;width:100%;max-width:200px;\"><div class=\"fusion-separator-border sep-single sep-solid\" style=\"--awb-height:20px;--awb-amount:20px;--awb-sep-color:#f44336;border-color:#f44336;border-top-width:3px;\"><\/div><\/div><div class=\"fusion-text fusion-text-2\"><h2 style=\"text-align: center;\"><span style=\"color: #ffffff;\"><strong>1356 \u2013 H\u00cdVJON, HOGY SEG\u00cdTHESS\u00dcNK!<\/strong><\/span><\/h2>\n<\/div><div class=\"fusion-builder-row fusion-builder-row-inner fusion-row fusion-flex-align-items-flex-start fusion-flex-content-wrap\" style=\"--awb-flex-grow:0;--awb-flex-grow-medium:0;--awb-flex-grow-small:0;--awb-flex-shrink:0;--awb-flex-shrink-medium:0;--awb-flex-shrink-small:0;width:calc( 100% + 0px ) !important;max-width:calc( 100% + 0px ) !important;margin-left: calc(-0px \/ 2 );margin-right: calc(-0px \/ 2 );\"><div class=\"fusion-layout-column fusion_builder_column_inner fusion-builder-nested-column-0 fusion_builder_column_inner_1_3 1_3 fusion-flex-column\" style=\"--awb-bg-size:cover;--awb-width-large:33.333333333333%;--awb-margin-top-large:0px;--awb-spacing-right-large:0px;--awb-margin-bottom-large:20px;--awb-spacing-left-large:0px;--awb-width-medium:100%;--awb-order-medium:0;--awb-spacing-right-medium:0px;--awb-spacing-left-medium:0px;--awb-width-small:100%;--awb-order-small:0;--awb-spacing-right-small:0px;--awb-spacing-left-small:0px;\"><div class=\"fusion-column-wrapper fusion-column-has-shadow fusion-flex-justify-content-flex-start fusion-content-layout-column\"><\/div><\/div><div class=\"fusion-layout-column fusion_builder_column_inner fusion-builder-nested-column-1 fusion_builder_column_inner_1_3 1_3 fusion-flex-column fusion-animated\" style=\"--awb-bg-color:#f44336;--awb-bg-color-hover:#f44336;--awb-bg-size:cover;--awb-width-large:33.333333333333%;--awb-margin-top-large:0px;--awb-spacing-right-large:0px;--awb-margin-bottom-large:20px;--awb-spacing-left-large:0px;--awb-width-medium:100%;--awb-order-medium:0;--awb-spacing-right-medium:0px;--awb-spacing-left-medium:0px;--awb-width-small:100%;--awb-order-small:0;--awb-spacing-right-small:0px;--awb-spacing-left-small:0px;\" data-animationType=\"bounceInDown\" data-animationDuration=\"1.3\" data-animationOffset=\"top-into-view\"><div class=\"fusion-column-wrapper fusion-column-has-shadow fusion-flex-justify-content-flex-start fusion-content-layout-column\"><div style=\"text-align:center;\"><a class=\"fusion-button button-flat fusion-button-default-size button-custom fusion-button-default button-1 fusion-button-default-span fusion-button-default-type fusion-has-button-gradient\" style=\"--button_accent_color:#ffffff;--button_accent_hover_color:#f44336;--button_border_hover_color:#f44336;--button_border_width-top:0px;--button_border_width-right:0px;--button_border_width-bottom:0px;--button_border_width-left:0px;--button_gradient_top_color:rgba(254,201,107,0);--button_gradient_bottom_color:rgba(254,201,107,0);--button_gradient_top_color_hover:#ffffff;--button_gradient_bottom_color_hover:rgba(0,0,0,0);\" target=\"_self\" href=\"#\"><i class=\"fa-credit-card fas awb-button__icon awb-button__icon--default button-icon-left\" aria-hidden=\"true\"><\/i><span class=\"fusion-button-text awb-button__text awb-button__text--default\">ONLINE ADOM\u00c1NYOZ\u00c1S<\/span><\/a><\/div><\/div><\/div><div class=\"fusion-layout-column fusion_builder_column_inner fusion-builder-nested-column-2 fusion_builder_column_inner_1_3 1_3 fusion-flex-column\" style=\"--awb-bg-size:cover;--awb-width-large:33.333333333333%;--awb-margin-top-large:0px;--awb-spacing-right-large:0px;--awb-margin-bottom-large:20px;--awb-spacing-left-large:0px;--awb-width-medium:100%;--awb-order-medium:0;--awb-spacing-right-medium:0px;--awb-spacing-left-medium:0px;--awb-width-small:100%;--awb-order-small:0;--awb-spacing-right-small:0px;--awb-spacing-left-small:0px;\"><div class=\"fusion-column-wrapper fusion-column-has-shadow fusion-flex-justify-content-flex-start fusion-content-layout-column\"><\/div><\/div><\/div><\/div><\/div><\/div><\/div><div class=\"fusion-fullwidth fullwidth-box fusion-builder-row-3 fusion-flex-container nonhundred-percent-fullwidth non-hundred-percent-height-scrolling\" style=\"--awb-border-radius-top-left:0px;--awb-border-radius-top-right:0px;--awb-border-radius-bottom-right:0px;--awb-border-radius-bottom-left:0px;--awb-flex-wrap:wrap;\" ><div class=\"fusion-builder-row fusion-row fusion-flex-align-items-flex-start fusion-flex-content-wrap\" style=\"max-width:1216.8px;margin-left: calc(-4% \/ 2 );margin-right: calc(-4% \/ 2 );\"><div class=\"fusion-layout-column fusion_builder_column fusion-builder-column-2 fusion_builder_column_1_1 1_1 fusion-flex-column\" style=\"--awb-bg-size:cover;--awb-width-large:100%;--awb-margin-top-large:0px;--awb-spacing-right-large:1.92%;--awb-margin-bottom-large:0px;--awb-spacing-left-large:1.92%;--awb-width-medium:100%;--awb-spacing-right-medium:1.92%;--awb-spacing-left-medium:1.92%;--awb-width-small:100%;--awb-spacing-right-small:1.92%;--awb-spacing-left-small:1.92%;\"><div class=\"fusion-column-wrapper fusion-flex-justify-content-flex-start fusion-content-layout-column\"><div class=\"fusion-text fusion-text-3\"><\/div><\/div><\/div><\/div><\/div><div class=\"fusion-fullwidth fullwidth-box fusion-builder-row-4 fusion-flex-container nonhundred-percent-fullwidth non-hundred-percent-height-scrolling\" style=\"--awb-border-radius-top-left:0px;--awb-border-radius-top-right:0px;--awb-border-radius-bottom-right:0px;--awb-border-radius-bottom-left:0px;--awb-flex-wrap:wrap;\" ><div class=\"fusion-builder-row fusion-row fusion-flex-align-items-flex-start fusion-flex-content-wrap\" style=\"max-width:1216.8px;margin-left: calc(-4% \/ 2 );margin-right: calc(-4% \/ 2 );\"><div class=\"fusion-layout-column fusion_builder_column fusion-builder-column-3 fusion_builder_column_1_1 1_1 fusion-flex-column\" style=\"--awb-bg-size:cover;--awb-width-large:100%;--awb-margin-top-large:0px;--awb-spacing-right-large:1.92%;--awb-margin-bottom-large:0px;--awb-spacing-left-large:1.92%;--awb-width-medium:100%;--awb-spacing-right-medium:1.92%;--awb-spacing-left-medium:1.92%;--awb-width-small:100%;--awb-spacing-right-small:1.92%;--awb-spacing-left-small:1.92%;\"><div class=\"fusion-column-wrapper fusion-flex-justify-content-flex-start fusion-content-layout-column\"><div class=\"fusion-text fusion-text-4\"><\/div><\/div><\/div><\/div><\/div><\/p>\n","protected":false},"excerpt":{"rendered":"","protected":false},"author":3,"featured_media":5977,"comment_status":"open","ping_status":"open","sticky":false,"template":"","format":"standard","meta":{"footnotes":""},"categories":[107],"tags":[],"class_list":["post-5976","post","type-post","status-publish","format-standard","has-post-thumbnail","hentry","category-hirek"],"_links":{"self":[{"href":"https:\/\/karitaszeger.hu\/web\/wp-json\/wp\/v2\/posts\/5976","targetHints":{"allow":["GET"]}}],"collection":[{"href":"https:\/\/karitaszeger.hu\/web\/wp-json\/wp\/v2\/posts"}],"about":[{"href":"https:\/\/karitaszeger.hu\/web\/wp-json\/wp\/v2\/types\/post"}],"author":[{"embeddable":true,"href":"https:\/\/karitaszeger.hu\/web\/wp-json\/wp\/v2\/users\/3"}],"replies":[{"embeddable":true,"href":"https:\/\/karitaszeger.hu\/web\/wp-json\/wp\/v2\/comments?post=5976"}],"version-history":[{"count":1,"href":"https:\/\/karitaszeger.hu\/web\/wp-json\/wp\/v2\/posts\/5976\/revisions"}],"predecessor-version":[{"id":5978,"href":"https:\/\/karitaszeger.hu\/web\/wp-json\/wp\/v2\/posts\/5976\/revisions\/5978"}],"wp:featuredmedia":[{"embeddable":true,"href":"https:\/\/karitaszeger.hu\/web\/wp-json\/wp\/v2\/media\/5977"}],"wp:attachment":[{"href":"https:\/\/karitaszeger.hu\/web\/wp-json\/wp\/v2\/media?parent=5976"}],"wp:term":[{"taxonomy":"category","embeddable":true,"href":"https:\/\/karitaszeger.hu\/web\/wp-json\/wp\/v2\/categories?post=5976"},{"taxonomy":"post_tag","embeddable":true,"href":"https:\/\/karitaszeger.hu\/web\/wp-json\/wp\/v2\/tags?post=5976"}],"curies":[{"name":"wp","href":"https:\/\/api.w.org\/{rel}","templated":true}]}}