{"id":6207,"date":"2025-01-24T21:40:00","date_gmt":"2025-01-24T20:40:00","guid":{"rendered":"https:\/\/karitaszeger.hu\/web\/?p=6207"},"modified":"2025-05-23T21:41:15","modified_gmt":"2025-05-23T19:41:15","slug":"kozel-60-000-raszorulo-csaladhoz-ert-el-a-kozossegi-osszefogas-ereje-a-katolikus-karitasz-adventi-segelyprogramjanak-eredmenyei","status":"publish","type":"post","link":"https:\/\/karitaszeger.hu\/web\/2025\/01\/24\/kozel-60-000-raszorulo-csaladhoz-ert-el-a-kozossegi-osszefogas-ereje-a-katolikus-karitasz-adventi-segelyprogramjanak-eredmenyei\/","title":{"rendered":"K\u00f6zel 60.000 r\u00e1szorul\u00f3 csal\u00e1dhoz \u00e9rt el a k\u00f6z\u00f6ss\u00e9gi \u00f6sszefog\u00e1s ereje A Katolikus Karit\u00e1sz adventi seg\u00e9lyprogramj\u00e1nak eredm\u00e9nyei"},"content":{"rendered":"<p><div class=\"fusion-fullwidth fullwidth-box fusion-builder-row-1 fusion-flex-container nonhundred-percent-fullwidth non-hundred-percent-height-scrolling\" style=\"--awb-border-radius-top-left:0px;--awb-border-radius-top-right:0px;--awb-border-radius-bottom-right:0px;--awb-border-radius-bottom-left:0px;--awb-padding-bottom:30px;--awb-flex-wrap:wrap;\" ><div class=\"fusion-builder-row fusion-row fusion-flex-align-items-flex-start fusion-flex-content-wrap\" style=\"max-width:1216.8px;margin-left: calc(-4% \/ 2 );margin-right: calc(-4% \/ 2 );\"><div class=\"fusion-layout-column fusion_builder_column fusion-builder-column-0 fusion_builder_column_1_1 1_1 fusion-flex-column\" style=\"--awb-bg-size:cover;--awb-width-large:100%;--awb-margin-top-large:0px;--awb-spacing-right-large:1.92%;--awb-margin-bottom-large:0px;--awb-spacing-left-large:1.92%;--awb-width-medium:100%;--awb-spacing-right-medium:1.92%;--awb-spacing-left-medium:1.92%;--awb-width-small:100%;--awb-spacing-right-small:1.92%;--awb-spacing-left-small:1.92%;\"><div class=\"fusion-column-wrapper fusion-flex-justify-content-flex-start fusion-content-layout-column\"><div class=\"fusion-separator fusion-full-width-sep\" style=\"align-self: center;margin-left: auto;margin-right: auto;margin-bottom:10px;width:100%;\"><div class=\"fusion-separator-border sep-single\" style=\"--awb-height:20px;--awb-amount:20px;border-color:#e00000;border-top-width:1px;\"><\/div><\/div><div class=\"fusion-text fusion-text-1\" style=\"--awb-text-transform:none;\"><div class=\"\" dir=\"auto\">\n<div id=\":Rlal5bb9l5qq75b5klbaH2:\" class=\"x1iorvi4 x1pi30zi x1l90r2v x1swvt13\" data-ad-comet-preview=\"message\" data-ad-preview=\"message\">\n<div class=\"x78zum5 xdt5ytf xz62fqu x16ldp7u\">\n<div class=\"xu06os2 x1ok221b\">\n<div class=\"xdj266r x11i5rnm xat24cr x1mh8g0r x1vvkbs x126k92a\">\n<div class=\"xdj266r x11i5rnm xat24cr x1mh8g0r x1vvkbs x126k92a\">\n<div class=\"xdj266r x11i5rnm xat24cr x1mh8g0r x1vvkbs x126k92a\">\n<h1 style=\"text-align: center;\">K\u00f6zel 60.000 r\u00e1szorul\u00f3 csal\u00e1dhoz \u00e9rt el a k\u00f6z\u00f6ss\u00e9gi \u00f6sszefog\u00e1s ereje A Katolikus Karit\u00e1sz adventi seg\u00e9lyprogramj\u00e1nak eredm\u00e9nyei<\/h1>\n<h4>A Katolikus Karit\u00e1sz \u201eT\u00e1rj\u00e1tok ki a sz\u00edveteket!\u201d adventi seg\u00e9lyprogramja k\u00f6zel 60.000 csal\u00e1dnak ny\u00fajtott seg\u00edts\u00e9get. Az akci\u00f3 sor\u00e1n 71 ezer \u00e9lelmiszercsomagot \u00e9s 550 tonna \u00e9lelmiszert osztottak sz\u00e9t, 21 ezer adag meleg \u00e9telt biztos\u00edtottak, az Angyalbatyu-akci\u00f3 pedig 30 ezer gyermek kar\u00e1csony\u00e1t tette szebb\u00e9.<\/h4>\n<p>A Katolikus Karit\u00e1sz 2024. november 24-\u00e9n elind\u00edtott adventi seg\u00e9lyprogramja, a \u201eT\u00e1rj\u00e1tok ki a sz\u00edveteket!\u201d, december 31-\u00e9n z\u00e1rult, \u00e9s a k\u00f6z\u00f6ss\u00e9g figyelemre m\u00e9lt\u00f3 \u00f6sszefog\u00e1s\u00e1nak k\u00f6sz\u00f6nhet\u0151en sz\u00e9p eredm\u00e9nyeket hozott: k\u00f6zel 60.000 csal\u00e1dhoz jutott el seg\u00edts\u00e9gny\u00fajt\u00e1s. H\u00e1l\u00e1s sz\u00edvvel k\u00f6sz\u00f6nik minden t\u00e1mogat\u00f3nak \u00e9s k\u00f6zrem\u0171k\u00f6d\u0151nek, hogy hozz\u00e1j\u00e1rultak a r\u00e1szorul\u00f3k megseg\u00edt\u00e9s\u00e9hez, \u00e9s rem\u00e9nyt ny\u00fajtottak sz\u00e1mos neh\u00e9z k\u00f6r\u00fclm\u00e9nyek k\u00f6z\u00f6tt \u00e9l\u0151 embernek.<\/p>\n<p><a class=\"fekvokep\" title=\"\" href=\"https:\/\/karitasz.hu\/uploads\/content\/2658\/kepek\/o_1220-rakosmente-vermes-tibor-fotoi-2.jpg\" rel=\"lightbox&#091;'g2658'&#093;\"><img decoding=\"async\" src=\"https:\/\/karitasz.hu\/uploads\/content\/2658\/kepek\/c_1220-rakosmente-vermes-tibor-fotoi-2.jpg\" alt=\"\" border=\"0\" \/><\/a><\/p>\n<p>Az \u00f6sszefog\u00e1snak k\u00f6sz\u00f6nhet\u0151en az adventi id\u0151szak alatt k\u00f6zel 71 ezer \u00e9lelmiszercsomagot kaptak a r\u00e1szorul\u00f3k, \u00e9s t\u00f6bb mint 550 tonna \u00e9lelmiszert osztottak sz\u00e9t orsz\u00e1gszerte az \u00f6nk\u00e9ntesek. A meleg\u00e9teloszt\u00e1sok sor\u00e1n t\u00f6bb mint 21 ezer adag \u00e9telt biztos\u00edtottak a legink\u00e1bb r\u00e1szorul\u00f3k sz\u00e1m\u00e1ra. Az Angyalbatyu-akci\u00f3 k\u00f6zel 30 ezer h\u00e1tr\u00e1nyos helyzet\u0171 gyermeknek hozott \u00f6r\u00f6met kar\u00e1csonyi aj\u00e1nd\u00e9kaival, mik\u00f6zben t\u00f6bb mint 500 kar\u00e1csonyfa tette meghittebb\u00e9 egy-egy csal\u00e1d \u00fcnnep\u00e9t. A t\u00e9li id\u0151szakban t\u00f6bb mint 2600 m\u00e1zsa t\u0171zif\u00e1val seg\u00edtett\u00e9k a sz\u0171k\u00f6lk\u00f6d\u0151 h\u00e1ztart\u00e1sokat, \u00f6sszes\u00e9g\u00e9ben csaknem 60 ezer csal\u00e1d sz\u00e1m\u00e1ra ny\u00fajtottak k\u00f6zvetlen t\u00e1mogat\u00e1st k\u00fcl\u00f6nb\u00f6z\u0151 form\u00e1ban.<\/p>\n<p><a class=\"fekvokep\" title=\"\" href=\"https:\/\/karitasz.hu\/uploads\/content\/2658\/kepek\/o_losonczi-dolhai-vermes-tibor.jpg\" rel=\"lightbox&#091;'g2658'&#093;\"><img decoding=\"async\" src=\"https:\/\/karitasz.hu\/uploads\/content\/2658\/kepek\/c_losonczi-dolhai-vermes-tibor.jpg\" alt=\"\" border=\"0\" \/><\/a><\/p>\n<p>A karit\u00e1szcsoportok az adventi id\u0151szakban sz\u00e1mos esem\u00e9nyt \u00e9s seg\u00edt\u0151 akci\u00f3t szerveztek. Kar\u00e1csonyi v\u00e1s\u00e1rokon vettek r\u00e9szt t\u00f6bb telep\u00fcl\u00e9sen, p\u00e9ld\u00e1ul Sz\u00e9kesfeh\u00e9rv\u00e1ron, Gy\u0151rben, Szegeden, Sz\u0151regen, Szegv\u00e1ron \u00e9s Gerend\u00e1son, az itt befolyt adom\u00e1nyokat a r\u00e1szorul\u00f3k t\u00e1mogat\u00e1s\u00e1ra ford\u00edtott\u00e1k. Emellett k\u00e9zm\u0171ves foglalkoz\u00e1sokkal is gy\u0171jt\u00f6ttek adom\u00e1nyokat.<\/p>\n<p><a class=\"fekvokep\" title=\"\" href=\"https:\/\/karitasz.hu\/uploads\/content\/2658\/kepek\/o_gyermekek-a-gyermekekert-lambert-attila2.jpg\" rel=\"lightbox&#091;'g2658'&#093;\"><img decoding=\"async\" src=\"https:\/\/karitasz.hu\/uploads\/content\/2658\/kepek\/c_gyermekek-a-gyermekekert-lambert-attila2.jpg\" alt=\"\" border=\"0\" \/><\/a><\/p>\n<p>Id\u0151sek otthonaiban kar\u00e1csonyi \u00fcnneps\u00e9geket tartottak, k\u00fcl\u00f6nleges programokkal \u00e9s aj\u00e1nd\u00e9kokkal kedveskedve. Hasonl\u00f3 esem\u00e9nyeket szerveztek fogyat\u00e9koss\u00e1ggal \u00e9l\u0151k sz\u00e1m\u00e1ra is. Gyermekeknek Mikul\u00e1s- \u00e9s kar\u00e1csonyi \u00fcnneps\u00e9geket rendeztek t\u00f6bbek k\u00f6z\u00f6tt Budapesten, az Esztergom-Baj\u00f3ti r\u00e9gi\u00f3ban \u00e9s t\u00f6bb pl\u00e9b\u00e1ni\u00e1n, amelyeken t\u00f6bb sz\u00e1z gyermek vehetett r\u00e9szt.<\/p>\n<p><a class=\"fekvokep\" title=\"\" href=\"https:\/\/karitasz.hu\/uploads\/content\/2658\/kepek\/o_menekultek-karacsony-merenyi-zita.jpg\" rel=\"lightbox&#091;'g2658'&#093;\"><img decoding=\"async\" src=\"https:\/\/karitasz.hu\/uploads\/content\/2658\/kepek\/c_menekultek-karacsony-merenyi-zita.jpg\" alt=\"\" border=\"0\" \/><\/a><\/p>\n<p>Kiemelt figyelmet ford\u00edtottak a mag\u00e1nyos emberekre, emellett lelki estek \u00e9s betlehemez\u00e9sek szervez\u00e9s\u00e9vel gazdag\u00edtott\u00e1k az \u00fcnnepi k\u00e9sz\u00fcl\u0151d\u00e9s id\u0151szak\u00e1t. Sz\u00fcks\u00e9g szerint gy\u00f3gyszert\u00e1mogat\u00e1st, tart\u00f3s\u00e9lelmiszer-t\u00e1mogat\u00e1st, kr\u00edzisseg\u00e9lyt biztos\u00edtottak, valamint hajl\u00e9ktalanokat l\u00e1ttak el t\u00e9li ruh\u00e1zattal, meleg \u00e9tellel \u00e9s tiszt\u00e1lkod\u00e1si csomagokkal.<\/p>\n<p>K\u00f3rh\u00e1zaknak \u00e9s b\u00f6rt\u00f6n\u00f6knek jelent\u0151s adom\u00e1nyokat aj\u00e1nlottak fel, t\u00f6bbek k\u00f6z\u00f6tt ruh\u00e1zatot \u00e9s tiszt\u00e1lkod\u00f3szereket. Szeretetvend\u00e9gs\u00e9geket szerveztek orsz\u00e1gszerte, ahol a r\u00e1szorul\u00f3k \u00fcnnepi vacsor\u00e1t kaptak. Az &#8222;Egymilli\u00f3 Csillag a Szeg\u00e9nyek\u00e9rt&#8221; akci\u00f3 sor\u00e1n m\u00e9csesgy\u00fajt\u00e1ssal h\u00edvt\u00e1k fel a figyelmet a szeg\u00e9nyek megseg\u00edt\u00e9s\u00e9re.<\/p>\n<p><a class=\"fekvokep\" title=\"\" href=\"https:\/\/karitasz.hu\/uploads\/content\/2658\/kepek\/o_egymillio-csillag_2024_erdei-adina.jpg\" rel=\"lightbox&#091;'g2658'&#093;\"><img decoding=\"async\" src=\"https:\/\/karitasz.hu\/uploads\/content\/2658\/kepek\/c_egymillio-csillag_2024_erdei-adina.jpg\" alt=\"\" border=\"0\" \/><\/a><\/p>\n<p>Az Orsz\u00e1gos Karit\u00e1sz K\u00f6zpont kar\u00e1csonyi koncertje, amelyen 90 k\u00f6zrem\u0171k\u00f6d\u0151 sz\u00f3rakoztatta a k\u00f6z\u00f6ns\u00e9get a Szent Istv\u00e1n-bazilik\u00e1ban, t\u00f6bb mint 800 f\u0151 r\u00e9szv\u00e9tel\u00e9vel zajlott, \u00e9s jelent\u0151s t\u00e1mogat\u00e1st ny\u00fajtott a j\u00f3t\u00e9konys\u00e1gi szervezet gyermekeket c\u00e9lz\u00f3 idei fejleszt\u00e9si programjaihoz. Az Bazilik\u00e1n\u00e1l tal\u00e1lhat\u00f3 hagyom\u00e1nyos adventi v\u00e1s\u00e1ron a Karit\u00e1sz-fah\u00e1zban a megv\u00e1ltozott munkak\u00e9pess\u00e9g\u0171 t\u00e1mogatottak k\u00e9zm\u0171ves term\u00e9kei\u00e9rt cser\u00e9be fogadtak adom\u00e1nyokat az \u00f6nk\u00e9ntesek.<\/p>\n<p><a class=\"fekvokep\" title=\"\" href=\"https:\/\/karitasz.hu\/uploads\/content\/2658\/kepek\/o_vermes-tibor_koncert-2024.jpg\" rel=\"lightbox&#091;'g2658'&#093;\"><img decoding=\"async\" src=\"https:\/\/karitasz.hu\/uploads\/content\/2658\/kepek\/c_vermes-tibor_koncert-2024.jpg\" alt=\"\" border=\"0\" \/><\/a><\/p>\n<p>A program sikere \u00e9s hat\u00e1sa tov\u00e1bb n\u0151tt a 1356-os adom\u00e1nyvonalon be\u00e9rkezett k\u00f6zel 10 000 h\u00edv\u00e1s, valamint a 39,5 milli\u00f3 forint c\u00e9lzott online p\u00e9nzadom\u00e1ny seg\u00edts\u00e9g\u00e9vel. Az \u00f6sszegy\u0171lt adom\u00e1ny lehet\u0151s\u00e9get biztos\u00edt arra, hogy a t\u00e9li kr\u00edzishelyzetekben eg\u00e9szen tavaszig t\u00e1mogat\u00e1st ny\u00fajtsanak a sz\u00fcks\u00e9get szenved\u0151knek.<br \/>\n<strong>\u00c9csy G\u00e1bor,<\/strong>\u00a0a Katolikus Karit\u00e1sz orsz\u00e1gos igazgat\u00f3ja kiemelte:\u00a0<em>\u201eH\u00e1l\u00e1sak vagyunk minden t\u00e1mogat\u00f3nk\u00e9rt, munkat\u00e1rsunk\u00e9rt \u00e9s \u00f6nk\u00e9ntes\u00fcnk\u00e9rt, akik szeretetb\u0151l cselekedtek, \u00e9s egy\u00fctt tettek a legelesettebbek\u00e9rt. K\u00f6z\u00f6s munk\u00e1val meleget vitt\u00fcnk a h\u00e1zakba, \u00e9s rem\u00e9lhet\u0151leg a sz\u00edvekbe is. A t\u00e9l m\u00e9g tart, de az \u00f6sszegy\u0171lt adom\u00e1nyok \u00e9s a rengeteg seg\u00edt\u0151 sz\u00e1nd\u00e9k er\u0151t ad ahhoz, hogy folytassuk a t\u00e9li kr\u00edzishelyzeti seg\u00edts\u00e9gny\u00fajt\u00e1st.\u201d<\/em><br \/>\nA humanit\u00e1rius szervezet a t\u00e9li h\u00f3napokban orsz\u00e1gszerte meleg ruh\u00e1val, t\u0171zif\u00e1val \u00e9s sz\u00fcks\u00e9g eset\u00e9n k\u00e1lyh\u00e1val seg\u00edti a n\u00e9lk\u00fcl\u00f6z\u0151ket, mik\u00f6zben tov\u00e1bbi programjait is folytatja. B\u00e1tor\u00edtanak mindenkit, hogy tov\u00e1bbra is t\u00e1mogass\u00e1k tev\u00e9kenys\u00e9g\u00fcket \u2013 hiszen a szeretetb\u0151l fakad\u00f3 j\u00f3t\u00e9konys\u00e1g nem \u00e9rhet v\u00e9get az \u00fcnnepek elm\u00falt\u00e1val.<\/p>\n<p><a class=\"fekvokep\" title=\"\" href=\"https:\/\/karitasz.hu\/uploads\/content\/2658\/kepek\/o_menekultek-karacsony-merenyi-zita-2.jpg\" rel=\"lightbox&#091;'g2658'&#093;\"><img decoding=\"async\" src=\"https:\/\/karitasz.hu\/uploads\/content\/2658\/kepek\/c_menekultek-karacsony-merenyi-zita-2.jpg\" alt=\"\" border=\"0\" \/><\/a><\/p>\n<\/div>\n<\/div>\n<\/div>\n<\/div>\n<\/div>\n<\/div>\n<\/div>\n<\/div><\/div><\/div><\/div><\/div><div class=\"fusion-fullwidth fullwidth-box fusion-builder-row-2 fusion-flex-container fusion-parallax-none nonhundred-percent-fullwidth non-hundred-percent-height-scrolling\" style=\"--awb-border-sizes-top:0px;--awb-border-sizes-bottom:0px;--awb-border-sizes-left:0px;--awb-border-sizes-right:0px;--awb-border-radius-top-left:0px;--awb-border-radius-top-right:0px;--awb-border-radius-bottom-right:0px;--awb-border-radius-bottom-left:0px;--awb-padding-top:150px;--awb-padding-bottom:150px;--awb-background-image:url(&quot;https:\/\/karitaszeger.hu\/web\/wp-content\/uploads\/2021\/03\/segits-scaled.jpg&quot;);--awb-background-size:cover;--awb-flex-wrap:wrap;\" ><div class=\"fusion-builder-row fusion-row fusion-flex-align-items-flex-start fusion-flex-content-wrap\" style=\"max-width:calc( 1170px + 0px );margin-left: calc(-0px \/ 2 );margin-right: calc(-0px \/ 2 );\"><div class=\"fusion-layout-column fusion_builder_column fusion-builder-column-1 fusion_builder_column_1_1 1_1 fusion-flex-column\" style=\"--awb-padding-right:11%;--awb-padding-left:11%;--awb-bg-size:cover;--awb-width-large:100%;--awb-margin-top-large:0px;--awb-spacing-right-large:0px;--awb-margin-bottom-large:20px;--awb-spacing-left-large:0px;--awb-width-medium:100%;--awb-spacing-right-medium:0px;--awb-spacing-left-medium:0px;--awb-width-small:100%;--awb-spacing-right-small:0px;--awb-spacing-left-small:0px;\"><div class=\"fusion-column-wrapper fusion-flex-justify-content-flex-start fusion-content-layout-column\"><div class=\"fusion-title title fusion-title-1 fusion-sep-none fusion-title-center fusion-title-text fusion-title-size-two\" style=\"--awb-text-color:#ffffff;--awb-margin-top-small:0px;--awb-margin-right-small:0px;--awb-margin-bottom-small:20px;--awb-margin-left-small:0px;\"><h2 class=\"fusion-title-heading title-heading-center\" style=\"margin:0;line-height:1;\"><h2 class=\"piros kozepre\"><span style=\"color: #ffffff;\">AZ \u00d6N SEG\u00cdTS\u00c9G\u00c9RE\u00a0IS SZ\u00dcKS\u00c9G VAN!<\/span><\/h2>\n<div class=\"content\"><\/div><\/h2><\/div><div class=\"fusion-separator\" style=\"align-self: center;margin-left: auto;margin-right: auto;margin-top:0px;margin-bottom:40px;width:100%;max-width:200px;\"><div class=\"fusion-separator-border sep-single sep-solid\" style=\"--awb-height:20px;--awb-amount:20px;--awb-sep-color:#f44336;border-color:#f44336;border-top-width:3px;\"><\/div><\/div><div class=\"fusion-text fusion-text-2\"><h2 style=\"text-align: center;\"><span style=\"color: #ffffff;\"><strong>1356 \u2013 H\u00cdVJON, HOGY SEG\u00cdTHESS\u00dcNK!<\/strong><\/span><\/h2>\n<\/div><div class=\"fusion-builder-row fusion-builder-row-inner fusion-row fusion-flex-align-items-flex-start fusion-flex-content-wrap\" style=\"--awb-flex-grow:0;--awb-flex-grow-medium:0;--awb-flex-grow-small:0;--awb-flex-shrink:0;--awb-flex-shrink-medium:0;--awb-flex-shrink-small:0;width:calc( 100% + 0px ) !important;max-width:calc( 100% + 0px ) !important;margin-left: calc(-0px \/ 2 );margin-right: calc(-0px \/ 2 );\"><div class=\"fusion-layout-column fusion_builder_column_inner fusion-builder-nested-column-0 fusion_builder_column_inner_1_3 1_3 fusion-flex-column\" style=\"--awb-bg-size:cover;--awb-width-large:33.333333333333%;--awb-margin-top-large:0px;--awb-spacing-right-large:0px;--awb-margin-bottom-large:20px;--awb-spacing-left-large:0px;--awb-width-medium:100%;--awb-order-medium:0;--awb-spacing-right-medium:0px;--awb-spacing-left-medium:0px;--awb-width-small:100%;--awb-order-small:0;--awb-spacing-right-small:0px;--awb-spacing-left-small:0px;\"><div class=\"fusion-column-wrapper fusion-column-has-shadow fusion-flex-justify-content-flex-start fusion-content-layout-column\"><\/div><\/div><div class=\"fusion-layout-column fusion_builder_column_inner fusion-builder-nested-column-1 fusion_builder_column_inner_1_3 1_3 fusion-flex-column fusion-animated\" style=\"--awb-bg-color:#f44336;--awb-bg-color-hover:#f44336;--awb-bg-size:cover;--awb-width-large:33.333333333333%;--awb-margin-top-large:0px;--awb-spacing-right-large:0px;--awb-margin-bottom-large:20px;--awb-spacing-left-large:0px;--awb-width-medium:100%;--awb-order-medium:0;--awb-spacing-right-medium:0px;--awb-spacing-left-medium:0px;--awb-width-small:100%;--awb-order-small:0;--awb-spacing-right-small:0px;--awb-spacing-left-small:0px;\" data-animationType=\"bounceInDown\" data-animationDuration=\"1.3\" data-animationOffset=\"top-into-view\"><div class=\"fusion-column-wrapper fusion-column-has-shadow fusion-flex-justify-content-flex-start fusion-content-layout-column\"><div style=\"text-align:center;\"><a class=\"fusion-button button-flat fusion-button-default-size button-custom fusion-button-default button-1 fusion-button-default-span fusion-button-default-type fusion-has-button-gradient\" style=\"--button_accent_color:#ffffff;--button_accent_hover_color:#f44336;--button_border_hover_color:#f44336;--button_border_width-top:0px;--button_border_width-right:0px;--button_border_width-bottom:0px;--button_border_width-left:0px;--button_gradient_top_color:rgba(254,201,107,0);--button_gradient_bottom_color:rgba(254,201,107,0);--button_gradient_top_color_hover:#ffffff;--button_gradient_bottom_color_hover:rgba(0,0,0,0);\" target=\"_self\" href=\"#\"><i class=\"fa-credit-card fas awb-button__icon awb-button__icon--default button-icon-left\" aria-hidden=\"true\"><\/i><span class=\"fusion-button-text awb-button__text awb-button__text--default\">ONLINE ADOM\u00c1NYOZ\u00c1S<\/span><\/a><\/div><\/div><\/div><div class=\"fusion-layout-column fusion_builder_column_inner fusion-builder-nested-column-2 fusion_builder_column_inner_1_3 1_3 fusion-flex-column\" style=\"--awb-bg-size:cover;--awb-width-large:33.333333333333%;--awb-margin-top-large:0px;--awb-spacing-right-large:0px;--awb-margin-bottom-large:20px;--awb-spacing-left-large:0px;--awb-width-medium:100%;--awb-order-medium:0;--awb-spacing-right-medium:0px;--awb-spacing-left-medium:0px;--awb-width-small:100%;--awb-order-small:0;--awb-spacing-right-small:0px;--awb-spacing-left-small:0px;\"><div class=\"fusion-column-wrapper fusion-column-has-shadow fusion-flex-justify-content-flex-start fusion-content-layout-column\"><\/div><\/div><\/div><\/div><\/div><\/div><\/div><div class=\"fusion-fullwidth fullwidth-box fusion-builder-row-3 fusion-flex-container nonhundred-percent-fullwidth non-hundred-percent-height-scrolling\" style=\"--awb-border-radius-top-left:0px;--awb-border-radius-top-right:0px;--awb-border-radius-bottom-right:0px;--awb-border-radius-bottom-left:0px;--awb-flex-wrap:wrap;\" ><div class=\"fusion-builder-row fusion-row fusion-flex-align-items-flex-start fusion-flex-content-wrap\" style=\"max-width:1216.8px;margin-left: calc(-4% \/ 2 );margin-right: calc(-4% \/ 2 );\"><div class=\"fusion-layout-column fusion_builder_column fusion-builder-column-2 fusion_builder_column_1_1 1_1 fusion-flex-column\" style=\"--awb-bg-size:cover;--awb-width-large:100%;--awb-margin-top-large:0px;--awb-spacing-right-large:1.92%;--awb-margin-bottom-large:0px;--awb-spacing-left-large:1.92%;--awb-width-medium:100%;--awb-spacing-right-medium:1.92%;--awb-spacing-left-medium:1.92%;--awb-width-small:100%;--awb-spacing-right-small:1.92%;--awb-spacing-left-small:1.92%;\"><div class=\"fusion-column-wrapper fusion-flex-justify-content-flex-start fusion-content-layout-column\"><div class=\"fusion-text fusion-text-3\"><\/div><\/div><\/div><\/div><\/div><div class=\"fusion-fullwidth fullwidth-box fusion-builder-row-4 fusion-flex-container nonhundred-percent-fullwidth non-hundred-percent-height-scrolling\" style=\"--awb-border-radius-top-left:0px;--awb-border-radius-top-right:0px;--awb-border-radius-bottom-right:0px;--awb-border-radius-bottom-left:0px;--awb-flex-wrap:wrap;\" ><div class=\"fusion-builder-row fusion-row fusion-flex-align-items-flex-start fusion-flex-content-wrap\" style=\"max-width:1216.8px;margin-left: calc(-4% \/ 2 );margin-right: calc(-4% \/ 2 );\"><div class=\"fusion-layout-column fusion_builder_column fusion-builder-column-3 fusion_builder_column_1_1 1_1 fusion-flex-column\" style=\"--awb-bg-size:cover;--awb-width-large:100%;--awb-margin-top-large:0px;--awb-spacing-right-large:1.92%;--awb-margin-bottom-large:0px;--awb-spacing-left-large:1.92%;--awb-width-medium:100%;--awb-spacing-right-medium:1.92%;--awb-spacing-left-medium:1.92%;--awb-width-small:100%;--awb-spacing-right-small:1.92%;--awb-spacing-left-small:1.92%;\"><div class=\"fusion-column-wrapper fusion-flex-justify-content-flex-start fusion-content-layout-column\"><div class=\"fusion-text fusion-text-4\"><\/div><\/div><\/div><\/div><\/div><\/p>\n","protected":false},"excerpt":{"rendered":"","protected":false},"author":3,"featured_media":6208,"comment_status":"open","ping_status":"open","sticky":false,"template":"","format":"standard","meta":{"footnotes":""},"categories":[107],"tags":[],"class_list":["post-6207","post","type-post","status-publish","format-standard","has-post-thumbnail","hentry","category-hirek"],"_links":{"self":[{"href":"https:\/\/karitaszeger.hu\/web\/wp-json\/wp\/v2\/posts\/6207","targetHints":{"allow":["GET"]}}],"collection":[{"href":"https:\/\/karitaszeger.hu\/web\/wp-json\/wp\/v2\/posts"}],"about":[{"href":"https:\/\/karitaszeger.hu\/web\/wp-json\/wp\/v2\/types\/post"}],"author":[{"embeddable":true,"href":"https:\/\/karitaszeger.hu\/web\/wp-json\/wp\/v2\/users\/3"}],"replies":[{"embeddable":true,"href":"https:\/\/karitaszeger.hu\/web\/wp-json\/wp\/v2\/comments?post=6207"}],"version-history":[{"count":1,"href":"https:\/\/karitaszeger.hu\/web\/wp-json\/wp\/v2\/posts\/6207\/revisions"}],"predecessor-version":[{"id":6209,"href":"https:\/\/karitaszeger.hu\/web\/wp-json\/wp\/v2\/posts\/6207\/revisions\/6209"}],"wp:featuredmedia":[{"embeddable":true,"href":"https:\/\/karitaszeger.hu\/web\/wp-json\/wp\/v2\/media\/6208"}],"wp:attachment":[{"href":"https:\/\/karitaszeger.hu\/web\/wp-json\/wp\/v2\/media?parent=6207"}],"wp:term":[{"taxonomy":"category","embeddable":true,"href":"https:\/\/karitaszeger.hu\/web\/wp-json\/wp\/v2\/categories?post=6207"},{"taxonomy":"post_tag","embeddable":true,"href":"https:\/\/karitaszeger.hu\/web\/wp-json\/wp\/v2\/tags?post=6207"}],"curies":[{"name":"wp","href":"https:\/\/api.w.org\/{rel}","templated":true}]}}