{"id":6701,"date":"2025-11-18T11:57:57","date_gmt":"2025-11-18T10:57:57","guid":{"rendered":"https:\/\/karitaszeger.hu\/web\/?p=6701"},"modified":"2025-11-18T11:57:57","modified_gmt":"2025-11-18T10:57:57","slug":"szent-erzsebet-unnepen-a-jolelku-kiralylany-peldajat-kovetve-az-elesettek-szegenyek-raszorulok-megsegiteseert-munkalkodok-kerultek-fokuszba-a-vasarnap-delelotti-szentmisen-jaszjakohalman","status":"publish","type":"post","link":"https:\/\/karitaszeger.hu\/web\/2025\/11\/18\/szent-erzsebet-unnepen-a-jolelku-kiralylany-peldajat-kovetve-az-elesettek-szegenyek-raszorulok-megsegiteseert-munkalkodok-kerultek-fokuszba-a-vasarnap-delelotti-szentmisen-jaszjakohalman\/","title":{"rendered":"Szent Erzs\u00e9bet \u00fcnnep\u00e9n a j\u00f3lelk\u0171 kir\u00e1lyl\u00e1ny p\u00e9ld\u00e1j\u00e1t k\u00f6vetve az elesettek, szeg\u00e9nyek, r\u00e1szorul\u00f3k megseg\u00edt\u00e9s\u00e9\u00e9rt munk\u00e1lkod\u00f3k ker\u00fcltek f\u00f3kuszba a vas\u00e1rnap d\u00e9lel\u0151tti szentmis\u00e9n J\u00e1szj\u00e1k\u00f3halm\u00e1n"},"content":{"rendered":"<p><div class=\"fusion-fullwidth fullwidth-box fusion-builder-row-1 fusion-flex-container nonhundred-percent-fullwidth non-hundred-percent-height-scrolling\" style=\"--awb-border-radius-top-left:0px;--awb-border-radius-top-right:0px;--awb-border-radius-bottom-right:0px;--awb-border-radius-bottom-left:0px;--awb-padding-bottom:30px;--awb-flex-wrap:wrap;\" ><div class=\"fusion-builder-row fusion-row fusion-flex-align-items-flex-start fusion-flex-content-wrap\" style=\"max-width:1216.8px;margin-left: calc(-4% \/ 2 );margin-right: calc(-4% \/ 2 );\"><div class=\"fusion-layout-column fusion_builder_column fusion-builder-column-0 fusion_builder_column_1_1 1_1 fusion-flex-column\" style=\"--awb-bg-size:cover;--awb-width-large:100%;--awb-margin-top-large:0px;--awb-spacing-right-large:1.92%;--awb-margin-bottom-large:0px;--awb-spacing-left-large:1.92%;--awb-width-medium:100%;--awb-spacing-right-medium:1.92%;--awb-spacing-left-medium:1.92%;--awb-width-small:100%;--awb-spacing-right-small:1.92%;--awb-spacing-left-small:1.92%;\"><div class=\"fusion-column-wrapper fusion-flex-justify-content-flex-start fusion-content-layout-column\"><div class=\"fusion-separator fusion-full-width-sep\" style=\"align-self: center;margin-left: auto;margin-right: auto;margin-bottom:10px;width:100%;\"><div class=\"fusion-separator-border sep-single\" style=\"--awb-height:20px;--awb-amount:20px;border-color:#e00000;border-top-width:1px;\"><\/div><\/div><div class=\"fusion-text fusion-text-1\" style=\"--awb-text-transform:none;\"><div class=\"\" dir=\"auto\">\n<div class=\"xdj266r x14z9mp xat24cr x1lziwak x1vvkbs x126k92a\">\n<div dir=\"auto\">Szent Erzs\u00e9bet \u00fcnnep\u00e9n a j\u00f3lelk\u0171 kir\u00e1lyl\u00e1ny p\u00e9ld\u00e1j\u00e1t k\u00f6vetve az elesettek, szeg\u00e9nyek, r\u00e1szorul\u00f3k megseg\u00edt\u00e9s\u00e9\u00e9rt munk\u00e1lkod\u00f3k ker\u00fcltek f\u00f3kuszba a vas\u00e1rnap d\u00e9lel\u0151tti szentmis\u00e9n J\u00e1szj\u00e1k\u00f3halm\u00e1n.<\/div>\n<\/div>\n<div class=\"x14z9mp xat24cr x1lziwak x1vvkbs xtlvy1s x126k92a\">\n<div dir=\"auto\">A szertart\u00e1s v\u00e9g\u00e9n a pl\u00e9b\u00e1nos \u00far meg\u00e1ldotta a keny\u00e9r adom\u00e1nyokat majd a helyi Karit\u00e1sz csoport k\u00e9t \u00faj tagja avat\u00e1s\u00e1nak lehettek tan\u00fai a h\u00edvek.<\/div>\n<\/div>\n<div class=\"x14z9mp xat24cr x1lziwak x1vvkbs xtlvy1s x126k92a\">\n<div dir=\"auto\">A csoport vezet\u0151je besz\u00e1molt a j\u00f3t\u00e9konys\u00e1gi szervezet munk\u00e1j\u00e1r\u00f3l \u00e9s a jelenl\u00e9v\u0151k k\u00f6z\u00f6tt kiosztott\u00e1k a meg\u00e1ldott cip\u00f3kat. @jaszsagitersetitv<\/div>\n<\/div>\n<\/div>\n<\/div><div class=\"awb-gallery-wrapper awb-gallery-wrapper-1 button-span-no\" style=\"--more-btn-alignment:center;\"><div style=\"margin:-5px;--awb-bordersize:0px;\" class=\"fusion-gallery fusion-gallery-container fusion-grid-3 fusion-columns-total-8 fusion-gallery-layout-grid fusion-gallery-1\"><div style=\"padding:5px;\" class=\"fusion-grid-column fusion-gallery-column fusion-gallery-column-3 hover-type-none\"><div class=\"fusion-gallery-image\"><a href=\"https:\/\/karitaszeger.hu\/web\/wp-content\/uploads\/2025\/11\/Szent-Erzsebet-unnepen-a-jolelku-kiralylany-peldajat-kovetve-az-elesettek-szegenyek-raszorulok-megsegiteseert-munkalkodok-kerultek-fokuszba-a-vasarnap-delelotti-szentmisen-Jaszjakohalman.-1.jpg\" rel=\"noreferrer\" data-rel=\"iLightbox[gallery_image_1]\" class=\"fusion-lightbox\" target=\"_self\"><img decoding=\"async\" src=\"https:\/\/karitaszeger.hu\/web\/wp-content\/uploads\/2025\/11\/Szent-Erzsebet-unnepen-a-jolelku-kiralylany-peldajat-kovetve-az-elesettek-szegenyek-raszorulok-megsegiteseert-munkalkodok-kerultek-fokuszba-a-vasarnap-delelotti-szentmisen-Jaszjakohalman.-1.jpg\" width=\"2048\" height=\"1536\" alt=\"\" title=\"Szent Erzse\u0301bet u\u0308nnepe\u0301n a jo\u0301lelku\u030b kira\u0301lyla\u0301ny pe\u0301lda\u0301ja\u0301t ko\u0308vetve az elesettek, szege\u0301nyek, ra\u0301szorulo\u0301k megsegi\u0301te\u0301se\u0301e\u0301rt munka\u0301lkodo\u0301k keru\u0308ltek fo\u0301kuszba a vasa\u0301rnap de\u0301lelo\u030btti szentmise\u0301n Ja\u0301szja\u0301ko\u0301halma\u0301n. 1\" aria-label=\"Szent Erzse\u0301bet u\u0308nnepe\u0301n a jo\u0301lelku\u030b kira\u0301lyla\u0301ny pe\u0301lda\u0301ja\u0301t ko\u0308vetve az elesettek, szege\u0301nyek, ra\u0301szorulo\u0301k megsegi\u0301te\u0301se\u0301e\u0301rt munka\u0301lkodo\u0301k keru\u0308ltek fo\u0301kuszba a vasa\u0301rnap de\u0301lelo\u030btti szentmise\u0301n Ja\u0301szja\u0301ko\u0301halma\u0301n. 1\" class=\"img-responsive wp-image-6702\" srcset=\"https:\/\/karitaszeger.hu\/web\/wp-content\/uploads\/2025\/11\/Szent-Erzsebet-unnepen-a-jolelku-kiralylany-peldajat-kovetve-az-elesettek-szegenyek-raszorulok-megsegiteseert-munkalkodok-kerultek-fokuszba-a-vasarnap-delelotti-szentmisen-Jaszjakohalman.-1-200x150.jpg 200w, https:\/\/karitaszeger.hu\/web\/wp-content\/uploads\/2025\/11\/Szent-Erzsebet-unnepen-a-jolelku-kiralylany-peldajat-kovetve-az-elesettek-szegenyek-raszorulok-megsegiteseert-munkalkodok-kerultek-fokuszba-a-vasarnap-delelotti-szentmisen-Jaszjakohalman.-1-400x300.jpg 400w, https:\/\/karitaszeger.hu\/web\/wp-content\/uploads\/2025\/11\/Szent-Erzsebet-unnepen-a-jolelku-kiralylany-peldajat-kovetve-az-elesettek-szegenyek-raszorulok-megsegiteseert-munkalkodok-kerultek-fokuszba-a-vasarnap-delelotti-szentmisen-Jaszjakohalman.-1-600x450.jpg 600w, https:\/\/karitaszeger.hu\/web\/wp-content\/uploads\/2025\/11\/Szent-Erzsebet-unnepen-a-jolelku-kiralylany-peldajat-kovetve-az-elesettek-szegenyek-raszorulok-megsegiteseert-munkalkodok-kerultek-fokuszba-a-vasarnap-delelotti-szentmisen-Jaszjakohalman.-1-800x600.jpg 800w, https:\/\/karitaszeger.hu\/web\/wp-content\/uploads\/2025\/11\/Szent-Erzsebet-unnepen-a-jolelku-kiralylany-peldajat-kovetve-az-elesettek-szegenyek-raszorulok-megsegiteseert-munkalkodok-kerultek-fokuszba-a-vasarnap-delelotti-szentmisen-Jaszjakohalman.-1-1200x900.jpg 1200w, https:\/\/karitaszeger.hu\/web\/wp-content\/uploads\/2025\/11\/Szent-Erzsebet-unnepen-a-jolelku-kiralylany-peldajat-kovetve-az-elesettek-szegenyek-raszorulok-megsegiteseert-munkalkodok-kerultek-fokuszba-a-vasarnap-delelotti-szentmisen-Jaszjakohalman.-1.jpg 2048w\" sizes=\"(min-width: 2200px) 100vw, (min-width: 960px) 387px, (min-width: 800px) 580px, (min-width: 640px) 800px, \" \/><\/a><\/div><\/div><div style=\"padding:5px;\" class=\"fusion-grid-column fusion-gallery-column fusion-gallery-column-3 hover-type-none\"><div class=\"fusion-gallery-image\"><a href=\"https:\/\/karitaszeger.hu\/web\/wp-content\/uploads\/2025\/11\/Szent-Erzsebet-unnepen-a-jolelku-kiralylany-peldajat-kovetve-az-elesettek-szegenyek-raszorulok-megsegiteseert-munkalkodok-kerultek-fokuszba-a-vasarnap-delelotti-szentmisen-Jaszjakohalman.-8.jpg\" rel=\"noreferrer\" data-rel=\"iLightbox[gallery_image_1]\" class=\"fusion-lightbox\" target=\"_self\"><img decoding=\"async\" src=\"https:\/\/karitaszeger.hu\/web\/wp-content\/uploads\/2025\/11\/Szent-Erzsebet-unnepen-a-jolelku-kiralylany-peldajat-kovetve-az-elesettek-szegenyek-raszorulok-megsegiteseert-munkalkodok-kerultek-fokuszba-a-vasarnap-delelotti-szentmisen-Jaszjakohalman.-8.jpg\" width=\"2048\" height=\"1536\" alt=\"\" title=\"Szent Erzse\u0301bet u\u0308nnepe\u0301n a jo\u0301lelku\u030b kira\u0301lyla\u0301ny pe\u0301lda\u0301ja\u0301t ko\u0308vetve az elesettek, szege\u0301nyek, ra\u0301szorulo\u0301k megsegi\u0301te\u0301se\u0301e\u0301rt munka\u0301lkodo\u0301k keru\u0308ltek fo\u0301kuszba a vasa\u0301rnap de\u0301lelo\u030btti szentmise\u0301n Ja\u0301szja\u0301ko\u0301halma\u0301n. 8\" aria-label=\"Szent Erzse\u0301bet u\u0308nnepe\u0301n a jo\u0301lelku\u030b kira\u0301lyla\u0301ny pe\u0301lda\u0301ja\u0301t ko\u0308vetve az elesettek, szege\u0301nyek, ra\u0301szorulo\u0301k megsegi\u0301te\u0301se\u0301e\u0301rt munka\u0301lkodo\u0301k keru\u0308ltek fo\u0301kuszba a vasa\u0301rnap de\u0301lelo\u030btti szentmise\u0301n Ja\u0301szja\u0301ko\u0301halma\u0301n. 8\" class=\"img-responsive wp-image-6703\" srcset=\"https:\/\/karitaszeger.hu\/web\/wp-content\/uploads\/2025\/11\/Szent-Erzsebet-unnepen-a-jolelku-kiralylany-peldajat-kovetve-az-elesettek-szegenyek-raszorulok-megsegiteseert-munkalkodok-kerultek-fokuszba-a-vasarnap-delelotti-szentmisen-Jaszjakohalman.-8-200x150.jpg 200w, https:\/\/karitaszeger.hu\/web\/wp-content\/uploads\/2025\/11\/Szent-Erzsebet-unnepen-a-jolelku-kiralylany-peldajat-kovetve-az-elesettek-szegenyek-raszorulok-megsegiteseert-munkalkodok-kerultek-fokuszba-a-vasarnap-delelotti-szentmisen-Jaszjakohalman.-8-400x300.jpg 400w, https:\/\/karitaszeger.hu\/web\/wp-content\/uploads\/2025\/11\/Szent-Erzsebet-unnepen-a-jolelku-kiralylany-peldajat-kovetve-az-elesettek-szegenyek-raszorulok-megsegiteseert-munkalkodok-kerultek-fokuszba-a-vasarnap-delelotti-szentmisen-Jaszjakohalman.-8-600x450.jpg 600w, https:\/\/karitaszeger.hu\/web\/wp-content\/uploads\/2025\/11\/Szent-Erzsebet-unnepen-a-jolelku-kiralylany-peldajat-kovetve-az-elesettek-szegenyek-raszorulok-megsegiteseert-munkalkodok-kerultek-fokuszba-a-vasarnap-delelotti-szentmisen-Jaszjakohalman.-8-800x600.jpg 800w, https:\/\/karitaszeger.hu\/web\/wp-content\/uploads\/2025\/11\/Szent-Erzsebet-unnepen-a-jolelku-kiralylany-peldajat-kovetve-az-elesettek-szegenyek-raszorulok-megsegiteseert-munkalkodok-kerultek-fokuszba-a-vasarnap-delelotti-szentmisen-Jaszjakohalman.-8-1200x900.jpg 1200w, https:\/\/karitaszeger.hu\/web\/wp-content\/uploads\/2025\/11\/Szent-Erzsebet-unnepen-a-jolelku-kiralylany-peldajat-kovetve-az-elesettek-szegenyek-raszorulok-megsegiteseert-munkalkodok-kerultek-fokuszba-a-vasarnap-delelotti-szentmisen-Jaszjakohalman.-8.jpg 2048w\" sizes=\"(min-width: 2200px) 100vw, (min-width: 960px) 387px, (min-width: 800px) 580px, (min-width: 640px) 800px, \" \/><\/a><\/div><\/div><div style=\"padding:5px;\" class=\"fusion-grid-column fusion-gallery-column fusion-gallery-column-3 hover-type-none\"><div class=\"fusion-gallery-image\"><a href=\"https:\/\/karitaszeger.hu\/web\/wp-content\/uploads\/2025\/11\/Szent-Erzsebet-unnepen-a-jolelku-kiralylany-peldajat-kovetve-az-elesettek-szegenyek-raszorulok-megsegiteseert-munkalkodok-kerultek-fokuszba-a-vasarnap-delelotti-szentmisen-Jaszjakohalman.-7.jpg\" rel=\"noreferrer\" data-rel=\"iLightbox[gallery_image_1]\" class=\"fusion-lightbox\" target=\"_self\"><img decoding=\"async\" src=\"https:\/\/karitaszeger.hu\/web\/wp-content\/uploads\/2025\/11\/Szent-Erzsebet-unnepen-a-jolelku-kiralylany-peldajat-kovetve-az-elesettek-szegenyek-raszorulok-megsegiteseert-munkalkodok-kerultek-fokuszba-a-vasarnap-delelotti-szentmisen-Jaszjakohalman.-7.jpg\" width=\"1536\" height=\"2048\" alt=\"\" title=\"Szent Erzse\u0301bet u\u0308nnepe\u0301n a jo\u0301lelku\u030b kira\u0301lyla\u0301ny pe\u0301lda\u0301ja\u0301t ko\u0308vetve az elesettek, szege\u0301nyek, ra\u0301szorulo\u0301k megsegi\u0301te\u0301se\u0301e\u0301rt munka\u0301lkodo\u0301k keru\u0308ltek fo\u0301kuszba a vasa\u0301rnap de\u0301lelo\u030btti szentmise\u0301n Ja\u0301szja\u0301ko\u0301halma\u0301n. 7\" aria-label=\"Szent Erzse\u0301bet u\u0308nnepe\u0301n a jo\u0301lelku\u030b kira\u0301lyla\u0301ny pe\u0301lda\u0301ja\u0301t ko\u0308vetve az elesettek, szege\u0301nyek, ra\u0301szorulo\u0301k megsegi\u0301te\u0301se\u0301e\u0301rt munka\u0301lkodo\u0301k keru\u0308ltek fo\u0301kuszba a vasa\u0301rnap de\u0301lelo\u030btti szentmise\u0301n Ja\u0301szja\u0301ko\u0301halma\u0301n. 7\" class=\"img-responsive wp-image-6704\" srcset=\"https:\/\/karitaszeger.hu\/web\/wp-content\/uploads\/2025\/11\/Szent-Erzsebet-unnepen-a-jolelku-kiralylany-peldajat-kovetve-az-elesettek-szegenyek-raszorulok-megsegiteseert-munkalkodok-kerultek-fokuszba-a-vasarnap-delelotti-szentmisen-Jaszjakohalman.-7-200x267.jpg 200w, https:\/\/karitaszeger.hu\/web\/wp-content\/uploads\/2025\/11\/Szent-Erzsebet-unnepen-a-jolelku-kiralylany-peldajat-kovetve-az-elesettek-szegenyek-raszorulok-megsegiteseert-munkalkodok-kerultek-fokuszba-a-vasarnap-delelotti-szentmisen-Jaszjakohalman.-7-400x533.jpg 400w, https:\/\/karitaszeger.hu\/web\/wp-content\/uploads\/2025\/11\/Szent-Erzsebet-unnepen-a-jolelku-kiralylany-peldajat-kovetve-az-elesettek-szegenyek-raszorulok-megsegiteseert-munkalkodok-kerultek-fokuszba-a-vasarnap-delelotti-szentmisen-Jaszjakohalman.-7-600x800.jpg 600w, https:\/\/karitaszeger.hu\/web\/wp-content\/uploads\/2025\/11\/Szent-Erzsebet-unnepen-a-jolelku-kiralylany-peldajat-kovetve-az-elesettek-szegenyek-raszorulok-megsegiteseert-munkalkodok-kerultek-fokuszba-a-vasarnap-delelotti-szentmisen-Jaszjakohalman.-7-800x1067.jpg 800w, https:\/\/karitaszeger.hu\/web\/wp-content\/uploads\/2025\/11\/Szent-Erzsebet-unnepen-a-jolelku-kiralylany-peldajat-kovetve-az-elesettek-szegenyek-raszorulok-megsegiteseert-munkalkodok-kerultek-fokuszba-a-vasarnap-delelotti-szentmisen-Jaszjakohalman.-7-1200x1600.jpg 1200w, https:\/\/karitaszeger.hu\/web\/wp-content\/uploads\/2025\/11\/Szent-Erzsebet-unnepen-a-jolelku-kiralylany-peldajat-kovetve-az-elesettek-szegenyek-raszorulok-megsegiteseert-munkalkodok-kerultek-fokuszba-a-vasarnap-delelotti-szentmisen-Jaszjakohalman.-7.jpg 1536w\" sizes=\"(min-width: 2200px) 100vw, (min-width: 960px) 387px, (min-width: 800px) 580px, (min-width: 640px) 800px, \" \/><\/a><\/div><\/div><div class=\"clearfix\"><\/div><div style=\"padding:5px;\" class=\"fusion-grid-column fusion-gallery-column fusion-gallery-column-3 hover-type-none\"><div class=\"fusion-gallery-image\"><a href=\"https:\/\/karitaszeger.hu\/web\/wp-content\/uploads\/2025\/11\/Szent-Erzsebet-unnepen-a-jolelku-kiralylany-peldajat-kovetve-az-elesettek-szegenyek-raszorulok-megsegiteseert-munkalkodok-kerultek-fokuszba-a-vasarnap-delelotti-szentmisen-Jaszjakohalman.-6.jpg\" rel=\"noreferrer\" data-rel=\"iLightbox[gallery_image_1]\" class=\"fusion-lightbox\" target=\"_self\"><img decoding=\"async\" src=\"https:\/\/karitaszeger.hu\/web\/wp-content\/uploads\/2025\/11\/Szent-Erzsebet-unnepen-a-jolelku-kiralylany-peldajat-kovetve-az-elesettek-szegenyek-raszorulok-megsegiteseert-munkalkodok-kerultek-fokuszba-a-vasarnap-delelotti-szentmisen-Jaszjakohalman.-6.jpg\" width=\"1536\" height=\"2048\" alt=\"\" title=\"Szent Erzse\u0301bet u\u0308nnepe\u0301n a jo\u0301lelku\u030b kira\u0301lyla\u0301ny pe\u0301lda\u0301ja\u0301t ko\u0308vetve az elesettek, szege\u0301nyek, ra\u0301szorulo\u0301k megsegi\u0301te\u0301se\u0301e\u0301rt munka\u0301lkodo\u0301k keru\u0308ltek fo\u0301kuszba a vasa\u0301rnap de\u0301lelo\u030btti szentmise\u0301n Ja\u0301szja\u0301ko\u0301halma\u0301n. 6\" aria-label=\"Szent Erzse\u0301bet u\u0308nnepe\u0301n a jo\u0301lelku\u030b kira\u0301lyla\u0301ny pe\u0301lda\u0301ja\u0301t ko\u0308vetve az elesettek, szege\u0301nyek, ra\u0301szorulo\u0301k megsegi\u0301te\u0301se\u0301e\u0301rt munka\u0301lkodo\u0301k keru\u0308ltek fo\u0301kuszba a vasa\u0301rnap de\u0301lelo\u030btti szentmise\u0301n Ja\u0301szja\u0301ko\u0301halma\u0301n. 6\" class=\"img-responsive wp-image-6705\" srcset=\"https:\/\/karitaszeger.hu\/web\/wp-content\/uploads\/2025\/11\/Szent-Erzsebet-unnepen-a-jolelku-kiralylany-peldajat-kovetve-az-elesettek-szegenyek-raszorulok-megsegiteseert-munkalkodok-kerultek-fokuszba-a-vasarnap-delelotti-szentmisen-Jaszjakohalman.-6-200x267.jpg 200w, https:\/\/karitaszeger.hu\/web\/wp-content\/uploads\/2025\/11\/Szent-Erzsebet-unnepen-a-jolelku-kiralylany-peldajat-kovetve-az-elesettek-szegenyek-raszorulok-megsegiteseert-munkalkodok-kerultek-fokuszba-a-vasarnap-delelotti-szentmisen-Jaszjakohalman.-6-400x533.jpg 400w, https:\/\/karitaszeger.hu\/web\/wp-content\/uploads\/2025\/11\/Szent-Erzsebet-unnepen-a-jolelku-kiralylany-peldajat-kovetve-az-elesettek-szegenyek-raszorulok-megsegiteseert-munkalkodok-kerultek-fokuszba-a-vasarnap-delelotti-szentmisen-Jaszjakohalman.-6-600x800.jpg 600w, https:\/\/karitaszeger.hu\/web\/wp-content\/uploads\/2025\/11\/Szent-Erzsebet-unnepen-a-jolelku-kiralylany-peldajat-kovetve-az-elesettek-szegenyek-raszorulok-megsegiteseert-munkalkodok-kerultek-fokuszba-a-vasarnap-delelotti-szentmisen-Jaszjakohalman.-6-800x1067.jpg 800w, https:\/\/karitaszeger.hu\/web\/wp-content\/uploads\/2025\/11\/Szent-Erzsebet-unnepen-a-jolelku-kiralylany-peldajat-kovetve-az-elesettek-szegenyek-raszorulok-megsegiteseert-munkalkodok-kerultek-fokuszba-a-vasarnap-delelotti-szentmisen-Jaszjakohalman.-6-1200x1600.jpg 1200w, https:\/\/karitaszeger.hu\/web\/wp-content\/uploads\/2025\/11\/Szent-Erzsebet-unnepen-a-jolelku-kiralylany-peldajat-kovetve-az-elesettek-szegenyek-raszorulok-megsegiteseert-munkalkodok-kerultek-fokuszba-a-vasarnap-delelotti-szentmisen-Jaszjakohalman.-6.jpg 1536w\" sizes=\"(min-width: 2200px) 100vw, (min-width: 960px) 387px, (min-width: 800px) 580px, (min-width: 640px) 800px, \" \/><\/a><\/div><\/div><div style=\"padding:5px;\" class=\"fusion-grid-column fusion-gallery-column fusion-gallery-column-3 hover-type-none\"><div class=\"fusion-gallery-image\"><a href=\"https:\/\/karitaszeger.hu\/web\/wp-content\/uploads\/2025\/11\/Szent-Erzsebet-unnepen-a-jolelku-kiralylany-peldajat-kovetve-az-elesettek-szegenyek-raszorulok-megsegiteseert-munkalkodok-kerultek-fokuszba-a-vasarnap-delelotti-szentmisen-Jaszjakohalman.-5.jpg\" rel=\"noreferrer\" data-rel=\"iLightbox[gallery_image_1]\" class=\"fusion-lightbox\" target=\"_self\"><img decoding=\"async\" src=\"https:\/\/karitaszeger.hu\/web\/wp-content\/uploads\/2025\/11\/Szent-Erzsebet-unnepen-a-jolelku-kiralylany-peldajat-kovetve-az-elesettek-szegenyek-raszorulok-megsegiteseert-munkalkodok-kerultek-fokuszba-a-vasarnap-delelotti-szentmisen-Jaszjakohalman.-5.jpg\" width=\"2048\" height=\"1536\" alt=\"\" title=\"Szent Erzse\u0301bet u\u0308nnepe\u0301n a jo\u0301lelku\u030b kira\u0301lyla\u0301ny pe\u0301lda\u0301ja\u0301t ko\u0308vetve az elesettek, szege\u0301nyek, ra\u0301szorulo\u0301k megsegi\u0301te\u0301se\u0301e\u0301rt munka\u0301lkodo\u0301k keru\u0308ltek fo\u0301kuszba a vasa\u0301rnap de\u0301lelo\u030btti szentmise\u0301n Ja\u0301szja\u0301ko\u0301halma\u0301n. 5\" aria-label=\"Szent Erzse\u0301bet u\u0308nnepe\u0301n a jo\u0301lelku\u030b kira\u0301lyla\u0301ny pe\u0301lda\u0301ja\u0301t ko\u0308vetve az elesettek, szege\u0301nyek, ra\u0301szorulo\u0301k megsegi\u0301te\u0301se\u0301e\u0301rt munka\u0301lkodo\u0301k keru\u0308ltek fo\u0301kuszba a vasa\u0301rnap de\u0301lelo\u030btti szentmise\u0301n Ja\u0301szja\u0301ko\u0301halma\u0301n. 5\" class=\"img-responsive wp-image-6706\" srcset=\"https:\/\/karitaszeger.hu\/web\/wp-content\/uploads\/2025\/11\/Szent-Erzsebet-unnepen-a-jolelku-kiralylany-peldajat-kovetve-az-elesettek-szegenyek-raszorulok-megsegiteseert-munkalkodok-kerultek-fokuszba-a-vasarnap-delelotti-szentmisen-Jaszjakohalman.-5-200x150.jpg 200w, https:\/\/karitaszeger.hu\/web\/wp-content\/uploads\/2025\/11\/Szent-Erzsebet-unnepen-a-jolelku-kiralylany-peldajat-kovetve-az-elesettek-szegenyek-raszorulok-megsegiteseert-munkalkodok-kerultek-fokuszba-a-vasarnap-delelotti-szentmisen-Jaszjakohalman.-5-400x300.jpg 400w, https:\/\/karitaszeger.hu\/web\/wp-content\/uploads\/2025\/11\/Szent-Erzsebet-unnepen-a-jolelku-kiralylany-peldajat-kovetve-az-elesettek-szegenyek-raszorulok-megsegiteseert-munkalkodok-kerultek-fokuszba-a-vasarnap-delelotti-szentmisen-Jaszjakohalman.-5-600x450.jpg 600w, https:\/\/karitaszeger.hu\/web\/wp-content\/uploads\/2025\/11\/Szent-Erzsebet-unnepen-a-jolelku-kiralylany-peldajat-kovetve-az-elesettek-szegenyek-raszorulok-megsegiteseert-munkalkodok-kerultek-fokuszba-a-vasarnap-delelotti-szentmisen-Jaszjakohalman.-5-800x600.jpg 800w, https:\/\/karitaszeger.hu\/web\/wp-content\/uploads\/2025\/11\/Szent-Erzsebet-unnepen-a-jolelku-kiralylany-peldajat-kovetve-az-elesettek-szegenyek-raszorulok-megsegiteseert-munkalkodok-kerultek-fokuszba-a-vasarnap-delelotti-szentmisen-Jaszjakohalman.-5-1200x900.jpg 1200w, https:\/\/karitaszeger.hu\/web\/wp-content\/uploads\/2025\/11\/Szent-Erzsebet-unnepen-a-jolelku-kiralylany-peldajat-kovetve-az-elesettek-szegenyek-raszorulok-megsegiteseert-munkalkodok-kerultek-fokuszba-a-vasarnap-delelotti-szentmisen-Jaszjakohalman.-5.jpg 2048w\" sizes=\"(min-width: 2200px) 100vw, (min-width: 960px) 387px, (min-width: 800px) 580px, (min-width: 640px) 800px, \" \/><\/a><\/div><\/div><div style=\"padding:5px;\" class=\"fusion-grid-column fusion-gallery-column fusion-gallery-column-3 hover-type-none\"><div class=\"fusion-gallery-image\"><a href=\"https:\/\/karitaszeger.hu\/web\/wp-content\/uploads\/2025\/11\/Szent-Erzsebet-unnepen-a-jolelku-kiralylany-peldajat-kovetve-az-elesettek-szegenyek-raszorulok-megsegiteseert-munkalkodok-kerultek-fokuszba-a-vasarnap-delelotti-szentmisen-Jaszjakohalman.-4.jpg\" rel=\"noreferrer\" data-rel=\"iLightbox[gallery_image_1]\" class=\"fusion-lightbox\" target=\"_self\"><img decoding=\"async\" src=\"https:\/\/karitaszeger.hu\/web\/wp-content\/uploads\/2025\/11\/Szent-Erzsebet-unnepen-a-jolelku-kiralylany-peldajat-kovetve-az-elesettek-szegenyek-raszorulok-megsegiteseert-munkalkodok-kerultek-fokuszba-a-vasarnap-delelotti-szentmisen-Jaszjakohalman.-4.jpg\" width=\"2048\" height=\"1536\" alt=\"\" title=\"Szent Erzse\u0301bet u\u0308nnepe\u0301n a jo\u0301lelku\u030b kira\u0301lyla\u0301ny pe\u0301lda\u0301ja\u0301t ko\u0308vetve az elesettek, szege\u0301nyek, ra\u0301szorulo\u0301k megsegi\u0301te\u0301se\u0301e\u0301rt munka\u0301lkodo\u0301k keru\u0308ltek fo\u0301kuszba a vasa\u0301rnap de\u0301lelo\u030btti szentmise\u0301n Ja\u0301szja\u0301ko\u0301halma\u0301n. 4\" aria-label=\"Szent Erzse\u0301bet u\u0308nnepe\u0301n a jo\u0301lelku\u030b kira\u0301lyla\u0301ny pe\u0301lda\u0301ja\u0301t ko\u0308vetve az elesettek, szege\u0301nyek, ra\u0301szorulo\u0301k megsegi\u0301te\u0301se\u0301e\u0301rt munka\u0301lkodo\u0301k keru\u0308ltek fo\u0301kuszba a vasa\u0301rnap de\u0301lelo\u030btti szentmise\u0301n Ja\u0301szja\u0301ko\u0301halma\u0301n. 4\" class=\"img-responsive wp-image-6707\" srcset=\"https:\/\/karitaszeger.hu\/web\/wp-content\/uploads\/2025\/11\/Szent-Erzsebet-unnepen-a-jolelku-kiralylany-peldajat-kovetve-az-elesettek-szegenyek-raszorulok-megsegiteseert-munkalkodok-kerultek-fokuszba-a-vasarnap-delelotti-szentmisen-Jaszjakohalman.-4-200x150.jpg 200w, https:\/\/karitaszeger.hu\/web\/wp-content\/uploads\/2025\/11\/Szent-Erzsebet-unnepen-a-jolelku-kiralylany-peldajat-kovetve-az-elesettek-szegenyek-raszorulok-megsegiteseert-munkalkodok-kerultek-fokuszba-a-vasarnap-delelotti-szentmisen-Jaszjakohalman.-4-400x300.jpg 400w, https:\/\/karitaszeger.hu\/web\/wp-content\/uploads\/2025\/11\/Szent-Erzsebet-unnepen-a-jolelku-kiralylany-peldajat-kovetve-az-elesettek-szegenyek-raszorulok-megsegiteseert-munkalkodok-kerultek-fokuszba-a-vasarnap-delelotti-szentmisen-Jaszjakohalman.-4-600x450.jpg 600w, https:\/\/karitaszeger.hu\/web\/wp-content\/uploads\/2025\/11\/Szent-Erzsebet-unnepen-a-jolelku-kiralylany-peldajat-kovetve-az-elesettek-szegenyek-raszorulok-megsegiteseert-munkalkodok-kerultek-fokuszba-a-vasarnap-delelotti-szentmisen-Jaszjakohalman.-4-800x600.jpg 800w, https:\/\/karitaszeger.hu\/web\/wp-content\/uploads\/2025\/11\/Szent-Erzsebet-unnepen-a-jolelku-kiralylany-peldajat-kovetve-az-elesettek-szegenyek-raszorulok-megsegiteseert-munkalkodok-kerultek-fokuszba-a-vasarnap-delelotti-szentmisen-Jaszjakohalman.-4-1200x900.jpg 1200w, https:\/\/karitaszeger.hu\/web\/wp-content\/uploads\/2025\/11\/Szent-Erzsebet-unnepen-a-jolelku-kiralylany-peldajat-kovetve-az-elesettek-szegenyek-raszorulok-megsegiteseert-munkalkodok-kerultek-fokuszba-a-vasarnap-delelotti-szentmisen-Jaszjakohalman.-4.jpg 2048w\" sizes=\"(min-width: 2200px) 100vw, (min-width: 960px) 387px, (min-width: 800px) 580px, (min-width: 640px) 800px, \" \/><\/a><\/div><\/div><div class=\"clearfix\"><\/div><div style=\"padding:5px;\" class=\"fusion-grid-column fusion-gallery-column fusion-gallery-column-3 hover-type-none\"><div class=\"fusion-gallery-image\"><a href=\"https:\/\/karitaszeger.hu\/web\/wp-content\/uploads\/2025\/11\/Szent-Erzsebet-unnepen-a-jolelku-kiralylany-peldajat-kovetve-az-elesettek-szegenyek-raszorulok-megsegiteseert-munkalkodok-kerultek-fokuszba-a-vasarnap-delelotti-szentmisen-Jaszjakohalman.-3.jpg\" rel=\"noreferrer\" data-rel=\"iLightbox[gallery_image_1]\" class=\"fusion-lightbox\" target=\"_self\"><img decoding=\"async\" src=\"https:\/\/karitaszeger.hu\/web\/wp-content\/uploads\/2025\/11\/Szent-Erzsebet-unnepen-a-jolelku-kiralylany-peldajat-kovetve-az-elesettek-szegenyek-raszorulok-megsegiteseert-munkalkodok-kerultek-fokuszba-a-vasarnap-delelotti-szentmisen-Jaszjakohalman.-3.jpg\" width=\"2048\" height=\"1536\" alt=\"\" title=\"Szent Erzse\u0301bet u\u0308nnepe\u0301n a jo\u0301lelku\u030b kira\u0301lyla\u0301ny pe\u0301lda\u0301ja\u0301t ko\u0308vetve az elesettek, szege\u0301nyek, ra\u0301szorulo\u0301k megsegi\u0301te\u0301se\u0301e\u0301rt munka\u0301lkodo\u0301k keru\u0308ltek fo\u0301kuszba a vasa\u0301rnap de\u0301lelo\u030btti szentmise\u0301n Ja\u0301szja\u0301ko\u0301halma\u0301n. 3\" aria-label=\"Szent Erzse\u0301bet u\u0308nnepe\u0301n a jo\u0301lelku\u030b kira\u0301lyla\u0301ny pe\u0301lda\u0301ja\u0301t ko\u0308vetve az elesettek, szege\u0301nyek, ra\u0301szorulo\u0301k megsegi\u0301te\u0301se\u0301e\u0301rt munka\u0301lkodo\u0301k keru\u0308ltek fo\u0301kuszba a vasa\u0301rnap de\u0301lelo\u030btti szentmise\u0301n Ja\u0301szja\u0301ko\u0301halma\u0301n. 3\" class=\"img-responsive wp-image-6708\" srcset=\"https:\/\/karitaszeger.hu\/web\/wp-content\/uploads\/2025\/11\/Szent-Erzsebet-unnepen-a-jolelku-kiralylany-peldajat-kovetve-az-elesettek-szegenyek-raszorulok-megsegiteseert-munkalkodok-kerultek-fokuszba-a-vasarnap-delelotti-szentmisen-Jaszjakohalman.-3-200x150.jpg 200w, https:\/\/karitaszeger.hu\/web\/wp-content\/uploads\/2025\/11\/Szent-Erzsebet-unnepen-a-jolelku-kiralylany-peldajat-kovetve-az-elesettek-szegenyek-raszorulok-megsegiteseert-munkalkodok-kerultek-fokuszba-a-vasarnap-delelotti-szentmisen-Jaszjakohalman.-3-400x300.jpg 400w, https:\/\/karitaszeger.hu\/web\/wp-content\/uploads\/2025\/11\/Szent-Erzsebet-unnepen-a-jolelku-kiralylany-peldajat-kovetve-az-elesettek-szegenyek-raszorulok-megsegiteseert-munkalkodok-kerultek-fokuszba-a-vasarnap-delelotti-szentmisen-Jaszjakohalman.-3-600x450.jpg 600w, https:\/\/karitaszeger.hu\/web\/wp-content\/uploads\/2025\/11\/Szent-Erzsebet-unnepen-a-jolelku-kiralylany-peldajat-kovetve-az-elesettek-szegenyek-raszorulok-megsegiteseert-munkalkodok-kerultek-fokuszba-a-vasarnap-delelotti-szentmisen-Jaszjakohalman.-3-800x600.jpg 800w, https:\/\/karitaszeger.hu\/web\/wp-content\/uploads\/2025\/11\/Szent-Erzsebet-unnepen-a-jolelku-kiralylany-peldajat-kovetve-az-elesettek-szegenyek-raszorulok-megsegiteseert-munkalkodok-kerultek-fokuszba-a-vasarnap-delelotti-szentmisen-Jaszjakohalman.-3-1200x900.jpg 1200w, https:\/\/karitaszeger.hu\/web\/wp-content\/uploads\/2025\/11\/Szent-Erzsebet-unnepen-a-jolelku-kiralylany-peldajat-kovetve-az-elesettek-szegenyek-raszorulok-megsegiteseert-munkalkodok-kerultek-fokuszba-a-vasarnap-delelotti-szentmisen-Jaszjakohalman.-3.jpg 2048w\" sizes=\"(min-width: 2200px) 100vw, (min-width: 960px) 387px, (min-width: 800px) 580px, (min-width: 640px) 800px, \" \/><\/a><\/div><\/div><div style=\"padding:5px;\" class=\"fusion-grid-column fusion-gallery-column fusion-gallery-column-3 hover-type-none\"><div class=\"fusion-gallery-image\"><a href=\"https:\/\/karitaszeger.hu\/web\/wp-content\/uploads\/2025\/11\/Szent-Erzsebet-unnepen-a-jolelku-kiralylany-peldajat-kovetve-az-elesettek-szegenyek-raszorulok-megsegiteseert-munkalkodok-kerultek-fokuszba-a-vasarnap-delelotti-szentmisen-Jaszjakohalman.-2.jpg\" rel=\"noreferrer\" data-rel=\"iLightbox[gallery_image_1]\" class=\"fusion-lightbox\" target=\"_self\"><img decoding=\"async\" src=\"https:\/\/karitaszeger.hu\/web\/wp-content\/uploads\/2025\/11\/Szent-Erzsebet-unnepen-a-jolelku-kiralylany-peldajat-kovetve-az-elesettek-szegenyek-raszorulok-megsegiteseert-munkalkodok-kerultek-fokuszba-a-vasarnap-delelotti-szentmisen-Jaszjakohalman.-2.jpg\" width=\"2048\" height=\"1536\" alt=\"\" title=\"Szent Erzse\u0301bet u\u0308nnepe\u0301n a jo\u0301lelku\u030b kira\u0301lyla\u0301ny pe\u0301lda\u0301ja\u0301t ko\u0308vetve az elesettek, szege\u0301nyek, ra\u0301szorulo\u0301k megsegi\u0301te\u0301se\u0301e\u0301rt munka\u0301lkodo\u0301k keru\u0308ltek fo\u0301kuszba a vasa\u0301rnap de\u0301lelo\u030btti szentmise\u0301n Ja\u0301szja\u0301ko\u0301halma\u0301n. 2\" aria-label=\"Szent Erzse\u0301bet u\u0308nnepe\u0301n a jo\u0301lelku\u030b kira\u0301lyla\u0301ny pe\u0301lda\u0301ja\u0301t ko\u0308vetve az elesettek, szege\u0301nyek, ra\u0301szorulo\u0301k megsegi\u0301te\u0301se\u0301e\u0301rt munka\u0301lkodo\u0301k keru\u0308ltek fo\u0301kuszba a vasa\u0301rnap de\u0301lelo\u030btti szentmise\u0301n Ja\u0301szja\u0301ko\u0301halma\u0301n. 2\" class=\"img-responsive wp-image-6709\" srcset=\"https:\/\/karitaszeger.hu\/web\/wp-content\/uploads\/2025\/11\/Szent-Erzsebet-unnepen-a-jolelku-kiralylany-peldajat-kovetve-az-elesettek-szegenyek-raszorulok-megsegiteseert-munkalkodok-kerultek-fokuszba-a-vasarnap-delelotti-szentmisen-Jaszjakohalman.-2-200x150.jpg 200w, https:\/\/karitaszeger.hu\/web\/wp-content\/uploads\/2025\/11\/Szent-Erzsebet-unnepen-a-jolelku-kiralylany-peldajat-kovetve-az-elesettek-szegenyek-raszorulok-megsegiteseert-munkalkodok-kerultek-fokuszba-a-vasarnap-delelotti-szentmisen-Jaszjakohalman.-2-400x300.jpg 400w, https:\/\/karitaszeger.hu\/web\/wp-content\/uploads\/2025\/11\/Szent-Erzsebet-unnepen-a-jolelku-kiralylany-peldajat-kovetve-az-elesettek-szegenyek-raszorulok-megsegiteseert-munkalkodok-kerultek-fokuszba-a-vasarnap-delelotti-szentmisen-Jaszjakohalman.-2-600x450.jpg 600w, https:\/\/karitaszeger.hu\/web\/wp-content\/uploads\/2025\/11\/Szent-Erzsebet-unnepen-a-jolelku-kiralylany-peldajat-kovetve-az-elesettek-szegenyek-raszorulok-megsegiteseert-munkalkodok-kerultek-fokuszba-a-vasarnap-delelotti-szentmisen-Jaszjakohalman.-2-800x600.jpg 800w, https:\/\/karitaszeger.hu\/web\/wp-content\/uploads\/2025\/11\/Szent-Erzsebet-unnepen-a-jolelku-kiralylany-peldajat-kovetve-az-elesettek-szegenyek-raszorulok-megsegiteseert-munkalkodok-kerultek-fokuszba-a-vasarnap-delelotti-szentmisen-Jaszjakohalman.-2-1200x900.jpg 1200w, https:\/\/karitaszeger.hu\/web\/wp-content\/uploads\/2025\/11\/Szent-Erzsebet-unnepen-a-jolelku-kiralylany-peldajat-kovetve-az-elesettek-szegenyek-raszorulok-megsegiteseert-munkalkodok-kerultek-fokuszba-a-vasarnap-delelotti-szentmisen-Jaszjakohalman.-2.jpg 2048w\" sizes=\"(min-width: 2200px) 100vw, (min-width: 960px) 387px, (min-width: 800px) 580px, (min-width: 640px) 800px, \" \/><\/a><\/div><\/div><\/div><\/div><\/div><\/div><\/div><\/div><div class=\"fusion-fullwidth fullwidth-box fusion-builder-row-2 fusion-flex-container fusion-parallax-none nonhundred-percent-fullwidth non-hundred-percent-height-scrolling\" style=\"--awb-border-sizes-top:0px;--awb-border-sizes-bottom:0px;--awb-border-sizes-left:0px;--awb-border-sizes-right:0px;--awb-border-radius-top-left:0px;--awb-border-radius-top-right:0px;--awb-border-radius-bottom-right:0px;--awb-border-radius-bottom-left:0px;--awb-padding-top:150px;--awb-padding-bottom:150px;--awb-background-image:url(&quot;https:\/\/karitaszeger.hu\/web\/wp-content\/uploads\/2021\/03\/segits-scaled.jpg&quot;);--awb-background-size:cover;--awb-flex-wrap:wrap;\" ><div class=\"fusion-builder-row fusion-row fusion-flex-align-items-flex-start fusion-flex-content-wrap\" style=\"max-width:calc( 1170px + 0px );margin-left: calc(-0px \/ 2 );margin-right: calc(-0px \/ 2 );\"><div class=\"fusion-layout-column fusion_builder_column fusion-builder-column-1 fusion_builder_column_1_1 1_1 fusion-flex-column\" style=\"--awb-padding-right:11%;--awb-padding-left:11%;--awb-bg-size:cover;--awb-width-large:100%;--awb-margin-top-large:0px;--awb-spacing-right-large:0px;--awb-margin-bottom-large:20px;--awb-spacing-left-large:0px;--awb-width-medium:100%;--awb-spacing-right-medium:0px;--awb-spacing-left-medium:0px;--awb-width-small:100%;--awb-spacing-right-small:0px;--awb-spacing-left-small:0px;\"><div class=\"fusion-column-wrapper fusion-flex-justify-content-flex-start fusion-content-layout-column\"><div class=\"fusion-title title fusion-title-1 fusion-sep-none fusion-title-center fusion-title-text fusion-title-size-two\" style=\"--awb-text-color:#ffffff;--awb-margin-top-small:0px;--awb-margin-right-small:0px;--awb-margin-bottom-small:20px;--awb-margin-left-small:0px;\"><h2 class=\"fusion-title-heading title-heading-center\" style=\"margin:0;line-height:1;\"><h2 class=\"piros kozepre\"><span style=\"color: #ffffff;\">AZ \u00d6N SEG\u00cdTS\u00c9G\u00c9RE\u00a0IS SZ\u00dcKS\u00c9G VAN!<\/span><\/h2>\n<div class=\"content\"><\/div><\/h2><\/div><div class=\"fusion-separator\" style=\"align-self: center;margin-left: auto;margin-right: auto;margin-top:0px;margin-bottom:40px;width:100%;max-width:200px;\"><div class=\"fusion-separator-border sep-single sep-solid\" style=\"--awb-height:20px;--awb-amount:20px;--awb-sep-color:#f44336;border-color:#f44336;border-top-width:3px;\"><\/div><\/div><div class=\"fusion-text fusion-text-2\"><h2 style=\"text-align: center;\"><span style=\"color: #ffffff;\"><strong>1356 \u2013 H\u00cdVJON, HOGY SEG\u00cdTHESS\u00dcNK!<\/strong><\/span><\/h2>\n<\/div><div class=\"fusion-builder-row fusion-builder-row-inner fusion-row fusion-flex-align-items-flex-start fusion-flex-content-wrap\" style=\"--awb-flex-grow:0;--awb-flex-grow-medium:0;--awb-flex-grow-small:0;--awb-flex-shrink:0;--awb-flex-shrink-medium:0;--awb-flex-shrink-small:0;width:calc( 100% + 0px ) !important;max-width:calc( 100% + 0px ) !important;margin-left: calc(-0px \/ 2 );margin-right: calc(-0px \/ 2 );\"><div class=\"fusion-layout-column fusion_builder_column_inner fusion-builder-nested-column-0 fusion_builder_column_inner_1_3 1_3 fusion-flex-column\" style=\"--awb-bg-size:cover;--awb-width-large:33.333333333333%;--awb-margin-top-large:0px;--awb-spacing-right-large:0px;--awb-margin-bottom-large:20px;--awb-spacing-left-large:0px;--awb-width-medium:100%;--awb-order-medium:0;--awb-spacing-right-medium:0px;--awb-spacing-left-medium:0px;--awb-width-small:100%;--awb-order-small:0;--awb-spacing-right-small:0px;--awb-spacing-left-small:0px;\"><div class=\"fusion-column-wrapper fusion-column-has-shadow fusion-flex-justify-content-flex-start fusion-content-layout-column\"><\/div><\/div><div class=\"fusion-layout-column fusion_builder_column_inner fusion-builder-nested-column-1 fusion_builder_column_inner_1_3 1_3 fusion-flex-column fusion-animated\" style=\"--awb-bg-color:#f44336;--awb-bg-color-hover:#f44336;--awb-bg-size:cover;--awb-width-large:33.333333333333%;--awb-margin-top-large:0px;--awb-spacing-right-large:0px;--awb-margin-bottom-large:20px;--awb-spacing-left-large:0px;--awb-width-medium:100%;--awb-order-medium:0;--awb-spacing-right-medium:0px;--awb-spacing-left-medium:0px;--awb-width-small:100%;--awb-order-small:0;--awb-spacing-right-small:0px;--awb-spacing-left-small:0px;\" data-animationType=\"bounceInDown\" data-animationDuration=\"1.3\" data-animationOffset=\"top-into-view\"><div class=\"fusion-column-wrapper fusion-column-has-shadow fusion-flex-justify-content-flex-start fusion-content-layout-column\"><div style=\"text-align:center;\"><a class=\"fusion-button button-flat fusion-button-default-size button-custom fusion-button-default button-1 fusion-button-default-span fusion-button-default-type fusion-has-button-gradient\" style=\"--button_accent_color:#ffffff;--button_accent_hover_color:#f44336;--button_border_hover_color:#f44336;--button_border_width-top:0px;--button_border_width-right:0px;--button_border_width-bottom:0px;--button_border_width-left:0px;--button_gradient_top_color:rgba(254,201,107,0);--button_gradient_bottom_color:rgba(254,201,107,0);--button_gradient_top_color_hover:#ffffff;--button_gradient_bottom_color_hover:rgba(0,0,0,0);\" target=\"_self\" href=\"#\"><i class=\"fa-credit-card fas awb-button__icon awb-button__icon--default button-icon-left\" aria-hidden=\"true\"><\/i><span class=\"fusion-button-text awb-button__text awb-button__text--default\">ONLINE ADOM\u00c1NYOZ\u00c1S<\/span><\/a><\/div><\/div><\/div><div class=\"fusion-layout-column fusion_builder_column_inner fusion-builder-nested-column-2 fusion_builder_column_inner_1_3 1_3 fusion-flex-column\" style=\"--awb-bg-size:cover;--awb-width-large:33.333333333333%;--awb-margin-top-large:0px;--awb-spacing-right-large:0px;--awb-margin-bottom-large:20px;--awb-spacing-left-large:0px;--awb-width-medium:100%;--awb-order-medium:0;--awb-spacing-right-medium:0px;--awb-spacing-left-medium:0px;--awb-width-small:100%;--awb-order-small:0;--awb-spacing-right-small:0px;--awb-spacing-left-small:0px;\"><div class=\"fusion-column-wrapper fusion-column-has-shadow fusion-flex-justify-content-flex-start fusion-content-layout-column\"><\/div><\/div><\/div><\/div><\/div><\/div><\/div><div class=\"fusion-fullwidth fullwidth-box fusion-builder-row-3 fusion-flex-container nonhundred-percent-fullwidth non-hundred-percent-height-scrolling\" style=\"--awb-border-radius-top-left:0px;--awb-border-radius-top-right:0px;--awb-border-radius-bottom-right:0px;--awb-border-radius-bottom-left:0px;--awb-flex-wrap:wrap;\" ><div class=\"fusion-builder-row fusion-row fusion-flex-align-items-flex-start fusion-flex-content-wrap\" style=\"max-width:1216.8px;margin-left: calc(-4% \/ 2 );margin-right: calc(-4% \/ 2 );\"><div class=\"fusion-layout-column fusion_builder_column fusion-builder-column-2 fusion_builder_column_1_1 1_1 fusion-flex-column\" style=\"--awb-bg-size:cover;--awb-width-large:100%;--awb-margin-top-large:0px;--awb-spacing-right-large:1.92%;--awb-margin-bottom-large:0px;--awb-spacing-left-large:1.92%;--awb-width-medium:100%;--awb-spacing-right-medium:1.92%;--awb-spacing-left-medium:1.92%;--awb-width-small:100%;--awb-spacing-right-small:1.92%;--awb-spacing-left-small:1.92%;\"><div class=\"fusion-column-wrapper fusion-flex-justify-content-flex-start fusion-content-layout-column\"><div class=\"fusion-text fusion-text-3\"><\/div><\/div><\/div><\/div><\/div><div class=\"fusion-fullwidth fullwidth-box fusion-builder-row-4 fusion-flex-container nonhundred-percent-fullwidth non-hundred-percent-height-scrolling\" style=\"--awb-border-radius-top-left:0px;--awb-border-radius-top-right:0px;--awb-border-radius-bottom-right:0px;--awb-border-radius-bottom-left:0px;--awb-flex-wrap:wrap;\" ><div class=\"fusion-builder-row fusion-row fusion-flex-align-items-flex-start fusion-flex-content-wrap\" style=\"max-width:1216.8px;margin-left: calc(-4% \/ 2 );margin-right: calc(-4% \/ 2 );\"><div class=\"fusion-layout-column fusion_builder_column fusion-builder-column-3 fusion_builder_column_1_1 1_1 fusion-flex-column\" style=\"--awb-bg-size:cover;--awb-width-large:100%;--awb-margin-top-large:0px;--awb-spacing-right-large:1.92%;--awb-margin-bottom-large:0px;--awb-spacing-left-large:1.92%;--awb-width-medium:100%;--awb-spacing-right-medium:1.92%;--awb-spacing-left-medium:1.92%;--awb-width-small:100%;--awb-spacing-right-small:1.92%;--awb-spacing-left-small:1.92%;\"><div class=\"fusion-column-wrapper fusion-flex-justify-content-flex-start fusion-content-layout-column\"><div class=\"fusion-text fusion-text-4\"><\/div><\/div><\/div><\/div><\/div><\/p>\n","protected":false},"excerpt":{"rendered":"","protected":false},"author":7,"featured_media":6709,"comment_status":"open","ping_status":"open","sticky":false,"template":"","format":"standard","meta":{"footnotes":""},"categories":[107],"tags":[],"class_list":["post-6701","post","type-post","status-publish","format-standard","has-post-thumbnail","hentry","category-hirek"],"_links":{"self":[{"href":"https:\/\/karitaszeger.hu\/web\/wp-json\/wp\/v2\/posts\/6701","targetHints":{"allow":["GET"]}}],"collection":[{"href":"https:\/\/karitaszeger.hu\/web\/wp-json\/wp\/v2\/posts"}],"about":[{"href":"https:\/\/karitaszeger.hu\/web\/wp-json\/wp\/v2\/types\/post"}],"author":[{"embeddable":true,"href":"https:\/\/karitaszeger.hu\/web\/wp-json\/wp\/v2\/users\/7"}],"replies":[{"embeddable":true,"href":"https:\/\/karitaszeger.hu\/web\/wp-json\/wp\/v2\/comments?post=6701"}],"version-history":[{"count":1,"href":"https:\/\/karitaszeger.hu\/web\/wp-json\/wp\/v2\/posts\/6701\/revisions"}],"predecessor-version":[{"id":6710,"href":"https:\/\/karitaszeger.hu\/web\/wp-json\/wp\/v2\/posts\/6701\/revisions\/6710"}],"wp:featuredmedia":[{"embeddable":true,"href":"https:\/\/karitaszeger.hu\/web\/wp-json\/wp\/v2\/media\/6709"}],"wp:attachment":[{"href":"https:\/\/karitaszeger.hu\/web\/wp-json\/wp\/v2\/media?parent=6701"}],"wp:term":[{"taxonomy":"category","embeddable":true,"href":"https:\/\/karitaszeger.hu\/web\/wp-json\/wp\/v2\/categories?post=6701"},{"taxonomy":"post_tag","embeddable":true,"href":"https:\/\/karitaszeger.hu\/web\/wp-json\/wp\/v2\/tags?post=6701"}],"curies":[{"name":"wp","href":"https:\/\/api.w.org\/{rel}","templated":true}]}}