{"id":6822,"date":"2025-12-07T08:11:11","date_gmt":"2025-12-07T07:11:11","guid":{"rendered":"https:\/\/karitaszeger.hu\/web\/?p=6822"},"modified":"2025-12-19T08:13:30","modified_gmt":"2025-12-19T07:13:30","slug":"miskolc-szirmai-egyhazkozseg-november-23-an-unnepelyes-keretek-kozott-emlekezett-arpad-hazi-szent-erzsebetre","status":"publish","type":"post","link":"https:\/\/karitaszeger.hu\/web\/2025\/12\/07\/miskolc-szirmai-egyhazkozseg-november-23-an-unnepelyes-keretek-kozott-emlekezett-arpad-hazi-szent-erzsebetre\/","title":{"rendered":"Miskolc-Szirmai egyh\u00e1zk\u00f6zs\u00e9g november 23-\u00e1n \u00fcnnep\u00e9lyes keretek k\u00f6z\u00f6tt eml\u00e9kezett  \u00c1rp\u00e1d-h\u00e1zi Szent Erzs\u00e9betre"},"content":{"rendered":"<p><div class=\"fusion-fullwidth fullwidth-box fusion-builder-row-1 fusion-flex-container nonhundred-percent-fullwidth non-hundred-percent-height-scrolling\" style=\"--awb-border-radius-top-left:0px;--awb-border-radius-top-right:0px;--awb-border-radius-bottom-right:0px;--awb-border-radius-bottom-left:0px;--awb-padding-bottom:30px;--awb-flex-wrap:wrap;\" ><div class=\"fusion-builder-row fusion-row fusion-flex-align-items-flex-start fusion-flex-content-wrap\" style=\"max-width:1216.8px;margin-left: calc(-4% \/ 2 );margin-right: calc(-4% \/ 2 );\"><div class=\"fusion-layout-column fusion_builder_column fusion-builder-column-0 fusion_builder_column_1_1 1_1 fusion-flex-column\" style=\"--awb-bg-size:cover;--awb-width-large:100%;--awb-margin-top-large:0px;--awb-spacing-right-large:1.92%;--awb-margin-bottom-large:0px;--awb-spacing-left-large:1.92%;--awb-width-medium:100%;--awb-spacing-right-medium:1.92%;--awb-spacing-left-medium:1.92%;--awb-width-small:100%;--awb-spacing-right-small:1.92%;--awb-spacing-left-small:1.92%;\"><div class=\"fusion-column-wrapper fusion-flex-justify-content-flex-start fusion-content-layout-column\"><div class=\"fusion-separator fusion-full-width-sep\" style=\"align-self: center;margin-left: auto;margin-right: auto;margin-bottom:10px;width:100%;\"><div class=\"fusion-separator-border sep-single\" style=\"--awb-height:20px;--awb-amount:20px;border-color:#e00000;border-top-width:1px;\"><\/div><\/div><div class=\"fusion-text fusion-text-1\" style=\"--awb-text-transform:none;\"><div class=\"\" dir=\"auto\">\n<h2>Miskolc-Szirmai egyh\u00e1zk\u00f6zs\u00e9g november 23-\u00e1n \u00fcnnep\u00e9lyes keretek k\u00f6z\u00f6tt eml\u00e9kezett \u00c1rp\u00e1d-h\u00e1zi Szent Erzs\u00e9betre.<\/h2>\n<p>Szentmise keret\u00e9ben T\u00f3th Istv\u00e1n esperes \u00far meg\u00e1ldotta a kenyereket. A csoportvezet\u0151 t\u00e1j\u00e9koztatta a h\u00edveket karit\u00e1sz csoportunk 2025 \u00e9vi tev\u00e9kenys\u00e9g\u00e9r\u0151l. A megszentelt kenyereket a szentmis\u00e9n r\u00e9sztvev\u0151k k\u00f6z\u00f6tt osztottuk sz\u00e9t. M\u00e9lt\u00f3 m\u00f3don eml\u00e9kezt\u00fcnk \u00c1rp\u00e1d-h\u00e1zi Szent Erzs\u00e9betre.<\/p>\n<\/div>\n<\/div><div class=\"awb-gallery-wrapper awb-gallery-wrapper-1 button-span-no\" style=\"--more-btn-alignment:center;\"><div style=\"margin:-5px;--awb-bordersize:0px;\" class=\"fusion-gallery fusion-gallery-container fusion-grid-3 fusion-columns-total-6 fusion-gallery-layout-grid fusion-gallery-1\"><div style=\"padding:5px;\" class=\"fusion-grid-column fusion-gallery-column fusion-gallery-column-3 hover-type-none\"><div class=\"fusion-gallery-image\"><a href=\"https:\/\/karitaszeger.hu\/web\/wp-content\/uploads\/2025\/12\/Miskolc-Szirmai-egyhazkozseg-november-23-an-unnepelyes-keretek-kozott-emlekezett-Arpad-hazi-Szent-Erzsebetre1.jpg\" rel=\"noreferrer\" data-rel=\"iLightbox[gallery_image_1]\" class=\"fusion-lightbox\" target=\"_self\"><img decoding=\"async\" src=\"https:\/\/karitaszeger.hu\/web\/wp-content\/uploads\/2025\/12\/Miskolc-Szirmai-egyhazkozseg-november-23-an-unnepelyes-keretek-kozott-emlekezett-Arpad-hazi-Szent-Erzsebetre1.jpg\" width=\"1536\" height=\"2048\" alt=\"\" title=\"Miskolc-Szirmai egyha\u0301zko\u0308zse\u0301g november 23-a\u0301n u\u0308nnepe\u0301lyes keretek ko\u0308zo\u0308tt emle\u0301kezett A\u0301rpa\u0301d-ha\u0301zi Szent Erzse\u0301betre1\" aria-label=\"Miskolc-Szirmai egyha\u0301zko\u0308zse\u0301g november 23-a\u0301n u\u0308nnepe\u0301lyes keretek ko\u0308zo\u0308tt emle\u0301kezett A\u0301rpa\u0301d-ha\u0301zi Szent Erzse\u0301betre1\" class=\"img-responsive wp-image-6823\" srcset=\"https:\/\/karitaszeger.hu\/web\/wp-content\/uploads\/2025\/12\/Miskolc-Szirmai-egyhazkozseg-november-23-an-unnepelyes-keretek-kozott-emlekezett-Arpad-hazi-Szent-Erzsebetre1-200x267.jpg 200w, https:\/\/karitaszeger.hu\/web\/wp-content\/uploads\/2025\/12\/Miskolc-Szirmai-egyhazkozseg-november-23-an-unnepelyes-keretek-kozott-emlekezett-Arpad-hazi-Szent-Erzsebetre1-400x533.jpg 400w, https:\/\/karitaszeger.hu\/web\/wp-content\/uploads\/2025\/12\/Miskolc-Szirmai-egyhazkozseg-november-23-an-unnepelyes-keretek-kozott-emlekezett-Arpad-hazi-Szent-Erzsebetre1-600x800.jpg 600w, https:\/\/karitaszeger.hu\/web\/wp-content\/uploads\/2025\/12\/Miskolc-Szirmai-egyhazkozseg-november-23-an-unnepelyes-keretek-kozott-emlekezett-Arpad-hazi-Szent-Erzsebetre1-800x1067.jpg 800w, https:\/\/karitaszeger.hu\/web\/wp-content\/uploads\/2025\/12\/Miskolc-Szirmai-egyhazkozseg-november-23-an-unnepelyes-keretek-kozott-emlekezett-Arpad-hazi-Szent-Erzsebetre1-1200x1600.jpg 1200w, https:\/\/karitaszeger.hu\/web\/wp-content\/uploads\/2025\/12\/Miskolc-Szirmai-egyhazkozseg-november-23-an-unnepelyes-keretek-kozott-emlekezett-Arpad-hazi-Szent-Erzsebetre1.jpg 1536w\" sizes=\"(min-width: 2200px) 100vw, (min-width: 960px) 387px, (min-width: 800px) 580px, (min-width: 640px) 800px, \" \/><\/a><\/div><\/div><div style=\"padding:5px;\" class=\"fusion-grid-column fusion-gallery-column fusion-gallery-column-3 hover-type-none\"><div class=\"fusion-gallery-image\"><a href=\"https:\/\/karitaszeger.hu\/web\/wp-content\/uploads\/2025\/12\/Miskolc-Szirmai-egyhazkozseg-november-23-an-unnepelyes-keretek-kozott-emlekezett-Arpad-hazi-Szent-Erzsebetre6.jpg\" rel=\"noreferrer\" data-rel=\"iLightbox[gallery_image_1]\" class=\"fusion-lightbox\" target=\"_self\"><img decoding=\"async\" src=\"https:\/\/karitaszeger.hu\/web\/wp-content\/uploads\/2025\/12\/Miskolc-Szirmai-egyhazkozseg-november-23-an-unnepelyes-keretek-kozott-emlekezett-Arpad-hazi-Szent-Erzsebetre6.jpg\" width=\"1536\" height=\"2048\" alt=\"\" title=\"Miskolc-Szirmai egyha\u0301zko\u0308zse\u0301g november 23-a\u0301n u\u0308nnepe\u0301lyes keretek ko\u0308zo\u0308tt emle\u0301kezett A\u0301rpa\u0301d-ha\u0301zi Szent Erzse\u0301betre6\" aria-label=\"Miskolc-Szirmai egyha\u0301zko\u0308zse\u0301g november 23-a\u0301n u\u0308nnepe\u0301lyes keretek ko\u0308zo\u0308tt emle\u0301kezett A\u0301rpa\u0301d-ha\u0301zi Szent Erzse\u0301betre6\" class=\"img-responsive wp-image-6824\" srcset=\"https:\/\/karitaszeger.hu\/web\/wp-content\/uploads\/2025\/12\/Miskolc-Szirmai-egyhazkozseg-november-23-an-unnepelyes-keretek-kozott-emlekezett-Arpad-hazi-Szent-Erzsebetre6-200x267.jpg 200w, https:\/\/karitaszeger.hu\/web\/wp-content\/uploads\/2025\/12\/Miskolc-Szirmai-egyhazkozseg-november-23-an-unnepelyes-keretek-kozott-emlekezett-Arpad-hazi-Szent-Erzsebetre6-400x533.jpg 400w, https:\/\/karitaszeger.hu\/web\/wp-content\/uploads\/2025\/12\/Miskolc-Szirmai-egyhazkozseg-november-23-an-unnepelyes-keretek-kozott-emlekezett-Arpad-hazi-Szent-Erzsebetre6-600x800.jpg 600w, https:\/\/karitaszeger.hu\/web\/wp-content\/uploads\/2025\/12\/Miskolc-Szirmai-egyhazkozseg-november-23-an-unnepelyes-keretek-kozott-emlekezett-Arpad-hazi-Szent-Erzsebetre6-800x1067.jpg 800w, https:\/\/karitaszeger.hu\/web\/wp-content\/uploads\/2025\/12\/Miskolc-Szirmai-egyhazkozseg-november-23-an-unnepelyes-keretek-kozott-emlekezett-Arpad-hazi-Szent-Erzsebetre6-1200x1600.jpg 1200w, https:\/\/karitaszeger.hu\/web\/wp-content\/uploads\/2025\/12\/Miskolc-Szirmai-egyhazkozseg-november-23-an-unnepelyes-keretek-kozott-emlekezett-Arpad-hazi-Szent-Erzsebetre6.jpg 1536w\" sizes=\"(min-width: 2200px) 100vw, (min-width: 960px) 387px, (min-width: 800px) 580px, (min-width: 640px) 800px, \" \/><\/a><\/div><\/div><div style=\"padding:5px;\" class=\"fusion-grid-column fusion-gallery-column fusion-gallery-column-3 hover-type-none\"><div class=\"fusion-gallery-image\"><a href=\"https:\/\/karitaszeger.hu\/web\/wp-content\/uploads\/2025\/12\/Miskolc-Szirmai-egyhazkozseg-november-23-an-unnepelyes-keretek-kozott-emlekezett-Arpad-hazi-Szent-Erzsebetre5.jpg\" rel=\"noreferrer\" data-rel=\"iLightbox[gallery_image_1]\" class=\"fusion-lightbox\" target=\"_self\"><img decoding=\"async\" src=\"https:\/\/karitaszeger.hu\/web\/wp-content\/uploads\/2025\/12\/Miskolc-Szirmai-egyhazkozseg-november-23-an-unnepelyes-keretek-kozott-emlekezett-Arpad-hazi-Szent-Erzsebetre5.jpg\" width=\"1536\" height=\"2048\" alt=\"\" title=\"Miskolc-Szirmai egyha\u0301zko\u0308zse\u0301g november 23-a\u0301n u\u0308nnepe\u0301lyes keretek ko\u0308zo\u0308tt emle\u0301kezett A\u0301rpa\u0301d-ha\u0301zi Szent Erzse\u0301betre5\" aria-label=\"Miskolc-Szirmai egyha\u0301zko\u0308zse\u0301g november 23-a\u0301n u\u0308nnepe\u0301lyes keretek ko\u0308zo\u0308tt emle\u0301kezett A\u0301rpa\u0301d-ha\u0301zi Szent Erzse\u0301betre5\" class=\"img-responsive wp-image-6825\" srcset=\"https:\/\/karitaszeger.hu\/web\/wp-content\/uploads\/2025\/12\/Miskolc-Szirmai-egyhazkozseg-november-23-an-unnepelyes-keretek-kozott-emlekezett-Arpad-hazi-Szent-Erzsebetre5-200x267.jpg 200w, https:\/\/karitaszeger.hu\/web\/wp-content\/uploads\/2025\/12\/Miskolc-Szirmai-egyhazkozseg-november-23-an-unnepelyes-keretek-kozott-emlekezett-Arpad-hazi-Szent-Erzsebetre5-400x533.jpg 400w, https:\/\/karitaszeger.hu\/web\/wp-content\/uploads\/2025\/12\/Miskolc-Szirmai-egyhazkozseg-november-23-an-unnepelyes-keretek-kozott-emlekezett-Arpad-hazi-Szent-Erzsebetre5-600x800.jpg 600w, https:\/\/karitaszeger.hu\/web\/wp-content\/uploads\/2025\/12\/Miskolc-Szirmai-egyhazkozseg-november-23-an-unnepelyes-keretek-kozott-emlekezett-Arpad-hazi-Szent-Erzsebetre5-800x1067.jpg 800w, https:\/\/karitaszeger.hu\/web\/wp-content\/uploads\/2025\/12\/Miskolc-Szirmai-egyhazkozseg-november-23-an-unnepelyes-keretek-kozott-emlekezett-Arpad-hazi-Szent-Erzsebetre5-1200x1600.jpg 1200w, https:\/\/karitaszeger.hu\/web\/wp-content\/uploads\/2025\/12\/Miskolc-Szirmai-egyhazkozseg-november-23-an-unnepelyes-keretek-kozott-emlekezett-Arpad-hazi-Szent-Erzsebetre5.jpg 1536w\" sizes=\"(min-width: 2200px) 100vw, (min-width: 960px) 387px, (min-width: 800px) 580px, (min-width: 640px) 800px, \" \/><\/a><\/div><\/div><div class=\"clearfix\"><\/div><div style=\"padding:5px;\" class=\"fusion-grid-column fusion-gallery-column fusion-gallery-column-3 hover-type-none\"><div class=\"fusion-gallery-image\"><a href=\"https:\/\/karitaszeger.hu\/web\/wp-content\/uploads\/2025\/12\/Miskolc-Szirmai-egyhazkozseg-november-23-an-unnepelyes-keretek-kozott-emlekezett-Arpad-hazi-Szent-Erzsebetre4.jpg\" rel=\"noreferrer\" data-rel=\"iLightbox[gallery_image_1]\" class=\"fusion-lightbox\" target=\"_self\"><img decoding=\"async\" src=\"https:\/\/karitaszeger.hu\/web\/wp-content\/uploads\/2025\/12\/Miskolc-Szirmai-egyhazkozseg-november-23-an-unnepelyes-keretek-kozott-emlekezett-Arpad-hazi-Szent-Erzsebetre4.jpg\" width=\"1536\" height=\"2048\" alt=\"\" title=\"Miskolc-Szirmai egyha\u0301zko\u0308zse\u0301g november 23-a\u0301n u\u0308nnepe\u0301lyes keretek ko\u0308zo\u0308tt emle\u0301kezett A\u0301rpa\u0301d-ha\u0301zi Szent Erzse\u0301betre4\" aria-label=\"Miskolc-Szirmai egyha\u0301zko\u0308zse\u0301g november 23-a\u0301n u\u0308nnepe\u0301lyes keretek ko\u0308zo\u0308tt emle\u0301kezett A\u0301rpa\u0301d-ha\u0301zi Szent Erzse\u0301betre4\" class=\"img-responsive wp-image-6826\" srcset=\"https:\/\/karitaszeger.hu\/web\/wp-content\/uploads\/2025\/12\/Miskolc-Szirmai-egyhazkozseg-november-23-an-unnepelyes-keretek-kozott-emlekezett-Arpad-hazi-Szent-Erzsebetre4-200x267.jpg 200w, https:\/\/karitaszeger.hu\/web\/wp-content\/uploads\/2025\/12\/Miskolc-Szirmai-egyhazkozseg-november-23-an-unnepelyes-keretek-kozott-emlekezett-Arpad-hazi-Szent-Erzsebetre4-400x533.jpg 400w, https:\/\/karitaszeger.hu\/web\/wp-content\/uploads\/2025\/12\/Miskolc-Szirmai-egyhazkozseg-november-23-an-unnepelyes-keretek-kozott-emlekezett-Arpad-hazi-Szent-Erzsebetre4-600x800.jpg 600w, https:\/\/karitaszeger.hu\/web\/wp-content\/uploads\/2025\/12\/Miskolc-Szirmai-egyhazkozseg-november-23-an-unnepelyes-keretek-kozott-emlekezett-Arpad-hazi-Szent-Erzsebetre4-800x1067.jpg 800w, https:\/\/karitaszeger.hu\/web\/wp-content\/uploads\/2025\/12\/Miskolc-Szirmai-egyhazkozseg-november-23-an-unnepelyes-keretek-kozott-emlekezett-Arpad-hazi-Szent-Erzsebetre4-1200x1600.jpg 1200w, https:\/\/karitaszeger.hu\/web\/wp-content\/uploads\/2025\/12\/Miskolc-Szirmai-egyhazkozseg-november-23-an-unnepelyes-keretek-kozott-emlekezett-Arpad-hazi-Szent-Erzsebetre4.jpg 1536w\" sizes=\"(min-width: 2200px) 100vw, (min-width: 960px) 387px, (min-width: 800px) 580px, (min-width: 640px) 800px, \" \/><\/a><\/div><\/div><div style=\"padding:5px;\" class=\"fusion-grid-column fusion-gallery-column fusion-gallery-column-3 hover-type-none\"><div class=\"fusion-gallery-image\"><a href=\"https:\/\/karitaszeger.hu\/web\/wp-content\/uploads\/2025\/12\/Miskolc-Szirmai-egyhazkozseg-november-23-an-unnepelyes-keretek-kozott-emlekezett-Arpad-hazi-Szent-Erzsebetre3.jpg\" rel=\"noreferrer\" data-rel=\"iLightbox[gallery_image_1]\" class=\"fusion-lightbox\" target=\"_self\"><img decoding=\"async\" src=\"https:\/\/karitaszeger.hu\/web\/wp-content\/uploads\/2025\/12\/Miskolc-Szirmai-egyhazkozseg-november-23-an-unnepelyes-keretek-kozott-emlekezett-Arpad-hazi-Szent-Erzsebetre3.jpg\" width=\"1536\" height=\"2048\" alt=\"\" title=\"Miskolc-Szirmai egyha\u0301zko\u0308zse\u0301g november 23-a\u0301n u\u0308nnepe\u0301lyes keretek ko\u0308zo\u0308tt emle\u0301kezett A\u0301rpa\u0301d-ha\u0301zi Szent Erzse\u0301betre3\" aria-label=\"Miskolc-Szirmai egyha\u0301zko\u0308zse\u0301g november 23-a\u0301n u\u0308nnepe\u0301lyes keretek ko\u0308zo\u0308tt emle\u0301kezett A\u0301rpa\u0301d-ha\u0301zi Szent Erzse\u0301betre3\" class=\"img-responsive wp-image-6827\" srcset=\"https:\/\/karitaszeger.hu\/web\/wp-content\/uploads\/2025\/12\/Miskolc-Szirmai-egyhazkozseg-november-23-an-unnepelyes-keretek-kozott-emlekezett-Arpad-hazi-Szent-Erzsebetre3-200x267.jpg 200w, https:\/\/karitaszeger.hu\/web\/wp-content\/uploads\/2025\/12\/Miskolc-Szirmai-egyhazkozseg-november-23-an-unnepelyes-keretek-kozott-emlekezett-Arpad-hazi-Szent-Erzsebetre3-400x533.jpg 400w, https:\/\/karitaszeger.hu\/web\/wp-content\/uploads\/2025\/12\/Miskolc-Szirmai-egyhazkozseg-november-23-an-unnepelyes-keretek-kozott-emlekezett-Arpad-hazi-Szent-Erzsebetre3-600x800.jpg 600w, https:\/\/karitaszeger.hu\/web\/wp-content\/uploads\/2025\/12\/Miskolc-Szirmai-egyhazkozseg-november-23-an-unnepelyes-keretek-kozott-emlekezett-Arpad-hazi-Szent-Erzsebetre3-800x1067.jpg 800w, https:\/\/karitaszeger.hu\/web\/wp-content\/uploads\/2025\/12\/Miskolc-Szirmai-egyhazkozseg-november-23-an-unnepelyes-keretek-kozott-emlekezett-Arpad-hazi-Szent-Erzsebetre3-1200x1600.jpg 1200w, https:\/\/karitaszeger.hu\/web\/wp-content\/uploads\/2025\/12\/Miskolc-Szirmai-egyhazkozseg-november-23-an-unnepelyes-keretek-kozott-emlekezett-Arpad-hazi-Szent-Erzsebetre3.jpg 1536w\" sizes=\"(min-width: 2200px) 100vw, (min-width: 960px) 387px, (min-width: 800px) 580px, (min-width: 640px) 800px, \" \/><\/a><\/div><\/div><div style=\"padding:5px;\" class=\"fusion-grid-column fusion-gallery-column fusion-gallery-column-3 hover-type-none\"><div class=\"fusion-gallery-image\"><a href=\"https:\/\/karitaszeger.hu\/web\/wp-content\/uploads\/2025\/12\/Miskolc-Szirmai-egyhazkozseg-november-23-an-unnepelyes-keretek-kozott-emlekezett-Arpad-hazi-Szent-Erzsebetre2.jpg\" rel=\"noreferrer\" data-rel=\"iLightbox[gallery_image_1]\" class=\"fusion-lightbox\" target=\"_self\"><img decoding=\"async\" src=\"https:\/\/karitaszeger.hu\/web\/wp-content\/uploads\/2025\/12\/Miskolc-Szirmai-egyhazkozseg-november-23-an-unnepelyes-keretek-kozott-emlekezett-Arpad-hazi-Szent-Erzsebetre2.jpg\" width=\"1536\" height=\"2048\" alt=\"\" title=\"Miskolc-Szirmai egyha\u0301zko\u0308zse\u0301g november 23-a\u0301n u\u0308nnepe\u0301lyes keretek ko\u0308zo\u0308tt emle\u0301kezett A\u0301rpa\u0301d-ha\u0301zi Szent Erzse\u0301betre2\" aria-label=\"Miskolc-Szirmai egyha\u0301zko\u0308zse\u0301g november 23-a\u0301n u\u0308nnepe\u0301lyes keretek ko\u0308zo\u0308tt emle\u0301kezett A\u0301rpa\u0301d-ha\u0301zi Szent Erzse\u0301betre2\" class=\"img-responsive wp-image-6828\" srcset=\"https:\/\/karitaszeger.hu\/web\/wp-content\/uploads\/2025\/12\/Miskolc-Szirmai-egyhazkozseg-november-23-an-unnepelyes-keretek-kozott-emlekezett-Arpad-hazi-Szent-Erzsebetre2-200x267.jpg 200w, https:\/\/karitaszeger.hu\/web\/wp-content\/uploads\/2025\/12\/Miskolc-Szirmai-egyhazkozseg-november-23-an-unnepelyes-keretek-kozott-emlekezett-Arpad-hazi-Szent-Erzsebetre2-400x533.jpg 400w, https:\/\/karitaszeger.hu\/web\/wp-content\/uploads\/2025\/12\/Miskolc-Szirmai-egyhazkozseg-november-23-an-unnepelyes-keretek-kozott-emlekezett-Arpad-hazi-Szent-Erzsebetre2-600x800.jpg 600w, https:\/\/karitaszeger.hu\/web\/wp-content\/uploads\/2025\/12\/Miskolc-Szirmai-egyhazkozseg-november-23-an-unnepelyes-keretek-kozott-emlekezett-Arpad-hazi-Szent-Erzsebetre2-800x1067.jpg 800w, https:\/\/karitaszeger.hu\/web\/wp-content\/uploads\/2025\/12\/Miskolc-Szirmai-egyhazkozseg-november-23-an-unnepelyes-keretek-kozott-emlekezett-Arpad-hazi-Szent-Erzsebetre2-1200x1600.jpg 1200w, https:\/\/karitaszeger.hu\/web\/wp-content\/uploads\/2025\/12\/Miskolc-Szirmai-egyhazkozseg-november-23-an-unnepelyes-keretek-kozott-emlekezett-Arpad-hazi-Szent-Erzsebetre2.jpg 1536w\" sizes=\"(min-width: 2200px) 100vw, (min-width: 960px) 387px, (min-width: 800px) 580px, (min-width: 640px) 800px, \" \/><\/a><\/div><\/div><div class=\"clearfix\"><\/div><\/div><\/div><\/div><\/div><\/div><\/div><div class=\"fusion-fullwidth fullwidth-box fusion-builder-row-2 fusion-flex-container fusion-parallax-none nonhundred-percent-fullwidth non-hundred-percent-height-scrolling\" style=\"--awb-border-sizes-top:0px;--awb-border-sizes-bottom:0px;--awb-border-sizes-left:0px;--awb-border-sizes-right:0px;--awb-border-radius-top-left:0px;--awb-border-radius-top-right:0px;--awb-border-radius-bottom-right:0px;--awb-border-radius-bottom-left:0px;--awb-padding-top:150px;--awb-padding-bottom:150px;--awb-background-image:url(&quot;https:\/\/karitaszeger.hu\/web\/wp-content\/uploads\/2021\/03\/segits-scaled.jpg&quot;);--awb-background-size:cover;--awb-flex-wrap:wrap;\" ><div class=\"fusion-builder-row fusion-row fusion-flex-align-items-flex-start fusion-flex-content-wrap\" style=\"max-width:calc( 1170px + 0px );margin-left: calc(-0px \/ 2 );margin-right: calc(-0px \/ 2 );\"><div class=\"fusion-layout-column fusion_builder_column fusion-builder-column-1 fusion_builder_column_1_1 1_1 fusion-flex-column\" style=\"--awb-padding-right:11%;--awb-padding-left:11%;--awb-bg-size:cover;--awb-width-large:100%;--awb-margin-top-large:0px;--awb-spacing-right-large:0px;--awb-margin-bottom-large:20px;--awb-spacing-left-large:0px;--awb-width-medium:100%;--awb-spacing-right-medium:0px;--awb-spacing-left-medium:0px;--awb-width-small:100%;--awb-spacing-right-small:0px;--awb-spacing-left-small:0px;\"><div class=\"fusion-column-wrapper fusion-flex-justify-content-flex-start fusion-content-layout-column\"><div class=\"fusion-title title fusion-title-1 fusion-sep-none fusion-title-center fusion-title-text fusion-title-size-two\" style=\"--awb-text-color:#ffffff;--awb-margin-top-small:0px;--awb-margin-right-small:0px;--awb-margin-bottom-small:20px;--awb-margin-left-small:0px;\"><h2 class=\"fusion-title-heading title-heading-center\" style=\"margin:0;line-height:1;\"><h2 class=\"piros kozepre\"><span style=\"color: #ffffff;\">AZ \u00d6N SEG\u00cdTS\u00c9G\u00c9RE\u00a0IS SZ\u00dcKS\u00c9G VAN!<\/span><\/h2>\n<div class=\"content\"><\/div><\/h2><\/div><div class=\"fusion-separator\" style=\"align-self: center;margin-left: auto;margin-right: auto;margin-top:0px;margin-bottom:40px;width:100%;max-width:200px;\"><div class=\"fusion-separator-border sep-single sep-solid\" style=\"--awb-height:20px;--awb-amount:20px;--awb-sep-color:#f44336;border-color:#f44336;border-top-width:3px;\"><\/div><\/div><div class=\"fusion-text fusion-text-2\"><h2 style=\"text-align: center;\"><span style=\"color: #ffffff;\"><strong>1356 \u2013 H\u00cdVJON, HOGY SEG\u00cdTHESS\u00dcNK!<\/strong><\/span><\/h2>\n<\/div><div class=\"fusion-builder-row fusion-builder-row-inner fusion-row fusion-flex-align-items-flex-start fusion-flex-content-wrap\" style=\"--awb-flex-grow:0;--awb-flex-grow-medium:0;--awb-flex-grow-small:0;--awb-flex-shrink:0;--awb-flex-shrink-medium:0;--awb-flex-shrink-small:0;width:calc( 100% + 0px ) !important;max-width:calc( 100% + 0px ) !important;margin-left: calc(-0px \/ 2 );margin-right: calc(-0px \/ 2 );\"><div class=\"fusion-layout-column fusion_builder_column_inner fusion-builder-nested-column-0 fusion_builder_column_inner_1_3 1_3 fusion-flex-column\" style=\"--awb-bg-size:cover;--awb-width-large:33.333333333333%;--awb-margin-top-large:0px;--awb-spacing-right-large:0px;--awb-margin-bottom-large:20px;--awb-spacing-left-large:0px;--awb-width-medium:100%;--awb-order-medium:0;--awb-spacing-right-medium:0px;--awb-spacing-left-medium:0px;--awb-width-small:100%;--awb-order-small:0;--awb-spacing-right-small:0px;--awb-spacing-left-small:0px;\"><div class=\"fusion-column-wrapper fusion-column-has-shadow fusion-flex-justify-content-flex-start fusion-content-layout-column\"><\/div><\/div><div class=\"fusion-layout-column fusion_builder_column_inner fusion-builder-nested-column-1 fusion_builder_column_inner_1_3 1_3 fusion-flex-column fusion-animated\" style=\"--awb-bg-color:#f44336;--awb-bg-color-hover:#f44336;--awb-bg-size:cover;--awb-width-large:33.333333333333%;--awb-margin-top-large:0px;--awb-spacing-right-large:0px;--awb-margin-bottom-large:20px;--awb-spacing-left-large:0px;--awb-width-medium:100%;--awb-order-medium:0;--awb-spacing-right-medium:0px;--awb-spacing-left-medium:0px;--awb-width-small:100%;--awb-order-small:0;--awb-spacing-right-small:0px;--awb-spacing-left-small:0px;\" data-animationType=\"bounceInDown\" data-animationDuration=\"1.3\" data-animationOffset=\"top-into-view\"><div class=\"fusion-column-wrapper fusion-column-has-shadow fusion-flex-justify-content-flex-start fusion-content-layout-column\"><div style=\"text-align:center;\"><a class=\"fusion-button button-flat fusion-button-default-size button-custom fusion-button-default button-1 fusion-button-default-span fusion-button-default-type fusion-has-button-gradient\" style=\"--button_accent_color:#ffffff;--button_accent_hover_color:#f44336;--button_border_hover_color:#f44336;--button_border_width-top:0px;--button_border_width-right:0px;--button_border_width-bottom:0px;--button_border_width-left:0px;--button_gradient_top_color:rgba(254,201,107,0);--button_gradient_bottom_color:rgba(254,201,107,0);--button_gradient_top_color_hover:#ffffff;--button_gradient_bottom_color_hover:rgba(0,0,0,0);\" target=\"_self\" href=\"#\"><i class=\"fa-credit-card fas awb-button__icon awb-button__icon--default button-icon-left\" aria-hidden=\"true\"><\/i><span class=\"fusion-button-text awb-button__text awb-button__text--default\">ONLINE ADOM\u00c1NYOZ\u00c1S<\/span><\/a><\/div><\/div><\/div><div class=\"fusion-layout-column fusion_builder_column_inner fusion-builder-nested-column-2 fusion_builder_column_inner_1_3 1_3 fusion-flex-column\" style=\"--awb-bg-size:cover;--awb-width-large:33.333333333333%;--awb-margin-top-large:0px;--awb-spacing-right-large:0px;--awb-margin-bottom-large:20px;--awb-spacing-left-large:0px;--awb-width-medium:100%;--awb-order-medium:0;--awb-spacing-right-medium:0px;--awb-spacing-left-medium:0px;--awb-width-small:100%;--awb-order-small:0;--awb-spacing-right-small:0px;--awb-spacing-left-small:0px;\"><div class=\"fusion-column-wrapper fusion-column-has-shadow fusion-flex-justify-content-flex-start fusion-content-layout-column\"><\/div><\/div><\/div><\/div><\/div><\/div><\/div><div class=\"fusion-fullwidth fullwidth-box fusion-builder-row-3 fusion-flex-container nonhundred-percent-fullwidth non-hundred-percent-height-scrolling\" style=\"--awb-border-radius-top-left:0px;--awb-border-radius-top-right:0px;--awb-border-radius-bottom-right:0px;--awb-border-radius-bottom-left:0px;--awb-flex-wrap:wrap;\" ><div class=\"fusion-builder-row fusion-row fusion-flex-align-items-flex-start fusion-flex-content-wrap\" style=\"max-width:1216.8px;margin-left: calc(-4% \/ 2 );margin-right: calc(-4% \/ 2 );\"><div class=\"fusion-layout-column fusion_builder_column fusion-builder-column-2 fusion_builder_column_1_1 1_1 fusion-flex-column\" style=\"--awb-bg-size:cover;--awb-width-large:100%;--awb-margin-top-large:0px;--awb-spacing-right-large:1.92%;--awb-margin-bottom-large:0px;--awb-spacing-left-large:1.92%;--awb-width-medium:100%;--awb-spacing-right-medium:1.92%;--awb-spacing-left-medium:1.92%;--awb-width-small:100%;--awb-spacing-right-small:1.92%;--awb-spacing-left-small:1.92%;\"><div class=\"fusion-column-wrapper fusion-flex-justify-content-flex-start fusion-content-layout-column\"><div class=\"fusion-text fusion-text-3\"><\/div><\/div><\/div><\/div><\/div><div class=\"fusion-fullwidth fullwidth-box fusion-builder-row-4 fusion-flex-container nonhundred-percent-fullwidth non-hundred-percent-height-scrolling\" style=\"--awb-border-radius-top-left:0px;--awb-border-radius-top-right:0px;--awb-border-radius-bottom-right:0px;--awb-border-radius-bottom-left:0px;--awb-flex-wrap:wrap;\" ><div class=\"fusion-builder-row fusion-row fusion-flex-align-items-flex-start fusion-flex-content-wrap\" style=\"max-width:1216.8px;margin-left: calc(-4% \/ 2 );margin-right: calc(-4% \/ 2 );\"><div class=\"fusion-layout-column fusion_builder_column fusion-builder-column-3 fusion_builder_column_1_1 1_1 fusion-flex-column\" style=\"--awb-bg-size:cover;--awb-width-large:100%;--awb-margin-top-large:0px;--awb-spacing-right-large:1.92%;--awb-margin-bottom-large:0px;--awb-spacing-left-large:1.92%;--awb-width-medium:100%;--awb-spacing-right-medium:1.92%;--awb-spacing-left-medium:1.92%;--awb-width-small:100%;--awb-spacing-right-small:1.92%;--awb-spacing-left-small:1.92%;\"><div class=\"fusion-column-wrapper fusion-flex-justify-content-flex-start fusion-content-layout-column\"><div class=\"fusion-text fusion-text-4\"><\/div><\/div><\/div><\/div><\/div><\/p>\n","protected":false},"excerpt":{"rendered":"","protected":false},"author":7,"featured_media":6825,"comment_status":"open","ping_status":"open","sticky":false,"template":"","format":"standard","meta":{"footnotes":""},"categories":[107],"tags":[],"class_list":["post-6822","post","type-post","status-publish","format-standard","has-post-thumbnail","hentry","category-hirek"],"_links":{"self":[{"href":"https:\/\/karitaszeger.hu\/web\/wp-json\/wp\/v2\/posts\/6822","targetHints":{"allow":["GET"]}}],"collection":[{"href":"https:\/\/karitaszeger.hu\/web\/wp-json\/wp\/v2\/posts"}],"about":[{"href":"https:\/\/karitaszeger.hu\/web\/wp-json\/wp\/v2\/types\/post"}],"author":[{"embeddable":true,"href":"https:\/\/karitaszeger.hu\/web\/wp-json\/wp\/v2\/users\/7"}],"replies":[{"embeddable":true,"href":"https:\/\/karitaszeger.hu\/web\/wp-json\/wp\/v2\/comments?post=6822"}],"version-history":[{"count":1,"href":"https:\/\/karitaszeger.hu\/web\/wp-json\/wp\/v2\/posts\/6822\/revisions"}],"predecessor-version":[{"id":6829,"href":"https:\/\/karitaszeger.hu\/web\/wp-json\/wp\/v2\/posts\/6822\/revisions\/6829"}],"wp:featuredmedia":[{"embeddable":true,"href":"https:\/\/karitaszeger.hu\/web\/wp-json\/wp\/v2\/media\/6825"}],"wp:attachment":[{"href":"https:\/\/karitaszeger.hu\/web\/wp-json\/wp\/v2\/media?parent=6822"}],"wp:term":[{"taxonomy":"category","embeddable":true,"href":"https:\/\/karitaszeger.hu\/web\/wp-json\/wp\/v2\/categories?post=6822"},{"taxonomy":"post_tag","embeddable":true,"href":"https:\/\/karitaszeger.hu\/web\/wp-json\/wp\/v2\/tags?post=6822"}],"curies":[{"name":"wp","href":"https:\/\/api.w.org\/{rel}","templated":true}]}}