{"id":6858,"date":"2025-12-14T09:06:50","date_gmt":"2025-12-14T08:06:50","guid":{"rendered":"https:\/\/karitaszeger.hu\/web\/?p=6858"},"modified":"2025-12-19T09:10:40","modified_gmt":"2025-12-19T08:10:40","slug":"feher-robert-esperes-plebanos-aldasaval-karacsonyi-hangulatban-ivadon-atadasra-kerultek-az-adomanyok-es-angyalbatyuk-a-raszorulok-reszere","status":"publish","type":"post","link":"https:\/\/karitaszeger.hu\/web\/2025\/12\/14\/feher-robert-esperes-plebanos-aldasaval-karacsonyi-hangulatban-ivadon-atadasra-kerultek-az-adomanyok-es-angyalbatyuk-a-raszorulok-reszere\/","title":{"rendered":"Feh\u00e9r R\u00f3bert esperes pl\u00e9b\u00e1nos \u00e1ld\u00e1s\u00e1val kar\u00e1csonyi hangulatban Iv\u00e1don \u00e1tad\u00e1sra ker\u00fcltek az adom\u00e1nyok \u00e9s Angyalbatyuk a r\u00e1szorul\u00f3k r\u00e9sz\u00e9re"},"content":{"rendered":"<p><div class=\"fusion-fullwidth fullwidth-box fusion-builder-row-1 fusion-flex-container nonhundred-percent-fullwidth non-hundred-percent-height-scrolling\" style=\"--awb-border-radius-top-left:0px;--awb-border-radius-top-right:0px;--awb-border-radius-bottom-right:0px;--awb-border-radius-bottom-left:0px;--awb-padding-bottom:30px;--awb-flex-wrap:wrap;\" ><div class=\"fusion-builder-row fusion-row fusion-flex-align-items-flex-start fusion-flex-content-wrap\" style=\"max-width:1216.8px;margin-left: calc(-4% \/ 2 );margin-right: calc(-4% \/ 2 );\"><div class=\"fusion-layout-column fusion_builder_column fusion-builder-column-0 fusion_builder_column_1_1 1_1 fusion-flex-column\" style=\"--awb-bg-size:cover;--awb-width-large:100%;--awb-margin-top-large:0px;--awb-spacing-right-large:1.92%;--awb-margin-bottom-large:0px;--awb-spacing-left-large:1.92%;--awb-width-medium:100%;--awb-spacing-right-medium:1.92%;--awb-spacing-left-medium:1.92%;--awb-width-small:100%;--awb-spacing-right-small:1.92%;--awb-spacing-left-small:1.92%;\"><div class=\"fusion-column-wrapper fusion-flex-justify-content-flex-start fusion-content-layout-column\"><div class=\"fusion-separator fusion-full-width-sep\" style=\"align-self: center;margin-left: auto;margin-right: auto;margin-bottom:10px;width:100%;\"><div class=\"fusion-separator-border sep-single\" style=\"--awb-height:20px;--awb-amount:20px;border-color:#e00000;border-top-width:1px;\"><\/div><\/div><div class=\"fusion-text fusion-text-1\" style=\"--awb-text-transform:none;\"><div class=\"\" dir=\"auto\">\n<div dir=\"auto\">Ma d\u00e9lut\u00e1n Feh\u00e9r R\u00f3bert esperes pl\u00e9b\u00e1nos \u00e1ld\u00e1s\u00e1val kar\u00e1csonyi hangulatban Iv\u00e1don \u00e1tad\u00e1sra ker\u00fcltek az adom\u00e1nyok \u00e9s Angyalbatyuk a r\u00e1szorul\u00f3k r\u00e9sz\u00e9re.<\/div>\n<div dir=\"auto\">\u00c1ldott \u00dcnnepeket k\u00edv\u00e1nunk mindenkinek!<\/div>\n<\/div>\n<\/div><div class=\"awb-gallery-wrapper awb-gallery-wrapper-1 button-span-no\" style=\"--more-btn-alignment:center;\"><div style=\"margin:-5px;--awb-bordersize:0px;\" class=\"fusion-gallery fusion-gallery-container fusion-grid-3 fusion-columns-total-39 fusion-gallery-layout-grid fusion-gallery-1\"><div style=\"padding:5px;\" class=\"fusion-grid-column fusion-gallery-column fusion-gallery-column-3 hover-type-none\"><div class=\"fusion-gallery-image\"><a href=\"https:\/\/karitaszeger.hu\/web\/wp-content\/uploads\/2025\/12\/Feher-Robert-esperes-plebanos-aldasaval-1.jpg\" rel=\"noreferrer\" data-rel=\"iLightbox[gallery_image_1]\" class=\"fusion-lightbox\" target=\"_self\"><img decoding=\"async\" src=\"https:\/\/karitaszeger.hu\/web\/wp-content\/uploads\/2025\/12\/Feher-Robert-esperes-plebanos-aldasaval-1.jpg\" width=\"1536\" height=\"2048\" alt=\"\" title=\"Fehe\u0301r Ro\u0301bert esperes ple\u0301ba\u0301nos a\u0301lda\u0301sa\u0301val 1\" aria-label=\"Fehe\u0301r Ro\u0301bert esperes ple\u0301ba\u0301nos a\u0301lda\u0301sa\u0301val 1\" class=\"img-responsive wp-image-6859\" srcset=\"https:\/\/karitaszeger.hu\/web\/wp-content\/uploads\/2025\/12\/Feher-Robert-esperes-plebanos-aldasaval-1-200x267.jpg 200w, https:\/\/karitaszeger.hu\/web\/wp-content\/uploads\/2025\/12\/Feher-Robert-esperes-plebanos-aldasaval-1-400x533.jpg 400w, https:\/\/karitaszeger.hu\/web\/wp-content\/uploads\/2025\/12\/Feher-Robert-esperes-plebanos-aldasaval-1-600x800.jpg 600w, https:\/\/karitaszeger.hu\/web\/wp-content\/uploads\/2025\/12\/Feher-Robert-esperes-plebanos-aldasaval-1-800x1067.jpg 800w, https:\/\/karitaszeger.hu\/web\/wp-content\/uploads\/2025\/12\/Feher-Robert-esperes-plebanos-aldasaval-1-1200x1600.jpg 1200w, https:\/\/karitaszeger.hu\/web\/wp-content\/uploads\/2025\/12\/Feher-Robert-esperes-plebanos-aldasaval-1.jpg 1536w\" sizes=\"(min-width: 2200px) 100vw, (min-width: 960px) 387px, (min-width: 800px) 580px, (min-width: 640px) 800px, \" \/><\/a><\/div><\/div><div style=\"padding:5px;\" class=\"fusion-grid-column fusion-gallery-column fusion-gallery-column-3 hover-type-none\"><div class=\"fusion-gallery-image\"><a href=\"https:\/\/karitaszeger.hu\/web\/wp-content\/uploads\/2025\/12\/Feher-Robert-esperes-plebanos-aldasaval-38.jpg\" rel=\"noreferrer\" data-rel=\"iLightbox[gallery_image_1]\" class=\"fusion-lightbox\" target=\"_self\"><img decoding=\"async\" src=\"https:\/\/karitaszeger.hu\/web\/wp-content\/uploads\/2025\/12\/Feher-Robert-esperes-plebanos-aldasaval-38.jpg\" width=\"1536\" height=\"2048\" alt=\"\" title=\"Fehe\u0301r Ro\u0301bert esperes ple\u0301ba\u0301nos a\u0301lda\u0301sa\u0301val 38\" aria-label=\"Fehe\u0301r Ro\u0301bert esperes ple\u0301ba\u0301nos a\u0301lda\u0301sa\u0301val 38\" class=\"img-responsive wp-image-6860\" srcset=\"https:\/\/karitaszeger.hu\/web\/wp-content\/uploads\/2025\/12\/Feher-Robert-esperes-plebanos-aldasaval-38-200x267.jpg 200w, https:\/\/karitaszeger.hu\/web\/wp-content\/uploads\/2025\/12\/Feher-Robert-esperes-plebanos-aldasaval-38-400x533.jpg 400w, https:\/\/karitaszeger.hu\/web\/wp-content\/uploads\/2025\/12\/Feher-Robert-esperes-plebanos-aldasaval-38-600x800.jpg 600w, https:\/\/karitaszeger.hu\/web\/wp-content\/uploads\/2025\/12\/Feher-Robert-esperes-plebanos-aldasaval-38-800x1067.jpg 800w, https:\/\/karitaszeger.hu\/web\/wp-content\/uploads\/2025\/12\/Feher-Robert-esperes-plebanos-aldasaval-38-1200x1600.jpg 1200w, https:\/\/karitaszeger.hu\/web\/wp-content\/uploads\/2025\/12\/Feher-Robert-esperes-plebanos-aldasaval-38.jpg 1536w\" sizes=\"(min-width: 2200px) 100vw, (min-width: 960px) 387px, (min-width: 800px) 580px, (min-width: 640px) 800px, \" \/><\/a><\/div><\/div><div style=\"padding:5px;\" class=\"fusion-grid-column fusion-gallery-column fusion-gallery-column-3 hover-type-none\"><div class=\"fusion-gallery-image\"><a href=\"https:\/\/karitaszeger.hu\/web\/wp-content\/uploads\/2025\/12\/Feher-Robert-esperes-plebanos-aldasaval-37.jpg\" rel=\"noreferrer\" data-rel=\"iLightbox[gallery_image_1]\" class=\"fusion-lightbox\" target=\"_self\"><img decoding=\"async\" src=\"https:\/\/karitaszeger.hu\/web\/wp-content\/uploads\/2025\/12\/Feher-Robert-esperes-plebanos-aldasaval-37.jpg\" width=\"1536\" height=\"2048\" alt=\"\" title=\"Fehe\u0301r Ro\u0301bert esperes ple\u0301ba\u0301nos a\u0301lda\u0301sa\u0301val 37\" aria-label=\"Fehe\u0301r Ro\u0301bert esperes ple\u0301ba\u0301nos a\u0301lda\u0301sa\u0301val 37\" class=\"img-responsive wp-image-6861\" srcset=\"https:\/\/karitaszeger.hu\/web\/wp-content\/uploads\/2025\/12\/Feher-Robert-esperes-plebanos-aldasaval-37-200x267.jpg 200w, https:\/\/karitaszeger.hu\/web\/wp-content\/uploads\/2025\/12\/Feher-Robert-esperes-plebanos-aldasaval-37-400x533.jpg 400w, https:\/\/karitaszeger.hu\/web\/wp-content\/uploads\/2025\/12\/Feher-Robert-esperes-plebanos-aldasaval-37-600x800.jpg 600w, https:\/\/karitaszeger.hu\/web\/wp-content\/uploads\/2025\/12\/Feher-Robert-esperes-plebanos-aldasaval-37-800x1067.jpg 800w, https:\/\/karitaszeger.hu\/web\/wp-content\/uploads\/2025\/12\/Feher-Robert-esperes-plebanos-aldasaval-37-1200x1600.jpg 1200w, https:\/\/karitaszeger.hu\/web\/wp-content\/uploads\/2025\/12\/Feher-Robert-esperes-plebanos-aldasaval-37.jpg 1536w\" sizes=\"(min-width: 2200px) 100vw, (min-width: 960px) 387px, (min-width: 800px) 580px, (min-width: 640px) 800px, \" \/><\/a><\/div><\/div><div class=\"clearfix\"><\/div><div style=\"padding:5px;\" class=\"fusion-grid-column fusion-gallery-column fusion-gallery-column-3 hover-type-none\"><div class=\"fusion-gallery-image\"><a href=\"https:\/\/karitaszeger.hu\/web\/wp-content\/uploads\/2025\/12\/Feher-Robert-esperes-plebanos-aldasaval-36.jpg\" rel=\"noreferrer\" data-rel=\"iLightbox[gallery_image_1]\" class=\"fusion-lightbox\" target=\"_self\"><img decoding=\"async\" src=\"https:\/\/karitaszeger.hu\/web\/wp-content\/uploads\/2025\/12\/Feher-Robert-esperes-plebanos-aldasaval-36.jpg\" width=\"1536\" height=\"2048\" alt=\"\" title=\"Fehe\u0301r Ro\u0301bert esperes ple\u0301ba\u0301nos a\u0301lda\u0301sa\u0301val 36\" aria-label=\"Fehe\u0301r Ro\u0301bert esperes ple\u0301ba\u0301nos a\u0301lda\u0301sa\u0301val 36\" class=\"img-responsive wp-image-6862\" srcset=\"https:\/\/karitaszeger.hu\/web\/wp-content\/uploads\/2025\/12\/Feher-Robert-esperes-plebanos-aldasaval-36-200x267.jpg 200w, https:\/\/karitaszeger.hu\/web\/wp-content\/uploads\/2025\/12\/Feher-Robert-esperes-plebanos-aldasaval-36-400x533.jpg 400w, https:\/\/karitaszeger.hu\/web\/wp-content\/uploads\/2025\/12\/Feher-Robert-esperes-plebanos-aldasaval-36-600x800.jpg 600w, https:\/\/karitaszeger.hu\/web\/wp-content\/uploads\/2025\/12\/Feher-Robert-esperes-plebanos-aldasaval-36-800x1067.jpg 800w, https:\/\/karitaszeger.hu\/web\/wp-content\/uploads\/2025\/12\/Feher-Robert-esperes-plebanos-aldasaval-36-1200x1600.jpg 1200w, https:\/\/karitaszeger.hu\/web\/wp-content\/uploads\/2025\/12\/Feher-Robert-esperes-plebanos-aldasaval-36.jpg 1536w\" sizes=\"(min-width: 2200px) 100vw, (min-width: 960px) 387px, (min-width: 800px) 580px, (min-width: 640px) 800px, \" \/><\/a><\/div><\/div><div style=\"padding:5px;\" class=\"fusion-grid-column fusion-gallery-column fusion-gallery-column-3 hover-type-none\"><div class=\"fusion-gallery-image\"><a href=\"https:\/\/karitaszeger.hu\/web\/wp-content\/uploads\/2025\/12\/Feher-Robert-esperes-plebanos-aldasaval-35.jpg\" rel=\"noreferrer\" data-rel=\"iLightbox[gallery_image_1]\" class=\"fusion-lightbox\" target=\"_self\"><img decoding=\"async\" src=\"https:\/\/karitaszeger.hu\/web\/wp-content\/uploads\/2025\/12\/Feher-Robert-esperes-plebanos-aldasaval-35.jpg\" width=\"1536\" height=\"2048\" alt=\"\" title=\"Fehe\u0301r Ro\u0301bert esperes ple\u0301ba\u0301nos a\u0301lda\u0301sa\u0301val 35\" aria-label=\"Fehe\u0301r Ro\u0301bert esperes ple\u0301ba\u0301nos a\u0301lda\u0301sa\u0301val 35\" class=\"img-responsive wp-image-6863\" srcset=\"https:\/\/karitaszeger.hu\/web\/wp-content\/uploads\/2025\/12\/Feher-Robert-esperes-plebanos-aldasaval-35-200x267.jpg 200w, https:\/\/karitaszeger.hu\/web\/wp-content\/uploads\/2025\/12\/Feher-Robert-esperes-plebanos-aldasaval-35-400x533.jpg 400w, https:\/\/karitaszeger.hu\/web\/wp-content\/uploads\/2025\/12\/Feher-Robert-esperes-plebanos-aldasaval-35-600x800.jpg 600w, https:\/\/karitaszeger.hu\/web\/wp-content\/uploads\/2025\/12\/Feher-Robert-esperes-plebanos-aldasaval-35-800x1067.jpg 800w, https:\/\/karitaszeger.hu\/web\/wp-content\/uploads\/2025\/12\/Feher-Robert-esperes-plebanos-aldasaval-35-1200x1600.jpg 1200w, https:\/\/karitaszeger.hu\/web\/wp-content\/uploads\/2025\/12\/Feher-Robert-esperes-plebanos-aldasaval-35.jpg 1536w\" sizes=\"(min-width: 2200px) 100vw, (min-width: 960px) 387px, (min-width: 800px) 580px, (min-width: 640px) 800px, \" \/><\/a><\/div><\/div><div style=\"padding:5px;\" class=\"fusion-grid-column fusion-gallery-column fusion-gallery-column-3 hover-type-none\"><div class=\"fusion-gallery-image\"><a href=\"https:\/\/karitaszeger.hu\/web\/wp-content\/uploads\/2025\/12\/Feher-Robert-esperes-plebanos-aldasaval-34.jpg\" rel=\"noreferrer\" data-rel=\"iLightbox[gallery_image_1]\" class=\"fusion-lightbox\" target=\"_self\"><img decoding=\"async\" src=\"https:\/\/karitaszeger.hu\/web\/wp-content\/uploads\/2025\/12\/Feher-Robert-esperes-plebanos-aldasaval-34.jpg\" width=\"1536\" height=\"2048\" alt=\"\" title=\"Fehe\u0301r Ro\u0301bert esperes ple\u0301ba\u0301nos a\u0301lda\u0301sa\u0301val 34\" aria-label=\"Fehe\u0301r Ro\u0301bert esperes ple\u0301ba\u0301nos a\u0301lda\u0301sa\u0301val 34\" class=\"img-responsive wp-image-6864\" srcset=\"https:\/\/karitaszeger.hu\/web\/wp-content\/uploads\/2025\/12\/Feher-Robert-esperes-plebanos-aldasaval-34-200x267.jpg 200w, https:\/\/karitaszeger.hu\/web\/wp-content\/uploads\/2025\/12\/Feher-Robert-esperes-plebanos-aldasaval-34-400x533.jpg 400w, https:\/\/karitaszeger.hu\/web\/wp-content\/uploads\/2025\/12\/Feher-Robert-esperes-plebanos-aldasaval-34-600x800.jpg 600w, https:\/\/karitaszeger.hu\/web\/wp-content\/uploads\/2025\/12\/Feher-Robert-esperes-plebanos-aldasaval-34-800x1067.jpg 800w, https:\/\/karitaszeger.hu\/web\/wp-content\/uploads\/2025\/12\/Feher-Robert-esperes-plebanos-aldasaval-34-1200x1600.jpg 1200w, https:\/\/karitaszeger.hu\/web\/wp-content\/uploads\/2025\/12\/Feher-Robert-esperes-plebanos-aldasaval-34.jpg 1536w\" sizes=\"(min-width: 2200px) 100vw, (min-width: 960px) 387px, (min-width: 800px) 580px, (min-width: 640px) 800px, \" \/><\/a><\/div><\/div><div class=\"clearfix\"><\/div><div style=\"padding:5px;\" class=\"fusion-grid-column fusion-gallery-column fusion-gallery-column-3 hover-type-none\"><div class=\"fusion-gallery-image\"><a href=\"https:\/\/karitaszeger.hu\/web\/wp-content\/uploads\/2025\/12\/Feher-Robert-esperes-plebanos-aldasaval-33.jpg\" rel=\"noreferrer\" data-rel=\"iLightbox[gallery_image_1]\" class=\"fusion-lightbox\" target=\"_self\"><img decoding=\"async\" src=\"https:\/\/karitaszeger.hu\/web\/wp-content\/uploads\/2025\/12\/Feher-Robert-esperes-plebanos-aldasaval-33.jpg\" width=\"1592\" height=\"2047\" alt=\"\" title=\"Fehe\u0301r Ro\u0301bert esperes ple\u0301ba\u0301nos a\u0301lda\u0301sa\u0301val 33\" aria-label=\"Fehe\u0301r Ro\u0301bert esperes ple\u0301ba\u0301nos a\u0301lda\u0301sa\u0301val 33\" class=\"img-responsive wp-image-6865\" srcset=\"https:\/\/karitaszeger.hu\/web\/wp-content\/uploads\/2025\/12\/Feher-Robert-esperes-plebanos-aldasaval-33-200x257.jpg 200w, https:\/\/karitaszeger.hu\/web\/wp-content\/uploads\/2025\/12\/Feher-Robert-esperes-plebanos-aldasaval-33-400x514.jpg 400w, https:\/\/karitaszeger.hu\/web\/wp-content\/uploads\/2025\/12\/Feher-Robert-esperes-plebanos-aldasaval-33-600x771.jpg 600w, https:\/\/karitaszeger.hu\/web\/wp-content\/uploads\/2025\/12\/Feher-Robert-esperes-plebanos-aldasaval-33-800x1029.jpg 800w, https:\/\/karitaszeger.hu\/web\/wp-content\/uploads\/2025\/12\/Feher-Robert-esperes-plebanos-aldasaval-33-1200x1543.jpg 1200w, https:\/\/karitaszeger.hu\/web\/wp-content\/uploads\/2025\/12\/Feher-Robert-esperes-plebanos-aldasaval-33.jpg 1592w\" sizes=\"(min-width: 2200px) 100vw, (min-width: 960px) 387px, (min-width: 800px) 580px, (min-width: 640px) 800px, \" \/><\/a><\/div><\/div><div style=\"padding:5px;\" class=\"fusion-grid-column fusion-gallery-column fusion-gallery-column-3 hover-type-none\"><div class=\"fusion-gallery-image\"><a href=\"https:\/\/karitaszeger.hu\/web\/wp-content\/uploads\/2025\/12\/Feher-Robert-esperes-plebanos-aldasaval-32.jpg\" rel=\"noreferrer\" data-rel=\"iLightbox[gallery_image_1]\" class=\"fusion-lightbox\" target=\"_self\"><img decoding=\"async\" src=\"https:\/\/karitaszeger.hu\/web\/wp-content\/uploads\/2025\/12\/Feher-Robert-esperes-plebanos-aldasaval-32.jpg\" width=\"1616\" height=\"2048\" alt=\"\" title=\"Fehe\u0301r Ro\u0301bert esperes ple\u0301ba\u0301nos a\u0301lda\u0301sa\u0301val 32\" aria-label=\"Fehe\u0301r Ro\u0301bert esperes ple\u0301ba\u0301nos a\u0301lda\u0301sa\u0301val 32\" class=\"img-responsive wp-image-6866\" srcset=\"https:\/\/karitaszeger.hu\/web\/wp-content\/uploads\/2025\/12\/Feher-Robert-esperes-plebanos-aldasaval-32-200x253.jpg 200w, https:\/\/karitaszeger.hu\/web\/wp-content\/uploads\/2025\/12\/Feher-Robert-esperes-plebanos-aldasaval-32-400x507.jpg 400w, https:\/\/karitaszeger.hu\/web\/wp-content\/uploads\/2025\/12\/Feher-Robert-esperes-plebanos-aldasaval-32-600x760.jpg 600w, https:\/\/karitaszeger.hu\/web\/wp-content\/uploads\/2025\/12\/Feher-Robert-esperes-plebanos-aldasaval-32-800x1014.jpg 800w, https:\/\/karitaszeger.hu\/web\/wp-content\/uploads\/2025\/12\/Feher-Robert-esperes-plebanos-aldasaval-32-1200x1521.jpg 1200w, https:\/\/karitaszeger.hu\/web\/wp-content\/uploads\/2025\/12\/Feher-Robert-esperes-plebanos-aldasaval-32.jpg 1616w\" sizes=\"(min-width: 2200px) 100vw, (min-width: 960px) 387px, (min-width: 800px) 580px, (min-width: 640px) 800px, \" \/><\/a><\/div><\/div><div style=\"padding:5px;\" class=\"fusion-grid-column fusion-gallery-column fusion-gallery-column-3 hover-type-none\"><div class=\"fusion-gallery-image\"><a href=\"https:\/\/karitaszeger.hu\/web\/wp-content\/uploads\/2025\/12\/Feher-Robert-esperes-plebanos-aldasaval-31.jpg\" rel=\"noreferrer\" data-rel=\"iLightbox[gallery_image_1]\" class=\"fusion-lightbox\" target=\"_self\"><img decoding=\"async\" src=\"https:\/\/karitaszeger.hu\/web\/wp-content\/uploads\/2025\/12\/Feher-Robert-esperes-plebanos-aldasaval-31.jpg\" width=\"1536\" height=\"2048\" alt=\"\" title=\"Fehe\u0301r Ro\u0301bert esperes ple\u0301ba\u0301nos a\u0301lda\u0301sa\u0301val 31\" aria-label=\"Fehe\u0301r Ro\u0301bert esperes ple\u0301ba\u0301nos a\u0301lda\u0301sa\u0301val 31\" class=\"img-responsive wp-image-6867\" srcset=\"https:\/\/karitaszeger.hu\/web\/wp-content\/uploads\/2025\/12\/Feher-Robert-esperes-plebanos-aldasaval-31-200x267.jpg 200w, https:\/\/karitaszeger.hu\/web\/wp-content\/uploads\/2025\/12\/Feher-Robert-esperes-plebanos-aldasaval-31-400x533.jpg 400w, https:\/\/karitaszeger.hu\/web\/wp-content\/uploads\/2025\/12\/Feher-Robert-esperes-plebanos-aldasaval-31-600x800.jpg 600w, https:\/\/karitaszeger.hu\/web\/wp-content\/uploads\/2025\/12\/Feher-Robert-esperes-plebanos-aldasaval-31-800x1067.jpg 800w, https:\/\/karitaszeger.hu\/web\/wp-content\/uploads\/2025\/12\/Feher-Robert-esperes-plebanos-aldasaval-31-1200x1600.jpg 1200w, https:\/\/karitaszeger.hu\/web\/wp-content\/uploads\/2025\/12\/Feher-Robert-esperes-plebanos-aldasaval-31.jpg 1536w\" sizes=\"(min-width: 2200px) 100vw, (min-width: 960px) 387px, (min-width: 800px) 580px, (min-width: 640px) 800px, \" \/><\/a><\/div><\/div><div class=\"clearfix\"><\/div><div style=\"padding:5px;\" class=\"fusion-grid-column fusion-gallery-column fusion-gallery-column-3 hover-type-none\"><div class=\"fusion-gallery-image\"><a href=\"https:\/\/karitaszeger.hu\/web\/wp-content\/uploads\/2025\/12\/Feher-Robert-esperes-plebanos-aldasaval-30.jpg\" rel=\"noreferrer\" data-rel=\"iLightbox[gallery_image_1]\" class=\"fusion-lightbox\" target=\"_self\"><img decoding=\"async\" src=\"https:\/\/karitaszeger.hu\/web\/wp-content\/uploads\/2025\/12\/Feher-Robert-esperes-plebanos-aldasaval-30.jpg\" width=\"1536\" height=\"2048\" alt=\"\" title=\"Fehe\u0301r Ro\u0301bert esperes ple\u0301ba\u0301nos a\u0301lda\u0301sa\u0301val 30\" aria-label=\"Fehe\u0301r Ro\u0301bert esperes ple\u0301ba\u0301nos a\u0301lda\u0301sa\u0301val 30\" class=\"img-responsive wp-image-6868\" srcset=\"https:\/\/karitaszeger.hu\/web\/wp-content\/uploads\/2025\/12\/Feher-Robert-esperes-plebanos-aldasaval-30-200x267.jpg 200w, https:\/\/karitaszeger.hu\/web\/wp-content\/uploads\/2025\/12\/Feher-Robert-esperes-plebanos-aldasaval-30-400x533.jpg 400w, https:\/\/karitaszeger.hu\/web\/wp-content\/uploads\/2025\/12\/Feher-Robert-esperes-plebanos-aldasaval-30-600x800.jpg 600w, https:\/\/karitaszeger.hu\/web\/wp-content\/uploads\/2025\/12\/Feher-Robert-esperes-plebanos-aldasaval-30-800x1067.jpg 800w, https:\/\/karitaszeger.hu\/web\/wp-content\/uploads\/2025\/12\/Feher-Robert-esperes-plebanos-aldasaval-30-1200x1600.jpg 1200w, https:\/\/karitaszeger.hu\/web\/wp-content\/uploads\/2025\/12\/Feher-Robert-esperes-plebanos-aldasaval-30.jpg 1536w\" sizes=\"(min-width: 2200px) 100vw, (min-width: 960px) 387px, (min-width: 800px) 580px, (min-width: 640px) 800px, \" \/><\/a><\/div><\/div><div style=\"padding:5px;\" class=\"fusion-grid-column fusion-gallery-column fusion-gallery-column-3 hover-type-none\"><div class=\"fusion-gallery-image\"><a href=\"https:\/\/karitaszeger.hu\/web\/wp-content\/uploads\/2025\/12\/Feher-Robert-esperes-plebanos-aldasaval-29.jpg\" rel=\"noreferrer\" data-rel=\"iLightbox[gallery_image_1]\" class=\"fusion-lightbox\" target=\"_self\"><img decoding=\"async\" src=\"https:\/\/karitaszeger.hu\/web\/wp-content\/uploads\/2025\/12\/Feher-Robert-esperes-plebanos-aldasaval-29.jpg\" width=\"1536\" height=\"2048\" alt=\"\" title=\"Fehe\u0301r Ro\u0301bert esperes ple\u0301ba\u0301nos a\u0301lda\u0301sa\u0301val 29\" aria-label=\"Fehe\u0301r Ro\u0301bert esperes ple\u0301ba\u0301nos a\u0301lda\u0301sa\u0301val 29\" class=\"img-responsive wp-image-6869\" srcset=\"https:\/\/karitaszeger.hu\/web\/wp-content\/uploads\/2025\/12\/Feher-Robert-esperes-plebanos-aldasaval-29-200x267.jpg 200w, https:\/\/karitaszeger.hu\/web\/wp-content\/uploads\/2025\/12\/Feher-Robert-esperes-plebanos-aldasaval-29-400x533.jpg 400w, https:\/\/karitaszeger.hu\/web\/wp-content\/uploads\/2025\/12\/Feher-Robert-esperes-plebanos-aldasaval-29-600x800.jpg 600w, https:\/\/karitaszeger.hu\/web\/wp-content\/uploads\/2025\/12\/Feher-Robert-esperes-plebanos-aldasaval-29-800x1067.jpg 800w, https:\/\/karitaszeger.hu\/web\/wp-content\/uploads\/2025\/12\/Feher-Robert-esperes-plebanos-aldasaval-29-1200x1600.jpg 1200w, https:\/\/karitaszeger.hu\/web\/wp-content\/uploads\/2025\/12\/Feher-Robert-esperes-plebanos-aldasaval-29.jpg 1536w\" sizes=\"(min-width: 2200px) 100vw, (min-width: 960px) 387px, (min-width: 800px) 580px, (min-width: 640px) 800px, \" \/><\/a><\/div><\/div><div style=\"padding:5px;\" class=\"fusion-grid-column fusion-gallery-column fusion-gallery-column-3 hover-type-none\"><div class=\"fusion-gallery-image\"><a href=\"https:\/\/karitaszeger.hu\/web\/wp-content\/uploads\/2025\/12\/Feher-Robert-esperes-plebanos-aldasaval-28.jpg\" rel=\"noreferrer\" data-rel=\"iLightbox[gallery_image_1]\" class=\"fusion-lightbox\" target=\"_self\"><img decoding=\"async\" src=\"https:\/\/karitaszeger.hu\/web\/wp-content\/uploads\/2025\/12\/Feher-Robert-esperes-plebanos-aldasaval-28.jpg\" width=\"1536\" height=\"2048\" alt=\"\" title=\"Fehe\u0301r Ro\u0301bert esperes ple\u0301ba\u0301nos a\u0301lda\u0301sa\u0301val 28\" aria-label=\"Fehe\u0301r Ro\u0301bert esperes ple\u0301ba\u0301nos a\u0301lda\u0301sa\u0301val 28\" class=\"img-responsive wp-image-6870\" srcset=\"https:\/\/karitaszeger.hu\/web\/wp-content\/uploads\/2025\/12\/Feher-Robert-esperes-plebanos-aldasaval-28-200x267.jpg 200w, https:\/\/karitaszeger.hu\/web\/wp-content\/uploads\/2025\/12\/Feher-Robert-esperes-plebanos-aldasaval-28-400x533.jpg 400w, https:\/\/karitaszeger.hu\/web\/wp-content\/uploads\/2025\/12\/Feher-Robert-esperes-plebanos-aldasaval-28-600x800.jpg 600w, https:\/\/karitaszeger.hu\/web\/wp-content\/uploads\/2025\/12\/Feher-Robert-esperes-plebanos-aldasaval-28-800x1067.jpg 800w, https:\/\/karitaszeger.hu\/web\/wp-content\/uploads\/2025\/12\/Feher-Robert-esperes-plebanos-aldasaval-28-1200x1600.jpg 1200w, https:\/\/karitaszeger.hu\/web\/wp-content\/uploads\/2025\/12\/Feher-Robert-esperes-plebanos-aldasaval-28.jpg 1536w\" sizes=\"(min-width: 2200px) 100vw, (min-width: 960px) 387px, (min-width: 800px) 580px, (min-width: 640px) 800px, \" \/><\/a><\/div><\/div><div class=\"clearfix\"><\/div><div style=\"padding:5px;\" class=\"fusion-grid-column fusion-gallery-column fusion-gallery-column-3 hover-type-none\"><div class=\"fusion-gallery-image\"><a href=\"https:\/\/karitaszeger.hu\/web\/wp-content\/uploads\/2025\/12\/Feher-Robert-esperes-plebanos-aldasaval-27.jpg\" rel=\"noreferrer\" data-rel=\"iLightbox[gallery_image_1]\" class=\"fusion-lightbox\" target=\"_self\"><img decoding=\"async\" src=\"https:\/\/karitaszeger.hu\/web\/wp-content\/uploads\/2025\/12\/Feher-Robert-esperes-plebanos-aldasaval-27.jpg\" width=\"1536\" height=\"2048\" alt=\"\" title=\"Fehe\u0301r Ro\u0301bert esperes ple\u0301ba\u0301nos a\u0301lda\u0301sa\u0301val 27\" aria-label=\"Fehe\u0301r Ro\u0301bert esperes ple\u0301ba\u0301nos a\u0301lda\u0301sa\u0301val 27\" class=\"img-responsive wp-image-6871\" srcset=\"https:\/\/karitaszeger.hu\/web\/wp-content\/uploads\/2025\/12\/Feher-Robert-esperes-plebanos-aldasaval-27-200x267.jpg 200w, https:\/\/karitaszeger.hu\/web\/wp-content\/uploads\/2025\/12\/Feher-Robert-esperes-plebanos-aldasaval-27-400x533.jpg 400w, https:\/\/karitaszeger.hu\/web\/wp-content\/uploads\/2025\/12\/Feher-Robert-esperes-plebanos-aldasaval-27-600x800.jpg 600w, https:\/\/karitaszeger.hu\/web\/wp-content\/uploads\/2025\/12\/Feher-Robert-esperes-plebanos-aldasaval-27-800x1067.jpg 800w, https:\/\/karitaszeger.hu\/web\/wp-content\/uploads\/2025\/12\/Feher-Robert-esperes-plebanos-aldasaval-27-1200x1600.jpg 1200w, https:\/\/karitaszeger.hu\/web\/wp-content\/uploads\/2025\/12\/Feher-Robert-esperes-plebanos-aldasaval-27.jpg 1536w\" sizes=\"(min-width: 2200px) 100vw, (min-width: 960px) 387px, (min-width: 800px) 580px, (min-width: 640px) 800px, \" \/><\/a><\/div><\/div><div style=\"padding:5px;\" class=\"fusion-grid-column fusion-gallery-column fusion-gallery-column-3 hover-type-none\"><div class=\"fusion-gallery-image\"><a href=\"https:\/\/karitaszeger.hu\/web\/wp-content\/uploads\/2025\/12\/Feher-Robert-esperes-plebanos-aldasaval-26.jpg\" rel=\"noreferrer\" data-rel=\"iLightbox[gallery_image_1]\" class=\"fusion-lightbox\" target=\"_self\"><img decoding=\"async\" src=\"https:\/\/karitaszeger.hu\/web\/wp-content\/uploads\/2025\/12\/Feher-Robert-esperes-plebanos-aldasaval-26.jpg\" width=\"1536\" height=\"2048\" alt=\"\" title=\"Fehe\u0301r Ro\u0301bert esperes ple\u0301ba\u0301nos a\u0301lda\u0301sa\u0301val 26\" aria-label=\"Fehe\u0301r Ro\u0301bert esperes ple\u0301ba\u0301nos a\u0301lda\u0301sa\u0301val 26\" class=\"img-responsive wp-image-6872\" srcset=\"https:\/\/karitaszeger.hu\/web\/wp-content\/uploads\/2025\/12\/Feher-Robert-esperes-plebanos-aldasaval-26-200x267.jpg 200w, https:\/\/karitaszeger.hu\/web\/wp-content\/uploads\/2025\/12\/Feher-Robert-esperes-plebanos-aldasaval-26-400x533.jpg 400w, https:\/\/karitaszeger.hu\/web\/wp-content\/uploads\/2025\/12\/Feher-Robert-esperes-plebanos-aldasaval-26-600x800.jpg 600w, https:\/\/karitaszeger.hu\/web\/wp-content\/uploads\/2025\/12\/Feher-Robert-esperes-plebanos-aldasaval-26-800x1067.jpg 800w, https:\/\/karitaszeger.hu\/web\/wp-content\/uploads\/2025\/12\/Feher-Robert-esperes-plebanos-aldasaval-26-1200x1600.jpg 1200w, https:\/\/karitaszeger.hu\/web\/wp-content\/uploads\/2025\/12\/Feher-Robert-esperes-plebanos-aldasaval-26.jpg 1536w\" sizes=\"(min-width: 2200px) 100vw, (min-width: 960px) 387px, (min-width: 800px) 580px, (min-width: 640px) 800px, \" \/><\/a><\/div><\/div><div style=\"padding:5px;\" class=\"fusion-grid-column fusion-gallery-column fusion-gallery-column-3 hover-type-none\"><div class=\"fusion-gallery-image\"><a href=\"https:\/\/karitaszeger.hu\/web\/wp-content\/uploads\/2025\/12\/Feher-Robert-esperes-plebanos-aldasaval-25.jpg\" rel=\"noreferrer\" data-rel=\"iLightbox[gallery_image_1]\" class=\"fusion-lightbox\" target=\"_self\"><img decoding=\"async\" src=\"https:\/\/karitaszeger.hu\/web\/wp-content\/uploads\/2025\/12\/Feher-Robert-esperes-plebanos-aldasaval-25.jpg\" width=\"1536\" height=\"2048\" alt=\"\" title=\"Fehe\u0301r Ro\u0301bert esperes ple\u0301ba\u0301nos a\u0301lda\u0301sa\u0301val 25\" aria-label=\"Fehe\u0301r Ro\u0301bert esperes ple\u0301ba\u0301nos a\u0301lda\u0301sa\u0301val 25\" class=\"img-responsive wp-image-6873\" srcset=\"https:\/\/karitaszeger.hu\/web\/wp-content\/uploads\/2025\/12\/Feher-Robert-esperes-plebanos-aldasaval-25-200x267.jpg 200w, https:\/\/karitaszeger.hu\/web\/wp-content\/uploads\/2025\/12\/Feher-Robert-esperes-plebanos-aldasaval-25-400x533.jpg 400w, https:\/\/karitaszeger.hu\/web\/wp-content\/uploads\/2025\/12\/Feher-Robert-esperes-plebanos-aldasaval-25-600x800.jpg 600w, https:\/\/karitaszeger.hu\/web\/wp-content\/uploads\/2025\/12\/Feher-Robert-esperes-plebanos-aldasaval-25-800x1067.jpg 800w, https:\/\/karitaszeger.hu\/web\/wp-content\/uploads\/2025\/12\/Feher-Robert-esperes-plebanos-aldasaval-25-1200x1600.jpg 1200w, https:\/\/karitaszeger.hu\/web\/wp-content\/uploads\/2025\/12\/Feher-Robert-esperes-plebanos-aldasaval-25.jpg 1536w\" sizes=\"(min-width: 2200px) 100vw, (min-width: 960px) 387px, (min-width: 800px) 580px, (min-width: 640px) 800px, \" \/><\/a><\/div><\/div><div class=\"clearfix\"><\/div><div style=\"padding:5px;\" class=\"fusion-grid-column fusion-gallery-column fusion-gallery-column-3 hover-type-none\"><div class=\"fusion-gallery-image\"><a href=\"https:\/\/karitaszeger.hu\/web\/wp-content\/uploads\/2025\/12\/Feher-Robert-esperes-plebanos-aldasaval-24.jpg\" rel=\"noreferrer\" data-rel=\"iLightbox[gallery_image_1]\" class=\"fusion-lightbox\" target=\"_self\"><img decoding=\"async\" src=\"https:\/\/karitaszeger.hu\/web\/wp-content\/uploads\/2025\/12\/Feher-Robert-esperes-plebanos-aldasaval-24.jpg\" width=\"1536\" height=\"2048\" alt=\"\" title=\"Fehe\u0301r Ro\u0301bert esperes ple\u0301ba\u0301nos a\u0301lda\u0301sa\u0301val 24\" aria-label=\"Fehe\u0301r Ro\u0301bert esperes ple\u0301ba\u0301nos a\u0301lda\u0301sa\u0301val 24\" class=\"img-responsive wp-image-6874\" srcset=\"https:\/\/karitaszeger.hu\/web\/wp-content\/uploads\/2025\/12\/Feher-Robert-esperes-plebanos-aldasaval-24-200x267.jpg 200w, https:\/\/karitaszeger.hu\/web\/wp-content\/uploads\/2025\/12\/Feher-Robert-esperes-plebanos-aldasaval-24-400x533.jpg 400w, https:\/\/karitaszeger.hu\/web\/wp-content\/uploads\/2025\/12\/Feher-Robert-esperes-plebanos-aldasaval-24-600x800.jpg 600w, https:\/\/karitaszeger.hu\/web\/wp-content\/uploads\/2025\/12\/Feher-Robert-esperes-plebanos-aldasaval-24-800x1067.jpg 800w, https:\/\/karitaszeger.hu\/web\/wp-content\/uploads\/2025\/12\/Feher-Robert-esperes-plebanos-aldasaval-24-1200x1600.jpg 1200w, https:\/\/karitaszeger.hu\/web\/wp-content\/uploads\/2025\/12\/Feher-Robert-esperes-plebanos-aldasaval-24.jpg 1536w\" sizes=\"(min-width: 2200px) 100vw, (min-width: 960px) 387px, (min-width: 800px) 580px, (min-width: 640px) 800px, \" \/><\/a><\/div><\/div><div style=\"padding:5px;\" class=\"fusion-grid-column fusion-gallery-column fusion-gallery-column-3 hover-type-none\"><div class=\"fusion-gallery-image\"><a href=\"https:\/\/karitaszeger.hu\/web\/wp-content\/uploads\/2025\/12\/Feher-Robert-esperes-plebanos-aldasaval-23.jpg\" rel=\"noreferrer\" data-rel=\"iLightbox[gallery_image_1]\" class=\"fusion-lightbox\" target=\"_self\"><img decoding=\"async\" src=\"https:\/\/karitaszeger.hu\/web\/wp-content\/uploads\/2025\/12\/Feher-Robert-esperes-plebanos-aldasaval-23.jpg\" width=\"1536\" height=\"2048\" alt=\"\" title=\"Fehe\u0301r Ro\u0301bert esperes ple\u0301ba\u0301nos a\u0301lda\u0301sa\u0301val 23\" aria-label=\"Fehe\u0301r Ro\u0301bert esperes ple\u0301ba\u0301nos a\u0301lda\u0301sa\u0301val 23\" class=\"img-responsive wp-image-6875\" srcset=\"https:\/\/karitaszeger.hu\/web\/wp-content\/uploads\/2025\/12\/Feher-Robert-esperes-plebanos-aldasaval-23-200x267.jpg 200w, https:\/\/karitaszeger.hu\/web\/wp-content\/uploads\/2025\/12\/Feher-Robert-esperes-plebanos-aldasaval-23-400x533.jpg 400w, https:\/\/karitaszeger.hu\/web\/wp-content\/uploads\/2025\/12\/Feher-Robert-esperes-plebanos-aldasaval-23-600x800.jpg 600w, https:\/\/karitaszeger.hu\/web\/wp-content\/uploads\/2025\/12\/Feher-Robert-esperes-plebanos-aldasaval-23-800x1067.jpg 800w, https:\/\/karitaszeger.hu\/web\/wp-content\/uploads\/2025\/12\/Feher-Robert-esperes-plebanos-aldasaval-23-1200x1600.jpg 1200w, https:\/\/karitaszeger.hu\/web\/wp-content\/uploads\/2025\/12\/Feher-Robert-esperes-plebanos-aldasaval-23.jpg 1536w\" sizes=\"(min-width: 2200px) 100vw, (min-width: 960px) 387px, (min-width: 800px) 580px, (min-width: 640px) 800px, \" \/><\/a><\/div><\/div><div style=\"padding:5px;\" class=\"fusion-grid-column fusion-gallery-column fusion-gallery-column-3 hover-type-none\"><div class=\"fusion-gallery-image\"><a href=\"https:\/\/karitaszeger.hu\/web\/wp-content\/uploads\/2025\/12\/Feher-Robert-esperes-plebanos-aldasaval-22.jpg\" rel=\"noreferrer\" data-rel=\"iLightbox[gallery_image_1]\" class=\"fusion-lightbox\" target=\"_self\"><img decoding=\"async\" src=\"https:\/\/karitaszeger.hu\/web\/wp-content\/uploads\/2025\/12\/Feher-Robert-esperes-plebanos-aldasaval-22.jpg\" width=\"1536\" height=\"2048\" alt=\"\" title=\"Fehe\u0301r Ro\u0301bert esperes ple\u0301ba\u0301nos a\u0301lda\u0301sa\u0301val 22\" aria-label=\"Fehe\u0301r Ro\u0301bert esperes ple\u0301ba\u0301nos a\u0301lda\u0301sa\u0301val 22\" class=\"img-responsive wp-image-6876\" srcset=\"https:\/\/karitaszeger.hu\/web\/wp-content\/uploads\/2025\/12\/Feher-Robert-esperes-plebanos-aldasaval-22-200x267.jpg 200w, https:\/\/karitaszeger.hu\/web\/wp-content\/uploads\/2025\/12\/Feher-Robert-esperes-plebanos-aldasaval-22-400x533.jpg 400w, https:\/\/karitaszeger.hu\/web\/wp-content\/uploads\/2025\/12\/Feher-Robert-esperes-plebanos-aldasaval-22-600x800.jpg 600w, https:\/\/karitaszeger.hu\/web\/wp-content\/uploads\/2025\/12\/Feher-Robert-esperes-plebanos-aldasaval-22-800x1067.jpg 800w, https:\/\/karitaszeger.hu\/web\/wp-content\/uploads\/2025\/12\/Feher-Robert-esperes-plebanos-aldasaval-22-1200x1600.jpg 1200w, https:\/\/karitaszeger.hu\/web\/wp-content\/uploads\/2025\/12\/Feher-Robert-esperes-plebanos-aldasaval-22.jpg 1536w\" sizes=\"(min-width: 2200px) 100vw, (min-width: 960px) 387px, (min-width: 800px) 580px, (min-width: 640px) 800px, \" \/><\/a><\/div><\/div><div class=\"clearfix\"><\/div><div style=\"padding:5px;\" class=\"fusion-grid-column fusion-gallery-column fusion-gallery-column-3 hover-type-none\"><div class=\"fusion-gallery-image\"><a href=\"https:\/\/karitaszeger.hu\/web\/wp-content\/uploads\/2025\/12\/Feher-Robert-esperes-plebanos-aldasaval-21.jpg\" rel=\"noreferrer\" data-rel=\"iLightbox[gallery_image_1]\" class=\"fusion-lightbox\" target=\"_self\"><img decoding=\"async\" src=\"https:\/\/karitaszeger.hu\/web\/wp-content\/uploads\/2025\/12\/Feher-Robert-esperes-plebanos-aldasaval-21.jpg\" width=\"1536\" height=\"2048\" alt=\"\" title=\"Fehe\u0301r Ro\u0301bert esperes ple\u0301ba\u0301nos a\u0301lda\u0301sa\u0301val 21\" aria-label=\"Fehe\u0301r Ro\u0301bert esperes ple\u0301ba\u0301nos a\u0301lda\u0301sa\u0301val 21\" class=\"img-responsive wp-image-6877\" srcset=\"https:\/\/karitaszeger.hu\/web\/wp-content\/uploads\/2025\/12\/Feher-Robert-esperes-plebanos-aldasaval-21-200x267.jpg 200w, https:\/\/karitaszeger.hu\/web\/wp-content\/uploads\/2025\/12\/Feher-Robert-esperes-plebanos-aldasaval-21-400x533.jpg 400w, https:\/\/karitaszeger.hu\/web\/wp-content\/uploads\/2025\/12\/Feher-Robert-esperes-plebanos-aldasaval-21-600x800.jpg 600w, https:\/\/karitaszeger.hu\/web\/wp-content\/uploads\/2025\/12\/Feher-Robert-esperes-plebanos-aldasaval-21-800x1067.jpg 800w, https:\/\/karitaszeger.hu\/web\/wp-content\/uploads\/2025\/12\/Feher-Robert-esperes-plebanos-aldasaval-21-1200x1600.jpg 1200w, https:\/\/karitaszeger.hu\/web\/wp-content\/uploads\/2025\/12\/Feher-Robert-esperes-plebanos-aldasaval-21.jpg 1536w\" sizes=\"(min-width: 2200px) 100vw, (min-width: 960px) 387px, (min-width: 800px) 580px, (min-width: 640px) 800px, \" \/><\/a><\/div><\/div><div style=\"padding:5px;\" class=\"fusion-grid-column fusion-gallery-column fusion-gallery-column-3 hover-type-none\"><div class=\"fusion-gallery-image\"><a href=\"https:\/\/karitaszeger.hu\/web\/wp-content\/uploads\/2025\/12\/Feher-Robert-esperes-plebanos-aldasaval-20.jpg\" rel=\"noreferrer\" data-rel=\"iLightbox[gallery_image_1]\" class=\"fusion-lightbox\" target=\"_self\"><img decoding=\"async\" src=\"https:\/\/karitaszeger.hu\/web\/wp-content\/uploads\/2025\/12\/Feher-Robert-esperes-plebanos-aldasaval-20.jpg\" width=\"1536\" height=\"2048\" alt=\"\" title=\"Fehe\u0301r Ro\u0301bert esperes ple\u0301ba\u0301nos a\u0301lda\u0301sa\u0301val 20\" aria-label=\"Fehe\u0301r Ro\u0301bert esperes ple\u0301ba\u0301nos a\u0301lda\u0301sa\u0301val 20\" class=\"img-responsive wp-image-6878\" srcset=\"https:\/\/karitaszeger.hu\/web\/wp-content\/uploads\/2025\/12\/Feher-Robert-esperes-plebanos-aldasaval-20-200x267.jpg 200w, https:\/\/karitaszeger.hu\/web\/wp-content\/uploads\/2025\/12\/Feher-Robert-esperes-plebanos-aldasaval-20-400x533.jpg 400w, https:\/\/karitaszeger.hu\/web\/wp-content\/uploads\/2025\/12\/Feher-Robert-esperes-plebanos-aldasaval-20-600x800.jpg 600w, https:\/\/karitaszeger.hu\/web\/wp-content\/uploads\/2025\/12\/Feher-Robert-esperes-plebanos-aldasaval-20-800x1067.jpg 800w, https:\/\/karitaszeger.hu\/web\/wp-content\/uploads\/2025\/12\/Feher-Robert-esperes-plebanos-aldasaval-20-1200x1600.jpg 1200w, https:\/\/karitaszeger.hu\/web\/wp-content\/uploads\/2025\/12\/Feher-Robert-esperes-plebanos-aldasaval-20.jpg 1536w\" sizes=\"(min-width: 2200px) 100vw, (min-width: 960px) 387px, (min-width: 800px) 580px, (min-width: 640px) 800px, \" \/><\/a><\/div><\/div><div style=\"padding:5px;\" class=\"fusion-grid-column fusion-gallery-column fusion-gallery-column-3 hover-type-none\"><div class=\"fusion-gallery-image\"><a href=\"https:\/\/karitaszeger.hu\/web\/wp-content\/uploads\/2025\/12\/Feher-Robert-esperes-plebanos-aldasaval-19.jpg\" rel=\"noreferrer\" data-rel=\"iLightbox[gallery_image_1]\" class=\"fusion-lightbox\" target=\"_self\"><img decoding=\"async\" src=\"https:\/\/karitaszeger.hu\/web\/wp-content\/uploads\/2025\/12\/Feher-Robert-esperes-plebanos-aldasaval-19.jpg\" width=\"1536\" height=\"2048\" alt=\"\" title=\"Fehe\u0301r Ro\u0301bert esperes ple\u0301ba\u0301nos a\u0301lda\u0301sa\u0301val 19\" aria-label=\"Fehe\u0301r Ro\u0301bert esperes ple\u0301ba\u0301nos a\u0301lda\u0301sa\u0301val 19\" class=\"img-responsive wp-image-6879\" srcset=\"https:\/\/karitaszeger.hu\/web\/wp-content\/uploads\/2025\/12\/Feher-Robert-esperes-plebanos-aldasaval-19-200x267.jpg 200w, https:\/\/karitaszeger.hu\/web\/wp-content\/uploads\/2025\/12\/Feher-Robert-esperes-plebanos-aldasaval-19-400x533.jpg 400w, https:\/\/karitaszeger.hu\/web\/wp-content\/uploads\/2025\/12\/Feher-Robert-esperes-plebanos-aldasaval-19-600x800.jpg 600w, https:\/\/karitaszeger.hu\/web\/wp-content\/uploads\/2025\/12\/Feher-Robert-esperes-plebanos-aldasaval-19-800x1067.jpg 800w, https:\/\/karitaszeger.hu\/web\/wp-content\/uploads\/2025\/12\/Feher-Robert-esperes-plebanos-aldasaval-19-1200x1600.jpg 1200w, https:\/\/karitaszeger.hu\/web\/wp-content\/uploads\/2025\/12\/Feher-Robert-esperes-plebanos-aldasaval-19.jpg 1536w\" sizes=\"(min-width: 2200px) 100vw, (min-width: 960px) 387px, (min-width: 800px) 580px, (min-width: 640px) 800px, \" \/><\/a><\/div><\/div><div class=\"clearfix\"><\/div><div style=\"padding:5px;\" class=\"fusion-grid-column fusion-gallery-column fusion-gallery-column-3 hover-type-none\"><div class=\"fusion-gallery-image\"><a href=\"https:\/\/karitaszeger.hu\/web\/wp-content\/uploads\/2025\/12\/Feher-Robert-esperes-plebanos-aldasaval-18.jpg\" rel=\"noreferrer\" data-rel=\"iLightbox[gallery_image_1]\" class=\"fusion-lightbox\" target=\"_self\"><img decoding=\"async\" src=\"https:\/\/karitaszeger.hu\/web\/wp-content\/uploads\/2025\/12\/Feher-Robert-esperes-plebanos-aldasaval-18.jpg\" width=\"1536\" height=\"2048\" alt=\"\" title=\"Fehe\u0301r Ro\u0301bert esperes ple\u0301ba\u0301nos a\u0301lda\u0301sa\u0301val 18\" aria-label=\"Fehe\u0301r Ro\u0301bert esperes ple\u0301ba\u0301nos a\u0301lda\u0301sa\u0301val 18\" class=\"img-responsive wp-image-6880\" srcset=\"https:\/\/karitaszeger.hu\/web\/wp-content\/uploads\/2025\/12\/Feher-Robert-esperes-plebanos-aldasaval-18-200x267.jpg 200w, https:\/\/karitaszeger.hu\/web\/wp-content\/uploads\/2025\/12\/Feher-Robert-esperes-plebanos-aldasaval-18-400x533.jpg 400w, https:\/\/karitaszeger.hu\/web\/wp-content\/uploads\/2025\/12\/Feher-Robert-esperes-plebanos-aldasaval-18-600x800.jpg 600w, https:\/\/karitaszeger.hu\/web\/wp-content\/uploads\/2025\/12\/Feher-Robert-esperes-plebanos-aldasaval-18-800x1067.jpg 800w, https:\/\/karitaszeger.hu\/web\/wp-content\/uploads\/2025\/12\/Feher-Robert-esperes-plebanos-aldasaval-18-1200x1600.jpg 1200w, https:\/\/karitaszeger.hu\/web\/wp-content\/uploads\/2025\/12\/Feher-Robert-esperes-plebanos-aldasaval-18.jpg 1536w\" sizes=\"(min-width: 2200px) 100vw, (min-width: 960px) 387px, (min-width: 800px) 580px, (min-width: 640px) 800px, \" \/><\/a><\/div><\/div><div style=\"padding:5px;\" class=\"fusion-grid-column fusion-gallery-column fusion-gallery-column-3 hover-type-none\"><div class=\"fusion-gallery-image\"><a href=\"https:\/\/karitaszeger.hu\/web\/wp-content\/uploads\/2025\/12\/Feher-Robert-esperes-plebanos-aldasaval-17.jpg\" rel=\"noreferrer\" data-rel=\"iLightbox[gallery_image_1]\" class=\"fusion-lightbox\" target=\"_self\"><img decoding=\"async\" src=\"https:\/\/karitaszeger.hu\/web\/wp-content\/uploads\/2025\/12\/Feher-Robert-esperes-plebanos-aldasaval-17.jpg\" width=\"1536\" height=\"2048\" alt=\"\" title=\"Fehe\u0301r Ro\u0301bert esperes ple\u0301ba\u0301nos a\u0301lda\u0301sa\u0301val 17\" aria-label=\"Fehe\u0301r Ro\u0301bert esperes ple\u0301ba\u0301nos a\u0301lda\u0301sa\u0301val 17\" class=\"img-responsive wp-image-6881\" srcset=\"https:\/\/karitaszeger.hu\/web\/wp-content\/uploads\/2025\/12\/Feher-Robert-esperes-plebanos-aldasaval-17-200x267.jpg 200w, https:\/\/karitaszeger.hu\/web\/wp-content\/uploads\/2025\/12\/Feher-Robert-esperes-plebanos-aldasaval-17-400x533.jpg 400w, https:\/\/karitaszeger.hu\/web\/wp-content\/uploads\/2025\/12\/Feher-Robert-esperes-plebanos-aldasaval-17-600x800.jpg 600w, https:\/\/karitaszeger.hu\/web\/wp-content\/uploads\/2025\/12\/Feher-Robert-esperes-plebanos-aldasaval-17-800x1067.jpg 800w, https:\/\/karitaszeger.hu\/web\/wp-content\/uploads\/2025\/12\/Feher-Robert-esperes-plebanos-aldasaval-17-1200x1600.jpg 1200w, https:\/\/karitaszeger.hu\/web\/wp-content\/uploads\/2025\/12\/Feher-Robert-esperes-plebanos-aldasaval-17.jpg 1536w\" sizes=\"(min-width: 2200px) 100vw, (min-width: 960px) 387px, (min-width: 800px) 580px, (min-width: 640px) 800px, \" \/><\/a><\/div><\/div><div style=\"padding:5px;\" class=\"fusion-grid-column fusion-gallery-column fusion-gallery-column-3 hover-type-none\"><div class=\"fusion-gallery-image\"><a href=\"https:\/\/karitaszeger.hu\/web\/wp-content\/uploads\/2025\/12\/Feher-Robert-esperes-plebanos-aldasaval-16.jpg\" rel=\"noreferrer\" data-rel=\"iLightbox[gallery_image_1]\" class=\"fusion-lightbox\" target=\"_self\"><img decoding=\"async\" src=\"https:\/\/karitaszeger.hu\/web\/wp-content\/uploads\/2025\/12\/Feher-Robert-esperes-plebanos-aldasaval-16.jpg\" width=\"1536\" height=\"2048\" alt=\"\" title=\"Fehe\u0301r Ro\u0301bert esperes ple\u0301ba\u0301nos a\u0301lda\u0301sa\u0301val 16\" aria-label=\"Fehe\u0301r Ro\u0301bert esperes ple\u0301ba\u0301nos a\u0301lda\u0301sa\u0301val 16\" class=\"img-responsive wp-image-6882\" srcset=\"https:\/\/karitaszeger.hu\/web\/wp-content\/uploads\/2025\/12\/Feher-Robert-esperes-plebanos-aldasaval-16-200x267.jpg 200w, https:\/\/karitaszeger.hu\/web\/wp-content\/uploads\/2025\/12\/Feher-Robert-esperes-plebanos-aldasaval-16-400x533.jpg 400w, https:\/\/karitaszeger.hu\/web\/wp-content\/uploads\/2025\/12\/Feher-Robert-esperes-plebanos-aldasaval-16-600x800.jpg 600w, https:\/\/karitaszeger.hu\/web\/wp-content\/uploads\/2025\/12\/Feher-Robert-esperes-plebanos-aldasaval-16-800x1067.jpg 800w, https:\/\/karitaszeger.hu\/web\/wp-content\/uploads\/2025\/12\/Feher-Robert-esperes-plebanos-aldasaval-16-1200x1600.jpg 1200w, https:\/\/karitaszeger.hu\/web\/wp-content\/uploads\/2025\/12\/Feher-Robert-esperes-plebanos-aldasaval-16.jpg 1536w\" sizes=\"(min-width: 2200px) 100vw, (min-width: 960px) 387px, (min-width: 800px) 580px, (min-width: 640px) 800px, \" \/><\/a><\/div><\/div><div class=\"clearfix\"><\/div><div style=\"padding:5px;\" class=\"fusion-grid-column fusion-gallery-column fusion-gallery-column-3 hover-type-none\"><div class=\"fusion-gallery-image\"><a href=\"https:\/\/karitaszeger.hu\/web\/wp-content\/uploads\/2025\/12\/Feher-Robert-esperes-plebanos-aldasaval-15.jpg\" rel=\"noreferrer\" data-rel=\"iLightbox[gallery_image_1]\" class=\"fusion-lightbox\" target=\"_self\"><img decoding=\"async\" src=\"https:\/\/karitaszeger.hu\/web\/wp-content\/uploads\/2025\/12\/Feher-Robert-esperes-plebanos-aldasaval-15.jpg\" width=\"1536\" height=\"2048\" alt=\"\" title=\"Fehe\u0301r Ro\u0301bert esperes ple\u0301ba\u0301nos a\u0301lda\u0301sa\u0301val 15\" aria-label=\"Fehe\u0301r Ro\u0301bert esperes ple\u0301ba\u0301nos a\u0301lda\u0301sa\u0301val 15\" class=\"img-responsive wp-image-6883\" srcset=\"https:\/\/karitaszeger.hu\/web\/wp-content\/uploads\/2025\/12\/Feher-Robert-esperes-plebanos-aldasaval-15-200x267.jpg 200w, https:\/\/karitaszeger.hu\/web\/wp-content\/uploads\/2025\/12\/Feher-Robert-esperes-plebanos-aldasaval-15-400x533.jpg 400w, https:\/\/karitaszeger.hu\/web\/wp-content\/uploads\/2025\/12\/Feher-Robert-esperes-plebanos-aldasaval-15-600x800.jpg 600w, https:\/\/karitaszeger.hu\/web\/wp-content\/uploads\/2025\/12\/Feher-Robert-esperes-plebanos-aldasaval-15-800x1067.jpg 800w, https:\/\/karitaszeger.hu\/web\/wp-content\/uploads\/2025\/12\/Feher-Robert-esperes-plebanos-aldasaval-15-1200x1600.jpg 1200w, https:\/\/karitaszeger.hu\/web\/wp-content\/uploads\/2025\/12\/Feher-Robert-esperes-plebanos-aldasaval-15.jpg 1536w\" sizes=\"(min-width: 2200px) 100vw, (min-width: 960px) 387px, (min-width: 800px) 580px, (min-width: 640px) 800px, \" \/><\/a><\/div><\/div><div style=\"padding:5px;\" class=\"fusion-grid-column fusion-gallery-column fusion-gallery-column-3 hover-type-none\"><div class=\"fusion-gallery-image\"><a href=\"https:\/\/karitaszeger.hu\/web\/wp-content\/uploads\/2025\/12\/Feher-Robert-esperes-plebanos-aldasaval-14.jpg\" rel=\"noreferrer\" data-rel=\"iLightbox[gallery_image_1]\" class=\"fusion-lightbox\" target=\"_self\"><img decoding=\"async\" src=\"https:\/\/karitaszeger.hu\/web\/wp-content\/uploads\/2025\/12\/Feher-Robert-esperes-plebanos-aldasaval-14.jpg\" width=\"1536\" height=\"2048\" alt=\"\" title=\"Fehe\u0301r Ro\u0301bert esperes ple\u0301ba\u0301nos a\u0301lda\u0301sa\u0301val 14\" aria-label=\"Fehe\u0301r Ro\u0301bert esperes ple\u0301ba\u0301nos a\u0301lda\u0301sa\u0301val 14\" class=\"img-responsive wp-image-6884\" srcset=\"https:\/\/karitaszeger.hu\/web\/wp-content\/uploads\/2025\/12\/Feher-Robert-esperes-plebanos-aldasaval-14-200x267.jpg 200w, https:\/\/karitaszeger.hu\/web\/wp-content\/uploads\/2025\/12\/Feher-Robert-esperes-plebanos-aldasaval-14-400x533.jpg 400w, https:\/\/karitaszeger.hu\/web\/wp-content\/uploads\/2025\/12\/Feher-Robert-esperes-plebanos-aldasaval-14-600x800.jpg 600w, https:\/\/karitaszeger.hu\/web\/wp-content\/uploads\/2025\/12\/Feher-Robert-esperes-plebanos-aldasaval-14-800x1067.jpg 800w, https:\/\/karitaszeger.hu\/web\/wp-content\/uploads\/2025\/12\/Feher-Robert-esperes-plebanos-aldasaval-14-1200x1600.jpg 1200w, https:\/\/karitaszeger.hu\/web\/wp-content\/uploads\/2025\/12\/Feher-Robert-esperes-plebanos-aldasaval-14.jpg 1536w\" sizes=\"(min-width: 2200px) 100vw, (min-width: 960px) 387px, (min-width: 800px) 580px, (min-width: 640px) 800px, \" \/><\/a><\/div><\/div><div style=\"padding:5px;\" class=\"fusion-grid-column fusion-gallery-column fusion-gallery-column-3 hover-type-none\"><div class=\"fusion-gallery-image\"><a href=\"https:\/\/karitaszeger.hu\/web\/wp-content\/uploads\/2025\/12\/Feher-Robert-esperes-plebanos-aldasaval-13.jpg\" rel=\"noreferrer\" data-rel=\"iLightbox[gallery_image_1]\" class=\"fusion-lightbox\" target=\"_self\"><img decoding=\"async\" src=\"https:\/\/karitaszeger.hu\/web\/wp-content\/uploads\/2025\/12\/Feher-Robert-esperes-plebanos-aldasaval-13.jpg\" width=\"1536\" height=\"2048\" alt=\"\" title=\"Fehe\u0301r Ro\u0301bert esperes ple\u0301ba\u0301nos a\u0301lda\u0301sa\u0301val 13\" aria-label=\"Fehe\u0301r Ro\u0301bert esperes ple\u0301ba\u0301nos a\u0301lda\u0301sa\u0301val 13\" class=\"img-responsive wp-image-6885\" srcset=\"https:\/\/karitaszeger.hu\/web\/wp-content\/uploads\/2025\/12\/Feher-Robert-esperes-plebanos-aldasaval-13-200x267.jpg 200w, https:\/\/karitaszeger.hu\/web\/wp-content\/uploads\/2025\/12\/Feher-Robert-esperes-plebanos-aldasaval-13-400x533.jpg 400w, https:\/\/karitaszeger.hu\/web\/wp-content\/uploads\/2025\/12\/Feher-Robert-esperes-plebanos-aldasaval-13-600x800.jpg 600w, https:\/\/karitaszeger.hu\/web\/wp-content\/uploads\/2025\/12\/Feher-Robert-esperes-plebanos-aldasaval-13-800x1067.jpg 800w, https:\/\/karitaszeger.hu\/web\/wp-content\/uploads\/2025\/12\/Feher-Robert-esperes-plebanos-aldasaval-13-1200x1600.jpg 1200w, https:\/\/karitaszeger.hu\/web\/wp-content\/uploads\/2025\/12\/Feher-Robert-esperes-plebanos-aldasaval-13.jpg 1536w\" sizes=\"(min-width: 2200px) 100vw, (min-width: 960px) 387px, (min-width: 800px) 580px, (min-width: 640px) 800px, \" \/><\/a><\/div><\/div><div class=\"clearfix\"><\/div><div style=\"padding:5px;\" class=\"fusion-grid-column fusion-gallery-column fusion-gallery-column-3 hover-type-none\"><div class=\"fusion-gallery-image\"><a href=\"https:\/\/karitaszeger.hu\/web\/wp-content\/uploads\/2025\/12\/Feher-Robert-esperes-plebanos-aldasaval-12.jpg\" rel=\"noreferrer\" data-rel=\"iLightbox[gallery_image_1]\" class=\"fusion-lightbox\" target=\"_self\"><img decoding=\"async\" src=\"https:\/\/karitaszeger.hu\/web\/wp-content\/uploads\/2025\/12\/Feher-Robert-esperes-plebanos-aldasaval-12.jpg\" width=\"1536\" height=\"2048\" alt=\"\" title=\"Fehe\u0301r Ro\u0301bert esperes ple\u0301ba\u0301nos a\u0301lda\u0301sa\u0301val 12\" aria-label=\"Fehe\u0301r Ro\u0301bert esperes ple\u0301ba\u0301nos a\u0301lda\u0301sa\u0301val 12\" class=\"img-responsive wp-image-6886\" srcset=\"https:\/\/karitaszeger.hu\/web\/wp-content\/uploads\/2025\/12\/Feher-Robert-esperes-plebanos-aldasaval-12-200x267.jpg 200w, https:\/\/karitaszeger.hu\/web\/wp-content\/uploads\/2025\/12\/Feher-Robert-esperes-plebanos-aldasaval-12-400x533.jpg 400w, https:\/\/karitaszeger.hu\/web\/wp-content\/uploads\/2025\/12\/Feher-Robert-esperes-plebanos-aldasaval-12-600x800.jpg 600w, https:\/\/karitaszeger.hu\/web\/wp-content\/uploads\/2025\/12\/Feher-Robert-esperes-plebanos-aldasaval-12-800x1067.jpg 800w, https:\/\/karitaszeger.hu\/web\/wp-content\/uploads\/2025\/12\/Feher-Robert-esperes-plebanos-aldasaval-12-1200x1600.jpg 1200w, https:\/\/karitaszeger.hu\/web\/wp-content\/uploads\/2025\/12\/Feher-Robert-esperes-plebanos-aldasaval-12.jpg 1536w\" sizes=\"(min-width: 2200px) 100vw, (min-width: 960px) 387px, (min-width: 800px) 580px, (min-width: 640px) 800px, \" \/><\/a><\/div><\/div><div style=\"padding:5px;\" class=\"fusion-grid-column fusion-gallery-column fusion-gallery-column-3 hover-type-none\"><div class=\"fusion-gallery-image\"><a href=\"https:\/\/karitaszeger.hu\/web\/wp-content\/uploads\/2025\/12\/Feher-Robert-esperes-plebanos-aldasaval-11.jpg\" rel=\"noreferrer\" data-rel=\"iLightbox[gallery_image_1]\" class=\"fusion-lightbox\" target=\"_self\"><img decoding=\"async\" src=\"https:\/\/karitaszeger.hu\/web\/wp-content\/uploads\/2025\/12\/Feher-Robert-esperes-plebanos-aldasaval-11.jpg\" width=\"1536\" height=\"2048\" alt=\"\" title=\"Fehe\u0301r Ro\u0301bert esperes ple\u0301ba\u0301nos a\u0301lda\u0301sa\u0301val 11\" aria-label=\"Fehe\u0301r Ro\u0301bert esperes ple\u0301ba\u0301nos a\u0301lda\u0301sa\u0301val 11\" class=\"img-responsive wp-image-6887\" srcset=\"https:\/\/karitaszeger.hu\/web\/wp-content\/uploads\/2025\/12\/Feher-Robert-esperes-plebanos-aldasaval-11-200x267.jpg 200w, https:\/\/karitaszeger.hu\/web\/wp-content\/uploads\/2025\/12\/Feher-Robert-esperes-plebanos-aldasaval-11-400x533.jpg 400w, https:\/\/karitaszeger.hu\/web\/wp-content\/uploads\/2025\/12\/Feher-Robert-esperes-plebanos-aldasaval-11-600x800.jpg 600w, https:\/\/karitaszeger.hu\/web\/wp-content\/uploads\/2025\/12\/Feher-Robert-esperes-plebanos-aldasaval-11-800x1067.jpg 800w, https:\/\/karitaszeger.hu\/web\/wp-content\/uploads\/2025\/12\/Feher-Robert-esperes-plebanos-aldasaval-11-1200x1600.jpg 1200w, https:\/\/karitaszeger.hu\/web\/wp-content\/uploads\/2025\/12\/Feher-Robert-esperes-plebanos-aldasaval-11.jpg 1536w\" sizes=\"(min-width: 2200px) 100vw, (min-width: 960px) 387px, (min-width: 800px) 580px, (min-width: 640px) 800px, \" \/><\/a><\/div><\/div><div style=\"padding:5px;\" class=\"fusion-grid-column fusion-gallery-column fusion-gallery-column-3 hover-type-none\"><div class=\"fusion-gallery-image\"><a href=\"https:\/\/karitaszeger.hu\/web\/wp-content\/uploads\/2025\/12\/Feher-Robert-esperes-plebanos-aldasaval-10.jpg\" rel=\"noreferrer\" data-rel=\"iLightbox[gallery_image_1]\" class=\"fusion-lightbox\" target=\"_self\"><img decoding=\"async\" src=\"https:\/\/karitaszeger.hu\/web\/wp-content\/uploads\/2025\/12\/Feher-Robert-esperes-plebanos-aldasaval-10.jpg\" width=\"1536\" height=\"2048\" alt=\"\" title=\"Fehe\u0301r Ro\u0301bert esperes ple\u0301ba\u0301nos a\u0301lda\u0301sa\u0301val 10\" aria-label=\"Fehe\u0301r Ro\u0301bert esperes ple\u0301ba\u0301nos a\u0301lda\u0301sa\u0301val 10\" class=\"img-responsive wp-image-6888\" srcset=\"https:\/\/karitaszeger.hu\/web\/wp-content\/uploads\/2025\/12\/Feher-Robert-esperes-plebanos-aldasaval-10-200x267.jpg 200w, https:\/\/karitaszeger.hu\/web\/wp-content\/uploads\/2025\/12\/Feher-Robert-esperes-plebanos-aldasaval-10-400x533.jpg 400w, https:\/\/karitaszeger.hu\/web\/wp-content\/uploads\/2025\/12\/Feher-Robert-esperes-plebanos-aldasaval-10-600x800.jpg 600w, https:\/\/karitaszeger.hu\/web\/wp-content\/uploads\/2025\/12\/Feher-Robert-esperes-plebanos-aldasaval-10-800x1067.jpg 800w, https:\/\/karitaszeger.hu\/web\/wp-content\/uploads\/2025\/12\/Feher-Robert-esperes-plebanos-aldasaval-10-1200x1600.jpg 1200w, https:\/\/karitaszeger.hu\/web\/wp-content\/uploads\/2025\/12\/Feher-Robert-esperes-plebanos-aldasaval-10.jpg 1536w\" sizes=\"(min-width: 2200px) 100vw, (min-width: 960px) 387px, (min-width: 800px) 580px, (min-width: 640px) 800px, \" \/><\/a><\/div><\/div><div class=\"clearfix\"><\/div><div style=\"padding:5px;\" class=\"fusion-grid-column fusion-gallery-column fusion-gallery-column-3 hover-type-none\"><div class=\"fusion-gallery-image\"><a href=\"https:\/\/karitaszeger.hu\/web\/wp-content\/uploads\/2025\/12\/Feher-Robert-esperes-plebanos-aldasaval-9.jpg\" rel=\"noreferrer\" data-rel=\"iLightbox[gallery_image_1]\" class=\"fusion-lightbox\" target=\"_self\"><img decoding=\"async\" src=\"https:\/\/karitaszeger.hu\/web\/wp-content\/uploads\/2025\/12\/Feher-Robert-esperes-plebanos-aldasaval-9.jpg\" width=\"1536\" height=\"2048\" alt=\"\" title=\"Fehe\u0301r Ro\u0301bert esperes ple\u0301ba\u0301nos a\u0301lda\u0301sa\u0301val 9\" aria-label=\"Fehe\u0301r Ro\u0301bert esperes ple\u0301ba\u0301nos a\u0301lda\u0301sa\u0301val 9\" class=\"img-responsive wp-image-6889\" srcset=\"https:\/\/karitaszeger.hu\/web\/wp-content\/uploads\/2025\/12\/Feher-Robert-esperes-plebanos-aldasaval-9-200x267.jpg 200w, https:\/\/karitaszeger.hu\/web\/wp-content\/uploads\/2025\/12\/Feher-Robert-esperes-plebanos-aldasaval-9-400x533.jpg 400w, https:\/\/karitaszeger.hu\/web\/wp-content\/uploads\/2025\/12\/Feher-Robert-esperes-plebanos-aldasaval-9-600x800.jpg 600w, https:\/\/karitaszeger.hu\/web\/wp-content\/uploads\/2025\/12\/Feher-Robert-esperes-plebanos-aldasaval-9-800x1067.jpg 800w, https:\/\/karitaszeger.hu\/web\/wp-content\/uploads\/2025\/12\/Feher-Robert-esperes-plebanos-aldasaval-9-1200x1600.jpg 1200w, https:\/\/karitaszeger.hu\/web\/wp-content\/uploads\/2025\/12\/Feher-Robert-esperes-plebanos-aldasaval-9.jpg 1536w\" sizes=\"(min-width: 2200px) 100vw, (min-width: 960px) 387px, (min-width: 800px) 580px, (min-width: 640px) 800px, \" \/><\/a><\/div><\/div><div style=\"padding:5px;\" class=\"fusion-grid-column fusion-gallery-column fusion-gallery-column-3 hover-type-none\"><div class=\"fusion-gallery-image\"><a href=\"https:\/\/karitaszeger.hu\/web\/wp-content\/uploads\/2025\/12\/Feher-Robert-esperes-plebanos-aldasaval-8.jpg\" rel=\"noreferrer\" data-rel=\"iLightbox[gallery_image_1]\" class=\"fusion-lightbox\" target=\"_self\"><img decoding=\"async\" src=\"https:\/\/karitaszeger.hu\/web\/wp-content\/uploads\/2025\/12\/Feher-Robert-esperes-plebanos-aldasaval-8.jpg\" width=\"1536\" height=\"2048\" alt=\"\" title=\"Fehe\u0301r Ro\u0301bert esperes ple\u0301ba\u0301nos a\u0301lda\u0301sa\u0301val 8\" aria-label=\"Fehe\u0301r Ro\u0301bert esperes ple\u0301ba\u0301nos a\u0301lda\u0301sa\u0301val 8\" class=\"img-responsive wp-image-6890\" srcset=\"https:\/\/karitaszeger.hu\/web\/wp-content\/uploads\/2025\/12\/Feher-Robert-esperes-plebanos-aldasaval-8-200x267.jpg 200w, https:\/\/karitaszeger.hu\/web\/wp-content\/uploads\/2025\/12\/Feher-Robert-esperes-plebanos-aldasaval-8-400x533.jpg 400w, https:\/\/karitaszeger.hu\/web\/wp-content\/uploads\/2025\/12\/Feher-Robert-esperes-plebanos-aldasaval-8-600x800.jpg 600w, https:\/\/karitaszeger.hu\/web\/wp-content\/uploads\/2025\/12\/Feher-Robert-esperes-plebanos-aldasaval-8-800x1067.jpg 800w, https:\/\/karitaszeger.hu\/web\/wp-content\/uploads\/2025\/12\/Feher-Robert-esperes-plebanos-aldasaval-8-1200x1600.jpg 1200w, https:\/\/karitaszeger.hu\/web\/wp-content\/uploads\/2025\/12\/Feher-Robert-esperes-plebanos-aldasaval-8.jpg 1536w\" sizes=\"(min-width: 2200px) 100vw, (min-width: 960px) 387px, (min-width: 800px) 580px, (min-width: 640px) 800px, \" \/><\/a><\/div><\/div><div style=\"padding:5px;\" class=\"fusion-grid-column fusion-gallery-column fusion-gallery-column-3 hover-type-none\"><div class=\"fusion-gallery-image\"><a href=\"https:\/\/karitaszeger.hu\/web\/wp-content\/uploads\/2025\/12\/Feher-Robert-esperes-plebanos-aldasaval-7.jpg\" rel=\"noreferrer\" data-rel=\"iLightbox[gallery_image_1]\" class=\"fusion-lightbox\" target=\"_self\"><img decoding=\"async\" src=\"https:\/\/karitaszeger.hu\/web\/wp-content\/uploads\/2025\/12\/Feher-Robert-esperes-plebanos-aldasaval-7.jpg\" width=\"1536\" height=\"2048\" alt=\"\" title=\"Fehe\u0301r Ro\u0301bert esperes ple\u0301ba\u0301nos a\u0301lda\u0301sa\u0301val 7\" aria-label=\"Fehe\u0301r Ro\u0301bert esperes ple\u0301ba\u0301nos a\u0301lda\u0301sa\u0301val 7\" class=\"img-responsive wp-image-6891\" srcset=\"https:\/\/karitaszeger.hu\/web\/wp-content\/uploads\/2025\/12\/Feher-Robert-esperes-plebanos-aldasaval-7-200x267.jpg 200w, https:\/\/karitaszeger.hu\/web\/wp-content\/uploads\/2025\/12\/Feher-Robert-esperes-plebanos-aldasaval-7-400x533.jpg 400w, https:\/\/karitaszeger.hu\/web\/wp-content\/uploads\/2025\/12\/Feher-Robert-esperes-plebanos-aldasaval-7-600x800.jpg 600w, https:\/\/karitaszeger.hu\/web\/wp-content\/uploads\/2025\/12\/Feher-Robert-esperes-plebanos-aldasaval-7-800x1067.jpg 800w, https:\/\/karitaszeger.hu\/web\/wp-content\/uploads\/2025\/12\/Feher-Robert-esperes-plebanos-aldasaval-7-1200x1600.jpg 1200w, https:\/\/karitaszeger.hu\/web\/wp-content\/uploads\/2025\/12\/Feher-Robert-esperes-plebanos-aldasaval-7.jpg 1536w\" sizes=\"(min-width: 2200px) 100vw, (min-width: 960px) 387px, (min-width: 800px) 580px, (min-width: 640px) 800px, \" \/><\/a><\/div><\/div><div class=\"clearfix\"><\/div><div style=\"padding:5px;\" class=\"fusion-grid-column fusion-gallery-column fusion-gallery-column-3 hover-type-none\"><div class=\"fusion-gallery-image\"><a href=\"https:\/\/karitaszeger.hu\/web\/wp-content\/uploads\/2025\/12\/Feher-Robert-esperes-plebanos-aldasaval-6.jpg\" rel=\"noreferrer\" data-rel=\"iLightbox[gallery_image_1]\" class=\"fusion-lightbox\" target=\"_self\"><img decoding=\"async\" src=\"https:\/\/karitaszeger.hu\/web\/wp-content\/uploads\/2025\/12\/Feher-Robert-esperes-plebanos-aldasaval-6.jpg\" width=\"1536\" height=\"2048\" alt=\"\" title=\"Fehe\u0301r Ro\u0301bert esperes ple\u0301ba\u0301nos a\u0301lda\u0301sa\u0301val 6\" aria-label=\"Fehe\u0301r Ro\u0301bert esperes ple\u0301ba\u0301nos a\u0301lda\u0301sa\u0301val 6\" class=\"img-responsive wp-image-6892\" srcset=\"https:\/\/karitaszeger.hu\/web\/wp-content\/uploads\/2025\/12\/Feher-Robert-esperes-plebanos-aldasaval-6-200x267.jpg 200w, https:\/\/karitaszeger.hu\/web\/wp-content\/uploads\/2025\/12\/Feher-Robert-esperes-plebanos-aldasaval-6-400x533.jpg 400w, https:\/\/karitaszeger.hu\/web\/wp-content\/uploads\/2025\/12\/Feher-Robert-esperes-plebanos-aldasaval-6-600x800.jpg 600w, https:\/\/karitaszeger.hu\/web\/wp-content\/uploads\/2025\/12\/Feher-Robert-esperes-plebanos-aldasaval-6-800x1067.jpg 800w, https:\/\/karitaszeger.hu\/web\/wp-content\/uploads\/2025\/12\/Feher-Robert-esperes-plebanos-aldasaval-6-1200x1600.jpg 1200w, https:\/\/karitaszeger.hu\/web\/wp-content\/uploads\/2025\/12\/Feher-Robert-esperes-plebanos-aldasaval-6.jpg 1536w\" sizes=\"(min-width: 2200px) 100vw, (min-width: 960px) 387px, (min-width: 800px) 580px, (min-width: 640px) 800px, \" \/><\/a><\/div><\/div><div style=\"padding:5px;\" class=\"fusion-grid-column fusion-gallery-column fusion-gallery-column-3 hover-type-none\"><div class=\"fusion-gallery-image\"><a href=\"https:\/\/karitaszeger.hu\/web\/wp-content\/uploads\/2025\/12\/Feher-Robert-esperes-plebanos-aldasaval-5.jpg\" rel=\"noreferrer\" data-rel=\"iLightbox[gallery_image_1]\" class=\"fusion-lightbox\" target=\"_self\"><img decoding=\"async\" src=\"https:\/\/karitaszeger.hu\/web\/wp-content\/uploads\/2025\/12\/Feher-Robert-esperes-plebanos-aldasaval-5.jpg\" width=\"1536\" height=\"2048\" alt=\"\" title=\"Fehe\u0301r Ro\u0301bert esperes ple\u0301ba\u0301nos a\u0301lda\u0301sa\u0301val 5\" aria-label=\"Fehe\u0301r Ro\u0301bert esperes ple\u0301ba\u0301nos a\u0301lda\u0301sa\u0301val 5\" class=\"img-responsive wp-image-6893\" srcset=\"https:\/\/karitaszeger.hu\/web\/wp-content\/uploads\/2025\/12\/Feher-Robert-esperes-plebanos-aldasaval-5-200x267.jpg 200w, https:\/\/karitaszeger.hu\/web\/wp-content\/uploads\/2025\/12\/Feher-Robert-esperes-plebanos-aldasaval-5-400x533.jpg 400w, https:\/\/karitaszeger.hu\/web\/wp-content\/uploads\/2025\/12\/Feher-Robert-esperes-plebanos-aldasaval-5-600x800.jpg 600w, https:\/\/karitaszeger.hu\/web\/wp-content\/uploads\/2025\/12\/Feher-Robert-esperes-plebanos-aldasaval-5-800x1067.jpg 800w, https:\/\/karitaszeger.hu\/web\/wp-content\/uploads\/2025\/12\/Feher-Robert-esperes-plebanos-aldasaval-5-1200x1600.jpg 1200w, https:\/\/karitaszeger.hu\/web\/wp-content\/uploads\/2025\/12\/Feher-Robert-esperes-plebanos-aldasaval-5.jpg 1536w\" sizes=\"(min-width: 2200px) 100vw, (min-width: 960px) 387px, (min-width: 800px) 580px, (min-width: 640px) 800px, \" \/><\/a><\/div><\/div><div style=\"padding:5px;\" class=\"fusion-grid-column fusion-gallery-column fusion-gallery-column-3 hover-type-none\"><div class=\"fusion-gallery-image\"><a href=\"https:\/\/karitaszeger.hu\/web\/wp-content\/uploads\/2025\/12\/Feher-Robert-esperes-plebanos-aldasaval-4.jpg\" rel=\"noreferrer\" data-rel=\"iLightbox[gallery_image_1]\" class=\"fusion-lightbox\" target=\"_self\"><img decoding=\"async\" src=\"https:\/\/karitaszeger.hu\/web\/wp-content\/uploads\/2025\/12\/Feher-Robert-esperes-plebanos-aldasaval-4.jpg\" width=\"1536\" height=\"2048\" alt=\"\" title=\"Fehe\u0301r Ro\u0301bert esperes ple\u0301ba\u0301nos a\u0301lda\u0301sa\u0301val 4\" aria-label=\"Fehe\u0301r Ro\u0301bert esperes ple\u0301ba\u0301nos a\u0301lda\u0301sa\u0301val 4\" class=\"img-responsive wp-image-6894\" srcset=\"https:\/\/karitaszeger.hu\/web\/wp-content\/uploads\/2025\/12\/Feher-Robert-esperes-plebanos-aldasaval-4-200x267.jpg 200w, https:\/\/karitaszeger.hu\/web\/wp-content\/uploads\/2025\/12\/Feher-Robert-esperes-plebanos-aldasaval-4-400x533.jpg 400w, https:\/\/karitaszeger.hu\/web\/wp-content\/uploads\/2025\/12\/Feher-Robert-esperes-plebanos-aldasaval-4-600x800.jpg 600w, https:\/\/karitaszeger.hu\/web\/wp-content\/uploads\/2025\/12\/Feher-Robert-esperes-plebanos-aldasaval-4-800x1067.jpg 800w, https:\/\/karitaszeger.hu\/web\/wp-content\/uploads\/2025\/12\/Feher-Robert-esperes-plebanos-aldasaval-4-1200x1600.jpg 1200w, https:\/\/karitaszeger.hu\/web\/wp-content\/uploads\/2025\/12\/Feher-Robert-esperes-plebanos-aldasaval-4.jpg 1536w\" sizes=\"(min-width: 2200px) 100vw, (min-width: 960px) 387px, (min-width: 800px) 580px, (min-width: 640px) 800px, \" \/><\/a><\/div><\/div><div class=\"clearfix\"><\/div><div style=\"padding:5px;\" class=\"fusion-grid-column fusion-gallery-column fusion-gallery-column-3 hover-type-none\"><div class=\"fusion-gallery-image\"><a href=\"https:\/\/karitaszeger.hu\/web\/wp-content\/uploads\/2025\/12\/Feher-Robert-esperes-plebanos-aldasaval-3.jpg\" rel=\"noreferrer\" data-rel=\"iLightbox[gallery_image_1]\" class=\"fusion-lightbox\" target=\"_self\"><img decoding=\"async\" src=\"https:\/\/karitaszeger.hu\/web\/wp-content\/uploads\/2025\/12\/Feher-Robert-esperes-plebanos-aldasaval-3.jpg\" width=\"1536\" height=\"2048\" alt=\"\" title=\"Fehe\u0301r Ro\u0301bert esperes ple\u0301ba\u0301nos a\u0301lda\u0301sa\u0301val 3\" aria-label=\"Fehe\u0301r Ro\u0301bert esperes ple\u0301ba\u0301nos a\u0301lda\u0301sa\u0301val 3\" class=\"img-responsive wp-image-6895\" srcset=\"https:\/\/karitaszeger.hu\/web\/wp-content\/uploads\/2025\/12\/Feher-Robert-esperes-plebanos-aldasaval-3-200x267.jpg 200w, https:\/\/karitaszeger.hu\/web\/wp-content\/uploads\/2025\/12\/Feher-Robert-esperes-plebanos-aldasaval-3-400x533.jpg 400w, https:\/\/karitaszeger.hu\/web\/wp-content\/uploads\/2025\/12\/Feher-Robert-esperes-plebanos-aldasaval-3-600x800.jpg 600w, https:\/\/karitaszeger.hu\/web\/wp-content\/uploads\/2025\/12\/Feher-Robert-esperes-plebanos-aldasaval-3-800x1067.jpg 800w, https:\/\/karitaszeger.hu\/web\/wp-content\/uploads\/2025\/12\/Feher-Robert-esperes-plebanos-aldasaval-3-1200x1600.jpg 1200w, https:\/\/karitaszeger.hu\/web\/wp-content\/uploads\/2025\/12\/Feher-Robert-esperes-plebanos-aldasaval-3.jpg 1536w\" sizes=\"(min-width: 2200px) 100vw, (min-width: 960px) 387px, (min-width: 800px) 580px, (min-width: 640px) 800px, \" \/><\/a><\/div><\/div><div style=\"padding:5px;\" class=\"fusion-grid-column fusion-gallery-column fusion-gallery-column-3 hover-type-none\"><div class=\"fusion-gallery-image\"><a href=\"https:\/\/karitaszeger.hu\/web\/wp-content\/uploads\/2025\/12\/Feher-Robert-esperes-plebanos-aldasaval-2.jpg\" rel=\"noreferrer\" data-rel=\"iLightbox[gallery_image_1]\" class=\"fusion-lightbox\" target=\"_self\"><img decoding=\"async\" src=\"https:\/\/karitaszeger.hu\/web\/wp-content\/uploads\/2025\/12\/Feher-Robert-esperes-plebanos-aldasaval-2.jpg\" width=\"1536\" height=\"2048\" alt=\"\" title=\"Fehe\u0301r Ro\u0301bert esperes ple\u0301ba\u0301nos a\u0301lda\u0301sa\u0301val 2\" aria-label=\"Fehe\u0301r Ro\u0301bert esperes ple\u0301ba\u0301nos a\u0301lda\u0301sa\u0301val 2\" class=\"img-responsive wp-image-6896\" srcset=\"https:\/\/karitaszeger.hu\/web\/wp-content\/uploads\/2025\/12\/Feher-Robert-esperes-plebanos-aldasaval-2-200x267.jpg 200w, https:\/\/karitaszeger.hu\/web\/wp-content\/uploads\/2025\/12\/Feher-Robert-esperes-plebanos-aldasaval-2-400x533.jpg 400w, https:\/\/karitaszeger.hu\/web\/wp-content\/uploads\/2025\/12\/Feher-Robert-esperes-plebanos-aldasaval-2-600x800.jpg 600w, https:\/\/karitaszeger.hu\/web\/wp-content\/uploads\/2025\/12\/Feher-Robert-esperes-plebanos-aldasaval-2-800x1067.jpg 800w, https:\/\/karitaszeger.hu\/web\/wp-content\/uploads\/2025\/12\/Feher-Robert-esperes-plebanos-aldasaval-2-1200x1600.jpg 1200w, https:\/\/karitaszeger.hu\/web\/wp-content\/uploads\/2025\/12\/Feher-Robert-esperes-plebanos-aldasaval-2.jpg 1536w\" sizes=\"(min-width: 2200px) 100vw, (min-width: 960px) 387px, (min-width: 800px) 580px, (min-width: 640px) 800px, \" \/><\/a><\/div><\/div><div style=\"padding:5px;\" class=\"fusion-grid-column fusion-gallery-column fusion-gallery-column-3 hover-type-none\"><div class=\"fusion-gallery-image\"><a href=\"https:\/\/karitaszeger.hu\/web\/wp-content\/uploads\/2025\/12\/Feher-Robert-esperes-plebanos-aldasaval-39.jpg\" rel=\"noreferrer\" data-rel=\"iLightbox[gallery_image_1]\" class=\"fusion-lightbox\" target=\"_self\"><img decoding=\"async\" src=\"https:\/\/karitaszeger.hu\/web\/wp-content\/uploads\/2025\/12\/Feher-Robert-esperes-plebanos-aldasaval-39.jpg\" width=\"1536\" height=\"2048\" alt=\"\" title=\"Fehe\u0301r Ro\u0301bert esperes ple\u0301ba\u0301nos a\u0301lda\u0301sa\u0301val 39\" aria-label=\"Fehe\u0301r Ro\u0301bert esperes ple\u0301ba\u0301nos a\u0301lda\u0301sa\u0301val 39\" class=\"img-responsive wp-image-6897\" srcset=\"https:\/\/karitaszeger.hu\/web\/wp-content\/uploads\/2025\/12\/Feher-Robert-esperes-plebanos-aldasaval-39-200x267.jpg 200w, https:\/\/karitaszeger.hu\/web\/wp-content\/uploads\/2025\/12\/Feher-Robert-esperes-plebanos-aldasaval-39-400x533.jpg 400w, https:\/\/karitaszeger.hu\/web\/wp-content\/uploads\/2025\/12\/Feher-Robert-esperes-plebanos-aldasaval-39-600x800.jpg 600w, https:\/\/karitaszeger.hu\/web\/wp-content\/uploads\/2025\/12\/Feher-Robert-esperes-plebanos-aldasaval-39-800x1067.jpg 800w, https:\/\/karitaszeger.hu\/web\/wp-content\/uploads\/2025\/12\/Feher-Robert-esperes-plebanos-aldasaval-39-1200x1600.jpg 1200w, https:\/\/karitaszeger.hu\/web\/wp-content\/uploads\/2025\/12\/Feher-Robert-esperes-plebanos-aldasaval-39.jpg 1536w\" sizes=\"(min-width: 2200px) 100vw, (min-width: 960px) 387px, (min-width: 800px) 580px, (min-width: 640px) 800px, \" \/><\/a><\/div><\/div><div class=\"clearfix\"><\/div><\/div><\/div><\/div><\/div><\/div><\/div><div class=\"fusion-fullwidth fullwidth-box fusion-builder-row-2 fusion-flex-container fusion-parallax-none nonhundred-percent-fullwidth non-hundred-percent-height-scrolling\" style=\"--awb-border-sizes-top:0px;--awb-border-sizes-bottom:0px;--awb-border-sizes-left:0px;--awb-border-sizes-right:0px;--awb-border-radius-top-left:0px;--awb-border-radius-top-right:0px;--awb-border-radius-bottom-right:0px;--awb-border-radius-bottom-left:0px;--awb-padding-top:150px;--awb-padding-bottom:150px;--awb-background-image:url(&quot;https:\/\/karitaszeger.hu\/web\/wp-content\/uploads\/2021\/03\/segits-scaled.jpg&quot;);--awb-background-size:cover;--awb-flex-wrap:wrap;\" ><div class=\"fusion-builder-row fusion-row fusion-flex-align-items-flex-start fusion-flex-content-wrap\" style=\"max-width:calc( 1170px + 0px );margin-left: calc(-0px \/ 2 );margin-right: calc(-0px \/ 2 );\"><div class=\"fusion-layout-column fusion_builder_column fusion-builder-column-1 fusion_builder_column_1_1 1_1 fusion-flex-column\" style=\"--awb-padding-right:11%;--awb-padding-left:11%;--awb-bg-size:cover;--awb-width-large:100%;--awb-margin-top-large:0px;--awb-spacing-right-large:0px;--awb-margin-bottom-large:20px;--awb-spacing-left-large:0px;--awb-width-medium:100%;--awb-spacing-right-medium:0px;--awb-spacing-left-medium:0px;--awb-width-small:100%;--awb-spacing-right-small:0px;--awb-spacing-left-small:0px;\"><div class=\"fusion-column-wrapper fusion-flex-justify-content-flex-start fusion-content-layout-column\"><div class=\"fusion-title title fusion-title-1 fusion-sep-none fusion-title-center fusion-title-text fusion-title-size-two\" style=\"--awb-text-color:#ffffff;--awb-margin-top-small:0px;--awb-margin-right-small:0px;--awb-margin-bottom-small:20px;--awb-margin-left-small:0px;\"><h2 class=\"fusion-title-heading title-heading-center\" style=\"margin:0;line-height:1;\"><h2 class=\"piros kozepre\"><span style=\"color: #ffffff;\">AZ \u00d6N SEG\u00cdTS\u00c9G\u00c9RE\u00a0IS SZ\u00dcKS\u00c9G VAN!<\/span><\/h2>\n<div class=\"content\"><\/div><\/h2><\/div><div class=\"fusion-separator\" style=\"align-self: center;margin-left: auto;margin-right: auto;margin-top:0px;margin-bottom:40px;width:100%;max-width:200px;\"><div class=\"fusion-separator-border sep-single sep-solid\" style=\"--awb-height:20px;--awb-amount:20px;--awb-sep-color:#f44336;border-color:#f44336;border-top-width:3px;\"><\/div><\/div><div class=\"fusion-text fusion-text-2\"><h2 style=\"text-align: center;\"><span style=\"color: #ffffff;\"><strong>1356 \u2013 H\u00cdVJON, HOGY SEG\u00cdTHESS\u00dcNK!<\/strong><\/span><\/h2>\n<\/div><div class=\"fusion-builder-row fusion-builder-row-inner fusion-row fusion-flex-align-items-flex-start fusion-flex-content-wrap\" style=\"--awb-flex-grow:0;--awb-flex-grow-medium:0;--awb-flex-grow-small:0;--awb-flex-shrink:0;--awb-flex-shrink-medium:0;--awb-flex-shrink-small:0;width:calc( 100% + 0px ) !important;max-width:calc( 100% + 0px ) !important;margin-left: calc(-0px \/ 2 );margin-right: calc(-0px \/ 2 );\"><div class=\"fusion-layout-column fusion_builder_column_inner fusion-builder-nested-column-0 fusion_builder_column_inner_1_3 1_3 fusion-flex-column\" style=\"--awb-bg-size:cover;--awb-width-large:33.333333333333%;--awb-margin-top-large:0px;--awb-spacing-right-large:0px;--awb-margin-bottom-large:20px;--awb-spacing-left-large:0px;--awb-width-medium:100%;--awb-order-medium:0;--awb-spacing-right-medium:0px;--awb-spacing-left-medium:0px;--awb-width-small:100%;--awb-order-small:0;--awb-spacing-right-small:0px;--awb-spacing-left-small:0px;\"><div class=\"fusion-column-wrapper fusion-column-has-shadow fusion-flex-justify-content-flex-start fusion-content-layout-column\"><\/div><\/div><div class=\"fusion-layout-column fusion_builder_column_inner fusion-builder-nested-column-1 fusion_builder_column_inner_1_3 1_3 fusion-flex-column fusion-animated\" style=\"--awb-bg-color:#f44336;--awb-bg-color-hover:#f44336;--awb-bg-size:cover;--awb-width-large:33.333333333333%;--awb-margin-top-large:0px;--awb-spacing-right-large:0px;--awb-margin-bottom-large:20px;--awb-spacing-left-large:0px;--awb-width-medium:100%;--awb-order-medium:0;--awb-spacing-right-medium:0px;--awb-spacing-left-medium:0px;--awb-width-small:100%;--awb-order-small:0;--awb-spacing-right-small:0px;--awb-spacing-left-small:0px;\" data-animationType=\"bounceInDown\" data-animationDuration=\"1.3\" data-animationOffset=\"top-into-view\"><div class=\"fusion-column-wrapper fusion-column-has-shadow fusion-flex-justify-content-flex-start fusion-content-layout-column\"><div style=\"text-align:center;\"><a class=\"fusion-button button-flat fusion-button-default-size button-custom fusion-button-default button-1 fusion-button-default-span fusion-button-default-type fusion-has-button-gradient\" style=\"--button_accent_color:#ffffff;--button_accent_hover_color:#f44336;--button_border_hover_color:#f44336;--button_border_width-top:0px;--button_border_width-right:0px;--button_border_width-bottom:0px;--button_border_width-left:0px;--button_gradient_top_color:rgba(254,201,107,0);--button_gradient_bottom_color:rgba(254,201,107,0);--button_gradient_top_color_hover:#ffffff;--button_gradient_bottom_color_hover:rgba(0,0,0,0);\" target=\"_self\" href=\"#\"><i class=\"fa-credit-card fas awb-button__icon awb-button__icon--default button-icon-left\" aria-hidden=\"true\"><\/i><span class=\"fusion-button-text awb-button__text awb-button__text--default\">ONLINE ADOM\u00c1NYOZ\u00c1S<\/span><\/a><\/div><\/div><\/div><div class=\"fusion-layout-column fusion_builder_column_inner fusion-builder-nested-column-2 fusion_builder_column_inner_1_3 1_3 fusion-flex-column\" style=\"--awb-bg-size:cover;--awb-width-large:33.333333333333%;--awb-margin-top-large:0px;--awb-spacing-right-large:0px;--awb-margin-bottom-large:20px;--awb-spacing-left-large:0px;--awb-width-medium:100%;--awb-order-medium:0;--awb-spacing-right-medium:0px;--awb-spacing-left-medium:0px;--awb-width-small:100%;--awb-order-small:0;--awb-spacing-right-small:0px;--awb-spacing-left-small:0px;\"><div class=\"fusion-column-wrapper fusion-column-has-shadow fusion-flex-justify-content-flex-start fusion-content-layout-column\"><\/div><\/div><\/div><\/div><\/div><\/div><\/div><div class=\"fusion-fullwidth fullwidth-box fusion-builder-row-3 fusion-flex-container nonhundred-percent-fullwidth non-hundred-percent-height-scrolling\" style=\"--awb-border-radius-top-left:0px;--awb-border-radius-top-right:0px;--awb-border-radius-bottom-right:0px;--awb-border-radius-bottom-left:0px;--awb-flex-wrap:wrap;\" ><div class=\"fusion-builder-row fusion-row fusion-flex-align-items-flex-start fusion-flex-content-wrap\" style=\"max-width:1216.8px;margin-left: calc(-4% \/ 2 );margin-right: calc(-4% \/ 2 );\"><div class=\"fusion-layout-column fusion_builder_column fusion-builder-column-2 fusion_builder_column_1_1 1_1 fusion-flex-column\" style=\"--awb-bg-size:cover;--awb-width-large:100%;--awb-margin-top-large:0px;--awb-spacing-right-large:1.92%;--awb-margin-bottom-large:0px;--awb-spacing-left-large:1.92%;--awb-width-medium:100%;--awb-spacing-right-medium:1.92%;--awb-spacing-left-medium:1.92%;--awb-width-small:100%;--awb-spacing-right-small:1.92%;--awb-spacing-left-small:1.92%;\"><div class=\"fusion-column-wrapper fusion-flex-justify-content-flex-start fusion-content-layout-column\"><div class=\"fusion-text fusion-text-3\"><\/div><\/div><\/div><\/div><\/div><div class=\"fusion-fullwidth fullwidth-box fusion-builder-row-4 fusion-flex-container nonhundred-percent-fullwidth non-hundred-percent-height-scrolling\" style=\"--awb-border-radius-top-left:0px;--awb-border-radius-top-right:0px;--awb-border-radius-bottom-right:0px;--awb-border-radius-bottom-left:0px;--awb-flex-wrap:wrap;\" ><div class=\"fusion-builder-row fusion-row fusion-flex-align-items-flex-start fusion-flex-content-wrap\" style=\"max-width:1216.8px;margin-left: calc(-4% \/ 2 );margin-right: calc(-4% \/ 2 );\"><div class=\"fusion-layout-column fusion_builder_column fusion-builder-column-3 fusion_builder_column_1_1 1_1 fusion-flex-column\" style=\"--awb-bg-size:cover;--awb-width-large:100%;--awb-margin-top-large:0px;--awb-spacing-right-large:1.92%;--awb-margin-bottom-large:0px;--awb-spacing-left-large:1.92%;--awb-width-medium:100%;--awb-spacing-right-medium:1.92%;--awb-spacing-left-medium:1.92%;--awb-width-small:100%;--awb-spacing-right-small:1.92%;--awb-spacing-left-small:1.92%;\"><div class=\"fusion-column-wrapper fusion-flex-justify-content-flex-start fusion-content-layout-column\"><div class=\"fusion-text fusion-text-4\"><\/div><\/div><\/div><\/div><\/div><\/p>\n","protected":false},"excerpt":{"rendered":"","protected":false},"author":7,"featured_media":6885,"comment_status":"open","ping_status":"open","sticky":false,"template":"","format":"standard","meta":{"footnotes":""},"categories":[107],"tags":[],"class_list":["post-6858","post","type-post","status-publish","format-standard","has-post-thumbnail","hentry","category-hirek"],"_links":{"self":[{"href":"https:\/\/karitaszeger.hu\/web\/wp-json\/wp\/v2\/posts\/6858","targetHints":{"allow":["GET"]}}],"collection":[{"href":"https:\/\/karitaszeger.hu\/web\/wp-json\/wp\/v2\/posts"}],"about":[{"href":"https:\/\/karitaszeger.hu\/web\/wp-json\/wp\/v2\/types\/post"}],"author":[{"embeddable":true,"href":"https:\/\/karitaszeger.hu\/web\/wp-json\/wp\/v2\/users\/7"}],"replies":[{"embeddable":true,"href":"https:\/\/karitaszeger.hu\/web\/wp-json\/wp\/v2\/comments?post=6858"}],"version-history":[{"count":1,"href":"https:\/\/karitaszeger.hu\/web\/wp-json\/wp\/v2\/posts\/6858\/revisions"}],"predecessor-version":[{"id":6898,"href":"https:\/\/karitaszeger.hu\/web\/wp-json\/wp\/v2\/posts\/6858\/revisions\/6898"}],"wp:featuredmedia":[{"embeddable":true,"href":"https:\/\/karitaszeger.hu\/web\/wp-json\/wp\/v2\/media\/6885"}],"wp:attachment":[{"href":"https:\/\/karitaszeger.hu\/web\/wp-json\/wp\/v2\/media?parent=6858"}],"wp:term":[{"taxonomy":"category","embeddable":true,"href":"https:\/\/karitaszeger.hu\/web\/wp-json\/wp\/v2\/categories?post=6858"},{"taxonomy":"post_tag","embeddable":true,"href":"https:\/\/karitaszeger.hu\/web\/wp-json\/wp\/v2\/tags?post=6858"}],"curies":[{"name":"wp","href":"https:\/\/api.w.org\/{rel}","templated":true}]}}