{"id":6931,"date":"2025-12-16T13:43:19","date_gmt":"2025-12-16T12:43:19","guid":{"rendered":"https:\/\/karitaszeger.hu\/web\/?p=6931"},"modified":"2025-12-19T13:46:14","modified_gmt":"2025-12-19T12:46:14","slug":"a-barsony-janos-romai-katolikus-altalanos-iskola-diakjai-iden-is-csatlakoztak-az-angyalbatyu-programhoz","status":"publish","type":"post","link":"https:\/\/karitaszeger.hu\/web\/2025\/12\/16\/a-barsony-janos-romai-katolikus-altalanos-iskola-diakjai-iden-is-csatlakoztak-az-angyalbatyu-programhoz\/","title":{"rendered":"A B\u00e1rsony J\u00e1nos R\u00f3mai Katolikus \u00c1ltal\u00e1nos iskola di\u00e1kjai id\u00e9n is csatlakoztak az Angyalbatyu programhoz"},"content":{"rendered":"<p><div class=\"fusion-fullwidth fullwidth-box fusion-builder-row-1 fusion-flex-container nonhundred-percent-fullwidth non-hundred-percent-height-scrolling\" style=\"--awb-border-radius-top-left:0px;--awb-border-radius-top-right:0px;--awb-border-radius-bottom-right:0px;--awb-border-radius-bottom-left:0px;--awb-padding-bottom:30px;--awb-flex-wrap:wrap;\" ><div class=\"fusion-builder-row fusion-row fusion-flex-align-items-flex-start fusion-flex-content-wrap\" style=\"max-width:1216.8px;margin-left: calc(-4% \/ 2 );margin-right: calc(-4% \/ 2 );\"><div class=\"fusion-layout-column fusion_builder_column fusion-builder-column-0 fusion_builder_column_1_1 1_1 fusion-flex-column\" style=\"--awb-bg-size:cover;--awb-width-large:100%;--awb-margin-top-large:0px;--awb-spacing-right-large:1.92%;--awb-margin-bottom-large:0px;--awb-spacing-left-large:1.92%;--awb-width-medium:100%;--awb-spacing-right-medium:1.92%;--awb-spacing-left-medium:1.92%;--awb-width-small:100%;--awb-spacing-right-small:1.92%;--awb-spacing-left-small:1.92%;\"><div class=\"fusion-column-wrapper fusion-flex-justify-content-flex-start fusion-content-layout-column\"><div class=\"fusion-separator fusion-full-width-sep\" style=\"align-self: center;margin-left: auto;margin-right: auto;margin-bottom:10px;width:100%;\"><div class=\"fusion-separator-border sep-single\" style=\"--awb-height:20px;--awb-amount:20px;border-color:#e00000;border-top-width:1px;\"><\/div><\/div><div class=\"fusion-text fusion-text-1\" style=\"--awb-text-transform:none;\"><div class=\"\" dir=\"auto\">\n<div class=\"xdj266r x14z9mp xat24cr x1lziwak x1vvkbs x126k92a\">\n<div dir=\"auto\">Tegy\u00fcnk csod\u00e1t kar\u00e1csonykor \u2013 k\u00e9sz\u00edts\u00fcnk ANGYALBATYUT!<\/div>\n<\/div>\n<div class=\"x14z9mp xat24cr x1lziwak x1vvkbs xtlvy1s x126k92a\">\n<div dir=\"auto\">\u00d6r\u00f6mmel sz\u00e1molunk be, hogy iskol\u00e1nk di\u00e1kjai id\u00e9n is csatlakoztak az Angyalbatyu programhoz. A gy\u0171jt\u00e9s sor\u00e1n rengeteg szeretettel k\u00e9sz\u00edtett aj\u00e1nd\u00e9k gy\u0171lt \u00f6ssze, amelyeket december 11-\u00e9n \u00fcnnep\u00e9lyesen \u00e1tadtunk a Katolikus Karit\u00e1sz r\u00e9sz\u00e9re. K\u00f6sz\u00f6nj\u00fck minden k\u00f6zrem\u0171k\u00f6d\u0151nek az \u00f6nzetlen seg\u00edts\u00e9get \u00e9s a sok sz\u00e9p csomagot. J\u00f3 \u00e9rz\u00e9s egy\u00fctt tenni az\u00e9rt, hogy m\u00e1soknak szebb legyen az \u00fcnnep!<\/div>\n<\/div>\n<div class=\"x14z9mp xat24cr x1lziwak x1vvkbs xtlvy1s x126k92a\">\n<div dir=\"auto\">\u201eA szeretet akkor v\u00e1lik igaz\u00e1n \u00e9l\u0151v\u00e9, amikor megosztjuk azt azokkal, akiknek a legnagyobb sz\u00fcks\u00e9g\u00fck van r\u00e1.\u201d<br \/>\n&#8211; tette k\u00f6zz\u00e9 a B\u00e1rsony J\u00e1nos R\u00f3mai Katolikus \u00c1ltal\u00e1nos iskola oldala<\/div>\n<\/div>\n<\/div>\n<\/div><div class=\"awb-gallery-wrapper awb-gallery-wrapper-1 button-span-no\" style=\"--more-btn-alignment:center;\"><div style=\"margin:-5px;--awb-bordersize:0px;\" class=\"fusion-gallery fusion-gallery-container fusion-grid-3 fusion-columns-total-12 fusion-gallery-layout-grid fusion-gallery-1\"><div style=\"padding:5px;\" class=\"fusion-grid-column fusion-gallery-column fusion-gallery-column-3 hover-type-none\"><div class=\"fusion-gallery-image\"><a href=\"https:\/\/karitaszeger.hu\/web\/wp-content\/uploads\/2025\/12\/Barsony-Janos-Romai-Katolikus-Altalanos-Iskola-Angyalbatyu1.jpg\" rel=\"noreferrer\" data-rel=\"iLightbox[gallery_image_1]\" class=\"fusion-lightbox\" target=\"_self\"><img decoding=\"async\" src=\"https:\/\/karitaszeger.hu\/web\/wp-content\/uploads\/2025\/12\/Barsony-Janos-Romai-Katolikus-Altalanos-Iskola-Angyalbatyu1.jpg\" width=\"1536\" height=\"2048\" alt=\"\" title=\"Ba\u0301rsony Ja\u0301nos Ro\u0301mai Katolikus A\u0301ltala\u0301nos Iskola Angyalbatyu1\" aria-label=\"Ba\u0301rsony Ja\u0301nos Ro\u0301mai Katolikus A\u0301ltala\u0301nos Iskola Angyalbatyu1\" class=\"img-responsive wp-image-6932\" srcset=\"https:\/\/karitaszeger.hu\/web\/wp-content\/uploads\/2025\/12\/Barsony-Janos-Romai-Katolikus-Altalanos-Iskola-Angyalbatyu1-200x267.jpg 200w, https:\/\/karitaszeger.hu\/web\/wp-content\/uploads\/2025\/12\/Barsony-Janos-Romai-Katolikus-Altalanos-Iskola-Angyalbatyu1-400x533.jpg 400w, https:\/\/karitaszeger.hu\/web\/wp-content\/uploads\/2025\/12\/Barsony-Janos-Romai-Katolikus-Altalanos-Iskola-Angyalbatyu1-600x800.jpg 600w, https:\/\/karitaszeger.hu\/web\/wp-content\/uploads\/2025\/12\/Barsony-Janos-Romai-Katolikus-Altalanos-Iskola-Angyalbatyu1-800x1067.jpg 800w, https:\/\/karitaszeger.hu\/web\/wp-content\/uploads\/2025\/12\/Barsony-Janos-Romai-Katolikus-Altalanos-Iskola-Angyalbatyu1-1200x1600.jpg 1200w, https:\/\/karitaszeger.hu\/web\/wp-content\/uploads\/2025\/12\/Barsony-Janos-Romai-Katolikus-Altalanos-Iskola-Angyalbatyu1.jpg 1536w\" sizes=\"(min-width: 2200px) 100vw, (min-width: 960px) 387px, (min-width: 800px) 580px, (min-width: 640px) 800px, \" \/><\/a><\/div><\/div><div style=\"padding:5px;\" class=\"fusion-grid-column fusion-gallery-column fusion-gallery-column-3 hover-type-none\"><div class=\"fusion-gallery-image\"><a href=\"https:\/\/karitaszeger.hu\/web\/wp-content\/uploads\/2025\/12\/Barsony-Janos-Romai-Katolikus-Altalanos-Iskola-Angyalbatyu12.jpg\" rel=\"noreferrer\" data-rel=\"iLightbox[gallery_image_1]\" class=\"fusion-lightbox\" target=\"_self\"><img decoding=\"async\" src=\"https:\/\/karitaszeger.hu\/web\/wp-content\/uploads\/2025\/12\/Barsony-Janos-Romai-Katolikus-Altalanos-Iskola-Angyalbatyu12.jpg\" width=\"1536\" height=\"2048\" alt=\"\" title=\"Ba\u0301rsony Ja\u0301nos Ro\u0301mai Katolikus A\u0301ltala\u0301nos Iskola Angyalbatyu12\" aria-label=\"Ba\u0301rsony Ja\u0301nos Ro\u0301mai Katolikus A\u0301ltala\u0301nos Iskola Angyalbatyu12\" class=\"img-responsive wp-image-6933\" srcset=\"https:\/\/karitaszeger.hu\/web\/wp-content\/uploads\/2025\/12\/Barsony-Janos-Romai-Katolikus-Altalanos-Iskola-Angyalbatyu12-200x267.jpg 200w, https:\/\/karitaszeger.hu\/web\/wp-content\/uploads\/2025\/12\/Barsony-Janos-Romai-Katolikus-Altalanos-Iskola-Angyalbatyu12-400x533.jpg 400w, https:\/\/karitaszeger.hu\/web\/wp-content\/uploads\/2025\/12\/Barsony-Janos-Romai-Katolikus-Altalanos-Iskola-Angyalbatyu12-600x800.jpg 600w, https:\/\/karitaszeger.hu\/web\/wp-content\/uploads\/2025\/12\/Barsony-Janos-Romai-Katolikus-Altalanos-Iskola-Angyalbatyu12-800x1067.jpg 800w, https:\/\/karitaszeger.hu\/web\/wp-content\/uploads\/2025\/12\/Barsony-Janos-Romai-Katolikus-Altalanos-Iskola-Angyalbatyu12-1200x1600.jpg 1200w, https:\/\/karitaszeger.hu\/web\/wp-content\/uploads\/2025\/12\/Barsony-Janos-Romai-Katolikus-Altalanos-Iskola-Angyalbatyu12.jpg 1536w\" sizes=\"(min-width: 2200px) 100vw, (min-width: 960px) 387px, (min-width: 800px) 580px, (min-width: 640px) 800px, \" \/><\/a><\/div><\/div><div style=\"padding:5px;\" class=\"fusion-grid-column fusion-gallery-column fusion-gallery-column-3 hover-type-none\"><div class=\"fusion-gallery-image\"><a href=\"https:\/\/karitaszeger.hu\/web\/wp-content\/uploads\/2025\/12\/Barsony-Janos-Romai-Katolikus-Altalanos-Iskola-Angyalbatyu11.jpg\" rel=\"noreferrer\" data-rel=\"iLightbox[gallery_image_1]\" class=\"fusion-lightbox\" target=\"_self\"><img decoding=\"async\" src=\"https:\/\/karitaszeger.hu\/web\/wp-content\/uploads\/2025\/12\/Barsony-Janos-Romai-Katolikus-Altalanos-Iskola-Angyalbatyu11.jpg\" width=\"2048\" height=\"1536\" alt=\"\" title=\"Ba\u0301rsony Ja\u0301nos Ro\u0301mai Katolikus A\u0301ltala\u0301nos Iskola Angyalbatyu11\" aria-label=\"Ba\u0301rsony Ja\u0301nos Ro\u0301mai Katolikus A\u0301ltala\u0301nos Iskola Angyalbatyu11\" class=\"img-responsive wp-image-6934\" srcset=\"https:\/\/karitaszeger.hu\/web\/wp-content\/uploads\/2025\/12\/Barsony-Janos-Romai-Katolikus-Altalanos-Iskola-Angyalbatyu11-200x150.jpg 200w, https:\/\/karitaszeger.hu\/web\/wp-content\/uploads\/2025\/12\/Barsony-Janos-Romai-Katolikus-Altalanos-Iskola-Angyalbatyu11-400x300.jpg 400w, https:\/\/karitaszeger.hu\/web\/wp-content\/uploads\/2025\/12\/Barsony-Janos-Romai-Katolikus-Altalanos-Iskola-Angyalbatyu11-600x450.jpg 600w, https:\/\/karitaszeger.hu\/web\/wp-content\/uploads\/2025\/12\/Barsony-Janos-Romai-Katolikus-Altalanos-Iskola-Angyalbatyu11-800x600.jpg 800w, https:\/\/karitaszeger.hu\/web\/wp-content\/uploads\/2025\/12\/Barsony-Janos-Romai-Katolikus-Altalanos-Iskola-Angyalbatyu11-1200x900.jpg 1200w, https:\/\/karitaszeger.hu\/web\/wp-content\/uploads\/2025\/12\/Barsony-Janos-Romai-Katolikus-Altalanos-Iskola-Angyalbatyu11.jpg 2048w\" sizes=\"(min-width: 2200px) 100vw, (min-width: 960px) 387px, (min-width: 800px) 580px, (min-width: 640px) 800px, \" \/><\/a><\/div><\/div><div class=\"clearfix\"><\/div><div style=\"padding:5px;\" class=\"fusion-grid-column fusion-gallery-column fusion-gallery-column-3 hover-type-none\"><div class=\"fusion-gallery-image\"><a href=\"https:\/\/karitaszeger.hu\/web\/wp-content\/uploads\/2025\/12\/Barsony-Janos-Romai-Katolikus-Altalanos-Iskola-Angyalbatyu10.jpg\" rel=\"noreferrer\" data-rel=\"iLightbox[gallery_image_1]\" class=\"fusion-lightbox\" target=\"_self\"><img decoding=\"async\" src=\"https:\/\/karitaszeger.hu\/web\/wp-content\/uploads\/2025\/12\/Barsony-Janos-Romai-Katolikus-Altalanos-Iskola-Angyalbatyu10.jpg\" width=\"2048\" height=\"1536\" alt=\"\" title=\"Ba\u0301rsony Ja\u0301nos Ro\u0301mai Katolikus A\u0301ltala\u0301nos Iskola Angyalbatyu10\" aria-label=\"Ba\u0301rsony Ja\u0301nos Ro\u0301mai Katolikus A\u0301ltala\u0301nos Iskola Angyalbatyu10\" class=\"img-responsive wp-image-6935\" srcset=\"https:\/\/karitaszeger.hu\/web\/wp-content\/uploads\/2025\/12\/Barsony-Janos-Romai-Katolikus-Altalanos-Iskola-Angyalbatyu10-200x150.jpg 200w, https:\/\/karitaszeger.hu\/web\/wp-content\/uploads\/2025\/12\/Barsony-Janos-Romai-Katolikus-Altalanos-Iskola-Angyalbatyu10-400x300.jpg 400w, https:\/\/karitaszeger.hu\/web\/wp-content\/uploads\/2025\/12\/Barsony-Janos-Romai-Katolikus-Altalanos-Iskola-Angyalbatyu10-600x450.jpg 600w, https:\/\/karitaszeger.hu\/web\/wp-content\/uploads\/2025\/12\/Barsony-Janos-Romai-Katolikus-Altalanos-Iskola-Angyalbatyu10-800x600.jpg 800w, https:\/\/karitaszeger.hu\/web\/wp-content\/uploads\/2025\/12\/Barsony-Janos-Romai-Katolikus-Altalanos-Iskola-Angyalbatyu10-1200x900.jpg 1200w, https:\/\/karitaszeger.hu\/web\/wp-content\/uploads\/2025\/12\/Barsony-Janos-Romai-Katolikus-Altalanos-Iskola-Angyalbatyu10.jpg 2048w\" sizes=\"(min-width: 2200px) 100vw, (min-width: 960px) 387px, (min-width: 800px) 580px, (min-width: 640px) 800px, \" \/><\/a><\/div><\/div><div style=\"padding:5px;\" class=\"fusion-grid-column fusion-gallery-column fusion-gallery-column-3 hover-type-none\"><div class=\"fusion-gallery-image\"><a href=\"https:\/\/karitaszeger.hu\/web\/wp-content\/uploads\/2025\/12\/Barsony-Janos-Romai-Katolikus-Altalanos-Iskola-Angyalbatyu9.jpg\" rel=\"noreferrer\" data-rel=\"iLightbox[gallery_image_1]\" class=\"fusion-lightbox\" target=\"_self\"><img decoding=\"async\" src=\"https:\/\/karitaszeger.hu\/web\/wp-content\/uploads\/2025\/12\/Barsony-Janos-Romai-Katolikus-Altalanos-Iskola-Angyalbatyu9.jpg\" width=\"1536\" height=\"2048\" alt=\"\" title=\"Ba\u0301rsony Ja\u0301nos Ro\u0301mai Katolikus A\u0301ltala\u0301nos Iskola Angyalbatyu9\" aria-label=\"Ba\u0301rsony Ja\u0301nos Ro\u0301mai Katolikus A\u0301ltala\u0301nos Iskola Angyalbatyu9\" class=\"img-responsive wp-image-6936\" srcset=\"https:\/\/karitaszeger.hu\/web\/wp-content\/uploads\/2025\/12\/Barsony-Janos-Romai-Katolikus-Altalanos-Iskola-Angyalbatyu9-200x267.jpg 200w, https:\/\/karitaszeger.hu\/web\/wp-content\/uploads\/2025\/12\/Barsony-Janos-Romai-Katolikus-Altalanos-Iskola-Angyalbatyu9-400x533.jpg 400w, https:\/\/karitaszeger.hu\/web\/wp-content\/uploads\/2025\/12\/Barsony-Janos-Romai-Katolikus-Altalanos-Iskola-Angyalbatyu9-600x800.jpg 600w, https:\/\/karitaszeger.hu\/web\/wp-content\/uploads\/2025\/12\/Barsony-Janos-Romai-Katolikus-Altalanos-Iskola-Angyalbatyu9-800x1067.jpg 800w, https:\/\/karitaszeger.hu\/web\/wp-content\/uploads\/2025\/12\/Barsony-Janos-Romai-Katolikus-Altalanos-Iskola-Angyalbatyu9-1200x1600.jpg 1200w, https:\/\/karitaszeger.hu\/web\/wp-content\/uploads\/2025\/12\/Barsony-Janos-Romai-Katolikus-Altalanos-Iskola-Angyalbatyu9.jpg 1536w\" sizes=\"(min-width: 2200px) 100vw, (min-width: 960px) 387px, (min-width: 800px) 580px, (min-width: 640px) 800px, \" \/><\/a><\/div><\/div><div style=\"padding:5px;\" class=\"fusion-grid-column fusion-gallery-column fusion-gallery-column-3 hover-type-none\"><div class=\"fusion-gallery-image\"><a href=\"https:\/\/karitaszeger.hu\/web\/wp-content\/uploads\/2025\/12\/Barsony-Janos-Romai-Katolikus-Altalanos-Iskola-Angyalbatyu8.jpg\" rel=\"noreferrer\" data-rel=\"iLightbox[gallery_image_1]\" class=\"fusion-lightbox\" target=\"_self\"><img decoding=\"async\" src=\"https:\/\/karitaszeger.hu\/web\/wp-content\/uploads\/2025\/12\/Barsony-Janos-Romai-Katolikus-Altalanos-Iskola-Angyalbatyu8.jpg\" width=\"1536\" height=\"2048\" alt=\"\" title=\"Ba\u0301rsony Ja\u0301nos Ro\u0301mai Katolikus A\u0301ltala\u0301nos Iskola Angyalbatyu8\" aria-label=\"Ba\u0301rsony Ja\u0301nos Ro\u0301mai Katolikus A\u0301ltala\u0301nos Iskola Angyalbatyu8\" class=\"img-responsive wp-image-6937\" srcset=\"https:\/\/karitaszeger.hu\/web\/wp-content\/uploads\/2025\/12\/Barsony-Janos-Romai-Katolikus-Altalanos-Iskola-Angyalbatyu8-200x267.jpg 200w, https:\/\/karitaszeger.hu\/web\/wp-content\/uploads\/2025\/12\/Barsony-Janos-Romai-Katolikus-Altalanos-Iskola-Angyalbatyu8-400x533.jpg 400w, https:\/\/karitaszeger.hu\/web\/wp-content\/uploads\/2025\/12\/Barsony-Janos-Romai-Katolikus-Altalanos-Iskola-Angyalbatyu8-600x800.jpg 600w, https:\/\/karitaszeger.hu\/web\/wp-content\/uploads\/2025\/12\/Barsony-Janos-Romai-Katolikus-Altalanos-Iskola-Angyalbatyu8-800x1067.jpg 800w, https:\/\/karitaszeger.hu\/web\/wp-content\/uploads\/2025\/12\/Barsony-Janos-Romai-Katolikus-Altalanos-Iskola-Angyalbatyu8-1200x1600.jpg 1200w, https:\/\/karitaszeger.hu\/web\/wp-content\/uploads\/2025\/12\/Barsony-Janos-Romai-Katolikus-Altalanos-Iskola-Angyalbatyu8.jpg 1536w\" sizes=\"(min-width: 2200px) 100vw, (min-width: 960px) 387px, (min-width: 800px) 580px, (min-width: 640px) 800px, \" \/><\/a><\/div><\/div><div class=\"clearfix\"><\/div><div style=\"padding:5px;\" class=\"fusion-grid-column fusion-gallery-column fusion-gallery-column-3 hover-type-none\"><div class=\"fusion-gallery-image\"><a href=\"https:\/\/karitaszeger.hu\/web\/wp-content\/uploads\/2025\/12\/Barsony-Janos-Romai-Katolikus-Altalanos-Iskola-Angyalbatyu7.jpg\" rel=\"noreferrer\" data-rel=\"iLightbox[gallery_image_1]\" class=\"fusion-lightbox\" target=\"_self\"><img decoding=\"async\" src=\"https:\/\/karitaszeger.hu\/web\/wp-content\/uploads\/2025\/12\/Barsony-Janos-Romai-Katolikus-Altalanos-Iskola-Angyalbatyu7.jpg\" width=\"1536\" height=\"2048\" alt=\"\" title=\"Ba\u0301rsony Ja\u0301nos Ro\u0301mai Katolikus A\u0301ltala\u0301nos Iskola Angyalbatyu7\" aria-label=\"Ba\u0301rsony Ja\u0301nos Ro\u0301mai Katolikus A\u0301ltala\u0301nos Iskola Angyalbatyu7\" class=\"img-responsive wp-image-6938\" srcset=\"https:\/\/karitaszeger.hu\/web\/wp-content\/uploads\/2025\/12\/Barsony-Janos-Romai-Katolikus-Altalanos-Iskola-Angyalbatyu7-200x267.jpg 200w, https:\/\/karitaszeger.hu\/web\/wp-content\/uploads\/2025\/12\/Barsony-Janos-Romai-Katolikus-Altalanos-Iskola-Angyalbatyu7-400x533.jpg 400w, https:\/\/karitaszeger.hu\/web\/wp-content\/uploads\/2025\/12\/Barsony-Janos-Romai-Katolikus-Altalanos-Iskola-Angyalbatyu7-600x800.jpg 600w, https:\/\/karitaszeger.hu\/web\/wp-content\/uploads\/2025\/12\/Barsony-Janos-Romai-Katolikus-Altalanos-Iskola-Angyalbatyu7-800x1067.jpg 800w, https:\/\/karitaszeger.hu\/web\/wp-content\/uploads\/2025\/12\/Barsony-Janos-Romai-Katolikus-Altalanos-Iskola-Angyalbatyu7-1200x1600.jpg 1200w, https:\/\/karitaszeger.hu\/web\/wp-content\/uploads\/2025\/12\/Barsony-Janos-Romai-Katolikus-Altalanos-Iskola-Angyalbatyu7.jpg 1536w\" sizes=\"(min-width: 2200px) 100vw, (min-width: 960px) 387px, (min-width: 800px) 580px, (min-width: 640px) 800px, \" \/><\/a><\/div><\/div><div style=\"padding:5px;\" class=\"fusion-grid-column fusion-gallery-column fusion-gallery-column-3 hover-type-none\"><div class=\"fusion-gallery-image\"><a href=\"https:\/\/karitaszeger.hu\/web\/wp-content\/uploads\/2025\/12\/Barsony-Janos-Romai-Katolikus-Altalanos-Iskola-Angyalbatyu6.jpg\" rel=\"noreferrer\" data-rel=\"iLightbox[gallery_image_1]\" class=\"fusion-lightbox\" target=\"_self\"><img decoding=\"async\" src=\"https:\/\/karitaszeger.hu\/web\/wp-content\/uploads\/2025\/12\/Barsony-Janos-Romai-Katolikus-Altalanos-Iskola-Angyalbatyu6.jpg\" width=\"1536\" height=\"2048\" alt=\"\" title=\"Ba\u0301rsony Ja\u0301nos Ro\u0301mai Katolikus A\u0301ltala\u0301nos Iskola Angyalbatyu6\" aria-label=\"Ba\u0301rsony Ja\u0301nos Ro\u0301mai Katolikus A\u0301ltala\u0301nos Iskola Angyalbatyu6\" class=\"img-responsive wp-image-6939\" srcset=\"https:\/\/karitaszeger.hu\/web\/wp-content\/uploads\/2025\/12\/Barsony-Janos-Romai-Katolikus-Altalanos-Iskola-Angyalbatyu6-200x267.jpg 200w, https:\/\/karitaszeger.hu\/web\/wp-content\/uploads\/2025\/12\/Barsony-Janos-Romai-Katolikus-Altalanos-Iskola-Angyalbatyu6-400x533.jpg 400w, https:\/\/karitaszeger.hu\/web\/wp-content\/uploads\/2025\/12\/Barsony-Janos-Romai-Katolikus-Altalanos-Iskola-Angyalbatyu6-600x800.jpg 600w, https:\/\/karitaszeger.hu\/web\/wp-content\/uploads\/2025\/12\/Barsony-Janos-Romai-Katolikus-Altalanos-Iskola-Angyalbatyu6-800x1067.jpg 800w, https:\/\/karitaszeger.hu\/web\/wp-content\/uploads\/2025\/12\/Barsony-Janos-Romai-Katolikus-Altalanos-Iskola-Angyalbatyu6-1200x1600.jpg 1200w, https:\/\/karitaszeger.hu\/web\/wp-content\/uploads\/2025\/12\/Barsony-Janos-Romai-Katolikus-Altalanos-Iskola-Angyalbatyu6.jpg 1536w\" sizes=\"(min-width: 2200px) 100vw, (min-width: 960px) 387px, (min-width: 800px) 580px, (min-width: 640px) 800px, \" \/><\/a><\/div><\/div><div style=\"padding:5px;\" class=\"fusion-grid-column fusion-gallery-column fusion-gallery-column-3 hover-type-none\"><div class=\"fusion-gallery-image\"><a href=\"https:\/\/karitaszeger.hu\/web\/wp-content\/uploads\/2025\/12\/Barsony-Janos-Romai-Katolikus-Altalanos-Iskola-Angyalbatyu5.jpg\" rel=\"noreferrer\" data-rel=\"iLightbox[gallery_image_1]\" class=\"fusion-lightbox\" target=\"_self\"><img decoding=\"async\" src=\"https:\/\/karitaszeger.hu\/web\/wp-content\/uploads\/2025\/12\/Barsony-Janos-Romai-Katolikus-Altalanos-Iskola-Angyalbatyu5.jpg\" width=\"1536\" height=\"2048\" alt=\"\" title=\"Ba\u0301rsony Ja\u0301nos Ro\u0301mai Katolikus A\u0301ltala\u0301nos Iskola Angyalbatyu5\" aria-label=\"Ba\u0301rsony Ja\u0301nos Ro\u0301mai Katolikus A\u0301ltala\u0301nos Iskola Angyalbatyu5\" class=\"img-responsive wp-image-6940\" srcset=\"https:\/\/karitaszeger.hu\/web\/wp-content\/uploads\/2025\/12\/Barsony-Janos-Romai-Katolikus-Altalanos-Iskola-Angyalbatyu5-200x267.jpg 200w, https:\/\/karitaszeger.hu\/web\/wp-content\/uploads\/2025\/12\/Barsony-Janos-Romai-Katolikus-Altalanos-Iskola-Angyalbatyu5-400x533.jpg 400w, https:\/\/karitaszeger.hu\/web\/wp-content\/uploads\/2025\/12\/Barsony-Janos-Romai-Katolikus-Altalanos-Iskola-Angyalbatyu5-600x800.jpg 600w, https:\/\/karitaszeger.hu\/web\/wp-content\/uploads\/2025\/12\/Barsony-Janos-Romai-Katolikus-Altalanos-Iskola-Angyalbatyu5-800x1067.jpg 800w, https:\/\/karitaszeger.hu\/web\/wp-content\/uploads\/2025\/12\/Barsony-Janos-Romai-Katolikus-Altalanos-Iskola-Angyalbatyu5-1200x1600.jpg 1200w, https:\/\/karitaszeger.hu\/web\/wp-content\/uploads\/2025\/12\/Barsony-Janos-Romai-Katolikus-Altalanos-Iskola-Angyalbatyu5.jpg 1536w\" sizes=\"(min-width: 2200px) 100vw, (min-width: 960px) 387px, (min-width: 800px) 580px, (min-width: 640px) 800px, \" \/><\/a><\/div><\/div><div class=\"clearfix\"><\/div><div style=\"padding:5px;\" class=\"fusion-grid-column fusion-gallery-column fusion-gallery-column-3 hover-type-none\"><div class=\"fusion-gallery-image\"><a href=\"https:\/\/karitaszeger.hu\/web\/wp-content\/uploads\/2025\/12\/Barsony-Janos-Romai-Katolikus-Altalanos-Iskola-Angyalbatyu4.jpg\" rel=\"noreferrer\" data-rel=\"iLightbox[gallery_image_1]\" class=\"fusion-lightbox\" target=\"_self\"><img decoding=\"async\" src=\"https:\/\/karitaszeger.hu\/web\/wp-content\/uploads\/2025\/12\/Barsony-Janos-Romai-Katolikus-Altalanos-Iskola-Angyalbatyu4.jpg\" width=\"1536\" height=\"2048\" alt=\"\" title=\"Ba\u0301rsony Ja\u0301nos Ro\u0301mai Katolikus A\u0301ltala\u0301nos Iskola Angyalbatyu4\" aria-label=\"Ba\u0301rsony Ja\u0301nos Ro\u0301mai Katolikus A\u0301ltala\u0301nos Iskola Angyalbatyu4\" class=\"img-responsive wp-image-6941\" srcset=\"https:\/\/karitaszeger.hu\/web\/wp-content\/uploads\/2025\/12\/Barsony-Janos-Romai-Katolikus-Altalanos-Iskola-Angyalbatyu4-200x267.jpg 200w, https:\/\/karitaszeger.hu\/web\/wp-content\/uploads\/2025\/12\/Barsony-Janos-Romai-Katolikus-Altalanos-Iskola-Angyalbatyu4-400x533.jpg 400w, https:\/\/karitaszeger.hu\/web\/wp-content\/uploads\/2025\/12\/Barsony-Janos-Romai-Katolikus-Altalanos-Iskola-Angyalbatyu4-600x800.jpg 600w, https:\/\/karitaszeger.hu\/web\/wp-content\/uploads\/2025\/12\/Barsony-Janos-Romai-Katolikus-Altalanos-Iskola-Angyalbatyu4-800x1067.jpg 800w, https:\/\/karitaszeger.hu\/web\/wp-content\/uploads\/2025\/12\/Barsony-Janos-Romai-Katolikus-Altalanos-Iskola-Angyalbatyu4-1200x1600.jpg 1200w, https:\/\/karitaszeger.hu\/web\/wp-content\/uploads\/2025\/12\/Barsony-Janos-Romai-Katolikus-Altalanos-Iskola-Angyalbatyu4.jpg 1536w\" sizes=\"(min-width: 2200px) 100vw, (min-width: 960px) 387px, (min-width: 800px) 580px, (min-width: 640px) 800px, \" \/><\/a><\/div><\/div><div style=\"padding:5px;\" class=\"fusion-grid-column fusion-gallery-column fusion-gallery-column-3 hover-type-none\"><div class=\"fusion-gallery-image\"><a href=\"https:\/\/karitaszeger.hu\/web\/wp-content\/uploads\/2025\/12\/Barsony-Janos-Romai-Katolikus-Altalanos-Iskola-Angyalbatyu3.jpg\" rel=\"noreferrer\" data-rel=\"iLightbox[gallery_image_1]\" class=\"fusion-lightbox\" target=\"_self\"><img decoding=\"async\" src=\"https:\/\/karitaszeger.hu\/web\/wp-content\/uploads\/2025\/12\/Barsony-Janos-Romai-Katolikus-Altalanos-Iskola-Angyalbatyu3.jpg\" width=\"2048\" height=\"1536\" alt=\"\" title=\"Ba\u0301rsony Ja\u0301nos Ro\u0301mai Katolikus A\u0301ltala\u0301nos Iskola Angyalbatyu3\" aria-label=\"Ba\u0301rsony Ja\u0301nos Ro\u0301mai Katolikus A\u0301ltala\u0301nos Iskola Angyalbatyu3\" class=\"img-responsive wp-image-6942\" srcset=\"https:\/\/karitaszeger.hu\/web\/wp-content\/uploads\/2025\/12\/Barsony-Janos-Romai-Katolikus-Altalanos-Iskola-Angyalbatyu3-200x150.jpg 200w, https:\/\/karitaszeger.hu\/web\/wp-content\/uploads\/2025\/12\/Barsony-Janos-Romai-Katolikus-Altalanos-Iskola-Angyalbatyu3-400x300.jpg 400w, https:\/\/karitaszeger.hu\/web\/wp-content\/uploads\/2025\/12\/Barsony-Janos-Romai-Katolikus-Altalanos-Iskola-Angyalbatyu3-600x450.jpg 600w, https:\/\/karitaszeger.hu\/web\/wp-content\/uploads\/2025\/12\/Barsony-Janos-Romai-Katolikus-Altalanos-Iskola-Angyalbatyu3-800x600.jpg 800w, https:\/\/karitaszeger.hu\/web\/wp-content\/uploads\/2025\/12\/Barsony-Janos-Romai-Katolikus-Altalanos-Iskola-Angyalbatyu3-1200x900.jpg 1200w, https:\/\/karitaszeger.hu\/web\/wp-content\/uploads\/2025\/12\/Barsony-Janos-Romai-Katolikus-Altalanos-Iskola-Angyalbatyu3.jpg 2048w\" sizes=\"(min-width: 2200px) 100vw, (min-width: 960px) 387px, (min-width: 800px) 580px, (min-width: 640px) 800px, \" \/><\/a><\/div><\/div><div style=\"padding:5px;\" class=\"fusion-grid-column fusion-gallery-column fusion-gallery-column-3 hover-type-none\"><div class=\"fusion-gallery-image\"><a href=\"https:\/\/karitaszeger.hu\/web\/wp-content\/uploads\/2025\/12\/Barsony-Janos-Romai-Katolikus-Altalanos-Iskola-Angyalbatyu2.jpg\" rel=\"noreferrer\" data-rel=\"iLightbox[gallery_image_1]\" class=\"fusion-lightbox\" target=\"_self\"><img decoding=\"async\" src=\"https:\/\/karitaszeger.hu\/web\/wp-content\/uploads\/2025\/12\/Barsony-Janos-Romai-Katolikus-Altalanos-Iskola-Angyalbatyu2.jpg\" width=\"2048\" height=\"1536\" alt=\"\" title=\"Ba\u0301rsony Ja\u0301nos Ro\u0301mai Katolikus A\u0301ltala\u0301nos Iskola Angyalbatyu2\" aria-label=\"Ba\u0301rsony Ja\u0301nos Ro\u0301mai Katolikus A\u0301ltala\u0301nos Iskola Angyalbatyu2\" class=\"img-responsive wp-image-6943\" srcset=\"https:\/\/karitaszeger.hu\/web\/wp-content\/uploads\/2025\/12\/Barsony-Janos-Romai-Katolikus-Altalanos-Iskola-Angyalbatyu2-200x150.jpg 200w, https:\/\/karitaszeger.hu\/web\/wp-content\/uploads\/2025\/12\/Barsony-Janos-Romai-Katolikus-Altalanos-Iskola-Angyalbatyu2-400x300.jpg 400w, https:\/\/karitaszeger.hu\/web\/wp-content\/uploads\/2025\/12\/Barsony-Janos-Romai-Katolikus-Altalanos-Iskola-Angyalbatyu2-600x450.jpg 600w, https:\/\/karitaszeger.hu\/web\/wp-content\/uploads\/2025\/12\/Barsony-Janos-Romai-Katolikus-Altalanos-Iskola-Angyalbatyu2-800x600.jpg 800w, https:\/\/karitaszeger.hu\/web\/wp-content\/uploads\/2025\/12\/Barsony-Janos-Romai-Katolikus-Altalanos-Iskola-Angyalbatyu2-1200x900.jpg 1200w, https:\/\/karitaszeger.hu\/web\/wp-content\/uploads\/2025\/12\/Barsony-Janos-Romai-Katolikus-Altalanos-Iskola-Angyalbatyu2.jpg 2048w\" sizes=\"(min-width: 2200px) 100vw, (min-width: 960px) 387px, (min-width: 800px) 580px, (min-width: 640px) 800px, \" \/><\/a><\/div><\/div><div class=\"clearfix\"><\/div><\/div><\/div><\/div><\/div><\/div><\/div><div class=\"fusion-fullwidth fullwidth-box fusion-builder-row-2 fusion-flex-container fusion-parallax-none nonhundred-percent-fullwidth non-hundred-percent-height-scrolling\" style=\"--awb-border-sizes-top:0px;--awb-border-sizes-bottom:0px;--awb-border-sizes-left:0px;--awb-border-sizes-right:0px;--awb-border-radius-top-left:0px;--awb-border-radius-top-right:0px;--awb-border-radius-bottom-right:0px;--awb-border-radius-bottom-left:0px;--awb-padding-top:150px;--awb-padding-bottom:150px;--awb-background-image:url(&quot;https:\/\/karitaszeger.hu\/web\/wp-content\/uploads\/2021\/03\/segits-scaled.jpg&quot;);--awb-background-size:cover;--awb-flex-wrap:wrap;\" ><div class=\"fusion-builder-row fusion-row fusion-flex-align-items-flex-start fusion-flex-content-wrap\" style=\"max-width:calc( 1170px + 0px );margin-left: calc(-0px \/ 2 );margin-right: calc(-0px \/ 2 );\"><div class=\"fusion-layout-column fusion_builder_column fusion-builder-column-1 fusion_builder_column_1_1 1_1 fusion-flex-column\" style=\"--awb-padding-right:11%;--awb-padding-left:11%;--awb-bg-size:cover;--awb-width-large:100%;--awb-margin-top-large:0px;--awb-spacing-right-large:0px;--awb-margin-bottom-large:20px;--awb-spacing-left-large:0px;--awb-width-medium:100%;--awb-spacing-right-medium:0px;--awb-spacing-left-medium:0px;--awb-width-small:100%;--awb-spacing-right-small:0px;--awb-spacing-left-small:0px;\"><div class=\"fusion-column-wrapper fusion-flex-justify-content-flex-start fusion-content-layout-column\"><div class=\"fusion-title title fusion-title-1 fusion-sep-none fusion-title-center fusion-title-text fusion-title-size-two\" style=\"--awb-text-color:#ffffff;--awb-margin-top-small:0px;--awb-margin-right-small:0px;--awb-margin-bottom-small:20px;--awb-margin-left-small:0px;\"><h2 class=\"fusion-title-heading title-heading-center\" style=\"margin:0;line-height:1;\"><h2 class=\"piros kozepre\"><span style=\"color: #ffffff;\">AZ \u00d6N SEG\u00cdTS\u00c9G\u00c9RE\u00a0IS SZ\u00dcKS\u00c9G VAN!<\/span><\/h2>\n<div class=\"content\"><\/div><\/h2><\/div><div class=\"fusion-separator\" style=\"align-self: center;margin-left: auto;margin-right: auto;margin-top:0px;margin-bottom:40px;width:100%;max-width:200px;\"><div class=\"fusion-separator-border sep-single sep-solid\" style=\"--awb-height:20px;--awb-amount:20px;--awb-sep-color:#f44336;border-color:#f44336;border-top-width:3px;\"><\/div><\/div><div class=\"fusion-text fusion-text-2\"><h2 style=\"text-align: center;\"><span style=\"color: #ffffff;\"><strong>1356 \u2013 H\u00cdVJON, HOGY SEG\u00cdTHESS\u00dcNK!<\/strong><\/span><\/h2>\n<\/div><div class=\"fusion-builder-row fusion-builder-row-inner fusion-row fusion-flex-align-items-flex-start fusion-flex-content-wrap\" style=\"--awb-flex-grow:0;--awb-flex-grow-medium:0;--awb-flex-grow-small:0;--awb-flex-shrink:0;--awb-flex-shrink-medium:0;--awb-flex-shrink-small:0;width:calc( 100% + 0px ) !important;max-width:calc( 100% + 0px ) !important;margin-left: calc(-0px \/ 2 );margin-right: calc(-0px \/ 2 );\"><div class=\"fusion-layout-column fusion_builder_column_inner fusion-builder-nested-column-0 fusion_builder_column_inner_1_3 1_3 fusion-flex-column\" style=\"--awb-bg-size:cover;--awb-width-large:33.333333333333%;--awb-margin-top-large:0px;--awb-spacing-right-large:0px;--awb-margin-bottom-large:20px;--awb-spacing-left-large:0px;--awb-width-medium:100%;--awb-order-medium:0;--awb-spacing-right-medium:0px;--awb-spacing-left-medium:0px;--awb-width-small:100%;--awb-order-small:0;--awb-spacing-right-small:0px;--awb-spacing-left-small:0px;\"><div class=\"fusion-column-wrapper fusion-column-has-shadow fusion-flex-justify-content-flex-start fusion-content-layout-column\"><\/div><\/div><div class=\"fusion-layout-column fusion_builder_column_inner fusion-builder-nested-column-1 fusion_builder_column_inner_1_3 1_3 fusion-flex-column fusion-animated\" style=\"--awb-bg-color:#f44336;--awb-bg-color-hover:#f44336;--awb-bg-size:cover;--awb-width-large:33.333333333333%;--awb-margin-top-large:0px;--awb-spacing-right-large:0px;--awb-margin-bottom-large:20px;--awb-spacing-left-large:0px;--awb-width-medium:100%;--awb-order-medium:0;--awb-spacing-right-medium:0px;--awb-spacing-left-medium:0px;--awb-width-small:100%;--awb-order-small:0;--awb-spacing-right-small:0px;--awb-spacing-left-small:0px;\" data-animationType=\"bounceInDown\" data-animationDuration=\"1.3\" data-animationOffset=\"top-into-view\"><div class=\"fusion-column-wrapper fusion-column-has-shadow fusion-flex-justify-content-flex-start fusion-content-layout-column\"><div style=\"text-align:center;\"><a class=\"fusion-button button-flat fusion-button-default-size button-custom fusion-button-default button-1 fusion-button-default-span fusion-button-default-type fusion-has-button-gradient\" style=\"--button_accent_color:#ffffff;--button_accent_hover_color:#f44336;--button_border_hover_color:#f44336;--button_border_width-top:0px;--button_border_width-right:0px;--button_border_width-bottom:0px;--button_border_width-left:0px;--button_gradient_top_color:rgba(254,201,107,0);--button_gradient_bottom_color:rgba(254,201,107,0);--button_gradient_top_color_hover:#ffffff;--button_gradient_bottom_color_hover:rgba(0,0,0,0);\" target=\"_self\" href=\"#\"><i class=\"fa-credit-card fas awb-button__icon awb-button__icon--default button-icon-left\" aria-hidden=\"true\"><\/i><span class=\"fusion-button-text awb-button__text awb-button__text--default\">ONLINE ADOM\u00c1NYOZ\u00c1S<\/span><\/a><\/div><\/div><\/div><div class=\"fusion-layout-column fusion_builder_column_inner fusion-builder-nested-column-2 fusion_builder_column_inner_1_3 1_3 fusion-flex-column\" style=\"--awb-bg-size:cover;--awb-width-large:33.333333333333%;--awb-margin-top-large:0px;--awb-spacing-right-large:0px;--awb-margin-bottom-large:20px;--awb-spacing-left-large:0px;--awb-width-medium:100%;--awb-order-medium:0;--awb-spacing-right-medium:0px;--awb-spacing-left-medium:0px;--awb-width-small:100%;--awb-order-small:0;--awb-spacing-right-small:0px;--awb-spacing-left-small:0px;\"><div class=\"fusion-column-wrapper fusion-column-has-shadow fusion-flex-justify-content-flex-start fusion-content-layout-column\"><\/div><\/div><\/div><\/div><\/div><\/div><\/div><div class=\"fusion-fullwidth fullwidth-box fusion-builder-row-3 fusion-flex-container nonhundred-percent-fullwidth non-hundred-percent-height-scrolling\" style=\"--awb-border-radius-top-left:0px;--awb-border-radius-top-right:0px;--awb-border-radius-bottom-right:0px;--awb-border-radius-bottom-left:0px;--awb-flex-wrap:wrap;\" ><div class=\"fusion-builder-row fusion-row fusion-flex-align-items-flex-start fusion-flex-content-wrap\" style=\"max-width:1216.8px;margin-left: calc(-4% \/ 2 );margin-right: calc(-4% \/ 2 );\"><div class=\"fusion-layout-column fusion_builder_column fusion-builder-column-2 fusion_builder_column_1_1 1_1 fusion-flex-column\" style=\"--awb-bg-size:cover;--awb-width-large:100%;--awb-margin-top-large:0px;--awb-spacing-right-large:1.92%;--awb-margin-bottom-large:0px;--awb-spacing-left-large:1.92%;--awb-width-medium:100%;--awb-spacing-right-medium:1.92%;--awb-spacing-left-medium:1.92%;--awb-width-small:100%;--awb-spacing-right-small:1.92%;--awb-spacing-left-small:1.92%;\"><div class=\"fusion-column-wrapper fusion-flex-justify-content-flex-start fusion-content-layout-column\"><div class=\"fusion-text fusion-text-3\"><\/div><\/div><\/div><\/div><\/div><div class=\"fusion-fullwidth fullwidth-box fusion-builder-row-4 fusion-flex-container nonhundred-percent-fullwidth non-hundred-percent-height-scrolling\" style=\"--awb-border-radius-top-left:0px;--awb-border-radius-top-right:0px;--awb-border-radius-bottom-right:0px;--awb-border-radius-bottom-left:0px;--awb-flex-wrap:wrap;\" ><div class=\"fusion-builder-row fusion-row fusion-flex-align-items-flex-start fusion-flex-content-wrap\" style=\"max-width:1216.8px;margin-left: calc(-4% \/ 2 );margin-right: calc(-4% \/ 2 );\"><div class=\"fusion-layout-column fusion_builder_column fusion-builder-column-3 fusion_builder_column_1_1 1_1 fusion-flex-column\" style=\"--awb-bg-size:cover;--awb-width-large:100%;--awb-margin-top-large:0px;--awb-spacing-right-large:1.92%;--awb-margin-bottom-large:0px;--awb-spacing-left-large:1.92%;--awb-width-medium:100%;--awb-spacing-right-medium:1.92%;--awb-spacing-left-medium:1.92%;--awb-width-small:100%;--awb-spacing-right-small:1.92%;--awb-spacing-left-small:1.92%;\"><div class=\"fusion-column-wrapper fusion-flex-justify-content-flex-start fusion-content-layout-column\"><div class=\"fusion-text fusion-text-4\"><\/div><\/div><\/div><\/div><\/div><\/p>\n","protected":false},"excerpt":{"rendered":"","protected":false},"author":7,"featured_media":6935,"comment_status":"open","ping_status":"open","sticky":false,"template":"","format":"standard","meta":{"footnotes":""},"categories":[107],"tags":[],"class_list":["post-6931","post","type-post","status-publish","format-standard","has-post-thumbnail","hentry","category-hirek"],"_links":{"self":[{"href":"https:\/\/karitaszeger.hu\/web\/wp-json\/wp\/v2\/posts\/6931","targetHints":{"allow":["GET"]}}],"collection":[{"href":"https:\/\/karitaszeger.hu\/web\/wp-json\/wp\/v2\/posts"}],"about":[{"href":"https:\/\/karitaszeger.hu\/web\/wp-json\/wp\/v2\/types\/post"}],"author":[{"embeddable":true,"href":"https:\/\/karitaszeger.hu\/web\/wp-json\/wp\/v2\/users\/7"}],"replies":[{"embeddable":true,"href":"https:\/\/karitaszeger.hu\/web\/wp-json\/wp\/v2\/comments?post=6931"}],"version-history":[{"count":1,"href":"https:\/\/karitaszeger.hu\/web\/wp-json\/wp\/v2\/posts\/6931\/revisions"}],"predecessor-version":[{"id":6944,"href":"https:\/\/karitaszeger.hu\/web\/wp-json\/wp\/v2\/posts\/6931\/revisions\/6944"}],"wp:featuredmedia":[{"embeddable":true,"href":"https:\/\/karitaszeger.hu\/web\/wp-json\/wp\/v2\/media\/6935"}],"wp:attachment":[{"href":"https:\/\/karitaszeger.hu\/web\/wp-json\/wp\/v2\/media?parent=6931"}],"wp:term":[{"taxonomy":"category","embeddable":true,"href":"https:\/\/karitaszeger.hu\/web\/wp-json\/wp\/v2\/categories?post=6931"},{"taxonomy":"post_tag","embeddable":true,"href":"https:\/\/karitaszeger.hu\/web\/wp-json\/wp\/v2\/tags?post=6931"}],"curies":[{"name":"wp","href":"https:\/\/api.w.org\/{rel}","templated":true}]}}