{"id":6952,"date":"2025-12-16T13:54:53","date_gmt":"2025-12-16T12:54:53","guid":{"rendered":"https:\/\/karitaszeger.hu\/web\/?p=6952"},"modified":"2025-12-19T13:56:41","modified_gmt":"2025-12-19T12:56:41","slug":"a-jaszarokszallasi-szent-erzsebet-karitasz-csoport-keszuletei-december-10-en-a-december-15-16-an-megrendezesre-kerult-betlehemi-jatekok-bemutatasahoz","status":"publish","type":"post","link":"https:\/\/karitaszeger.hu\/web\/2025\/12\/16\/a-jaszarokszallasi-szent-erzsebet-karitasz-csoport-keszuletei-december-10-en-a-december-15-16-an-megrendezesre-kerult-betlehemi-jatekok-bemutatasahoz\/","title":{"rendered":"A j\u00e1sz\u00e1roksz\u00e1ll\u00e1si Szent Erzs\u00e9bet Karit\u00e1sz Csoport k\u00e9sz\u00fcletei december 10-\u00e9n a december 15 &#8211; 16-\u00e1n megrendez\u00e9sre ker\u00fclt Betlehemi j\u00e1t\u00e9kok bemutat\u00e1s\u00e1hoz"},"content":{"rendered":"<p><div class=\"fusion-fullwidth fullwidth-box fusion-builder-row-1 fusion-flex-container nonhundred-percent-fullwidth non-hundred-percent-height-scrolling\" style=\"--awb-border-radius-top-left:0px;--awb-border-radius-top-right:0px;--awb-border-radius-bottom-right:0px;--awb-border-radius-bottom-left:0px;--awb-padding-bottom:30px;--awb-flex-wrap:wrap;\" ><div class=\"fusion-builder-row fusion-row fusion-flex-align-items-flex-start fusion-flex-content-wrap\" style=\"max-width:1216.8px;margin-left: calc(-4% \/ 2 );margin-right: calc(-4% \/ 2 );\"><div class=\"fusion-layout-column fusion_builder_column fusion-builder-column-0 fusion_builder_column_1_1 1_1 fusion-flex-column\" style=\"--awb-bg-size:cover;--awb-width-large:100%;--awb-margin-top-large:0px;--awb-spacing-right-large:1.92%;--awb-margin-bottom-large:0px;--awb-spacing-left-large:1.92%;--awb-width-medium:100%;--awb-spacing-right-medium:1.92%;--awb-spacing-left-medium:1.92%;--awb-width-small:100%;--awb-spacing-right-small:1.92%;--awb-spacing-left-small:1.92%;\"><div class=\"fusion-column-wrapper fusion-flex-justify-content-flex-start fusion-content-layout-column\"><div class=\"fusion-separator fusion-full-width-sep\" style=\"align-self: center;margin-left: auto;margin-right: auto;margin-bottom:10px;width:100%;\"><div class=\"fusion-separator-border sep-single\" style=\"--awb-height:20px;--awb-amount:20px;border-color:#e00000;border-top-width:1px;\"><\/div><\/div><div class=\"fusion-text fusion-text-1\" style=\"--awb-text-transform:none;\"><div class=\"\" dir=\"auto\">\n<p>A j\u00e1sz\u00e1roksz\u00e1ll\u00e1si Szent Erzs\u00e9bet Karit\u00e1sz Csoport k\u00e9sz\u00fcletei december 10-\u00e9n a december 15 &#8211; 16-\u00e1n megrendez\u00e9sre ker\u00fclt Betlehemi j\u00e1t\u00e9kok bemutat\u00e1s\u00e1hoz, ahov\u00e1 megh\u00edv\u00e1st kaptak az \u00f3vod\u00e1s &#8211; iskol\u00e1s \u00e9s a Visznekr\u0151l \u00e1thozott iskol\u00e1sok. Csoportunk a megjelent gyermekeket \u00e9s nevel\u0151iket egyh\u00e1zi mot\u00edvum\u00fa k\u00e1rtyanapt\u00e1rral \u00e9s szaloncukorral aj\u00e1nd\u00e9kozott meg 1100 gyermeket \u00e9s a k\u00eds\u00e9r\u0151 pedag\u00f3gusokat. 15-\u00e9n este a k\u00f6z\u00f6s \u00e9nekl\u00e9s ut\u00e1n te\u00e1val &#8211; pog\u00e1cs\u00e1val &#8211; szaloncukorral l\u00e1ttuk vend\u00e9g\u00fcl a r\u00e9sztvev\u0151ket.<\/p>\n<\/div>\n<\/div><div class=\"awb-gallery-wrapper awb-gallery-wrapper-1 button-span-no\" style=\"--more-btn-alignment:center;\"><div style=\"margin:-5px;--awb-bordersize:0px;\" class=\"fusion-gallery fusion-gallery-container fusion-grid-3 fusion-columns-total-13 fusion-gallery-layout-grid fusion-gallery-1\"><div style=\"padding:5px;\" class=\"fusion-grid-column fusion-gallery-column fusion-gallery-column-3 hover-type-none\"><div class=\"fusion-gallery-image\"><a href=\"https:\/\/karitaszeger.hu\/web\/wp-content\/uploads\/2025\/12\/A-jaszarokszallasi-Szent-Erzsebet-Karitasz-Csoport-keszuletei-december-10-en-a-december-15-16-an-megrendezesre-kerult-Betlehemi-jatekok-bemutatasahoz1.jpg\" rel=\"noreferrer\" data-rel=\"iLightbox[gallery_image_1]\" class=\"fusion-lightbox\" target=\"_self\"><img decoding=\"async\" src=\"https:\/\/karitaszeger.hu\/web\/wp-content\/uploads\/2025\/12\/A-jaszarokszallasi-Szent-Erzsebet-Karitasz-Csoport-keszuletei-december-10-en-a-december-15-16-an-megrendezesre-kerult-Betlehemi-jatekok-bemutatasahoz1.jpg\" width=\"2048\" height=\"1152\" alt=\"\" title=\"A ja\u0301sza\u0301roksza\u0301lla\u0301si Szent Erzse\u0301bet Karita\u0301sz Csoport ke\u0301szu\u0308letei december 10-e\u0301n a december 15 &#8211; 16-a\u0301n megrendeze\u0301sre keru\u0308lt Betlehemi ja\u0301te\u0301kok bemutata\u0301sa\u0301hoz1\" aria-label=\"A ja\u0301sza\u0301roksza\u0301lla\u0301si Szent Erzse\u0301bet Karita\u0301sz Csoport ke\u0301szu\u0308letei december 10-e\u0301n a december 15 &#8211; 16-a\u0301n megrendeze\u0301sre keru\u0308lt Betlehemi ja\u0301te\u0301kok bemutata\u0301sa\u0301hoz1\" class=\"img-responsive wp-image-6953\" srcset=\"https:\/\/karitaszeger.hu\/web\/wp-content\/uploads\/2025\/12\/A-jaszarokszallasi-Szent-Erzsebet-Karitasz-Csoport-keszuletei-december-10-en-a-december-15-16-an-megrendezesre-kerult-Betlehemi-jatekok-bemutatasahoz1-200x113.jpg 200w, https:\/\/karitaszeger.hu\/web\/wp-content\/uploads\/2025\/12\/A-jaszarokszallasi-Szent-Erzsebet-Karitasz-Csoport-keszuletei-december-10-en-a-december-15-16-an-megrendezesre-kerult-Betlehemi-jatekok-bemutatasahoz1-400x225.jpg 400w, https:\/\/karitaszeger.hu\/web\/wp-content\/uploads\/2025\/12\/A-jaszarokszallasi-Szent-Erzsebet-Karitasz-Csoport-keszuletei-december-10-en-a-december-15-16-an-megrendezesre-kerult-Betlehemi-jatekok-bemutatasahoz1-600x338.jpg 600w, https:\/\/karitaszeger.hu\/web\/wp-content\/uploads\/2025\/12\/A-jaszarokszallasi-Szent-Erzsebet-Karitasz-Csoport-keszuletei-december-10-en-a-december-15-16-an-megrendezesre-kerult-Betlehemi-jatekok-bemutatasahoz1-800x450.jpg 800w, https:\/\/karitaszeger.hu\/web\/wp-content\/uploads\/2025\/12\/A-jaszarokszallasi-Szent-Erzsebet-Karitasz-Csoport-keszuletei-december-10-en-a-december-15-16-an-megrendezesre-kerult-Betlehemi-jatekok-bemutatasahoz1-1200x675.jpg 1200w, https:\/\/karitaszeger.hu\/web\/wp-content\/uploads\/2025\/12\/A-jaszarokszallasi-Szent-Erzsebet-Karitasz-Csoport-keszuletei-december-10-en-a-december-15-16-an-megrendezesre-kerult-Betlehemi-jatekok-bemutatasahoz1.jpg 2048w\" sizes=\"(min-width: 2200px) 100vw, (min-width: 960px) 387px, (min-width: 800px) 580px, (min-width: 640px) 800px, \" \/><\/a><\/div><\/div><div style=\"padding:5px;\" class=\"fusion-grid-column fusion-gallery-column fusion-gallery-column-3 hover-type-none\"><div class=\"fusion-gallery-image\"><a href=\"https:\/\/karitaszeger.hu\/web\/wp-content\/uploads\/2025\/12\/A-jaszarokszallasi-Szent-Erzsebet-Karitasz-Csoport-keszuletei-december-10-en-a-december-15-16-an-megrendezesre-kerult-Betlehemi-jatekok-bemutatasahoz13.jpg\" rel=\"noreferrer\" data-rel=\"iLightbox[gallery_image_1]\" class=\"fusion-lightbox\" target=\"_self\"><img decoding=\"async\" src=\"https:\/\/karitaszeger.hu\/web\/wp-content\/uploads\/2025\/12\/A-jaszarokszallasi-Szent-Erzsebet-Karitasz-Csoport-keszuletei-december-10-en-a-december-15-16-an-megrendezesre-kerult-Betlehemi-jatekok-bemutatasahoz13.jpg\" width=\"2048\" height=\"1152\" alt=\"\" title=\"A ja\u0301sza\u0301roksza\u0301lla\u0301si Szent Erzse\u0301bet Karita\u0301sz Csoport ke\u0301szu\u0308letei december 10-e\u0301n a december 15 &#8211; 16-a\u0301n megrendeze\u0301sre keru\u0308lt Betlehemi ja\u0301te\u0301kok bemutata\u0301sa\u0301hoz13\" aria-label=\"A ja\u0301sza\u0301roksza\u0301lla\u0301si Szent Erzse\u0301bet Karita\u0301sz Csoport ke\u0301szu\u0308letei december 10-e\u0301n a december 15 &#8211; 16-a\u0301n megrendeze\u0301sre keru\u0308lt Betlehemi ja\u0301te\u0301kok bemutata\u0301sa\u0301hoz13\" class=\"img-responsive wp-image-6954\" srcset=\"https:\/\/karitaszeger.hu\/web\/wp-content\/uploads\/2025\/12\/A-jaszarokszallasi-Szent-Erzsebet-Karitasz-Csoport-keszuletei-december-10-en-a-december-15-16-an-megrendezesre-kerult-Betlehemi-jatekok-bemutatasahoz13-200x113.jpg 200w, https:\/\/karitaszeger.hu\/web\/wp-content\/uploads\/2025\/12\/A-jaszarokszallasi-Szent-Erzsebet-Karitasz-Csoport-keszuletei-december-10-en-a-december-15-16-an-megrendezesre-kerult-Betlehemi-jatekok-bemutatasahoz13-400x225.jpg 400w, https:\/\/karitaszeger.hu\/web\/wp-content\/uploads\/2025\/12\/A-jaszarokszallasi-Szent-Erzsebet-Karitasz-Csoport-keszuletei-december-10-en-a-december-15-16-an-megrendezesre-kerult-Betlehemi-jatekok-bemutatasahoz13-600x338.jpg 600w, https:\/\/karitaszeger.hu\/web\/wp-content\/uploads\/2025\/12\/A-jaszarokszallasi-Szent-Erzsebet-Karitasz-Csoport-keszuletei-december-10-en-a-december-15-16-an-megrendezesre-kerult-Betlehemi-jatekok-bemutatasahoz13-800x450.jpg 800w, https:\/\/karitaszeger.hu\/web\/wp-content\/uploads\/2025\/12\/A-jaszarokszallasi-Szent-Erzsebet-Karitasz-Csoport-keszuletei-december-10-en-a-december-15-16-an-megrendezesre-kerult-Betlehemi-jatekok-bemutatasahoz13-1200x675.jpg 1200w, https:\/\/karitaszeger.hu\/web\/wp-content\/uploads\/2025\/12\/A-jaszarokszallasi-Szent-Erzsebet-Karitasz-Csoport-keszuletei-december-10-en-a-december-15-16-an-megrendezesre-kerult-Betlehemi-jatekok-bemutatasahoz13.jpg 2048w\" sizes=\"(min-width: 2200px) 100vw, (min-width: 960px) 387px, (min-width: 800px) 580px, (min-width: 640px) 800px, \" \/><\/a><\/div><\/div><div style=\"padding:5px;\" class=\"fusion-grid-column fusion-gallery-column fusion-gallery-column-3 hover-type-none\"><div class=\"fusion-gallery-image\"><a href=\"https:\/\/karitaszeger.hu\/web\/wp-content\/uploads\/2025\/12\/A-jaszarokszallasi-Szent-Erzsebet-Karitasz-Csoport-keszuletei-december-10-en-a-december-15-16-an-megrendezesre-kerult-Betlehemi-jatekok-bemutatasahoz12.jpg\" rel=\"noreferrer\" data-rel=\"iLightbox[gallery_image_1]\" class=\"fusion-lightbox\" target=\"_self\"><img decoding=\"async\" src=\"https:\/\/karitaszeger.hu\/web\/wp-content\/uploads\/2025\/12\/A-jaszarokszallasi-Szent-Erzsebet-Karitasz-Csoport-keszuletei-december-10-en-a-december-15-16-an-megrendezesre-kerult-Betlehemi-jatekok-bemutatasahoz12.jpg\" width=\"2048\" height=\"1152\" alt=\"\" title=\"A ja\u0301sza\u0301roksza\u0301lla\u0301si Szent Erzse\u0301bet Karita\u0301sz Csoport ke\u0301szu\u0308letei december 10-e\u0301n a december 15 &#8211; 16-a\u0301n megrendeze\u0301sre keru\u0308lt Betlehemi ja\u0301te\u0301kok bemutata\u0301sa\u0301hoz12\" aria-label=\"A ja\u0301sza\u0301roksza\u0301lla\u0301si Szent Erzse\u0301bet Karita\u0301sz Csoport ke\u0301szu\u0308letei december 10-e\u0301n a december 15 &#8211; 16-a\u0301n megrendeze\u0301sre keru\u0308lt Betlehemi ja\u0301te\u0301kok bemutata\u0301sa\u0301hoz12\" class=\"img-responsive wp-image-6955\" srcset=\"https:\/\/karitaszeger.hu\/web\/wp-content\/uploads\/2025\/12\/A-jaszarokszallasi-Szent-Erzsebet-Karitasz-Csoport-keszuletei-december-10-en-a-december-15-16-an-megrendezesre-kerult-Betlehemi-jatekok-bemutatasahoz12-200x113.jpg 200w, https:\/\/karitaszeger.hu\/web\/wp-content\/uploads\/2025\/12\/A-jaszarokszallasi-Szent-Erzsebet-Karitasz-Csoport-keszuletei-december-10-en-a-december-15-16-an-megrendezesre-kerult-Betlehemi-jatekok-bemutatasahoz12-400x225.jpg 400w, https:\/\/karitaszeger.hu\/web\/wp-content\/uploads\/2025\/12\/A-jaszarokszallasi-Szent-Erzsebet-Karitasz-Csoport-keszuletei-december-10-en-a-december-15-16-an-megrendezesre-kerult-Betlehemi-jatekok-bemutatasahoz12-600x338.jpg 600w, https:\/\/karitaszeger.hu\/web\/wp-content\/uploads\/2025\/12\/A-jaszarokszallasi-Szent-Erzsebet-Karitasz-Csoport-keszuletei-december-10-en-a-december-15-16-an-megrendezesre-kerult-Betlehemi-jatekok-bemutatasahoz12-800x450.jpg 800w, https:\/\/karitaszeger.hu\/web\/wp-content\/uploads\/2025\/12\/A-jaszarokszallasi-Szent-Erzsebet-Karitasz-Csoport-keszuletei-december-10-en-a-december-15-16-an-megrendezesre-kerult-Betlehemi-jatekok-bemutatasahoz12-1200x675.jpg 1200w, https:\/\/karitaszeger.hu\/web\/wp-content\/uploads\/2025\/12\/A-jaszarokszallasi-Szent-Erzsebet-Karitasz-Csoport-keszuletei-december-10-en-a-december-15-16-an-megrendezesre-kerult-Betlehemi-jatekok-bemutatasahoz12.jpg 2048w\" sizes=\"(min-width: 2200px) 100vw, (min-width: 960px) 387px, (min-width: 800px) 580px, (min-width: 640px) 800px, \" \/><\/a><\/div><\/div><div class=\"clearfix\"><\/div><div style=\"padding:5px;\" class=\"fusion-grid-column fusion-gallery-column fusion-gallery-column-3 hover-type-none\"><div class=\"fusion-gallery-image\"><a href=\"https:\/\/karitaszeger.hu\/web\/wp-content\/uploads\/2025\/12\/A-jaszarokszallasi-Szent-Erzsebet-Karitasz-Csoport-keszuletei-december-10-en-a-december-15-16-an-megrendezesre-kerult-Betlehemi-jatekok-bemutatasahoz11.jpg\" rel=\"noreferrer\" data-rel=\"iLightbox[gallery_image_1]\" class=\"fusion-lightbox\" target=\"_self\"><img decoding=\"async\" src=\"https:\/\/karitaszeger.hu\/web\/wp-content\/uploads\/2025\/12\/A-jaszarokszallasi-Szent-Erzsebet-Karitasz-Csoport-keszuletei-december-10-en-a-december-15-16-an-megrendezesre-kerult-Betlehemi-jatekok-bemutatasahoz11.jpg\" width=\"480\" height=\"251\" alt=\"\" title=\"A ja\u0301sza\u0301roksza\u0301lla\u0301si Szent Erzse\u0301bet Karita\u0301sz Csoport ke\u0301szu\u0308letei december 10-e\u0301n a december 15 &#8211; 16-a\u0301n megrendeze\u0301sre keru\u0308lt Betlehemi ja\u0301te\u0301kok bemutata\u0301sa\u0301hoz11\" aria-label=\"A ja\u0301sza\u0301roksza\u0301lla\u0301si Szent Erzse\u0301bet Karita\u0301sz Csoport ke\u0301szu\u0308letei december 10-e\u0301n a december 15 &#8211; 16-a\u0301n megrendeze\u0301sre keru\u0308lt Betlehemi ja\u0301te\u0301kok bemutata\u0301sa\u0301hoz11\" class=\"img-responsive wp-image-6956\" srcset=\"https:\/\/karitaszeger.hu\/web\/wp-content\/uploads\/2025\/12\/A-jaszarokszallasi-Szent-Erzsebet-Karitasz-Csoport-keszuletei-december-10-en-a-december-15-16-an-megrendezesre-kerult-Betlehemi-jatekok-bemutatasahoz11-200x105.jpg 200w, https:\/\/karitaszeger.hu\/web\/wp-content\/uploads\/2025\/12\/A-jaszarokszallasi-Szent-Erzsebet-Karitasz-Csoport-keszuletei-december-10-en-a-december-15-16-an-megrendezesre-kerult-Betlehemi-jatekok-bemutatasahoz11-400x209.jpg 400w, https:\/\/karitaszeger.hu\/web\/wp-content\/uploads\/2025\/12\/A-jaszarokszallasi-Szent-Erzsebet-Karitasz-Csoport-keszuletei-december-10-en-a-december-15-16-an-megrendezesre-kerult-Betlehemi-jatekok-bemutatasahoz11.jpg 480w\" sizes=\"(min-width: 2200px) 100vw, (min-width: 960px) 387px, (min-width: 800px) 580px, (min-width: 640px) 800px, \" \/><\/a><\/div><\/div><div style=\"padding:5px;\" class=\"fusion-grid-column fusion-gallery-column fusion-gallery-column-3 hover-type-none\"><div class=\"fusion-gallery-image\"><a href=\"https:\/\/karitaszeger.hu\/web\/wp-content\/uploads\/2025\/12\/A-jaszarokszallasi-Szent-Erzsebet-Karitasz-Csoport-keszuletei-december-10-en-a-december-15-16-an-megrendezesre-kerult-Betlehemi-jatekok-bemutatasahoz10.jpg\" rel=\"noreferrer\" data-rel=\"iLightbox[gallery_image_1]\" class=\"fusion-lightbox\" target=\"_self\"><img decoding=\"async\" src=\"https:\/\/karitaszeger.hu\/web\/wp-content\/uploads\/2025\/12\/A-jaszarokszallasi-Szent-Erzsebet-Karitasz-Csoport-keszuletei-december-10-en-a-december-15-16-an-megrendezesre-kerult-Betlehemi-jatekok-bemutatasahoz10.jpg\" width=\"480\" height=\"640\" alt=\"\" title=\"A ja\u0301sza\u0301roksza\u0301lla\u0301si Szent Erzse\u0301bet Karita\u0301sz Csoport ke\u0301szu\u0308letei december 10-e\u0301n a december 15 &#8211; 16-a\u0301n megrendeze\u0301sre keru\u0308lt Betlehemi ja\u0301te\u0301kok bemutata\u0301sa\u0301hoz10\" aria-label=\"A ja\u0301sza\u0301roksza\u0301lla\u0301si Szent Erzse\u0301bet Karita\u0301sz Csoport ke\u0301szu\u0308letei december 10-e\u0301n a december 15 &#8211; 16-a\u0301n megrendeze\u0301sre keru\u0308lt Betlehemi ja\u0301te\u0301kok bemutata\u0301sa\u0301hoz10\" class=\"img-responsive wp-image-6957\" srcset=\"https:\/\/karitaszeger.hu\/web\/wp-content\/uploads\/2025\/12\/A-jaszarokszallasi-Szent-Erzsebet-Karitasz-Csoport-keszuletei-december-10-en-a-december-15-16-an-megrendezesre-kerult-Betlehemi-jatekok-bemutatasahoz10-200x267.jpg 200w, https:\/\/karitaszeger.hu\/web\/wp-content\/uploads\/2025\/12\/A-jaszarokszallasi-Szent-Erzsebet-Karitasz-Csoport-keszuletei-december-10-en-a-december-15-16-an-megrendezesre-kerult-Betlehemi-jatekok-bemutatasahoz10-400x533.jpg 400w, https:\/\/karitaszeger.hu\/web\/wp-content\/uploads\/2025\/12\/A-jaszarokszallasi-Szent-Erzsebet-Karitasz-Csoport-keszuletei-december-10-en-a-december-15-16-an-megrendezesre-kerult-Betlehemi-jatekok-bemutatasahoz10.jpg 480w\" sizes=\"(min-width: 2200px) 100vw, (min-width: 960px) 387px, (min-width: 800px) 580px, (min-width: 640px) 800px, \" \/><\/a><\/div><\/div><div style=\"padding:5px;\" class=\"fusion-grid-column fusion-gallery-column fusion-gallery-column-3 hover-type-none\"><div class=\"fusion-gallery-image\"><a href=\"https:\/\/karitaszeger.hu\/web\/wp-content\/uploads\/2025\/12\/A-jaszarokszallasi-Szent-Erzsebet-Karitasz-Csoport-keszuletei-december-10-en-a-december-15-16-an-megrendezesre-kerult-Betlehemi-jatekok-bemutatasahoz9.jpg\" rel=\"noreferrer\" data-rel=\"iLightbox[gallery_image_1]\" class=\"fusion-lightbox\" target=\"_self\"><img decoding=\"async\" src=\"https:\/\/karitaszeger.hu\/web\/wp-content\/uploads\/2025\/12\/A-jaszarokszallasi-Szent-Erzsebet-Karitasz-Csoport-keszuletei-december-10-en-a-december-15-16-an-megrendezesre-kerult-Betlehemi-jatekok-bemutatasahoz9.jpg\" width=\"480\" height=\"640\" alt=\"\" title=\"A ja\u0301sza\u0301roksza\u0301lla\u0301si Szent Erzse\u0301bet Karita\u0301sz Csoport ke\u0301szu\u0308letei december 10-e\u0301n a december 15 &#8211; 16-a\u0301n megrendeze\u0301sre keru\u0308lt Betlehemi ja\u0301te\u0301kok bemutata\u0301sa\u0301hoz9\" aria-label=\"A ja\u0301sza\u0301roksza\u0301lla\u0301si Szent Erzse\u0301bet Karita\u0301sz Csoport ke\u0301szu\u0308letei december 10-e\u0301n a december 15 &#8211; 16-a\u0301n megrendeze\u0301sre keru\u0308lt Betlehemi ja\u0301te\u0301kok bemutata\u0301sa\u0301hoz9\" class=\"img-responsive wp-image-6958\" srcset=\"https:\/\/karitaszeger.hu\/web\/wp-content\/uploads\/2025\/12\/A-jaszarokszallasi-Szent-Erzsebet-Karitasz-Csoport-keszuletei-december-10-en-a-december-15-16-an-megrendezesre-kerult-Betlehemi-jatekok-bemutatasahoz9-200x267.jpg 200w, https:\/\/karitaszeger.hu\/web\/wp-content\/uploads\/2025\/12\/A-jaszarokszallasi-Szent-Erzsebet-Karitasz-Csoport-keszuletei-december-10-en-a-december-15-16-an-megrendezesre-kerult-Betlehemi-jatekok-bemutatasahoz9-400x533.jpg 400w, https:\/\/karitaszeger.hu\/web\/wp-content\/uploads\/2025\/12\/A-jaszarokszallasi-Szent-Erzsebet-Karitasz-Csoport-keszuletei-december-10-en-a-december-15-16-an-megrendezesre-kerult-Betlehemi-jatekok-bemutatasahoz9.jpg 480w\" sizes=\"(min-width: 2200px) 100vw, (min-width: 960px) 387px, (min-width: 800px) 580px, (min-width: 640px) 800px, \" \/><\/a><\/div><\/div><div class=\"clearfix\"><\/div><div style=\"padding:5px;\" class=\"fusion-grid-column fusion-gallery-column fusion-gallery-column-3 hover-type-none\"><div class=\"fusion-gallery-image\"><a href=\"https:\/\/karitaszeger.hu\/web\/wp-content\/uploads\/2025\/12\/A-jaszarokszallasi-Szent-Erzsebet-Karitasz-Csoport-keszuletei-december-10-en-a-december-15-16-an-megrendezesre-kerult-Betlehemi-jatekok-bemutatasahoz8.jpg\" rel=\"noreferrer\" data-rel=\"iLightbox[gallery_image_1]\" class=\"fusion-lightbox\" target=\"_self\"><img decoding=\"async\" src=\"https:\/\/karitaszeger.hu\/web\/wp-content\/uploads\/2025\/12\/A-jaszarokszallasi-Szent-Erzsebet-Karitasz-Csoport-keszuletei-december-10-en-a-december-15-16-an-megrendezesre-kerult-Betlehemi-jatekok-bemutatasahoz8.jpg\" width=\"480\" height=\"640\" alt=\"\" title=\"A ja\u0301sza\u0301roksza\u0301lla\u0301si Szent Erzse\u0301bet Karita\u0301sz Csoport ke\u0301szu\u0308letei december 10-e\u0301n a december 15 &#8211; 16-a\u0301n megrendeze\u0301sre keru\u0308lt Betlehemi ja\u0301te\u0301kok bemutata\u0301sa\u0301hoz8\" aria-label=\"A ja\u0301sza\u0301roksza\u0301lla\u0301si Szent Erzse\u0301bet Karita\u0301sz Csoport ke\u0301szu\u0308letei december 10-e\u0301n a december 15 &#8211; 16-a\u0301n megrendeze\u0301sre keru\u0308lt Betlehemi ja\u0301te\u0301kok bemutata\u0301sa\u0301hoz8\" class=\"img-responsive wp-image-6959\" srcset=\"https:\/\/karitaszeger.hu\/web\/wp-content\/uploads\/2025\/12\/A-jaszarokszallasi-Szent-Erzsebet-Karitasz-Csoport-keszuletei-december-10-en-a-december-15-16-an-megrendezesre-kerult-Betlehemi-jatekok-bemutatasahoz8-200x267.jpg 200w, https:\/\/karitaszeger.hu\/web\/wp-content\/uploads\/2025\/12\/A-jaszarokszallasi-Szent-Erzsebet-Karitasz-Csoport-keszuletei-december-10-en-a-december-15-16-an-megrendezesre-kerult-Betlehemi-jatekok-bemutatasahoz8-400x533.jpg 400w, https:\/\/karitaszeger.hu\/web\/wp-content\/uploads\/2025\/12\/A-jaszarokszallasi-Szent-Erzsebet-Karitasz-Csoport-keszuletei-december-10-en-a-december-15-16-an-megrendezesre-kerult-Betlehemi-jatekok-bemutatasahoz8.jpg 480w\" sizes=\"(min-width: 2200px) 100vw, (min-width: 960px) 387px, (min-width: 800px) 580px, (min-width: 640px) 800px, \" \/><\/a><\/div><\/div><div style=\"padding:5px;\" class=\"fusion-grid-column fusion-gallery-column fusion-gallery-column-3 hover-type-none\"><div class=\"fusion-gallery-image\"><a href=\"https:\/\/karitaszeger.hu\/web\/wp-content\/uploads\/2025\/12\/A-jaszarokszallasi-Szent-Erzsebet-Karitasz-Csoport-keszuletei-december-10-en-a-december-15-16-an-megrendezesre-kerult-Betlehemi-jatekok-bemutatasahoz7.jpg\" rel=\"noreferrer\" data-rel=\"iLightbox[gallery_image_1]\" class=\"fusion-lightbox\" target=\"_self\"><img decoding=\"async\" src=\"https:\/\/karitaszeger.hu\/web\/wp-content\/uploads\/2025\/12\/A-jaszarokszallasi-Szent-Erzsebet-Karitasz-Csoport-keszuletei-december-10-en-a-december-15-16-an-megrendezesre-kerult-Betlehemi-jatekok-bemutatasahoz7.jpg\" width=\"480\" height=\"640\" alt=\"\" title=\"A ja\u0301sza\u0301roksza\u0301lla\u0301si Szent Erzse\u0301bet Karita\u0301sz Csoport ke\u0301szu\u0308letei december 10-e\u0301n a december 15 &#8211; 16-a\u0301n megrendeze\u0301sre keru\u0308lt Betlehemi ja\u0301te\u0301kok bemutata\u0301sa\u0301hoz7\" aria-label=\"A ja\u0301sza\u0301roksza\u0301lla\u0301si Szent Erzse\u0301bet Karita\u0301sz Csoport ke\u0301szu\u0308letei december 10-e\u0301n a december 15 &#8211; 16-a\u0301n megrendeze\u0301sre keru\u0308lt Betlehemi ja\u0301te\u0301kok bemutata\u0301sa\u0301hoz7\" class=\"img-responsive wp-image-6960\" srcset=\"https:\/\/karitaszeger.hu\/web\/wp-content\/uploads\/2025\/12\/A-jaszarokszallasi-Szent-Erzsebet-Karitasz-Csoport-keszuletei-december-10-en-a-december-15-16-an-megrendezesre-kerult-Betlehemi-jatekok-bemutatasahoz7-200x267.jpg 200w, https:\/\/karitaszeger.hu\/web\/wp-content\/uploads\/2025\/12\/A-jaszarokszallasi-Szent-Erzsebet-Karitasz-Csoport-keszuletei-december-10-en-a-december-15-16-an-megrendezesre-kerult-Betlehemi-jatekok-bemutatasahoz7-400x533.jpg 400w, https:\/\/karitaszeger.hu\/web\/wp-content\/uploads\/2025\/12\/A-jaszarokszallasi-Szent-Erzsebet-Karitasz-Csoport-keszuletei-december-10-en-a-december-15-16-an-megrendezesre-kerult-Betlehemi-jatekok-bemutatasahoz7.jpg 480w\" sizes=\"(min-width: 2200px) 100vw, (min-width: 960px) 387px, (min-width: 800px) 580px, (min-width: 640px) 800px, \" \/><\/a><\/div><\/div><div style=\"padding:5px;\" class=\"fusion-grid-column fusion-gallery-column fusion-gallery-column-3 hover-type-none\"><div class=\"fusion-gallery-image\"><a href=\"https:\/\/karitaszeger.hu\/web\/wp-content\/uploads\/2025\/12\/A-jaszarokszallasi-Szent-Erzsebet-Karitasz-Csoport-keszuletei-december-10-en-a-december-15-16-an-megrendezesre-kerult-Betlehemi-jatekok-bemutatasahoz6.jpg\" rel=\"noreferrer\" data-rel=\"iLightbox[gallery_image_1]\" class=\"fusion-lightbox\" target=\"_self\"><img decoding=\"async\" src=\"https:\/\/karitaszeger.hu\/web\/wp-content\/uploads\/2025\/12\/A-jaszarokszallasi-Szent-Erzsebet-Karitasz-Csoport-keszuletei-december-10-en-a-december-15-16-an-megrendezesre-kerult-Betlehemi-jatekok-bemutatasahoz6.jpg\" width=\"480\" height=\"640\" alt=\"\" title=\"A ja\u0301sza\u0301roksza\u0301lla\u0301si Szent Erzse\u0301bet Karita\u0301sz Csoport ke\u0301szu\u0308letei december 10-e\u0301n a december 15 &#8211; 16-a\u0301n megrendeze\u0301sre keru\u0308lt Betlehemi ja\u0301te\u0301kok bemutata\u0301sa\u0301hoz6\" aria-label=\"A ja\u0301sza\u0301roksza\u0301lla\u0301si Szent Erzse\u0301bet Karita\u0301sz Csoport ke\u0301szu\u0308letei december 10-e\u0301n a december 15 &#8211; 16-a\u0301n megrendeze\u0301sre keru\u0308lt Betlehemi ja\u0301te\u0301kok bemutata\u0301sa\u0301hoz6\" class=\"img-responsive wp-image-6961\" srcset=\"https:\/\/karitaszeger.hu\/web\/wp-content\/uploads\/2025\/12\/A-jaszarokszallasi-Szent-Erzsebet-Karitasz-Csoport-keszuletei-december-10-en-a-december-15-16-an-megrendezesre-kerult-Betlehemi-jatekok-bemutatasahoz6-200x267.jpg 200w, https:\/\/karitaszeger.hu\/web\/wp-content\/uploads\/2025\/12\/A-jaszarokszallasi-Szent-Erzsebet-Karitasz-Csoport-keszuletei-december-10-en-a-december-15-16-an-megrendezesre-kerult-Betlehemi-jatekok-bemutatasahoz6-400x533.jpg 400w, https:\/\/karitaszeger.hu\/web\/wp-content\/uploads\/2025\/12\/A-jaszarokszallasi-Szent-Erzsebet-Karitasz-Csoport-keszuletei-december-10-en-a-december-15-16-an-megrendezesre-kerult-Betlehemi-jatekok-bemutatasahoz6.jpg 480w\" sizes=\"(min-width: 2200px) 100vw, (min-width: 960px) 387px, (min-width: 800px) 580px, (min-width: 640px) 800px, \" \/><\/a><\/div><\/div><div class=\"clearfix\"><\/div><div style=\"padding:5px;\" class=\"fusion-grid-column fusion-gallery-column fusion-gallery-column-3 hover-type-none\"><div class=\"fusion-gallery-image\"><a href=\"https:\/\/karitaszeger.hu\/web\/wp-content\/uploads\/2025\/12\/A-jaszarokszallasi-Szent-Erzsebet-Karitasz-Csoport-keszuletei-december-10-en-a-december-15-16-an-megrendezesre-kerult-Betlehemi-jatekok-bemutatasahoz5.jpg\" rel=\"noreferrer\" data-rel=\"iLightbox[gallery_image_1]\" class=\"fusion-lightbox\" target=\"_self\"><img decoding=\"async\" src=\"https:\/\/karitaszeger.hu\/web\/wp-content\/uploads\/2025\/12\/A-jaszarokszallasi-Szent-Erzsebet-Karitasz-Csoport-keszuletei-december-10-en-a-december-15-16-an-megrendezesre-kerult-Betlehemi-jatekok-bemutatasahoz5.jpg\" width=\"480\" height=\"360\" alt=\"\" title=\"A ja\u0301sza\u0301roksza\u0301lla\u0301si Szent Erzse\u0301bet Karita\u0301sz Csoport ke\u0301szu\u0308letei december 10-e\u0301n a december 15 &#8211; 16-a\u0301n megrendeze\u0301sre keru\u0308lt Betlehemi ja\u0301te\u0301kok bemutata\u0301sa\u0301hoz5\" aria-label=\"A ja\u0301sza\u0301roksza\u0301lla\u0301si Szent Erzse\u0301bet Karita\u0301sz Csoport ke\u0301szu\u0308letei december 10-e\u0301n a december 15 &#8211; 16-a\u0301n megrendeze\u0301sre keru\u0308lt Betlehemi ja\u0301te\u0301kok bemutata\u0301sa\u0301hoz5\" class=\"img-responsive wp-image-6962\" srcset=\"https:\/\/karitaszeger.hu\/web\/wp-content\/uploads\/2025\/12\/A-jaszarokszallasi-Szent-Erzsebet-Karitasz-Csoport-keszuletei-december-10-en-a-december-15-16-an-megrendezesre-kerult-Betlehemi-jatekok-bemutatasahoz5-200x150.jpg 200w, https:\/\/karitaszeger.hu\/web\/wp-content\/uploads\/2025\/12\/A-jaszarokszallasi-Szent-Erzsebet-Karitasz-Csoport-keszuletei-december-10-en-a-december-15-16-an-megrendezesre-kerult-Betlehemi-jatekok-bemutatasahoz5-400x300.jpg 400w, https:\/\/karitaszeger.hu\/web\/wp-content\/uploads\/2025\/12\/A-jaszarokszallasi-Szent-Erzsebet-Karitasz-Csoport-keszuletei-december-10-en-a-december-15-16-an-megrendezesre-kerult-Betlehemi-jatekok-bemutatasahoz5.jpg 480w\" sizes=\"(min-width: 2200px) 100vw, (min-width: 960px) 387px, (min-width: 800px) 580px, (min-width: 640px) 800px, \" \/><\/a><\/div><\/div><div style=\"padding:5px;\" class=\"fusion-grid-column fusion-gallery-column fusion-gallery-column-3 hover-type-none\"><div class=\"fusion-gallery-image\"><a href=\"https:\/\/karitaszeger.hu\/web\/wp-content\/uploads\/2025\/12\/A-jaszarokszallasi-Szent-Erzsebet-Karitasz-Csoport-keszuletei-december-10-en-a-december-15-16-an-megrendezesre-kerult-Betlehemi-jatekok-bemutatasahoz4.jpg\" rel=\"noreferrer\" data-rel=\"iLightbox[gallery_image_1]\" class=\"fusion-lightbox\" target=\"_self\"><img decoding=\"async\" src=\"https:\/\/karitaszeger.hu\/web\/wp-content\/uploads\/2025\/12\/A-jaszarokszallasi-Szent-Erzsebet-Karitasz-Csoport-keszuletei-december-10-en-a-december-15-16-an-megrendezesre-kerult-Betlehemi-jatekok-bemutatasahoz4.jpg\" width=\"480\" height=\"853\" alt=\"\" title=\"A ja\u0301sza\u0301roksza\u0301lla\u0301si Szent Erzse\u0301bet Karita\u0301sz Csoport ke\u0301szu\u0308letei december 10-e\u0301n a december 15 &#8211; 16-a\u0301n megrendeze\u0301sre keru\u0308lt Betlehemi ja\u0301te\u0301kok bemutata\u0301sa\u0301hoz4\" aria-label=\"A ja\u0301sza\u0301roksza\u0301lla\u0301si Szent Erzse\u0301bet Karita\u0301sz Csoport ke\u0301szu\u0308letei december 10-e\u0301n a december 15 &#8211; 16-a\u0301n megrendeze\u0301sre keru\u0308lt Betlehemi ja\u0301te\u0301kok bemutata\u0301sa\u0301hoz4\" class=\"img-responsive wp-image-6963\" srcset=\"https:\/\/karitaszeger.hu\/web\/wp-content\/uploads\/2025\/12\/A-jaszarokszallasi-Szent-Erzsebet-Karitasz-Csoport-keszuletei-december-10-en-a-december-15-16-an-megrendezesre-kerult-Betlehemi-jatekok-bemutatasahoz4-200x355.jpg 200w, https:\/\/karitaszeger.hu\/web\/wp-content\/uploads\/2025\/12\/A-jaszarokszallasi-Szent-Erzsebet-Karitasz-Csoport-keszuletei-december-10-en-a-december-15-16-an-megrendezesre-kerult-Betlehemi-jatekok-bemutatasahoz4-400x711.jpg 400w, https:\/\/karitaszeger.hu\/web\/wp-content\/uploads\/2025\/12\/A-jaszarokszallasi-Szent-Erzsebet-Karitasz-Csoport-keszuletei-december-10-en-a-december-15-16-an-megrendezesre-kerult-Betlehemi-jatekok-bemutatasahoz4.jpg 480w\" sizes=\"(min-width: 2200px) 100vw, (min-width: 960px) 387px, (min-width: 800px) 580px, (min-width: 640px) 800px, \" \/><\/a><\/div><\/div><div style=\"padding:5px;\" class=\"fusion-grid-column fusion-gallery-column fusion-gallery-column-3 hover-type-none\"><div class=\"fusion-gallery-image\"><a href=\"https:\/\/karitaszeger.hu\/web\/wp-content\/uploads\/2025\/12\/A-jaszarokszallasi-Szent-Erzsebet-Karitasz-Csoport-keszuletei-december-10-en-a-december-15-16-an-megrendezesre-kerult-Betlehemi-jatekok-bemutatasahoz3.jpg\" rel=\"noreferrer\" data-rel=\"iLightbox[gallery_image_1]\" class=\"fusion-lightbox\" target=\"_self\"><img decoding=\"async\" src=\"https:\/\/karitaszeger.hu\/web\/wp-content\/uploads\/2025\/12\/A-jaszarokszallasi-Szent-Erzsebet-Karitasz-Csoport-keszuletei-december-10-en-a-december-15-16-an-megrendezesre-kerult-Betlehemi-jatekok-bemutatasahoz3.jpg\" width=\"480\" height=\"640\" alt=\"\" title=\"A ja\u0301sza\u0301roksza\u0301lla\u0301si Szent Erzse\u0301bet Karita\u0301sz Csoport ke\u0301szu\u0308letei december 10-e\u0301n a december 15 &#8211; 16-a\u0301n megrendeze\u0301sre keru\u0308lt Betlehemi ja\u0301te\u0301kok bemutata\u0301sa\u0301hoz3\" aria-label=\"A ja\u0301sza\u0301roksza\u0301lla\u0301si Szent Erzse\u0301bet Karita\u0301sz Csoport ke\u0301szu\u0308letei december 10-e\u0301n a december 15 &#8211; 16-a\u0301n megrendeze\u0301sre keru\u0308lt Betlehemi ja\u0301te\u0301kok bemutata\u0301sa\u0301hoz3\" class=\"img-responsive wp-image-6964\" srcset=\"https:\/\/karitaszeger.hu\/web\/wp-content\/uploads\/2025\/12\/A-jaszarokszallasi-Szent-Erzsebet-Karitasz-Csoport-keszuletei-december-10-en-a-december-15-16-an-megrendezesre-kerult-Betlehemi-jatekok-bemutatasahoz3-200x267.jpg 200w, https:\/\/karitaszeger.hu\/web\/wp-content\/uploads\/2025\/12\/A-jaszarokszallasi-Szent-Erzsebet-Karitasz-Csoport-keszuletei-december-10-en-a-december-15-16-an-megrendezesre-kerult-Betlehemi-jatekok-bemutatasahoz3-400x533.jpg 400w, https:\/\/karitaszeger.hu\/web\/wp-content\/uploads\/2025\/12\/A-jaszarokszallasi-Szent-Erzsebet-Karitasz-Csoport-keszuletei-december-10-en-a-december-15-16-an-megrendezesre-kerult-Betlehemi-jatekok-bemutatasahoz3.jpg 480w\" sizes=\"(min-width: 2200px) 100vw, (min-width: 960px) 387px, (min-width: 800px) 580px, (min-width: 640px) 800px, \" \/><\/a><\/div><\/div><div class=\"clearfix\"><\/div><div style=\"padding:5px;\" class=\"fusion-grid-column fusion-gallery-column fusion-gallery-column-3 hover-type-none\"><div class=\"fusion-gallery-image\"><a href=\"https:\/\/karitaszeger.hu\/web\/wp-content\/uploads\/2025\/12\/A-jaszarokszallasi-Szent-Erzsebet-Karitasz-Csoport-keszuletei-december-10-en-a-december-15-16-an-megrendezesre-kerult-Betlehemi-jatekok-bemutatasahoz2.jpg\" rel=\"noreferrer\" data-rel=\"iLightbox[gallery_image_1]\" class=\"fusion-lightbox\" target=\"_self\"><img decoding=\"async\" src=\"https:\/\/karitaszeger.hu\/web\/wp-content\/uploads\/2025\/12\/A-jaszarokszallasi-Szent-Erzsebet-Karitasz-Csoport-keszuletei-december-10-en-a-december-15-16-an-megrendezesre-kerult-Betlehemi-jatekok-bemutatasahoz2.jpg\" width=\"480\" height=\"853\" alt=\"\" title=\"A ja\u0301sza\u0301roksza\u0301lla\u0301si Szent Erzse\u0301bet Karita\u0301sz Csoport ke\u0301szu\u0308letei december 10-e\u0301n a december 15 &#8211; 16-a\u0301n megrendeze\u0301sre keru\u0308lt Betlehemi ja\u0301te\u0301kok bemutata\u0301sa\u0301hoz2\" aria-label=\"A ja\u0301sza\u0301roksza\u0301lla\u0301si Szent Erzse\u0301bet Karita\u0301sz Csoport ke\u0301szu\u0308letei december 10-e\u0301n a december 15 &#8211; 16-a\u0301n megrendeze\u0301sre keru\u0308lt Betlehemi ja\u0301te\u0301kok bemutata\u0301sa\u0301hoz2\" class=\"img-responsive wp-image-6965\" srcset=\"https:\/\/karitaszeger.hu\/web\/wp-content\/uploads\/2025\/12\/A-jaszarokszallasi-Szent-Erzsebet-Karitasz-Csoport-keszuletei-december-10-en-a-december-15-16-an-megrendezesre-kerult-Betlehemi-jatekok-bemutatasahoz2-200x355.jpg 200w, https:\/\/karitaszeger.hu\/web\/wp-content\/uploads\/2025\/12\/A-jaszarokszallasi-Szent-Erzsebet-Karitasz-Csoport-keszuletei-december-10-en-a-december-15-16-an-megrendezesre-kerult-Betlehemi-jatekok-bemutatasahoz2-400x711.jpg 400w, https:\/\/karitaszeger.hu\/web\/wp-content\/uploads\/2025\/12\/A-jaszarokszallasi-Szent-Erzsebet-Karitasz-Csoport-keszuletei-december-10-en-a-december-15-16-an-megrendezesre-kerult-Betlehemi-jatekok-bemutatasahoz2.jpg 480w\" sizes=\"(min-width: 2200px) 100vw, (min-width: 960px) 387px, (min-width: 800px) 580px, (min-width: 640px) 800px, \" \/><\/a><\/div><\/div><\/div><\/div><\/div><\/div><\/div><\/div><div class=\"fusion-fullwidth fullwidth-box fusion-builder-row-2 fusion-flex-container fusion-parallax-none nonhundred-percent-fullwidth non-hundred-percent-height-scrolling\" style=\"--awb-border-sizes-top:0px;--awb-border-sizes-bottom:0px;--awb-border-sizes-left:0px;--awb-border-sizes-right:0px;--awb-border-radius-top-left:0px;--awb-border-radius-top-right:0px;--awb-border-radius-bottom-right:0px;--awb-border-radius-bottom-left:0px;--awb-padding-top:150px;--awb-padding-bottom:150px;--awb-background-image:url(&quot;https:\/\/karitaszeger.hu\/web\/wp-content\/uploads\/2021\/03\/segits-scaled.jpg&quot;);--awb-background-size:cover;--awb-flex-wrap:wrap;\" ><div class=\"fusion-builder-row fusion-row fusion-flex-align-items-flex-start fusion-flex-content-wrap\" style=\"max-width:calc( 1170px + 0px );margin-left: calc(-0px \/ 2 );margin-right: calc(-0px \/ 2 );\"><div class=\"fusion-layout-column fusion_builder_column fusion-builder-column-1 fusion_builder_column_1_1 1_1 fusion-flex-column\" style=\"--awb-padding-right:11%;--awb-padding-left:11%;--awb-bg-size:cover;--awb-width-large:100%;--awb-margin-top-large:0px;--awb-spacing-right-large:0px;--awb-margin-bottom-large:20px;--awb-spacing-left-large:0px;--awb-width-medium:100%;--awb-spacing-right-medium:0px;--awb-spacing-left-medium:0px;--awb-width-small:100%;--awb-spacing-right-small:0px;--awb-spacing-left-small:0px;\"><div class=\"fusion-column-wrapper fusion-flex-justify-content-flex-start fusion-content-layout-column\"><div class=\"fusion-title title fusion-title-1 fusion-sep-none fusion-title-center fusion-title-text fusion-title-size-two\" style=\"--awb-text-color:#ffffff;--awb-margin-top-small:0px;--awb-margin-right-small:0px;--awb-margin-bottom-small:20px;--awb-margin-left-small:0px;\"><h2 class=\"fusion-title-heading title-heading-center\" style=\"margin:0;line-height:1;\"><h2 class=\"piros kozepre\"><span style=\"color: #ffffff;\">AZ \u00d6N SEG\u00cdTS\u00c9G\u00c9RE\u00a0IS SZ\u00dcKS\u00c9G VAN!<\/span><\/h2>\n<div class=\"content\"><\/div><\/h2><\/div><div class=\"fusion-separator\" style=\"align-self: center;margin-left: auto;margin-right: auto;margin-top:0px;margin-bottom:40px;width:100%;max-width:200px;\"><div class=\"fusion-separator-border sep-single sep-solid\" style=\"--awb-height:20px;--awb-amount:20px;--awb-sep-color:#f44336;border-color:#f44336;border-top-width:3px;\"><\/div><\/div><div class=\"fusion-text fusion-text-2\"><h2 style=\"text-align: center;\"><span style=\"color: #ffffff;\"><strong>1356 \u2013 H\u00cdVJON, HOGY SEG\u00cdTHESS\u00dcNK!<\/strong><\/span><\/h2>\n<\/div><div class=\"fusion-builder-row fusion-builder-row-inner fusion-row fusion-flex-align-items-flex-start fusion-flex-content-wrap\" style=\"--awb-flex-grow:0;--awb-flex-grow-medium:0;--awb-flex-grow-small:0;--awb-flex-shrink:0;--awb-flex-shrink-medium:0;--awb-flex-shrink-small:0;width:calc( 100% + 0px ) !important;max-width:calc( 100% + 0px ) !important;margin-left: calc(-0px \/ 2 );margin-right: calc(-0px \/ 2 );\"><div class=\"fusion-layout-column fusion_builder_column_inner fusion-builder-nested-column-0 fusion_builder_column_inner_1_3 1_3 fusion-flex-column\" style=\"--awb-bg-size:cover;--awb-width-large:33.333333333333%;--awb-margin-top-large:0px;--awb-spacing-right-large:0px;--awb-margin-bottom-large:20px;--awb-spacing-left-large:0px;--awb-width-medium:100%;--awb-order-medium:0;--awb-spacing-right-medium:0px;--awb-spacing-left-medium:0px;--awb-width-small:100%;--awb-order-small:0;--awb-spacing-right-small:0px;--awb-spacing-left-small:0px;\"><div class=\"fusion-column-wrapper fusion-column-has-shadow fusion-flex-justify-content-flex-start fusion-content-layout-column\"><\/div><\/div><div class=\"fusion-layout-column fusion_builder_column_inner fusion-builder-nested-column-1 fusion_builder_column_inner_1_3 1_3 fusion-flex-column fusion-animated\" style=\"--awb-bg-color:#f44336;--awb-bg-color-hover:#f44336;--awb-bg-size:cover;--awb-width-large:33.333333333333%;--awb-margin-top-large:0px;--awb-spacing-right-large:0px;--awb-margin-bottom-large:20px;--awb-spacing-left-large:0px;--awb-width-medium:100%;--awb-order-medium:0;--awb-spacing-right-medium:0px;--awb-spacing-left-medium:0px;--awb-width-small:100%;--awb-order-small:0;--awb-spacing-right-small:0px;--awb-spacing-left-small:0px;\" data-animationType=\"bounceInDown\" data-animationDuration=\"1.3\" data-animationOffset=\"top-into-view\"><div class=\"fusion-column-wrapper fusion-column-has-shadow fusion-flex-justify-content-flex-start fusion-content-layout-column\"><div style=\"text-align:center;\"><a class=\"fusion-button button-flat fusion-button-default-size button-custom fusion-button-default button-1 fusion-button-default-span fusion-button-default-type fusion-has-button-gradient\" style=\"--button_accent_color:#ffffff;--button_accent_hover_color:#f44336;--button_border_hover_color:#f44336;--button_border_width-top:0px;--button_border_width-right:0px;--button_border_width-bottom:0px;--button_border_width-left:0px;--button_gradient_top_color:rgba(254,201,107,0);--button_gradient_bottom_color:rgba(254,201,107,0);--button_gradient_top_color_hover:#ffffff;--button_gradient_bottom_color_hover:rgba(0,0,0,0);\" target=\"_self\" href=\"#\"><i class=\"fa-credit-card fas awb-button__icon awb-button__icon--default button-icon-left\" aria-hidden=\"true\"><\/i><span class=\"fusion-button-text awb-button__text awb-button__text--default\">ONLINE ADOM\u00c1NYOZ\u00c1S<\/span><\/a><\/div><\/div><\/div><div class=\"fusion-layout-column fusion_builder_column_inner fusion-builder-nested-column-2 fusion_builder_column_inner_1_3 1_3 fusion-flex-column\" style=\"--awb-bg-size:cover;--awb-width-large:33.333333333333%;--awb-margin-top-large:0px;--awb-spacing-right-large:0px;--awb-margin-bottom-large:20px;--awb-spacing-left-large:0px;--awb-width-medium:100%;--awb-order-medium:0;--awb-spacing-right-medium:0px;--awb-spacing-left-medium:0px;--awb-width-small:100%;--awb-order-small:0;--awb-spacing-right-small:0px;--awb-spacing-left-small:0px;\"><div class=\"fusion-column-wrapper fusion-column-has-shadow fusion-flex-justify-content-flex-start fusion-content-layout-column\"><\/div><\/div><\/div><\/div><\/div><\/div><\/div><div class=\"fusion-fullwidth fullwidth-box fusion-builder-row-3 fusion-flex-container nonhundred-percent-fullwidth non-hundred-percent-height-scrolling\" style=\"--awb-border-radius-top-left:0px;--awb-border-radius-top-right:0px;--awb-border-radius-bottom-right:0px;--awb-border-radius-bottom-left:0px;--awb-flex-wrap:wrap;\" ><div class=\"fusion-builder-row fusion-row fusion-flex-align-items-flex-start fusion-flex-content-wrap\" style=\"max-width:1216.8px;margin-left: calc(-4% \/ 2 );margin-right: calc(-4% \/ 2 );\"><div class=\"fusion-layout-column fusion_builder_column fusion-builder-column-2 fusion_builder_column_1_1 1_1 fusion-flex-column\" style=\"--awb-bg-size:cover;--awb-width-large:100%;--awb-margin-top-large:0px;--awb-spacing-right-large:1.92%;--awb-margin-bottom-large:0px;--awb-spacing-left-large:1.92%;--awb-width-medium:100%;--awb-spacing-right-medium:1.92%;--awb-spacing-left-medium:1.92%;--awb-width-small:100%;--awb-spacing-right-small:1.92%;--awb-spacing-left-small:1.92%;\"><div class=\"fusion-column-wrapper fusion-flex-justify-content-flex-start fusion-content-layout-column\"><div class=\"fusion-text fusion-text-3\"><\/div><\/div><\/div><\/div><\/div><div class=\"fusion-fullwidth fullwidth-box fusion-builder-row-4 fusion-flex-container nonhundred-percent-fullwidth non-hundred-percent-height-scrolling\" style=\"--awb-border-radius-top-left:0px;--awb-border-radius-top-right:0px;--awb-border-radius-bottom-right:0px;--awb-border-radius-bottom-left:0px;--awb-flex-wrap:wrap;\" ><div class=\"fusion-builder-row fusion-row fusion-flex-align-items-flex-start fusion-flex-content-wrap\" style=\"max-width:1216.8px;margin-left: calc(-4% \/ 2 );margin-right: calc(-4% \/ 2 );\"><div class=\"fusion-layout-column fusion_builder_column fusion-builder-column-3 fusion_builder_column_1_1 1_1 fusion-flex-column\" style=\"--awb-bg-size:cover;--awb-width-large:100%;--awb-margin-top-large:0px;--awb-spacing-right-large:1.92%;--awb-margin-bottom-large:0px;--awb-spacing-left-large:1.92%;--awb-width-medium:100%;--awb-spacing-right-medium:1.92%;--awb-spacing-left-medium:1.92%;--awb-width-small:100%;--awb-spacing-right-small:1.92%;--awb-spacing-left-small:1.92%;\"><div class=\"fusion-column-wrapper fusion-flex-justify-content-flex-start fusion-content-layout-column\"><div class=\"fusion-text fusion-text-4\"><\/div><\/div><\/div><\/div><\/div><\/p>\n","protected":false},"excerpt":{"rendered":"","protected":false},"author":7,"featured_media":6953,"comment_status":"open","ping_status":"open","sticky":false,"template":"","format":"standard","meta":{"footnotes":""},"categories":[107],"tags":[],"class_list":["post-6952","post","type-post","status-publish","format-standard","has-post-thumbnail","hentry","category-hirek"],"_links":{"self":[{"href":"https:\/\/karitaszeger.hu\/web\/wp-json\/wp\/v2\/posts\/6952","targetHints":{"allow":["GET"]}}],"collection":[{"href":"https:\/\/karitaszeger.hu\/web\/wp-json\/wp\/v2\/posts"}],"about":[{"href":"https:\/\/karitaszeger.hu\/web\/wp-json\/wp\/v2\/types\/post"}],"author":[{"embeddable":true,"href":"https:\/\/karitaszeger.hu\/web\/wp-json\/wp\/v2\/users\/7"}],"replies":[{"embeddable":true,"href":"https:\/\/karitaszeger.hu\/web\/wp-json\/wp\/v2\/comments?post=6952"}],"version-history":[{"count":1,"href":"https:\/\/karitaszeger.hu\/web\/wp-json\/wp\/v2\/posts\/6952\/revisions"}],"predecessor-version":[{"id":6966,"href":"https:\/\/karitaszeger.hu\/web\/wp-json\/wp\/v2\/posts\/6952\/revisions\/6966"}],"wp:featuredmedia":[{"embeddable":true,"href":"https:\/\/karitaszeger.hu\/web\/wp-json\/wp\/v2\/media\/6953"}],"wp:attachment":[{"href":"https:\/\/karitaszeger.hu\/web\/wp-json\/wp\/v2\/media?parent=6952"}],"wp:term":[{"taxonomy":"category","embeddable":true,"href":"https:\/\/karitaszeger.hu\/web\/wp-json\/wp\/v2\/categories?post=6952"},{"taxonomy":"post_tag","embeddable":true,"href":"https:\/\/karitaszeger.hu\/web\/wp-json\/wp\/v2\/tags?post=6952"}],"curies":[{"name":"wp","href":"https:\/\/api.w.org\/{rel}","templated":true}]}}