{"id":7024,"date":"2025-12-21T14:25:36","date_gmt":"2025-12-21T13:25:36","guid":{"rendered":"https:\/\/karitaszeger.hu\/web\/?p=7024"},"modified":"2026-02-04T14:26:47","modified_gmt":"2026-02-04T13:26:47","slug":"karitasz-csoportunk-az-adventi-idoszakban-77-kisgyermeket-nevelo-csalad-reszere-juttatott-el-tartos-elelmiszer-adomanyt","status":"publish","type":"post","link":"https:\/\/karitaszeger.hu\/web\/2025\/12\/21\/karitasz-csoportunk-az-adventi-idoszakban-77-kisgyermeket-nevelo-csalad-reszere-juttatott-el-tartos-elelmiszer-adomanyt\/","title":{"rendered":"Karit\u00e1sz csoportunk az adventi id\u0151szakban 77 kisgyermeket nevel\u0151 csal\u00e1d r\u00e9sz\u00e9re juttatott el tart\u00f3s \u00e9lelmiszer adom\u00e1nyt"},"content":{"rendered":"<p><div class=\"fusion-fullwidth fullwidth-box fusion-builder-row-1 fusion-flex-container nonhundred-percent-fullwidth non-hundred-percent-height-scrolling\" style=\"--awb-border-radius-top-left:0px;--awb-border-radius-top-right:0px;--awb-border-radius-bottom-right:0px;--awb-border-radius-bottom-left:0px;--awb-padding-bottom:30px;--awb-flex-wrap:wrap;\" ><div class=\"fusion-builder-row fusion-row fusion-flex-align-items-flex-start fusion-flex-content-wrap\" style=\"max-width:1216.8px;margin-left: calc(-4% \/ 2 );margin-right: calc(-4% \/ 2 );\"><div class=\"fusion-layout-column fusion_builder_column fusion-builder-column-0 fusion_builder_column_1_1 1_1 fusion-flex-column\" style=\"--awb-bg-size:cover;--awb-width-large:100%;--awb-margin-top-large:0px;--awb-spacing-right-large:1.92%;--awb-margin-bottom-large:0px;--awb-spacing-left-large:1.92%;--awb-width-medium:100%;--awb-spacing-right-medium:1.92%;--awb-spacing-left-medium:1.92%;--awb-width-small:100%;--awb-spacing-right-small:1.92%;--awb-spacing-left-small:1.92%;\"><div class=\"fusion-column-wrapper fusion-flex-justify-content-flex-start fusion-content-layout-column\"><div class=\"fusion-separator fusion-full-width-sep\" style=\"align-self: center;margin-left: auto;margin-right: auto;margin-bottom:10px;width:100%;\"><div class=\"fusion-separator-border sep-single\" style=\"--awb-height:20px;--awb-amount:20px;border-color:#e00000;border-top-width:1px;\"><\/div><\/div><div class=\"fusion-text fusion-text-1\" style=\"--awb-text-transform:none;\"><div class=\"\" dir=\"auto\">\n<p>Karit\u00e1sz csoportunk az adventi id\u0151szakban 77 kisgyermeket nevel\u0151 csal\u00e1d r\u00e9sz\u00e9re juttatott el tart\u00f3s \u00e9lelmiszer adom\u00e1nyt.<br \/>\nH\u00e1l\u00e1s sz\u00edvvel k\u00f6sz\u00f6nj\u00fck mindazoknak, akik a m\u00e1di COOP \u00e1ruh\u00e1zban kihelyezett gy\u0171jt\u0151ponton v\u00e1s\u00e1rl\u00e1saik sor\u00e1n hozz\u00e1j\u00e1rultak akci\u00f3nk siker\u00e9hez. K\u00f6sz\u00f6nj\u00fck az Egri F\u0151egyh\u00e1zmegyei Karit\u00e1sz K\u00f6zpont p\u00e9nzbeli \u00e9s \u00e9lelmiszercsomag juttat\u00e1s\u00e1t, valamint G\u00e1thy S\u00e1ndor \u00e9s csal\u00e1dja jelent\u0151s anyagi t\u00e1mogat\u00e1s\u00e1t. Rem\u00e9lj\u00fck, hogy az \u00f6sszefog\u00e1s nagyszer\u0171 eredm\u00e9nye \u00f6r\u00f6m\u00f6t szerez adom\u00e1nyoz\u00f3nak \u00e9s adom\u00e1nyozottnak!<br \/>\n\u00c1ldott, b\u00e9k\u00e9s, boldog kar\u00e1csonyt k\u00edv\u00e1nunk mindenkinek!<\/p>\n<\/div>\n<\/div><div class=\"awb-gallery-wrapper awb-gallery-wrapper-1 button-span-no\" style=\"--more-btn-alignment:center;\"><div style=\"margin:-5px;--awb-bordersize:0px;\" class=\"fusion-gallery fusion-gallery-container fusion-grid-3 fusion-columns-total-4 fusion-gallery-layout-grid fusion-gallery-1\"><div style=\"padding:5px;\" class=\"fusion-grid-column fusion-gallery-column fusion-gallery-column-3 hover-type-none\"><div class=\"fusion-gallery-image\"><a href=\"https:\/\/karitaszeger.hu\/web\/wp-content\/uploads\/2026\/02\/Karitasz-csoportunk-az-adventi-idoszakban-77-kisgyermeket-nevelo-csalad-reszere-juttatott-el-tartos-elelmiszer-adomanyt1.jpg\" rel=\"noreferrer\" data-rel=\"iLightbox[gallery_image_1]\" class=\"fusion-lightbox\" target=\"_self\"><img decoding=\"async\" src=\"https:\/\/karitaszeger.hu\/web\/wp-content\/uploads\/2026\/02\/Karitasz-csoportunk-az-adventi-idoszakban-77-kisgyermeket-nevelo-csalad-reszere-juttatott-el-tartos-elelmiszer-adomanyt1.jpg\" width=\"380\" height=\"400\" alt=\"\" title=\"Karita\u0301sz csoportunk az adventi ido\u030bszakban 77 kisgyermeket nevelo\u030b csala\u0301d re\u0301sze\u0301re juttatott el tarto\u0301s e\u0301lelmiszer adoma\u0301nyt1\" aria-label=\"Karita\u0301sz csoportunk az adventi ido\u030bszakban 77 kisgyermeket nevelo\u030b csala\u0301d re\u0301sze\u0301re juttatott el tarto\u0301s e\u0301lelmiszer adoma\u0301nyt1\" class=\"img-responsive wp-image-7025\" srcset=\"https:\/\/karitaszeger.hu\/web\/wp-content\/uploads\/2026\/02\/Karitasz-csoportunk-az-adventi-idoszakban-77-kisgyermeket-nevelo-csalad-reszere-juttatott-el-tartos-elelmiszer-adomanyt1-200x211.jpg 200w, https:\/\/karitaszeger.hu\/web\/wp-content\/uploads\/2026\/02\/Karitasz-csoportunk-az-adventi-idoszakban-77-kisgyermeket-nevelo-csalad-reszere-juttatott-el-tartos-elelmiszer-adomanyt1.jpg 380w\" sizes=\"(min-width: 2200px) 100vw, (min-width: 960px) 387px, (min-width: 800px) 580px, (min-width: 640px) 800px, \" \/><\/a><\/div><\/div><div style=\"padding:5px;\" class=\"fusion-grid-column fusion-gallery-column fusion-gallery-column-3 hover-type-none\"><div class=\"fusion-gallery-image\"><a href=\"https:\/\/karitaszeger.hu\/web\/wp-content\/uploads\/2026\/02\/Karitasz-csoportunk-az-adventi-idoszakban-77-kisgyermeket-nevelo-csalad-reszere-juttatott-el-tartos-elelmiszer-adomanyt3.jpg\" rel=\"noreferrer\" data-rel=\"iLightbox[gallery_image_1]\" class=\"fusion-lightbox\" target=\"_self\"><img decoding=\"async\" src=\"https:\/\/karitaszeger.hu\/web\/wp-content\/uploads\/2026\/02\/Karitasz-csoportunk-az-adventi-idoszakban-77-kisgyermeket-nevelo-csalad-reszere-juttatott-el-tartos-elelmiszer-adomanyt3.jpg\" width=\"1536\" height=\"2048\" alt=\"\" title=\"Karita\u0301sz csoportunk az adventi ido\u030bszakban 77 kisgyermeket nevelo\u030b csala\u0301d re\u0301sze\u0301re juttatott el tarto\u0301s e\u0301lelmiszer adoma\u0301nyt3\" aria-label=\"Karita\u0301sz csoportunk az adventi ido\u030bszakban 77 kisgyermeket nevelo\u030b csala\u0301d re\u0301sze\u0301re juttatott el tarto\u0301s e\u0301lelmiszer adoma\u0301nyt3\" class=\"img-responsive wp-image-7026\" srcset=\"https:\/\/karitaszeger.hu\/web\/wp-content\/uploads\/2026\/02\/Karitasz-csoportunk-az-adventi-idoszakban-77-kisgyermeket-nevelo-csalad-reszere-juttatott-el-tartos-elelmiszer-adomanyt3-200x267.jpg 200w, https:\/\/karitaszeger.hu\/web\/wp-content\/uploads\/2026\/02\/Karitasz-csoportunk-az-adventi-idoszakban-77-kisgyermeket-nevelo-csalad-reszere-juttatott-el-tartos-elelmiszer-adomanyt3-400x533.jpg 400w, https:\/\/karitaszeger.hu\/web\/wp-content\/uploads\/2026\/02\/Karitasz-csoportunk-az-adventi-idoszakban-77-kisgyermeket-nevelo-csalad-reszere-juttatott-el-tartos-elelmiszer-adomanyt3-600x800.jpg 600w, https:\/\/karitaszeger.hu\/web\/wp-content\/uploads\/2026\/02\/Karitasz-csoportunk-az-adventi-idoszakban-77-kisgyermeket-nevelo-csalad-reszere-juttatott-el-tartos-elelmiszer-adomanyt3-800x1067.jpg 800w, https:\/\/karitaszeger.hu\/web\/wp-content\/uploads\/2026\/02\/Karitasz-csoportunk-az-adventi-idoszakban-77-kisgyermeket-nevelo-csalad-reszere-juttatott-el-tartos-elelmiszer-adomanyt3-1200x1600.jpg 1200w, https:\/\/karitaszeger.hu\/web\/wp-content\/uploads\/2026\/02\/Karitasz-csoportunk-az-adventi-idoszakban-77-kisgyermeket-nevelo-csalad-reszere-juttatott-el-tartos-elelmiszer-adomanyt3.jpg 1536w\" sizes=\"(min-width: 2200px) 100vw, (min-width: 960px) 387px, (min-width: 800px) 580px, (min-width: 640px) 800px, \" \/><\/a><\/div><\/div><div style=\"padding:5px;\" class=\"fusion-grid-column fusion-gallery-column fusion-gallery-column-3 hover-type-none\"><div class=\"fusion-gallery-image\"><a href=\"https:\/\/karitaszeger.hu\/web\/wp-content\/uploads\/2026\/02\/Karitasz-csoportunk-az-adventi-idoszakban-77-kisgyermeket-nevelo-csalad-reszere-juttatott-el-tartos-elelmiszer-adomanyt2.jpg\" rel=\"noreferrer\" data-rel=\"iLightbox[gallery_image_1]\" class=\"fusion-lightbox\" target=\"_self\"><img decoding=\"async\" src=\"https:\/\/karitaszeger.hu\/web\/wp-content\/uploads\/2026\/02\/Karitasz-csoportunk-az-adventi-idoszakban-77-kisgyermeket-nevelo-csalad-reszere-juttatott-el-tartos-elelmiszer-adomanyt2.jpg\" width=\"1536\" height=\"2048\" alt=\"\" title=\"Karita\u0301sz csoportunk az adventi ido\u030bszakban 77 kisgyermeket nevelo\u030b csala\u0301d re\u0301sze\u0301re juttatott el tarto\u0301s e\u0301lelmiszer adoma\u0301nyt2\" aria-label=\"Karita\u0301sz csoportunk az adventi ido\u030bszakban 77 kisgyermeket nevelo\u030b csala\u0301d re\u0301sze\u0301re juttatott el tarto\u0301s e\u0301lelmiszer adoma\u0301nyt2\" class=\"img-responsive wp-image-7027\" srcset=\"https:\/\/karitaszeger.hu\/web\/wp-content\/uploads\/2026\/02\/Karitasz-csoportunk-az-adventi-idoszakban-77-kisgyermeket-nevelo-csalad-reszere-juttatott-el-tartos-elelmiszer-adomanyt2-200x267.jpg 200w, https:\/\/karitaszeger.hu\/web\/wp-content\/uploads\/2026\/02\/Karitasz-csoportunk-az-adventi-idoszakban-77-kisgyermeket-nevelo-csalad-reszere-juttatott-el-tartos-elelmiszer-adomanyt2-400x533.jpg 400w, https:\/\/karitaszeger.hu\/web\/wp-content\/uploads\/2026\/02\/Karitasz-csoportunk-az-adventi-idoszakban-77-kisgyermeket-nevelo-csalad-reszere-juttatott-el-tartos-elelmiszer-adomanyt2-600x800.jpg 600w, https:\/\/karitaszeger.hu\/web\/wp-content\/uploads\/2026\/02\/Karitasz-csoportunk-az-adventi-idoszakban-77-kisgyermeket-nevelo-csalad-reszere-juttatott-el-tartos-elelmiszer-adomanyt2-800x1067.jpg 800w, https:\/\/karitaszeger.hu\/web\/wp-content\/uploads\/2026\/02\/Karitasz-csoportunk-az-adventi-idoszakban-77-kisgyermeket-nevelo-csalad-reszere-juttatott-el-tartos-elelmiszer-adomanyt2-1200x1600.jpg 1200w, https:\/\/karitaszeger.hu\/web\/wp-content\/uploads\/2026\/02\/Karitasz-csoportunk-az-adventi-idoszakban-77-kisgyermeket-nevelo-csalad-reszere-juttatott-el-tartos-elelmiszer-adomanyt2.jpg 1536w\" sizes=\"(min-width: 2200px) 100vw, (min-width: 960px) 387px, (min-width: 800px) 580px, (min-width: 640px) 800px, \" \/><\/a><\/div><\/div><div class=\"clearfix\"><\/div><div style=\"padding:5px;\" class=\"fusion-grid-column fusion-gallery-column fusion-gallery-column-3 hover-type-none\"><div class=\"fusion-gallery-image\"><a href=\"https:\/\/karitaszeger.hu\/web\/wp-content\/uploads\/2026\/02\/Karitasz-csoportunk-az-adventi-idoszakban-77-kisgyermeket-nevelo-csalad-reszere-juttatott-el-tartos-elelmiszer-adomanyt4.jpg\" rel=\"noreferrer\" data-rel=\"iLightbox[gallery_image_1]\" class=\"fusion-lightbox\" target=\"_self\"><img decoding=\"async\" src=\"https:\/\/karitaszeger.hu\/web\/wp-content\/uploads\/2026\/02\/Karitasz-csoportunk-az-adventi-idoszakban-77-kisgyermeket-nevelo-csalad-reszere-juttatott-el-tartos-elelmiszer-adomanyt4.jpg\" width=\"1536\" height=\"2048\" alt=\"\" title=\"Karita\u0301sz csoportunk az adventi ido\u030bszakban 77 kisgyermeket nevelo\u030b csala\u0301d re\u0301sze\u0301re juttatott el tarto\u0301s e\u0301lelmiszer adoma\u0301nyt4\" aria-label=\"Karita\u0301sz csoportunk az adventi ido\u030bszakban 77 kisgyermeket nevelo\u030b csala\u0301d re\u0301sze\u0301re juttatott el tarto\u0301s e\u0301lelmiszer adoma\u0301nyt4\" class=\"img-responsive wp-image-7028\" srcset=\"https:\/\/karitaszeger.hu\/web\/wp-content\/uploads\/2026\/02\/Karitasz-csoportunk-az-adventi-idoszakban-77-kisgyermeket-nevelo-csalad-reszere-juttatott-el-tartos-elelmiszer-adomanyt4-200x267.jpg 200w, https:\/\/karitaszeger.hu\/web\/wp-content\/uploads\/2026\/02\/Karitasz-csoportunk-az-adventi-idoszakban-77-kisgyermeket-nevelo-csalad-reszere-juttatott-el-tartos-elelmiszer-adomanyt4-400x533.jpg 400w, https:\/\/karitaszeger.hu\/web\/wp-content\/uploads\/2026\/02\/Karitasz-csoportunk-az-adventi-idoszakban-77-kisgyermeket-nevelo-csalad-reszere-juttatott-el-tartos-elelmiszer-adomanyt4-600x800.jpg 600w, https:\/\/karitaszeger.hu\/web\/wp-content\/uploads\/2026\/02\/Karitasz-csoportunk-az-adventi-idoszakban-77-kisgyermeket-nevelo-csalad-reszere-juttatott-el-tartos-elelmiszer-adomanyt4-800x1067.jpg 800w, https:\/\/karitaszeger.hu\/web\/wp-content\/uploads\/2026\/02\/Karitasz-csoportunk-az-adventi-idoszakban-77-kisgyermeket-nevelo-csalad-reszere-juttatott-el-tartos-elelmiszer-adomanyt4-1200x1600.jpg 1200w, https:\/\/karitaszeger.hu\/web\/wp-content\/uploads\/2026\/02\/Karitasz-csoportunk-az-adventi-idoszakban-77-kisgyermeket-nevelo-csalad-reszere-juttatott-el-tartos-elelmiszer-adomanyt4.jpg 1536w\" sizes=\"(min-width: 2200px) 100vw, (min-width: 960px) 387px, (min-width: 800px) 580px, (min-width: 640px) 800px, \" \/><\/a><\/div><\/div><\/div><\/div><\/div><\/div><\/div><\/div><div class=\"fusion-fullwidth fullwidth-box fusion-builder-row-2 fusion-flex-container fusion-parallax-none nonhundred-percent-fullwidth non-hundred-percent-height-scrolling\" style=\"--awb-border-sizes-top:0px;--awb-border-sizes-bottom:0px;--awb-border-sizes-left:0px;--awb-border-sizes-right:0px;--awb-border-radius-top-left:0px;--awb-border-radius-top-right:0px;--awb-border-radius-bottom-right:0px;--awb-border-radius-bottom-left:0px;--awb-padding-top:150px;--awb-padding-bottom:150px;--awb-background-image:url(&quot;https:\/\/karitaszeger.hu\/web\/wp-content\/uploads\/2021\/03\/segits-scaled.jpg&quot;);--awb-background-size:cover;--awb-flex-wrap:wrap;\" ><div class=\"fusion-builder-row fusion-row fusion-flex-align-items-flex-start fusion-flex-content-wrap\" style=\"max-width:calc( 1170px + 0px );margin-left: calc(-0px \/ 2 );margin-right: calc(-0px \/ 2 );\"><div class=\"fusion-layout-column fusion_builder_column fusion-builder-column-1 fusion_builder_column_1_1 1_1 fusion-flex-column\" style=\"--awb-padding-right:11%;--awb-padding-left:11%;--awb-bg-size:cover;--awb-width-large:100%;--awb-margin-top-large:0px;--awb-spacing-right-large:0px;--awb-margin-bottom-large:20px;--awb-spacing-left-large:0px;--awb-width-medium:100%;--awb-spacing-right-medium:0px;--awb-spacing-left-medium:0px;--awb-width-small:100%;--awb-spacing-right-small:0px;--awb-spacing-left-small:0px;\"><div class=\"fusion-column-wrapper fusion-flex-justify-content-flex-start fusion-content-layout-column\"><div class=\"fusion-title title fusion-title-1 fusion-sep-none fusion-title-center fusion-title-text fusion-title-size-two\" style=\"--awb-text-color:#ffffff;--awb-margin-top-small:0px;--awb-margin-right-small:0px;--awb-margin-bottom-small:20px;--awb-margin-left-small:0px;\"><h2 class=\"fusion-title-heading title-heading-center\" style=\"margin:0;line-height:1;\"><h2 class=\"piros kozepre\"><span style=\"color: #ffffff;\">AZ \u00d6N SEG\u00cdTS\u00c9G\u00c9RE\u00a0IS SZ\u00dcKS\u00c9G VAN!<\/span><\/h2>\n<div class=\"content\"><\/div><\/h2><\/div><div class=\"fusion-separator\" style=\"align-self: center;margin-left: auto;margin-right: auto;margin-top:0px;margin-bottom:40px;width:100%;max-width:200px;\"><div class=\"fusion-separator-border sep-single sep-solid\" style=\"--awb-height:20px;--awb-amount:20px;--awb-sep-color:#f44336;border-color:#f44336;border-top-width:3px;\"><\/div><\/div><div class=\"fusion-text fusion-text-2\"><h2 style=\"text-align: center;\"><span style=\"color: #ffffff;\"><strong>1356 \u2013 H\u00cdVJON, HOGY SEG\u00cdTHESS\u00dcNK!<\/strong><\/span><\/h2>\n<\/div><div class=\"fusion-builder-row fusion-builder-row-inner fusion-row fusion-flex-align-items-flex-start fusion-flex-content-wrap\" style=\"--awb-flex-grow:0;--awb-flex-grow-medium:0;--awb-flex-grow-small:0;--awb-flex-shrink:0;--awb-flex-shrink-medium:0;--awb-flex-shrink-small:0;width:calc( 100% + 0px ) !important;max-width:calc( 100% + 0px ) !important;margin-left: calc(-0px \/ 2 );margin-right: calc(-0px \/ 2 );\"><div class=\"fusion-layout-column fusion_builder_column_inner fusion-builder-nested-column-0 fusion_builder_column_inner_1_3 1_3 fusion-flex-column\" style=\"--awb-bg-size:cover;--awb-width-large:33.333333333333%;--awb-margin-top-large:0px;--awb-spacing-right-large:0px;--awb-margin-bottom-large:20px;--awb-spacing-left-large:0px;--awb-width-medium:100%;--awb-order-medium:0;--awb-spacing-right-medium:0px;--awb-spacing-left-medium:0px;--awb-width-small:100%;--awb-order-small:0;--awb-spacing-right-small:0px;--awb-spacing-left-small:0px;\"><div class=\"fusion-column-wrapper fusion-column-has-shadow fusion-flex-justify-content-flex-start fusion-content-layout-column\"><\/div><\/div><div class=\"fusion-layout-column fusion_builder_column_inner fusion-builder-nested-column-1 fusion_builder_column_inner_1_3 1_3 fusion-flex-column fusion-animated\" style=\"--awb-bg-color:#f44336;--awb-bg-color-hover:#f44336;--awb-bg-size:cover;--awb-width-large:33.333333333333%;--awb-margin-top-large:0px;--awb-spacing-right-large:0px;--awb-margin-bottom-large:20px;--awb-spacing-left-large:0px;--awb-width-medium:100%;--awb-order-medium:0;--awb-spacing-right-medium:0px;--awb-spacing-left-medium:0px;--awb-width-small:100%;--awb-order-small:0;--awb-spacing-right-small:0px;--awb-spacing-left-small:0px;\" data-animationType=\"bounceInDown\" data-animationDuration=\"1.3\" data-animationOffset=\"top-into-view\"><div class=\"fusion-column-wrapper fusion-column-has-shadow fusion-flex-justify-content-flex-start fusion-content-layout-column\"><div style=\"text-align:center;\"><a class=\"fusion-button button-flat fusion-button-default-size button-custom fusion-button-default button-1 fusion-button-default-span fusion-button-default-type fusion-has-button-gradient\" style=\"--button_accent_color:#ffffff;--button_accent_hover_color:#f44336;--button_border_hover_color:#f44336;--button_border_width-top:0px;--button_border_width-right:0px;--button_border_width-bottom:0px;--button_border_width-left:0px;--button_gradient_top_color:rgba(254,201,107,0);--button_gradient_bottom_color:rgba(254,201,107,0);--button_gradient_top_color_hover:#ffffff;--button_gradient_bottom_color_hover:rgba(0,0,0,0);\" target=\"_self\" href=\"#\"><i class=\"fa-credit-card fas awb-button__icon awb-button__icon--default button-icon-left\" aria-hidden=\"true\"><\/i><span class=\"fusion-button-text awb-button__text awb-button__text--default\">ONLINE ADOM\u00c1NYOZ\u00c1S<\/span><\/a><\/div><\/div><\/div><div class=\"fusion-layout-column fusion_builder_column_inner fusion-builder-nested-column-2 fusion_builder_column_inner_1_3 1_3 fusion-flex-column\" style=\"--awb-bg-size:cover;--awb-width-large:33.333333333333%;--awb-margin-top-large:0px;--awb-spacing-right-large:0px;--awb-margin-bottom-large:20px;--awb-spacing-left-large:0px;--awb-width-medium:100%;--awb-order-medium:0;--awb-spacing-right-medium:0px;--awb-spacing-left-medium:0px;--awb-width-small:100%;--awb-order-small:0;--awb-spacing-right-small:0px;--awb-spacing-left-small:0px;\"><div class=\"fusion-column-wrapper fusion-column-has-shadow fusion-flex-justify-content-flex-start fusion-content-layout-column\"><\/div><\/div><\/div><\/div><\/div><\/div><\/div><div class=\"fusion-fullwidth fullwidth-box fusion-builder-row-3 fusion-flex-container nonhundred-percent-fullwidth non-hundred-percent-height-scrolling\" style=\"--awb-border-radius-top-left:0px;--awb-border-radius-top-right:0px;--awb-border-radius-bottom-right:0px;--awb-border-radius-bottom-left:0px;--awb-flex-wrap:wrap;\" ><div class=\"fusion-builder-row fusion-row fusion-flex-align-items-flex-start fusion-flex-content-wrap\" style=\"max-width:1216.8px;margin-left: calc(-4% \/ 2 );margin-right: calc(-4% \/ 2 );\"><div class=\"fusion-layout-column fusion_builder_column fusion-builder-column-2 fusion_builder_column_1_1 1_1 fusion-flex-column\" style=\"--awb-bg-size:cover;--awb-width-large:100%;--awb-margin-top-large:0px;--awb-spacing-right-large:1.92%;--awb-margin-bottom-large:0px;--awb-spacing-left-large:1.92%;--awb-width-medium:100%;--awb-spacing-right-medium:1.92%;--awb-spacing-left-medium:1.92%;--awb-width-small:100%;--awb-spacing-right-small:1.92%;--awb-spacing-left-small:1.92%;\"><div class=\"fusion-column-wrapper fusion-flex-justify-content-flex-start fusion-content-layout-column\"><div class=\"fusion-text fusion-text-3\"><\/div><\/div><\/div><\/div><\/div><div class=\"fusion-fullwidth fullwidth-box fusion-builder-row-4 fusion-flex-container nonhundred-percent-fullwidth non-hundred-percent-height-scrolling\" style=\"--awb-border-radius-top-left:0px;--awb-border-radius-top-right:0px;--awb-border-radius-bottom-right:0px;--awb-border-radius-bottom-left:0px;--awb-flex-wrap:wrap;\" ><div class=\"fusion-builder-row fusion-row fusion-flex-align-items-flex-start fusion-flex-content-wrap\" style=\"max-width:1216.8px;margin-left: calc(-4% \/ 2 );margin-right: calc(-4% \/ 2 );\"><div class=\"fusion-layout-column fusion_builder_column fusion-builder-column-3 fusion_builder_column_1_1 1_1 fusion-flex-column\" style=\"--awb-bg-size:cover;--awb-width-large:100%;--awb-margin-top-large:0px;--awb-spacing-right-large:1.92%;--awb-margin-bottom-large:0px;--awb-spacing-left-large:1.92%;--awb-width-medium:100%;--awb-spacing-right-medium:1.92%;--awb-spacing-left-medium:1.92%;--awb-width-small:100%;--awb-spacing-right-small:1.92%;--awb-spacing-left-small:1.92%;\"><div class=\"fusion-column-wrapper fusion-flex-justify-content-flex-start fusion-content-layout-column\"><div class=\"fusion-text fusion-text-4\"><\/div><\/div><\/div><\/div><\/div><\/p>\n","protected":false},"excerpt":{"rendered":"","protected":false},"author":7,"featured_media":7026,"comment_status":"open","ping_status":"open","sticky":false,"template":"","format":"standard","meta":{"footnotes":""},"categories":[107],"tags":[],"class_list":["post-7024","post","type-post","status-publish","format-standard","has-post-thumbnail","hentry","category-hirek"],"_links":{"self":[{"href":"https:\/\/karitaszeger.hu\/web\/wp-json\/wp\/v2\/posts\/7024","targetHints":{"allow":["GET"]}}],"collection":[{"href":"https:\/\/karitaszeger.hu\/web\/wp-json\/wp\/v2\/posts"}],"about":[{"href":"https:\/\/karitaszeger.hu\/web\/wp-json\/wp\/v2\/types\/post"}],"author":[{"embeddable":true,"href":"https:\/\/karitaszeger.hu\/web\/wp-json\/wp\/v2\/users\/7"}],"replies":[{"embeddable":true,"href":"https:\/\/karitaszeger.hu\/web\/wp-json\/wp\/v2\/comments?post=7024"}],"version-history":[{"count":1,"href":"https:\/\/karitaszeger.hu\/web\/wp-json\/wp\/v2\/posts\/7024\/revisions"}],"predecessor-version":[{"id":7029,"href":"https:\/\/karitaszeger.hu\/web\/wp-json\/wp\/v2\/posts\/7024\/revisions\/7029"}],"wp:featuredmedia":[{"embeddable":true,"href":"https:\/\/karitaszeger.hu\/web\/wp-json\/wp\/v2\/media\/7026"}],"wp:attachment":[{"href":"https:\/\/karitaszeger.hu\/web\/wp-json\/wp\/v2\/media?parent=7024"}],"wp:term":[{"taxonomy":"category","embeddable":true,"href":"https:\/\/karitaszeger.hu\/web\/wp-json\/wp\/v2\/categories?post=7024"},{"taxonomy":"post_tag","embeddable":true,"href":"https:\/\/karitaszeger.hu\/web\/wp-json\/wp\/v2\/tags?post=7024"}],"curies":[{"name":"wp","href":"https:\/\/api.w.org\/{rel}","templated":true}]}}