{"id":7097,"date":"2026-01-03T15:18:51","date_gmt":"2026-01-03T14:18:51","guid":{"rendered":"https:\/\/karitaszeger.hu\/web\/?p=7097"},"modified":"2026-02-04T16:18:06","modified_gmt":"2026-02-04T15:18:06","slug":"koszonet-a-szent-erzsebet-karitasz-csoport-tagjainak-alazatos-odaado-onkentes-munkajukert-szerzo-ildiko","status":"publish","type":"post","link":"https:\/\/karitaszeger.hu\/web\/2026\/01\/03\/koszonet-a-szent-erzsebet-karitasz-csoport-tagjainak-alazatos-odaado-onkentes-munkajukert-szerzo-ildiko\/","title":{"rendered":"&#8222;K\u00f6sz\u00f6net a Szent Erzs\u00e9bet Karit\u00e1sz Csoport tagjainak al\u00e1zatos, odaad\u00f3 \u00f6nk\u00e9ntes munk\u00e1juk\u00e9rt&#8221;- Szerz\u0151 Ildik\u00f3"},"content":{"rendered":"<p><div class=\"fusion-fullwidth fullwidth-box fusion-builder-row-1 fusion-flex-container nonhundred-percent-fullwidth non-hundred-percent-height-scrolling\" style=\"--awb-border-radius-top-left:0px;--awb-border-radius-top-right:0px;--awb-border-radius-bottom-right:0px;--awb-border-radius-bottom-left:0px;--awb-padding-bottom:30px;--awb-flex-wrap:wrap;\" ><div class=\"fusion-builder-row fusion-row fusion-flex-align-items-flex-start fusion-flex-content-wrap\" style=\"max-width:1216.8px;margin-left: calc(-4% \/ 2 );margin-right: calc(-4% \/ 2 );\"><div class=\"fusion-layout-column fusion_builder_column fusion-builder-column-0 fusion_builder_column_1_1 1_1 fusion-flex-column\" style=\"--awb-bg-size:cover;--awb-width-large:100%;--awb-margin-top-large:0px;--awb-spacing-right-large:1.92%;--awb-margin-bottom-large:0px;--awb-spacing-left-large:1.92%;--awb-width-medium:100%;--awb-spacing-right-medium:1.92%;--awb-spacing-left-medium:1.92%;--awb-width-small:100%;--awb-spacing-right-small:1.92%;--awb-spacing-left-small:1.92%;\"><div class=\"fusion-column-wrapper fusion-flex-justify-content-flex-start fusion-content-layout-column\"><div class=\"fusion-separator fusion-full-width-sep\" style=\"align-self: center;margin-left: auto;margin-right: auto;margin-bottom:10px;width:100%;\"><div class=\"fusion-separator-border sep-single\" style=\"--awb-height:20px;--awb-amount:20px;border-color:#e00000;border-top-width:1px;\"><\/div><\/div><div class=\"fusion-text fusion-text-1\" style=\"--awb-text-transform:none;\"><div class=\"\" dir=\"auto\">\n<p>K\u00f6sz\u00f6net a Szent Erzs\u00e9bet Karit\u00e1sz Csoport tagjainak al\u00e1zatos, odaad\u00f3 \u00f6nk\u00e9ntes munk\u00e1juk\u00e9rt, amit eg\u00e9sz \u00e9vben v\u00e9geztek v\u00e1rosunkban.<br \/>\nK\u00f6sz\u00f6net minden \u00f6nzetlen t\u00e1mogat\u00e1s\u00e9rt. A karit\u00e1sz csoport \u00e9vz\u00e1r\u00f3 \u00fcnneps\u00e9g\u00e9n k\u00f6sz\u00f6nt\u00f6ttem a tagokat, a 2026-os esztend\u0151re is kitart\u00f3 szeretetet, egyet\u00e9rt\u00e9st, er\u0151s hitet \u00e9s nagyon j\u00f3 eg\u00e9szs\u00e9get k\u00edv\u00e1nok munk\u00e1jukhoz. &#8211; Szerz\u0151 Ildi<\/p>\n<\/div>\n<\/div><div class=\"awb-gallery-wrapper awb-gallery-wrapper-1 button-span-no\" style=\"--more-btn-alignment:center;\"><div style=\"margin:-5px;--awb-bordersize:0px;\" class=\"fusion-gallery fusion-gallery-container fusion-grid-3 fusion-columns-total-13 fusion-gallery-layout-grid fusion-gallery-1\"><div style=\"padding:5px;\" class=\"fusion-grid-column fusion-gallery-column fusion-gallery-column-3 hover-type-none\"><div class=\"fusion-gallery-image\"><a href=\"https:\/\/karitaszeger.hu\/web\/wp-content\/uploads\/2026\/02\/Koszonet-a-Szent-Erzsebet-Karitasz-Csoport-tagjainak-alazatos-odaado-onkentes-munkajukert1.jpg\" rel=\"noreferrer\" data-rel=\"iLightbox[gallery_image_1]\" class=\"fusion-lightbox\" target=\"_self\"><img decoding=\"async\" src=\"https:\/\/karitaszeger.hu\/web\/wp-content\/uploads\/2026\/02\/Koszonet-a-Szent-Erzsebet-Karitasz-Csoport-tagjainak-alazatos-odaado-onkentes-munkajukert1.jpg\" width=\"2048\" height=\"1854\" alt=\"\" title=\"Ko\u0308szo\u0308net a Szent Erzse\u0301bet Karita\u0301sz Csoport tagjainak ala\u0301zatos, odaado\u0301 o\u0308nke\u0301ntes munka\u0301juke\u0301rt1\" aria-label=\"Ko\u0308szo\u0308net a Szent Erzse\u0301bet Karita\u0301sz Csoport tagjainak ala\u0301zatos, odaado\u0301 o\u0308nke\u0301ntes munka\u0301juke\u0301rt1\" class=\"img-responsive wp-image-7098\" srcset=\"https:\/\/karitaszeger.hu\/web\/wp-content\/uploads\/2026\/02\/Koszonet-a-Szent-Erzsebet-Karitasz-Csoport-tagjainak-alazatos-odaado-onkentes-munkajukert1-200x181.jpg 200w, https:\/\/karitaszeger.hu\/web\/wp-content\/uploads\/2026\/02\/Koszonet-a-Szent-Erzsebet-Karitasz-Csoport-tagjainak-alazatos-odaado-onkentes-munkajukert1-400x362.jpg 400w, https:\/\/karitaszeger.hu\/web\/wp-content\/uploads\/2026\/02\/Koszonet-a-Szent-Erzsebet-Karitasz-Csoport-tagjainak-alazatos-odaado-onkentes-munkajukert1-600x543.jpg 600w, https:\/\/karitaszeger.hu\/web\/wp-content\/uploads\/2026\/02\/Koszonet-a-Szent-Erzsebet-Karitasz-Csoport-tagjainak-alazatos-odaado-onkentes-munkajukert1-800x724.jpg 800w, https:\/\/karitaszeger.hu\/web\/wp-content\/uploads\/2026\/02\/Koszonet-a-Szent-Erzsebet-Karitasz-Csoport-tagjainak-alazatos-odaado-onkentes-munkajukert1-1200x1086.jpg 1200w, https:\/\/karitaszeger.hu\/web\/wp-content\/uploads\/2026\/02\/Koszonet-a-Szent-Erzsebet-Karitasz-Csoport-tagjainak-alazatos-odaado-onkentes-munkajukert1.jpg 2048w\" sizes=\"(min-width: 2200px) 100vw, (min-width: 960px) 387px, (min-width: 800px) 580px, (min-width: 640px) 800px, \" \/><\/a><\/div><\/div><div style=\"padding:5px;\" class=\"fusion-grid-column fusion-gallery-column fusion-gallery-column-3 hover-type-none\"><div class=\"fusion-gallery-image\"><a href=\"https:\/\/karitaszeger.hu\/web\/wp-content\/uploads\/2026\/02\/Koszonet-a-Szent-Erzsebet-Karitasz-Csoport-tagjainak-alazatos-odaado-onkentes-munkajukert13.jpg\" rel=\"noreferrer\" data-rel=\"iLightbox[gallery_image_1]\" class=\"fusion-lightbox\" target=\"_self\"><img decoding=\"async\" src=\"https:\/\/karitaszeger.hu\/web\/wp-content\/uploads\/2026\/02\/Koszonet-a-Szent-Erzsebet-Karitasz-Csoport-tagjainak-alazatos-odaado-onkentes-munkajukert13.jpg\" width=\"2048\" height=\"1153\" alt=\"\" title=\"Ko\u0308szo\u0308net a Szent Erzse\u0301bet Karita\u0301sz Csoport tagjainak ala\u0301zatos, odaado\u0301 o\u0308nke\u0301ntes munka\u0301juke\u0301rt13\" aria-label=\"Ko\u0308szo\u0308net a Szent Erzse\u0301bet Karita\u0301sz Csoport tagjainak ala\u0301zatos, odaado\u0301 o\u0308nke\u0301ntes munka\u0301juke\u0301rt13\" class=\"img-responsive wp-image-7099\" srcset=\"https:\/\/karitaszeger.hu\/web\/wp-content\/uploads\/2026\/02\/Koszonet-a-Szent-Erzsebet-Karitasz-Csoport-tagjainak-alazatos-odaado-onkentes-munkajukert13-200x113.jpg 200w, https:\/\/karitaszeger.hu\/web\/wp-content\/uploads\/2026\/02\/Koszonet-a-Szent-Erzsebet-Karitasz-Csoport-tagjainak-alazatos-odaado-onkentes-munkajukert13-400x225.jpg 400w, https:\/\/karitaszeger.hu\/web\/wp-content\/uploads\/2026\/02\/Koszonet-a-Szent-Erzsebet-Karitasz-Csoport-tagjainak-alazatos-odaado-onkentes-munkajukert13-600x338.jpg 600w, https:\/\/karitaszeger.hu\/web\/wp-content\/uploads\/2026\/02\/Koszonet-a-Szent-Erzsebet-Karitasz-Csoport-tagjainak-alazatos-odaado-onkentes-munkajukert13-800x450.jpg 800w, https:\/\/karitaszeger.hu\/web\/wp-content\/uploads\/2026\/02\/Koszonet-a-Szent-Erzsebet-Karitasz-Csoport-tagjainak-alazatos-odaado-onkentes-munkajukert13-1200x676.jpg 1200w, https:\/\/karitaszeger.hu\/web\/wp-content\/uploads\/2026\/02\/Koszonet-a-Szent-Erzsebet-Karitasz-Csoport-tagjainak-alazatos-odaado-onkentes-munkajukert13.jpg 2048w\" sizes=\"(min-width: 2200px) 100vw, (min-width: 960px) 387px, (min-width: 800px) 580px, (min-width: 640px) 800px, \" \/><\/a><\/div><\/div><div style=\"padding:5px;\" class=\"fusion-grid-column fusion-gallery-column fusion-gallery-column-3 hover-type-none\"><div class=\"fusion-gallery-image\"><a href=\"https:\/\/karitaszeger.hu\/web\/wp-content\/uploads\/2026\/02\/Koszonet-a-Szent-Erzsebet-Karitasz-Csoport-tagjainak-alazatos-odaado-onkentes-munkajukert12.jpg\" rel=\"noreferrer\" data-rel=\"iLightbox[gallery_image_1]\" class=\"fusion-lightbox\" target=\"_self\"><img decoding=\"async\" src=\"https:\/\/karitaszeger.hu\/web\/wp-content\/uploads\/2026\/02\/Koszonet-a-Szent-Erzsebet-Karitasz-Csoport-tagjainak-alazatos-odaado-onkentes-munkajukert12.jpg\" width=\"2048\" height=\"1153\" alt=\"\" title=\"Ko\u0308szo\u0308net a Szent Erzse\u0301bet Karita\u0301sz Csoport tagjainak ala\u0301zatos, odaado\u0301 o\u0308nke\u0301ntes munka\u0301juke\u0301rt12\" aria-label=\"Ko\u0308szo\u0308net a Szent Erzse\u0301bet Karita\u0301sz Csoport tagjainak ala\u0301zatos, odaado\u0301 o\u0308nke\u0301ntes munka\u0301juke\u0301rt12\" class=\"img-responsive wp-image-7100\" srcset=\"https:\/\/karitaszeger.hu\/web\/wp-content\/uploads\/2026\/02\/Koszonet-a-Szent-Erzsebet-Karitasz-Csoport-tagjainak-alazatos-odaado-onkentes-munkajukert12-200x113.jpg 200w, https:\/\/karitaszeger.hu\/web\/wp-content\/uploads\/2026\/02\/Koszonet-a-Szent-Erzsebet-Karitasz-Csoport-tagjainak-alazatos-odaado-onkentes-munkajukert12-400x225.jpg 400w, https:\/\/karitaszeger.hu\/web\/wp-content\/uploads\/2026\/02\/Koszonet-a-Szent-Erzsebet-Karitasz-Csoport-tagjainak-alazatos-odaado-onkentes-munkajukert12-600x338.jpg 600w, https:\/\/karitaszeger.hu\/web\/wp-content\/uploads\/2026\/02\/Koszonet-a-Szent-Erzsebet-Karitasz-Csoport-tagjainak-alazatos-odaado-onkentes-munkajukert12-800x450.jpg 800w, https:\/\/karitaszeger.hu\/web\/wp-content\/uploads\/2026\/02\/Koszonet-a-Szent-Erzsebet-Karitasz-Csoport-tagjainak-alazatos-odaado-onkentes-munkajukert12-1200x676.jpg 1200w, https:\/\/karitaszeger.hu\/web\/wp-content\/uploads\/2026\/02\/Koszonet-a-Szent-Erzsebet-Karitasz-Csoport-tagjainak-alazatos-odaado-onkentes-munkajukert12.jpg 2048w\" sizes=\"(min-width: 2200px) 100vw, (min-width: 960px) 387px, (min-width: 800px) 580px, (min-width: 640px) 800px, \" \/><\/a><\/div><\/div><div class=\"clearfix\"><\/div><div style=\"padding:5px;\" class=\"fusion-grid-column fusion-gallery-column fusion-gallery-column-3 hover-type-none\"><div class=\"fusion-gallery-image\"><a href=\"https:\/\/karitaszeger.hu\/web\/wp-content\/uploads\/2026\/02\/Koszonet-a-Szent-Erzsebet-Karitasz-Csoport-tagjainak-alazatos-odaado-onkentes-munkajukert11.jpg\" rel=\"noreferrer\" data-rel=\"iLightbox[gallery_image_1]\" class=\"fusion-lightbox\" target=\"_self\"><img decoding=\"async\" src=\"https:\/\/karitaszeger.hu\/web\/wp-content\/uploads\/2026\/02\/Koszonet-a-Szent-Erzsebet-Karitasz-Csoport-tagjainak-alazatos-odaado-onkentes-munkajukert11.jpg\" width=\"2048\" height=\"1153\" alt=\"\" title=\"Ko\u0308szo\u0308net a Szent Erzse\u0301bet Karita\u0301sz Csoport tagjainak ala\u0301zatos, odaado\u0301 o\u0308nke\u0301ntes munka\u0301juke\u0301rt11\" aria-label=\"Ko\u0308szo\u0308net a Szent Erzse\u0301bet Karita\u0301sz Csoport tagjainak ala\u0301zatos, odaado\u0301 o\u0308nke\u0301ntes munka\u0301juke\u0301rt11\" class=\"img-responsive wp-image-7101\" srcset=\"https:\/\/karitaszeger.hu\/web\/wp-content\/uploads\/2026\/02\/Koszonet-a-Szent-Erzsebet-Karitasz-Csoport-tagjainak-alazatos-odaado-onkentes-munkajukert11-200x113.jpg 200w, https:\/\/karitaszeger.hu\/web\/wp-content\/uploads\/2026\/02\/Koszonet-a-Szent-Erzsebet-Karitasz-Csoport-tagjainak-alazatos-odaado-onkentes-munkajukert11-400x225.jpg 400w, https:\/\/karitaszeger.hu\/web\/wp-content\/uploads\/2026\/02\/Koszonet-a-Szent-Erzsebet-Karitasz-Csoport-tagjainak-alazatos-odaado-onkentes-munkajukert11-600x338.jpg 600w, https:\/\/karitaszeger.hu\/web\/wp-content\/uploads\/2026\/02\/Koszonet-a-Szent-Erzsebet-Karitasz-Csoport-tagjainak-alazatos-odaado-onkentes-munkajukert11-800x450.jpg 800w, https:\/\/karitaszeger.hu\/web\/wp-content\/uploads\/2026\/02\/Koszonet-a-Szent-Erzsebet-Karitasz-Csoport-tagjainak-alazatos-odaado-onkentes-munkajukert11-1200x676.jpg 1200w, https:\/\/karitaszeger.hu\/web\/wp-content\/uploads\/2026\/02\/Koszonet-a-Szent-Erzsebet-Karitasz-Csoport-tagjainak-alazatos-odaado-onkentes-munkajukert11.jpg 2048w\" sizes=\"(min-width: 2200px) 100vw, (min-width: 960px) 387px, (min-width: 800px) 580px, (min-width: 640px) 800px, \" \/><\/a><\/div><\/div><div style=\"padding:5px;\" class=\"fusion-grid-column fusion-gallery-column fusion-gallery-column-3 hover-type-none\"><div class=\"fusion-gallery-image\"><a href=\"https:\/\/karitaszeger.hu\/web\/wp-content\/uploads\/2026\/02\/Koszonet-a-Szent-Erzsebet-Karitasz-Csoport-tagjainak-alazatos-odaado-onkentes-munkajukert10.jpg\" rel=\"noreferrer\" data-rel=\"iLightbox[gallery_image_1]\" class=\"fusion-lightbox\" target=\"_self\"><img decoding=\"async\" src=\"https:\/\/karitaszeger.hu\/web\/wp-content\/uploads\/2026\/02\/Koszonet-a-Szent-Erzsebet-Karitasz-Csoport-tagjainak-alazatos-odaado-onkentes-munkajukert10.jpg\" width=\"2048\" height=\"1153\" alt=\"\" title=\"Ko\u0308szo\u0308net a Szent Erzse\u0301bet Karita\u0301sz Csoport tagjainak ala\u0301zatos, odaado\u0301 o\u0308nke\u0301ntes munka\u0301juke\u0301rt10\" aria-label=\"Ko\u0308szo\u0308net a Szent Erzse\u0301bet Karita\u0301sz Csoport tagjainak ala\u0301zatos, odaado\u0301 o\u0308nke\u0301ntes munka\u0301juke\u0301rt10\" class=\"img-responsive wp-image-7102\" srcset=\"https:\/\/karitaszeger.hu\/web\/wp-content\/uploads\/2026\/02\/Koszonet-a-Szent-Erzsebet-Karitasz-Csoport-tagjainak-alazatos-odaado-onkentes-munkajukert10-200x113.jpg 200w, https:\/\/karitaszeger.hu\/web\/wp-content\/uploads\/2026\/02\/Koszonet-a-Szent-Erzsebet-Karitasz-Csoport-tagjainak-alazatos-odaado-onkentes-munkajukert10-400x225.jpg 400w, https:\/\/karitaszeger.hu\/web\/wp-content\/uploads\/2026\/02\/Koszonet-a-Szent-Erzsebet-Karitasz-Csoport-tagjainak-alazatos-odaado-onkentes-munkajukert10-600x338.jpg 600w, https:\/\/karitaszeger.hu\/web\/wp-content\/uploads\/2026\/02\/Koszonet-a-Szent-Erzsebet-Karitasz-Csoport-tagjainak-alazatos-odaado-onkentes-munkajukert10-800x450.jpg 800w, https:\/\/karitaszeger.hu\/web\/wp-content\/uploads\/2026\/02\/Koszonet-a-Szent-Erzsebet-Karitasz-Csoport-tagjainak-alazatos-odaado-onkentes-munkajukert10-1200x676.jpg 1200w, https:\/\/karitaszeger.hu\/web\/wp-content\/uploads\/2026\/02\/Koszonet-a-Szent-Erzsebet-Karitasz-Csoport-tagjainak-alazatos-odaado-onkentes-munkajukert10.jpg 2048w\" sizes=\"(min-width: 2200px) 100vw, (min-width: 960px) 387px, (min-width: 800px) 580px, (min-width: 640px) 800px, \" \/><\/a><\/div><\/div><div style=\"padding:5px;\" class=\"fusion-grid-column fusion-gallery-column fusion-gallery-column-3 hover-type-none\"><div class=\"fusion-gallery-image\"><a href=\"https:\/\/karitaszeger.hu\/web\/wp-content\/uploads\/2026\/02\/Koszonet-a-Szent-Erzsebet-Karitasz-Csoport-tagjainak-alazatos-odaado-onkentes-munkajukert9.jpg\" rel=\"noreferrer\" data-rel=\"iLightbox[gallery_image_1]\" class=\"fusion-lightbox\" target=\"_self\"><img decoding=\"async\" src=\"https:\/\/karitaszeger.hu\/web\/wp-content\/uploads\/2026\/02\/Koszonet-a-Szent-Erzsebet-Karitasz-Csoport-tagjainak-alazatos-odaado-onkentes-munkajukert9.jpg\" width=\"2048\" height=\"1153\" alt=\"\" title=\"Ko\u0308szo\u0308net a Szent Erzse\u0301bet Karita\u0301sz Csoport tagjainak ala\u0301zatos, odaado\u0301 o\u0308nke\u0301ntes munka\u0301juke\u0301rt9\" aria-label=\"Ko\u0308szo\u0308net a Szent Erzse\u0301bet Karita\u0301sz Csoport tagjainak ala\u0301zatos, odaado\u0301 o\u0308nke\u0301ntes munka\u0301juke\u0301rt9\" class=\"img-responsive wp-image-7103\" srcset=\"https:\/\/karitaszeger.hu\/web\/wp-content\/uploads\/2026\/02\/Koszonet-a-Szent-Erzsebet-Karitasz-Csoport-tagjainak-alazatos-odaado-onkentes-munkajukert9-200x113.jpg 200w, https:\/\/karitaszeger.hu\/web\/wp-content\/uploads\/2026\/02\/Koszonet-a-Szent-Erzsebet-Karitasz-Csoport-tagjainak-alazatos-odaado-onkentes-munkajukert9-400x225.jpg 400w, https:\/\/karitaszeger.hu\/web\/wp-content\/uploads\/2026\/02\/Koszonet-a-Szent-Erzsebet-Karitasz-Csoport-tagjainak-alazatos-odaado-onkentes-munkajukert9-600x338.jpg 600w, https:\/\/karitaszeger.hu\/web\/wp-content\/uploads\/2026\/02\/Koszonet-a-Szent-Erzsebet-Karitasz-Csoport-tagjainak-alazatos-odaado-onkentes-munkajukert9-800x450.jpg 800w, https:\/\/karitaszeger.hu\/web\/wp-content\/uploads\/2026\/02\/Koszonet-a-Szent-Erzsebet-Karitasz-Csoport-tagjainak-alazatos-odaado-onkentes-munkajukert9-1200x676.jpg 1200w, https:\/\/karitaszeger.hu\/web\/wp-content\/uploads\/2026\/02\/Koszonet-a-Szent-Erzsebet-Karitasz-Csoport-tagjainak-alazatos-odaado-onkentes-munkajukert9.jpg 2048w\" sizes=\"(min-width: 2200px) 100vw, (min-width: 960px) 387px, (min-width: 800px) 580px, (min-width: 640px) 800px, \" \/><\/a><\/div><\/div><div class=\"clearfix\"><\/div><div style=\"padding:5px;\" class=\"fusion-grid-column fusion-gallery-column fusion-gallery-column-3 hover-type-none\"><div class=\"fusion-gallery-image\"><a href=\"https:\/\/karitaszeger.hu\/web\/wp-content\/uploads\/2026\/02\/Koszonet-a-Szent-Erzsebet-Karitasz-Csoport-tagjainak-alazatos-odaado-onkentes-munkajukert8.jpg\" rel=\"noreferrer\" data-rel=\"iLightbox[gallery_image_1]\" class=\"fusion-lightbox\" target=\"_self\"><img decoding=\"async\" src=\"https:\/\/karitaszeger.hu\/web\/wp-content\/uploads\/2026\/02\/Koszonet-a-Szent-Erzsebet-Karitasz-Csoport-tagjainak-alazatos-odaado-onkentes-munkajukert8.jpg\" width=\"1153\" height=\"2048\" alt=\"\" title=\"Ko\u0308szo\u0308net a Szent Erzse\u0301bet Karita\u0301sz Csoport tagjainak ala\u0301zatos, odaado\u0301 o\u0308nke\u0301ntes munka\u0301juke\u0301rt8\" aria-label=\"Ko\u0308szo\u0308net a Szent Erzse\u0301bet Karita\u0301sz Csoport tagjainak ala\u0301zatos, odaado\u0301 o\u0308nke\u0301ntes munka\u0301juke\u0301rt8\" class=\"img-responsive wp-image-7104\" srcset=\"https:\/\/karitaszeger.hu\/web\/wp-content\/uploads\/2026\/02\/Koszonet-a-Szent-Erzsebet-Karitasz-Csoport-tagjainak-alazatos-odaado-onkentes-munkajukert8-200x355.jpg 200w, https:\/\/karitaszeger.hu\/web\/wp-content\/uploads\/2026\/02\/Koszonet-a-Szent-Erzsebet-Karitasz-Csoport-tagjainak-alazatos-odaado-onkentes-munkajukert8-400x710.jpg 400w, https:\/\/karitaszeger.hu\/web\/wp-content\/uploads\/2026\/02\/Koszonet-a-Szent-Erzsebet-Karitasz-Csoport-tagjainak-alazatos-odaado-onkentes-munkajukert8-600x1066.jpg 600w, https:\/\/karitaszeger.hu\/web\/wp-content\/uploads\/2026\/02\/Koszonet-a-Szent-Erzsebet-Karitasz-Csoport-tagjainak-alazatos-odaado-onkentes-munkajukert8-800x1421.jpg 800w, https:\/\/karitaszeger.hu\/web\/wp-content\/uploads\/2026\/02\/Koszonet-a-Szent-Erzsebet-Karitasz-Csoport-tagjainak-alazatos-odaado-onkentes-munkajukert8.jpg 1153w\" sizes=\"(min-width: 2200px) 100vw, (min-width: 960px) 387px, (min-width: 800px) 580px, (min-width: 640px) 800px, \" \/><\/a><\/div><\/div><div style=\"padding:5px;\" class=\"fusion-grid-column fusion-gallery-column fusion-gallery-column-3 hover-type-none\"><div class=\"fusion-gallery-image\"><a href=\"https:\/\/karitaszeger.hu\/web\/wp-content\/uploads\/2026\/02\/Koszonet-a-Szent-Erzsebet-Karitasz-Csoport-tagjainak-alazatos-odaado-onkentes-munkajukert7.jpg\" rel=\"noreferrer\" data-rel=\"iLightbox[gallery_image_1]\" class=\"fusion-lightbox\" target=\"_self\"><img decoding=\"async\" src=\"https:\/\/karitaszeger.hu\/web\/wp-content\/uploads\/2026\/02\/Koszonet-a-Szent-Erzsebet-Karitasz-Csoport-tagjainak-alazatos-odaado-onkentes-munkajukert7.jpg\" width=\"2048\" height=\"1153\" alt=\"\" title=\"Ko\u0308szo\u0308net a Szent Erzse\u0301bet Karita\u0301sz Csoport tagjainak ala\u0301zatos, odaado\u0301 o\u0308nke\u0301ntes munka\u0301juke\u0301rt7\" aria-label=\"Ko\u0308szo\u0308net a Szent Erzse\u0301bet Karita\u0301sz Csoport tagjainak ala\u0301zatos, odaado\u0301 o\u0308nke\u0301ntes munka\u0301juke\u0301rt7\" class=\"img-responsive wp-image-7105\" srcset=\"https:\/\/karitaszeger.hu\/web\/wp-content\/uploads\/2026\/02\/Koszonet-a-Szent-Erzsebet-Karitasz-Csoport-tagjainak-alazatos-odaado-onkentes-munkajukert7-200x113.jpg 200w, https:\/\/karitaszeger.hu\/web\/wp-content\/uploads\/2026\/02\/Koszonet-a-Szent-Erzsebet-Karitasz-Csoport-tagjainak-alazatos-odaado-onkentes-munkajukert7-400x225.jpg 400w, https:\/\/karitaszeger.hu\/web\/wp-content\/uploads\/2026\/02\/Koszonet-a-Szent-Erzsebet-Karitasz-Csoport-tagjainak-alazatos-odaado-onkentes-munkajukert7-600x338.jpg 600w, https:\/\/karitaszeger.hu\/web\/wp-content\/uploads\/2026\/02\/Koszonet-a-Szent-Erzsebet-Karitasz-Csoport-tagjainak-alazatos-odaado-onkentes-munkajukert7-800x450.jpg 800w, https:\/\/karitaszeger.hu\/web\/wp-content\/uploads\/2026\/02\/Koszonet-a-Szent-Erzsebet-Karitasz-Csoport-tagjainak-alazatos-odaado-onkentes-munkajukert7-1200x676.jpg 1200w, https:\/\/karitaszeger.hu\/web\/wp-content\/uploads\/2026\/02\/Koszonet-a-Szent-Erzsebet-Karitasz-Csoport-tagjainak-alazatos-odaado-onkentes-munkajukert7.jpg 2048w\" sizes=\"(min-width: 2200px) 100vw, (min-width: 960px) 387px, (min-width: 800px) 580px, (min-width: 640px) 800px, \" \/><\/a><\/div><\/div><div style=\"padding:5px;\" class=\"fusion-grid-column fusion-gallery-column fusion-gallery-column-3 hover-type-none\"><div class=\"fusion-gallery-image\"><a href=\"https:\/\/karitaszeger.hu\/web\/wp-content\/uploads\/2026\/02\/Koszonet-a-Szent-Erzsebet-Karitasz-Csoport-tagjainak-alazatos-odaado-onkentes-munkajukert6.jpg\" rel=\"noreferrer\" data-rel=\"iLightbox[gallery_image_1]\" class=\"fusion-lightbox\" target=\"_self\"><img decoding=\"async\" src=\"https:\/\/karitaszeger.hu\/web\/wp-content\/uploads\/2026\/02\/Koszonet-a-Szent-Erzsebet-Karitasz-Csoport-tagjainak-alazatos-odaado-onkentes-munkajukert6.jpg\" width=\"2048\" height=\"1153\" alt=\"\" title=\"Ko\u0308szo\u0308net a Szent Erzse\u0301bet Karita\u0301sz Csoport tagjainak ala\u0301zatos, odaado\u0301 o\u0308nke\u0301ntes munka\u0301juke\u0301rt6\" aria-label=\"Ko\u0308szo\u0308net a Szent Erzse\u0301bet Karita\u0301sz Csoport tagjainak ala\u0301zatos, odaado\u0301 o\u0308nke\u0301ntes munka\u0301juke\u0301rt6\" class=\"img-responsive wp-image-7106\" srcset=\"https:\/\/karitaszeger.hu\/web\/wp-content\/uploads\/2026\/02\/Koszonet-a-Szent-Erzsebet-Karitasz-Csoport-tagjainak-alazatos-odaado-onkentes-munkajukert6-200x113.jpg 200w, https:\/\/karitaszeger.hu\/web\/wp-content\/uploads\/2026\/02\/Koszonet-a-Szent-Erzsebet-Karitasz-Csoport-tagjainak-alazatos-odaado-onkentes-munkajukert6-400x225.jpg 400w, https:\/\/karitaszeger.hu\/web\/wp-content\/uploads\/2026\/02\/Koszonet-a-Szent-Erzsebet-Karitasz-Csoport-tagjainak-alazatos-odaado-onkentes-munkajukert6-600x338.jpg 600w, https:\/\/karitaszeger.hu\/web\/wp-content\/uploads\/2026\/02\/Koszonet-a-Szent-Erzsebet-Karitasz-Csoport-tagjainak-alazatos-odaado-onkentes-munkajukert6-800x450.jpg 800w, https:\/\/karitaszeger.hu\/web\/wp-content\/uploads\/2026\/02\/Koszonet-a-Szent-Erzsebet-Karitasz-Csoport-tagjainak-alazatos-odaado-onkentes-munkajukert6-1200x676.jpg 1200w, https:\/\/karitaszeger.hu\/web\/wp-content\/uploads\/2026\/02\/Koszonet-a-Szent-Erzsebet-Karitasz-Csoport-tagjainak-alazatos-odaado-onkentes-munkajukert6.jpg 2048w\" sizes=\"(min-width: 2200px) 100vw, (min-width: 960px) 387px, (min-width: 800px) 580px, (min-width: 640px) 800px, \" \/><\/a><\/div><\/div><div class=\"clearfix\"><\/div><div style=\"padding:5px;\" class=\"fusion-grid-column fusion-gallery-column fusion-gallery-column-3 hover-type-none\"><div class=\"fusion-gallery-image\"><a href=\"https:\/\/karitaszeger.hu\/web\/wp-content\/uploads\/2026\/02\/Koszonet-a-Szent-Erzsebet-Karitasz-Csoport-tagjainak-alazatos-odaado-onkentes-munkajukert5.jpg\" rel=\"noreferrer\" data-rel=\"iLightbox[gallery_image_1]\" class=\"fusion-lightbox\" target=\"_self\"><img decoding=\"async\" src=\"https:\/\/karitaszeger.hu\/web\/wp-content\/uploads\/2026\/02\/Koszonet-a-Szent-Erzsebet-Karitasz-Csoport-tagjainak-alazatos-odaado-onkentes-munkajukert5.jpg\" width=\"2048\" height=\"1153\" alt=\"\" title=\"Ko\u0308szo\u0308net a Szent Erzse\u0301bet Karita\u0301sz Csoport tagjainak ala\u0301zatos, odaado\u0301 o\u0308nke\u0301ntes munka\u0301juke\u0301rt5\" aria-label=\"Ko\u0308szo\u0308net a Szent Erzse\u0301bet Karita\u0301sz Csoport tagjainak ala\u0301zatos, odaado\u0301 o\u0308nke\u0301ntes munka\u0301juke\u0301rt5\" class=\"img-responsive wp-image-7107\" srcset=\"https:\/\/karitaszeger.hu\/web\/wp-content\/uploads\/2026\/02\/Koszonet-a-Szent-Erzsebet-Karitasz-Csoport-tagjainak-alazatos-odaado-onkentes-munkajukert5-200x113.jpg 200w, https:\/\/karitaszeger.hu\/web\/wp-content\/uploads\/2026\/02\/Koszonet-a-Szent-Erzsebet-Karitasz-Csoport-tagjainak-alazatos-odaado-onkentes-munkajukert5-400x225.jpg 400w, https:\/\/karitaszeger.hu\/web\/wp-content\/uploads\/2026\/02\/Koszonet-a-Szent-Erzsebet-Karitasz-Csoport-tagjainak-alazatos-odaado-onkentes-munkajukert5-600x338.jpg 600w, https:\/\/karitaszeger.hu\/web\/wp-content\/uploads\/2026\/02\/Koszonet-a-Szent-Erzsebet-Karitasz-Csoport-tagjainak-alazatos-odaado-onkentes-munkajukert5-800x450.jpg 800w, https:\/\/karitaszeger.hu\/web\/wp-content\/uploads\/2026\/02\/Koszonet-a-Szent-Erzsebet-Karitasz-Csoport-tagjainak-alazatos-odaado-onkentes-munkajukert5-1200x676.jpg 1200w, https:\/\/karitaszeger.hu\/web\/wp-content\/uploads\/2026\/02\/Koszonet-a-Szent-Erzsebet-Karitasz-Csoport-tagjainak-alazatos-odaado-onkentes-munkajukert5.jpg 2048w\" sizes=\"(min-width: 2200px) 100vw, (min-width: 960px) 387px, (min-width: 800px) 580px, (min-width: 640px) 800px, \" \/><\/a><\/div><\/div><div style=\"padding:5px;\" class=\"fusion-grid-column fusion-gallery-column fusion-gallery-column-3 hover-type-none\"><div class=\"fusion-gallery-image\"><a href=\"https:\/\/karitaszeger.hu\/web\/wp-content\/uploads\/2026\/02\/Koszonet-a-Szent-Erzsebet-Karitasz-Csoport-tagjainak-alazatos-odaado-onkentes-munkajukert4.jpg\" rel=\"noreferrer\" data-rel=\"iLightbox[gallery_image_1]\" class=\"fusion-lightbox\" target=\"_self\"><img decoding=\"async\" src=\"https:\/\/karitaszeger.hu\/web\/wp-content\/uploads\/2026\/02\/Koszonet-a-Szent-Erzsebet-Karitasz-Csoport-tagjainak-alazatos-odaado-onkentes-munkajukert4.jpg\" width=\"2048\" height=\"1153\" alt=\"\" title=\"Ko\u0308szo\u0308net a Szent Erzse\u0301bet Karita\u0301sz Csoport tagjainak ala\u0301zatos, odaado\u0301 o\u0308nke\u0301ntes munka\u0301juke\u0301rt4\" aria-label=\"Ko\u0308szo\u0308net a Szent Erzse\u0301bet Karita\u0301sz Csoport tagjainak ala\u0301zatos, odaado\u0301 o\u0308nke\u0301ntes munka\u0301juke\u0301rt4\" class=\"img-responsive wp-image-7108\" srcset=\"https:\/\/karitaszeger.hu\/web\/wp-content\/uploads\/2026\/02\/Koszonet-a-Szent-Erzsebet-Karitasz-Csoport-tagjainak-alazatos-odaado-onkentes-munkajukert4-200x113.jpg 200w, https:\/\/karitaszeger.hu\/web\/wp-content\/uploads\/2026\/02\/Koszonet-a-Szent-Erzsebet-Karitasz-Csoport-tagjainak-alazatos-odaado-onkentes-munkajukert4-400x225.jpg 400w, https:\/\/karitaszeger.hu\/web\/wp-content\/uploads\/2026\/02\/Koszonet-a-Szent-Erzsebet-Karitasz-Csoport-tagjainak-alazatos-odaado-onkentes-munkajukert4-600x338.jpg 600w, https:\/\/karitaszeger.hu\/web\/wp-content\/uploads\/2026\/02\/Koszonet-a-Szent-Erzsebet-Karitasz-Csoport-tagjainak-alazatos-odaado-onkentes-munkajukert4-800x450.jpg 800w, https:\/\/karitaszeger.hu\/web\/wp-content\/uploads\/2026\/02\/Koszonet-a-Szent-Erzsebet-Karitasz-Csoport-tagjainak-alazatos-odaado-onkentes-munkajukert4-1200x676.jpg 1200w, https:\/\/karitaszeger.hu\/web\/wp-content\/uploads\/2026\/02\/Koszonet-a-Szent-Erzsebet-Karitasz-Csoport-tagjainak-alazatos-odaado-onkentes-munkajukert4.jpg 2048w\" sizes=\"(min-width: 2200px) 100vw, (min-width: 960px) 387px, (min-width: 800px) 580px, (min-width: 640px) 800px, \" \/><\/a><\/div><\/div><div style=\"padding:5px;\" class=\"fusion-grid-column fusion-gallery-column fusion-gallery-column-3 hover-type-none\"><div class=\"fusion-gallery-image\"><a href=\"https:\/\/karitaszeger.hu\/web\/wp-content\/uploads\/2026\/02\/Koszonet-a-Szent-Erzsebet-Karitasz-Csoport-tagjainak-alazatos-odaado-onkentes-munkajukert3.jpg\" rel=\"noreferrer\" data-rel=\"iLightbox[gallery_image_1]\" class=\"fusion-lightbox\" target=\"_self\"><img decoding=\"async\" src=\"https:\/\/karitaszeger.hu\/web\/wp-content\/uploads\/2026\/02\/Koszonet-a-Szent-Erzsebet-Karitasz-Csoport-tagjainak-alazatos-odaado-onkentes-munkajukert3.jpg\" width=\"1153\" height=\"2048\" alt=\"\" title=\"Ko\u0308szo\u0308net a Szent Erzse\u0301bet Karita\u0301sz Csoport tagjainak ala\u0301zatos, odaado\u0301 o\u0308nke\u0301ntes munka\u0301juke\u0301rt3\" aria-label=\"Ko\u0308szo\u0308net a Szent Erzse\u0301bet Karita\u0301sz Csoport tagjainak ala\u0301zatos, odaado\u0301 o\u0308nke\u0301ntes munka\u0301juke\u0301rt3\" class=\"img-responsive wp-image-7109\" srcset=\"https:\/\/karitaszeger.hu\/web\/wp-content\/uploads\/2026\/02\/Koszonet-a-Szent-Erzsebet-Karitasz-Csoport-tagjainak-alazatos-odaado-onkentes-munkajukert3-200x355.jpg 200w, https:\/\/karitaszeger.hu\/web\/wp-content\/uploads\/2026\/02\/Koszonet-a-Szent-Erzsebet-Karitasz-Csoport-tagjainak-alazatos-odaado-onkentes-munkajukert3-400x710.jpg 400w, https:\/\/karitaszeger.hu\/web\/wp-content\/uploads\/2026\/02\/Koszonet-a-Szent-Erzsebet-Karitasz-Csoport-tagjainak-alazatos-odaado-onkentes-munkajukert3-600x1066.jpg 600w, https:\/\/karitaszeger.hu\/web\/wp-content\/uploads\/2026\/02\/Koszonet-a-Szent-Erzsebet-Karitasz-Csoport-tagjainak-alazatos-odaado-onkentes-munkajukert3-800x1421.jpg 800w, https:\/\/karitaszeger.hu\/web\/wp-content\/uploads\/2026\/02\/Koszonet-a-Szent-Erzsebet-Karitasz-Csoport-tagjainak-alazatos-odaado-onkentes-munkajukert3.jpg 1153w\" sizes=\"(min-width: 2200px) 100vw, (min-width: 960px) 387px, (min-width: 800px) 580px, (min-width: 640px) 800px, \" \/><\/a><\/div><\/div><div class=\"clearfix\"><\/div><div style=\"padding:5px;\" class=\"fusion-grid-column fusion-gallery-column fusion-gallery-column-3 hover-type-none\"><div class=\"fusion-gallery-image\"><a href=\"https:\/\/karitaszeger.hu\/web\/wp-content\/uploads\/2026\/02\/Koszonet-a-Szent-Erzsebet-Karitasz-Csoport-tagjainak-alazatos-odaado-onkentes-munkajukert2.jpg\" rel=\"noreferrer\" data-rel=\"iLightbox[gallery_image_1]\" class=\"fusion-lightbox\" target=\"_self\"><img decoding=\"async\" src=\"https:\/\/karitaszeger.hu\/web\/wp-content\/uploads\/2026\/02\/Koszonet-a-Szent-Erzsebet-Karitasz-Csoport-tagjainak-alazatos-odaado-onkentes-munkajukert2.jpg\" width=\"1648\" height=\"2046\" alt=\"\" title=\"Ko\u0308szo\u0308net a Szent Erzse\u0301bet Karita\u0301sz Csoport tagjainak ala\u0301zatos, odaado\u0301 o\u0308nke\u0301ntes munka\u0301juke\u0301rt2\" aria-label=\"Ko\u0308szo\u0308net a Szent Erzse\u0301bet Karita\u0301sz Csoport tagjainak ala\u0301zatos, odaado\u0301 o\u0308nke\u0301ntes munka\u0301juke\u0301rt2\" class=\"img-responsive wp-image-7110\" srcset=\"https:\/\/karitaszeger.hu\/web\/wp-content\/uploads\/2026\/02\/Koszonet-a-Szent-Erzsebet-Karitasz-Csoport-tagjainak-alazatos-odaado-onkentes-munkajukert2-200x248.jpg 200w, https:\/\/karitaszeger.hu\/web\/wp-content\/uploads\/2026\/02\/Koszonet-a-Szent-Erzsebet-Karitasz-Csoport-tagjainak-alazatos-odaado-onkentes-munkajukert2-400x497.jpg 400w, https:\/\/karitaszeger.hu\/web\/wp-content\/uploads\/2026\/02\/Koszonet-a-Szent-Erzsebet-Karitasz-Csoport-tagjainak-alazatos-odaado-onkentes-munkajukert2-600x745.jpg 600w, https:\/\/karitaszeger.hu\/web\/wp-content\/uploads\/2026\/02\/Koszonet-a-Szent-Erzsebet-Karitasz-Csoport-tagjainak-alazatos-odaado-onkentes-munkajukert2-800x993.jpg 800w, https:\/\/karitaszeger.hu\/web\/wp-content\/uploads\/2026\/02\/Koszonet-a-Szent-Erzsebet-Karitasz-Csoport-tagjainak-alazatos-odaado-onkentes-munkajukert2-1200x1490.jpg 1200w, https:\/\/karitaszeger.hu\/web\/wp-content\/uploads\/2026\/02\/Koszonet-a-Szent-Erzsebet-Karitasz-Csoport-tagjainak-alazatos-odaado-onkentes-munkajukert2.jpg 1648w\" sizes=\"(min-width: 2200px) 100vw, (min-width: 960px) 387px, (min-width: 800px) 580px, (min-width: 640px) 800px, \" \/><\/a><\/div><\/div><\/div><\/div><\/div><\/div><\/div><\/div><div class=\"fusion-fullwidth fullwidth-box fusion-builder-row-2 fusion-flex-container fusion-parallax-none nonhundred-percent-fullwidth non-hundred-percent-height-scrolling\" style=\"--awb-border-sizes-top:0px;--awb-border-sizes-bottom:0px;--awb-border-sizes-left:0px;--awb-border-sizes-right:0px;--awb-border-radius-top-left:0px;--awb-border-radius-top-right:0px;--awb-border-radius-bottom-right:0px;--awb-border-radius-bottom-left:0px;--awb-padding-top:150px;--awb-padding-bottom:150px;--awb-background-image:url(&quot;https:\/\/karitaszeger.hu\/web\/wp-content\/uploads\/2021\/03\/segits-scaled.jpg&quot;);--awb-background-size:cover;--awb-flex-wrap:wrap;\" ><div class=\"fusion-builder-row fusion-row fusion-flex-align-items-flex-start fusion-flex-content-wrap\" style=\"max-width:calc( 1170px + 0px );margin-left: calc(-0px \/ 2 );margin-right: calc(-0px \/ 2 );\"><div class=\"fusion-layout-column fusion_builder_column fusion-builder-column-1 fusion_builder_column_1_1 1_1 fusion-flex-column\" style=\"--awb-padding-right:11%;--awb-padding-left:11%;--awb-bg-size:cover;--awb-width-large:100%;--awb-margin-top-large:0px;--awb-spacing-right-large:0px;--awb-margin-bottom-large:20px;--awb-spacing-left-large:0px;--awb-width-medium:100%;--awb-spacing-right-medium:0px;--awb-spacing-left-medium:0px;--awb-width-small:100%;--awb-spacing-right-small:0px;--awb-spacing-left-small:0px;\"><div class=\"fusion-column-wrapper fusion-flex-justify-content-flex-start fusion-content-layout-column\"><div class=\"fusion-title title fusion-title-1 fusion-sep-none fusion-title-center fusion-title-text fusion-title-size-two\" style=\"--awb-text-color:#ffffff;--awb-margin-top-small:0px;--awb-margin-right-small:0px;--awb-margin-bottom-small:20px;--awb-margin-left-small:0px;\"><h2 class=\"fusion-title-heading title-heading-center\" style=\"margin:0;line-height:1;\"><h2 class=\"piros kozepre\"><span style=\"color: #ffffff;\">AZ \u00d6N SEG\u00cdTS\u00c9G\u00c9RE\u00a0IS SZ\u00dcKS\u00c9G VAN!<\/span><\/h2>\n<div class=\"content\"><\/div><\/h2><\/div><div class=\"fusion-separator\" style=\"align-self: center;margin-left: auto;margin-right: auto;margin-top:0px;margin-bottom:40px;width:100%;max-width:200px;\"><div class=\"fusion-separator-border sep-single sep-solid\" style=\"--awb-height:20px;--awb-amount:20px;--awb-sep-color:#f44336;border-color:#f44336;border-top-width:3px;\"><\/div><\/div><div class=\"fusion-text fusion-text-2\"><h2 style=\"text-align: center;\"><span style=\"color: #ffffff;\"><strong>1356 \u2013 H\u00cdVJON, HOGY SEG\u00cdTHESS\u00dcNK!<\/strong><\/span><\/h2>\n<\/div><div class=\"fusion-builder-row fusion-builder-row-inner fusion-row fusion-flex-align-items-flex-start fusion-flex-content-wrap\" style=\"--awb-flex-grow:0;--awb-flex-grow-medium:0;--awb-flex-grow-small:0;--awb-flex-shrink:0;--awb-flex-shrink-medium:0;--awb-flex-shrink-small:0;width:calc( 100% + 0px ) !important;max-width:calc( 100% + 0px ) !important;margin-left: calc(-0px \/ 2 );margin-right: calc(-0px \/ 2 );\"><div class=\"fusion-layout-column fusion_builder_column_inner fusion-builder-nested-column-0 fusion_builder_column_inner_1_3 1_3 fusion-flex-column\" style=\"--awb-bg-size:cover;--awb-width-large:33.333333333333%;--awb-margin-top-large:0px;--awb-spacing-right-large:0px;--awb-margin-bottom-large:20px;--awb-spacing-left-large:0px;--awb-width-medium:100%;--awb-order-medium:0;--awb-spacing-right-medium:0px;--awb-spacing-left-medium:0px;--awb-width-small:100%;--awb-order-small:0;--awb-spacing-right-small:0px;--awb-spacing-left-small:0px;\"><div class=\"fusion-column-wrapper fusion-column-has-shadow fusion-flex-justify-content-flex-start fusion-content-layout-column\"><\/div><\/div><div class=\"fusion-layout-column fusion_builder_column_inner fusion-builder-nested-column-1 fusion_builder_column_inner_1_3 1_3 fusion-flex-column fusion-animated\" style=\"--awb-bg-color:#f44336;--awb-bg-color-hover:#f44336;--awb-bg-size:cover;--awb-width-large:33.333333333333%;--awb-margin-top-large:0px;--awb-spacing-right-large:0px;--awb-margin-bottom-large:20px;--awb-spacing-left-large:0px;--awb-width-medium:100%;--awb-order-medium:0;--awb-spacing-right-medium:0px;--awb-spacing-left-medium:0px;--awb-width-small:100%;--awb-order-small:0;--awb-spacing-right-small:0px;--awb-spacing-left-small:0px;\" data-animationType=\"bounceInDown\" data-animationDuration=\"1.3\" data-animationOffset=\"top-into-view\"><div class=\"fusion-column-wrapper fusion-column-has-shadow fusion-flex-justify-content-flex-start fusion-content-layout-column\"><div style=\"text-align:center;\"><a class=\"fusion-button button-flat fusion-button-default-size button-custom fusion-button-default button-1 fusion-button-default-span fusion-button-default-type fusion-has-button-gradient\" style=\"--button_accent_color:#ffffff;--button_accent_hover_color:#f44336;--button_border_hover_color:#f44336;--button_border_width-top:0px;--button_border_width-right:0px;--button_border_width-bottom:0px;--button_border_width-left:0px;--button_gradient_top_color:rgba(254,201,107,0);--button_gradient_bottom_color:rgba(254,201,107,0);--button_gradient_top_color_hover:#ffffff;--button_gradient_bottom_color_hover:rgba(0,0,0,0);\" target=\"_self\" href=\"#\"><i class=\"fa-credit-card fas awb-button__icon awb-button__icon--default button-icon-left\" aria-hidden=\"true\"><\/i><span class=\"fusion-button-text awb-button__text awb-button__text--default\">ONLINE ADOM\u00c1NYOZ\u00c1S<\/span><\/a><\/div><\/div><\/div><div class=\"fusion-layout-column fusion_builder_column_inner fusion-builder-nested-column-2 fusion_builder_column_inner_1_3 1_3 fusion-flex-column\" style=\"--awb-bg-size:cover;--awb-width-large:33.333333333333%;--awb-margin-top-large:0px;--awb-spacing-right-large:0px;--awb-margin-bottom-large:20px;--awb-spacing-left-large:0px;--awb-width-medium:100%;--awb-order-medium:0;--awb-spacing-right-medium:0px;--awb-spacing-left-medium:0px;--awb-width-small:100%;--awb-order-small:0;--awb-spacing-right-small:0px;--awb-spacing-left-small:0px;\"><div class=\"fusion-column-wrapper fusion-column-has-shadow fusion-flex-justify-content-flex-start fusion-content-layout-column\"><\/div><\/div><\/div><\/div><\/div><\/div><\/div><div class=\"fusion-fullwidth fullwidth-box fusion-builder-row-3 fusion-flex-container nonhundred-percent-fullwidth non-hundred-percent-height-scrolling\" style=\"--awb-border-radius-top-left:0px;--awb-border-radius-top-right:0px;--awb-border-radius-bottom-right:0px;--awb-border-radius-bottom-left:0px;--awb-flex-wrap:wrap;\" ><div class=\"fusion-builder-row fusion-row fusion-flex-align-items-flex-start fusion-flex-content-wrap\" style=\"max-width:1216.8px;margin-left: calc(-4% \/ 2 );margin-right: calc(-4% \/ 2 );\"><div class=\"fusion-layout-column fusion_builder_column fusion-builder-column-2 fusion_builder_column_1_1 1_1 fusion-flex-column\" style=\"--awb-bg-size:cover;--awb-width-large:100%;--awb-margin-top-large:0px;--awb-spacing-right-large:1.92%;--awb-margin-bottom-large:0px;--awb-spacing-left-large:1.92%;--awb-width-medium:100%;--awb-spacing-right-medium:1.92%;--awb-spacing-left-medium:1.92%;--awb-width-small:100%;--awb-spacing-right-small:1.92%;--awb-spacing-left-small:1.92%;\"><div class=\"fusion-column-wrapper fusion-flex-justify-content-flex-start fusion-content-layout-column\"><div class=\"fusion-text fusion-text-3\"><\/div><\/div><\/div><\/div><\/div><div class=\"fusion-fullwidth fullwidth-box fusion-builder-row-4 fusion-flex-container nonhundred-percent-fullwidth non-hundred-percent-height-scrolling\" style=\"--awb-border-radius-top-left:0px;--awb-border-radius-top-right:0px;--awb-border-radius-bottom-right:0px;--awb-border-radius-bottom-left:0px;--awb-flex-wrap:wrap;\" ><div class=\"fusion-builder-row fusion-row fusion-flex-align-items-flex-start fusion-flex-content-wrap\" style=\"max-width:1216.8px;margin-left: calc(-4% \/ 2 );margin-right: calc(-4% \/ 2 );\"><div class=\"fusion-layout-column fusion_builder_column fusion-builder-column-3 fusion_builder_column_1_1 1_1 fusion-flex-column\" style=\"--awb-bg-size:cover;--awb-width-large:100%;--awb-margin-top-large:0px;--awb-spacing-right-large:1.92%;--awb-margin-bottom-large:0px;--awb-spacing-left-large:1.92%;--awb-width-medium:100%;--awb-spacing-right-medium:1.92%;--awb-spacing-left-medium:1.92%;--awb-width-small:100%;--awb-spacing-right-small:1.92%;--awb-spacing-left-small:1.92%;\"><div class=\"fusion-column-wrapper fusion-flex-justify-content-flex-start fusion-content-layout-column\"><div class=\"fusion-text fusion-text-4\"><\/div><\/div><\/div><\/div><\/div><\/p>\n","protected":false},"excerpt":{"rendered":"","protected":false},"author":7,"featured_media":7110,"comment_status":"open","ping_status":"open","sticky":false,"template":"","format":"standard","meta":{"footnotes":""},"categories":[107],"tags":[],"class_list":["post-7097","post","type-post","status-publish","format-standard","has-post-thumbnail","hentry","category-hirek"],"_links":{"self":[{"href":"https:\/\/karitaszeger.hu\/web\/wp-json\/wp\/v2\/posts\/7097","targetHints":{"allow":["GET"]}}],"collection":[{"href":"https:\/\/karitaszeger.hu\/web\/wp-json\/wp\/v2\/posts"}],"about":[{"href":"https:\/\/karitaszeger.hu\/web\/wp-json\/wp\/v2\/types\/post"}],"author":[{"embeddable":true,"href":"https:\/\/karitaszeger.hu\/web\/wp-json\/wp\/v2\/users\/7"}],"replies":[{"embeddable":true,"href":"https:\/\/karitaszeger.hu\/web\/wp-json\/wp\/v2\/comments?post=7097"}],"version-history":[{"count":1,"href":"https:\/\/karitaszeger.hu\/web\/wp-json\/wp\/v2\/posts\/7097\/revisions"}],"predecessor-version":[{"id":7111,"href":"https:\/\/karitaszeger.hu\/web\/wp-json\/wp\/v2\/posts\/7097\/revisions\/7111"}],"wp:featuredmedia":[{"embeddable":true,"href":"https:\/\/karitaszeger.hu\/web\/wp-json\/wp\/v2\/media\/7110"}],"wp:attachment":[{"href":"https:\/\/karitaszeger.hu\/web\/wp-json\/wp\/v2\/media?parent=7097"}],"wp:term":[{"taxonomy":"category","embeddable":true,"href":"https:\/\/karitaszeger.hu\/web\/wp-json\/wp\/v2\/categories?post=7097"},{"taxonomy":"post_tag","embeddable":true,"href":"https:\/\/karitaszeger.hu\/web\/wp-json\/wp\/v2\/tags?post=7097"}],"curies":[{"name":"wp","href":"https:\/\/api.w.org\/{rel}","templated":true}]}}